{"id":112064,"date":"2019-08-16T13:04:38","date_gmt":"2019-08-16T11:04:38","guid":{"rendered":"https:\/\/ikuchyne.sk\/eshop\/?p=112064"},"modified":"2021-05-12T18:31:51","modified_gmt":"2021-05-12T16:31:51","slug":"byvanie-od-krala-ludovita-xiv-az-po-dnesok","status":"publish","type":"post","link":"https:\/\/www.ikuchyne.sk\/eshop\/byvanie-od-krala-ludovita-xiv-az-po-dnesok\/","title":{"rendered":"B\u00fdvanie od kr\u00e1\u013ea \u013dudov\u00edta XIV. a\u017e po dne\u0161ok"},"content":{"rendered":"<p>[vc_row][vc_column][vc_column_text]<span style=\"color: #000000;\"><span style=\"font-weight: 400;\">Na\u0161e b\u00fdvanie sa najm\u00e4 za posledn\u00e9 storo\u010die zmenilo radik\u00e1lne. Mo\u017eno v\u00e1s prekvap\u00ed, \u017ee <\/span><b>sedacie s\u00fapravy zaviedol<\/b> <b>\u00c9tienne Briseux<\/b><span style=\"font-weight: 400;\">, ktor\u00fd <\/span><b>bol architektom \u013dudov\u00edta XIV<\/b><span style=\"font-weight: 400;\">. Po vzore Versailles sa sedacie s\u00fapravy stali <\/span><b>hitom Eur\u00f3py<\/b><span style=\"font-weight: 400;\"> a\u00a0napr\u00edklad ob\u00fdva\u010dku si bez nich nedok\u00e1\u017eeme predstavi\u0165 ani dnes.\u00a0 <\/span><\/span>[\/vc_column_text][vc_single_image image=&#8221;112077&#8243; img_size=&#8221;large&#8221; add_caption=&#8221;yes&#8221; alignment=&#8221;center&#8221; style=&#8221;vc_box_rounded&#8221;][\/vc_column][\/vc_row][vc_row][vc_column][vc_column_text]<span style=\"color: #000000;\"><b>Do be\u017en\u00fdch dom\u00e1cnost\u00ed <\/b><span style=\"font-weight: 400;\">sa v\u0161ak pojem ob\u00fdva\u010dka prepracoval a\u017e <\/span><b>ove\u013ea nesk\u00f4r<\/b><span style=\"font-weight: 400;\"> a\u00a0\u010diasto\u010dne to bolo d\u00f4sledkom <\/span><b>priemyselnej revol\u00facie<\/b><span style=\"font-weight: 400;\"> a\u00a0strojovej v\u00fdrobe, kedy za\u010dal by\u0165 <\/span><b>n\u00e1bytok lacnej\u0161\u00ed a\u00a0dostupnej\u0161\u00ed.<\/b><span style=\"font-weight: 400;\"> Pohodlie domova sa za\u010dalo dost\u00e1va\u0165 do popredia \u00famerne s\u00a0pojmom vo\u013en\u00e9ho \u010dasu, ktor\u00fd v\u00a0minulosti nebol be\u017enou s\u00fa\u010das\u0165ou \u013eudsk\u00e9ho \u017eivota. <\/span><\/span>[\/vc_column_text][\/vc_column][\/vc_row][vc_row][vc_column][vc_single_image image=&#8221;112066&#8243; img_size=&#8221;large&#8221; add_caption=&#8221;yes&#8221; alignment=&#8221;center&#8221; style=&#8221;vc_box_rounded&#8221;][vc_single_image image=&#8221;112075&#8243; img_size=&#8221;large&#8221; add_caption=&#8221;yes&#8221; alignment=&#8221;center&#8221; style=&#8221;vc_box_rounded&#8221;][\/vc_column][\/vc_row][vc_row][vc_column][vc_column_text]<span style=\"color: #000000;\"><b>Ob\u00fdva\u010dka, ako centrum diania<\/b><span style=\"font-weight: 400;\">, sa stala hor\u00facou t\u00e9mou naprie\u010d r\u00f4znymi spolo\u010densk\u00fdmi triedami a\u017e <\/span><b>v\u00a020. storo\u010d\u00ed<\/b><span style=\"font-weight: 400;\">. Hoci <\/span><b>zo za\u010diatku i\u0161lo o\u00a0samostatn\u00e9 miestnosti<\/b><span style=\"font-weight: 400;\">, dnes st\u00e1le viac \u013eud\u00ed preferuje pre svoje b\u00fdvanie otvoren\u00fd priestor bez dver\u00ed a prek\u00e1\u017eok. <\/span><\/span>[\/vc_column_text][\/vc_column][\/vc_row][vc_row][vc_column][vc_single_image image=&#8221;112072&#8243; img_size=&#8221;large&#8221; add_caption=&#8221;yes&#8221; alignment=&#8221;center&#8221; style=&#8221;vc_box_rounded&#8221;][\/vc_column][\/vc_row][vc_row][vc_column width=&#8221;1\/4&#8243;][\/vc_column][vc_column width=&#8221;1\/2&#8243;][vc_column_text]<\/p>\n<blockquote class=\"instagram-media\" style=\"background: #FFF; border: 0; border-radius: 3px; box-shadow: 0 0 1px 0 rgba(0,0,0,0.5),0 1px 10px 0 rgba(0,0,0,0.15); margin: 1px; max-width: 540px; min-width: 326px; padding: 0; width: calc(100% - 2px);\" data-instgrm-captioned=\"\" data-instgrm-permalink=\"https:\/\/www.instagram.com\/p\/Bvh038LBJ2f\/\" data-instgrm-version=\"12\">\n<div style=\"padding: 16px;\">\n<p>&nbsp;<\/p>\n<div style=\"display: flex; flex-direction: row; align-items: center;\">\n<div style=\"background-color: #f4f4f4; border-radius: 50%; flex-grow: 0; height: 40px; margin-right: 14px; width: 40px;\"><\/div>\n<div style=\"display: flex; flex-direction: column; flex-grow: 1; justify-content: center;\">\n<div style=\"background-color: #f4f4f4; border-radius: 4px; flex-grow: 0; height: 14px; margin-bottom: 6px; width: 100px;\"><\/div>\n<div style=\"background-color: #f4f4f4; border-radius: 4px; flex-grow: 0; height: 14px; width: 60px;\"><\/div>\n<\/div>\n<\/div>\n<div style=\"padding: 19% 0;\"><\/div>\n<div style=\"display: block; height: 50px; margin: 0 auto 12px; width: 50px;\"><\/div>\n<div style=\"padding-top: 8px;\">\n<div style=\"color: #3897f0; font-family: Arial,sans-serif; font-size: 14px; font-style: normal; font-weight: 550; line-height: 18px;\">View this post on Instagram<\/div>\n<\/div>\n<div style=\"padding: 12.5% 0;\"><\/div>\n<div style=\"display: flex; flex-direction: row; margin-bottom: 14px; align-items: center;\">\n<div>\n<div style=\"background-color: #f4f4f4; border-radius: 50%; height: 12.5px; width: 12.5px; transform: translateX(0px) translateY(7px);\"><\/div>\n<div style=\"background-color: #f4f4f4; height: 12.5px; transform: rotate(-45deg) translateX(3px) translateY(1px); width: 12.5px; flex-grow: 0; margin-right: 14px; margin-left: 2px;\"><\/div>\n<div style=\"background-color: #f4f4f4; border-radius: 50%; height: 12.5px; width: 12.5px; transform: translateX(9px) translateY(-18px);\"><\/div>\n<\/div>\n<div style=\"margin-left: 8px;\">\n<div style=\"background-color: #f4f4f4; border-radius: 50%; flex-grow: 0; height: 20px; width: 20px;\"><\/div>\n<div style=\"width: 0; height: 0; border-top: 2px solid transparent; border-left: 6px solid #f4f4f4; border-bottom: 2px solid transparent; transform: translateX(16px) translateY(-4px) rotate(30deg);\"><\/div>\n<\/div>\n<div style=\"margin-left: auto;\">\n<div style=\"width: 0px; border-top: 8px solid #F4F4F4; border-right: 8px solid transparent; transform: translateY(16px);\"><\/div>\n<div style=\"background-color: #f4f4f4; flex-grow: 0; height: 12px; width: 16px; transform: translateY(-4px);\"><\/div>\n<div style=\"width: 0; height: 0; border-top: 8px solid #F4F4F4; border-left: 8px solid transparent; transform: translateY(-4px) translateX(8px);\"><\/div>\n<\/div>\n<\/div>\n<p>&nbsp;<\/p>\n<p style=\"margin: 8px 0 0 0; padding: 0 4px;\">Living room 1930s #oldlivingroom #oldlivingroomstyle #1930shouse #1930shome<\/p>\n<p style=\"color: #c9c8cd; font-family: Arial,sans-serif; font-size: 14px; line-height: 17px; margin-bottom: 0; margin-top: 8px; overflow: hidden; padding: 8px 0 7px; text-align: center; text-overflow: ellipsis; white-space: nowrap;\">A post shared by  Istvan Kollarits (@ikollarits) on <time style=\"font-family: Arial,sans-serif; font-size: 14px; line-height: 17px;\" datetime=\"2019-03-27T22:28:44+00:00\">Mar 27, 2019 at 3:28pm PDT<\/time><\/p>\n<\/div>\n<\/blockquote>\n<p><script async src=\"\/\/www.instagram.com\/embed.js\"><\/script>[\/vc_column_text][\/vc_column][vc_column width=&#8221;1\/4&#8243;][\/vc_column][\/vc_row][vc_row][vc_column][vc_single_image image=&#8221;112076&#8243; img_size=&#8221;large&#8221; add_caption=&#8221;yes&#8221; alignment=&#8221;center&#8221; style=&#8221;vc_box_rounded&#8221;][\/vc_column][\/vc_row][vc_row][vc_column][vc_column_text]<\/p>\n<h2><span style=\"color: #e3245e;\">Na za\u010diatku neexistovali sp\u00e1lne<br \/>\n<\/span><\/h2>\n<p>[\/vc_column_text][vc_column_text]<span style=\"color: #000000;\"><span style=\"font-weight: 400;\">Teda aspo\u0148 v\u00a0pr\u00edpade rur\u00e1lneho prostredia. Domy postaven\u00e9 na dedine mali zv\u00e4\u010d\u0161a <\/span><b>jednu miestnos\u0165<\/b><span style=\"font-weight: 400;\">, kde \u010dasto <\/span><b>spalo aj nieko\u013eko gener\u00e1ci\u00ed naraz<\/b><span style=\"font-weight: 400;\">. <\/span><b>Miestnosti sa za\u010dali deli\u0165 a\u017e nesk\u00f4r<\/b><span style=\"font-weight: 400;\"> pod vplyvom mestsk\u00e9ho sp\u00f4sobu \u017eivota a\u00a0<\/span><b>po vzoroch bohat\u00fdch domov<\/b><span style=\"font-weight: 400;\">. Nebolo neobvykl\u00e9, \u017ee si oby\u010dajn\u00ed \u013eudia stavali svoje domovy vlastn\u00fdmi rukami a\u00a0stava\u0165 jednu ve\u013ek\u00fa miestnos\u0165 bolo jednoduch\u0161ie ne\u017e ich stava\u0165 p\u00e4\u0165. <\/span><\/span>[\/vc_column_text][\/vc_column][\/vc_row][vc_row][vc_column][vc_single_image image=&#8221;112079&#8243; img_size=&#8221;full&#8221; add_caption=&#8221;yes&#8221; alignment=&#8221;center&#8221; style=&#8221;vc_box_rounded&#8221;][\/vc_column][\/vc_row][vc_row][vc_column][vc_column_text]<span style=\"color: #000000;\"><span style=\"font-weight: 400;\">Dnes s\u00fa <\/span><b>sp\u00e1lne<\/b><span style=\"font-weight: 400;\"> v\u00a0prvom rade <\/span><b>miestom odpo\u010dinku a\u00a0s\u00fakromia<\/b><span style=\"font-weight: 400;\">. Ka\u017ed\u00fd m\u00e1 mo\u017enos\u0165 si t\u00fa svoju zariadi\u0165 pod\u013ea individu\u00e1lneho vkusu a\u00a0potrieb. N\u00e1bytok je dostupn\u00fd pre ka\u017ed\u00e9ho, ale st\u00e1le viac sa u\u00a0\u013eud\u00ed prejavuje t\u00fa\u017eby po n\u00e1bytku na mieru. <\/span><\/span>[\/vc_column_text][\/vc_column][\/vc_row][vc_row][vc_column][vc_single_image image=&#8221;112073&#8243; img_size=&#8221;full&#8221; add_caption=&#8221;yes&#8221; alignment=&#8221;center&#8221; style=&#8221;vc_box_rounded&#8221;][\/vc_column][\/vc_row][vc_row][vc_column][vc_column_text]<\/p>\n<h2><span style=\"color: #e3245e;\">Aj kuchyne si pre\u0161li svojou cestou<br \/>\n<\/span><\/h2>\n<p>[\/vc_column_text][vc_column_text]<span style=\"color: #000000;\"><span style=\"font-weight: 400;\">Dnes je n\u00e1ro\u010dn\u00e9 si predstavi\u0165, \u017ee kedysi boli kuchyne priestorom, ktor\u00fd <\/span><b>nemal so soci\u00e1lnym spolu\u017eit\u00edm ni\u010d spolo\u010dn\u00e9<\/b><span style=\"font-weight: 400;\">. Najm\u00e4 v\u00a0bohat\u00fdch rodin\u00e1ch bola kuchy\u0148a miestom, ktor\u00e9 <\/span><b>okupoval v\u00fdlu\u010dne pomocn\u00fd person\u00e1l<\/b><span style=\"font-weight: 400;\">. Kuchy\u0148a sa za\u010dala dost\u00e1va\u0165 do popredia a\u017e s\u00a0rozmachom strednej triedy. <\/span><\/span>[\/vc_column_text][\/vc_column][\/vc_row][vc_row][vc_column][vc_single_image image=&#8221;112069&#8243; img_size=&#8221;full&#8221; add_caption=&#8221;yes&#8221; alignment=&#8221;center&#8221; style=&#8221;vc_box_rounded&#8221;][vc_single_image image=&#8221;112070&#8243; img_size=&#8221;full&#8221; add_caption=&#8221;yes&#8221; alignment=&#8221;center&#8221; style=&#8221;vc_box_rounded&#8221;][vc_single_image image=&#8221;112071&#8243; img_size=&#8221;full&#8221; add_caption=&#8221;yes&#8221; alignment=&#8221;center&#8221; style=&#8221;vc_box_rounded&#8221;][\/vc_column][\/vc_row][vc_row][vc_column][vc_column_text]<span style=\"color: #000000;\"><span style=\"font-weight: 400;\">K\u00a0tomuto trendu sme sa op\u00e4\u0165 akt\u00edvne vr\u00e1tili na prelome storo\u010d\u00ed. <\/span><b>Dnes<\/b><span style=\"font-weight: 400;\"> v\u00a0tomto oh\u013eade vl\u00e1dne <\/span><b>koncept otvoren\u00fdch domovov<\/b><span style=\"font-weight: 400;\">, kedy je <\/span><b><a href=\"https:\/\/ikuchyne.sk\/realizacie\/\">kuchy\u0148a<\/a> \u010dasto s\u00fa\u010das\u0165ou priestoru ob\u00fdva\u010dky<\/b><span style=\"font-weight: 400;\">. V\u00fdhodou je, \u017ee po\u010das pr\u00edpravy ob\u010derstvenia komunikujete s\u00a0okol\u00edm a\u00a0nie ste \u201euv\u00e4znen\u00ed\u201c v\u00a0kuchyni. Na druhej strane je pravda, \u017ee jedlo sa v\u00a0priestore \u201edr\u017e\u00ed\u201c a\u00a0pachy nemusia by\u0165 v\u017edy pr\u00edjemn\u00e9.\u00a0<\/span><\/span>[\/vc_column_text][\/vc_column][\/vc_row][vc_row][vc_column][vc_single_image image=&#8221;112068&#8243; img_size=&#8221;full&#8221; add_caption=&#8221;yes&#8221; alignment=&#8221;center&#8221; style=&#8221;vc_box_rounded&#8221; onclick=&#8221;custom_link&#8221; img_link_target=&#8221;_blank&#8221; link=&#8221;https:\/\/ikuchyne.sk\/male-krasnany\/&#8221;][vc_single_image image=&#8221;112067&#8243; img_size=&#8221;full&#8221; add_caption=&#8221;yes&#8221; alignment=&#8221;center&#8221; style=&#8221;vc_box_rounded&#8221; onclick=&#8221;custom_link&#8221; img_link_target=&#8221;_blank&#8221; link=&#8221;https:\/\/ikuchyne.sk\/realizacia-kuchyna-so-stolom-ceresne-bratislava\/&#8221;][\/vc_column][\/vc_row][vc_row][vc_column][vc_column_text]<\/p>\n<h2><span style=\"color: #e3245e;\">\u00dalo\u017en\u00e9 priestory s\u00fa dnes nevyhnutnos\u0165<br \/>\n<\/span><\/h2>\n<p>[\/vc_column_text][vc_column_text]<span style=\"color: #000000;\">V\u00e4\u010d\u0161ina domov postaven\u00fdch na za\u010diatku 20. storo\u010dia mala \u00falo\u017en\u00e9 priestory zna\u010dne obmedzen\u00e9. Dom\u00e1cnostiam dominovali predov\u0161etk\u00fdm mal\u00e9 skrinky. V\u00a0dom\u00e1cnostiach nebolo be\u017en\u00fdm zvykom vlastni\u0165 v\u00e4\u010d\u0161\u00ed po\u010det skr\u00ed\u0148, preto\u017ee nemali to\u013eko oble\u010denia a\u00a0top\u00e1nok, ktor\u00e9 by potrebovali uklada\u0165. Napr\u00edklad komoda v\u00a0kombin\u00e1cii so skri\u0148ou na zavesenie \u0161iat sa za\u010dala objavova\u0165 naprie\u010d dom\u00e1cnos\u0165ami a\u017e za\u010diatkom 20. storo\u010dia.\u00a0<\/span>[\/vc_column_text][vc_single_image image=&#8221;112078&#8243; img_size=&#8221;full&#8221; add_caption=&#8221;yes&#8221; alignment=&#8221;center&#8221; style=&#8221;vc_box_rounded&#8221;][\/vc_column][\/vc_row][vc_row][vc_column][vc_column_text]<span style=\"color: #000000;\"><span style=\"font-weight: 400;\">Dnes si b\u00fdvanie bez \u00falo\u017en\u00fdch priestorov v\u00f4bec nedok\u00e1\u017eeme predstavi\u0165. <\/span><b>Veci<\/b> <b>u\u017e neuklad\u00e1me do klasick\u00fdch skr\u00ed\u0148<\/b><span style=\"font-weight: 400;\">, ale \u010dasto si vyber\u00e1me <\/span><b>cel\u00e9 \u00falo\u017en\u00e9 syst\u00e9my a\u00a0vstavan\u00e9 skrine<\/b><span style=\"font-weight: 400;\">, ktor\u00e9 v niektor\u00fdch pr\u00edpadoch zaberaj\u00fa cel\u00fa stenu.<\/span><\/span>[\/vc_column_text][\/vc_column][\/vc_row][vc_row][vc_column][vc_single_image image=&#8221;112080&#8243; img_size=&#8221;full&#8221; add_caption=&#8221;yes&#8221; alignment=&#8221;center&#8221; style=&#8221;vc_box_rounded&#8221; onclick=&#8221;custom_link&#8221; img_link_target=&#8221;_blank&#8221; link=&#8221;https:\/\/ikuchyne.sk\/vstavane-skrine&#8221;][\/vc_column][\/vc_row][vc_row][vc_column][vc_column_text]<span style=\"color: #000000;\"><span style=\"font-weight: 400;\">Po ve\u013ekoleposti a\u00a0pomp\u00e9znosti sa do popredia op\u00e4\u0165 dost\u00e1va <\/span><b>minimalizmus<\/b><span style=\"font-weight: 400;\"> a\u00a0to najm\u00e4 <\/span><b>z\u00a0\u00c1zie a\u00a0\u0160kandin\u00e1vie. <\/b><span style=\"font-weight: 400;\">Ovplyv\u0148uje to aj dizajn\u00e9rske uchopenie \u00falo\u017en\u00fdch priestorov, ktor\u00e9 sa st\u00e1vaj\u00fa \u201enevidite\u013en\u00fdmi.\u201c<\/span><\/span>[\/vc_column_text][\/vc_column][\/vc_row][vc_row][vc_column][vc_single_image image=&#8221;112074&#8243; img_size=&#8221;full&#8221; add_caption=&#8221;yes&#8221; alignment=&#8221;center&#8221; style=&#8221;vc_box_rounded&#8221; onclick=&#8221;custom_link&#8221; img_link_target=&#8221;_blank&#8221; link=&#8221;https:\/\/ikuchyne.sk\/realizacia-male-krasnany\/&#8221;][vc_single_image image=&#8221;112081&#8243; img_size=&#8221;full&#8221; add_caption=&#8221;yes&#8221; alignment=&#8221;center&#8221; style=&#8221;vc_box_rounded&#8221; onclick=&#8221;custom_link&#8221; img_link_target=&#8221;_blank&#8221; link=&#8221;https:\/\/ikuchyne.sk\/skrine-do-chodby&#8221;][\/vc_column][\/vc_row]<\/p>\n","protected":false},"excerpt":{"rendered":"<p>[vc_row][vc_column][vc_column_text]Na\u0161e b\u00fdvanie sa najm\u00e4 za posledn\u00e9 storo\u010die zmenilo radik\u00e1lne. Mo\u017eno v\u00e1s prekvap\u00ed, \u017ee sedacie s\u00fapravy zaviedol \u00c9tienne Briseux, ktor\u00fd bol architektom \u013dudov\u00edta XIV. Po vzore Versailles sa sedacie s\u00fapravy stali<\/p>\n","protected":false},"author":453,"featured_media":112079,"comment_status":"closed","ping_status":"open","sticky":false,"template":"","format":"standard","meta":{"footnotes":""},"categories":[1008],"tags":[],"yoast_head":"<!-- This site is optimized with the Yoast SEO plugin v22.1 - https:\/\/yoast.com\/wordpress\/plugins\/seo\/ -->\n<title>B\u00fdvanie od kr\u00e1\u013ea \u013dudov\u00edta XIV. a\u017e po dne\u0161ok &#187; iKuchyne.sk<\/title>\n<meta name=\"description\" content=\"Rozm\u00fd\u0161\u013eali ste niekedy o tom, ako vyzeralo b\u00fdvanie v minulosti? Aj my! Pre\u010d\u00edtajte si ako sa menilo b\u00fdvanie od \u013dudov\u00edta XIV. a\u017e po dnes.\" \/>\n<meta name=\"robots\" content=\"index, follow, max-snippet:-1, max-image-preview:large, max-video-preview:-1\" \/>\n<link rel=\"canonical\" href=\"https:\/\/www.ikuchyne.sk\/eshop\/byvanie-od-krala-ludovita-xiv-az-po-dnesok\/\" \/>\n<meta property=\"og:locale\" content=\"sk_SK\" \/>\n<meta property=\"og:type\" content=\"article\" \/>\n<meta property=\"og:title\" content=\"B\u00fdvanie od kr\u00e1\u013ea \u013dudov\u00edta XIV. a\u017e po dne\u0161ok &#187; iKuchyne.sk\" \/>\n<meta property=\"og:description\" content=\"Rozm\u00fd\u0161\u013eali ste niekedy o tom, ako vyzeralo b\u00fdvanie v minulosti? Aj my! Pre\u010d\u00edtajte si ako sa menilo b\u00fdvanie od \u013dudov\u00edta XIV. a\u017e po dnes.\" \/>\n<meta property=\"og:url\" content=\"https:\/\/www.ikuchyne.sk\/eshop\/byvanie-od-krala-ludovita-xiv-az-po-dnesok\/\" \/>\n<meta property=\"og:site_name\" content=\"iKuchyne iSHOP s n\u00e1bytkom\" \/>\n<meta property=\"article:publisher\" content=\"https:\/\/www.facebook.com\/ikuchyne\/\" \/>\n<meta property=\"article:published_time\" content=\"2019-08-16T11:04:38+00:00\" \/>\n<meta property=\"article:modified_time\" content=\"2021-05-12T16:31:51+00:00\" \/>\n<meta property=\"og:image\" content=\"https:\/\/www.ikuchyne.sk\/eshop\/wp-content\/uploads\/2019\/08\/Typick\u00e1-izba-v-dome-na-slovenskej-dedine-v-minulosti-M\u00fazeum-oravskej-dediny-Zuberec.jpg\" \/>\n\t<meta property=\"og:image:width\" content=\"1280\" \/>\n\t<meta property=\"og:image:height\" content=\"853\" \/>\n\t<meta property=\"og:image:type\" content=\"image\/jpeg\" \/>\n<meta name=\"author\" content=\"Nat\u00e1lia Jab\u016frkov\u00e1\" \/>\n<meta name=\"twitter:card\" content=\"summary_large_image\" \/>\n<meta name=\"twitter:label1\" content=\"Autor\" \/>\n\t<meta name=\"twitter:data1\" content=\"Nat\u00e1lia Jab\u016frkov\u00e1\" \/>\n\t<meta name=\"twitter:label2\" content=\"Predpokladan\u00fd \u010das \u010d\u00edtania\" \/>\n\t<meta name=\"twitter:data2\" content=\"6 min\u00fat\" \/>\n<script type=\"application\/ld+json\" class=\"yoast-schema-graph\">{\"@context\":\"https:\/\/schema.org\",\"@graph\":[{\"@type\":\"Article\",\"@id\":\"https:\/\/www.ikuchyne.sk\/eshop\/byvanie-od-krala-ludovita-xiv-az-po-dnesok\/#article\",\"isPartOf\":{\"@id\":\"https:\/\/www.ikuchyne.sk\/eshop\/byvanie-od-krala-ludovita-xiv-az-po-dnesok\/\"},\"author\":{\"name\":\"Nat\u00e1lia Jab\u016frkov\u00e1\",\"@id\":\"https:\/\/www.ikuchyne.sk\/eshop\/#\/schema\/person\/a9c159c75a80d357f0fd03c637de7518\"},\"headline\":\"B\u00fdvanie od kr\u00e1\u013ea \u013dudov\u00edta XIV. a\u017e po dne\u0161ok\",\"datePublished\":\"2019-08-16T11:04:38+00:00\",\"dateModified\":\"2021-05-12T16:31:51+00:00\",\"mainEntityOfPage\":{\"@id\":\"https:\/\/www.ikuchyne.sk\/eshop\/byvanie-od-krala-ludovita-xiv-az-po-dnesok\/\"},\"wordCount\":1218,\"publisher\":{\"@id\":\"https:\/\/www.ikuchyne.sk\/eshop\/#organization\"},\"articleSection\":[\"IN\u0160PIR\u00c1CIE\"],\"inLanguage\":\"sk-SK\"},{\"@type\":\"WebPage\",\"@id\":\"https:\/\/www.ikuchyne.sk\/eshop\/byvanie-od-krala-ludovita-xiv-az-po-dnesok\/\",\"url\":\"https:\/\/www.ikuchyne.sk\/eshop\/byvanie-od-krala-ludovita-xiv-az-po-dnesok\/\",\"name\":\"B\u00fdvanie od kr\u00e1\u013ea \u013dudov\u00edta XIV. a\u017e po dne\u0161ok &#187; iKuchyne.sk\",\"isPartOf\":{\"@id\":\"https:\/\/www.ikuchyne.sk\/eshop\/#website\"},\"datePublished\":\"2019-08-16T11:04:38+00:00\",\"dateModified\":\"2021-05-12T16:31:51+00:00\",\"description\":\"Rozm\u00fd\u0161\u013eali ste niekedy o tom, ako vyzeralo b\u00fdvanie v minulosti? Aj my! Pre\u010d\u00edtajte si ako sa menilo b\u00fdvanie od \u013dudov\u00edta XIV. a\u017e po dnes.\",\"breadcrumb\":{\"@id\":\"https:\/\/www.ikuchyne.sk\/eshop\/byvanie-od-krala-ludovita-xiv-az-po-dnesok\/#breadcrumb\"},\"inLanguage\":\"sk-SK\",\"potentialAction\":[{\"@type\":\"ReadAction\",\"target\":[\"https:\/\/www.ikuchyne.sk\/eshop\/byvanie-od-krala-ludovita-xiv-az-po-dnesok\/\"]}]},{\"@type\":\"BreadcrumbList\",\"@id\":\"https:\/\/www.ikuchyne.sk\/eshop\/byvanie-od-krala-ludovita-xiv-az-po-dnesok\/#breadcrumb\",\"itemListElement\":[{\"@type\":\"ListItem\",\"position\":1,\"name\":\"Home\",\"item\":\"https:\/\/www.ikuchyne.sk\/eshop\/\"},{\"@type\":\"ListItem\",\"position\":2,\"name\":\"B\u00fdvanie od kr\u00e1\u013ea \u013dudov\u00edta XIV. a\u017e po dne\u0161ok\"}]},{\"@type\":\"WebSite\",\"@id\":\"https:\/\/www.ikuchyne.sk\/eshop\/#website\",\"url\":\"https:\/\/www.ikuchyne.sk\/eshop\/\",\"name\":\"iKuchyne iSHOP s n\u00e1bytkom\",\"description\":\"Jed\u00e1lensk\u00e9 stoly, stoli\u010dky, n\u00e1bytok, svietidl\u00e1...\",\"publisher\":{\"@id\":\"https:\/\/www.ikuchyne.sk\/eshop\/#organization\"},\"potentialAction\":[{\"@type\":\"SearchAction\",\"target\":{\"@type\":\"EntryPoint\",\"urlTemplate\":\"https:\/\/www.ikuchyne.sk\/eshop\/?s={search_term_string}\"},\"query-input\":\"required name=search_term_string\"}],\"inLanguage\":\"sk-SK\"},{\"@type\":\"Organization\",\"@id\":\"https:\/\/www.ikuchyne.sk\/eshop\/#organization\",\"name\":\"ikuchyne!\",\"url\":\"https:\/\/www.ikuchyne.sk\/eshop\/\",\"logo\":{\"@type\":\"ImageObject\",\"inLanguage\":\"sk-SK\",\"@id\":\"https:\/\/www.ikuchyne.sk\/eshop\/#\/schema\/logo\/image\/\",\"url\":\"https:\/\/www.ikuchyne.sk\/eshop\/wp-content\/uploads\/2017\/04\/ikuchyne-logo.jpg\",\"contentUrl\":\"https:\/\/www.ikuchyne.sk\/eshop\/wp-content\/uploads\/2017\/04\/ikuchyne-logo.jpg\",\"width\":200,\"height\":48,\"caption\":\"ikuchyne!\"},\"image\":{\"@id\":\"https:\/\/www.ikuchyne.sk\/eshop\/#\/schema\/logo\/image\/\"},\"sameAs\":[\"https:\/\/www.facebook.com\/ikuchyne\/\",\"https:\/\/www.instagram.com\/ikuchyne.sk\/\",\"https:\/\/sk.pinterest.com\/ikuchynesk\/\"]},{\"@type\":\"Person\",\"@id\":\"https:\/\/www.ikuchyne.sk\/eshop\/#\/schema\/person\/a9c159c75a80d357f0fd03c637de7518\",\"name\":\"Nat\u00e1lia Jab\u016frkov\u00e1\",\"image\":{\"@type\":\"ImageObject\",\"inLanguage\":\"sk-SK\",\"@id\":\"https:\/\/www.ikuchyne.sk\/eshop\/#\/schema\/person\/image\/\",\"url\":\"https:\/\/www.ikuchyne.sk\/eshop\/wp-content\/plugins\/wp-user-avatar\/deprecated\/wp-user-avatar\/images\/wpua-96x96.png\",\"contentUrl\":\"https:\/\/www.ikuchyne.sk\/eshop\/wp-content\/plugins\/wp-user-avatar\/deprecated\/wp-user-avatar\/images\/wpua-96x96.png\",\"caption\":\"Nat\u00e1lia Jab\u016frkov\u00e1\"},\"url\":\"https:\/\/www.ikuchyne.sk\/eshop\/author\/marketingikuchyne-sk\/\"}]}<\/script>\n<!-- \/ Yoast SEO plugin. -->","yoast_head_json":{"title":"B\u00fdvanie od kr\u00e1\u013ea \u013dudov\u00edta XIV. a\u017e po dne\u0161ok &#187; iKuchyne.sk","description":"Rozm\u00fd\u0161\u013eali ste niekedy o tom, ako vyzeralo b\u00fdvanie v minulosti? Aj my! Pre\u010d\u00edtajte si ako sa menilo b\u00fdvanie od \u013dudov\u00edta XIV. a\u017e po dnes.","robots":{"index":"index","follow":"follow","max-snippet":"max-snippet:-1","max-image-preview":"max-image-preview:large","max-video-preview":"max-video-preview:-1"},"canonical":"https:\/\/www.ikuchyne.sk\/eshop\/byvanie-od-krala-ludovita-xiv-az-po-dnesok\/","og_locale":"sk_SK","og_type":"article","og_title":"B\u00fdvanie od kr\u00e1\u013ea \u013dudov\u00edta XIV. a\u017e po dne\u0161ok &#187; iKuchyne.sk","og_description":"Rozm\u00fd\u0161\u013eali ste niekedy o tom, ako vyzeralo b\u00fdvanie v minulosti? Aj my! Pre\u010d\u00edtajte si ako sa menilo b\u00fdvanie od \u013dudov\u00edta XIV. a\u017e po dnes.","og_url":"https:\/\/www.ikuchyne.sk\/eshop\/byvanie-od-krala-ludovita-xiv-az-po-dnesok\/","og_site_name":"iKuchyne iSHOP s n\u00e1bytkom","article_publisher":"https:\/\/www.facebook.com\/ikuchyne\/","article_published_time":"2019-08-16T11:04:38+00:00","article_modified_time":"2021-05-12T16:31:51+00:00","og_image":[{"width":1280,"height":853,"url":"https:\/\/www.ikuchyne.sk\/eshop\/wp-content\/uploads\/2019\/08\/Typick\u00e1-izba-v-dome-na-slovenskej-dedine-v-minulosti-M\u00fazeum-oravskej-dediny-Zuberec.jpg","type":"image\/jpeg"}],"author":"Nat\u00e1lia Jab\u016frkov\u00e1","twitter_card":"summary_large_image","twitter_misc":{"Autor":"Nat\u00e1lia Jab\u016frkov\u00e1","Predpokladan\u00fd \u010das \u010d\u00edtania":"6 min\u00fat"},"schema":{"@context":"https:\/\/schema.org","@graph":[{"@type":"Article","@id":"https:\/\/www.ikuchyne.sk\/eshop\/byvanie-od-krala-ludovita-xiv-az-po-dnesok\/#article","isPartOf":{"@id":"https:\/\/www.ikuchyne.sk\/eshop\/byvanie-od-krala-ludovita-xiv-az-po-dnesok\/"},"author":{"name":"Nat\u00e1lia Jab\u016frkov\u00e1","@id":"https:\/\/www.ikuchyne.sk\/eshop\/#\/schema\/person\/a9c159c75a80d357f0fd03c637de7518"},"headline":"B\u00fdvanie od kr\u00e1\u013ea \u013dudov\u00edta XIV. a\u017e po dne\u0161ok","datePublished":"2019-08-16T11:04:38+00:00","dateModified":"2021-05-12T16:31:51+00:00","mainEntityOfPage":{"@id":"https:\/\/www.ikuchyne.sk\/eshop\/byvanie-od-krala-ludovita-xiv-az-po-dnesok\/"},"wordCount":1218,"publisher":{"@id":"https:\/\/www.ikuchyne.sk\/eshop\/#organization"},"articleSection":["IN\u0160PIR\u00c1CIE"],"inLanguage":"sk-SK"},{"@type":"WebPage","@id":"https:\/\/www.ikuchyne.sk\/eshop\/byvanie-od-krala-ludovita-xiv-az-po-dnesok\/","url":"https:\/\/www.ikuchyne.sk\/eshop\/byvanie-od-krala-ludovita-xiv-az-po-dnesok\/","name":"B\u00fdvanie od kr\u00e1\u013ea \u013dudov\u00edta XIV. a\u017e po dne\u0161ok &#187; iKuchyne.sk","isPartOf":{"@id":"https:\/\/www.ikuchyne.sk\/eshop\/#website"},"datePublished":"2019-08-16T11:04:38+00:00","dateModified":"2021-05-12T16:31:51+00:00","description":"Rozm\u00fd\u0161\u013eali ste niekedy o tom, ako vyzeralo b\u00fdvanie v minulosti? Aj my! Pre\u010d\u00edtajte si ako sa menilo b\u00fdvanie od \u013dudov\u00edta XIV. a\u017e po dnes.","breadcrumb":{"@id":"https:\/\/www.ikuchyne.sk\/eshop\/byvanie-od-krala-ludovita-xiv-az-po-dnesok\/#breadcrumb"},"inLanguage":"sk-SK","potentialAction":[{"@type":"ReadAction","target":["https:\/\/www.ikuchyne.sk\/eshop\/byvanie-od-krala-ludovita-xiv-az-po-dnesok\/"]}]},{"@type":"BreadcrumbList","@id":"https:\/\/www.ikuchyne.sk\/eshop\/byvanie-od-krala-ludovita-xiv-az-po-dnesok\/#breadcrumb","itemListElement":[{"@type":"ListItem","position":1,"name":"Home","item":"https:\/\/www.ikuchyne.sk\/eshop\/"},{"@type":"ListItem","position":2,"name":"B\u00fdvanie od kr\u00e1\u013ea \u013dudov\u00edta XIV. a\u017e po dne\u0161ok"}]},{"@type":"WebSite","@id":"https:\/\/www.ikuchyne.sk\/eshop\/#website","url":"https:\/\/www.ikuchyne.sk\/eshop\/","name":"iKuchyne iSHOP s n\u00e1bytkom","description":"Jed\u00e1lensk\u00e9 stoly, stoli\u010dky, n\u00e1bytok, svietidl\u00e1...","publisher":{"@id":"https:\/\/www.ikuchyne.sk\/eshop\/#organization"},"potentialAction":[{"@type":"SearchAction","target":{"@type":"EntryPoint","urlTemplate":"https:\/\/www.ikuchyne.sk\/eshop\/?s={search_term_string}"},"query-input":"required name=search_term_string"}],"inLanguage":"sk-SK"},{"@type":"Organization","@id":"https:\/\/www.ikuchyne.sk\/eshop\/#organization","name":"ikuchyne!","url":"https:\/\/www.ikuchyne.sk\/eshop\/","logo":{"@type":"ImageObject","inLanguage":"sk-SK","@id":"https:\/\/www.ikuchyne.sk\/eshop\/#\/schema\/logo\/image\/","url":"https:\/\/www.ikuchyne.sk\/eshop\/wp-content\/uploads\/2017\/04\/ikuchyne-logo.jpg","contentUrl":"https:\/\/www.ikuchyne.sk\/eshop\/wp-content\/uploads\/2017\/04\/ikuchyne-logo.jpg","width":200,"height":48,"caption":"ikuchyne!"},"image":{"@id":"https:\/\/www.ikuchyne.sk\/eshop\/#\/schema\/logo\/image\/"},"sameAs":["https:\/\/www.facebook.com\/ikuchyne\/","https:\/\/www.instagram.com\/ikuchyne.sk\/","https:\/\/sk.pinterest.com\/ikuchynesk\/"]},{"@type":"Person","@id":"https:\/\/www.ikuchyne.sk\/eshop\/#\/schema\/person\/a9c159c75a80d357f0fd03c637de7518","name":"Nat\u00e1lia Jab\u016frkov\u00e1","image":{"@type":"ImageObject","inLanguage":"sk-SK","@id":"https:\/\/www.ikuchyne.sk\/eshop\/#\/schema\/person\/image\/","url":"https:\/\/www.ikuchyne.sk\/eshop\/wp-content\/plugins\/wp-user-avatar\/deprecated\/wp-user-avatar\/images\/wpua-96x96.png","contentUrl":"https:\/\/www.ikuchyne.sk\/eshop\/wp-content\/plugins\/wp-user-avatar\/deprecated\/wp-user-avatar\/images\/wpua-96x96.png","caption":"Nat\u00e1lia Jab\u016frkov\u00e1"},"url":"https:\/\/www.ikuchyne.sk\/eshop\/author\/marketingikuchyne-sk\/"}]}},"_links":{"self":[{"href":"https:\/\/www.ikuchyne.sk\/eshop\/wp-json\/wp\/v2\/posts\/112064"}],"collection":[{"href":"https:\/\/www.ikuchyne.sk\/eshop\/wp-json\/wp\/v2\/posts"}],"about":[{"href":"https:\/\/www.ikuchyne.sk\/eshop\/wp-json\/wp\/v2\/types\/post"}],"author":[{"embeddable":true,"href":"https:\/\/www.ikuchyne.sk\/eshop\/wp-json\/wp\/v2\/users\/453"}],"replies":[{"embeddable":true,"href":"https:\/\/www.ikuchyne.sk\/eshop\/wp-json\/wp\/v2\/comments?post=112064"}],"version-history":[{"count":7,"href":"https:\/\/www.ikuchyne.sk\/eshop\/wp-json\/wp\/v2\/posts\/112064\/revisions"}],"predecessor-version":[{"id":152106,"href":"https:\/\/www.ikuchyne.sk\/eshop\/wp-json\/wp\/v2\/posts\/112064\/revisions\/152106"}],"wp:featuredmedia":[{"embeddable":true,"href":"https:\/\/www.ikuchyne.sk\/eshop\/wp-json\/wp\/v2\/media\/112079"}],"wp:attachment":[{"href":"https:\/\/www.ikuchyne.sk\/eshop\/wp-json\/wp\/v2\/media?parent=112064"}],"wp:term":[{"taxonomy":"category","embeddable":true,"href":"https:\/\/www.ikuchyne.sk\/eshop\/wp-json\/wp\/v2\/categories?post=112064"},{"taxonomy":"post_tag","embeddable":true,"href":"https:\/\/www.ikuchyne.sk\/eshop\/wp-json\/wp\/v2\/tags?post=112064"}],"curies":[{"name":"wp","href":"https:\/\/api.w.org\/{rel}","templated":true}]}}