{"id":115924,"date":"2019-09-18T10:11:33","date_gmt":"2019-09-18T08:11:33","guid":{"rendered":"https:\/\/ikuchyne.sk\/eshop\/?p=115924"},"modified":"2020-10-21T03:10:54","modified_gmt":"2020-10-21T01:10:54","slug":"ako-si-spravne-vybrat-postel","status":"publish","type":"post","link":"https:\/\/www.ikuchyne.sk\/eshop\/ako-si-spravne-vybrat-postel\/","title":{"rendered":"Ako si spr\u00e1vne vybra\u0165 poste\u013e?"},"content":{"rendered":"<p>[vc_row][vc_column][vc_column_text]<span style=\"color: #000000;\"><strong><b>Ot\u00e1zka, ktor\u00fa si zaru\u010dene klad\u00fa mnoh\u00ed z v\u00e1s. Jedno slovensk\u00e9 pr\u00edslovie hovor\u00ed, \u017ee aj na kameni sa vysp\u00ed\u0161, ke\u010f m\u00e1\u0161 \u010dist\u00e9 svedomie. \u010casy sa v\u0161ak zmenili, \u013eudia spohodlneli a kamene ani \u010dist\u00e9 svedomie u\u017e na dobr\u00fd sp\u00e1nok nesta\u010dia \ud83d\ude42 .<\/b><\/strong><strong><b> Bez kvalitnej postele a matraca sa dnes nikto nezaob\u00edde. Navy\u0161e, za k\u00fapu sol\u00eddnej postele sa v\u00e1m odv\u010fa\u010d\u00ed okrem chrbtice aj va\u0161e psychick\u00e9 zdravie. Kvalitn\u00fd sp\u00e1nok, ktor\u00fd nam poste\u013e m\u00e1 poskytova\u0165 ovplyv\u0148uje predsa aj na\u0161u psychick\u00fa pohodu. <\/b><\/strong><\/span><\/p>\n<p><span style=\"color: #000000;\"><strong><b>Napriek tomu, \u017ee \u010dlovek str\u00e1vi a\u017e tretinu \u017eivota v sp\u00e1lni, neznamen\u00e1 to, \u017ee to\u013eko \u010dasu mus\u00ed str\u00e1vi\u0165 aj vyberan\u00edm postele. My v\u00e1m porad\u00edme na \u010do si d\u00e1va\u0165 pozor v nieko\u013ek\u00fdch bodoch.<\/b><\/strong><\/span>[\/vc_column_text][vc_single_image image=&#8221;115925&#8243; img_size=&#8221;large&#8221; add_caption=&#8221;yes&#8221; alignment=&#8221;center&#8221; style=&#8221;vc_box_rounded&#8221; onclick=&#8221;custom_link&#8221; img_link_target=&#8221;_blank&#8221; link=&#8221;https:\/\/www.pexels.com\/photo\/close-up-photography-of-woman-sleeping-914910\/&#8221;][\/vc_column][\/vc_row][vc_row][vc_column][vc_column_text]<\/p>\n<h2><span style=\"color: #e3245e;\">Bez metra to nep\u00f4jde<\/span><\/h2>\n<p>[\/vc_column_text][vc_column_text]<span style=\"color: #000000;\">Ko\u013eko miesta m\u00e1te v\u00a0sp\u00e1lni? Nepodce\u0148ujte <strong><b>meranie priestoru<\/b><\/strong>, do ktor\u00e9ho sa chyst\u00e1te k\u00fapi\u0165 poste\u013e. Na z\u00e1klade va\u0161ich rozmerov <strong><b>m\u00f4\u017eete z\u00fa\u017ei\u0165 okruh postel\u00ed<\/b><\/strong>, z\u00a0ktor\u00fdch si napokon <strong><b>budete vybera\u0165.<\/b><\/strong>\u00a0Samozrejme, z\u00e1le\u017e\u00ed na tom, \u010di kupujete jednol\u00f4\u017ekov\u00fa alebo man\u017eelsk\u00fa poste\u013e.<\/span>[\/vc_column_text][\/vc_column][\/vc_row][vc_row][vc_column][vc_single_image image=&#8221;115926&#8243; img_size=&#8221;large&#8221; add_caption=&#8221;yes&#8221; alignment=&#8221;center&#8221; style=&#8221;vc_box_rounded&#8221; onclick=&#8221;custom_link&#8221; img_link_target=&#8221;_blank&#8221; link=&#8221;https:\/\/sk.pinterest.com\/pin\/620722761122645690\/&#8221;][\/vc_column][\/vc_row][vc_row][vc_column][vc_column_text]<span style=\"color: #000000;\">V\u0161eobecne platn\u00fdm pravidlom je, \u017ee <strong><b>l\u00f4\u017eko pre dvoch \u013eud\u00ed<\/b><\/strong>\u00a0by malo by\u0165 <strong><b>\u0161irok\u00e9 160 &#8211; 180 cm<\/b><\/strong>\u00a0a\u00a0<strong><b>dlh\u00e9 by malo by\u0165 aspo\u0148 o\u00a025 cm viac ne\u017e je va\u0161a v\u00fd\u0161ka<\/b><\/strong>. Mo\u017eno ste rozmerov\u00fdm parametrom doteraz neprikladali pr\u00edli\u0161 ve\u013ek\u00fd v\u00fdznam, av\u0161ak <strong><b>aj na v\u00fd\u0161ke postele z\u00e1le\u017e\u00ed<\/b><\/strong>. T\u00e1 by sa mala pohybova\u0165 niekde medzi <strong><b>40 &#8211; 50 cm<\/b><\/strong>. \u010c\u00edm vy\u0161\u0161ia poste\u013e, t\u00fdm lep\u0161ie pre <strong><b>alergikov, <\/b><\/strong>ke\u010f\u017ee sa tam <strong><b>nev\u00edri to\u013eko prachu. <\/b><\/strong>Seniori a \u013eudia s\u00a0obmedzenou pohyblivos\u0165ou nad\u0161tandardn\u00fa v\u00fd\u0161ku ocenia pri zdv\u00edhan\u00ed sa z\u00a0postele.<\/span>[\/vc_column_text][\/vc_column][\/vc_row][vc_row][vc_column][vc_single_image image=&#8221;115927&#8243; img_size=&#8221;large&#8221; add_caption=&#8221;yes&#8221; alignment=&#8221;center&#8221; style=&#8221;vc_box_rounded&#8221;][vc_message message_box_color=&#8221;alert-success&#8221; icon_fontawesome=&#8221;fa fa-lightbulb-o&#8221;]<strong><b>Rada odborn\u00edka:<\/b><\/strong>\u00a0<em><i>Ak sa v\u00e1m zap\u00e1\u010dila poste\u013e ktor\u00e1 je n\u00edzka, no vy preferujete vy\u0161\u0161iu poste\u013e, \u013eahko ju zv\u00fd\u0161ite hrub\u0161\u00edm matracom<\/i><\/em>.[\/vc_message][\/vc_column][\/vc_row][vc_row][vc_column][vc_column_text]<\/p>\n<h2><span style=\"color: #e3245e;\">Vyberte si \u0161t\u00fdl<\/span><\/h2>\n<p>[\/vc_column_text][vc_column_text]<span style=\"color: #000000;\">Va\u0161a sp\u00e1l\u0148a by mala p\u00f4sobi\u0165 ako <strong><b>jeden harmonick\u00fd celok<\/b><\/strong>, a\u00a0preto je d\u00f4le\u017eit\u00e9 vybra\u0165 si poste\u013e, ktor\u00e1 zapadne do jej \u0161t\u00fdlu. Ni\u010d nepokaz\u00edte <strong><b>\u010dal\u00fanen\u00fdm, dreven\u00fdm \u010di kovov\u00fdm r\u00e1mom<\/b><\/strong>. Ak si zvyknete pred span\u00edm \u010d\u00edta\u0165 knihu, siahnite po <strong><b>posteli s\u00a0textiln\u00fdm \u010delom<\/b><\/strong>. Nielen\u017ee sa vyhnete chladnej stene, ale <strong><b>navod\u00ed aj \u00fatulnej\u0161\u00ed dojem.<\/b><\/strong><\/span>[\/vc_column_text][\/vc_column][\/vc_row][vc_row][vc_column][vc_single_image image=&#8221;115929&#8243; img_size=&#8221;full&#8221; add_caption=&#8221;yes&#8221; alignment=&#8221;center&#8221; style=&#8221;vc_box_rounded&#8221; onclick=&#8221;custom_link&#8221; img_link_target=&#8221;_blank&#8221; link=&#8221;https:\/\/ikuchyne.sk\/eshop\/produkt\/postel-ines\/&#8221;][\/vc_column][\/vc_row][vc_row][vc_column][vc_column_text]<span style=\"color: #000000;\">Na <strong><b>posteli z\u00a0dreva<\/b><\/strong>\u00a0sn\u00e1\u010f ani nen\u00e1jdeme m\u00ednusy \u2013 je <strong><b>pr\u00edrodn\u00e1, stabiln\u00e1 aj trv\u00e1cna<\/b><\/strong>. Dreven\u00e9 postele n\u00e1s neust\u00e1le utvrdzuj\u00fa v\u00a0tom, \u017ee nikdy nevyjd\u00fa z\u00a0m\u00f3dy.\u00a0Ak m\u00e1te men\u0161iu sp\u00e1l\u0148u, ur\u010dite vyu\u017eite priestor pod poste\u013eou na odkladanie vec\u00ed. M\u00f4\u017eete sa rozhodn\u00fa\u0165, \u010di si vyberiete poste\u013e na vy\u0161\u0161\u00edch no\u017ei\u010dk\u00e1ch, alebo si rovno k\u00fapite poste\u013e s\u00a0odkladac\u00edm priestorom.<\/span>[\/vc_column_text][\/vc_column][\/vc_row][vc_row][vc_column][vc_single_image image=&#8221;115930&#8243; img_size=&#8221;full&#8221; add_caption=&#8221;yes&#8221; alignment=&#8221;center&#8221; style=&#8221;vc_box_rounded&#8221;][\/vc_column][\/vc_row][vc_row][vc_column][vc_column_text]<span style=\"color: #000000;\">Mnoh\u00ed <strong><b>pri v\u00fdbere man\u017eelskej postele<\/b><\/strong>\u00a0klad\u00fa <strong><b>d\u00f4raz aj na to, aby mala vy\u0161\u0161ie no\u017ei\u010dky<\/b><\/strong>. T\u00e1to po\u017eiadavka nes\u00favis\u00ed len s potrebou <strong><b>\u013eah\u0161ieho upratovania pod poste\u013eou <\/b><\/strong>alebo vo\u013en\u00fdm <strong><b>priestorom pre odkladanie \u0161kat\u00fa\u013e.<\/b><\/strong>\u00a0Pod\u013ea odborn\u00edkov \u010dlovek po\u010das sp\u00e1nku vypot\u00ed minim\u00e1lne liter potu. Pri dvoch osob\u00e1ch na jednej posteli to u\u017e je zna\u010dn\u00fd objem tekutiny. No <strong><b>ak je kon\u0161trukcia postele na no\u017ei\u010dk\u00e1ch, cez de\u0148 sa matrac \u00fa\u010dinnej\u0161ie odvetr\u00e1va zhora i zdola.<\/b><\/strong><\/span>[\/vc_column_text][\/vc_column][\/vc_row][vc_row][vc_column][vc_single_image image=&#8221;115928&#8243; img_size=&#8221;full&#8221; add_caption=&#8221;yes&#8221; alignment=&#8221;center&#8221; style=&#8221;vc_box_rounded&#8221;][\/vc_column][\/vc_row][vc_row][vc_column][vc_column_text]<span style=\"color: #000000;\">Odpor\u00fa\u010dame <strong><b>vyhn\u00fa\u0165 sa<\/b><\/strong>\u00a0posteliam, ktor\u00e9 s\u00fa vyrob\u00e9 z\u00a0<strong><b>plastu<\/b><\/strong>, \u010di z\u00a0<strong><b>drevotriesky<\/b><\/strong>. Zv\u00e4\u010d\u0161a s\u00fa lepen\u00e9 r\u00f4znymi lepidlami, ktor\u00e9 sa po \u010dase vyparuj\u00fa \u2013 o\u00a0v\u0155zgan\u00ed a\u00a0kvalite nehovoriac.<\/span>[\/vc_column_text][\/vc_column][\/vc_row][vc_row][vc_column][vc_column_text]<\/p>\n<h2><span style=\"color: #e3245e;\">Ten spr\u00e1vny matrac<\/span><\/h2>\n<p>[\/vc_column_text][vc_column_text]<span style=\"color: #000000;\">Pri v\u00fdbere matracu na <strong><b>dvojl\u00f4\u017ekov\u00fa poste\u013e<\/b><\/strong>\u00a0treba bra\u0165 oh\u013ead aj na partnera. Mnoh\u00ed mi d\u00e1te za pravdu, \u017ee nie je ni\u010d hor\u0161ie ako ma\u0165 na man\u017eelskej posteli <strong><b>dva oddelen\u00e9 matrace<\/b><\/strong>. V\u00a0tomto pr\u00edpade sa oplat\u00ed investova\u0165 peniaze do jedn\u00e9ho ve\u013ek\u00e9ho matracu. Ak sa v\u0161ak s\u00a0partnerom v\u00fdrazne <strong><b>l\u00ed\u0161ite hmotnos\u0165ou<\/b><\/strong>, jeden ve\u013ek\u00fd <strong><b>spolo\u010dn\u00fd matrac nemus\u00ed by\u0165 <\/b><\/strong>pre v\u00e1s t\u00e1 <strong><b>spr\u00e1vna vo\u013eba<\/b><\/strong>. Nechajte si poradi\u0165 od odborn\u00edka a\u00a0nakombinujte si svoje <strong><b>matrace pod\u013ea va\u0161ich potrieb<\/b><\/strong>.<\/span>[\/vc_column_text][vc_single_image image=&#8221;115931&#8243; img_size=&#8221;full&#8221; add_caption=&#8221;yes&#8221; alignment=&#8221;center&#8221; style=&#8221;vc_box_rounded&#8221;][\/vc_column][\/vc_row][vc_row][vc_column][vc_column_text]<span style=\"color: #000000;\">Z\u00e1kladn\u00e9 pravidlo znie, \u017ee <strong><b>pru\u017einov\u00fd matrac<\/b><\/strong>\u00a0sa z\u00e1sadne umiest\u0148uje na pevn\u00fd ro\u0161t a <strong><b>penov\u00e9<\/b><\/strong>\u00a0\u010di <strong><b>sendvi\u010dov\u00e9 matrace<\/b><\/strong>\u00a0na pru\u017en\u00fd (lamelov\u00fd) ro\u0161t. Nepodce\u0148ujte toto pravidlo, preto\u017ee od neho z\u00e1vis\u00ed nielen kvalita sp\u00e1nku, ale i <strong><b>harm\u00f3nia v sp\u00e1lni.<\/b><\/strong><\/span><\/p>\n<p><span style=\"color: #000000;\">Poste\u013e je jeden z\u00a0najviac vyu\u017e\u00edvan\u00fdch kusov n\u00e1bytku v\u00a0dom\u00e1cnosti. Ur\u010dite sa do\u0148 oplat\u00ed zainvestova\u0165, preto\u017ee ka\u017ed\u00e9 r\u00e1no v\u00e1m pripomenie to, ako ste sa pri jej v\u00fdbere rozhodli. Pre <strong><b>dizajn aj kvalitu na jednom mieste<\/b><\/strong>\u00a0nav\u0161t\u00edvte n\u00e1\u0161 eshop <a style=\"color: #000000;\" href=\"https:\/\/ikuchyne.sk\/eshop\/kategoria\/postele\/\"><u>https:\/\/ikuchyne.sk\/eshop\/postele\/<\/u><\/a><\/span>[\/vc_column_text][\/vc_column][\/vc_row]<\/p>\n","protected":false},"excerpt":{"rendered":"<p>[vc_row][vc_column][vc_column_text]Ot\u00e1zka, ktor\u00fa si zaru\u010dene klad\u00fa mnoh\u00ed z v\u00e1s. Jedno slovensk\u00e9 pr\u00edslovie hovor\u00ed, \u017ee aj na kameni sa vysp\u00ed\u0161, ke\u010f m\u00e1\u0161 \u010dist\u00e9 svedomie. \u010casy sa v\u0161ak zmenili, \u013eudia spohodlneli a kamene<\/p>\n","protected":false},"author":456,"featured_media":116889,"comment_status":"closed","ping_status":"open","sticky":false,"template":"","format":"standard","meta":{"footnotes":""},"categories":[1009],"tags":[],"yoast_head":"<!-- This site is optimized with the Yoast SEO plugin v22.1 - https:\/\/yoast.com\/wordpress\/plugins\/seo\/ -->\n<title>Ako si spr\u00e1vne vybra\u0165 poste\u013e? &#187; iKuchyne iSHOP s n\u00e1bytkom<\/title>\n<meta name=\"description\" content=\"Ako si spr\u00e1vne vybra\u0165 poste\u013e tak, aby sa v\u00e1m odv\u010fa\u010dil nie len interi\u00e9r, ale aj va\u0161e telo? To sa dozviete v na\u0161om \u010dl\u00e1nku od ikuchyne!.\" \/>\n<meta name=\"robots\" content=\"index, follow, max-snippet:-1, max-image-preview:large, max-video-preview:-1\" \/>\n<link rel=\"canonical\" href=\"https:\/\/www.ikuchyne.sk\/eshop\/ako-si-spravne-vybrat-postel\/\" \/>\n<meta property=\"og:locale\" content=\"sk_SK\" \/>\n<meta property=\"og:type\" content=\"article\" \/>\n<meta property=\"og:title\" content=\"Ako si spr\u00e1vne vybra\u0165 poste\u013e? &#187; iKuchyne iSHOP s n\u00e1bytkom\" \/>\n<meta property=\"og:description\" content=\"Ako si spr\u00e1vne vybra\u0165 poste\u013e tak, aby sa v\u00e1m odv\u010fa\u010dil nie len interi\u00e9r, ale aj va\u0161e telo? To sa dozviete v na\u0161om \u010dl\u00e1nku od ikuchyne!.\" \/>\n<meta property=\"og:url\" content=\"https:\/\/www.ikuchyne.sk\/eshop\/ako-si-spravne-vybrat-postel\/\" \/>\n<meta property=\"og:site_name\" content=\"iKuchyne iSHOP s n\u00e1bytkom\" \/>\n<meta property=\"article:publisher\" content=\"https:\/\/www.facebook.com\/ikuchyne\/\" \/>\n<meta property=\"article:published_time\" content=\"2019-09-18T08:11:33+00:00\" \/>\n<meta property=\"article:modified_time\" content=\"2020-10-21T01:10:54+00:00\" \/>\n<meta property=\"og:image\" content=\"https:\/\/www.ikuchyne.sk\/eshop\/wp-content\/uploads\/2019\/09\/moderna-postel.jpg\" \/>\n\t<meta property=\"og:image:width\" content=\"564\" \/>\n\t<meta property=\"og:image:height\" content=\"564\" \/>\n\t<meta property=\"og:image:type\" content=\"image\/jpeg\" \/>\n<meta name=\"author\" content=\"Dominika Hozl\u00e1rov\u00e1\" \/>\n<meta name=\"twitter:card\" content=\"summary_large_image\" \/>\n<meta name=\"twitter:label1\" content=\"Autor\" \/>\n\t<meta name=\"twitter:data1\" content=\"Dominika Hozl\u00e1rov\u00e1\" \/>\n\t<meta name=\"twitter:label2\" content=\"Predpokladan\u00fd \u010das \u010d\u00edtania\" \/>\n\t<meta name=\"twitter:data2\" content=\"6 min\u00fat\" \/>\n<script type=\"application\/ld+json\" class=\"yoast-schema-graph\">{\"@context\":\"https:\/\/schema.org\",\"@graph\":[{\"@type\":\"Article\",\"@id\":\"https:\/\/www.ikuchyne.sk\/eshop\/ako-si-spravne-vybrat-postel\/#article\",\"isPartOf\":{\"@id\":\"https:\/\/www.ikuchyne.sk\/eshop\/ako-si-spravne-vybrat-postel\/\"},\"author\":{\"name\":\"Dominika Hozl\u00e1rov\u00e1\",\"@id\":\"https:\/\/www.ikuchyne.sk\/eshop\/#\/schema\/person\/3dd55775496710f6438fe9cb4029a9dd\"},\"headline\":\"Ako si spr\u00e1vne vybra\u0165 poste\u013e?\",\"datePublished\":\"2019-09-18T08:11:33+00:00\",\"dateModified\":\"2020-10-21T01:10:54+00:00\",\"mainEntityOfPage\":{\"@id\":\"https:\/\/www.ikuchyne.sk\/eshop\/ako-si-spravne-vybrat-postel\/\"},\"wordCount\":1150,\"publisher\":{\"@id\":\"https:\/\/www.ikuchyne.sk\/eshop\/#organization\"},\"articleSection\":[\"PORAD\u0147A\"],\"inLanguage\":\"sk-SK\"},{\"@type\":\"WebPage\",\"@id\":\"https:\/\/www.ikuchyne.sk\/eshop\/ako-si-spravne-vybrat-postel\/\",\"url\":\"https:\/\/www.ikuchyne.sk\/eshop\/ako-si-spravne-vybrat-postel\/\",\"name\":\"Ako si spr\u00e1vne vybra\u0165 poste\u013e? &#187; iKuchyne iSHOP s n\u00e1bytkom\",\"isPartOf\":{\"@id\":\"https:\/\/www.ikuchyne.sk\/eshop\/#website\"},\"datePublished\":\"2019-09-18T08:11:33+00:00\",\"dateModified\":\"2020-10-21T01:10:54+00:00\",\"description\":\"Ako si spr\u00e1vne vybra\u0165 poste\u013e tak, aby sa v\u00e1m odv\u010fa\u010dil nie len interi\u00e9r, ale aj va\u0161e telo? To sa dozviete v na\u0161om \u010dl\u00e1nku od ikuchyne!.\",\"breadcrumb\":{\"@id\":\"https:\/\/www.ikuchyne.sk\/eshop\/ako-si-spravne-vybrat-postel\/#breadcrumb\"},\"inLanguage\":\"sk-SK\",\"potentialAction\":[{\"@type\":\"ReadAction\",\"target\":[\"https:\/\/www.ikuchyne.sk\/eshop\/ako-si-spravne-vybrat-postel\/\"]}]},{\"@type\":\"BreadcrumbList\",\"@id\":\"https:\/\/www.ikuchyne.sk\/eshop\/ako-si-spravne-vybrat-postel\/#breadcrumb\",\"itemListElement\":[{\"@type\":\"ListItem\",\"position\":1,\"name\":\"Home\",\"item\":\"https:\/\/www.ikuchyne.sk\/eshop\/\"},{\"@type\":\"ListItem\",\"position\":2,\"name\":\"Ako si spr\u00e1vne vybra\u0165 poste\u013e?\"}]},{\"@type\":\"WebSite\",\"@id\":\"https:\/\/www.ikuchyne.sk\/eshop\/#website\",\"url\":\"https:\/\/www.ikuchyne.sk\/eshop\/\",\"name\":\"iKuchyne iSHOP s n\u00e1bytkom\",\"description\":\"Jed\u00e1lensk\u00e9 stoly, stoli\u010dky, n\u00e1bytok, svietidl\u00e1...\",\"publisher\":{\"@id\":\"https:\/\/www.ikuchyne.sk\/eshop\/#organization\"},\"potentialAction\":[{\"@type\":\"SearchAction\",\"target\":{\"@type\":\"EntryPoint\",\"urlTemplate\":\"https:\/\/www.ikuchyne.sk\/eshop\/?s={search_term_string}\"},\"query-input\":\"required name=search_term_string\"}],\"inLanguage\":\"sk-SK\"},{\"@type\":\"Organization\",\"@id\":\"https:\/\/www.ikuchyne.sk\/eshop\/#organization\",\"name\":\"ikuchyne!\",\"url\":\"https:\/\/www.ikuchyne.sk\/eshop\/\",\"logo\":{\"@type\":\"ImageObject\",\"inLanguage\":\"sk-SK\",\"@id\":\"https:\/\/www.ikuchyne.sk\/eshop\/#\/schema\/logo\/image\/\",\"url\":\"https:\/\/www.ikuchyne.sk\/eshop\/wp-content\/uploads\/2017\/04\/ikuchyne-logo.jpg\",\"contentUrl\":\"https:\/\/www.ikuchyne.sk\/eshop\/wp-content\/uploads\/2017\/04\/ikuchyne-logo.jpg\",\"width\":200,\"height\":48,\"caption\":\"ikuchyne!\"},\"image\":{\"@id\":\"https:\/\/www.ikuchyne.sk\/eshop\/#\/schema\/logo\/image\/\"},\"sameAs\":[\"https:\/\/www.facebook.com\/ikuchyne\/\",\"https:\/\/www.instagram.com\/ikuchyne.sk\/\",\"https:\/\/sk.pinterest.com\/ikuchynesk\/\"]},{\"@type\":\"Person\",\"@id\":\"https:\/\/www.ikuchyne.sk\/eshop\/#\/schema\/person\/3dd55775496710f6438fe9cb4029a9dd\",\"name\":\"Dominika Hozl\u00e1rov\u00e1\",\"image\":{\"@type\":\"ImageObject\",\"inLanguage\":\"sk-SK\",\"@id\":\"https:\/\/www.ikuchyne.sk\/eshop\/#\/schema\/person\/image\/\",\"url\":\"https:\/\/www.ikuchyne.sk\/eshop\/wp-content\/plugins\/wp-user-avatar\/deprecated\/wp-user-avatar\/images\/wpua-96x96.png\",\"contentUrl\":\"https:\/\/www.ikuchyne.sk\/eshop\/wp-content\/plugins\/wp-user-avatar\/deprecated\/wp-user-avatar\/images\/wpua-96x96.png\",\"caption\":\"Dominika Hozl\u00e1rov\u00e1\"},\"description\":\"Dominika pracuje v oblasti PR a marketingu a vo svojom vo\u013enom \u010dase sa venuje najm\u00e4 cestovaniu, j\u00f3ge a keramike. N\u00e1v\u0161teva gal\u00e9ri\u00ed po celom svete a p\u00edsanie \u010dl\u00e1nkov o interi\u00e9rovom dizajne ju in\u0161piruje aj pri v\u00fdrobe origin\u00e1lnych bytov\u00fdch dekor\u00e1ci\u00ed z keramiky.\",\"url\":\"https:\/\/www.ikuchyne.sk\/eshop\/author\/technikikuchyne-sk\/\"}]}<\/script>\n<!-- \/ Yoast SEO plugin. -->","yoast_head_json":{"title":"Ako si spr\u00e1vne vybra\u0165 poste\u013e? &#187; iKuchyne iSHOP s n\u00e1bytkom","description":"Ako si spr\u00e1vne vybra\u0165 poste\u013e tak, aby sa v\u00e1m odv\u010fa\u010dil nie len interi\u00e9r, ale aj va\u0161e telo? To sa dozviete v na\u0161om \u010dl\u00e1nku od ikuchyne!.","robots":{"index":"index","follow":"follow","max-snippet":"max-snippet:-1","max-image-preview":"max-image-preview:large","max-video-preview":"max-video-preview:-1"},"canonical":"https:\/\/www.ikuchyne.sk\/eshop\/ako-si-spravne-vybrat-postel\/","og_locale":"sk_SK","og_type":"article","og_title":"Ako si spr\u00e1vne vybra\u0165 poste\u013e? &#187; iKuchyne iSHOP s n\u00e1bytkom","og_description":"Ako si spr\u00e1vne vybra\u0165 poste\u013e tak, aby sa v\u00e1m odv\u010fa\u010dil nie len interi\u00e9r, ale aj va\u0161e telo? To sa dozviete v na\u0161om \u010dl\u00e1nku od ikuchyne!.","og_url":"https:\/\/www.ikuchyne.sk\/eshop\/ako-si-spravne-vybrat-postel\/","og_site_name":"iKuchyne iSHOP s n\u00e1bytkom","article_publisher":"https:\/\/www.facebook.com\/ikuchyne\/","article_published_time":"2019-09-18T08:11:33+00:00","article_modified_time":"2020-10-21T01:10:54+00:00","og_image":[{"width":564,"height":564,"url":"https:\/\/www.ikuchyne.sk\/eshop\/wp-content\/uploads\/2019\/09\/moderna-postel.jpg","type":"image\/jpeg"}],"author":"Dominika Hozl\u00e1rov\u00e1","twitter_card":"summary_large_image","twitter_misc":{"Autor":"Dominika Hozl\u00e1rov\u00e1","Predpokladan\u00fd \u010das \u010d\u00edtania":"6 min\u00fat"},"schema":{"@context":"https:\/\/schema.org","@graph":[{"@type":"Article","@id":"https:\/\/www.ikuchyne.sk\/eshop\/ako-si-spravne-vybrat-postel\/#article","isPartOf":{"@id":"https:\/\/www.ikuchyne.sk\/eshop\/ako-si-spravne-vybrat-postel\/"},"author":{"name":"Dominika Hozl\u00e1rov\u00e1","@id":"https:\/\/www.ikuchyne.sk\/eshop\/#\/schema\/person\/3dd55775496710f6438fe9cb4029a9dd"},"headline":"Ako si spr\u00e1vne vybra\u0165 poste\u013e?","datePublished":"2019-09-18T08:11:33+00:00","dateModified":"2020-10-21T01:10:54+00:00","mainEntityOfPage":{"@id":"https:\/\/www.ikuchyne.sk\/eshop\/ako-si-spravne-vybrat-postel\/"},"wordCount":1150,"publisher":{"@id":"https:\/\/www.ikuchyne.sk\/eshop\/#organization"},"articleSection":["PORAD\u0147A"],"inLanguage":"sk-SK"},{"@type":"WebPage","@id":"https:\/\/www.ikuchyne.sk\/eshop\/ako-si-spravne-vybrat-postel\/","url":"https:\/\/www.ikuchyne.sk\/eshop\/ako-si-spravne-vybrat-postel\/","name":"Ako si spr\u00e1vne vybra\u0165 poste\u013e? &#187; iKuchyne iSHOP s n\u00e1bytkom","isPartOf":{"@id":"https:\/\/www.ikuchyne.sk\/eshop\/#website"},"datePublished":"2019-09-18T08:11:33+00:00","dateModified":"2020-10-21T01:10:54+00:00","description":"Ako si spr\u00e1vne vybra\u0165 poste\u013e tak, aby sa v\u00e1m odv\u010fa\u010dil nie len interi\u00e9r, ale aj va\u0161e telo? To sa dozviete v na\u0161om \u010dl\u00e1nku od ikuchyne!.","breadcrumb":{"@id":"https:\/\/www.ikuchyne.sk\/eshop\/ako-si-spravne-vybrat-postel\/#breadcrumb"},"inLanguage":"sk-SK","potentialAction":[{"@type":"ReadAction","target":["https:\/\/www.ikuchyne.sk\/eshop\/ako-si-spravne-vybrat-postel\/"]}]},{"@type":"BreadcrumbList","@id":"https:\/\/www.ikuchyne.sk\/eshop\/ako-si-spravne-vybrat-postel\/#breadcrumb","itemListElement":[{"@type":"ListItem","position":1,"name":"Home","item":"https:\/\/www.ikuchyne.sk\/eshop\/"},{"@type":"ListItem","position":2,"name":"Ako si spr\u00e1vne vybra\u0165 poste\u013e?"}]},{"@type":"WebSite","@id":"https:\/\/www.ikuchyne.sk\/eshop\/#website","url":"https:\/\/www.ikuchyne.sk\/eshop\/","name":"iKuchyne iSHOP s n\u00e1bytkom","description":"Jed\u00e1lensk\u00e9 stoly, stoli\u010dky, n\u00e1bytok, svietidl\u00e1...","publisher":{"@id":"https:\/\/www.ikuchyne.sk\/eshop\/#organization"},"potentialAction":[{"@type":"SearchAction","target":{"@type":"EntryPoint","urlTemplate":"https:\/\/www.ikuchyne.sk\/eshop\/?s={search_term_string}"},"query-input":"required name=search_term_string"}],"inLanguage":"sk-SK"},{"@type":"Organization","@id":"https:\/\/www.ikuchyne.sk\/eshop\/#organization","name":"ikuchyne!","url":"https:\/\/www.ikuchyne.sk\/eshop\/","logo":{"@type":"ImageObject","inLanguage":"sk-SK","@id":"https:\/\/www.ikuchyne.sk\/eshop\/#\/schema\/logo\/image\/","url":"https:\/\/www.ikuchyne.sk\/eshop\/wp-content\/uploads\/2017\/04\/ikuchyne-logo.jpg","contentUrl":"https:\/\/www.ikuchyne.sk\/eshop\/wp-content\/uploads\/2017\/04\/ikuchyne-logo.jpg","width":200,"height":48,"caption":"ikuchyne!"},"image":{"@id":"https:\/\/www.ikuchyne.sk\/eshop\/#\/schema\/logo\/image\/"},"sameAs":["https:\/\/www.facebook.com\/ikuchyne\/","https:\/\/www.instagram.com\/ikuchyne.sk\/","https:\/\/sk.pinterest.com\/ikuchynesk\/"]},{"@type":"Person","@id":"https:\/\/www.ikuchyne.sk\/eshop\/#\/schema\/person\/3dd55775496710f6438fe9cb4029a9dd","name":"Dominika Hozl\u00e1rov\u00e1","image":{"@type":"ImageObject","inLanguage":"sk-SK","@id":"https:\/\/www.ikuchyne.sk\/eshop\/#\/schema\/person\/image\/","url":"https:\/\/www.ikuchyne.sk\/eshop\/wp-content\/plugins\/wp-user-avatar\/deprecated\/wp-user-avatar\/images\/wpua-96x96.png","contentUrl":"https:\/\/www.ikuchyne.sk\/eshop\/wp-content\/plugins\/wp-user-avatar\/deprecated\/wp-user-avatar\/images\/wpua-96x96.png","caption":"Dominika Hozl\u00e1rov\u00e1"},"description":"Dominika pracuje v oblasti PR a marketingu a vo svojom vo\u013enom \u010dase sa venuje najm\u00e4 cestovaniu, j\u00f3ge a keramike. N\u00e1v\u0161teva gal\u00e9ri\u00ed po celom svete a p\u00edsanie \u010dl\u00e1nkov o interi\u00e9rovom dizajne ju in\u0161piruje aj pri v\u00fdrobe origin\u00e1lnych bytov\u00fdch dekor\u00e1ci\u00ed z keramiky.","url":"https:\/\/www.ikuchyne.sk\/eshop\/author\/technikikuchyne-sk\/"}]}},"_links":{"self":[{"href":"https:\/\/www.ikuchyne.sk\/eshop\/wp-json\/wp\/v2\/posts\/115924"}],"collection":[{"href":"https:\/\/www.ikuchyne.sk\/eshop\/wp-json\/wp\/v2\/posts"}],"about":[{"href":"https:\/\/www.ikuchyne.sk\/eshop\/wp-json\/wp\/v2\/types\/post"}],"author":[{"embeddable":true,"href":"https:\/\/www.ikuchyne.sk\/eshop\/wp-json\/wp\/v2\/users\/456"}],"replies":[{"embeddable":true,"href":"https:\/\/www.ikuchyne.sk\/eshop\/wp-json\/wp\/v2\/comments?post=115924"}],"version-history":[{"count":6,"href":"https:\/\/www.ikuchyne.sk\/eshop\/wp-json\/wp\/v2\/posts\/115924\/revisions"}],"predecessor-version":[{"id":147147,"href":"https:\/\/www.ikuchyne.sk\/eshop\/wp-json\/wp\/v2\/posts\/115924\/revisions\/147147"}],"wp:featuredmedia":[{"embeddable":true,"href":"https:\/\/www.ikuchyne.sk\/eshop\/wp-json\/wp\/v2\/media\/116889"}],"wp:attachment":[{"href":"https:\/\/www.ikuchyne.sk\/eshop\/wp-json\/wp\/v2\/media?parent=115924"}],"wp:term":[{"taxonomy":"category","embeddable":true,"href":"https:\/\/www.ikuchyne.sk\/eshop\/wp-json\/wp\/v2\/categories?post=115924"},{"taxonomy":"post_tag","embeddable":true,"href":"https:\/\/www.ikuchyne.sk\/eshop\/wp-json\/wp\/v2\/tags?post=115924"}],"curies":[{"name":"wp","href":"https:\/\/api.w.org\/{rel}","templated":true}]}}