{"id":115967,"date":"2019-09-19T10:49:22","date_gmt":"2019-09-19T08:49:22","guid":{"rendered":"https:\/\/ikuchyne.sk\/eshop\/?p=115967"},"modified":"2019-10-14T14:35:04","modified_gmt":"2019-10-14T12:35:04","slug":"spolupraca-s-ikuchyne-sk-dostavam-dizajn-aj-funkcnost-v-jednom","status":"publish","type":"post","link":"https:\/\/www.ikuchyne.sk\/eshop\/spolupraca-s-ikuchyne-sk-dostavam-dizajn-aj-funkcnost-v-jednom\/","title":{"rendered":"Spolupr\u00e1ca s\u00a0ikuchyne? Dost\u00e1vam dizajn aj funk\u010dnos\u0165 v\u00a0jednom!"},"content":{"rendered":"<p>[vc_row][vc_column][vc_column_text]<b><span style=\"color: #000000;\">Biznismenka a z\u00e1rove\u0148 Podnikate\u013eka Slovenska za rok 2017 pani O\u013ega Bu\u0161o sa s\u0165ahovania rozhodne neboj\u00ed. Za posledn\u00fdch sedem rokov to bolo presne trikr\u00e1t, kedy vymenila pohodlie svojho plne zariaden\u00e9ho b\u00fdvania za nie\u010do nov\u00e9 a kraj\u0161ie. Sama uznala, \u017ee je to v\u00fdzva, ale s t\u00fdm spr\u00e1vnym t\u00edmom sa d\u00e1 vraj zrealizova\u0165 v\u0161etko, \u010do si \u010dlovek zaumieni. V \u010dl\u00e1nku sa dozviete, pre\u010do sa rozhodla pre realiz\u00e1ciu pr\u00e1ve od<em> ikuchyne!<\/em>.<\/span><\/b>[\/vc_column_text][vc_single_image image=&#8221;115969&#8243; img_size=&#8221;full&#8221; add_caption=&#8221;yes&#8221; alignment=&#8221;center&#8221; style=&#8221;vc_box_rounded&#8221;][\/vc_column][\/vc_row][vc_row][vc_column][vc_column_text]<\/p>\n<h2><span style=\"color: #e3245e;\">Na za\u010diatok by ste n\u00e1m mohli prezradi\u0165, kedy sa op\u00e4\u0165 chyst\u00e1te s\u0165ahova\u0165. M\u00e1te to e\u0161te v\u00f4bec v pl\u00e1ne?<\/span><\/h2>\n<p>[\/vc_column_text][vc_column_text]<span style=\"color: #000000;\">Samozrejme, za 10 rokov sa chyst\u00e1me s\u0165ahova\u0165 znova. Do ka\u017ed\u00e9ho nov\u00e9ho b\u00fdvania ideme s\u00a0t\u00fdm, \u017ee vieme, \u017ee to bude na len ur\u010dit\u00e9 obdobie. Mysl\u00edm si, \u017ee u\u017e ne\u017eijeme v dobe, kedy sa \u013eudia s\u0165ahuj\u00fa alebo si zaria\u010fuj\u00fa b\u00fdvanie len raz za \u017eivot. Dom by mal plni\u0165 \u00falohu toho, \u010do potrebujete moment\u00e1lne, a nie toho, \u010do budete potrebova\u0165 o 5 rokov. Pred siedmimi rokmi, ke\u010f sme boli e\u0161te s\u00a0man\u017eelom slobodn\u00ed, preferovali sme b\u00fdvanie v\u00a0mestskom mezonete. Po nieko\u013ek\u00fdch rokoch sme sa presunuli do men\u0161ieho dom\u010deka a teraz zase do v\u00e4\u010d\u0161ieho. Ke\u010f bud\u00fa deti v\u00e4\u010d\u0161ie, mo\u017eno sa vr\u00e1time sp\u00e4\u0165 do mesta. Ni\u010d nevylu\u010dujeme.<\/span>[\/vc_column_text][vc_single_image image=&#8221;116008&#8243; img_size=&#8221;large&#8221; add_caption=&#8221;yes&#8221; alignment=&#8221;center&#8221; style=&#8221;vc_box_rounded&#8221;][\/vc_column][\/vc_row][vc_row][vc_column][vc_column_text]<\/p>\n<h2><span style=\"color: #e3245e;\">M\u00e1te kr\u00e1sne nov\u00e9 b\u00fdvanie a sme ve\u013emi radi, \u017ee sme sa mohli podiela\u0165 na jeho realiz\u00e1cii. Ako by ste ohodnotili spolupr\u00e1cu s \u201eikuchyne.sk\u201c?<\/span><\/h2>\n<p>[\/vc_column_text][vc_column_text]<span style=\"color: #000000;\">Ke\u010f\u017ee to u\u017e ani z\u010faleka nie je prv\u00e1 spolupr\u00e1ca (celkovo ide u\u017e o piatu spolupr\u00e1cu, pozn. red.), tak je to najm\u00e4 o vyrie\u0161en\u00ed problematiky n\u00e1vrhu kuchyne. T\u00e1 je ve\u013emi \u0161pecifick\u00e1 a nedala by som ju napl\u00e1nova\u0165 architektom. Nie som si ist\u00e1, \u010di architekt dok\u00e1\u017ee zapezpe\u010di\u0165 funk\u010dnos\u0165 kuchyne, \u010do je nesmierne d\u00f4le\u017eit\u00e9. Ve\u013emi ma te\u0161\u00ed, \u017ee sa nemus\u00edm stara\u0165 o detaily ako napr\u00edklad, kde m\u00e1 by\u0165 ak\u00e1 z\u00e1suvka alebo poli\u010dka, preto\u017ee toto v\u0161etko hravo zvl\u00e1daj\u00fa chlapci z\u00a0\u201eikuch\u00fd\u0148\u201c. Na z\u00e1klade ich bohat\u00fdch sk\u00fasenost\u00ed s\u00a0dizajnovan\u00edm viem, \u017ee sa na nich m\u00f4\u017eem plne spo\u013eahn\u00fa\u0165. Dost\u00e1vam dizajn aj funk\u010dnos\u0165 v\u00a0jednom.<\/span>[\/vc_column_text][vc_single_image image=&#8221;116009&#8243; img_size=&#8221;large&#8221; add_caption=&#8221;yes&#8221; alignment=&#8221;center&#8221; style=&#8221;vc_box_rounded&#8221;][\/vc_column][\/vc_row][vc_row][vc_column][vc_column_text]<\/p>\n<h2><span style=\"color: #e3245e;\">Ktor\u00e9 \u010dasti interi\u00e9ru ste zverili do r\u00fak t\u00edmu ikuchyne.sk?<\/span><\/h2>\n<p>[\/vc_column_text][vc_column_text]<span style=\"color: #000000;\">M\u00e1me kuchy\u0148u, cel\u00fa ob\u00fdva\u010dku s\u00a0ve\u013ekou 10 metrovou kni\u017enicou a so zabudovan\u00fdm akv\u00e1riom, \u0161atn\u00edk a sp\u00e1l\u0148u. S\u00a0t\u00edmom ikuchyne.sk sa u\u017e v\u00e4\u010d\u0161inou vieme dohodn\u00fa\u0165 a n\u00e1js\u0165 kompromis medzi mojimi predstavami a\u00a0samotnou realiz\u00e1ciou ve\u013emi r\u00fdchlo.<\/span>[\/vc_column_text][vc_single_image image=&#8221;116010&#8243; img_size=&#8221;large&#8221; add_caption=&#8221;yes&#8221; alignment=&#8221;center&#8221; style=&#8221;vc_box_rounded&#8221;][\/vc_column][\/vc_row][vc_row][vc_column][vc_column_text]<\/p>\n<h2><span style=\"color: #e3245e;\">Pridr\u017eiavali ste sa pri zaria\u010fovan\u00ed ur\u010dit\u00e9ho \u0161t\u00fdlu alebo to bolo viac o spont\u00e1nnych rozhodnutiach?<\/span><\/h2>\n<p>[\/vc_column_text][vc_column_text]<span style=\"color: #000000;\">My sme si zariadili dom pre seba, v\u00a0ktorom sa budeme c\u00edti\u0165 dobre hlavne my. Niektor\u00ed odborn\u00edci by mo\u017eno povedali, \u017ee mie\u0161ame pr\u00edli\u0161 ve\u013ea \u0161t\u00fdlov dokopy alebo \u017ee tehlov\u00e1 stena by mala by\u0165 inej farby, aby sa viac hodila do interi\u00e9ru, ale n\u00e1m to takto vyhovuje. M\u00e1vame pomerne \u010dasto n\u00e1v\u0161tevy, tak\u017ee aj toto bolo k\u013e\u00fa\u010dov\u00fdm bodom pri zaria\u010fovan\u00ed n\u00e1\u0161ho domova.<\/span>[\/vc_column_text][\/vc_column][\/vc_row][vc_row][vc_column][vc_column_text]<\/p>\n<h2><span style=\"color: #e3245e;\">Mali ste nejak\u00e9 \u0161peci\u00e1lne po\u017eiadavky, bez ktor\u00fdch ste si svoju vysn\u00edvan\u00fa kuchy\u0148u nevedeli predstavi\u0165?<\/span><\/h2>\n<p>[\/vc_column_text][vc_column_text]<span style=\"color: #000000;\">Vedela som, \u017ee chcem tmav\u00fa kuchy\u0148u s\u00a0ostrovom a to je asi v\u0161etko. Zvy\u0161ok vzh\u013eadu sme dotv\u00e1rali postupne spolu s\u00a0ikuchyne.sk. Nechala som si teda poradi\u0165 od odborn\u00edkov a z\u00a0v\u00fdsledku som naozaj nad\u0161en\u00e1. Mus\u00edm prizna\u0165, \u017ee zrkadlovej z\u00e1steny, ktor\u00fa m\u00e1m v\u00a0kuchyni som sa spo\u010diatku tro\u0161ku b\u00e1la, no teraz som nesmierne rada, \u017ee som sa nechala presved\u010di\u0165\u2013 vyzer\u00e1 \u00fa\u017easne! Takisto, s\u00a0man\u017eelom sme ve\u013ek\u00ed milovn\u00edc\u00ed v\u00edna a dlho sme h\u013eadali aj vstavan\u00fa vinot\u00e9ku, s\u00a0ktorou n\u00e1m nakoniec poradil tie\u017e odborn\u00edk z\u00a0ikuchyne.sk, tak, aby to \u010do najlep\u0161ie zapadlo do konceptu a rie\u0161enia na\u0161ej kuchyne.<\/span>[\/vc_column_text][vc_single_image image=&#8221;116011&#8243; img_size=&#8221;large&#8221; add_caption=&#8221;yes&#8221; alignment=&#8221;center&#8221; style=&#8221;vc_box_rounded&#8221;][\/vc_column][\/vc_row][vc_row][vc_column][vc_column_text]<\/p>\n<h2><span style=\"color: #e3245e;\">Riadili ste sa pri v\u00fdbere kuchyne va\u0161ou z\u00e1\u013eubou pre varenie? Vyu\u017e\u00edvate ju \u010dasto?<\/span><\/h2>\n<p>[\/vc_column_text][vc_column_text]<span style=\"color: #000000;\">Ur\u010dite \u00e1no. Var\u00edme doma radi. Dokonca m\u00e1m na ostrove aj tepan, \u010do je gril z nerezovej ocele, na ktorom prirpavujem morsk\u00e9 plody a r\u00f4zne in\u00e9 dobroty na \u00e1zijsk\u00fd \u0161t\u00fdl. Ve\u013emi ho odpor\u00fa\u010dam. Celkom \u010dasto k n\u00e1m poz\u00fdvame priate\u013eov a zdr\u017eiavame sa pr\u00e1ve v kuchyni pri dobrom jedle a v\u00edne. \ud83d\ude42<\/span>[\/vc_column_text][vc_single_image image=&#8221;116012&#8243; img_size=&#8221;full&#8221; add_caption=&#8221;yes&#8221; alignment=&#8221;center&#8221; style=&#8221;vc_box_rounded&#8221;][\/vc_column][\/vc_row][vc_row][vc_column][vc_column_text]<\/p>\n<h2><span style=\"color: #e3245e;\">Toto je u\u017e va\u0161a piata spolupr\u00e1ca s ikuchyne.sk. Pre\u010do ste si rozhodli oslovi\u0165 pr\u00e1ve ich? <\/span><\/h2>\n<p>[\/vc_column_text][vc_column_text]<span style=\"color: #000000;\">Jednozna\u010dne kv\u00f4li v\u00fdbornej komunik\u00e1cii a spo\u013eahlivosti. Vlastne aj to je d\u00f4vod, pre\u010do si m\u00f4\u017eem dovoli\u0165 si s\u0165ahova\u0165 sa tak \u010dasto. S\u00a0tak\u00fdmto t\u00edmom \u013eud\u00ed je naozaj rados\u0165 spolupracova\u0165. V\u017edy vyberieme to najlep\u0161ie \u010do sa d\u00e1, ale za rozumn\u00fa cenu.<\/span>[\/vc_column_text][vc_column_text]<\/p>\n<h2><span style=\"color: #e3245e;\">Ako sme u\u017e spom\u00ednali, pomerne \u010dasto sa s\u0165ahujete. V \u010dom sa l\u00ed\u0161ilo zaria\u010fovanie v\u00e1\u0161ho prv\u00e9ho b\u00fdvania od toho posledn\u00e9ho?<\/span><\/h2>\n<p>[\/vc_column_text][vc_column_text]<span style=\"color: #000000;\">Ke\u010f som si k\u00fapila svoj prv\u00fd byt, tak som si najala architekta a vrazila do interi\u00e9ru \u0161ialene ve\u013ea pe\u0148az\u00ed. Dnes u\u017e viem, \u017ee by som to neurobila. \u00daplne zbyto\u010dne som si nak\u00fapila do bytu drah\u00fd n\u00e1bytok, ktor\u00fd som po \u010dase chcela aj tak vymeni\u0165 za nie\u010do nov\u00e9, neopozeran\u00e9. Aj dnes rada obmie\u0148am n\u00e1bytok a \u010dasti interi\u00e9ru. Niekedy v\u0161ak sta\u010d\u00ed vymeni\u0165 iba koberec, \u010di drobn\u00fd doplnok a hne\u010f m\u00e1te pocit, \u017ee v\u00e1\u0161 domov je in\u00fd \u2013 nov\u0161\u00ed.<\/span>[\/vc_column_text][vc_single_image image=&#8221;116013&#8243; img_size=&#8221;full&#8221; add_caption=&#8221;yes&#8221; alignment=&#8221;center&#8221; style=&#8221;vc_box_rounded&#8221;][vc_message icon_fontawesome=&#8221;fa fa-shopping-basket&#8221;]<strong>In\u0161pirujte sa!<\/strong> Modr\u00e1 jed\u00e1lensk\u00e1 stoli\u010dka <a href=\"https:\/\/ikuchyne.sk\/eshop\/produkt\/modra-stolicka-dutch-comfort-zamat\/\">Dutch Comfort<\/a> s pohodln\u00fdm \u010dal\u00fanen\u00fdm sed\u00e1kom z m\u00e4kk\u00e9ho zamatu a z\u00e1vesn\u00e1 chr\u00f3movan\u00e1 lampa <a href=\"https:\/\/ikuchyne.sk\/eshop\/produkt\/zavesna-lampa-ball-chrom\/\" class=\"broken_link\">Ball<\/a> s nad\u010dasov\u00fdm dizajnom s\u00fa k dispoz\u00edcii na <a href=\"http:\/\/www.ikuchyne.sk\/eshop\">ikuchyne.sk\/eshop<\/a>.[\/vc_message][\/vc_column][\/vc_row][vc_row][vc_column width=&#8221;1\/2&#8243;][vc_single_image image=&#8221;115987&#8243; img_size=&#8221;medium&#8221; add_caption=&#8221;yes&#8221; alignment=&#8221;center&#8221; style=&#8221;vc_box_rounded&#8221; onclick=&#8221;custom_link&#8221; img_link_target=&#8221;_blank&#8221; link=&#8221;https:\/\/ikuchyne.sk\/eshop\/produkt\/modra-stolicka-dutch-comfort-zamat\/&#8221;][\/vc_column][vc_column width=&#8221;1\/2&#8243;][vc_single_image image=&#8221;115988&#8243; img_size=&#8221;medium&#8221; add_caption=&#8221;yes&#8221; alignment=&#8221;center&#8221; style=&#8221;vc_box_rounded&#8221; onclick=&#8221;custom_link&#8221; img_link_target=&#8221;_blank&#8221; link=&#8221;https:\/\/ikuchyne.sk\/eshop\/produkt\/zavesna-lampa-ball-chrom\/&#8221;][\/vc_column][\/vc_row][vc_row][vc_column][vc_column_text]<\/p>\n<h2><span style=\"color: #e3245e;\">Spom\u00ednate si na nejak\u00fa \u00fasmevn\u00fa pr\u00edhodu po\u010das procesu realiz\u00e1cie? <\/span><\/h2>\n<p>[\/vc_column_text][vc_column_text]<span style=\"color: #000000;\">Jedna tak\u00e1 nastala u n\u00e1s v\u00a0ob\u00fdva\u010dke. Od v\u00fdrobcu, u ktor\u00e9ho sme si objednali akv\u00e1rium na mieru, sme dostali po\u017eiadavky k\u00a0rozmerom, ktor\u00e9 m\u00e1me necha\u0165 v\u00a0kni\u017enici otvoren\u00e9 na na\u0161e nov\u00e9 akv\u00e1rium. Ke\u010f pri\u0161li p\u00e1ni akv\u00e1rium nain\u0161talova\u0165, ozn\u00e1mili mi, \u017ee maj\u00fa probl\u00e9m. Cel\u00e1 som zbledla a sp\u00fdtala som sa o \u010do ide. Povedali mi, \u017ee ten otvor na akv\u00e1rium m\u00e1 180 cm a ja na to hovor\u00edm, \u017ee to je presne ten rozmer, ktor\u00fd predsa po\u017eadovali. P\u00e1ni na m\u0148a znova pozreli a hovoria: \u201e<\/span><span style=\"color: #000000;\"><i>Ale my sme nepredpokladali, \u017ee v\u00e1m to naozaj vyrobia \u00faplne na milimeter presne, to sa n\u00e1m e\u0161te nestalo.<\/i><\/span><span style=\"color: #000000;\">\u201c Nu\u017e, ke\u010f raz povieme v ikuchyne.sk 180 cm, budete ma\u0165 presne 180 cm. Akv\u00e1rium museli teda nakoniec prerobi\u0165. \ud83d\ude42<\/span>[\/vc_column_text][vc_single_image image=&#8221;116014&#8243; img_size=&#8221;full&#8221; add_caption=&#8221;yes&#8221; alignment=&#8221;center&#8221; style=&#8221;vc_box_rounded&#8221;][vc_column_text]<\/p>\n<h2><span style=\"color: #e3245e;\">Ke\u010f\u017ee u\u017e m\u00e1te ve\u013ea sk\u00fasenost\u00ed so zaria\u010fovan\u00edm, mohli by ste da\u0165 \u010ditate\u013eom, ktor\u00ed sa chystaj\u00fa zaria\u010fova\u0165 si svoj byt \u010di dom nejak\u00fa u\u017eito\u010dn\u00fa radu? <\/span><\/h2>\n<p>[\/vc_column_text][vc_column_text]<span style=\"color: #000000;\">Treba bra\u0165 oh\u013ead na to, \u017ee to, \u010do je modern\u00e9 teraz, nemus\u00ed by\u0165 modern\u00e9 aj o 5 rokov. My s\u00a0man\u017eelom u\u017e rozm\u00fd\u0161\u013eame pri zaria\u010fovan\u00ed dopredu a ve\u013ea k\u00faskov m\u00e1me vyroben\u00fdch na takom princ\u00edpe, \u017ee ich viem ve\u013emi \u013eahko vymeni\u0165 za in\u00fd k\u00fasok. Napr\u00edklad v prvom \u00a0byte som mala \u017elt\u00fa seda\u010dku, ktor\u00e1 mi ladila so \u017elt\u00fdmi poli\u010dkami v kuchyni. Po p\u00e1r rokoch som u\u017e c\u00edtila, \u017ee potrebujem zmeni\u0165 t\u00fa \u017elt\u00fa farbu. K\u00fapila som nov\u00fa seda\u010dku a poli\u010dky odmontovala a vymenila za nov\u00e9. V\u00fdsledn\u00fd efekt bol skvel\u00fd.<\/span>[\/vc_column_text][vc_single_image image=&#8221;116015&#8243; img_size=&#8221;full&#8221; add_caption=&#8221;yes&#8221; alignment=&#8221;center&#8221; style=&#8221;vc_box_rounded&#8221;][\/vc_column][\/vc_row]<\/p>\n","protected":false},"excerpt":{"rendered":"<p>[vc_row][vc_column][vc_column_text]Biznismenka a z\u00e1rove\u0148 Podnikate\u013eka Slovenska za rok 2017 pani O\u013ega Bu\u0161o sa s\u0165ahovania rozhodne neboj\u00ed. Za posledn\u00fdch sedem rokov to bolo presne trikr\u00e1t, kedy vymenila pohodlie svojho plne zariaden\u00e9ho b\u00fdvania<\/p>\n","protected":false},"author":456,"featured_media":116877,"comment_status":"closed","ping_status":"open","sticky":false,"template":"","format":"standard","meta":{"footnotes":""},"categories":[1008,1010],"tags":[],"yoast_head":"<!-- This site is optimized with the Yoast SEO plugin v22.1 - https:\/\/yoast.com\/wordpress\/plugins\/seo\/ -->\n<title>Spolupr\u00e1ca s\u00a0ikuchyne? Dost\u00e1vam dizajn aj funk\u010dnos\u0165 v\u00a0jednom! &#187;<\/title>\n<meta name=\"description\" content=\"Pr\u00edjemn\u00fd rozhovor so slovenskou podnikate\u013ekou roka O\u013egou Bu\u0161o. Pre\u010do sa rozhodla pre spolupr\u00e1cu s ikuchyne? Pre\u010d\u00edtajte si interview na blogu!\" \/>\n<meta name=\"robots\" content=\"index, follow, max-snippet:-1, max-image-preview:large, max-video-preview:-1\" \/>\n<link rel=\"canonical\" href=\"https:\/\/www.ikuchyne.sk\/eshop\/spolupraca-s-ikuchyne-sk-dostavam-dizajn-aj-funkcnost-v-jednom\/\" \/>\n<meta property=\"og:locale\" content=\"sk_SK\" \/>\n<meta property=\"og:type\" content=\"article\" \/>\n<meta property=\"og:title\" content=\"Spolupr\u00e1ca s\u00a0ikuchyne? Dost\u00e1vam dizajn aj funk\u010dnos\u0165 v\u00a0jednom! &#187;\" \/>\n<meta property=\"og:description\" content=\"Pr\u00edjemn\u00fd rozhovor so slovenskou podnikate\u013ekou roka O\u013egou Bu\u0161o. Pre\u010do sa rozhodla pre spolupr\u00e1cu s ikuchyne? Pre\u010d\u00edtajte si interview na blogu!\" \/>\n<meta property=\"og:url\" content=\"https:\/\/www.ikuchyne.sk\/eshop\/spolupraca-s-ikuchyne-sk-dostavam-dizajn-aj-funkcnost-v-jednom\/\" \/>\n<meta property=\"og:site_name\" content=\"iKuchyne iSHOP s n\u00e1bytkom\" \/>\n<meta property=\"article:publisher\" content=\"https:\/\/www.facebook.com\/ikuchyne\/\" \/>\n<meta property=\"article:published_time\" content=\"2019-09-19T08:49:22+00:00\" \/>\n<meta property=\"article:modified_time\" content=\"2019-10-14T12:35:04+00:00\" \/>\n<meta property=\"og:image\" content=\"https:\/\/www.ikuchyne.sk\/eshop\/wp-content\/uploads\/2019\/09\/O\u013ega-Bu\u0161o-1-scaled.jpg\" \/>\n\t<meta property=\"og:image:width\" content=\"2560\" \/>\n\t<meta property=\"og:image:height\" content=\"1707\" \/>\n\t<meta property=\"og:image:type\" content=\"image\/jpeg\" \/>\n<meta name=\"author\" content=\"Dominika Hozl\u00e1rov\u00e1\" \/>\n<meta name=\"twitter:card\" content=\"summary_large_image\" \/>\n<meta name=\"twitter:label1\" content=\"Autor\" \/>\n\t<meta name=\"twitter:data1\" content=\"Dominika Hozl\u00e1rov\u00e1\" \/>\n\t<meta name=\"twitter:label2\" content=\"Predpokladan\u00fd \u010das \u010d\u00edtania\" \/>\n\t<meta name=\"twitter:data2\" content=\"9 min\u00fat\" \/>\n<script type=\"application\/ld+json\" class=\"yoast-schema-graph\">{\"@context\":\"https:\/\/schema.org\",\"@graph\":[{\"@type\":\"Article\",\"@id\":\"https:\/\/www.ikuchyne.sk\/eshop\/spolupraca-s-ikuchyne-sk-dostavam-dizajn-aj-funkcnost-v-jednom\/#article\",\"isPartOf\":{\"@id\":\"https:\/\/www.ikuchyne.sk\/eshop\/spolupraca-s-ikuchyne-sk-dostavam-dizajn-aj-funkcnost-v-jednom\/\"},\"author\":{\"name\":\"Dominika Hozl\u00e1rov\u00e1\",\"@id\":\"https:\/\/www.ikuchyne.sk\/eshop\/#\/schema\/person\/3dd55775496710f6438fe9cb4029a9dd\"},\"headline\":\"Spolupr\u00e1ca s\u00a0ikuchyne? Dost\u00e1vam dizajn aj funk\u010dnos\u0165 v\u00a0jednom!\",\"datePublished\":\"2019-09-19T08:49:22+00:00\",\"dateModified\":\"2019-10-14T12:35:04+00:00\",\"mainEntityOfPage\":{\"@id\":\"https:\/\/www.ikuchyne.sk\/eshop\/spolupraca-s-ikuchyne-sk-dostavam-dizajn-aj-funkcnost-v-jednom\/\"},\"wordCount\":1744,\"publisher\":{\"@id\":\"https:\/\/www.ikuchyne.sk\/eshop\/#organization\"},\"articleSection\":[\"IN\u0160PIR\u00c1CIE\",\"N\u00c1BYTOK\"],\"inLanguage\":\"sk-SK\"},{\"@type\":\"WebPage\",\"@id\":\"https:\/\/www.ikuchyne.sk\/eshop\/spolupraca-s-ikuchyne-sk-dostavam-dizajn-aj-funkcnost-v-jednom\/\",\"url\":\"https:\/\/www.ikuchyne.sk\/eshop\/spolupraca-s-ikuchyne-sk-dostavam-dizajn-aj-funkcnost-v-jednom\/\",\"name\":\"Spolupr\u00e1ca s\u00a0ikuchyne? Dost\u00e1vam dizajn aj funk\u010dnos\u0165 v\u00a0jednom! &#187;\",\"isPartOf\":{\"@id\":\"https:\/\/www.ikuchyne.sk\/eshop\/#website\"},\"datePublished\":\"2019-09-19T08:49:22+00:00\",\"dateModified\":\"2019-10-14T12:35:04+00:00\",\"description\":\"Pr\u00edjemn\u00fd rozhovor so slovenskou podnikate\u013ekou roka O\u013egou Bu\u0161o. Pre\u010do sa rozhodla pre spolupr\u00e1cu s ikuchyne? Pre\u010d\u00edtajte si interview na blogu!\",\"breadcrumb\":{\"@id\":\"https:\/\/www.ikuchyne.sk\/eshop\/spolupraca-s-ikuchyne-sk-dostavam-dizajn-aj-funkcnost-v-jednom\/#breadcrumb\"},\"inLanguage\":\"sk-SK\",\"potentialAction\":[{\"@type\":\"ReadAction\",\"target\":[\"https:\/\/www.ikuchyne.sk\/eshop\/spolupraca-s-ikuchyne-sk-dostavam-dizajn-aj-funkcnost-v-jednom\/\"]}]},{\"@type\":\"BreadcrumbList\",\"@id\":\"https:\/\/www.ikuchyne.sk\/eshop\/spolupraca-s-ikuchyne-sk-dostavam-dizajn-aj-funkcnost-v-jednom\/#breadcrumb\",\"itemListElement\":[{\"@type\":\"ListItem\",\"position\":1,\"name\":\"Home\",\"item\":\"https:\/\/www.ikuchyne.sk\/eshop\/\"},{\"@type\":\"ListItem\",\"position\":2,\"name\":\"Spolupr\u00e1ca s\u00a0ikuchyne? Dost\u00e1vam dizajn aj funk\u010dnos\u0165 v\u00a0jednom!\"}]},{\"@type\":\"WebSite\",\"@id\":\"https:\/\/www.ikuchyne.sk\/eshop\/#website\",\"url\":\"https:\/\/www.ikuchyne.sk\/eshop\/\",\"name\":\"iKuchyne iSHOP s n\u00e1bytkom\",\"description\":\"Jed\u00e1lensk\u00e9 stoly, stoli\u010dky, n\u00e1bytok, svietidl\u00e1...\",\"publisher\":{\"@id\":\"https:\/\/www.ikuchyne.sk\/eshop\/#organization\"},\"potentialAction\":[{\"@type\":\"SearchAction\",\"target\":{\"@type\":\"EntryPoint\",\"urlTemplate\":\"https:\/\/www.ikuchyne.sk\/eshop\/?s={search_term_string}\"},\"query-input\":\"required name=search_term_string\"}],\"inLanguage\":\"sk-SK\"},{\"@type\":\"Organization\",\"@id\":\"https:\/\/www.ikuchyne.sk\/eshop\/#organization\",\"name\":\"ikuchyne!\",\"url\":\"https:\/\/www.ikuchyne.sk\/eshop\/\",\"logo\":{\"@type\":\"ImageObject\",\"inLanguage\":\"sk-SK\",\"@id\":\"https:\/\/www.ikuchyne.sk\/eshop\/#\/schema\/logo\/image\/\",\"url\":\"https:\/\/www.ikuchyne.sk\/eshop\/wp-content\/uploads\/2017\/04\/ikuchyne-logo.jpg\",\"contentUrl\":\"https:\/\/www.ikuchyne.sk\/eshop\/wp-content\/uploads\/2017\/04\/ikuchyne-logo.jpg\",\"width\":200,\"height\":48,\"caption\":\"ikuchyne!\"},\"image\":{\"@id\":\"https:\/\/www.ikuchyne.sk\/eshop\/#\/schema\/logo\/image\/\"},\"sameAs\":[\"https:\/\/www.facebook.com\/ikuchyne\/\",\"https:\/\/www.instagram.com\/ikuchyne.sk\/\",\"https:\/\/sk.pinterest.com\/ikuchynesk\/\"]},{\"@type\":\"Person\",\"@id\":\"https:\/\/www.ikuchyne.sk\/eshop\/#\/schema\/person\/3dd55775496710f6438fe9cb4029a9dd\",\"name\":\"Dominika Hozl\u00e1rov\u00e1\",\"image\":{\"@type\":\"ImageObject\",\"inLanguage\":\"sk-SK\",\"@id\":\"https:\/\/www.ikuchyne.sk\/eshop\/#\/schema\/person\/image\/\",\"url\":\"https:\/\/www.ikuchyne.sk\/eshop\/wp-content\/plugins\/wp-user-avatar\/deprecated\/wp-user-avatar\/images\/wpua-96x96.png\",\"contentUrl\":\"https:\/\/www.ikuchyne.sk\/eshop\/wp-content\/plugins\/wp-user-avatar\/deprecated\/wp-user-avatar\/images\/wpua-96x96.png\",\"caption\":\"Dominika Hozl\u00e1rov\u00e1\"},\"description\":\"Dominika pracuje v oblasti PR a marketingu a vo svojom vo\u013enom \u010dase sa venuje najm\u00e4 cestovaniu, j\u00f3ge a keramike. N\u00e1v\u0161teva gal\u00e9ri\u00ed po celom svete a p\u00edsanie \u010dl\u00e1nkov o interi\u00e9rovom dizajne ju in\u0161piruje aj pri v\u00fdrobe origin\u00e1lnych bytov\u00fdch dekor\u00e1ci\u00ed z keramiky.\",\"url\":\"https:\/\/www.ikuchyne.sk\/eshop\/author\/technikikuchyne-sk\/\"}]}<\/script>\n<!-- \/ Yoast SEO plugin. -->","yoast_head_json":{"title":"Spolupr\u00e1ca s\u00a0ikuchyne? Dost\u00e1vam dizajn aj funk\u010dnos\u0165 v\u00a0jednom! &#187;","description":"Pr\u00edjemn\u00fd rozhovor so slovenskou podnikate\u013ekou roka O\u013egou Bu\u0161o. Pre\u010do sa rozhodla pre spolupr\u00e1cu s ikuchyne? Pre\u010d\u00edtajte si interview na blogu!","robots":{"index":"index","follow":"follow","max-snippet":"max-snippet:-1","max-image-preview":"max-image-preview:large","max-video-preview":"max-video-preview:-1"},"canonical":"https:\/\/www.ikuchyne.sk\/eshop\/spolupraca-s-ikuchyne-sk-dostavam-dizajn-aj-funkcnost-v-jednom\/","og_locale":"sk_SK","og_type":"article","og_title":"Spolupr\u00e1ca s\u00a0ikuchyne? Dost\u00e1vam dizajn aj funk\u010dnos\u0165 v\u00a0jednom! &#187;","og_description":"Pr\u00edjemn\u00fd rozhovor so slovenskou podnikate\u013ekou roka O\u013egou Bu\u0161o. Pre\u010do sa rozhodla pre spolupr\u00e1cu s ikuchyne? Pre\u010d\u00edtajte si interview na blogu!","og_url":"https:\/\/www.ikuchyne.sk\/eshop\/spolupraca-s-ikuchyne-sk-dostavam-dizajn-aj-funkcnost-v-jednom\/","og_site_name":"iKuchyne iSHOP s n\u00e1bytkom","article_publisher":"https:\/\/www.facebook.com\/ikuchyne\/","article_published_time":"2019-09-19T08:49:22+00:00","article_modified_time":"2019-10-14T12:35:04+00:00","og_image":[{"width":2560,"height":1707,"url":"https:\/\/www.ikuchyne.sk\/eshop\/wp-content\/uploads\/2019\/09\/O\u013ega-Bu\u0161o-1-scaled.jpg","type":"image\/jpeg"}],"author":"Dominika Hozl\u00e1rov\u00e1","twitter_card":"summary_large_image","twitter_misc":{"Autor":"Dominika Hozl\u00e1rov\u00e1","Predpokladan\u00fd \u010das \u010d\u00edtania":"9 min\u00fat"},"schema":{"@context":"https:\/\/schema.org","@graph":[{"@type":"Article","@id":"https:\/\/www.ikuchyne.sk\/eshop\/spolupraca-s-ikuchyne-sk-dostavam-dizajn-aj-funkcnost-v-jednom\/#article","isPartOf":{"@id":"https:\/\/www.ikuchyne.sk\/eshop\/spolupraca-s-ikuchyne-sk-dostavam-dizajn-aj-funkcnost-v-jednom\/"},"author":{"name":"Dominika Hozl\u00e1rov\u00e1","@id":"https:\/\/www.ikuchyne.sk\/eshop\/#\/schema\/person\/3dd55775496710f6438fe9cb4029a9dd"},"headline":"Spolupr\u00e1ca s\u00a0ikuchyne? Dost\u00e1vam dizajn aj funk\u010dnos\u0165 v\u00a0jednom!","datePublished":"2019-09-19T08:49:22+00:00","dateModified":"2019-10-14T12:35:04+00:00","mainEntityOfPage":{"@id":"https:\/\/www.ikuchyne.sk\/eshop\/spolupraca-s-ikuchyne-sk-dostavam-dizajn-aj-funkcnost-v-jednom\/"},"wordCount":1744,"publisher":{"@id":"https:\/\/www.ikuchyne.sk\/eshop\/#organization"},"articleSection":["IN\u0160PIR\u00c1CIE","N\u00c1BYTOK"],"inLanguage":"sk-SK"},{"@type":"WebPage","@id":"https:\/\/www.ikuchyne.sk\/eshop\/spolupraca-s-ikuchyne-sk-dostavam-dizajn-aj-funkcnost-v-jednom\/","url":"https:\/\/www.ikuchyne.sk\/eshop\/spolupraca-s-ikuchyne-sk-dostavam-dizajn-aj-funkcnost-v-jednom\/","name":"Spolupr\u00e1ca s\u00a0ikuchyne? Dost\u00e1vam dizajn aj funk\u010dnos\u0165 v\u00a0jednom! &#187;","isPartOf":{"@id":"https:\/\/www.ikuchyne.sk\/eshop\/#website"},"datePublished":"2019-09-19T08:49:22+00:00","dateModified":"2019-10-14T12:35:04+00:00","description":"Pr\u00edjemn\u00fd rozhovor so slovenskou podnikate\u013ekou roka O\u013egou Bu\u0161o. Pre\u010do sa rozhodla pre spolupr\u00e1cu s ikuchyne? Pre\u010d\u00edtajte si interview na blogu!","breadcrumb":{"@id":"https:\/\/www.ikuchyne.sk\/eshop\/spolupraca-s-ikuchyne-sk-dostavam-dizajn-aj-funkcnost-v-jednom\/#breadcrumb"},"inLanguage":"sk-SK","potentialAction":[{"@type":"ReadAction","target":["https:\/\/www.ikuchyne.sk\/eshop\/spolupraca-s-ikuchyne-sk-dostavam-dizajn-aj-funkcnost-v-jednom\/"]}]},{"@type":"BreadcrumbList","@id":"https:\/\/www.ikuchyne.sk\/eshop\/spolupraca-s-ikuchyne-sk-dostavam-dizajn-aj-funkcnost-v-jednom\/#breadcrumb","itemListElement":[{"@type":"ListItem","position":1,"name":"Home","item":"https:\/\/www.ikuchyne.sk\/eshop\/"},{"@type":"ListItem","position":2,"name":"Spolupr\u00e1ca s\u00a0ikuchyne? Dost\u00e1vam dizajn aj funk\u010dnos\u0165 v\u00a0jednom!"}]},{"@type":"WebSite","@id":"https:\/\/www.ikuchyne.sk\/eshop\/#website","url":"https:\/\/www.ikuchyne.sk\/eshop\/","name":"iKuchyne iSHOP s n\u00e1bytkom","description":"Jed\u00e1lensk\u00e9 stoly, stoli\u010dky, n\u00e1bytok, svietidl\u00e1...","publisher":{"@id":"https:\/\/www.ikuchyne.sk\/eshop\/#organization"},"potentialAction":[{"@type":"SearchAction","target":{"@type":"EntryPoint","urlTemplate":"https:\/\/www.ikuchyne.sk\/eshop\/?s={search_term_string}"},"query-input":"required name=search_term_string"}],"inLanguage":"sk-SK"},{"@type":"Organization","@id":"https:\/\/www.ikuchyne.sk\/eshop\/#organization","name":"ikuchyne!","url":"https:\/\/www.ikuchyne.sk\/eshop\/","logo":{"@type":"ImageObject","inLanguage":"sk-SK","@id":"https:\/\/www.ikuchyne.sk\/eshop\/#\/schema\/logo\/image\/","url":"https:\/\/www.ikuchyne.sk\/eshop\/wp-content\/uploads\/2017\/04\/ikuchyne-logo.jpg","contentUrl":"https:\/\/www.ikuchyne.sk\/eshop\/wp-content\/uploads\/2017\/04\/ikuchyne-logo.jpg","width":200,"height":48,"caption":"ikuchyne!"},"image":{"@id":"https:\/\/www.ikuchyne.sk\/eshop\/#\/schema\/logo\/image\/"},"sameAs":["https:\/\/www.facebook.com\/ikuchyne\/","https:\/\/www.instagram.com\/ikuchyne.sk\/","https:\/\/sk.pinterest.com\/ikuchynesk\/"]},{"@type":"Person","@id":"https:\/\/www.ikuchyne.sk\/eshop\/#\/schema\/person\/3dd55775496710f6438fe9cb4029a9dd","name":"Dominika Hozl\u00e1rov\u00e1","image":{"@type":"ImageObject","inLanguage":"sk-SK","@id":"https:\/\/www.ikuchyne.sk\/eshop\/#\/schema\/person\/image\/","url":"https:\/\/www.ikuchyne.sk\/eshop\/wp-content\/plugins\/wp-user-avatar\/deprecated\/wp-user-avatar\/images\/wpua-96x96.png","contentUrl":"https:\/\/www.ikuchyne.sk\/eshop\/wp-content\/plugins\/wp-user-avatar\/deprecated\/wp-user-avatar\/images\/wpua-96x96.png","caption":"Dominika Hozl\u00e1rov\u00e1"},"description":"Dominika pracuje v oblasti PR a marketingu a vo svojom vo\u013enom \u010dase sa venuje najm\u00e4 cestovaniu, j\u00f3ge a keramike. N\u00e1v\u0161teva gal\u00e9ri\u00ed po celom svete a p\u00edsanie \u010dl\u00e1nkov o interi\u00e9rovom dizajne ju in\u0161piruje aj pri v\u00fdrobe origin\u00e1lnych bytov\u00fdch dekor\u00e1ci\u00ed z keramiky.","url":"https:\/\/www.ikuchyne.sk\/eshop\/author\/technikikuchyne-sk\/"}]}},"_links":{"self":[{"href":"https:\/\/www.ikuchyne.sk\/eshop\/wp-json\/wp\/v2\/posts\/115967"}],"collection":[{"href":"https:\/\/www.ikuchyne.sk\/eshop\/wp-json\/wp\/v2\/posts"}],"about":[{"href":"https:\/\/www.ikuchyne.sk\/eshop\/wp-json\/wp\/v2\/types\/post"}],"author":[{"embeddable":true,"href":"https:\/\/www.ikuchyne.sk\/eshop\/wp-json\/wp\/v2\/users\/456"}],"replies":[{"embeddable":true,"href":"https:\/\/www.ikuchyne.sk\/eshop\/wp-json\/wp\/v2\/comments?post=115967"}],"version-history":[{"count":15,"href":"https:\/\/www.ikuchyne.sk\/eshop\/wp-json\/wp\/v2\/posts\/115967\/revisions"}],"predecessor-version":[{"id":116879,"href":"https:\/\/www.ikuchyne.sk\/eshop\/wp-json\/wp\/v2\/posts\/115967\/revisions\/116879"}],"wp:featuredmedia":[{"embeddable":true,"href":"https:\/\/www.ikuchyne.sk\/eshop\/wp-json\/wp\/v2\/media\/116877"}],"wp:attachment":[{"href":"https:\/\/www.ikuchyne.sk\/eshop\/wp-json\/wp\/v2\/media?parent=115967"}],"wp:term":[{"taxonomy":"category","embeddable":true,"href":"https:\/\/www.ikuchyne.sk\/eshop\/wp-json\/wp\/v2\/categories?post=115967"},{"taxonomy":"post_tag","embeddable":true,"href":"https:\/\/www.ikuchyne.sk\/eshop\/wp-json\/wp\/v2\/tags?post=115967"}],"curies":[{"name":"wp","href":"https:\/\/api.w.org\/{rel}","templated":true}]}}