{"id":116729,"date":"2019-10-15T14:03:11","date_gmt":"2019-10-15T12:03:11","guid":{"rendered":"https:\/\/ikuchyne.sk\/eshop\/?p=116729"},"modified":"2019-10-15T14:14:49","modified_gmt":"2019-10-15T12:14:49","slug":"jedalenske-stolicky-v-nasich-realizaciach","status":"publish","type":"post","link":"https:\/\/www.ikuchyne.sk\/eshop\/jedalenske-stolicky-v-nasich-realizaciach\/","title":{"rendered":"Jed\u00e1lensk\u00e9 stoli\u010dky v na\u0161ich realiz\u00e1ci\u00e1ch"},"content":{"rendered":"<p>[vc_row][vc_column][vc_column_text]<span style=\"color: #000000;\">Pripravili sme pre v\u00e1s <strong>druh\u00fd diel<\/strong> zo s\u00e9rie &#8220;<strong>Produkty v na\u0161ich realiz\u00e1ci\u00e1ch<\/strong>&#8220;. Tento raz sa pozrieme na <strong>jed\u00e1lensk\u00e9 stoli\u010dky<\/strong>, ktor\u00e9 boli pou\u017eit\u00e9 v na\u0161ich realiz\u00e1ci\u00e1ch. Nezab\u00fadajte v\u0161ak, \u017ee na na\u0161om <a href=\"http:\/\/www.ikuchyne.sk\/eshop\">eshope<\/a> m\u00e1me \u0161irok\u00fa ponuku jed\u00e1lensk\u00fdch stoli\u010diek &#8211; samozrejme v r\u00f4zych \u0161t\u00fdloch, farb\u00e1ch a prevedeniach. Ako ste si mohli v\u0161imn\u00fa\u0165, medzi najob\u013e\u00fabenej\u0161ie stoli\u010dky patria tie, ktor\u00e9 s\u00fa v \u0161kandin\u00e1vskom preveden\u00ed. Ak to v\u0161ak nie\u00a0 je tak celkom va\u0161a \u0161\u00e1lka k\u00e1vy, nebojte sa! V \u010dl\u00e1nku n\u00e1jdete<strong> r\u00f4zne stoli\u010dky<\/strong> &#8211; farebn\u00e9, minimalistick\u00e9, aj dreven\u00e9. Krit\u00e9ri\u00ed na v\u00fdber jed\u00e1lensk\u00fdch stoli\u010diek je mnoho a preto \u017eiadne z nich nepodce\u0148te. Ver\u00edme, \u017ee n\u00e1jdete tie spr\u00e1vne \ud83d\ude42 Nech sa p\u00e1\u010di &#8211; <b>jed\u00e1lensk\u00e9 stoli\u010dky.<\/b><\/span>[\/vc_column_text][\/vc_column][\/vc_row][vc_row][vc_column][vc_column_text]<\/p>\n<h2><span style=\"color: #e3245e;\">1. Realiz\u00e1cia kuchyne \u2013 Fuxova<br \/>\n<\/span><\/h2>\n<p>[\/vc_column_text][vc_single_image image=&#8221;116730&#8243; img_size=&#8221;large&#8221; alignment=&#8221;center&#8221; style=&#8221;vc_box_rounded&#8221; onclick=&#8221;custom_link&#8221; img_link_target=&#8221;_blank&#8221; link=&#8221;https:\/\/ikuchyne.sk\/realizacia-kuchyne-fuxova&#8221;][\/vc_column][\/vc_row][vc_row][vc_column width=&#8221;1\/6&#8243;][\/vc_column][vc_column width=&#8221;2\/3&#8243;][vc_single_image image=&#8221;116739&#8243; img_size=&#8221;medium&#8221; add_caption=&#8221;yes&#8221; alignment=&#8221;center&#8221; style=&#8221;vc_box_rounded&#8221; onclick=&#8221;custom_link&#8221; img_link_target=&#8221;_blank&#8221; link=&#8221;https:\/\/ikuchyne.sk\/eshop\/produkt\/cierna-jedalenska-stolicka-scandinavia-retro\/&#8221;][\/vc_column][vc_column width=&#8221;1\/6&#8243;][\/vc_column][\/vc_row][vc_row][vc_column][vc_column_text]<\/p>\n<h2><span style=\"color: #e3245e;\">2. Antracitov\u00e1 kuchy\u0148a s ostrov\u010dekom \u2013 Bratislava<\/span><\/h2>\n<p>[\/vc_column_text][vc_single_image image=&#8221;116732&#8243; img_size=&#8221;large&#8221; alignment=&#8221;center&#8221; style=&#8221;vc_box_rounded&#8221; onclick=&#8221;custom_link&#8221; img_link_target=&#8221;_blank&#8221; link=&#8221;https:\/\/ikuchyne.sk\/antracitova-kuchyna-s-ostrovcekom-bratislava&#8221;][\/vc_column][\/vc_row][vc_row][vc_column width=&#8221;1\/6&#8243;][\/vc_column][vc_column width=&#8221;2\/3&#8243;][vc_single_image image=&#8221;116740&#8243; img_size=&#8221;medium&#8221; add_caption=&#8221;yes&#8221; alignment=&#8221;center&#8221; style=&#8221;vc_box_rounded&#8221; onclick=&#8221;custom_link&#8221; img_link_target=&#8221;_blank&#8221; link=&#8221;https:\/\/ikuchyne.sk\/eshop\/produkt\/stolicka-oxford-podruce-cognac\/&#8221;][\/vc_column][vc_column width=&#8221;1\/6&#8243;][\/vc_column][\/vc_row][vc_row][vc_column][vc_column_text]<\/p>\n<h2><span style=\"color: #e3245e;\">3. Realiz\u00e1cia bielej kuchyne \u2013 Bratislava<br \/>\n<\/span><\/h2>\n<p>[\/vc_column_text][vc_single_image image=&#8221;116733&#8243; img_size=&#8221;large&#8221; alignment=&#8221;center&#8221; style=&#8221;vc_box_rounded&#8221; onclick=&#8221;custom_link&#8221; img_link_target=&#8221;_blank&#8221; link=&#8221;https:\/\/ikuchyne.sk\/biela-kuchyna&#8221;][\/vc_column][\/vc_row][vc_row][vc_column width=&#8221;1\/6&#8243;][\/vc_column][vc_column width=&#8221;2\/3&#8243;][vc_single_image image=&#8221;116741&#8243; img_size=&#8221;medium&#8221; add_caption=&#8221;yes&#8221; alignment=&#8221;center&#8221; style=&#8221;vc_box_rounded&#8221; onclick=&#8221;custom_link&#8221; img_link_target=&#8221;_blank&#8221; link=&#8221;https:\/\/ikuchyne.sk\/eshop\/produkt\/stolicka-h-666-biela\/&#8221;][\/vc_column][vc_column width=&#8221;1\/6&#8243;][\/vc_column][\/vc_row][vc_row][vc_column][vc_column_text]<\/p>\n<h2><span style=\"color: #e3245e;\">4. Realiz\u00e1cia kuchyne vo vysokom lesku \u2013 Cappuccino<br \/>\n<\/span><\/h2>\n<p>[\/vc_column_text][vc_single_image image=&#8221;116734&#8243; img_size=&#8221;large&#8221; alignment=&#8221;center&#8221; style=&#8221;vc_box_rounded&#8221; onclick=&#8221;custom_link&#8221; img_link_target=&#8221;_blank&#8221; link=&#8221;https:\/\/ikuchyne.sk\/realizacia-kuchyne-vo-vysokom-lesku-cappuccino\/&#8221;][\/vc_column][\/vc_row][vc_row][vc_column width=&#8221;1\/6&#8243;][\/vc_column][vc_column width=&#8221;2\/3&#8243;][vc_single_image image=&#8221;116742&#8243; img_size=&#8221;medium&#8221; add_caption=&#8221;yes&#8221; alignment=&#8221;center&#8221; style=&#8221;vc_box_rounded&#8221; onclick=&#8221;custom_link&#8221; img_link_target=&#8221;_blank&#8221; link=&#8221;https:\/\/ikuchyne.sk\/eshop\/produkt\/stolicka-h-666-bezova\/&#8221;][\/vc_column][vc_column width=&#8221;1\/6&#8243;][\/vc_column][\/vc_row][vc_row][vc_column][vc_column_text]<\/p>\n<h2><span style=\"color: #e3245e;\">5. 2,5-izbov\u00fd byt v Urban Residence<br \/>\n<\/span><\/h2>\n<p>[\/vc_column_text][vc_single_image image=&#8221;116735&#8243; img_size=&#8221;large&#8221; alignment=&#8221;center&#8221; style=&#8221;vc_box_rounded&#8221; onclick=&#8221;custom_link&#8221; img_link_target=&#8221;_blank&#8221; link=&#8221;https:\/\/ikuchyne.sk\/2-5-izbovy-byt-v-urban-residence&#8221;][\/vc_column][\/vc_row][vc_row][vc_column width=&#8221;1\/4&#8243;][\/vc_column][vc_column width=&#8221;1\/2&#8243;][vc_single_image image=&#8221;116743&#8243; img_size=&#8221;medium&#8221; add_caption=&#8221;yes&#8221; alignment=&#8221;center&#8221; style=&#8221;vc_box_rounded&#8221; onclick=&#8221;custom_link&#8221; img_link_target=&#8221;_blank&#8221; link=&#8221;https:\/\/ikuchyne.sk\/eshop\/produkt\/stolicka-axel-biela\/&#8221;][\/vc_column][vc_column width=&#8221;1\/4&#8243;][\/vc_column][\/vc_row][vc_row][vc_column][vc_column_text]<\/p>\n<h2><span style=\"color: #e3245e;\">6. Realiz\u00e1cia vzorov\u00e9ho bytu v novej \u0161tvrti Mal\u00e9 Kras\u0148any<\/span><\/h2>\n<p>[\/vc_column_text][vc_single_image image=&#8221;116738&#8243; img_size=&#8221;large&#8221; alignment=&#8221;center&#8221; style=&#8221;vc_box_rounded&#8221; onclick=&#8221;custom_link&#8221; img_link_target=&#8221;_blank&#8221; link=&#8221;https:\/\/ikuchyne.sk\/vzorovy-byt-male-krasnany-modry\/&#8221;][\/vc_column][\/vc_row][vc_row][vc_column width=&#8221;1\/4&#8243;][\/vc_column][vc_column width=&#8221;1\/2&#8243;][vc_single_image image=&#8221;116744&#8243; img_size=&#8221;medium&#8221; add_caption=&#8221;yes&#8221; alignment=&#8221;center&#8221; style=&#8221;vc_box_rounded&#8221; onclick=&#8221;custom_link&#8221; img_link_target=&#8221;_blank&#8221; link=&#8221;https:\/\/ikuchyne.sk\/eshop\/produkt\/stolicka-scandinavia-biela-drevo-masiv\/&#8221;][\/vc_column][vc_column width=&#8221;1\/4&#8243;][\/vc_column][\/vc_row][vc_row][vc_column][vc_column_text]<\/p>\n<h2><span style=\"color: #e3245e;\">7. Vzorov\u00fd byt \u2013 Mal\u00e9 Kras\u0148any<\/span><\/h2>\n<p>[\/vc_column_text][vc_single_image image=&#8221;116706&#8243; img_size=&#8221;large&#8221; alignment=&#8221;center&#8221; style=&#8221;vc_box_rounded&#8221; onclick=&#8221;custom_link&#8221; img_link_target=&#8221;_blank&#8221; link=&#8221;https:\/\/ikuchyne.sk\/vzorovy-byt-male-krasnany&#8221;][\/vc_column][\/vc_row][vc_row][vc_column width=&#8221;1\/6&#8243;][\/vc_column][vc_column width=&#8221;2\/3&#8243;][vc_single_image image=&#8221;116714&#8243; img_size=&#8221;medium&#8221; add_caption=&#8221;yes&#8221; alignment=&#8221;center&#8221; style=&#8221;vc_box_rounded&#8221; onclick=&#8221;custom_link&#8221; img_link_target=&#8221;_blank&#8221; link=&#8221;https:\/\/ikuchyne.sk\/eshop\/produkt\/stolicka-scandinavia-cord-siva\/&#8221;][\/vc_column][vc_column width=&#8221;1\/6&#8243;][\/vc_column][\/vc_row][vc_row][vc_column][vc_column_text]<\/p>\n<h2><span style=\"color: #e3245e;\">8. Realiz\u00e1cia bytu v bielom mate \u2013 Bratislava<\/span><\/h2>\n<p>[\/vc_column_text][vc_single_image image=&#8221;116707&#8243; img_size=&#8221;large&#8221; alignment=&#8221;center&#8221; style=&#8221;vc_box_rounded&#8221; onclick=&#8221;custom_link&#8221; img_link_target=&#8221;_blank&#8221; link=&#8221;https:\/\/ikuchyne.sk\/realizacia-bytu-v-bielom-mate-bratislava&#8221;][\/vc_column][\/vc_row][vc_row][vc_column width=&#8221;1\/6&#8243;][\/vc_column][vc_column width=&#8221;2\/3&#8243;][vc_single_image image=&#8221;116716&#8243; img_size=&#8221;medium&#8221; add_caption=&#8221;yes&#8221; alignment=&#8221;center&#8221; style=&#8221;vc_box_rounded&#8221; onclick=&#8221;custom_link&#8221; img_link_target=&#8221;_blank&#8221; link=&#8221;https:\/\/ikuchyne.sk\/eshop\/produkt\/stolicka-scandinavia-struktur-cierna\/&#8221;][\/vc_column][vc_column width=&#8221;1\/6&#8243;][\/vc_column][\/vc_row][vc_row][vc_column][vc_column_text]<\/p>\n<h2><span style=\"color: #e3245e;\">9. 1-izbov\u00fd byt \u2013 Mal\u00e9 Kras\u0148any<\/span><\/h2>\n<p>[\/vc_column_text][vc_single_image image=&#8221;116708&#8243; img_size=&#8221;large&#8221; alignment=&#8221;center&#8221; style=&#8221;vc_box_rounded&#8221; onclick=&#8221;custom_link&#8221; img_link_target=&#8221;_blank&#8221; link=&#8221;https:\/\/ikuchyne.sk\/1-izbovy-byt-male-krasnany&#8221;][\/vc_column][\/vc_row][vc_row][vc_column width=&#8221;1\/6&#8243;][\/vc_column][vc_column width=&#8221;2\/3&#8243;][vc_single_image image=&#8221;116717&#8243; img_size=&#8221;medium&#8221; add_caption=&#8221;yes&#8221; alignment=&#8221;center&#8221; style=&#8221;vc_box_rounded&#8221; onclick=&#8221;custom_link&#8221; img_link_target=&#8221;_blank&#8221; link=&#8221;https:\/\/ikuchyne.sk\/eshop\/produkt\/stolicka-scandinavia-struktur-svetloseda\/&#8221;][\/vc_column][vc_column width=&#8221;1\/6&#8243;][\/vc_column][\/vc_row][vc_row][vc_column][vc_column_text]<\/p>\n<h2><span style=\"color: #e3245e;\">10. Kuchy\u0148a s mramorom a n\u00e1bytok na mieru \u2013 Mal\u00e9 Kras\u0148any<br \/>\n<\/span><\/h2>\n<p>[\/vc_column_text][vc_single_image image=&#8221;116709&#8243; img_size=&#8221;large&#8221; alignment=&#8221;center&#8221; style=&#8221;vc_box_rounded&#8221; onclick=&#8221;custom_link&#8221; img_link_target=&#8221;_blank&#8221; link=&#8221;https:\/\/ikuchyne.sk\/kuchyna-s-mramorom-a-nabytok-na-mieru-male-krasnany&#8221;][\/vc_column][\/vc_row][vc_row][vc_column width=&#8221;1\/6&#8243;][\/vc_column][vc_column width=&#8221;2\/3&#8243;][vc_single_image image=&#8221;116718&#8243; img_size=&#8221;medium&#8221; add_caption=&#8221;yes&#8221; alignment=&#8221;center&#8221; style=&#8221;vc_box_rounded&#8221; onclick=&#8221;custom_link&#8221; img_link_target=&#8221;_blank&#8221; link=&#8221;https:\/\/ikuchyne.sk\/eshop\/produkt\/stolicka-kris-svetloseda\/&#8221;][\/vc_column][vc_column width=&#8221;1\/6&#8243;][\/vc_column][\/vc_row][vc_row][vc_column][vc_column_text]<\/p>\n<h2><span style=\"color: #e3245e;\">11. Realiz\u00e1cia antracitovej matnej kuchyne \u2013 Bratislava<\/span><\/h2>\n<p>[\/vc_column_text][vc_single_image image=&#8221;116710&#8243; img_size=&#8221;large&#8221; alignment=&#8221;center&#8221; style=&#8221;vc_box_rounded&#8221; onclick=&#8221;custom_link&#8221; img_link_target=&#8221;_blank&#8221; link=&#8221;https:\/\/ikuchyne.sk\/antracitova-kuchyna&#8221;][\/vc_column][\/vc_row][vc_row][vc_column width=&#8221;1\/4&#8243;][\/vc_column][vc_column width=&#8221;1\/2&#8243;][vc_single_image image=&#8221;116719&#8243; img_size=&#8221;medium&#8221; add_caption=&#8221;yes&#8221; alignment=&#8221;center&#8221; style=&#8221;vc_box_rounded&#8221; onclick=&#8221;custom_link&#8221; img_link_target=&#8221;_blank&#8221; link=&#8221;https:\/\/ikuchyne.sk\/eshop\/produkt\/modra-stolicka-dutch-comfort-zamat\/&#8221;][\/vc_column][vc_column width=&#8221;1\/4&#8243;][\/vc_column][\/vc_row][vc_row][vc_column][vc_column_text]<\/p>\n<h2><span style=\"color: #e3245e;\">12. Realiz\u00e1cia kuchyne s v\u00fdklenkom \u2013 \u010cere\u0161ne Bratislava<\/span><\/h2>\n<p>[\/vc_column_text][vc_single_image image=&#8221;116711&#8243; img_size=&#8221;large&#8221; alignment=&#8221;center&#8221; style=&#8221;vc_box_rounded&#8221; onclick=&#8221;custom_link&#8221; img_link_target=&#8221;_blank&#8221; link=&#8221;https:\/\/ikuchyne.sk\/realizacia-kuchyne-s-vyklenkom-ceresne-bratislava\/&#8221;][\/vc_column][\/vc_row][vc_row][vc_column width=&#8221;1\/4&#8243;][\/vc_column][vc_column width=&#8221;1\/2&#8243;][vc_single_image image=&#8221;116720&#8243; img_size=&#8221;medium&#8221; add_caption=&#8221;yes&#8221; alignment=&#8221;center&#8221; style=&#8221;vc_box_rounded&#8221; onclick=&#8221;custom_link&#8221; img_link_target=&#8221;_blank&#8221; link=&#8221;https:\/\/ikuchyne.sk\/eshop\/produkt\/stolicka-lagos-sheesham\/&#8221;][\/vc_column][vc_column width=&#8221;1\/4&#8243;][\/vc_column][\/vc_row][vc_row][vc_column][vc_column_text]<\/p>\n<h2><span style=\"color: #e3245e;\">13. 2,5-izbov\u00fd byt v Urban Residence<\/span><\/h2>\n<p>[\/vc_column_text][vc_single_image image=&#8221;116712&#8243; img_size=&#8221;large&#8221; alignment=&#8221;center&#8221; style=&#8221;vc_box_rounded&#8221; onclick=&#8221;custom_link&#8221; img_link_target=&#8221;_blank&#8221; link=&#8221;https:\/\/ikuchyne.sk\/2-5-izbovy-byt-v-urban-residence&#8221;][\/vc_column][\/vc_row][vc_row][vc_column width=&#8221;1\/4&#8243;][\/vc_column][vc_column width=&#8221;1\/2&#8243;][vc_single_image image=&#8221;116721&#8243; img_size=&#8221;medium&#8221; add_caption=&#8221;yes&#8221; alignment=&#8221;center&#8221; style=&#8221;vc_box_rounded&#8221; onclick=&#8221;custom_link&#8221; img_link_target=&#8221;_blank&#8221; link=&#8221;https:\/\/ikuchyne.sk\/eshop\/produkt\/jedalenska-stolicka-wir-chair\/&#8221;][\/vc_column][vc_column width=&#8221;1\/4&#8243;][\/vc_column][\/vc_row][vc_row][vc_column][vc_column_text]<\/p>\n<h2><span style=\"color: #e3245e;\">14. Vzorov\u00fd byt v Mal\u00fdch Kras\u0148anoch<br \/>\n<\/span><\/h2>\n<p>[\/vc_column_text][vc_single_image image=&#8221;116713&#8243; img_size=&#8221;large&#8221; alignment=&#8221;center&#8221; style=&#8221;vc_box_rounded&#8221; onclick=&#8221;custom_link&#8221; img_link_target=&#8221;_blank&#8221; link=&#8221;https:\/\/ikuchyne.sk\/vzorovy-byt-v-malych-krasnanoch&#8221;][\/vc_column][\/vc_row][vc_row][vc_column width=&#8221;1\/4&#8243;][\/vc_column][vc_column width=&#8221;1\/2&#8243;][vc_single_image image=&#8221;116722&#8243; img_size=&#8221;medium&#8221; add_caption=&#8221;yes&#8221; alignment=&#8221;center&#8221; style=&#8221;vc_box_rounded&#8221; onclick=&#8221;custom_link&#8221; img_link_target=&#8221;_blank&#8221; link=&#8221;https:\/\/ikuchyne.sk\/eshop\/produkt\/stolicka-alex-grafit\/&#8221;][\/vc_column][vc_column width=&#8221;1\/4&#8243;][\/vc_column][\/vc_row][vc_row][vc_column][vc_column_text]<span style=\"color: #000000;\">Ver\u00edme, \u017ee sa v\u00e1m sekcia <strong>&#8220;jed\u00e1lensk\u00e9 stoli\u010dky v na\u0161ich realiz\u00e1ci\u00e1ch&#8221;<\/strong> p\u00e1\u010dila. \u010cl\u00e1nok o stoli\u010dk\u00e1ch , ktor\u00e9 boli v realiz\u00e1ciach pou\u017eit\u00e9,budeme priebe\u017ene aktualizova\u0165, nev\u00e1hajte si preto pr\u00edspevok ulo\u017ei\u0165 do z\u00e1lo\u017eiek :-). Ako m\u00f4\u017eete vidie\u0165, existuje mnoho tipov jed\u00e1lensk\u00fdch stoli\u010diek &#8211; maj\u00fa <strong>r\u00f4zne prevedenia, farby, \u010di tvary<\/strong>. V\u00fdber t\u00fdch spr\u00e1vnych jed\u00e1lensk\u00fdch stoli\u010diek si preto dostato\u010dne premyslite. Pri ich v\u00fdbere je ve\u013emi d\u00f4le\u017eit\u00e9 myslie\u0165 na <strong>priestor<\/strong>, ktor\u00fdm disponujete a aj to, ko\u013eko \u013eud\u00ed bude pri stole sedie\u0165. D\u00fafame, \u017ee sme v\u00e1s aspo\u0148 trochu in\u0161pirovali, no a ak n\u00e1hodou nie, pozrite si \u0161irok\u00fa ponuku na\u0161ich stoli\u010diek na eshope<strong> <a style=\"color: #000000;\" href=\"https:\/\/ikuchyne.sk\/eshop\/jedalenske-stolicky\/\">ikuchyne.sk\/eshop<\/a><\/strong>. Prajeme v\u00e1m ve\u013ea \u0161tastia pri n\u00e1jden\u00ed t\u00fdch prav\u00fdch!<\/span><\/p>\n<p><span style=\"color: #000000;\">Ak sa v\u00e1m \u010dl\u00e1nok p\u00e1\u010dil, pozrite si aj zvy\u0161ok \u010dl\u00e1nkov zo s\u00e9rie <em>Produkty v na\u0161ich realiz\u00e1ci\u00e1ch.<\/em><\/span>[\/vc_column_text][\/vc_column][\/vc_row]<\/p>\n","protected":false},"excerpt":{"rendered":"<p>[vc_row][vc_column][vc_column_text]Pripravili sme pre v\u00e1s druh\u00fd diel zo s\u00e9rie &#8220;Produkty v na\u0161ich realiz\u00e1ci\u00e1ch&#8220;. Tento raz sa pozrieme na jed\u00e1lensk\u00e9 stoli\u010dky, ktor\u00e9 boli pou\u017eit\u00e9 v na\u0161ich realiz\u00e1ci\u00e1ch. Nezab\u00fadajte v\u0161ak, \u017ee na na\u0161om<\/p>\n","protected":false},"author":1,"featured_media":116727,"comment_status":"closed","ping_status":"open","sticky":false,"template":"","format":"standard","meta":{"footnotes":""},"categories":[1129],"tags":[],"yoast_head":"<!-- This site is optimized with the Yoast SEO plugin v22.1 - https:\/\/yoast.com\/wordpress\/plugins\/seo\/ -->\n<title>Jed\u00e1lensk\u00e9 stoli\u010dky v na\u0161ich realiz\u00e1ci\u00e1ch &#187; iKuchyne iSHOP s n\u00e1bytkom<\/title>\n<meta name=\"description\" content=\"Jed\u00e1lensk\u00e9 stoli\u010dky z e-shopu ikuchyne! pou\u017eit\u00e9 v realiz\u00e1ci\u00e1ch interi\u00e9rov od ikuchyne!. In\u0161pirujte sa na\u0161\u00edm v\u00fdberom a pre\u010d\u00edtajte si \u010dl\u00e1nok.\" \/>\n<meta name=\"robots\" content=\"index, follow, max-snippet:-1, max-image-preview:large, max-video-preview:-1\" \/>\n<link rel=\"canonical\" href=\"https:\/\/www.ikuchyne.sk\/eshop\/jedalenske-stolicky-v-nasich-realizaciach\/\" \/>\n<meta property=\"og:locale\" content=\"sk_SK\" \/>\n<meta property=\"og:type\" content=\"article\" \/>\n<meta property=\"og:title\" content=\"Jed\u00e1lensk\u00e9 stoli\u010dky v na\u0161ich realiz\u00e1ci\u00e1ch &#187; iKuchyne iSHOP s n\u00e1bytkom\" \/>\n<meta property=\"og:description\" content=\"Jed\u00e1lensk\u00e9 stoli\u010dky z e-shopu ikuchyne! pou\u017eit\u00e9 v realiz\u00e1ci\u00e1ch interi\u00e9rov od ikuchyne!. In\u0161pirujte sa na\u0161\u00edm v\u00fdberom a pre\u010d\u00edtajte si \u010dl\u00e1nok.\" \/>\n<meta property=\"og:url\" content=\"https:\/\/www.ikuchyne.sk\/eshop\/jedalenske-stolicky-v-nasich-realizaciach\/\" \/>\n<meta property=\"og:site_name\" content=\"iKuchyne iSHOP s n\u00e1bytkom\" \/>\n<meta property=\"article:publisher\" content=\"https:\/\/www.facebook.com\/ikuchyne\/\" \/>\n<meta property=\"article:published_time\" content=\"2019-10-15T12:03:11+00:00\" \/>\n<meta property=\"article:modified_time\" content=\"2019-10-15T12:14:49+00:00\" \/>\n<meta property=\"og:image\" content=\"https:\/\/www.ikuchyne.sk\/eshop\/wp-content\/uploads\/2019\/10\/Stolicka-The-Dutch-Comfort-zamat-blau-38597.jpg\" \/>\n\t<meta property=\"og:image:width\" content=\"800\" \/>\n\t<meta property=\"og:image:height\" content=\"533\" \/>\n\t<meta property=\"og:image:type\" content=\"image\/jpeg\" \/>\n<meta name=\"author\" content=\"Michaela \u0160\u00e1rkoziov\u00e1\" \/>\n<meta name=\"twitter:card\" content=\"summary_large_image\" \/>\n<meta name=\"twitter:label1\" content=\"Autor\" \/>\n\t<meta name=\"twitter:data1\" content=\"Michaela \u0160\u00e1rkoziov\u00e1\" \/>\n\t<meta name=\"twitter:label2\" content=\"Predpokladan\u00fd \u010das \u010d\u00edtania\" \/>\n\t<meta name=\"twitter:data2\" content=\"8 min\u00fat\" \/>\n<script type=\"application\/ld+json\" class=\"yoast-schema-graph\">{\"@context\":\"https:\/\/schema.org\",\"@graph\":[{\"@type\":\"Article\",\"@id\":\"https:\/\/www.ikuchyne.sk\/eshop\/jedalenske-stolicky-v-nasich-realizaciach\/#article\",\"isPartOf\":{\"@id\":\"https:\/\/www.ikuchyne.sk\/eshop\/jedalenske-stolicky-v-nasich-realizaciach\/\"},\"author\":{\"name\":\"Michaela \u0160\u00e1rkoziov\u00e1\",\"@id\":\"https:\/\/www.ikuchyne.sk\/eshop\/#\/schema\/person\/18f8f13a771bacd545827c6e50b07f24\"},\"headline\":\"Jed\u00e1lensk\u00e9 stoli\u010dky v na\u0161ich realiz\u00e1ci\u00e1ch\",\"datePublished\":\"2019-10-15T12:03:11+00:00\",\"dateModified\":\"2019-10-15T12:14:49+00:00\",\"mainEntityOfPage\":{\"@id\":\"https:\/\/www.ikuchyne.sk\/eshop\/jedalenske-stolicky-v-nasich-realizaciach\/\"},\"wordCount\":1698,\"publisher\":{\"@id\":\"https:\/\/www.ikuchyne.sk\/eshop\/#organization\"},\"articleSection\":[\"Produkty v realiz\u00e1ciach\"],\"inLanguage\":\"sk-SK\"},{\"@type\":\"WebPage\",\"@id\":\"https:\/\/www.ikuchyne.sk\/eshop\/jedalenske-stolicky-v-nasich-realizaciach\/\",\"url\":\"https:\/\/www.ikuchyne.sk\/eshop\/jedalenske-stolicky-v-nasich-realizaciach\/\",\"name\":\"Jed\u00e1lensk\u00e9 stoli\u010dky v na\u0161ich realiz\u00e1ci\u00e1ch &#187; iKuchyne iSHOP s n\u00e1bytkom\",\"isPartOf\":{\"@id\":\"https:\/\/www.ikuchyne.sk\/eshop\/#website\"},\"datePublished\":\"2019-10-15T12:03:11+00:00\",\"dateModified\":\"2019-10-15T12:14:49+00:00\",\"description\":\"Jed\u00e1lensk\u00e9 stoli\u010dky z e-shopu ikuchyne! pou\u017eit\u00e9 v realiz\u00e1ci\u00e1ch interi\u00e9rov od ikuchyne!. In\u0161pirujte sa na\u0161\u00edm v\u00fdberom a pre\u010d\u00edtajte si \u010dl\u00e1nok.\",\"breadcrumb\":{\"@id\":\"https:\/\/www.ikuchyne.sk\/eshop\/jedalenske-stolicky-v-nasich-realizaciach\/#breadcrumb\"},\"inLanguage\":\"sk-SK\",\"potentialAction\":[{\"@type\":\"ReadAction\",\"target\":[\"https:\/\/www.ikuchyne.sk\/eshop\/jedalenske-stolicky-v-nasich-realizaciach\/\"]}]},{\"@type\":\"BreadcrumbList\",\"@id\":\"https:\/\/www.ikuchyne.sk\/eshop\/jedalenske-stolicky-v-nasich-realizaciach\/#breadcrumb\",\"itemListElement\":[{\"@type\":\"ListItem\",\"position\":1,\"name\":\"Home\",\"item\":\"https:\/\/www.ikuchyne.sk\/eshop\/\"},{\"@type\":\"ListItem\",\"position\":2,\"name\":\"Jed\u00e1lensk\u00e9 stoli\u010dky v na\u0161ich realiz\u00e1ci\u00e1ch\"}]},{\"@type\":\"WebSite\",\"@id\":\"https:\/\/www.ikuchyne.sk\/eshop\/#website\",\"url\":\"https:\/\/www.ikuchyne.sk\/eshop\/\",\"name\":\"iKuchyne iSHOP s n\u00e1bytkom\",\"description\":\"Jed\u00e1lensk\u00e9 stoly, stoli\u010dky, n\u00e1bytok, svietidl\u00e1...\",\"publisher\":{\"@id\":\"https:\/\/www.ikuchyne.sk\/eshop\/#organization\"},\"potentialAction\":[{\"@type\":\"SearchAction\",\"target\":{\"@type\":\"EntryPoint\",\"urlTemplate\":\"https:\/\/www.ikuchyne.sk\/eshop\/?s={search_term_string}\"},\"query-input\":\"required name=search_term_string\"}],\"inLanguage\":\"sk-SK\"},{\"@type\":\"Organization\",\"@id\":\"https:\/\/www.ikuchyne.sk\/eshop\/#organization\",\"name\":\"ikuchyne!\",\"url\":\"https:\/\/www.ikuchyne.sk\/eshop\/\",\"logo\":{\"@type\":\"ImageObject\",\"inLanguage\":\"sk-SK\",\"@id\":\"https:\/\/www.ikuchyne.sk\/eshop\/#\/schema\/logo\/image\/\",\"url\":\"https:\/\/www.ikuchyne.sk\/eshop\/wp-content\/uploads\/2017\/04\/ikuchyne-logo.jpg\",\"contentUrl\":\"https:\/\/www.ikuchyne.sk\/eshop\/wp-content\/uploads\/2017\/04\/ikuchyne-logo.jpg\",\"width\":200,\"height\":48,\"caption\":\"ikuchyne!\"},\"image\":{\"@id\":\"https:\/\/www.ikuchyne.sk\/eshop\/#\/schema\/logo\/image\/\"},\"sameAs\":[\"https:\/\/www.facebook.com\/ikuchyne\/\",\"https:\/\/www.instagram.com\/ikuchyne.sk\/\",\"https:\/\/sk.pinterest.com\/ikuchynesk\/\"]},{\"@type\":\"Person\",\"@id\":\"https:\/\/www.ikuchyne.sk\/eshop\/#\/schema\/person\/18f8f13a771bacd545827c6e50b07f24\",\"name\":\"Michaela \u0160\u00e1rkoziov\u00e1\",\"image\":{\"@type\":\"ImageObject\",\"inLanguage\":\"sk-SK\",\"@id\":\"https:\/\/www.ikuchyne.sk\/eshop\/#\/schema\/person\/image\/\",\"url\":\"https:\/\/www.ikuchyne.sk\/eshop\/wp-content\/plugins\/wp-user-avatar\/deprecated\/wp-user-avatar\/images\/wpua-96x96.png\",\"contentUrl\":\"https:\/\/www.ikuchyne.sk\/eshop\/wp-content\/plugins\/wp-user-avatar\/deprecated\/wp-user-avatar\/images\/wpua-96x96.png\",\"caption\":\"Michaela \u0160\u00e1rkoziov\u00e1\"},\"url\":\"https:\/\/www.ikuchyne.sk\/eshop\/author\/ikuchyne\/\"}]}<\/script>\n<!-- \/ Yoast SEO plugin. -->","yoast_head_json":{"title":"Jed\u00e1lensk\u00e9 stoli\u010dky v na\u0161ich realiz\u00e1ci\u00e1ch &#187; iKuchyne iSHOP s n\u00e1bytkom","description":"Jed\u00e1lensk\u00e9 stoli\u010dky z e-shopu ikuchyne! pou\u017eit\u00e9 v realiz\u00e1ci\u00e1ch interi\u00e9rov od ikuchyne!. In\u0161pirujte sa na\u0161\u00edm v\u00fdberom a pre\u010d\u00edtajte si \u010dl\u00e1nok.","robots":{"index":"index","follow":"follow","max-snippet":"max-snippet:-1","max-image-preview":"max-image-preview:large","max-video-preview":"max-video-preview:-1"},"canonical":"https:\/\/www.ikuchyne.sk\/eshop\/jedalenske-stolicky-v-nasich-realizaciach\/","og_locale":"sk_SK","og_type":"article","og_title":"Jed\u00e1lensk\u00e9 stoli\u010dky v na\u0161ich realiz\u00e1ci\u00e1ch &#187; iKuchyne iSHOP s n\u00e1bytkom","og_description":"Jed\u00e1lensk\u00e9 stoli\u010dky z e-shopu ikuchyne! pou\u017eit\u00e9 v realiz\u00e1ci\u00e1ch interi\u00e9rov od ikuchyne!. In\u0161pirujte sa na\u0161\u00edm v\u00fdberom a pre\u010d\u00edtajte si \u010dl\u00e1nok.","og_url":"https:\/\/www.ikuchyne.sk\/eshop\/jedalenske-stolicky-v-nasich-realizaciach\/","og_site_name":"iKuchyne iSHOP s n\u00e1bytkom","article_publisher":"https:\/\/www.facebook.com\/ikuchyne\/","article_published_time":"2019-10-15T12:03:11+00:00","article_modified_time":"2019-10-15T12:14:49+00:00","og_image":[{"width":800,"height":533,"url":"https:\/\/www.ikuchyne.sk\/eshop\/wp-content\/uploads\/2019\/10\/Stolicka-The-Dutch-Comfort-zamat-blau-38597.jpg","type":"image\/jpeg"}],"author":"Michaela \u0160\u00e1rkoziov\u00e1","twitter_card":"summary_large_image","twitter_misc":{"Autor":"Michaela \u0160\u00e1rkoziov\u00e1","Predpokladan\u00fd \u010das \u010d\u00edtania":"8 min\u00fat"},"schema":{"@context":"https:\/\/schema.org","@graph":[{"@type":"Article","@id":"https:\/\/www.ikuchyne.sk\/eshop\/jedalenske-stolicky-v-nasich-realizaciach\/#article","isPartOf":{"@id":"https:\/\/www.ikuchyne.sk\/eshop\/jedalenske-stolicky-v-nasich-realizaciach\/"},"author":{"name":"Michaela \u0160\u00e1rkoziov\u00e1","@id":"https:\/\/www.ikuchyne.sk\/eshop\/#\/schema\/person\/18f8f13a771bacd545827c6e50b07f24"},"headline":"Jed\u00e1lensk\u00e9 stoli\u010dky v na\u0161ich realiz\u00e1ci\u00e1ch","datePublished":"2019-10-15T12:03:11+00:00","dateModified":"2019-10-15T12:14:49+00:00","mainEntityOfPage":{"@id":"https:\/\/www.ikuchyne.sk\/eshop\/jedalenske-stolicky-v-nasich-realizaciach\/"},"wordCount":1698,"publisher":{"@id":"https:\/\/www.ikuchyne.sk\/eshop\/#organization"},"articleSection":["Produkty v realiz\u00e1ciach"],"inLanguage":"sk-SK"},{"@type":"WebPage","@id":"https:\/\/www.ikuchyne.sk\/eshop\/jedalenske-stolicky-v-nasich-realizaciach\/","url":"https:\/\/www.ikuchyne.sk\/eshop\/jedalenske-stolicky-v-nasich-realizaciach\/","name":"Jed\u00e1lensk\u00e9 stoli\u010dky v na\u0161ich realiz\u00e1ci\u00e1ch &#187; iKuchyne iSHOP s n\u00e1bytkom","isPartOf":{"@id":"https:\/\/www.ikuchyne.sk\/eshop\/#website"},"datePublished":"2019-10-15T12:03:11+00:00","dateModified":"2019-10-15T12:14:49+00:00","description":"Jed\u00e1lensk\u00e9 stoli\u010dky z e-shopu ikuchyne! pou\u017eit\u00e9 v realiz\u00e1ci\u00e1ch interi\u00e9rov od ikuchyne!. In\u0161pirujte sa na\u0161\u00edm v\u00fdberom a pre\u010d\u00edtajte si \u010dl\u00e1nok.","breadcrumb":{"@id":"https:\/\/www.ikuchyne.sk\/eshop\/jedalenske-stolicky-v-nasich-realizaciach\/#breadcrumb"},"inLanguage":"sk-SK","potentialAction":[{"@type":"ReadAction","target":["https:\/\/www.ikuchyne.sk\/eshop\/jedalenske-stolicky-v-nasich-realizaciach\/"]}]},{"@type":"BreadcrumbList","@id":"https:\/\/www.ikuchyne.sk\/eshop\/jedalenske-stolicky-v-nasich-realizaciach\/#breadcrumb","itemListElement":[{"@type":"ListItem","position":1,"name":"Home","item":"https:\/\/www.ikuchyne.sk\/eshop\/"},{"@type":"ListItem","position":2,"name":"Jed\u00e1lensk\u00e9 stoli\u010dky v na\u0161ich realiz\u00e1ci\u00e1ch"}]},{"@type":"WebSite","@id":"https:\/\/www.ikuchyne.sk\/eshop\/#website","url":"https:\/\/www.ikuchyne.sk\/eshop\/","name":"iKuchyne iSHOP s n\u00e1bytkom","description":"Jed\u00e1lensk\u00e9 stoly, stoli\u010dky, n\u00e1bytok, svietidl\u00e1...","publisher":{"@id":"https:\/\/www.ikuchyne.sk\/eshop\/#organization"},"potentialAction":[{"@type":"SearchAction","target":{"@type":"EntryPoint","urlTemplate":"https:\/\/www.ikuchyne.sk\/eshop\/?s={search_term_string}"},"query-input":"required name=search_term_string"}],"inLanguage":"sk-SK"},{"@type":"Organization","@id":"https:\/\/www.ikuchyne.sk\/eshop\/#organization","name":"ikuchyne!","url":"https:\/\/www.ikuchyne.sk\/eshop\/","logo":{"@type":"ImageObject","inLanguage":"sk-SK","@id":"https:\/\/www.ikuchyne.sk\/eshop\/#\/schema\/logo\/image\/","url":"https:\/\/www.ikuchyne.sk\/eshop\/wp-content\/uploads\/2017\/04\/ikuchyne-logo.jpg","contentUrl":"https:\/\/www.ikuchyne.sk\/eshop\/wp-content\/uploads\/2017\/04\/ikuchyne-logo.jpg","width":200,"height":48,"caption":"ikuchyne!"},"image":{"@id":"https:\/\/www.ikuchyne.sk\/eshop\/#\/schema\/logo\/image\/"},"sameAs":["https:\/\/www.facebook.com\/ikuchyne\/","https:\/\/www.instagram.com\/ikuchyne.sk\/","https:\/\/sk.pinterest.com\/ikuchynesk\/"]},{"@type":"Person","@id":"https:\/\/www.ikuchyne.sk\/eshop\/#\/schema\/person\/18f8f13a771bacd545827c6e50b07f24","name":"Michaela \u0160\u00e1rkoziov\u00e1","image":{"@type":"ImageObject","inLanguage":"sk-SK","@id":"https:\/\/www.ikuchyne.sk\/eshop\/#\/schema\/person\/image\/","url":"https:\/\/www.ikuchyne.sk\/eshop\/wp-content\/plugins\/wp-user-avatar\/deprecated\/wp-user-avatar\/images\/wpua-96x96.png","contentUrl":"https:\/\/www.ikuchyne.sk\/eshop\/wp-content\/plugins\/wp-user-avatar\/deprecated\/wp-user-avatar\/images\/wpua-96x96.png","caption":"Michaela \u0160\u00e1rkoziov\u00e1"},"url":"https:\/\/www.ikuchyne.sk\/eshop\/author\/ikuchyne\/"}]}},"_links":{"self":[{"href":"https:\/\/www.ikuchyne.sk\/eshop\/wp-json\/wp\/v2\/posts\/116729"}],"collection":[{"href":"https:\/\/www.ikuchyne.sk\/eshop\/wp-json\/wp\/v2\/posts"}],"about":[{"href":"https:\/\/www.ikuchyne.sk\/eshop\/wp-json\/wp\/v2\/types\/post"}],"author":[{"embeddable":true,"href":"https:\/\/www.ikuchyne.sk\/eshop\/wp-json\/wp\/v2\/users\/1"}],"replies":[{"embeddable":true,"href":"https:\/\/www.ikuchyne.sk\/eshop\/wp-json\/wp\/v2\/comments?post=116729"}],"version-history":[{"count":7,"href":"https:\/\/www.ikuchyne.sk\/eshop\/wp-json\/wp\/v2\/posts\/116729\/revisions"}],"predecessor-version":[{"id":116923,"href":"https:\/\/www.ikuchyne.sk\/eshop\/wp-json\/wp\/v2\/posts\/116729\/revisions\/116923"}],"wp:featuredmedia":[{"embeddable":true,"href":"https:\/\/www.ikuchyne.sk\/eshop\/wp-json\/"}],"wp:attachment":[{"href":"https:\/\/www.ikuchyne.sk\/eshop\/wp-json\/wp\/v2\/media?parent=116729"}],"wp:term":[{"taxonomy":"category","embeddable":true,"href":"https:\/\/www.ikuchyne.sk\/eshop\/wp-json\/wp\/v2\/categories?post=116729"},{"taxonomy":"post_tag","embeddable":true,"href":"https:\/\/www.ikuchyne.sk\/eshop\/wp-json\/wp\/v2\/tags?post=116729"}],"curies":[{"name":"wp","href":"https:\/\/api.w.org\/{rel}","templated":true}]}}