{"id":116850,"date":"2019-10-16T16:22:30","date_gmt":"2019-10-16T14:22:30","guid":{"rendered":"https:\/\/ikuchyne.sk\/eshop\/?p=116850"},"modified":"2019-10-16T16:24:04","modified_gmt":"2019-10-16T14:24:04","slug":"svietidla-v-nasich-realizaciach","status":"publish","type":"post","link":"https:\/\/www.ikuchyne.sk\/eshop\/svietidla-v-nasich-realizaciach\/","title":{"rendered":"Svietidl\u00e1 v na\u0161ich realiz\u00e1ci\u00e1ch"},"content":{"rendered":"<p>[vc_row][vc_column][vc_column_text]<span style=\"color: #000000;\"><strong>Svietidl\u00e1 s\u00fa bez poch\u00fdb neodl\u00fa\u010dite\u013enou s\u00fa\u010das\u0165ou ka\u017ed\u00e9ho jedn\u00e9ho interi\u00e9ru.<\/strong> Pozdvihuj\u00fa domov na \u00faplne in\u00fa \u00farove\u0148 &#8211; dod\u00e1vaj\u00fa mu t\u00fa pomyseln\u00fa \u010dere\u0161ni\u010dku na torte. Bez kvalitn\u00fdch svietidiel by sme si nevedeli predstavi\u0165 \u017eiaden interi\u00e9r. Je ve\u013emi d\u00f4le\u017eit\u00e9 aj to, ak\u00fa farbu svetla si do interi\u00e9ru zvol\u00edme &#8211; <strong>tepl\u00fa, alebo studen\u00fa?<\/strong> To je u\u017e samozrejme na v\u00e1s &#8211; zatia\u013e sa in\u0161pirujte na\u0161imi realiz\u00e1ciami, kde boli pou\u017eit\u00e9 aj svietidl\u00e1 z n\u00e1\u0161ho e-shopu<a style=\"color: #000000;\" href=\"http:\/\/www.ikuchyne.sk\/eshop\"> ikuchyne.sk\/eshop<\/a>. Nech sa p\u00e1\u010di!<\/span>[\/vc_column_text][\/vc_column][\/vc_row][vc_row][vc_column][vc_column_text]<\/p>\n<h2><span style=\"color: #e3245e;\">1. Z\u00e1vesn\u00e1 lampa Cement 3<\/span><\/h2>\n<p>[\/vc_column_text][vc_single_image image=&#8221;116851&#8243; img_size=&#8221;large&#8221; alignment=&#8221;center&#8221; style=&#8221;vc_box_rounded&#8221; onclick=&#8221;custom_link&#8221; img_link_target=&#8221;_blank&#8221; link=&#8221;https:\/\/ikuchyne.sk\/moderny-apartman-v-urban-residence&#8221;][vc_single_image image=&#8221;116852&#8243; img_size=&#8221;large&#8221; alignment=&#8221;center&#8221; style=&#8221;vc_box_rounded&#8221; onclick=&#8221;custom_link&#8221; img_link_target=&#8221;_blank&#8221; link=&#8221;https:\/\/ikuchyne.sk\/vzorovy-byt-male-krasnany&#8221;][\/vc_column][\/vc_row][vc_row][vc_column width=&#8221;1\/6&#8243;][\/vc_column][vc_column width=&#8221;2\/3&#8243;][vc_single_image image=&#8221;116853&#8243; img_size=&#8221;medium&#8221; add_caption=&#8221;yes&#8221; alignment=&#8221;center&#8221; style=&#8221;vc_box_rounded&#8221; onclick=&#8221;custom_link&#8221; img_link_target=&#8221;_blank&#8221; link=&#8221;https:\/\/ikuchyne.sk\/eshop\/produkt\/zavesna-lampa-cement-siva-3er-beton\/&#8221;][\/vc_column][vc_column width=&#8221;1\/6&#8243;][\/vc_column][\/vc_row][vc_row][vc_column][vc_column_text]<\/p>\n<h2><span style=\"color: #e3245e;\">2. Meden\u00e1 z\u00e1vesn\u00e1 lampa Cage S<\/span><\/h2>\n<p>[\/vc_column_text][vc_single_image image=&#8221;116854&#8243; img_size=&#8221;large&#8221; alignment=&#8221;center&#8221; style=&#8221;vc_box_rounded&#8221; onclick=&#8221;custom_link&#8221; img_link_target=&#8221;_blank&#8221; link=&#8221;https:\/\/ikuchyne.sk\/realizacia-kuchyne-v-matnych-materialoch&#8221;][vc_single_image image=&#8221;116855&#8243; img_size=&#8221;large&#8221; alignment=&#8221;center&#8221; style=&#8221;vc_box_rounded&#8221; onclick=&#8221;custom_link&#8221; img_link_target=&#8221;_blank&#8221; link=&#8221;https:\/\/ikuchyne.sk\/moderne-mestske-byvanie-urban-residence&#8221;][\/vc_column][\/vc_row][vc_row][vc_column width=&#8221;1\/6&#8243;][\/vc_column][vc_column width=&#8221;2\/3&#8243;][vc_single_image image=&#8221;116856&#8243; img_size=&#8221;medium&#8221; add_caption=&#8221;yes&#8221; alignment=&#8221;center&#8221; style=&#8221;vc_box_rounded&#8221; onclick=&#8221;custom_link&#8221; img_link_target=&#8221;_blank&#8221; link=&#8221;https:\/\/ikuchyne.sk\/eshop\/produkt\/zavesna-lampa-cage-s-med\/&#8221;][\/vc_column][vc_column width=&#8221;1\/6&#8243;][\/vc_column][\/vc_row][vc_row][vc_column][vc_column_text]<\/p>\n<h2><span style=\"color: #e3245e;\">3. \u010cierna z\u00e1vesn\u00e1 lampa Cage S a L<\/span><\/h2>\n<p>[\/vc_column_text][vc_single_image image=&#8221;116857&#8243; img_size=&#8221;large&#8221; alignment=&#8221;center&#8221; style=&#8221;vc_box_rounded&#8221; onclick=&#8221;custom_link&#8221; img_link_target=&#8221;_blank&#8221; link=&#8221;https:\/\/ikuchyne.sk\/2-5-izbovy-byt-v-urban-residence&#8221;][\/vc_column][\/vc_row][vc_row][vc_column width=&#8221;1\/2&#8243;][vc_single_image image=&#8221;116858&#8243; img_size=&#8221;medium&#8221; add_caption=&#8221;yes&#8221; alignment=&#8221;center&#8221; style=&#8221;vc_box_rounded&#8221; onclick=&#8221;custom_link&#8221; img_link_target=&#8221;_blank&#8221; link=&#8221;https:\/\/ikuchyne.sk\/eshop\/produkt\/zavesna-lampa-cage-s-cierna\/&#8221;][\/vc_column][vc_column width=&#8221;1\/2&#8243;][vc_single_image image=&#8221;116859&#8243; img_size=&#8221;medium&#8221; add_caption=&#8221;yes&#8221; alignment=&#8221;center&#8221; style=&#8221;vc_box_rounded&#8221; onclick=&#8221;custom_link&#8221; img_link_target=&#8221;_blank&#8221; link=&#8221;https:\/\/ikuchyne.sk\/eshop\/produkt\/zavesna-lampa-cage-l-cierna\/&#8221;][\/vc_column][\/vc_row][vc_row][vc_column][vc_column_text]<\/p>\n<h2><span style=\"color: #e3245e;\">5. Chr\u00f3movan\u00e1 z\u00e1vesn\u00e1 lampa Ball \u00d8 30 cm<\/span><\/h2>\n<p>[\/vc_column_text][vc_single_image image=&#8221;116311&#8243; img_size=&#8221;large&#8221; alignment=&#8221;center&#8221; style=&#8221;vc_box_rounded&#8221; onclick=&#8221;custom_link&#8221; img_link_target=&#8221;_blank&#8221; link=&#8221;https:\/\/ikuchyne.sk\/vzorovy-byt-v-malych-krasnanoch&#8221;][vc_single_image image=&#8221;116861&#8243; img_size=&#8221;large&#8221; alignment=&#8221;center&#8221; style=&#8221;vc_box_rounded&#8221; onclick=&#8221;custom_link&#8221; img_link_target=&#8221;_blank&#8221; link=&#8221;https:\/\/ikuchyne.sk\/vzorovy-byt-v-malych-krasnanoch&#8221;][\/vc_column][\/vc_row][vc_row][vc_column width=&#8221;1\/4&#8243;][\/vc_column][vc_column width=&#8221;1\/2&#8243;][vc_single_image image=&#8221;116862&#8243; img_size=&#8221;medium&#8221; add_caption=&#8221;yes&#8221; alignment=&#8221;center&#8221; style=&#8221;vc_box_rounded&#8221; onclick=&#8221;custom_link&#8221; img_link_target=&#8221;_blank&#8221; link=&#8221;https:\/\/ikuchyne.sk\/eshop\/produkt\/zavesna-lampa-ball-chrom\/&#8221;][\/vc_column][vc_column width=&#8221;1\/4&#8243;][\/vc_column][\/vc_row][vc_row][vc_column][vc_column_text]<\/p>\n<h2><span style=\"color: #e3245e;\">6. \u010cierno-siv\u00e1 z\u00e1vesn\u00e1 lampa Levels 5<\/span><\/h2>\n<p>[\/vc_column_text][vc_single_image image=&#8221;116863&#8243; img_size=&#8221;large&#8221; alignment=&#8221;center&#8221; style=&#8221;vc_box_rounded&#8221; onclick=&#8221;custom_link&#8221; img_link_target=&#8221;_blank&#8221; link=&#8221;https:\/\/ikuchyne.sk\/studio-male-krasnany&#8221;][\/vc_column][\/vc_row][vc_row][vc_column width=&#8221;1\/4&#8243;][\/vc_column][vc_column width=&#8221;1\/2&#8243;][vc_single_image image=&#8221;116864&#8243; img_size=&#8221;medium&#8221; add_caption=&#8221;yes&#8221; alignment=&#8221;center&#8221; style=&#8221;vc_box_rounded&#8221; onclick=&#8221;custom_link&#8221; img_link_target=&#8221;_blank&#8221; link=&#8221;https:\/\/ikuchyne.sk\/eshop\/produkt\/zavesna-lampa-levels-5\/&#8221;][\/vc_column][vc_column width=&#8221;1\/4&#8243;][\/vc_column][\/vc_row][vc_row][vc_column][vc_column_text]<\/p>\n<h2><span style=\"color: #e3245e;\">7. \u010cierna z\u00e1vesn\u00e1 lampa Scandinavia I. a II.<\/span><\/h2>\n<p>[\/vc_column_text][vc_single_image image=&#8221;116865&#8243; img_size=&#8221;large&#8221; alignment=&#8221;center&#8221; style=&#8221;vc_box_rounded&#8221; onclick=&#8221;custom_link&#8221; img_link_target=&#8221;_blank&#8221; link=&#8221;https:\/\/ikuchyne.sk\/apartman-v-malych-krasnanoch&#8221;][vc_single_image image=&#8221;116866&#8243; img_size=&#8221;large&#8221; alignment=&#8221;center&#8221; style=&#8221;vc_box_rounded&#8221; onclick=&#8221;custom_link&#8221; img_link_target=&#8221;_blank&#8221; link=&#8221;https:\/\/ikuchyne.sk\/1-izbovy-byt-male-krasnany&#8221;][\/vc_column][\/vc_row][vc_row][vc_column width=&#8221;1\/2&#8243;][vc_single_image image=&#8221;116867&#8243; img_size=&#8221;medium&#8221; add_caption=&#8221;yes&#8221; alignment=&#8221;center&#8221; style=&#8221;vc_box_rounded&#8221; onclick=&#8221;custom_link&#8221; img_link_target=&#8221;_blank&#8221; link=&#8221;https:\/\/ikuchyne.sk\/eshop\/produkt\/zavesna-lampa-scandinavia-cierna\/&#8221;][\/vc_column][vc_column width=&#8221;1\/2&#8243;][vc_single_image image=&#8221;116868&#8243; img_size=&#8221;medium&#8221; add_caption=&#8221;yes&#8221; alignment=&#8221;center&#8221; style=&#8221;vc_box_rounded&#8221; onclick=&#8221;custom_link&#8221; img_link_target=&#8221;_blank&#8221; link=&#8221;https:\/\/ikuchyne.sk\/eshop\/produkt\/zavesna-lampa-scandinavia-ii-cierna\/&#8221;][\/vc_column][\/vc_row][vc_row][vc_column][vc_column_text]<span style=\"color: #000000;\">Toto boli svietidl\u00e1 z n\u00e1\u0161ho eshopu<a style=\"color: #000000;\" href=\"http:\/\/www.ikuchyne.sk\/eshop\"> iKuchyne.sk<\/a>, ktor\u00e9 boli pou\u017eit\u00e9 na realizovanie interi\u00e9rov na\u0161ich klientov. V na\u0161ej ponuke n\u00e1jdete \u0161irok\u00fa \u0161k\u00e1lu r\u00f4znych svietidiel. Na v\u00fdber m\u00e1te svietidl\u00e1 stolov\u00e9, vo\u013ene stojace, \u010di z\u00e1vesn\u00e9. N\u00e1jdete u n\u00e1s aj <strong>r\u00f4zne \u0161t\u00fdly svietidiel<\/strong> &#8211; modern\u00e9, luxusn\u00e9, minimalistick\u00e9, extravagantn\u00e9, ale aj lampy vhodn\u00e9 do vidiecky laden\u00e9ho interi\u00e9ru. <\/span><\/p>\n<p><span style=\"color: #000000;\">Dajte si v\u0161ak z\u00e1le\u017ea\u0165 aj na v\u00fdbere farebnej teploty svetla. Do pracovne je vhodn\u00e9 <strong>studen\u00e9 svetlo<\/strong> &#8211; dr\u017e\u00ed v\u00e1s koncentrovan\u00fdch a va\u0161a pr\u00e1ca tak p\u00f4jde jednoduch\u0161ie. Naopak, ke\u010f sa rozhodujete pre farbu svetla v ob\u00fdva\u010dke &#8211; vyberte si <strong>teplej\u0161ie odtiene<\/strong>. Vytvor\u00ed to pocit pokoja a vy tak bez probl\u00e9mov zrelaxujete.<\/span>[\/vc_column_text][\/vc_column][\/vc_row]<\/p>\n","protected":false},"excerpt":{"rendered":"<p>[vc_row][vc_column][vc_column_text]Svietidl\u00e1 s\u00fa bez poch\u00fdb neodl\u00fa\u010dite\u013enou s\u00fa\u010das\u0165ou ka\u017ed\u00e9ho jedn\u00e9ho interi\u00e9ru. Pozdvihuj\u00fa domov na \u00faplne in\u00fa \u00farove\u0148 &#8211; dod\u00e1vaj\u00fa mu t\u00fa pomyseln\u00fa \u010dere\u0161ni\u010dku na torte. Bez kvalitn\u00fdch svietidiel by sme si nevedeli<\/p>\n","protected":false},"author":1,"featured_media":116861,"comment_status":"closed","ping_status":"open","sticky":false,"template":"","format":"standard","meta":{"footnotes":""},"categories":[1129],"tags":[],"yoast_head":"<!-- This site is optimized with the Yoast SEO plugin v22.1 - https:\/\/yoast.com\/wordpress\/plugins\/seo\/ -->\n<title>Svietidl\u00e1 v na\u0161ich realiz\u00e1ci\u00e1ch &#187; iKuchyne iSHOP s n\u00e1bytkom<\/title>\n<meta name=\"description\" content=\"Zaria\u010fujete si interi\u00e9r? In\u0161pirujte sa na\u0161imi realiz\u00e1ciami, kde boli pou\u017eit\u00e9 svietidl\u00e1 a \u010fal\u0161ie produkty z n\u00e1\u0161ho e-shopu ikuchyne!.\" \/>\n<meta name=\"robots\" content=\"index, follow, max-snippet:-1, max-image-preview:large, max-video-preview:-1\" \/>\n<link rel=\"canonical\" href=\"https:\/\/www.ikuchyne.sk\/eshop\/svietidla-v-nasich-realizaciach\/\" \/>\n<meta property=\"og:locale\" content=\"sk_SK\" \/>\n<meta property=\"og:type\" content=\"article\" \/>\n<meta property=\"og:title\" content=\"Svietidl\u00e1 v na\u0161ich realiz\u00e1ci\u00e1ch &#187; iKuchyne iSHOP s n\u00e1bytkom\" \/>\n<meta property=\"og:description\" content=\"Zaria\u010fujete si interi\u00e9r? In\u0161pirujte sa na\u0161imi realiz\u00e1ciami, kde boli pou\u017eit\u00e9 svietidl\u00e1 a \u010fal\u0161ie produkty z n\u00e1\u0161ho e-shopu ikuchyne!.\" \/>\n<meta property=\"og:url\" content=\"https:\/\/www.ikuchyne.sk\/eshop\/svietidla-v-nasich-realizaciach\/\" \/>\n<meta property=\"og:site_name\" content=\"iKuchyne iSHOP s n\u00e1bytkom\" \/>\n<meta property=\"article:publisher\" content=\"https:\/\/www.facebook.com\/ikuchyne\/\" \/>\n<meta property=\"article:published_time\" content=\"2019-10-16T14:22:30+00:00\" \/>\n<meta property=\"article:modified_time\" content=\"2019-10-16T14:24:04+00:00\" \/>\n<meta property=\"og:image\" content=\"https:\/\/www.ikuchyne.sk\/eshop\/wp-content\/uploads\/2019\/10\/lampa-chrom-ball.jpg\" \/>\n\t<meta property=\"og:image:width\" content=\"1280\" \/>\n\t<meta property=\"og:image:height\" content=\"853\" \/>\n\t<meta property=\"og:image:type\" content=\"image\/jpeg\" \/>\n<meta name=\"author\" content=\"Michaela \u0160\u00e1rkoziov\u00e1\" \/>\n<meta name=\"twitter:card\" content=\"summary_large_image\" \/>\n<meta name=\"twitter:label1\" content=\"Autor\" \/>\n\t<meta name=\"twitter:data1\" content=\"Michaela \u0160\u00e1rkoziov\u00e1\" \/>\n\t<meta name=\"twitter:label2\" content=\"Predpokladan\u00fd \u010das \u010d\u00edtania\" \/>\n\t<meta name=\"twitter:data2\" content=\"5 min\u00fat\" \/>\n<script type=\"application\/ld+json\" class=\"yoast-schema-graph\">{\"@context\":\"https:\/\/schema.org\",\"@graph\":[{\"@type\":\"Article\",\"@id\":\"https:\/\/www.ikuchyne.sk\/eshop\/svietidla-v-nasich-realizaciach\/#article\",\"isPartOf\":{\"@id\":\"https:\/\/www.ikuchyne.sk\/eshop\/svietidla-v-nasich-realizaciach\/\"},\"author\":{\"name\":\"Michaela \u0160\u00e1rkoziov\u00e1\",\"@id\":\"https:\/\/www.ikuchyne.sk\/eshop\/#\/schema\/person\/18f8f13a771bacd545827c6e50b07f24\"},\"headline\":\"Svietidl\u00e1 v na\u0161ich realiz\u00e1ci\u00e1ch\",\"datePublished\":\"2019-10-16T14:22:30+00:00\",\"dateModified\":\"2019-10-16T14:24:04+00:00\",\"mainEntityOfPage\":{\"@id\":\"https:\/\/www.ikuchyne.sk\/eshop\/svietidla-v-nasich-realizaciach\/\"},\"wordCount\":989,\"publisher\":{\"@id\":\"https:\/\/www.ikuchyne.sk\/eshop\/#organization\"},\"articleSection\":[\"Produkty v realiz\u00e1ciach\"],\"inLanguage\":\"sk-SK\"},{\"@type\":\"WebPage\",\"@id\":\"https:\/\/www.ikuchyne.sk\/eshop\/svietidla-v-nasich-realizaciach\/\",\"url\":\"https:\/\/www.ikuchyne.sk\/eshop\/svietidla-v-nasich-realizaciach\/\",\"name\":\"Svietidl\u00e1 v na\u0161ich realiz\u00e1ci\u00e1ch &#187; iKuchyne iSHOP s n\u00e1bytkom\",\"isPartOf\":{\"@id\":\"https:\/\/www.ikuchyne.sk\/eshop\/#website\"},\"datePublished\":\"2019-10-16T14:22:30+00:00\",\"dateModified\":\"2019-10-16T14:24:04+00:00\",\"description\":\"Zaria\u010fujete si interi\u00e9r? In\u0161pirujte sa na\u0161imi realiz\u00e1ciami, kde boli pou\u017eit\u00e9 svietidl\u00e1 a \u010fal\u0161ie produkty z n\u00e1\u0161ho e-shopu ikuchyne!.\",\"breadcrumb\":{\"@id\":\"https:\/\/www.ikuchyne.sk\/eshop\/svietidla-v-nasich-realizaciach\/#breadcrumb\"},\"inLanguage\":\"sk-SK\",\"potentialAction\":[{\"@type\":\"ReadAction\",\"target\":[\"https:\/\/www.ikuchyne.sk\/eshop\/svietidla-v-nasich-realizaciach\/\"]}]},{\"@type\":\"BreadcrumbList\",\"@id\":\"https:\/\/www.ikuchyne.sk\/eshop\/svietidla-v-nasich-realizaciach\/#breadcrumb\",\"itemListElement\":[{\"@type\":\"ListItem\",\"position\":1,\"name\":\"Home\",\"item\":\"https:\/\/www.ikuchyne.sk\/eshop\/\"},{\"@type\":\"ListItem\",\"position\":2,\"name\":\"Svietidl\u00e1 v na\u0161ich realiz\u00e1ci\u00e1ch\"}]},{\"@type\":\"WebSite\",\"@id\":\"https:\/\/www.ikuchyne.sk\/eshop\/#website\",\"url\":\"https:\/\/www.ikuchyne.sk\/eshop\/\",\"name\":\"iKuchyne iSHOP s n\u00e1bytkom\",\"description\":\"Jed\u00e1lensk\u00e9 stoly, stoli\u010dky, n\u00e1bytok, svietidl\u00e1...\",\"publisher\":{\"@id\":\"https:\/\/www.ikuchyne.sk\/eshop\/#organization\"},\"potentialAction\":[{\"@type\":\"SearchAction\",\"target\":{\"@type\":\"EntryPoint\",\"urlTemplate\":\"https:\/\/www.ikuchyne.sk\/eshop\/?s={search_term_string}\"},\"query-input\":\"required name=search_term_string\"}],\"inLanguage\":\"sk-SK\"},{\"@type\":\"Organization\",\"@id\":\"https:\/\/www.ikuchyne.sk\/eshop\/#organization\",\"name\":\"ikuchyne!\",\"url\":\"https:\/\/www.ikuchyne.sk\/eshop\/\",\"logo\":{\"@type\":\"ImageObject\",\"inLanguage\":\"sk-SK\",\"@id\":\"https:\/\/www.ikuchyne.sk\/eshop\/#\/schema\/logo\/image\/\",\"url\":\"https:\/\/www.ikuchyne.sk\/eshop\/wp-content\/uploads\/2017\/04\/ikuchyne-logo.jpg\",\"contentUrl\":\"https:\/\/www.ikuchyne.sk\/eshop\/wp-content\/uploads\/2017\/04\/ikuchyne-logo.jpg\",\"width\":200,\"height\":48,\"caption\":\"ikuchyne!\"},\"image\":{\"@id\":\"https:\/\/www.ikuchyne.sk\/eshop\/#\/schema\/logo\/image\/\"},\"sameAs\":[\"https:\/\/www.facebook.com\/ikuchyne\/\",\"https:\/\/www.instagram.com\/ikuchyne.sk\/\",\"https:\/\/sk.pinterest.com\/ikuchynesk\/\"]},{\"@type\":\"Person\",\"@id\":\"https:\/\/www.ikuchyne.sk\/eshop\/#\/schema\/person\/18f8f13a771bacd545827c6e50b07f24\",\"name\":\"Michaela \u0160\u00e1rkoziov\u00e1\",\"image\":{\"@type\":\"ImageObject\",\"inLanguage\":\"sk-SK\",\"@id\":\"https:\/\/www.ikuchyne.sk\/eshop\/#\/schema\/person\/image\/\",\"url\":\"https:\/\/www.ikuchyne.sk\/eshop\/wp-content\/plugins\/wp-user-avatar\/deprecated\/wp-user-avatar\/images\/wpua-96x96.png\",\"contentUrl\":\"https:\/\/www.ikuchyne.sk\/eshop\/wp-content\/plugins\/wp-user-avatar\/deprecated\/wp-user-avatar\/images\/wpua-96x96.png\",\"caption\":\"Michaela \u0160\u00e1rkoziov\u00e1\"},\"url\":\"https:\/\/www.ikuchyne.sk\/eshop\/author\/ikuchyne\/\"}]}<\/script>\n<!-- \/ Yoast SEO plugin. -->","yoast_head_json":{"title":"Svietidl\u00e1 v na\u0161ich realiz\u00e1ci\u00e1ch &#187; iKuchyne iSHOP s n\u00e1bytkom","description":"Zaria\u010fujete si interi\u00e9r? In\u0161pirujte sa na\u0161imi realiz\u00e1ciami, kde boli pou\u017eit\u00e9 svietidl\u00e1 a \u010fal\u0161ie produkty z n\u00e1\u0161ho e-shopu ikuchyne!.","robots":{"index":"index","follow":"follow","max-snippet":"max-snippet:-1","max-image-preview":"max-image-preview:large","max-video-preview":"max-video-preview:-1"},"canonical":"https:\/\/www.ikuchyne.sk\/eshop\/svietidla-v-nasich-realizaciach\/","og_locale":"sk_SK","og_type":"article","og_title":"Svietidl\u00e1 v na\u0161ich realiz\u00e1ci\u00e1ch &#187; iKuchyne iSHOP s n\u00e1bytkom","og_description":"Zaria\u010fujete si interi\u00e9r? In\u0161pirujte sa na\u0161imi realiz\u00e1ciami, kde boli pou\u017eit\u00e9 svietidl\u00e1 a \u010fal\u0161ie produkty z n\u00e1\u0161ho e-shopu ikuchyne!.","og_url":"https:\/\/www.ikuchyne.sk\/eshop\/svietidla-v-nasich-realizaciach\/","og_site_name":"iKuchyne iSHOP s n\u00e1bytkom","article_publisher":"https:\/\/www.facebook.com\/ikuchyne\/","article_published_time":"2019-10-16T14:22:30+00:00","article_modified_time":"2019-10-16T14:24:04+00:00","og_image":[{"width":1280,"height":853,"url":"https:\/\/www.ikuchyne.sk\/eshop\/wp-content\/uploads\/2019\/10\/lampa-chrom-ball.jpg","type":"image\/jpeg"}],"author":"Michaela \u0160\u00e1rkoziov\u00e1","twitter_card":"summary_large_image","twitter_misc":{"Autor":"Michaela \u0160\u00e1rkoziov\u00e1","Predpokladan\u00fd \u010das \u010d\u00edtania":"5 min\u00fat"},"schema":{"@context":"https:\/\/schema.org","@graph":[{"@type":"Article","@id":"https:\/\/www.ikuchyne.sk\/eshop\/svietidla-v-nasich-realizaciach\/#article","isPartOf":{"@id":"https:\/\/www.ikuchyne.sk\/eshop\/svietidla-v-nasich-realizaciach\/"},"author":{"name":"Michaela \u0160\u00e1rkoziov\u00e1","@id":"https:\/\/www.ikuchyne.sk\/eshop\/#\/schema\/person\/18f8f13a771bacd545827c6e50b07f24"},"headline":"Svietidl\u00e1 v na\u0161ich realiz\u00e1ci\u00e1ch","datePublished":"2019-10-16T14:22:30+00:00","dateModified":"2019-10-16T14:24:04+00:00","mainEntityOfPage":{"@id":"https:\/\/www.ikuchyne.sk\/eshop\/svietidla-v-nasich-realizaciach\/"},"wordCount":989,"publisher":{"@id":"https:\/\/www.ikuchyne.sk\/eshop\/#organization"},"articleSection":["Produkty v realiz\u00e1ciach"],"inLanguage":"sk-SK"},{"@type":"WebPage","@id":"https:\/\/www.ikuchyne.sk\/eshop\/svietidla-v-nasich-realizaciach\/","url":"https:\/\/www.ikuchyne.sk\/eshop\/svietidla-v-nasich-realizaciach\/","name":"Svietidl\u00e1 v na\u0161ich realiz\u00e1ci\u00e1ch &#187; iKuchyne iSHOP s n\u00e1bytkom","isPartOf":{"@id":"https:\/\/www.ikuchyne.sk\/eshop\/#website"},"datePublished":"2019-10-16T14:22:30+00:00","dateModified":"2019-10-16T14:24:04+00:00","description":"Zaria\u010fujete si interi\u00e9r? In\u0161pirujte sa na\u0161imi realiz\u00e1ciami, kde boli pou\u017eit\u00e9 svietidl\u00e1 a \u010fal\u0161ie produkty z n\u00e1\u0161ho e-shopu ikuchyne!.","breadcrumb":{"@id":"https:\/\/www.ikuchyne.sk\/eshop\/svietidla-v-nasich-realizaciach\/#breadcrumb"},"inLanguage":"sk-SK","potentialAction":[{"@type":"ReadAction","target":["https:\/\/www.ikuchyne.sk\/eshop\/svietidla-v-nasich-realizaciach\/"]}]},{"@type":"BreadcrumbList","@id":"https:\/\/www.ikuchyne.sk\/eshop\/svietidla-v-nasich-realizaciach\/#breadcrumb","itemListElement":[{"@type":"ListItem","position":1,"name":"Home","item":"https:\/\/www.ikuchyne.sk\/eshop\/"},{"@type":"ListItem","position":2,"name":"Svietidl\u00e1 v na\u0161ich realiz\u00e1ci\u00e1ch"}]},{"@type":"WebSite","@id":"https:\/\/www.ikuchyne.sk\/eshop\/#website","url":"https:\/\/www.ikuchyne.sk\/eshop\/","name":"iKuchyne iSHOP s n\u00e1bytkom","description":"Jed\u00e1lensk\u00e9 stoly, stoli\u010dky, n\u00e1bytok, svietidl\u00e1...","publisher":{"@id":"https:\/\/www.ikuchyne.sk\/eshop\/#organization"},"potentialAction":[{"@type":"SearchAction","target":{"@type":"EntryPoint","urlTemplate":"https:\/\/www.ikuchyne.sk\/eshop\/?s={search_term_string}"},"query-input":"required name=search_term_string"}],"inLanguage":"sk-SK"},{"@type":"Organization","@id":"https:\/\/www.ikuchyne.sk\/eshop\/#organization","name":"ikuchyne!","url":"https:\/\/www.ikuchyne.sk\/eshop\/","logo":{"@type":"ImageObject","inLanguage":"sk-SK","@id":"https:\/\/www.ikuchyne.sk\/eshop\/#\/schema\/logo\/image\/","url":"https:\/\/www.ikuchyne.sk\/eshop\/wp-content\/uploads\/2017\/04\/ikuchyne-logo.jpg","contentUrl":"https:\/\/www.ikuchyne.sk\/eshop\/wp-content\/uploads\/2017\/04\/ikuchyne-logo.jpg","width":200,"height":48,"caption":"ikuchyne!"},"image":{"@id":"https:\/\/www.ikuchyne.sk\/eshop\/#\/schema\/logo\/image\/"},"sameAs":["https:\/\/www.facebook.com\/ikuchyne\/","https:\/\/www.instagram.com\/ikuchyne.sk\/","https:\/\/sk.pinterest.com\/ikuchynesk\/"]},{"@type":"Person","@id":"https:\/\/www.ikuchyne.sk\/eshop\/#\/schema\/person\/18f8f13a771bacd545827c6e50b07f24","name":"Michaela \u0160\u00e1rkoziov\u00e1","image":{"@type":"ImageObject","inLanguage":"sk-SK","@id":"https:\/\/www.ikuchyne.sk\/eshop\/#\/schema\/person\/image\/","url":"https:\/\/www.ikuchyne.sk\/eshop\/wp-content\/plugins\/wp-user-avatar\/deprecated\/wp-user-avatar\/images\/wpua-96x96.png","contentUrl":"https:\/\/www.ikuchyne.sk\/eshop\/wp-content\/plugins\/wp-user-avatar\/deprecated\/wp-user-avatar\/images\/wpua-96x96.png","caption":"Michaela \u0160\u00e1rkoziov\u00e1"},"url":"https:\/\/www.ikuchyne.sk\/eshop\/author\/ikuchyne\/"}]}},"_links":{"self":[{"href":"https:\/\/www.ikuchyne.sk\/eshop\/wp-json\/wp\/v2\/posts\/116850"}],"collection":[{"href":"https:\/\/www.ikuchyne.sk\/eshop\/wp-json\/wp\/v2\/posts"}],"about":[{"href":"https:\/\/www.ikuchyne.sk\/eshop\/wp-json\/wp\/v2\/types\/post"}],"author":[{"embeddable":true,"href":"https:\/\/www.ikuchyne.sk\/eshop\/wp-json\/wp\/v2\/users\/1"}],"replies":[{"embeddable":true,"href":"https:\/\/www.ikuchyne.sk\/eshop\/wp-json\/wp\/v2\/comments?post=116850"}],"version-history":[{"count":8,"href":"https:\/\/www.ikuchyne.sk\/eshop\/wp-json\/wp\/v2\/posts\/116850\/revisions"}],"predecessor-version":[{"id":116954,"href":"https:\/\/www.ikuchyne.sk\/eshop\/wp-json\/wp\/v2\/posts\/116850\/revisions\/116954"}],"wp:featuredmedia":[{"embeddable":true,"href":"https:\/\/www.ikuchyne.sk\/eshop\/wp-json\/wp\/v2\/media\/116861"}],"wp:attachment":[{"href":"https:\/\/www.ikuchyne.sk\/eshop\/wp-json\/wp\/v2\/media?parent=116850"}],"wp:term":[{"taxonomy":"category","embeddable":true,"href":"https:\/\/www.ikuchyne.sk\/eshop\/wp-json\/wp\/v2\/categories?post=116850"},{"taxonomy":"post_tag","embeddable":true,"href":"https:\/\/www.ikuchyne.sk\/eshop\/wp-json\/wp\/v2\/tags?post=116850"}],"curies":[{"name":"wp","href":"https:\/\/api.w.org\/{rel}","templated":true}]}}