{"id":118033,"date":"2019-10-30T11:12:08","date_gmt":"2019-10-30T10:12:08","guid":{"rendered":"https:\/\/ikuchyne.sk\/eshop\/?p=118033"},"modified":"2019-10-30T12:37:23","modified_gmt":"2019-10-30T11:37:23","slug":"6-tipov-aby-vyzerala-vasa-obyvacka-stylovejsie","status":"publish","type":"post","link":"https:\/\/www.ikuchyne.sk\/eshop\/6-tipov-aby-vyzerala-vasa-obyvacka-stylovejsie\/","title":{"rendered":"6 tipov aby vyzerala va\u0161a ob\u00fdva\u010dka \u0161t\u00fdlovej\u0161ie"},"content":{"rendered":"<p>[vc_row][vc_column][vc_column_text]<strong><b><span style=\"color: #000000;\">Vo v\u00e4\u010d\u0161ine dom\u00e1cnost\u00ed je bezpochyby jednou z najfrekventovanej\u0161\u00edch miestnost\u00ed. Pulzuje v nej \u017eivot rodiny, tr\u00e1via sa tu dlh\u00e9 zimn\u00e9 (niekedy i letn\u00e9) ve\u010dery, diskutujeme a oslavujeme v nej s na\u0161imi hos\u0165ami. Nie n\u00e1hodou je ob\u00fdva\u010dka \u010dastokr\u00e1t ozna\u010dovan\u00e1 ako \u201esrdce\u201c domova. Zariadenie ob\u00fdvacej izby ve\u013ea napovie o \u017eivotnom \u0161t\u00fdle majite\u013eov, aj preto si zasl\u00fa\u017ei na\u0161u zv\u00fd\u0161en\u00fa pozornos\u0165. V\u010faka na\u0161im tipom z nej vyk\u00fazlite \u0161t\u00fdlovej\u0161ie miesto bez toho, aby v\u00fdrazne utrpel v\u00e1\u0161 rozpo\u010det i \u010dasov\u00e9 mo\u017enosti. Ve\u010f napokon &#8211; kto by nechcel ma\u0165 ob\u00fdva\u010dku, ktor\u00e1 vie o\u010dari\u0165 a z\u00e1rove\u0148 si zachova\u0165 punc funk\u010dnosti?<\/span> <\/b><\/strong>[\/vc_column_text][vc_single_image image=&#8221;118034&#8243; img_size=&#8221;large&#8221; add_caption=&#8221;yes&#8221; alignment=&#8221;center&#8221; style=&#8221;vc_box_rounded&#8221;][\/vc_column][\/vc_row][vc_row][vc_column][vc_column_text]<\/p>\n<h2><strong><span style=\"color: #e3245e;\">1. Osvetlenie ako z\u00e1klad<\/span><\/strong><\/h2>\n<p>[\/vc_column_text][vc_column_text]<span style=\"color: #000000;\"><strong><b>Spr\u00e1vne osvetlen\u00fd priestor dok\u00e1\u017ee doslova divy<\/b><\/strong>, to v\u00e1m potvrd\u00ed azda ka\u017ed\u00fd dizajn\u00e9r \u010di architekt. Pravdou v\u0161ak je, \u017ee svetlo je e\u0161te st\u00e1le \u010dasto opom\u00ednan\u00fdm interi\u00e9rov\u00fdm prvkom a jeho v\u00fdznam sa podce\u0148uje. Nerobte rovnak\u00fa chybu aj vy a <strong><b>dajte si z\u00e1le\u017ea\u0165 na tom, aby hralo vo va\u0161ej dom\u00e1cnosti d\u00f4le\u017eit\u00fa \u00falohu.<\/b><\/strong>\u00a0V\u00a0pr\u00edpade osvetlenia\u00a0ob\u00fdvacej izby je rozhoduj\u00face jeho <strong><b>vrstvenie<\/b><\/strong>\u00a0\u2013 vytvor\u00edte ho <strong><b>kombin\u00e1ciou hlavn\u00e9ho stropn\u00e9ho svetla, men\u0161\u00edch l\u00e1mp<\/b><\/strong>\u00a0(umiestnen\u00fdch na sten\u00e1ch, pr\u00edpadne vo\u013ene stojacich) a\u00a0vyu\u017ei\u0165 m\u00f4\u017eete aj <strong><b>svietniky so svie\u010dkami<\/b><\/strong>. Zdroje svetla sa sna\u017ete umiestni\u0165 tak, <strong><b>aby tvorili aspo\u0148 pribli\u017en\u00fd trojuholn\u00edk<\/b><\/strong>\u00a0(pre zabezpe\u010denie dobr\u00e9ho rozdelenia osvetlenia).<\/span>[\/vc_column_text][\/vc_column][\/vc_row][vc_row][vc_column][vc_single_image image=&#8221;118035&#8243; img_size=&#8221;large&#8221; add_caption=&#8221;yes&#8221; alignment=&#8221;center&#8221; style=&#8221;vc_box_rounded&#8221;][vc_message message_box_color=&#8221;alert-success&#8221; icon_fontawesome=&#8221;fa fa-lightbulb-o&#8221;]<strong><b>Rada odborn\u00edka<\/b><\/strong><\/p>\n<p>V ot\u00e1zke v\u00fdberu vhodn\u00e9ho stropn\u00e9ho svietidla do ob\u00fdva\u010dky sa ria\u010fte aj samotn\u00fdm rozmerom izby. Ak m\u00e1te men\u0161iu ob\u00fdva\u010dku a n\u00edzke stropy, zvo\u013ete rad\u0161ej prisaden\u00fd luster alebo prisaden\u00e9 stropn\u00e9 svietidlo \u2013 poskytn\u00fa dostatok rozpt\u00fdlen\u00e9ho svetla a miestnos\u0165 opticky zv\u00e4\u010d\u0161ia. \u00a0V pr\u00edpade, \u017ee m\u00e1 va\u0161a ob\u00fdva\u010dka vy\u0161\u0161\u00ed strop, s\u00fa vhodnej\u0161ie lustre.[\/vc_message][vc_single_image image=&#8221;118036&#8243; img_size=&#8221;large&#8221; add_caption=&#8221;yes&#8221; alignment=&#8221;center&#8221; style=&#8221;vc_box_rounded&#8221;][\/vc_column][\/vc_row][vc_row][vc_column][vc_column_text]<\/p>\n<h2><strong><span style=\"color: #e3245e;\">2. Vyme\u0148te vank\u00fa\u0161e <\/span><\/strong><\/h2>\n<p>[\/vc_column_text][vc_column_text]<span style=\"color: #000000;\">Na prv\u00fd poh\u013ead sa zdaj\u00fa by\u0165 len nepatrn\u00fdm doplnkom, av\u0161ak ich v\u00fdznam je omnoho v\u00e4\u010d\u0161\u00ed. Ak chcete, aby va\u0161a ob\u00fdva\u010dka bola \u0161t\u00fdlovej\u0161\u00edm miestom, venujte pozornos\u0165 aj tomuto zdanlivo ban\u00e1lnemu prvku. Vo v\u0161eobecnosti mo\u017eno toti\u017e poveda\u0165, \u017ee <strong><b>text\u00edlie s\u00fa v\u00fdborn\u00fdm pomocn\u00edkom pri dizajnovan\u00ed ak\u00e9hoko\u013evek priestoru<\/b><\/strong>, vank\u00fa\u0161e nevyn\u00edmaj\u00fac. Vyme\u0148te ich preto za <strong><b>v\u00e4\u010d\u0161ie a v\u00fdraznej\u0161ie<\/b><\/strong>, nebojte sa ani <strong><b>zauj\u00edmav\u00fdch neobvykl\u00fdch text\u00far<\/b><\/strong>, ktor\u00e9 <strong><b>dodaj\u00fa ob\u00fdva\u010dke osobitos\u0165<\/b><\/strong>.<\/span>[\/vc_column_text][vc_single_image image=&#8221;118039&#8243; img_size=&#8221;large&#8221; add_caption=&#8221;yes&#8221; alignment=&#8221;center&#8221; style=&#8221;vc_box_rounded&#8221;][\/vc_column][\/vc_row][vc_row][vc_column][vc_column_text]<\/p>\n<h2><strong><span style=\"color: #e3245e;\">3. Metalick\u00e9 farby? Ur\u010dite \u00e1no!<\/span><\/strong><\/h2>\n<p>[\/vc_column_text][vc_column_text]<span style=\"color: #000000;\">Nech k\u00a0nim u\u017e m\u00e1te ak\u00fdko\u013evek vz\u0165ah, pravdou je, \u017ee metalick\u00e9 farby s\u00fa u\u017e nejak\u00fd ten \u010das v\u00a0interi\u00e9rovom dizajne <strong><b>mimoriadne ob\u013e\u00faben\u00e9 a\u00a0\u017eiadan\u00e9<\/b><\/strong>. <strong><b>Strieborn\u00e9, zlat\u00e9, mosadzn\u00e9 i\u00a0meden\u00e9 odtiene<\/b><\/strong>\u00a0dod\u00e1vaj\u00fa domovu nielen <strong><b>dojem luxusu a\u00a0nezamenite\u013en\u00e9ho \u0161t\u00fdlu<\/b><\/strong>, ale dok\u00e1\u017eu v\u00a0momente <strong><b>pozdvihn\u00fa\u0165 aj nev\u00fdrazn\u00fd priestor<\/b><\/strong>. Va\u0161a ob\u00fdva\u010dka sa v\u00e1m po\u010fakuje! Pokia\u013e v\u00e1m kovov\u00e9 odlesky v interi\u00e9ri imponuj\u00fa, <strong><b>m\u00f4\u017eete ich navz\u00e1jom kombinova\u0165 <\/b><\/strong>alebo si zadov\u00e1\u017ei\u0165 tie, ktor\u00e9 s\u00fa obohaten\u00e9 o\u00a0trblietaj\u00face sa a\u00a0\u017eiariv\u00e9 detaily.<\/span>[\/vc_column_text][vc_single_image image=&#8221;118046&#8243; img_size=&#8221;large&#8221; add_caption=&#8221;yes&#8221; alignment=&#8221;center&#8221; style=&#8221;vc_box_rounded&#8221;][vc_single_image image=&#8221;118040&#8243; img_size=&#8221;large&#8221; add_caption=&#8221;yes&#8221; alignment=&#8221;center&#8221; style=&#8221;vc_box_rounded&#8221; onclick=&#8221;custom_link&#8221; img_link_target=&#8221;_blank&#8221; link=&#8221;https:\/\/ikuchyne.sk\/eshop\/produkt\/dreveny-konferencny-stolik-fireearth-60-x-110-cm-43-mm\/&#8221;][\/vc_column][\/vc_row][vc_row][vc_column][vc_column_text]<\/p>\n<h2><strong><span style=\"color: #e3245e;\">4. Zaveste z\u00e1clony a z\u00e1vesy<\/span><\/strong><\/h2>\n<p>[\/vc_column_text][vc_column_text]<span style=\"color: #000000;\">Pou\u017eitie z\u00e1vesov a\u00a0z\u00e1clon je nielen <strong><b>jedn\u00fdm z\u00a0najjednoduch\u0161\u00edch sp\u00f4sobov<\/b><\/strong>\u00a0<strong><b>ako vizu\u00e1lne pozdvihn\u00fa\u0165 va\u0161u ob\u00fdva\u010dku<\/b><\/strong>, ale aj\u00a0<strong><b>doda\u0165 jej dojem \u00fatulnosti<\/b><\/strong>\u00a0a\u00a0v\u00a0neposlednom rade i\u00a0<strong><b>upravi\u0165 proporcie okien.<\/b><\/strong>\u00a0Pri v\u00fdbere t\u00fdch spr\u00e1vnych je samozrejme <strong><b>d\u00f4le\u017eit\u00e9 zoh\u013eadni\u0165 celkov\u00fd \u0161t\u00fdl miestnosti<\/b><\/strong>, jej <strong><b>farebnos\u0165 a\u00a0ladenie. <\/b><\/strong>Plat\u00ed v\u0161ak, \u017ee <strong><b>vzorovo a <\/b><\/strong><strong><b>farebne v\u00fdrazn\u00e9 z\u00e1clony i z\u00e1vesy<\/b><\/strong>\u00a0s\u00fa sk\u00f4r <strong><b>vhodn\u00e9 do v\u00e4\u010d\u0161\u00edch miestnost\u00ed<\/b><\/strong>, nako\u013eko tmav\u00e9 odtiene zmen\u0161uj\u00fa a\u00a0ve\u013ek\u00e9 vzory uberaj\u00fa h\u013abku priestoru, svetl\u00e9 odtiene ho zas naopak zv\u00e4\u010d\u0161uj\u00fa. Podstatn\u00fd v\u00fdznam hr\u00e1 aj l\u00e1tka z\u00a0ktorej s\u00fa vyroben\u00e9. Tie <strong><b>\u013eah\u0161ie k\u013azav\u00e9 dok\u00e1\u017eu svetlo rozpt\u00fdli\u0165<\/b><\/strong>, \u0165a\u017ek\u00e9 materi\u00e1ly maj\u00fa tendenciu svetlo pohlcova\u0165. Myslite na to pri ich v\u00fdbere. Pokia\u013e chcete doda\u0165 va\u0161ej ob\u00fdvacej izbe efekt elegancie, <strong><b>nechajte ich siaha\u0165 od podlahy a\u017e po strop<\/b><\/strong>.<\/span>[\/vc_column_text][\/vc_column][\/vc_row][vc_row][vc_column][vc_single_image image=&#8221;118044&#8243; img_size=&#8221;full&#8221; add_caption=&#8221;yes&#8221; alignment=&#8221;center&#8221; style=&#8221;vc_box_rounded&#8221;][vc_message css_animation=&#8221;none&#8221;]<strong><b>Vedeli ste, \u017ee<\/b><\/strong><\/p>\n<p>Pri k\u00fape z\u00e1vesov sa m\u00f4\u017eete stretn\u00fa\u0165 s\u00a0dvoma v\u00fdrazmi &#8211; \u201edim out\u201c a \u201eblack out\u201c. Ide o stupne pou\u017eitia \u0161peci\u00e1lnej zatem\u0148ovacej l\u00e1tky. Zatia\u013e \u010do \u201edim out\u201c z\u00e1vesy neprepustia svetlo so 70 \u2013 75 % \u00fa\u010dinnos\u0165ou, \u201eblack out\u201c z\u00e1vesy v\u010faka strednej \u010diernej vrstve dok\u00e1\u017eu priestor zatemni\u0165 na 100 % a\u00a0t\u00fdm p\u00e1dom vedia splni\u0165 aj \u00falohu tepeln\u00e9ho izolanta.[\/vc_message][\/vc_column][\/vc_row][vc_row][vc_column][vc_column_text]<\/p>\n<h2><strong><span style=\"color: #e3245e;\">5. Koberec ako nenahradite\u013en\u00fd doplnok<\/span><\/strong><\/h2>\n<p>[\/vc_column_text][vc_column_text]<span style=\"color: #000000;\">Koberec dok\u00e1\u017ee urobi\u0165 s\u00a0va\u0161ou ob\u00fdva\u010dkou z\u00e1zrak na po\u010dkanie. Okrem toho, \u017ee <strong><b>poskytuje pocit teplej a\u00a0pr\u00edjemne m\u00e4kkej podlahy<\/b><\/strong>\u00a0a\u00a0<strong><b>m\u00e1 schopnos\u0165 tepelnej (i zvukovej) izol\u00e1cie<\/b><\/strong>, v\u00fdznamn\u00e1 je aj jeho estetick\u00e1 funkcia \u2013 ovplyv\u0148uje toti\u017e celkov\u00fd v\u00fdraz priestoru. Pozor si v\u0161ak treba d\u00e1va\u0165 najm\u00e4 na <strong><b>rozmery koberca<\/b><\/strong>\u00a0\u2013 pokia\u013e chcete ob\u00fdva\u010dku opticky roz\u0161\u00edri\u0165, <strong><b>siahnite po v\u00e4\u010d\u0161om k\u00fasku<\/b><\/strong>. Nezabudnite tie\u017e na jeho <strong><b>harmonick\u00e9 prepojenie s\u00a0ostatn\u00fdmi prvkami interi\u00e9ru.<\/b><\/strong>\u00a0<\/span>[\/vc_column_text][\/vc_column][\/vc_row][vc_row][vc_column][vc_single_image image=&#8221;118042&#8243; img_size=&#8221;full&#8221; add_caption=&#8221;yes&#8221; alignment=&#8221;center&#8221; style=&#8221;vc_box_rounded&#8221;][\/vc_column][\/vc_row][vc_row][vc_column][vc_message message_box_color=&#8221;alert-success&#8221; icon_fontawesome=&#8221;fa fa-lightbulb-o&#8221;]<strong><b>Rada odborn\u00edka<\/b><\/strong><\/p>\n<p>P\u00e1\u010dia sa v\u00e1m koberce s\u00a0vy\u0161\u0161\u00edm vlasom, ale ob\u00e1vate sa n\u00e1ro\u010dnosti jeho \u00fadr\u017eby? Pri vo\u013ebe d\u013a\u017eky vlasu cca 7-8 mm nebude starostlivos\u0165 o\u00a0tak\u00fdto koberec \u0165a\u017ek\u00e1. V takomto pr\u00edpade je toti\u017e koberec pr\u00edjemn\u00e9 m\u00e4kk\u00fd, vlas ne\u013eahne tak \u013eahko a aj vys\u00e1vanie je primerane nen\u00e1ro\u010dn\u00e9.[\/vc_message][\/vc_column][\/vc_row][vc_row][vc_column][vc_column_text]<\/p>\n<h2><strong><span style=\"color: #e3245e;\">6. Dajte priestor umeniu <\/span><\/strong><\/h2>\n<p>[\/vc_column_text][vc_column_text]<span style=\"color: #000000;\">Mo\u017eno nepatr\u00edte k\u00a0ve\u013ek\u00fdm nad\u0161encom umenia, ale verte n\u00e1m, \u017ee <strong><b>ni\u010d \u201eneo\u017eiv\u00ed\u201c priestor lep\u0161ie ne\u017e kus (kvalitn\u00e9ho) umenia<\/b><\/strong>. Zaveste na jednu zo stien pekn\u00fd obraz a\u00a0uvid\u00edte sami, \u017ee v\u00fdsledok v\u00e1s ohrom\u00ed. \u010ci u\u017e siahnete po abstrakcii alebo z\u00e1ti\u0161\u00ed nie je a\u017e tak\u00e9 podstatn\u00e9 \u2013 d\u00f4le\u017eit\u00e9 je najm\u00e4 to, <strong><b>aby obraz akcentoval charakter ob\u00fdva\u010dky<\/b><\/strong>\u00a0a\u00a0<strong><b>bol v s\u00falade s\u00a0jeho celkovou atmosf\u00e9rou<\/b><\/strong>. Nemus\u00ed \u00eds\u0165 o drah\u00fd k\u00fasok, za ktor\u00fd by ste zaplatili tis\u00edce, internet je predsa pln\u00fd n\u00e1dejn\u00fdch talentovan\u00fdch umelcov, ktor\u00ed svoje diela pon\u00fakaj\u00fa za ceny dostupn\u00e9 aj be\u017en\u00fdm smrte\u013en\u00edkom. \ud83d\ude42<\/span>[\/vc_column_text][vc_single_image image=&#8221;118045&#8243; img_size=&#8221;full&#8221; add_caption=&#8221;yes&#8221; alignment=&#8221;center&#8221; style=&#8221;vc_box_rounded&#8221;][vc_single_image image=&#8221;118043&#8243; img_size=&#8221;full&#8221; add_caption=&#8221;yes&#8221; alignment=&#8221;center&#8221; style=&#8221;vc_box_rounded&#8221; onclick=&#8221;custom_link&#8221; img_link_target=&#8221;_blank&#8221; link=&#8221;https:\/\/ikuchyne.sk\/eshop\/produkt\/konferencny-stolik-new-fusion-set-3ks-cierna-med\/&#8221;][\/vc_column][\/vc_row][vc_row][vc_column][vc_column_text]<\/p>\n<p style=\"padding-left: 40px; text-align: center;\"><em><span style=\"color: #e3245e;\">Pre\u010d\u00edtajte si aj ostatn\u00e9 <strong><a style=\"color: #e3245e;\" href=\"https:\/\/ikuchyne.sk\/eshop\/blog\/\">\u010dl\u00e1nky<\/a> <\/strong>na blogu iKuchyne.sk!<\/span><\/em><\/p>\n<p>[\/vc_column_text][\/vc_column][\/vc_row]<\/p>\n","protected":false},"excerpt":{"rendered":"<p>[vc_row][vc_column][vc_column_text]Vo v\u00e4\u010d\u0161ine dom\u00e1cnost\u00ed je bezpochyby jednou z najfrekventovanej\u0161\u00edch miestnost\u00ed. Pulzuje v nej \u017eivot rodiny, tr\u00e1via sa tu dlh\u00e9 zimn\u00e9 (niekedy i letn\u00e9) ve\u010dery, diskutujeme a oslavujeme v nej s na\u0161imi<\/p>\n","protected":false},"author":455,"featured_media":118042,"comment_status":"closed","ping_status":"open","sticky":false,"template":"","format":"standard","meta":{"footnotes":""},"categories":[1008,1012],"tags":[],"yoast_head":"<!-- This site is optimized with the Yoast SEO plugin v22.1 - https:\/\/yoast.com\/wordpress\/plugins\/seo\/ -->\n<title>6 tipov aby vyzerala va\u0161a ob\u00fdva\u010dka \u0161t\u00fdlovej\u0161ie &#187; iKuchyne.sk<\/title>\n<meta name=\"description\" content=\"6 tipov aby vyzerala va\u0161a ob\u00fdva\u010dka \u0161t\u00fdlovej\u0161ie - pre\u010d\u00edtajte si nov\u00fd \u010dl\u00e1nok na blogi iKuchyne.sk a in\u0161pirujte sa na\u0161imi radami!\" \/>\n<meta name=\"robots\" content=\"index, follow, max-snippet:-1, max-image-preview:large, max-video-preview:-1\" \/>\n<link rel=\"canonical\" href=\"https:\/\/www.ikuchyne.sk\/eshop\/6-tipov-aby-vyzerala-vasa-obyvacka-stylovejsie\/\" \/>\n<meta property=\"og:locale\" content=\"sk_SK\" \/>\n<meta property=\"og:type\" content=\"article\" \/>\n<meta property=\"og:title\" content=\"6 tipov aby vyzerala va\u0161a ob\u00fdva\u010dka \u0161t\u00fdlovej\u0161ie &#187; iKuchyne.sk\" \/>\n<meta property=\"og:description\" content=\"6 tipov aby vyzerala va\u0161a ob\u00fdva\u010dka \u0161t\u00fdlovej\u0161ie - pre\u010d\u00edtajte si nov\u00fd \u010dl\u00e1nok na blogi iKuchyne.sk a in\u0161pirujte sa na\u0161imi radami!\" \/>\n<meta property=\"og:url\" content=\"https:\/\/www.ikuchyne.sk\/eshop\/6-tipov-aby-vyzerala-vasa-obyvacka-stylovejsie\/\" \/>\n<meta property=\"og:site_name\" content=\"iKuchyne iSHOP s n\u00e1bytkom\" \/>\n<meta property=\"article:publisher\" content=\"https:\/\/www.facebook.com\/ikuchyne\/\" \/>\n<meta property=\"article:published_time\" content=\"2019-10-30T10:12:08+00:00\" \/>\n<meta property=\"article:modified_time\" content=\"2019-10-30T11:37:23+00:00\" \/>\n<meta property=\"og:image\" content=\"https:\/\/www.ikuchyne.sk\/eshop\/wp-content\/uploads\/2019\/10\/modr\u00e1-zamatov\u00e1-seda\u010dka.jpg\" \/>\n\t<meta property=\"og:image:width\" content=\"564\" \/>\n\t<meta property=\"og:image:height\" content=\"564\" \/>\n\t<meta property=\"og:image:type\" content=\"image\/jpeg\" \/>\n<meta name=\"author\" content=\"Zdenka Go\u010dalov\u00e1\" \/>\n<meta name=\"twitter:card\" content=\"summary_large_image\" \/>\n<meta name=\"twitter:label1\" content=\"Autor\" \/>\n\t<meta name=\"twitter:data1\" content=\"Zdenka Go\u010dalov\u00e1\" \/>\n\t<meta name=\"twitter:label2\" content=\"Predpokladan\u00fd \u010das \u010d\u00edtania\" \/>\n\t<meta name=\"twitter:data2\" content=\"7 min\u00fat\" \/>\n<script type=\"application\/ld+json\" class=\"yoast-schema-graph\">{\"@context\":\"https:\/\/schema.org\",\"@graph\":[{\"@type\":\"Article\",\"@id\":\"https:\/\/www.ikuchyne.sk\/eshop\/6-tipov-aby-vyzerala-vasa-obyvacka-stylovejsie\/#article\",\"isPartOf\":{\"@id\":\"https:\/\/www.ikuchyne.sk\/eshop\/6-tipov-aby-vyzerala-vasa-obyvacka-stylovejsie\/\"},\"author\":{\"name\":\"Zdenka Go\u010dalov\u00e1\",\"@id\":\"https:\/\/www.ikuchyne.sk\/eshop\/#\/schema\/person\/dcdf61cecd39d35bb680134fa8e7d257\"},\"headline\":\"6 tipov aby vyzerala va\u0161a ob\u00fdva\u010dka \u0161t\u00fdlovej\u0161ie\",\"datePublished\":\"2019-10-30T10:12:08+00:00\",\"dateModified\":\"2019-10-30T11:37:23+00:00\",\"mainEntityOfPage\":{\"@id\":\"https:\/\/www.ikuchyne.sk\/eshop\/6-tipov-aby-vyzerala-vasa-obyvacka-stylovejsie\/\"},\"wordCount\":1475,\"publisher\":{\"@id\":\"https:\/\/www.ikuchyne.sk\/eshop\/#organization\"},\"articleSection\":[\"IN\u0160PIR\u00c1CIE\",\"Ob\u00fdva\u010dky\"],\"inLanguage\":\"sk-SK\"},{\"@type\":\"WebPage\",\"@id\":\"https:\/\/www.ikuchyne.sk\/eshop\/6-tipov-aby-vyzerala-vasa-obyvacka-stylovejsie\/\",\"url\":\"https:\/\/www.ikuchyne.sk\/eshop\/6-tipov-aby-vyzerala-vasa-obyvacka-stylovejsie\/\",\"name\":\"6 tipov aby vyzerala va\u0161a ob\u00fdva\u010dka \u0161t\u00fdlovej\u0161ie &#187; iKuchyne.sk\",\"isPartOf\":{\"@id\":\"https:\/\/www.ikuchyne.sk\/eshop\/#website\"},\"datePublished\":\"2019-10-30T10:12:08+00:00\",\"dateModified\":\"2019-10-30T11:37:23+00:00\",\"description\":\"6 tipov aby vyzerala va\u0161a ob\u00fdva\u010dka \u0161t\u00fdlovej\u0161ie - pre\u010d\u00edtajte si nov\u00fd \u010dl\u00e1nok na blogi iKuchyne.sk a in\u0161pirujte sa na\u0161imi radami!\",\"breadcrumb\":{\"@id\":\"https:\/\/www.ikuchyne.sk\/eshop\/6-tipov-aby-vyzerala-vasa-obyvacka-stylovejsie\/#breadcrumb\"},\"inLanguage\":\"sk-SK\",\"potentialAction\":[{\"@type\":\"ReadAction\",\"target\":[\"https:\/\/www.ikuchyne.sk\/eshop\/6-tipov-aby-vyzerala-vasa-obyvacka-stylovejsie\/\"]}]},{\"@type\":\"BreadcrumbList\",\"@id\":\"https:\/\/www.ikuchyne.sk\/eshop\/6-tipov-aby-vyzerala-vasa-obyvacka-stylovejsie\/#breadcrumb\",\"itemListElement\":[{\"@type\":\"ListItem\",\"position\":1,\"name\":\"Home\",\"item\":\"https:\/\/www.ikuchyne.sk\/eshop\/\"},{\"@type\":\"ListItem\",\"position\":2,\"name\":\"6 tipov aby vyzerala va\u0161a ob\u00fdva\u010dka \u0161t\u00fdlovej\u0161ie\"}]},{\"@type\":\"WebSite\",\"@id\":\"https:\/\/www.ikuchyne.sk\/eshop\/#website\",\"url\":\"https:\/\/www.ikuchyne.sk\/eshop\/\",\"name\":\"iKuchyne iSHOP s n\u00e1bytkom\",\"description\":\"Jed\u00e1lensk\u00e9 stoly, stoli\u010dky, n\u00e1bytok, svietidl\u00e1...\",\"publisher\":{\"@id\":\"https:\/\/www.ikuchyne.sk\/eshop\/#organization\"},\"potentialAction\":[{\"@type\":\"SearchAction\",\"target\":{\"@type\":\"EntryPoint\",\"urlTemplate\":\"https:\/\/www.ikuchyne.sk\/eshop\/?s={search_term_string}\"},\"query-input\":\"required name=search_term_string\"}],\"inLanguage\":\"sk-SK\"},{\"@type\":\"Organization\",\"@id\":\"https:\/\/www.ikuchyne.sk\/eshop\/#organization\",\"name\":\"ikuchyne!\",\"url\":\"https:\/\/www.ikuchyne.sk\/eshop\/\",\"logo\":{\"@type\":\"ImageObject\",\"inLanguage\":\"sk-SK\",\"@id\":\"https:\/\/www.ikuchyne.sk\/eshop\/#\/schema\/logo\/image\/\",\"url\":\"https:\/\/www.ikuchyne.sk\/eshop\/wp-content\/uploads\/2017\/04\/ikuchyne-logo.jpg\",\"contentUrl\":\"https:\/\/www.ikuchyne.sk\/eshop\/wp-content\/uploads\/2017\/04\/ikuchyne-logo.jpg\",\"width\":200,\"height\":48,\"caption\":\"ikuchyne!\"},\"image\":{\"@id\":\"https:\/\/www.ikuchyne.sk\/eshop\/#\/schema\/logo\/image\/\"},\"sameAs\":[\"https:\/\/www.facebook.com\/ikuchyne\/\",\"https:\/\/www.instagram.com\/ikuchyne.sk\/\",\"https:\/\/sk.pinterest.com\/ikuchynesk\/\"]},{\"@type\":\"Person\",\"@id\":\"https:\/\/www.ikuchyne.sk\/eshop\/#\/schema\/person\/dcdf61cecd39d35bb680134fa8e7d257\",\"name\":\"Zdenka Go\u010dalov\u00e1\",\"image\":{\"@type\":\"ImageObject\",\"inLanguage\":\"sk-SK\",\"@id\":\"https:\/\/www.ikuchyne.sk\/eshop\/#\/schema\/person\/image\/\",\"url\":\"https:\/\/www.ikuchyne.sk\/eshop\/wp-content\/plugins\/wp-user-avatar\/deprecated\/wp-user-avatar\/images\/wpua-96x96.png\",\"contentUrl\":\"https:\/\/www.ikuchyne.sk\/eshop\/wp-content\/plugins\/wp-user-avatar\/deprecated\/wp-user-avatar\/images\/wpua-96x96.png\",\"caption\":\"Zdenka Go\u010dalov\u00e1\"},\"url\":\"https:\/\/www.ikuchyne.sk\/eshop\/author\/vyrobaikuchyne-sk\/\"}]}<\/script>\n<!-- \/ Yoast SEO plugin. -->","yoast_head_json":{"title":"6 tipov aby vyzerala va\u0161a ob\u00fdva\u010dka \u0161t\u00fdlovej\u0161ie &#187; iKuchyne.sk","description":"6 tipov aby vyzerala va\u0161a ob\u00fdva\u010dka \u0161t\u00fdlovej\u0161ie - pre\u010d\u00edtajte si nov\u00fd \u010dl\u00e1nok na blogi iKuchyne.sk a in\u0161pirujte sa na\u0161imi radami!","robots":{"index":"index","follow":"follow","max-snippet":"max-snippet:-1","max-image-preview":"max-image-preview:large","max-video-preview":"max-video-preview:-1"},"canonical":"https:\/\/www.ikuchyne.sk\/eshop\/6-tipov-aby-vyzerala-vasa-obyvacka-stylovejsie\/","og_locale":"sk_SK","og_type":"article","og_title":"6 tipov aby vyzerala va\u0161a ob\u00fdva\u010dka \u0161t\u00fdlovej\u0161ie &#187; iKuchyne.sk","og_description":"6 tipov aby vyzerala va\u0161a ob\u00fdva\u010dka \u0161t\u00fdlovej\u0161ie - pre\u010d\u00edtajte si nov\u00fd \u010dl\u00e1nok na blogi iKuchyne.sk a in\u0161pirujte sa na\u0161imi radami!","og_url":"https:\/\/www.ikuchyne.sk\/eshop\/6-tipov-aby-vyzerala-vasa-obyvacka-stylovejsie\/","og_site_name":"iKuchyne iSHOP s n\u00e1bytkom","article_publisher":"https:\/\/www.facebook.com\/ikuchyne\/","article_published_time":"2019-10-30T10:12:08+00:00","article_modified_time":"2019-10-30T11:37:23+00:00","og_image":[{"width":564,"height":564,"url":"https:\/\/www.ikuchyne.sk\/eshop\/wp-content\/uploads\/2019\/10\/modr\u00e1-zamatov\u00e1-seda\u010dka.jpg","type":"image\/jpeg"}],"author":"Zdenka Go\u010dalov\u00e1","twitter_card":"summary_large_image","twitter_misc":{"Autor":"Zdenka Go\u010dalov\u00e1","Predpokladan\u00fd \u010das \u010d\u00edtania":"7 min\u00fat"},"schema":{"@context":"https:\/\/schema.org","@graph":[{"@type":"Article","@id":"https:\/\/www.ikuchyne.sk\/eshop\/6-tipov-aby-vyzerala-vasa-obyvacka-stylovejsie\/#article","isPartOf":{"@id":"https:\/\/www.ikuchyne.sk\/eshop\/6-tipov-aby-vyzerala-vasa-obyvacka-stylovejsie\/"},"author":{"name":"Zdenka Go\u010dalov\u00e1","@id":"https:\/\/www.ikuchyne.sk\/eshop\/#\/schema\/person\/dcdf61cecd39d35bb680134fa8e7d257"},"headline":"6 tipov aby vyzerala va\u0161a ob\u00fdva\u010dka \u0161t\u00fdlovej\u0161ie","datePublished":"2019-10-30T10:12:08+00:00","dateModified":"2019-10-30T11:37:23+00:00","mainEntityOfPage":{"@id":"https:\/\/www.ikuchyne.sk\/eshop\/6-tipov-aby-vyzerala-vasa-obyvacka-stylovejsie\/"},"wordCount":1475,"publisher":{"@id":"https:\/\/www.ikuchyne.sk\/eshop\/#organization"},"articleSection":["IN\u0160PIR\u00c1CIE","Ob\u00fdva\u010dky"],"inLanguage":"sk-SK"},{"@type":"WebPage","@id":"https:\/\/www.ikuchyne.sk\/eshop\/6-tipov-aby-vyzerala-vasa-obyvacka-stylovejsie\/","url":"https:\/\/www.ikuchyne.sk\/eshop\/6-tipov-aby-vyzerala-vasa-obyvacka-stylovejsie\/","name":"6 tipov aby vyzerala va\u0161a ob\u00fdva\u010dka \u0161t\u00fdlovej\u0161ie &#187; iKuchyne.sk","isPartOf":{"@id":"https:\/\/www.ikuchyne.sk\/eshop\/#website"},"datePublished":"2019-10-30T10:12:08+00:00","dateModified":"2019-10-30T11:37:23+00:00","description":"6 tipov aby vyzerala va\u0161a ob\u00fdva\u010dka \u0161t\u00fdlovej\u0161ie - pre\u010d\u00edtajte si nov\u00fd \u010dl\u00e1nok na blogi iKuchyne.sk a in\u0161pirujte sa na\u0161imi radami!","breadcrumb":{"@id":"https:\/\/www.ikuchyne.sk\/eshop\/6-tipov-aby-vyzerala-vasa-obyvacka-stylovejsie\/#breadcrumb"},"inLanguage":"sk-SK","potentialAction":[{"@type":"ReadAction","target":["https:\/\/www.ikuchyne.sk\/eshop\/6-tipov-aby-vyzerala-vasa-obyvacka-stylovejsie\/"]}]},{"@type":"BreadcrumbList","@id":"https:\/\/www.ikuchyne.sk\/eshop\/6-tipov-aby-vyzerala-vasa-obyvacka-stylovejsie\/#breadcrumb","itemListElement":[{"@type":"ListItem","position":1,"name":"Home","item":"https:\/\/www.ikuchyne.sk\/eshop\/"},{"@type":"ListItem","position":2,"name":"6 tipov aby vyzerala va\u0161a ob\u00fdva\u010dka \u0161t\u00fdlovej\u0161ie"}]},{"@type":"WebSite","@id":"https:\/\/www.ikuchyne.sk\/eshop\/#website","url":"https:\/\/www.ikuchyne.sk\/eshop\/","name":"iKuchyne iSHOP s n\u00e1bytkom","description":"Jed\u00e1lensk\u00e9 stoly, stoli\u010dky, n\u00e1bytok, svietidl\u00e1...","publisher":{"@id":"https:\/\/www.ikuchyne.sk\/eshop\/#organization"},"potentialAction":[{"@type":"SearchAction","target":{"@type":"EntryPoint","urlTemplate":"https:\/\/www.ikuchyne.sk\/eshop\/?s={search_term_string}"},"query-input":"required name=search_term_string"}],"inLanguage":"sk-SK"},{"@type":"Organization","@id":"https:\/\/www.ikuchyne.sk\/eshop\/#organization","name":"ikuchyne!","url":"https:\/\/www.ikuchyne.sk\/eshop\/","logo":{"@type":"ImageObject","inLanguage":"sk-SK","@id":"https:\/\/www.ikuchyne.sk\/eshop\/#\/schema\/logo\/image\/","url":"https:\/\/www.ikuchyne.sk\/eshop\/wp-content\/uploads\/2017\/04\/ikuchyne-logo.jpg","contentUrl":"https:\/\/www.ikuchyne.sk\/eshop\/wp-content\/uploads\/2017\/04\/ikuchyne-logo.jpg","width":200,"height":48,"caption":"ikuchyne!"},"image":{"@id":"https:\/\/www.ikuchyne.sk\/eshop\/#\/schema\/logo\/image\/"},"sameAs":["https:\/\/www.facebook.com\/ikuchyne\/","https:\/\/www.instagram.com\/ikuchyne.sk\/","https:\/\/sk.pinterest.com\/ikuchynesk\/"]},{"@type":"Person","@id":"https:\/\/www.ikuchyne.sk\/eshop\/#\/schema\/person\/dcdf61cecd39d35bb680134fa8e7d257","name":"Zdenka Go\u010dalov\u00e1","image":{"@type":"ImageObject","inLanguage":"sk-SK","@id":"https:\/\/www.ikuchyne.sk\/eshop\/#\/schema\/person\/image\/","url":"https:\/\/www.ikuchyne.sk\/eshop\/wp-content\/plugins\/wp-user-avatar\/deprecated\/wp-user-avatar\/images\/wpua-96x96.png","contentUrl":"https:\/\/www.ikuchyne.sk\/eshop\/wp-content\/plugins\/wp-user-avatar\/deprecated\/wp-user-avatar\/images\/wpua-96x96.png","caption":"Zdenka Go\u010dalov\u00e1"},"url":"https:\/\/www.ikuchyne.sk\/eshop\/author\/vyrobaikuchyne-sk\/"}]}},"_links":{"self":[{"href":"https:\/\/www.ikuchyne.sk\/eshop\/wp-json\/wp\/v2\/posts\/118033"}],"collection":[{"href":"https:\/\/www.ikuchyne.sk\/eshop\/wp-json\/wp\/v2\/posts"}],"about":[{"href":"https:\/\/www.ikuchyne.sk\/eshop\/wp-json\/wp\/v2\/types\/post"}],"author":[{"embeddable":true,"href":"https:\/\/www.ikuchyne.sk\/eshop\/wp-json\/wp\/v2\/users\/455"}],"replies":[{"embeddable":true,"href":"https:\/\/www.ikuchyne.sk\/eshop\/wp-json\/wp\/v2\/comments?post=118033"}],"version-history":[{"count":9,"href":"https:\/\/www.ikuchyne.sk\/eshop\/wp-json\/wp\/v2\/posts\/118033\/revisions"}],"predecessor-version":[{"id":118056,"href":"https:\/\/www.ikuchyne.sk\/eshop\/wp-json\/wp\/v2\/posts\/118033\/revisions\/118056"}],"wp:featuredmedia":[{"embeddable":true,"href":"https:\/\/www.ikuchyne.sk\/eshop\/wp-json\/wp\/v2\/media\/118042"}],"wp:attachment":[{"href":"https:\/\/www.ikuchyne.sk\/eshop\/wp-json\/wp\/v2\/media?parent=118033"}],"wp:term":[{"taxonomy":"category","embeddable":true,"href":"https:\/\/www.ikuchyne.sk\/eshop\/wp-json\/wp\/v2\/categories?post=118033"},{"taxonomy":"post_tag","embeddable":true,"href":"https:\/\/www.ikuchyne.sk\/eshop\/wp-json\/wp\/v2\/tags?post=118033"}],"curies":[{"name":"wp","href":"https:\/\/api.w.org\/{rel}","templated":true}]}}