{"id":118463,"date":"2019-12-01T12:09:47","date_gmt":"2019-12-01T11:09:47","guid":{"rendered":"https:\/\/ikuchyne.sk\/eshop\/?p=118463"},"modified":"2019-12-01T12:16:17","modified_gmt":"2019-12-01T11:16:17","slug":"vyberate-konferencny-stolik-poradime-vam-ako-na-to","status":"publish","type":"post","link":"https:\/\/www.ikuchyne.sk\/eshop\/vyberate-konferencny-stolik-poradime-vam-ako-na-to\/","title":{"rendered":"Vyber\u00e1te konferen\u010dn\u00fd stol\u00edk? Porad\u00edme v\u00e1m ako na to"},"content":{"rendered":"<p>[vc_row][vc_column][vc_column_text]<span style=\"color: #000000;\"><strong>Ob\u00fdvacia izba je miesto, kde \u013eudia tr\u00e1via v\u00e4\u010d\u0161inu svojho oddychov\u00e9ho \u010dasu. Je to miesto, kde posad\u00edme rodinu a\u00a0kamar\u00e1tov, ke\u010f k\u00a0n\u00e1m pr\u00eddu na n\u00e1v\u0161tevu. Vtedy potrebujeme priestor, kde m\u00f4\u017eeme polo\u017ei\u0165 k\u00e1vu, pr\u00edpadne nejak\u00fa sladkos\u0165. A pr\u00e1ve v\u00a0tak\u00fdchto rodinn\u00fdch chv\u00ed\u013each potrebujeme <span style=\"color: #e3245e;\"><a style=\"color: #e3245e;\" href=\"https:\/\/ikuchyne.sk\/eshop\/ako-vybrat-konferencny-stolik\/\">konferen\u010dn\u00fd stol\u00edk<\/a><\/span>.<\/strong> <\/span>[\/vc_column_text][vc_single_image image=&#8221;118465&#8243; img_size=&#8221;large&#8221; add_caption=&#8221;yes&#8221; alignment=&#8221;center&#8221; style=&#8221;vc_box_rounded&#8221;][\/vc_column][\/vc_row][vc_row][vc_column][vc_column_text]<span style=\"font-weight: 400; color: #000000;\">Pri v\u00fdbere n\u00e1bytku str\u00e1vime v\u00e4\u010d\u0161inou dlh\u00e9 hodiny. St\u00e1le h\u013ead\u00e1me nie\u010do, \u010do sa bude hodi\u0165 do n\u00e1\u0161ho interi\u00e9ru, aby v\u0161etko spolu \u201ehralo\u201c. Ani v\u00fdber konferen\u010dn\u00e9ho stol\u00edka nesmieme zanedba\u0165 a\u00a0pr\u00e1ve k\u00a0h\u013eadaniu tohto prvku do ob\u00fdva\u010dky V\u00e1m chceme pom\u00f4c\u0165.\u00a0<\/span><\/p>\n<p><span style=\"font-weight: 400; color: #000000;\">Pri prvotnom v\u00fdbere n\u00e1bytku do domu sa v\u00e4\u010d\u0161inou rozhodujeme, do ak\u00e9ho \u0161t\u00fdlu budeme ladi\u0165 miestnosti.\u00a0<\/span>[\/vc_column_text][\/vc_column][\/vc_row][vc_row][vc_column][vc_column_text]<\/p>\n<h2><span style=\"color: #e3245e;\"><strong>1. \u0160kandin\u00e1vsky<\/strong><br \/>\n<\/span><\/h2>\n<p>[\/vc_column_text][vc_column_text]<span style=\"color: #000000;\"><span style=\"font-weight: 400;\">Seversk\u00fd \u0161t\u00fdl je ve\u013emi ob\u013e\u00faben\u00fdm \u0161t\u00fdlom b\u00fdvania. \u010cist\u00e9 l\u00ednie v\u00a0<\/span>bielej farbe s\u00a0pr\u00edrodn\u00fdmi materi\u00e1lmi <\/span><span style=\"font-weight: 400;\"><span style=\"color: #000000;\">ako s\u00fa ko\u017ea, drevo, vlna. Jednoduch\u00fd minimalistick\u00fd n\u00e1bytok je hlavne praktick\u00fd a funk\u010dn\u00fd.<strong> Konferen\u010dn\u00e9 stol\u00edky sa vyzna\u010duj\u00fa t\u00fdm, \u017ee s\u00fa biele, skombinovan\u00e9 s \u00fazkymi dreven\u00fdmi no\u017ei\u010dkami.<\/strong> Tak\u00e9to stol\u00edky p\u00f4sobia ve\u013emi jednoducho a pr\u00edjemne, a preto sa hodia ku takmer ka\u017ed\u00e9mu \u0161t\u00fdlu seda\u010dky.<\/span> <\/span>[\/vc_column_text][\/vc_column][\/vc_row][vc_row][vc_column][vc_single_image image=&#8221;118464&#8243; img_size=&#8221;large&#8221; add_caption=&#8221;yes&#8221; alignment=&#8221;center&#8221; style=&#8221;vc_box_rounded&#8221;][vc_message message_box_color=&#8221;alert-success&#8221; icon_fontawesome=&#8221;fa fa-lightbulb-o&#8221;]<b>VEDELI STE, \u017dE<\/b><\/p>\n<p><span style=\"font-weight: 400;\">\u0160kandin\u00e1vsky interi\u00e9r v\u00f4bec nie je chladn\u00fd a\u00a0studen\u00fd, ale presne naopak. Je svetl\u00fd, \u010dist\u00fd, jednoduch\u00fd, funk\u010dn\u00fd a bl\u00edzky s\u00a0pr\u00edrodou.\u00a0<\/span>[\/vc_message][\/vc_column][\/vc_row][vc_row][vc_column][vc_column_text]<\/p>\n<h2><span style=\"color: #e3245e;\"><strong>2. Industri\u00e1lny \u0161t\u00fdl<\/strong><br \/>\n<\/span><\/h2>\n<p>[\/vc_column_text][vc_column_text]<span style=\"color: #000000;\"><span style=\"font-weight: 400;\">Pri tomto \u0161t\u00fdle sa treba tro\u0161ka obzrie\u0165 do minulosti. <strong>Jeho \u00falohou je ponecha\u0165<\/strong> <\/span><b>starod\u00e1vny vzh\u013ead domov<\/b><\/span><span style=\"font-weight: 400;\"><span style=\"color: #000000;\">. Na sten\u00e1ch s\u00fa vidite\u013en\u00e9 tehly, <strong>dominantou je surov\u00fd bet\u00f3n, neopracovan\u00fd povrch<\/strong>. N\u00e1bytok je vyrez\u00e1van\u00fd, zachoval\u00fd;<strong> s\u00fa v \u0148om vidite\u013en\u00e9 klince, lan\u00e1, \u017eelez\u00e1<\/strong>. Stol\u00edky s\u00fa ru\u010dne opracovan\u00e9 a n\u00e1sledne naolejovan\u00e9, aby zostali vidite\u013en\u00e9 pr\u00edrodn\u00e9 nezrovnalosti a ka\u017ed\u00fd st\u00f4l je jedine\u010dn\u00fd. Konferen\u010dn\u00fd stol\u00edk v tomto \u0161t\u00fdle bude stredobodom pozornosti ka\u017edej ob\u00fdva\u010dky.<\/span> <\/span>[\/vc_column_text][\/vc_column][\/vc_row][vc_row][vc_column][vc_single_image image=&#8221;118466&#8243; img_size=&#8221;full&#8221; add_caption=&#8221;yes&#8221; alignment=&#8221;center&#8221; style=&#8221;vc_box_rounded&#8221; onclick=&#8221;custom_link&#8221; img_link_target=&#8221;_blank&#8221; link=&#8221;https:\/\/ikuchyne.sk\/eshop\/produkt\/konferencny-stolik-infinity-home-120cm\/&#8221;][vc_message message_box_color=&#8221;alert-success&#8221; icon_fontawesome=&#8221;fa fa-lightbulb-o&#8221;]<strong>RADA ODBORN\u00cdKA<\/strong><\/p>\n<p><span style=\"font-weight: 400;\">Doplnky do industri\u00e1lneho domu z\u00edskate v\u00fdrazn\u00fdmi gomb\u00edkmi, cvokmi \u010di skrutkami, ktor\u00e9 m\u00f4\u017eu by\u0165 s\u00fa\u010das\u0165ou jednotliv\u00fdch kusov n\u00e1bytku. \u010c\u00edm s\u00fa tieto doplnky v\u00e4\u010d\u0161ie, t\u00fdm lep\u0161\u00ed dojem nadobudnete.<\/span>[\/vc_message][\/vc_column][\/vc_row][vc_row][vc_column][vc_column_text]<\/p>\n<h2><span style=\"color: #e3245e;\"><strong>3. Vidiecky \u0161t\u00fdl<\/strong><br \/>\n<\/span><\/h2>\n<p>[\/vc_column_text][\/vc_column][\/vc_row][vc_row][vc_column][vc_column_text]<span style=\"color: #000000;\"><strong>B\u00fdvanie vo \u201evidieku\u201c prin\u00e1\u0161a to najd\u00f4le\u017eitej\u0161ie: <\/strong><b>teplo domova<\/b><span style=\"font-weight: 400;\">. In\u0161pir\u00e1cie m\u00f4\u017eeme n\u00e1js\u0165 napr\u00edklad v\u00a0skanzene. <strong>Podstatn\u00e9 s\u00fa drevo, ve\u013ek\u00e1 murovan\u00e1 pec, doplnky v\u00a0\u013eudovom \u0161t\u00fdle, pr\u00edrodn\u00e9 materi\u00e1ly a\u00a0sklo<\/strong>. N\u00e1bytok je z\u00a0mas\u00edvu.<strong> Na jeho v\u00fdrobu sa pou\u017e\u00edva<\/strong> naj\u010dastej\u0161ie <strong>ag\u00e1t alebo indick\u00fd palisander<\/strong>. Mas\u00edvne drevo vydr\u017e\u00ed aj nieko\u013eko desiatok rokov a\u00a0st\u00e1le je rovnako kr\u00e1sne.\u00a0<\/span><\/span>[\/vc_column_text][\/vc_column][\/vc_row][vc_row][vc_column][vc_single_image image=&#8221;118468&#8243; img_size=&#8221;full&#8221; add_caption=&#8221;yes&#8221; alignment=&#8221;center&#8221; style=&#8221;vc_box_rounded&#8221; onclick=&#8221;custom_link&#8221; img_link_target=&#8221;_blank&#8221; link=&#8221;https:\/\/ikuchyne.sk\/eshop\/produkt\/konferencny-stolik-z-naplaveneho-dreva-riverside-100cm\/&#8221;][vc_message message_box_color=&#8221;alert-success&#8221; icon_fontawesome=&#8221;fa fa-lightbulb-o&#8221;]<strong>RADA ODBORN\u00cdKA<\/strong><\/p>\n<p><span style=\"font-weight: 400;\">Pri v\u00fdbere n\u00e1bytku vo vidieckom \u0161t\u00fdle je povinn\u00e9 dodr\u017eiava\u0165 pravidl\u00e1 pre ka\u017ed\u00fa miestnos\u0165 v dome. V interi\u00e9ri s\u00fa detaily, napr\u00edklad dreven\u00fd star\u00fd n\u00e1bytok, text\u00edlie, \u010dal\u00fanenie. <\/span>[\/vc_message][\/vc_column][\/vc_row][vc_row][vc_column][vc_column_text]<\/p>\n<h2><strong><span style=\"color: #e3245e;\">4. Modern\u00fd \u0161t\u00fdl<br \/>\n<\/span><\/strong><\/h2>\n<p>[\/vc_column_text][\/vc_column][\/vc_row][vc_row][vc_column][vc_column_text]<span style=\"font-weight: 400; color: #000000;\">Nad\u010dasovos\u0165 m\u00f4\u017eeme dosiahnu\u0165 pestros\u0165ou materi\u00e1lov a\u00a0farieb.<strong> V\u00a0modernom \u0161t\u00fdle vyhr\u00e1vaj\u00fa neutr\u00e1lne a\u00a0pr\u00edrodn\u00e9 farby<\/strong>, ale farebnos\u0165 m\u00f4\u017eeme doplni\u0165 dekor\u00e1ciami a\u00a0farebn\u00fdmi doplnkami. Mus\u00edme ale myslie\u0165 na to, \u017ee v\u0161etk\u00e9ho ve\u013ea \u0161kod\u00ed. Konferen\u010dn\u00fdm stol\u00edkom m\u00f4\u017eeme doplni\u0165 modern\u00fd interi\u00e9r. Stol\u00edky maj\u00fa aj r\u00f4zne podno\u017ee, od dreven\u00fdch a\u017e po rozli\u010dn\u00e9 kovov\u00e9 podno\u017ee v\u00a0medenej, chr\u00f3movej alebo zlatej farbe.<\/span>[\/vc_column_text][\/vc_column][\/vc_row][vc_row][vc_column][vc_message message_box_color=&#8221;alert-success&#8221; icon_fontawesome=&#8221;fa fa-lightbulb-o&#8221;]<b>VEDELI STE, \u017dE<\/b><\/p>\n<p>Modern\u00fd \u0161t\u00fdl nem\u00e1 hranice a\u00a0preto je ur\u010den\u00fd pre ka\u017ed\u00e9ho. Nem\u00e1 \u017eiadne pravidl\u00e1 a\u00a0jedin\u00e9 a\u00a0d\u00f4le\u017eit\u00e9 je to, aby ste sa c\u00edtili ako doma.<\/p>\n<p>[\/vc_message][vc_single_image image=&#8221;118467&#8243; img_size=&#8221;full&#8221; add_caption=&#8221;yes&#8221; alignment=&#8221;center&#8221; style=&#8221;vc_box_rounded&#8221; onclick=&#8221;custom_link&#8221; img_link_target=&#8221;_blank&#8221; link=&#8221;https:\/\/ikuchyne.sk\/eshop\/produkt\/zlaty-konferencny-stolik-storage\/&#8221;][\/vc_column][\/vc_row][vc_row][vc_column][vc_message css_animation=&#8221;none&#8221;]<strong>Stol\u00edky od <a href=\"http:\/\/ikuchyne.sk\">ikuchyne.sk<\/a> s\u00fa nielen estetick\u00e9, ale aj vysoko funk\u010dn\u00e9.<\/strong> V\u010faka starostlivo vybran\u00fdm materi\u00e1lom s\u00fa \u013eahk\u00e9 na \u00fadr\u017ebu. Vyberte si z na\u0161ej \u0161irokej ponuky konferen\u010dn\u00fdch stol\u00edkov na <a href=\"http:\/\/www.ikuchyne.sk\/eshop\">www.ikuchyne.sk\/eshop<\/a>.[\/vc_message][\/vc_column][\/vc_row]<\/p>\n","protected":false},"excerpt":{"rendered":"<p>[vc_row][vc_column][vc_column_text]Ob\u00fdvacia izba je miesto, kde \u013eudia tr\u00e1via v\u00e4\u010d\u0161inu svojho oddychov\u00e9ho \u010dasu. Je to miesto, kde posad\u00edme rodinu a\u00a0kamar\u00e1tov, ke\u010f k\u00a0n\u00e1m pr\u00eddu na n\u00e1v\u0161tevu. Vtedy potrebujeme priestor, kde m\u00f4\u017eeme polo\u017ei\u0165 k\u00e1vu,<\/p>\n","protected":false},"author":541,"featured_media":119878,"comment_status":"closed","ping_status":"open","sticky":false,"template":"","format":"standard","meta":{"footnotes":""},"categories":[1010,1012],"tags":[],"yoast_head":"<!-- This site is optimized with the Yoast SEO plugin v22.1 - https:\/\/yoast.com\/wordpress\/plugins\/seo\/ -->\n<title>Vyber\u00e1te konferen\u010dn\u00fd stol\u00edk? &#187; iKuchyne iSHOP s n\u00e1bytkom<\/title>\n<meta name=\"description\" content=\"Vyberte si konferen\u010dn\u00fd stol\u00edk presne pod\u013ea v\u00e1\u0161ho \u0161t\u00fdlu! Pre\u010d\u00edtajte si \u010dl\u00e1nok na blogu, pom\u00f4\u017ee v\u00e1m s v\u00fdberom konferen\u010dn\u00e9ho stola!\" \/>\n<meta name=\"robots\" content=\"index, follow, max-snippet:-1, max-image-preview:large, max-video-preview:-1\" \/>\n<link rel=\"canonical\" href=\"https:\/\/www.ikuchyne.sk\/eshop\/vyberate-konferencny-stolik-poradime-vam-ako-na-to\/\" \/>\n<meta property=\"og:locale\" content=\"sk_SK\" \/>\n<meta property=\"og:type\" content=\"article\" \/>\n<meta property=\"og:title\" content=\"Vyber\u00e1te konferen\u010dn\u00fd stol\u00edk? &#187; iKuchyne iSHOP s n\u00e1bytkom\" \/>\n<meta property=\"og:description\" content=\"Vyberte si konferen\u010dn\u00fd stol\u00edk presne pod\u013ea v\u00e1\u0161ho \u0161t\u00fdlu! Pre\u010d\u00edtajte si \u010dl\u00e1nok na blogu, pom\u00f4\u017ee v\u00e1m s v\u00fdberom konferen\u010dn\u00e9ho stola!\" \/>\n<meta property=\"og:url\" content=\"https:\/\/www.ikuchyne.sk\/eshop\/vyberate-konferencny-stolik-poradime-vam-ako-na-to\/\" \/>\n<meta property=\"og:site_name\" content=\"iKuchyne iSHOP s n\u00e1bytkom\" \/>\n<meta property=\"article:publisher\" content=\"https:\/\/www.facebook.com\/ikuchyne\/\" \/>\n<meta property=\"article:published_time\" content=\"2019-12-01T11:09:47+00:00\" \/>\n<meta property=\"article:modified_time\" content=\"2019-12-01T11:16:17+00:00\" \/>\n<meta property=\"og:image\" content=\"https:\/\/www.ikuchyne.sk\/eshop\/wp-content\/uploads\/2019\/11\/Konferencny-stolik-SimplyClever-36cm-mramor-zelena-39504.jpg\" \/>\n\t<meta property=\"og:image:width\" content=\"800\" \/>\n\t<meta property=\"og:image:height\" content=\"533\" \/>\n\t<meta property=\"og:image:type\" content=\"image\/jpeg\" \/>\n<meta name=\"author\" content=\"Iveta Vr\u00e1b\u013eov\u00e1\" \/>\n<meta name=\"twitter:card\" content=\"summary_large_image\" \/>\n<meta name=\"twitter:label1\" content=\"Autor\" \/>\n\t<meta name=\"twitter:data1\" content=\"Iveta Vr\u00e1b\u013eov\u00e1\" \/>\n\t<meta name=\"twitter:label2\" content=\"Predpokladan\u00fd \u010das \u010d\u00edtania\" \/>\n\t<meta name=\"twitter:data2\" content=\"5 min\u00fat\" \/>\n<script type=\"application\/ld+json\" class=\"yoast-schema-graph\">{\"@context\":\"https:\/\/schema.org\",\"@graph\":[{\"@type\":\"Article\",\"@id\":\"https:\/\/www.ikuchyne.sk\/eshop\/vyberate-konferencny-stolik-poradime-vam-ako-na-to\/#article\",\"isPartOf\":{\"@id\":\"https:\/\/www.ikuchyne.sk\/eshop\/vyberate-konferencny-stolik-poradime-vam-ako-na-to\/\"},\"author\":{\"name\":\"Iveta Vr\u00e1b\u013eov\u00e1\",\"@id\":\"https:\/\/www.ikuchyne.sk\/eshop\/#\/schema\/person\/6b70cfc09dbb39ebfc4f2feb68a06bb7\"},\"headline\":\"Vyber\u00e1te konferen\u010dn\u00fd stol\u00edk? Porad\u00edme v\u00e1m ako na to\",\"datePublished\":\"2019-12-01T11:09:47+00:00\",\"dateModified\":\"2019-12-01T11:16:17+00:00\",\"mainEntityOfPage\":{\"@id\":\"https:\/\/www.ikuchyne.sk\/eshop\/vyberate-konferencny-stolik-poradime-vam-ako-na-to\/\"},\"wordCount\":1033,\"publisher\":{\"@id\":\"https:\/\/www.ikuchyne.sk\/eshop\/#organization\"},\"articleSection\":[\"N\u00c1BYTOK\",\"Ob\u00fdva\u010dky\"],\"inLanguage\":\"sk-SK\"},{\"@type\":\"WebPage\",\"@id\":\"https:\/\/www.ikuchyne.sk\/eshop\/vyberate-konferencny-stolik-poradime-vam-ako-na-to\/\",\"url\":\"https:\/\/www.ikuchyne.sk\/eshop\/vyberate-konferencny-stolik-poradime-vam-ako-na-to\/\",\"name\":\"Vyber\u00e1te konferen\u010dn\u00fd stol\u00edk? &#187; iKuchyne iSHOP s n\u00e1bytkom\",\"isPartOf\":{\"@id\":\"https:\/\/www.ikuchyne.sk\/eshop\/#website\"},\"datePublished\":\"2019-12-01T11:09:47+00:00\",\"dateModified\":\"2019-12-01T11:16:17+00:00\",\"description\":\"Vyberte si konferen\u010dn\u00fd stol\u00edk presne pod\u013ea v\u00e1\u0161ho \u0161t\u00fdlu! Pre\u010d\u00edtajte si \u010dl\u00e1nok na blogu, pom\u00f4\u017ee v\u00e1m s v\u00fdberom konferen\u010dn\u00e9ho stola!\",\"breadcrumb\":{\"@id\":\"https:\/\/www.ikuchyne.sk\/eshop\/vyberate-konferencny-stolik-poradime-vam-ako-na-to\/#breadcrumb\"},\"inLanguage\":\"sk-SK\",\"potentialAction\":[{\"@type\":\"ReadAction\",\"target\":[\"https:\/\/www.ikuchyne.sk\/eshop\/vyberate-konferencny-stolik-poradime-vam-ako-na-to\/\"]}]},{\"@type\":\"BreadcrumbList\",\"@id\":\"https:\/\/www.ikuchyne.sk\/eshop\/vyberate-konferencny-stolik-poradime-vam-ako-na-to\/#breadcrumb\",\"itemListElement\":[{\"@type\":\"ListItem\",\"position\":1,\"name\":\"Home\",\"item\":\"https:\/\/www.ikuchyne.sk\/eshop\/\"},{\"@type\":\"ListItem\",\"position\":2,\"name\":\"Vyber\u00e1te konferen\u010dn\u00fd stol\u00edk? Porad\u00edme v\u00e1m ako na to\"}]},{\"@type\":\"WebSite\",\"@id\":\"https:\/\/www.ikuchyne.sk\/eshop\/#website\",\"url\":\"https:\/\/www.ikuchyne.sk\/eshop\/\",\"name\":\"iKuchyne iSHOP s n\u00e1bytkom\",\"description\":\"Jed\u00e1lensk\u00e9 stoly, stoli\u010dky, n\u00e1bytok, svietidl\u00e1...\",\"publisher\":{\"@id\":\"https:\/\/www.ikuchyne.sk\/eshop\/#organization\"},\"potentialAction\":[{\"@type\":\"SearchAction\",\"target\":{\"@type\":\"EntryPoint\",\"urlTemplate\":\"https:\/\/www.ikuchyne.sk\/eshop\/?s={search_term_string}\"},\"query-input\":\"required name=search_term_string\"}],\"inLanguage\":\"sk-SK\"},{\"@type\":\"Organization\",\"@id\":\"https:\/\/www.ikuchyne.sk\/eshop\/#organization\",\"name\":\"ikuchyne!\",\"url\":\"https:\/\/www.ikuchyne.sk\/eshop\/\",\"logo\":{\"@type\":\"ImageObject\",\"inLanguage\":\"sk-SK\",\"@id\":\"https:\/\/www.ikuchyne.sk\/eshop\/#\/schema\/logo\/image\/\",\"url\":\"https:\/\/www.ikuchyne.sk\/eshop\/wp-content\/uploads\/2017\/04\/ikuchyne-logo.jpg\",\"contentUrl\":\"https:\/\/www.ikuchyne.sk\/eshop\/wp-content\/uploads\/2017\/04\/ikuchyne-logo.jpg\",\"width\":200,\"height\":48,\"caption\":\"ikuchyne!\"},\"image\":{\"@id\":\"https:\/\/www.ikuchyne.sk\/eshop\/#\/schema\/logo\/image\/\"},\"sameAs\":[\"https:\/\/www.facebook.com\/ikuchyne\/\",\"https:\/\/www.instagram.com\/ikuchyne.sk\/\",\"https:\/\/sk.pinterest.com\/ikuchynesk\/\"]},{\"@type\":\"Person\",\"@id\":\"https:\/\/www.ikuchyne.sk\/eshop\/#\/schema\/person\/6b70cfc09dbb39ebfc4f2feb68a06bb7\",\"name\":\"Iveta Vr\u00e1b\u013eov\u00e1\",\"image\":{\"@type\":\"ImageObject\",\"inLanguage\":\"sk-SK\",\"@id\":\"https:\/\/www.ikuchyne.sk\/eshop\/#\/schema\/person\/image\/\",\"url\":\"https:\/\/www.ikuchyne.sk\/eshop\/wp-content\/plugins\/wp-user-avatar\/deprecated\/wp-user-avatar\/images\/wpua-96x96.png\",\"contentUrl\":\"https:\/\/www.ikuchyne.sk\/eshop\/wp-content\/plugins\/wp-user-avatar\/deprecated\/wp-user-avatar\/images\/wpua-96x96.png\",\"caption\":\"Iveta Vr\u00e1b\u013eov\u00e1\"},\"description\":\"Iveta je mami\u010dka na materskej dovolenke. Cez de\u0148 sa venuje hlavne svoj\u00edm dvom de\u0165om a\u00a0ke\u010f si n\u00e1jde vo\u013en\u00fd \u010das, tak \u010d\u00edta knihy a\u00a0var\u00ed. Od kedy sa sna\u017e\u00ed zariadi\u0165 svoj nov\u00fd domov, tak na internete sleduje novinky vo svete n\u00e1bytkov a\u00a0doplnkov do dom\u00e1cnosti. Aj preto za\u010dala p\u00edsa\u0165 \u010dl\u00e1nky o\u00a0interi\u00e9rovom dizajne, aby tak pomohla sebe aj druh\u00fdm pri vyberan\u00ed toho spr\u00e1vneho n\u00e1bytku.\",\"url\":\"https:\/\/www.ikuchyne.sk\/eshop\/author\/iveta-vrablova\/\"}]}<\/script>\n<!-- \/ Yoast SEO plugin. -->","yoast_head_json":{"title":"Vyber\u00e1te konferen\u010dn\u00fd stol\u00edk? &#187; iKuchyne iSHOP s n\u00e1bytkom","description":"Vyberte si konferen\u010dn\u00fd stol\u00edk presne pod\u013ea v\u00e1\u0161ho \u0161t\u00fdlu! Pre\u010d\u00edtajte si \u010dl\u00e1nok na blogu, pom\u00f4\u017ee v\u00e1m s v\u00fdberom konferen\u010dn\u00e9ho stola!","robots":{"index":"index","follow":"follow","max-snippet":"max-snippet:-1","max-image-preview":"max-image-preview:large","max-video-preview":"max-video-preview:-1"},"canonical":"https:\/\/www.ikuchyne.sk\/eshop\/vyberate-konferencny-stolik-poradime-vam-ako-na-to\/","og_locale":"sk_SK","og_type":"article","og_title":"Vyber\u00e1te konferen\u010dn\u00fd stol\u00edk? &#187; iKuchyne iSHOP s n\u00e1bytkom","og_description":"Vyberte si konferen\u010dn\u00fd stol\u00edk presne pod\u013ea v\u00e1\u0161ho \u0161t\u00fdlu! Pre\u010d\u00edtajte si \u010dl\u00e1nok na blogu, pom\u00f4\u017ee v\u00e1m s v\u00fdberom konferen\u010dn\u00e9ho stola!","og_url":"https:\/\/www.ikuchyne.sk\/eshop\/vyberate-konferencny-stolik-poradime-vam-ako-na-to\/","og_site_name":"iKuchyne iSHOP s n\u00e1bytkom","article_publisher":"https:\/\/www.facebook.com\/ikuchyne\/","article_published_time":"2019-12-01T11:09:47+00:00","article_modified_time":"2019-12-01T11:16:17+00:00","og_image":[{"width":800,"height":533,"url":"https:\/\/www.ikuchyne.sk\/eshop\/wp-content\/uploads\/2019\/11\/Konferencny-stolik-SimplyClever-36cm-mramor-zelena-39504.jpg","type":"image\/jpeg"}],"author":"Iveta Vr\u00e1b\u013eov\u00e1","twitter_card":"summary_large_image","twitter_misc":{"Autor":"Iveta Vr\u00e1b\u013eov\u00e1","Predpokladan\u00fd \u010das \u010d\u00edtania":"5 min\u00fat"},"schema":{"@context":"https:\/\/schema.org","@graph":[{"@type":"Article","@id":"https:\/\/www.ikuchyne.sk\/eshop\/vyberate-konferencny-stolik-poradime-vam-ako-na-to\/#article","isPartOf":{"@id":"https:\/\/www.ikuchyne.sk\/eshop\/vyberate-konferencny-stolik-poradime-vam-ako-na-to\/"},"author":{"name":"Iveta Vr\u00e1b\u013eov\u00e1","@id":"https:\/\/www.ikuchyne.sk\/eshop\/#\/schema\/person\/6b70cfc09dbb39ebfc4f2feb68a06bb7"},"headline":"Vyber\u00e1te konferen\u010dn\u00fd stol\u00edk? Porad\u00edme v\u00e1m ako na to","datePublished":"2019-12-01T11:09:47+00:00","dateModified":"2019-12-01T11:16:17+00:00","mainEntityOfPage":{"@id":"https:\/\/www.ikuchyne.sk\/eshop\/vyberate-konferencny-stolik-poradime-vam-ako-na-to\/"},"wordCount":1033,"publisher":{"@id":"https:\/\/www.ikuchyne.sk\/eshop\/#organization"},"articleSection":["N\u00c1BYTOK","Ob\u00fdva\u010dky"],"inLanguage":"sk-SK"},{"@type":"WebPage","@id":"https:\/\/www.ikuchyne.sk\/eshop\/vyberate-konferencny-stolik-poradime-vam-ako-na-to\/","url":"https:\/\/www.ikuchyne.sk\/eshop\/vyberate-konferencny-stolik-poradime-vam-ako-na-to\/","name":"Vyber\u00e1te konferen\u010dn\u00fd stol\u00edk? &#187; iKuchyne iSHOP s n\u00e1bytkom","isPartOf":{"@id":"https:\/\/www.ikuchyne.sk\/eshop\/#website"},"datePublished":"2019-12-01T11:09:47+00:00","dateModified":"2019-12-01T11:16:17+00:00","description":"Vyberte si konferen\u010dn\u00fd stol\u00edk presne pod\u013ea v\u00e1\u0161ho \u0161t\u00fdlu! Pre\u010d\u00edtajte si \u010dl\u00e1nok na blogu, pom\u00f4\u017ee v\u00e1m s v\u00fdberom konferen\u010dn\u00e9ho stola!","breadcrumb":{"@id":"https:\/\/www.ikuchyne.sk\/eshop\/vyberate-konferencny-stolik-poradime-vam-ako-na-to\/#breadcrumb"},"inLanguage":"sk-SK","potentialAction":[{"@type":"ReadAction","target":["https:\/\/www.ikuchyne.sk\/eshop\/vyberate-konferencny-stolik-poradime-vam-ako-na-to\/"]}]},{"@type":"BreadcrumbList","@id":"https:\/\/www.ikuchyne.sk\/eshop\/vyberate-konferencny-stolik-poradime-vam-ako-na-to\/#breadcrumb","itemListElement":[{"@type":"ListItem","position":1,"name":"Home","item":"https:\/\/www.ikuchyne.sk\/eshop\/"},{"@type":"ListItem","position":2,"name":"Vyber\u00e1te konferen\u010dn\u00fd stol\u00edk? Porad\u00edme v\u00e1m ako na to"}]},{"@type":"WebSite","@id":"https:\/\/www.ikuchyne.sk\/eshop\/#website","url":"https:\/\/www.ikuchyne.sk\/eshop\/","name":"iKuchyne iSHOP s n\u00e1bytkom","description":"Jed\u00e1lensk\u00e9 stoly, stoli\u010dky, n\u00e1bytok, svietidl\u00e1...","publisher":{"@id":"https:\/\/www.ikuchyne.sk\/eshop\/#organization"},"potentialAction":[{"@type":"SearchAction","target":{"@type":"EntryPoint","urlTemplate":"https:\/\/www.ikuchyne.sk\/eshop\/?s={search_term_string}"},"query-input":"required name=search_term_string"}],"inLanguage":"sk-SK"},{"@type":"Organization","@id":"https:\/\/www.ikuchyne.sk\/eshop\/#organization","name":"ikuchyne!","url":"https:\/\/www.ikuchyne.sk\/eshop\/","logo":{"@type":"ImageObject","inLanguage":"sk-SK","@id":"https:\/\/www.ikuchyne.sk\/eshop\/#\/schema\/logo\/image\/","url":"https:\/\/www.ikuchyne.sk\/eshop\/wp-content\/uploads\/2017\/04\/ikuchyne-logo.jpg","contentUrl":"https:\/\/www.ikuchyne.sk\/eshop\/wp-content\/uploads\/2017\/04\/ikuchyne-logo.jpg","width":200,"height":48,"caption":"ikuchyne!"},"image":{"@id":"https:\/\/www.ikuchyne.sk\/eshop\/#\/schema\/logo\/image\/"},"sameAs":["https:\/\/www.facebook.com\/ikuchyne\/","https:\/\/www.instagram.com\/ikuchyne.sk\/","https:\/\/sk.pinterest.com\/ikuchynesk\/"]},{"@type":"Person","@id":"https:\/\/www.ikuchyne.sk\/eshop\/#\/schema\/person\/6b70cfc09dbb39ebfc4f2feb68a06bb7","name":"Iveta Vr\u00e1b\u013eov\u00e1","image":{"@type":"ImageObject","inLanguage":"sk-SK","@id":"https:\/\/www.ikuchyne.sk\/eshop\/#\/schema\/person\/image\/","url":"https:\/\/www.ikuchyne.sk\/eshop\/wp-content\/plugins\/wp-user-avatar\/deprecated\/wp-user-avatar\/images\/wpua-96x96.png","contentUrl":"https:\/\/www.ikuchyne.sk\/eshop\/wp-content\/plugins\/wp-user-avatar\/deprecated\/wp-user-avatar\/images\/wpua-96x96.png","caption":"Iveta Vr\u00e1b\u013eov\u00e1"},"description":"Iveta je mami\u010dka na materskej dovolenke. Cez de\u0148 sa venuje hlavne svoj\u00edm dvom de\u0165om a\u00a0ke\u010f si n\u00e1jde vo\u013en\u00fd \u010das, tak \u010d\u00edta knihy a\u00a0var\u00ed. Od kedy sa sna\u017e\u00ed zariadi\u0165 svoj nov\u00fd domov, tak na internete sleduje novinky vo svete n\u00e1bytkov a\u00a0doplnkov do dom\u00e1cnosti. Aj preto za\u010dala p\u00edsa\u0165 \u010dl\u00e1nky o\u00a0interi\u00e9rovom dizajne, aby tak pomohla sebe aj druh\u00fdm pri vyberan\u00ed toho spr\u00e1vneho n\u00e1bytku.","url":"https:\/\/www.ikuchyne.sk\/eshop\/author\/iveta-vrablova\/"}]}},"_links":{"self":[{"href":"https:\/\/www.ikuchyne.sk\/eshop\/wp-json\/wp\/v2\/posts\/118463"}],"collection":[{"href":"https:\/\/www.ikuchyne.sk\/eshop\/wp-json\/wp\/v2\/posts"}],"about":[{"href":"https:\/\/www.ikuchyne.sk\/eshop\/wp-json\/wp\/v2\/types\/post"}],"author":[{"embeddable":true,"href":"https:\/\/www.ikuchyne.sk\/eshop\/wp-json\/wp\/v2\/users\/541"}],"replies":[{"embeddable":true,"href":"https:\/\/www.ikuchyne.sk\/eshop\/wp-json\/wp\/v2\/comments?post=118463"}],"version-history":[{"count":7,"href":"https:\/\/www.ikuchyne.sk\/eshop\/wp-json\/wp\/v2\/posts\/118463\/revisions"}],"predecessor-version":[{"id":119573,"href":"https:\/\/www.ikuchyne.sk\/eshop\/wp-json\/wp\/v2\/posts\/118463\/revisions\/119573"}],"wp:featuredmedia":[{"embeddable":true,"href":"https:\/\/www.ikuchyne.sk\/eshop\/wp-json\/"}],"wp:attachment":[{"href":"https:\/\/www.ikuchyne.sk\/eshop\/wp-json\/wp\/v2\/media?parent=118463"}],"wp:term":[{"taxonomy":"category","embeddable":true,"href":"https:\/\/www.ikuchyne.sk\/eshop\/wp-json\/wp\/v2\/categories?post=118463"},{"taxonomy":"post_tag","embeddable":true,"href":"https:\/\/www.ikuchyne.sk\/eshop\/wp-json\/wp\/v2\/tags?post=118463"}],"curies":[{"name":"wp","href":"https:\/\/api.w.org\/{rel}","templated":true}]}}