{"id":119197,"date":"2019-11-20T12:10:55","date_gmt":"2019-11-20T11:10:55","guid":{"rendered":"https:\/\/ikuchyne.sk\/eshop\/?p=119197"},"modified":"2020-10-21T04:19:37","modified_gmt":"2020-10-21T02:19:37","slug":"zimna-vyzdoba-v-interieri-stavte-na-textilie-a-kozusiny","status":"publish","type":"post","link":"https:\/\/www.ikuchyne.sk\/eshop\/zimna-vyzdoba-v-interieri-stavte-na-textilie-a-kozusiny\/","title":{"rendered":"Zimn\u00e1 v\u00fdzdoba v interi\u00e9ri. Stavte na text\u00edlie a ko\u017eu\u0161iny!"},"content":{"rendered":"<p>[vc_row][vc_column][vc_column_text]<strong><span style=\"color: #000000;\">Doru\u017eova vy\u0161t\u00edpan\u00e9 l\u00ed\u010dka, n\u00e1mraza na okn\u00e1ch a ten pocit, ke\u010f sa vr\u00e1tite z dlhej zimnej prech\u00e1dzky do tepla domova\u2026 U\u017e\u00edvajte si jedine\u010dn\u00fa atmosf\u00e9ru zimy aj vn\u00fatri, vo svojom pr\u00edbytku. V tomto \u010dl\u00e1nku v\u00e1m porad\u00edme, ako si ju m\u00f4\u017eete r\u00fdchlo a jednoducho vytvori\u0165. Tak, aby bola zimn\u00e1 v\u00fdzdoba \u010darovn\u00e1, \u00fatuln\u00e1 a hrejiv\u00e1.<\/span><\/strong><\/p>\n<p><span style=\"font-weight: 400; color: #000000;\"><strong>M\u00e4ku\u010dk\u00e9 a tepl\u00e9 materi\u00e1ly v tomto obdob\u00ed zbo\u017e\u0148ujeme najviac. Vyu\u017eite ich nielen na oble\u010den\u00ed, ale aj na zimn\u00e9 dekorovanie v\u00e1\u0161ho domova. Hebk\u00e9 deky, vank\u00fa\u0161e a kober\u010deky, ale aj ko\u017eu\u0161iny m\u00f4\u017eete teraz obsadi\u0165 do hlavnej \u00falohy. Po\u010fme sa spolu pozrie\u0165 na to, ak\u00fdmi sp\u00f4sobmi ich m\u00f4\u017eete v interi\u00e9ri vyu\u017ei\u0165.<\/strong> <\/span>[\/vc_column_text][vc_single_image image=&#8221;119195&#8243; img_size=&#8221;large&#8221; add_caption=&#8221;yes&#8221; alignment=&#8221;center&#8221; style=&#8221;vc_box_rounded&#8221;][\/vc_column][\/vc_row][vc_row][vc_column][vc_column_text]<\/p>\n<h2><span style=\"color: #e3245e;\"><b>Ko\u017eu\u0161inov\u00fd prehoz<\/b><\/span><\/h2>\n<p><span style=\"font-weight: 400; color: #000000;\"><strong>Ko\u017eu\u0161iny<\/strong> dodaj\u00fa interi\u00e9ru eleganciu a <strong>p\u00f4sobia ve\u013emi luxusne<\/strong>. Okrem toho kr\u00e1sne ladia s pr\u00edrodn\u00fdm drevom, tehlou, ale aj keramikou, sklom \u010di kovom. K\u00fasok ko\u017eu\u0161iny prehodenej cez <a href=\"https:\/\/ikuchyne.sk\/eshop\/ako-vybrat-stolicku\/\">stoli\u010dku<\/a> v jed\u00e1lni alebo pracovni alebo polo\u017eenej na seda\u010dke \u010di kresle p\u00f4sob\u00ed ve\u013emi \u0161t\u00fdlovo.\u00a0<\/span>[\/vc_column_text][vc_single_image image=&#8221;119191&#8243; img_size=&#8221;large&#8221; add_caption=&#8221;yes&#8221; alignment=&#8221;center&#8221; style=&#8221;vc_box_rounded&#8221;][\/vc_column][\/vc_row][vc_row][vc_column][vc_column_text]<span style=\"font-weight: 400; color: #000000;\">Zadov\u00e1\u017ete si pokojne aj nieko\u013eko k\u00faskov v rovnakom preveden\u00ed a tom istom alebo podobnom odtieni, aby celok p\u00f4sobil harmonicky. Alebo ko\u017eu\u0161inu polo\u017ete na zem &#8211; v\u00fdborne si sadne predov\u0161etk\u00fdm s drevenou podlahou. Posl\u00fa\u017ei ako m\u00e4ku\u010dk\u00e1 podu\u0161ka pod nohy alebo si z nej m\u00f4\u017eete vytvori\u0165 zimn\u00e9 z\u00e1ti\u0161ie. Sta\u010d\u00ed prida\u0165 vank\u00fa\u0161e a dekor\u00e1cie.<\/span>[\/vc_column_text][\/vc_column][\/vc_row][vc_row][vc_column][vc_single_image image=&#8221;119198&#8243; img_size=&#8221;large&#8221; add_caption=&#8221;yes&#8221; alignment=&#8221;center&#8221; style=&#8221;vc_box_rounded&#8221;][\/vc_column][\/vc_row][vc_row][vc_column][vc_message icon_fontawesome=&#8221;fa fa-lightbulb-o&#8221;]<span style=\"font-weight: 400;\"><strong>Rada odborn\u00edka:<\/strong> Z etickej str\u00e1nky s\u00fa lep\u0161ou vo\u013ebou umel\u00e9 ko\u017eu\u0161iny ne\u017e tie prav\u00e9. Toho, \u017ee by neboli dostato\u010dne pekn\u00e9 \u010di pr\u00edjemn\u00e9 na dotyk sa ob\u00e1va\u0165 nemus\u00edte &#8211; pr\u00e1ve naopak. Okrem toho, umel\u00e9 ko\u017eu\u0161iny sa vyr\u00e1baj\u00fa aj v r\u00f4znych zauj\u00edmav\u00fdch prevedeniach, napr\u00edklad netradi\u010dn\u00fdch farb\u00e1ch.<\/span>[\/vc_message][vc_single_image image=&#8221;119193&#8243; img_size=&#8221;large&#8221; add_caption=&#8221;yes&#8221; alignment=&#8221;center&#8221; style=&#8221;vc_box_rounded&#8221;][\/vc_column][\/vc_row][vc_row][vc_column][vc_column_text]<\/p>\n<h2><span style=\"color: #e3245e;\"><b>Koberce<\/b><\/span><\/h2>\n<p><span style=\"font-weight: 400;\"><span style=\"color: #000000;\">\u00dalohou kobercov je izolova\u0165 chlad od podlahy, \u010d\u00edm udr\u017euj\u00fa v teple najm\u00e4 na\u0161e nohy. Ak nem\u00e1te vo svojom pr\u00edbytku celoplo\u0161n\u00e9 koberce, siahnite aspo\u0148 po\u010das studen\u00fdch mesiacov v roku po<\/span> <\/span><a href=\"https:\/\/ikuchyne.sk\/eshop\/?s=koberec&amp;product_cat=0&amp;post_type=product\"><span style=\"font-weight: 400;\">kusov\u00fdch kobercoch<\/span><\/a><span style=\"font-weight: 400;\">. <span style=\"color: #000000;\">Vyu\u017ei\u0165 ich m\u00f4\u017eete v ka\u017edej miestnosti. R\u00f4zne ve\u013ekosti, materi\u00e1ly, farby a vzory pon\u00fakaj\u00fa nekone\u010dn\u00e9 mno\u017estvo vari\u00e1ci\u00ed.\u00a0<\/span><\/span>[\/vc_column_text][\/vc_column][\/vc_row][vc_row][vc_column][vc_single_image image=&#8221;119190&#8243; img_size=&#8221;full&#8221; add_caption=&#8221;yes&#8221; alignment=&#8221;center&#8221; style=&#8221;vc_box_rounded&#8221;][\/vc_column][\/vc_row][vc_row][vc_column][vc_column_text]<span style=\"font-weight: 400; color: #000000;\">Nechcete, aby koberec na seba p\u00fatal pozornos\u0165? Zvo\u013ete sk\u00f4r farebne neutr\u00e1lny a bez vzorov alebo s jednoduch\u00fdmi vzormi bez farebn\u00fdch kontrastov. Po v\u00fdraznom k\u00fasku siahnite v pr\u00edpade, \u017ee chcete miestnos\u0165 ozvl\u00e1\u0161tni\u0165.\u00a0<\/span>[\/vc_column_text][vc_single_image image=&#8221;119189&#8243; img_size=&#8221;full&#8221; add_caption=&#8221;yes&#8221; alignment=&#8221;center&#8221; style=&#8221;vc_box_rounded&#8221;][\/vc_column][\/vc_row][vc_row][vc_column][vc_column_text]<\/p>\n<h2><span style=\"color: #e3245e;\"><b>Deky\u00a0<\/b><\/span><\/h2>\n<p><span style=\"font-weight: 400; color: #000000;\">V tomto obdob\u00ed ich pou\u017e\u00edvame sn\u00e1\u010f v\u0161etci &#8211; ke\u010f n\u00e1m je chladno a chceme sa zahria\u0165, alebo ke\u010f lebed\u00edme na gau\u010di s ob\u013e\u00fabenou knihou. <strong>Deka v\u0161ak m\u00f4\u017ee ma\u0165 nielen praktick\u00fa, ale aj dekorat\u00edvnu funkciu<\/strong>. A vyzer\u00e1 to bo\u017esky!<\/span>[\/vc_column_text][vc_single_image image=&#8221;119188&#8243; img_size=&#8221;full&#8221; add_caption=&#8221;yes&#8221; alignment=&#8221;center&#8221; style=&#8221;vc_box_rounded&#8221;][vc_column_text]<span style=\"font-weight: 400; color: #000000;\"><strong>V zimnom obdob\u00ed siahnite po dek\u00e1ch z materi\u00e1lov ako organick\u00e1 bavlna a mikrovl\u00e1kno alebo pleten\u00e9 deky napr\u00edklad z akrylu<\/strong>. V\u00fdborne vyzeraj\u00fa aj pre\u0161\u00edvan\u00e9 deky a ob\u013e\u00faben\u00e9 s\u00fa r\u00f4zne zimn\u00e9 mot\u00edvy ako snehov\u00e9 vlo\u010dky, jelene, sovi\u010dky. Polo\u017ete ich tak trochu ledabolo na seda\u010dku alebo ich pou\u017eite ako prehoz na poste\u013e.\u00a0<\/span>[\/vc_column_text][\/vc_column][\/vc_row][vc_row][vc_column][vc_single_image image=&#8221;119196&#8243; img_size=&#8221;full&#8221; add_caption=&#8221;yes&#8221; alignment=&#8221;center&#8221; style=&#8221;vc_box_rounded&#8221;][vc_column_text]<\/p>\n<h2><span style=\"color: #e3245e;\"><b>Vank\u00fa\u0161e\u00a0<\/b><\/span><\/h2>\n<p><span style=\"font-weight: 400;\"><span style=\"color: #000000;\">Zop\u00e1r spr\u00e1vne zvolen\u00fdch<\/span> <\/span><a href=\"https:\/\/ikuchyne.sk\/eshop\/?s=vankus&amp;product_cat=0&amp;post_type=product\"><span style=\"font-weight: 400;\">vank\u00fa\u0161ov<\/span><\/a><span style=\"font-weight: 400; color: #000000;\"> dok\u00e1\u017ee interi\u00e9ru doda\u0165 ten spr\u00e1vny zimn\u00fd \u0161mrnc. <strong>Ide\u00e1lne s\u00fa mot\u00edvy zvierat a pr\u00edrody, pleten\u00e9 alebo hu\u0148at\u00e9 vank\u00fa\u0161e z umelej ko\u017eu\u0161iny.<\/strong> Z farebnej \u0161k\u00e1ly dominuj\u00fa sk\u00f4r neutr\u00e1lne odtiene ako biela, b\u00e9\u017eov\u00e1, hned\u00e1 a siv\u00e1, pr\u00edpadne tmavozelen\u00e1.<\/span>[\/vc_column_text][vc_single_image image=&#8221;119194&#8243; img_size=&#8221;full&#8221; add_caption=&#8221;yes&#8221; alignment=&#8221;center&#8221; style=&#8221;vc_box_rounded&#8221;][vc_column_text]<span style=\"font-weight: 400; color: #000000;\">Ako in\u0161pir\u00e1cia v\u00e1m m\u00f4\u017ee posl\u00fa\u017ei\u0165 aj \u0161kandin\u00e1vsky \u0161t\u00fdl b\u00fdvania &#8211; ten po\u010das dlh\u00fdch chladn\u00fdch ve\u010derov prin\u00e1\u0161a do interi\u00e9ru svetlo a \u00fatulnos\u0165 v podobe bled\u00fdch farieb, zauj\u00edmav\u00fdch doplnkov a minimalizmu.<strong> Vank\u00fa\u0161e vyu\u017eijete prakticky kdeko\u013evek: na <a href=\"https:\/\/ikuchyne.sk\/eshop\/kategoria\/sedacky\/\">seda\u010dke<\/a> a <a href=\"https:\/\/ikuchyne.sk\/eshop\/kategoria\/kresla\/\">kresle<\/a>, na <a href=\"https:\/\/ikuchyne.sk\/eshop\/jedalenske-stolicky\/\">stoli\u010dk\u00e1ch<\/a>, pri dekorovan\u00ed <a href=\"https:\/\/ikuchyne.sk\/eshop\/kategoria\/manzelske-postele\/\">postele<\/a>.<\/strong> \u010eal\u0161\u00edm n\u00e1padom je vytvori\u0165 si vlastn\u00fa o\u00e1zu pokoja &#8211; rozlo\u017ei\u0165 na zemi deky, ko\u017eu\u0161iny a vank\u00fa\u0161e. Ide\u00e1lne kdesi pri okne alebo pri krbe. <\/span>[\/vc_column_text][vc_single_image image=&#8221;119192&#8243; img_size=&#8221;full&#8221; add_caption=&#8221;yes&#8221; alignment=&#8221;center&#8221; style=&#8221;vc_box_rounded&#8221;][vc_message icon_fontawesome=&#8221;fa fa-lightbulb-o&#8221;]<span style=\"font-weight: 400;\"><strong>Tip na z\u00e1ver:<\/strong> Okrem spom\u00ednan\u00fdch text\u00edli\u00ed m\u00f4\u017eu ako zimn\u00e1 v\u00fdzdoba posl\u00fa\u017ei\u0165 aj mnoh\u00e9 \u010fal\u0161ie, napr\u00edklad z\u00e1clony a z\u00e1vesy. Dnes u\u017e s\u00fa tak isto dostupn\u00e9 v mnoh\u00fdch zimn\u00fdch dekoroch a materi\u00e1loch. Na zimu sa hodia sk\u00f4r dlh\u00e9 z\u00e1vesy z hrub\u0161ej a pokojne aj \u0165a\u017e\u0161ej l\u00e1tky. Ich v\u00fdhodou je, \u017ee poskytn\u00fa aj ur\u010dit\u00fa tepeln\u00fa izol\u00e1ciu.\u00a0<\/span>[\/vc_message][vc_column_text]<span style=\"color: #000000;\"><span style=\"font-weight: 400;\">D\u00fafame, \u017ee sme v\u00e1m priniesli dostatok ide\u00ed a aj v\u010faka tomuto \u010dl\u00e1nku vytiahnete na v\u00fdslnie deky, ktor\u00e9 boli doteraz odlo\u017een\u00e9 v perin\u00e1\u010doch a skriniach. <strong>Pr\u00edjemn\u00e9 dekorovanie!<\/strong><br \/>\n<\/span><\/span><\/p>\n<p><span style=\"color: #000000;\"><span style=\"font-weight: 400;\">E\u0161te viac in\u0161pir\u00e1cie? Pozrite si dizajnov\u00fd n\u00e1bytok a bytov\u00e9 doplnky v ponuke <\/span><span style=\"color: #3366ff;\"><a style=\"color: #3366ff;\" href=\"https:\/\/ikuchyne.sk\/eshop\/\"><span style=\"font-weight: 400;\">n\u00e1\u0161ho eshopu<\/span><\/a>,<span style=\"color: #000000;\"> aby bola va\u0161a zimn\u00e1 v\u00fdzdoba dokonal\u00e1.<\/span><\/span><\/span>[\/vc_column_text][\/vc_column][\/vc_row]<\/p>\n","protected":false},"excerpt":{"rendered":"<p>[vc_row][vc_column][vc_column_text]Doru\u017eova vy\u0161t\u00edpan\u00e9 l\u00ed\u010dka, n\u00e1mraza na okn\u00e1ch a ten pocit, ke\u010f sa vr\u00e1tite z dlhej zimnej prech\u00e1dzky do tepla domova\u2026 U\u017e\u00edvajte si jedine\u010dn\u00fa atmosf\u00e9ru zimy aj vn\u00fatri, vo svojom pr\u00edbytku. V<\/p>\n","protected":false},"author":568,"featured_media":119188,"comment_status":"closed","ping_status":"open","sticky":false,"template":"","format":"standard","meta":{"footnotes":""},"categories":[1008],"tags":[],"yoast_head":"<!-- This site is optimized with the Yoast SEO plugin v22.1 - https:\/\/yoast.com\/wordpress\/plugins\/seo\/ -->\n<title>Zimn\u00e1 v\u00fdzdoba v interi\u00e9ri. Stavte na text\u00edlie a ko\u017eu\u0161iny! &#187; iKuchyne.sk<\/title>\n<meta name=\"description\" content=\"Zimn\u00e1 v\u00fdzdoba v interi\u00e9ri. Stavte na text\u00edlie a ko\u017eu\u0161iny! Po\u010fme sa spolu pozrie\u0165 na to, ak\u00fdmi sp\u00f4sobmi ich m\u00f4\u017eete v interi\u00e9ri vyu\u017ei\u0165.\" \/>\n<meta name=\"robots\" content=\"index, follow, max-snippet:-1, max-image-preview:large, max-video-preview:-1\" \/>\n<link rel=\"canonical\" href=\"https:\/\/www.ikuchyne.sk\/eshop\/zimna-vyzdoba-v-interieri-stavte-na-textilie-a-kozusiny\/\" \/>\n<meta property=\"og:locale\" content=\"sk_SK\" \/>\n<meta property=\"og:type\" content=\"article\" \/>\n<meta property=\"og:title\" content=\"Zimn\u00e1 v\u00fdzdoba v interi\u00e9ri. Stavte na text\u00edlie a ko\u017eu\u0161iny! &#187; iKuchyne.sk\" \/>\n<meta property=\"og:description\" content=\"Zimn\u00e1 v\u00fdzdoba v interi\u00e9ri. Stavte na text\u00edlie a ko\u017eu\u0161iny! Po\u010fme sa spolu pozrie\u0165 na to, ak\u00fdmi sp\u00f4sobmi ich m\u00f4\u017eete v interi\u00e9ri vyu\u017ei\u0165.\" \/>\n<meta property=\"og:url\" content=\"https:\/\/www.ikuchyne.sk\/eshop\/zimna-vyzdoba-v-interieri-stavte-na-textilie-a-kozusiny\/\" \/>\n<meta property=\"og:site_name\" content=\"iKuchyne iSHOP s n\u00e1bytkom\" \/>\n<meta property=\"article:publisher\" content=\"https:\/\/www.facebook.com\/ikuchyne\/\" \/>\n<meta property=\"article:published_time\" content=\"2019-11-20T11:10:55+00:00\" \/>\n<meta property=\"article:modified_time\" content=\"2020-10-21T02:19:37+00:00\" \/>\n<meta property=\"og:image\" content=\"https:\/\/www.ikuchyne.sk\/eshop\/wp-content\/uploads\/2019\/11\/deka-cosy-ii-130x170cm-strikovana-biela-68240.jpg\" \/>\n\t<meta property=\"og:image:width\" content=\"800\" \/>\n\t<meta property=\"og:image:height\" content=\"533\" \/>\n\t<meta property=\"og:image:type\" content=\"image\/jpeg\" \/>\n<meta name=\"author\" content=\"Adri\u00e1na Plechov\u00e1\" \/>\n<meta name=\"twitter:card\" content=\"summary_large_image\" \/>\n<meta name=\"twitter:label1\" content=\"Autor\" \/>\n\t<meta name=\"twitter:data1\" content=\"Adri\u00e1na Plechov\u00e1\" \/>\n\t<meta name=\"twitter:label2\" content=\"Predpokladan\u00fd \u010das \u010d\u00edtania\" \/>\n\t<meta name=\"twitter:data2\" content=\"6 min\u00fat\" \/>\n<script type=\"application\/ld+json\" class=\"yoast-schema-graph\">{\"@context\":\"https:\/\/schema.org\",\"@graph\":[{\"@type\":\"Article\",\"@id\":\"https:\/\/www.ikuchyne.sk\/eshop\/zimna-vyzdoba-v-interieri-stavte-na-textilie-a-kozusiny\/#article\",\"isPartOf\":{\"@id\":\"https:\/\/www.ikuchyne.sk\/eshop\/zimna-vyzdoba-v-interieri-stavte-na-textilie-a-kozusiny\/\"},\"author\":{\"name\":\"Adri\u00e1na Plechov\u00e1\",\"@id\":\"https:\/\/www.ikuchyne.sk\/eshop\/#\/schema\/person\/0111a626c8b4290c5241f99c6d04f463\"},\"headline\":\"Zimn\u00e1 v\u00fdzdoba v interi\u00e9ri. Stavte na text\u00edlie a ko\u017eu\u0161iny!\",\"datePublished\":\"2019-11-20T11:10:55+00:00\",\"dateModified\":\"2020-10-21T02:19:37+00:00\",\"mainEntityOfPage\":{\"@id\":\"https:\/\/www.ikuchyne.sk\/eshop\/zimna-vyzdoba-v-interieri-stavte-na-textilie-a-kozusiny\/\"},\"wordCount\":1173,\"publisher\":{\"@id\":\"https:\/\/www.ikuchyne.sk\/eshop\/#organization\"},\"articleSection\":[\"IN\u0160PIR\u00c1CIE\"],\"inLanguage\":\"sk-SK\"},{\"@type\":\"WebPage\",\"@id\":\"https:\/\/www.ikuchyne.sk\/eshop\/zimna-vyzdoba-v-interieri-stavte-na-textilie-a-kozusiny\/\",\"url\":\"https:\/\/www.ikuchyne.sk\/eshop\/zimna-vyzdoba-v-interieri-stavte-na-textilie-a-kozusiny\/\",\"name\":\"Zimn\u00e1 v\u00fdzdoba v interi\u00e9ri. Stavte na text\u00edlie a ko\u017eu\u0161iny! &#187; iKuchyne.sk\",\"isPartOf\":{\"@id\":\"https:\/\/www.ikuchyne.sk\/eshop\/#website\"},\"datePublished\":\"2019-11-20T11:10:55+00:00\",\"dateModified\":\"2020-10-21T02:19:37+00:00\",\"description\":\"Zimn\u00e1 v\u00fdzdoba v interi\u00e9ri. Stavte na text\u00edlie a ko\u017eu\u0161iny! Po\u010fme sa spolu pozrie\u0165 na to, ak\u00fdmi sp\u00f4sobmi ich m\u00f4\u017eete v interi\u00e9ri vyu\u017ei\u0165.\",\"breadcrumb\":{\"@id\":\"https:\/\/www.ikuchyne.sk\/eshop\/zimna-vyzdoba-v-interieri-stavte-na-textilie-a-kozusiny\/#breadcrumb\"},\"inLanguage\":\"sk-SK\",\"potentialAction\":[{\"@type\":\"ReadAction\",\"target\":[\"https:\/\/www.ikuchyne.sk\/eshop\/zimna-vyzdoba-v-interieri-stavte-na-textilie-a-kozusiny\/\"]}]},{\"@type\":\"BreadcrumbList\",\"@id\":\"https:\/\/www.ikuchyne.sk\/eshop\/zimna-vyzdoba-v-interieri-stavte-na-textilie-a-kozusiny\/#breadcrumb\",\"itemListElement\":[{\"@type\":\"ListItem\",\"position\":1,\"name\":\"Home\",\"item\":\"https:\/\/www.ikuchyne.sk\/eshop\/\"},{\"@type\":\"ListItem\",\"position\":2,\"name\":\"Zimn\u00e1 v\u00fdzdoba v interi\u00e9ri. Stavte na text\u00edlie a ko\u017eu\u0161iny!\"}]},{\"@type\":\"WebSite\",\"@id\":\"https:\/\/www.ikuchyne.sk\/eshop\/#website\",\"url\":\"https:\/\/www.ikuchyne.sk\/eshop\/\",\"name\":\"iKuchyne iSHOP s n\u00e1bytkom\",\"description\":\"Jed\u00e1lensk\u00e9 stoly, stoli\u010dky, n\u00e1bytok, svietidl\u00e1...\",\"publisher\":{\"@id\":\"https:\/\/www.ikuchyne.sk\/eshop\/#organization\"},\"potentialAction\":[{\"@type\":\"SearchAction\",\"target\":{\"@type\":\"EntryPoint\",\"urlTemplate\":\"https:\/\/www.ikuchyne.sk\/eshop\/?s={search_term_string}\"},\"query-input\":\"required name=search_term_string\"}],\"inLanguage\":\"sk-SK\"},{\"@type\":\"Organization\",\"@id\":\"https:\/\/www.ikuchyne.sk\/eshop\/#organization\",\"name\":\"ikuchyne!\",\"url\":\"https:\/\/www.ikuchyne.sk\/eshop\/\",\"logo\":{\"@type\":\"ImageObject\",\"inLanguage\":\"sk-SK\",\"@id\":\"https:\/\/www.ikuchyne.sk\/eshop\/#\/schema\/logo\/image\/\",\"url\":\"https:\/\/www.ikuchyne.sk\/eshop\/wp-content\/uploads\/2017\/04\/ikuchyne-logo.jpg\",\"contentUrl\":\"https:\/\/www.ikuchyne.sk\/eshop\/wp-content\/uploads\/2017\/04\/ikuchyne-logo.jpg\",\"width\":200,\"height\":48,\"caption\":\"ikuchyne!\"},\"image\":{\"@id\":\"https:\/\/www.ikuchyne.sk\/eshop\/#\/schema\/logo\/image\/\"},\"sameAs\":[\"https:\/\/www.facebook.com\/ikuchyne\/\",\"https:\/\/www.instagram.com\/ikuchyne.sk\/\",\"https:\/\/sk.pinterest.com\/ikuchynesk\/\"]},{\"@type\":\"Person\",\"@id\":\"https:\/\/www.ikuchyne.sk\/eshop\/#\/schema\/person\/0111a626c8b4290c5241f99c6d04f463\",\"name\":\"Adri\u00e1na Plechov\u00e1\",\"image\":{\"@type\":\"ImageObject\",\"inLanguage\":\"sk-SK\",\"@id\":\"https:\/\/www.ikuchyne.sk\/eshop\/#\/schema\/person\/image\/\",\"url\":\"https:\/\/www.ikuchyne.sk\/eshop\/wp-content\/plugins\/wp-user-avatar\/deprecated\/wp-user-avatar\/images\/wpua-96x96.png\",\"contentUrl\":\"https:\/\/www.ikuchyne.sk\/eshop\/wp-content\/plugins\/wp-user-avatar\/deprecated\/wp-user-avatar\/images\/wpua-96x96.png\",\"caption\":\"Adri\u00e1na Plechov\u00e1\"},\"description\":\"Adriana pracuje ako online market\u00e9rka, copywriterka a\u00a0redaktorka. Pri p\u00edsan\u00ed a\u00a0editovan\u00ed r\u00f4znych textov dost\u00e1va zelen\u00fa jej kreativita, ako aj\u00a0l\u00e1ska k\u00a0p\u00edsan\u00e9mu slovu a\u00a0materinsk\u00e9mu jazyku. Srdcovkou a\u00a0zdrojom in\u0161pir\u00e1cie s\u00fa pre \u0148u u\u017e od \u00fatleho detstva knihy. Ob\u013eubuje kult\u00farne podujatia, prech\u00e1dzky v pr\u00edrode a\u00a0spolo\u010dnos\u0165 \u013eud\u00ed, s\u00a0ktor\u00fdmi je na rovnakej vlnovej d\u013a\u017eke.\",\"url\":\"https:\/\/www.ikuchyne.sk\/eshop\/author\/adriana-plechova\/\"}]}<\/script>\n<!-- \/ Yoast SEO plugin. -->","yoast_head_json":{"title":"Zimn\u00e1 v\u00fdzdoba v interi\u00e9ri. Stavte na text\u00edlie a ko\u017eu\u0161iny! &#187; iKuchyne.sk","description":"Zimn\u00e1 v\u00fdzdoba v interi\u00e9ri. Stavte na text\u00edlie a ko\u017eu\u0161iny! Po\u010fme sa spolu pozrie\u0165 na to, ak\u00fdmi sp\u00f4sobmi ich m\u00f4\u017eete v interi\u00e9ri vyu\u017ei\u0165.","robots":{"index":"index","follow":"follow","max-snippet":"max-snippet:-1","max-image-preview":"max-image-preview:large","max-video-preview":"max-video-preview:-1"},"canonical":"https:\/\/www.ikuchyne.sk\/eshop\/zimna-vyzdoba-v-interieri-stavte-na-textilie-a-kozusiny\/","og_locale":"sk_SK","og_type":"article","og_title":"Zimn\u00e1 v\u00fdzdoba v interi\u00e9ri. Stavte na text\u00edlie a ko\u017eu\u0161iny! &#187; iKuchyne.sk","og_description":"Zimn\u00e1 v\u00fdzdoba v interi\u00e9ri. Stavte na text\u00edlie a ko\u017eu\u0161iny! Po\u010fme sa spolu pozrie\u0165 na to, ak\u00fdmi sp\u00f4sobmi ich m\u00f4\u017eete v interi\u00e9ri vyu\u017ei\u0165.","og_url":"https:\/\/www.ikuchyne.sk\/eshop\/zimna-vyzdoba-v-interieri-stavte-na-textilie-a-kozusiny\/","og_site_name":"iKuchyne iSHOP s n\u00e1bytkom","article_publisher":"https:\/\/www.facebook.com\/ikuchyne\/","article_published_time":"2019-11-20T11:10:55+00:00","article_modified_time":"2020-10-21T02:19:37+00:00","og_image":[{"width":800,"height":533,"url":"https:\/\/www.ikuchyne.sk\/eshop\/wp-content\/uploads\/2019\/11\/deka-cosy-ii-130x170cm-strikovana-biela-68240.jpg","type":"image\/jpeg"}],"author":"Adri\u00e1na Plechov\u00e1","twitter_card":"summary_large_image","twitter_misc":{"Autor":"Adri\u00e1na Plechov\u00e1","Predpokladan\u00fd \u010das \u010d\u00edtania":"6 min\u00fat"},"schema":{"@context":"https:\/\/schema.org","@graph":[{"@type":"Article","@id":"https:\/\/www.ikuchyne.sk\/eshop\/zimna-vyzdoba-v-interieri-stavte-na-textilie-a-kozusiny\/#article","isPartOf":{"@id":"https:\/\/www.ikuchyne.sk\/eshop\/zimna-vyzdoba-v-interieri-stavte-na-textilie-a-kozusiny\/"},"author":{"name":"Adri\u00e1na Plechov\u00e1","@id":"https:\/\/www.ikuchyne.sk\/eshop\/#\/schema\/person\/0111a626c8b4290c5241f99c6d04f463"},"headline":"Zimn\u00e1 v\u00fdzdoba v interi\u00e9ri. Stavte na text\u00edlie a ko\u017eu\u0161iny!","datePublished":"2019-11-20T11:10:55+00:00","dateModified":"2020-10-21T02:19:37+00:00","mainEntityOfPage":{"@id":"https:\/\/www.ikuchyne.sk\/eshop\/zimna-vyzdoba-v-interieri-stavte-na-textilie-a-kozusiny\/"},"wordCount":1173,"publisher":{"@id":"https:\/\/www.ikuchyne.sk\/eshop\/#organization"},"articleSection":["IN\u0160PIR\u00c1CIE"],"inLanguage":"sk-SK"},{"@type":"WebPage","@id":"https:\/\/www.ikuchyne.sk\/eshop\/zimna-vyzdoba-v-interieri-stavte-na-textilie-a-kozusiny\/","url":"https:\/\/www.ikuchyne.sk\/eshop\/zimna-vyzdoba-v-interieri-stavte-na-textilie-a-kozusiny\/","name":"Zimn\u00e1 v\u00fdzdoba v interi\u00e9ri. Stavte na text\u00edlie a ko\u017eu\u0161iny! &#187; iKuchyne.sk","isPartOf":{"@id":"https:\/\/www.ikuchyne.sk\/eshop\/#website"},"datePublished":"2019-11-20T11:10:55+00:00","dateModified":"2020-10-21T02:19:37+00:00","description":"Zimn\u00e1 v\u00fdzdoba v interi\u00e9ri. Stavte na text\u00edlie a ko\u017eu\u0161iny! Po\u010fme sa spolu pozrie\u0165 na to, ak\u00fdmi sp\u00f4sobmi ich m\u00f4\u017eete v interi\u00e9ri vyu\u017ei\u0165.","breadcrumb":{"@id":"https:\/\/www.ikuchyne.sk\/eshop\/zimna-vyzdoba-v-interieri-stavte-na-textilie-a-kozusiny\/#breadcrumb"},"inLanguage":"sk-SK","potentialAction":[{"@type":"ReadAction","target":["https:\/\/www.ikuchyne.sk\/eshop\/zimna-vyzdoba-v-interieri-stavte-na-textilie-a-kozusiny\/"]}]},{"@type":"BreadcrumbList","@id":"https:\/\/www.ikuchyne.sk\/eshop\/zimna-vyzdoba-v-interieri-stavte-na-textilie-a-kozusiny\/#breadcrumb","itemListElement":[{"@type":"ListItem","position":1,"name":"Home","item":"https:\/\/www.ikuchyne.sk\/eshop\/"},{"@type":"ListItem","position":2,"name":"Zimn\u00e1 v\u00fdzdoba v interi\u00e9ri. Stavte na text\u00edlie a ko\u017eu\u0161iny!"}]},{"@type":"WebSite","@id":"https:\/\/www.ikuchyne.sk\/eshop\/#website","url":"https:\/\/www.ikuchyne.sk\/eshop\/","name":"iKuchyne iSHOP s n\u00e1bytkom","description":"Jed\u00e1lensk\u00e9 stoly, stoli\u010dky, n\u00e1bytok, svietidl\u00e1...","publisher":{"@id":"https:\/\/www.ikuchyne.sk\/eshop\/#organization"},"potentialAction":[{"@type":"SearchAction","target":{"@type":"EntryPoint","urlTemplate":"https:\/\/www.ikuchyne.sk\/eshop\/?s={search_term_string}"},"query-input":"required name=search_term_string"}],"inLanguage":"sk-SK"},{"@type":"Organization","@id":"https:\/\/www.ikuchyne.sk\/eshop\/#organization","name":"ikuchyne!","url":"https:\/\/www.ikuchyne.sk\/eshop\/","logo":{"@type":"ImageObject","inLanguage":"sk-SK","@id":"https:\/\/www.ikuchyne.sk\/eshop\/#\/schema\/logo\/image\/","url":"https:\/\/www.ikuchyne.sk\/eshop\/wp-content\/uploads\/2017\/04\/ikuchyne-logo.jpg","contentUrl":"https:\/\/www.ikuchyne.sk\/eshop\/wp-content\/uploads\/2017\/04\/ikuchyne-logo.jpg","width":200,"height":48,"caption":"ikuchyne!"},"image":{"@id":"https:\/\/www.ikuchyne.sk\/eshop\/#\/schema\/logo\/image\/"},"sameAs":["https:\/\/www.facebook.com\/ikuchyne\/","https:\/\/www.instagram.com\/ikuchyne.sk\/","https:\/\/sk.pinterest.com\/ikuchynesk\/"]},{"@type":"Person","@id":"https:\/\/www.ikuchyne.sk\/eshop\/#\/schema\/person\/0111a626c8b4290c5241f99c6d04f463","name":"Adri\u00e1na Plechov\u00e1","image":{"@type":"ImageObject","inLanguage":"sk-SK","@id":"https:\/\/www.ikuchyne.sk\/eshop\/#\/schema\/person\/image\/","url":"https:\/\/www.ikuchyne.sk\/eshop\/wp-content\/plugins\/wp-user-avatar\/deprecated\/wp-user-avatar\/images\/wpua-96x96.png","contentUrl":"https:\/\/www.ikuchyne.sk\/eshop\/wp-content\/plugins\/wp-user-avatar\/deprecated\/wp-user-avatar\/images\/wpua-96x96.png","caption":"Adri\u00e1na Plechov\u00e1"},"description":"Adriana pracuje ako online market\u00e9rka, copywriterka a\u00a0redaktorka. Pri p\u00edsan\u00ed a\u00a0editovan\u00ed r\u00f4znych textov dost\u00e1va zelen\u00fa jej kreativita, ako aj\u00a0l\u00e1ska k\u00a0p\u00edsan\u00e9mu slovu a\u00a0materinsk\u00e9mu jazyku. Srdcovkou a\u00a0zdrojom in\u0161pir\u00e1cie s\u00fa pre \u0148u u\u017e od \u00fatleho detstva knihy. Ob\u013eubuje kult\u00farne podujatia, prech\u00e1dzky v pr\u00edrode a\u00a0spolo\u010dnos\u0165 \u013eud\u00ed, s\u00a0ktor\u00fdmi je na rovnakej vlnovej d\u013a\u017eke.","url":"https:\/\/www.ikuchyne.sk\/eshop\/author\/adriana-plechova\/"}]}},"_links":{"self":[{"href":"https:\/\/www.ikuchyne.sk\/eshop\/wp-json\/wp\/v2\/posts\/119197"}],"collection":[{"href":"https:\/\/www.ikuchyne.sk\/eshop\/wp-json\/wp\/v2\/posts"}],"about":[{"href":"https:\/\/www.ikuchyne.sk\/eshop\/wp-json\/wp\/v2\/types\/post"}],"author":[{"embeddable":true,"href":"https:\/\/www.ikuchyne.sk\/eshop\/wp-json\/wp\/v2\/users\/568"}],"replies":[{"embeddable":true,"href":"https:\/\/www.ikuchyne.sk\/eshop\/wp-json\/wp\/v2\/comments?post=119197"}],"version-history":[{"count":8,"href":"https:\/\/www.ikuchyne.sk\/eshop\/wp-json\/wp\/v2\/posts\/119197\/revisions"}],"predecessor-version":[{"id":147226,"href":"https:\/\/www.ikuchyne.sk\/eshop\/wp-json\/wp\/v2\/posts\/119197\/revisions\/147226"}],"wp:featuredmedia":[{"embeddable":true,"href":"https:\/\/www.ikuchyne.sk\/eshop\/wp-json\/"}],"wp:attachment":[{"href":"https:\/\/www.ikuchyne.sk\/eshop\/wp-json\/wp\/v2\/media?parent=119197"}],"wp:term":[{"taxonomy":"category","embeddable":true,"href":"https:\/\/www.ikuchyne.sk\/eshop\/wp-json\/wp\/v2\/categories?post=119197"},{"taxonomy":"post_tag","embeddable":true,"href":"https:\/\/www.ikuchyne.sk\/eshop\/wp-json\/wp\/v2\/tags?post=119197"}],"curies":[{"name":"wp","href":"https:\/\/api.w.org\/{rel}","templated":true}]}}