{"id":119206,"date":"2019-11-20T17:12:19","date_gmt":"2019-11-20T16:12:19","guid":{"rendered":"https:\/\/ikuchyne.sk\/eshop\/?p=119206"},"modified":"2020-10-21T04:25:13","modified_gmt":"2020-10-21T02:25:13","slug":"trendy-v-interierovom-dizajne-pre-rok-2020","status":"publish","type":"post","link":"https:\/\/www.ikuchyne.sk\/eshop\/trendy-v-interierovom-dizajne-pre-rok-2020\/","title":{"rendered":"Trendy v interi\u00e9rovom dizajne pre rok 2020"},"content":{"rendered":"<p>[vc_row][vc_column][vc_column_text]<span style=\"color: #000000;\"><b>Dizajn\u00e9ri musia \u010dasto predpoveda\u0165 bud\u00facnos\u0165. Lep\u0161ie poveda\u0165, vytvori\u0165 ju. Ak\u00e9 bud\u00fa trendy v interi\u00e9rovom dizajne pre rok 2020? To nevieme poveda\u0165 na istotu, m\u00f4\u017eeme si v\u0161ak tipn\u00fa\u0165. Vych\u00e1dzame z troch z\u00e1kladn\u00fdch vec\u00ed, ktor\u00e9 v s\u00fa\u010dasnosti ovplyv\u0148uj\u00fa n\u00e1\u0161 ka\u017edodenn\u00fd \u017eivot: men\u0161ia plocha, \u017eivotn\u00e9 prostredie a nov\u00e9 technol\u00f3gie.<br \/>\n<\/b><\/span><\/p>\n<p><span style=\"color: #000000;\"><span style=\"font-weight: 400;\">Dobre zariaden\u00fd interi\u00e9r \u00faspe\u0161ne odol\u00e1 sk\u00fa\u0161ke \u010dasu, bez oh\u013eadu na vybran\u00fd \u0161t\u00fdl zariadenia. Pri zaria\u010fovan\u00ed si m\u00f4\u017eete vzia\u0165 in\u0161pir\u00e1ciu pr\u00e1ve zo s\u00fa\u010dasnej sc\u00e9ny trendov. <strong>Interi\u00e9r sa s\u00edce nemen\u00ed tak \u010dasto ako m\u00f3dne kolekcie svetov\u00fdch zna\u010diek, no i tu sa<\/strong> <strong>ka\u017ed\u00fd rok <\/strong><\/span><strong>objavuj\u00fa<\/strong><span style=\"font-weight: 400;\"><strong> nov\u00e9 n\u00e1pady<\/strong>. Toto s\u00fa trendy v interi\u00e9rovom dizajne, ktor\u00e9 pod\u013ea n\u00e1s bud\u00fa prevl\u00e1da\u0165 v roku 2020.<\/span><\/span>[\/vc_column_text][vc_single_image image=&#8221;119213&#8243; img_size=&#8221;large&#8221; add_caption=&#8221;yes&#8221; alignment=&#8221;center&#8221; style=&#8221;vc_box_rounded&#8221; onclick=&#8221;custom_link&#8221; img_link_target=&#8221;_blank&#8221; link=&#8221;https:\/\/ikuchyne.sk\/eshop\/produkt\/regal-barracuda-186cm\/&#8221;][\/vc_column][\/vc_row][vc_row][vc_column][vc_column_text]<\/p>\n<h2><span style=\"color: #e3245e;\"><b>Priestorovo \u00fasporn\u00fd dizajn<\/b><\/span><\/h2>\n<p><span style=\"font-weight: 400; color: #000000;\">\u00c9ra spektakul\u00e1rne prive\u013ek\u00fdch bytov pre stredn\u00fa triedu je viac-menej za nami, hoci sme si kedysi mysleli, \u017ee to tak nebude. Nu\u017e, veci sa skr\u00e1tka menia. Dnes si musia hlavne mlad\u00ed \u013eudia zvykn\u00fa\u0165 na men\u0161ie b\u00fdvanie a pracova\u0165 s t\u00fdm, \u010do maj\u00fa k dispoz\u00edcii. V\u00e4\u010d\u0161ina developerov sa toti\u017e rozhodla stava\u0165 nov\u00e9 byty s men\u0161ou metr\u00e1\u017eou.<\/span><\/p>\n<p><span style=\"color: #000000;\"><strong>D\u00f4vodom je viacero soci\u00e1lno-ekonomick\u00fdch d\u00f4vodov, vr\u00e1tane \u017eivotn\u00e9ho \u0161t\u00fdlu<\/strong><span style=\"font-weight: 400;\"><strong> tr\u00e1vi\u0165 doma po\u010das pracovn\u00e9ho t\u00fd\u017ed\u0148a menej \u010dasu.<\/strong> \u013dudia si zvykaj\u00fa na men\u0161ie obytn\u00e9 priestory ako apartm\u00e1ny, jednoizbov\u00e9 byty alebo gars\u00f3nky. Ke\u010f sa s\u0165ahuj\u00fa do novostavieb, musia si osvoji\u0165 koncepty, ktor\u00e9 \u0161etria priestorom.\u00a0<\/span><\/span>[\/vc_column_text][vc_message icon_fontawesome=&#8221;fa fa-lightbulb-o&#8221;]<b>Rada odborn\u00edka: <\/b><span style=\"font-weight: 400;\">Dobr\u00fd sp\u00f4sob, ako zariadi\u0165 priestorovo \u00fasporn\u00fd dizajn je pou\u017ei\u0165 minimalizmus. Pre\u010d\u00edtajte si n\u00e1\u0161 \u010dl\u00e1nok o\u00a0tom, <a href=\"https:\/\/www.ikuchyne.sk\/eshop\/funkcnost-na-prvom-mieste-taky-je-minimalizmus\/\">ako za\u010da\u0165 s\u00a0minimalizmom<\/a>.<\/span>[\/vc_message][vc_single_image image=&#8221;119207&#8243; img_size=&#8221;large&#8221; add_caption=&#8221;yes&#8221; alignment=&#8221;center&#8221; style=&#8221;vc_box_rounded&#8221; onclick=&#8221;custom_link&#8221; img_link_target=&#8221;_blank&#8221; link=&#8221;https:\/\/ikuchyne.sk\/eshop\/produkt\/pisaci-stol-scandinavia-120cm-biela-matna\/&#8221;][\/vc_column][\/vc_row][vc_row][vc_column][vc_column_text]<\/p>\n<h2><span style=\"color: #e3245e;\"><b>\u0160etrenie n\u00e1kladmi<\/b><\/span><\/h2>\n<p><span style=\"color: #000000;\"><span style=\"font-weight: 400;\">Plan\u00e9ta je preplnen\u00e1 prebytkom vec\u00ed od predch\u00e1dzaj\u00facich gener\u00e1ci\u00ed. Produkova\u0165 viac vec\u00ed v\u0161ak nie je v s\u00falade hlavne s mileni\u00e1lmi. Pre\u010do kupova\u0165 \u00faplne nov\u00e9 produkty, ke\u010f m\u00f4\u017eu vyu\u017ei\u0165 pou\u017eit\u00e9 za zlomok n\u00e1kladov? <\/span><b>Nie je to<\/b><span style=\"font-weight: 400;\"><strong> iba o \u0161etren\u00ed pe\u0148az\u00ed<\/strong>.<strong> Prispieva to aj \u017eivotn\u00e9mu prostrediu.<\/strong><\/span><\/span><\/p>\n<p><span style=\"font-weight: 400; color: #000000;\">\u017dula, kreme\u0148 a mramor s\u00fa n\u00e1dhern\u00e9. No \u010doraz viac mlad\u00fdch \u013eud\u00ed preferuje environment\u00e1lne udr\u017eate\u013en\u00e9 a n\u00e1kladovo efekt\u00edvne rie\u0161enia. Dobr\u00fdm pr\u00edkladom m\u00f4\u017eu by\u0165 bet\u00f3nov\u00e9 a dreven\u00e9 kuchynsk\u00e9 pulty. Pre\u010do min\u00fa\u0165 tis\u00edce eur za \u017eulov\u00e9 kuchynsk\u00e9 dosky, ke\u010f si \u010dlovek vie <\/span><a href=\"https:\/\/www.youtube.com\/watch?v=9866dmfJxUU\"><span style=\"font-weight: 400;\">pozrie\u0165 video na YouTube<\/span><\/a><span style=\"font-weight: 400; color: #000000;\"> a vytvori\u0165 vlastn\u00fa bet\u00f3nov\u00fa kuchynsk\u00fa dosku za zlomok ceny? Mileni\u00e1li s\u00fa nielen m\u00fadri, s\u00fa aj \u0161ikovn\u00ed.<\/span>[\/vc_column_text][\/vc_column][\/vc_row][vc_row][vc_column][vc_single_image image=&#8221;119210&#8243; img_size=&#8221;large&#8221; add_caption=&#8221;yes&#8221; alignment=&#8221;center&#8221; style=&#8221;vc_box_rounded&#8221;][\/vc_column][\/vc_row][vc_row][vc_column][vc_column_text]<\/p>\n<h2><span style=\"color: #e3245e;\"><b>Farby, resp. ich absencia<\/b><\/span><\/h2>\n<p><span style=\"color: #000000;\"><span style=\"font-weight: 400;\">Ka\u017ed\u00fd dospel\u00fd \u010dlovek vyr\u00e1stol v prostred\u00ed dizajnu z predch\u00e1dzaj\u00faceho re\u017eimu. <strong>Mlad\u00ed \u013eudia<\/strong> <strong>tak oce\u0148uj\u00fa biely priestor, ktor\u00fd nie je preplnen\u00fd vecami<\/strong>. <strong>Preferuj\u00fa, aby ich<\/strong> <strong>prostredie sl\u00fa\u017eilo ako pr\u00e1zdne pl\u00e1tno pre vlastn\u00fa sebarealiz\u00e1ciu<\/strong>. Ke\u010f ide o interi\u00e9rov\u00fd dizajn, znamen\u00e1 to, \u017ee <\/span>skuto\u010dn\u00fd interi\u00e9r<span style=\"font-weight: 400;\"> m\u00e1 by\u0165 vizu\u00e1lne vtierav\u00fd. Umo\u017en\u00ed tak flexibilnej a \u013eahko prenosnej dekor\u00e1cii zauja\u0165 na prv\u00fd poh\u013ead.<\/span><\/span>[\/vc_column_text][vc_single_image image=&#8221;119215&#8243; img_size=&#8221;large&#8221; add_caption=&#8221;yes&#8221; alignment=&#8221;center&#8221; style=&#8221;vc_box_rounded&#8221; onclick=&#8221;custom_link&#8221; img_link_target=&#8221;_blank&#8221; link=&#8221;https:\/\/ikuchyne.sk\/eshop\/produkt\/tv-stolik-wotan-170cm-agat-teak-sedy\/&#8221;][vc_column_text]<\/p>\n<h2><span style=\"color: #e3245e;\"><b>Lok\u00e1lny znamen\u00e1 svetov\u00fd<\/b><\/span><\/h2>\n<p><span style=\"font-weight: 400; color: #000000;\">\u013dudia s\u00fa v s\u00fa\u010dasnosti viac globalizovan\u00fd, ne\u017e ak\u00e1ko\u013evek gener\u00e1cia predt\u00fdm. Je to najm\u00e4 v\u010faka internetu. \u0160t\u00fdly a trendy s\u00fa v s\u00fa\u010dasnosti celosvetov\u00e9 a lok\u00e1lne z\u00e1rove\u0148, bez oh\u013eadu na to, \u010di sme v Bratislave, Lond\u00fdne, alebo v New Yorku.\u00a0<\/span><\/p>\n<p><span style=\"color: #000000;\"><span style=\"font-weight: 400;\"><strong>Interi\u00e9ry sa st\u00e1vaj\u00fa univerz\u00e1lnymi, <\/strong><\/span><strong>rovnako ako<\/strong><span style=\"font-weight: 400;\"><strong> celosvetov\u00e9 kult\u00fary a hodnoty.<\/strong> To v\u0161ak neznamen\u00e1, \u017ee domovy vyzeraj\u00fa ako zlepenec kult\u00far zo v\u0161etk\u00fdch k\u00fatov sveta. Ide o sklon k jednoduchosti, sofistikovanosti a trochu kvality.<\/span><\/span>[\/vc_column_text][vc_single_image image=&#8221;119214&#8243; img_size=&#8221;large&#8221; add_caption=&#8221;yes&#8221; alignment=&#8221;center&#8221; style=&#8221;vc_box_rounded&#8221; onclick=&#8221;custom_link&#8221; img_link_target=&#8221;_blank&#8221; link=&#8221;https:\/\/ikuchyne.sk\/eshop\/produkt\/sofa-chesterfield-3-dark-coffee\/&#8221;][\/vc_column][\/vc_row][vc_row][vc_column][vc_column_text]<\/p>\n<h2><span style=\"color: #e3245e;\"><b>Environment\u00e1lne vedom\u00fd, udr\u017eate\u013en\u00fd a soci\u00e1lne zodpovedn\u00fd dizajn<\/b><\/span><\/h2>\n<p><span style=\"color: #000000;\"><span style=\"font-weight: 400;\">Klimatick\u00e9 zmeny s\u00fa seri\u00f3zna z\u00e1le\u017eitos\u0165. Na\u0161a gener\u00e1cia <\/span>je prv\u00e1<span style=\"font-weight: 400;\">, ktor\u00e1 prizn\u00e1va, \u017ee ovplyv\u0148uje na\u0161e \u017eivoty, vr\u00e1tane interi\u00e9rov\u00e9ho dizajnu. Snaha pre udr\u017eate\u013enos\u0165 a soci\u00e1lnu zodpovednos\u0165 n\u00e1m umo\u017e\u0148uje c\u00edti\u0165, \u017ee sme viac s\u00fa\u010das\u0165ou rie\u0161enia, ne\u017e probl\u00e9mu.<\/span><\/span><\/p>\n<p><span style=\"font-weight: 400; color: #000000;\"><strong>Plasty<\/strong> a polym\u00e9ry vyroben\u00e9 z ropy zne\u010dis\u0165uj\u00fa \u017eivotn\u00e9 prostredie. Je teda jasn\u00e9, \u017ee <strong>nemaj\u00fa miesto v modern\u00fdch dom\u00e1cnostiach<\/strong>. Energeticky \u00fasporn\u00fd dizajn a smart technol\u00f3gia, ktor\u00e9 \u0161etria \u017eivotn\u00e9 prostredie s\u00fa skvel\u00e9 pri zni\u017eovan\u00ed uhl\u00edkovej stopy. Myslie\u0165 na plan\u00e9tu znamen\u00e1 myslie\u0165 na na\u0161e zdravie. V\u0161etko ide ruka v ruke pri dosiahnut\u00ed zdrav\u00e9ho \u017eivotn\u00e9ho \u0161t\u00fdlu.<\/span>[\/vc_column_text][\/vc_column][\/vc_row][vc_row][vc_column][vc_single_image image=&#8221;119212&#8243; img_size=&#8221;full&#8221; add_caption=&#8221;yes&#8221; alignment=&#8221;center&#8221; style=&#8221;vc_box_rounded&#8221; onclick=&#8221;custom_link&#8221; link=&#8221;https:\/\/ikuchyne.sk\/eshop\/produkt\/dreveny-konferencny-stolik-organic-living-60cm\/&#8221;][vc_column_text]<\/p>\n<h2><span style=\"color: #e3245e;\"><b>Otvoren\u00fd koncept dom\u00e1cnosti<\/b><\/span><\/h2>\n<p><span style=\"color: #000000;\"><span style=\"font-weight: 400;\">Samostatn\u00e9 ob\u00fdva\u010dky a <a href=\"https:\/\/ikuchyne.sk\/kuchynske-linky\">kuchyne<\/a> s\u00fa pomaly taktie\u017e ojedinel\u00e9. \u010coraz \u010dastej\u0161ie m\u00f4\u017eeme vidie\u0165 spojenie kuchyne a ob\u00fdva\u010dky. Je na \u010dase pr\u00eds\u0165 s n\u00e1zvom, ktor\u00fd by popisoval spojenie kuchyne, jed\u00e1lne a ob\u00fdva\u010dky. <\/span>P\u00f4jde o priestor<span style=\"font-weight: 400;\">, ktor\u00fd poz\u00fdva na relax, m\u00e1 mno\u017estvo chutn\u00e9ho jedla a siln\u00e9 pripojenie na Wi-Fi.<\/span><\/span>[\/vc_column_text][vc_message icon_fontawesome=&#8221;fa fa-lightbulb-o&#8221;]<b>Tip: <\/b><span style=\"font-weight: 400;\">Pre\u010d\u00edtajte si, ako sme <\/span><a href=\"https:\/\/ikuchyne.sk\/vzorovy-byt-male-krasnany\"><span style=\"font-weight: 400;\">zaria\u010fovali byt s\u00a0takouto dispoz\u00edciou v\u00a0Mal\u00fdch Kras\u0148anoch<\/span><\/a><span style=\"font-weight: 400;\">.\u00a0<\/span>[\/vc_message][\/vc_column][\/vc_row][vc_row][vc_column][vc_single_image image=&#8221;119208&#8243; img_size=&#8221;full&#8221; add_caption=&#8221;yes&#8221; alignment=&#8221;center&#8221; style=&#8221;vc_box_rounded&#8221; onclick=&#8221;custom_link&#8221; img_link_target=&#8221;_blank&#8221; link=&#8221;https:\/\/ikuchyne.sk\/vzorovy-byt-male-krasnany&#8221;][\/vc_column][\/vc_row][vc_row][vc_column][vc_column_text]<\/p>\n<h2><span style=\"color: #e3245e;\"><b>Vyu\u017e\u00edvanie diskr\u00e9tnej technol\u00f3gie<\/b><\/span><\/h2>\n<p><span style=\"font-weight: 400; color: #000000;\"><strong>Dobr\u00e1 technol\u00f3gia je transparentn\u00e1 technol\u00f3gia<\/strong>. Znamen\u00e1 to, \u017ee zariadenia, spotrebi\u010de a technick\u00e9 rie\u0161enia musia by\u0165 diskr\u00e9tne schovan\u00e9. Popr\u00edpade ma\u0165 formu, ktor\u00e1 je pr\u00edjemn\u00e1 na poh\u013ead a okupuje \u010do najmenej priestoru. <strong>Do na\u0161ich domovov sa za\u010d\u00ednaj\u00fa dost\u00e1va\u0165<\/strong> <strong>smart spotrebi\u010de a zariadenie s umelou inteligenciou.<\/strong> St\u00e1vaj\u00fa sa \u010doraz men\u0161\u00edmi a men\u0161\u00edmi.<\/span><\/p>\n<p><span style=\"color: #000000;\"><span style=\"font-weight: 400;\">\u013dudia s\u00fa dnes zahlten\u00ed s digit\u00e1lnym obsahom na dennej b\u00e1ze. Chc\u00fa ma\u0165 teda<\/span> \u00fapln\u00fa kontrolu<span style=\"font-weight: 400;\"> potom, \u010do sa vr\u00e1tia domov a dobij\u00fa baterky. Tomuto neunikne ani telev\u00edzia. \u010coraz \u010dastej\u0161ie ju v\u00a0modern\u00fdch dom\u00e1cnostiach nevidie\u0165.<\/span><\/span>[\/vc_column_text][vc_single_image image=&#8221;119211&#8243; img_size=&#8221;full&#8221; add_caption=&#8221;yes&#8221; alignment=&#8221;center&#8221; style=&#8221;vc_box_rounded&#8221;][vc_column_text]<\/p>\n<h2><span style=\"color: #e3245e;\"><b>Viac \u017eivej pr\u00edrody v\u00a0interi\u00e9ri<\/b><\/span><\/h2>\n<p><span style=\"font-weight: 400; color: #000000;\">Nemus\u00edte by\u0165 biol\u00f3gom, aby ste uznali, \u017ee <strong>rastliny dok\u00e1\u017eu vyzera\u0165 atrakt\u00edvne<\/strong>. Zdrav\u00e9, in\u0161piruj\u00face a pohodln\u00e9 interi\u00e9ry vytvoren\u00e9 so \u017eiv\u00fdmi rastlinami je ako n\u00e1vrat do hlbokej minulosti, ke\u010f sme \u017eili bok po boku s pr\u00edrodou.\u00a0<\/span><\/p>\n<p><span style=\"font-weight: 400; color: #000000;\">\u010co m\u00f4\u017ee by\u0165 lep\u0161ie ako ma\u0165 pr\u00edrodn\u00fdch spolo\u010dn\u00edkov, ktor\u00ed neodvr\u00e1vaj\u00fa, ale dod\u00e1vaj\u00fa n\u00e1m \u010derstv\u00fd vzduch? Rastliny, ako s\u00fa <strong>orchidey, sukulenty, hadovn\u00edky alebo brom\u00e9lie, emituj\u00fa v noci kysl\u00edk, \u010do z nich rob\u00ed ide\u00e1lne rastliny do sp\u00e1lne.<\/strong><\/span>[\/vc_column_text][vc_message message_box_color=&#8221;alert-success&#8221; icon_fontawesome=&#8221;fa fa-lightbulb-o&#8221;]<b>Vedeli ste, \u017ee: <\/b><span style=\"font-weight: 400;\">Ma\u0165 doma rastliny benefituje aj va\u0161e ment\u00e1lne zdravie? V\u00fdskumn\u00edci z\u00a0Ve\u013ekej Brit\u00e1nie zistili, \u017ee \u013eudia, ktor\u00ed maj\u00fa doma rastliny<\/span><a href=\"http:\/\/www.bbc.com\/earth\/story\/20160420-how-nature-is-good-for-our-health-and-happiness\"><span style=\"font-weight: 400;\">, s\u00fa \u0161\u0165astnej\u0161\u00ed, ako t\u00ed, ktor\u00ed nemaj\u00fa<\/span><\/a><span style=\"font-weight: 400;\">.<\/span>[\/vc_message][vc_single_image image=&#8221;119209&#8243; img_size=&#8221;full&#8221; add_caption=&#8221;yes&#8221; alignment=&#8221;center&#8221; style=&#8221;vc_box_rounded&#8221; onclick=&#8221;custom_link&#8221; img_link_target=&#8221;_blank&#8221; link=&#8221;https:\/\/ikuchyne.sk\/eshop\/produkt\/nastenny-regal-hemingway-set-3ks-recyklovane-drevo\/&#8221;][vc_column_text]<\/p>\n<h2><span style=\"color: #e3245e;\"><b>Rok 2020 prinesie nov\u00e9 zmeny<\/b><\/span><\/h2>\n<p><span style=\"color: #000000;\"><span style=\"font-weight: 400;\">\u010cas sa \u017eia\u013e ned\u00e1 zastavi\u0165 a svet okolo n\u00e1s je v pohybe a neust\u00e1le sa men\u00ed. V s\u00fa\u010dasnosti prevl\u00e1daj\u00fa v dizajn\u00e9rskej spolo\u010dnosti trendy smerom k udr\u017eate\u013en\u00e9mu \u017eivotn\u00e9mu prostrediu, zjednodu\u0161ovaniu priestoru a maxim\u00e1lneho vyu\u017eitia toho, \u010do m\u00e1me k dispoz\u00edcii. Je u\u017e len na v\u00e1s, \u010di zariadite svoj domov pod\u013ea tohto my\u0161lienkov\u00e9ho pr\u00fadu.\u00a0<\/span><b><br \/>\n<\/b><\/span><\/p>\n<p>In\u0161pirovali v\u00e1s <span style=\"color: #000000;\">trendy v interi\u00e9rovom dizajne pre rok 2020?<\/span>[\/vc_column_text][\/vc_column][\/vc_row]<\/p>\n","protected":false},"excerpt":{"rendered":"<p>[vc_row][vc_column][vc_column_text]Dizajn\u00e9ri musia \u010dasto predpoveda\u0165 bud\u00facnos\u0165. Lep\u0161ie poveda\u0165, vytvori\u0165 ju. Ak\u00e9 bud\u00fa trendy v interi\u00e9rovom dizajne pre rok 2020? To nevieme poveda\u0165 na istotu, m\u00f4\u017eeme si v\u0161ak tipn\u00fa\u0165. Vych\u00e1dzame z troch<\/p>\n","protected":false},"author":561,"featured_media":119208,"comment_status":"closed","ping_status":"open","sticky":false,"template":"","format":"standard","meta":{"footnotes":""},"categories":[1008],"tags":[],"yoast_head":"<!-- This site is optimized with the Yoast SEO plugin v22.1 - https:\/\/yoast.com\/wordpress\/plugins\/seo\/ -->\n<title>Trendy v interi\u00e9rovom dizajne pre rok 2020 &#187; iKuchyne.sk<\/title>\n<meta name=\"description\" content=\"Dizajn\u00e9ri musia \u010dasto predpoveda\u0165 bud\u00facnos\u0165. Lep\u0161ie poveda\u0165, vytvori\u0165 ju. Ak\u00e9 bud\u00fa trendy v interi\u00e9rovom dizajne pre rok 2020?\" \/>\n<meta name=\"robots\" content=\"index, follow, max-snippet:-1, max-image-preview:large, max-video-preview:-1\" \/>\n<link rel=\"canonical\" href=\"https:\/\/www.ikuchyne.sk\/eshop\/trendy-v-interierovom-dizajne-pre-rok-2020\/\" \/>\n<meta property=\"og:locale\" content=\"sk_SK\" \/>\n<meta property=\"og:type\" content=\"article\" \/>\n<meta property=\"og:title\" content=\"Trendy v interi\u00e9rovom dizajne pre rok 2020 &#187; iKuchyne.sk\" \/>\n<meta property=\"og:description\" content=\"Dizajn\u00e9ri musia \u010dasto predpoveda\u0165 bud\u00facnos\u0165. Lep\u0161ie poveda\u0165, vytvori\u0165 ju. Ak\u00e9 bud\u00fa trendy v interi\u00e9rovom dizajne pre rok 2020?\" \/>\n<meta property=\"og:url\" content=\"https:\/\/www.ikuchyne.sk\/eshop\/trendy-v-interierovom-dizajne-pre-rok-2020\/\" \/>\n<meta property=\"og:site_name\" content=\"iKuchyne iSHOP s n\u00e1bytkom\" \/>\n<meta property=\"article:publisher\" content=\"https:\/\/www.facebook.com\/ikuchyne\/\" \/>\n<meta property=\"article:published_time\" content=\"2019-11-20T16:12:19+00:00\" \/>\n<meta property=\"article:modified_time\" content=\"2020-10-21T02:25:13+00:00\" \/>\n<meta property=\"og:image\" content=\"https:\/\/www.ikuchyne.sk\/eshop\/wp-content\/uploads\/2019\/11\/byt-mal\u00e9-kras\u0148any.png\" \/>\n\t<meta property=\"og:image:width\" content=\"1280\" \/>\n\t<meta property=\"og:image:height\" content=\"853\" \/>\n\t<meta property=\"og:image:type\" content=\"image\/png\" \/>\n<meta name=\"author\" content=\"D\u00e1rius Pol\u00e1k\" \/>\n<meta name=\"twitter:card\" content=\"summary_large_image\" \/>\n<meta name=\"twitter:label1\" content=\"Autor\" \/>\n\t<meta name=\"twitter:data1\" content=\"D\u00e1rius Pol\u00e1k\" \/>\n\t<meta name=\"twitter:label2\" content=\"Predpokladan\u00fd \u010das \u010d\u00edtania\" \/>\n\t<meta name=\"twitter:data2\" content=\"8 min\u00fat\" \/>\n<script type=\"application\/ld+json\" class=\"yoast-schema-graph\">{\"@context\":\"https:\/\/schema.org\",\"@graph\":[{\"@type\":\"Article\",\"@id\":\"https:\/\/www.ikuchyne.sk\/eshop\/trendy-v-interierovom-dizajne-pre-rok-2020\/#article\",\"isPartOf\":{\"@id\":\"https:\/\/www.ikuchyne.sk\/eshop\/trendy-v-interierovom-dizajne-pre-rok-2020\/\"},\"author\":{\"name\":\"D\u00e1rius Pol\u00e1k\",\"@id\":\"https:\/\/www.ikuchyne.sk\/eshop\/#\/schema\/person\/2e97c7a816df50445a9ecff3cd8f2409\"},\"headline\":\"Trendy v interi\u00e9rovom dizajne pre rok 2020\",\"datePublished\":\"2019-11-20T16:12:19+00:00\",\"dateModified\":\"2020-10-21T02:25:13+00:00\",\"mainEntityOfPage\":{\"@id\":\"https:\/\/www.ikuchyne.sk\/eshop\/trendy-v-interierovom-dizajne-pre-rok-2020\/\"},\"wordCount\":1555,\"publisher\":{\"@id\":\"https:\/\/www.ikuchyne.sk\/eshop\/#organization\"},\"articleSection\":[\"IN\u0160PIR\u00c1CIE\"],\"inLanguage\":\"sk-SK\"},{\"@type\":\"WebPage\",\"@id\":\"https:\/\/www.ikuchyne.sk\/eshop\/trendy-v-interierovom-dizajne-pre-rok-2020\/\",\"url\":\"https:\/\/www.ikuchyne.sk\/eshop\/trendy-v-interierovom-dizajne-pre-rok-2020\/\",\"name\":\"Trendy v interi\u00e9rovom dizajne pre rok 2020 &#187; iKuchyne.sk\",\"isPartOf\":{\"@id\":\"https:\/\/www.ikuchyne.sk\/eshop\/#website\"},\"datePublished\":\"2019-11-20T16:12:19+00:00\",\"dateModified\":\"2020-10-21T02:25:13+00:00\",\"description\":\"Dizajn\u00e9ri musia \u010dasto predpoveda\u0165 bud\u00facnos\u0165. Lep\u0161ie poveda\u0165, vytvori\u0165 ju. Ak\u00e9 bud\u00fa trendy v interi\u00e9rovom dizajne pre rok 2020?\",\"breadcrumb\":{\"@id\":\"https:\/\/www.ikuchyne.sk\/eshop\/trendy-v-interierovom-dizajne-pre-rok-2020\/#breadcrumb\"},\"inLanguage\":\"sk-SK\",\"potentialAction\":[{\"@type\":\"ReadAction\",\"target\":[\"https:\/\/www.ikuchyne.sk\/eshop\/trendy-v-interierovom-dizajne-pre-rok-2020\/\"]}]},{\"@type\":\"BreadcrumbList\",\"@id\":\"https:\/\/www.ikuchyne.sk\/eshop\/trendy-v-interierovom-dizajne-pre-rok-2020\/#breadcrumb\",\"itemListElement\":[{\"@type\":\"ListItem\",\"position\":1,\"name\":\"Home\",\"item\":\"https:\/\/www.ikuchyne.sk\/eshop\/\"},{\"@type\":\"ListItem\",\"position\":2,\"name\":\"Trendy v interi\u00e9rovom dizajne pre rok 2020\"}]},{\"@type\":\"WebSite\",\"@id\":\"https:\/\/www.ikuchyne.sk\/eshop\/#website\",\"url\":\"https:\/\/www.ikuchyne.sk\/eshop\/\",\"name\":\"iKuchyne iSHOP s n\u00e1bytkom\",\"description\":\"Jed\u00e1lensk\u00e9 stoly, stoli\u010dky, n\u00e1bytok, svietidl\u00e1...\",\"publisher\":{\"@id\":\"https:\/\/www.ikuchyne.sk\/eshop\/#organization\"},\"potentialAction\":[{\"@type\":\"SearchAction\",\"target\":{\"@type\":\"EntryPoint\",\"urlTemplate\":\"https:\/\/www.ikuchyne.sk\/eshop\/?s={search_term_string}\"},\"query-input\":\"required name=search_term_string\"}],\"inLanguage\":\"sk-SK\"},{\"@type\":\"Organization\",\"@id\":\"https:\/\/www.ikuchyne.sk\/eshop\/#organization\",\"name\":\"ikuchyne!\",\"url\":\"https:\/\/www.ikuchyne.sk\/eshop\/\",\"logo\":{\"@type\":\"ImageObject\",\"inLanguage\":\"sk-SK\",\"@id\":\"https:\/\/www.ikuchyne.sk\/eshop\/#\/schema\/logo\/image\/\",\"url\":\"https:\/\/www.ikuchyne.sk\/eshop\/wp-content\/uploads\/2017\/04\/ikuchyne-logo.jpg\",\"contentUrl\":\"https:\/\/www.ikuchyne.sk\/eshop\/wp-content\/uploads\/2017\/04\/ikuchyne-logo.jpg\",\"width\":200,\"height\":48,\"caption\":\"ikuchyne!\"},\"image\":{\"@id\":\"https:\/\/www.ikuchyne.sk\/eshop\/#\/schema\/logo\/image\/\"},\"sameAs\":[\"https:\/\/www.facebook.com\/ikuchyne\/\",\"https:\/\/www.instagram.com\/ikuchyne.sk\/\",\"https:\/\/sk.pinterest.com\/ikuchynesk\/\"]},{\"@type\":\"Person\",\"@id\":\"https:\/\/www.ikuchyne.sk\/eshop\/#\/schema\/person\/2e97c7a816df50445a9ecff3cd8f2409\",\"name\":\"D\u00e1rius Pol\u00e1k\",\"image\":{\"@type\":\"ImageObject\",\"inLanguage\":\"sk-SK\",\"@id\":\"https:\/\/www.ikuchyne.sk\/eshop\/#\/schema\/person\/image\/\",\"url\":\"https:\/\/secure.gravatar.com\/avatar\/5f244434b2c2b33851969094c74ff95d?s=96&d=wp_user_avatar&r=g\",\"contentUrl\":\"https:\/\/secure.gravatar.com\/avatar\/5f244434b2c2b33851969094c74ff95d?s=96&d=wp_user_avatar&r=g\",\"caption\":\"D\u00e1rius Pol\u00e1k\"},\"description\":\"D\u00e1rius je freelance copywriter a social media mana\u017e\u00e9r. Zameriava sa na p\u00edsanie \u010dl\u00e1nkov, copy pre webstr\u00e1nky, mana\u017eovaniu a inzercii na Facebooku a Instagrame. Medzi jeho hobby patr\u00ed pravideln\u00e9 cvi\u010denie a cestovanie.\",\"url\":\"https:\/\/www.ikuchyne.sk\/eshop\/author\/darius-polak\/\"}]}<\/script>\n<!-- \/ Yoast SEO plugin. -->","yoast_head_json":{"title":"Trendy v interi\u00e9rovom dizajne pre rok 2020 &#187; iKuchyne.sk","description":"Dizajn\u00e9ri musia \u010dasto predpoveda\u0165 bud\u00facnos\u0165. Lep\u0161ie poveda\u0165, vytvori\u0165 ju. Ak\u00e9 bud\u00fa trendy v interi\u00e9rovom dizajne pre rok 2020?","robots":{"index":"index","follow":"follow","max-snippet":"max-snippet:-1","max-image-preview":"max-image-preview:large","max-video-preview":"max-video-preview:-1"},"canonical":"https:\/\/www.ikuchyne.sk\/eshop\/trendy-v-interierovom-dizajne-pre-rok-2020\/","og_locale":"sk_SK","og_type":"article","og_title":"Trendy v interi\u00e9rovom dizajne pre rok 2020 &#187; iKuchyne.sk","og_description":"Dizajn\u00e9ri musia \u010dasto predpoveda\u0165 bud\u00facnos\u0165. Lep\u0161ie poveda\u0165, vytvori\u0165 ju. Ak\u00e9 bud\u00fa trendy v interi\u00e9rovom dizajne pre rok 2020?","og_url":"https:\/\/www.ikuchyne.sk\/eshop\/trendy-v-interierovom-dizajne-pre-rok-2020\/","og_site_name":"iKuchyne iSHOP s n\u00e1bytkom","article_publisher":"https:\/\/www.facebook.com\/ikuchyne\/","article_published_time":"2019-11-20T16:12:19+00:00","article_modified_time":"2020-10-21T02:25:13+00:00","og_image":[{"width":1280,"height":853,"url":"https:\/\/www.ikuchyne.sk\/eshop\/wp-content\/uploads\/2019\/11\/byt-mal\u00e9-kras\u0148any.png","type":"image\/png"}],"author":"D\u00e1rius Pol\u00e1k","twitter_card":"summary_large_image","twitter_misc":{"Autor":"D\u00e1rius Pol\u00e1k","Predpokladan\u00fd \u010das \u010d\u00edtania":"8 min\u00fat"},"schema":{"@context":"https:\/\/schema.org","@graph":[{"@type":"Article","@id":"https:\/\/www.ikuchyne.sk\/eshop\/trendy-v-interierovom-dizajne-pre-rok-2020\/#article","isPartOf":{"@id":"https:\/\/www.ikuchyne.sk\/eshop\/trendy-v-interierovom-dizajne-pre-rok-2020\/"},"author":{"name":"D\u00e1rius Pol\u00e1k","@id":"https:\/\/www.ikuchyne.sk\/eshop\/#\/schema\/person\/2e97c7a816df50445a9ecff3cd8f2409"},"headline":"Trendy v interi\u00e9rovom dizajne pre rok 2020","datePublished":"2019-11-20T16:12:19+00:00","dateModified":"2020-10-21T02:25:13+00:00","mainEntityOfPage":{"@id":"https:\/\/www.ikuchyne.sk\/eshop\/trendy-v-interierovom-dizajne-pre-rok-2020\/"},"wordCount":1555,"publisher":{"@id":"https:\/\/www.ikuchyne.sk\/eshop\/#organization"},"articleSection":["IN\u0160PIR\u00c1CIE"],"inLanguage":"sk-SK"},{"@type":"WebPage","@id":"https:\/\/www.ikuchyne.sk\/eshop\/trendy-v-interierovom-dizajne-pre-rok-2020\/","url":"https:\/\/www.ikuchyne.sk\/eshop\/trendy-v-interierovom-dizajne-pre-rok-2020\/","name":"Trendy v interi\u00e9rovom dizajne pre rok 2020 &#187; iKuchyne.sk","isPartOf":{"@id":"https:\/\/www.ikuchyne.sk\/eshop\/#website"},"datePublished":"2019-11-20T16:12:19+00:00","dateModified":"2020-10-21T02:25:13+00:00","description":"Dizajn\u00e9ri musia \u010dasto predpoveda\u0165 bud\u00facnos\u0165. Lep\u0161ie poveda\u0165, vytvori\u0165 ju. Ak\u00e9 bud\u00fa trendy v interi\u00e9rovom dizajne pre rok 2020?","breadcrumb":{"@id":"https:\/\/www.ikuchyne.sk\/eshop\/trendy-v-interierovom-dizajne-pre-rok-2020\/#breadcrumb"},"inLanguage":"sk-SK","potentialAction":[{"@type":"ReadAction","target":["https:\/\/www.ikuchyne.sk\/eshop\/trendy-v-interierovom-dizajne-pre-rok-2020\/"]}]},{"@type":"BreadcrumbList","@id":"https:\/\/www.ikuchyne.sk\/eshop\/trendy-v-interierovom-dizajne-pre-rok-2020\/#breadcrumb","itemListElement":[{"@type":"ListItem","position":1,"name":"Home","item":"https:\/\/www.ikuchyne.sk\/eshop\/"},{"@type":"ListItem","position":2,"name":"Trendy v interi\u00e9rovom dizajne pre rok 2020"}]},{"@type":"WebSite","@id":"https:\/\/www.ikuchyne.sk\/eshop\/#website","url":"https:\/\/www.ikuchyne.sk\/eshop\/","name":"iKuchyne iSHOP s n\u00e1bytkom","description":"Jed\u00e1lensk\u00e9 stoly, stoli\u010dky, n\u00e1bytok, svietidl\u00e1...","publisher":{"@id":"https:\/\/www.ikuchyne.sk\/eshop\/#organization"},"potentialAction":[{"@type":"SearchAction","target":{"@type":"EntryPoint","urlTemplate":"https:\/\/www.ikuchyne.sk\/eshop\/?s={search_term_string}"},"query-input":"required name=search_term_string"}],"inLanguage":"sk-SK"},{"@type":"Organization","@id":"https:\/\/www.ikuchyne.sk\/eshop\/#organization","name":"ikuchyne!","url":"https:\/\/www.ikuchyne.sk\/eshop\/","logo":{"@type":"ImageObject","inLanguage":"sk-SK","@id":"https:\/\/www.ikuchyne.sk\/eshop\/#\/schema\/logo\/image\/","url":"https:\/\/www.ikuchyne.sk\/eshop\/wp-content\/uploads\/2017\/04\/ikuchyne-logo.jpg","contentUrl":"https:\/\/www.ikuchyne.sk\/eshop\/wp-content\/uploads\/2017\/04\/ikuchyne-logo.jpg","width":200,"height":48,"caption":"ikuchyne!"},"image":{"@id":"https:\/\/www.ikuchyne.sk\/eshop\/#\/schema\/logo\/image\/"},"sameAs":["https:\/\/www.facebook.com\/ikuchyne\/","https:\/\/www.instagram.com\/ikuchyne.sk\/","https:\/\/sk.pinterest.com\/ikuchynesk\/"]},{"@type":"Person","@id":"https:\/\/www.ikuchyne.sk\/eshop\/#\/schema\/person\/2e97c7a816df50445a9ecff3cd8f2409","name":"D\u00e1rius Pol\u00e1k","image":{"@type":"ImageObject","inLanguage":"sk-SK","@id":"https:\/\/www.ikuchyne.sk\/eshop\/#\/schema\/person\/image\/","url":"https:\/\/secure.gravatar.com\/avatar\/5f244434b2c2b33851969094c74ff95d?s=96&d=wp_user_avatar&r=g","contentUrl":"https:\/\/secure.gravatar.com\/avatar\/5f244434b2c2b33851969094c74ff95d?s=96&d=wp_user_avatar&r=g","caption":"D\u00e1rius Pol\u00e1k"},"description":"D\u00e1rius je freelance copywriter a social media mana\u017e\u00e9r. Zameriava sa na p\u00edsanie \u010dl\u00e1nkov, copy pre webstr\u00e1nky, mana\u017eovaniu a inzercii na Facebooku a Instagrame. Medzi jeho hobby patr\u00ed pravideln\u00e9 cvi\u010denie a cestovanie.","url":"https:\/\/www.ikuchyne.sk\/eshop\/author\/darius-polak\/"}]}},"_links":{"self":[{"href":"https:\/\/www.ikuchyne.sk\/eshop\/wp-json\/wp\/v2\/posts\/119206"}],"collection":[{"href":"https:\/\/www.ikuchyne.sk\/eshop\/wp-json\/wp\/v2\/posts"}],"about":[{"href":"https:\/\/www.ikuchyne.sk\/eshop\/wp-json\/wp\/v2\/types\/post"}],"author":[{"embeddable":true,"href":"https:\/\/www.ikuchyne.sk\/eshop\/wp-json\/wp\/v2\/users\/561"}],"replies":[{"embeddable":true,"href":"https:\/\/www.ikuchyne.sk\/eshop\/wp-json\/wp\/v2\/comments?post=119206"}],"version-history":[{"count":8,"href":"https:\/\/www.ikuchyne.sk\/eshop\/wp-json\/wp\/v2\/posts\/119206\/revisions"}],"predecessor-version":[{"id":147239,"href":"https:\/\/www.ikuchyne.sk\/eshop\/wp-json\/wp\/v2\/posts\/119206\/revisions\/147239"}],"wp:featuredmedia":[{"embeddable":true,"href":"https:\/\/www.ikuchyne.sk\/eshop\/wp-json\/wp\/v2\/media\/119208"}],"wp:attachment":[{"href":"https:\/\/www.ikuchyne.sk\/eshop\/wp-json\/wp\/v2\/media?parent=119206"}],"wp:term":[{"taxonomy":"category","embeddable":true,"href":"https:\/\/www.ikuchyne.sk\/eshop\/wp-json\/wp\/v2\/categories?post=119206"},{"taxonomy":"post_tag","embeddable":true,"href":"https:\/\/www.ikuchyne.sk\/eshop\/wp-json\/wp\/v2\/tags?post=119206"}],"curies":[{"name":"wp","href":"https:\/\/api.w.org\/{rel}","templated":true}]}}