{"id":119420,"date":"2019-11-24T14:07:31","date_gmt":"2019-11-24T13:07:31","guid":{"rendered":"https:\/\/ikuchyne.sk\/eshop\/?p=119420"},"modified":"2020-10-21T23:49:01","modified_gmt":"2020-10-21T21:49:01","slug":"nabytok-z-naplaveneho-dreva-kazdy-kusok-original","status":"publish","type":"post","link":"https:\/\/www.ikuchyne.sk\/eshop\/nabytok-z-naplaveneho-dreva-kazdy-kusok-original\/","title":{"rendered":"N\u00e1bytok z naplaven\u00e9ho dreva: Ka\u017ed\u00fd k\u00fasok origin\u00e1l!"},"content":{"rendered":"<p>[vc_row][vc_column][vc_column_text]<strong><span style=\"color: #000000;\">V tomto blogu sme sa rozhodli predstavi\u0165 v\u00e1m unik\u00e1tny n\u00e1bytok z <\/span><\/strong><strong><span style=\"color: #000000;\">naplaven\u00e9ho dreva<\/span><\/strong><strong><span style=\"color: #000000;\"> z \u010disto pr\u00edrodn\u00e9ho materi\u00e1lu, ktor\u00e9 je opracovan\u00e9 z\u00e1sadne ru\u010dne. Doprajte si konferen\u010dn\u00fd stol\u00edk, taburet, lampu \u010di zrkadlo v unik\u00e1tnom dizajne a prineste si k\u00fasok panenskej pr\u00edrody do v\u00e1\u0161ho domova.\u00a0<\/span><\/strong>[\/vc_column_text][vc_single_image image=&#8221;119425&#8243; img_size=&#8221;large&#8221; add_caption=&#8221;yes&#8221; alignment=&#8221;center&#8221; style=&#8221;vc_box_rounded&#8221;][\/vc_column][\/vc_row][vc_row][vc_column][vc_column_text]<\/p>\n<h2><span style=\"color: #e3245e;\"><b>K\u00fasok pr\u00edrody u v\u00e1s doma<\/b><\/span><\/h2>\n<p><span style=\"font-weight: 400; color: #000000;\">Nev\u0161edn\u00fd n\u00e1bytok z\u00a0<\/span><a href=\"https:\/\/ikuchyne.sk\/eshop\/kategoria\/seria-naplavene-drevo\/\"><span style=\"font-weight: 400;\"> naplaven\u00e9ho dreva<\/span><\/a><span style=\"font-weight: 400; color: #000000;\"> up\u00fata pozornos\u0165 ka\u017edej va\u0161ej n\u00e1v\u0161tevy. Ve\u010f je pre\u010do &#8211; jeho atypick\u00fd dizajn rozhodne stoj\u00ed za pov\u0161imnutie. Ozvl\u00e1\u0161tni a z\u00fatuln\u00ed v\u00e1\u0161 domov a prinesie pr\u00edbeh putovania. <strong>Ka\u017ed\u00fd pou\u017eit\u00fd k\u00fasok dreva je v tomto pr\u00edpade unik\u00e1t<\/strong>. To, ako ho stvorila pr\u00edroda a opracovali pr\u00edrodn\u00e9 \u017eivly, ost\u00e1va zachovan\u00e9. Niektor\u00e9 kusy boli vo vode dlh\u0161ie, in\u00e9 krat\u0161ie a niektor\u00e9 sa su\u0161ili na slnku a podliehali vplyvom vetra. <strong>V s\u00e9rii Naplaven\u00e9 drevo je pou\u017eit\u00e9 preva\u017ene teakov\u00e9 drevo vo svetlej zvetranej farbe.\u00a0<\/strong><\/span>[\/vc_column_text][vc_single_image image=&#8221;119428&#8243; img_size=&#8221;large&#8221; add_caption=&#8221;yes&#8221; alignment=&#8221;center&#8221; style=&#8221;vc_box_rounded&#8221;][\/vc_column][\/vc_row][vc_row][vc_column][vc_column_text]<span style=\"font-weight: 400; color: #000000;\"><strong>Pozrite si nieko\u013eko na\u0161ich tipov na vychyt\u00e1vky z kolekcie Naplaven\u00e9 drevo<\/strong> a nechajte sa in\u0161pirova\u0165.<\/span><\/p>\n<h2><span style=\"color: #e3245e;\"><b>5 svietiacich vt\u00e1\u010dikov<\/b><\/span><\/h2>\n<p><strong><span style=\"color: #000000;\">Netradi\u010dn\u00e1 <\/span><a href=\"https:\/\/ikuchyne.sk\/eshop\/produkt\/zavesna-lampa-hypnotic-v-naplavene-drevo\/\" class=\"broken_link\">z\u00e1vesn\u00e1 lampa Hypnotic V<\/a><\/strong><span style=\"font-weight: 400;\"><span style=\"color: #000000;\"><strong> pripom\u00edna p\u00e4\u0165 vt\u00e1kov<\/strong>, ktor\u00ed sa vzn\u00e1\u0161aj\u00fa vo vzduchu. Tie s\u00fa vytvoren\u00e9 z naplaven\u00e9ho dreva, v\u010faka \u010domu je ka\u017ed\u00fd jeden trochu in\u00fd. \u017diarovka umiestnen\u00e1 na ka\u017edom z nich evokuje hlavu vt\u00e1\u010dika a po rozsvieten\u00ed vytv\u00e1ra zauj\u00edmav\u00fd efekt. Vt\u00e1\u010diky visia na tenk\u00fdch k\u00e1bloch, ktor\u00e9 sa sp\u00fa\u0161\u0165aj\u00fa z vrchn\u00e9ho bieleho tienidla. Z\u00fatulnite svoj domov touto lampou evokuj\u00facou pr\u00edrodu samu. Kr\u00e1sne zapadne do pr\u00edrodne laden\u00fdch interi\u00e9rov, ale p\u00f4vabne p\u00f4sob\u00ed aj v spojen\u00ed so \u0161kandin\u00e1vskym alebo modern\u00fdm \u0161t\u00fdlom.\u00a0<\/span><\/span>[\/vc_column_text][vc_single_image image=&#8221;119431&#8243; img_size=&#8221;large&#8221; add_caption=&#8221;yes&#8221; alignment=&#8221;center&#8221; style=&#8221;vc_box_rounded&#8221;][\/vc_column][\/vc_row][vc_row][vc_column][vc_column_text]<\/p>\n<h2><span style=\"color: #e3245e;\"><b>Stolujte vo ve\u013ekom \u0161t\u00fdle<\/b><\/span><\/h2>\n<p><span style=\"font-weight: 400;\"><span style=\"color: #000000;\">\u010eal\u0161\u00ed z kateg\u00f3rie lustrov, ktor\u00fd by sme v\u00e1m radi predstavili, m\u00e1 n\u00e1zov<\/span> <\/span><strong><a href=\"https:\/\/www.ikuchyne.sk\/eshop\/produkt\/stojanova-lampa-naplavene-drevo-euphoria-175cm\/\">Euphoria<\/a><\/strong><span style=\"font-weight: 400;\">. <span style=\"color: #000000;\">Je zauj\u00edmavo rie\u0161en\u00fd a kr\u00e1sne sa bude vyn\u00edma\u0165 napr\u00edklad nad stolom vo vidiecky ladenej jed\u00e1lni. <strong>Svojimi svetl\u00fdmi farbami &#8211; tienidlami v kr\u00e9movej farbe a svetl\u00fdm naplaven\u00fdm drevom<\/strong> &#8211; <strong>evokuje minimalizmus a jednoduchos\u0165<\/strong>. V\u010faka \u0161iestim \u017eiarovk\u00e1m v\u017edy budete ma\u0165 k dispoz\u00edcii dostatok svetla<\/span>.\u00a0<\/span>[\/vc_column_text][vc_single_image image=&#8221;119422&#8243; img_size=&#8221;large&#8221; add_caption=&#8221;yes&#8221; alignment=&#8221;center&#8221; style=&#8221;vc_box_rounded&#8221;][\/vc_column][\/vc_row][vc_row][vc_column][vc_column_text]<\/p>\n<h2><span style=\"color: #e3245e;\"><b>Elegantn\u00e1 \u010dierna<\/b><\/span><\/h2>\n<p><a href=\"https:\/\/ikuchyne.sk\/eshop\/produkt\/stojanova-lampa-naplavene-drevo-rousilique-cierna\/\" class=\"broken_link\"><span style=\"font-weight: 400;\">\u010cierna stojanov\u00e1 lampa Rousilique<\/span><\/a><span style=\"font-weight: 400;\"><span style=\"color: #000000;\"> zaujme milovn\u00edkov dizajnu a tmav\u00fdch farieb. Tienidlo a podstavec z \u013eanovej tkaniny s\u00fa v \u010diernej farbe, ktor\u00e1 dod\u00e1va kontrast pou\u017eit\u00e9mu kusu dreva. Ten zdob\u00ed nohu tejto kr\u00e1snej vysokej lampy. Nechajte ju vynikn\u00fa\u0165 vo va\u0161ej ob\u00fdva\u010dke \u010di sp\u00e1lni a kochajte sa t\u00fdm, ako do interi\u00e9ru prin\u00e1\u0161a eleganciu a \u0161mrnc<\/span>.\u00a0<\/span>[\/vc_column_text][vc_single_image image=&#8221;119427&#8243; img_size=&#8221;large&#8221; add_caption=&#8221;yes&#8221; alignment=&#8221;center&#8221; style=&#8221;vc_box_rounded&#8221;][\/vc_column][\/vc_row][vc_row][vc_column][vc_column_text]<\/p>\n<h2><span style=\"color: #e3245e;\"><b>V pr\u00edrodn\u00fdch farb\u00e1ch<\/b><\/span><\/h2>\n<p><a href=\"https:\/\/ikuchyne.sk\/eshop\/produkt\/stolova-lampa-naplavene-drevo-perifere-bezova\/\"><span style=\"font-weight: 400;\">B\u00e9\u017eov\u00e1 lampa Perifere<\/span><\/a><span style=\"font-weight: 400; color: #000000;\"> kr\u00e1sne vynikne na komode \u010di na konferen\u010dnom stol\u00edku. Tvor\u00ed ju b\u00e9\u017eov\u00e9 tienidlo, spod ktor\u00e9ho vy\u017earuje tepl\u00e9 svetlo, noha ozdoben\u00e1 k\u00faskami naplaven\u00e9ho dreva a podno\u017e v sivej farbe. <strong>Pr\u00e1ve jednoduch\u00fd dizajn tejto lampy d\u00e1va vynikn\u00fa\u0165 zauj\u00edmav\u00e9mu prvku, ktor\u00fd ju ozvl\u00e1\u0161t\u0148uje.<\/strong> Kusy naplaven\u00e9ho dreva v\u010faka svojim tvarom, \u0161trukt\u00faram a nedokonalostiam priam nab\u00e1daj\u00fa k tomu, aby ste si ich pozorne prehliadli. Po rozsvieten\u00ed lampy v\u010faka dopadu svetla e\u0161te umoc\u0148uj\u00fa tento dojem.\u00a0<\/span>[\/vc_column_text][vc_single_image image=&#8221;119429&#8243; img_size=&#8221;large&#8221; add_caption=&#8221;yes&#8221; alignment=&#8221;center&#8221; style=&#8221;vc_box_rounded&#8221;][\/vc_column][\/vc_row][vc_row][vc_column][vc_column_text]<\/p>\n<h2><span style=\"color: #e3245e;\"><b>Skvostn\u00fd z ka\u017edej strany<\/b><\/span><\/h2>\n<p><span style=\"font-weight: 400;\"><span style=\"color: #000000;\">Aj men\u0161ie k\u00fasky n\u00e1bytku n\u00e1jdete v na\u0161ej s\u00e9rii Naplaven\u00e9 drevo<\/span>. <\/span><span style=\"font-weight: 400;\">Konferen\u010dn\u00fd stol\u00edk Natures Art<\/span><span style=\"font-weight: 400; color: #000000;\"> si v\u00e1s z\u00edska na prv\u00fd poh\u013ead. Kr\u00e1sne p\u00f4sobiaci dizajn je dosiahnut\u00fd v\u010faka podno\u017ei stol\u00edka. Tvoria ju tenk\u00e9 kon\u00e1re z naplaven\u00e9ho dreva, ktor\u00fdch prierez je vidite\u013en\u00fd v\u010faka presklen\u00e9mu povrchu stol\u00edka. Mimochodom, toto <strong>sklo je bezpe\u010dnostn\u00e9 a ve\u013emi odoln\u00e9<\/strong>, tak\u017ee sa nemus\u00edte b\u00e1\u0165, \u017ee by sa \u013eahko rozbilo alebo po\u0161kodilo.<\/span>[\/vc_column_text][vc_single_image image=&#8221;119421&#8243; img_size=&#8221;large&#8221; add_caption=&#8221;yes&#8221; alignment=&#8221;center&#8221; style=&#8221;vc_box_rounded&#8221;][\/vc_column][\/vc_row][vc_row][vc_column][vc_column_text]<\/p>\n<h2><span style=\"color: #e3245e;\"><b>Taburet z mas\u00edvu\u00a0<\/b><\/span><\/h2>\n<p><span style=\"font-weight: 400;\"><span style=\"color: #000000;\">Tento<\/span> <\/span><a href=\"https:\/\/ikuchyne.sk\/eshop\/produkt\/dreveny-taburet\/\"><span style=\"font-weight: 400;\">dreven\u00fd taburet<\/span><\/a><span style=\"font-weight: 400; color: #000000;\"> priam l\u00e1ka k presk\u00famaniu v\u0161etk\u00fdch jeho z\u00e1kut\u00ed, r\u00fdh a \u0161trukt\u00far. Je to mas\u00edvne teakov\u00e9 drevo a tak ako v\u0161etok n\u00e1bytok z naplaven\u00e9ho dreva, aj <strong>tento taburet bol opracovan\u00fd ru\u010dne<\/strong>. <strong>Ka\u017ed\u00fd jeden je in\u00fd, jedine\u010dn\u00fd, dokonale nedokonal\u00fd<\/strong>. Dola\u010fte si n\u00edm ktor\u00fako\u013evek \u010das\u0165 interi\u00e9ru. Pou\u017e\u00edva\u0165 ho m\u00f4\u017eete ako mal\u00fd pr\u00edru\u010dn\u00fd stol\u00edk, podstavec na kvetiny a dekor\u00e1cie alebo na sedenie a ako podno\u017eku.<\/span>[\/vc_column_text][vc_single_image image=&#8221;119430&#8243; img_size=&#8221;large&#8221; add_caption=&#8221;yes&#8221; alignment=&#8221;center&#8221; style=&#8221;vc_box_rounded&#8221;][\/vc_column][\/vc_row][vc_row][vc_column][vc_column_text]<\/p>\n<h2><span style=\"color: #e3245e;\"><b>Slnko na stene\u00a0<\/b><\/span><\/h2>\n<p><a href=\"https:\/\/ikuchyne.sk\/eshop\/produkt\/nastenne-zrkadlo-riverside-80cm-naplavene-drevo\/\" class=\"broken_link\"><span style=\"font-weight: 400;\">N\u00e1stenn\u00e9 zrkadlo Riverside<\/span><\/a><span style=\"font-weight: 400;\"><span style=\"color: #000000;\"> pripomm\u00edna Slnko s bohat\u00fdmi slne\u010dn\u00fdmi l\u00fa\u010dmi, ktor\u00e9 s\u00fa vytvoren\u00e9 z k\u00faso\u010dkov naplaven\u00e9ho dreva. P\u00f4sob\u00ed ve\u013emi harmonicky a prirodzene. V\u010faka trojrozmernosti vytv\u00e1ra kr\u00e1sny efekt, ke\u010f na\u0148 dopad\u00e1 svetlo z r\u00f4znych uhlov. <strong>Kr\u00e1sne vynikne v predsieni, na chodbe, v ob\u00fdva\u010dke alebo v sp\u00e1lni napr\u00edklad nad komodou \u010di poli\u010dkou<\/strong>, pr\u00edpadne doplnen\u00e9 \u010fal\u0161\u00edmi dekor\u00e1ciami a prvkami.\u00a0<\/span> <\/span>[\/vc_column_text][vc_single_image image=&#8221;119426&#8243; img_size=&#8221;large&#8221; add_caption=&#8221;yes&#8221; alignment=&#8221;center&#8221; style=&#8221;vc_box_rounded&#8221;][\/vc_column][\/vc_row][vc_row][vc_column][vc_message icon_fontawesome=&#8221;fa fa-lightbulb-o&#8221;]<span style=\"font-weight: 400;\"><strong>Tip na z\u00e1ver:<\/strong> N\u00e1bytok z naplaven\u00e9ho dreva sa v\u010faka svojej jednoduchosti a pr\u00edrodnosti ujme v ka\u017edom \u0161t\u00fdle interi\u00e9ru. Ak zakomponujete jeden prvok, napr\u00edklad lampu z naplaven\u00e9ho dreva, do v\u00e1\u0161ho pr\u00edbytku, ur\u010dite to bude vyzera\u0165 ve\u013emi dobre. V\u00fdsledn\u00fd efekt zaru\u010den\u00fd!<\/span>[\/vc_message][\/vc_column][\/vc_row][vc_row][vc_column][vc_column_text]<span style=\"font-weight: 400; color: #000000;\">Zaujali v\u00e1s tieto vychyt\u00e1vky? Po<\/span><span style=\"color: #000000;\">zrite si<\/span> <a href=\"https:\/\/ikuchyne.sk\/eshop\/kategoria\/seria-naplavene-drevo\/\">cel\u00fa s\u00e9riu n\u00e1bytku &#8220;Naplaven\u00e9 drevo&#8221;<\/a><span style=\"color: #000000;\"> v na\u0161om eshope!\u00a0<\/span>[\/vc_column_text][\/vc_column][\/vc_row]<\/p>\n","protected":false},"excerpt":{"rendered":"<p>[vc_row][vc_column][vc_column_text]V tomto blogu sme sa rozhodli predstavi\u0165 v\u00e1m unik\u00e1tny n\u00e1bytok z naplaven\u00e9ho dreva z \u010disto pr\u00edrodn\u00e9ho materi\u00e1lu, ktor\u00e9 je opracovan\u00e9 z\u00e1sadne ru\u010dne. Doprajte si konferen\u010dn\u00fd stol\u00edk, taburet, lampu \u010di zrkadlo<\/p>\n","protected":false},"author":568,"featured_media":119423,"comment_status":"closed","ping_status":"open","sticky":false,"template":"","format":"standard","meta":{"footnotes":""},"categories":[1010],"tags":[],"yoast_head":"<!-- This site is optimized with the Yoast SEO plugin v22.1 - https:\/\/yoast.com\/wordpress\/plugins\/seo\/ -->\n<title>N\u00e1bytok z naplaven\u00e9ho dreva: Ka\u017ed\u00fd k\u00fasok origin\u00e1l! &#187; iKuchyne.sk<\/title>\n<meta name=\"description\" content=\"Predstavujeme v\u00e1m unik\u00e1tny n\u00e1bytok z naplaven\u00e9ho dreva z \u010disto pr\u00edrodn\u00e9ho materi\u00e1lu, ktor\u00e9 je opracovan\u00e9 z\u00e1sadne ru\u010dne. In\u0161pirujte sa!\" \/>\n<meta name=\"robots\" content=\"index, follow, max-snippet:-1, max-image-preview:large, max-video-preview:-1\" \/>\n<link rel=\"canonical\" href=\"https:\/\/www.ikuchyne.sk\/eshop\/nabytok-z-naplaveneho-dreva-kazdy-kusok-original\/\" \/>\n<meta property=\"og:locale\" content=\"sk_SK\" \/>\n<meta property=\"og:type\" content=\"article\" \/>\n<meta property=\"og:title\" content=\"N\u00e1bytok z naplaven\u00e9ho dreva: Ka\u017ed\u00fd k\u00fasok origin\u00e1l! &#187; iKuchyne.sk\" \/>\n<meta property=\"og:description\" content=\"Predstavujeme v\u00e1m unik\u00e1tny n\u00e1bytok z naplaven\u00e9ho dreva z \u010disto pr\u00edrodn\u00e9ho materi\u00e1lu, ktor\u00e9 je opracovan\u00e9 z\u00e1sadne ru\u010dne. In\u0161pirujte sa!\" \/>\n<meta property=\"og:url\" content=\"https:\/\/www.ikuchyne.sk\/eshop\/nabytok-z-naplaveneho-dreva-kazdy-kusok-original\/\" \/>\n<meta property=\"og:site_name\" content=\"iKuchyne iSHOP s n\u00e1bytkom\" \/>\n<meta property=\"article:publisher\" content=\"https:\/\/www.facebook.com\/ikuchyne\/\" \/>\n<meta property=\"article:published_time\" content=\"2019-11-24T13:07:31+00:00\" \/>\n<meta property=\"article:modified_time\" content=\"2020-10-21T21:49:01+00:00\" \/>\n<meta property=\"og:image\" content=\"https:\/\/www.ikuchyne.sk\/eshop\/wp-content\/uploads\/2019\/11\/n\u00e1bytok-z-naplaven\u00e9ho-dreva.jpg\" \/>\n\t<meta property=\"og:image:width\" content=\"1000\" \/>\n\t<meta property=\"og:image:height\" content=\"667\" \/>\n\t<meta property=\"og:image:type\" content=\"image\/jpeg\" \/>\n<meta name=\"author\" content=\"Adri\u00e1na Plechov\u00e1\" \/>\n<meta name=\"twitter:card\" content=\"summary_large_image\" \/>\n<meta name=\"twitter:label1\" content=\"Autor\" \/>\n\t<meta name=\"twitter:data1\" content=\"Adri\u00e1na Plechov\u00e1\" \/>\n\t<meta name=\"twitter:label2\" content=\"Predpokladan\u00fd \u010das \u010d\u00edtania\" \/>\n\t<meta name=\"twitter:data2\" content=\"6 min\u00fat\" \/>\n<script type=\"application\/ld+json\" class=\"yoast-schema-graph\">{\"@context\":\"https:\/\/schema.org\",\"@graph\":[{\"@type\":\"Article\",\"@id\":\"https:\/\/www.ikuchyne.sk\/eshop\/nabytok-z-naplaveneho-dreva-kazdy-kusok-original\/#article\",\"isPartOf\":{\"@id\":\"https:\/\/www.ikuchyne.sk\/eshop\/nabytok-z-naplaveneho-dreva-kazdy-kusok-original\/\"},\"author\":{\"name\":\"Adri\u00e1na Plechov\u00e1\",\"@id\":\"https:\/\/www.ikuchyne.sk\/eshop\/#\/schema\/person\/0111a626c8b4290c5241f99c6d04f463\"},\"headline\":\"N\u00e1bytok z naplaven\u00e9ho dreva: Ka\u017ed\u00fd k\u00fasok origin\u00e1l!\",\"datePublished\":\"2019-11-24T13:07:31+00:00\",\"dateModified\":\"2020-10-21T21:49:01+00:00\",\"mainEntityOfPage\":{\"@id\":\"https:\/\/www.ikuchyne.sk\/eshop\/nabytok-z-naplaveneho-dreva-kazdy-kusok-original\/\"},\"wordCount\":1203,\"publisher\":{\"@id\":\"https:\/\/www.ikuchyne.sk\/eshop\/#organization\"},\"articleSection\":[\"N\u00c1BYTOK\"],\"inLanguage\":\"sk-SK\"},{\"@type\":\"WebPage\",\"@id\":\"https:\/\/www.ikuchyne.sk\/eshop\/nabytok-z-naplaveneho-dreva-kazdy-kusok-original\/\",\"url\":\"https:\/\/www.ikuchyne.sk\/eshop\/nabytok-z-naplaveneho-dreva-kazdy-kusok-original\/\",\"name\":\"N\u00e1bytok z naplaven\u00e9ho dreva: Ka\u017ed\u00fd k\u00fasok origin\u00e1l! &#187; iKuchyne.sk\",\"isPartOf\":{\"@id\":\"https:\/\/www.ikuchyne.sk\/eshop\/#website\"},\"datePublished\":\"2019-11-24T13:07:31+00:00\",\"dateModified\":\"2020-10-21T21:49:01+00:00\",\"description\":\"Predstavujeme v\u00e1m unik\u00e1tny n\u00e1bytok z naplaven\u00e9ho dreva z \u010disto pr\u00edrodn\u00e9ho materi\u00e1lu, ktor\u00e9 je opracovan\u00e9 z\u00e1sadne ru\u010dne. In\u0161pirujte sa!\",\"breadcrumb\":{\"@id\":\"https:\/\/www.ikuchyne.sk\/eshop\/nabytok-z-naplaveneho-dreva-kazdy-kusok-original\/#breadcrumb\"},\"inLanguage\":\"sk-SK\",\"potentialAction\":[{\"@type\":\"ReadAction\",\"target\":[\"https:\/\/www.ikuchyne.sk\/eshop\/nabytok-z-naplaveneho-dreva-kazdy-kusok-original\/\"]}]},{\"@type\":\"BreadcrumbList\",\"@id\":\"https:\/\/www.ikuchyne.sk\/eshop\/nabytok-z-naplaveneho-dreva-kazdy-kusok-original\/#breadcrumb\",\"itemListElement\":[{\"@type\":\"ListItem\",\"position\":1,\"name\":\"Home\",\"item\":\"https:\/\/www.ikuchyne.sk\/eshop\/\"},{\"@type\":\"ListItem\",\"position\":2,\"name\":\"N\u00e1bytok z naplaven\u00e9ho dreva: Ka\u017ed\u00fd k\u00fasok origin\u00e1l!\"}]},{\"@type\":\"WebSite\",\"@id\":\"https:\/\/www.ikuchyne.sk\/eshop\/#website\",\"url\":\"https:\/\/www.ikuchyne.sk\/eshop\/\",\"name\":\"iKuchyne iSHOP s n\u00e1bytkom\",\"description\":\"Jed\u00e1lensk\u00e9 stoly, stoli\u010dky, n\u00e1bytok, svietidl\u00e1...\",\"publisher\":{\"@id\":\"https:\/\/www.ikuchyne.sk\/eshop\/#organization\"},\"potentialAction\":[{\"@type\":\"SearchAction\",\"target\":{\"@type\":\"EntryPoint\",\"urlTemplate\":\"https:\/\/www.ikuchyne.sk\/eshop\/?s={search_term_string}\"},\"query-input\":\"required name=search_term_string\"}],\"inLanguage\":\"sk-SK\"},{\"@type\":\"Organization\",\"@id\":\"https:\/\/www.ikuchyne.sk\/eshop\/#organization\",\"name\":\"ikuchyne!\",\"url\":\"https:\/\/www.ikuchyne.sk\/eshop\/\",\"logo\":{\"@type\":\"ImageObject\",\"inLanguage\":\"sk-SK\",\"@id\":\"https:\/\/www.ikuchyne.sk\/eshop\/#\/schema\/logo\/image\/\",\"url\":\"https:\/\/www.ikuchyne.sk\/eshop\/wp-content\/uploads\/2017\/04\/ikuchyne-logo.jpg\",\"contentUrl\":\"https:\/\/www.ikuchyne.sk\/eshop\/wp-content\/uploads\/2017\/04\/ikuchyne-logo.jpg\",\"width\":200,\"height\":48,\"caption\":\"ikuchyne!\"},\"image\":{\"@id\":\"https:\/\/www.ikuchyne.sk\/eshop\/#\/schema\/logo\/image\/\"},\"sameAs\":[\"https:\/\/www.facebook.com\/ikuchyne\/\",\"https:\/\/www.instagram.com\/ikuchyne.sk\/\",\"https:\/\/sk.pinterest.com\/ikuchynesk\/\"]},{\"@type\":\"Person\",\"@id\":\"https:\/\/www.ikuchyne.sk\/eshop\/#\/schema\/person\/0111a626c8b4290c5241f99c6d04f463\",\"name\":\"Adri\u00e1na Plechov\u00e1\",\"image\":{\"@type\":\"ImageObject\",\"inLanguage\":\"sk-SK\",\"@id\":\"https:\/\/www.ikuchyne.sk\/eshop\/#\/schema\/person\/image\/\",\"url\":\"https:\/\/www.ikuchyne.sk\/eshop\/wp-content\/plugins\/wp-user-avatar\/deprecated\/wp-user-avatar\/images\/wpua-96x96.png\",\"contentUrl\":\"https:\/\/www.ikuchyne.sk\/eshop\/wp-content\/plugins\/wp-user-avatar\/deprecated\/wp-user-avatar\/images\/wpua-96x96.png\",\"caption\":\"Adri\u00e1na Plechov\u00e1\"},\"description\":\"Adriana pracuje ako online market\u00e9rka, copywriterka a\u00a0redaktorka. Pri p\u00edsan\u00ed a\u00a0editovan\u00ed r\u00f4znych textov dost\u00e1va zelen\u00fa jej kreativita, ako aj\u00a0l\u00e1ska k\u00a0p\u00edsan\u00e9mu slovu a\u00a0materinsk\u00e9mu jazyku. Srdcovkou a\u00a0zdrojom in\u0161pir\u00e1cie s\u00fa pre \u0148u u\u017e od \u00fatleho detstva knihy. Ob\u013eubuje kult\u00farne podujatia, prech\u00e1dzky v pr\u00edrode a\u00a0spolo\u010dnos\u0165 \u013eud\u00ed, s\u00a0ktor\u00fdmi je na rovnakej vlnovej d\u013a\u017eke.\",\"url\":\"https:\/\/www.ikuchyne.sk\/eshop\/author\/adriana-plechova\/\"}]}<\/script>\n<!-- \/ Yoast SEO plugin. -->","yoast_head_json":{"title":"N\u00e1bytok z naplaven\u00e9ho dreva: Ka\u017ed\u00fd k\u00fasok origin\u00e1l! &#187; iKuchyne.sk","description":"Predstavujeme v\u00e1m unik\u00e1tny n\u00e1bytok z naplaven\u00e9ho dreva z \u010disto pr\u00edrodn\u00e9ho materi\u00e1lu, ktor\u00e9 je opracovan\u00e9 z\u00e1sadne ru\u010dne. In\u0161pirujte sa!","robots":{"index":"index","follow":"follow","max-snippet":"max-snippet:-1","max-image-preview":"max-image-preview:large","max-video-preview":"max-video-preview:-1"},"canonical":"https:\/\/www.ikuchyne.sk\/eshop\/nabytok-z-naplaveneho-dreva-kazdy-kusok-original\/","og_locale":"sk_SK","og_type":"article","og_title":"N\u00e1bytok z naplaven\u00e9ho dreva: Ka\u017ed\u00fd k\u00fasok origin\u00e1l! &#187; iKuchyne.sk","og_description":"Predstavujeme v\u00e1m unik\u00e1tny n\u00e1bytok z naplaven\u00e9ho dreva z \u010disto pr\u00edrodn\u00e9ho materi\u00e1lu, ktor\u00e9 je opracovan\u00e9 z\u00e1sadne ru\u010dne. In\u0161pirujte sa!","og_url":"https:\/\/www.ikuchyne.sk\/eshop\/nabytok-z-naplaveneho-dreva-kazdy-kusok-original\/","og_site_name":"iKuchyne iSHOP s n\u00e1bytkom","article_publisher":"https:\/\/www.facebook.com\/ikuchyne\/","article_published_time":"2019-11-24T13:07:31+00:00","article_modified_time":"2020-10-21T21:49:01+00:00","og_image":[{"width":1000,"height":667,"url":"https:\/\/www.ikuchyne.sk\/eshop\/wp-content\/uploads\/2019\/11\/n\u00e1bytok-z-naplaven\u00e9ho-dreva.jpg","type":"image\/jpeg"}],"author":"Adri\u00e1na Plechov\u00e1","twitter_card":"summary_large_image","twitter_misc":{"Autor":"Adri\u00e1na Plechov\u00e1","Predpokladan\u00fd \u010das \u010d\u00edtania":"6 min\u00fat"},"schema":{"@context":"https:\/\/schema.org","@graph":[{"@type":"Article","@id":"https:\/\/www.ikuchyne.sk\/eshop\/nabytok-z-naplaveneho-dreva-kazdy-kusok-original\/#article","isPartOf":{"@id":"https:\/\/www.ikuchyne.sk\/eshop\/nabytok-z-naplaveneho-dreva-kazdy-kusok-original\/"},"author":{"name":"Adri\u00e1na Plechov\u00e1","@id":"https:\/\/www.ikuchyne.sk\/eshop\/#\/schema\/person\/0111a626c8b4290c5241f99c6d04f463"},"headline":"N\u00e1bytok z naplaven\u00e9ho dreva: Ka\u017ed\u00fd k\u00fasok origin\u00e1l!","datePublished":"2019-11-24T13:07:31+00:00","dateModified":"2020-10-21T21:49:01+00:00","mainEntityOfPage":{"@id":"https:\/\/www.ikuchyne.sk\/eshop\/nabytok-z-naplaveneho-dreva-kazdy-kusok-original\/"},"wordCount":1203,"publisher":{"@id":"https:\/\/www.ikuchyne.sk\/eshop\/#organization"},"articleSection":["N\u00c1BYTOK"],"inLanguage":"sk-SK"},{"@type":"WebPage","@id":"https:\/\/www.ikuchyne.sk\/eshop\/nabytok-z-naplaveneho-dreva-kazdy-kusok-original\/","url":"https:\/\/www.ikuchyne.sk\/eshop\/nabytok-z-naplaveneho-dreva-kazdy-kusok-original\/","name":"N\u00e1bytok z naplaven\u00e9ho dreva: Ka\u017ed\u00fd k\u00fasok origin\u00e1l! &#187; iKuchyne.sk","isPartOf":{"@id":"https:\/\/www.ikuchyne.sk\/eshop\/#website"},"datePublished":"2019-11-24T13:07:31+00:00","dateModified":"2020-10-21T21:49:01+00:00","description":"Predstavujeme v\u00e1m unik\u00e1tny n\u00e1bytok z naplaven\u00e9ho dreva z \u010disto pr\u00edrodn\u00e9ho materi\u00e1lu, ktor\u00e9 je opracovan\u00e9 z\u00e1sadne ru\u010dne. In\u0161pirujte sa!","breadcrumb":{"@id":"https:\/\/www.ikuchyne.sk\/eshop\/nabytok-z-naplaveneho-dreva-kazdy-kusok-original\/#breadcrumb"},"inLanguage":"sk-SK","potentialAction":[{"@type":"ReadAction","target":["https:\/\/www.ikuchyne.sk\/eshop\/nabytok-z-naplaveneho-dreva-kazdy-kusok-original\/"]}]},{"@type":"BreadcrumbList","@id":"https:\/\/www.ikuchyne.sk\/eshop\/nabytok-z-naplaveneho-dreva-kazdy-kusok-original\/#breadcrumb","itemListElement":[{"@type":"ListItem","position":1,"name":"Home","item":"https:\/\/www.ikuchyne.sk\/eshop\/"},{"@type":"ListItem","position":2,"name":"N\u00e1bytok z naplaven\u00e9ho dreva: Ka\u017ed\u00fd k\u00fasok origin\u00e1l!"}]},{"@type":"WebSite","@id":"https:\/\/www.ikuchyne.sk\/eshop\/#website","url":"https:\/\/www.ikuchyne.sk\/eshop\/","name":"iKuchyne iSHOP s n\u00e1bytkom","description":"Jed\u00e1lensk\u00e9 stoly, stoli\u010dky, n\u00e1bytok, svietidl\u00e1...","publisher":{"@id":"https:\/\/www.ikuchyne.sk\/eshop\/#organization"},"potentialAction":[{"@type":"SearchAction","target":{"@type":"EntryPoint","urlTemplate":"https:\/\/www.ikuchyne.sk\/eshop\/?s={search_term_string}"},"query-input":"required name=search_term_string"}],"inLanguage":"sk-SK"},{"@type":"Organization","@id":"https:\/\/www.ikuchyne.sk\/eshop\/#organization","name":"ikuchyne!","url":"https:\/\/www.ikuchyne.sk\/eshop\/","logo":{"@type":"ImageObject","inLanguage":"sk-SK","@id":"https:\/\/www.ikuchyne.sk\/eshop\/#\/schema\/logo\/image\/","url":"https:\/\/www.ikuchyne.sk\/eshop\/wp-content\/uploads\/2017\/04\/ikuchyne-logo.jpg","contentUrl":"https:\/\/www.ikuchyne.sk\/eshop\/wp-content\/uploads\/2017\/04\/ikuchyne-logo.jpg","width":200,"height":48,"caption":"ikuchyne!"},"image":{"@id":"https:\/\/www.ikuchyne.sk\/eshop\/#\/schema\/logo\/image\/"},"sameAs":["https:\/\/www.facebook.com\/ikuchyne\/","https:\/\/www.instagram.com\/ikuchyne.sk\/","https:\/\/sk.pinterest.com\/ikuchynesk\/"]},{"@type":"Person","@id":"https:\/\/www.ikuchyne.sk\/eshop\/#\/schema\/person\/0111a626c8b4290c5241f99c6d04f463","name":"Adri\u00e1na Plechov\u00e1","image":{"@type":"ImageObject","inLanguage":"sk-SK","@id":"https:\/\/www.ikuchyne.sk\/eshop\/#\/schema\/person\/image\/","url":"https:\/\/www.ikuchyne.sk\/eshop\/wp-content\/plugins\/wp-user-avatar\/deprecated\/wp-user-avatar\/images\/wpua-96x96.png","contentUrl":"https:\/\/www.ikuchyne.sk\/eshop\/wp-content\/plugins\/wp-user-avatar\/deprecated\/wp-user-avatar\/images\/wpua-96x96.png","caption":"Adri\u00e1na Plechov\u00e1"},"description":"Adriana pracuje ako online market\u00e9rka, copywriterka a\u00a0redaktorka. Pri p\u00edsan\u00ed a\u00a0editovan\u00ed r\u00f4znych textov dost\u00e1va zelen\u00fa jej kreativita, ako aj\u00a0l\u00e1ska k\u00a0p\u00edsan\u00e9mu slovu a\u00a0materinsk\u00e9mu jazyku. Srdcovkou a\u00a0zdrojom in\u0161pir\u00e1cie s\u00fa pre \u0148u u\u017e od \u00fatleho detstva knihy. Ob\u013eubuje kult\u00farne podujatia, prech\u00e1dzky v pr\u00edrode a\u00a0spolo\u010dnos\u0165 \u013eud\u00ed, s\u00a0ktor\u00fdmi je na rovnakej vlnovej d\u013a\u017eke.","url":"https:\/\/www.ikuchyne.sk\/eshop\/author\/adriana-plechova\/"}]}},"_links":{"self":[{"href":"https:\/\/www.ikuchyne.sk\/eshop\/wp-json\/wp\/v2\/posts\/119420"}],"collection":[{"href":"https:\/\/www.ikuchyne.sk\/eshop\/wp-json\/wp\/v2\/posts"}],"about":[{"href":"https:\/\/www.ikuchyne.sk\/eshop\/wp-json\/wp\/v2\/types\/post"}],"author":[{"embeddable":true,"href":"https:\/\/www.ikuchyne.sk\/eshop\/wp-json\/wp\/v2\/users\/568"}],"replies":[{"embeddable":true,"href":"https:\/\/www.ikuchyne.sk\/eshop\/wp-json\/wp\/v2\/comments?post=119420"}],"version-history":[{"count":9,"href":"https:\/\/www.ikuchyne.sk\/eshop\/wp-json\/wp\/v2\/posts\/119420\/revisions"}],"predecessor-version":[{"id":147491,"href":"https:\/\/www.ikuchyne.sk\/eshop\/wp-json\/wp\/v2\/posts\/119420\/revisions\/147491"}],"wp:featuredmedia":[{"embeddable":true,"href":"https:\/\/www.ikuchyne.sk\/eshop\/wp-json\/wp\/v2\/media\/119423"}],"wp:attachment":[{"href":"https:\/\/www.ikuchyne.sk\/eshop\/wp-json\/wp\/v2\/media?parent=119420"}],"wp:term":[{"taxonomy":"category","embeddable":true,"href":"https:\/\/www.ikuchyne.sk\/eshop\/wp-json\/wp\/v2\/categories?post=119420"},{"taxonomy":"post_tag","embeddable":true,"href":"https:\/\/www.ikuchyne.sk\/eshop\/wp-json\/wp\/v2\/tags?post=119420"}],"curies":[{"name":"wp","href":"https:\/\/api.w.org\/{rel}","templated":true}]}}