{"id":120186,"date":"2019-12-03T13:34:12","date_gmt":"2019-12-03T12:34:12","guid":{"rendered":"https:\/\/ikuchyne.sk\/eshop\/?p=120186"},"modified":"2019-12-04T10:06:12","modified_gmt":"2019-12-04T09:06:12","slug":"ako-vyzera-vianocny-stol-vo-svete","status":"publish","type":"post","link":"https:\/\/www.ikuchyne.sk\/eshop\/ako-vyzera-vianocny-stol-vo-svete\/","title":{"rendered":"Ako vyzer\u00e1 viano\u010dn\u00fd st\u00f4l vo svete?"},"content":{"rendered":"<p>[vc_row][vc_column][vc_column_text]<strong><span style=\"color: #000000;\">Zvyky a trad\u00edcie Vianoc sn\u00e1\u010f ani nepoznaj\u00fa hran\u00edc. Skoro ka\u017ed\u00e1 rodina m\u00e1 svoje \u0161pecifick\u00e9 zvyky, ktor\u00e9 s\u00fa poskladan\u00e9 z r\u00f4znych k\u00fatov Slovenska. Rozm\u00fd\u0161\u013eali ste v\u0161ak niekedy nad t\u00fdm, \u010do maj\u00fa na sviato\u010dnom \u0161tedrove\u010dernom stole \u013eudia v in\u00fdch krajin\u00e1ch sveta? Pripravili sme si pre v\u00e1s r\u00fdchly preh\u013ead, ako vyzer\u00e1 viano\u010dn\u00fd st\u00f4l vo svete &#8211; napr\u00edklad aj v takej Argent\u00edne, \u010di F\u00ednsku.<\/span><\/strong>[\/vc_column_text][vc_single_image image=&#8221;120192&#8243; img_size=&#8221;large&#8221; add_caption=&#8221;yes&#8221; alignment=&#8221;center&#8221; style=&#8221;vc_box_rounded&#8221;][\/vc_column][\/vc_row][vc_row][vc_column][vc_column_text]<\/p>\n<h2><span style=\"color: #000000;\"><b>Taliansko<\/b><\/span><\/h2>\n<p><span style=\"font-weight: 400; color: #000000;\"><strong>Prav\u00fdm Talianom na stole nesmie ch\u00fdba\u0165 klasika v podobe gorgonzolov\u00e9ho rizota a cestov\u00edn s mu\u0161\u013eami.<\/strong> Ich taktie\u017e ve\u013emi ob\u013e\u00faben\u00fdm viano\u010dn\u00fdm jedlom je m\u00e4so so zeleninou pe\u010den\u00e9 na bielom v\u00edne. Tradi\u010dn\u00fa ve\u010deru ukon\u010dia klasicky dezertom a to bu\u010f, k\u00e1vovo-karamelov\u00fdm kr\u00e9mom, kol\u00e1\u010dom z horkej \u010dokol\u00e1dy s rumom alebo sladk\u00fdm pe\u010divom \u201cPanettone\u201d (nie\u010do ako b\u00e1bovka so su\u0161en\u00fdm ovoc\u00edm a \u010dokol\u00e1dov\u00fdmi k\u00faskami), ktor\u00e9 serv\u00edruj\u00fa s kr\u00e9mom mascarpone.<\/span>[\/vc_column_text][\/vc_column][\/vc_row][vc_row][vc_column][vc_single_image image=&#8221;120187&#8243; img_size=&#8221;large&#8221; add_caption=&#8221;yes&#8221; alignment=&#8221;center&#8221; style=&#8221;vc_box_rounded&#8221;][vc_column_text]<\/p>\n<h2><span style=\"color: #000000;\"><b>Austr\u00e1lia<\/b><\/span><\/h2>\n<p><span style=\"color: #000000;\"><span style=\"font-weight: 400;\">Asi tu\u0161\u00edte, \u017ee viano\u010dn\u00e1 atmosf\u00e9ra v Austr\u00e1lii bude \u00faplne in\u00e1 ako v na\u0161ich kon\u010din\u00e1ch. Tu\u0161\u00edte spr\u00e1vne. Stolova\u0165 sa zvykne vonku na z\u00e1hrade, s\u00edce v kruhu najbli\u017e\u0161\u00edch, av\u0161ak po ve\u010deri \u013eudia zvykn\u00fa \u00eds\u0165 na pivo s kamar\u00e1tmi. \u010co v\u0161ak m\u00f4\u017eete n\u00e1js\u0165 u nich stole? <\/span><span style=\"font-weight: 400;\"><strong>Tradi\u010dn\u00fdm jedlom je morka, \u0161unka, brav\u010dovina a slan\u00e9 m\u00e4sov\u00e9 kol\u00e1\u010de.<\/strong> Ako dezert si m\u00f4\u017eete da\u0165 slivkov\u00fd puding a dokonca sa m\u00f4\u017eete stretn\u00fa\u0165 aj so zvykom, kedy si niekto pri stole n\u00e1jde drobnos\u0165, ktor\u00fa ke\u010f n\u00e1jde, mala by mu symbolizova\u0165 \u0161\u0165astie na \u010fal\u0161\u00ed rok.<\/span><\/span>[\/vc_column_text][vc_single_image image=&#8221;120191&#8243; img_size=&#8221;large&#8221; add_caption=&#8221;yes&#8221; alignment=&#8221;center&#8221; style=&#8221;vc_box_rounded&#8221;][vc_column_text]<\/p>\n<h2><span style=\"color: #000000;\"><b>Argent\u00edna<\/b><\/span><\/h2>\n<p><span style=\"font-weight: 400; color: #000000;\">V tejto krajine \u017eije mnoho katol\u00edkov, ktor\u00ed sl\u00e1via advent aj Vianoce. Sviato\u010dn\u00e9 stoly sa tak ako aj u n\u00e1s zdobia zelen\u00fdmi vencami s \u010derven\u00fdmi, zlat\u00fdmi alebo bielymi kvetmi. Hlavn\u00e9 jedlo sa zvykne pod\u00e1va\u0165 ve\u013emi neskoro \u2013 mnohokr\u00e1t a\u017e po 22-tej hodine, ke\u010f je teplota vzduchu u\u017e trochu znesite\u013enej\u0161ia. <strong>Podobne ako v Austr\u00e1lii, aj tu sa rodiny stret\u00e1vaj\u00fa na z\u00e1hrad\u00e1ch pri griloch, kde si pripravuj\u00fa jedl\u00e1 z hydiny, pe\u010den\u00e9 brav\u010dov\u00e9 kolen\u00e1, \u010di koz\u013eacinu.<\/strong> Ako pr\u00edlohu jedia zeleninov\u00e9 \u0161al\u00e1ty, plnen\u00e9 paradajky a ako dezert viano\u010dn\u00fd puding. Po chutnej ve\u010deri vyp\u00fa\u0161\u0165aj\u00fa do vzduchu lampi\u00f3ny.<\/span>[\/vc_column_text][vc_single_image image=&#8221;120190&#8243; img_size=&#8221;large&#8221; add_caption=&#8221;yes&#8221; alignment=&#8221;center&#8221; style=&#8221;vc_box_rounded&#8221;][vc_column_text]<\/p>\n<h2><span style=\"color: #000000;\"><b>Ukrajina<\/b><\/span><\/h2>\n<p><span style=\"color: #000000;\"><span style=\"font-weight: 400;\"><strong>Na\u0161i v\u00fdchodn\u00ed susedia po\u010das cel\u00e9ho \u0160tedr\u00e9ho d\u0148a pripravuj\u00fa 12 p\u00f4stnych jed\u00e1l.<\/strong> Pre\u010do pr\u00e1ve 12? Preto\u017ee to pripodob\u0148uj\u00fa k po\u010dtu apo\u0161tolov, ktor\u00fdch mal okolo seba Je\u017ei\u0161 Kristus. <strong>Medzi ich tradi\u010dn\u00e9 pokrmy, <\/strong>ktor\u00e9 nesm\u00fa ch\u00fdba\u0165 na stole,<strong> patr\u00ed fazu\u013ea, vareniky (pirohy s kapustou), ryba, kysnut\u00e9 buchty, komp\u00f3t zo su\u0161en\u00fdch hru\u0161iek, jab\u013ak a \u0161\u00edpok \u010di tzv. m\u00e4sov\u00e9 hol\u00fabky (kapustn\u00e9 listy plnen\u00e9 m\u00e4sovou zmesou).<\/strong> Stolova\u0165 sa pod\u013ea trad\u00edcie m\u00f4\u017ee za\u010da\u0165 <\/span><span style=\"font-weight: 400;\">\u201ca\u017e ke\u010f vyjde na nebi prv\u00e1 hviezda\u201d<\/span><span style=\"font-weight: 400;\">. Pozor treba d\u00e1va\u0165 na to, aby bol na stole v\u017edy snop z ovsa, \u017eita alebo p\u0161enice, \u010do zna\u010d\u00ed bohat\u00fa \u00farodu. Na pr\u00edpitok sa m\u00f4\u017ee pod\u00e1va\u0165 jedine v\u00edno.<\/span><\/span>[\/vc_column_text][vc_single_image image=&#8221;120188&#8243; img_size=&#8221;large&#8221; add_caption=&#8221;yes&#8221; alignment=&#8221;center&#8221; style=&#8221;vc_box_rounded&#8221;][vc_column_text]<\/p>\n<h2><span style=\"color: #000000;\"><b>F\u00ednsko<\/b><\/span><\/h2>\n<p><span style=\"color: #000000;\"><span style=\"font-weight: 400;\">Ako za\u010d\u00ednaj\u00fa viano\u010dn\u00e9 stolovanie F\u00edni? No predsa t\u00fdm, \u017ee id\u00fa do F\u00ednskej sauny! E\u0161te predt\u00fdm si v\u0161ak id\u00fa ucti\u0165 pamiatku zosnul\u00fdch na cintor\u00edn, kde im zap\u00e1lia svie\u010dku. <strong>Hlavn\u00e9 jedlo je zvy\u010dajne ve\u013ek\u00e1 viano\u010dn\u00e1 \u0161unka, ktor\u00e1 sa konzumuje s hor\u010dicou a chlebom. S\u00fa\u010das\u0165ou stola je aj ryba, pe\u010dienka s hrozienkami, zemiaky, ry\u017ea a mrkva.<\/strong> Tradi\u010dn\u00e9 poch\u00fa\u0165ky zap\u00edjaj\u00fa varen\u00fdm v\u00ednom (gl\u00f6gi po f\u00ednsky). Ako dezert sa pod\u00e1va<\/span><span style=\"font-weight: 400;\"> ry\u017eov\u00e1 ka\u0161a so slivkov\u00fdm d\u017eemom a r\u00f4zne druhy \u010dokol\u00e1dy. F\u00edni nezvykn\u00fa piec\u0165 viano\u010dn\u00e9 kol\u00e1\u010de, v\u00fdnimkou je joulut\u00e4hti (viano\u010dn\u00e1 hviezda z l\u00edstkov\u00e9ho cesta a s d\u017eemom v strede).<\/span><\/span>[\/vc_column_text][vc_single_image image=&#8221;120189&#8243; img_size=&#8221;large&#8221; add_caption=&#8221;yes&#8221; alignment=&#8221;center&#8221; style=&#8221;vc_box_rounded&#8221;][vc_column_text]<span style=\"font-weight: 400; color: #000000;\">Tak \u010do? in\u0161pirujete sa t\u00fdm, ako vyzer\u00e1 viano\u010dn\u00fd st\u00f4l vo svete? <\/span><\/p>\n<p><span style=\"font-weight: 400; color: #000000;\">Koniec koncov, nez\u00e1le\u017e\u00ed v\u0161ak na tom, kto m\u00e1 ak\u00e9 jedlo na stole, ani na tom, ak\u00fa m\u00e1 v\u00fdzdobu. <strong>Najd\u00f4le\u017eitej\u0161\u00ed je ten \u010das, ktor\u00fd str\u00e1vite s va\u0161imi najbli\u017e\u0161\u00edmi.<\/strong> \u010cas, kedy sa kone\u010dne stretnete v\u0161etci spolu pri dobrom jedle, ktor\u00e9 odr\u00e1\u017ea pr\u00e1ve tie va\u0161e \u0161pecifick\u00e9 rodinn\u00e9 zvyky a trad\u00edcie.<br \/>\n<\/span>[\/vc_column_text][\/vc_column][\/vc_row][vc_row][vc_column][vc_message message_box_color=&#8221;pink&#8221; icon_fontawesome=&#8221;fa fa-tree&#8221;]<span style=\"font-weight: 400; color: #000000;\"><strong>Rozm\u00fd\u0161\u013eate nad t\u00fdm, \u017ee by ste si tento rok na Vianoce zadov\u00e1\u017eili <span style=\"color: #e3245e;\"><a style=\"color: #e3245e;\" href=\"https:\/\/ikuchyne.sk\/eshop\/jedalenske-stoly\/\">nov\u00fd jed\u00e1lensk\u00fd st\u00f4l<\/a><\/span>?<\/strong> E\u0161te st\u00e1le st\u00edhame objedn\u00e1vky doru\u010di\u0165 do Vianoc, a preto, ak e\u0161te st\u00e1le nie ste rozhodn\u00fat\u00ed, mali by ste sa popon\u00e1h\u013ea\u0165 \ud83d\ude42\u00a0<\/span>[\/vc_message][\/vc_column][\/vc_row]<\/p>\n","protected":false},"excerpt":{"rendered":"<p>[vc_row][vc_column][vc_column_text]Zvyky a trad\u00edcie Vianoc sn\u00e1\u010f ani nepoznaj\u00fa hran\u00edc. Skoro ka\u017ed\u00e1 rodina m\u00e1 svoje \u0161pecifick\u00e9 zvyky, ktor\u00e9 s\u00fa poskladan\u00e9 z r\u00f4znych k\u00fatov Slovenska. Rozm\u00fd\u0161\u013eali ste v\u0161ak niekedy nad t\u00fdm, \u010do maj\u00fa<\/p>\n","protected":false},"author":456,"featured_media":120192,"comment_status":"closed","ping_status":"open","sticky":false,"template":"","format":"standard","meta":{"footnotes":""},"categories":[1],"tags":[],"yoast_head":"<!-- This site is optimized with the Yoast SEO plugin v22.1 - https:\/\/yoast.com\/wordpress\/plugins\/seo\/ -->\n<title>Ako vyzer\u00e1 viano\u010dn\u00fd st\u00f4l vo svete? &#187; iKuchyne iSHOP s n\u00e1bytkom<\/title>\n<meta name=\"description\" content=\"Ako vyzer\u00e1 viano\u010dn\u00fd st\u00f4l vo svete? Po\u010fte s nami nahliadnu\u0165 aj napr\u00edklad do vzdialenej Argent\u00edny, kde Vianoce sl\u00e1via vonku!\" \/>\n<meta name=\"robots\" content=\"index, follow, max-snippet:-1, max-image-preview:large, max-video-preview:-1\" \/>\n<link rel=\"canonical\" href=\"https:\/\/www.ikuchyne.sk\/eshop\/ako-vyzera-vianocny-stol-vo-svete\/\" \/>\n<meta property=\"og:locale\" content=\"sk_SK\" \/>\n<meta property=\"og:type\" content=\"article\" \/>\n<meta property=\"og:title\" content=\"Ako vyzer\u00e1 viano\u010dn\u00fd st\u00f4l vo svete? &#187; iKuchyne iSHOP s n\u00e1bytkom\" \/>\n<meta property=\"og:description\" content=\"Ako vyzer\u00e1 viano\u010dn\u00fd st\u00f4l vo svete? Po\u010fte s nami nahliadnu\u0165 aj napr\u00edklad do vzdialenej Argent\u00edny, kde Vianoce sl\u00e1via vonku!\" \/>\n<meta property=\"og:url\" content=\"https:\/\/www.ikuchyne.sk\/eshop\/ako-vyzera-vianocny-stol-vo-svete\/\" \/>\n<meta property=\"og:site_name\" content=\"iKuchyne iSHOP s n\u00e1bytkom\" \/>\n<meta property=\"article:publisher\" content=\"https:\/\/www.facebook.com\/ikuchyne\/\" \/>\n<meta property=\"article:published_time\" content=\"2019-12-03T12:34:12+00:00\" \/>\n<meta property=\"article:modified_time\" content=\"2019-12-04T09:06:12+00:00\" \/>\n<meta property=\"og:image\" content=\"https:\/\/www.ikuchyne.sk\/eshop\/wp-content\/uploads\/2019\/12\/vianocny-stromcek.jpg\" \/>\n\t<meta property=\"og:image:width\" content=\"570\" \/>\n\t<meta property=\"og:image:height\" content=\"820\" \/>\n\t<meta property=\"og:image:type\" content=\"image\/jpeg\" \/>\n<meta name=\"author\" content=\"Dominika Hozl\u00e1rov\u00e1\" \/>\n<meta name=\"twitter:card\" content=\"summary_large_image\" \/>\n<meta name=\"twitter:label1\" content=\"Autor\" \/>\n\t<meta name=\"twitter:data1\" content=\"Dominika Hozl\u00e1rov\u00e1\" \/>\n\t<meta name=\"twitter:label2\" content=\"Predpokladan\u00fd \u010das \u010d\u00edtania\" \/>\n\t<meta name=\"twitter:data2\" content=\"5 min\u00fat\" \/>\n<script type=\"application\/ld+json\" class=\"yoast-schema-graph\">{\"@context\":\"https:\/\/schema.org\",\"@graph\":[{\"@type\":\"Article\",\"@id\":\"https:\/\/www.ikuchyne.sk\/eshop\/ako-vyzera-vianocny-stol-vo-svete\/#article\",\"isPartOf\":{\"@id\":\"https:\/\/www.ikuchyne.sk\/eshop\/ako-vyzera-vianocny-stol-vo-svete\/\"},\"author\":{\"name\":\"Dominika Hozl\u00e1rov\u00e1\",\"@id\":\"https:\/\/www.ikuchyne.sk\/eshop\/#\/schema\/person\/3dd55775496710f6438fe9cb4029a9dd\"},\"headline\":\"Ako vyzer\u00e1 viano\u010dn\u00fd st\u00f4l vo svete?\",\"datePublished\":\"2019-12-03T12:34:12+00:00\",\"dateModified\":\"2019-12-04T09:06:12+00:00\",\"mainEntityOfPage\":{\"@id\":\"https:\/\/www.ikuchyne.sk\/eshop\/ako-vyzera-vianocny-stol-vo-svete\/\"},\"wordCount\":1000,\"publisher\":{\"@id\":\"https:\/\/www.ikuchyne.sk\/eshop\/#organization\"},\"inLanguage\":\"sk-SK\"},{\"@type\":\"WebPage\",\"@id\":\"https:\/\/www.ikuchyne.sk\/eshop\/ako-vyzera-vianocny-stol-vo-svete\/\",\"url\":\"https:\/\/www.ikuchyne.sk\/eshop\/ako-vyzera-vianocny-stol-vo-svete\/\",\"name\":\"Ako vyzer\u00e1 viano\u010dn\u00fd st\u00f4l vo svete? &#187; iKuchyne iSHOP s n\u00e1bytkom\",\"isPartOf\":{\"@id\":\"https:\/\/www.ikuchyne.sk\/eshop\/#website\"},\"datePublished\":\"2019-12-03T12:34:12+00:00\",\"dateModified\":\"2019-12-04T09:06:12+00:00\",\"description\":\"Ako vyzer\u00e1 viano\u010dn\u00fd st\u00f4l vo svete? Po\u010fte s nami nahliadnu\u0165 aj napr\u00edklad do vzdialenej Argent\u00edny, kde Vianoce sl\u00e1via vonku!\",\"breadcrumb\":{\"@id\":\"https:\/\/www.ikuchyne.sk\/eshop\/ako-vyzera-vianocny-stol-vo-svete\/#breadcrumb\"},\"inLanguage\":\"sk-SK\",\"potentialAction\":[{\"@type\":\"ReadAction\",\"target\":[\"https:\/\/www.ikuchyne.sk\/eshop\/ako-vyzera-vianocny-stol-vo-svete\/\"]}]},{\"@type\":\"BreadcrumbList\",\"@id\":\"https:\/\/www.ikuchyne.sk\/eshop\/ako-vyzera-vianocny-stol-vo-svete\/#breadcrumb\",\"itemListElement\":[{\"@type\":\"ListItem\",\"position\":1,\"name\":\"Home\",\"item\":\"https:\/\/www.ikuchyne.sk\/eshop\/\"},{\"@type\":\"ListItem\",\"position\":2,\"name\":\"Ako vyzer\u00e1 viano\u010dn\u00fd st\u00f4l vo svete?\"}]},{\"@type\":\"WebSite\",\"@id\":\"https:\/\/www.ikuchyne.sk\/eshop\/#website\",\"url\":\"https:\/\/www.ikuchyne.sk\/eshop\/\",\"name\":\"iKuchyne iSHOP s n\u00e1bytkom\",\"description\":\"Jed\u00e1lensk\u00e9 stoly, stoli\u010dky, n\u00e1bytok, svietidl\u00e1...\",\"publisher\":{\"@id\":\"https:\/\/www.ikuchyne.sk\/eshop\/#organization\"},\"potentialAction\":[{\"@type\":\"SearchAction\",\"target\":{\"@type\":\"EntryPoint\",\"urlTemplate\":\"https:\/\/www.ikuchyne.sk\/eshop\/?s={search_term_string}\"},\"query-input\":\"required name=search_term_string\"}],\"inLanguage\":\"sk-SK\"},{\"@type\":\"Organization\",\"@id\":\"https:\/\/www.ikuchyne.sk\/eshop\/#organization\",\"name\":\"ikuchyne!\",\"url\":\"https:\/\/www.ikuchyne.sk\/eshop\/\",\"logo\":{\"@type\":\"ImageObject\",\"inLanguage\":\"sk-SK\",\"@id\":\"https:\/\/www.ikuchyne.sk\/eshop\/#\/schema\/logo\/image\/\",\"url\":\"https:\/\/www.ikuchyne.sk\/eshop\/wp-content\/uploads\/2017\/04\/ikuchyne-logo.jpg\",\"contentUrl\":\"https:\/\/www.ikuchyne.sk\/eshop\/wp-content\/uploads\/2017\/04\/ikuchyne-logo.jpg\",\"width\":200,\"height\":48,\"caption\":\"ikuchyne!\"},\"image\":{\"@id\":\"https:\/\/www.ikuchyne.sk\/eshop\/#\/schema\/logo\/image\/\"},\"sameAs\":[\"https:\/\/www.facebook.com\/ikuchyne\/\",\"https:\/\/www.instagram.com\/ikuchyne.sk\/\",\"https:\/\/sk.pinterest.com\/ikuchynesk\/\"]},{\"@type\":\"Person\",\"@id\":\"https:\/\/www.ikuchyne.sk\/eshop\/#\/schema\/person\/3dd55775496710f6438fe9cb4029a9dd\",\"name\":\"Dominika Hozl\u00e1rov\u00e1\",\"image\":{\"@type\":\"ImageObject\",\"inLanguage\":\"sk-SK\",\"@id\":\"https:\/\/www.ikuchyne.sk\/eshop\/#\/schema\/person\/image\/\",\"url\":\"https:\/\/www.ikuchyne.sk\/eshop\/wp-content\/plugins\/wp-user-avatar\/deprecated\/wp-user-avatar\/images\/wpua-96x96.png\",\"contentUrl\":\"https:\/\/www.ikuchyne.sk\/eshop\/wp-content\/plugins\/wp-user-avatar\/deprecated\/wp-user-avatar\/images\/wpua-96x96.png\",\"caption\":\"Dominika Hozl\u00e1rov\u00e1\"},\"description\":\"Dominika pracuje v oblasti PR a marketingu a vo svojom vo\u013enom \u010dase sa venuje najm\u00e4 cestovaniu, j\u00f3ge a keramike. N\u00e1v\u0161teva gal\u00e9ri\u00ed po celom svete a p\u00edsanie \u010dl\u00e1nkov o interi\u00e9rovom dizajne ju in\u0161piruje aj pri v\u00fdrobe origin\u00e1lnych bytov\u00fdch dekor\u00e1ci\u00ed z keramiky.\",\"url\":\"https:\/\/www.ikuchyne.sk\/eshop\/author\/technikikuchyne-sk\/\"}]}<\/script>\n<!-- \/ Yoast SEO plugin. -->","yoast_head_json":{"title":"Ako vyzer\u00e1 viano\u010dn\u00fd st\u00f4l vo svete? &#187; iKuchyne iSHOP s n\u00e1bytkom","description":"Ako vyzer\u00e1 viano\u010dn\u00fd st\u00f4l vo svete? Po\u010fte s nami nahliadnu\u0165 aj napr\u00edklad do vzdialenej Argent\u00edny, kde Vianoce sl\u00e1via vonku!","robots":{"index":"index","follow":"follow","max-snippet":"max-snippet:-1","max-image-preview":"max-image-preview:large","max-video-preview":"max-video-preview:-1"},"canonical":"https:\/\/www.ikuchyne.sk\/eshop\/ako-vyzera-vianocny-stol-vo-svete\/","og_locale":"sk_SK","og_type":"article","og_title":"Ako vyzer\u00e1 viano\u010dn\u00fd st\u00f4l vo svete? &#187; iKuchyne iSHOP s n\u00e1bytkom","og_description":"Ako vyzer\u00e1 viano\u010dn\u00fd st\u00f4l vo svete? Po\u010fte s nami nahliadnu\u0165 aj napr\u00edklad do vzdialenej Argent\u00edny, kde Vianoce sl\u00e1via vonku!","og_url":"https:\/\/www.ikuchyne.sk\/eshop\/ako-vyzera-vianocny-stol-vo-svete\/","og_site_name":"iKuchyne iSHOP s n\u00e1bytkom","article_publisher":"https:\/\/www.facebook.com\/ikuchyne\/","article_published_time":"2019-12-03T12:34:12+00:00","article_modified_time":"2019-12-04T09:06:12+00:00","og_image":[{"width":570,"height":820,"url":"https:\/\/www.ikuchyne.sk\/eshop\/wp-content\/uploads\/2019\/12\/vianocny-stromcek.jpg","type":"image\/jpeg"}],"author":"Dominika Hozl\u00e1rov\u00e1","twitter_card":"summary_large_image","twitter_misc":{"Autor":"Dominika Hozl\u00e1rov\u00e1","Predpokladan\u00fd \u010das \u010d\u00edtania":"5 min\u00fat"},"schema":{"@context":"https:\/\/schema.org","@graph":[{"@type":"Article","@id":"https:\/\/www.ikuchyne.sk\/eshop\/ako-vyzera-vianocny-stol-vo-svete\/#article","isPartOf":{"@id":"https:\/\/www.ikuchyne.sk\/eshop\/ako-vyzera-vianocny-stol-vo-svete\/"},"author":{"name":"Dominika Hozl\u00e1rov\u00e1","@id":"https:\/\/www.ikuchyne.sk\/eshop\/#\/schema\/person\/3dd55775496710f6438fe9cb4029a9dd"},"headline":"Ako vyzer\u00e1 viano\u010dn\u00fd st\u00f4l vo svete?","datePublished":"2019-12-03T12:34:12+00:00","dateModified":"2019-12-04T09:06:12+00:00","mainEntityOfPage":{"@id":"https:\/\/www.ikuchyne.sk\/eshop\/ako-vyzera-vianocny-stol-vo-svete\/"},"wordCount":1000,"publisher":{"@id":"https:\/\/www.ikuchyne.sk\/eshop\/#organization"},"inLanguage":"sk-SK"},{"@type":"WebPage","@id":"https:\/\/www.ikuchyne.sk\/eshop\/ako-vyzera-vianocny-stol-vo-svete\/","url":"https:\/\/www.ikuchyne.sk\/eshop\/ako-vyzera-vianocny-stol-vo-svete\/","name":"Ako vyzer\u00e1 viano\u010dn\u00fd st\u00f4l vo svete? &#187; iKuchyne iSHOP s n\u00e1bytkom","isPartOf":{"@id":"https:\/\/www.ikuchyne.sk\/eshop\/#website"},"datePublished":"2019-12-03T12:34:12+00:00","dateModified":"2019-12-04T09:06:12+00:00","description":"Ako vyzer\u00e1 viano\u010dn\u00fd st\u00f4l vo svete? Po\u010fte s nami nahliadnu\u0165 aj napr\u00edklad do vzdialenej Argent\u00edny, kde Vianoce sl\u00e1via vonku!","breadcrumb":{"@id":"https:\/\/www.ikuchyne.sk\/eshop\/ako-vyzera-vianocny-stol-vo-svete\/#breadcrumb"},"inLanguage":"sk-SK","potentialAction":[{"@type":"ReadAction","target":["https:\/\/www.ikuchyne.sk\/eshop\/ako-vyzera-vianocny-stol-vo-svete\/"]}]},{"@type":"BreadcrumbList","@id":"https:\/\/www.ikuchyne.sk\/eshop\/ako-vyzera-vianocny-stol-vo-svete\/#breadcrumb","itemListElement":[{"@type":"ListItem","position":1,"name":"Home","item":"https:\/\/www.ikuchyne.sk\/eshop\/"},{"@type":"ListItem","position":2,"name":"Ako vyzer\u00e1 viano\u010dn\u00fd st\u00f4l vo svete?"}]},{"@type":"WebSite","@id":"https:\/\/www.ikuchyne.sk\/eshop\/#website","url":"https:\/\/www.ikuchyne.sk\/eshop\/","name":"iKuchyne iSHOP s n\u00e1bytkom","description":"Jed\u00e1lensk\u00e9 stoly, stoli\u010dky, n\u00e1bytok, svietidl\u00e1...","publisher":{"@id":"https:\/\/www.ikuchyne.sk\/eshop\/#organization"},"potentialAction":[{"@type":"SearchAction","target":{"@type":"EntryPoint","urlTemplate":"https:\/\/www.ikuchyne.sk\/eshop\/?s={search_term_string}"},"query-input":"required name=search_term_string"}],"inLanguage":"sk-SK"},{"@type":"Organization","@id":"https:\/\/www.ikuchyne.sk\/eshop\/#organization","name":"ikuchyne!","url":"https:\/\/www.ikuchyne.sk\/eshop\/","logo":{"@type":"ImageObject","inLanguage":"sk-SK","@id":"https:\/\/www.ikuchyne.sk\/eshop\/#\/schema\/logo\/image\/","url":"https:\/\/www.ikuchyne.sk\/eshop\/wp-content\/uploads\/2017\/04\/ikuchyne-logo.jpg","contentUrl":"https:\/\/www.ikuchyne.sk\/eshop\/wp-content\/uploads\/2017\/04\/ikuchyne-logo.jpg","width":200,"height":48,"caption":"ikuchyne!"},"image":{"@id":"https:\/\/www.ikuchyne.sk\/eshop\/#\/schema\/logo\/image\/"},"sameAs":["https:\/\/www.facebook.com\/ikuchyne\/","https:\/\/www.instagram.com\/ikuchyne.sk\/","https:\/\/sk.pinterest.com\/ikuchynesk\/"]},{"@type":"Person","@id":"https:\/\/www.ikuchyne.sk\/eshop\/#\/schema\/person\/3dd55775496710f6438fe9cb4029a9dd","name":"Dominika Hozl\u00e1rov\u00e1","image":{"@type":"ImageObject","inLanguage":"sk-SK","@id":"https:\/\/www.ikuchyne.sk\/eshop\/#\/schema\/person\/image\/","url":"https:\/\/www.ikuchyne.sk\/eshop\/wp-content\/plugins\/wp-user-avatar\/deprecated\/wp-user-avatar\/images\/wpua-96x96.png","contentUrl":"https:\/\/www.ikuchyne.sk\/eshop\/wp-content\/plugins\/wp-user-avatar\/deprecated\/wp-user-avatar\/images\/wpua-96x96.png","caption":"Dominika Hozl\u00e1rov\u00e1"},"description":"Dominika pracuje v oblasti PR a marketingu a vo svojom vo\u013enom \u010dase sa venuje najm\u00e4 cestovaniu, j\u00f3ge a keramike. N\u00e1v\u0161teva gal\u00e9ri\u00ed po celom svete a p\u00edsanie \u010dl\u00e1nkov o interi\u00e9rovom dizajne ju in\u0161piruje aj pri v\u00fdrobe origin\u00e1lnych bytov\u00fdch dekor\u00e1ci\u00ed z keramiky.","url":"https:\/\/www.ikuchyne.sk\/eshop\/author\/technikikuchyne-sk\/"}]}},"_links":{"self":[{"href":"https:\/\/www.ikuchyne.sk\/eshop\/wp-json\/wp\/v2\/posts\/120186"}],"collection":[{"href":"https:\/\/www.ikuchyne.sk\/eshop\/wp-json\/wp\/v2\/posts"}],"about":[{"href":"https:\/\/www.ikuchyne.sk\/eshop\/wp-json\/wp\/v2\/types\/post"}],"author":[{"embeddable":true,"href":"https:\/\/www.ikuchyne.sk\/eshop\/wp-json\/wp\/v2\/users\/456"}],"replies":[{"embeddable":true,"href":"https:\/\/www.ikuchyne.sk\/eshop\/wp-json\/wp\/v2\/comments?post=120186"}],"version-history":[{"count":6,"href":"https:\/\/www.ikuchyne.sk\/eshop\/wp-json\/wp\/v2\/posts\/120186\/revisions"}],"predecessor-version":[{"id":120198,"href":"https:\/\/www.ikuchyne.sk\/eshop\/wp-json\/wp\/v2\/posts\/120186\/revisions\/120198"}],"wp:featuredmedia":[{"embeddable":true,"href":"https:\/\/www.ikuchyne.sk\/eshop\/wp-json\/wp\/v2\/media\/120192"}],"wp:attachment":[{"href":"https:\/\/www.ikuchyne.sk\/eshop\/wp-json\/wp\/v2\/media?parent=120186"}],"wp:term":[{"taxonomy":"category","embeddable":true,"href":"https:\/\/www.ikuchyne.sk\/eshop\/wp-json\/wp\/v2\/categories?post=120186"},{"taxonomy":"post_tag","embeddable":true,"href":"https:\/\/www.ikuchyne.sk\/eshop\/wp-json\/wp\/v2\/tags?post=120186"}],"curies":[{"name":"wp","href":"https:\/\/api.w.org\/{rel}","templated":true}]}}