{"id":120291,"date":"2019-12-06T13:56:23","date_gmt":"2019-12-06T12:56:23","guid":{"rendered":"https:\/\/ikuchyne.sk\/eshop\/?p=120291"},"modified":"2020-10-21T04:19:37","modified_gmt":"2020-10-21T02:19:37","slug":"6-rad-ako-opticky-zvacsit-maly-priestor","status":"publish","type":"post","link":"https:\/\/www.ikuchyne.sk\/eshop\/6-rad-ako-opticky-zvacsit-maly-priestor\/","title":{"rendered":"6 r\u00e1d ako opticky zv\u00e4\u010d\u0161i\u0165 mal\u00fd priestor"},"content":{"rendered":"<p>[vc_row][vc_column][vc_column_text]<strong><span style=\"color: #000000;\">Pokia\u013e aj vy \u017eijete v malom priestore, viete, \u017ee ka\u017ed\u00fd k\u00fasok vo\u013en\u00e9ho miesta m\u00e1 ve\u013ek\u00fa hodnotu. M\u00e1te aj vy pocit, \u017ee ste doma priam stiesnen\u00fd? Tento \u010dl\u00e1nok je potom ur\u010den\u00fd pr\u00e1ve pre v\u00e1s. Mal\u00e9 izby m\u00f4\u017eu ob\u010das p\u00f4sobi\u0165 a\u017e nekomfortne, preto\u017ee \u013eudia maj\u00fa tendenciu zmesti\u0165 do nich v\u0161etko. Niektor\u00e9 dizajnov\u00e9 koncepty zaria\u010fovania interi\u00e9rov dok\u00e1\u017eu opticky zv\u00e4\u010d\u0161i\u0165 miesta a t\u00fdm dodaj\u00fa malej izbe ove\u013ea viac priestoru, ako v \u0148om skuto\u010dne je.\u00a0 S\u00fa to takzvan\u00e9 o\u010dn\u00e9 klamy vykonan\u00e9 pomocou r\u00f4znych farebn\u00fdch techn\u00edk, inteligentn\u00e9ho osvetlenia \u010di nev\u0161edn\u00fdch druhov n\u00e1bytku.<\/span> <\/strong>[\/vc_column_text][vc_single_image image=&#8221;120292&#8243; img_size=&#8221;large&#8221; add_caption=&#8221;yes&#8221; alignment=&#8221;center&#8221; style=&#8221;vc_box_rounded&#8221;][\/vc_column][\/vc_row][vc_row][vc_column][vc_column_text]<\/p>\n<h2><span style=\"color: #e3245e;\"><b>1. Pou\u017e\u00edvajte svetl\u00e9 farby a ich kontrasty<\/b><\/span><\/h2>\n<p><span style=\"font-weight: 400; color: #000000;\">Je v\u0161eobecne zn\u00e1me, \u017ee svetl\u00e9 farby dok\u00e1\u017eu va\u0161u izbu nielen opticky zv\u00e4\u010d\u0161i\u0165, ale aj roz\u017eiari\u0165. Tak\u00e9to farby p\u00f4sobia ove\u013ea vzdu\u0161nej\u0161ie a v\u00e1\u0161 priestor bude vyzera\u0165 ove\u013ea viac otvorenej\u0161ie. Na v\u00fdber je mnoho svetl\u00fdch farieb, netreba sa dr\u017ea\u0165 len odtie\u0148ov bielej, b\u00e9\u017eovej \u010di sivej. <strong>V\u0161etky svetl\u00e9 farby zachyt\u00e1vaj\u00fa ove\u013ea viac prirodzen\u00e9ho svetla z\u00a0vonkaj\u0161\u00edch zdrojov.<\/strong> Je ve\u013emi pravdepodobn\u00e9, \u017ee pou\u017e\u00edvanie l\u00e1mp tak obmedz\u00edte na minimum.\u00a0\u00a0<\/span>[\/vc_column_text][vc_message icon_fontawesome=&#8221;fa fa-lightbulb-o&#8221;]<strong>Rada odborn\u00edka:\u00a0<\/strong><\/p>\n<p><span style=\"font-weight: 400;\">Tmav\u00fdm farb\u00e1m sa odpor\u00fa\u010dame vyh\u00fdba\u0165, preto\u017ee absorbuj\u00fa ve\u013ek\u00e9 mno\u017estvo prirodzen\u00e9ho svetla a t\u00fdm automaticky zmen\u0161uj\u00fa priestor. Ak chcete dosiahnu\u0165 \u010do najvy\u0161\u0161\u00ed efekt, vo\u013ete m\u00e4kk\u00e9 odtiene \u0161edobielej, modrej, alebo zelenej. Tieto farby efekt\u00edvne opticky zv\u00e4\u010d\u0161ia v\u00e1\u0161 priestor &#8211; treba len n\u00e1js\u0165 t\u00fa spr\u00e1vnu, s ktorou sa stoto\u017en\u00edte.\u00a0<\/span>[\/vc_message][vc_single_image image=&#8221;120301&#8243; img_size=&#8221;large&#8221; add_caption=&#8221;yes&#8221; alignment=&#8221;center&#8221; style=&#8221;vc_box_rounded&#8221; onclick=&#8221;custom_link&#8221; link=&#8221;https:\/\/ikuchyne.sk\/eshop\/produkt\/postel-alice-svetlozelena\/&#8221;][vc_column_text]<\/p>\n<h2><span style=\"color: #e3245e;\"><b>2. Dobre umiestnen\u00e9 zrkadl\u00e1 m\u00f4\u017eu robi\u0165 z\u00e1zraky\u00a0<\/b><\/span><\/h2>\n<p><span style=\"font-weight: 400; color: #000000;\">Zrkadl\u00e1 s\u00fa k\u013e\u00fa\u010dov\u00fdm elementom, pokia\u013e chceme opticky zv\u00e4\u010d\u0161i\u0165 priestor bytu, \u010di domu. Vyu\u017eitie ohniskov\u00fdch bodov a spr\u00e1vnych uhlov v\u00e1m zabezpe\u010d\u00ed najv\u00e4\u010d\u0161\u00ed dojem optickej il\u00fazie.\u00a0 Zrkadl\u00e1 odr\u00e1\u017eaj\u00fa aj prirodzen\u00e9, aj umel\u00e9 svetlo. Tak\u017ee va\u0161a izba bude ove\u013ea jasnej\u0161ia vo dne i v noci. <strong><span style=\"color: #e3245e;\"><a style=\"color: #e3245e;\" href=\"https:\/\/ikuchyne.sk\/eshop\/zrkadla\/\">Zrkadl\u00e1<\/a> <\/span>na sten\u00e1ch, ale aj sklenen\u00e9 stolov\u00e9 dosky dodaj\u00fa mal\u00e9mu priestoru v\u00e4\u010d\u0161\u00ed, otvorenej\u0161\u00ed dojem.\u00a0<\/strong><\/span>[\/vc_column_text][vc_message icon_fontawesome=&#8221;fa fa-lightbulb-o&#8221;]<strong>Rada odborn\u00edka:<\/strong><\/p>\n<p><span style=\"font-weight: 400;\">Zrkadlo umiest\u0148ujte v bl\u00edzkosti okna, alebo oproti. Bude tak odr\u00e1\u017ea\u0165 viac svetla a vonkaj\u0161ie prostredie. Jedn\u00fdm z v\u00fdborn\u00fdch rie\u0161en\u00ed je zrkadlo umiestnen\u00e9 na dver\u00e1ch skrine, takto dok\u00e1\u017eete jednoducho opticky zv\u00e4\u010d\u0161i\u0165 priestor na jednotku!<\/span>[\/vc_message][vc_single_image image=&#8221;120294&#8243; img_size=&#8221;large&#8221; add_caption=&#8221;yes&#8221; alignment=&#8221;center&#8221; style=&#8221;vc_box_rounded&#8221; onclick=&#8221;custom_link&#8221; img_link_target=&#8221;_blank&#8221; link=&#8221;https:\/\/ikuchyne.sk\/eshop\/produkt\/nastenne-zrkadlo-portrait-45cm-strieborna\/&#8221;][vc_column_text]<\/p>\n<h2><span style=\"color: #e3245e;\"><b>3. Preorganizujte svoj n\u00e1bytok jednoduch\u0161ie<\/b><\/span><\/h2>\n<p><span style=\"font-weight: 400; color: #000000;\">Zl\u00e1 organiz\u00e1cia n\u00e1bytku m\u00f4\u017ee sp\u00f4sobi\u0165 to, \u017ee bude zabera\u0165 pr\u00edli\u0161 ve\u013ea priestoru. Aby ste sa tomuto probl\u00e9mu vyhli, pou\u017e\u00edvajte takzvan\u00fd multifunk\u010dn\u00fd n\u00e1bytok. U\u0161etr\u00ed v\u00e1m ve\u013ea\u00a0 priestoru a v mnoh\u00fdch pr\u00edpadoch v\u00e1m vie by\u0165 ve\u013emi u\u017eito\u010dn\u00fd. Priestor sa opticky zv\u00e4\u010d\u0161\u00ed a v pr\u00edpade potreby ho viete vyu\u017ei\u0165 vo svoj prospech.<\/span><\/p>\n<p><span style=\"color: #000000;\"><strong>Je dobr\u00e9 <\/strong><span style=\"font-weight: 400;\"><strong>si pri zaria\u010fovan\u00ed mal\u00e9ho bytu ur\u010di\u0165 ohniskov\u00e9 body<\/strong>, ktor\u00e9 viete vyu\u017ei\u0165 najm\u00e4 pri kreat\u00edvnych k\u00faskoch vo va\u0161ej dom\u00e1cnosti. Tento ohniskov\u00fd bod bude kradn\u00fa\u0165 v\u0161etku pozornos\u0165 o\u010d\u00ed a tak nastane \u010fal\u0161ie optick\u00e9 zv\u00e4\u010d\u0161enie. V kuchyni to m\u00f4\u017ee by\u0165 napr\u00edklad zauj\u00edmav\u00fd <span style=\"color: #e3245e;\"><a style=\"color: #e3245e;\" href=\"https:\/\/ikuchyne.sk\/eshop\/jedalenske-stoly\/\">jed\u00e1lensk\u00fd st\u00f4l<\/a><\/span> a v sp\u00e1lni v\u00fdraznej\u0161ia <span style=\"color: #e3245e;\"><a style=\"color: #e3245e;\" href=\"https:\/\/ikuchyne.sk\/eshop\/kategoria\/manzelske-postele\/\">poste\u013e<\/a><\/span>.\u00a0<\/span><\/span>[\/vc_column_text][vc_single_image image=&#8221;120298&#8243; img_size=&#8221;large&#8221; add_caption=&#8221;yes&#8221; alignment=&#8221;center&#8221; style=&#8221;vc_box_rounded&#8221; onclick=&#8221;custom_link&#8221; img_link_target=&#8221;_blank&#8221; link=&#8221;https:\/\/ikuchyne.sk\/eshop\/produkt\/bezova-sedacka-euphoria-230cm\/&#8221;][vc_column_text]<\/p>\n<h2><span style=\"color: #e3245e;\"><strong>4. Pohrajte sa so svetlami<\/strong><\/span><\/h2>\n<p><span style=\"color: #000000;\"><span style=\"color: #e3245e;\"><a style=\"color: #e3245e;\" href=\"https:\/\/ikuchyne.sk\/eshop\/svietidla\/\">Spr\u00e1vne osvetlenie<\/a> <\/span>miestnosti je ove\u013ea viac n\u00e1pomocn\u00e9 pri optickom zv\u00e4\u010d\u0161ovan\u00ed priestoru, ako si mysl\u00edte.\u00a0 Ak nem\u00e1te dostatok prirodzen\u00e9ho svetla, tento bod bude pre v\u00e1s priam k\u013e\u00fa\u010dov\u00fd. Siahnite po r\u00f4znorod\u00fdch sveteln\u00fdch vari\u00e1ci\u00e1ch. Budete ve\u013emi prekvapen\u00fd, ak\u00e9 \u010dary dok\u00e1\u017eu narobi\u0165 s va\u0161im priestorom.\u00a0<\/span><\/p>\n<p><span style=\"color: #000000;\"><strong>P<\/strong><span style=\"font-weight: 400;\"><strong>risp\u00f4sobujte svetlo svojmu interi\u00e9ru.<\/strong> Mnoho dom\u00e1cnost\u00ed vyu\u017e\u00edva najm\u00e4 \u017eiarovky s bielym svetlom, preto\u017ee priestor naokolo vyzer\u00e1 ove\u013ea viac \u017eiarivej\u0161ie a \u010distej\u0161ie. <\/span><\/span>[\/vc_column_text][vc_single_image image=&#8221;120295&#8243; img_size=&#8221;large&#8221; add_caption=&#8221;yes&#8221; alignment=&#8221;center&#8221; style=&#8221;vc_box_rounded&#8221; onclick=&#8221;custom_link&#8221; img_link_target=&#8221;_blank&#8221; link=&#8221;https:\/\/ikuchyne.sk\/eshop\/produkt\/stojanova-lampa-levels\/&#8221;][vc_column_text]<\/p>\n<h2><span style=\"color: #e3245e;\"><b>5. Zbavte sa nepotrebn\u00fdch vec\u00ed<\/b><\/span><\/h2>\n<p><span style=\"font-weight: 400; color: #000000;\">Udr\u017eujte svoj byt usporiadan\u00fd a\u00a0upratan\u00fd. <strong>Priestor zapratan\u00fd neporiadkom m\u00f4\u017ee p\u00f4sobi\u0165 e\u0161te viac stiesnene, ako miestnos\u0165 zapratan\u00e1 ve\u013ek\u00fdm mno\u017estvom n\u00e1bytku.<\/strong> S\u00a0\u00fah\u013eadne usporiadan\u00fdmi vecami mimo doh\u013eadu o\u010d\u00ed bude priestor p\u00f4sobi\u0165 ove\u013ea viac otvoren\u00fd. Nebojte sa nakupova\u0165 organiz\u00e9ry z\u00e1suviek a\u00a0dajte im svoj \u00fa\u010del. S\u00fa ve\u013emi n\u00e1pomocn\u00e9 pri dlhodobom udr\u017eiavan\u00ed poriadku, priam v\u00e1s n\u00fatia veci odklada\u0165 tam, kam patria.\u00a0<\/span><\/p>\n<p><span style=\"color: #000000;\"><span style=\"font-weight: 400;\">A<\/span><span style=\"font-weight: 400;\">k chcete ma\u0165 vo va\u0161om byte dekora\u010dn\u00e9 prvky ako obrazy, \u010di fotografie, odpor\u00fa\u010dame v\u00e1m siahnu\u0165 rad\u0161ej po jednom v\u00e4\u010d\u0161om, unik\u00e1tnom k\u00fasku, ako po viacero men\u0161\u00edch. Tie m\u00f4\u017eu vytv\u00e1ra\u0165 dojem preplnen\u00e9ho priestoru.\u00a0<\/span><\/span>[\/vc_column_text][vc_single_image image=&#8221;120296&#8243; img_size=&#8221;large&#8221; add_caption=&#8221;yes&#8221; alignment=&#8221;center&#8221; style=&#8221;vc_box_rounded&#8221; onclick=&#8221;custom_link&#8221; link=&#8221;https:\/\/ikuchyne.sk\/eshop\/produkt\/olejomalba-wisdom-of-nature-75x150cm-slon\/&#8221;][vc_column_text]<\/p>\n<h2><span style=\"color: #e3245e;\"><b>6. Otvorte priestor odstr\u00e1nen\u00edm nepotrebnej steny<\/b><\/span><\/h2>\n<p><span style=\"font-weight: 400; color: #000000;\">Opticky zv\u00e4\u010d\u0161i\u0165 priestor v\u00e1m pom\u00f4\u017ee spojenie dvoch miestnost\u00ed do jedn\u00e9ho. \u010ci u\u017e odstr\u00e1nen\u00edm dver\u00ed, alebo nepotrebnej prie\u010dky. Tento trend v\u00a0dne\u0161nej dobe ovl\u00e1dol mnoho dom\u00e1cnost\u00ed, \u010di u\u017e ide o\u00a0domy, ale aj o\u00a0byty. Ak v\u00e1m neprek\u00e1\u017ea ma\u0165 niektor\u00e9 miestnosti 2v1, tento tip m\u00f4\u017ee by\u0165 pre v\u00e1s skvel\u00fdm rie\u0161en\u00edm.<\/span><\/p>\n<p><span style=\"color: #000000;\">A<span style=\"font-weight: 400;\">k sa kv\u00f4li optick\u00e9mu zv\u00e4\u010d\u0161eniu priestoru vo va\u0161ej dom\u00e1cnosti rozhodujete pre mo\u017enos\u0165 spojenia dvoch r\u00f4znych miestnost\u00ed do jedn\u00e9ho, najne\u0161kodnej\u0161ou vari\u00e1ciou je kombin\u00e1cia ob\u00fdva\u010dky a <a href=\"https:\/\/ikuchyne.sk\/kuchynske-linky\"><span style=\"color: #e3245e;\">kuchyne<\/span><\/a>.<strong> Odstr\u00e1nen\u00edm nepotrebnej steny bude v\u00e1\u0161 byt, alebo dom p\u00f4sobi\u0165 ove\u013ea priestrannej\u0161ie a otvorenej\u0161ie.\u00a0<\/strong><\/span><\/span>[\/vc_column_text][\/vc_column][\/vc_row][vc_row][vc_column][vc_single_image image=&#8221;120299&#8243; img_size=&#8221;large&#8221; add_caption=&#8221;yes&#8221; alignment=&#8221;center&#8221; style=&#8221;vc_box_rounded&#8221; onclick=&#8221;custom_link&#8221; img_link_target=&#8221;_blank&#8221; link=&#8221;https:\/\/ikuchyne.sk\/2-5-izbovy-byt-v-urban-residence&#8221;][vc_column_text]<span style=\"color: #000000;\"><strong>T\u00fdchto \u0161es\u0165 z\u00e1kladn\u00fdch techn\u00edk v\u00e1m m\u00f4\u017ee efekt\u00edvne pom\u00f4c\u0165 v pr\u00edpade, ak potrebujete opticky zv\u00e4\u010d\u0161i\u0165 priestor vo va\u0161ej dom\u00e1cnosti.\u00a0<\/strong><\/span><\/p>\n<p><span style=\"font-weight: 400; color: #000000;\">Ver\u00edme, \u017ee v\u00e1m tieto rady o tom, ako opticky zv\u00e4\u010d\u0161i\u0165 mal\u00fd priestor, pom\u00f4\u017eu pri zaria\u010fovan\u00ed v\u00e1\u0161ho domova.<\/span>[\/vc_column_text][\/vc_column][\/vc_row]<\/p>\n","protected":false},"excerpt":{"rendered":"<p>[vc_row][vc_column][vc_column_text]Pokia\u013e aj vy \u017eijete v malom priestore, viete, \u017ee ka\u017ed\u00fd k\u00fasok vo\u013en\u00e9ho miesta m\u00e1 ve\u013ek\u00fa hodnotu. M\u00e1te aj vy pocit, \u017ee ste doma priam stiesnen\u00fd? Tento \u010dl\u00e1nok je potom ur\u010den\u00fd<\/p>\n","protected":false},"author":558,"featured_media":120297,"comment_status":"closed","ping_status":"open","sticky":false,"template":"","format":"standard","meta":{"footnotes":""},"categories":[1010],"tags":[],"yoast_head":"<!-- This site is optimized with the Yoast SEO plugin v22.1 - https:\/\/yoast.com\/wordpress\/plugins\/seo\/ -->\n<title>6 r\u00e1d ako opticky zv\u00e4\u010d\u0161i\u0165 mal\u00fd priestor &#187; iKuchyne iSHOP s n\u00e1bytkom<\/title>\n<meta name=\"description\" content=\"T\u00fdchto \u0161es\u0165 z\u00e1kladn\u00fdch techn\u00edk v\u00e1m m\u00f4\u017ee efekt\u00edvne pom\u00f4c\u0165 v pr\u00edpade, ak potrebujete opticky zv\u00e4\u010d\u0161i\u0165 priestor vo va\u0161ej dom\u00e1cnosti.\u00a0\" \/>\n<meta name=\"robots\" content=\"index, follow, max-snippet:-1, max-image-preview:large, max-video-preview:-1\" \/>\n<link rel=\"canonical\" href=\"https:\/\/www.ikuchyne.sk\/eshop\/6-rad-ako-opticky-zvacsit-maly-priestor\/\" \/>\n<meta property=\"og:locale\" content=\"sk_SK\" \/>\n<meta property=\"og:type\" content=\"article\" \/>\n<meta property=\"og:title\" content=\"6 r\u00e1d ako opticky zv\u00e4\u010d\u0161i\u0165 mal\u00fd priestor &#187; iKuchyne iSHOP s n\u00e1bytkom\" \/>\n<meta property=\"og:description\" content=\"T\u00fdchto \u0161es\u0165 z\u00e1kladn\u00fdch techn\u00edk v\u00e1m m\u00f4\u017ee efekt\u00edvne pom\u00f4c\u0165 v pr\u00edpade, ak potrebujete opticky zv\u00e4\u010d\u0161i\u0165 priestor vo va\u0161ej dom\u00e1cnosti.\u00a0\" \/>\n<meta property=\"og:url\" content=\"https:\/\/www.ikuchyne.sk\/eshop\/6-rad-ako-opticky-zvacsit-maly-priestor\/\" \/>\n<meta property=\"og:site_name\" content=\"iKuchyne iSHOP s n\u00e1bytkom\" \/>\n<meta property=\"article:publisher\" content=\"https:\/\/www.facebook.com\/ikuchyne\/\" \/>\n<meta property=\"article:published_time\" content=\"2019-12-06T12:56:23+00:00\" \/>\n<meta property=\"article:modified_time\" content=\"2020-10-21T02:19:37+00:00\" \/>\n<meta property=\"og:image\" content=\"https:\/\/www.ikuchyne.sk\/eshop\/wp-content\/uploads\/2019\/12\/9.-vysok\u00e1-lampa-FORMA.jpg\" \/>\n\t<meta property=\"og:image:width\" content=\"800\" \/>\n\t<meta property=\"og:image:height\" content=\"533\" \/>\n\t<meta property=\"og:image:type\" content=\"image\/jpeg\" \/>\n<meta name=\"author\" content=\"Petra Poorov\u00e1\" \/>\n<meta name=\"twitter:card\" content=\"summary_large_image\" \/>\n<meta name=\"twitter:label1\" content=\"Autor\" \/>\n\t<meta name=\"twitter:data1\" content=\"Petra Poorov\u00e1\" \/>\n\t<meta name=\"twitter:label2\" content=\"Predpokladan\u00fd \u010das \u010d\u00edtania\" \/>\n\t<meta name=\"twitter:data2\" content=\"6 min\u00fat\" \/>\n<script type=\"application\/ld+json\" class=\"yoast-schema-graph\">{\"@context\":\"https:\/\/schema.org\",\"@graph\":[{\"@type\":\"Article\",\"@id\":\"https:\/\/www.ikuchyne.sk\/eshop\/6-rad-ako-opticky-zvacsit-maly-priestor\/#article\",\"isPartOf\":{\"@id\":\"https:\/\/www.ikuchyne.sk\/eshop\/6-rad-ako-opticky-zvacsit-maly-priestor\/\"},\"author\":{\"name\":\"Petra Poorov\u00e1\",\"@id\":\"https:\/\/www.ikuchyne.sk\/eshop\/#\/schema\/person\/3349e410d26202204042fdac386431d3\"},\"headline\":\"6 r\u00e1d ako opticky zv\u00e4\u010d\u0161i\u0165 mal\u00fd priestor\",\"datePublished\":\"2019-12-06T12:56:23+00:00\",\"dateModified\":\"2020-10-21T02:19:37+00:00\",\"mainEntityOfPage\":{\"@id\":\"https:\/\/www.ikuchyne.sk\/eshop\/6-rad-ako-opticky-zvacsit-maly-priestor\/\"},\"wordCount\":1240,\"publisher\":{\"@id\":\"https:\/\/www.ikuchyne.sk\/eshop\/#organization\"},\"articleSection\":[\"N\u00c1BYTOK\"],\"inLanguage\":\"sk-SK\"},{\"@type\":\"WebPage\",\"@id\":\"https:\/\/www.ikuchyne.sk\/eshop\/6-rad-ako-opticky-zvacsit-maly-priestor\/\",\"url\":\"https:\/\/www.ikuchyne.sk\/eshop\/6-rad-ako-opticky-zvacsit-maly-priestor\/\",\"name\":\"6 r\u00e1d ako opticky zv\u00e4\u010d\u0161i\u0165 mal\u00fd priestor &#187; iKuchyne iSHOP s n\u00e1bytkom\",\"isPartOf\":{\"@id\":\"https:\/\/www.ikuchyne.sk\/eshop\/#website\"},\"datePublished\":\"2019-12-06T12:56:23+00:00\",\"dateModified\":\"2020-10-21T02:19:37+00:00\",\"description\":\"T\u00fdchto \u0161es\u0165 z\u00e1kladn\u00fdch techn\u00edk v\u00e1m m\u00f4\u017ee efekt\u00edvne pom\u00f4c\u0165 v pr\u00edpade, ak potrebujete opticky zv\u00e4\u010d\u0161i\u0165 priestor vo va\u0161ej dom\u00e1cnosti.\u00a0\",\"breadcrumb\":{\"@id\":\"https:\/\/www.ikuchyne.sk\/eshop\/6-rad-ako-opticky-zvacsit-maly-priestor\/#breadcrumb\"},\"inLanguage\":\"sk-SK\",\"potentialAction\":[{\"@type\":\"ReadAction\",\"target\":[\"https:\/\/www.ikuchyne.sk\/eshop\/6-rad-ako-opticky-zvacsit-maly-priestor\/\"]}]},{\"@type\":\"BreadcrumbList\",\"@id\":\"https:\/\/www.ikuchyne.sk\/eshop\/6-rad-ako-opticky-zvacsit-maly-priestor\/#breadcrumb\",\"itemListElement\":[{\"@type\":\"ListItem\",\"position\":1,\"name\":\"Home\",\"item\":\"https:\/\/www.ikuchyne.sk\/eshop\/\"},{\"@type\":\"ListItem\",\"position\":2,\"name\":\"6 r\u00e1d ako opticky zv\u00e4\u010d\u0161i\u0165 mal\u00fd priestor\"}]},{\"@type\":\"WebSite\",\"@id\":\"https:\/\/www.ikuchyne.sk\/eshop\/#website\",\"url\":\"https:\/\/www.ikuchyne.sk\/eshop\/\",\"name\":\"iKuchyne iSHOP s n\u00e1bytkom\",\"description\":\"Jed\u00e1lensk\u00e9 stoly, stoli\u010dky, n\u00e1bytok, svietidl\u00e1...\",\"publisher\":{\"@id\":\"https:\/\/www.ikuchyne.sk\/eshop\/#organization\"},\"potentialAction\":[{\"@type\":\"SearchAction\",\"target\":{\"@type\":\"EntryPoint\",\"urlTemplate\":\"https:\/\/www.ikuchyne.sk\/eshop\/?s={search_term_string}\"},\"query-input\":\"required name=search_term_string\"}],\"inLanguage\":\"sk-SK\"},{\"@type\":\"Organization\",\"@id\":\"https:\/\/www.ikuchyne.sk\/eshop\/#organization\",\"name\":\"ikuchyne!\",\"url\":\"https:\/\/www.ikuchyne.sk\/eshop\/\",\"logo\":{\"@type\":\"ImageObject\",\"inLanguage\":\"sk-SK\",\"@id\":\"https:\/\/www.ikuchyne.sk\/eshop\/#\/schema\/logo\/image\/\",\"url\":\"https:\/\/www.ikuchyne.sk\/eshop\/wp-content\/uploads\/2017\/04\/ikuchyne-logo.jpg\",\"contentUrl\":\"https:\/\/www.ikuchyne.sk\/eshop\/wp-content\/uploads\/2017\/04\/ikuchyne-logo.jpg\",\"width\":200,\"height\":48,\"caption\":\"ikuchyne!\"},\"image\":{\"@id\":\"https:\/\/www.ikuchyne.sk\/eshop\/#\/schema\/logo\/image\/\"},\"sameAs\":[\"https:\/\/www.facebook.com\/ikuchyne\/\",\"https:\/\/www.instagram.com\/ikuchyne.sk\/\",\"https:\/\/sk.pinterest.com\/ikuchynesk\/\"]},{\"@type\":\"Person\",\"@id\":\"https:\/\/www.ikuchyne.sk\/eshop\/#\/schema\/person\/3349e410d26202204042fdac386431d3\",\"name\":\"Petra Poorov\u00e1\",\"image\":{\"@type\":\"ImageObject\",\"inLanguage\":\"sk-SK\",\"@id\":\"https:\/\/www.ikuchyne.sk\/eshop\/#\/schema\/person\/image\/\",\"url\":\"https:\/\/www.ikuchyne.sk\/eshop\/wp-content\/plugins\/wp-user-avatar\/deprecated\/wp-user-avatar\/images\/wpua-96x96.png\",\"contentUrl\":\"https:\/\/www.ikuchyne.sk\/eshop\/wp-content\/plugins\/wp-user-avatar\/deprecated\/wp-user-avatar\/images\/wpua-96x96.png\",\"caption\":\"Petra Poorov\u00e1\"},\"description\":\"Petra pracuje v\u00a0lok\u00e1lnej\u00a0pra\u017eiarni k\u00e1vy, kde sa okrem in\u00e9ho venuje aj marketingu. Moment\u00e1lne \u0161tuduje vysok\u00fa \u0161kolu. Popritom st\u00edha budova\u0165 povedomie o\u00a0lok\u00e1lnych zna\u010dk\u00e1ch, spravova\u0165 soci\u00e1lne siete klientov, a\u00a0ke\u010f m\u00e1 chv\u00ed\u013eku vo\u013en\u00e9ho \u010dasu, rada p\u00ed\u0161e o\u00a0interi\u00e9rovom dizajne. Miluje prech\u00e1dzky s\u00a0jej huskym, \u00fatun\u00e9 kaviarne a\u00a0crossfit.\\\"\",\"url\":\"https:\/\/www.ikuchyne.sk\/eshop\/author\/petra-poorova\/\"}]}<\/script>\n<!-- \/ Yoast SEO plugin. -->","yoast_head_json":{"title":"6 r\u00e1d ako opticky zv\u00e4\u010d\u0161i\u0165 mal\u00fd priestor &#187; iKuchyne iSHOP s n\u00e1bytkom","description":"T\u00fdchto \u0161es\u0165 z\u00e1kladn\u00fdch techn\u00edk v\u00e1m m\u00f4\u017ee efekt\u00edvne pom\u00f4c\u0165 v pr\u00edpade, ak potrebujete opticky zv\u00e4\u010d\u0161i\u0165 priestor vo va\u0161ej dom\u00e1cnosti.\u00a0","robots":{"index":"index","follow":"follow","max-snippet":"max-snippet:-1","max-image-preview":"max-image-preview:large","max-video-preview":"max-video-preview:-1"},"canonical":"https:\/\/www.ikuchyne.sk\/eshop\/6-rad-ako-opticky-zvacsit-maly-priestor\/","og_locale":"sk_SK","og_type":"article","og_title":"6 r\u00e1d ako opticky zv\u00e4\u010d\u0161i\u0165 mal\u00fd priestor &#187; iKuchyne iSHOP s n\u00e1bytkom","og_description":"T\u00fdchto \u0161es\u0165 z\u00e1kladn\u00fdch techn\u00edk v\u00e1m m\u00f4\u017ee efekt\u00edvne pom\u00f4c\u0165 v pr\u00edpade, ak potrebujete opticky zv\u00e4\u010d\u0161i\u0165 priestor vo va\u0161ej dom\u00e1cnosti.\u00a0","og_url":"https:\/\/www.ikuchyne.sk\/eshop\/6-rad-ako-opticky-zvacsit-maly-priestor\/","og_site_name":"iKuchyne iSHOP s n\u00e1bytkom","article_publisher":"https:\/\/www.facebook.com\/ikuchyne\/","article_published_time":"2019-12-06T12:56:23+00:00","article_modified_time":"2020-10-21T02:19:37+00:00","og_image":[{"width":800,"height":533,"url":"https:\/\/www.ikuchyne.sk\/eshop\/wp-content\/uploads\/2019\/12\/9.-vysok\u00e1-lampa-FORMA.jpg","type":"image\/jpeg"}],"author":"Petra Poorov\u00e1","twitter_card":"summary_large_image","twitter_misc":{"Autor":"Petra Poorov\u00e1","Predpokladan\u00fd \u010das \u010d\u00edtania":"6 min\u00fat"},"schema":{"@context":"https:\/\/schema.org","@graph":[{"@type":"Article","@id":"https:\/\/www.ikuchyne.sk\/eshop\/6-rad-ako-opticky-zvacsit-maly-priestor\/#article","isPartOf":{"@id":"https:\/\/www.ikuchyne.sk\/eshop\/6-rad-ako-opticky-zvacsit-maly-priestor\/"},"author":{"name":"Petra Poorov\u00e1","@id":"https:\/\/www.ikuchyne.sk\/eshop\/#\/schema\/person\/3349e410d26202204042fdac386431d3"},"headline":"6 r\u00e1d ako opticky zv\u00e4\u010d\u0161i\u0165 mal\u00fd priestor","datePublished":"2019-12-06T12:56:23+00:00","dateModified":"2020-10-21T02:19:37+00:00","mainEntityOfPage":{"@id":"https:\/\/www.ikuchyne.sk\/eshop\/6-rad-ako-opticky-zvacsit-maly-priestor\/"},"wordCount":1240,"publisher":{"@id":"https:\/\/www.ikuchyne.sk\/eshop\/#organization"},"articleSection":["N\u00c1BYTOK"],"inLanguage":"sk-SK"},{"@type":"WebPage","@id":"https:\/\/www.ikuchyne.sk\/eshop\/6-rad-ako-opticky-zvacsit-maly-priestor\/","url":"https:\/\/www.ikuchyne.sk\/eshop\/6-rad-ako-opticky-zvacsit-maly-priestor\/","name":"6 r\u00e1d ako opticky zv\u00e4\u010d\u0161i\u0165 mal\u00fd priestor &#187; iKuchyne iSHOP s n\u00e1bytkom","isPartOf":{"@id":"https:\/\/www.ikuchyne.sk\/eshop\/#website"},"datePublished":"2019-12-06T12:56:23+00:00","dateModified":"2020-10-21T02:19:37+00:00","description":"T\u00fdchto \u0161es\u0165 z\u00e1kladn\u00fdch techn\u00edk v\u00e1m m\u00f4\u017ee efekt\u00edvne pom\u00f4c\u0165 v pr\u00edpade, ak potrebujete opticky zv\u00e4\u010d\u0161i\u0165 priestor vo va\u0161ej dom\u00e1cnosti.\u00a0","breadcrumb":{"@id":"https:\/\/www.ikuchyne.sk\/eshop\/6-rad-ako-opticky-zvacsit-maly-priestor\/#breadcrumb"},"inLanguage":"sk-SK","potentialAction":[{"@type":"ReadAction","target":["https:\/\/www.ikuchyne.sk\/eshop\/6-rad-ako-opticky-zvacsit-maly-priestor\/"]}]},{"@type":"BreadcrumbList","@id":"https:\/\/www.ikuchyne.sk\/eshop\/6-rad-ako-opticky-zvacsit-maly-priestor\/#breadcrumb","itemListElement":[{"@type":"ListItem","position":1,"name":"Home","item":"https:\/\/www.ikuchyne.sk\/eshop\/"},{"@type":"ListItem","position":2,"name":"6 r\u00e1d ako opticky zv\u00e4\u010d\u0161i\u0165 mal\u00fd priestor"}]},{"@type":"WebSite","@id":"https:\/\/www.ikuchyne.sk\/eshop\/#website","url":"https:\/\/www.ikuchyne.sk\/eshop\/","name":"iKuchyne iSHOP s n\u00e1bytkom","description":"Jed\u00e1lensk\u00e9 stoly, stoli\u010dky, n\u00e1bytok, svietidl\u00e1...","publisher":{"@id":"https:\/\/www.ikuchyne.sk\/eshop\/#organization"},"potentialAction":[{"@type":"SearchAction","target":{"@type":"EntryPoint","urlTemplate":"https:\/\/www.ikuchyne.sk\/eshop\/?s={search_term_string}"},"query-input":"required name=search_term_string"}],"inLanguage":"sk-SK"},{"@type":"Organization","@id":"https:\/\/www.ikuchyne.sk\/eshop\/#organization","name":"ikuchyne!","url":"https:\/\/www.ikuchyne.sk\/eshop\/","logo":{"@type":"ImageObject","inLanguage":"sk-SK","@id":"https:\/\/www.ikuchyne.sk\/eshop\/#\/schema\/logo\/image\/","url":"https:\/\/www.ikuchyne.sk\/eshop\/wp-content\/uploads\/2017\/04\/ikuchyne-logo.jpg","contentUrl":"https:\/\/www.ikuchyne.sk\/eshop\/wp-content\/uploads\/2017\/04\/ikuchyne-logo.jpg","width":200,"height":48,"caption":"ikuchyne!"},"image":{"@id":"https:\/\/www.ikuchyne.sk\/eshop\/#\/schema\/logo\/image\/"},"sameAs":["https:\/\/www.facebook.com\/ikuchyne\/","https:\/\/www.instagram.com\/ikuchyne.sk\/","https:\/\/sk.pinterest.com\/ikuchynesk\/"]},{"@type":"Person","@id":"https:\/\/www.ikuchyne.sk\/eshop\/#\/schema\/person\/3349e410d26202204042fdac386431d3","name":"Petra Poorov\u00e1","image":{"@type":"ImageObject","inLanguage":"sk-SK","@id":"https:\/\/www.ikuchyne.sk\/eshop\/#\/schema\/person\/image\/","url":"https:\/\/www.ikuchyne.sk\/eshop\/wp-content\/plugins\/wp-user-avatar\/deprecated\/wp-user-avatar\/images\/wpua-96x96.png","contentUrl":"https:\/\/www.ikuchyne.sk\/eshop\/wp-content\/plugins\/wp-user-avatar\/deprecated\/wp-user-avatar\/images\/wpua-96x96.png","caption":"Petra Poorov\u00e1"},"description":"Petra pracuje v\u00a0lok\u00e1lnej\u00a0pra\u017eiarni k\u00e1vy, kde sa okrem in\u00e9ho venuje aj marketingu. Moment\u00e1lne \u0161tuduje vysok\u00fa \u0161kolu. Popritom st\u00edha budova\u0165 povedomie o\u00a0lok\u00e1lnych zna\u010dk\u00e1ch, spravova\u0165 soci\u00e1lne siete klientov, a\u00a0ke\u010f m\u00e1 chv\u00ed\u013eku vo\u013en\u00e9ho \u010dasu, rada p\u00ed\u0161e o\u00a0interi\u00e9rovom dizajne. Miluje prech\u00e1dzky s\u00a0jej huskym, \u00fatun\u00e9 kaviarne a\u00a0crossfit.\"","url":"https:\/\/www.ikuchyne.sk\/eshop\/author\/petra-poorova\/"}]}},"_links":{"self":[{"href":"https:\/\/www.ikuchyne.sk\/eshop\/wp-json\/wp\/v2\/posts\/120291"}],"collection":[{"href":"https:\/\/www.ikuchyne.sk\/eshop\/wp-json\/wp\/v2\/posts"}],"about":[{"href":"https:\/\/www.ikuchyne.sk\/eshop\/wp-json\/wp\/v2\/types\/post"}],"author":[{"embeddable":true,"href":"https:\/\/www.ikuchyne.sk\/eshop\/wp-json\/wp\/v2\/users\/558"}],"replies":[{"embeddable":true,"href":"https:\/\/www.ikuchyne.sk\/eshop\/wp-json\/wp\/v2\/comments?post=120291"}],"version-history":[{"count":4,"href":"https:\/\/www.ikuchyne.sk\/eshop\/wp-json\/wp\/v2\/posts\/120291\/revisions"}],"predecessor-version":[{"id":147228,"href":"https:\/\/www.ikuchyne.sk\/eshop\/wp-json\/wp\/v2\/posts\/120291\/revisions\/147228"}],"wp:featuredmedia":[{"embeddable":true,"href":"https:\/\/www.ikuchyne.sk\/eshop\/wp-json\/wp\/v2\/media\/120297"}],"wp:attachment":[{"href":"https:\/\/www.ikuchyne.sk\/eshop\/wp-json\/wp\/v2\/media?parent=120291"}],"wp:term":[{"taxonomy":"category","embeddable":true,"href":"https:\/\/www.ikuchyne.sk\/eshop\/wp-json\/wp\/v2\/categories?post=120291"},{"taxonomy":"post_tag","embeddable":true,"href":"https:\/\/www.ikuchyne.sk\/eshop\/wp-json\/wp\/v2\/tags?post=120291"}],"curies":[{"name":"wp","href":"https:\/\/api.w.org\/{rel}","templated":true}]}}