{"id":120353,"date":"2019-12-05T13:59:11","date_gmt":"2019-12-05T12:59:11","guid":{"rendered":"https:\/\/ikuchyne.sk\/eshop\/?p=120353"},"modified":"2019-12-05T15:35:51","modified_gmt":"2019-12-05T14:35:51","slug":"konferencny-stolik-ako-ho-vybrat","status":"publish","type":"post","link":"https:\/\/www.ikuchyne.sk\/eshop\/konferencny-stolik-ako-ho-vybrat\/","title":{"rendered":"Ako si vybra\u0165 konferen\u010dn\u00fd stol\u00edk?"},"content":{"rendered":"<p>[vc_row][vc_column][vc_column_text]<span style=\"color: #000000;\"><strong>Ka\u017ed\u00e1 rodinn\u00e1, firemn\u00e1, \u010di dokonca \u0161kolsk\u00e1 porada sa zvol\u00e1va na prerokovanie d\u00f4le\u017eit\u00fdch ot\u00e1zok. T\u00fdm najide\u00e1lnej\u0161\u00edm miestom je ob\u00fdvacia izba, no t\u00fdm najpodstatnej\u0161\u00edm doplnkom je konferen\u010dn\u00fd stol\u00edk. Tento nen\u00e1padn\u00fd bytov\u00fd doplnok tvor\u00ed podstatn\u00fa \u010das\u0165 na\u0161ej ob\u00fdvacej izby. Je preto d\u00f4le\u017eit\u00e9 vedie\u0165, ako vybra\u0165 konferen\u010dn\u00fd stol\u00edk.\u00a0<\/strong><\/span>[\/vc_column_text][vc_single_image image=&#8221;120355&#8243; img_size=&#8221;large&#8221; add_caption=&#8221;yes&#8221; alignment=&#8221;center&#8221; style=&#8221;vc_box_rounded&#8221; onclick=&#8221;img_link_large&#8221;][vc_column_text]<\/p>\n<h2><strong><span style=\"color: #e3245e;\">\u010co vpl\u00fdva na v\u00fdber konferen\u010dn\u00e9ho stol\u00edka?<\/span><\/strong><\/h2>\n<p><span style=\"color: #000000;\"><span style=\"font-weight: 400;\">\u010castokr\u00e1t sa v\u0161ak st\u00e1va, \u017ee pri k\u00fape nov\u00e9ho konferen\u010dn\u00e9ho stol\u00edka akosi nezva\u017eujeme v\u0161etky potrebn\u00e9 kroky k v\u00fdhodnej a praktickej k\u00fape. <strong>Ak\u00e9 krit\u00e9ria je preto potrebn\u00e9 zv\u00e1\u017ei\u0165 pri v\u00fdbere konferen\u010dn\u00e9ho stol\u00edka?<\/strong> Pri rozhodovan\u00ed o k\u00fape konferen\u010dn\u00e9ho stol\u00edka je potrebn\u00e9 zv\u00e1\u017ei\u0165 dva z\u00e1kladn\u00e9 body. <strong>Je to <\/strong><\/span><strong>ve\u013ekos\u0165 ob\u00fdvacej izby a samotn\u00fd dizajn stol\u00edka.<\/strong><\/span><\/p>\n<p><span style=\"color: #000000;\"><span style=\"font-weight: 400;\">Ve\u013ekos\u0165 ob\u00fdvacej izby<\/span><span style=\"font-weight: 400;\"> je prv\u00fdm odrazov\u00fdm most\u00edkom. Ide nielen o praktick\u00fa str\u00e1nku, ale aj o celkov\u00fd dojem z izby. Pokia\u013e sa rozhodnete pre ne\u0161tandardn\u00fa ve\u013ekos\u0165 stol\u00edka, zbyto\u010dne sa ukracujete o priestor. Druh\u00fdm naj\u010dastej\u0161\u00edm extr\u00e9mom je, \u017ee <\/span><span style=\"font-weight: 400;\">ve\u013ekos\u0165 konferen\u010dn\u00e9ho stol\u00edka<\/span><span style=\"font-weight: 400;\"> nie je dostato\u010dn\u00e1 a tak sa \u010dasto st\u00e1va, \u017ee n\u00e1v\u0161teva mus\u00ed odklada\u0165 veci na podlahu a t\u00fdm sa vystavujete zbyto\u010dn\u00e9mu upratovaniu pri v\u00e1\u0161niv\u00fdch debat\u00e1ch. <strong>Odborn\u00edci preto odpor\u00fa\u010daj\u00fa tak\u00fd rozmer konferen\u010dn\u00e9ho stol\u00edka, aby sa v\u00fd\u0161ka va\u0161ich kolien pri seden\u00ed rovnala v\u00fd\u0161ke stol\u00edka. <\/strong><\/span><\/span><\/p>\n<p><span style=\"color: #000000;\"><strong>Ide\u00e1lna v\u00fd\u0161ka konferen\u010dn\u00e9ho stol\u00edka sa pohybuje v rozmedz\u00ed 55 &#8211; 60 cm a ve\u013ekos\u0165 stol\u00edka v pomere k pohovke <\/strong><span style=\"font-weight: 400;\"><strong>by mala zabera\u0165 zhruba jednu tretinu jej rozlohy.<\/strong> Zab\u00fada\u0165 by sa nemalo ani na priestor okolo stol\u00edka a zabezpe\u010denie priechodnosti, ktor\u00fa je potrebn\u00e9 prisp\u00f4sobi\u0165 ve\u013ekosti ob\u00fdvacej izby. Posledn\u00e1 vec z h\u013eadiska ve\u013ekosti ob\u00fdvacej izby je ot\u00e1zka funk\u010dnosti konferen\u010dn\u00e9ho stol\u00edka. Na trhu m\u00e1me aj konferen\u010dn\u00e9 stol\u00edky, ktor\u00e9 pon\u00fakaj\u00fa odkladaciu plochu a takisto sa m\u00f4\u017eu rozklada\u0165 v pr\u00edpade, \u017ee \u010dak\u00e1te viac host\u00ed. <\/span><\/span>[\/vc_column_text][vc_single_image image=&#8221;120365&#8243; img_size=&#8221;large&#8221; add_caption=&#8221;yes&#8221; alignment=&#8221;center&#8221; style=&#8221;vc_box_rounded&#8221; onclick=&#8221;custom_link&#8221; img_link_target=&#8221;_blank&#8221; link=&#8221;https:\/\/ikuchyne.sk\/eshop\/produkt\/medeny-konferencny-stolik-leaf-80cm\/&#8221;][vc_column_text]<\/p>\n<h2><span style=\"color: #e3245e;\"><strong>Drevo alebo ne(drevo) konferen\u010dn\u00e9ho stol\u00edka?<\/strong><\/span><\/h2>\n<p><span style=\"font-weight: 400; color: #000000;\"><strong>Mas\u00edvne drevo predstavuje najvy\u0161\u0161iu z\u00e1ruku kvality pri v\u00fdrobe n\u00e1bytku a bytov\u00fdch doplnkov.<\/strong> Je to \u017eiv\u00e1 s\u00fa\u010das\u0165 v\u00e1\u0161ho domova. Dreven\u00e9 materi\u00e1ly maj\u00fa siln\u00fa absorb\u010dn\u00fa schopnos\u0165 a dod\u00e1vaj\u00fa b\u00fdvaniu osobitn\u00fa atmosf\u00e9ru. Je to pr\u00edrodn\u00e1 energia, ktor\u00e1 bude s vami \u017ei\u0165 rovnako dlho ako starostlivos\u0165, ktor\u00fa o\u0148 preuk\u00e1\u017eete. Preto si prav\u00e9 dreven\u00e9 materi\u00e1ly vy\u017eaduj\u00fa aj d\u00f4slednej\u0161iu starostlivos\u0165. <strong>Drevo je potrebn\u00e9 o\u0161etrova\u0165 \u0161peci\u00e1lnymi olejmi<\/strong>, nie sprejmi. Tak\u00fdmto sp\u00f4sobom sa pred\u013a\u017ei \u017eivotnos\u0165 v\u00e1\u0161ho n\u00e1bytku a uk\u00e1\u017ee sa zodpovednos\u0165 majite\u013ea pri starostlivosti o n\u00e1bytok.\u00a0<\/span><\/p>\n<p><span style=\"font-weight: 400; color: #000000;\"><strong>MDF je skratka pre drevovl\u00e1knit\u00fd povrch strednej hustoty<\/strong>, niekedy je doska ozna\u010dovan\u00e1 aj za tenk\u00fd plech lisovan\u00fd z pil\u00edn dreva. V\u010faka tejto vlastnosti, tak \u010dasto vid\u00edme v obchodn\u00fdch domoch farebn\u00e9 a dizajnov\u00e9 k\u00fasky, ktor\u00e9 pripom\u00ednaj\u00fa origin\u00e1l dreva. D\u00f4le\u017eitou vlastnos\u0165ou tohto materi\u00e1lu je jeho podobnos\u0165 na pr\u00edrodn\u00e9 drevo, z h\u013eadiska praktickosti <strong>MDF dosky\u00a0 \u0161etria \u017eivotn\u00e9 prostredie<\/strong>. S\u00fa cenovo dostupn\u00e9 pre ka\u017ed\u00e9ho a dok\u00e1\u017eu splni\u0165 po\u017eiadavky aj n\u00e1ro\u010dnej\u0161ieho z\u00e1kazn\u00edka, pr\u00e1ve pre ich schopnos\u0165 kreat\u00edvneho dizajnu. Rovnako ako prav\u00e9 drevo aj <strong>MDF dosky maj\u00fa dlh\u00fa \u017eivotnos\u0165 a s\u00fa odolnej\u0161ie vo\u010di vonkaj\u0161\u00edm naru\u0161eniam<\/strong>.<\/span>[\/vc_column_text][\/vc_column][\/vc_row][vc_row][vc_column][vc_single_image image=&#8221;120354&#8243; img_size=&#8221;large&#8221; add_caption=&#8221;yes&#8221; alignment=&#8221;center&#8221; style=&#8221;vc_box_rounded&#8221; onclick=&#8221;custom_link&#8221; img_link_target=&#8221;_blank&#8221; link=&#8221;https:\/\/ikuchyne.sk\/eshop\/produkt\/sivy-konferencny-stolik-factory-loft-56cm\/&#8221;][\/vc_column][\/vc_row][vc_row][vc_column][vc_column_text]<\/p>\n<h2><span style=\"color: #e3245e;\"><b>Dizajn konferen\u010dn\u00e9ho stol\u00edka\u00a0<\/b><\/span><\/h2>\n<p><span style=\"color: #000000;\"><span style=\"font-weight: 400;\">Vzh\u013ead a \u0161t\u00fdlovos\u0165 konferen\u010dn\u00e9ho stol\u00edka z\u00e1vis\u00ed predov\u0161etk\u00fdm na type materi\u00e1lu a farebnosti. Na na\u0161ej <a style=\"color: #000000;\" href=\"https:\/\/ikuchyne.sk\/eshop\/\">str\u00e1nke<\/a> <\/span><span style=\"font-weight: 400;\">sa m\u00f4\u017eete in\u0161pirova\u0165 \u0161irok\u00fdm a origin\u00e1lnym v\u00fdberom konferen\u010dn\u00fdch stol\u00edkov, za ktor\u00fdmi sa skr\u00fdva kvalitn\u00fd pr\u00edrodn\u00fd materi\u00e1l a \u0161arm originality.<\/span><\/span><\/p>\n<h3><span style=\"color: #e3245e;\">\u0160kandin\u00e1vsky \u0161t\u00fdl<\/span><\/h3>\n<p><span style=\"color: #000000;\"><span style=\"font-weight: 400;\">Pre \u0161kandin\u00e1vskych ob\u013e\u00fabencov \u0161t\u00fdlu vyber\u00e1me z ponuky <\/span><span style=\"color: #e3245e;\"><a style=\"color: #e3245e;\" href=\"https:\/\/ikuchyne.sk\/eshop\/produkt\/nocny-stolik-scandinavia-okruhly-sivy-dub\/\" class=\"broken_link\"><b>okr\u00fahly dreven\u00fd no\u010dn\u00fd stol\u00edk Scandinavia<\/b><\/a><\/span> &#8211;<span style=\"font-weight: 400;\">minimalistick\u00fd a praktick\u00fd konferen\u010dn\u00fd stol\u00edk z MDF dosky v sivej farbe v kombin\u00e1cii so svetl\u00fdm dubom, ktor\u00fd sa\u00a0 pre svoje elegantn\u00e9 prevedenie a nen\u00e1ro\u010dn\u00fa starostlivos\u0165 <\/span>hod\u00ed aj do sp\u00e1lne.\u00a0<\/span>[\/vc_column_text][vc_single_image image=&#8221;120362&#8243; img_size=&#8221;large&#8221; add_caption=&#8221;yes&#8221; alignment=&#8221;center&#8221; style=&#8221;vc_box_rounded&#8221; onclick=&#8221;custom_link&#8221; img_link_target=&#8221;_blank&#8221; link=&#8221;https:\/\/ikuchyne.sk\/eshop\/produkt\/nocny-stolik-scandinavia-okruhly-sivy-dub\/&#8221;][vc_column_text]<span style=\"color: #000000;\"><span style=\"font-weight: 400;\">Dizajnov\u00fd labu\u017en\u00edci ur\u010dite ocenia aj \u010fal\u0161\u00ed typ konferen\u010dn\u00e9ho stol\u00edka. Tento <\/span><span style=\"color: #e3245e;\"><a style=\"color: #e3245e;\" href=\"https:\/\/ikuchyne.sk\/eshop\/produkt\/konferencny-stolik-scandinavia-2-stolik-podnoss-biela\/\" class=\"broken_link\"><b>biely dreven\u00fd konferen\u010dn\u00fd stol\u00edk s podnosom Scandinavia<\/b><\/a><\/span><b>,<\/b><span style=\"font-weight: 400;\"> je mo\u017en\u00e9 pou\u017ei\u0165 aj ako serv\u00edrovac\u00ed stol\u00edk. Povrch stol\u00edka je taktie\u017e vyroben\u00fd z MDF dosky, ktor\u00e1 je v bielej lakovanej farbe a nie je n\u00e1ro\u010dn\u00e1 na o\u0161etrovanie povrchu.<\/span><\/span>[\/vc_column_text][vc_single_image image=&#8221;120361&#8243; img_size=&#8221;large&#8221; add_caption=&#8221;yes&#8221; alignment=&#8221;center&#8221; style=&#8221;vc_box_rounded&#8221; onclick=&#8221;custom_link&#8221; img_link_target=&#8221;_blank&#8221; link=&#8221;https:\/\/ikuchyne.sk\/eshop\/produkt\/konferencny-stolik-scandinavia-2-stolik-podnoss-biela\/&#8221;][vc_column_text]<\/p>\n<h3><span style=\"color: #e3245e;\">Industri\u00e1lny \u0161t\u00fdl<\/span><\/h3>\n<p><span style=\"color: #000000;\"><span style=\"font-weight: 400;\">Milovn\u00edci industri\u00e1lneho \u0161t\u00fdlu m\u00f4\u017eu da\u0165 na n\u00e1\u0161 tip &#8211;<\/span> <a style=\"color: #000000;\" href=\"https:\/\/ikuchyne.sk\/eshop\/produkt\/konferencny-stolik-barracuda-110cm\/\"><b><span style=\"color: #e3245e;\">konferen\u010dn\u00fd stol\u00edk Barracuda<\/span><\/b><\/a><b>, <\/b><span style=\"font-weight: 400;\">ktor\u00fd sp\u00e1ja kombin\u00e1ciu origin\u00e1lneho dreven\u00e9ho mas\u00edvu a kovu. Pre svoju rozlohu je ide\u00e1lny do v\u00e4\u010d\u0161ej ob\u00fdva\u010dky<\/span><\/span>[\/vc_column_text][vc_single_image image=&#8221;120360&#8243; img_size=&#8221;large&#8221; add_caption=&#8221;yes&#8221; alignment=&#8221;center&#8221; style=&#8221;vc_box_rounded&#8221; onclick=&#8221;custom_link&#8221; img_link_target=&#8221;_blank&#8221; link=&#8221;https:\/\/ikuchyne.sk\/eshop\/produkt\/konferencny-stolik-barracuda-110cm\/&#8221;][vc_column_text]<span style=\"color: #000000;\"><span style=\"font-weight: 400;\">Industri\u00e1lny znamen\u00e1 aj praktick\u00fd a \u0161t\u00fdlov\u00fd <\/span><span style=\"color: #e3245e;\"><a style=\"color: #e3245e;\" href=\"https:\/\/ikuchyne.sk\/eshop\/produkt\/konferencny-stolik-living-edge-110cm\/\"><b>konferen\u010dn\u00fd stol\u00edk Living Edge<\/b><\/a><\/span><span style=\"font-weight: 400;\"> garantuje nielen originalitu dreva, ale aj \u0161ikovn\u00fd \u00falo\u017en\u00fd priestor.<\/span><\/span>[\/vc_column_text][vc_single_image image=&#8221;120359&#8243; img_size=&#8221;large&#8221; add_caption=&#8221;yes&#8221; alignment=&#8221;center&#8221; style=&#8221;vc_box_rounded&#8221; onclick=&#8221;custom_link&#8221; img_link_target=&#8221;_blank&#8221; link=&#8221;https:\/\/ikuchyne.sk\/eshop\/produkt\/konferencny-stolik-living-edge-110cm\/&#8221;][vc_column_text]<\/p>\n<h3><span style=\"color: #e3245e;\"><strong>Vidiecky \u0161t\u00fdl<\/strong><\/span><\/h3>\n<p><span style=\"color: #000000;\"><span style=\"font-weight: 400;\">Vidiecky rovn\u00e1 sa modern\u00fd a praktick\u00fd! Predstavite\u013eom vidieckeho \u0161t\u00fdlu je <\/span><span style=\"color: #e3245e;\"><a style=\"color: #e3245e;\" href=\"https:\/\/ikuchyne.sk\/eshop\/produkt\/sivy-konferencny-stolik-organic-living-70cm\/\"><b>konferen\u010dn\u00fd stol\u00edk Organic Living<\/b><\/a><\/span><span style=\"font-weight: 400;\">, ktor\u00fd patr\u00ed do skupiny dizajnov\u00fdch klenotov pr\u00e1ve v\u010faka netradi\u010dn\u00e9mu druhu sheeshamov\u00e9ho dreva v spojen\u00ed s kovom. <\/span><\/span>[\/vc_column_text][vc_single_image image=&#8221;120358&#8243; img_size=&#8221;large&#8221; add_caption=&#8221;yes&#8221; alignment=&#8221;center&#8221; style=&#8221;vc_box_rounded&#8221; onclick=&#8221;custom_link&#8221; img_link_target=&#8221;_blank&#8221; link=&#8221;https:\/\/ikuchyne.sk\/eshop\/produkt\/sivy-konferencny-stolik-organic-living-70cm\/&#8221;][vc_column_text]<span style=\"color: #000000;\"><span style=\"font-weight: 400;\">Origin\u00e1lny a tvarovo netradi\u010dn\u00fd <\/span><a style=\"color: #000000;\" href=\"https:\/\/ikuchyne.sk\/eshop\/produkt\/dreveny-konferencny-stolik-wild-40-x-100-cm\/\"><b><span style=\"color: #e3245e;\">konferen\u010dn\u00fd stol\u00edk Wild<\/span><\/b><\/a>, <span style=\"font-weight: 400;\">je vyroben\u00fd z jedn\u00e9ho kusu kme\u0148a. Povrch stol\u00edka tvor\u00ed ak\u00e1ciov\u00e9 drevo teplej farby. Stol\u00edk sa vyzna\u010duje vysokou tvrdos\u0165ou a odolnos\u0165ou.<\/span><\/span>[\/vc_column_text][vc_single_image image=&#8221;120357&#8243; img_size=&#8221;large&#8221; add_caption=&#8221;yes&#8221; alignment=&#8221;center&#8221; style=&#8221;vc_box_rounded&#8221; onclick=&#8221;custom_link&#8221; img_link_target=&#8221;_blank&#8221; link=&#8221;https:\/\/ikuchyne.sk\/eshop\/produkt\/dreveny-konferencny-stolik-wild-40-x-100-cm\/&#8221;][vc_column_text]<span style=\"color: #000000;\"><span style=\"font-weight: 400;\">Toto s\u00fa jedny z mnoh\u00fdch na\u0161ich tipov, ktor\u00e9 odpor\u00fa\u010dame pod\u013ea \u0161t\u00fdlu v\u00e1\u0161ho b\u00fdvania. V\u00fdber je naozaj \u0161irok\u00fd, praktick\u00fd, a hlavne, dizajnovo jedine\u010dn\u00fd. Ver\u00edme, \u017ee u\u017e v\u00f4bec nem\u00e1te pochybnosti o tom, ako vybra\u0165 konferen\u010dn\u00fd stol\u00edk!<\/span><\/span><\/p>\n<p><span style=\"color: #000000;\"><span style=\"font-weight: 400;\"> \u010eal\u0161ie ponuky si m\u00f4\u017eete pozrie\u0165 na na\u0161om eshope<\/span> <span style=\"color: #e3245e;\"><a style=\"color: #e3245e;\" href=\"https:\/\/ikuchyne.sk\/eshop\/\"><b>ikuchyne.sk<\/b><\/a><\/span>, kde n\u00e1jdete \u010fal\u0161ie r\u00f4zne kateg\u00f3rie konferen\u010dn\u00fdch stol\u00edkov v r\u00f4znych tvaroch a farb\u00e1ch, aby si mohol z ponuky vybra\u0165 skuto\u010dne ka\u017ed\u00fd.<\/span>[\/vc_column_text][\/vc_column][\/vc_row]<\/p>\n","protected":false},"excerpt":{"rendered":"<p>[vc_row][vc_column][vc_column_text]Ka\u017ed\u00e1 rodinn\u00e1, firemn\u00e1, \u010di dokonca \u0161kolsk\u00e1 porada sa zvol\u00e1va na prerokovanie d\u00f4le\u017eit\u00fdch ot\u00e1zok. T\u00fdm najide\u00e1lnej\u0161\u00edm miestom je ob\u00fdvacia izba, no t\u00fdm najpodstatnej\u0161\u00edm doplnkom je konferen\u010dn\u00fd stol\u00edk. Tento nen\u00e1padn\u00fd bytov\u00fd doplnok<\/p>\n","protected":false},"author":581,"featured_media":120365,"comment_status":"closed","ping_status":"open","sticky":false,"template":"","format":"standard","meta":{"footnotes":""},"categories":[1010,1012],"tags":[],"yoast_head":"<!-- This site is optimized with the Yoast SEO plugin v22.1 - https:\/\/yoast.com\/wordpress\/plugins\/seo\/ -->\n<title>Ako si vybra\u0165 konferen\u010dn\u00fd stol\u00edk? &#187; iKuchyne iSHOP s n\u00e1bytkom<\/title>\n<meta name=\"description\" content=\"Tento nen\u00e1padn\u00fd bytov\u00fd doplnok tvor\u00ed podstatn\u00fa \u010das\u0165 na\u0161ej ob\u00fdvacej izby. Je preto d\u00f4le\u017eit\u00e9 vedie\u0165, ako vybra\u0165 konferen\u010dn\u00fd stol\u00edk.\" \/>\n<meta name=\"robots\" content=\"index, follow, max-snippet:-1, max-image-preview:large, max-video-preview:-1\" \/>\n<link rel=\"canonical\" href=\"https:\/\/www.ikuchyne.sk\/eshop\/konferencny-stolik-ako-ho-vybrat\/\" \/>\n<meta property=\"og:locale\" content=\"sk_SK\" \/>\n<meta property=\"og:type\" content=\"article\" \/>\n<meta property=\"og:title\" content=\"Ako si vybra\u0165 konferen\u010dn\u00fd stol\u00edk? &#187; iKuchyne iSHOP s n\u00e1bytkom\" \/>\n<meta property=\"og:description\" content=\"Tento nen\u00e1padn\u00fd bytov\u00fd doplnok tvor\u00ed podstatn\u00fa \u010das\u0165 na\u0161ej ob\u00fdvacej izby. Je preto d\u00f4le\u017eit\u00e9 vedie\u0165, ako vybra\u0165 konferen\u010dn\u00fd stol\u00edk.\" \/>\n<meta property=\"og:url\" content=\"https:\/\/www.ikuchyne.sk\/eshop\/konferencny-stolik-ako-ho-vybrat\/\" \/>\n<meta property=\"og:site_name\" content=\"iKuchyne iSHOP s n\u00e1bytkom\" \/>\n<meta property=\"article:publisher\" content=\"https:\/\/www.facebook.com\/ikuchyne\/\" \/>\n<meta property=\"article:published_time\" content=\"2019-12-05T12:59:11+00:00\" \/>\n<meta property=\"article:modified_time\" content=\"2019-12-05T14:35:51+00:00\" \/>\n<meta property=\"og:image\" content=\"https:\/\/www.ikuchyne.sk\/eshop\/wp-content\/uploads\/2019\/12\/Konferencny-stolik-Leaf.jpg\" \/>\n\t<meta property=\"og:image:width\" content=\"800\" \/>\n\t<meta property=\"og:image:height\" content=\"533\" \/>\n\t<meta property=\"og:image:type\" content=\"image\/jpeg\" \/>\n<meta name=\"author\" content=\"Zuzana Dadej\" \/>\n<meta name=\"twitter:card\" content=\"summary_large_image\" \/>\n<meta name=\"twitter:label1\" content=\"Autor\" \/>\n\t<meta name=\"twitter:data1\" content=\"Zuzana Dadej\" \/>\n\t<meta name=\"twitter:label2\" content=\"Predpokladan\u00fd \u010das \u010d\u00edtania\" \/>\n\t<meta name=\"twitter:data2\" content=\"7 min\u00fat\" \/>\n<script type=\"application\/ld+json\" class=\"yoast-schema-graph\">{\"@context\":\"https:\/\/schema.org\",\"@graph\":[{\"@type\":\"Article\",\"@id\":\"https:\/\/www.ikuchyne.sk\/eshop\/konferencny-stolik-ako-ho-vybrat\/#article\",\"isPartOf\":{\"@id\":\"https:\/\/www.ikuchyne.sk\/eshop\/konferencny-stolik-ako-ho-vybrat\/\"},\"author\":{\"name\":\"Zuzana Dadej\",\"@id\":\"https:\/\/www.ikuchyne.sk\/eshop\/#\/schema\/person\/df8c0cd4df07a5a18ed50756ced8c294\"},\"headline\":\"Ako si vybra\u0165 konferen\u010dn\u00fd stol\u00edk?\",\"datePublished\":\"2019-12-05T12:59:11+00:00\",\"dateModified\":\"2019-12-05T14:35:51+00:00\",\"mainEntityOfPage\":{\"@id\":\"https:\/\/www.ikuchyne.sk\/eshop\/konferencny-stolik-ako-ho-vybrat\/\"},\"wordCount\":1398,\"publisher\":{\"@id\":\"https:\/\/www.ikuchyne.sk\/eshop\/#organization\"},\"articleSection\":[\"N\u00c1BYTOK\",\"Ob\u00fdva\u010dky\"],\"inLanguage\":\"sk-SK\"},{\"@type\":\"WebPage\",\"@id\":\"https:\/\/www.ikuchyne.sk\/eshop\/konferencny-stolik-ako-ho-vybrat\/\",\"url\":\"https:\/\/www.ikuchyne.sk\/eshop\/konferencny-stolik-ako-ho-vybrat\/\",\"name\":\"Ako si vybra\u0165 konferen\u010dn\u00fd stol\u00edk? &#187; iKuchyne iSHOP s n\u00e1bytkom\",\"isPartOf\":{\"@id\":\"https:\/\/www.ikuchyne.sk\/eshop\/#website\"},\"datePublished\":\"2019-12-05T12:59:11+00:00\",\"dateModified\":\"2019-12-05T14:35:51+00:00\",\"description\":\"Tento nen\u00e1padn\u00fd bytov\u00fd doplnok tvor\u00ed podstatn\u00fa \u010das\u0165 na\u0161ej ob\u00fdvacej izby. Je preto d\u00f4le\u017eit\u00e9 vedie\u0165, ako vybra\u0165 konferen\u010dn\u00fd stol\u00edk.\",\"breadcrumb\":{\"@id\":\"https:\/\/www.ikuchyne.sk\/eshop\/konferencny-stolik-ako-ho-vybrat\/#breadcrumb\"},\"inLanguage\":\"sk-SK\",\"potentialAction\":[{\"@type\":\"ReadAction\",\"target\":[\"https:\/\/www.ikuchyne.sk\/eshop\/konferencny-stolik-ako-ho-vybrat\/\"]}]},{\"@type\":\"BreadcrumbList\",\"@id\":\"https:\/\/www.ikuchyne.sk\/eshop\/konferencny-stolik-ako-ho-vybrat\/#breadcrumb\",\"itemListElement\":[{\"@type\":\"ListItem\",\"position\":1,\"name\":\"Home\",\"item\":\"https:\/\/www.ikuchyne.sk\/eshop\/\"},{\"@type\":\"ListItem\",\"position\":2,\"name\":\"Ako si vybra\u0165 konferen\u010dn\u00fd stol\u00edk?\"}]},{\"@type\":\"WebSite\",\"@id\":\"https:\/\/www.ikuchyne.sk\/eshop\/#website\",\"url\":\"https:\/\/www.ikuchyne.sk\/eshop\/\",\"name\":\"iKuchyne iSHOP s n\u00e1bytkom\",\"description\":\"Jed\u00e1lensk\u00e9 stoly, stoli\u010dky, n\u00e1bytok, svietidl\u00e1...\",\"publisher\":{\"@id\":\"https:\/\/www.ikuchyne.sk\/eshop\/#organization\"},\"potentialAction\":[{\"@type\":\"SearchAction\",\"target\":{\"@type\":\"EntryPoint\",\"urlTemplate\":\"https:\/\/www.ikuchyne.sk\/eshop\/?s={search_term_string}\"},\"query-input\":\"required name=search_term_string\"}],\"inLanguage\":\"sk-SK\"},{\"@type\":\"Organization\",\"@id\":\"https:\/\/www.ikuchyne.sk\/eshop\/#organization\",\"name\":\"ikuchyne!\",\"url\":\"https:\/\/www.ikuchyne.sk\/eshop\/\",\"logo\":{\"@type\":\"ImageObject\",\"inLanguage\":\"sk-SK\",\"@id\":\"https:\/\/www.ikuchyne.sk\/eshop\/#\/schema\/logo\/image\/\",\"url\":\"https:\/\/www.ikuchyne.sk\/eshop\/wp-content\/uploads\/2017\/04\/ikuchyne-logo.jpg\",\"contentUrl\":\"https:\/\/www.ikuchyne.sk\/eshop\/wp-content\/uploads\/2017\/04\/ikuchyne-logo.jpg\",\"width\":200,\"height\":48,\"caption\":\"ikuchyne!\"},\"image\":{\"@id\":\"https:\/\/www.ikuchyne.sk\/eshop\/#\/schema\/logo\/image\/\"},\"sameAs\":[\"https:\/\/www.facebook.com\/ikuchyne\/\",\"https:\/\/www.instagram.com\/ikuchyne.sk\/\",\"https:\/\/sk.pinterest.com\/ikuchynesk\/\"]},{\"@type\":\"Person\",\"@id\":\"https:\/\/www.ikuchyne.sk\/eshop\/#\/schema\/person\/df8c0cd4df07a5a18ed50756ced8c294\",\"name\":\"Zuzana Dadej\",\"image\":{\"@type\":\"ImageObject\",\"inLanguage\":\"sk-SK\",\"@id\":\"https:\/\/www.ikuchyne.sk\/eshop\/#\/schema\/person\/image\/\",\"url\":\"https:\/\/www.ikuchyne.sk\/eshop\/wp-content\/plugins\/wp-user-avatar\/deprecated\/wp-user-avatar\/images\/wpua-96x96.png\",\"contentUrl\":\"https:\/\/www.ikuchyne.sk\/eshop\/wp-content\/plugins\/wp-user-avatar\/deprecated\/wp-user-avatar\/images\/wpua-96x96.png\",\"caption\":\"Zuzana Dadej\"},\"description\":\"Zuzku je \u0165a\u017ek\u00e9 zastihn\u00fa\u0165 na Slovensku. St\u00e1le lieta hore dole, ale v\u017edy sa rada vracia domov. Precestovala u\u017e Ameriku, \u00c1ziu, ale srdce je zostalo na Balk\u00e1ne. Zuzka vy\u0161tudovala marketing, miluje tancovanie a zmysel pre kr\u00e1sno vtl\u00e1\u010da do p\u00edsmenok na na\u0161om dizajn\u00e9rskom blogu.\",\"url\":\"https:\/\/www.ikuchyne.sk\/eshop\/author\/zuzana-dadej\/\"}]}<\/script>\n<!-- \/ Yoast SEO plugin. -->","yoast_head_json":{"title":"Ako si vybra\u0165 konferen\u010dn\u00fd stol\u00edk? &#187; iKuchyne iSHOP s n\u00e1bytkom","description":"Tento nen\u00e1padn\u00fd bytov\u00fd doplnok tvor\u00ed podstatn\u00fa \u010das\u0165 na\u0161ej ob\u00fdvacej izby. Je preto d\u00f4le\u017eit\u00e9 vedie\u0165, ako vybra\u0165 konferen\u010dn\u00fd stol\u00edk.","robots":{"index":"index","follow":"follow","max-snippet":"max-snippet:-1","max-image-preview":"max-image-preview:large","max-video-preview":"max-video-preview:-1"},"canonical":"https:\/\/www.ikuchyne.sk\/eshop\/konferencny-stolik-ako-ho-vybrat\/","og_locale":"sk_SK","og_type":"article","og_title":"Ako si vybra\u0165 konferen\u010dn\u00fd stol\u00edk? &#187; iKuchyne iSHOP s n\u00e1bytkom","og_description":"Tento nen\u00e1padn\u00fd bytov\u00fd doplnok tvor\u00ed podstatn\u00fa \u010das\u0165 na\u0161ej ob\u00fdvacej izby. Je preto d\u00f4le\u017eit\u00e9 vedie\u0165, ako vybra\u0165 konferen\u010dn\u00fd stol\u00edk.","og_url":"https:\/\/www.ikuchyne.sk\/eshop\/konferencny-stolik-ako-ho-vybrat\/","og_site_name":"iKuchyne iSHOP s n\u00e1bytkom","article_publisher":"https:\/\/www.facebook.com\/ikuchyne\/","article_published_time":"2019-12-05T12:59:11+00:00","article_modified_time":"2019-12-05T14:35:51+00:00","og_image":[{"width":800,"height":533,"url":"https:\/\/www.ikuchyne.sk\/eshop\/wp-content\/uploads\/2019\/12\/Konferencny-stolik-Leaf.jpg","type":"image\/jpeg"}],"author":"Zuzana Dadej","twitter_card":"summary_large_image","twitter_misc":{"Autor":"Zuzana Dadej","Predpokladan\u00fd \u010das \u010d\u00edtania":"7 min\u00fat"},"schema":{"@context":"https:\/\/schema.org","@graph":[{"@type":"Article","@id":"https:\/\/www.ikuchyne.sk\/eshop\/konferencny-stolik-ako-ho-vybrat\/#article","isPartOf":{"@id":"https:\/\/www.ikuchyne.sk\/eshop\/konferencny-stolik-ako-ho-vybrat\/"},"author":{"name":"Zuzana Dadej","@id":"https:\/\/www.ikuchyne.sk\/eshop\/#\/schema\/person\/df8c0cd4df07a5a18ed50756ced8c294"},"headline":"Ako si vybra\u0165 konferen\u010dn\u00fd stol\u00edk?","datePublished":"2019-12-05T12:59:11+00:00","dateModified":"2019-12-05T14:35:51+00:00","mainEntityOfPage":{"@id":"https:\/\/www.ikuchyne.sk\/eshop\/konferencny-stolik-ako-ho-vybrat\/"},"wordCount":1398,"publisher":{"@id":"https:\/\/www.ikuchyne.sk\/eshop\/#organization"},"articleSection":["N\u00c1BYTOK","Ob\u00fdva\u010dky"],"inLanguage":"sk-SK"},{"@type":"WebPage","@id":"https:\/\/www.ikuchyne.sk\/eshop\/konferencny-stolik-ako-ho-vybrat\/","url":"https:\/\/www.ikuchyne.sk\/eshop\/konferencny-stolik-ako-ho-vybrat\/","name":"Ako si vybra\u0165 konferen\u010dn\u00fd stol\u00edk? &#187; iKuchyne iSHOP s n\u00e1bytkom","isPartOf":{"@id":"https:\/\/www.ikuchyne.sk\/eshop\/#website"},"datePublished":"2019-12-05T12:59:11+00:00","dateModified":"2019-12-05T14:35:51+00:00","description":"Tento nen\u00e1padn\u00fd bytov\u00fd doplnok tvor\u00ed podstatn\u00fa \u010das\u0165 na\u0161ej ob\u00fdvacej izby. Je preto d\u00f4le\u017eit\u00e9 vedie\u0165, ako vybra\u0165 konferen\u010dn\u00fd stol\u00edk.","breadcrumb":{"@id":"https:\/\/www.ikuchyne.sk\/eshop\/konferencny-stolik-ako-ho-vybrat\/#breadcrumb"},"inLanguage":"sk-SK","potentialAction":[{"@type":"ReadAction","target":["https:\/\/www.ikuchyne.sk\/eshop\/konferencny-stolik-ako-ho-vybrat\/"]}]},{"@type":"BreadcrumbList","@id":"https:\/\/www.ikuchyne.sk\/eshop\/konferencny-stolik-ako-ho-vybrat\/#breadcrumb","itemListElement":[{"@type":"ListItem","position":1,"name":"Home","item":"https:\/\/www.ikuchyne.sk\/eshop\/"},{"@type":"ListItem","position":2,"name":"Ako si vybra\u0165 konferen\u010dn\u00fd stol\u00edk?"}]},{"@type":"WebSite","@id":"https:\/\/www.ikuchyne.sk\/eshop\/#website","url":"https:\/\/www.ikuchyne.sk\/eshop\/","name":"iKuchyne iSHOP s n\u00e1bytkom","description":"Jed\u00e1lensk\u00e9 stoly, stoli\u010dky, n\u00e1bytok, svietidl\u00e1...","publisher":{"@id":"https:\/\/www.ikuchyne.sk\/eshop\/#organization"},"potentialAction":[{"@type":"SearchAction","target":{"@type":"EntryPoint","urlTemplate":"https:\/\/www.ikuchyne.sk\/eshop\/?s={search_term_string}"},"query-input":"required name=search_term_string"}],"inLanguage":"sk-SK"},{"@type":"Organization","@id":"https:\/\/www.ikuchyne.sk\/eshop\/#organization","name":"ikuchyne!","url":"https:\/\/www.ikuchyne.sk\/eshop\/","logo":{"@type":"ImageObject","inLanguage":"sk-SK","@id":"https:\/\/www.ikuchyne.sk\/eshop\/#\/schema\/logo\/image\/","url":"https:\/\/www.ikuchyne.sk\/eshop\/wp-content\/uploads\/2017\/04\/ikuchyne-logo.jpg","contentUrl":"https:\/\/www.ikuchyne.sk\/eshop\/wp-content\/uploads\/2017\/04\/ikuchyne-logo.jpg","width":200,"height":48,"caption":"ikuchyne!"},"image":{"@id":"https:\/\/www.ikuchyne.sk\/eshop\/#\/schema\/logo\/image\/"},"sameAs":["https:\/\/www.facebook.com\/ikuchyne\/","https:\/\/www.instagram.com\/ikuchyne.sk\/","https:\/\/sk.pinterest.com\/ikuchynesk\/"]},{"@type":"Person","@id":"https:\/\/www.ikuchyne.sk\/eshop\/#\/schema\/person\/df8c0cd4df07a5a18ed50756ced8c294","name":"Zuzana Dadej","image":{"@type":"ImageObject","inLanguage":"sk-SK","@id":"https:\/\/www.ikuchyne.sk\/eshop\/#\/schema\/person\/image\/","url":"https:\/\/www.ikuchyne.sk\/eshop\/wp-content\/plugins\/wp-user-avatar\/deprecated\/wp-user-avatar\/images\/wpua-96x96.png","contentUrl":"https:\/\/www.ikuchyne.sk\/eshop\/wp-content\/plugins\/wp-user-avatar\/deprecated\/wp-user-avatar\/images\/wpua-96x96.png","caption":"Zuzana Dadej"},"description":"Zuzku je \u0165a\u017ek\u00e9 zastihn\u00fa\u0165 na Slovensku. St\u00e1le lieta hore dole, ale v\u017edy sa rada vracia domov. Precestovala u\u017e Ameriku, \u00c1ziu, ale srdce je zostalo na Balk\u00e1ne. Zuzka vy\u0161tudovala marketing, miluje tancovanie a zmysel pre kr\u00e1sno vtl\u00e1\u010da do p\u00edsmenok na na\u0161om dizajn\u00e9rskom blogu.","url":"https:\/\/www.ikuchyne.sk\/eshop\/author\/zuzana-dadej\/"}]}},"_links":{"self":[{"href":"https:\/\/www.ikuchyne.sk\/eshop\/wp-json\/wp\/v2\/posts\/120353"}],"collection":[{"href":"https:\/\/www.ikuchyne.sk\/eshop\/wp-json\/wp\/v2\/posts"}],"about":[{"href":"https:\/\/www.ikuchyne.sk\/eshop\/wp-json\/wp\/v2\/types\/post"}],"author":[{"embeddable":true,"href":"https:\/\/www.ikuchyne.sk\/eshop\/wp-json\/wp\/v2\/users\/581"}],"replies":[{"embeddable":true,"href":"https:\/\/www.ikuchyne.sk\/eshop\/wp-json\/wp\/v2\/comments?post=120353"}],"version-history":[{"count":7,"href":"https:\/\/www.ikuchyne.sk\/eshop\/wp-json\/wp\/v2\/posts\/120353\/revisions"}],"predecessor-version":[{"id":120370,"href":"https:\/\/www.ikuchyne.sk\/eshop\/wp-json\/wp\/v2\/posts\/120353\/revisions\/120370"}],"wp:featuredmedia":[{"embeddable":true,"href":"https:\/\/www.ikuchyne.sk\/eshop\/wp-json\/wp\/v2\/media\/120365"}],"wp:attachment":[{"href":"https:\/\/www.ikuchyne.sk\/eshop\/wp-json\/wp\/v2\/media?parent=120353"}],"wp:term":[{"taxonomy":"category","embeddable":true,"href":"https:\/\/www.ikuchyne.sk\/eshop\/wp-json\/wp\/v2\/categories?post=120353"},{"taxonomy":"post_tag","embeddable":true,"href":"https:\/\/www.ikuchyne.sk\/eshop\/wp-json\/wp\/v2\/tags?post=120353"}],"curies":[{"name":"wp","href":"https:\/\/api.w.org\/{rel}","templated":true}]}}