{"id":120432,"date":"2019-12-07T15:54:45","date_gmt":"2019-12-07T14:54:45","guid":{"rendered":"https:\/\/ikuchyne.sk\/eshop\/?p=120432"},"modified":"2020-10-21T04:28:06","modified_gmt":"2020-10-21T02:28:06","slug":"ake-su-vianocne-trendy-pre-rok-2019","status":"publish","type":"post","link":"https:\/\/www.ikuchyne.sk\/eshop\/ake-su-vianocne-trendy-pre-rok-2019\/","title":{"rendered":"Ak\u00e9 s\u00fa viano\u010dn\u00e9 trendy pre rok 2019?"},"content":{"rendered":"<p>[vc_row][vc_column][vc_column_text]<span style=\"color: #000000\"><strong>Teploty pomaly klesaj\u00fa, obchodn\u00e9 centr\u00e1 sa roz\u017eiarili a nad\u0161enie z prich\u00e1dzaj\u00facich vianoc je u\u017e c\u00edti\u0165 vo vzduchu. Vianoce s\u00fa jedn\u00fdm zo sviatkov, kedy popust\u00edme uzdu svojej fant\u00e1zii a ka\u017ed\u00fd rok sa sna\u017e\u00edme skr\u00e1\u0161li\u0165 n\u00e1\u0161 domov nov\u00fdmi ozdobami. Ak\u00e9 s\u00fa ale viano\u010dn\u00e9 trendy v dekorovan\u00ed na rok 2019? In\u0161pirujte sa s nami.<\/strong><\/span>[\/vc_column_text][vc_single_image image=&#8221;120457&#8243; img_size=&#8221;large&#8221; add_caption=&#8221;yes&#8221; alignment=&#8221;center&#8221; style=&#8221;vc_box_rounded&#8221;][vc_column_text]<\/p>\n<h2><span style=\"color: #e3245e\"><strong>Viano\u010dn\u00e9 trendy in\u0161pirovan\u00e9 pr\u00edrodou&nbsp;<\/strong><\/span><\/h2>\n<p><span style=\"color: #000000\"><span style=\"font-weight: 400\">Pod\u013ea niektor\u00fdch \u0161t\u00fadi\u00ed je zn\u00e1me, \u017ee prostredie in\u0161pirovan\u00e9 pr\u00edrodou m\u00f4\u017ee prinies\u0165 vyrovnanos\u0165, pokoj a blahobyt. Vianoce s\u00fa perfektn\u00fdm obdob\u00edm na pou\u017eitie pr\u00edrodn\u00fdch dekor\u00e1ci\u00ed. <\/span><\/span><span style=\"color: #000000\"><span style=\"font-weight: 400\"><strong>A ke\u010f hovor\u00edme pr\u00edrodn\u00e9, mysl\u00edme hlavne <\/strong><\/span><\/span><span style=\"color: #000000\"><strong>drevo.<\/strong><\/span><\/p>\n<p><span style=\"font-weight: 400; color: #000000\">Viano\u010dn\u00e9 strom\u010deky, vence, dekor\u00e1cie na jed\u00e1lensk\u00fd st\u00f4l, n\u00e1stenn\u00e9 \u010di z\u00e1vesn\u00e9 dekor\u00e1cie\u2026&nbsp;<\/span><\/p>\n<p><span style=\"font-weight: 400; color: #000000\">Existuje to\u013eko sp\u00f4sobov, ako sa in\u0161pirova\u0165 pred n\u00e1kupom pr\u00edrodn\u00fdch viano\u010dn\u00fdch ozd\u00f4b. Po\u010fme si p\u00e1r pozrie\u0165, \u010do vy na to?<\/span><\/p>\n<h2><span style=\"font-weight: 400; color: #e3245e\">Viano\u010dn\u00e9 strom\u010deky<\/span><\/h2>\n<p><span style=\"color: #000000\"><span style=\"font-weight: 400\">\u017div\u00fd \u010di umel\u00fd? Viano\u010dn\u00e9 strom\u010deky nemusia by\u0165 rovnak\u00e9 ako pred 30 rokmi!<\/span><\/span><span style=\"color: #000000\"><span style=\"font-weight: 400\"><strong> Tento rok je na\u010dase vysk\u00fa\u0161a\u0165<\/strong><\/span><\/span><span style=\"color: #000000\"><span style=\"font-weight: 400\"> <\/span><\/span><span style=\"color: #000000\"><b>netradi\u010dn\u00fd, ale z\u00e1rove\u0148 p<\/b><\/span><span style=\"color: #000000\"><b>r\u00edrodn\u00fd \u0161t\u00fdl pre V\u00e1\u0161 viano\u010dn\u00fd strom<\/b><\/span><span style=\"color: #000000\"><span style=\"font-weight: 400\">.<\/span><\/span>[\/vc_column_text][\/vc_column][\/vc_row][vc_row][vc_column width=&#8221;1\/2&#8243;][vc_single_image image=&#8221;120434&#8243; img_size=&#8221;515&#215;600&#8243; add_caption=&#8221;yes&#8221; alignment=&#8221;center&#8221; style=&#8221;vc_box_rounded&#8221;][\/vc_column][vc_column width=&#8221;1\/2&#8243;][vc_single_image image=&#8221;120439&#8243; img_size=&#8221;515&#215;600&#8243; add_caption=&#8221;yes&#8221; alignment=&#8221;center&#8221; style=&#8221;vc_box_rounded&#8221;][\/vc_column][\/vc_row][vc_row][vc_column][vc_column_text]<span style=\"color: #000000\"><strong>In\u0161pir\u00e1ciou na netradi\u010dn\u00fd pr\u00edrodn\u00fd viano\u010dn\u00fd strom\u010dek na rok 2019 m\u00f4\u017ee by\u0165 aj <\/strong><\/span><span style=\"color: #000000\"><span style=\"color: #e3245e\"><b><a style=\"color: #e3245e\" href=\"https:\/\/ikuchyne.sk\/eshop\/?s=naplaven%C3%A9+drevo&#038;post_type=product\">naplaven\u00e9 drevo<\/a><\/b><\/span><\/span><span style=\"color: #000000\"><span style=\"font-weight: 400\">. \u0160t\u00fdlov\u00e1, no pritom jednoduch\u00e1 a modern\u00e1 dekor\u00e1cia dod\u00e1 naplaven\u00e9mu drevu ur\u010dit\u00fa eleganciu. <\/span><\/span><span style=\"color: #000000\"><span style=\"font-weight: 400\"><strong>Pre men\u0161ie priestory odpor\u00fa\u010dame vyu\u017ei\u0165 na viano\u010dn\u00fa v\u00fdzdobu napr\u00edklad <\/strong><\/span><\/span><span style=\"color: #000000\"><strong><span style=\"color: #e3245e\"><a style=\"color: #e3245e\" href=\"https:\/\/ikuchyne.sk\/eshop\/produkt\/soska-z-naplaveneho-dreva-reef-100-125cm\/\">so\u0161ku z naplaven\u00e9ho dreva<\/a><\/span><\/strong><\/span><span style=\"color: #000000\"><strong><span style=\"font-weight: 400\">.<\/span><\/strong><\/span><span style=\"color: #000000\"><span style=\"font-weight: 400\"> Nebojte sa experimentova\u0165, \u00faspech bude zaru\u010den\u00fd!<\/span><\/span>[\/vc_column_text][vc_single_image image=&#8221;120442&#8243; img_size=&#8221;515&#215;600&#8243; add_caption=&#8221;yes&#8221; alignment=&#8221;center&#8221; style=&#8221;vc_box_rounded&#8221;][vc_column_text]<\/p>\n<h2><span style=\"font-weight: 400; color: #e3245e\">Jed\u00e1lensk\u00fd st\u00f4l<\/span><\/h2>\n<p><span style=\"color: #000000\"><span style=\"font-weight: 400\">V\u00fdzdoba <\/span><\/span><span style=\"color: #000000\"><span style=\"font-weight: 400\"><span style=\"color: #e3245e\"><a style=\"color: #e3245e\" href=\"https:\/\/ikuchyne.sk\/eshop\/jedalenske-stoly\/\">jed\u00e1lensk\u00e9ho stola<\/a><\/span><\/span><\/span><span style=\"color: #000000\"><span style=\"font-weight: 400\"> je najd\u00f4le\u017eitej\u0161ia s\u00fa\u010das\u0165 viano\u010dnej dekor\u00e1cie. Povedzme si \u00faprimne, kto by si vedel predstavi\u0165 Vianoce bez typick\u00e9ho jedla? Po\u010das Vianoc tr\u00e1vime za stolom ve\u013ea \u010dasu s rodinou a <\/span><\/span><span style=\"color: #000000\"><span style=\"font-weight: 400\"><strong>k chutn\u00e9mu jedlu patr\u00ed i dekor\u00e1cia, ktor\u00e1 vyzdvihne harm\u00f3niu a kr\u00e1su Vianoc.<\/strong><\/span><\/span><\/p>\n<p><span style=\"color: #000000\"><span style=\"font-weight: 400\">Viano\u010dn\u00fdm trendom v pr\u00edrodnom dekorovan\u00ed jed\u00e1lensk\u00e9ho stola na rok 2019 je <\/span><\/span><span style=\"color: #000000\">dreven\u00e1 podlo\u017eka pod taniere<\/span><span style=\"color: #000000\"><span style=\"font-weight: 400\">. Ak\u00e9 jednoduch\u00e9, a pritom unik\u00e1tne a n\u00e1dhern\u00e9, v\u0161ak?<\/span><\/span>[\/vc_column_text][vc_single_image image=&#8221;120433&#8243; img_size=&#8221;515&#215;600&#8243; add_caption=&#8221;yes&#8221; alignment=&#8221;center&#8221; style=&#8221;vc_box_rounded&#8221;][vc_column_text]<span style=\"color: #000000\"><strong>Medzi \u010fal\u0161ie viano\u010dn\u00e9 trendy&nbsp;2019<\/strong><\/span><span style=\"color: #000000\"><strong><span style=\"font-weight: 400\"> v kuchyni, respekt\u00edve v jed\u00e1lni, patr\u00ed<\/span><\/strong><\/span><span style=\"color: #000000\"><span style=\"font-weight: 400\"> <\/span><\/span><span style=\"color: #000000\"><span style=\"font-weight: 400\"><strong>o<\/strong><\/span><\/span><span style=\"color: #000000\"><b>brovsk\u00e1 pr\u00edrodn\u00e1 stredov\u00e1 dekor\u00e1cia<\/b><\/span><span style=\"color: #000000\"><span style=\"font-weight: 400\">.<\/span><\/span><span style=\"color: #000000\"><span style=\"font-weight: 400\">&nbsp;<\/span><\/span><span style=\"color: #000000\"><span style=\"font-weight: 400\"><span style=\"color: #e3245e\"><a style=\"color: #000000\" href=\"https:\/\/www.ikuchyne.sk\/eshop\/produkt\/stojanova-lampa-naplavene-drevo-euphoria-175cm\/\">Luster Euphoria z naplaven\u00e9ho dreva<\/a><\/span><\/span><\/span><span style=\"color: #000000\"><span style=\"font-weight: 400\"> je perfektnou in\u0161pir\u00e1ciou na stredov\u00fa dekor\u00e1ciu nad v\u00e1\u0161 viano\u010dn\u00fd jed\u00e1lensk\u00fd st\u00f4l. Sta\u010d\u00ed ak ho obsypete ozdobami v podobe pr\u00edrodn\u00fdch dekor\u00e1ci\u00ed a gul\u00ed a uvid\u00edte, ako oh\u00farite va\u0161ich host\u00ed. Nesk\u00f4r n\u00e1m po\u010fakujete, pevne v to ver\u00edme.<\/span><\/span>[\/vc_column_text][vc_single_image image=&#8221;120446&#8243; img_size=&#8221;large&#8221; add_caption=&#8221;yes&#8221; alignment=&#8221;center&#8221; style=&#8221;vc_box_rounded&#8221; onclick=&#8221;custom_link&#8221; img_link_target=&#8221;_blank&#8221; link=&#8221;https:\/\/ikuchyne.sk\/eshop\/produkt\/luster-euphoria-105cm-naplavene-drevo\/&#8221;][vc_column_text]<\/p>\n<h2><span style=\"color: #e3245e\"><strong>Modr\u00e9 Vianoce<\/strong><\/span><\/h2>\n<p><span style=\"color: #000000\"><span style=\"font-weight: 400\">Zelen\u00e1, \u010derven\u00e1 a zlat\u00e1 bud\u00fa v\u017edy tradi\u010dn\u00e9 farby Vianoc, no <\/span><\/span><span style=\"color: #000000\"><b>modr\u00e1 farba je trendom v dekorovan\u00ed<\/b><\/span><span style=\"color: #000000\"><span style=\"font-weight: 400\"><strong> tohto roka<\/strong><\/span><\/span><span style=\"color: #000000\"><span style=\"font-weight: 400\">. Vo v\u0161etk\u00fdch odtie\u0148och, od par\u00ed\u017eskej modrej cez akvamar\u00ednov\u00fa a\u017e po tyrkysov\u00fa farbu. <\/span><\/span><span style=\"color: #000000\"><span style=\"font-weight: 400\"><strong>Modr\u00fa m\u00f4\u017eete<\/strong><\/span><\/span><span style=\"color: #000000\"><span style=\"font-weight: 400\"> <\/span><\/span><span style=\"color: #000000\"><b>kombinova\u0165 so striebornou, bielou, b\u00e9\u017eovou \u010di bledoru\u017eovou.<\/b><\/span><span style=\"color: #000000\"><span style=\"font-weight: 400\">&nbsp;<\/span><\/span>[\/vc_column_text][vc_message icon_fontawesome=&#8221;fa fa-lightbulb-o&#8221;]<\/p>\n<h4><strong>Rada odborn\u00edka:<\/strong><\/h4>\n<p><span style=\"font-weight: 400\">Nelimitujte sa len na ob\u00fdvaciu miestnos\u0165, respekt\u00edve na strom\u010dek. Prineste modr\u00fa aj do kuchyne \u010di na jed\u00e1lensk\u00fd st\u00f4l. Prestrite biely obrus a na\u0148 umiestnite stredov\u00fd obrus v tmavomodrej farbe. Strieborn\u00fd pr\u00edbor v\u00e1m len dopom\u00f4\u017ee.<\/span>[\/vc_message][vc_single_image image=&#8221;120436&#8243; img_size=&#8221;large&#8221; add_caption=&#8221;yes&#8221; alignment=&#8221;center&#8221; style=&#8221;vc_box_rounded&#8221;][vc_column_text]<span style=\"font-weight: 400\">Ak nechcete kupova\u0165 \u00faplne nov\u00e9 dekor\u00e1cie v tejto farbe, <\/span>sta\u010d\u00ed <span style=\"font-weight: 400\">v\u00e1m<\/span> <span style=\"font-weight: 400\">iba<\/span> modr\u00fd strom\u010dek<span style=\"font-weight: 400\"> a roz\u017eiarite cel\u00fa miestnos\u0165.<\/span>[\/vc_column_text][vc_single_image image=&#8221;120438&#8243; img_size=&#8221;515&#215;600&#8243; add_caption=&#8221;yes&#8221; alignment=&#8221;center&#8221; style=&#8221;vc_box_rounded&#8221;][vc_message message_box_color=&#8221;alert-success&#8221; icon_fontawesome=&#8221;fa fa-lightbulb-o&#8221;]<\/p>\n<h4><strong>Vedeli ste, \u017ee:<\/strong><\/h4>\n<p><span style=\"font-weight: 400\">Modr\u00e1 farba sa sp\u00e1ja s M\u00e1riou, Je\u017ei\u0161ovou matkou. Modr\u00e1 farba, respekt\u00edve modr\u00e9 farbivo bolo v stredoveku drah\u0161ie ako zlato. Mohli si ju dovoli\u0165 nosi\u0165 iba kr\u00e1\u013eovsk\u00e9 rodiny a bohat\u00e1 \u0161\u013eachta. Panna M\u00e1ria b\u00fdva \u010dasto vyobrazen\u00e1 v modr\u00fdch \u0161at\u00e1ch na zv\u00fdraznenie jej d\u00f4le\u017eitosti.<\/span>[\/vc_message][vc_column_text]<\/p>\n<h2><span style=\"color: #e3245e\"><strong>Vzory dotvoria viano\u010dn\u00fa atmosf\u00e9ru<\/strong><\/span><\/h2>\n<p><span style=\"color: #000000\"><strong>Trendmi vo viano\u010dnom dekorovan\u00ed na rok 2019 v r\u00e1mci vzorov <\/strong><\/span><span style=\"color: #000000\"><b>s\u00fa<\/b><\/span><span style=\"color: #000000\"> <\/span><span style=\"color: #000000\"><b>bodky a p\u00e1siky<\/b><\/span><span style=\"color: #000000\"><span style=\"font-weight: 400\">. <\/span><\/span><span style=\"color: #000000\"><span style=\"font-weight: 400\"><strong>Prid\u00e1va sa v\u0161ak k nim aj <\/strong><\/span><\/span><span style=\"color: #000000\"><b>k\u00e1ro<\/b><\/span><span style=\"color: #000000\"><span style=\"font-weight: 400\">, ktor\u00e9 dok\u00e1\u017ee dotvori\u0165 unik\u00e1tne viano\u010dn\u00e9 prostredie v\u00e1\u0161ho pr\u00edbytku. Ako ale za\u010dleni\u0165 tieto trendy do viano\u010dnej v\u00fdzdoby? Jednoducho! <\/span><\/span><span style=\"color: #000000\"><span style=\"font-weight: 400\"><strong>Pou\u017e\u00edvajte <\/strong><\/span><\/span><span style=\"color: #000000\"><strong><span style=\"color: #e3245e\"><a style=\"color: #e3245e\" href=\"https:\/\/ikuchyne.sk\/eshop\/?s=vank%C3%BA%C5%A1&#038;post_type=product\">vank\u00fa\u0161e<\/a><\/span><\/strong><\/span><span style=\"color: #000000\"><strong><span style=\"color: #e3245e\">, <\/span><\/strong><\/span><span style=\"color: #000000\"><strong><span style=\"color: #e3245e\"><a style=\"color: #e3245e\" href=\"https:\/\/ikuchyne.sk\/eshop\/?s=svie%C4%8Dka&#038;post_type=product\">svie\u010dky<\/a><\/span><\/strong><\/span><span style=\"color: #000000\"><strong><span style=\"color: #e3245e\">, <\/span><\/strong><\/span><span style=\"color: #000000\"><strong><span style=\"color: #e3245e\"><a style=\"color: #e3245e\" href=\"https:\/\/ikuchyne.sk\/eshop\/?s=podnos&#038;post_type=product\">podnosy<\/a><\/span><\/strong><\/span><span style=\"color: #000000\"><strong> \u010di r\u00f4zne <\/strong><\/span><span style=\"color: #000000\"><strong><span style=\"color: #e3245e\"><a style=\"color: #e3245e\" href=\"https:\/\/ikuchyne.sk\/eshop\/kategoria\/bytove-doplnky\/\">bytov\u00e9 doplnky<\/a><\/span><\/strong><\/span><span style=\"color: #000000\"><strong><span style=\"font-weight: 400\">.<\/span><\/strong><\/span><span style=\"color: #000000\"><span style=\"font-weight: 400\"> Nebojte sa odviaza\u0165 a pou\u017eite k\u00e1rovan\u00fd obrus na <\/span><\/span><span style=\"color: #000000\"><span style=\"color: #e3245e\"><strong><a style=\"color: #e3245e\" href=\"https:\/\/ikuchyne.sk\/eshop\/jedalenske-stoly\/\">jed\u00e1lensky st\u00f4l<\/a><\/strong><\/span><\/span><span style=\"color: #000000\"><span style=\"font-weight: 400\"> alebo sprchov\u00fd z\u00e1ves v k\u00fape\u013eni.<\/span><\/span>[\/vc_column_text][\/vc_column][\/vc_row][vc_row][vc_column width=&#8221;1\/3&#8243;][vc_single_image image=&#8221;120448&#8243; img_size=&#8221;large&#8221; add_caption=&#8221;yes&#8221; alignment=&#8221;center&#8221; style=&#8221;vc_box_rounded&#8221;][\/vc_column][vc_column width=&#8221;1\/3&#8243;][vc_single_image image=&#8221;120445&#8243; img_size=&#8221;large&#8221; add_caption=&#8221;yes&#8221; alignment=&#8221;center&#8221; style=&#8221;vc_box_rounded&#8221;][\/vc_column][vc_column width=&#8221;1\/3&#8243;][vc_single_image image=&#8221;120435&#8243; img_size=&#8221;large&#8221; add_caption=&#8221;yes&#8221; alignment=&#8221;center&#8221; style=&#8221;vc_box_rounded&#8221;][\/vc_column][\/vc_row][vc_row][vc_column][vc_column_text]<\/p>\n<h2><span style=\"color: #e3245e\"><strong>P\u00e1rty svetiel<\/strong><\/span><\/h2>\n<p><span style=\"color: #000000\"><b>Svie\u010dky a viano\u010dn\u00e9 svetl\u00e1 na strom\u010dek<\/b><\/span><span style=\"color: #000000\"><span style=\"font-weight: 400\"><strong> s\u00fa z\u00e1kladnou v\u00fdbavou<\/strong><\/span><\/span><span style=\"color: #000000\"><span style=\"font-weight: 400\"> ka\u017edej dom\u00e1cnosti po\u010das Vianoc. No tento rok ich <\/span><\/span><span style=\"color: #000000\">pridajte<\/span><span style=\"color: #000000\"><span style=\"font-weight: 400\">, a ve\u013ea. <\/span><\/span><span style=\"color: #000000\"><b>Trendom je tepl\u00e9 biele svetlo<\/b><\/span><span style=\"color: #000000\"><span style=\"font-weight: 400\">.&nbsp;<\/span><\/span><\/p>\n<p><span style=\"color: #000000\"><span style=\"font-weight: 400\">\u010co sa t\u00fdka svetiel, <\/span><\/span><span style=\"color: #000000\"><span style=\"font-weight: 400\"><strong>tieto Vianoce prevl\u00e1da<\/strong><\/span><\/span><span style=\"color: #000000\"><span style=\"font-weight: 400\"> <\/span><\/span><span style=\"color: #000000\"><b>maximalizmus<\/b><\/span><span style=\"color: #000000\"><span style=\"font-weight: 400\">. Ak si predstav\u00edte 10 svie\u010dok na ka\u017edom stole, sveteln\u00e9 re\u0165aze na sten\u00e1ch \u010di blikaj\u00face dekor\u00e1cie vystaven\u00e9 na okn\u00e1ch, presne o tomto hovor\u00edme.<\/span><\/span>[\/vc_column_text][\/vc_column][\/vc_row][vc_row][vc_column width=&#8221;1\/2&#8243;][vc_single_image image=&#8221;120440&#8243; img_size=&#8221;500&#215;500&#8243; add_caption=&#8221;yes&#8221; alignment=&#8221;center&#8221; style=&#8221;vc_box_rounded&#8221;][\/vc_column][vc_column width=&#8221;1\/2&#8243;][vc_single_image image=&#8221;120441&#8243; img_size=&#8221;500&#215;500&#8243; add_caption=&#8221;yes&#8221; alignment=&#8221;center&#8221; style=&#8221;vc_box_rounded&#8221; onclick=&#8221;custom_link&#8221; img_link_target=&#8221;_blank&#8221; link=&#8221;https:\/\/ikuchyne.sk\/realizacia-kuchyne-v-matnych-materialoch&#8221;][\/vc_column][\/vc_row][vc_row][vc_column][vc_column_text]<span style=\"color: #000000\"><strong>Rok 2019 priniesol do viano\u010dn\u00e9ho dekorovania <\/strong><\/span><span style=\"color: #000000\"><b>n\u00e1dych extravagancie<\/b><\/span><span style=\"color: #000000\"><span style=\"font-weight: 400\">. Vyzna\u010duje sa h\u00fdren\u00edm, flitrami a leskl\u00fdmi povrchmi. Pripom\u00edna osemdesiate roky, tento \u0161t\u00fdl p\u00f4sob\u00ed excentricky a l\u00e1ka na viano\u010dn\u00fa p\u00e1rty. Prevl\u00e1daj\u00fa trblietav\u00e9 perie, zamat, diamanty a v\u00fdrazn\u00e9 farby. Jednoducho v\u0161etko, \u010do sa leskne a dod\u00e1 viac svetla.<\/span><\/span>[\/vc_column_text][\/vc_column][\/vc_row][vc_row][vc_column][vc_single_image image=&#8221;120444&#8243; img_size=&#8221;515&#215;600&#8243; add_caption=&#8221;yes&#8221; alignment=&#8221;center&#8221; style=&#8221;vc_box_rounded&#8221;][vc_single_image image=&#8221;120443&#8243; img_size=&#8221;500&#215;500&#8243; add_caption=&#8221;yes&#8221; alignment=&#8221;center&#8221; style=&#8221;vc_box_rounded&#8221; onclick=&#8221;custom_link&#8221; img_link_target=&#8221;_blank&#8221; link=&#8221;https:\/\/ikuchyne.sk\/realizacia-kuchyne-v-matnych-materialoch&#8221;][\/vc_column][\/vc_row][vc_row][vc_column][vc_column_text]<span style=\"font-weight: 400; color: #000000\"><strong>\u010co hovor\u00edte na tieto viano\u010dn\u00e9 trendy v dekorovan\u00ed na rok 2019?<\/strong><\/span><span style=\"font-weight: 400; color: #000000\"> My sme unesen\u00ed a pote\u0161\u00ed n\u00e1s, ke\u010f vnesiete p\u00e1r in\u0161pir\u00e1ci\u00ed do va\u0161ich domovov. Pevne ver\u00edme, \u017ee sme v\u00e1s in\u0161pirovali. <\/span><span style=\"font-weight: 400; color: #000000\"><strong>Pr\u00edjemn\u00e9 ozdobovanie a kr\u00e1sne Vianoce v\u00e1m \u017eel\u00e1me.<\/strong><\/span>[\/vc_column_text][\/vc_column][\/vc_row]<\/p>\n","protected":false},"excerpt":{"rendered":"<p>[vc_row][vc_column][vc_column_text]Teploty pomaly klesaj\u00fa, obchodn\u00e9 centr\u00e1 sa roz\u017eiarili a nad\u0161enie z prich\u00e1dzaj\u00facich vianoc je u\u017e c\u00edti\u0165 vo vzduchu. Vianoce s\u00fa jedn\u00fdm zo sviatkov, kedy popust\u00edme uzdu svojej fant\u00e1zii a ka\u017ed\u00fd rok<\/p>\n","protected":false},"author":557,"featured_media":120457,"comment_status":"closed","ping_status":"open","sticky":false,"template":"","format":"standard","meta":{"footnotes":""},"categories":[1008],"tags":[],"yoast_head":"<!-- This site is optimized with the Yoast SEO plugin v22.1 - https:\/\/yoast.com\/wordpress\/plugins\/seo\/ -->\n<title>Ak\u00e9 s\u00fa viano\u010dn\u00e9 trendy pre rok 2019? &#187; iKuchyne.sk<\/title>\n<meta name=\"description\" content=\"Ak\u00e9 s\u00fa viano\u010dn\u00e9 trendy v dekorovan\u00ed na rok 2019? In\u0161pirujte sa s nami a ozobte v\u00e1\u0161 domov tak, aby ste poriadne prec\u00edtili viano\u010dn\u00fa atmosf\u00e9ru!\" \/>\n<meta name=\"robots\" content=\"index, follow, max-snippet:-1, max-image-preview:large, max-video-preview:-1\" \/>\n<link rel=\"canonical\" href=\"https:\/\/www.ikuchyne.sk\/eshop\/ake-su-vianocne-trendy-pre-rok-2019\/\" \/>\n<meta property=\"og:locale\" content=\"sk_SK\" \/>\n<meta property=\"og:type\" content=\"article\" \/>\n<meta property=\"og:title\" content=\"Ak\u00e9 s\u00fa viano\u010dn\u00e9 trendy pre rok 2019? &#187; iKuchyne.sk\" \/>\n<meta property=\"og:description\" content=\"Ak\u00e9 s\u00fa viano\u010dn\u00e9 trendy v dekorovan\u00ed na rok 2019? In\u0161pirujte sa s nami a ozobte v\u00e1\u0161 domov tak, aby ste poriadne prec\u00edtili viano\u010dn\u00fa atmosf\u00e9ru!\" \/>\n<meta property=\"og:url\" content=\"https:\/\/www.ikuchyne.sk\/eshop\/ake-su-vianocne-trendy-pre-rok-2019\/\" \/>\n<meta property=\"og:site_name\" content=\"iKuchyne iSHOP s n\u00e1bytkom\" \/>\n<meta property=\"article:publisher\" content=\"https:\/\/www.facebook.com\/ikuchyne\/\" \/>\n<meta property=\"article:published_time\" content=\"2019-12-07T14:54:45+00:00\" \/>\n<meta property=\"article:modified_time\" content=\"2020-10-21T02:28:06+00:00\" \/>\n<meta property=\"og:image\" content=\"https:\/\/www.ikuchyne.sk\/eshop\/wp-content\/uploads\/2019\/12\/vianoce-scaled.jpg\" \/>\n\t<meta property=\"og:image:width\" content=\"2560\" \/>\n\t<meta property=\"og:image:height\" content=\"1707\" \/>\n\t<meta property=\"og:image:type\" content=\"image\/jpeg\" \/>\n<meta name=\"author\" content=\"L\u00edvia Hanov\u00e1\" \/>\n<meta name=\"twitter:card\" content=\"summary_large_image\" \/>\n<meta name=\"twitter:label1\" content=\"Autor\" \/>\n\t<meta name=\"twitter:data1\" content=\"L\u00edvia Hanov\u00e1\" \/>\n\t<meta name=\"twitter:label2\" content=\"Predpokladan\u00fd \u010das \u010d\u00edtania\" \/>\n\t<meta name=\"twitter:data2\" content=\"7 min\u00fat\" \/>\n<script type=\"application\/ld+json\" class=\"yoast-schema-graph\">{\"@context\":\"https:\/\/schema.org\",\"@graph\":[{\"@type\":\"Article\",\"@id\":\"https:\/\/www.ikuchyne.sk\/eshop\/ake-su-vianocne-trendy-pre-rok-2019\/#article\",\"isPartOf\":{\"@id\":\"https:\/\/www.ikuchyne.sk\/eshop\/ake-su-vianocne-trendy-pre-rok-2019\/\"},\"author\":{\"name\":\"L\u00edvia Hanov\u00e1\",\"@id\":\"https:\/\/www.ikuchyne.sk\/eshop\/#\/schema\/person\/f933f3c4f042c1307075c3d76952fc98\"},\"headline\":\"Ak\u00e9 s\u00fa viano\u010dn\u00e9 trendy pre rok 2019?\",\"datePublished\":\"2019-12-07T14:54:45+00:00\",\"dateModified\":\"2020-10-21T02:28:06+00:00\",\"mainEntityOfPage\":{\"@id\":\"https:\/\/www.ikuchyne.sk\/eshop\/ake-su-vianocne-trendy-pre-rok-2019\/\"},\"wordCount\":1368,\"publisher\":{\"@id\":\"https:\/\/www.ikuchyne.sk\/eshop\/#organization\"},\"articleSection\":[\"IN\u0160PIR\u00c1CIE\"],\"inLanguage\":\"sk-SK\"},{\"@type\":\"WebPage\",\"@id\":\"https:\/\/www.ikuchyne.sk\/eshop\/ake-su-vianocne-trendy-pre-rok-2019\/\",\"url\":\"https:\/\/www.ikuchyne.sk\/eshop\/ake-su-vianocne-trendy-pre-rok-2019\/\",\"name\":\"Ak\u00e9 s\u00fa viano\u010dn\u00e9 trendy pre rok 2019? &#187; iKuchyne.sk\",\"isPartOf\":{\"@id\":\"https:\/\/www.ikuchyne.sk\/eshop\/#website\"},\"datePublished\":\"2019-12-07T14:54:45+00:00\",\"dateModified\":\"2020-10-21T02:28:06+00:00\",\"description\":\"Ak\u00e9 s\u00fa viano\u010dn\u00e9 trendy v dekorovan\u00ed na rok 2019? In\u0161pirujte sa s nami a ozobte v\u00e1\u0161 domov tak, aby ste poriadne prec\u00edtili viano\u010dn\u00fa atmosf\u00e9ru!\",\"breadcrumb\":{\"@id\":\"https:\/\/www.ikuchyne.sk\/eshop\/ake-su-vianocne-trendy-pre-rok-2019\/#breadcrumb\"},\"inLanguage\":\"sk-SK\",\"potentialAction\":[{\"@type\":\"ReadAction\",\"target\":[\"https:\/\/www.ikuchyne.sk\/eshop\/ake-su-vianocne-trendy-pre-rok-2019\/\"]}]},{\"@type\":\"BreadcrumbList\",\"@id\":\"https:\/\/www.ikuchyne.sk\/eshop\/ake-su-vianocne-trendy-pre-rok-2019\/#breadcrumb\",\"itemListElement\":[{\"@type\":\"ListItem\",\"position\":1,\"name\":\"Home\",\"item\":\"https:\/\/www.ikuchyne.sk\/eshop\/\"},{\"@type\":\"ListItem\",\"position\":2,\"name\":\"Ak\u00e9 s\u00fa viano\u010dn\u00e9 trendy pre rok 2019?\"}]},{\"@type\":\"WebSite\",\"@id\":\"https:\/\/www.ikuchyne.sk\/eshop\/#website\",\"url\":\"https:\/\/www.ikuchyne.sk\/eshop\/\",\"name\":\"iKuchyne iSHOP s n\u00e1bytkom\",\"description\":\"Jed\u00e1lensk\u00e9 stoly, stoli\u010dky, n\u00e1bytok, svietidl\u00e1...\",\"publisher\":{\"@id\":\"https:\/\/www.ikuchyne.sk\/eshop\/#organization\"},\"potentialAction\":[{\"@type\":\"SearchAction\",\"target\":{\"@type\":\"EntryPoint\",\"urlTemplate\":\"https:\/\/www.ikuchyne.sk\/eshop\/?s={search_term_string}\"},\"query-input\":\"required name=search_term_string\"}],\"inLanguage\":\"sk-SK\"},{\"@type\":\"Organization\",\"@id\":\"https:\/\/www.ikuchyne.sk\/eshop\/#organization\",\"name\":\"ikuchyne!\",\"url\":\"https:\/\/www.ikuchyne.sk\/eshop\/\",\"logo\":{\"@type\":\"ImageObject\",\"inLanguage\":\"sk-SK\",\"@id\":\"https:\/\/www.ikuchyne.sk\/eshop\/#\/schema\/logo\/image\/\",\"url\":\"https:\/\/www.ikuchyne.sk\/eshop\/wp-content\/uploads\/2017\/04\/ikuchyne-logo.jpg\",\"contentUrl\":\"https:\/\/www.ikuchyne.sk\/eshop\/wp-content\/uploads\/2017\/04\/ikuchyne-logo.jpg\",\"width\":200,\"height\":48,\"caption\":\"ikuchyne!\"},\"image\":{\"@id\":\"https:\/\/www.ikuchyne.sk\/eshop\/#\/schema\/logo\/image\/\"},\"sameAs\":[\"https:\/\/www.facebook.com\/ikuchyne\/\",\"https:\/\/www.instagram.com\/ikuchyne.sk\/\",\"https:\/\/sk.pinterest.com\/ikuchynesk\/\"]},{\"@type\":\"Person\",\"@id\":\"https:\/\/www.ikuchyne.sk\/eshop\/#\/schema\/person\/f933f3c4f042c1307075c3d76952fc98\",\"name\":\"L\u00edvia Hanov\u00e1\",\"image\":{\"@type\":\"ImageObject\",\"inLanguage\":\"sk-SK\",\"@id\":\"https:\/\/www.ikuchyne.sk\/eshop\/#\/schema\/person\/image\/\",\"url\":\"https:\/\/secure.gravatar.com\/avatar\/a0ee116e33d8af59f126f215afee1262?s=96&d=wp_user_avatar&r=g\",\"contentUrl\":\"https:\/\/secure.gravatar.com\/avatar\/a0ee116e33d8af59f126f215afee1262?s=96&d=wp_user_avatar&r=g\",\"caption\":\"L\u00edvia Hanov\u00e1\"},\"description\":\"L\u00edvia pracuje externe ako Social Media Specialist pre reklamn\u00fa agent\u00faru a ako Copywriter pre r\u00f4zne webstr\u00e1nky. Venuje sa spravovaniu soci\u00e1lnych siet\u00ed pre klientov, tvorbe obsahu na firemn\u00e9 weby a p\u00edsaniu \u010dl\u00e1nkov o interi\u00e9rovom dizajne a cestovan\u00ed. Cestovanie je jej v\u00e1\u0161\u0148ou, svoje z\u00e1\u017eitky zverej\u0148uje na vlastnom cestovate\u013eskom blogu.\",\"url\":\"https:\/\/www.ikuchyne.sk\/eshop\/author\/livia-hanova\/\"}]}<\/script>\n<!-- \/ Yoast SEO plugin. -->","yoast_head_json":{"title":"Ak\u00e9 s\u00fa viano\u010dn\u00e9 trendy pre rok 2019? &#187; iKuchyne.sk","description":"Ak\u00e9 s\u00fa viano\u010dn\u00e9 trendy v dekorovan\u00ed na rok 2019? In\u0161pirujte sa s nami a ozobte v\u00e1\u0161 domov tak, aby ste poriadne prec\u00edtili viano\u010dn\u00fa atmosf\u00e9ru!","robots":{"index":"index","follow":"follow","max-snippet":"max-snippet:-1","max-image-preview":"max-image-preview:large","max-video-preview":"max-video-preview:-1"},"canonical":"https:\/\/www.ikuchyne.sk\/eshop\/ake-su-vianocne-trendy-pre-rok-2019\/","og_locale":"sk_SK","og_type":"article","og_title":"Ak\u00e9 s\u00fa viano\u010dn\u00e9 trendy pre rok 2019? &#187; iKuchyne.sk","og_description":"Ak\u00e9 s\u00fa viano\u010dn\u00e9 trendy v dekorovan\u00ed na rok 2019? In\u0161pirujte sa s nami a ozobte v\u00e1\u0161 domov tak, aby ste poriadne prec\u00edtili viano\u010dn\u00fa atmosf\u00e9ru!","og_url":"https:\/\/www.ikuchyne.sk\/eshop\/ake-su-vianocne-trendy-pre-rok-2019\/","og_site_name":"iKuchyne iSHOP s n\u00e1bytkom","article_publisher":"https:\/\/www.facebook.com\/ikuchyne\/","article_published_time":"2019-12-07T14:54:45+00:00","article_modified_time":"2020-10-21T02:28:06+00:00","og_image":[{"width":2560,"height":1707,"url":"https:\/\/www.ikuchyne.sk\/eshop\/wp-content\/uploads\/2019\/12\/vianoce-scaled.jpg","type":"image\/jpeg"}],"author":"L\u00edvia Hanov\u00e1","twitter_card":"summary_large_image","twitter_misc":{"Autor":"L\u00edvia Hanov\u00e1","Predpokladan\u00fd \u010das \u010d\u00edtania":"7 min\u00fat"},"schema":{"@context":"https:\/\/schema.org","@graph":[{"@type":"Article","@id":"https:\/\/www.ikuchyne.sk\/eshop\/ake-su-vianocne-trendy-pre-rok-2019\/#article","isPartOf":{"@id":"https:\/\/www.ikuchyne.sk\/eshop\/ake-su-vianocne-trendy-pre-rok-2019\/"},"author":{"name":"L\u00edvia Hanov\u00e1","@id":"https:\/\/www.ikuchyne.sk\/eshop\/#\/schema\/person\/f933f3c4f042c1307075c3d76952fc98"},"headline":"Ak\u00e9 s\u00fa viano\u010dn\u00e9 trendy pre rok 2019?","datePublished":"2019-12-07T14:54:45+00:00","dateModified":"2020-10-21T02:28:06+00:00","mainEntityOfPage":{"@id":"https:\/\/www.ikuchyne.sk\/eshop\/ake-su-vianocne-trendy-pre-rok-2019\/"},"wordCount":1368,"publisher":{"@id":"https:\/\/www.ikuchyne.sk\/eshop\/#organization"},"articleSection":["IN\u0160PIR\u00c1CIE"],"inLanguage":"sk-SK"},{"@type":"WebPage","@id":"https:\/\/www.ikuchyne.sk\/eshop\/ake-su-vianocne-trendy-pre-rok-2019\/","url":"https:\/\/www.ikuchyne.sk\/eshop\/ake-su-vianocne-trendy-pre-rok-2019\/","name":"Ak\u00e9 s\u00fa viano\u010dn\u00e9 trendy pre rok 2019? &#187; iKuchyne.sk","isPartOf":{"@id":"https:\/\/www.ikuchyne.sk\/eshop\/#website"},"datePublished":"2019-12-07T14:54:45+00:00","dateModified":"2020-10-21T02:28:06+00:00","description":"Ak\u00e9 s\u00fa viano\u010dn\u00e9 trendy v dekorovan\u00ed na rok 2019? In\u0161pirujte sa s nami a ozobte v\u00e1\u0161 domov tak, aby ste poriadne prec\u00edtili viano\u010dn\u00fa atmosf\u00e9ru!","breadcrumb":{"@id":"https:\/\/www.ikuchyne.sk\/eshop\/ake-su-vianocne-trendy-pre-rok-2019\/#breadcrumb"},"inLanguage":"sk-SK","potentialAction":[{"@type":"ReadAction","target":["https:\/\/www.ikuchyne.sk\/eshop\/ake-su-vianocne-trendy-pre-rok-2019\/"]}]},{"@type":"BreadcrumbList","@id":"https:\/\/www.ikuchyne.sk\/eshop\/ake-su-vianocne-trendy-pre-rok-2019\/#breadcrumb","itemListElement":[{"@type":"ListItem","position":1,"name":"Home","item":"https:\/\/www.ikuchyne.sk\/eshop\/"},{"@type":"ListItem","position":2,"name":"Ak\u00e9 s\u00fa viano\u010dn\u00e9 trendy pre rok 2019?"}]},{"@type":"WebSite","@id":"https:\/\/www.ikuchyne.sk\/eshop\/#website","url":"https:\/\/www.ikuchyne.sk\/eshop\/","name":"iKuchyne iSHOP s n\u00e1bytkom","description":"Jed\u00e1lensk\u00e9 stoly, stoli\u010dky, n\u00e1bytok, svietidl\u00e1...","publisher":{"@id":"https:\/\/www.ikuchyne.sk\/eshop\/#organization"},"potentialAction":[{"@type":"SearchAction","target":{"@type":"EntryPoint","urlTemplate":"https:\/\/www.ikuchyne.sk\/eshop\/?s={search_term_string}"},"query-input":"required name=search_term_string"}],"inLanguage":"sk-SK"},{"@type":"Organization","@id":"https:\/\/www.ikuchyne.sk\/eshop\/#organization","name":"ikuchyne!","url":"https:\/\/www.ikuchyne.sk\/eshop\/","logo":{"@type":"ImageObject","inLanguage":"sk-SK","@id":"https:\/\/www.ikuchyne.sk\/eshop\/#\/schema\/logo\/image\/","url":"https:\/\/www.ikuchyne.sk\/eshop\/wp-content\/uploads\/2017\/04\/ikuchyne-logo.jpg","contentUrl":"https:\/\/www.ikuchyne.sk\/eshop\/wp-content\/uploads\/2017\/04\/ikuchyne-logo.jpg","width":200,"height":48,"caption":"ikuchyne!"},"image":{"@id":"https:\/\/www.ikuchyne.sk\/eshop\/#\/schema\/logo\/image\/"},"sameAs":["https:\/\/www.facebook.com\/ikuchyne\/","https:\/\/www.instagram.com\/ikuchyne.sk\/","https:\/\/sk.pinterest.com\/ikuchynesk\/"]},{"@type":"Person","@id":"https:\/\/www.ikuchyne.sk\/eshop\/#\/schema\/person\/f933f3c4f042c1307075c3d76952fc98","name":"L\u00edvia Hanov\u00e1","image":{"@type":"ImageObject","inLanguage":"sk-SK","@id":"https:\/\/www.ikuchyne.sk\/eshop\/#\/schema\/person\/image\/","url":"https:\/\/secure.gravatar.com\/avatar\/a0ee116e33d8af59f126f215afee1262?s=96&d=wp_user_avatar&r=g","contentUrl":"https:\/\/secure.gravatar.com\/avatar\/a0ee116e33d8af59f126f215afee1262?s=96&d=wp_user_avatar&r=g","caption":"L\u00edvia Hanov\u00e1"},"description":"L\u00edvia pracuje externe ako Social Media Specialist pre reklamn\u00fa agent\u00faru a ako Copywriter pre r\u00f4zne webstr\u00e1nky. Venuje sa spravovaniu soci\u00e1lnych siet\u00ed pre klientov, tvorbe obsahu na firemn\u00e9 weby a p\u00edsaniu \u010dl\u00e1nkov o interi\u00e9rovom dizajne a cestovan\u00ed. Cestovanie je jej v\u00e1\u0161\u0148ou, svoje z\u00e1\u017eitky zverej\u0148uje na vlastnom cestovate\u013eskom blogu.","url":"https:\/\/www.ikuchyne.sk\/eshop\/author\/livia-hanova\/"}]}},"_links":{"self":[{"href":"https:\/\/www.ikuchyne.sk\/eshop\/wp-json\/wp\/v2\/posts\/120432"}],"collection":[{"href":"https:\/\/www.ikuchyne.sk\/eshop\/wp-json\/wp\/v2\/posts"}],"about":[{"href":"https:\/\/www.ikuchyne.sk\/eshop\/wp-json\/wp\/v2\/types\/post"}],"author":[{"embeddable":true,"href":"https:\/\/www.ikuchyne.sk\/eshop\/wp-json\/wp\/v2\/users\/557"}],"replies":[{"embeddable":true,"href":"https:\/\/www.ikuchyne.sk\/eshop\/wp-json\/wp\/v2\/comments?post=120432"}],"version-history":[{"count":14,"href":"https:\/\/www.ikuchyne.sk\/eshop\/wp-json\/wp\/v2\/posts\/120432\/revisions"}],"predecessor-version":[{"id":147245,"href":"https:\/\/www.ikuchyne.sk\/eshop\/wp-json\/wp\/v2\/posts\/120432\/revisions\/147245"}],"wp:featuredmedia":[{"embeddable":true,"href":"https:\/\/www.ikuchyne.sk\/eshop\/wp-json\/wp\/v2\/media\/120457"}],"wp:attachment":[{"href":"https:\/\/www.ikuchyne.sk\/eshop\/wp-json\/wp\/v2\/media?parent=120432"}],"wp:term":[{"taxonomy":"category","embeddable":true,"href":"https:\/\/www.ikuchyne.sk\/eshop\/wp-json\/wp\/v2\/categories?post=120432"},{"taxonomy":"post_tag","embeddable":true,"href":"https:\/\/www.ikuchyne.sk\/eshop\/wp-json\/wp\/v2\/tags?post=120432"}],"curies":[{"name":"wp","href":"https:\/\/api.w.org\/{rel}","templated":true}]}}