{"id":120883,"date":"2019-12-15T15:18:31","date_gmt":"2019-12-15T14:18:31","guid":{"rendered":"https:\/\/ikuchyne.sk\/eshop\/?p=120883"},"modified":"2019-12-16T15:33:48","modified_gmt":"2019-12-16T14:33:48","slug":"vianocne-dekoracie-z-machu","status":"publish","type":"post","link":"https:\/\/www.ikuchyne.sk\/eshop\/vianocne-dekoracie-z-machu\/","title":{"rendered":"Viano\u010dn\u00e9 dekor\u00e1cie z machu"},"content":{"rendered":"<p>[vc_row][vc_column][vc_column_text]<span style=\"color: #000000;\"><b>Ke\u010f sa povie Vianoce, ka\u017ed\u00e9mu z n\u00e1s sa v mysli objav\u00ed nie\u010do in\u00e9, ale v\u0161etk\u00fdm rovnako n\u00e1m to navod\u00ed pr\u00edjemn\u00fd pocit. V na\u0161ej kult\u00fare je viano\u010dn\u00fd strom\u010dek neodmyslite\u013enou s\u00fa\u010das\u0165ou Vianoc. St\u00e1le v\u00e4\u010d\u0161\u00ed d\u00f4raz s pr\u00edchodom najkraj\u0161\u00edch sviatkov roka kladieme aj na viano\u010dn\u00fa v\u00fdzdobu na\u0161ich domovov. Prin\u00e1\u0161ame v\u00e1m in\u0161pir\u00e1ciu ako si navodi\u0165 pr\u00edjemn\u00fa viano\u010dn\u00fa atmosf\u00e9ru dekor\u00e1ciami\u00a0 v pr\u00edrodnom \u0161t\u00fdle, in\u0161pirovan\u00e9 seversk\u00fdmi trendmi. Tie toti\u017e maxim\u00e1lne zd\u00f4raz\u0148uj\u00fa jednoduchos\u0165 a sp\u00e4tos\u0165 s pr\u00edrodou. T\u00ed z v\u00e1s, ktor\u00ed sa dr\u017eia hesla v jednoduchosti je kr\u00e1sa, si v najbli\u017e\u0161\u00edch riadkoch pr\u00eddu na svoje. In\u0161pirujte sa a vytvorte si aj vy viano\u010dn\u00e9 dekor\u00e1cie z machu.<\/b><\/span>[\/vc_column_text][vc_single_image image=&#8221;120893&#8243; img_size=&#8221;600&#215;700&#8243; add_caption=&#8221;yes&#8221; alignment=&#8221;center&#8221; style=&#8221;vc_box_rounded&#8221;][\/vc_column][\/vc_row][vc_row][vc_column][vc_column_text]<\/p>\n<h2><span style=\"color: #e3245e;\"><b>O\u010dak\u00e1vanie Vianoc&#8230;<\/b><\/span><\/h2>\n<p><span style=\"color: #000000;\"><span style=\"font-weight: 400;\">Ka\u017ed\u00fd rok prvou decembrovou nede\u013eou za\u010d\u00edna to magick\u00e9 \u010dakanie pr\u00edchodu Vianoc. <\/span><strong>Adventn\u00fd veniec<\/strong><span style=\"font-weight: 400;\"><strong> nech\u00fdba v\u00a0\u017eiadnej rodine<\/strong> a\u00a0postupne sa na \u0148om do 24. decembra rozhoria v\u0161etky \u0161tyri svie\u010dky. <\/span>Kruhov\u00fd tvar je tradi\u010dn\u00fd<span style=\"font-weight: 400;\">, v\u00a0\u017eiadnom pr\u00edpade nie n\u00e1hodn\u00fd! <strong>Kruh symbolizuje neust\u00e1le sa opakuj\u00faci kolobeh ro\u010dn\u00fdch obdob\u00ed<\/strong>, v\u00a0kres\u0165anskom ch\u00e1pan\u00ed \u2013 ve\u010dnos\u0165 Boha.\u00a0<\/span><\/span><\/p>\n<p><span style=\"color: #000000;\"><strong>Na veniec sa tradi\u010dne pou\u017e\u00edvaj\u00fa <\/strong><b>v\u017edyzelen\u00e9 vetvi\u010dky ihli\u010dnanov<\/b><span style=\"font-weight: 400;\">, zelen\u00e1 je rovnako symbolom \u017eivota. Pre\u010do v\u0161ak neposun\u00fa\u0165 aran\u017eovanie adventn\u00e9ho venca na in\u00fa, netradi\u010dn\u00fa, zato symboliku zachov\u00e1vaj\u00facu \u00farove\u0148?<\/span><\/span><\/p>\n<p><span style=\"color: #000000;\"><strong>Namiesto zelen\u00fdch vetvi\u010diek ihli\u010dnanov<\/strong><b>, pou\u017eite na v\u00fdrobu adventn\u00e9ho venca mach<\/b><span style=\"font-weight: 400;\">. <strong>Aran\u017eujte machov\u00fd kruh pod\u013ea pon\u00faknutej in\u0161pir\u00e1cie v podobe <a href=\"https:\/\/ikuchyne.sk\/eshop\/produkt\/deko-miska-orient-40cm-zlata\/\"><span style=\"color: #e3245e;\">dekora\u010dn\u00fdch podnosov<\/span><\/a>.<\/strong><\/span><span style=\"font-weight: 400;\">\u00a0V\u010faka zv\u00fd\u0161en\u00fdm okrajom do nich m\u00f4\u017eeme umiestni\u0165 vlahu udr\u017euj\u00facu hmotu a\u00a0machov\u00fd veniec v\u00e1m po cel\u00fd advent zostane svie\u017ei. <strong>Kombin\u00e1cia kovov\u00e9ho lesku, zelen\u00e9ho machu a\u00a0jednoduch\u00fdch bielych svie\u010dok bude d\u00fdcha\u0165 seversk\u00fdm minimalizmom.<\/strong> Ak veniec ponech\u00e1te iba v\u00a0tomto vyhotoven\u00ed, ur\u010dite nebude ,,chudobn\u00fd\u201c! Ve\u010f spom\u00ednan\u00e9\u00a0 &#8211; v\u00a0jednoduchosti je kr\u00e1sa, bude tento veniec vystihova\u0165 najviac.<\/span><\/span><\/p>\n<p><span style=\"color: #000000;\"><span style=\"font-weight: 400;\">Ak sa rozhodnete doplni\u0165 tento z\u00e1klad adventn\u00e9ho venca jemn\u00fdmi dekor\u00e1ciami, ktor\u00e9 vystihuj\u00fa viano\u010dn\u00fa atmosf\u00e9ru pre v\u00e1s, tie\u017e ni\u010d nepre\u017eeniete.<\/span> <span style=\"font-weight: 400;\">\u00a0\u00a0\u00a0<\/span><\/span>[\/vc_column_text][\/vc_column][\/vc_row][vc_row][vc_column width=&#8221;1\/2&#8243;][vc_single_image image=&#8221;120890&#8243; img_size=&#8221;564&#215;428&#8243; add_caption=&#8221;yes&#8221; alignment=&#8221;center&#8221; style=&#8221;vc_box_rounded&#8221;][\/vc_column][vc_column width=&#8221;1\/2&#8243;][vc_single_image image=&#8221;120884&#8243; img_size=&#8221;564&#215;428&#8243; add_caption=&#8221;yes&#8221; alignment=&#8221;center&#8221; style=&#8221;vc_box_rounded&#8221; onclick=&#8221;custom_link&#8221; img_link_target=&#8221;_blank&#8221; link=&#8221;https:\/\/ikuchyne.sk\/eshop\/produkt\/deko-miska-orient-40cm-zlata\/&#8221;][\/vc_column][\/vc_row][vc_row][vc_column][vc_message message_box_color=&#8221;alert-success&#8221; icon_fontawesome=&#8221;fa fa-lightbulb-o&#8221;]<strong>Vedeli ste, \u017ee:<\/strong><\/p>\n<p><span style=\"font-weight: 400;\">Postupn\u00e9 zapa\u013eovanie adventn\u00fdch svie\u010dok m\u00e1 trad\u00edciu a\u017e od druhej polovice 20. Storo\u010d\u00ed\u00a0 a poch\u00e1dza z Nemecka. Svie\u010dky sa tie\u017e zapa\u013euj\u00fa v smere hodinov\u00fdch ru\u010di\u010diek. Farby svie\u010dok s\u00edce podliehaj\u00fa trendom a n\u00e1\u0161mu vkusu, no pod\u013ea trad\u00edci\u00ed, by mali by\u0165 tri fialov\u00e9 (fialov\u00e1 symbolizuje pokoru)\u00a0 a jedna ru\u017eov\u00e1 (na znak priate\u013estva).<\/span>[\/vc_message][vc_column_text]<\/p>\n<h2><span style=\"color: #e3245e;\"><b>\u017diariv\u00fd svietnik<\/b><\/span><\/h2>\n<p><span style=\"color: #000000;\"><strong>Gu\u013eovit\u00fd svietnik z\u00a0machu<\/strong><span style=\"font-weight: 400;\"><strong> bude p\u00fatavou, \u017eiariacou dekor\u00e1ciou v\u00e1\u0161ho predviano\u010dn\u00e9ho pr\u00edbytku.<\/strong> Zhotovte si ho v troch r\u00f4znych ve\u013ekostiach. Pou\u017ei\u0165 na to m\u00f4\u017eete <span style=\"color: #e3245e;\">dekora\u010dn\u00e9 taniere <\/span><\/span><span style=\"font-weight: 400;\">v\u00a0troch odli\u0161n\u00fdch ve\u013ekostiach. \u010ci u\u017e svietniky rozmiestnite vo va\u0161om pr\u00edbytku, alebo ich umiestnite spolu v skupine, <strong>nev\u0161edne <\/strong><\/span><b>skr\u00e1\u0161lia v\u00e1\u0161 viano\u010dn\u00fd interi\u00e9r<\/b><span style=\"font-weight: 400;\">. Jemn\u00e9 svetlo svie\u010dok v\u00e1m bude spr\u00edjem\u0148ova\u0165 ve\u010dery po\u010das cel\u00e9ho viano\u010dn\u00e9ho obdobia.<\/span><\/span>[\/vc_column_text][\/vc_column][\/vc_row][vc_row][vc_column width=&#8221;1\/2&#8243;][vc_single_image image=&#8221;120891&#8243; img_size=&#8221;564&#215;845&#8243; add_caption=&#8221;yes&#8221; alignment=&#8221;center&#8221; style=&#8221;vc_box_rounded&#8221;][\/vc_column][vc_column width=&#8221;1\/2&#8243;][vc_single_image image=&#8221;120886&#8243; img_size=&#8221;474&#215;592&#8243; add_caption=&#8221;yes&#8221; alignment=&#8221;center&#8221; style=&#8221;vc_box_rounded&#8221;][\/vc_column][\/vc_row][vc_row][vc_column][vc_single_image image=&#8221;120899&#8243; img_size=&#8221;large&#8221; add_caption=&#8221;yes&#8221; alignment=&#8221;center&#8221; style=&#8221;vc_box_rounded&#8221; onclick=&#8221;custom_link&#8221; img_link_target=&#8221;_blank&#8221; link=&#8221;https:\/\/ikuchyne.sk\/eshop\/produkt\/dekoracna-miska-orient-set-3ks-strieborna\/&#8221;][vc_column_text]<\/p>\n<h2><span style=\"color: #e3245e;\"><b>\u010cisto pr\u00edrodn\u00e9 viano\u010dn\u00e9 dekor\u00e1cie<\/b><\/span><\/h2>\n<p><span style=\"color: #000000;\"><strong>Ak chcete docieli\u0165 vidiecku jednoduchos\u0165, <\/strong>vo viano\u010dnom dekorovan\u00ed<span style=\"font-weight: 400;\"><strong> vyme\u0148te kovov\u00e9 materi\u00e1ly za<\/strong> <\/span><b>drevo<\/b><span style=\"font-weight: 400;\">. Origin\u00e1lna <\/span><b>dreven\u00e1 miska bude v\u00a0kombin\u00e1cii s\u00a0machom trefou do \u010dierneho<\/b><span style=\"font-weight: 400;\">. <\/span><span style=\"font-weight: 400;\">\u00a0V\u00e1\u0161 viano\u010dn\u00fd aran\u017em\u00e1n tak bude origin\u00e1lny a p\u00fatav\u00fd. I ke\u010f sa v\u00e1\u0161 interi\u00e9r nesie v modernom \u0161t\u00fdle, nemus\u00edte sa b\u00e1\u0165 tak\u00fdchto \u010disto pr\u00edrodn\u00fdch dekor\u00e1ci\u00ed a kombin\u00e1ci\u00ed. Vz\u00e1jomn\u00fd <\/span><b>kontrast tradi\u010dn\u00e9ho a\u00a0modren\u00e9ho je pre Vianoce v\u00edtan\u00fd<\/b><span style=\"font-weight: 400;\">. Ve\u010f aj Vianoce sa sl\u00e1via u\u017e od 4. storo\u010dia a z m\u00f3dy e\u0161te nevy\u0161li \ud83d\ude42<\/span><\/span>[\/vc_column_text][vc_single_image image=&#8221;120887&#8243; img_size=&#8221;480&#215;615&#8243; add_caption=&#8221;yes&#8221; alignment=&#8221;center&#8221; style=&#8221;vc_box_rounded&#8221;][\/vc_column][\/vc_row][vc_row][vc_column width=&#8221;1\/2&#8243;][vc_single_image image=&#8221;120888&#8243; img_size=&#8221;large&#8221; add_caption=&#8221;yes&#8221; alignment=&#8221;center&#8221; style=&#8221;vc_box_rounded&#8221; onclick=&#8221;custom_link&#8221; img_link_target=&#8221;_blank&#8221; link=&#8221;https:\/\/ikuchyne.sk\/eshop\/produkt\/miska-natur-40cm\/&#8221;][\/vc_column][vc_column width=&#8221;1\/2&#8243;][vc_single_image image=&#8221;120885&#8243; img_size=&#8221;large&#8221; add_caption=&#8221;yes&#8221; alignment=&#8221;center&#8221; style=&#8221;vc_box_rounded&#8221; onclick=&#8221;custom_link&#8221; img_link_target=&#8221;_blank&#8221; link=&#8221;https:\/\/ikuchyne.sk\/eshop\/produkt\/miska-natur-60cm\/&#8221;][\/vc_column][\/vc_row][vc_row][vc_column][vc_message icon_fontawesome=&#8221;fa fa-lightbulb-o&#8221;]<strong><b>Rada odborn\u00edka<\/b><\/strong>:<\/p>\n<p><span style=\"font-weight: 400;\">Vn\u00fatro drevenej misy vyste\u013ete igelitov\u00fdm vreckom, aby ste zabr\u00e1nili prenikaniu vlhkosti do drevenej n\u00e1doby a neznehodnotili ste ju.<\/span>[\/vc_message][vc_column_text]<\/p>\n<h2><span style=\"color: #e3245e;\"><b>Svietiace viano\u010dn\u00e9 v\u00e1zy<\/b><\/span><\/h2>\n<p><span style=\"color: #000000;\"><span style=\"font-weight: 400;\">Ak je vstupn\u00fd priestor v\u00e1\u0161ho domu dostato\u010dne priestrann\u00fd alebo <\/span>m\u00e1te v\u00a0ob\u00fdva\u010dke k\u00fat z\u00edvaj\u00faci pr\u00e1zdnotou<span style=\"font-weight: 400;\">, vytvorte si \u0161t\u00fdlov\u00fa <\/span>dekor\u00e1ciu do vysokej sklenej v\u00e1zy<span style=\"font-weight: 400;\">. <strong>Jednoducho <\/strong><\/span><strong>vrstvite mach s\u00a0viano\u010dn\u00fdmi gu\u013eami <\/strong><span style=\"font-weight: 400;\"><strong>r\u00f4znych farieb a\u00a0ve\u013ekost\u00ed.<\/strong> <strong>Ak chcete aby aran\u017em\u00e1n vynikol aj po zotmen\u00ed, zakomponujte do jednotliv\u00fdch vrstiev\u00a0 viano\u010dn\u00e9 LED osvetlenie<\/strong>. Vyp\u00edna\u010d \u013eahko ukryjete do vrchnej \u010dasti v\u00e1zy, kde bude st\u00e1le dobre dostupn\u00fd k ovl\u00e1daniu. <strong>Svietiaca viano\u010dn\u00e1 v\u00e1za v\u00e1m\u00a0 bude plni\u0165 funkciu n\u00e1ladov\u00e9ho osvetlenia.<\/strong> Vytvor\u00edte nielen p\u00fatav\u00fa viano\u010dn\u00fa dekor\u00e1ciu, ale d\u00e1te jej aj funkciu.<\/span><\/span>[\/vc_column_text][vc_single_image image=&#8221;120889&#8243; img_size=&#8221;full&#8221; add_caption=&#8221;yes&#8221; alignment=&#8221;center&#8221; style=&#8221;vc_box_rounded&#8221;][\/vc_column][\/vc_row][vc_row][vc_column][vc_column_text]<span style=\"color: #000000;\">Na\u0161e pr\u00edbytky po\u010das viano\u010dn\u00fdch sviatkov dekorujeme s\u00a0predstihom, zlat\u00fdm klincom nav\u017edy zostane viano\u010dn\u00fd strom\u010dek. <strong>Kombin\u00e1cia strom\u010deka s \u010fal\u0161\u00edmi \u010disto pr\u00edrodn\u00fdmi materi\u00e1lmi vnesie do v\u00e1\u0161ho domova omnoho v\u00e4\u010d\u0161\u00ed kus pr\u00edrody, ako len strom\u010dek s\u00e1m.<\/strong> Navy\u0161e urob\u00edte nie\u010do pre seba, ak sa vyberiete na pr\u00edjemn\u00fa prech\u00e1dzku do lesa s cie\u013eom nazbiera\u0165 mach pre viano\u010dn\u00e9 dekor\u00e1cie.<\/span>[\/vc_column_text][\/vc_column][\/vc_row]<\/p>\n","protected":false},"excerpt":{"rendered":"<p>[vc_row][vc_column][vc_column_text]Ke\u010f sa povie Vianoce, ka\u017ed\u00e9mu z n\u00e1s sa v mysli objav\u00ed nie\u010do in\u00e9, ale v\u0161etk\u00fdm rovnako n\u00e1m to navod\u00ed pr\u00edjemn\u00fd pocit. V na\u0161ej kult\u00fare je viano\u010dn\u00fd strom\u010dek neodmyslite\u013enou s\u00fa\u010das\u0165ou Vianoc.<\/p>\n","protected":false},"author":552,"featured_media":120891,"comment_status":"closed","ping_status":"open","sticky":false,"template":"","format":"standard","meta":{"footnotes":""},"categories":[1008],"tags":[],"yoast_head":"<!-- This site is optimized with the Yoast SEO plugin v22.1 - https:\/\/yoast.com\/wordpress\/plugins\/seo\/ -->\n<title>Viano\u010dn\u00e9 dekor\u00e1cie z machu &#187; iKuchyne iSHOP s n\u00e1bytkom<\/title>\n<meta name=\"description\" content=\"Ak ste milovn\u00edk trad\u00edci\u00ed a pr\u00edrody, ur\u010dite si pr\u00eddete na svoje! Vytvorte si aj vy vlastn\u00e9 viano\u010dn\u00e9 dekor\u00e1cie z machu pod\u013ea n\u00e1vodu!\" \/>\n<meta name=\"robots\" content=\"index, follow, max-snippet:-1, max-image-preview:large, max-video-preview:-1\" \/>\n<link rel=\"canonical\" href=\"https:\/\/www.ikuchyne.sk\/eshop\/vianocne-dekoracie-z-machu\/\" \/>\n<meta property=\"og:locale\" content=\"sk_SK\" \/>\n<meta property=\"og:type\" content=\"article\" \/>\n<meta property=\"og:title\" content=\"Viano\u010dn\u00e9 dekor\u00e1cie z machu &#187; iKuchyne iSHOP s n\u00e1bytkom\" \/>\n<meta property=\"og:description\" content=\"Ak ste milovn\u00edk trad\u00edci\u00ed a pr\u00edrody, ur\u010dite si pr\u00eddete na svoje! Vytvorte si aj vy vlastn\u00e9 viano\u010dn\u00e9 dekor\u00e1cie z machu pod\u013ea n\u00e1vodu!\" \/>\n<meta property=\"og:url\" content=\"https:\/\/www.ikuchyne.sk\/eshop\/vianocne-dekoracie-z-machu\/\" \/>\n<meta property=\"og:site_name\" content=\"iKuchyne iSHOP s n\u00e1bytkom\" \/>\n<meta property=\"article:publisher\" content=\"https:\/\/www.facebook.com\/ikuchyne\/\" \/>\n<meta property=\"article:published_time\" content=\"2019-12-15T14:18:31+00:00\" \/>\n<meta property=\"article:modified_time\" content=\"2019-12-16T14:33:48+00:00\" \/>\n<meta property=\"og:image\" content=\"https:\/\/www.ikuchyne.sk\/eshop\/wp-content\/uploads\/2019\/12\/svietnik.png\" \/>\n\t<meta property=\"og:image:width\" content=\"474\" \/>\n\t<meta property=\"og:image:height\" content=\"592\" \/>\n\t<meta property=\"og:image:type\" content=\"image\/png\" \/>\n<meta name=\"author\" content=\"Michaela \u0160ediv\u00e1\" \/>\n<meta name=\"twitter:card\" content=\"summary_large_image\" \/>\n<meta name=\"twitter:label1\" content=\"Autor\" \/>\n\t<meta name=\"twitter:data1\" content=\"Michaela \u0160ediv\u00e1\" \/>\n\t<meta name=\"twitter:label2\" content=\"Predpokladan\u00fd \u010das \u010d\u00edtania\" \/>\n\t<meta name=\"twitter:data2\" content=\"6 min\u00fat\" \/>\n<script type=\"application\/ld+json\" class=\"yoast-schema-graph\">{\"@context\":\"https:\/\/schema.org\",\"@graph\":[{\"@type\":\"Article\",\"@id\":\"https:\/\/www.ikuchyne.sk\/eshop\/vianocne-dekoracie-z-machu\/#article\",\"isPartOf\":{\"@id\":\"https:\/\/www.ikuchyne.sk\/eshop\/vianocne-dekoracie-z-machu\/\"},\"author\":{\"name\":\"Michaela \u0160ediv\u00e1\",\"@id\":\"https:\/\/www.ikuchyne.sk\/eshop\/#\/schema\/person\/9f339877269d8d0ccd7c452e8549848c\"},\"headline\":\"Viano\u010dn\u00e9 dekor\u00e1cie z machu\",\"datePublished\":\"2019-12-15T14:18:31+00:00\",\"dateModified\":\"2019-12-16T14:33:48+00:00\",\"mainEntityOfPage\":{\"@id\":\"https:\/\/www.ikuchyne.sk\/eshop\/vianocne-dekoracie-z-machu\/\"},\"wordCount\":1252,\"publisher\":{\"@id\":\"https:\/\/www.ikuchyne.sk\/eshop\/#organization\"},\"articleSection\":[\"IN\u0160PIR\u00c1CIE\"],\"inLanguage\":\"sk-SK\"},{\"@type\":\"WebPage\",\"@id\":\"https:\/\/www.ikuchyne.sk\/eshop\/vianocne-dekoracie-z-machu\/\",\"url\":\"https:\/\/www.ikuchyne.sk\/eshop\/vianocne-dekoracie-z-machu\/\",\"name\":\"Viano\u010dn\u00e9 dekor\u00e1cie z machu &#187; iKuchyne iSHOP s n\u00e1bytkom\",\"isPartOf\":{\"@id\":\"https:\/\/www.ikuchyne.sk\/eshop\/#website\"},\"datePublished\":\"2019-12-15T14:18:31+00:00\",\"dateModified\":\"2019-12-16T14:33:48+00:00\",\"description\":\"Ak ste milovn\u00edk trad\u00edci\u00ed a pr\u00edrody, ur\u010dite si pr\u00eddete na svoje! Vytvorte si aj vy vlastn\u00e9 viano\u010dn\u00e9 dekor\u00e1cie z machu pod\u013ea n\u00e1vodu!\",\"breadcrumb\":{\"@id\":\"https:\/\/www.ikuchyne.sk\/eshop\/vianocne-dekoracie-z-machu\/#breadcrumb\"},\"inLanguage\":\"sk-SK\",\"potentialAction\":[{\"@type\":\"ReadAction\",\"target\":[\"https:\/\/www.ikuchyne.sk\/eshop\/vianocne-dekoracie-z-machu\/\"]}]},{\"@type\":\"BreadcrumbList\",\"@id\":\"https:\/\/www.ikuchyne.sk\/eshop\/vianocne-dekoracie-z-machu\/#breadcrumb\",\"itemListElement\":[{\"@type\":\"ListItem\",\"position\":1,\"name\":\"Home\",\"item\":\"https:\/\/www.ikuchyne.sk\/eshop\/\"},{\"@type\":\"ListItem\",\"position\":2,\"name\":\"Viano\u010dn\u00e9 dekor\u00e1cie z machu\"}]},{\"@type\":\"WebSite\",\"@id\":\"https:\/\/www.ikuchyne.sk\/eshop\/#website\",\"url\":\"https:\/\/www.ikuchyne.sk\/eshop\/\",\"name\":\"iKuchyne iSHOP s n\u00e1bytkom\",\"description\":\"Jed\u00e1lensk\u00e9 stoly, stoli\u010dky, n\u00e1bytok, svietidl\u00e1...\",\"publisher\":{\"@id\":\"https:\/\/www.ikuchyne.sk\/eshop\/#organization\"},\"potentialAction\":[{\"@type\":\"SearchAction\",\"target\":{\"@type\":\"EntryPoint\",\"urlTemplate\":\"https:\/\/www.ikuchyne.sk\/eshop\/?s={search_term_string}\"},\"query-input\":\"required name=search_term_string\"}],\"inLanguage\":\"sk-SK\"},{\"@type\":\"Organization\",\"@id\":\"https:\/\/www.ikuchyne.sk\/eshop\/#organization\",\"name\":\"ikuchyne!\",\"url\":\"https:\/\/www.ikuchyne.sk\/eshop\/\",\"logo\":{\"@type\":\"ImageObject\",\"inLanguage\":\"sk-SK\",\"@id\":\"https:\/\/www.ikuchyne.sk\/eshop\/#\/schema\/logo\/image\/\",\"url\":\"https:\/\/www.ikuchyne.sk\/eshop\/wp-content\/uploads\/2017\/04\/ikuchyne-logo.jpg\",\"contentUrl\":\"https:\/\/www.ikuchyne.sk\/eshop\/wp-content\/uploads\/2017\/04\/ikuchyne-logo.jpg\",\"width\":200,\"height\":48,\"caption\":\"ikuchyne!\"},\"image\":{\"@id\":\"https:\/\/www.ikuchyne.sk\/eshop\/#\/schema\/logo\/image\/\"},\"sameAs\":[\"https:\/\/www.facebook.com\/ikuchyne\/\",\"https:\/\/www.instagram.com\/ikuchyne.sk\/\",\"https:\/\/sk.pinterest.com\/ikuchynesk\/\"]},{\"@type\":\"Person\",\"@id\":\"https:\/\/www.ikuchyne.sk\/eshop\/#\/schema\/person\/9f339877269d8d0ccd7c452e8549848c\",\"name\":\"Michaela \u0160ediv\u00e1\",\"image\":{\"@type\":\"ImageObject\",\"inLanguage\":\"sk-SK\",\"@id\":\"https:\/\/www.ikuchyne.sk\/eshop\/#\/schema\/person\/image\/\",\"url\":\"https:\/\/www.ikuchyne.sk\/eshop\/wp-content\/plugins\/wp-user-avatar\/deprecated\/wp-user-avatar\/images\/wpua-96x96.png\",\"contentUrl\":\"https:\/\/www.ikuchyne.sk\/eshop\/wp-content\/plugins\/wp-user-avatar\/deprecated\/wp-user-avatar\/images\/wpua-96x96.png\",\"caption\":\"Michaela \u0160ediv\u00e1\"},\"description\":\"Michaela sa vo vo\u013enom \u010dase venuje copywritingu a interi\u00e9rov\u00e9mu dizajnu. Medzi jej z\u00e1\u013euby patr\u00ed dobr\u00e1 kniha a oddych v pr\u00edrode.\",\"url\":\"https:\/\/www.ikuchyne.sk\/eshop\/author\/michaela-sediva\/\"}]}<\/script>\n<!-- \/ Yoast SEO plugin. -->","yoast_head_json":{"title":"Viano\u010dn\u00e9 dekor\u00e1cie z machu &#187; iKuchyne iSHOP s n\u00e1bytkom","description":"Ak ste milovn\u00edk trad\u00edci\u00ed a pr\u00edrody, ur\u010dite si pr\u00eddete na svoje! Vytvorte si aj vy vlastn\u00e9 viano\u010dn\u00e9 dekor\u00e1cie z machu pod\u013ea n\u00e1vodu!","robots":{"index":"index","follow":"follow","max-snippet":"max-snippet:-1","max-image-preview":"max-image-preview:large","max-video-preview":"max-video-preview:-1"},"canonical":"https:\/\/www.ikuchyne.sk\/eshop\/vianocne-dekoracie-z-machu\/","og_locale":"sk_SK","og_type":"article","og_title":"Viano\u010dn\u00e9 dekor\u00e1cie z machu &#187; iKuchyne iSHOP s n\u00e1bytkom","og_description":"Ak ste milovn\u00edk trad\u00edci\u00ed a pr\u00edrody, ur\u010dite si pr\u00eddete na svoje! Vytvorte si aj vy vlastn\u00e9 viano\u010dn\u00e9 dekor\u00e1cie z machu pod\u013ea n\u00e1vodu!","og_url":"https:\/\/www.ikuchyne.sk\/eshop\/vianocne-dekoracie-z-machu\/","og_site_name":"iKuchyne iSHOP s n\u00e1bytkom","article_publisher":"https:\/\/www.facebook.com\/ikuchyne\/","article_published_time":"2019-12-15T14:18:31+00:00","article_modified_time":"2019-12-16T14:33:48+00:00","og_image":[{"width":474,"height":592,"url":"https:\/\/www.ikuchyne.sk\/eshop\/wp-content\/uploads\/2019\/12\/svietnik.png","type":"image\/png"}],"author":"Michaela \u0160ediv\u00e1","twitter_card":"summary_large_image","twitter_misc":{"Autor":"Michaela \u0160ediv\u00e1","Predpokladan\u00fd \u010das \u010d\u00edtania":"6 min\u00fat"},"schema":{"@context":"https:\/\/schema.org","@graph":[{"@type":"Article","@id":"https:\/\/www.ikuchyne.sk\/eshop\/vianocne-dekoracie-z-machu\/#article","isPartOf":{"@id":"https:\/\/www.ikuchyne.sk\/eshop\/vianocne-dekoracie-z-machu\/"},"author":{"name":"Michaela \u0160ediv\u00e1","@id":"https:\/\/www.ikuchyne.sk\/eshop\/#\/schema\/person\/9f339877269d8d0ccd7c452e8549848c"},"headline":"Viano\u010dn\u00e9 dekor\u00e1cie z machu","datePublished":"2019-12-15T14:18:31+00:00","dateModified":"2019-12-16T14:33:48+00:00","mainEntityOfPage":{"@id":"https:\/\/www.ikuchyne.sk\/eshop\/vianocne-dekoracie-z-machu\/"},"wordCount":1252,"publisher":{"@id":"https:\/\/www.ikuchyne.sk\/eshop\/#organization"},"articleSection":["IN\u0160PIR\u00c1CIE"],"inLanguage":"sk-SK"},{"@type":"WebPage","@id":"https:\/\/www.ikuchyne.sk\/eshop\/vianocne-dekoracie-z-machu\/","url":"https:\/\/www.ikuchyne.sk\/eshop\/vianocne-dekoracie-z-machu\/","name":"Viano\u010dn\u00e9 dekor\u00e1cie z machu &#187; iKuchyne iSHOP s n\u00e1bytkom","isPartOf":{"@id":"https:\/\/www.ikuchyne.sk\/eshop\/#website"},"datePublished":"2019-12-15T14:18:31+00:00","dateModified":"2019-12-16T14:33:48+00:00","description":"Ak ste milovn\u00edk trad\u00edci\u00ed a pr\u00edrody, ur\u010dite si pr\u00eddete na svoje! Vytvorte si aj vy vlastn\u00e9 viano\u010dn\u00e9 dekor\u00e1cie z machu pod\u013ea n\u00e1vodu!","breadcrumb":{"@id":"https:\/\/www.ikuchyne.sk\/eshop\/vianocne-dekoracie-z-machu\/#breadcrumb"},"inLanguage":"sk-SK","potentialAction":[{"@type":"ReadAction","target":["https:\/\/www.ikuchyne.sk\/eshop\/vianocne-dekoracie-z-machu\/"]}]},{"@type":"BreadcrumbList","@id":"https:\/\/www.ikuchyne.sk\/eshop\/vianocne-dekoracie-z-machu\/#breadcrumb","itemListElement":[{"@type":"ListItem","position":1,"name":"Home","item":"https:\/\/www.ikuchyne.sk\/eshop\/"},{"@type":"ListItem","position":2,"name":"Viano\u010dn\u00e9 dekor\u00e1cie z machu"}]},{"@type":"WebSite","@id":"https:\/\/www.ikuchyne.sk\/eshop\/#website","url":"https:\/\/www.ikuchyne.sk\/eshop\/","name":"iKuchyne iSHOP s n\u00e1bytkom","description":"Jed\u00e1lensk\u00e9 stoly, stoli\u010dky, n\u00e1bytok, svietidl\u00e1...","publisher":{"@id":"https:\/\/www.ikuchyne.sk\/eshop\/#organization"},"potentialAction":[{"@type":"SearchAction","target":{"@type":"EntryPoint","urlTemplate":"https:\/\/www.ikuchyne.sk\/eshop\/?s={search_term_string}"},"query-input":"required name=search_term_string"}],"inLanguage":"sk-SK"},{"@type":"Organization","@id":"https:\/\/www.ikuchyne.sk\/eshop\/#organization","name":"ikuchyne!","url":"https:\/\/www.ikuchyne.sk\/eshop\/","logo":{"@type":"ImageObject","inLanguage":"sk-SK","@id":"https:\/\/www.ikuchyne.sk\/eshop\/#\/schema\/logo\/image\/","url":"https:\/\/www.ikuchyne.sk\/eshop\/wp-content\/uploads\/2017\/04\/ikuchyne-logo.jpg","contentUrl":"https:\/\/www.ikuchyne.sk\/eshop\/wp-content\/uploads\/2017\/04\/ikuchyne-logo.jpg","width":200,"height":48,"caption":"ikuchyne!"},"image":{"@id":"https:\/\/www.ikuchyne.sk\/eshop\/#\/schema\/logo\/image\/"},"sameAs":["https:\/\/www.facebook.com\/ikuchyne\/","https:\/\/www.instagram.com\/ikuchyne.sk\/","https:\/\/sk.pinterest.com\/ikuchynesk\/"]},{"@type":"Person","@id":"https:\/\/www.ikuchyne.sk\/eshop\/#\/schema\/person\/9f339877269d8d0ccd7c452e8549848c","name":"Michaela \u0160ediv\u00e1","image":{"@type":"ImageObject","inLanguage":"sk-SK","@id":"https:\/\/www.ikuchyne.sk\/eshop\/#\/schema\/person\/image\/","url":"https:\/\/www.ikuchyne.sk\/eshop\/wp-content\/plugins\/wp-user-avatar\/deprecated\/wp-user-avatar\/images\/wpua-96x96.png","contentUrl":"https:\/\/www.ikuchyne.sk\/eshop\/wp-content\/plugins\/wp-user-avatar\/deprecated\/wp-user-avatar\/images\/wpua-96x96.png","caption":"Michaela \u0160ediv\u00e1"},"description":"Michaela sa vo vo\u013enom \u010dase venuje copywritingu a interi\u00e9rov\u00e9mu dizajnu. Medzi jej z\u00e1\u013euby patr\u00ed dobr\u00e1 kniha a oddych v pr\u00edrode.","url":"https:\/\/www.ikuchyne.sk\/eshop\/author\/michaela-sediva\/"}]}},"_links":{"self":[{"href":"https:\/\/www.ikuchyne.sk\/eshop\/wp-json\/wp\/v2\/posts\/120883"}],"collection":[{"href":"https:\/\/www.ikuchyne.sk\/eshop\/wp-json\/wp\/v2\/posts"}],"about":[{"href":"https:\/\/www.ikuchyne.sk\/eshop\/wp-json\/wp\/v2\/types\/post"}],"author":[{"embeddable":true,"href":"https:\/\/www.ikuchyne.sk\/eshop\/wp-json\/wp\/v2\/users\/552"}],"replies":[{"embeddable":true,"href":"https:\/\/www.ikuchyne.sk\/eshop\/wp-json\/wp\/v2\/comments?post=120883"}],"version-history":[{"count":10,"href":"https:\/\/www.ikuchyne.sk\/eshop\/wp-json\/wp\/v2\/posts\/120883\/revisions"}],"predecessor-version":[{"id":120906,"href":"https:\/\/www.ikuchyne.sk\/eshop\/wp-json\/wp\/v2\/posts\/120883\/revisions\/120906"}],"wp:featuredmedia":[{"embeddable":true,"href":"https:\/\/www.ikuchyne.sk\/eshop\/wp-json\/wp\/v2\/media\/120891"}],"wp:attachment":[{"href":"https:\/\/www.ikuchyne.sk\/eshop\/wp-json\/wp\/v2\/media?parent=120883"}],"wp:term":[{"taxonomy":"category","embeddable":true,"href":"https:\/\/www.ikuchyne.sk\/eshop\/wp-json\/wp\/v2\/categories?post=120883"},{"taxonomy":"post_tag","embeddable":true,"href":"https:\/\/www.ikuchyne.sk\/eshop\/wp-json\/wp\/v2\/tags?post=120883"}],"curies":[{"name":"wp","href":"https:\/\/api.w.org\/{rel}","templated":true}]}}