{"id":122135,"date":"2020-01-18T17:36:43","date_gmt":"2020-01-18T16:36:43","guid":{"rendered":"https:\/\/ikuchyne.sk\/eshop\/?p=122135"},"modified":"2020-10-21T04:19:06","modified_gmt":"2020-10-21T02:19:06","slug":"ako-zariadit-obyvacku-tmavej-farby","status":"publish","type":"post","link":"https:\/\/www.ikuchyne.sk\/eshop\/ako-zariadit-obyvacku-tmavej-farby\/","title":{"rendered":"Ako zariadi\u0165 ob\u00fdva\u010dku tmavej farby?"},"content":{"rendered":"<p>[vc_row][vc_column][vc_column_text]<strong><span style=\"color: #000000\">Tmav\u00e9 farby s\u00fa dnes v interi\u00e9roch ve\u013emi ob\u013e\u00faben\u00e9. Pri spr\u00e1vnej kombin\u00e1ci\u00ed dok\u00e1\u017eu vytvori\u0165 pr\u00edjemn\u00fd pocit. Pri zaria\u010fovan\u00ed je d\u00f4le\u017eit\u00e9 dba\u0165 na ur\u010dit\u00e9 pravidl\u00e1. Len v\u010faka nim docielite po\u017eadovan\u00fd efekt. Ako zariadi\u0165 ob\u00fdva\u010dku tmavej farby?<\/span> <\/strong>[\/vc_column_text][vc_single_image image=&#8221;122145&#8243; img_size=&#8221;large&#8221; add_caption=&#8221;yes&#8221; alignment=&#8221;center&#8221; style=&#8221;vc_box_rounded&#8221; onclick=&#8221;custom_link&#8221; img_link_target=&#8221;_blank&#8221; link=&#8221;https:\/\/ikuchyne.sk\/eshop\/produkt\/smaragdovozelena-zamatova-rohova-sedacka-loft-220cm-s-taburetom\/&#8221;][\/vc_column][\/vc_row][vc_row][vc_column][vc_column_text]<span style=\"color: #000000\"><span style=\"font-weight: 400\">Ob\u00fdva\u010dka je ve\u013emi ru\u0161n\u00fdm miestom v byte \u010di dome. Denne v nej tr\u00e1vime sn\u00e1\u010f najviac \u010dasu. Zariaden\u00e1 by mala by\u0165 preto tak, aby ste sa v nej c\u00edtili \u010do najlep\u0161ie. <\/span><\/span><span style=\"color: #000000\"><span style=\"font-weight: 400\"><strong>Pr\u00edjemn\u00fd pocit vedia navodi\u0165 aj<\/strong><\/span><\/span><span style=\"color: #000000\"><span style=\"font-weight: 400\"> <\/span><\/span><span style=\"color: #000000\"><b>tmav\u00e9 farby<\/b><\/span><span style=\"color: #000000\"><span style=\"font-weight: 400\">.&nbsp;<\/span><\/span><\/p>\n<p><span style=\"color: #000000\"><span style=\"font-weight: 400\">Pr\u00e1ve <\/span><\/span><span style=\"color: #000000\"><span style=\"font-weight: 400\"><strong>tmav\u00e9 odtiene fialovej \u010di modrej p\u00f4sobia<\/strong><\/span><\/span><span style=\"color: #000000\"><b> luxusne a elegantne<\/b><\/span><span style=\"color: #000000\"><span style=\"font-weight: 400\">. Pri tak\u00fdchto farb\u00e1ch si v\u0161ak mus\u00edte d\u00e1va\u0165 pozor na ur\u010dit\u00e9 kombin\u00e1cie. Prem\u00fd\u0161\u013eate nad nie\u010d\u00edm podobn\u00fdm aj vy? Tento n\u00e1vod, ako zariadi\u0165 ob\u00fdva\u010dku tmavej farby, sa v\u00e1m tak ur\u010dite z\u00edde.<\/span><\/span>[\/vc_column_text][vc_single_image image=&#8221;122144&#8243; img_size=&#8221;large&#8221; add_caption=&#8221;yes&#8221; alignment=&#8221;center&#8221; style=&#8221;vc_box_rounded&#8221; onclick=&#8221;custom_link&#8221; img_link_target=&#8221;_blank&#8221; link=&#8221;https:\/\/ikuchyne.sk\/eshop\/produkt\/deko-lebka-matador-strieborna\/&#8221;][\/vc_column][\/vc_row][vc_row][vc_column][vc_column_text]<\/p>\n<h2><span style=\"color: #e3245e\"><strong>Neviete ako zariadi\u0165 ob\u00fdva\u010dku? Za\u010dnite od spr\u00e1vnej farby<\/strong><\/span><\/h2>\n<p><span style=\"color: #000000\"><span style=\"font-weight: 400\">Pri zaria\u010fovan\u00ed ob\u00fdva\u010dky je d\u00f4le\u017eit\u00e9 za\u010da\u0165 od \u00fapln\u00e9ho z\u00e1kladu. T\u00fdmto <\/span><\/span><span style=\"color: #000000\"><span style=\"font-weight: 400\"><strong>z\u00e1kladom je v\u00fdber <\/strong><\/span><\/span><span style=\"color: #000000\"><b>farby<\/b><\/span><span style=\"color: #000000\"><span style=\"font-weight: 400\">. Nehovor\u00edme len o farbe na steny, ale taktie\u017e farbe doplnkov a n\u00e1bytku. <\/span><\/span><span style=\"color: #000000\"><span style=\"font-weight: 400\"><strong>Je potrebn\u00e9&nbsp;si zada\u0165 ur\u010dit\u00fd farebn\u00fd t\u00f3n<\/strong><\/span><\/span><span style=\"color: #000000\"><span style=\"font-weight: 400\">, v ktorom m\u00f4\u017eete n\u00e1sledne ladi\u0165 v\u0161etko spolu. Ob\u00fdva\u010dka by nemala by\u0165 pln\u00e1 r\u00f4znych farebn\u00fdch kusov n\u00e1bytku a doplnkov. Taktie\u017e by nemala by\u0165 pln\u00e1 r\u00f4znych odli\u0161n\u00fdch \u0161t\u00fdlov.&nbsp;<\/span><\/span><\/p>\n<p><span style=\"color: #000000\"><span style=\"font-weight: 400\">Ak prem\u00fd\u0161\u013eate, ako zariadi\u0165 ob\u00fdva\u010dku a vybra\u0165 farbu, <\/span><\/span><span style=\"color: #000000\"><span style=\"font-weight: 400\"><strong>zoh\u013eadnite to, \u010do m\u00e1te <\/strong><\/span><\/span><span style=\"color: #000000\"><b>radi<\/b><\/span><span style=\"color: #000000\"><span style=\"font-weight: 400\">. Ak ste sk\u00f4r minimalisti, v\u00e1\u0161 \u0161t\u00fdl sa bude ubera\u0165 vzdu\u0161n\u00fdmi miestnos\u0165ami. Naopak, <\/span><\/span><span style=\"color: #000000\"><span style=\"font-weight: 400\"><strong>ak m\u00e1te radi eleganciu, tmav\u00e9 farby s\u00fa pre v\u00e1s to prav\u00e9<\/strong><\/span><\/span><span style=\"color: #000000\"><span style=\"font-weight: 400\">. Pomocou tmavej fialovej, \u010diernej \u010di tmavomodrej dok\u00e1\u017eete priam z\u00e1zraky.&nbsp;<\/span><\/span>[\/vc_column_text][\/vc_column][\/vc_row][vc_row][vc_column][vc_single_image image=&#8221;122143&#8243; img_size=&#8221;large&#8221; add_caption=&#8221;yes&#8221; alignment=&#8221;center&#8221; style=&#8221;vc_box_rounded&#8221; onclick=&#8221;custom_link&#8221; img_link_target=&#8221;_blank&#8221; link=&#8221;https:\/\/ikuchyne.sk\/eshop\/produkt\/zlaty-konferencny-stolik-storage\/&#8221;][\/vc_column][\/vc_row][vc_row][vc_column][vc_column_text]<span style=\"color: #000000\"><span style=\"font-weight: 400\">Voli\u0165 v\u0161ak m\u00f4\u017eete aj in\u00e9 tmav\u00e9 odtiene. Ak je spr\u00e1vne skombinovan\u00e1, <\/span><\/span><span style=\"color: #000000\"><span style=\"font-weight: 400\"><strong>ve\u013emi dobre vyzer\u00e1 aj tmav\u00e1 <\/strong><\/span><\/span><span style=\"color: #000000\"><b>olivovozelen\u00e1<\/b><\/span><span style=\"color: #000000\"> <\/span><span style=\"color: #000000\"><b>farba<\/b><\/span><span style=\"color: #000000\"><span style=\"font-weight: 400\">. Mo\u017enost\u00ed je naozaj ve\u013ea.&nbsp;<\/span><\/span>[\/vc_column_text][vc_message message_box_color=&#8221;alert-success&#8221; icon_fontawesome=&#8221;fa fa-lightbulb-o&#8221;]<b>Vedeli ste, \u017ee:&nbsp;<\/b><\/p>\n<p><span style=\"font-weight: 400\">Sedenie v ob\u00fdva\u010dke nemus\u00ed by\u0165 len tmav\u00e9. <\/span><span style=\"font-weight: 400\">Do tmavej ob\u00fdva\u010dky m\u00f4\u017eete zvoli\u0165 aj bled\u0161iu <\/span><span style=\"font-weight: 400\"><a href=\"https:\/\/ikuchyne.sk\/eshop\/kategoria\/sedacky\/\">seda\u010dku<\/a><\/span><span style=\"font-weight: 400\">. V\u010faka inej farbe perfektne vynikne.&nbsp;<\/span>[\/vc_message][vc_single_image image=&#8221;122142&#8243; img_size=&#8221;large&#8221; add_caption=&#8221;yes&#8221; alignment=&#8221;center&#8221; style=&#8221;vc_box_rounded&#8221; onclick=&#8221;custom_link&#8221; img_link_target=&#8221;_blank&#8221; link=&#8221;https:\/\/ikuchyne.sk\/eshop\/produkt\/striebornoseda-zamatova-sedacka-elegancia-280cm\/&#8221;][\/vc_column][\/vc_row][vc_row][vc_column][vc_column_text]<\/p>\n<h2><span style=\"color: #e3245e\"><strong>Strop mus\u00ed osta\u0165 biely<\/strong><\/span><\/h2>\n<p><span style=\"color: #000000\"><span style=\"font-weight: 400\">Akoko\u013evek je va\u0161a ob\u00fdva\u010dka ve\u013ek\u00e1, <\/span><\/span><span style=\"color: #000000\"><span style=\"font-weight: 400\"><strong>strop by mal osta\u0165<\/strong><\/span><\/span><span style=\"color: #000000\"><span style=\"font-weight: 400\"> <\/span><\/span><span style=\"color: #000000\"><b>biely<\/b><\/span><span style=\"color: #000000\"><span style=\"font-weight: 400\">. Tmav\u00e9 farby maj\u00fa tendenciu opticky zmen\u0161ova\u0165 priestor. <\/span><\/span><span style=\"color: #000000\"><span style=\"font-weight: 400\"><strong>V pr\u00edpade tmav\u00e9ho stropu by mohla va\u0161a ob\u00fdva\u010dka vyzera\u0165 omnoho men\u0161ia.<\/strong><\/span><\/span><span style=\"color: #000000\"><span style=\"font-weight: 400\"> Robi\u0165 by sa to malo nielen v pr\u00edpade mal\u00fdch ob\u00fdva\u010diek, ale taktie\u017e pri ve\u013ek\u00fdch.&nbsp;<\/span><\/span><\/p>\n<p><span style=\"color: #000000\"><strong>Biely strop vytv\u00e1ra pr\u00edjemn\u00fa atmosf\u00e9ru a zaru\u010d\u00ed, \u017ee sa nebudete c\u00edti\u0165 v ob\u00fdva\u010dke <\/strong><\/span><span style=\"color: #000000\"><b>stiesnen\u00ed<\/b><\/span><span style=\"color: #000000\"><span style=\"font-weight: 400\">. Farba dok\u00e1\u017ee ob\u00fdva\u010dke pom\u00f4c\u0165, no taktie\u017e u\u0161kodi\u0165. <\/span><\/span>[\/vc_column_text][\/vc_column][\/vc_row][vc_row][vc_column][vc_single_image image=&#8221;122141&#8243; img_size=&#8221;full&#8221; add_caption=&#8221;yes&#8221; alignment=&#8221;center&#8221; style=&#8221;vc_box_rounded&#8221; onclick=&#8221;custom_link&#8221; img_link_target=&#8221;_blank&#8221; link=&#8221;https:\/\/ikuchyne.sk\/eshop\/produkt\/biela-stolova-lampa-organicartwork-61cm\/&#8221;][\/vc_column][\/vc_row][vc_row][vc_column][vc_column_text]<\/p>\n<h2><span style=\"color: #e3245e\"><strong>Svietidl\u00e1 v hlavnej \u00falohe&nbsp;<\/strong><\/span><\/h2>\n<p><span style=\"color: #000000\"><span style=\"font-weight: 400\">\u010ci u\u017e m\u00e1te v ob\u00fdva\u010dke ve\u013ek\u00e9 okn\u00e1 alebo presn\u00fd opak, <\/span><\/span><span style=\"color: #000000\"><strong><span style=\"color: #e3245e\"><a style=\"color: #e3245e\" href=\"https:\/\/ikuchyne.sk\/eshop\/svietidla\/\">svietidl\u00e1<\/a><\/span><\/strong><\/span><span style=\"color: #000000\"><strong> s\u00fa <\/strong><\/span><span style=\"color: #000000\"><b>nutnos\u0165ou<\/b><\/span><span style=\"color: #000000\"><span style=\"font-weight: 400\">. Tmav\u00e1 ob\u00fdva\u010dka \u010dasto p\u00f4sob\u00ed aj po\u010das slne\u010dn\u00e9ho d\u0148a ve\u013emi tmavo. Vo ve\u010dern\u00fdch hodin\u00e1ch tak dok\u00e1\u017ee nemilo prekvapi\u0165.&nbsp;<\/span><\/span><\/p>\n<p><span style=\"color: #000000\"><span style=\"font-weight: 400\">A ako zariadi\u0165 ob\u00fdva\u010dku tmavej farby pomocou svietidiel? Ide to jednoducho. <\/span><\/span><span style=\"color: #000000\"><span style=\"font-weight: 400\"><strong>Tmav\u00e9 farby sa skvelo kombinuj\u00fa s<\/strong><\/span><\/span><span style=\"color: #000000\"><span style=\"font-weight: 400\"> <\/span><\/span><span style=\"color: #000000\"><b>kovom<\/b><\/span><span style=\"color: #000000\"><span style=\"font-weight: 400\">. Pr\u00e1ve v\u010faka tomuto faktu nemus\u00edte h\u013eada\u0165 tmav\u00e9 ozdobn\u00e9 lampy. Tie by toti\u017e mohli v miestnosti sk\u00f4r zanikn\u00fa\u0165. <\/span><\/span><span style=\"color: #000000\"><span style=\"font-weight: 400\"><strong>Vhodn\u00e9 s\u00fa teda kovov\u00e9 lampy, ktor\u00e9 s\u00fa \u0161t\u00fdlov\u00e9, elegantn\u00e9 a perfektne zapadn\u00fa do konceptu ob\u00fdva\u010dky.&nbsp;<\/strong><\/span><\/span>[\/vc_column_text][vc_single_image image=&#8221;122140&#8243; img_size=&#8221;full&#8221; add_caption=&#8221;yes&#8221; alignment=&#8221;center&#8221; style=&#8221;vc_box_rounded&#8221; onclick=&#8221;custom_link&#8221; img_link_target=&#8221;_blank&#8221; link=&#8221;https:\/\/ikuchyne.sk\/eshop\/produkt\/strieborny-svietnik-5-ramenny-strieborna-120cm\/&#8221;][vc_column_text]<\/p>\n<h2><span style=\"color: #e3245e\"><strong>Kombinujte t\u00f3n v t\u00f3ne<\/strong><\/span><\/h2>\n<p><span style=\"color: #000000\"><strong>V pr\u00edpade tmavej ob\u00fdva\u010dky je dobr\u00e9, ke\u010f s\u00fa aj ostatn\u00e9 miestnosti v <\/strong><\/span><span style=\"color: #000000\"><b>podobnom<\/b><\/span><span style=\"color: #000000\"><span style=\"font-weight: 400\"><strong> odtieni.<\/strong><\/span><\/span><span style=\"color: #000000\"><span style=\"font-weight: 400\"> Ma\u0165 bielu kuchy\u0148u, z ktorej sa rovno prejde do tmavej ob\u00fdva\u010dky, m\u00f4\u017ee by\u0165 \u0161ok. Preto je dobr\u00e9, ak k tmavej ob\u00fdva\u010dke skombinujete aj tmav\u00fa kuchy\u0148u, \u010di in\u00e9 miestnosti.<\/span><\/span><span style=\"color: #000000\"><span style=\"font-weight: 400\"><strong> Nie je to v\u0161ak pravidlom.&nbsp;<\/strong><\/span><\/span><\/p>\n<p><span style=\"color: #000000\"><span style=\"font-weight: 400\">Jednotliv\u00e9 kusy n\u00e1bytku nemusia by\u0165 z rovnakej ed\u00edcie. Sta\u010d\u00ed, ak bud\u00fa k sebe <\/span><\/span><span style=\"color: #000000\">ladi\u0165<\/span><span style=\"color: #000000\"><span style=\"font-weight: 400\"> farebne. Taktie\u017e nemusia by\u0165 rovnakej farby. <\/span><\/span><span style=\"color: #000000\"><span style=\"font-weight: 400\"><strong>Ladenie t\u00f3n v t\u00f3ne je pre tmav\u00fa ob\u00fdva\u010dku najlep\u0161ie.<\/strong><\/span><\/span><span style=\"color: #000000\"><span style=\"font-weight: 400\"> Vyhnete sa tak f\u00e1dnosti.&nbsp;<\/span><\/span>[\/vc_column_text][vc_single_image image=&#8221;122139&#8243; img_size=&#8221;full&#8221; add_caption=&#8221;yes&#8221; alignment=&#8221;center&#8221; style=&#8221;vc_box_rounded&#8221; onclick=&#8221;custom_link&#8221; img_link_target=&#8221;_blank&#8221; link=&#8221;https:\/\/ikuchyne.sk\/eshop\/produkt\/zrkadlo-riverside-80cm-siva\/&#8221;][vc_column_text]<span style=\"color: #000000\"><span style=\"font-weight: 400\">Ak neviete, ako zariadi\u0165 ob\u00fdva\u010dku, nemus\u00edte sa b\u00e1\u0165. <\/span><\/span><span style=\"color: #000000\"><span style=\"font-weight: 400\"><strong>Ka\u017ed\u00e1 farba m\u00e1 nieko\u013eko <\/strong><\/span><\/span><span style=\"color: #000000\"><b>odtie\u0148ov<\/b><\/span><span style=\"color: #000000\"><span style=\"font-weight: 400\">. V\u010faka tomu m\u00e1te \u0161irok\u00e9 mo\u017enosti pri n\u00e1kupe n\u00e1bytku aj doplnkov. Netreba v\u0161ak zabudn\u00fa\u0165 ani na to, \u017ee <\/span><\/span><span style=\"color: #000000\"><span style=\"font-weight: 400\"><strong>niektor\u00e9 farby m\u00f4\u017eete skombinova\u0165 dokopy<\/strong><\/span><\/span><span style=\"color: #000000\"><span style=\"font-weight: 400\">. Ide napr\u00edklad o farby ako \u010dierna a fialov\u00e1, \u010di fialov\u00e1 a modr\u00e1. Tak\u00e9to tmav\u00e9 odtiene m\u00f4\u017eete pokojne skombinova\u0165 spolu. <\/span><\/span><span style=\"color: #000000\"><span style=\"font-weight: 400\"><strong>Kombinujte v\u0161ak maxim\u00e1lne 2 &#8211; 3 podobn\u00e9 odtiene.&nbsp;<\/strong><\/span><\/span>[\/vc_column_text][vc_message message_box_color=&#8221;alert-success&#8221; icon_fontawesome=&#8221;fa fa-lightbulb-o&#8221;]<b>Rada odborn\u00edka<\/b><\/p>\n<p><span style=\"font-weight: 400\">Pri <\/span><span style=\"font-weight: 400\"><a href=\"https:\/\/ikuchyne.sk\/eshop\/svietidla\/\">svietidl\u00e1ch<\/a><\/span><span style=\"font-weight: 400\"> si d\u00e1vajte pozor. Tmav\u00e1 miestnos\u0165 s\u00edce potrebuje viac svetla, no v\u0161etk\u00e9ho ve\u013ea \u0161kod\u00ed. S lampami \u010di stropn\u00fdm svietidlom to nepreh\u00e1\u0148ajte. Do men\u0161ej ob\u00fdva\u010dky sta\u010d\u00ed jedno hlavn\u00e9 svetlo a 2 &#8211; 3 doplnkov\u00e9. <\/span>[\/vc_message][vc_single_image image=&#8221;122138&#8243; img_size=&#8221;full&#8221; add_caption=&#8221;yes&#8221; alignment=&#8221;center&#8221; style=&#8221;vc_box_rounded&#8221; onclick=&#8221;custom_link&#8221; img_link_target=&#8221;_blank&#8221; link=&#8221;https:\/\/ikuchyne.sk\/eshop\/produkt\/ruzovozlata-stojanova-lampa-big-bow-170-210cm\/&#8221;][vc_column_text]<\/p>\n<h2><span style=\"color: #e3245e\"><strong>Ako zariadi\u0165 ob\u00fdva\u010dku pomocou tmav\u00fdch doplnkov?&nbsp;<\/strong><\/span><\/h2>\n<p><span style=\"color: #000000\"><strong>V tmavej ob\u00fdva\u010dke nemusia by\u0165 len tmav\u00e9 <\/strong><\/span><span style=\"color: #000000\"><strong><span style=\"color: #e3245e\"><a style=\"color: #e3245e\" href=\"https:\/\/ikuchyne.sk\/eshop\/kategoria\/bytove-doplnky\/\">doplnky<\/a><\/span><\/strong><\/span><span style=\"color: #000000\"><strong><span style=\"color: #e3245e\"><span style=\"font-weight: 400\">.<\/span><\/span><\/strong><\/span><span style=\"color: #000000\"><span style=\"font-weight: 400\"> Tento z\u00e1klad by ste mali vedie\u0165 e\u0161te predt\u00fdm, ako v\u00f4bec tmav\u00fa ob\u00fdva\u010dku budete ma\u0165. D\u00f4vod je ten, \u017ee pr\u00e1ve <\/span><\/span><span style=\"color: #000000\"><span style=\"font-weight: 400\"><strong>doplnky v tmav\u00fdch odtie\u0148och m\u00f4\u017eu p\u00f4sobi\u0165<\/strong><\/span><\/span><span style=\"color: #000000\"><span style=\"font-weight: 400\"> <\/span><\/span><span style=\"color: #000000\"><b>f\u00e1dne<\/b><\/span><span style=\"color: #000000\"><span style=\"font-weight: 400\">. Nemusia vynikn\u00fa\u0165 a svoju \u00falohu nesplnia.&nbsp;<\/span><\/span>[\/vc_column_text][vc_single_image image=&#8221;122137&#8243; img_size=&#8221;full&#8221; add_caption=&#8221;yes&#8221; alignment=&#8221;center&#8221; style=&#8221;vc_box_rounded&#8221; onclick=&#8221;custom_link&#8221; img_link_target=&#8221;_blank&#8221; link=&#8221;https:\/\/ikuchyne.sk\/eshop\/produkt\/siva-sedacka-euphoria-230cm\/&#8221;][vc_column_text]<span style=\"color: #000000\"><span style=\"font-weight: 400\">Ako sme u\u017e spom\u00ednali vy\u0161\u0161ie, <\/span><\/span><span style=\"color: #000000\"><span style=\"font-weight: 400\"><strong>do tmavej miestnosti sa hodia <\/strong><\/span><\/span><span style=\"color: #000000\"><b>kovov\u00e9 k\u00fasky<\/b><\/span><span style=\"color: #000000\"><span style=\"font-weight: 400\">. Striebro je t\u00fdm najlep\u0161\u00edm kovom. Spolu s n\u00edm ide ruka v ruke aj siv\u00e1 a biela farba. Tieto farby vedia vynikn\u00fa\u0165, a tmav\u00e9mu miestu doda\u0165 \u0161mrnc. Nebojte sa zauj\u00edmav\u00fdch kombin\u00e1ci\u00ed.&nbsp;<\/span><\/span><\/p>\n<p><span style=\"color: #000000\"><span style=\"font-weight: 400\"><strong>Pri ot\u00e1zke, ako zariadi\u0165 ob\u00fdva\u010dku, nie je spr\u00e1vna jedna jedin\u00e1 odpove\u010f.<\/strong><\/span><\/span><span style=\"color: #000000\"><span style=\"font-weight: 400\"> Ak m\u00e1te radi tmav\u00e9 farby, pokojne na ne stavte. Jednoducho sa kombinuj\u00fa a vyzeraj\u00fa <\/span><\/span><span style=\"color: #000000\">elegantne<\/span><span style=\"color: #000000\"><span style=\"font-weight: 400\">. <\/span><\/span><span style=\"color: #000000\"><span style=\"font-weight: 400\"><strong>D\u00e1vajte si v\u0161ak pozor, miestnos\u0165 mus\u00ed ma\u0165 dostatok svetla.&nbsp;<\/strong><\/span><\/span>[\/vc_column_text][vc_single_image image=&#8221;122136&#8243; img_size=&#8221;full&#8221; add_caption=&#8221;yes&#8221; alignment=&#8221;center&#8221; style=&#8221;vc_box_rounded&#8221; onclick=&#8221;custom_link&#8221; img_link_target=&#8221;_blank&#8221; link=&#8221;https:\/\/ikuchyne.sk\/eshop\/produkt\/striebornosiva-zamatova-rohova-stolicka-loft-220cm-s-taburetom\/&#8221;][vc_column_text]<\/p>\n<h2><span style=\"color: #e3245e\"><strong>Rada na z\u00e1ver<\/strong><\/span><\/h2>\n<p><span style=\"color: #000000\"><span style=\"font-weight: 400\">Tmav\u00fdm ob\u00fdva\u010dk\u00e1m by sa mali vyh\u00fdba\u0165 \u013eudia s mal\u00fdmi miestnos\u0165ami. <\/span><\/span><span style=\"color: #000000\"><span style=\"font-weight: 400\"><strong>Tmav\u00e1 farba sama o sebe opticky <\/strong><\/span><\/span><span style=\"color: #000000\"><b>zmen\u0161uje<\/b><\/span><span style=\"color: #000000\"><span style=\"font-weight: 400\">. Mohlo by sa sta\u0165, \u017ee malej ob\u00fdva\u010dke uberiete potrebn\u00e9 rozmery.&nbsp;<\/span><\/span><\/p>\n<h5 style=\"text-align: center\"><span style=\"color: #000000\"><b>H\u013ead\u00e1te viac in\u0161pir\u00e1cie?&nbsp;<\/b><\/span><\/h5>\n<h5 style=\"text-align: center\"><span style=\"color: #000000\"><span style=\"font-weight: 400\">Pozrite si n\u00e1\u0161 e-shop<\/span><\/span><span style=\"color: #000000\"><span style=\"font-weight: 400\"><br \/>\n<\/span><\/span><span style=\"color: #000000\"><span style=\"font-weight: 400\"><span style=\"color: #e3245e\"><a style=\"color: #e3245e\" href=\"https:\/\/ikuchyne.sk\/eshop\/\">Do e-shopu<\/a><\/span><\/span><\/span><\/h5>\n<p>[\/vc_column_text][\/vc_column][\/vc_row]<\/p>\n","protected":false},"excerpt":{"rendered":"<p>[vc_row][vc_column][vc_column_text]Tmav\u00e9 farby s\u00fa dnes v interi\u00e9roch ve\u013emi ob\u013e\u00faben\u00e9. Pri spr\u00e1vnej kombin\u00e1ci\u00ed dok\u00e1\u017eu vytvori\u0165 pr\u00edjemn\u00fd pocit. Pri zaria\u010fovan\u00ed je d\u00f4le\u017eit\u00e9 dba\u0165 na ur\u010dit\u00e9 pravidl\u00e1. Len v\u010faka nim docielite po\u017eadovan\u00fd efekt. Ako<\/p>\n","protected":false},"author":560,"featured_media":122238,"comment_status":"closed","ping_status":"open","sticky":false,"template":"","format":"standard","meta":{"footnotes":""},"categories":[1010,1012],"tags":[],"yoast_head":"<!-- This site is optimized with the Yoast SEO plugin v22.1 - https:\/\/yoast.com\/wordpress\/plugins\/seo\/ -->\n<title>Ako zariadi\u0165 ob\u00fdva\u010dku tmavej farby? &#187; iKuchyne iSHOP s n\u00e1bytkom<\/title>\n<meta name=\"description\" content=\"Ako zariadi\u0165 ob\u00fdva\u010dku tmavej farby? M\u00e1me pre v\u00e1s perfektn\u00e9 tipy, ako na to! Sta\u010d\u00ed si len pre\u010d\u00edta\u0165 \u010dl\u00e1nok na blogu a budete ma\u0165 jasno.\" \/>\n<meta name=\"robots\" content=\"index, follow, max-snippet:-1, max-image-preview:large, max-video-preview:-1\" \/>\n<link rel=\"canonical\" href=\"https:\/\/www.ikuchyne.sk\/eshop\/ako-zariadit-obyvacku-tmavej-farby\/\" \/>\n<meta property=\"og:locale\" content=\"sk_SK\" \/>\n<meta property=\"og:type\" content=\"article\" \/>\n<meta property=\"og:title\" content=\"Ako zariadi\u0165 ob\u00fdva\u010dku tmavej farby? &#187; iKuchyne iSHOP s n\u00e1bytkom\" \/>\n<meta property=\"og:description\" content=\"Ako zariadi\u0165 ob\u00fdva\u010dku tmavej farby? M\u00e1me pre v\u00e1s perfektn\u00e9 tipy, ako na to! Sta\u010d\u00ed si len pre\u010d\u00edta\u0165 \u010dl\u00e1nok na blogu a budete ma\u0165 jasno.\" \/>\n<meta property=\"og:url\" content=\"https:\/\/www.ikuchyne.sk\/eshop\/ako-zariadit-obyvacku-tmavej-farby\/\" \/>\n<meta property=\"og:site_name\" content=\"iKuchyne iSHOP s n\u00e1bytkom\" \/>\n<meta property=\"article:publisher\" content=\"https:\/\/www.facebook.com\/ikuchyne\/\" \/>\n<meta property=\"article:published_time\" content=\"2020-01-18T16:36:43+00:00\" \/>\n<meta property=\"article:modified_time\" content=\"2020-10-21T02:19:06+00:00\" \/>\n<meta property=\"og:image\" content=\"https:\/\/www.ikuchyne.sk\/eshop\/wp-content\/uploads\/2020\/01\/Ecksofa-Modern-Barock-siva-zamat-39607.jpg\" \/>\n\t<meta property=\"og:image:width\" content=\"800\" \/>\n\t<meta property=\"og:image:height\" content=\"533\" \/>\n\t<meta property=\"og:image:type\" content=\"image\/jpeg\" \/>\n<meta name=\"author\" content=\"Na\u010fa \u010cern\u00e1\" \/>\n<meta name=\"twitter:card\" content=\"summary_large_image\" \/>\n<meta name=\"twitter:label1\" content=\"Autor\" \/>\n\t<meta name=\"twitter:data1\" content=\"Na\u010fa \u010cern\u00e1\" \/>\n\t<meta name=\"twitter:label2\" content=\"Predpokladan\u00fd \u010das \u010d\u00edtania\" \/>\n\t<meta name=\"twitter:data2\" content=\"7 min\u00fat\" \/>\n<script type=\"application\/ld+json\" class=\"yoast-schema-graph\">{\"@context\":\"https:\/\/schema.org\",\"@graph\":[{\"@type\":\"Article\",\"@id\":\"https:\/\/www.ikuchyne.sk\/eshop\/ako-zariadit-obyvacku-tmavej-farby\/#article\",\"isPartOf\":{\"@id\":\"https:\/\/www.ikuchyne.sk\/eshop\/ako-zariadit-obyvacku-tmavej-farby\/\"},\"author\":{\"name\":\"Na\u010fa \u010cern\u00e1\",\"@id\":\"https:\/\/www.ikuchyne.sk\/eshop\/#\/schema\/person\/4dabc1c3b4767baf98f7c971c0e602f1\"},\"headline\":\"Ako zariadi\u0165 ob\u00fdva\u010dku tmavej farby?\",\"datePublished\":\"2020-01-18T16:36:43+00:00\",\"dateModified\":\"2020-10-21T02:19:06+00:00\",\"mainEntityOfPage\":{\"@id\":\"https:\/\/www.ikuchyne.sk\/eshop\/ako-zariadit-obyvacku-tmavej-farby\/\"},\"wordCount\":1507,\"publisher\":{\"@id\":\"https:\/\/www.ikuchyne.sk\/eshop\/#organization\"},\"articleSection\":[\"N\u00c1BYTOK\",\"Ob\u00fdva\u010dky\"],\"inLanguage\":\"sk-SK\"},{\"@type\":\"WebPage\",\"@id\":\"https:\/\/www.ikuchyne.sk\/eshop\/ako-zariadit-obyvacku-tmavej-farby\/\",\"url\":\"https:\/\/www.ikuchyne.sk\/eshop\/ako-zariadit-obyvacku-tmavej-farby\/\",\"name\":\"Ako zariadi\u0165 ob\u00fdva\u010dku tmavej farby? &#187; iKuchyne iSHOP s n\u00e1bytkom\",\"isPartOf\":{\"@id\":\"https:\/\/www.ikuchyne.sk\/eshop\/#website\"},\"datePublished\":\"2020-01-18T16:36:43+00:00\",\"dateModified\":\"2020-10-21T02:19:06+00:00\",\"description\":\"Ako zariadi\u0165 ob\u00fdva\u010dku tmavej farby? M\u00e1me pre v\u00e1s perfektn\u00e9 tipy, ako na to! Sta\u010d\u00ed si len pre\u010d\u00edta\u0165 \u010dl\u00e1nok na blogu a budete ma\u0165 jasno.\",\"breadcrumb\":{\"@id\":\"https:\/\/www.ikuchyne.sk\/eshop\/ako-zariadit-obyvacku-tmavej-farby\/#breadcrumb\"},\"inLanguage\":\"sk-SK\",\"potentialAction\":[{\"@type\":\"ReadAction\",\"target\":[\"https:\/\/www.ikuchyne.sk\/eshop\/ako-zariadit-obyvacku-tmavej-farby\/\"]}]},{\"@type\":\"BreadcrumbList\",\"@id\":\"https:\/\/www.ikuchyne.sk\/eshop\/ako-zariadit-obyvacku-tmavej-farby\/#breadcrumb\",\"itemListElement\":[{\"@type\":\"ListItem\",\"position\":1,\"name\":\"Home\",\"item\":\"https:\/\/www.ikuchyne.sk\/eshop\/\"},{\"@type\":\"ListItem\",\"position\":2,\"name\":\"Ako zariadi\u0165 ob\u00fdva\u010dku tmavej farby?\"}]},{\"@type\":\"WebSite\",\"@id\":\"https:\/\/www.ikuchyne.sk\/eshop\/#website\",\"url\":\"https:\/\/www.ikuchyne.sk\/eshop\/\",\"name\":\"iKuchyne iSHOP s n\u00e1bytkom\",\"description\":\"Jed\u00e1lensk\u00e9 stoly, stoli\u010dky, n\u00e1bytok, svietidl\u00e1...\",\"publisher\":{\"@id\":\"https:\/\/www.ikuchyne.sk\/eshop\/#organization\"},\"potentialAction\":[{\"@type\":\"SearchAction\",\"target\":{\"@type\":\"EntryPoint\",\"urlTemplate\":\"https:\/\/www.ikuchyne.sk\/eshop\/?s={search_term_string}\"},\"query-input\":\"required name=search_term_string\"}],\"inLanguage\":\"sk-SK\"},{\"@type\":\"Organization\",\"@id\":\"https:\/\/www.ikuchyne.sk\/eshop\/#organization\",\"name\":\"ikuchyne!\",\"url\":\"https:\/\/www.ikuchyne.sk\/eshop\/\",\"logo\":{\"@type\":\"ImageObject\",\"inLanguage\":\"sk-SK\",\"@id\":\"https:\/\/www.ikuchyne.sk\/eshop\/#\/schema\/logo\/image\/\",\"url\":\"https:\/\/www.ikuchyne.sk\/eshop\/wp-content\/uploads\/2017\/04\/ikuchyne-logo.jpg\",\"contentUrl\":\"https:\/\/www.ikuchyne.sk\/eshop\/wp-content\/uploads\/2017\/04\/ikuchyne-logo.jpg\",\"width\":200,\"height\":48,\"caption\":\"ikuchyne!\"},\"image\":{\"@id\":\"https:\/\/www.ikuchyne.sk\/eshop\/#\/schema\/logo\/image\/\"},\"sameAs\":[\"https:\/\/www.facebook.com\/ikuchyne\/\",\"https:\/\/www.instagram.com\/ikuchyne.sk\/\",\"https:\/\/sk.pinterest.com\/ikuchynesk\/\"]},{\"@type\":\"Person\",\"@id\":\"https:\/\/www.ikuchyne.sk\/eshop\/#\/schema\/person\/4dabc1c3b4767baf98f7c971c0e602f1\",\"name\":\"Na\u010fa \u010cern\u00e1\",\"image\":{\"@type\":\"ImageObject\",\"inLanguage\":\"sk-SK\",\"@id\":\"https:\/\/www.ikuchyne.sk\/eshop\/#\/schema\/person\/image\/\",\"url\":\"https:\/\/secure.gravatar.com\/avatar\/1e0cd71452a9e8aaa44c199804481d30?s=96&d=wp_user_avatar&r=g\",\"contentUrl\":\"https:\/\/secure.gravatar.com\/avatar\/1e0cd71452a9e8aaa44c199804481d30?s=96&d=wp_user_avatar&r=g\",\"caption\":\"Na\u010fa \u010cern\u00e1\"},\"description\":\"Na\u010fa je \u0161tudentkou \u017eurnalistiky, ktor\u00e1 p\u00ed\u0161e r\u00f4zne typy \u010dl\u00e1nkov. P\u00edsaniu sa venuje u\u017e nieko\u013eko rokov. Okrem toho sa zauj\u00edma o gastron\u00f3miu a m\u00f3du. Je milovn\u00ed\u010dkou k\u00e1vy, dobr\u00fdch kn\u00edh a bojov\u00fdch \u0161portov.\",\"url\":\"https:\/\/www.ikuchyne.sk\/eshop\/author\/nada-cerna\/\"}]}<\/script>\n<!-- \/ Yoast SEO plugin. -->","yoast_head_json":{"title":"Ako zariadi\u0165 ob\u00fdva\u010dku tmavej farby? &#187; iKuchyne iSHOP s n\u00e1bytkom","description":"Ako zariadi\u0165 ob\u00fdva\u010dku tmavej farby? M\u00e1me pre v\u00e1s perfektn\u00e9 tipy, ako na to! Sta\u010d\u00ed si len pre\u010d\u00edta\u0165 \u010dl\u00e1nok na blogu a budete ma\u0165 jasno.","robots":{"index":"index","follow":"follow","max-snippet":"max-snippet:-1","max-image-preview":"max-image-preview:large","max-video-preview":"max-video-preview:-1"},"canonical":"https:\/\/www.ikuchyne.sk\/eshop\/ako-zariadit-obyvacku-tmavej-farby\/","og_locale":"sk_SK","og_type":"article","og_title":"Ako zariadi\u0165 ob\u00fdva\u010dku tmavej farby? &#187; iKuchyne iSHOP s n\u00e1bytkom","og_description":"Ako zariadi\u0165 ob\u00fdva\u010dku tmavej farby? M\u00e1me pre v\u00e1s perfektn\u00e9 tipy, ako na to! Sta\u010d\u00ed si len pre\u010d\u00edta\u0165 \u010dl\u00e1nok na blogu a budete ma\u0165 jasno.","og_url":"https:\/\/www.ikuchyne.sk\/eshop\/ako-zariadit-obyvacku-tmavej-farby\/","og_site_name":"iKuchyne iSHOP s n\u00e1bytkom","article_publisher":"https:\/\/www.facebook.com\/ikuchyne\/","article_published_time":"2020-01-18T16:36:43+00:00","article_modified_time":"2020-10-21T02:19:06+00:00","og_image":[{"width":800,"height":533,"url":"https:\/\/www.ikuchyne.sk\/eshop\/wp-content\/uploads\/2020\/01\/Ecksofa-Modern-Barock-siva-zamat-39607.jpg","type":"image\/jpeg"}],"author":"Na\u010fa \u010cern\u00e1","twitter_card":"summary_large_image","twitter_misc":{"Autor":"Na\u010fa \u010cern\u00e1","Predpokladan\u00fd \u010das \u010d\u00edtania":"7 min\u00fat"},"schema":{"@context":"https:\/\/schema.org","@graph":[{"@type":"Article","@id":"https:\/\/www.ikuchyne.sk\/eshop\/ako-zariadit-obyvacku-tmavej-farby\/#article","isPartOf":{"@id":"https:\/\/www.ikuchyne.sk\/eshop\/ako-zariadit-obyvacku-tmavej-farby\/"},"author":{"name":"Na\u010fa \u010cern\u00e1","@id":"https:\/\/www.ikuchyne.sk\/eshop\/#\/schema\/person\/4dabc1c3b4767baf98f7c971c0e602f1"},"headline":"Ako zariadi\u0165 ob\u00fdva\u010dku tmavej farby?","datePublished":"2020-01-18T16:36:43+00:00","dateModified":"2020-10-21T02:19:06+00:00","mainEntityOfPage":{"@id":"https:\/\/www.ikuchyne.sk\/eshop\/ako-zariadit-obyvacku-tmavej-farby\/"},"wordCount":1507,"publisher":{"@id":"https:\/\/www.ikuchyne.sk\/eshop\/#organization"},"articleSection":["N\u00c1BYTOK","Ob\u00fdva\u010dky"],"inLanguage":"sk-SK"},{"@type":"WebPage","@id":"https:\/\/www.ikuchyne.sk\/eshop\/ako-zariadit-obyvacku-tmavej-farby\/","url":"https:\/\/www.ikuchyne.sk\/eshop\/ako-zariadit-obyvacku-tmavej-farby\/","name":"Ako zariadi\u0165 ob\u00fdva\u010dku tmavej farby? &#187; iKuchyne iSHOP s n\u00e1bytkom","isPartOf":{"@id":"https:\/\/www.ikuchyne.sk\/eshop\/#website"},"datePublished":"2020-01-18T16:36:43+00:00","dateModified":"2020-10-21T02:19:06+00:00","description":"Ako zariadi\u0165 ob\u00fdva\u010dku tmavej farby? M\u00e1me pre v\u00e1s perfektn\u00e9 tipy, ako na to! Sta\u010d\u00ed si len pre\u010d\u00edta\u0165 \u010dl\u00e1nok na blogu a budete ma\u0165 jasno.","breadcrumb":{"@id":"https:\/\/www.ikuchyne.sk\/eshop\/ako-zariadit-obyvacku-tmavej-farby\/#breadcrumb"},"inLanguage":"sk-SK","potentialAction":[{"@type":"ReadAction","target":["https:\/\/www.ikuchyne.sk\/eshop\/ako-zariadit-obyvacku-tmavej-farby\/"]}]},{"@type":"BreadcrumbList","@id":"https:\/\/www.ikuchyne.sk\/eshop\/ako-zariadit-obyvacku-tmavej-farby\/#breadcrumb","itemListElement":[{"@type":"ListItem","position":1,"name":"Home","item":"https:\/\/www.ikuchyne.sk\/eshop\/"},{"@type":"ListItem","position":2,"name":"Ako zariadi\u0165 ob\u00fdva\u010dku tmavej farby?"}]},{"@type":"WebSite","@id":"https:\/\/www.ikuchyne.sk\/eshop\/#website","url":"https:\/\/www.ikuchyne.sk\/eshop\/","name":"iKuchyne iSHOP s n\u00e1bytkom","description":"Jed\u00e1lensk\u00e9 stoly, stoli\u010dky, n\u00e1bytok, svietidl\u00e1...","publisher":{"@id":"https:\/\/www.ikuchyne.sk\/eshop\/#organization"},"potentialAction":[{"@type":"SearchAction","target":{"@type":"EntryPoint","urlTemplate":"https:\/\/www.ikuchyne.sk\/eshop\/?s={search_term_string}"},"query-input":"required name=search_term_string"}],"inLanguage":"sk-SK"},{"@type":"Organization","@id":"https:\/\/www.ikuchyne.sk\/eshop\/#organization","name":"ikuchyne!","url":"https:\/\/www.ikuchyne.sk\/eshop\/","logo":{"@type":"ImageObject","inLanguage":"sk-SK","@id":"https:\/\/www.ikuchyne.sk\/eshop\/#\/schema\/logo\/image\/","url":"https:\/\/www.ikuchyne.sk\/eshop\/wp-content\/uploads\/2017\/04\/ikuchyne-logo.jpg","contentUrl":"https:\/\/www.ikuchyne.sk\/eshop\/wp-content\/uploads\/2017\/04\/ikuchyne-logo.jpg","width":200,"height":48,"caption":"ikuchyne!"},"image":{"@id":"https:\/\/www.ikuchyne.sk\/eshop\/#\/schema\/logo\/image\/"},"sameAs":["https:\/\/www.facebook.com\/ikuchyne\/","https:\/\/www.instagram.com\/ikuchyne.sk\/","https:\/\/sk.pinterest.com\/ikuchynesk\/"]},{"@type":"Person","@id":"https:\/\/www.ikuchyne.sk\/eshop\/#\/schema\/person\/4dabc1c3b4767baf98f7c971c0e602f1","name":"Na\u010fa \u010cern\u00e1","image":{"@type":"ImageObject","inLanguage":"sk-SK","@id":"https:\/\/www.ikuchyne.sk\/eshop\/#\/schema\/person\/image\/","url":"https:\/\/secure.gravatar.com\/avatar\/1e0cd71452a9e8aaa44c199804481d30?s=96&d=wp_user_avatar&r=g","contentUrl":"https:\/\/secure.gravatar.com\/avatar\/1e0cd71452a9e8aaa44c199804481d30?s=96&d=wp_user_avatar&r=g","caption":"Na\u010fa \u010cern\u00e1"},"description":"Na\u010fa je \u0161tudentkou \u017eurnalistiky, ktor\u00e1 p\u00ed\u0161e r\u00f4zne typy \u010dl\u00e1nkov. P\u00edsaniu sa venuje u\u017e nieko\u013eko rokov. Okrem toho sa zauj\u00edma o gastron\u00f3miu a m\u00f3du. Je milovn\u00ed\u010dkou k\u00e1vy, dobr\u00fdch kn\u00edh a bojov\u00fdch \u0161portov.","url":"https:\/\/www.ikuchyne.sk\/eshop\/author\/nada-cerna\/"}]}},"_links":{"self":[{"href":"https:\/\/www.ikuchyne.sk\/eshop\/wp-json\/wp\/v2\/posts\/122135"}],"collection":[{"href":"https:\/\/www.ikuchyne.sk\/eshop\/wp-json\/wp\/v2\/posts"}],"about":[{"href":"https:\/\/www.ikuchyne.sk\/eshop\/wp-json\/wp\/v2\/types\/post"}],"author":[{"embeddable":true,"href":"https:\/\/www.ikuchyne.sk\/eshop\/wp-json\/wp\/v2\/users\/560"}],"replies":[{"embeddable":true,"href":"https:\/\/www.ikuchyne.sk\/eshop\/wp-json\/wp\/v2\/comments?post=122135"}],"version-history":[{"count":6,"href":"https:\/\/www.ikuchyne.sk\/eshop\/wp-json\/wp\/v2\/posts\/122135\/revisions"}],"predecessor-version":[{"id":147195,"href":"https:\/\/www.ikuchyne.sk\/eshop\/wp-json\/wp\/v2\/posts\/122135\/revisions\/147195"}],"wp:featuredmedia":[{"embeddable":true,"href":"https:\/\/www.ikuchyne.sk\/eshop\/wp-json\/"}],"wp:attachment":[{"href":"https:\/\/www.ikuchyne.sk\/eshop\/wp-json\/wp\/v2\/media?parent=122135"}],"wp:term":[{"taxonomy":"category","embeddable":true,"href":"https:\/\/www.ikuchyne.sk\/eshop\/wp-json\/wp\/v2\/categories?post=122135"},{"taxonomy":"post_tag","embeddable":true,"href":"https:\/\/www.ikuchyne.sk\/eshop\/wp-json\/wp\/v2\/tags?post=122135"}],"curies":[{"name":"wp","href":"https:\/\/api.w.org\/{rel}","templated":true}]}}