{"id":124259,"date":"2020-02-21T14:16:16","date_gmt":"2020-02-21T13:16:16","guid":{"rendered":"https:\/\/ikuchyne.sk\/eshop\/?p=124259"},"modified":"2020-10-21T03:10:38","modified_gmt":"2020-10-21T01:10:38","slug":"zariadovanie-podkrovnej-kuchyne-nemusi-byt-tazke","status":"publish","type":"post","link":"https:\/\/www.ikuchyne.sk\/eshop\/zariadovanie-podkrovnej-kuchyne-nemusi-byt-tazke\/","title":{"rendered":"M\u00e1te podkrovn\u00fa kuchy\u0148u? Takto ju zariadite"},"content":{"rendered":"<p>[vc_row][vc_column][vc_column_text]<span style=\"color: #000000\"><strong>Ka\u017ed\u00e1 miestnos\u0165 v dom\u00e1cnosti by mala by\u0165 zariaden\u00e1 tak, aby ste sa v nej c\u00edtili dobre. Kuchy\u0148a v\u0161ak mus\u00ed sp\u013a\u0148a\u0165 okrem tejto po\u017eiadavky e\u0161te jednu. V tejto miestnosti \u010dasto pripravujete pokrmy, a preto mus\u00ed by\u0165 najm\u00e4 funk\u010dn\u00e1. Men\u0161\u00ed probl\u00e9m m\u00f4\u017ee nasta\u0165 v pr\u00edpade podkrovnej kuchyne. Ako ju zariadi\u0165 tak, aby v\u00e1m sl\u00fa\u017eila \u010do najlep\u0161ie?<\/strong><\/span>[\/vc_column_text][vc_single_image image=&#8221;124269&#8243; img_size=&#8221;large&#8221; add_caption=&#8221;yes&#8221; alignment=&#8221;center&#8221; style=&#8221;vc_box_rounded&#8221;][\/vc_column][\/vc_row][vc_row][vc_column][vc_column_text]<span style=\"color: #000000\"><span style=\"font-weight: 400\">Podkrovn\u00e9 kuchyne s\u00fa celkovo raritou, preto\u017ee sa nevyskytuj\u00fa pr\u00edli\u0161 \u010dasto. Ob\u010das sa v\u0161ak m\u00f4\u017ee sta\u0165, \u017ee pr\u00e1ve v\u00e1\u0161 byt alebo dom ju bude ma\u0165. <\/span><\/span><span style=\"color: #000000\"><span style=\"font-weight: 400\"><strong>Pri zaria\u010fovan\u00ed je potrebn\u00e9 dodr\u017eiava\u0165 nieko\u013eko <\/strong><\/span><\/span><span style=\"color: #000000\"><b>z\u00e1sad<\/b><\/span><span style=\"color: #000000\"><span style=\"font-weight: 400\">. V\u010faka nim budete v kuchyni ve\u013emi radi vari\u0165 \u010di piec\u0165. Spravte si zo svojej podkrovnej kuchyne miesto, ktor\u00e9 milujete.&nbsp;<\/span><\/span><\/p>\n<h2><span style=\"color: #e3245e\"><strong>Kuchy\u0148u pl\u00e1nujte dopredu<\/strong><\/span><\/h2>\n<p><span style=\"color: #000000\"><span style=\"font-weight: 400\">U\u017e viete dopredu, \u017ee budete musie\u0165 zariadi\u0165 podkrovn\u00fa kuchy\u0148u? V tom pr\u00edpade <\/span><\/span><span style=\"color: #000000\">pl\u00e1nujte<\/span><span style=\"color: #000000\"><span style=\"font-weight: 400\">!<\/span><\/span><span style=\"color: #000000\"><span style=\"font-weight: 400\"><strong> Ako sa hovor\u00ed, dvakr\u00e1t meraj, raz strihaj.<\/strong><\/span><\/span><span style=\"color: #000000\"><span style=\"font-weight: 400\"> Pri takomto type miestnosti to plat\u00ed dvojn\u00e1sobne. Nie ka\u017ed\u00fd k\u00fapen\u00fd n\u00e1bytok sa do podkrovnej kuchyne toti\u017e zmest\u00ed. Taktie\u017e, nie ka\u017ed\u00fd sa do nej hod\u00ed. Preto myslite dopredu na rozmery jednotliv\u00fdch kusov n\u00e1bytku a samotn\u00e9 situovanie.<\/span><\/span>[\/vc_column_text][vc_single_image image=&#8221;124268&#8243; img_size=&#8221;large&#8221; add_caption=&#8221;yes&#8221; alignment=&#8221;center&#8221; style=&#8221;vc_box_rounded&#8221;][\/vc_column][\/vc_row][vc_row][vc_column][vc_column_text]<span style=\"color: #000000\"><span style=\"font-weight: 400\">Ke\u010f hovor\u00edme o podkrovnej kuchyni, ka\u017ed\u00fd si vie predstavi\u0165, \u010do sa za t\u00fdmto pojmom skr\u00fdva. <\/span><\/span><span style=\"color: #000000\"><span style=\"font-weight: 400\"><strong>Zo\u0161ikmen\u00fd strop z jednej alebo z oboch str\u00e1n m\u00f4\u017ee by\u0165 ob\u010das <\/strong><\/span><\/span><span style=\"color: #000000\"><b>probl\u00e9mom<\/b><\/span><span style=\"color: #000000\"><span style=\"font-weight: 400\">. Ak v\u0161ak viete, ako na to, ide to jednoduch\u0161ie. V pr\u00edpade takejto kuchyne sa mus\u00edte rozl\u00fa\u010di\u0165 so z\u00e1vesn\u00fdmi poli\u010dkami. Rovnako s\u00fa na tom z\u00e1vesn\u00e9 <\/span><\/span><span style=\"color: #000000\"><span style=\"font-weight: 400\">skrinky<\/span><\/span><span style=\"color: #000000\"><span style=\"font-weight: 400\">. Nen\u00e1jdete im vyu\u017eitie a u\u017e v\u00f4bec nie miesto.&nbsp;<\/span><\/span><\/p>\n<p><span style=\"color: #000000\"><span style=\"font-weight: 400\">Podkrovn\u00e9 kuchyne s\u00fa ve\u013emi \u0161pecifick\u00e9 a nie v\u0161etko v nich sed\u00ed. <\/span><\/span><span style=\"color: #000000\"><span style=\"font-weight: 400\"><strong>Preto pred samotnou k\u00fapou n\u00e1bytku v\u0161etko <\/strong><\/span><\/span><span style=\"color: #000000\"><b>pl\u00e1nujte<\/b><\/span><span style=\"color: #000000\"><span style=\"font-weight: 400\">. Premyslite si, \u010di dan\u00fd n\u00e1bytok budete vedie\u0165 v kuchyni umiestni\u0165.&nbsp;<\/span><\/span>[\/vc_column_text][\/vc_column][\/vc_row][vc_row][vc_column][vc_single_image image=&#8221;124267&#8243; img_size=&#8221;large&#8221; add_caption=&#8221;yes&#8221; alignment=&#8221;center&#8221; style=&#8221;vc_box_rounded&#8221;][vc_message icon_fontawesome=&#8221;fa fa-lightbulb-o&#8221;]<strong>Rada odborn\u00edka<br \/>\n<\/strong><span style=\"font-weight: 400\">V pr\u00edpade, \u017ee ste v obchodoch nena\u0161li spr\u00e1vnu kuchynsk\u00fa linku, nez\u00fafajte. St\u00e1le m\u00e1te mo\u017enos\u0165 vybra\u0165 si <\/span>na mieru vytvoren\u00e9 linky<span style=\"font-weight: 400\">, ktor\u00e9 s\u00fa v\u00fdhodn\u00fdm a praktick\u00fdm rie\u0161en\u00edm pre mnoh\u00fdch. <\/span>[\/vc_message][vc_column_text]<\/p>\n<h2><span style=\"color: #e3245e\"><strong>Biely strop je z\u00e1klad<\/strong><\/span><\/h2>\n<p><span style=\"color: #000000\"><span style=\"font-weight: 400\">V pr\u00edpade podkrovn\u00fdch izieb je v\u0161eobecne zn\u00e1me, \u017ee maj\u00fa zn\u00ed\u017een\u00fd strop. Miestnos\u0165 m\u00f4\u017ee vyzera\u0165 opticky <\/span><\/span><span style=\"color: #000000\">men\u0161ie<\/span><span style=\"color: #000000\"><span style=\"font-weight: 400\">. Taktie\u017e sa v nej m\u00f4\u017eete c\u00edti\u0165 stiesnene. Pr\u00e1ve preto<\/span><\/span><span style=\"color: #000000\"><span style=\"font-weight: 400\"><strong> je d\u00f4le\u017eit\u00e9 stavi\u0165 na spr\u00e1vnu farbu a zariadenie.<\/strong><\/span><\/span><span style=\"font-weight: 400\"> <\/span>[\/vc_column_text][vc_single_image image=&#8221;124266&#8243; img_size=&#8221;large&#8221; add_caption=&#8221;yes&#8221; alignment=&#8221;center&#8221; style=&#8221;vc_box_rounded&#8221;][vc_column_text]<span style=\"color: #000000\"><strong>Najd\u00f4le\u017eitej\u0161ou farbou je<\/strong><\/span><span style=\"color: #000000\"><b> farba stropu<\/b><\/span><span style=\"color: #000000\"><span style=\"font-weight: 400\">. Pri tejto \u010dasti by ste mali voli\u0165 klasiku. Strop nama\u013eujte na bielo. Biela farba vie opticky miestnos\u0165 zv\u00e4\u010d\u0161i\u0165. Okrem toho prin\u00e1\u0161a pokoj a pr\u00edjemn\u00fa atmosf\u00e9ru. V kuchyni sa budete c\u00edti\u0165 dobre a pocit stiesnenia sa vypar\u00ed.&nbsp;<\/span><\/span>[\/vc_column_text][\/vc_column][\/vc_row][vc_row][vc_column][vc_message message_box_color=&#8221;alert-success&#8221; icon_fontawesome=&#8221;fa fa-lightbulb-o&#8221;]<strong>Vedeli ste, \u017ee \u2026<br \/>\n<\/strong><span style=\"font-weight: 400\">Biely strop sa hod\u00ed ku <\/span>ka\u017edej farbe<span style=\"font-weight: 400\">. Kuchy\u0148u m\u00f4\u017eete ma\u0165 pokojne tmav\u00fa alebo krik\u013eav\u00fa. Biela je jednoducho farba, ktor\u00fa skombinujete s ka\u017ed\u00fdm odtie\u0148om.<\/span><span style=\"font-weight: 400\">&nbsp;<\/span>[\/vc_message][vc_single_image image=&#8221;124265&#8243; img_size=&#8221;large&#8221; add_caption=&#8221;yes&#8221; alignment=&#8221;center&#8221; style=&#8221;vc_box_rounded&#8221;][\/vc_column][\/vc_row][vc_row][vc_column][vc_column_text]<\/p>\n<h2><span style=\"color: #e3245e\"><strong>Kuchy\u0148a mus\u00ed d\u00fdcha\u0165<\/strong><\/span><\/h2>\n<p><span style=\"color: #000000\"><span style=\"font-weight: 400\">Okrem stropu je d\u00f4le\u017eit\u00e9 aj zariadenie. <\/span><\/span><span style=\"color: #000000\"><span style=\"font-weight: 400\"><span style=\"color: #e3245e\"><a style=\"color: #000000\" href=\"https:\/\/ikuchyne.sk\/eshop\/nabytok\/\">N\u00e1bytok<\/a><\/span><\/span><\/span><span style=\"color: #000000\"><span style=\"font-weight: 400\"> by mal by\u0165 minimalistick\u00fd a jednoduch\u00fd. Mal by ladi\u0165 spolu s ostatn\u00fdmi k\u00faskami. <\/span><\/span><span style=\"color: #000000\"><span style=\"font-weight: 400\"><strong>Vyhnite sa materi\u00e1lom, ako napr\u00edklad<\/strong><\/span><\/span><span style=\"color: #000000\"><span style=\"font-weight: 400\"> <\/span><\/span><span style=\"color: #000000\"><b>mas\u00edv<\/b><\/span><span style=\"color: #000000\"><span style=\"font-weight: 400\">. Je pr\u00edli\u0161 ve\u013ek\u00fd a hod\u00ed sa sk\u00f4r do otvoren\u00fdch priestorov.&nbsp;<\/span><\/span><\/p>\n<p><span style=\"color: #000000\"><span style=\"font-weight: 400\">N\u00e1bytok v\u0161ak nie je to jedin\u00e9, na \u010do si v podkrovnej kuchyni treba da\u0165 pozor. <\/span><\/span><span style=\"color: #000000\"><span style=\"font-weight: 400\"><strong>Okrem toho by ste mali myslie\u0165 na <\/strong><\/span><\/span><span style=\"color: #000000\"><b><a style=\"color: #000000\" href=\"https:\/\/ikuchyne.sk\/eshop\/kategoria\/bytove-doplnky\/\">doplnky<\/a><\/b><\/span><span style=\"color: #000000\"><span style=\"font-weight: 400\">. S\u00fa s\u00edce skvel\u00e9 a miestnos\u0165 vedia vyplni\u0165, no maj\u00fa aj negat\u00edvnu str\u00e1nku. V mal\u00fdch priestoroch m\u00f4\u017ee v\u00e4\u010d\u0161ie mno\u017estvo doplnkov sp\u00f4sobi\u0165 chaos. <\/span><\/span><span style=\"color: #000000\"><span style=\"font-weight: 400\"><strong>Miestnos\u0165 mus\u00ed d\u00fdcha\u0165.<\/strong><\/span><\/span><span style=\"color: #000000\"><span style=\"font-weight: 400\"> Dvojn\u00e1sobne to plat\u00ed v kuchyni, kde potrebujete ma\u0165 dostatok miesta pri varen\u00ed. Nezaberte si d\u00f4le\u017eit\u00e9 miesto doplnkami. V kuchyni sta\u010d\u00ed ma\u0165 1 &#8211; 2 v\u00e4\u010d\u0161ie doplnky, napr\u00edklad vo forme n\u00e1stenn\u00fdch hod\u00edn.&nbsp;<\/span><\/span>[\/vc_column_text][\/vc_column][\/vc_row][vc_row][vc_column][vc_single_image image=&#8221;124264&#8243; img_size=&#8221;full&#8221; add_caption=&#8221;yes&#8221; alignment=&#8221;center&#8221; style=&#8221;vc_box_rounded&#8221;][vc_column_text]<\/p>\n<h2><span style=\"color: #e3245e\"><strong>Pozor na svietidl\u00e1 v podkrovnej kuchyni&nbsp;<\/strong><\/span><\/h2>\n<p><span style=\"color: #000000\"><span style=\"font-weight: 400\">K\u00fdm v be\u017en\u00fdch kuchyniach sa odpor\u00fa\u010daj\u00fa lustre, v pr\u00edpade podkrovn\u00fdch to neplat\u00ed. <\/span><\/span><span style=\"color: #000000\"><span style=\"font-weight: 400\"><strong>Na v\u00fdraznej\u0161ie <\/strong><\/span><\/span><span style=\"color: #000000\"><strong><span style=\"color: #e3245e\"><a style=\"color: #e3245e\" href=\"https:\/\/ikuchyne.sk\/eshop\/svietidla\/\">svietidl\u00e1<\/a><\/span><\/strong><\/span><span style=\"color: #000000\"><strong><span style=\"font-weight: 400\"> by ste si mali d\u00e1va\u0165 pozor.<\/span><\/strong><\/span><span style=\"color: #000000\"><span style=\"font-weight: 400\"> Okrem toho, \u017ee by zaplnili priestor, mohli by <\/span><\/span><span style=\"color: #000000\">zavadza\u0165<\/span><span style=\"color: #000000\"><span style=\"font-weight: 400\">.&nbsp;<\/span><\/span><\/p>\n<p><span style=\"color: #000000\"><span style=\"font-weight: 400\"><strong>V podkrovnej kuchyni s\u00fa najlep\u0161ie<\/strong><\/span><\/span><span style=\"color: #000000\"><span style=\"font-weight: 400\"> <\/span><\/span><span style=\"color: #000000\"><b>bodov\u00e9 svetl\u00e1<\/b><\/span><span style=\"color: #000000\"><span style=\"font-weight: 400\">, ktor\u00e9 vedia miestnos\u0165 opticky zv\u00e4\u010d\u0161i\u0165 a rozjasni\u0165. Ak v\u0161ak t\u00fa\u017eite po lustri, vo\u013ete nie\u010do jednoduch\u0161ie a minimalistick\u00e9. Luster umiestnite napr\u00edklad nad st\u00f4l alebo ostrov\u010dek.&nbsp;<\/span><\/span>[\/vc_column_text][\/vc_column][\/vc_row][vc_row][vc_column][vc_single_image image=&#8221;124263&#8243; img_size=&#8221;full&#8221; add_caption=&#8221;yes&#8221; alignment=&#8221;center&#8221; style=&#8221;vc_box_rounded&#8221;][\/vc_column][\/vc_row][vc_row][vc_column][vc_column_text]<\/p>\n<h2><span style=\"color: #e3245e\"><strong>Zamerajte sa na spodn\u00e9 skrinky<\/strong><\/span><\/h2>\n<p><span style=\"color: #000000\"><strong>V podkrovnej kuchyni sa z\u00e1vesn\u00e9 skrinky alebo poli\u010dky vyskytuj\u00fa <\/strong><\/span><span style=\"color: #000000\"><b>minim\u00e1lne<\/b><\/span><span style=\"color: #000000\"><span style=\"font-weight: 400\">. \u0160ikm\u00fd strop v\u00e1s vie obra\u0165 o d\u00f4le\u017eit\u00fd \u00falo\u017en\u00fd priestor. Pr\u00e1ve preto by ho mali poskytova\u0165 spodn\u00e9 skrinky, ktor\u00e9 by mali by\u0165 ve\u013ek\u00e9 a priestrann\u00e9. Ulo\u017e\u00edte tak do nich v\u0161etko, \u010do potrebujete.&nbsp;<\/span><\/span><\/p>\n<p><span style=\"color: #000000\"><span style=\"font-weight: 400\">Kuchynsk\u00fa linku by ste mali vybera\u0165 nielen s oh\u013eadom na dizajn a v\u00fdzor. <\/span><\/span><span style=\"color: #000000\"><span style=\"font-weight: 400\"><strong>Zamerajte sa na jej <\/strong><\/span><\/span><span style=\"color: #000000\"><b>funk\u010dn\u00fa str\u00e1nku<\/b><\/span><span style=\"color: #000000\"><span style=\"font-weight: 400\">. Skrinky by mali ma\u0165 dostatok priehradok. Taktie\u017e by mali poskytova\u0165 miesto na v\u0161etok kuchynsk\u00fd invent\u00e1r.&nbsp;<\/span><\/span>[\/vc_column_text][vc_single_image image=&#8221;124262&#8243; img_size=&#8221;full&#8221; add_caption=&#8221;yes&#8221; alignment=&#8221;center&#8221; style=&#8221;vc_box_rounded&#8221;][vc_column_text]<\/p>\n<h2><span style=\"color: #e3245e\"><strong>Nebojte sa stre\u0161n\u00fdch okien<\/strong><\/span><\/h2>\n<p><span style=\"color: #000000\"><span style=\"font-weight: 400\"><strong>Optick\u00e9 zv\u00e4\u010d\u0161enie je nie\u010do, \u010do potrebujete dosiahnu\u0165 v ka\u017edej podkrovnej kuchyni.<\/strong><\/span><\/span><span style=\"color: #000000\"><span style=\"font-weight: 400\"> Existuje nieko\u013eko trikov, ako na to. Okrem spom\u00ednan\u00fdch svetiel by ste mali stavi\u0165 na <\/span><\/span><span style=\"color: #000000\">prirodzen\u00e9 svetlo<\/span><span style=\"color: #000000\"><span style=\"font-weight: 400\">. Do kuchyne ho dostanete jednoducho, pomocou okien.&nbsp;<\/span><\/span><\/p>\n<p><span style=\"color: #000000\"><span style=\"font-weight: 400\"><strong>Vyu\u017eite v\u00fdhodu podkrovnej kuchyne a spravte si<\/strong><\/span><\/span><span style=\"color: #000000\"><span style=\"font-weight: 400\"> <\/span><\/span><span style=\"color: #000000\"><b>stre\u0161n\u00e9 okn\u00e1<\/b><\/span><span style=\"color: #000000\"><span style=\"font-weight: 400\">. S\u00fa \u0161t\u00fdlov\u00e9, dobre vyzeraj\u00fa a do kuchyne prines\u00fa dostatok svetla.&nbsp;<\/span><\/span>[\/vc_column_text][vc_single_image image=&#8221;124261&#8243; img_size=&#8221;full&#8221; add_caption=&#8221;yes&#8221; alignment=&#8221;center&#8221; style=&#8221;vc_box_rounded&#8221;][vc_column_text]<span style=\"color: #000000\"><span style=\"font-weight: 400\">Aj napriek tomu, \u017ee podkrovn\u00e1 kuchy\u0148a sa m\u00f4\u017ee \u0165a\u017eko zaria\u010fova\u0165, vyzer\u00e1 ve\u013emi dobre.<\/span><\/span><span style=\"color: #000000\"><span style=\"font-weight: 400\"><strong> Vyu\u017eite v\u0161etky jej<\/strong><\/span><\/span><span style=\"color: #000000\"><span style=\"font-weight: 400\"> <\/span><\/span><span style=\"color: #000000\"><b>v\u00fdhody<\/b><\/span><span style=\"color: #000000\"><span style=\"font-weight: 400\">. Sta\u010d\u00ed len vedie\u0165, ako si ju prisp\u00f4sobi\u0165 presne pod\u013ea seba.<\/span><\/span><span style=\"font-weight: 400\"> <\/span>[\/vc_column_text][vc_single_image image=&#8221;124260&#8243; img_size=&#8221;full&#8221; add_caption=&#8221;yes&#8221; alignment=&#8221;center&#8221; style=&#8221;vc_box_rounded&#8221;][vc_column_text]<\/p>\n<h2><span style=\"color: #e3245e\"><strong>Rada na z\u00e1ver&nbsp;<\/strong><\/span><\/h2>\n<p><span style=\"color: #000000\"><span style=\"font-weight: 400\">Podkrovn\u00e1 kuchy\u0148a m\u00f4\u017ee by\u0165 v tmav\u00fdch farb\u00e1ch, ako napr\u00edklad hned\u00e1 \u010di tmavozelen\u00e1. <\/span><\/span><span style=\"color: #000000\"><span style=\"font-weight: 400\"><strong>Strop by mal by\u0165 v\u0161ak v\u017edy<\/strong><\/span><\/span><span style=\"color: #000000\"><span style=\"font-weight: 400\"> <\/span><\/span><span style=\"color: #000000\"><b>biely<\/b><\/span><span style=\"color: #000000\"><span style=\"font-weight: 400\">. Iba tak docielite d\u00f4le\u017eit\u00e9 optick\u00e9 zv\u00e4\u010d\u0161enie.&nbsp;<\/span><\/span><\/p>\n<p>&nbsp;<\/p>\n<h5 style=\"text-align: center\"><span style=\"color: #000000\"><b>H\u013ead\u00e1te viac in\u0161pir\u00e1cie?&nbsp;<\/b><\/span><\/h5>\n<h5 style=\"text-align: center\"><span style=\"color: #000000\"><span style=\"font-weight: 400\">Pozrite si n\u00e1\u0161 e-shop<\/span><\/span><span style=\"color: #000000\"><span style=\"font-weight: 400\"><br \/>\n<\/span><\/span><span style=\"color: #000000\"><span style=\"font-weight: 400\"><span style=\"color: #e3245e\"><a style=\"color: #e3245e\" href=\"https:\/\/ikuchyne.sk\/eshop\/\">Do e-shopu<\/a><\/span><\/span><\/span><span style=\"color: #000000\"><span style=\"color: #e3245e\"><br \/>\n<\/span><\/span>[\/vc_column_text][\/vc_column][\/vc_row]<\/h5>\n","protected":false},"excerpt":{"rendered":"<p>[vc_row][vc_column][vc_column_text]Ka\u017ed\u00e1 miestnos\u0165 v dom\u00e1cnosti by mala by\u0165 zariaden\u00e1 tak, aby ste sa v nej c\u00edtili dobre. Kuchy\u0148a v\u0161ak mus\u00ed sp\u013a\u0148a\u0165 okrem tejto po\u017eiadavky e\u0161te jednu. V tejto miestnosti \u010dasto pripravujete<\/p>\n","protected":false},"author":560,"featured_media":124264,"comment_status":"closed","ping_status":"open","sticky":false,"template":"","format":"standard","meta":{"footnotes":""},"categories":[1013,1010],"tags":[],"yoast_head":"<!-- This site is optimized with the Yoast SEO plugin v22.1 - https:\/\/yoast.com\/wordpress\/plugins\/seo\/ -->\n<title>Zaria\u010fovanie podkrovnej kuchyne nemus\u00ed by\u0165 \u0165a\u017ek\u00e9! &#187; iKuchyne.sk<\/title>\n<meta name=\"description\" content=\"Zaria\u010fovanie podkrovnej kuchyne nemus\u00ed by\u0165 \u0165a\u017ek\u00e9, pokia\u013e viete ako na to! S na\u0161imi tipmi to hravo zvl\u00e1dnete aj sami! \u010c\u00edtajte na blogu.\" \/>\n<meta name=\"robots\" content=\"index, follow, max-snippet:-1, max-image-preview:large, max-video-preview:-1\" \/>\n<link rel=\"canonical\" href=\"https:\/\/www.ikuchyne.sk\/eshop\/zariadovanie-podkrovnej-kuchyne-nemusi-byt-tazke\/\" \/>\n<meta property=\"og:locale\" content=\"sk_SK\" \/>\n<meta property=\"og:type\" content=\"article\" \/>\n<meta property=\"og:title\" content=\"Zaria\u010fovanie podkrovnej kuchyne nemus\u00ed by\u0165 \u0165a\u017ek\u00e9! &#187; iKuchyne.sk\" \/>\n<meta property=\"og:description\" content=\"Zaria\u010fovanie podkrovnej kuchyne nemus\u00ed by\u0165 \u0165a\u017ek\u00e9, pokia\u013e viete ako na to! S na\u0161imi tipmi to hravo zvl\u00e1dnete aj sami! \u010c\u00edtajte na blogu.\" \/>\n<meta property=\"og:url\" content=\"https:\/\/www.ikuchyne.sk\/eshop\/zariadovanie-podkrovnej-kuchyne-nemusi-byt-tazke\/\" \/>\n<meta property=\"og:site_name\" content=\"iKuchyne iSHOP s n\u00e1bytkom\" \/>\n<meta property=\"article:publisher\" content=\"https:\/\/www.facebook.com\/ikuchyne\/\" \/>\n<meta property=\"article:published_time\" content=\"2020-02-21T13:16:16+00:00\" \/>\n<meta property=\"article:modified_time\" content=\"2020-10-21T01:10:38+00:00\" \/>\n<meta property=\"og:image\" content=\"https:\/\/www.ikuchyne.sk\/eshop\/wp-content\/uploads\/2020\/02\/rustik\u00e1lna-podkrovn\u00e1-kuchy\u0148a.png\" \/>\n\t<meta property=\"og:image:width\" content=\"563\" \/>\n\t<meta property=\"og:image:height\" content=\"692\" \/>\n\t<meta property=\"og:image:type\" content=\"image\/png\" \/>\n<meta name=\"author\" content=\"Na\u010fa \u010cern\u00e1\" \/>\n<meta name=\"twitter:card\" content=\"summary_large_image\" \/>\n<meta name=\"twitter:label1\" content=\"Autor\" \/>\n\t<meta name=\"twitter:data1\" content=\"Na\u010fa \u010cern\u00e1\" \/>\n\t<meta name=\"twitter:label2\" content=\"Predpokladan\u00fd \u010das \u010d\u00edtania\" \/>\n\t<meta name=\"twitter:data2\" content=\"7 min\u00fat\" \/>\n<script type=\"application\/ld+json\" class=\"yoast-schema-graph\">{\"@context\":\"https:\/\/schema.org\",\"@graph\":[{\"@type\":\"Article\",\"@id\":\"https:\/\/www.ikuchyne.sk\/eshop\/zariadovanie-podkrovnej-kuchyne-nemusi-byt-tazke\/#article\",\"isPartOf\":{\"@id\":\"https:\/\/www.ikuchyne.sk\/eshop\/zariadovanie-podkrovnej-kuchyne-nemusi-byt-tazke\/\"},\"author\":{\"name\":\"Na\u010fa \u010cern\u00e1\",\"@id\":\"https:\/\/www.ikuchyne.sk\/eshop\/#\/schema\/person\/4dabc1c3b4767baf98f7c971c0e602f1\"},\"headline\":\"M\u00e1te podkrovn\u00fa kuchy\u0148u? Takto ju zariadite\",\"datePublished\":\"2020-02-21T13:16:16+00:00\",\"dateModified\":\"2020-10-21T01:10:38+00:00\",\"mainEntityOfPage\":{\"@id\":\"https:\/\/www.ikuchyne.sk\/eshop\/zariadovanie-podkrovnej-kuchyne-nemusi-byt-tazke\/\"},\"wordCount\":1329,\"publisher\":{\"@id\":\"https:\/\/www.ikuchyne.sk\/eshop\/#organization\"},\"articleSection\":[\"Jed\u00e1le\u0148 a kuchy\u0148a\",\"N\u00c1BYTOK\"],\"inLanguage\":\"sk-SK\"},{\"@type\":\"WebPage\",\"@id\":\"https:\/\/www.ikuchyne.sk\/eshop\/zariadovanie-podkrovnej-kuchyne-nemusi-byt-tazke\/\",\"url\":\"https:\/\/www.ikuchyne.sk\/eshop\/zariadovanie-podkrovnej-kuchyne-nemusi-byt-tazke\/\",\"name\":\"Zaria\u010fovanie podkrovnej kuchyne nemus\u00ed by\u0165 \u0165a\u017ek\u00e9! &#187; iKuchyne.sk\",\"isPartOf\":{\"@id\":\"https:\/\/www.ikuchyne.sk\/eshop\/#website\"},\"datePublished\":\"2020-02-21T13:16:16+00:00\",\"dateModified\":\"2020-10-21T01:10:38+00:00\",\"description\":\"Zaria\u010fovanie podkrovnej kuchyne nemus\u00ed by\u0165 \u0165a\u017ek\u00e9, pokia\u013e viete ako na to! S na\u0161imi tipmi to hravo zvl\u00e1dnete aj sami! \u010c\u00edtajte na blogu.\",\"breadcrumb\":{\"@id\":\"https:\/\/www.ikuchyne.sk\/eshop\/zariadovanie-podkrovnej-kuchyne-nemusi-byt-tazke\/#breadcrumb\"},\"inLanguage\":\"sk-SK\",\"potentialAction\":[{\"@type\":\"ReadAction\",\"target\":[\"https:\/\/www.ikuchyne.sk\/eshop\/zariadovanie-podkrovnej-kuchyne-nemusi-byt-tazke\/\"]}]},{\"@type\":\"BreadcrumbList\",\"@id\":\"https:\/\/www.ikuchyne.sk\/eshop\/zariadovanie-podkrovnej-kuchyne-nemusi-byt-tazke\/#breadcrumb\",\"itemListElement\":[{\"@type\":\"ListItem\",\"position\":1,\"name\":\"Home\",\"item\":\"https:\/\/www.ikuchyne.sk\/eshop\/\"},{\"@type\":\"ListItem\",\"position\":2,\"name\":\"M\u00e1te podkrovn\u00fa kuchy\u0148u? Takto ju zariadite\"}]},{\"@type\":\"WebSite\",\"@id\":\"https:\/\/www.ikuchyne.sk\/eshop\/#website\",\"url\":\"https:\/\/www.ikuchyne.sk\/eshop\/\",\"name\":\"iKuchyne iSHOP s n\u00e1bytkom\",\"description\":\"Jed\u00e1lensk\u00e9 stoly, stoli\u010dky, n\u00e1bytok, svietidl\u00e1...\",\"publisher\":{\"@id\":\"https:\/\/www.ikuchyne.sk\/eshop\/#organization\"},\"potentialAction\":[{\"@type\":\"SearchAction\",\"target\":{\"@type\":\"EntryPoint\",\"urlTemplate\":\"https:\/\/www.ikuchyne.sk\/eshop\/?s={search_term_string}\"},\"query-input\":\"required name=search_term_string\"}],\"inLanguage\":\"sk-SK\"},{\"@type\":\"Organization\",\"@id\":\"https:\/\/www.ikuchyne.sk\/eshop\/#organization\",\"name\":\"ikuchyne!\",\"url\":\"https:\/\/www.ikuchyne.sk\/eshop\/\",\"logo\":{\"@type\":\"ImageObject\",\"inLanguage\":\"sk-SK\",\"@id\":\"https:\/\/www.ikuchyne.sk\/eshop\/#\/schema\/logo\/image\/\",\"url\":\"https:\/\/www.ikuchyne.sk\/eshop\/wp-content\/uploads\/2017\/04\/ikuchyne-logo.jpg\",\"contentUrl\":\"https:\/\/www.ikuchyne.sk\/eshop\/wp-content\/uploads\/2017\/04\/ikuchyne-logo.jpg\",\"width\":200,\"height\":48,\"caption\":\"ikuchyne!\"},\"image\":{\"@id\":\"https:\/\/www.ikuchyne.sk\/eshop\/#\/schema\/logo\/image\/\"},\"sameAs\":[\"https:\/\/www.facebook.com\/ikuchyne\/\",\"https:\/\/www.instagram.com\/ikuchyne.sk\/\",\"https:\/\/sk.pinterest.com\/ikuchynesk\/\"]},{\"@type\":\"Person\",\"@id\":\"https:\/\/www.ikuchyne.sk\/eshop\/#\/schema\/person\/4dabc1c3b4767baf98f7c971c0e602f1\",\"name\":\"Na\u010fa \u010cern\u00e1\",\"image\":{\"@type\":\"ImageObject\",\"inLanguage\":\"sk-SK\",\"@id\":\"https:\/\/www.ikuchyne.sk\/eshop\/#\/schema\/person\/image\/\",\"url\":\"https:\/\/secure.gravatar.com\/avatar\/1e0cd71452a9e8aaa44c199804481d30?s=96&d=wp_user_avatar&r=g\",\"contentUrl\":\"https:\/\/secure.gravatar.com\/avatar\/1e0cd71452a9e8aaa44c199804481d30?s=96&d=wp_user_avatar&r=g\",\"caption\":\"Na\u010fa \u010cern\u00e1\"},\"description\":\"Na\u010fa je \u0161tudentkou \u017eurnalistiky, ktor\u00e1 p\u00ed\u0161e r\u00f4zne typy \u010dl\u00e1nkov. P\u00edsaniu sa venuje u\u017e nieko\u013eko rokov. Okrem toho sa zauj\u00edma o gastron\u00f3miu a m\u00f3du. Je milovn\u00ed\u010dkou k\u00e1vy, dobr\u00fdch kn\u00edh a bojov\u00fdch \u0161portov.\",\"url\":\"https:\/\/www.ikuchyne.sk\/eshop\/author\/nada-cerna\/\"}]}<\/script>\n<!-- \/ Yoast SEO plugin. -->","yoast_head_json":{"title":"Zaria\u010fovanie podkrovnej kuchyne nemus\u00ed by\u0165 \u0165a\u017ek\u00e9! &#187; iKuchyne.sk","description":"Zaria\u010fovanie podkrovnej kuchyne nemus\u00ed by\u0165 \u0165a\u017ek\u00e9, pokia\u013e viete ako na to! S na\u0161imi tipmi to hravo zvl\u00e1dnete aj sami! \u010c\u00edtajte na blogu.","robots":{"index":"index","follow":"follow","max-snippet":"max-snippet:-1","max-image-preview":"max-image-preview:large","max-video-preview":"max-video-preview:-1"},"canonical":"https:\/\/www.ikuchyne.sk\/eshop\/zariadovanie-podkrovnej-kuchyne-nemusi-byt-tazke\/","og_locale":"sk_SK","og_type":"article","og_title":"Zaria\u010fovanie podkrovnej kuchyne nemus\u00ed by\u0165 \u0165a\u017ek\u00e9! &#187; iKuchyne.sk","og_description":"Zaria\u010fovanie podkrovnej kuchyne nemus\u00ed by\u0165 \u0165a\u017ek\u00e9, pokia\u013e viete ako na to! S na\u0161imi tipmi to hravo zvl\u00e1dnete aj sami! \u010c\u00edtajte na blogu.","og_url":"https:\/\/www.ikuchyne.sk\/eshop\/zariadovanie-podkrovnej-kuchyne-nemusi-byt-tazke\/","og_site_name":"iKuchyne iSHOP s n\u00e1bytkom","article_publisher":"https:\/\/www.facebook.com\/ikuchyne\/","article_published_time":"2020-02-21T13:16:16+00:00","article_modified_time":"2020-10-21T01:10:38+00:00","og_image":[{"width":563,"height":692,"url":"https:\/\/www.ikuchyne.sk\/eshop\/wp-content\/uploads\/2020\/02\/rustik\u00e1lna-podkrovn\u00e1-kuchy\u0148a.png","type":"image\/png"}],"author":"Na\u010fa \u010cern\u00e1","twitter_card":"summary_large_image","twitter_misc":{"Autor":"Na\u010fa \u010cern\u00e1","Predpokladan\u00fd \u010das \u010d\u00edtania":"7 min\u00fat"},"schema":{"@context":"https:\/\/schema.org","@graph":[{"@type":"Article","@id":"https:\/\/www.ikuchyne.sk\/eshop\/zariadovanie-podkrovnej-kuchyne-nemusi-byt-tazke\/#article","isPartOf":{"@id":"https:\/\/www.ikuchyne.sk\/eshop\/zariadovanie-podkrovnej-kuchyne-nemusi-byt-tazke\/"},"author":{"name":"Na\u010fa \u010cern\u00e1","@id":"https:\/\/www.ikuchyne.sk\/eshop\/#\/schema\/person\/4dabc1c3b4767baf98f7c971c0e602f1"},"headline":"M\u00e1te podkrovn\u00fa kuchy\u0148u? Takto ju zariadite","datePublished":"2020-02-21T13:16:16+00:00","dateModified":"2020-10-21T01:10:38+00:00","mainEntityOfPage":{"@id":"https:\/\/www.ikuchyne.sk\/eshop\/zariadovanie-podkrovnej-kuchyne-nemusi-byt-tazke\/"},"wordCount":1329,"publisher":{"@id":"https:\/\/www.ikuchyne.sk\/eshop\/#organization"},"articleSection":["Jed\u00e1le\u0148 a kuchy\u0148a","N\u00c1BYTOK"],"inLanguage":"sk-SK"},{"@type":"WebPage","@id":"https:\/\/www.ikuchyne.sk\/eshop\/zariadovanie-podkrovnej-kuchyne-nemusi-byt-tazke\/","url":"https:\/\/www.ikuchyne.sk\/eshop\/zariadovanie-podkrovnej-kuchyne-nemusi-byt-tazke\/","name":"Zaria\u010fovanie podkrovnej kuchyne nemus\u00ed by\u0165 \u0165a\u017ek\u00e9! &#187; iKuchyne.sk","isPartOf":{"@id":"https:\/\/www.ikuchyne.sk\/eshop\/#website"},"datePublished":"2020-02-21T13:16:16+00:00","dateModified":"2020-10-21T01:10:38+00:00","description":"Zaria\u010fovanie podkrovnej kuchyne nemus\u00ed by\u0165 \u0165a\u017ek\u00e9, pokia\u013e viete ako na to! S na\u0161imi tipmi to hravo zvl\u00e1dnete aj sami! \u010c\u00edtajte na blogu.","breadcrumb":{"@id":"https:\/\/www.ikuchyne.sk\/eshop\/zariadovanie-podkrovnej-kuchyne-nemusi-byt-tazke\/#breadcrumb"},"inLanguage":"sk-SK","potentialAction":[{"@type":"ReadAction","target":["https:\/\/www.ikuchyne.sk\/eshop\/zariadovanie-podkrovnej-kuchyne-nemusi-byt-tazke\/"]}]},{"@type":"BreadcrumbList","@id":"https:\/\/www.ikuchyne.sk\/eshop\/zariadovanie-podkrovnej-kuchyne-nemusi-byt-tazke\/#breadcrumb","itemListElement":[{"@type":"ListItem","position":1,"name":"Home","item":"https:\/\/www.ikuchyne.sk\/eshop\/"},{"@type":"ListItem","position":2,"name":"M\u00e1te podkrovn\u00fa kuchy\u0148u? Takto ju zariadite"}]},{"@type":"WebSite","@id":"https:\/\/www.ikuchyne.sk\/eshop\/#website","url":"https:\/\/www.ikuchyne.sk\/eshop\/","name":"iKuchyne iSHOP s n\u00e1bytkom","description":"Jed\u00e1lensk\u00e9 stoly, stoli\u010dky, n\u00e1bytok, svietidl\u00e1...","publisher":{"@id":"https:\/\/www.ikuchyne.sk\/eshop\/#organization"},"potentialAction":[{"@type":"SearchAction","target":{"@type":"EntryPoint","urlTemplate":"https:\/\/www.ikuchyne.sk\/eshop\/?s={search_term_string}"},"query-input":"required name=search_term_string"}],"inLanguage":"sk-SK"},{"@type":"Organization","@id":"https:\/\/www.ikuchyne.sk\/eshop\/#organization","name":"ikuchyne!","url":"https:\/\/www.ikuchyne.sk\/eshop\/","logo":{"@type":"ImageObject","inLanguage":"sk-SK","@id":"https:\/\/www.ikuchyne.sk\/eshop\/#\/schema\/logo\/image\/","url":"https:\/\/www.ikuchyne.sk\/eshop\/wp-content\/uploads\/2017\/04\/ikuchyne-logo.jpg","contentUrl":"https:\/\/www.ikuchyne.sk\/eshop\/wp-content\/uploads\/2017\/04\/ikuchyne-logo.jpg","width":200,"height":48,"caption":"ikuchyne!"},"image":{"@id":"https:\/\/www.ikuchyne.sk\/eshop\/#\/schema\/logo\/image\/"},"sameAs":["https:\/\/www.facebook.com\/ikuchyne\/","https:\/\/www.instagram.com\/ikuchyne.sk\/","https:\/\/sk.pinterest.com\/ikuchynesk\/"]},{"@type":"Person","@id":"https:\/\/www.ikuchyne.sk\/eshop\/#\/schema\/person\/4dabc1c3b4767baf98f7c971c0e602f1","name":"Na\u010fa \u010cern\u00e1","image":{"@type":"ImageObject","inLanguage":"sk-SK","@id":"https:\/\/www.ikuchyne.sk\/eshop\/#\/schema\/person\/image\/","url":"https:\/\/secure.gravatar.com\/avatar\/1e0cd71452a9e8aaa44c199804481d30?s=96&d=wp_user_avatar&r=g","contentUrl":"https:\/\/secure.gravatar.com\/avatar\/1e0cd71452a9e8aaa44c199804481d30?s=96&d=wp_user_avatar&r=g","caption":"Na\u010fa \u010cern\u00e1"},"description":"Na\u010fa je \u0161tudentkou \u017eurnalistiky, ktor\u00e1 p\u00ed\u0161e r\u00f4zne typy \u010dl\u00e1nkov. P\u00edsaniu sa venuje u\u017e nieko\u013eko rokov. Okrem toho sa zauj\u00edma o gastron\u00f3miu a m\u00f3du. Je milovn\u00ed\u010dkou k\u00e1vy, dobr\u00fdch kn\u00edh a bojov\u00fdch \u0161portov.","url":"https:\/\/www.ikuchyne.sk\/eshop\/author\/nada-cerna\/"}]}},"_links":{"self":[{"href":"https:\/\/www.ikuchyne.sk\/eshop\/wp-json\/wp\/v2\/posts\/124259"}],"collection":[{"href":"https:\/\/www.ikuchyne.sk\/eshop\/wp-json\/wp\/v2\/posts"}],"about":[{"href":"https:\/\/www.ikuchyne.sk\/eshop\/wp-json\/wp\/v2\/types\/post"}],"author":[{"embeddable":true,"href":"https:\/\/www.ikuchyne.sk\/eshop\/wp-json\/wp\/v2\/users\/560"}],"replies":[{"embeddable":true,"href":"https:\/\/www.ikuchyne.sk\/eshop\/wp-json\/wp\/v2\/comments?post=124259"}],"version-history":[{"count":3,"href":"https:\/\/www.ikuchyne.sk\/eshop\/wp-json\/wp\/v2\/posts\/124259\/revisions"}],"predecessor-version":[{"id":147124,"href":"https:\/\/www.ikuchyne.sk\/eshop\/wp-json\/wp\/v2\/posts\/124259\/revisions\/147124"}],"wp:featuredmedia":[{"embeddable":true,"href":"https:\/\/www.ikuchyne.sk\/eshop\/wp-json\/wp\/v2\/media\/124264"}],"wp:attachment":[{"href":"https:\/\/www.ikuchyne.sk\/eshop\/wp-json\/wp\/v2\/media?parent=124259"}],"wp:term":[{"taxonomy":"category","embeddable":true,"href":"https:\/\/www.ikuchyne.sk\/eshop\/wp-json\/wp\/v2\/categories?post=124259"},{"taxonomy":"post_tag","embeddable":true,"href":"https:\/\/www.ikuchyne.sk\/eshop\/wp-json\/wp\/v2\/tags?post=124259"}],"curies":[{"name":"wp","href":"https:\/\/api.w.org\/{rel}","templated":true}]}}