{"id":124723,"date":"2020-02-29T16:01:14","date_gmt":"2020-02-29T15:01:14","guid":{"rendered":"https:\/\/ikuchyne.sk\/eshop\/?p=124723"},"modified":"2020-03-24T23:24:37","modified_gmt":"2020-03-24T22:24:37","slug":"ako-vyuzit-moderne-komody-aby-zaziarili","status":"publish","type":"post","link":"https:\/\/www.ikuchyne.sk\/eshop\/ako-vyuzit-moderne-komody-aby-zaziarili\/","title":{"rendered":"Ako vyu\u017ei\u0165 modern\u00e9 komody, aby za\u017eiarili?"},"content":{"rendered":"<p>[vc_row][vc_column][vc_column_text]<span style=\"color: #000000;\"><strong>V\u0161ak sa aj v\u00e1m pri slove komoda vynor\u00ed v predstav\u00e1ch star\u00fd kus n\u00e1bytku, ktor\u00fd na v\u00e1s cel\u00e9 desa\u0165ro\u010dia vyk\u00fakal spoza dver\u00ed babi\u010dkinej izby? Hovor\u00edte, \u017ee v dom\u00e1cnosti 21. storo\u010dia nem\u00e1 u\u017e \u010do robi\u0165? Omyl! Komody e\u0161te st\u00e1le nevy\u0161li z m\u00f3dy, sk\u00f4r naopak, te\u0161ia sa ve\u013ekej popularite. My v\u00e1m uk\u00e1\u017eeme, ako na to, aby sa stali ozdobou v\u00e1\u0161ho bytu, \u010di domu. Na svoje si pritom pr\u00eddu i priaznivci exotick\u00e9ho dizajnu.<\/strong><\/span><\/p>\n<p><span style=\"color: #000000;\"><span style=\"font-weight: 400;\">Komody predstavuj\u00fa rozmerovo men\u0161ie skrine, ktor\u00e9 nezaberaj\u00fa pr\u00edli\u0161 ve\u013ea priestoru. <strong>Napriek tomu, \u017ee <\/strong><\/span><strong>ich p\u00f4vod zasahuje a\u017e do Franc\u00fazska 17. storo\u010dia<\/strong><span style=\"font-weight: 400;\"><strong>, \u013eudia si ich ob\u013e\u00fabili aj v transformovanej, modernej podobe.<\/strong> D\u00f4vodom je ich pomerne jednoduch\u00e1 zakomponovate\u013enos\u0165 do miestnosti a, predov\u0161etk\u00fdm, jedna skvel\u00e1 vlastnos\u0165 &#8211; multifunk\u010dnos\u0165. <\/span><\/span>[\/vc_column_text][vc_single_image image=&#8221;119129&#8243; img_size=&#8221;large&#8221; add_caption=&#8221;yes&#8221; alignment=&#8221;center&#8221; style=&#8221;vc_box_rounded&#8221; onclick=&#8221;custom_link&#8221; link=&#8221;https:\/\/ikuchyne.sk\/eshop\/produkt\/pribornik-jungle-175cm-mango\/&#8221;][vc_single_image image=&#8221;124721&#8243; img_size=&#8221;large&#8221; add_caption=&#8221;yes&#8221; alignment=&#8221;center&#8221; style=&#8221;vc_box_rounded&#8221; onclick=&#8221;custom_link&#8221; link=&#8221;https:\/\/ikuchyne.sk\/eshop\/produkt\/komoda-mystic-living-140cm-agat\/&#8221;][\/vc_column][\/vc_row][vc_row][vc_column][vc_column_text]<\/p>\n<h2><span style=\"color: #e3245e;\"><b>Komody zapadn\u00fa kamko\u013evek<\/b><\/span><\/h2>\n<p><span style=\"color: #000000;\"><span style=\"font-weight: 400;\">Do sp\u00e1lne na uskladnenie osobn\u00fdch pokladov, do ob\u00fdva\u010dky pod telev\u00edzor, ale i do predsiene na odkladanie rukav\u00edc, \u0161\u00e1lov, \u010diapok a in\u00fdch m\u00f3dnych doplnkov. <\/span><b>Takmer v ka\u017edej miestnosti dom\u00e1cnosti sa n\u00e1jde uplatnenie pre komody. <\/b><span style=\"font-weight: 400;\">D\u00e1vno pritom neplat\u00ed, \u017ee mus\u00ed \u00eds\u0165 o mas\u00edvny, nudn\u00fd alebo, naopak, g\u00fd\u010dov\u00fd kus <\/span><span style=\"color: #3366ff;\"><span style=\"color: #e3245e;\"><a style=\"color: #e3245e;\" href=\"https:\/\/ikuchyne.sk\/eshop\/nabytok\/\"><span style=\"font-weight: 400;\">n\u00e1bytku<\/span><\/a><\/span><span style=\"font-weight: 400;\"><span style=\"color: #e3245e;\">.<\/span>\u00a0<\/span><\/span><\/span>[\/vc_column_text][vc_single_image image=&#8221;119133&#8243; img_size=&#8221;large&#8221; add_caption=&#8221;yes&#8221; alignment=&#8221;center&#8221; style=&#8221;vc_box_rounded&#8221; onclick=&#8221;custom_link&#8221; img_link_target=&#8221;_blank&#8221; link=&#8221;https:\/\/ikuchyne.sk\/eshop\/nabytok\/&#8221;][\/vc_column][\/vc_row][vc_row][vc_column][vc_message message_box_color=&#8221;alert-success&#8221; icon_fontawesome=&#8221;fa fa-lightbulb-o&#8221;]<b><i>Vedeli ste, \u017ee<\/i><\/b><\/p>\n<p><span style=\"font-weight: 400;\">otcami <\/span><span style=\"font-weight: 400;\">komody s\u00fa franc\u00fazski n\u00e1bytk\u00e1ri Roger Vandercruse Lacroix a Charles Cressent?<\/span>[\/vc_message][vc_column_text]<span style=\"color: #000000;\"><strong>\u010caro komody spo\u010d\u00edva v tom, \u017ee ju<\/strong><b> m\u00f4\u017eete pou\u017ei\u0165 prakticky na \u010doko\u013evek<\/b><span style=\"font-weight: 400;\">. Aj preto sa stala popul\u00e1rnym vybaven\u00edm mnoh\u00fdch interi\u00e9rov. Ak si nie ste ist\u00ed, kde by ste pre tak\u00fa komodu na\u0161li vyu\u017eitie, in\u0161pirujte sa na\u0161imi tipmi.<\/span><\/span><\/p>\n<h2><span style=\"color: #e3245e;\"><b>1. Extra \u00falo\u017en\u00fd priestor v sp\u00e1lni, ob\u00fdva\u010dke&#8230;<\/b><\/span><\/h2>\n<p><span style=\"font-weight: 400; color: #000000;\">Napriek tomu, \u017ee komody predstavuj\u00fa ni\u017e\u0161\u00ed kus n\u00e1bytku, schov\u00e1te do nich toho pomerne ve\u013ea. Oble\u010denie, \u010dasopisy, hry, pr\u00edbory\u2026 je len na v\u00e1s, pre ak\u00e9 vyu\u017eitie sa rozhodnete. \u010clenenie pomocou dvierok \u010di z\u00e1suviek v\u00e1m u\u013eah\u010d\u00ed organiz\u00e1ciu jednotliv\u00fdch vec\u00ed, a vy tak budete ma\u0165 dobr\u00fd preh\u013ead o tom, kde je \u010do ulo\u017een\u00e9.<\/span>[\/vc_column_text][\/vc_column][\/vc_row][vc_row][vc_column][vc_single_image image=&#8221;119134&#8243; img_size=&#8221;large&#8221; add_caption=&#8221;yes&#8221; alignment=&#8221;center&#8221; style=&#8221;vc_box_rounded&#8221; onclick=&#8221;custom_link&#8221; img_link_target=&#8221;_blank&#8221; link=&#8221;https:\/\/ikuchyne.sk\/eshop\/produkt\/pribornik-organic-living-175cm\/&#8221;][\/vc_column][\/vc_row][vc_row][vc_column][vc_single_image image=&#8221;119143&#8243; img_size=&#8221;large&#8221; add_caption=&#8221;yes&#8221; alignment=&#8221;center&#8221; style=&#8221;vc_box_rounded&#8221; onclick=&#8221;custom_link&#8221; img_link_target=&#8221;_blank&#8221; link=&#8221;https:\/\/ikuchyne.sk\/eshop\/produkt\/pribornik-organic-living-175cm\/&#8221;][vc_column_text]<\/p>\n<h2><span style=\"color: #e3245e;\"><b>2. Skrinka pod telev\u00edzor<\/b><\/span><\/h2>\n<p><span style=\"color: #000000;\"><span style=\"font-weight: 400;\">Ak sa do va\u0161ej dom\u00e1cnosti nehod\u00ed ve\u013ek\u00e1 ob\u00fdva\u010dkov\u00e1 zostava, alebo sa tak\u00e9muto rie\u0161eniu vyh\u00fdbate z in\u00fdch d\u00f4vodov, m\u00e1me pre v\u00e1s skvel\u00fa radu. <strong>Komoda<\/strong> <strong>v\u00e1m v\u00fdborne posl\u00fa\u017ei nielen ako skrinka pod telev\u00edzor, ale i ako <\/strong><\/span><b>odkladac\u00ed priestor na r\u00f4zne drobnosti<\/b><span style=\"font-weight: 400;\">.\u00a0<\/span><\/span>[\/vc_column_text][vc_single_image image=&#8221;119145&#8243; img_size=&#8221;large&#8221; add_caption=&#8221;yes&#8221; alignment=&#8221;center&#8221; style=&#8221;vc_box_rounded&#8221; onclick=&#8221;custom_link&#8221; img_link_target=&#8221;_blank&#8221; link=&#8221;https:\/\/ikuchyne.sk\/eshop\/produkt\/tv-stolik-relief-150cm\/&#8221;][vc_column_text]<\/p>\n<h2><span style=\"color: #e3245e;\"><b>3. Pr\u00edborn\u00edk<br \/>\n<\/b><\/span><\/h2>\n<p><span style=\"color: #000000;\"><span style=\"font-weight: 400;\">Komoda dok\u00e1\u017ee ve\u013emi dobre posl\u00fa\u017ei\u0165 na uskladnenie tanierov, poh\u00e1rov, pr\u00edborov a in\u00e9ho riadu, ktor\u00fd mo\u017eno nepotrebujete ma\u0165 po ruke na ka\u017edodenn\u00e9 pou\u017eitie. <\/span><b>V uzatv\u00e1rate\u013enom pr\u00edborn\u00edku bude v\u00e1\u0161 servis v bezpe\u010d\u00ed <\/b><span style=\"font-weight: 400;\"><strong>\u010daka\u0165 na \u0161peci\u00e1lne pr\u00edle\u017eitosti.<\/strong> Ak si, navy\u0161e, vyberiete zauj\u00edmav\u00fd dizajn komody, ur\u010dite sa stane prvkom, ktor\u00fd na prv\u00fd poh\u013ead oslov\u00ed ka\u017ed\u00fa n\u00e1v\u0161tevu.<\/span><\/span>[\/vc_column_text][vc_single_image image=&#8221;119137&#8243; img_size=&#8221;large&#8221; add_caption=&#8221;yes&#8221; alignment=&#8221;center&#8221; style=&#8221;vc_box_rounded&#8221; onclick=&#8221;custom_link&#8221; img_link_target=&#8221;_blank&#8221; link=&#8221;https:\/\/ikuchyne.sk\/eshop\/produkt\/pribornik-mandala-160cm-mango\/&#8221;][\/vc_column][\/vc_row][vc_row][vc_column][vc_column_text]<\/p>\n<h2><span style=\"color: #e3245e;\"><b>4. Bielizn\u00edk a perin\u00e1r<br \/>\n<\/b><\/span><\/h2>\n<p><span style=\"color: #000000;\"><strong>Pr\u00e1dlo, oblie\u010dky, ale aj samotn\u00e9 <\/strong><b>periny treba niekde skladova\u0165<\/b><span style=\"font-weight: 400;\">. Ak nem\u00e1te dostatok \u00falo\u017en\u00e9ho priestoru pod poste\u013eou \u010di v skrini, nev\u00e1hajte a zaobstarajte si komodu. K\u00fdm kedysi boli popul\u00e1rne hlavne bielizn\u00edky a perin\u00e1re s otv\u00e1rate\u013en\u00fdm vrchom, dnes maj\u00fa \u00faspech i tie so z\u00e1suvkami.<\/span><\/span>[\/vc_column_text][vc_single_image image=&#8221;119140&#8243; img_size=&#8221;large&#8221; add_caption=&#8221;yes&#8221; alignment=&#8221;center&#8221; style=&#8221;vc_box_rounded&#8221; onclick=&#8221;custom_link&#8221; img_link_target=&#8221;_blank&#8221; link=&#8221;https:\/\/ikuchyne.sk\/eshop\/produkt\/pribornik-illusion-120cm-mango\/&#8221;][vc_column_text]<\/p>\n<h2><span style=\"color: #e3245e;\"><b>5. Minibar<br \/>\n<\/b><\/span><\/h2>\n<p><span style=\"color: #000000;\"><span style=\"font-weight: 400;\">Komody poskytuj\u00fa r\u00f4zne \u0161peci\u00e1lne vyu\u017eitia, medzi nimi aj tak\u00e9, ktor\u00e9 ocenia najm\u00e4 p\u00e1ni. Ve\u010f si len predstavte pr\u00edslu\u0161n\u00edka mu\u017esk\u00e9ho rodu, ktor\u00fd by sa nepote\u0161il vlastn\u00e9mu, dom\u00e1cemu minibaru s ukladac\u00edm priestorom aj na poh\u00e1re. A <\/span>ak e\u0161te aj vyzer\u00e1 exkluz\u00edvne, treba ho uk\u00e1za\u0165 svetu <span style=\"font-weight: 400;\">&#8211; v ob\u00fdva\u010dke bude jednozna\u010dne vynika\u0165.<\/span><\/span>[\/vc_column_text][\/vc_column][\/vc_row][vc_row][vc_column][vc_single_image image=&#8221;119135&#8243; img_size=&#8221;full&#8221; add_caption=&#8221;yes&#8221; alignment=&#8221;center&#8221; style=&#8221;vc_box_rounded&#8221; onclick=&#8221;custom_link&#8221; img_link_target=&#8221;_blank&#8221; link=&#8221;https:\/\/ikuchyne.sk\/eshop\/produkt\/bar-makassar-sheesham\/&#8221;][\/vc_column][\/vc_row][vc_row][vc_column][vc_column_text]<\/p>\n<h2><span style=\"color: #e3245e;\"><b>6. <\/b><b>Vinot\u00e9ka<\/b><\/span><\/h2>\n<p><span style=\"color: #000000;\"><span style=\"font-weight: 400;\">Podobne ako minibar, i vinot\u00e9ka m\u00f4\u017ee by\u0165 takou malou mu\u017eskou p\u00fdchou. Najm\u00e4 teda pre p\u00e1nov, ktor\u00ed s\u00fa fan\u00fa\u0161ikmi lahodn\u00e9ho hroznov\u00e9ho moku a<\/span> radi si pri poh\u00e1riku pofilozofuj\u00fa s priate\u013emi<\/span><span style=\"font-weight: 400;\"><span style=\"color: #000000;\">. <strong>Univerz\u00e1lnos\u0165 kom\u00f4d dovo\u013euje, \u017ee jeden kus n\u00e1bytku mo\u017eno vyu\u017ei\u0165 nielen na odkladanie a organiz\u00e1ciu v\u00ednov\u00fdch flia\u0161, ale aj ako<\/strong><\/span> <\/span><span style=\"color: #e3245e;\"><strong><a style=\"color: #e3245e;\" href=\"https:\/\/ikuchyne.sk\/eshop\/jedalenske-stoly\/\">jed\u00e1lensk\u00fd st\u00f4l<\/a><\/strong><\/span><span style=\"font-weight: 400;\"><strong>.<\/strong> <span style=\"color: #000000;\">Sta\u010d\u00ed prisun\u00fa\u0165<\/span> <\/span><a href=\"https:\/\/ikuchyne.sk\/eshop\/stolicky\/\"><span style=\"font-weight: 400;\"><span style=\"color: #e3245e;\">stoli\u010dky<\/span><\/span><\/a><span style=\"font-weight: 400;\">.\u00a0\u00a0<\/span>[\/vc_column_text][vc_single_image image=&#8221;119136&#8243; img_size=&#8221;full&#8221; add_caption=&#8221;yes&#8221; alignment=&#8221;center&#8221; style=&#8221;vc_box_rounded&#8221; onclick=&#8221;custom_link&#8221; img_link_target=&#8221;_blank&#8221; link=&#8221;https:\/\/ikuchyne.sk\/eshop\/produkt\/vinoteka-130cm-agat\/&#8221;][vc_column_text]<\/p>\n<h2><span style=\"color: #e3245e;\"><b>7. Botn\u00edk<\/b><\/span><\/h2>\n<p><span style=\"font-weight: 400; color: #000000;\">Nezn\u00e1\u0161ate, ke\u010f niekto vojde do v\u00e1\u0161ho kr\u00e1\u013eovstva nevyzut\u00fd? <strong>Zabezpe\u010dte si do va\u0161ej predsiene \u0161t\u00fdlov\u00fd botn\u00edk.<\/strong> Ak do\u0148 nachyst\u00e1te e\u0161te aj papu\u010de pre n\u00e1v\u0161tevy, \u00faspech bude zaru\u010den\u00fd.\u00a0<\/span>[\/vc_column_text][vc_single_image image=&#8221;119144&#8243; img_size=&#8221;full&#8221; add_caption=&#8221;yes&#8221; alignment=&#8221;center&#8221; style=&#8221;vc_box_rounded&#8221; onclick=&#8221;custom_link&#8221; img_link_target=&#8221;_blank&#8221; link=&#8221;https:\/\/ikuchyne.sk\/eshop\/produkt\/schuhschrank-supreme-3-klappen\/&#8221;][vc_message icon_fontawesome=&#8221;fa fa-lightbulb-o&#8221;]<b><i>Rada odborn\u00edka<\/i><\/b><\/p>\n<p><span style=\"font-weight: 400;\">Pri vo\u013ebe komody sa rozhodujte pod\u013ea toho, ko\u013eko \u00falo\u017en\u00e9ho priestoru re\u00e1lne potrebujete. Takisto myslite na to, \u017ee farebne by mala ladi\u0165 s ostatn\u00fdm zariaden\u00edm va\u0161ej dom\u00e1cnosti.<\/span>[\/vc_message][vc_column_text]<span style=\"color: #000000;\"><span style=\"font-weight: 400;\">Prinies\u0165 z\u00e1van exotiky do dom\u00e1cnosti nie je dnes u\u017e v\u00f4bec n\u00e1ro\u010dn\u00e9. <strong>Aj tak\u00fd na prv\u00e9 po\u010dutie<\/strong> <strong>mo\u017eno nezauj\u00edmav\u00fd kus n\u00e1bytku ako je komoda<\/strong>, <\/span><b>m\u00f4\u017ee by\u0165 vyhotoven\u00fd v dych ber\u00facom dizajne.<\/b><\/span><span style=\"font-weight: 400;\"><span style=\"color: #000000;\"> Nahliadnite do n\u00e1\u0161ho eshopu na<\/span> <\/span><span style=\"color: #e3245e;\"><a style=\"color: #e3245e;\" href=\"http:\/\/www.ikuchyne.sk\/eshop\"><span style=\"font-weight: 400;\">www.ikuchyne.sk\/eshop<\/span><\/a><\/span><span style=\"font-weight: 400;\">. <span style=\"color: #000000;\">N\u00e1jdete tu mno\u017estvo zauj\u00edmav\u00fdch in\u0161pir\u00e1ci\u00ed (nielen) na v\u00fdnimo\u010dn\u00e9 komody.<\/span><\/span>[\/vc_column_text][\/vc_column][\/vc_row]<\/p>\n","protected":false},"excerpt":{"rendered":"<p>[vc_row][vc_column][vc_column_text]V\u0161ak sa aj v\u00e1m pri slove komoda vynor\u00ed v predstav\u00e1ch star\u00fd kus n\u00e1bytku, ktor\u00fd na v\u00e1s cel\u00e9 desa\u0165ro\u010dia vyk\u00fakal spoza dver\u00ed babi\u010dkinej izby? Hovor\u00edte, \u017ee v dom\u00e1cnosti 21. storo\u010dia nem\u00e1<\/p>\n","protected":false},"author":553,"featured_media":124721,"comment_status":"closed","ping_status":"open","sticky":false,"template":"","format":"standard","meta":{"footnotes":""},"categories":[1010],"tags":[],"yoast_head":"<!-- This site is optimized with the Yoast SEO plugin v22.1 - https:\/\/yoast.com\/wordpress\/plugins\/seo\/ -->\n<title>Ako vyu\u017ei\u0165 modern\u00e9 komody, aby za\u017eiarili? &#187; iKuchyne iSHOP s n\u00e1bytkom<\/title>\n<meta name=\"description\" content=\"Komody e\u0161te st\u00e1le nevy\u0161li z m\u00f3dy, sk\u00f4r naopak, te\u0161ia sa ve\u013ekej popularite. My v\u00e1m uk\u00e1\u017eeme, ako na to, aby sa stali ozdobou v\u00e1\u0161ho interi\u00e9ru.\" \/>\n<meta name=\"robots\" content=\"index, follow, max-snippet:-1, max-image-preview:large, max-video-preview:-1\" \/>\n<link rel=\"canonical\" href=\"https:\/\/www.ikuchyne.sk\/eshop\/ako-vyuzit-moderne-komody-aby-zaziarili\/\" \/>\n<meta property=\"og:locale\" content=\"sk_SK\" \/>\n<meta property=\"og:type\" content=\"article\" \/>\n<meta property=\"og:title\" content=\"Ako vyu\u017ei\u0165 modern\u00e9 komody, aby za\u017eiarili? &#187; iKuchyne iSHOP s n\u00e1bytkom\" \/>\n<meta property=\"og:description\" content=\"Komody e\u0161te st\u00e1le nevy\u0161li z m\u00f3dy, sk\u00f4r naopak, te\u0161ia sa ve\u013ekej popularite. My v\u00e1m uk\u00e1\u017eeme, ako na to, aby sa stali ozdobou v\u00e1\u0161ho interi\u00e9ru.\" \/>\n<meta property=\"og:url\" content=\"https:\/\/www.ikuchyne.sk\/eshop\/ako-vyuzit-moderne-komody-aby-zaziarili\/\" \/>\n<meta property=\"og:site_name\" content=\"iKuchyne iSHOP s n\u00e1bytkom\" \/>\n<meta property=\"article:publisher\" content=\"https:\/\/www.facebook.com\/ikuchyne\/\" \/>\n<meta property=\"article:published_time\" content=\"2020-02-29T15:01:14+00:00\" \/>\n<meta property=\"article:modified_time\" content=\"2020-03-24T22:24:37+00:00\" \/>\n<meta property=\"og:image\" content=\"https:\/\/www.ikuchyne.sk\/eshop\/wp-content\/uploads\/2019\/11\/Komoda-z-masivu.jpg\" \/>\n\t<meta property=\"og:image:width\" content=\"800\" \/>\n\t<meta property=\"og:image:height\" content=\"533\" \/>\n\t<meta property=\"og:image:type\" content=\"image\/jpeg\" \/>\n<meta name=\"author\" content=\"Michaela Domanov\u00e1\" \/>\n<meta name=\"twitter:card\" content=\"summary_large_image\" \/>\n<meta name=\"twitter:label1\" content=\"Autor\" \/>\n\t<meta name=\"twitter:data1\" content=\"Michaela Domanov\u00e1\" \/>\n\t<meta name=\"twitter:label2\" content=\"Predpokladan\u00fd \u010das \u010d\u00edtania\" \/>\n\t<meta name=\"twitter:data2\" content=\"7 min\u00fat\" \/>\n<script type=\"application\/ld+json\" class=\"yoast-schema-graph\">{\"@context\":\"https:\/\/schema.org\",\"@graph\":[{\"@type\":\"Article\",\"@id\":\"https:\/\/www.ikuchyne.sk\/eshop\/ako-vyuzit-moderne-komody-aby-zaziarili\/#article\",\"isPartOf\":{\"@id\":\"https:\/\/www.ikuchyne.sk\/eshop\/ako-vyuzit-moderne-komody-aby-zaziarili\/\"},\"author\":{\"name\":\"Michaela Domanov\u00e1\",\"@id\":\"https:\/\/www.ikuchyne.sk\/eshop\/#\/schema\/person\/72a8bd98eb5bc0d02ae901330ab30da7\"},\"headline\":\"Ako vyu\u017ei\u0165 modern\u00e9 komody, aby za\u017eiarili?\",\"datePublished\":\"2020-02-29T15:01:14+00:00\",\"dateModified\":\"2020-03-24T22:24:37+00:00\",\"mainEntityOfPage\":{\"@id\":\"https:\/\/www.ikuchyne.sk\/eshop\/ako-vyuzit-moderne-komody-aby-zaziarili\/\"},\"wordCount\":1331,\"publisher\":{\"@id\":\"https:\/\/www.ikuchyne.sk\/eshop\/#organization\"},\"articleSection\":[\"N\u00c1BYTOK\"],\"inLanguage\":\"sk-SK\"},{\"@type\":\"WebPage\",\"@id\":\"https:\/\/www.ikuchyne.sk\/eshop\/ako-vyuzit-moderne-komody-aby-zaziarili\/\",\"url\":\"https:\/\/www.ikuchyne.sk\/eshop\/ako-vyuzit-moderne-komody-aby-zaziarili\/\",\"name\":\"Ako vyu\u017ei\u0165 modern\u00e9 komody, aby za\u017eiarili? &#187; iKuchyne iSHOP s n\u00e1bytkom\",\"isPartOf\":{\"@id\":\"https:\/\/www.ikuchyne.sk\/eshop\/#website\"},\"datePublished\":\"2020-02-29T15:01:14+00:00\",\"dateModified\":\"2020-03-24T22:24:37+00:00\",\"description\":\"Komody e\u0161te st\u00e1le nevy\u0161li z m\u00f3dy, sk\u00f4r naopak, te\u0161ia sa ve\u013ekej popularite. My v\u00e1m uk\u00e1\u017eeme, ako na to, aby sa stali ozdobou v\u00e1\u0161ho interi\u00e9ru.\",\"breadcrumb\":{\"@id\":\"https:\/\/www.ikuchyne.sk\/eshop\/ako-vyuzit-moderne-komody-aby-zaziarili\/#breadcrumb\"},\"inLanguage\":\"sk-SK\",\"potentialAction\":[{\"@type\":\"ReadAction\",\"target\":[\"https:\/\/www.ikuchyne.sk\/eshop\/ako-vyuzit-moderne-komody-aby-zaziarili\/\"]}]},{\"@type\":\"BreadcrumbList\",\"@id\":\"https:\/\/www.ikuchyne.sk\/eshop\/ako-vyuzit-moderne-komody-aby-zaziarili\/#breadcrumb\",\"itemListElement\":[{\"@type\":\"ListItem\",\"position\":1,\"name\":\"Home\",\"item\":\"https:\/\/www.ikuchyne.sk\/eshop\/\"},{\"@type\":\"ListItem\",\"position\":2,\"name\":\"Ako vyu\u017ei\u0165 modern\u00e9 komody, aby za\u017eiarili?\"}]},{\"@type\":\"WebSite\",\"@id\":\"https:\/\/www.ikuchyne.sk\/eshop\/#website\",\"url\":\"https:\/\/www.ikuchyne.sk\/eshop\/\",\"name\":\"iKuchyne iSHOP s n\u00e1bytkom\",\"description\":\"Jed\u00e1lensk\u00e9 stoly, stoli\u010dky, n\u00e1bytok, svietidl\u00e1...\",\"publisher\":{\"@id\":\"https:\/\/www.ikuchyne.sk\/eshop\/#organization\"},\"potentialAction\":[{\"@type\":\"SearchAction\",\"target\":{\"@type\":\"EntryPoint\",\"urlTemplate\":\"https:\/\/www.ikuchyne.sk\/eshop\/?s={search_term_string}\"},\"query-input\":\"required name=search_term_string\"}],\"inLanguage\":\"sk-SK\"},{\"@type\":\"Organization\",\"@id\":\"https:\/\/www.ikuchyne.sk\/eshop\/#organization\",\"name\":\"ikuchyne!\",\"url\":\"https:\/\/www.ikuchyne.sk\/eshop\/\",\"logo\":{\"@type\":\"ImageObject\",\"inLanguage\":\"sk-SK\",\"@id\":\"https:\/\/www.ikuchyne.sk\/eshop\/#\/schema\/logo\/image\/\",\"url\":\"https:\/\/www.ikuchyne.sk\/eshop\/wp-content\/uploads\/2017\/04\/ikuchyne-logo.jpg\",\"contentUrl\":\"https:\/\/www.ikuchyne.sk\/eshop\/wp-content\/uploads\/2017\/04\/ikuchyne-logo.jpg\",\"width\":200,\"height\":48,\"caption\":\"ikuchyne!\"},\"image\":{\"@id\":\"https:\/\/www.ikuchyne.sk\/eshop\/#\/schema\/logo\/image\/\"},\"sameAs\":[\"https:\/\/www.facebook.com\/ikuchyne\/\",\"https:\/\/www.instagram.com\/ikuchyne.sk\/\",\"https:\/\/sk.pinterest.com\/ikuchynesk\/\"]},{\"@type\":\"Person\",\"@id\":\"https:\/\/www.ikuchyne.sk\/eshop\/#\/schema\/person\/72a8bd98eb5bc0d02ae901330ab30da7\",\"name\":\"Michaela Domanov\u00e1\",\"image\":{\"@type\":\"ImageObject\",\"inLanguage\":\"sk-SK\",\"@id\":\"https:\/\/www.ikuchyne.sk\/eshop\/#\/schema\/person\/image\/\",\"url\":\"https:\/\/www.ikuchyne.sk\/eshop\/wp-content\/plugins\/wp-user-avatar\/deprecated\/wp-user-avatar\/images\/wpua-96x96.png\",\"contentUrl\":\"https:\/\/www.ikuchyne.sk\/eshop\/wp-content\/plugins\/wp-user-avatar\/deprecated\/wp-user-avatar\/images\/wpua-96x96.png\",\"caption\":\"Michaela Domanov\u00e1\"},\"description\":\"Michaela m\u00e1 za sebou nieko\u013eko rokov praxe v printov\u00fdch i online m\u00e9di\u00e1ch ako redaktorka a editorka. Aktu\u00e1lne je na \\\"vo\u013enej nohe\\\" a venuje sa tvorbe \u010dl\u00e1nkov, ktor\u00fdch t\u00e9my s\u00fa bl\u00edzke jej srdcu - rada p\u00ed\u0161e o kult\u00fare, umen\u00ed, interi\u00e9rovom dizajne, \u010di umeleck\u00fdch remesl\u00e1ch. Ako mami\u010dka sa tie\u017e venuje n\u00e1metom z oblasti \u017eensk\u00e9ho zdravia a sveta det\u00ed a zaober\u00e1 sa i prezent\u00e1ciou anglick\u00fdch kn\u00edh pre najmen\u0161\u00edch.\",\"url\":\"https:\/\/www.ikuchyne.sk\/eshop\/author\/michaela-domanova\/\"}]}<\/script>\n<!-- \/ Yoast SEO plugin. -->","yoast_head_json":{"title":"Ako vyu\u017ei\u0165 modern\u00e9 komody, aby za\u017eiarili? &#187; iKuchyne iSHOP s n\u00e1bytkom","description":"Komody e\u0161te st\u00e1le nevy\u0161li z m\u00f3dy, sk\u00f4r naopak, te\u0161ia sa ve\u013ekej popularite. My v\u00e1m uk\u00e1\u017eeme, ako na to, aby sa stali ozdobou v\u00e1\u0161ho interi\u00e9ru.","robots":{"index":"index","follow":"follow","max-snippet":"max-snippet:-1","max-image-preview":"max-image-preview:large","max-video-preview":"max-video-preview:-1"},"canonical":"https:\/\/www.ikuchyne.sk\/eshop\/ako-vyuzit-moderne-komody-aby-zaziarili\/","og_locale":"sk_SK","og_type":"article","og_title":"Ako vyu\u017ei\u0165 modern\u00e9 komody, aby za\u017eiarili? &#187; iKuchyne iSHOP s n\u00e1bytkom","og_description":"Komody e\u0161te st\u00e1le nevy\u0161li z m\u00f3dy, sk\u00f4r naopak, te\u0161ia sa ve\u013ekej popularite. My v\u00e1m uk\u00e1\u017eeme, ako na to, aby sa stali ozdobou v\u00e1\u0161ho interi\u00e9ru.","og_url":"https:\/\/www.ikuchyne.sk\/eshop\/ako-vyuzit-moderne-komody-aby-zaziarili\/","og_site_name":"iKuchyne iSHOP s n\u00e1bytkom","article_publisher":"https:\/\/www.facebook.com\/ikuchyne\/","article_published_time":"2020-02-29T15:01:14+00:00","article_modified_time":"2020-03-24T22:24:37+00:00","og_image":[{"width":800,"height":533,"url":"https:\/\/www.ikuchyne.sk\/eshop\/wp-content\/uploads\/2019\/11\/Komoda-z-masivu.jpg","type":"image\/jpeg"}],"author":"Michaela Domanov\u00e1","twitter_card":"summary_large_image","twitter_misc":{"Autor":"Michaela Domanov\u00e1","Predpokladan\u00fd \u010das \u010d\u00edtania":"7 min\u00fat"},"schema":{"@context":"https:\/\/schema.org","@graph":[{"@type":"Article","@id":"https:\/\/www.ikuchyne.sk\/eshop\/ako-vyuzit-moderne-komody-aby-zaziarili\/#article","isPartOf":{"@id":"https:\/\/www.ikuchyne.sk\/eshop\/ako-vyuzit-moderne-komody-aby-zaziarili\/"},"author":{"name":"Michaela Domanov\u00e1","@id":"https:\/\/www.ikuchyne.sk\/eshop\/#\/schema\/person\/72a8bd98eb5bc0d02ae901330ab30da7"},"headline":"Ako vyu\u017ei\u0165 modern\u00e9 komody, aby za\u017eiarili?","datePublished":"2020-02-29T15:01:14+00:00","dateModified":"2020-03-24T22:24:37+00:00","mainEntityOfPage":{"@id":"https:\/\/www.ikuchyne.sk\/eshop\/ako-vyuzit-moderne-komody-aby-zaziarili\/"},"wordCount":1331,"publisher":{"@id":"https:\/\/www.ikuchyne.sk\/eshop\/#organization"},"articleSection":["N\u00c1BYTOK"],"inLanguage":"sk-SK"},{"@type":"WebPage","@id":"https:\/\/www.ikuchyne.sk\/eshop\/ako-vyuzit-moderne-komody-aby-zaziarili\/","url":"https:\/\/www.ikuchyne.sk\/eshop\/ako-vyuzit-moderne-komody-aby-zaziarili\/","name":"Ako vyu\u017ei\u0165 modern\u00e9 komody, aby za\u017eiarili? &#187; iKuchyne iSHOP s n\u00e1bytkom","isPartOf":{"@id":"https:\/\/www.ikuchyne.sk\/eshop\/#website"},"datePublished":"2020-02-29T15:01:14+00:00","dateModified":"2020-03-24T22:24:37+00:00","description":"Komody e\u0161te st\u00e1le nevy\u0161li z m\u00f3dy, sk\u00f4r naopak, te\u0161ia sa ve\u013ekej popularite. My v\u00e1m uk\u00e1\u017eeme, ako na to, aby sa stali ozdobou v\u00e1\u0161ho interi\u00e9ru.","breadcrumb":{"@id":"https:\/\/www.ikuchyne.sk\/eshop\/ako-vyuzit-moderne-komody-aby-zaziarili\/#breadcrumb"},"inLanguage":"sk-SK","potentialAction":[{"@type":"ReadAction","target":["https:\/\/www.ikuchyne.sk\/eshop\/ako-vyuzit-moderne-komody-aby-zaziarili\/"]}]},{"@type":"BreadcrumbList","@id":"https:\/\/www.ikuchyne.sk\/eshop\/ako-vyuzit-moderne-komody-aby-zaziarili\/#breadcrumb","itemListElement":[{"@type":"ListItem","position":1,"name":"Home","item":"https:\/\/www.ikuchyne.sk\/eshop\/"},{"@type":"ListItem","position":2,"name":"Ako vyu\u017ei\u0165 modern\u00e9 komody, aby za\u017eiarili?"}]},{"@type":"WebSite","@id":"https:\/\/www.ikuchyne.sk\/eshop\/#website","url":"https:\/\/www.ikuchyne.sk\/eshop\/","name":"iKuchyne iSHOP s n\u00e1bytkom","description":"Jed\u00e1lensk\u00e9 stoly, stoli\u010dky, n\u00e1bytok, svietidl\u00e1...","publisher":{"@id":"https:\/\/www.ikuchyne.sk\/eshop\/#organization"},"potentialAction":[{"@type":"SearchAction","target":{"@type":"EntryPoint","urlTemplate":"https:\/\/www.ikuchyne.sk\/eshop\/?s={search_term_string}"},"query-input":"required name=search_term_string"}],"inLanguage":"sk-SK"},{"@type":"Organization","@id":"https:\/\/www.ikuchyne.sk\/eshop\/#organization","name":"ikuchyne!","url":"https:\/\/www.ikuchyne.sk\/eshop\/","logo":{"@type":"ImageObject","inLanguage":"sk-SK","@id":"https:\/\/www.ikuchyne.sk\/eshop\/#\/schema\/logo\/image\/","url":"https:\/\/www.ikuchyne.sk\/eshop\/wp-content\/uploads\/2017\/04\/ikuchyne-logo.jpg","contentUrl":"https:\/\/www.ikuchyne.sk\/eshop\/wp-content\/uploads\/2017\/04\/ikuchyne-logo.jpg","width":200,"height":48,"caption":"ikuchyne!"},"image":{"@id":"https:\/\/www.ikuchyne.sk\/eshop\/#\/schema\/logo\/image\/"},"sameAs":["https:\/\/www.facebook.com\/ikuchyne\/","https:\/\/www.instagram.com\/ikuchyne.sk\/","https:\/\/sk.pinterest.com\/ikuchynesk\/"]},{"@type":"Person","@id":"https:\/\/www.ikuchyne.sk\/eshop\/#\/schema\/person\/72a8bd98eb5bc0d02ae901330ab30da7","name":"Michaela Domanov\u00e1","image":{"@type":"ImageObject","inLanguage":"sk-SK","@id":"https:\/\/www.ikuchyne.sk\/eshop\/#\/schema\/person\/image\/","url":"https:\/\/www.ikuchyne.sk\/eshop\/wp-content\/plugins\/wp-user-avatar\/deprecated\/wp-user-avatar\/images\/wpua-96x96.png","contentUrl":"https:\/\/www.ikuchyne.sk\/eshop\/wp-content\/plugins\/wp-user-avatar\/deprecated\/wp-user-avatar\/images\/wpua-96x96.png","caption":"Michaela Domanov\u00e1"},"description":"Michaela m\u00e1 za sebou nieko\u013eko rokov praxe v printov\u00fdch i online m\u00e9di\u00e1ch ako redaktorka a editorka. Aktu\u00e1lne je na \"vo\u013enej nohe\" a venuje sa tvorbe \u010dl\u00e1nkov, ktor\u00fdch t\u00e9my s\u00fa bl\u00edzke jej srdcu - rada p\u00ed\u0161e o kult\u00fare, umen\u00ed, interi\u00e9rovom dizajne, \u010di umeleck\u00fdch remesl\u00e1ch. Ako mami\u010dka sa tie\u017e venuje n\u00e1metom z oblasti \u017eensk\u00e9ho zdravia a sveta det\u00ed a zaober\u00e1 sa i prezent\u00e1ciou anglick\u00fdch kn\u00edh pre najmen\u0161\u00edch.","url":"https:\/\/www.ikuchyne.sk\/eshop\/author\/michaela-domanova\/"}]}},"_links":{"self":[{"href":"https:\/\/www.ikuchyne.sk\/eshop\/wp-json\/wp\/v2\/posts\/124723"}],"collection":[{"href":"https:\/\/www.ikuchyne.sk\/eshop\/wp-json\/wp\/v2\/posts"}],"about":[{"href":"https:\/\/www.ikuchyne.sk\/eshop\/wp-json\/wp\/v2\/types\/post"}],"author":[{"embeddable":true,"href":"https:\/\/www.ikuchyne.sk\/eshop\/wp-json\/wp\/v2\/users\/553"}],"replies":[{"embeddable":true,"href":"https:\/\/www.ikuchyne.sk\/eshop\/wp-json\/wp\/v2\/comments?post=124723"}],"version-history":[{"count":3,"href":"https:\/\/www.ikuchyne.sk\/eshop\/wp-json\/wp\/v2\/posts\/124723\/revisions"}],"predecessor-version":[{"id":125600,"href":"https:\/\/www.ikuchyne.sk\/eshop\/wp-json\/wp\/v2\/posts\/124723\/revisions\/125600"}],"wp:featuredmedia":[{"embeddable":true,"href":"https:\/\/www.ikuchyne.sk\/eshop\/wp-json\/"}],"wp:attachment":[{"href":"https:\/\/www.ikuchyne.sk\/eshop\/wp-json\/wp\/v2\/media?parent=124723"}],"wp:term":[{"taxonomy":"category","embeddable":true,"href":"https:\/\/www.ikuchyne.sk\/eshop\/wp-json\/wp\/v2\/categories?post=124723"},{"taxonomy":"post_tag","embeddable":true,"href":"https:\/\/www.ikuchyne.sk\/eshop\/wp-json\/wp\/v2\/tags?post=124723"}],"curies":[{"name":"wp","href":"https:\/\/api.w.org\/{rel}","templated":true}]}}