{"id":125778,"date":"2020-03-30T16:52:18","date_gmt":"2020-03-30T14:52:18","guid":{"rendered":"https:\/\/ikuchyne.sk\/eshop\/?p=125778"},"modified":"2020-10-21T14:02:30","modified_gmt":"2020-10-21T12:02:30","slug":"rozkladacia-sedacka-a-jej-vyhody","status":"publish","type":"post","link":"https:\/\/www.ikuchyne.sk\/eshop\/rozkladacia-sedacka-a-jej-vyhody\/","title":{"rendered":"Rozkladacia seda\u010dka a jej v\u00fdhody"},"content":{"rendered":"<p>[vc_row][vc_column][vc_column_text]<span style=\"color: #000000;\"><strong>Prem\u00fd\u0161\u013eate nad t\u00fdm, \u017ee by ste si zaobstarali nov\u00fa seda\u010dku? Uva\u017eova\u0165 by ste mali aj nad rozkladacou. Rozkladacia seda\u010dka vyzer\u00e1 rovnako ako t\u00e1 be\u017en\u00e9, no poskytuje aj ve\u013ea miesta. Jej v\u00fdhod je v\u0161ak omnoho viac &#8211; pozrime sa na ne!<\/strong><\/span>[\/vc_column_text][vc_single_image image=&#8221;125790&#8243; img_size=&#8221;large&#8221; add_caption=&#8221;yes&#8221; alignment=&#8221;center&#8221; style=&#8221;vc_box_rounded&#8221; onclick=&#8221;custom_link&#8221; img_link_target=&#8221;_blank&#8221; link=&#8221;https:\/\/ikuchyne.sk\/eshop\/produkt\/siva-rozkladacia-pohovka-studio-214cm\/&#8221;][\/vc_column][\/vc_row][vc_row][vc_column][vc_column_text]<strong><span style=\"color: #e3245e;\"><a style=\"color: #e3245e;\" href=\"https:\/\/ikuchyne.sk\/eshop\/kategoria\/sedacky\/\">Seda\u010dka<\/a><\/span> <span style=\"color: #000000;\">je dominantou<\/span><\/strong><span style=\"font-weight: 400; color: #000000;\"><strong> celej ob\u00fdva\u010dky.<\/strong> Hne\u010f po vojden\u00ed do tejto miestnosti v\u00e1m na \u0148u padne zrak. Jej v\u00fdber by mal by\u0165 preto premyslen\u00fd. E\u0161te predt\u00fdm, ako si seda\u010dku k\u00fapite, by ste do \u00favahy mali vzia\u0165 aj rozkladac\u00ed typ. Ten m\u00e1 v\u00fdhod viac, ako si mo\u017eno mysl\u00edte.\u00a0<\/span><\/p>\n<h2><span style=\"color: #e3245e;\"><strong>Rozkladacia seda\u010dka poskytuje viac miesta<\/strong><\/span><\/h2>\n<p><span style=\"color: #000000;\"><span style=\"font-weight: 400;\">Ur\u010dite to pozn\u00e1te. Pri\u0161la k v\u00e1m n\u00e1v\u0161teva, ktor\u00e1 m\u00e1 v pl\u00e1ne prespa\u0165.<strong> Kde hos\u0165om ustla\u0165? Rozkladacia seda\u010dka m\u00f4\u017ee by\u0165 presne <\/strong><\/span><strong>rie\u0161en\u00edm<\/strong><span style=\"font-weight: 400;\"><strong> na tak\u00fato situ\u00e1ciu.<\/strong> Vo v\u00e4\u010d\u0161ine pr\u00edpadov poskytuje 2 &#8211; 3 miesta na spanie. V\u0161etko v\u0161ak z\u00e1vis\u00ed od jej ve\u013ekosti.\u00a0<\/span><\/span>[\/vc_column_text][vc_single_image image=&#8221;125786&#8243; img_size=&#8221;large&#8221; add_caption=&#8221;yes&#8221; alignment=&#8221;center&#8221; style=&#8221;vc_box_rounded&#8221; onclick=&#8221;custom_link&#8221; img_link_target=&#8221;_blank&#8221; link=&#8221;https:\/\/ikuchyne.sk\/eshop\/produkt\/antracitova-rohova-sedacka-scandinavia-250cm-s-taburetom\/&#8221;][\/vc_column][\/vc_row][vc_row][vc_column][vc_column_text]<span style=\"color: #000000;\"><span style=\"font-weight: 400;\">Aj v domoch \u010di bytoch, kde hos\u0165ovsk\u00e9 izby nem\u00e1te, tak m\u00f4\u017eete pokojne host\u00ed ulo\u017ei\u0165. <strong>B\u00e1\u0165 sa o ich <\/strong><\/span><strong>komfort<\/strong><span style=\"font-weight: 400;\"><strong> nemus\u00edte.<\/strong> Na seda\u010dke sa zvy\u010dajne dobre sp\u00ed. V\u00fdhodou je aj jednoduch\u00e1 manipul\u00e1cia. Seda\u010dku rozlo\u017e\u00edte v priebehu p\u00e1r min\u00fat. Miesto na spanie je tak okam\u017eite pripraven\u00e9.\u00a0<\/span><\/span>[\/vc_column_text][\/vc_column][\/vc_row][vc_row][vc_column][vc_message message_box_color=&#8221;alert-success&#8221; icon_fontawesome=&#8221;fa fa-lightbulb-o&#8221;]<b>Vedeli ste, \u017ee<\/b><\/p>\n<p><span style=\"color: #000000;\"><span style=\"font-weight: 400;\">ak sa v\u00e1m predsa len na seda\u010dke dobre nesp\u00ed, m\u00f4\u017eete si na \u0148u dok\u00fapi\u0165 vrchn\u00fd matrac? <\/span><\/span><span style=\"color: #000000;\"><span style=\"font-weight: 400;\">Ten b\u00fdva z pam\u00e4\u0165ovej peny a poskytuje vysok\u00fd komfort.<\/span><\/span>[\/vc_message][vc_single_image image=&#8221;125784&#8243; img_size=&#8221;large&#8221; add_caption=&#8221;yes&#8221; alignment=&#8221;center&#8221; style=&#8221;vc_box_rounded&#8221; onclick=&#8221;custom_link&#8221; img_link_target=&#8221;_blank&#8221; link=&#8221;https:\/\/ikuchyne.sk\/eshop\/produkt\/tmavosiva-rohova-rozkladacia-sedacka-taylors-cut-340cm\/&#8221;][\/vc_column][\/vc_row][vc_row][vc_column][vc_column_text]<\/p>\n<h2><strong><span style=\"color: #e3245e;\">Vhodn\u00e1 do mal\u00fdch bytov<\/span><\/strong><\/h2>\n<p><span style=\"color: #000000;\"><span style=\"font-weight: 400;\">Druh\u00fd bod sa sp\u00e1ja s t\u00fdm prv\u00fdm. Ak b\u00fdvate v malom byte, ur\u010dite sa sna\u017e\u00edte u\u0161etri\u0165 \u010do najviac miesta. Pr\u00e1ve preto je rozkladacia seda\u010dka t\u00fdm spr\u00e1vnym pre v\u00e1s. <strong>Ke\u010f je zlo\u017een\u00e1, jej rozmery s\u00fa <\/strong><\/span><strong>rovnak\u00e9<\/strong><span style=\"font-weight: 400;\"><strong> ako rozmery klasickej seda\u010dky.<\/strong> V momente, ako budete potrebova\u0165 miesto na spanie, ju rozlo\u017e\u00edte.\u00a0<\/span><\/span><\/p>\n<p><span style=\"color: #000000;\"><strong>Samozrejme, <span style=\"color: #e3245e;\"><a style=\"color: #e3245e;\" href=\"https:\/\/ikuchyne.sk\/eshop\/kategoria\/sedacky\/\">seda\u010dky<\/a><\/span> s\u00fa vhodn\u00e9 aj ako n\u00e1hrada<\/strong><span style=\"font-weight: 400;\"><strong> za be\u017en\u00fa poste\u013e.<\/strong> V pr\u00edpade, \u017ee b\u00fdvate v malej gars\u00f3nke, s\u00fa v\u00edtan\u00e9. Po sp\u00e1nku ich zlo\u017e\u00edte a naskytne sa v\u00e1m vo\u013en\u00fd priestor.\u00a0<\/span><\/span>[\/vc_column_text][\/vc_column][\/vc_row][vc_row][vc_column][vc_single_image image=&#8221;125789&#8243; img_size=&#8221;full&#8221; add_caption=&#8221;yes&#8221; alignment=&#8221;center&#8221; style=&#8221;vc_box_rounded&#8221; onclick=&#8221;custom_link&#8221; img_link_target=&#8221;_blank&#8221; link=&#8221;https:\/\/ikuchyne.sk\/eshop\/produkt\/svetlomodra-rozkladacia-pohovka-divani-215-cm\/&#8221;][vc_column_text]<\/p>\n<h2><span style=\"color: #e3245e;\"><strong>Rozkladacia seda\u010dka vyzer\u00e1 rovnako ako t\u00e1 be\u017en\u00e1<\/strong><\/span><\/h2>\n<p><span style=\"color: #000000;\"><strong>V minulosti plnili <span style=\"color: #e3245e;\"><a style=\"color: #e3245e;\" href=\"https:\/\/ikuchyne.sk\/eshop\/kategoria\/rozkladacie-pohovky\/\">rozkladacie seda\u010dky<\/a><\/span><\/strong><span style=\"font-weight: 400;\"><strong> sk\u00f4r t\u00fa praktick\u00fa \u00falohu.<\/strong> Dnes je v\u0161ak tomu \u00faplne inak. <strong>Seda\u010dky s\u00fa <\/strong><\/span><strong>\u0161t\u00fdlov\u00e9<\/strong><span style=\"font-weight: 400;\"><strong> a vyzeraj\u00fa \u00faplne rovnako ako tie be\u017en\u00e9.<\/strong> O mnoh\u00fdch by ste ani nepovedali, \u017ee sa daj\u00fa rozlo\u017ei\u0165.\u00a0<\/span><\/span><\/p>\n<p><span style=\"color: #000000;\"><strong>\u0160t\u00fdlov\u00fa seda\u010dku jednoducho skombinujete<\/strong><span style=\"font-weight: 400;\"><strong> s ostatn\u00fdmi prvkami vo va\u0161ej ob\u00fdva\u010dke.<\/strong> Dobre sa v\u00e1m bude na nej sedie\u0165 a e\u0161te lep\u0161ie le\u017ea\u0165.\u00a0<\/span><\/span>[\/vc_column_text][vc_single_image image=&#8221;125787&#8243; img_size=&#8221;full&#8221; add_caption=&#8221;yes&#8221; alignment=&#8221;center&#8221; style=&#8221;vc_box_rounded&#8221; onclick=&#8221;custom_link&#8221; img_link_target=&#8221;_blank&#8221; link=&#8221;https:\/\/ikuchyne.sk\/eshop\/produkt\/zelena-rozkladacia-pohovka-divani-215-cm\/&#8221;][\/vc_column][\/vc_row][vc_row][vc_column][vc_column_text]<\/p>\n<h2><span style=\"color: #e3245e;\"><strong>Pohodlne sa na nej vysp\u00edte<\/strong><\/span><\/h2>\n<p><span style=\"color: #000000;\"><span style=\"font-weight: 400;\">Ak ste u\u017e niekedy spali na be\u017enej <\/span><span style=\"color: #e3245e;\"><a style=\"color: #e3245e;\" href=\"https:\/\/ikuchyne.sk\/eshop\/kategoria\/sedacky\/\"><span style=\"font-weight: 400;\">seda\u010dke<\/span><\/a><\/span><span style=\"font-weight: 400;\"><span style=\"color: #e3245e;\">,<\/span> asi viete, \u017ee to nie je pr\u00edli\u0161 pohodln\u00e9. Seda\u010dky s\u00fa \u00fazke a \u010dlovek si dobre neodd\u00fdchne. <strong>Ke\u010f v\u0161ak seda\u010dku rozlo\u017e\u00edte, naskytne sa v\u00e1m <\/strong><\/span><strong>ve\u013ek\u00fd<\/strong><span style=\"font-weight: 400;\"><strong> a ve\u013emi pr\u00edjemn\u00fd priestor.<\/strong> Na tom sa d\u00e1 dobre spa\u0165 aj v pr\u00edpade, \u017ee poste\u013e doma v\u00f4bec nem\u00e1te.\u00a0<\/span><\/span><\/p>\n<p><span style=\"color: #000000;\"><strong>Rozlo\u017eite\u013en\u00e1 plocha je vytvoren\u00e1 s oh\u013eadom na zdrav\u00fd<\/strong><span style=\"font-weight: 400;\"><strong> a dobr\u00fd sp\u00e1nok.<\/strong> Mnohokr\u00e1t poskytuje presne tak\u00fd \u0161tandard ako matrace.\u00a0<\/span><\/span>[\/vc_column_text][\/vc_column][\/vc_row][vc_row][vc_column][vc_single_image image=&#8221;125783&#8243; img_size=&#8221;full&#8221; add_caption=&#8221;yes&#8221; alignment=&#8221;center&#8221; style=&#8221;vc_box_rounded&#8221; onclick=&#8221;custom_link&#8221; img_link_target=&#8221;_blank&#8221; link=&#8221;https:\/\/ikuchyne.sk\/eshop\/produkt\/staroruzova-zamatova-rozkladacia-pohovka-divani\/&#8221;][\/vc_column][\/vc_row][vc_row][vc_column][vc_column_text]<\/p>\n<h2><strong><span style=\"color: #e3245e;\">Existuje ve\u013ek\u00e9 mno\u017estvo druhov<\/span><\/strong><\/h2>\n<p><span style=\"color: #000000;\"><span style=\"font-weight: 400;\">Na trhu n\u00e1jdete viac ako p\u00e4\u0165 druhov rozkladac\u00edch syst\u00e9mov. Niektor\u00e9 s\u00fa lacnej\u0161ie, in\u00e9 s\u00fa zas drah\u0161ie.<strong> T\u00fdm najob\u013e\u00fabenej\u0161\u00edm a cenovo najpr\u00edstupnej\u0161\u00edm modelom je syst\u00e9m \u201ckliknutia\u201d.<\/strong> V praxi to znamen\u00e1, \u017ee dvomi pohybmi seda\u010dku rozlo\u017e\u00edte. Aj napriek cenovej dostupnosti v\u0161ak <\/span>nie je vhodn\u00e1<span style=\"font-weight: 400;\"> na ka\u017edodenn\u00fd sp\u00e1nok. Po rozlo\u017een\u00ed nie je \u00faplne vodorovn\u00e1.\u00a0<\/span><\/span><\/p>\n<p><span style=\"color: #000000;\"><span style=\"font-weight: 400;\"><strong>Druh\u00fdm ob\u013e\u00faben\u00fdm typom je<\/strong> <\/span><b>voz\u00edk<\/b><span style=\"font-weight: 400;\">. Ten sa naj\u010dastej\u0161ie nach\u00e1dza pri rohov\u00fdch seda\u010dk\u00e1ch. Matrac jednoducho, pomocou koliesok, vytiahnete spod seda\u010dky. N\u00e1sledne sa v\u00e1m naskytne ve\u013ek\u00e9 mno\u017estvo priestoru na spanie.\u00a0<\/span><\/span>[\/vc_column_text][vc_column_text]<\/p>\n<h2><span style=\"color: #e3245e;\"><strong>\u00dalo\u017en\u00fd priestor<\/strong><\/span><\/h2>\n<p><span style=\"color: #000000;\"><span style=\"font-weight: 400;\"><strong>\u00dalo\u017en\u00fd priestor naj\u010dastej\u0161ie poskytuje<\/strong> <\/span><b>rohov\u00e1 seda\u010dka<\/b><span style=\"font-weight: 400;\">. Ak ho m\u00e1te, vyhrali ste. Tento priestor m\u00f4\u017eete pou\u017ei\u0165 napr\u00edklad na odlo\u017eenie per\u00edn. V men\u0161ej ob\u00fdva\u010dke v\u0161ak do\u0148 m\u00f4\u017eete ulo\u017ei\u0165 v\u0161etky potrebn\u00e9 veci.\u00a0<\/span><\/span>[\/vc_column_text][vc_single_image image=&#8221;125785&#8243; img_size=&#8221;full&#8221; add_caption=&#8221;yes&#8221; alignment=&#8221;center&#8221; style=&#8221;vc_box_rounded&#8221; onclick=&#8221;custom_link&#8221; img_link_target=&#8221;_blank&#8221; link=&#8221;https:\/\/ikuchyne.sk\/eshop\/produkt\/siva-zamatova-rohova-rozkladacia-pohovka-apartment\/&#8221;][vc_message icon_fontawesome=&#8221;fa fa-lightbulb-o&#8221;]<strong>Rada odborn\u00edka:<\/strong><\/p>\n<p><span style=\"color: #000000;\"><span style=\"font-weight: 400;\">Ak m\u00e1te dostato\u010dne ve\u013ek\u00fa ob\u00fdva\u010dku, v\u017edy vo\u013ete seda\u010dku s \u00falo\u017en\u00fdm priestorom. Nikdy neviete, kedy budete potrebova\u0165 priestor navy\u0161e. Okrem toho, priestor m\u00f4\u017ee sl\u00fa\u017ei\u0165 aj na ulo\u017eenie per\u00edn.<\/span>[\/vc_message][vc_column_text]<strong><span style=\"color: #e3245e;\"><a style=\"color: #e3245e;\" href=\"https:\/\/ikuchyne.sk\/eshop\/kategoria\/rozkladacie-pohovky\/\">Rozkladacie seda\u010dky<\/a><\/span><\/strong><span style=\"color: #000000;\"><span style=\"font-weight: 400;\"><strong> s\u00fa vhodn\u00e9 pre \u00faplne<\/strong> <\/span><b>ka\u017ed\u00e9ho<\/b><span style=\"font-weight: 400;\">. \u010ci u\u017e potrebujete miesto pre host\u00ed alebo ma\u0165 zo seda\u010dky z\u00e1rove\u0148 poste\u013e pre v\u00e1s. Ich v\u00fdhod je naozaj ve\u013ek\u00e9 mno\u017estvo. Okrem toho s\u00fa aj \u0161t\u00fdlov\u00e9 a hodia sa do ka\u017ed\u00e9ho interi\u00e9ru.<\/span><\/span>[\/vc_column_text][vc_single_image image=&#8221;125781&#8243; img_size=&#8221;full&#8221; add_caption=&#8221;yes&#8221; alignment=&#8221;center&#8221; style=&#8221;vc_box_rounded&#8221; onclick=&#8221;custom_link&#8221; img_link_target=&#8221;_blank&#8221; link=&#8221;https:\/\/ikuchyne.sk\/eshop\/produkt\/svetlomodra-rozkladacia-pohovka-studio-214cm\/&#8221;][vc_column_text]<\/span><\/p>\n<h2><span style=\"color: #e3245e;\"><strong>Rada na z\u00e1ver<\/strong><\/span><\/h2>\n<p><span style=\"color: #000000;\"><strong>V pr\u00edpade, \u017ee m\u00e1te mal\u00fa ob\u00fdva\u010dku, je potrebn\u00e9 vedie\u0165 rozmery<\/strong><span style=\"font-weight: 400;\"><strong> rozlo\u017eenej seda\u010dky.<\/strong> Nie v\u017edy sa po rozlo\u017een\u00ed zmest\u00ed do danej miestnosti. V takomto pr\u00edpade by ste funkciu rozkladania vyu\u017e\u00edva\u0165 nemohli.\u00a0<\/span><\/span><\/p>\n<p>&nbsp;<\/p>\n<h5 style=\"text-align: center;\"><span style=\"color: #000000;\"><b>H\u013ead\u00e1te viac in\u0161pir\u00e1cie?\u00a0<\/b><\/span><\/h5>\n<h5 style=\"text-align: center;\"><span style=\"color: #000000;\"><span style=\"font-weight: 400;\">Pozrite si n\u00e1\u0161 e-shop<\/span><span style=\"font-weight: 400;\"><br \/>\n<\/span><span style=\"color: #e3245e;\"><a style=\"color: #e3245e;\" href=\"http:\/\/www.ikuchyne.sk\/eshop\"><span style=\"font-weight: 400;\">Do e-shopu<\/span><\/a><\/span><\/span><\/h5>\n<p>[\/vc_column_text][\/vc_column][\/vc_row]<\/p>\n","protected":false},"excerpt":{"rendered":"<p>[vc_row][vc_column][vc_column_text]Prem\u00fd\u0161\u013eate nad t\u00fdm, \u017ee by ste si zaobstarali nov\u00fa seda\u010dku? Uva\u017eova\u0165 by ste mali aj nad rozkladacou. Rozkladacia seda\u010dka vyzer\u00e1 rovnako ako t\u00e1 be\u017en\u00e9, no poskytuje aj ve\u013ea miesta. Jej<\/p>\n","protected":false},"author":560,"featured_media":124524,"comment_status":"closed","ping_status":"open","sticky":false,"template":"","format":"standard","meta":{"footnotes":""},"categories":[1010,1012],"tags":[],"yoast_head":"<!-- This site is optimized with the Yoast SEO plugin v22.1 - https:\/\/yoast.com\/wordpress\/plugins\/seo\/ -->\n<title>Rozkladacia seda\u010dka a jej v\u00fdhody &#187; iKuchyne iSHOP s n\u00e1bytkom<\/title>\n<meta name=\"description\" content=\"Uva\u017eujete nad k\u00fapou novej seda\u010dky? \u010co v\u00e1m pon\u00faka rozkladacia seda\u010dka, \u010do be\u017en\u00e1 nie? Zist\u00edte to, ke\u010f si pre\u010d\u00edtate n\u00e1\u0161 blog.\" \/>\n<meta name=\"robots\" content=\"index, follow, max-snippet:-1, max-image-preview:large, max-video-preview:-1\" \/>\n<link rel=\"canonical\" href=\"https:\/\/www.ikuchyne.sk\/eshop\/rozkladacia-sedacka-a-jej-vyhody\/\" \/>\n<meta property=\"og:locale\" content=\"sk_SK\" \/>\n<meta property=\"og:type\" content=\"article\" \/>\n<meta property=\"og:title\" content=\"Rozkladacia seda\u010dka a jej v\u00fdhody &#187; iKuchyne iSHOP s n\u00e1bytkom\" \/>\n<meta property=\"og:description\" content=\"Uva\u017eujete nad k\u00fapou novej seda\u010dky? \u010co v\u00e1m pon\u00faka rozkladacia seda\u010dka, \u010do be\u017en\u00e1 nie? Zist\u00edte to, ke\u010f si pre\u010d\u00edtate n\u00e1\u0161 blog.\" \/>\n<meta property=\"og:url\" content=\"https:\/\/www.ikuchyne.sk\/eshop\/rozkladacia-sedacka-a-jej-vyhody\/\" \/>\n<meta property=\"og:site_name\" content=\"iKuchyne iSHOP s n\u00e1bytkom\" \/>\n<meta property=\"article:publisher\" content=\"https:\/\/www.facebook.com\/ikuchyne\/\" \/>\n<meta property=\"article:published_time\" content=\"2020-03-30T14:52:18+00:00\" \/>\n<meta property=\"article:modified_time\" content=\"2020-10-21T12:02:30+00:00\" \/>\n<meta property=\"og:image\" content=\"https:\/\/www.ikuchyne.sk\/eshop\/wp-content\/uploads\/2020\/02\/smaragdovozelena-rozkladacia-pohovka-bellezza-208cm-124521.jpg\" \/>\n\t<meta property=\"og:image:width\" content=\"800\" \/>\n\t<meta property=\"og:image:height\" content=\"533\" \/>\n\t<meta property=\"og:image:type\" content=\"image\/jpeg\" \/>\n<meta name=\"author\" content=\"Na\u010fa \u010cern\u00e1\" \/>\n<meta name=\"twitter:card\" content=\"summary_large_image\" \/>\n<meta name=\"twitter:label1\" content=\"Autor\" \/>\n\t<meta name=\"twitter:data1\" content=\"Na\u010fa \u010cern\u00e1\" \/>\n\t<meta name=\"twitter:label2\" content=\"Predpokladan\u00fd \u010das \u010d\u00edtania\" \/>\n\t<meta name=\"twitter:data2\" content=\"6 min\u00fat\" \/>\n<script type=\"application\/ld+json\" class=\"yoast-schema-graph\">{\"@context\":\"https:\/\/schema.org\",\"@graph\":[{\"@type\":\"Article\",\"@id\":\"https:\/\/www.ikuchyne.sk\/eshop\/rozkladacia-sedacka-a-jej-vyhody\/#article\",\"isPartOf\":{\"@id\":\"https:\/\/www.ikuchyne.sk\/eshop\/rozkladacia-sedacka-a-jej-vyhody\/\"},\"author\":{\"name\":\"Na\u010fa \u010cern\u00e1\",\"@id\":\"https:\/\/www.ikuchyne.sk\/eshop\/#\/schema\/person\/4dabc1c3b4767baf98f7c971c0e602f1\"},\"headline\":\"Rozkladacia seda\u010dka a jej v\u00fdhody\",\"datePublished\":\"2020-03-30T14:52:18+00:00\",\"dateModified\":\"2020-10-21T12:02:30+00:00\",\"mainEntityOfPage\":{\"@id\":\"https:\/\/www.ikuchyne.sk\/eshop\/rozkladacia-sedacka-a-jej-vyhody\/\"},\"wordCount\":1274,\"publisher\":{\"@id\":\"https:\/\/www.ikuchyne.sk\/eshop\/#organization\"},\"articleSection\":[\"N\u00c1BYTOK\",\"Ob\u00fdva\u010dky\"],\"inLanguage\":\"sk-SK\"},{\"@type\":\"WebPage\",\"@id\":\"https:\/\/www.ikuchyne.sk\/eshop\/rozkladacia-sedacka-a-jej-vyhody\/\",\"url\":\"https:\/\/www.ikuchyne.sk\/eshop\/rozkladacia-sedacka-a-jej-vyhody\/\",\"name\":\"Rozkladacia seda\u010dka a jej v\u00fdhody &#187; iKuchyne iSHOP s n\u00e1bytkom\",\"isPartOf\":{\"@id\":\"https:\/\/www.ikuchyne.sk\/eshop\/#website\"},\"datePublished\":\"2020-03-30T14:52:18+00:00\",\"dateModified\":\"2020-10-21T12:02:30+00:00\",\"description\":\"Uva\u017eujete nad k\u00fapou novej seda\u010dky? \u010co v\u00e1m pon\u00faka rozkladacia seda\u010dka, \u010do be\u017en\u00e1 nie? Zist\u00edte to, ke\u010f si pre\u010d\u00edtate n\u00e1\u0161 blog.\",\"breadcrumb\":{\"@id\":\"https:\/\/www.ikuchyne.sk\/eshop\/rozkladacia-sedacka-a-jej-vyhody\/#breadcrumb\"},\"inLanguage\":\"sk-SK\",\"potentialAction\":[{\"@type\":\"ReadAction\",\"target\":[\"https:\/\/www.ikuchyne.sk\/eshop\/rozkladacia-sedacka-a-jej-vyhody\/\"]}]},{\"@type\":\"BreadcrumbList\",\"@id\":\"https:\/\/www.ikuchyne.sk\/eshop\/rozkladacia-sedacka-a-jej-vyhody\/#breadcrumb\",\"itemListElement\":[{\"@type\":\"ListItem\",\"position\":1,\"name\":\"Home\",\"item\":\"https:\/\/www.ikuchyne.sk\/eshop\/\"},{\"@type\":\"ListItem\",\"position\":2,\"name\":\"Rozkladacia seda\u010dka a jej v\u00fdhody\"}]},{\"@type\":\"WebSite\",\"@id\":\"https:\/\/www.ikuchyne.sk\/eshop\/#website\",\"url\":\"https:\/\/www.ikuchyne.sk\/eshop\/\",\"name\":\"iKuchyne iSHOP s n\u00e1bytkom\",\"description\":\"Jed\u00e1lensk\u00e9 stoly, stoli\u010dky, n\u00e1bytok, svietidl\u00e1...\",\"publisher\":{\"@id\":\"https:\/\/www.ikuchyne.sk\/eshop\/#organization\"},\"potentialAction\":[{\"@type\":\"SearchAction\",\"target\":{\"@type\":\"EntryPoint\",\"urlTemplate\":\"https:\/\/www.ikuchyne.sk\/eshop\/?s={search_term_string}\"},\"query-input\":\"required name=search_term_string\"}],\"inLanguage\":\"sk-SK\"},{\"@type\":\"Organization\",\"@id\":\"https:\/\/www.ikuchyne.sk\/eshop\/#organization\",\"name\":\"ikuchyne!\",\"url\":\"https:\/\/www.ikuchyne.sk\/eshop\/\",\"logo\":{\"@type\":\"ImageObject\",\"inLanguage\":\"sk-SK\",\"@id\":\"https:\/\/www.ikuchyne.sk\/eshop\/#\/schema\/logo\/image\/\",\"url\":\"https:\/\/www.ikuchyne.sk\/eshop\/wp-content\/uploads\/2017\/04\/ikuchyne-logo.jpg\",\"contentUrl\":\"https:\/\/www.ikuchyne.sk\/eshop\/wp-content\/uploads\/2017\/04\/ikuchyne-logo.jpg\",\"width\":200,\"height\":48,\"caption\":\"ikuchyne!\"},\"image\":{\"@id\":\"https:\/\/www.ikuchyne.sk\/eshop\/#\/schema\/logo\/image\/\"},\"sameAs\":[\"https:\/\/www.facebook.com\/ikuchyne\/\",\"https:\/\/www.instagram.com\/ikuchyne.sk\/\",\"https:\/\/sk.pinterest.com\/ikuchynesk\/\"]},{\"@type\":\"Person\",\"@id\":\"https:\/\/www.ikuchyne.sk\/eshop\/#\/schema\/person\/4dabc1c3b4767baf98f7c971c0e602f1\",\"name\":\"Na\u010fa \u010cern\u00e1\",\"image\":{\"@type\":\"ImageObject\",\"inLanguage\":\"sk-SK\",\"@id\":\"https:\/\/www.ikuchyne.sk\/eshop\/#\/schema\/person\/image\/\",\"url\":\"https:\/\/secure.gravatar.com\/avatar\/1e0cd71452a9e8aaa44c199804481d30?s=96&d=wp_user_avatar&r=g\",\"contentUrl\":\"https:\/\/secure.gravatar.com\/avatar\/1e0cd71452a9e8aaa44c199804481d30?s=96&d=wp_user_avatar&r=g\",\"caption\":\"Na\u010fa \u010cern\u00e1\"},\"description\":\"Na\u010fa je \u0161tudentkou \u017eurnalistiky, ktor\u00e1 p\u00ed\u0161e r\u00f4zne typy \u010dl\u00e1nkov. P\u00edsaniu sa venuje u\u017e nieko\u013eko rokov. Okrem toho sa zauj\u00edma o gastron\u00f3miu a m\u00f3du. Je milovn\u00ed\u010dkou k\u00e1vy, dobr\u00fdch kn\u00edh a bojov\u00fdch \u0161portov.\",\"url\":\"https:\/\/www.ikuchyne.sk\/eshop\/author\/nada-cerna\/\"}]}<\/script>\n<!-- \/ Yoast SEO plugin. -->","yoast_head_json":{"title":"Rozkladacia seda\u010dka a jej v\u00fdhody &#187; iKuchyne iSHOP s n\u00e1bytkom","description":"Uva\u017eujete nad k\u00fapou novej seda\u010dky? \u010co v\u00e1m pon\u00faka rozkladacia seda\u010dka, \u010do be\u017en\u00e1 nie? Zist\u00edte to, ke\u010f si pre\u010d\u00edtate n\u00e1\u0161 blog.","robots":{"index":"index","follow":"follow","max-snippet":"max-snippet:-1","max-image-preview":"max-image-preview:large","max-video-preview":"max-video-preview:-1"},"canonical":"https:\/\/www.ikuchyne.sk\/eshop\/rozkladacia-sedacka-a-jej-vyhody\/","og_locale":"sk_SK","og_type":"article","og_title":"Rozkladacia seda\u010dka a jej v\u00fdhody &#187; iKuchyne iSHOP s n\u00e1bytkom","og_description":"Uva\u017eujete nad k\u00fapou novej seda\u010dky? \u010co v\u00e1m pon\u00faka rozkladacia seda\u010dka, \u010do be\u017en\u00e1 nie? Zist\u00edte to, ke\u010f si pre\u010d\u00edtate n\u00e1\u0161 blog.","og_url":"https:\/\/www.ikuchyne.sk\/eshop\/rozkladacia-sedacka-a-jej-vyhody\/","og_site_name":"iKuchyne iSHOP s n\u00e1bytkom","article_publisher":"https:\/\/www.facebook.com\/ikuchyne\/","article_published_time":"2020-03-30T14:52:18+00:00","article_modified_time":"2020-10-21T12:02:30+00:00","og_image":[{"width":800,"height":533,"url":"https:\/\/www.ikuchyne.sk\/eshop\/wp-content\/uploads\/2020\/02\/smaragdovozelena-rozkladacia-pohovka-bellezza-208cm-124521.jpg","type":"image\/jpeg"}],"author":"Na\u010fa \u010cern\u00e1","twitter_card":"summary_large_image","twitter_misc":{"Autor":"Na\u010fa \u010cern\u00e1","Predpokladan\u00fd \u010das \u010d\u00edtania":"6 min\u00fat"},"schema":{"@context":"https:\/\/schema.org","@graph":[{"@type":"Article","@id":"https:\/\/www.ikuchyne.sk\/eshop\/rozkladacia-sedacka-a-jej-vyhody\/#article","isPartOf":{"@id":"https:\/\/www.ikuchyne.sk\/eshop\/rozkladacia-sedacka-a-jej-vyhody\/"},"author":{"name":"Na\u010fa \u010cern\u00e1","@id":"https:\/\/www.ikuchyne.sk\/eshop\/#\/schema\/person\/4dabc1c3b4767baf98f7c971c0e602f1"},"headline":"Rozkladacia seda\u010dka a jej v\u00fdhody","datePublished":"2020-03-30T14:52:18+00:00","dateModified":"2020-10-21T12:02:30+00:00","mainEntityOfPage":{"@id":"https:\/\/www.ikuchyne.sk\/eshop\/rozkladacia-sedacka-a-jej-vyhody\/"},"wordCount":1274,"publisher":{"@id":"https:\/\/www.ikuchyne.sk\/eshop\/#organization"},"articleSection":["N\u00c1BYTOK","Ob\u00fdva\u010dky"],"inLanguage":"sk-SK"},{"@type":"WebPage","@id":"https:\/\/www.ikuchyne.sk\/eshop\/rozkladacia-sedacka-a-jej-vyhody\/","url":"https:\/\/www.ikuchyne.sk\/eshop\/rozkladacia-sedacka-a-jej-vyhody\/","name":"Rozkladacia seda\u010dka a jej v\u00fdhody &#187; iKuchyne iSHOP s n\u00e1bytkom","isPartOf":{"@id":"https:\/\/www.ikuchyne.sk\/eshop\/#website"},"datePublished":"2020-03-30T14:52:18+00:00","dateModified":"2020-10-21T12:02:30+00:00","description":"Uva\u017eujete nad k\u00fapou novej seda\u010dky? \u010co v\u00e1m pon\u00faka rozkladacia seda\u010dka, \u010do be\u017en\u00e1 nie? Zist\u00edte to, ke\u010f si pre\u010d\u00edtate n\u00e1\u0161 blog.","breadcrumb":{"@id":"https:\/\/www.ikuchyne.sk\/eshop\/rozkladacia-sedacka-a-jej-vyhody\/#breadcrumb"},"inLanguage":"sk-SK","potentialAction":[{"@type":"ReadAction","target":["https:\/\/www.ikuchyne.sk\/eshop\/rozkladacia-sedacka-a-jej-vyhody\/"]}]},{"@type":"BreadcrumbList","@id":"https:\/\/www.ikuchyne.sk\/eshop\/rozkladacia-sedacka-a-jej-vyhody\/#breadcrumb","itemListElement":[{"@type":"ListItem","position":1,"name":"Home","item":"https:\/\/www.ikuchyne.sk\/eshop\/"},{"@type":"ListItem","position":2,"name":"Rozkladacia seda\u010dka a jej v\u00fdhody"}]},{"@type":"WebSite","@id":"https:\/\/www.ikuchyne.sk\/eshop\/#website","url":"https:\/\/www.ikuchyne.sk\/eshop\/","name":"iKuchyne iSHOP s n\u00e1bytkom","description":"Jed\u00e1lensk\u00e9 stoly, stoli\u010dky, n\u00e1bytok, svietidl\u00e1...","publisher":{"@id":"https:\/\/www.ikuchyne.sk\/eshop\/#organization"},"potentialAction":[{"@type":"SearchAction","target":{"@type":"EntryPoint","urlTemplate":"https:\/\/www.ikuchyne.sk\/eshop\/?s={search_term_string}"},"query-input":"required name=search_term_string"}],"inLanguage":"sk-SK"},{"@type":"Organization","@id":"https:\/\/www.ikuchyne.sk\/eshop\/#organization","name":"ikuchyne!","url":"https:\/\/www.ikuchyne.sk\/eshop\/","logo":{"@type":"ImageObject","inLanguage":"sk-SK","@id":"https:\/\/www.ikuchyne.sk\/eshop\/#\/schema\/logo\/image\/","url":"https:\/\/www.ikuchyne.sk\/eshop\/wp-content\/uploads\/2017\/04\/ikuchyne-logo.jpg","contentUrl":"https:\/\/www.ikuchyne.sk\/eshop\/wp-content\/uploads\/2017\/04\/ikuchyne-logo.jpg","width":200,"height":48,"caption":"ikuchyne!"},"image":{"@id":"https:\/\/www.ikuchyne.sk\/eshop\/#\/schema\/logo\/image\/"},"sameAs":["https:\/\/www.facebook.com\/ikuchyne\/","https:\/\/www.instagram.com\/ikuchyne.sk\/","https:\/\/sk.pinterest.com\/ikuchynesk\/"]},{"@type":"Person","@id":"https:\/\/www.ikuchyne.sk\/eshop\/#\/schema\/person\/4dabc1c3b4767baf98f7c971c0e602f1","name":"Na\u010fa \u010cern\u00e1","image":{"@type":"ImageObject","inLanguage":"sk-SK","@id":"https:\/\/www.ikuchyne.sk\/eshop\/#\/schema\/person\/image\/","url":"https:\/\/secure.gravatar.com\/avatar\/1e0cd71452a9e8aaa44c199804481d30?s=96&d=wp_user_avatar&r=g","contentUrl":"https:\/\/secure.gravatar.com\/avatar\/1e0cd71452a9e8aaa44c199804481d30?s=96&d=wp_user_avatar&r=g","caption":"Na\u010fa \u010cern\u00e1"},"description":"Na\u010fa je \u0161tudentkou \u017eurnalistiky, ktor\u00e1 p\u00ed\u0161e r\u00f4zne typy \u010dl\u00e1nkov. P\u00edsaniu sa venuje u\u017e nieko\u013eko rokov. Okrem toho sa zauj\u00edma o gastron\u00f3miu a m\u00f3du. Je milovn\u00ed\u010dkou k\u00e1vy, dobr\u00fdch kn\u00edh a bojov\u00fdch \u0161portov.","url":"https:\/\/www.ikuchyne.sk\/eshop\/author\/nada-cerna\/"}]}},"_links":{"self":[{"href":"https:\/\/www.ikuchyne.sk\/eshop\/wp-json\/wp\/v2\/posts\/125778"}],"collection":[{"href":"https:\/\/www.ikuchyne.sk\/eshop\/wp-json\/wp\/v2\/posts"}],"about":[{"href":"https:\/\/www.ikuchyne.sk\/eshop\/wp-json\/wp\/v2\/types\/post"}],"author":[{"embeddable":true,"href":"https:\/\/www.ikuchyne.sk\/eshop\/wp-json\/wp\/v2\/users\/560"}],"replies":[{"embeddable":true,"href":"https:\/\/www.ikuchyne.sk\/eshop\/wp-json\/wp\/v2\/comments?post=125778"}],"version-history":[{"count":5,"href":"https:\/\/www.ikuchyne.sk\/eshop\/wp-json\/wp\/v2\/posts\/125778\/revisions"}],"predecessor-version":[{"id":147407,"href":"https:\/\/www.ikuchyne.sk\/eshop\/wp-json\/wp\/v2\/posts\/125778\/revisions\/147407"}],"wp:featuredmedia":[{"embeddable":true,"href":"https:\/\/www.ikuchyne.sk\/eshop\/wp-json\/wp\/v2\/media\/124524"}],"wp:attachment":[{"href":"https:\/\/www.ikuchyne.sk\/eshop\/wp-json\/wp\/v2\/media?parent=125778"}],"wp:term":[{"taxonomy":"category","embeddable":true,"href":"https:\/\/www.ikuchyne.sk\/eshop\/wp-json\/wp\/v2\/categories?post=125778"},{"taxonomy":"post_tag","embeddable":true,"href":"https:\/\/www.ikuchyne.sk\/eshop\/wp-json\/wp\/v2\/tags?post=125778"}],"curies":[{"name":"wp","href":"https:\/\/api.w.org\/{rel}","templated":true}]}}