{"id":126008,"date":"2020-04-06T17:40:19","date_gmt":"2020-04-06T15:40:19","guid":{"rendered":"https:\/\/ikuchyne.sk\/eshop\/?p=126008"},"modified":"2020-10-21T13:28:11","modified_gmt":"2020-10-21T11:28:11","slug":"zvolte-tie-spravne-svietidla-do-spalne","status":"publish","type":"post","link":"https:\/\/www.ikuchyne.sk\/eshop\/zvolte-tie-spravne-svietidla-do-spalne\/","title":{"rendered":"Zvo\u013ete tie spr\u00e1vne svietidl\u00e1 do sp\u00e1lne!"},"content":{"rendered":"<p>[vc_row][vc_column][vc_column_text]<span style=\"color: #000000;\"><b>\u010cas, ktor\u00fd tr\u00e1vime v\u00a0sp\u00e1lni je orientovan\u00fd preva\u017ene na tmav\u00fa f\u00e1zu d\u0148a, pr\u00e1ve preto je v\u00fdber a\u00a0rozmiestnenie svietidiel ve\u013emi d\u00f4le\u017eit\u00fd. <\/b><\/span><span style=\"color: #000000;\"><b>Av\u0161ak, v<\/b><\/span><span style=\"color: #000000;\"><b>ykon\u00e1vame v\u00a0ne<\/b><\/span><span style=\"color: #000000;\"><b>j <\/b><\/span><span style=\"color: #000000;\"><b>aj \u010dinnosti ako \u010d\u00edtanie, v\u00fdber oble\u010denia, obliekanie samotn\u00e9, doladenie n\u00e1\u0161ho stylingu, pr\u00edpadne make-up. Spr\u00e1vne zvolen\u00e9 a skombinovan\u00e9 svietidl\u00e1 do sp\u00e1lne pom\u00f4\u017eu navodi\u0165 atmosf\u00e9ru relaxu a pr\u00edjemn\u00e9ho pocitu. Ur\u010dite sa v\u0161etci zhodneme na tom, \u017ee tak\u00e9to miesto zo svojej sp\u00e1lne chceme ma\u0165!<\/b><\/span>[\/vc_column_text][vc_single_image image=&#8221;126095&#8243; img_size=&#8221;large&#8221; add_caption=&#8221;yes&#8221; alignment=&#8221;center&#8221; style=&#8221;vc_box_rounded&#8221;][\/vc_column][\/vc_row][vc_row][vc_column][vc_column_text]<\/p>\n<h2><span style=\"color: #e3245e;\"><strong>Centr\u00e1lne \u2013 stropn\u00e9 osvetlenie <\/strong><\/span><\/h2>\n<p>[\/vc_column_text][vc_column_text]<span style=\"color: #000000;\"><strong>Centr\u00e1lne osvetlenie v\u00a0sp\u00e1lni nesmie ch\u00fdba\u0165<\/strong>, hoci nebude pravdepodobne t\u00fdm najpou\u017e\u00edvanej\u0161\u00edm. Vyberajte svietidlo tak, aby v\u00e1s z\u00a0le\u017eiacej poz\u00edcie neoslepovalo. Na\u0161a rada znie &#8211; h\u013eadajte luster s\u00a0tienidlom zospodu alebo dostato\u010dn\u00fdm presahom tienidla, ako sme pou\u017eili aj v\u00a0na\u0161ej realiz\u00e1cii na obr\u00e1zku. <strong>Aj stropn\u00e9 LED panely sp\u013a\u0148aj\u00fa tieniacu funkciu &#8211; s\u00fa tak ve\u013emi vhodn\u00fdm rie\u0161en\u00edm do modernej sp\u00e1lne.<\/strong> <span style=\"color: #e3245e;\"><a style=\"color: #e3245e;\" href=\"https:\/\/ikuchyne.sk\/eshop\/lustre\/\">Lustre<\/a><\/span> s\u00a0textiln\u00fdm tienidlom dodaj\u00fa va\u0161ej sp\u00e1lni \u00fatulnos\u0165, ok\u00e1zal\u00e9 kri\u0161t\u00e1\u013eov\u00e9 lustre zasa noblesu\u00a0a\u00a0tesne priliehaj\u00face panely zabezpe\u010dia vzdu\u0161nos\u0165.<\/span>[\/vc_column_text][\/vc_column][\/vc_row][vc_row][vc_column][vc_single_image image=&#8221;118542&#8243; img_size=&#8221;large&#8221; add_caption=&#8221;yes&#8221; alignment=&#8221;center&#8221; style=&#8221;vc_box_rounded&#8221; onclick=&#8221;custom_link&#8221; img_link_target=&#8221;_blank&#8221; link=&#8221;https:\/\/ikuchyne.sk\/moderny-apartman-v-urban-residence&#8221;][\/vc_column][\/vc_row][vc_row][vc_column][vc_column_text]<\/p>\n<h2><span style=\"color: #e3245e;\"><strong>No\u010dn\u00e9 lampy <\/strong><\/span><\/h2>\n<p>[\/vc_column_text][vc_column_text]<span style=\"color: #000000;\">No\u010dn\u00e9 lampy u\u017e d\u00e1vno nie s\u00fa to, \u010do b\u00fdvali! Pr\u00e1ve no\u010dn\u00e9 lampy alebo int\u00edmne osvetlenie spacej z\u00f3ny bude to najpotrebnej\u0161ie a\u00a0najvyu\u017e\u00edvanej\u0161ie svietidlo vo va\u0161ej sp\u00e1lni.<span style=\"color: #e3245e;\"> <a style=\"color: #e3245e;\" href=\"https:\/\/ikuchyne.sk\/eshop\/kategoria\/stolove-lampy\/\"><strong>No\u010dn\u00e9 lampy <\/strong><\/a><\/span><\/span><span style=\"color: #000000;\"><b>vyber\u00e1me preto s\u00a0d\u00f4razom na bod, ktor\u00fd chceme osvet\u013eova\u0165<\/b><\/span><span style=\"color: #000000;\">.\u00a0No\u010dn\u00e9 lampy a\u00a0poste\u013e maj\u00fa vytv\u00e1ra\u0165 funk\u010dn\u00fa a\u00a0dizajnovo dokonal\u00fa dvojicu.<\/span>[\/vc_column_text][\/vc_column][\/vc_row][vc_row][vc_column][vc_single_image image=&#8221;126097&#8243; img_size=&#8221;large&#8221; add_caption=&#8221;yes&#8221; alignment=&#8221;center&#8221; style=&#8221;vc_box_rounded&#8221; onclick=&#8221;custom_link&#8221; img_link_target=&#8221;_blank&#8221; link=&#8221;https:\/\/ikuchyne.sk\/eshop\/produkt\/stolova-lampa-classic\/&#8221;][vc_column_text]<strong><span style=\"color: #000000;\">\u010c\u00edtate si radi pred span\u00edm? <\/span><\/strong><span style=\"color: #000000;\">H\u013eadajte\u00a0<\/span><span style=\"color: #000000;\">flexibiln\u00fa lampu<\/span><span style=\"color: #000000;\">, ktorej dopad svetla si nastav\u00edte pod\u013ea vlastnej potreby. M\u00f4\u017eu by\u0165 upevnen\u00e9 na \u010delo postele alebo fixovan\u00e9 do steny.<\/span>[\/vc_column_text][vc_single_image image=&#8221;118546&#8243; img_size=&#8221;large&#8221; add_caption=&#8221;yes&#8221; alignment=&#8221;center&#8221; style=&#8221;vc_box_rounded&#8221;][\/vc_column][\/vc_row][vc_row][vc_column][vc_column_text]<span style=\"color: #000000;\">Ak radi zasp\u00e1vate s\u00a0knihou, jej odlo\u017eenie a\u00a0vypnutie no\u010dnej lampy by v\u00e1m malo sp\u00f4sobova\u0165 iba minim\u00e1lnu n\u00e1mahu. Myslite na to u\u017e pri elektroin\u0161tal\u00e1cii (umiestnenie postele bude rozhoduj\u00face pre spr\u00e1vnu poz\u00edciu vyp\u00edna\u010da bud\u00facej no\u010dnej lampy). Ni\u010d v\u0161ak nie je straten\u00e9, ak na t\u00fato vec pozabudnete! <strong>Vybra\u0165 si m\u00f4\u017eete z\u00a0bohatej ponuky <\/strong><\/span><span style=\"color: #000000;\"><b>no\u010dn\u00fdch l\u00e1mp s\u00a0ovl\u00e1da\u010dom<\/b><\/span><span style=\"color: #000000;\">, resp. reaguj\u00facich na hlasov\u00fd povel alebo tlesknutie \ud83d\ude42<\/span>[\/vc_column_text][\/vc_column][\/vc_row][vc_row][vc_column][vc_column_text]<\/p>\n<h2><span style=\"color: #e3245e;\"><strong>U\u017e viac nebl\u00fa\u010fte<\/strong><\/span><\/h2>\n<p>[\/vc_column_text][vc_column_text]<span style=\"color: #000000;\">Samostatne stojaca<\/span><span style=\"color: #000000;\">\u00a0na no\u010dnom stol\u00edku, <\/span><span style=\"color: #000000;\">n\u00e1stenn\u00e1<\/span><span style=\"color: #000000;\">, <\/span><span style=\"color: #000000;\">flexibilne upevnen\u00e1<\/span><span style=\"color: #000000;\">\u00a0k\u00a0\u010delu postele, \u010di <\/span><span style=\"color: #000000;\">visiaca zo stropu<\/span><span style=\"color: #000000;\"> (svietidlo z na\u0161ej realiz\u00e1cie bude ladi\u0165 aj so sp\u00e1l\u0148ov\u00fdm interi\u00e9rom). <strong>Za najtrendovej\u0161ie vychyt\u00e1vky pova\u017eujeme<\/strong> <\/span><span style=\"color: #000000;\"><b>zapusten\u00e9 LED li\u0161ty<\/b><\/span><span style=\"color: #000000;\">\u00a0<strong>plynulo prech\u00e1dzaj\u00face zo stropu na stenu za poste\u013eou.<\/strong> V\u00fdber tej spr\u00e1vnej no\u010dnej lampy z\u00e1le\u017e\u00ed od \u0161t\u00fdlu, ktor\u00fd preferujete, a\u00a0v\u00a0ktorom sa m\u00e1 nies\u0165 va\u0161a sp\u00e1l\u0148a. Na\u0161a rada znie, bu\u010fte odv\u00e1\u017eni a\u00a0origin\u00e1lni!<\/span>[\/vc_column_text][vc_single_image image=&#8221;118548&#8243; img_size=&#8221;full&#8221; add_caption=&#8221;yes&#8221; alignment=&#8221;center&#8221; style=&#8221;vc_box_rounded&#8221; onclick=&#8221;custom_link&#8221; img_link_target=&#8221;_blank&#8221; link=&#8221;https:\/\/ikuchyne.sk\/eshop\/svietidla-v-nasich-realizaciach\/&#8221;][vc_message message_box_color=&#8221;alert-success&#8221; icon_fontawesome=&#8221;fa fa-lightbulb-o&#8221;]<strong>Rada odborn\u00edka<\/strong><\/p>\n<p>Ide\u00e1lnou vo\u013ebou do sp\u00e1lne s\u00fa svietidl\u00e1 s\u00a0farbou svetla tepl\u00e1 biela a s intenzitou osvetlenia aspo\u0148 100 Luxov, ktor\u00fa m\u00e1 napr. \u00fasporn\u00e1 \u017eiarivka s v\u00fdkonom 100 -150 Wattov.[\/vc_message][\/vc_column][\/vc_row][vc_row][vc_column][vc_column_text]<span style=\"color: #000000;\"><i>\u201e<\/i><\/span><span style=\"color: #000000;\"><i>Kde je, pros\u00edm, t\u00e1 \u010dierna ko\u0161e\u013ea, \u010do si mi k\u00fapila naposledy?\u201c<\/i><\/span><span style=\"color: #000000;\">\u00a0Nepr\u00edjemn\u00fd bud\u00ed\u010dek od man\u017eela, vst\u00e1vaj\u00faceho do pr\u00e1ce sk\u00f4r ako vy, v\u0161ak?! M\u00e1me pre v\u00e1s rie\u0161enie! <strong>Zakomponujte do svojej <\/strong><\/span><span style=\"color: #000000;\"><b>\u0161atn\u00edkovej skrine svietidlo<\/b><\/span><span style=\"color: #000000;\">, <strong>ktor\u00e9 v\u00e1m osvetl\u00ed vn\u00fatorn\u00fd priestor a u\u013eah\u010d\u00ed tak h\u013eadanie potrebnej veci!<\/strong> \u00dasporn\u00e9 LED osvetlenie, navy\u0161e s mo\u017enos\u0165ou jednoduchej fix\u00e1cie (integrovan\u00fd lepiaci pr\u00fa\u017eok) je na\u0161\u00edm tipom, ako si spreh\u013eadni\u0165 obsah \u0161atn\u00edkovej skrine vo va\u0161ej sp\u00e1lni. E\u0161te mal\u00e1 rada, v iKuchyne.sk pon\u00fakame aj \u00a0tak\u00e9, ktor\u00e9 sa po otvoren\u00ed \u0161atn\u00edkovej skrine sa automaticky rozsvietia! \u00c1no, svietidl\u00e1 do sp\u00e1lne m\u00f4\u017eu vyzera\u0165 aj takto.<\/span>[\/vc_column_text][\/vc_column][\/vc_row][vc_row][vc_column][vc_single_image image=&#8221;118549&#8243; img_size=&#8221;full&#8221; add_caption=&#8221;yes&#8221; alignment=&#8221;center&#8221; style=&#8221;vc_box_rounded&#8221; onclick=&#8221;custom_link&#8221; img_link_target=&#8221;_blank&#8221; link=&#8221;https:\/\/homishome.com\/2019\/05\/28\/48-wardrobe-designs-are-popular&#8221;][\/vc_column][\/vc_row][vc_row][vc_column][vc_message icon_fontawesome=&#8221;fa fa-lightbulb-o&#8221;]<b>ZAUJ\u00cdMAVOS\u0164! <\/b><\/p>\n<p>Vedeli ste, \u017ee biele neutr\u00e1lne svetlo ako jedin\u00e9 neskres\u013euje farby? Preto by sme svietidl\u00e1\u00a0s\u00a0t\u00fdmto druhom svetla mali vybera\u0165 pr\u00e1ve na osvetlenie vn\u00fatorn\u00e9ho priestoru \u0161atn\u00edkovej skrine, \u010di k\u00a0d\u00e1mskemu toaletn\u00e9mu stol\u00edku, \u00a0alebo aj do k\u00fape\u013ene.[\/vc_message][vc_column_text]<\/p>\n<h2><span style=\"color: #e3245e;\"><strong>D\u00e1msky toaletn\u00fd stol\u00edk <\/strong><\/span><\/h2>\n<p>[\/vc_column_text][vc_column_text]<span style=\"color: #000000;\">Ten je v\u00a0sp\u00e1lni je mimoriadne \u0161t\u00fdlovou z\u00e1le\u017eitos\u0165ou! Ak sa v\u00a0nej nach\u00e1dza,\u00a0prid\u00e1va sp\u00e1lni na luxuse, romantickosti a\u00a0zmysle pre detail a\u00a0poriadok. Sna\u017ete sa ho umiestni\u0165 k\u00a0oknu, denn\u00e9 svetlo\u00a0je\u00a0pre dokonal\u00fd make-up to najlep\u0161ie! <strong>Pri nedostatku denn\u00e9ho svetla n\u00e1m v\u0161ak pom\u00f4\u017eu <\/strong><\/span><span style=\"color: #000000;\"><b>svietidl\u00e1 s\u00a0bielym neutr\u00e1lnym svetlom<\/b><\/span><span style=\"color: #000000;\"><b>, <\/b><\/span><span style=\"color: #000000;\">umiestnen\u00e9 rovnomerne po oboch stran\u00e1ch zrkadla, resp. zrkadlo so zabudovan\u00fdm osvetlen\u00edm po svojom obvode!<\/span>[\/vc_column_text][\/vc_column][\/vc_row][vc_row][vc_column][vc_single_image image=&#8221;118550&#8243; img_size=&#8221;full&#8221; add_caption=&#8221;yes&#8221; alignment=&#8221;center&#8221; style=&#8221;vc_box_rounded&#8221; onclick=&#8221;custom_link&#8221; img_link_target=&#8221;_blank&#8221; link=&#8221;https:\/\/sk.pinterest.com\/pin\/814307176346197880\/?nic=1a&amp;sender=540854373908009599&#8243;][\/vc_column][\/vc_row][vc_row][vc_column][vc_column_text]<\/p>\n<h2><span style=\"color: #e3245e;\"><strong>Orienta\u010dn\u00e9 svietidl\u00e1 do sp\u00e1lne<\/strong><\/span><\/h2>\n<p>[\/vc_column_text][vc_column_text]<span style=\"color: #000000;\"><strong>Orienta\u010dn\u00e9 osvetlenie<\/strong><\/span><span style=\"color: #000000;\"><strong> je typom svietidla, ktor\u00e9 sa be\u017ene pou\u017e\u00edva hlavne v chodb\u00e1ch a schodisk\u00e1ch.<\/strong> Umiest\u0148uje sa pribli\u017ene do v\u00fd\u0161ky 20-30 cm od <\/span><span style=\"color: #000000;\"><a style=\"color: #000000;\" href=\"https:\/\/www.koberce-breno.sk\/pvc-podlahy\">podlahy<\/a><\/span><span style=\"color: #000000;\">. Zabudovate\u013en\u00e9 svietidlo m\u00e1 integrovan\u00fd pohybov\u00fd sn\u00edma\u010d a uchr\u00e1ni v\u00e1s od narazen\u00e9ho palca na nohe cestou na WC po\u010das noci! Ak ste na tak\u00fato vec nemysleli u\u017e pri elektroin\u0161tal\u00e1cii, \u017eiaden probl\u00e9m! Dok\u00fapte orienta\u010dn\u00e9 svietidlo do elektrickej z\u00e1suvky za p\u00e1r eur. Efekt bude plni\u0165 rovnak\u00fd!<\/span>[\/vc_column_text][vc_single_image image=&#8221;118551&#8243; img_size=&#8221;full&#8221; add_caption=&#8221;yes&#8221; alignment=&#8221;center&#8221; style=&#8221;vc_box_rounded&#8221; onclick=&#8221;custom_link&#8221; img_link_target=&#8221;_blank&#8221; link=&#8221;https:\/\/sk.pinterest.com\/pin\/814307176346197880\/?nic=1a&amp;sender=540854373908009599&#8243;][\/vc_column][\/vc_row][vc_row][vc_column][vc_column_text]<span style=\"color: #000000;\">Jedna miestnos\u0165 vo va\u0161ej dom\u00e1cnosti, a\u00a0to\u013eko druhov svietidiel si vy\u017eaduje? Nepodce\u0148te ich v\u00fdber, predsa je sp\u00e1l\u0148a na\u0161\u00edm \u00fato\u010diskom, akousi o\u00e1zou pokoja, v\u00a0ktorej denne zbierame sily pre \u010fal\u0161\u00ed produkt\u00edvny de\u0148! <strong>Dokonale vyhovuj\u00faca no\u010dn\u00e1 lampa spolu s\u00a0kvalitnou poste\u013eou, by mali by\u0165 nosn\u00fdmi prvkami ka\u017edej jednej sp\u00e1lne!<\/strong><\/span>[\/vc_column_text][\/vc_column][\/vc_row]<\/p>\n","protected":false},"excerpt":{"rendered":"<p>[vc_row][vc_column][vc_column_text]\u010cas, ktor\u00fd tr\u00e1vime v\u00a0sp\u00e1lni je orientovan\u00fd preva\u017ene na tmav\u00fa f\u00e1zu d\u0148a, pr\u00e1ve preto je v\u00fdber a\u00a0rozmiestnenie svietidiel ve\u013emi d\u00f4le\u017eit\u00fd. Av\u0161ak, vykon\u00e1vame v\u00a0nej aj \u010dinnosti ako \u010d\u00edtanie, v\u00fdber oble\u010denia, obliekanie samotn\u00e9,<\/p>\n","protected":false},"author":552,"featured_media":125831,"comment_status":"closed","ping_status":"open","sticky":false,"template":"","format":"standard","meta":{"footnotes":""},"categories":[1016],"tags":[],"yoast_head":"<!-- This site is optimized with the Yoast SEO plugin v22.1 - https:\/\/yoast.com\/wordpress\/plugins\/seo\/ -->\n<title>Zvo\u013ete tie spr\u00e1vne svietidl\u00e1 do sp\u00e1lne! &#187; iKuchyne iSHOP s n\u00e1bytkom<\/title>\n<meta name=\"description\" content=\"Vyber\u00e1te svietidl\u00e1 do sp\u00e1lne? S na\u0161imi radami, ktor\u00e9 sme sp\u00edsali do \u010dl\u00e1nku ni\u010d nepodcen\u00edte a va\u0161a sp\u00e1l\u0148a bude dokonale osvetlen\u00e1!\" \/>\n<meta name=\"robots\" content=\"index, follow, max-snippet:-1, max-image-preview:large, max-video-preview:-1\" \/>\n<link rel=\"canonical\" href=\"https:\/\/www.ikuchyne.sk\/eshop\/zvolte-tie-spravne-svietidla-do-spalne\/\" \/>\n<meta property=\"og:locale\" content=\"sk_SK\" \/>\n<meta property=\"og:type\" content=\"article\" \/>\n<meta property=\"og:title\" content=\"Zvo\u013ete tie spr\u00e1vne svietidl\u00e1 do sp\u00e1lne! &#187; iKuchyne iSHOP s n\u00e1bytkom\" \/>\n<meta property=\"og:description\" content=\"Vyber\u00e1te svietidl\u00e1 do sp\u00e1lne? S na\u0161imi radami, ktor\u00e9 sme sp\u00edsali do \u010dl\u00e1nku ni\u010d nepodcen\u00edte a va\u0161a sp\u00e1l\u0148a bude dokonale osvetlen\u00e1!\" \/>\n<meta property=\"og:url\" content=\"https:\/\/www.ikuchyne.sk\/eshop\/zvolte-tie-spravne-svietidla-do-spalne\/\" \/>\n<meta property=\"og:site_name\" content=\"iKuchyne iSHOP s n\u00e1bytkom\" \/>\n<meta property=\"article:publisher\" content=\"https:\/\/www.facebook.com\/ikuchyne\/\" \/>\n<meta property=\"article:published_time\" content=\"2020-04-06T15:40:19+00:00\" \/>\n<meta property=\"article:modified_time\" content=\"2020-10-21T11:28:11+00:00\" \/>\n<meta property=\"og:image\" content=\"https:\/\/www.ikuchyne.sk\/eshop\/wp-content\/uploads\/2020\/03\/detail-na-no\u010dn\u00fd-stol\u00edk-scaled.jpg\" \/>\n\t<meta property=\"og:image:width\" content=\"2560\" \/>\n\t<meta property=\"og:image:height\" content=\"1706\" \/>\n\t<meta property=\"og:image:type\" content=\"image\/jpeg\" \/>\n<meta name=\"author\" content=\"Michaela \u0160ediv\u00e1\" \/>\n<meta name=\"twitter:card\" content=\"summary_large_image\" \/>\n<meta name=\"twitter:label1\" content=\"Autor\" \/>\n\t<meta name=\"twitter:data1\" content=\"Michaela \u0160ediv\u00e1\" \/>\n\t<meta name=\"twitter:label2\" content=\"Predpokladan\u00fd \u010das \u010d\u00edtania\" \/>\n\t<meta name=\"twitter:data2\" content=\"7 min\u00fat\" \/>\n<script type=\"application\/ld+json\" class=\"yoast-schema-graph\">{\"@context\":\"https:\/\/schema.org\",\"@graph\":[{\"@type\":\"Article\",\"@id\":\"https:\/\/www.ikuchyne.sk\/eshop\/zvolte-tie-spravne-svietidla-do-spalne\/#article\",\"isPartOf\":{\"@id\":\"https:\/\/www.ikuchyne.sk\/eshop\/zvolte-tie-spravne-svietidla-do-spalne\/\"},\"author\":{\"name\":\"Michaela \u0160ediv\u00e1\",\"@id\":\"https:\/\/www.ikuchyne.sk\/eshop\/#\/schema\/person\/9f339877269d8d0ccd7c452e8549848c\"},\"headline\":\"Zvo\u013ete tie spr\u00e1vne svietidl\u00e1 do sp\u00e1lne!\",\"datePublished\":\"2020-04-06T15:40:19+00:00\",\"dateModified\":\"2020-10-21T11:28:11+00:00\",\"mainEntityOfPage\":{\"@id\":\"https:\/\/www.ikuchyne.sk\/eshop\/zvolte-tie-spravne-svietidla-do-spalne\/\"},\"wordCount\":1385,\"publisher\":{\"@id\":\"https:\/\/www.ikuchyne.sk\/eshop\/#organization\"},\"articleSection\":[\"Svietidl\u00e1\"],\"inLanguage\":\"sk-SK\"},{\"@type\":\"WebPage\",\"@id\":\"https:\/\/www.ikuchyne.sk\/eshop\/zvolte-tie-spravne-svietidla-do-spalne\/\",\"url\":\"https:\/\/www.ikuchyne.sk\/eshop\/zvolte-tie-spravne-svietidla-do-spalne\/\",\"name\":\"Zvo\u013ete tie spr\u00e1vne svietidl\u00e1 do sp\u00e1lne! &#187; iKuchyne iSHOP s n\u00e1bytkom\",\"isPartOf\":{\"@id\":\"https:\/\/www.ikuchyne.sk\/eshop\/#website\"},\"datePublished\":\"2020-04-06T15:40:19+00:00\",\"dateModified\":\"2020-10-21T11:28:11+00:00\",\"description\":\"Vyber\u00e1te svietidl\u00e1 do sp\u00e1lne? S na\u0161imi radami, ktor\u00e9 sme sp\u00edsali do \u010dl\u00e1nku ni\u010d nepodcen\u00edte a va\u0161a sp\u00e1l\u0148a bude dokonale osvetlen\u00e1!\",\"breadcrumb\":{\"@id\":\"https:\/\/www.ikuchyne.sk\/eshop\/zvolte-tie-spravne-svietidla-do-spalne\/#breadcrumb\"},\"inLanguage\":\"sk-SK\",\"potentialAction\":[{\"@type\":\"ReadAction\",\"target\":[\"https:\/\/www.ikuchyne.sk\/eshop\/zvolte-tie-spravne-svietidla-do-spalne\/\"]}]},{\"@type\":\"BreadcrumbList\",\"@id\":\"https:\/\/www.ikuchyne.sk\/eshop\/zvolte-tie-spravne-svietidla-do-spalne\/#breadcrumb\",\"itemListElement\":[{\"@type\":\"ListItem\",\"position\":1,\"name\":\"Home\",\"item\":\"https:\/\/www.ikuchyne.sk\/eshop\/\"},{\"@type\":\"ListItem\",\"position\":2,\"name\":\"Zvo\u013ete tie spr\u00e1vne svietidl\u00e1 do sp\u00e1lne!\"}]},{\"@type\":\"WebSite\",\"@id\":\"https:\/\/www.ikuchyne.sk\/eshop\/#website\",\"url\":\"https:\/\/www.ikuchyne.sk\/eshop\/\",\"name\":\"iKuchyne iSHOP s n\u00e1bytkom\",\"description\":\"Jed\u00e1lensk\u00e9 stoly, stoli\u010dky, n\u00e1bytok, svietidl\u00e1...\",\"publisher\":{\"@id\":\"https:\/\/www.ikuchyne.sk\/eshop\/#organization\"},\"potentialAction\":[{\"@type\":\"SearchAction\",\"target\":{\"@type\":\"EntryPoint\",\"urlTemplate\":\"https:\/\/www.ikuchyne.sk\/eshop\/?s={search_term_string}\"},\"query-input\":\"required name=search_term_string\"}],\"inLanguage\":\"sk-SK\"},{\"@type\":\"Organization\",\"@id\":\"https:\/\/www.ikuchyne.sk\/eshop\/#organization\",\"name\":\"ikuchyne!\",\"url\":\"https:\/\/www.ikuchyne.sk\/eshop\/\",\"logo\":{\"@type\":\"ImageObject\",\"inLanguage\":\"sk-SK\",\"@id\":\"https:\/\/www.ikuchyne.sk\/eshop\/#\/schema\/logo\/image\/\",\"url\":\"https:\/\/www.ikuchyne.sk\/eshop\/wp-content\/uploads\/2017\/04\/ikuchyne-logo.jpg\",\"contentUrl\":\"https:\/\/www.ikuchyne.sk\/eshop\/wp-content\/uploads\/2017\/04\/ikuchyne-logo.jpg\",\"width\":200,\"height\":48,\"caption\":\"ikuchyne!\"},\"image\":{\"@id\":\"https:\/\/www.ikuchyne.sk\/eshop\/#\/schema\/logo\/image\/\"},\"sameAs\":[\"https:\/\/www.facebook.com\/ikuchyne\/\",\"https:\/\/www.instagram.com\/ikuchyne.sk\/\",\"https:\/\/sk.pinterest.com\/ikuchynesk\/\"]},{\"@type\":\"Person\",\"@id\":\"https:\/\/www.ikuchyne.sk\/eshop\/#\/schema\/person\/9f339877269d8d0ccd7c452e8549848c\",\"name\":\"Michaela \u0160ediv\u00e1\",\"image\":{\"@type\":\"ImageObject\",\"inLanguage\":\"sk-SK\",\"@id\":\"https:\/\/www.ikuchyne.sk\/eshop\/#\/schema\/person\/image\/\",\"url\":\"https:\/\/www.ikuchyne.sk\/eshop\/wp-content\/plugins\/wp-user-avatar\/deprecated\/wp-user-avatar\/images\/wpua-96x96.png\",\"contentUrl\":\"https:\/\/www.ikuchyne.sk\/eshop\/wp-content\/plugins\/wp-user-avatar\/deprecated\/wp-user-avatar\/images\/wpua-96x96.png\",\"caption\":\"Michaela \u0160ediv\u00e1\"},\"description\":\"Michaela sa vo vo\u013enom \u010dase venuje copywritingu a interi\u00e9rov\u00e9mu dizajnu. Medzi jej z\u00e1\u013euby patr\u00ed dobr\u00e1 kniha a oddych v pr\u00edrode.\",\"url\":\"https:\/\/www.ikuchyne.sk\/eshop\/author\/michaela-sediva\/\"}]}<\/script>\n<!-- \/ Yoast SEO plugin. -->","yoast_head_json":{"title":"Zvo\u013ete tie spr\u00e1vne svietidl\u00e1 do sp\u00e1lne! &#187; iKuchyne iSHOP s n\u00e1bytkom","description":"Vyber\u00e1te svietidl\u00e1 do sp\u00e1lne? S na\u0161imi radami, ktor\u00e9 sme sp\u00edsali do \u010dl\u00e1nku ni\u010d nepodcen\u00edte a va\u0161a sp\u00e1l\u0148a bude dokonale osvetlen\u00e1!","robots":{"index":"index","follow":"follow","max-snippet":"max-snippet:-1","max-image-preview":"max-image-preview:large","max-video-preview":"max-video-preview:-1"},"canonical":"https:\/\/www.ikuchyne.sk\/eshop\/zvolte-tie-spravne-svietidla-do-spalne\/","og_locale":"sk_SK","og_type":"article","og_title":"Zvo\u013ete tie spr\u00e1vne svietidl\u00e1 do sp\u00e1lne! &#187; iKuchyne iSHOP s n\u00e1bytkom","og_description":"Vyber\u00e1te svietidl\u00e1 do sp\u00e1lne? S na\u0161imi radami, ktor\u00e9 sme sp\u00edsali do \u010dl\u00e1nku ni\u010d nepodcen\u00edte a va\u0161a sp\u00e1l\u0148a bude dokonale osvetlen\u00e1!","og_url":"https:\/\/www.ikuchyne.sk\/eshop\/zvolte-tie-spravne-svietidla-do-spalne\/","og_site_name":"iKuchyne iSHOP s n\u00e1bytkom","article_publisher":"https:\/\/www.facebook.com\/ikuchyne\/","article_published_time":"2020-04-06T15:40:19+00:00","article_modified_time":"2020-10-21T11:28:11+00:00","og_image":[{"width":2560,"height":1706,"url":"https:\/\/www.ikuchyne.sk\/eshop\/wp-content\/uploads\/2020\/03\/detail-na-no\u010dn\u00fd-stol\u00edk-scaled.jpg","type":"image\/jpeg"}],"author":"Michaela \u0160ediv\u00e1","twitter_card":"summary_large_image","twitter_misc":{"Autor":"Michaela \u0160ediv\u00e1","Predpokladan\u00fd \u010das \u010d\u00edtania":"7 min\u00fat"},"schema":{"@context":"https:\/\/schema.org","@graph":[{"@type":"Article","@id":"https:\/\/www.ikuchyne.sk\/eshop\/zvolte-tie-spravne-svietidla-do-spalne\/#article","isPartOf":{"@id":"https:\/\/www.ikuchyne.sk\/eshop\/zvolte-tie-spravne-svietidla-do-spalne\/"},"author":{"name":"Michaela \u0160ediv\u00e1","@id":"https:\/\/www.ikuchyne.sk\/eshop\/#\/schema\/person\/9f339877269d8d0ccd7c452e8549848c"},"headline":"Zvo\u013ete tie spr\u00e1vne svietidl\u00e1 do sp\u00e1lne!","datePublished":"2020-04-06T15:40:19+00:00","dateModified":"2020-10-21T11:28:11+00:00","mainEntityOfPage":{"@id":"https:\/\/www.ikuchyne.sk\/eshop\/zvolte-tie-spravne-svietidla-do-spalne\/"},"wordCount":1385,"publisher":{"@id":"https:\/\/www.ikuchyne.sk\/eshop\/#organization"},"articleSection":["Svietidl\u00e1"],"inLanguage":"sk-SK"},{"@type":"WebPage","@id":"https:\/\/www.ikuchyne.sk\/eshop\/zvolte-tie-spravne-svietidla-do-spalne\/","url":"https:\/\/www.ikuchyne.sk\/eshop\/zvolte-tie-spravne-svietidla-do-spalne\/","name":"Zvo\u013ete tie spr\u00e1vne svietidl\u00e1 do sp\u00e1lne! &#187; iKuchyne iSHOP s n\u00e1bytkom","isPartOf":{"@id":"https:\/\/www.ikuchyne.sk\/eshop\/#website"},"datePublished":"2020-04-06T15:40:19+00:00","dateModified":"2020-10-21T11:28:11+00:00","description":"Vyber\u00e1te svietidl\u00e1 do sp\u00e1lne? S na\u0161imi radami, ktor\u00e9 sme sp\u00edsali do \u010dl\u00e1nku ni\u010d nepodcen\u00edte a va\u0161a sp\u00e1l\u0148a bude dokonale osvetlen\u00e1!","breadcrumb":{"@id":"https:\/\/www.ikuchyne.sk\/eshop\/zvolte-tie-spravne-svietidla-do-spalne\/#breadcrumb"},"inLanguage":"sk-SK","potentialAction":[{"@type":"ReadAction","target":["https:\/\/www.ikuchyne.sk\/eshop\/zvolte-tie-spravne-svietidla-do-spalne\/"]}]},{"@type":"BreadcrumbList","@id":"https:\/\/www.ikuchyne.sk\/eshop\/zvolte-tie-spravne-svietidla-do-spalne\/#breadcrumb","itemListElement":[{"@type":"ListItem","position":1,"name":"Home","item":"https:\/\/www.ikuchyne.sk\/eshop\/"},{"@type":"ListItem","position":2,"name":"Zvo\u013ete tie spr\u00e1vne svietidl\u00e1 do sp\u00e1lne!"}]},{"@type":"WebSite","@id":"https:\/\/www.ikuchyne.sk\/eshop\/#website","url":"https:\/\/www.ikuchyne.sk\/eshop\/","name":"iKuchyne iSHOP s n\u00e1bytkom","description":"Jed\u00e1lensk\u00e9 stoly, stoli\u010dky, n\u00e1bytok, svietidl\u00e1...","publisher":{"@id":"https:\/\/www.ikuchyne.sk\/eshop\/#organization"},"potentialAction":[{"@type":"SearchAction","target":{"@type":"EntryPoint","urlTemplate":"https:\/\/www.ikuchyne.sk\/eshop\/?s={search_term_string}"},"query-input":"required name=search_term_string"}],"inLanguage":"sk-SK"},{"@type":"Organization","@id":"https:\/\/www.ikuchyne.sk\/eshop\/#organization","name":"ikuchyne!","url":"https:\/\/www.ikuchyne.sk\/eshop\/","logo":{"@type":"ImageObject","inLanguage":"sk-SK","@id":"https:\/\/www.ikuchyne.sk\/eshop\/#\/schema\/logo\/image\/","url":"https:\/\/www.ikuchyne.sk\/eshop\/wp-content\/uploads\/2017\/04\/ikuchyne-logo.jpg","contentUrl":"https:\/\/www.ikuchyne.sk\/eshop\/wp-content\/uploads\/2017\/04\/ikuchyne-logo.jpg","width":200,"height":48,"caption":"ikuchyne!"},"image":{"@id":"https:\/\/www.ikuchyne.sk\/eshop\/#\/schema\/logo\/image\/"},"sameAs":["https:\/\/www.facebook.com\/ikuchyne\/","https:\/\/www.instagram.com\/ikuchyne.sk\/","https:\/\/sk.pinterest.com\/ikuchynesk\/"]},{"@type":"Person","@id":"https:\/\/www.ikuchyne.sk\/eshop\/#\/schema\/person\/9f339877269d8d0ccd7c452e8549848c","name":"Michaela \u0160ediv\u00e1","image":{"@type":"ImageObject","inLanguage":"sk-SK","@id":"https:\/\/www.ikuchyne.sk\/eshop\/#\/schema\/person\/image\/","url":"https:\/\/www.ikuchyne.sk\/eshop\/wp-content\/plugins\/wp-user-avatar\/deprecated\/wp-user-avatar\/images\/wpua-96x96.png","contentUrl":"https:\/\/www.ikuchyne.sk\/eshop\/wp-content\/plugins\/wp-user-avatar\/deprecated\/wp-user-avatar\/images\/wpua-96x96.png","caption":"Michaela \u0160ediv\u00e1"},"description":"Michaela sa vo vo\u013enom \u010dase venuje copywritingu a interi\u00e9rov\u00e9mu dizajnu. Medzi jej z\u00e1\u013euby patr\u00ed dobr\u00e1 kniha a oddych v pr\u00edrode.","url":"https:\/\/www.ikuchyne.sk\/eshop\/author\/michaela-sediva\/"}]}},"_links":{"self":[{"href":"https:\/\/www.ikuchyne.sk\/eshop\/wp-json\/wp\/v2\/posts\/126008"}],"collection":[{"href":"https:\/\/www.ikuchyne.sk\/eshop\/wp-json\/wp\/v2\/posts"}],"about":[{"href":"https:\/\/www.ikuchyne.sk\/eshop\/wp-json\/wp\/v2\/types\/post"}],"author":[{"embeddable":true,"href":"https:\/\/www.ikuchyne.sk\/eshop\/wp-json\/wp\/v2\/users\/552"}],"replies":[{"embeddable":true,"href":"https:\/\/www.ikuchyne.sk\/eshop\/wp-json\/wp\/v2\/comments?post=126008"}],"version-history":[{"count":5,"href":"https:\/\/www.ikuchyne.sk\/eshop\/wp-json\/wp\/v2\/posts\/126008\/revisions"}],"predecessor-version":[{"id":147325,"href":"https:\/\/www.ikuchyne.sk\/eshop\/wp-json\/wp\/v2\/posts\/126008\/revisions\/147325"}],"wp:featuredmedia":[{"embeddable":true,"href":"https:\/\/www.ikuchyne.sk\/eshop\/wp-json\/wp\/v2\/media\/125831"}],"wp:attachment":[{"href":"https:\/\/www.ikuchyne.sk\/eshop\/wp-json\/wp\/v2\/media?parent=126008"}],"wp:term":[{"taxonomy":"category","embeddable":true,"href":"https:\/\/www.ikuchyne.sk\/eshop\/wp-json\/wp\/v2\/categories?post=126008"},{"taxonomy":"post_tag","embeddable":true,"href":"https:\/\/www.ikuchyne.sk\/eshop\/wp-json\/wp\/v2\/tags?post=126008"}],"curies":[{"name":"wp","href":"https:\/\/api.w.org\/{rel}","templated":true}]}}