{"id":126369,"date":"2020-04-13T18:59:10","date_gmt":"2020-04-13T16:59:10","guid":{"rendered":"https:\/\/www.ikuchyne.sk\/eshop\/?p=126369"},"modified":"2020-10-21T14:13:30","modified_gmt":"2020-10-21T12:13:30","slug":"co-je-to-mikrovlakno-a-ako-sa-on-starat","status":"publish","type":"post","link":"https:\/\/www.ikuchyne.sk\/eshop\/co-je-to-mikrovlakno-a-ako-sa-on-starat\/","title":{"rendered":"\u010co je to mikrovl\u00e1kno a ako sa o\u0148 stara\u0165?"},"content":{"rendered":"<p>[vc_row][vc_column][vc_column_text]<span style=\"color: #000000;\"><strong>Mikrovl\u00e1kno patr\u00ed medzi ob\u013e\u00faben\u00e9 materi\u00e1ly. V dom\u00e1cnosti sa vyu\u017e\u00edva \u010dasto, v\u010faka \u010domu ho n\u00e1jdete takmer v\u0161ade. Pod t\u00fdmto pojmom v\u0161ak nen\u00e1jdeme len jeden produkt. Z mikrovl\u00e1kna m\u00f4\u017eu by\u0165 handri\u010dky, oblie\u010dky \u010di dokonca seda\u010dky. Ak\u00e9 postavenie m\u00e1 mikrovl\u00e1kno v starostlivosti o n\u00e1bytok?\u00a0<\/strong><\/span>[\/vc_column_text][vc_single_image image=&#8221;126379&#8243; img_size=&#8221;large&#8221; add_caption=&#8221;yes&#8221; alignment=&#8221;center&#8221; style=&#8221;vc_box_rounded&#8221; onclick=&#8221;custom_link&#8221; img_link_target=&#8221;_blank&#8221; link=&#8221;https:\/\/ikuchyne.sk\/eshop\/produkt\/siva-barova-stolicka-big-aston-ii\/&#8221;][\/vc_column][\/vc_row][vc_row][vc_column][vc_column_text]<span style=\"color: #000000;\">\u010ci u\u017e ide o zaria\u010fovanie bytu alebo starostlivos\u0165 o <span style=\"color: #e3245e;\"><a style=\"color: #e3245e;\" href=\"https:\/\/www.ikuchyne.sk\/eshop\/nabytok\/\">n\u00e1bytok<\/a><\/span>, mikrovl\u00e1kno sa hod\u00ed v\u0161ade. M\u00e1 \u0161irok\u00e9 vyu\u017eitie a ve\u013ea pozit\u00edvnych vlastnost\u00ed. V pr\u00edpade kusov n\u00e1bytku ako napr\u00edklad seda\u010dka vyzer\u00e1 ve\u013emi dobre. Naopak, ak sa n\u00edm rozhodnete \u010disti\u0165 n\u00e1bytok, zbav\u00ed v\u00e1s ve\u013emi r\u00fdchlo ne\u010dist\u00f4t. <strong>\u010co to vlastne mikrovl\u00e1kno je a ako sa o\u0148 stara\u0165?<\/strong><\/span><\/p>\n<h2><span style=\"color: #e3245e;\"><strong>\u010co je mikrovl\u00e1kno?\u00a0<\/strong><\/span><\/h2>\n<p><span style=\"color: #000000;\">Na za\u010diatok by bolo dobr\u00e9 ozrejmi\u0165, \u010do vlastne mikrovl\u00e1kno je. <strong>Jednoducho povedan\u00e9, mikrovl\u00e1kno je umel\u00e1 text\u00edlia.<\/strong> Je vyroben\u00e1 z polyesteru s ve\u013emi tenk\u00fdm vl\u00e1knom. Pr\u00e1ve preto s\u00fa handri\u010dky \u010di in\u00e9 v\u00fdrobky tak jemn\u00e9 na dotyk. Pri jemnosti sa uv\u00e1dza hodnota 1 dtex, \u010do je pribli\u017ene 3-kr\u00e1t menej ako pri bavlne.<\/span>[\/vc_column_text][vc_single_image image=&#8221;126378&#8243; img_size=&#8221;large&#8221; add_caption=&#8221;yes&#8221; alignment=&#8221;center&#8221; style=&#8221;vc_box_rounded&#8221; onclick=&#8221;custom_link&#8221; img_link_target=&#8221;_blank&#8221; link=&#8221;https:\/\/ikuchyne.sk\/eshop\/produkt\/bezovosiva-rohova-rozkladacia-sedacka-tailors-cut-255cm\/&#8221;][\/vc_column][\/vc_row][vc_row][vc_column][vc_column_text]<span style=\"color: #000000;\">Ak by ste si chceli mikrovl\u00e1kno predstavi\u0165, na dotyk sa podob\u00e1 semi\u0161u. Vhodn\u00e9 je ako materi\u00e1l pre handri\u010dky na starostlivos\u0165 o n\u00e1bytok. Taktie\u017e sa d\u00e1 pou\u017ei\u0165 ako poste\u013en\u00e1 bielize\u0148 alebo ako textil na n\u00e1bytok.<strong> \u010casto sa nach\u00e1dza na seda\u010dk\u00e1ch.<\/strong> V pr\u00edpade seda\u010diek sa v\u0161ak k mikrovl\u00e1knu prid\u00e1va vrstva pru\u017en\u00fdch vl\u00e1kien. Vtedy sa zamedzuje vy\u0165ahaniu po\u0165ahov.<\/span><\/p>\n<p><span style=\"color: #000000;\">Jeho v\u00fdhodou je to, \u017ee je priedu\u0161n\u00fd a jemn\u00fd. <strong>Ke\u010f\u017ee je umel\u00fd, nel\u00e1ka rozto\u010de.<\/strong> Taktie\u017e je husto tkan\u00fd, v\u010faka \u010domu nie je zdrojom alerg\u00e9nov. <\/span>[\/vc_column_text][\/vc_column][\/vc_row][vc_row][vc_column][vc_single_image image=&#8221;126377&#8243; img_size=&#8221;large&#8221; add_caption=&#8221;yes&#8221; alignment=&#8221;center&#8221; style=&#8221;vc_box_rounded&#8221; onclick=&#8221;custom_link&#8221; img_link_target=&#8221;_blank&#8221; link=&#8221;https:\/\/ikuchyne.sk\/eshop\/produkt\/tmavosive-kreslo-mustang-lounger\/&#8221;][vc_message icon_fontawesome=&#8221;fa fa-lightbulb-o&#8221;]<strong><b>Rada odborn\u00edka<\/b><\/strong>:<\/p>\n<p><span style=\"font-weight: 400;\">Z mikrovl\u00e1kna si rozhodne k\u00fapte aspo\u0148 handri\u010dku na prach. <strong>Tento materi\u00e1l m\u00e1 <\/strong><\/span><b>vysok\u00fd statick\u00fd n\u00e1boj<\/b><span style=\"font-weight: 400;\">, pomocou ktor\u00e9ho vie dobre zachyt\u00e1va\u0165 ne\u010distoty.\u00a0<\/span>[\/vc_message][\/vc_column][\/vc_row][vc_row][vc_column][vc_column_text]<\/p>\n<h2><span style=\"color: #e3245e;\"><strong>V\u00fdhody mikrovl\u00e1kna\u00a0<\/strong><\/span><\/h2>\n<p><span style=\"color: #000000;\">S\u00edce sme si u\u017e nejak\u00e9 spomenuli, je potrebn\u00e9 doda\u0165 e\u0161te \u010fal\u0161ie v\u00fdhody tohto materi\u00e1lu. Medzi tie hlavn\u00e9 sa radia:\u00a0<\/span><\/p>\n<ul>\n<li style=\"font-weight: 400;\"><span style=\"color: #000000;\">ne\u017emolkuje sa,\u00a0<\/span><\/li>\n<li style=\"font-weight: 400;\"><span style=\"color: #000000;\">odoln\u00fd vo\u010di oderu,\u00a0<\/span><\/li>\n<li style=\"font-weight: 400;\"><span style=\"color: #000000;\">priedu\u0161n\u00fd,\u00a0<\/span><\/li>\n<li style=\"font-weight: 400;\"><span style=\"color: #000000;\">jemn\u00fd,\u00a0<\/span><\/li>\n<li style=\"font-weight: 400;\"><span style=\"color: #000000;\">\u0161irok\u00e1 \u0161k\u00e1la farieb,\u00a0<\/span><\/li>\n<li style=\"font-weight: 400;\"><span style=\"color: #000000;\">farbovo a tvarovo st\u00e1ly,<\/span><\/li>\n<li style=\"font-weight: 400;\"><span style=\"color: #000000;\">pr\u00edjemn\u00fd na dotyk,<\/span><\/li>\n<li style=\"font-weight: 400;\"><span style=\"color: #000000;\">vhodn\u00fd pre alergikov.\u00a0<\/span><\/li>\n<\/ul>\n<p>[\/vc_column_text][\/vc_column][\/vc_row][vc_row][vc_column][vc_single_image image=&#8221;126371&#8243; img_size=&#8221;full&#8221; add_caption=&#8221;yes&#8221; alignment=&#8221;center&#8221; style=&#8221;vc_box_rounded&#8221; onclick=&#8221;custom_link&#8221; img_link_target=&#8221;_blank&#8221; link=&#8221;https:\/\/ikuchyne.sk\/eshop\/produkt\/sivy-nocny-stolik-extravagancia-45cm\/&#8221;][\/vc_column][\/vc_row][vc_row][vc_column][vc_column_text]<span style=\"color: #000000;\">Samozrejme, okrem v\u0161etk\u00fdch spomenut\u00fdch by sa dalo ur\u010dite n\u00e1js\u0165 ve\u013ek\u00e9 mno\u017estvo \u010fal\u0161\u00edch v\u00fdhod. <strong>Mikrovl\u00e1kno je jednoducho jeden z ve\u013emi dobr\u00fdch materi\u00e1lov a to aj v\u010faka \u0161irok\u00e9mu vyu\u017eitiu.\u00a0<\/strong><\/span><\/p>\n<p><span style=\"color: #000000;\">V porovnan\u00ed s \u010dal\u00fanen\u00edm vid\u00edme pomerne ve\u013ek\u00e9 rozdiely. Mikrovl\u00e1kno je v tomto pr\u00edpade omnoho lep\u0161ie. Je toti\u017eto lacnej\u0161ou napodobeninou semi\u0161u. <strong>V\u010faka tenk\u00e9mu vl\u00e1knu je jemn\u00e9 a dobre sa udr\u017eiava.<\/strong>\u00a0<\/span>[\/vc_column_text][\/vc_column][\/vc_row][vc_row][vc_column][vc_single_image image=&#8221;126370&#8243; img_size=&#8221;full&#8221; add_caption=&#8221;yes&#8221; alignment=&#8221;center&#8221; style=&#8221;vc_box_rounded&#8221; onclick=&#8221;custom_link&#8221; img_link_target=&#8221;_blank&#8221; link=&#8221;https:\/\/www.ikuchyne.sk\/eshop\/produkt\/siva-postel-extravagancia-180x200cm\/&#8221;][\/vc_column][\/vc_row][vc_row][vc_column][vc_column_text]<span style=\"color: #000000;\">Nesmieme zabudn\u00fa\u0165 ani na atrakt\u00edvny vzh\u013ead. Mikrovl\u00e1kno n\u00e1jdete v mnoh\u00fdch farebn\u00fdch a vzorov\u00fdch prevedeniach.<strong> Skvelou spr\u00e1vou je tie\u017e hypoalerg\u00e9nna vlastnos\u0165.<\/strong> T\u00fa \u010dal\u00fanenie nem\u00e1.<\/span><\/p>\n<h2><span style=\"color: #e3245e;\"><strong>Starostlivos\u0165 o n\u00e1bytok a mikrovl\u00e1kno<\/strong><\/span><\/h2>\n<p><span style=\"color: #000000;\">Pri slove mikrovl\u00e1kno si mnoh\u00ed spomen\u00fa na starostlivos\u0165 o n\u00e1bytok. Niet sa v\u0161ak ani \u010domu \u010dudova\u0165. Handri\u010dky z mikrovl\u00e1kna s\u00fa ve\u013emi \u010dasto pou\u017e\u00edvan\u00e9. D\u00f4vodom je najm\u00e4 fakt, \u017ee skvelo zachyt\u00e1vaj\u00fa prach a ne\u010distoty.\u00a0<\/span>[\/vc_column_text][vc_single_image image=&#8221;126376&#8243; img_size=&#8221;full&#8221; add_caption=&#8221;yes&#8221; alignment=&#8221;center&#8221; style=&#8221;vc_box_rounded&#8221; onclick=&#8221;custom_link&#8221; img_link_target=&#8221;_blank&#8221; link=&#8221;https:\/\/ikuchyne.sk\/eshop\/produkt\/antracitova-stolicka-palermo\/&#8221;][vc_column_text]<span style=\"color: #000000;\"><span style=\"font-weight: 400;\">Handri\u010dky z tohto materi\u00e1lu v\u00e1m zaru\u010dia <\/span>\u010dist\u00e9 okn\u00e1 \u010di zrkadl\u00e1 bez \u0161m\u00fah. Taktie\u017e sa m\u00f4\u017eete te\u0161i\u0165 na \u010dist\u00fa k\u00fape\u013e\u0148u bez zvy\u0161kov mydlov\u00e9ho povlaku. Handri\u010dka ho vie cel\u00fd stiahnu\u0165.\u00a0<\/span><\/p>\n<p><span style=\"color: #000000;\"><strong>Ke\u010f\u017ee mikrovl\u00e1kno je ako stvoren\u00e9 na \u010distenie, nemus\u00edte sa b\u00e1\u0165 ani ve\u013ekej n\u00e1mahy.<\/strong> Handri\u010dkou miesto utriete a s upratovan\u00edm ste skon\u010dili.\u00a0<\/span><\/p>\n<p><span style=\"color: #000000;\">Starostlivos\u0165 o n\u00e1bytok pomocou mikrovl\u00e1kna je taktie\u017e lacn\u00e1<span style=\"font-weight: 400;\">.<strong> Handri\u010dky nie s\u00fa drah\u00e9 a vydr\u017eia mesiace pou\u017e\u00edvania.<\/strong> V kuchyni sa tento typ materi\u00e1lu z\u00edde taktie\u017e. D\u00f4vod je najm\u00e4 to, \u017ee ve\u013emi r\u00fdchlo schn\u00fa a nezap\u00e1chaj\u00fa. <strong>S\u00fa vhodn\u00e9 do \u00faplne ka\u017edej dom\u00e1cnosti, dokonca aj tam, kde s\u00fa alergici.\u00a0<\/strong><\/span><\/span>[\/vc_column_text][vc_single_image image=&#8221;126375&#8243; img_size=&#8221;full&#8221; add_caption=&#8221;yes&#8221; alignment=&#8221;center&#8221; style=&#8221;vc_box_rounded&#8221; onclick=&#8221;custom_link&#8221; img_link_target=&#8221;_blank&#8221; link=&#8221;https:\/\/ikuchyne.sk\/eshop\/produkt\/siva-rohova-rozkladacia-sedacka-tailors-cut-255cm\/&#8221;][vc_column_text]<\/p>\n<h2><span style=\"color: #e3245e;\"><strong>Nejde len o starostlivos\u0165 o n\u00e1bytok a utierky<\/strong><\/span><\/h2>\n<p><span style=\"color: #000000;\"><strong>Z tohto materi\u00e1lu sa vytv\u00e1raj\u00fa aj r\u00f4zne po\u0165ahy na <span style=\"color: #e3245e;\"><a style=\"color: #e3245e;\" href=\"https:\/\/www.ikuchyne.sk\/eshop\/kategoria\/sedacky\/\">seda\u010dku<\/a><\/span><\/strong><span style=\"font-weight: 400;\"><strong><span style=\"color: #e3245e;\">.<\/span> <\/strong>Vhodn\u00fd je aj na vank\u00fa\u0161e \u010di in\u00e9 text\u00edlie v dom\u00e1cnosti.<\/span><\/span>[\/vc_column_text][vc_message icon_fontawesome=&#8221;fa fa-lightbulb-o&#8221;]<span style=\"font-weight: 400;\"><strong>Vedeli ste, \u017ee<\/strong> mikrovl\u00e1kno je 20-kr\u00e1t ten\u0161ie ne\u017e pr\u00edrodn\u00e9 hodv\u00e1bne vl\u00e1kno a 100-kr\u00e1t ten\u0161ie ne\u017e \u013eudsk\u00fd vlas? Pr\u00e1ve preto je skvel\u00fdm materi\u00e1lom pre \u00faplne ka\u017ed\u00e9ho.<\/span>[\/vc_message][vc_single_image image=&#8221;126374&#8243; img_size=&#8221;full&#8221; add_caption=&#8221;yes&#8221; alignment=&#8221;center&#8221; style=&#8221;vc_box_rounded&#8221; onclick=&#8221;custom_link&#8221; img_link_target=&#8221;_blank&#8221; link=&#8221;https:\/\/ikuchyne.sk\/eshop\/produkt\/strieborna-jedalenska-zamatova-stolicka-the-dutch-comfort\/&#8221;][vc_column_text]<\/p>\n<h2><span style=\"color: #e3245e;\"><strong>Ako sa stara\u0165 o mikrovl\u00e1kno?\u00a0<\/strong><\/span><\/h2>\n<p><span style=\"color: #000000;\">V pr\u00edpade, \u017ee ide o handri\u010dku alebo nejak\u00fa utierku, v\u00e1m \u00faplne posta\u010d\u00ed opra\u0165 ju. Ak sa chcete zbavi\u0165 nejak\u00fdch \u0161kv\u0155n, pokojne ju operte v pr\u00e1\u010dke. Sna\u017ete sa vyhn\u00fa\u0165 aviv\u00e1\u017ei.<\/span><\/p>\n<p><span style=\"color: #000000;\">Ak ide o seda\u010dku z mikrovl\u00e1kna, postupova\u0165 m\u00f4\u017eete rovnako. N\u00e1vleky zo seda\u010dky dajte dole a operte. Ak m\u00e1te na seda\u010dke len omrvinky, pokojne ju povys\u00e1vajte.\u00a0<\/span>[\/vc_column_text][vc_single_image image=&#8221;126373&#8243; img_size=&#8221;full&#8221; add_caption=&#8221;yes&#8221; alignment=&#8221;center&#8221; style=&#8221;vc_box_rounded&#8221; onclick=&#8221;custom_link&#8221; img_link_target=&#8221;_blank&#8221; link=&#8221;https:\/\/ikuchyne.sk\/eshop\/produkt\/hnedy-taburet-chesterfield-60cm\/&#8221;][vc_column_text]<span style=\"color: #000000;\">Dokonca, mikrovl\u00e1kno sa d\u00e1 vy\u010disti\u0165 kefkou. S tou v\u0161ak opatrne, aby ste ho nejak\u00fdm sp\u00f4sobom nezni\u010dili.\u00a0<\/span><\/p>\n<p><span style=\"color: #000000;\"><strong>Mikrovl\u00e1kno patr\u00ed medzi ve\u013emi ob\u013e\u00faben\u00e9 materi\u00e1ly v\u010faka jeho v\u00fdhod\u00e1m.<\/strong> Vyzer\u00e1 skvelo, je vhodn\u00fd pre alergikov a m\u00e1 \u0161irok\u00e9 vyu\u017eitie. Vysk\u00fa\u0161ajte ho aj vy a uvid\u00edte, \u017ee si ho zamilujete.\u00a0<\/span>[\/vc_column_text][vc_single_image image=&#8221;126372&#8243; img_size=&#8221;full&#8221; add_caption=&#8221;yes&#8221; alignment=&#8221;center&#8221; style=&#8221;vc_box_rounded&#8221; onclick=&#8221;custom_link&#8221; img_link_target=&#8221;_blank&#8221; link=&#8221;https:\/\/ikuchyne.sk\/eshop\/produkt\/stolicka-loft-siva\/&#8221;][vc_column_text]<\/p>\n<h2><span style=\"color: #e3245e;\"><strong>Rada na z\u00e1ver<\/strong><\/span><\/h2>\n<p><span style=\"color: #000000;\"><span style=\"font-weight: 400;\">Seda\u010dka z mikrovl\u00e1kna je skvelou k\u00fapou pre \u00faplne ka\u017ed\u00e9ho. <strong>Poskytuje tvarov\u00fa a farebn\u00fa st\u00e1los\u0165 a <\/strong><\/span><b>ne\u017emolkuje sa<\/b><span style=\"font-weight: 400;\">. D\u00e1vajte si ale pozor na starostlivos\u0165. Rozhodne sa vyhnite tvrd\u00fdm kefk\u00e1m. Tie by ho mohli zni\u010di\u0165.<\/span><\/span><\/p>\n<h5 style=\"text-align: center;\"><span style=\"color: #000000;\"><b>H\u013ead\u00e1te viac in\u0161pir\u00e1cie?\u00a0<\/b><\/span><\/h5>\n<h5 style=\"text-align: center;\"><span style=\"color: #000000;\"><span style=\"font-weight: 400;\">Pozrite si n\u00e1\u0161 e-shop<\/span><span style=\"font-weight: 400;\"><br \/>\n<\/span><strong><span style=\"color: #e3245e;\"><a style=\"color: #e3245e;\" href=\"https:\/\/ikuchyne.sk\/eshop\/\">Do e-shopu<\/a><\/span><\/strong><\/span><\/h5>\n<p>[\/vc_column_text][\/vc_column][\/vc_row]<\/p>\n","protected":false},"excerpt":{"rendered":"<p>[vc_row][vc_column][vc_column_text]Mikrovl\u00e1kno patr\u00ed medzi ob\u013e\u00faben\u00e9 materi\u00e1ly. V dom\u00e1cnosti sa vyu\u017e\u00edva \u010dasto, v\u010faka \u010domu ho n\u00e1jdete takmer v\u0161ade. Pod t\u00fdmto pojmom v\u0161ak nen\u00e1jdeme len jeden produkt. Z mikrovl\u00e1kna m\u00f4\u017eu by\u0165 handri\u010dky, oblie\u010dky<\/p>\n","protected":false},"author":560,"featured_media":126375,"comment_status":"closed","ping_status":"open","sticky":false,"template":"","format":"standard","meta":{"footnotes":""},"categories":[1009],"tags":[],"yoast_head":"<!-- This site is optimized with the Yoast SEO plugin v22.1 - https:\/\/yoast.com\/wordpress\/plugins\/seo\/ -->\n<title>\u010co je to mikrovl\u00e1kno a ako sa o\u0148 stara\u0165? &#187; iKuchyne iSHOP s n\u00e1bytkom<\/title>\n<meta name=\"description\" content=\"\u010co je mikrovl\u00e1kno za materi\u00e1l a ako je potrebn\u00e9 sa o\u0148 stara\u0165? Pre\u010d\u00edtajte si s nami na blogu, pre\u010do je mikrovl\u00e1kno tak\u00e9 ob\u013e\u00faben\u00e9.\" \/>\n<meta name=\"robots\" content=\"index, follow, max-snippet:-1, max-image-preview:large, max-video-preview:-1\" \/>\n<link rel=\"canonical\" href=\"https:\/\/www.ikuchyne.sk\/eshop\/co-je-to-mikrovlakno-a-ako-sa-on-starat\/\" \/>\n<meta property=\"og:locale\" content=\"sk_SK\" \/>\n<meta property=\"og:type\" content=\"article\" \/>\n<meta property=\"og:title\" content=\"\u010co je to mikrovl\u00e1kno a ako sa o\u0148 stara\u0165? &#187; iKuchyne iSHOP s n\u00e1bytkom\" \/>\n<meta property=\"og:description\" content=\"\u010co je mikrovl\u00e1kno za materi\u00e1l a ako je potrebn\u00e9 sa o\u0148 stara\u0165? Pre\u010d\u00edtajte si s nami na blogu, pre\u010do je mikrovl\u00e1kno tak\u00e9 ob\u013e\u00faben\u00e9.\" \/>\n<meta property=\"og:url\" content=\"https:\/\/www.ikuchyne.sk\/eshop\/co-je-to-mikrovlakno-a-ako-sa-on-starat\/\" \/>\n<meta property=\"og:site_name\" content=\"iKuchyne iSHOP s n\u00e1bytkom\" \/>\n<meta property=\"article:publisher\" content=\"https:\/\/www.facebook.com\/ikuchyne\/\" \/>\n<meta property=\"article:published_time\" content=\"2020-04-13T16:59:10+00:00\" \/>\n<meta property=\"article:modified_time\" content=\"2020-10-21T12:13:30+00:00\" \/>\n<meta property=\"og:image\" content=\"https:\/\/www.ikuchyne.sk\/eshop\/wp-content\/uploads\/2020\/04\/siva-rohova-rozkladacia-sedacka.jpg\" \/>\n\t<meta property=\"og:image:width\" content=\"800\" \/>\n\t<meta property=\"og:image:height\" content=\"533\" \/>\n\t<meta property=\"og:image:type\" content=\"image\/jpeg\" \/>\n<meta name=\"author\" content=\"Na\u010fa \u010cern\u00e1\" \/>\n<meta name=\"twitter:card\" content=\"summary_large_image\" \/>\n<meta name=\"twitter:label1\" content=\"Autor\" \/>\n\t<meta name=\"twitter:data1\" content=\"Na\u010fa \u010cern\u00e1\" \/>\n\t<meta name=\"twitter:label2\" content=\"Predpokladan\u00fd \u010das \u010d\u00edtania\" \/>\n\t<meta name=\"twitter:data2\" content=\"7 min\u00fat\" \/>\n<script type=\"application\/ld+json\" class=\"yoast-schema-graph\">{\"@context\":\"https:\/\/schema.org\",\"@graph\":[{\"@type\":\"Article\",\"@id\":\"https:\/\/www.ikuchyne.sk\/eshop\/co-je-to-mikrovlakno-a-ako-sa-on-starat\/#article\",\"isPartOf\":{\"@id\":\"https:\/\/www.ikuchyne.sk\/eshop\/co-je-to-mikrovlakno-a-ako-sa-on-starat\/\"},\"author\":{\"name\":\"Na\u010fa \u010cern\u00e1\",\"@id\":\"https:\/\/www.ikuchyne.sk\/eshop\/#\/schema\/person\/4dabc1c3b4767baf98f7c971c0e602f1\"},\"headline\":\"\u010co je to mikrovl\u00e1kno a ako sa o\u0148 stara\u0165?\",\"datePublished\":\"2020-04-13T16:59:10+00:00\",\"dateModified\":\"2020-10-21T12:13:30+00:00\",\"mainEntityOfPage\":{\"@id\":\"https:\/\/www.ikuchyne.sk\/eshop\/co-je-to-mikrovlakno-a-ako-sa-on-starat\/\"},\"wordCount\":1432,\"publisher\":{\"@id\":\"https:\/\/www.ikuchyne.sk\/eshop\/#organization\"},\"articleSection\":[\"PORAD\u0147A\"],\"inLanguage\":\"sk-SK\"},{\"@type\":\"WebPage\",\"@id\":\"https:\/\/www.ikuchyne.sk\/eshop\/co-je-to-mikrovlakno-a-ako-sa-on-starat\/\",\"url\":\"https:\/\/www.ikuchyne.sk\/eshop\/co-je-to-mikrovlakno-a-ako-sa-on-starat\/\",\"name\":\"\u010co je to mikrovl\u00e1kno a ako sa o\u0148 stara\u0165? &#187; iKuchyne iSHOP s n\u00e1bytkom\",\"isPartOf\":{\"@id\":\"https:\/\/www.ikuchyne.sk\/eshop\/#website\"},\"datePublished\":\"2020-04-13T16:59:10+00:00\",\"dateModified\":\"2020-10-21T12:13:30+00:00\",\"description\":\"\u010co je mikrovl\u00e1kno za materi\u00e1l a ako je potrebn\u00e9 sa o\u0148 stara\u0165? Pre\u010d\u00edtajte si s nami na blogu, pre\u010do je mikrovl\u00e1kno tak\u00e9 ob\u013e\u00faben\u00e9.\",\"breadcrumb\":{\"@id\":\"https:\/\/www.ikuchyne.sk\/eshop\/co-je-to-mikrovlakno-a-ako-sa-on-starat\/#breadcrumb\"},\"inLanguage\":\"sk-SK\",\"potentialAction\":[{\"@type\":\"ReadAction\",\"target\":[\"https:\/\/www.ikuchyne.sk\/eshop\/co-je-to-mikrovlakno-a-ako-sa-on-starat\/\"]}]},{\"@type\":\"BreadcrumbList\",\"@id\":\"https:\/\/www.ikuchyne.sk\/eshop\/co-je-to-mikrovlakno-a-ako-sa-on-starat\/#breadcrumb\",\"itemListElement\":[{\"@type\":\"ListItem\",\"position\":1,\"name\":\"Home\",\"item\":\"https:\/\/www.ikuchyne.sk\/eshop\/\"},{\"@type\":\"ListItem\",\"position\":2,\"name\":\"\u010co je to mikrovl\u00e1kno a ako sa o\u0148 stara\u0165?\"}]},{\"@type\":\"WebSite\",\"@id\":\"https:\/\/www.ikuchyne.sk\/eshop\/#website\",\"url\":\"https:\/\/www.ikuchyne.sk\/eshop\/\",\"name\":\"iKuchyne iSHOP s n\u00e1bytkom\",\"description\":\"Jed\u00e1lensk\u00e9 stoly, stoli\u010dky, n\u00e1bytok, svietidl\u00e1...\",\"publisher\":{\"@id\":\"https:\/\/www.ikuchyne.sk\/eshop\/#organization\"},\"potentialAction\":[{\"@type\":\"SearchAction\",\"target\":{\"@type\":\"EntryPoint\",\"urlTemplate\":\"https:\/\/www.ikuchyne.sk\/eshop\/?s={search_term_string}\"},\"query-input\":\"required name=search_term_string\"}],\"inLanguage\":\"sk-SK\"},{\"@type\":\"Organization\",\"@id\":\"https:\/\/www.ikuchyne.sk\/eshop\/#organization\",\"name\":\"ikuchyne!\",\"url\":\"https:\/\/www.ikuchyne.sk\/eshop\/\",\"logo\":{\"@type\":\"ImageObject\",\"inLanguage\":\"sk-SK\",\"@id\":\"https:\/\/www.ikuchyne.sk\/eshop\/#\/schema\/logo\/image\/\",\"url\":\"https:\/\/www.ikuchyne.sk\/eshop\/wp-content\/uploads\/2017\/04\/ikuchyne-logo.jpg\",\"contentUrl\":\"https:\/\/www.ikuchyne.sk\/eshop\/wp-content\/uploads\/2017\/04\/ikuchyne-logo.jpg\",\"width\":200,\"height\":48,\"caption\":\"ikuchyne!\"},\"image\":{\"@id\":\"https:\/\/www.ikuchyne.sk\/eshop\/#\/schema\/logo\/image\/\"},\"sameAs\":[\"https:\/\/www.facebook.com\/ikuchyne\/\",\"https:\/\/www.instagram.com\/ikuchyne.sk\/\",\"https:\/\/sk.pinterest.com\/ikuchynesk\/\"]},{\"@type\":\"Person\",\"@id\":\"https:\/\/www.ikuchyne.sk\/eshop\/#\/schema\/person\/4dabc1c3b4767baf98f7c971c0e602f1\",\"name\":\"Na\u010fa \u010cern\u00e1\",\"image\":{\"@type\":\"ImageObject\",\"inLanguage\":\"sk-SK\",\"@id\":\"https:\/\/www.ikuchyne.sk\/eshop\/#\/schema\/person\/image\/\",\"url\":\"https:\/\/secure.gravatar.com\/avatar\/1e0cd71452a9e8aaa44c199804481d30?s=96&d=wp_user_avatar&r=g\",\"contentUrl\":\"https:\/\/secure.gravatar.com\/avatar\/1e0cd71452a9e8aaa44c199804481d30?s=96&d=wp_user_avatar&r=g\",\"caption\":\"Na\u010fa \u010cern\u00e1\"},\"description\":\"Na\u010fa je \u0161tudentkou \u017eurnalistiky, ktor\u00e1 p\u00ed\u0161e r\u00f4zne typy \u010dl\u00e1nkov. P\u00edsaniu sa venuje u\u017e nieko\u013eko rokov. Okrem toho sa zauj\u00edma o gastron\u00f3miu a m\u00f3du. Je milovn\u00ed\u010dkou k\u00e1vy, dobr\u00fdch kn\u00edh a bojov\u00fdch \u0161portov.\",\"url\":\"https:\/\/www.ikuchyne.sk\/eshop\/author\/nada-cerna\/\"}]}<\/script>\n<!-- \/ Yoast SEO plugin. -->","yoast_head_json":{"title":"\u010co je to mikrovl\u00e1kno a ako sa o\u0148 stara\u0165? &#187; iKuchyne iSHOP s n\u00e1bytkom","description":"\u010co je mikrovl\u00e1kno za materi\u00e1l a ako je potrebn\u00e9 sa o\u0148 stara\u0165? Pre\u010d\u00edtajte si s nami na blogu, pre\u010do je mikrovl\u00e1kno tak\u00e9 ob\u013e\u00faben\u00e9.","robots":{"index":"index","follow":"follow","max-snippet":"max-snippet:-1","max-image-preview":"max-image-preview:large","max-video-preview":"max-video-preview:-1"},"canonical":"https:\/\/www.ikuchyne.sk\/eshop\/co-je-to-mikrovlakno-a-ako-sa-on-starat\/","og_locale":"sk_SK","og_type":"article","og_title":"\u010co je to mikrovl\u00e1kno a ako sa o\u0148 stara\u0165? &#187; iKuchyne iSHOP s n\u00e1bytkom","og_description":"\u010co je mikrovl\u00e1kno za materi\u00e1l a ako je potrebn\u00e9 sa o\u0148 stara\u0165? Pre\u010d\u00edtajte si s nami na blogu, pre\u010do je mikrovl\u00e1kno tak\u00e9 ob\u013e\u00faben\u00e9.","og_url":"https:\/\/www.ikuchyne.sk\/eshop\/co-je-to-mikrovlakno-a-ako-sa-on-starat\/","og_site_name":"iKuchyne iSHOP s n\u00e1bytkom","article_publisher":"https:\/\/www.facebook.com\/ikuchyne\/","article_published_time":"2020-04-13T16:59:10+00:00","article_modified_time":"2020-10-21T12:13:30+00:00","og_image":[{"width":800,"height":533,"url":"https:\/\/www.ikuchyne.sk\/eshop\/wp-content\/uploads\/2020\/04\/siva-rohova-rozkladacia-sedacka.jpg","type":"image\/jpeg"}],"author":"Na\u010fa \u010cern\u00e1","twitter_card":"summary_large_image","twitter_misc":{"Autor":"Na\u010fa \u010cern\u00e1","Predpokladan\u00fd \u010das \u010d\u00edtania":"7 min\u00fat"},"schema":{"@context":"https:\/\/schema.org","@graph":[{"@type":"Article","@id":"https:\/\/www.ikuchyne.sk\/eshop\/co-je-to-mikrovlakno-a-ako-sa-on-starat\/#article","isPartOf":{"@id":"https:\/\/www.ikuchyne.sk\/eshop\/co-je-to-mikrovlakno-a-ako-sa-on-starat\/"},"author":{"name":"Na\u010fa \u010cern\u00e1","@id":"https:\/\/www.ikuchyne.sk\/eshop\/#\/schema\/person\/4dabc1c3b4767baf98f7c971c0e602f1"},"headline":"\u010co je to mikrovl\u00e1kno a ako sa o\u0148 stara\u0165?","datePublished":"2020-04-13T16:59:10+00:00","dateModified":"2020-10-21T12:13:30+00:00","mainEntityOfPage":{"@id":"https:\/\/www.ikuchyne.sk\/eshop\/co-je-to-mikrovlakno-a-ako-sa-on-starat\/"},"wordCount":1432,"publisher":{"@id":"https:\/\/www.ikuchyne.sk\/eshop\/#organization"},"articleSection":["PORAD\u0147A"],"inLanguage":"sk-SK"},{"@type":"WebPage","@id":"https:\/\/www.ikuchyne.sk\/eshop\/co-je-to-mikrovlakno-a-ako-sa-on-starat\/","url":"https:\/\/www.ikuchyne.sk\/eshop\/co-je-to-mikrovlakno-a-ako-sa-on-starat\/","name":"\u010co je to mikrovl\u00e1kno a ako sa o\u0148 stara\u0165? &#187; iKuchyne iSHOP s n\u00e1bytkom","isPartOf":{"@id":"https:\/\/www.ikuchyne.sk\/eshop\/#website"},"datePublished":"2020-04-13T16:59:10+00:00","dateModified":"2020-10-21T12:13:30+00:00","description":"\u010co je mikrovl\u00e1kno za materi\u00e1l a ako je potrebn\u00e9 sa o\u0148 stara\u0165? Pre\u010d\u00edtajte si s nami na blogu, pre\u010do je mikrovl\u00e1kno tak\u00e9 ob\u013e\u00faben\u00e9.","breadcrumb":{"@id":"https:\/\/www.ikuchyne.sk\/eshop\/co-je-to-mikrovlakno-a-ako-sa-on-starat\/#breadcrumb"},"inLanguage":"sk-SK","potentialAction":[{"@type":"ReadAction","target":["https:\/\/www.ikuchyne.sk\/eshop\/co-je-to-mikrovlakno-a-ako-sa-on-starat\/"]}]},{"@type":"BreadcrumbList","@id":"https:\/\/www.ikuchyne.sk\/eshop\/co-je-to-mikrovlakno-a-ako-sa-on-starat\/#breadcrumb","itemListElement":[{"@type":"ListItem","position":1,"name":"Home","item":"https:\/\/www.ikuchyne.sk\/eshop\/"},{"@type":"ListItem","position":2,"name":"\u010co je to mikrovl\u00e1kno a ako sa o\u0148 stara\u0165?"}]},{"@type":"WebSite","@id":"https:\/\/www.ikuchyne.sk\/eshop\/#website","url":"https:\/\/www.ikuchyne.sk\/eshop\/","name":"iKuchyne iSHOP s n\u00e1bytkom","description":"Jed\u00e1lensk\u00e9 stoly, stoli\u010dky, n\u00e1bytok, svietidl\u00e1...","publisher":{"@id":"https:\/\/www.ikuchyne.sk\/eshop\/#organization"},"potentialAction":[{"@type":"SearchAction","target":{"@type":"EntryPoint","urlTemplate":"https:\/\/www.ikuchyne.sk\/eshop\/?s={search_term_string}"},"query-input":"required name=search_term_string"}],"inLanguage":"sk-SK"},{"@type":"Organization","@id":"https:\/\/www.ikuchyne.sk\/eshop\/#organization","name":"ikuchyne!","url":"https:\/\/www.ikuchyne.sk\/eshop\/","logo":{"@type":"ImageObject","inLanguage":"sk-SK","@id":"https:\/\/www.ikuchyne.sk\/eshop\/#\/schema\/logo\/image\/","url":"https:\/\/www.ikuchyne.sk\/eshop\/wp-content\/uploads\/2017\/04\/ikuchyne-logo.jpg","contentUrl":"https:\/\/www.ikuchyne.sk\/eshop\/wp-content\/uploads\/2017\/04\/ikuchyne-logo.jpg","width":200,"height":48,"caption":"ikuchyne!"},"image":{"@id":"https:\/\/www.ikuchyne.sk\/eshop\/#\/schema\/logo\/image\/"},"sameAs":["https:\/\/www.facebook.com\/ikuchyne\/","https:\/\/www.instagram.com\/ikuchyne.sk\/","https:\/\/sk.pinterest.com\/ikuchynesk\/"]},{"@type":"Person","@id":"https:\/\/www.ikuchyne.sk\/eshop\/#\/schema\/person\/4dabc1c3b4767baf98f7c971c0e602f1","name":"Na\u010fa \u010cern\u00e1","image":{"@type":"ImageObject","inLanguage":"sk-SK","@id":"https:\/\/www.ikuchyne.sk\/eshop\/#\/schema\/person\/image\/","url":"https:\/\/secure.gravatar.com\/avatar\/1e0cd71452a9e8aaa44c199804481d30?s=96&d=wp_user_avatar&r=g","contentUrl":"https:\/\/secure.gravatar.com\/avatar\/1e0cd71452a9e8aaa44c199804481d30?s=96&d=wp_user_avatar&r=g","caption":"Na\u010fa \u010cern\u00e1"},"description":"Na\u010fa je \u0161tudentkou \u017eurnalistiky, ktor\u00e1 p\u00ed\u0161e r\u00f4zne typy \u010dl\u00e1nkov. P\u00edsaniu sa venuje u\u017e nieko\u013eko rokov. Okrem toho sa zauj\u00edma o gastron\u00f3miu a m\u00f3du. Je milovn\u00ed\u010dkou k\u00e1vy, dobr\u00fdch kn\u00edh a bojov\u00fdch \u0161portov.","url":"https:\/\/www.ikuchyne.sk\/eshop\/author\/nada-cerna\/"}]}},"_links":{"self":[{"href":"https:\/\/www.ikuchyne.sk\/eshop\/wp-json\/wp\/v2\/posts\/126369"}],"collection":[{"href":"https:\/\/www.ikuchyne.sk\/eshop\/wp-json\/wp\/v2\/posts"}],"about":[{"href":"https:\/\/www.ikuchyne.sk\/eshop\/wp-json\/wp\/v2\/types\/post"}],"author":[{"embeddable":true,"href":"https:\/\/www.ikuchyne.sk\/eshop\/wp-json\/wp\/v2\/users\/560"}],"replies":[{"embeddable":true,"href":"https:\/\/www.ikuchyne.sk\/eshop\/wp-json\/wp\/v2\/comments?post=126369"}],"version-history":[{"count":3,"href":"https:\/\/www.ikuchyne.sk\/eshop\/wp-json\/wp\/v2\/posts\/126369\/revisions"}],"predecessor-version":[{"id":147423,"href":"https:\/\/www.ikuchyne.sk\/eshop\/wp-json\/wp\/v2\/posts\/126369\/revisions\/147423"}],"wp:featuredmedia":[{"embeddable":true,"href":"https:\/\/www.ikuchyne.sk\/eshop\/wp-json\/wp\/v2\/media\/126375"}],"wp:attachment":[{"href":"https:\/\/www.ikuchyne.sk\/eshop\/wp-json\/wp\/v2\/media?parent=126369"}],"wp:term":[{"taxonomy":"category","embeddable":true,"href":"https:\/\/www.ikuchyne.sk\/eshop\/wp-json\/wp\/v2\/categories?post=126369"},{"taxonomy":"post_tag","embeddable":true,"href":"https:\/\/www.ikuchyne.sk\/eshop\/wp-json\/wp\/v2\/tags?post=126369"}],"curies":[{"name":"wp","href":"https:\/\/api.w.org\/{rel}","templated":true}]}}