{"id":126543,"date":"2020-04-16T18:29:20","date_gmt":"2020-04-16T16:29:20","guid":{"rendered":"https:\/\/www.ikuchyne.sk\/eshop\/?p=126543"},"modified":"2020-10-21T14:01:22","modified_gmt":"2020-10-21T12:01:22","slug":"zariadte-si-obyvacku-v-industrialnom-style","status":"publish","type":"post","link":"https:\/\/www.ikuchyne.sk\/eshop\/zariadte-si-obyvacku-v-industrialnom-style\/","title":{"rendered":"Zaria\u010fte si ob\u00fdva\u010dku v industri\u00e1lnom \u0161t\u00fdle!"},"content":{"rendered":"<p>[vc_row][vc_column][vc_column_text]<strong><span style=\"color: #000000;\">Za posledn\u00e9 roky sa stal industri\u00e1lny \u0161t\u00fdl nesmierne popul\u00e1rnym a my \u00faplne ch\u00e1peme pre\u010do. Dnes u\u017e neplat\u00ed nep\u00edsan\u00e9 pravidlo, kedy sa priemyseln\u00fd \u0161t\u00fdl vyu\u017e\u00edval len v star\u00fdch skladoch, fabrik\u00e1ch, \u010di podkrovn\u00fdch priestoroch. Ako teda zariadi\u0165 ob\u00fdva\u010dku v industri\u00e1lnom \u0161t\u00fdle?<\/span><\/strong>[\/vc_column_text][vc_single_image image=&#8221;126541&#8243; img_size=&#8221;large&#8221; add_caption=&#8221;yes&#8221; alignment=&#8221;center&#8221; style=&#8221;vc_box_rounded&#8221;][\/vc_column][\/vc_row][vc_row][vc_column][vc_column_text]<span style=\"color: #000000;\"><strong>V\u00e4\u010d\u0161ina \u013eud\u00ed, ktor\u00e1 b\u00fdva v\u00a0domoch alebo bytoch si zvy\u010dajne mysl\u00ed, \u017ee ich priestory s\u00fa pr\u00edli\u0161 tradi\u010dn\u00e9 a nemaj\u00fa tak vhodn\u00e9 podmienky<\/strong><span style=\"font-weight: 400;\"><strong> pre vytvorenie industri\u00e1lne laden\u00e9ho domova.<\/strong> Opak je v\u0161ak pravdou a dnes v\u00e1m u\u017e sta\u010d\u00ed len pridr\u017eiava\u0165 sa nieko\u013ek\u00fdch <\/span>\u0161pecifick\u00fdch prvkov<span style=\"font-weight: 400;\"> a priemyslen\u00fd dizajn je na svete.<\/span><\/span>[\/vc_column_text][\/vc_column][\/vc_row][vc_row][vc_column][vc_single_image image=&#8221;126540&#8243; img_size=&#8221;large&#8221; add_caption=&#8221;yes&#8221; alignment=&#8221;center&#8221; style=&#8221;vc_box_rounded&#8221;][\/vc_column][\/vc_row][vc_row][vc_column][vc_column_text]<\/p>\n<h2><span style=\"color: #e3245e;\"><strong>Za\u010dnite s neutr\u00e1lnymi a zemit\u00fdmi farbami<\/strong><br \/>\n<\/span><\/h2>\n<p>[\/vc_column_text][vc_column_text]<span style=\"color: #000000;\"><strong>Prv\u00e1 vec, ktor\u00fa si v\u0161imnete na industri\u00e1lnych bytoch je, \u017ee neh\u00fdria<\/strong><span style=\"font-weight: 400;\"><strong> pr\u00e1ve<\/strong> <\/span><b>najpestrej\u0161\u00edmi farbami<\/b><span style=\"font-weight: 400;\">. Namiesto toho v\u0161ak <\/span>dominuj\u00fa<span style=\"font-weight: 400;\"> neutr\u00e1lne farby <\/span><span style=\"font-weight: 400;\">s maxim\u00e1lne jednou v\u00fdraznej\u0161ou farbou. Kombin\u00e1ciou tak\u00fdchto t\u00f3nov farieb vytvor\u00edte <\/span>\u010dist\u00fd uh\u013eaden\u00fd dojem<span style=\"font-weight: 400;\">, ktor\u00fd bude p\u00f4sobi\u0165 ako kompaktn\u00fd celok. Myslite na to, pri vyberan\u00ed zariadenia pre va\u0161u ob\u00fdva\u010dku.<\/span><\/span>[\/vc_column_text][vc_single_image image=&#8221;126539&#8243; img_size=&#8221;large&#8221; add_caption=&#8221;yes&#8221; alignment=&#8221;center&#8221; style=&#8221;vc_box_rounded&#8221;][\/vc_column][\/vc_row][vc_row][vc_column][vc_message message_box_color=&#8221;alert-success&#8221; icon_fontawesome=&#8221;fa fa-lightbulb-o&#8221; css_animation=&#8221;fadeInUp&#8221;]<b>Rada odborn\u00edka<\/b><span style=\"font-weight: 400;\">: Ak si chcete doma vytvori\u0165 \u00fatuln\u00fd a jemn\u00fd vzh\u013ead, vyh\u00fdbajte sa pr\u00edli\u0161 kontrastn\u00fdm kombin\u00e1ci\u00e1m farieb ako napr. \u010dierna-biela a rad\u0161ej pou\u017eite nieko\u013eko odtie\u0148ov hnedej \u010di sivej a dopl\u0148te ich\u00a0\u010diernou.<\/span>[\/vc_message][vc_column_text]<\/p>\n<h2><span style=\"color: #e3245e;\"><strong>Ke\u010f n\u00e1bytok, tak dreven\u00fd, ko\u017een\u00fd alebo kovov\u00fd<\/strong><br \/>\n<\/span><\/h2>\n<p>[\/vc_column_text][vc_column_text]<span style=\"color: #000000;\"><span style=\"font-weight: 400;\">Ke\u010f\u017ee charakteristickou \u010drtou industri\u00e1lneho \u0161t\u00fdlu s\u00fa\u00a0<\/span> bet\u00f3nov\u00e9 alebo surov\u00e9 tehlov\u00e9 steny a r\u00f4zne neupraven\u00e9 povrchy, odpor\u00fa\u010dame vybera\u0165 tak\u00e9 k\u00fasky n\u00e1bytku, ktor\u00e9 tie\u017e p\u00f4sobia vyslovene opotrebovane a d\u00fdcha z\u00a0nich hist\u00f3ria. <strong>Jednoduch\u00fd ale sofistikovan\u00fd efekt vytvor\u00edte v\u010faka kombin\u00e1cii dreva a kovu.<\/strong> Dokonca, \u010d\u00edm star\u0161ie veci zakomponujete do zariadenia, t\u00fdm intenz\u00edvnej\u0161\u00ed industri\u00e1lny dojem docielite.<\/span>[\/vc_column_text][\/vc_column][\/vc_row][vc_row][vc_column][vc_single_image image=&#8221;126538&#8243; img_size=&#8221;full&#8221; add_caption=&#8221;yes&#8221; alignment=&#8221;center&#8221; style=&#8221;vc_box_rounded&#8221; onclick=&#8221;custom_link&#8221; img_link_target=&#8221;_blank&#8221; link=&#8221;https:\/\/ikuchyne.sk\/eshop\/produkt\/konferencny-stolik-infinity-60cm-mango-prirodny\/&#8221;][vc_single_image image=&#8221;113361&#8243; img_size=&#8221;full&#8221; add_caption=&#8221;yes&#8221; alignment=&#8221;center&#8221; style=&#8221;vc_box_rounded&#8221; onclick=&#8221;custom_link&#8221; img_link_target=&#8221;_blank&#8221; link=&#8221;https:\/\/www.ikuchyne.sk\/eshop\/produkt\/medena-podnoz-ku-konferencnemu-stoliku-ocean-85cm\/&#8221;][\/vc_column][\/vc_row][vc_row][vc_column][vc_column_text]<\/p>\n<h2><span style=\"color: #e3245e;\"><strong>Ako zjemni\u0165 priestor v industri\u00e1lnom \u0161t\u00fdle?<\/strong><br \/>\n<\/span><\/h2>\n<p>[\/vc_column_text][vc_column_text]<span style=\"color: #000000;\">Ak m\u00e1te pocit, \u017ee industri\u00e1lny \u0161t\u00fdl je pre v\u00e1s pr\u00edli\u0161 \u0165a\u017ek\u00fd a chladn\u00fd, sk\u00faste zakomponova\u0165 do va\u0161ej ob\u00fdva\u010dky viac meden\u00fdch prvkov, dekora\u010dn\u00e9 kri\u0161t\u00e1ly, drevo, \u017eiv\u00e9 elementy alebo aj zauj\u00edmav\u00e9 rustik\u00e1lne predmety. Priestor sa tak od\u013eah\u010d\u00ed a dostane \u00faplne in\u00fd rozmer. <strong>Nezab\u00fadajte toti\u017e, \u017ee industri\u00e1lny \u0161t\u00fdl je slobodn\u00fd a m\u00e1 p\u00f4sobi\u0165 \u013eahostajne, a to znamen\u00e1, \u017ee ho m\u00f4\u017eete o\u017eivi\u0165 aj in\u00fdmi materi\u00e1lmi alebo pestrej\u0161\u00edmi farbami.<\/strong><\/span>[\/vc_column_text][\/vc_column][\/vc_row][vc_row][vc_column][vc_single_image image=&#8221;113359&#8243; img_size=&#8221;full&#8221; add_caption=&#8221;yes&#8221; alignment=&#8221;center&#8221; style=&#8221;vc_box_rounded&#8221; onclick=&#8221;custom_link&#8221; img_link_target=&#8221;_blank&#8221; link=&#8221;https:\/\/www.ikuchyne.sk\/eshop\/produkt\/ruzovozlata-stojanova-lampa-big-bow-170-210cm\/&#8221;][\/vc_column][\/vc_row][vc_row][vc_column][vc_column_text]<span style=\"color: #000000;\"><b>Netreba sa b\u00e1\u0165 dokonca ani geometrick\u00fdch tvarov.<\/b><span style=\"font-weight: 400;\"> Vybera\u0165 si m\u00f4\u017eete zo \u0161irokej ponuky, \u010di u\u017e industri\u00e1lnych geometrick\u00fdch l\u00e1mp, <\/span><span style=\"color: #e3245e;\"><a style=\"color: #e3245e;\" href=\"https:\/\/ikuchyne.sk\/eshop\/kategoria\/stoliky-industrialny-styl\/\"><span style=\"font-weight: 400;\">konfere\u010dn\u00fdch stol\u00edkov<\/span><\/a><\/span><span style=\"font-weight: 400;\">, <\/span><span style=\"color: #e3245e;\"><a style=\"color: #e3245e;\" href=\"https:\/\/ikuchyne.sk\/eshop\/kategoria\/bytove-doplnky\/\"><span style=\"font-weight: 400;\">dekor\u00e1ci\u00ed<\/span><\/a><\/span><span style=\"font-weight: 400;\">, alebo reg\u00e1lov.<\/span><\/span>[\/vc_column_text][vc_single_image image=&#8221;113363&#8243; img_size=&#8221;full&#8221; add_caption=&#8221;yes&#8221; alignment=&#8221;center&#8221; style=&#8221;vc_box_rounded&#8221; onclick=&#8221;custom_link&#8221; img_link_target=&#8221;_blank&#8221; link=&#8221;https:\/\/ikuchyne.sk\/eshop\/produkt\/regal-factory-180cm-agat-vapneny\/&#8221;][vc_message message_box_color=&#8221;alert-success&#8221; icon_fontawesome=&#8221;fa fa-lightbulb-o&#8221; css_animation=&#8221;fadeInUp&#8221;]<span style=\"color: #000000;\"><strong>Rada odborn\u00edka<\/strong><span style=\"font-weight: 400;\"><strong>:<\/strong> Ak chcete, aby v\u00e1\u0161 industri\u00e1lny priestor p\u00f4sobil svie\u017eo a <\/span>moderne<span style=\"font-weight: 400;\">, <\/span>le\u0161ten\u00fd chr\u00f3m<span style=\"font-weight: 400;\"> bude pre v\u00e1s t\u00e1 spr\u00e1vna vo\u013eba. <\/span>Vyvarova\u0165<span style=\"font-weight: 400;\"> by ste sa mali <\/span>plastov\u00fdm materi\u00e1lom<span style=\"font-weight: 400;\">, ktor\u00e9 sa do industri\u00e1lne laden\u00e9ho interi\u00e9ru nehodia. Namiesto toho v\u0161ak m\u00f4\u017eete pou\u017ei\u0165 plastov\u00e9 materi\u00e1ly, ktor\u00e9 imituj\u00fa tmav\u00fd kov.<\/span><\/span>[\/vc_message][vc_single_image image=&#8221;113364&#8243; img_size=&#8221;full&#8221; add_caption=&#8221;yes&#8221; alignment=&#8221;center&#8221; style=&#8221;vc_box_rounded&#8221; onclick=&#8221;custom_link&#8221; img_link_target=&#8221;_blank&#8221; link=&#8221;https:\/\/ikuchyne.sk\/eshop\/produkt\/rohova-sedacka-chesterfield-hneda-koza\/&#8221;][vc_column_text]<span style=\"color: #000000;\"><span style=\"font-weight: 400;\">U\u017e sme spom\u00ednali, \u017ee industri\u00e1lny \u0161t\u00fdl v\u00e1s m\u00f4\u017ee prekvapi\u0165 pou\u017e\u00edvan\u00edm <\/span>netradi\u010dn\u00fdch materi\u00e1lov (kov, drevo, ko\u017ea, sklo) a doplnkov<strong> (priznan\u00e9 r\u00farky, k\u00e1ble, nedokon\u010den\u00e9 povrchy, n\u00e1bytok na kolieskach at\u010f.)<\/strong> a tie\u017e sme podotkli, \u017ee dominancia patr\u00ed sk\u00f4r neutr\u00e1lnym farb\u00e1m (zemit\u00e9 odtiene, \u010dierna, siv\u00e1, hned\u00e1), \u010do v\u0161ak zatia\u013e spomenut\u00e9 nebolo je skuto\u010dnos\u0165, \u017ee v\u00fdberom industri\u00e1lneho \u0161t\u00fdlu viete u\u0161etri\u0165 aj nem\u00e1lo pe\u0148az\u00ed<span style=\"font-weight: 400;\">.\u00a0<\/span><\/span><\/p>\n<p><span style=\"color: #000000;\"><span style=\"font-weight: 400;\">\u017de ako? Ve\u013emi jednoducho! <strong>Napr\u00edklad tak, \u017ee si niektor\u00e9 k\u00fasky n\u00e1bytku <\/strong><\/span><b>vyrob\u00edte sami doma<\/b><span style=\"font-weight: 400;\">. Potrebova\u0165 budete: <\/span>\u0161ikovn\u00e9 ruky, trpezlivos\u0165 a p\u00e1r hod\u00edn<span style=\"font-weight: 400;\"> v\u00e1\u0161ho \u010dasu.:)<\/span><\/span>[\/vc_column_text][\/vc_column][\/vc_row][vc_row][vc_column][vc_column_text]<span style=\"font-weight: 400; color: #000000;\">Ob\u00fdva\u010dky v industri\u00e1lnom \u0161t\u00fdle naberaj\u00fa ka\u017ed\u00fdm d\u0148om viac a viac na popularite a e\u0161te aj dlho bud\u00fa ur\u010dova\u0165 trendy v interi\u00e9rovom dizajne. Sloboda a nekonve\u010dnos\u0165 s\u00fa atrib\u00faty, ktor\u00e9 z tohoto \u0161t\u00fdlu robia modern\u00fd, nad\u010dasov\u00fd a jedine\u010dn\u00fd sp\u00f4sob ako si zariadi\u0165 va\u0161e b\u00fdvanie.<\/span>[\/vc_column_text][\/vc_column][\/vc_row]<\/p>\n","protected":false},"excerpt":{"rendered":"<p>[vc_row][vc_column][vc_column_text]Za posledn\u00e9 roky sa stal industri\u00e1lny \u0161t\u00fdl nesmierne popul\u00e1rnym a my \u00faplne ch\u00e1peme pre\u010do. Dnes u\u017e neplat\u00ed nep\u00edsan\u00e9 pravidlo, kedy sa priemyseln\u00fd \u0161t\u00fdl vyu\u017e\u00edval len v star\u00fdch skladoch, fabrik\u00e1ch, \u010di<\/p>\n","protected":false},"author":456,"featured_media":126539,"comment_status":"closed","ping_status":"open","sticky":false,"template":"","format":"standard","meta":{"footnotes":""},"categories":[1011,1008,1012],"tags":[],"yoast_head":"<!-- This site is optimized with the Yoast SEO plugin v22.1 - https:\/\/yoast.com\/wordpress\/plugins\/seo\/ -->\n<title>Zaria\u010fte si ob\u00fdva\u010dku v industri\u00e1lnom \u0161t\u00fdle! &#187; iKuchyne iSHOP s n\u00e1bytkom<\/title>\n<meta name=\"description\" content=\"Zaria\u010fte si ob\u00fdva\u010dku v industri\u00e1lnom \u0161t\u00fdle! V \u010dl\u00e1nku n\u00e1jdete in\u0161pir\u00e1cie, tipy, rady a DIY n\u00e1vody. Pre\u010d\u00edtajte si blog iKuchyne!.\" \/>\n<meta name=\"robots\" content=\"index, follow, max-snippet:-1, max-image-preview:large, max-video-preview:-1\" \/>\n<link rel=\"canonical\" href=\"https:\/\/www.ikuchyne.sk\/eshop\/zariadte-si-obyvacku-v-industrialnom-style\/\" \/>\n<meta property=\"og:locale\" content=\"sk_SK\" \/>\n<meta property=\"og:type\" content=\"article\" \/>\n<meta property=\"og:title\" content=\"Zaria\u010fte si ob\u00fdva\u010dku v industri\u00e1lnom \u0161t\u00fdle! &#187; iKuchyne iSHOP s n\u00e1bytkom\" \/>\n<meta property=\"og:description\" content=\"Zaria\u010fte si ob\u00fdva\u010dku v industri\u00e1lnom \u0161t\u00fdle! V \u010dl\u00e1nku n\u00e1jdete in\u0161pir\u00e1cie, tipy, rady a DIY n\u00e1vody. Pre\u010d\u00edtajte si blog iKuchyne!.\" \/>\n<meta property=\"og:url\" content=\"https:\/\/www.ikuchyne.sk\/eshop\/zariadte-si-obyvacku-v-industrialnom-style\/\" \/>\n<meta property=\"og:site_name\" content=\"iKuchyne iSHOP s n\u00e1bytkom\" \/>\n<meta property=\"article:publisher\" content=\"https:\/\/www.facebook.com\/ikuchyne\/\" \/>\n<meta property=\"article:published_time\" content=\"2020-04-16T16:29:20+00:00\" \/>\n<meta property=\"article:modified_time\" content=\"2020-10-21T12:01:22+00:00\" \/>\n<meta property=\"og:image\" content=\"https:\/\/www.ikuchyne.sk\/eshop\/wp-content\/uploads\/2019\/08\/ob\u00fdva\u010dka-industri\u00e1lny-\u0161t\u00fdl.jpg\" \/>\n\t<meta property=\"og:image:width\" content=\"564\" \/>\n\t<meta property=\"og:image:height\" content=\"705\" \/>\n\t<meta property=\"og:image:type\" content=\"image\/jpeg\" \/>\n<meta name=\"author\" content=\"Dominika Hozl\u00e1rov\u00e1\" \/>\n<meta name=\"twitter:card\" content=\"summary_large_image\" \/>\n<meta name=\"twitter:label1\" content=\"Autor\" \/>\n\t<meta name=\"twitter:data1\" content=\"Dominika Hozl\u00e1rov\u00e1\" \/>\n\t<meta name=\"twitter:label2\" content=\"Predpokladan\u00fd \u010das \u010d\u00edtania\" \/>\n\t<meta name=\"twitter:data2\" content=\"5 min\u00fat\" \/>\n<script type=\"application\/ld+json\" class=\"yoast-schema-graph\">{\"@context\":\"https:\/\/schema.org\",\"@graph\":[{\"@type\":\"Article\",\"@id\":\"https:\/\/www.ikuchyne.sk\/eshop\/zariadte-si-obyvacku-v-industrialnom-style\/#article\",\"isPartOf\":{\"@id\":\"https:\/\/www.ikuchyne.sk\/eshop\/zariadte-si-obyvacku-v-industrialnom-style\/\"},\"author\":{\"name\":\"Dominika Hozl\u00e1rov\u00e1\",\"@id\":\"https:\/\/www.ikuchyne.sk\/eshop\/#\/schema\/person\/3dd55775496710f6438fe9cb4029a9dd\"},\"headline\":\"Zaria\u010fte si ob\u00fdva\u010dku v industri\u00e1lnom \u0161t\u00fdle!\",\"datePublished\":\"2020-04-16T16:29:20+00:00\",\"dateModified\":\"2020-10-21T12:01:22+00:00\",\"mainEntityOfPage\":{\"@id\":\"https:\/\/www.ikuchyne.sk\/eshop\/zariadte-si-obyvacku-v-industrialnom-style\/\"},\"wordCount\":1076,\"publisher\":{\"@id\":\"https:\/\/www.ikuchyne.sk\/eshop\/#organization\"},\"articleSection\":[\"ARCHITEKT\u00daRA A DIZAJN\",\"IN\u0160PIR\u00c1CIE\",\"Ob\u00fdva\u010dky\"],\"inLanguage\":\"sk-SK\"},{\"@type\":\"WebPage\",\"@id\":\"https:\/\/www.ikuchyne.sk\/eshop\/zariadte-si-obyvacku-v-industrialnom-style\/\",\"url\":\"https:\/\/www.ikuchyne.sk\/eshop\/zariadte-si-obyvacku-v-industrialnom-style\/\",\"name\":\"Zaria\u010fte si ob\u00fdva\u010dku v industri\u00e1lnom \u0161t\u00fdle! &#187; iKuchyne iSHOP s n\u00e1bytkom\",\"isPartOf\":{\"@id\":\"https:\/\/www.ikuchyne.sk\/eshop\/#website\"},\"datePublished\":\"2020-04-16T16:29:20+00:00\",\"dateModified\":\"2020-10-21T12:01:22+00:00\",\"description\":\"Zaria\u010fte si ob\u00fdva\u010dku v industri\u00e1lnom \u0161t\u00fdle! V \u010dl\u00e1nku n\u00e1jdete in\u0161pir\u00e1cie, tipy, rady a DIY n\u00e1vody. Pre\u010d\u00edtajte si blog iKuchyne!.\",\"breadcrumb\":{\"@id\":\"https:\/\/www.ikuchyne.sk\/eshop\/zariadte-si-obyvacku-v-industrialnom-style\/#breadcrumb\"},\"inLanguage\":\"sk-SK\",\"potentialAction\":[{\"@type\":\"ReadAction\",\"target\":[\"https:\/\/www.ikuchyne.sk\/eshop\/zariadte-si-obyvacku-v-industrialnom-style\/\"]}]},{\"@type\":\"BreadcrumbList\",\"@id\":\"https:\/\/www.ikuchyne.sk\/eshop\/zariadte-si-obyvacku-v-industrialnom-style\/#breadcrumb\",\"itemListElement\":[{\"@type\":\"ListItem\",\"position\":1,\"name\":\"Home\",\"item\":\"https:\/\/www.ikuchyne.sk\/eshop\/\"},{\"@type\":\"ListItem\",\"position\":2,\"name\":\"Zaria\u010fte si ob\u00fdva\u010dku v industri\u00e1lnom \u0161t\u00fdle!\"}]},{\"@type\":\"WebSite\",\"@id\":\"https:\/\/www.ikuchyne.sk\/eshop\/#website\",\"url\":\"https:\/\/www.ikuchyne.sk\/eshop\/\",\"name\":\"iKuchyne iSHOP s n\u00e1bytkom\",\"description\":\"Jed\u00e1lensk\u00e9 stoly, stoli\u010dky, n\u00e1bytok, svietidl\u00e1...\",\"publisher\":{\"@id\":\"https:\/\/www.ikuchyne.sk\/eshop\/#organization\"},\"potentialAction\":[{\"@type\":\"SearchAction\",\"target\":{\"@type\":\"EntryPoint\",\"urlTemplate\":\"https:\/\/www.ikuchyne.sk\/eshop\/?s={search_term_string}\"},\"query-input\":\"required name=search_term_string\"}],\"inLanguage\":\"sk-SK\"},{\"@type\":\"Organization\",\"@id\":\"https:\/\/www.ikuchyne.sk\/eshop\/#organization\",\"name\":\"ikuchyne!\",\"url\":\"https:\/\/www.ikuchyne.sk\/eshop\/\",\"logo\":{\"@type\":\"ImageObject\",\"inLanguage\":\"sk-SK\",\"@id\":\"https:\/\/www.ikuchyne.sk\/eshop\/#\/schema\/logo\/image\/\",\"url\":\"https:\/\/www.ikuchyne.sk\/eshop\/wp-content\/uploads\/2017\/04\/ikuchyne-logo.jpg\",\"contentUrl\":\"https:\/\/www.ikuchyne.sk\/eshop\/wp-content\/uploads\/2017\/04\/ikuchyne-logo.jpg\",\"width\":200,\"height\":48,\"caption\":\"ikuchyne!\"},\"image\":{\"@id\":\"https:\/\/www.ikuchyne.sk\/eshop\/#\/schema\/logo\/image\/\"},\"sameAs\":[\"https:\/\/www.facebook.com\/ikuchyne\/\",\"https:\/\/www.instagram.com\/ikuchyne.sk\/\",\"https:\/\/sk.pinterest.com\/ikuchynesk\/\"]},{\"@type\":\"Person\",\"@id\":\"https:\/\/www.ikuchyne.sk\/eshop\/#\/schema\/person\/3dd55775496710f6438fe9cb4029a9dd\",\"name\":\"Dominika Hozl\u00e1rov\u00e1\",\"image\":{\"@type\":\"ImageObject\",\"inLanguage\":\"sk-SK\",\"@id\":\"https:\/\/www.ikuchyne.sk\/eshop\/#\/schema\/person\/image\/\",\"url\":\"https:\/\/www.ikuchyne.sk\/eshop\/wp-content\/plugins\/wp-user-avatar\/deprecated\/wp-user-avatar\/images\/wpua-96x96.png\",\"contentUrl\":\"https:\/\/www.ikuchyne.sk\/eshop\/wp-content\/plugins\/wp-user-avatar\/deprecated\/wp-user-avatar\/images\/wpua-96x96.png\",\"caption\":\"Dominika Hozl\u00e1rov\u00e1\"},\"description\":\"Dominika pracuje v oblasti PR a marketingu a vo svojom vo\u013enom \u010dase sa venuje najm\u00e4 cestovaniu, j\u00f3ge a keramike. N\u00e1v\u0161teva gal\u00e9ri\u00ed po celom svete a p\u00edsanie \u010dl\u00e1nkov o interi\u00e9rovom dizajne ju in\u0161piruje aj pri v\u00fdrobe origin\u00e1lnych bytov\u00fdch dekor\u00e1ci\u00ed z keramiky.\",\"url\":\"https:\/\/www.ikuchyne.sk\/eshop\/author\/technikikuchyne-sk\/\"}]}<\/script>\n<!-- \/ Yoast SEO plugin. -->","yoast_head_json":{"title":"Zaria\u010fte si ob\u00fdva\u010dku v industri\u00e1lnom \u0161t\u00fdle! &#187; iKuchyne iSHOP s n\u00e1bytkom","description":"Zaria\u010fte si ob\u00fdva\u010dku v industri\u00e1lnom \u0161t\u00fdle! V \u010dl\u00e1nku n\u00e1jdete in\u0161pir\u00e1cie, tipy, rady a DIY n\u00e1vody. Pre\u010d\u00edtajte si blog iKuchyne!.","robots":{"index":"index","follow":"follow","max-snippet":"max-snippet:-1","max-image-preview":"max-image-preview:large","max-video-preview":"max-video-preview:-1"},"canonical":"https:\/\/www.ikuchyne.sk\/eshop\/zariadte-si-obyvacku-v-industrialnom-style\/","og_locale":"sk_SK","og_type":"article","og_title":"Zaria\u010fte si ob\u00fdva\u010dku v industri\u00e1lnom \u0161t\u00fdle! &#187; iKuchyne iSHOP s n\u00e1bytkom","og_description":"Zaria\u010fte si ob\u00fdva\u010dku v industri\u00e1lnom \u0161t\u00fdle! V \u010dl\u00e1nku n\u00e1jdete in\u0161pir\u00e1cie, tipy, rady a DIY n\u00e1vody. Pre\u010d\u00edtajte si blog iKuchyne!.","og_url":"https:\/\/www.ikuchyne.sk\/eshop\/zariadte-si-obyvacku-v-industrialnom-style\/","og_site_name":"iKuchyne iSHOP s n\u00e1bytkom","article_publisher":"https:\/\/www.facebook.com\/ikuchyne\/","article_published_time":"2020-04-16T16:29:20+00:00","article_modified_time":"2020-10-21T12:01:22+00:00","og_image":[{"width":564,"height":705,"url":"https:\/\/www.ikuchyne.sk\/eshop\/wp-content\/uploads\/2019\/08\/ob\u00fdva\u010dka-industri\u00e1lny-\u0161t\u00fdl.jpg","type":"image\/jpeg"}],"author":"Dominika Hozl\u00e1rov\u00e1","twitter_card":"summary_large_image","twitter_misc":{"Autor":"Dominika Hozl\u00e1rov\u00e1","Predpokladan\u00fd \u010das \u010d\u00edtania":"5 min\u00fat"},"schema":{"@context":"https:\/\/schema.org","@graph":[{"@type":"Article","@id":"https:\/\/www.ikuchyne.sk\/eshop\/zariadte-si-obyvacku-v-industrialnom-style\/#article","isPartOf":{"@id":"https:\/\/www.ikuchyne.sk\/eshop\/zariadte-si-obyvacku-v-industrialnom-style\/"},"author":{"name":"Dominika Hozl\u00e1rov\u00e1","@id":"https:\/\/www.ikuchyne.sk\/eshop\/#\/schema\/person\/3dd55775496710f6438fe9cb4029a9dd"},"headline":"Zaria\u010fte si ob\u00fdva\u010dku v industri\u00e1lnom \u0161t\u00fdle!","datePublished":"2020-04-16T16:29:20+00:00","dateModified":"2020-10-21T12:01:22+00:00","mainEntityOfPage":{"@id":"https:\/\/www.ikuchyne.sk\/eshop\/zariadte-si-obyvacku-v-industrialnom-style\/"},"wordCount":1076,"publisher":{"@id":"https:\/\/www.ikuchyne.sk\/eshop\/#organization"},"articleSection":["ARCHITEKT\u00daRA A DIZAJN","IN\u0160PIR\u00c1CIE","Ob\u00fdva\u010dky"],"inLanguage":"sk-SK"},{"@type":"WebPage","@id":"https:\/\/www.ikuchyne.sk\/eshop\/zariadte-si-obyvacku-v-industrialnom-style\/","url":"https:\/\/www.ikuchyne.sk\/eshop\/zariadte-si-obyvacku-v-industrialnom-style\/","name":"Zaria\u010fte si ob\u00fdva\u010dku v industri\u00e1lnom \u0161t\u00fdle! &#187; iKuchyne iSHOP s n\u00e1bytkom","isPartOf":{"@id":"https:\/\/www.ikuchyne.sk\/eshop\/#website"},"datePublished":"2020-04-16T16:29:20+00:00","dateModified":"2020-10-21T12:01:22+00:00","description":"Zaria\u010fte si ob\u00fdva\u010dku v industri\u00e1lnom \u0161t\u00fdle! V \u010dl\u00e1nku n\u00e1jdete in\u0161pir\u00e1cie, tipy, rady a DIY n\u00e1vody. Pre\u010d\u00edtajte si blog iKuchyne!.","breadcrumb":{"@id":"https:\/\/www.ikuchyne.sk\/eshop\/zariadte-si-obyvacku-v-industrialnom-style\/#breadcrumb"},"inLanguage":"sk-SK","potentialAction":[{"@type":"ReadAction","target":["https:\/\/www.ikuchyne.sk\/eshop\/zariadte-si-obyvacku-v-industrialnom-style\/"]}]},{"@type":"BreadcrumbList","@id":"https:\/\/www.ikuchyne.sk\/eshop\/zariadte-si-obyvacku-v-industrialnom-style\/#breadcrumb","itemListElement":[{"@type":"ListItem","position":1,"name":"Home","item":"https:\/\/www.ikuchyne.sk\/eshop\/"},{"@type":"ListItem","position":2,"name":"Zaria\u010fte si ob\u00fdva\u010dku v industri\u00e1lnom \u0161t\u00fdle!"}]},{"@type":"WebSite","@id":"https:\/\/www.ikuchyne.sk\/eshop\/#website","url":"https:\/\/www.ikuchyne.sk\/eshop\/","name":"iKuchyne iSHOP s n\u00e1bytkom","description":"Jed\u00e1lensk\u00e9 stoly, stoli\u010dky, n\u00e1bytok, svietidl\u00e1...","publisher":{"@id":"https:\/\/www.ikuchyne.sk\/eshop\/#organization"},"potentialAction":[{"@type":"SearchAction","target":{"@type":"EntryPoint","urlTemplate":"https:\/\/www.ikuchyne.sk\/eshop\/?s={search_term_string}"},"query-input":"required name=search_term_string"}],"inLanguage":"sk-SK"},{"@type":"Organization","@id":"https:\/\/www.ikuchyne.sk\/eshop\/#organization","name":"ikuchyne!","url":"https:\/\/www.ikuchyne.sk\/eshop\/","logo":{"@type":"ImageObject","inLanguage":"sk-SK","@id":"https:\/\/www.ikuchyne.sk\/eshop\/#\/schema\/logo\/image\/","url":"https:\/\/www.ikuchyne.sk\/eshop\/wp-content\/uploads\/2017\/04\/ikuchyne-logo.jpg","contentUrl":"https:\/\/www.ikuchyne.sk\/eshop\/wp-content\/uploads\/2017\/04\/ikuchyne-logo.jpg","width":200,"height":48,"caption":"ikuchyne!"},"image":{"@id":"https:\/\/www.ikuchyne.sk\/eshop\/#\/schema\/logo\/image\/"},"sameAs":["https:\/\/www.facebook.com\/ikuchyne\/","https:\/\/www.instagram.com\/ikuchyne.sk\/","https:\/\/sk.pinterest.com\/ikuchynesk\/"]},{"@type":"Person","@id":"https:\/\/www.ikuchyne.sk\/eshop\/#\/schema\/person\/3dd55775496710f6438fe9cb4029a9dd","name":"Dominika Hozl\u00e1rov\u00e1","image":{"@type":"ImageObject","inLanguage":"sk-SK","@id":"https:\/\/www.ikuchyne.sk\/eshop\/#\/schema\/person\/image\/","url":"https:\/\/www.ikuchyne.sk\/eshop\/wp-content\/plugins\/wp-user-avatar\/deprecated\/wp-user-avatar\/images\/wpua-96x96.png","contentUrl":"https:\/\/www.ikuchyne.sk\/eshop\/wp-content\/plugins\/wp-user-avatar\/deprecated\/wp-user-avatar\/images\/wpua-96x96.png","caption":"Dominika Hozl\u00e1rov\u00e1"},"description":"Dominika pracuje v oblasti PR a marketingu a vo svojom vo\u013enom \u010dase sa venuje najm\u00e4 cestovaniu, j\u00f3ge a keramike. N\u00e1v\u0161teva gal\u00e9ri\u00ed po celom svete a p\u00edsanie \u010dl\u00e1nkov o interi\u00e9rovom dizajne ju in\u0161piruje aj pri v\u00fdrobe origin\u00e1lnych bytov\u00fdch dekor\u00e1ci\u00ed z keramiky.","url":"https:\/\/www.ikuchyne.sk\/eshop\/author\/technikikuchyne-sk\/"}]}},"_links":{"self":[{"href":"https:\/\/www.ikuchyne.sk\/eshop\/wp-json\/wp\/v2\/posts\/126543"}],"collection":[{"href":"https:\/\/www.ikuchyne.sk\/eshop\/wp-json\/wp\/v2\/posts"}],"about":[{"href":"https:\/\/www.ikuchyne.sk\/eshop\/wp-json\/wp\/v2\/types\/post"}],"author":[{"embeddable":true,"href":"https:\/\/www.ikuchyne.sk\/eshop\/wp-json\/wp\/v2\/users\/456"}],"replies":[{"embeddable":true,"href":"https:\/\/www.ikuchyne.sk\/eshop\/wp-json\/wp\/v2\/comments?post=126543"}],"version-history":[{"count":5,"href":"https:\/\/www.ikuchyne.sk\/eshop\/wp-json\/wp\/v2\/posts\/126543\/revisions"}],"predecessor-version":[{"id":147392,"href":"https:\/\/www.ikuchyne.sk\/eshop\/wp-json\/wp\/v2\/posts\/126543\/revisions\/147392"}],"wp:featuredmedia":[{"embeddable":true,"href":"https:\/\/www.ikuchyne.sk\/eshop\/wp-json\/"}],"wp:attachment":[{"href":"https:\/\/www.ikuchyne.sk\/eshop\/wp-json\/wp\/v2\/media?parent=126543"}],"wp:term":[{"taxonomy":"category","embeddable":true,"href":"https:\/\/www.ikuchyne.sk\/eshop\/wp-json\/wp\/v2\/categories?post=126543"},{"taxonomy":"post_tag","embeddable":true,"href":"https:\/\/www.ikuchyne.sk\/eshop\/wp-json\/wp\/v2\/tags?post=126543"}],"curies":[{"name":"wp","href":"https:\/\/api.w.org\/{rel}","templated":true}]}}