{"id":126682,"date":"2020-04-21T17:40:47","date_gmt":"2020-04-21T15:40:47","guid":{"rendered":"https:\/\/www.ikuchyne.sk\/eshop\/?p=126682"},"modified":"2020-10-21T14:14:44","modified_gmt":"2020-10-21T12:14:44","slug":"ktory-styl-spalne-je-pre-vas-ten-idealny","status":"publish","type":"post","link":"https:\/\/www.ikuchyne.sk\/eshop\/ktory-styl-spalne-je-pre-vas-ten-idealny\/","title":{"rendered":"Ktor\u00fd \u0161t\u00fdl sp\u00e1lne je pre v\u00e1s ten ide\u00e1lny?"},"content":{"rendered":"<p>[vc_row][vc_column][vc_column_text]<span style=\"color: #000000;\"><b>Sp\u00e1l\u0148a je pre ve\u013ea \u013eud\u00ed jednou z najd\u00f4le\u017eitej\u0161\u00edch a najob\u013e\u00fabenej\u0161\u00edch miestnost\u00ed bytu \u010di domu. Jej z\u00e1kladn\u00e9 prevedenie by malo by\u0165 podobn\u00e9 osobnosti, ktor\u00e1 ju ob\u00fdva a z\u00e1rove\u0148 by malo by\u0165 funk\u010dn\u00e9 a pohodln\u00e9. Spojen\u00edm t\u00fdchto aspektov vytvor\u00edte miestnos\u0165, v ktorej si budete m\u00f4c\u0165 odd\u00fdchnu\u0165 po n\u00e1ro\u010dnom dni a nabra\u0165 nov\u00fa energiu. Prin\u00e1\u0161ame v\u00e1m nieko\u013eko tipov a n\u00e1padov, ako da\u0165 sp\u00e1lni jedine\u010dn\u00fd vzh\u013ead \u010di u\u017e preferujete klasick\u00fd alebo sk\u00f4r modernej\u0161\u00ed \u0161t\u00fdl sp\u00e1lne.\u00a0\u00a0<\/b><\/span>[\/vc_column_text][vc_single_image image=&#8221;120398&#8243; img_size=&#8221;800&#215;533&#8243; add_caption=&#8221;yes&#8221; alignment=&#8221;center&#8221; style=&#8221;vc_box_rounded&#8221;][vc_column_text]<\/p>\n<h2><span style=\"color: #e3245e;\"><b>Vyberte si \u0161t\u00fdl sp\u00e1lne, ktor\u00fd sa v\u00e1m p\u00e1\u010di<\/b><\/span><\/h2>\n<p><span style=\"color: #000000;\"><span style=\"font-weight: 400;\">Existuj\u00fa tri z\u00e1kladn\u00e9 typy sp\u00e1ln\u00ed, a to hlavn\u00e1 sp\u00e1l\u0148a, detsk\u00e1 izba a hos\u0165ovsk\u00e1 sp\u00e1l\u0148a. Vybra\u0165 si \u0161t\u00fdl sp\u00e1lne nemus\u00ed by\u0165 \u013eahkou \u00falohou, preto je dobr\u00e9, ke\u010f si u\u017e na za\u010diatku stanov\u00edte, \u010do bude vo va\u0161ej sp\u00e1lni dominova\u0165. Pom\u00f4\u017ee v\u00e1m to<\/span><\/span> <span style=\"color: #000000;\"><span style=\"font-weight: 400;\">rozhodn\u00fa\u0165 sa, ak\u00fd n\u00e1bytok k\u00fapi\u0165, ak\u00e9 druhy farieb a vzorov pou\u017ei\u0165. <strong>In\u0161pirujte sa jedine\u010dn\u00fdmi \u0161t\u00fdlmi, v ktor\u00fdch si m\u00f4\u017eete zariadi\u0165 aj va\u0161u sp\u00e1l\u0148u.<\/strong><\/span><\/span>[\/vc_column_text][vc_message icon_fontawesome=&#8221;fa fa-lightbulb-o&#8221;]<b>Rada odborn\u00edka: <\/b><\/p>\n<p>Pri v\u00fdbere \u0161t\u00fdlu, v ktorom si budete chcie\u0165 zariadi\u0165 va\u0161u sp\u00e1l\u0148u, je d\u00f4le\u017eit\u00e9 bra\u0165 do \u00favahy aj to, \u010di sa v\u00e1m bude dan\u00fd \u0161t\u00fdl p\u00e1\u010di\u0165 aj o nieko\u013eko rokov nesk\u00f4r. Preto je dobr\u00e9 zvoli\u0165 neutr\u00e1lnej\u0161ie farby stien \u010di n\u00e1bytku a pr\u00edpadne o\u017eivova\u0165 sp\u00e1l\u0148u v\u00fdmenou doplnkov v podobe in\u00fdch vank\u00fa\u0161ov \u010di poste\u013enej bielizne.[\/vc_message][vc_column_text]<\/p>\n<h2><span style=\"color: #e3245e;\"><b>S\u00fa\u010dasn\u00fd \u0161t\u00fdl<\/b><\/span><\/h2>\n<p><span style=\"color: #000000;\"><span style=\"font-weight: 400;\">S\u00fa\u010dasn\u00fd\u00a0\u0161t\u00fdl je ve\u013emi geometrick\u00fd. V sp\u00e1lni tohto \u0161t\u00fdlu sa nach\u00e1dza n\u00edzka <\/span><\/span><span style=\"color: #e3245e;\"><a style=\"color: #e3245e;\" href=\"https:\/\/ikuchyne.sk\/eshop\/kategoria\/manzelske-postele\/\">man\u017eelsk\u00e1 poste\u013e<\/a><\/span><span style=\"color: #000000;\"><span style=\"font-weight: 400;\"> v jednoduchom, nezdobenom dizajne.\u00a0\u010eal\u0161\u00ed n\u00e1bytok je tie\u017e v\u00e4\u010d\u0161inou vodorovn\u00fd a pomerne n\u00edzko nad podlahou<strong>. \u010cierna, biela a \u0161ed\u00e1 s\u00fa ve\u013emi be\u017en\u00e9 farby v s\u00fa\u010dasn\u00fdch sch\u00e9mach dizajnu, \u010dasto v kombin\u00e1cii s v\u00fdraznej\u0161ou farbou stien.<\/strong>\u00a0Tento dizajnov\u00fd \u0161t\u00fdl pou\u017e\u00edva v\u00e4\u010d\u0161inou pln\u00e9 farby a \u013eahk\u00e9, kovov\u00e9 prvky.<\/span><\/span>[\/vc_column_text][vc_single_image image=&#8221;120388&#8243; img_size=&#8221;large&#8221; add_caption=&#8221;yes&#8221; alignment=&#8221;center&#8221; style=&#8221;vc_box_rounded&#8221; onclick=&#8221;custom_link&#8221; img_link_target=&#8221;_blank&#8221; link=&#8221;https:\/\/ikuchyne.sk\/eshop\/produkt\/postel-lincoln-160&#215;200\/&#8221;][vc_column_text]<\/p>\n<h2><span style=\"color: #e3245e;\"><b>Modern\u00fd \u0161t\u00fdl<\/b><\/span><\/h2>\n<p><span style=\"font-weight: 400; color: #000000;\">Modern\u00fd \u0161t\u00fdl je rovnako geometrick\u00fdm \u0161t\u00fdlom, ale je viac minimalistickej\u0161\u00ed ako ten s\u00fa\u010dasn\u00fd.<strong> Na rozdiel od v\u00e4\u010d\u0161iny sp\u00e1ln\u00ed, v s\u00fa\u010dasnom \u0161t\u00fdle maj\u00fa moderne zariaden\u00e9 sp\u00e1lne tendenciu obsahova\u0165 prekvapiv\u00e9, v\u00fdrazn\u00e9 a symetrick\u00e9 prvky.<\/strong> V tomto \u0161t\u00fdle dominuj\u00fa neutr\u00e1lne farby a be\u017en\u00e9 s\u00fa monochromatick\u00e9 vzory.<\/span>[\/vc_column_text][vc_single_image image=&#8221;120389&#8243; img_size=&#8221;large&#8221; add_caption=&#8221;yes&#8221; alignment=&#8221;center&#8221; style=&#8221;vc_box_rounded&#8221; onclick=&#8221;custom_link&#8221; img_link_target=&#8221;_blank&#8221; link=&#8221;https:\/\/ikuchyne.sk\/eshop\/produkt\/striebornosiv\u00e1-zamatov\u00e1-lavica-extravagancia-140cm\/&#8221;][vc_single_image image=&#8221;120390&#8243; img_size=&#8221;large&#8221; add_caption=&#8221;yes&#8221; alignment=&#8221;center&#8221; style=&#8221;vc_box_rounded&#8221; onclick=&#8221;custom_link&#8221; img_link_target=&#8221;_blank&#8221; link=&#8221;https:\/\/ikuchyne.sk\/eshop\/produkt\/sivy-nocny-stolik-extravagancia-45cm\/&#8221;][vc_column_text]<\/p>\n<h2><span style=\"color: #e3245e;\"><b>Art Deco<\/b><\/span><\/h2>\n<p><span style=\"font-weight: 400; color: #000000;\">Art Deco\u00a0je elegantn\u00fd vintage \u0161t\u00fdl zalo\u017een\u00fd na 20. a 30. rokoch minul\u00e9ho storo\u010dia.\u00a0Aj tento \u0161t\u00fdl je charakteristick\u00fd geometrick\u00fdmi tvarmi, no v tomto pr\u00edpade sa v\u00e4\u010d\u0161inou pou\u017e\u00edvaj\u00fa ako vzory, nie tvary n\u00e1bytku. <strong>Art Deco je tie\u017e zn\u00e1my t\u00fdm, \u017ee jeho s\u00fa\u010das\u0165ou je drevo a dreven\u00e9 vlo\u017eky, chr\u00f3m, sklo a zrkadl\u00e1.\u00a0\u00a0<\/strong><\/span>[\/vc_column_text][vc_single_image image=&#8221;120391&#8243; img_size=&#8221;large&#8221; add_caption=&#8221;yes&#8221; alignment=&#8221;center&#8221; style=&#8221;vc_box_rounded&#8221; onclick=&#8221;custom_link&#8221; img_link_target=&#8221;_blank&#8221; link=&#8221;https:\/\/ikuchyne.sk\/eshop\/produkt\/smaragdovo-zelena-zamatova-postel-famous-140x200cm\/&#8221;][\/vc_column][\/vc_row][vc_row][vc_column][vc_single_image image=&#8221;120392&#8243; img_size=&#8221;large&#8221; add_caption=&#8221;yes&#8221; alignment=&#8221;center&#8221; style=&#8221;vc_box_rounded&#8221; onclick=&#8221;custom_link&#8221; img_link_target=&#8221;_blank&#8221; link=&#8221;https:\/\/ikuchyne.sk\/eshop\/produkt\/smaragdovo-zelena-zamatova-postel-famous-140x200cm\/&#8221;][vc_column_text]<\/p>\n<h2><span style=\"color: #e3245e;\"><b>Tradi\u010dn\u00fd \u0161t\u00fdl\u00a0<\/b><\/span><\/h2>\n<p><span style=\"font-weight: 400; color: #000000;\">Tradi\u010dn\u00fd \u0161t\u00fdl sp\u00e1lne je zvy\u010dajne zalo\u017een\u00fd na anglick\u00fdch a franc\u00fazskych \u0161t\u00fdloch 18. a 19. storo\u010dia. <strong>\u010casto obsahuje prvky, ako s\u00fa pozl\u00e1ten\u00e9 zrkadl\u00e1, tmav\u00e9 drevo, svie\u017ee l\u00e1tky a zlo\u017eit\u00e9 vzory.<\/strong> Ak m\u00e1te radi klasick\u00e9 postele a orient\u00e1lne koberce, tak tento \u0161t\u00fdl je pre v\u00e1s ako stvoren\u00fd. \u00a0<\/span>[\/vc_column_text][vc_single_image image=&#8221;120393&#8243; img_size=&#8221;large&#8221; add_caption=&#8221;yes&#8221; alignment=&#8221;center&#8221; style=&#8221;vc_box_rounded&#8221; onclick=&#8221;custom_link&#8221; img_link_target=&#8221;_blank&#8221; link=&#8221;https:\/\/ikuchyne.sk\/eshop\/produkt\/postel-venecja-90&#8243;][vc_single_image image=&#8221;120394&#8243; img_size=&#8221;large&#8221; add_caption=&#8221;yes&#8221; alignment=&#8221;center&#8221; style=&#8221;vc_box_rounded&#8221; onclick=&#8221;custom_link&#8221; img_link_target=&#8221;_blank&#8221; link=&#8221;https:\/\/ikuchyne.sk\/eshop\/produkt\/nocny-stolik-mystic-living-40cm\/&#8221;][vc_column_text]<\/p>\n<h2><span style=\"color: #e3245e;\"><b>Eklektick\u00fd \u0161t\u00fdl<\/b><\/span><\/h2>\n<p><span style=\"font-weight: 400; color: #000000;\">Eklektick\u00fd\u00a0\u0161t\u00fdl znamen\u00e1 \u010doko\u013evek a v\u0161etko.\u00a0Eklektick\u00e9 n\u00e1vrhy vtiahnu prvky z in\u00fdch \u0161t\u00fdlov a pomocou rozmanitosti vytvoria priestor, ktor\u00fd p\u00f4sob\u00ed st\u00e1le s\u00fadr\u017ene.\u00a0Paleta farieb je pod\u013ea osobn\u00e9ho vkusu.\u00a0<strong>Eklektick\u00fd v\u0161ak rozhodne nie je minimalistick\u00fd \u0161t\u00fdl.<\/strong>\u00a0Eklektika miluje kontrast, sp\u00e1ja nes\u00falad n\u00e1bytku a r\u00f4zne druhy farieb, vzorov a text\u00far.<\/span>[\/vc_column_text][vc_single_image image=&#8221;120399&#8243; img_size=&#8221;large&#8221; add_caption=&#8221;yes&#8221; alignment=&#8221;center&#8221; style=&#8221;vc_box_rounded&#8221;][vc_column_text]<\/p>\n<h2><span style=\"color: #e3245e;\"><b>Minimalistick\u00fd \u0161t\u00fdl<\/b><\/span><\/h2>\n<p><span style=\"color: #000000;\"><span style=\"font-weight: 400;\">Ide\u00e1lnym kompromisom v r\u00e1mci \u0161t\u00fdlov sp\u00e1ln\u00ed je minimalistick\u00fd \u0161t\u00fdl. <strong>Minimalizmus prid\u00e1va miestnosti iskru jedine\u010dnosti.<\/strong> Vytvorenie \u0161t\u00fdlovej sp\u00e1lne nie je len o peniazoch,\u00a0je to aj o va\u0161ej kreativite. Zariadi\u0165 si sp\u00e1l\u0148u v tomto \u0161t\u00fdle m\u00f4\u017ee by\u0165 n\u00e1ro\u010dnej\u0161ie, ako by ste si mo\u017eno mysleli. Sta\u010d\u00ed si v\u0161ak vybra\u0165 spr\u00e1vne kusy n\u00e1bytku ako napr\u00edklad <\/span><\/span><span style=\"color: #e3245e;\"><a style=\"color: #e3245e;\" href=\"https:\/\/ikuchyne.sk\/eshop\/nocne-stoliky\/\">no\u010dn\u00fd stol\u00edk<\/a><\/span><span style=\"color: #000000;\"><span style=\"font-weight: 400;\"> v minimalistickom \u0161t\u00fdle a v\u00fdsledok bude st\u00e1\u0165 ur\u010dite za to.\u00a0\u00a0<\/span><\/span>[\/vc_column_text][vc_single_image image=&#8221;126700&#8243; img_size=&#8221;large&#8221; add_caption=&#8221;yes&#8221; alignment=&#8221;center&#8221; style=&#8221;vc_box_rounded&#8221;][vc_message message_box_color=&#8221;alert-success&#8221; icon_fontawesome=&#8221;fa fa-lightbulb-o&#8221;]<b>Vedeli ste, \u017ee: <\/b><\/p>\n<p>Umiestnenie hlavy postele oproti hlavnej stene sa odpor\u00fa\u010da v ka\u017edej sp\u00e1lni? Rovnako plat\u00ed aj to, \u017ee by ste mali ma\u0165 dobr\u00fd v\u00fdh\u013ead na dvere sp\u00e1lne z postele.[\/vc_message][vc_column_text]<span style=\"color: #000000;\">Ver\u00edme, \u017ee ste sa in\u0161pirovali a spolo\u010dne s nami ste zistili, ktor\u00fd \u0161t\u00fdl sp\u00e1lne je v\u00e1m najbli\u017e\u0161\u00ed. M\u00f4\u017eete sa tak pusti\u0165 do tvorenia sp\u00e1lne va\u0161ich snov. Ak h\u013ead\u00e1te n\u00e1bytok nielen do sp\u00e1lne, tak v\u00e1m <\/span><span style=\"color: #e3245e;\"><a style=\"color: #e3245e;\" href=\"http:\/\/www.ikuchyne.sk\/eshop\/kategoria\/postele\">v na\u0161om eshope<\/a><\/span><span style=\"color: #000000;\"> pon\u00fakame \u0161irok\u00fd v\u00fdber, z ktor\u00e9ho si vyberie naozaj ka\u017ed\u00fd.<\/span>[\/vc_column_text][\/vc_column][\/vc_row]<\/p>\n","protected":false},"excerpt":{"rendered":"<p>[vc_row][vc_column][vc_column_text]Sp\u00e1l\u0148a je pre ve\u013ea \u013eud\u00ed jednou z najd\u00f4le\u017eitej\u0161\u00edch a najob\u013e\u00fabenej\u0161\u00edch miestnost\u00ed bytu \u010di domu. Jej z\u00e1kladn\u00e9 prevedenie by malo by\u0165 podobn\u00e9 osobnosti, ktor\u00e1 ju ob\u00fdva a z\u00e1rove\u0148 by malo by\u0165<\/p>\n","protected":false},"author":562,"featured_media":126700,"comment_status":"closed","ping_status":"open","sticky":false,"template":"","format":"standard","meta":{"footnotes":""},"categories":[1015],"tags":[],"yoast_head":"<!-- This site is optimized with the Yoast SEO plugin v22.1 - https:\/\/yoast.com\/wordpress\/plugins\/seo\/ -->\n<title>Ktor\u00fd \u0161t\u00fdl sp\u00e1lne je pre v\u00e1s ten ide\u00e1lny? &#187; iKuchyne iSHOP s n\u00e1bytkom<\/title>\n<meta name=\"description\" content=\"Vyberte si ten svoj \u0161t\u00fdl sp\u00e1lne! Pre\u010d\u00edtajte si p\u00e1r tipov a n\u00e1padov na r\u00f4zne vzh\u013eady sp\u00e1ln\u00ed. Sp\u00e1l\u0148a si skuto\u010dne zasl\u00fa\u017ei va\u0161u pozornos\u0165!\" \/>\n<meta name=\"robots\" content=\"index, follow, max-snippet:-1, max-image-preview:large, max-video-preview:-1\" \/>\n<link rel=\"canonical\" href=\"https:\/\/www.ikuchyne.sk\/eshop\/ktory-styl-spalne-je-pre-vas-ten-idealny\/\" \/>\n<meta property=\"og:locale\" content=\"sk_SK\" \/>\n<meta property=\"og:type\" content=\"article\" \/>\n<meta property=\"og:title\" content=\"Ktor\u00fd \u0161t\u00fdl sp\u00e1lne je pre v\u00e1s ten ide\u00e1lny? &#187; iKuchyne iSHOP s n\u00e1bytkom\" \/>\n<meta property=\"og:description\" content=\"Vyberte si ten svoj \u0161t\u00fdl sp\u00e1lne! Pre\u010d\u00edtajte si p\u00e1r tipov a n\u00e1padov na r\u00f4zne vzh\u013eady sp\u00e1ln\u00ed. Sp\u00e1l\u0148a si skuto\u010dne zasl\u00fa\u017ei va\u0161u pozornos\u0165!\" \/>\n<meta property=\"og:url\" content=\"https:\/\/www.ikuchyne.sk\/eshop\/ktory-styl-spalne-je-pre-vas-ten-idealny\/\" \/>\n<meta property=\"og:site_name\" content=\"iKuchyne iSHOP s n\u00e1bytkom\" \/>\n<meta property=\"article:publisher\" content=\"https:\/\/www.facebook.com\/ikuchyne\/\" \/>\n<meta property=\"article:published_time\" content=\"2020-04-21T15:40:47+00:00\" \/>\n<meta property=\"article:modified_time\" content=\"2020-10-21T12:14:44+00:00\" \/>\n<meta property=\"og:image\" content=\"https:\/\/www.ikuchyne.sk\/eshop\/wp-content\/uploads\/2020\/04\/minimalisticka-spalna.jpg\" \/>\n\t<meta property=\"og:image:width\" content=\"564\" \/>\n\t<meta property=\"og:image:height\" content=\"564\" \/>\n\t<meta property=\"og:image:type\" content=\"image\/jpeg\" \/>\n<meta name=\"author\" content=\"Radoslav Hoppej\" \/>\n<meta name=\"twitter:card\" content=\"summary_large_image\" \/>\n<meta name=\"twitter:label1\" content=\"Autor\" \/>\n\t<meta name=\"twitter:data1\" content=\"Radoslav Hoppej\" \/>\n\t<meta name=\"twitter:label2\" content=\"Predpokladan\u00fd \u010das \u010d\u00edtania\" \/>\n\t<meta name=\"twitter:data2\" content=\"6 min\u00fat\" \/>\n<script type=\"application\/ld+json\" class=\"yoast-schema-graph\">{\"@context\":\"https:\/\/schema.org\",\"@graph\":[{\"@type\":\"Article\",\"@id\":\"https:\/\/www.ikuchyne.sk\/eshop\/ktory-styl-spalne-je-pre-vas-ten-idealny\/#article\",\"isPartOf\":{\"@id\":\"https:\/\/www.ikuchyne.sk\/eshop\/ktory-styl-spalne-je-pre-vas-ten-idealny\/\"},\"author\":{\"name\":\"Radoslav Hoppej\",\"@id\":\"https:\/\/www.ikuchyne.sk\/eshop\/#\/schema\/person\/faf508efa685ef3a6de82e8f89187f07\"},\"headline\":\"Ktor\u00fd \u0161t\u00fdl sp\u00e1lne je pre v\u00e1s ten ide\u00e1lny?\",\"datePublished\":\"2020-04-21T15:40:47+00:00\",\"dateModified\":\"2020-10-21T12:14:44+00:00\",\"mainEntityOfPage\":{\"@id\":\"https:\/\/www.ikuchyne.sk\/eshop\/ktory-styl-spalne-je-pre-vas-ten-idealny\/\"},\"wordCount\":1190,\"publisher\":{\"@id\":\"https:\/\/www.ikuchyne.sk\/eshop\/#organization\"},\"articleSection\":[\"Sp\u00e1lne\"],\"inLanguage\":\"sk-SK\"},{\"@type\":\"WebPage\",\"@id\":\"https:\/\/www.ikuchyne.sk\/eshop\/ktory-styl-spalne-je-pre-vas-ten-idealny\/\",\"url\":\"https:\/\/www.ikuchyne.sk\/eshop\/ktory-styl-spalne-je-pre-vas-ten-idealny\/\",\"name\":\"Ktor\u00fd \u0161t\u00fdl sp\u00e1lne je pre v\u00e1s ten ide\u00e1lny? &#187; iKuchyne iSHOP s n\u00e1bytkom\",\"isPartOf\":{\"@id\":\"https:\/\/www.ikuchyne.sk\/eshop\/#website\"},\"datePublished\":\"2020-04-21T15:40:47+00:00\",\"dateModified\":\"2020-10-21T12:14:44+00:00\",\"description\":\"Vyberte si ten svoj \u0161t\u00fdl sp\u00e1lne! Pre\u010d\u00edtajte si p\u00e1r tipov a n\u00e1padov na r\u00f4zne vzh\u013eady sp\u00e1ln\u00ed. Sp\u00e1l\u0148a si skuto\u010dne zasl\u00fa\u017ei va\u0161u pozornos\u0165!\",\"breadcrumb\":{\"@id\":\"https:\/\/www.ikuchyne.sk\/eshop\/ktory-styl-spalne-je-pre-vas-ten-idealny\/#breadcrumb\"},\"inLanguage\":\"sk-SK\",\"potentialAction\":[{\"@type\":\"ReadAction\",\"target\":[\"https:\/\/www.ikuchyne.sk\/eshop\/ktory-styl-spalne-je-pre-vas-ten-idealny\/\"]}]},{\"@type\":\"BreadcrumbList\",\"@id\":\"https:\/\/www.ikuchyne.sk\/eshop\/ktory-styl-spalne-je-pre-vas-ten-idealny\/#breadcrumb\",\"itemListElement\":[{\"@type\":\"ListItem\",\"position\":1,\"name\":\"Home\",\"item\":\"https:\/\/www.ikuchyne.sk\/eshop\/\"},{\"@type\":\"ListItem\",\"position\":2,\"name\":\"Ktor\u00fd \u0161t\u00fdl sp\u00e1lne je pre v\u00e1s ten ide\u00e1lny?\"}]},{\"@type\":\"WebSite\",\"@id\":\"https:\/\/www.ikuchyne.sk\/eshop\/#website\",\"url\":\"https:\/\/www.ikuchyne.sk\/eshop\/\",\"name\":\"iKuchyne iSHOP s n\u00e1bytkom\",\"description\":\"Jed\u00e1lensk\u00e9 stoly, stoli\u010dky, n\u00e1bytok, svietidl\u00e1...\",\"publisher\":{\"@id\":\"https:\/\/www.ikuchyne.sk\/eshop\/#organization\"},\"potentialAction\":[{\"@type\":\"SearchAction\",\"target\":{\"@type\":\"EntryPoint\",\"urlTemplate\":\"https:\/\/www.ikuchyne.sk\/eshop\/?s={search_term_string}\"},\"query-input\":\"required name=search_term_string\"}],\"inLanguage\":\"sk-SK\"},{\"@type\":\"Organization\",\"@id\":\"https:\/\/www.ikuchyne.sk\/eshop\/#organization\",\"name\":\"ikuchyne!\",\"url\":\"https:\/\/www.ikuchyne.sk\/eshop\/\",\"logo\":{\"@type\":\"ImageObject\",\"inLanguage\":\"sk-SK\",\"@id\":\"https:\/\/www.ikuchyne.sk\/eshop\/#\/schema\/logo\/image\/\",\"url\":\"https:\/\/www.ikuchyne.sk\/eshop\/wp-content\/uploads\/2017\/04\/ikuchyne-logo.jpg\",\"contentUrl\":\"https:\/\/www.ikuchyne.sk\/eshop\/wp-content\/uploads\/2017\/04\/ikuchyne-logo.jpg\",\"width\":200,\"height\":48,\"caption\":\"ikuchyne!\"},\"image\":{\"@id\":\"https:\/\/www.ikuchyne.sk\/eshop\/#\/schema\/logo\/image\/\"},\"sameAs\":[\"https:\/\/www.facebook.com\/ikuchyne\/\",\"https:\/\/www.instagram.com\/ikuchyne.sk\/\",\"https:\/\/sk.pinterest.com\/ikuchynesk\/\"]},{\"@type\":\"Person\",\"@id\":\"https:\/\/www.ikuchyne.sk\/eshop\/#\/schema\/person\/faf508efa685ef3a6de82e8f89187f07\",\"name\":\"Radoslav Hoppej\",\"image\":{\"@type\":\"ImageObject\",\"inLanguage\":\"sk-SK\",\"@id\":\"https:\/\/www.ikuchyne.sk\/eshop\/#\/schema\/person\/image\/\",\"url\":\"https:\/\/secure.gravatar.com\/avatar\/4c9ab993193882c5d96a1b7b8857464b?s=96&d=wp_user_avatar&r=g\",\"contentUrl\":\"https:\/\/secure.gravatar.com\/avatar\/4c9ab993193882c5d96a1b7b8857464b?s=96&d=wp_user_avatar&r=g\",\"caption\":\"Radoslav Hoppej\"},\"description\":\"Rado sa u\u017e nieko\u013eko rokov venuje p\u00edsaniu a copywritingu na rozli\u010dn\u00e9 t\u00e9my ako je interi\u00e9rov\u00fd dizajn, cestovanie \u010di marketing. Okrem p\u00edsania sa zauj\u00edma aj o spravovanie soci\u00e1lnych siet\u00ed. Spom\u00ednan\u00e9 pracovn\u00e9 aktivity s\u00fa jeho v\u00e1\u0161\u0148ou a splnen\u00fdm snom, a preto ver\u00ed, \u017ee je to vidie\u0165 aj na samotn\u00fdch v\u00fdsledkoch jeho pr\u00e1ce. Ak pr\u00e1ve nepracuje, tak si r\u00e1d za\u0161portuje \u010di pre\u010d\u00edta dobr\u00fa knihu.\",\"url\":\"https:\/\/www.ikuchyne.sk\/eshop\/author\/radoslav-hoppej\/\"}]}<\/script>\n<!-- \/ Yoast SEO plugin. -->","yoast_head_json":{"title":"Ktor\u00fd \u0161t\u00fdl sp\u00e1lne je pre v\u00e1s ten ide\u00e1lny? &#187; iKuchyne iSHOP s n\u00e1bytkom","description":"Vyberte si ten svoj \u0161t\u00fdl sp\u00e1lne! Pre\u010d\u00edtajte si p\u00e1r tipov a n\u00e1padov na r\u00f4zne vzh\u013eady sp\u00e1ln\u00ed. Sp\u00e1l\u0148a si skuto\u010dne zasl\u00fa\u017ei va\u0161u pozornos\u0165!","robots":{"index":"index","follow":"follow","max-snippet":"max-snippet:-1","max-image-preview":"max-image-preview:large","max-video-preview":"max-video-preview:-1"},"canonical":"https:\/\/www.ikuchyne.sk\/eshop\/ktory-styl-spalne-je-pre-vas-ten-idealny\/","og_locale":"sk_SK","og_type":"article","og_title":"Ktor\u00fd \u0161t\u00fdl sp\u00e1lne je pre v\u00e1s ten ide\u00e1lny? &#187; iKuchyne iSHOP s n\u00e1bytkom","og_description":"Vyberte si ten svoj \u0161t\u00fdl sp\u00e1lne! Pre\u010d\u00edtajte si p\u00e1r tipov a n\u00e1padov na r\u00f4zne vzh\u013eady sp\u00e1ln\u00ed. Sp\u00e1l\u0148a si skuto\u010dne zasl\u00fa\u017ei va\u0161u pozornos\u0165!","og_url":"https:\/\/www.ikuchyne.sk\/eshop\/ktory-styl-spalne-je-pre-vas-ten-idealny\/","og_site_name":"iKuchyne iSHOP s n\u00e1bytkom","article_publisher":"https:\/\/www.facebook.com\/ikuchyne\/","article_published_time":"2020-04-21T15:40:47+00:00","article_modified_time":"2020-10-21T12:14:44+00:00","og_image":[{"width":564,"height":564,"url":"https:\/\/www.ikuchyne.sk\/eshop\/wp-content\/uploads\/2020\/04\/minimalisticka-spalna.jpg","type":"image\/jpeg"}],"author":"Radoslav Hoppej","twitter_card":"summary_large_image","twitter_misc":{"Autor":"Radoslav Hoppej","Predpokladan\u00fd \u010das \u010d\u00edtania":"6 min\u00fat"},"schema":{"@context":"https:\/\/schema.org","@graph":[{"@type":"Article","@id":"https:\/\/www.ikuchyne.sk\/eshop\/ktory-styl-spalne-je-pre-vas-ten-idealny\/#article","isPartOf":{"@id":"https:\/\/www.ikuchyne.sk\/eshop\/ktory-styl-spalne-je-pre-vas-ten-idealny\/"},"author":{"name":"Radoslav Hoppej","@id":"https:\/\/www.ikuchyne.sk\/eshop\/#\/schema\/person\/faf508efa685ef3a6de82e8f89187f07"},"headline":"Ktor\u00fd \u0161t\u00fdl sp\u00e1lne je pre v\u00e1s ten ide\u00e1lny?","datePublished":"2020-04-21T15:40:47+00:00","dateModified":"2020-10-21T12:14:44+00:00","mainEntityOfPage":{"@id":"https:\/\/www.ikuchyne.sk\/eshop\/ktory-styl-spalne-je-pre-vas-ten-idealny\/"},"wordCount":1190,"publisher":{"@id":"https:\/\/www.ikuchyne.sk\/eshop\/#organization"},"articleSection":["Sp\u00e1lne"],"inLanguage":"sk-SK"},{"@type":"WebPage","@id":"https:\/\/www.ikuchyne.sk\/eshop\/ktory-styl-spalne-je-pre-vas-ten-idealny\/","url":"https:\/\/www.ikuchyne.sk\/eshop\/ktory-styl-spalne-je-pre-vas-ten-idealny\/","name":"Ktor\u00fd \u0161t\u00fdl sp\u00e1lne je pre v\u00e1s ten ide\u00e1lny? &#187; iKuchyne iSHOP s n\u00e1bytkom","isPartOf":{"@id":"https:\/\/www.ikuchyne.sk\/eshop\/#website"},"datePublished":"2020-04-21T15:40:47+00:00","dateModified":"2020-10-21T12:14:44+00:00","description":"Vyberte si ten svoj \u0161t\u00fdl sp\u00e1lne! Pre\u010d\u00edtajte si p\u00e1r tipov a n\u00e1padov na r\u00f4zne vzh\u013eady sp\u00e1ln\u00ed. Sp\u00e1l\u0148a si skuto\u010dne zasl\u00fa\u017ei va\u0161u pozornos\u0165!","breadcrumb":{"@id":"https:\/\/www.ikuchyne.sk\/eshop\/ktory-styl-spalne-je-pre-vas-ten-idealny\/#breadcrumb"},"inLanguage":"sk-SK","potentialAction":[{"@type":"ReadAction","target":["https:\/\/www.ikuchyne.sk\/eshop\/ktory-styl-spalne-je-pre-vas-ten-idealny\/"]}]},{"@type":"BreadcrumbList","@id":"https:\/\/www.ikuchyne.sk\/eshop\/ktory-styl-spalne-je-pre-vas-ten-idealny\/#breadcrumb","itemListElement":[{"@type":"ListItem","position":1,"name":"Home","item":"https:\/\/www.ikuchyne.sk\/eshop\/"},{"@type":"ListItem","position":2,"name":"Ktor\u00fd \u0161t\u00fdl sp\u00e1lne je pre v\u00e1s ten ide\u00e1lny?"}]},{"@type":"WebSite","@id":"https:\/\/www.ikuchyne.sk\/eshop\/#website","url":"https:\/\/www.ikuchyne.sk\/eshop\/","name":"iKuchyne iSHOP s n\u00e1bytkom","description":"Jed\u00e1lensk\u00e9 stoly, stoli\u010dky, n\u00e1bytok, svietidl\u00e1...","publisher":{"@id":"https:\/\/www.ikuchyne.sk\/eshop\/#organization"},"potentialAction":[{"@type":"SearchAction","target":{"@type":"EntryPoint","urlTemplate":"https:\/\/www.ikuchyne.sk\/eshop\/?s={search_term_string}"},"query-input":"required name=search_term_string"}],"inLanguage":"sk-SK"},{"@type":"Organization","@id":"https:\/\/www.ikuchyne.sk\/eshop\/#organization","name":"ikuchyne!","url":"https:\/\/www.ikuchyne.sk\/eshop\/","logo":{"@type":"ImageObject","inLanguage":"sk-SK","@id":"https:\/\/www.ikuchyne.sk\/eshop\/#\/schema\/logo\/image\/","url":"https:\/\/www.ikuchyne.sk\/eshop\/wp-content\/uploads\/2017\/04\/ikuchyne-logo.jpg","contentUrl":"https:\/\/www.ikuchyne.sk\/eshop\/wp-content\/uploads\/2017\/04\/ikuchyne-logo.jpg","width":200,"height":48,"caption":"ikuchyne!"},"image":{"@id":"https:\/\/www.ikuchyne.sk\/eshop\/#\/schema\/logo\/image\/"},"sameAs":["https:\/\/www.facebook.com\/ikuchyne\/","https:\/\/www.instagram.com\/ikuchyne.sk\/","https:\/\/sk.pinterest.com\/ikuchynesk\/"]},{"@type":"Person","@id":"https:\/\/www.ikuchyne.sk\/eshop\/#\/schema\/person\/faf508efa685ef3a6de82e8f89187f07","name":"Radoslav Hoppej","image":{"@type":"ImageObject","inLanguage":"sk-SK","@id":"https:\/\/www.ikuchyne.sk\/eshop\/#\/schema\/person\/image\/","url":"https:\/\/secure.gravatar.com\/avatar\/4c9ab993193882c5d96a1b7b8857464b?s=96&d=wp_user_avatar&r=g","contentUrl":"https:\/\/secure.gravatar.com\/avatar\/4c9ab993193882c5d96a1b7b8857464b?s=96&d=wp_user_avatar&r=g","caption":"Radoslav Hoppej"},"description":"Rado sa u\u017e nieko\u013eko rokov venuje p\u00edsaniu a copywritingu na rozli\u010dn\u00e9 t\u00e9my ako je interi\u00e9rov\u00fd dizajn, cestovanie \u010di marketing. Okrem p\u00edsania sa zauj\u00edma aj o spravovanie soci\u00e1lnych siet\u00ed. Spom\u00ednan\u00e9 pracovn\u00e9 aktivity s\u00fa jeho v\u00e1\u0161\u0148ou a splnen\u00fdm snom, a preto ver\u00ed, \u017ee je to vidie\u0165 aj na samotn\u00fdch v\u00fdsledkoch jeho pr\u00e1ce. Ak pr\u00e1ve nepracuje, tak si r\u00e1d za\u0161portuje \u010di pre\u010d\u00edta dobr\u00fa knihu.","url":"https:\/\/www.ikuchyne.sk\/eshop\/author\/radoslav-hoppej\/"}]}},"_links":{"self":[{"href":"https:\/\/www.ikuchyne.sk\/eshop\/wp-json\/wp\/v2\/posts\/126682"}],"collection":[{"href":"https:\/\/www.ikuchyne.sk\/eshop\/wp-json\/wp\/v2\/posts"}],"about":[{"href":"https:\/\/www.ikuchyne.sk\/eshop\/wp-json\/wp\/v2\/types\/post"}],"author":[{"embeddable":true,"href":"https:\/\/www.ikuchyne.sk\/eshop\/wp-json\/wp\/v2\/users\/562"}],"replies":[{"embeddable":true,"href":"https:\/\/www.ikuchyne.sk\/eshop\/wp-json\/wp\/v2\/comments?post=126682"}],"version-history":[{"count":5,"href":"https:\/\/www.ikuchyne.sk\/eshop\/wp-json\/wp\/v2\/posts\/126682\/revisions"}],"predecessor-version":[{"id":147431,"href":"https:\/\/www.ikuchyne.sk\/eshop\/wp-json\/wp\/v2\/posts\/126682\/revisions\/147431"}],"wp:featuredmedia":[{"embeddable":true,"href":"https:\/\/www.ikuchyne.sk\/eshop\/wp-json\/wp\/v2\/media\/126700"}],"wp:attachment":[{"href":"https:\/\/www.ikuchyne.sk\/eshop\/wp-json\/wp\/v2\/media?parent=126682"}],"wp:term":[{"taxonomy":"category","embeddable":true,"href":"https:\/\/www.ikuchyne.sk\/eshop\/wp-json\/wp\/v2\/categories?post=126682"},{"taxonomy":"post_tag","embeddable":true,"href":"https:\/\/www.ikuchyne.sk\/eshop\/wp-json\/wp\/v2\/tags?post=126682"}],"curies":[{"name":"wp","href":"https:\/\/api.w.org\/{rel}","templated":true}]}}