{"id":127870,"date":"2020-05-08T17:45:25","date_gmt":"2020-05-08T15:45:25","guid":{"rendered":"https:\/\/www.ikuchyne.sk\/eshop\/?p=127870"},"modified":"2020-10-21T14:20:02","modified_gmt":"2020-10-21T12:20:02","slug":"dekoracie-bez-namahy-vieme-ako-na-to","status":"publish","type":"post","link":"https:\/\/www.ikuchyne.sk\/eshop\/dekoracie-bez-namahy-vieme-ako-na-to\/","title":{"rendered":"Dekor\u00e1cie bez n\u00e1mahy &#8211; Vieme ako na to"},"content":{"rendered":"<p>[vc_row][vc_column][vc_column_text]<b><span style=\"color: #000000;\">Patr\u00edte aj vy medzi \u013eud\u00ed, ktor\u00ed s\u00fa radi origin\u00e1lni a d\u00e1vaj\u00fa to zna\u010dne vidie\u0165 aj na dekor\u00e1ci\u00e1ch v ich dom\u00e1com prostred\u00ed? M\u00e1me pre v\u00e1s nieko\u013eko jedine\u010dn\u00fdch tipov, ako vyu\u017ei\u0165 aj be\u017en\u00e9 veci tak, aby p\u00f4sobili jedine\u010dne a unik\u00e1tne. Dekorova\u0165 v\u00e1\u0161 domov m\u00f4\u017eete pomocou r\u00f4znych druhov vec\u00ed, \u010di u\u017e je to jednoduch\u00fd n\u00e1bytok, alebo dekor\u00e1cie, ktor\u00e9 v\u00e1\u0161mu domovu dodaj\u00fa \u00faplne in\u00fd n\u00e1dych.<\/span> <\/b>[\/vc_column_text][vc_single_image image=&#8221;127943&#8243; img_size=&#8221;large&#8221; add_caption=&#8221;yes&#8221; alignment=&#8221;center&#8221; style=&#8221;vc_box_rounded&#8221;][\/vc_column][\/vc_row][vc_row][vc_column][vc_column_text]<\/p>\n<h2><span style=\"color: #e3245e;\"><b>Jednoduch\u00e9 tapety dok\u00e1\u017eu z\u00e1zraky<\/b><\/span><\/h2>\n<p><span style=\"font-weight: 400; color: #000000;\">Najjednoduch\u0161\u00edm sp\u00f4sobom ako dekorova\u0165 interi\u00e9r, je vyu\u017eitie tapiet na stenu s\u00a0r\u00f4znymi mot\u00edvmi. <strong>Tapety dok\u00e1\u017eete zmeni\u0165 aj pokia\u013e u\u017e m\u00e1te byt zariaden\u00fd, v\u017edy sa n\u00e1jde nejak\u00e1, ktor\u00e1 v\u00e1\u0161 interi\u00e9r posunie na vy\u0161\u0161iu \u00farove\u0148.<\/strong> Treba si v\u0161ak vopred stanovi\u0165 ak\u00fd \u0161t\u00fdl, mot\u00edv, alebo farbu h\u013ead\u00e1te.<\/span>[\/vc_column_text][vc_single_image image=&#8221;127944&#8243; img_size=&#8221;large&#8221; add_caption=&#8221;yes&#8221; alignment=&#8221;center&#8221; style=&#8221;vc_box_rounded&#8221;][\/vc_column][\/vc_row][vc_row][vc_column][vc_column_text]<\/p>\n<h2><span style=\"color: #e3245e;\"><b>\u00dalo\u017en\u00fd priestor na dobr\u00e9 v\u00edno<\/b><\/span><\/h2>\n<p><span style=\"font-weight: 400; color: #000000;\">Na uskladnenie va\u0161ich ob\u013e\u00faben\u00fdch n\u00e1pojov ako je v\u00edno nemus\u00edte vyu\u017e\u00edva\u0165 len priestor vo va\u0161ej kuchynskej linke \u010di \u0161pajzi. <strong>Dokonale sa hod\u00ed napr\u00edklad do jednoducho zariadenej ob\u00fdva\u010dky.<\/strong>\u00a0 Vyu\u017eite napr\u00edklad jedine\u010dn\u00e9 poli\u010dky, ktor\u00e9 dodaj\u00fa v\u00e1\u0161mu domovu \u0161mrnc.\u00a0<\/span>[\/vc_column_text][vc_message icon_fontawesome=&#8221;fa fa-lightbulb-o&#8221;]<strong><b>Rada odborn\u00edka<\/b><\/strong>: A<span style=\"font-weight: 400;\">k chcete doda\u0165 v\u00e1\u0161mu domovu nov\u00fd n\u00e1dych, siahnite po materi\u00e1loch ako je napr\u00edklad drevo. Dreven\u00e9 dekor\u00e1cie dok\u00e1\u017eu s\u00a0priestorom spravi\u0165 divy a\u00a0dodaj\u00fa mu \u00faplne in\u00fd n\u00e1dych. <\/span>[\/vc_message][vc_single_image image=&#8221;127945&#8243; img_size=&#8221;large&#8221; add_caption=&#8221;yes&#8221; alignment=&#8221;center&#8221; style=&#8221;vc_box_rounded&#8221;][vc_column_text]<\/p>\n<h2><span style=\"color: #e3245e;\"><b>Unik\u00e1tne n\u00e1stenn\u00e9 hodiny<\/b><\/span><\/h2>\n<p><span style=\"font-weight: 400; color: #000000;\">Hodiny, be\u017en\u00e1 vec v\u00a0ka\u017edej dom\u00e1cnosti. No nie v\u00a0ka\u017edej dom\u00e1cnosti maj\u00fa \u013eudia zmysel pre detail. <strong>Ak h\u013ead\u00e1te nie\u010do origin\u00e1lne do va\u0161ej <span style=\"color: #e3245e;\"><a style=\"color: #e3245e;\" href=\"https:\/\/www.ikuchyne.sk\/kuchynske-linky\">kuchyne<\/a><\/span>, stavte na hodiny s\u00a0netradi\u010dn\u00fdm rozmerom a\u00a0v\u00fdzorom.<\/strong> Pr\u00e1ve tak\u00e1to dekor\u00e1cia m\u00f4\u017ee by\u0165 pre v\u00e1s skvelou vo\u013ebou.\u00a0<\/span><\/p>\n<p><span style=\"font-weight: 400; color: #000000;\">Na to, aby ste zistili ko\u013eko je hod\u00edn nepotrebujete ma\u0165 na stene konkr\u00e9tne \u010d\u00edsla. Zvo\u013ete variantu s\u00a0origin\u00e1lnymi mot\u00edvmi namiesto \u010d\u00edsel, alebo ich \u00faplne vynechajte. Dod\u00e1te tak v\u00e1\u0161mu priestoru netradi\u010dn\u00fd n\u00e1dych formou takejto nen\u00e1padnej dekor\u00e1cie.\u00a0<\/span>[\/vc_column_text][\/vc_column][\/vc_row][vc_row][vc_column][vc_single_image image=&#8221;127946&#8243; img_size=&#8221;large&#8221; add_caption=&#8221;yes&#8221; alignment=&#8221;center&#8221; style=&#8221;vc_box_rounded&#8221;][\/vc_column][\/vc_row][vc_row][vc_column][vc_column_text]<\/p>\n<h2><span style=\"color: #e3245e;\"><b>Koberce s\u00a0unik\u00e1tnym vzorom<\/b><\/span><\/h2>\n<p><span style=\"font-weight: 400; color: #000000;\">Aj vy m\u00e1te radi ten pocit, ke\u010f prejdete po jemnom, teplom koberci?<strong> Zauj\u00edmavou dekor\u00e1ciou u\u00a0v\u00e1s doma m\u00f4\u017ee by\u0165 aj netradi\u010dn\u00fd koberec, \u010di u\u017e so zauj\u00edmav\u00fdm mot\u00edvom, netradi\u010dn\u00fdm tvarom \u010di rozmerom.<\/strong> Okrem toho, \u017ee v\u00e1\u0161 priestor sprav\u00ed o\u010daruj\u00facim, v\u00e1m zabezpe\u010d\u00ed aj to, \u017ee va\u0161im noh\u00e1m nebude zima. <\/span>[\/vc_column_text][vc_single_image image=&#8221;127947&#8243; img_size=&#8221;large&#8221; add_caption=&#8221;yes&#8221; alignment=&#8221;center&#8221; style=&#8221;vc_box_rounded&#8221;][vc_column_text]<\/p>\n<h2><span style=\"color: #e3245e;\"><b>Pohodlnos\u0165 zaru\u010dia deky a\u00a0vank\u00fa\u0161e\u00a0<\/b><\/span><\/h2>\n<p><span style=\"font-weight: 400; color: #000000;\">Neexistuje ni\u010d, \u010do vyvol\u00e1 v\u00e4\u010d\u0161\u00ed pocit domova ako tepl\u00e1 deka, m\u00e4kk\u00fd vank\u00fa\u0161 a\u00a0dobr\u00e1 \u0161\u00e1lka k\u00e1vy. Siahnite po predmetoch, ktor\u00e9 s\u00fa nie s\u00fa tradi\u010dn\u00e9. <strong>Hrajte sa so sp\u00f4sobom \u0161itia, vzormi \u010di s r\u00f4znymi druhmi povrchov.<\/strong><\/span>[\/vc_column_text][\/vc_column][\/vc_row][vc_row][vc_column][vc_single_image image=&#8221;127948&#8243; img_size=&#8221;full&#8221; add_caption=&#8221;yes&#8221; alignment=&#8221;center&#8221; style=&#8221;vc_box_rounded&#8221;][vc_column_text]<\/p>\n<h2><span style=\"color: #e3245e;\"><b>V\u00f4\u0148a, perfektn\u00fd benefit svie\u010dok<\/b><\/span><\/h2>\n<p><span style=\"font-weight: 400; color: #000000;\">Svie\u010dky dok\u00e1\u017eu v\u00e1\u0161 priestor zmeni\u0165 na poznanie. <strong>S\u00fa niektor\u00e9 dni, kedy si priam u\u017e\u00edvame denn\u00e9 svetlo a\u00a0naopak s\u00fa tu dni, kedy nie je ni\u010d kraj\u0161ie ako zap\u00e1li\u0165 si okolo seba nieko\u013eko svie\u010dok a\u00a0vychutna\u0165 si f\u013ea\u0161ku dobr\u00e9ho v\u00edna.<\/strong> Ak radi rozvoniavate v\u00e1\u0161 interi\u00e9r v\u00f4\u0148ami, ur\u010dite u\u00a0ich u\u00a0v\u00e1s doma n\u00e1jdete nieko\u013eko. Sta\u010d\u00ed u\u017e len n\u00e1js\u0165 zauj\u00edmav\u00fd svietnik a\u00a0dekor\u00e1cia ako vy\u0161it\u00e1.\u00a0<\/span>[\/vc_column_text][\/vc_column][\/vc_row][vc_row][vc_column][vc_single_image image=&#8221;127949&#8243; img_size=&#8221;full&#8221; add_caption=&#8221;yes&#8221; alignment=&#8221;center&#8221; style=&#8221;vc_box_rounded&#8221;][vc_column_text]<\/p>\n<h2><span style=\"color: #e3245e;\"><b>Netradi\u010dn\u00e9 n\u00e1doby na potraviny<\/b><\/span><\/h2>\n<p><span style=\"font-weight: 400;\"><strong>Aj nen\u00e1padn\u00fd predmet ak\u00fdm m\u00f4\u017ee by\u0165 aj n\u00e1doba na ovocie, \u010di pe\u010divo, dok\u00e1\u017ee by\u0165 nen\u00e1padnou, jednoduchou dekor\u00e1ciou u v\u00e1s doma.<\/strong> Sta\u010d\u00ed n\u00e1js\u0165 tak\u00fa, ktor\u00e1 v\u00e1s u\u017e na prv\u00fd poh\u013ead oh\u00fari a bude zapada\u0165 do \u0161t\u00fdlu, v ktorom ste si zariadili v\u00e1\u0161 domov.\u00a0<\/span><\/p>\n<p><span style=\"font-weight: 400;\"><strong>Dreven\u00e9 n\u00e1doby dodaj\u00fa v\u00e1\u0161mu interi\u00e9ru nov\u00fd zmysel.\u00a0<\/strong> Drevo toti\u017eto sam\u00e9 o sebe nav\u00e1dza pocit domova a t\u00fdm aj ist\u00fa formu pokoja a relaxu. <\/span>[\/vc_column_text][vc_single_image image=&#8221;127950&#8243; img_size=&#8221;full&#8221; add_caption=&#8221;yes&#8221; alignment=&#8221;center&#8221; style=&#8221;vc_box_rounded&#8221;][vc_column_text]<\/p>\n<h2><span style=\"color: #e3245e;\"><b>Netradi\u010dn\u00e9 zrkadl\u00e1<\/b><\/span><\/h2>\n<p><span style=\"color: #000000;\"><span style=\"font-weight: 400;\">Okrem toho, \u017ee v\u00e1m zrkadl\u00e1 pom\u00f4\u017eu roz\u0161irova\u0165 svetlo, \u010di u\u017e prirodzen\u00e9 alebo umel\u00e9, vedia opticky zv\u00e4\u010d\u0161ova\u0165 priestor a m\u00f4\u017eu by\u0165 aj jednoduchou a\u00a0 nen\u00e1padnou dekor\u00e1ciou u v\u00e1s doma. <strong>Sta\u010d\u00ed vymeni\u0165 klasick\u00e9 <span style=\"color: #e3245e;\"><a style=\"color: #e3245e;\" href=\"https:\/\/www.ikuchyne.sk\/eshop\/zrkadla\/\">zrkadlo<\/a>,<\/span> za tak\u00e9, ktor\u00e9 bude zauj\u00edmav\u00e9 svojim\u00a0 dizajnom \u010di tvarom.\u00a0\u00a0<\/strong><\/span><\/span><\/p>\n<p><span style=\"font-weight: 400; color: #000000;\">Vysk\u00fa\u0161ajte <\/span><span style=\"font-weight: 400; color: #000000;\">netradi\u010dn\u00fd tvar, alebo rozmer zrkadla a\u00a0umiestnite ho oproti oknu. <strong>V\u00e1\u0161 domov bude p\u00f4sobi\u0165 ove\u013ea priestrannej\u0161ie, ale aj \u010distej\u0161ie v\u010faka svetlu, ktor\u00e9 bude odr\u00e1\u017ea\u0165 z\u00a0vonkaj\u0161ieho priestoru.\u00a0<\/strong><\/span>[\/vc_column_text][\/vc_column][\/vc_row][vc_row][vc_column][vc_single_image image=&#8221;127951&#8243; img_size=&#8221;full&#8221; add_caption=&#8221;yes&#8221; alignment=&#8221;center&#8221; style=&#8221;vc_box_rounded&#8221;][vc_column_text]<\/p>\n<h2><span style=\"color: #e3245e;\"><b>V\u00e1zy u\u017e nie s\u00fa len pre milovn\u00edkov kvet\u00edn<\/b><\/span><\/h2>\n<p><span style=\"font-weight: 400; color: #000000;\">Tento predmet patr\u00ed medzi najob\u013e\u00fabenej\u0161ie formy dekor\u00e1ci\u00ed v\u00a0\u013eudsk\u00fdch obydliach. <strong>Klasick\u00e1, dizajnov\u00e1, \u010di luxusn\u00e1, ve\u013emi pekne sa hodia ako dekor\u00e1cia jed\u00e1lensk\u00fdch stolov, \u010di len tak na poli\u010dku.<\/strong><\/span>[\/vc_column_text][vc_single_image image=&#8221;127952&#8243; img_size=&#8221;full&#8221; add_caption=&#8221;yes&#8221; alignment=&#8221;center&#8221; style=&#8221;vc_box_rounded&#8221;][vc_column_text]<\/p>\n<h2><span style=\"color: #e3245e;\"><b>Mimoriadne formy umenia<\/b><\/span><\/h2>\n<p><span style=\"font-weight: 400; color: #000000;\">Ak chcete jedine\u010dn\u00fa dekor\u00e1ciu, ktor\u00e1 \u013eud\u00ed zaujme u\u017e na prv\u00fd poh\u013ead a\u00a0vyvol\u00e1 v\u00a0nich nieko\u013eko nov\u00fdch my\u0161lienok, \u010di em\u00f3ci\u00ed, siahnite po unik\u00e1tnom obraze, alebo po zauj\u00edmav\u00fdch interi\u00e9rov\u00fdch in\u0161tal\u00e1ci\u00e1ch. <strong>Tak\u00e1to dekor\u00e1cie sa hodia do v\u00e4\u010d\u0161\u00edch priestorov, ale pri spr\u00e1vnom uv\u00e1\u017een\u00ed, n\u00e1jdete aj zauj\u00edmav\u00e9 k\u00fasky, ktor\u00e9 v\u00e1\u0161 priestor pr\u00edli\u0161 nezaplnia.<\/strong> Sta\u010d\u00ed si vybra\u0165 pod\u013ea vlastn\u00e9ho kusu.\u00a0<\/span>[\/vc_column_text][vc_single_image image=&#8221;127953&#8243; img_size=&#8221;full&#8221; add_caption=&#8221;yes&#8221; alignment=&#8221;center&#8221; style=&#8221;vc_box_rounded&#8221;][vc_column_text]<span style=\"color: #000000;\"><span style=\"font-weight: 400;\">R\u00f4zne dekor\u00e1cie ku v\u00e1m domov si dok\u00e1\u017eete vyrobi\u0165 aj ru\u010dne, ale pokia\u013e nie ste pr\u00e1ve talent na tak\u00fato formu ,,umenia\u201c odpor\u00fa\u010dame v\u00e1m rad\u0161ej stavi\u0165 na kvalitu. Ak v\u00e1s oslovil niektor\u00fd druh dekor\u00e1ci\u00ed, nev\u00e1hajte a prezrite si na\u0161u ponuku <span style=\"color: #e3245e;\"><a style=\"color: #e3245e;\" href=\"http:\/\/www.ikuchyne.sk\/eshop\/kategoria\/bytove-doplnky\/\">bytov\u00fdch doplnkov<\/a><\/span>!<\/span><\/span>[\/vc_column_text][\/vc_column][\/vc_row]<\/p>\n","protected":false},"excerpt":{"rendered":"<p>[vc_row][vc_column][vc_column_text]Patr\u00edte aj vy medzi \u013eud\u00ed, ktor\u00ed s\u00fa radi origin\u00e1lni a d\u00e1vaj\u00fa to zna\u010dne vidie\u0165 aj na dekor\u00e1ci\u00e1ch v ich dom\u00e1com prostred\u00ed? M\u00e1me pre v\u00e1s nieko\u013eko jedine\u010dn\u00fdch tipov, ako vyu\u017ei\u0165 aj<\/p>\n","protected":false},"author":558,"featured_media":127943,"comment_status":"closed","ping_status":"open","sticky":false,"template":"","format":"standard","meta":{"footnotes":""},"categories":[1012],"tags":[],"yoast_head":"<!-- This site is optimized with the Yoast SEO plugin v22.1 - https:\/\/yoast.com\/wordpress\/plugins\/seo\/ -->\n<title>Dekor\u00e1cie bez n\u00e1mahy - Vieme ako na to &#187; iKuchyne iSHOP s n\u00e1bytkom<\/title>\n<meta name=\"description\" content=\"Dekor\u00e1cie robia z domova to, \u010do naz\u00fdvame domovom. \u00datuln\u00fd priestor, kam sa v\u017edy radi vraciame. Ako na dekor\u00e1cie bez n\u00e1mahy?\" \/>\n<meta name=\"robots\" content=\"index, follow, max-snippet:-1, max-image-preview:large, max-video-preview:-1\" \/>\n<link rel=\"canonical\" href=\"https:\/\/www.ikuchyne.sk\/eshop\/dekoracie-bez-namahy-vieme-ako-na-to\/\" \/>\n<meta property=\"og:locale\" content=\"sk_SK\" \/>\n<meta property=\"og:type\" content=\"article\" \/>\n<meta property=\"og:title\" content=\"Dekor\u00e1cie bez n\u00e1mahy - Vieme ako na to &#187; iKuchyne iSHOP s n\u00e1bytkom\" \/>\n<meta property=\"og:description\" content=\"Dekor\u00e1cie robia z domova to, \u010do naz\u00fdvame domovom. \u00datuln\u00fd priestor, kam sa v\u017edy radi vraciame. Ako na dekor\u00e1cie bez n\u00e1mahy?\" \/>\n<meta property=\"og:url\" content=\"https:\/\/www.ikuchyne.sk\/eshop\/dekoracie-bez-namahy-vieme-ako-na-to\/\" \/>\n<meta property=\"og:site_name\" content=\"iKuchyne iSHOP s n\u00e1bytkom\" \/>\n<meta property=\"article:publisher\" content=\"https:\/\/www.facebook.com\/ikuchyne\/\" \/>\n<meta property=\"article:published_time\" content=\"2020-05-08T15:45:25+00:00\" \/>\n<meta property=\"article:modified_time\" content=\"2020-10-21T12:20:02+00:00\" \/>\n<meta property=\"og:image\" content=\"https:\/\/www.ikuchyne.sk\/eshop\/wp-content\/uploads\/2020\/05\/1.-r\u00fa\u017eov\u00e1-ob\u00fdva\u010dka.jpg\" \/>\n\t<meta property=\"og:image:width\" content=\"564\" \/>\n\t<meta property=\"og:image:height\" content=\"671\" \/>\n\t<meta property=\"og:image:type\" content=\"image\/jpeg\" \/>\n<meta name=\"author\" content=\"Petra Poorov\u00e1\" \/>\n<meta name=\"twitter:card\" content=\"summary_large_image\" \/>\n<meta name=\"twitter:label1\" content=\"Autor\" \/>\n\t<meta name=\"twitter:data1\" content=\"Petra Poorov\u00e1\" \/>\n\t<meta name=\"twitter:label2\" content=\"Predpokladan\u00fd \u010das \u010d\u00edtania\" \/>\n\t<meta name=\"twitter:data2\" content=\"6 min\u00fat\" \/>\n<script type=\"application\/ld+json\" class=\"yoast-schema-graph\">{\"@context\":\"https:\/\/schema.org\",\"@graph\":[{\"@type\":\"Article\",\"@id\":\"https:\/\/www.ikuchyne.sk\/eshop\/dekoracie-bez-namahy-vieme-ako-na-to\/#article\",\"isPartOf\":{\"@id\":\"https:\/\/www.ikuchyne.sk\/eshop\/dekoracie-bez-namahy-vieme-ako-na-to\/\"},\"author\":{\"name\":\"Petra Poorov\u00e1\",\"@id\":\"https:\/\/www.ikuchyne.sk\/eshop\/#\/schema\/person\/3349e410d26202204042fdac386431d3\"},\"headline\":\"Dekor\u00e1cie bez n\u00e1mahy &#8211; Vieme ako na to\",\"datePublished\":\"2020-05-08T15:45:25+00:00\",\"dateModified\":\"2020-10-21T12:20:02+00:00\",\"mainEntityOfPage\":{\"@id\":\"https:\/\/www.ikuchyne.sk\/eshop\/dekoracie-bez-namahy-vieme-ako-na-to\/\"},\"wordCount\":1259,\"publisher\":{\"@id\":\"https:\/\/www.ikuchyne.sk\/eshop\/#organization\"},\"articleSection\":[\"Ob\u00fdva\u010dky\"],\"inLanguage\":\"sk-SK\"},{\"@type\":\"WebPage\",\"@id\":\"https:\/\/www.ikuchyne.sk\/eshop\/dekoracie-bez-namahy-vieme-ako-na-to\/\",\"url\":\"https:\/\/www.ikuchyne.sk\/eshop\/dekoracie-bez-namahy-vieme-ako-na-to\/\",\"name\":\"Dekor\u00e1cie bez n\u00e1mahy - Vieme ako na to &#187; iKuchyne iSHOP s n\u00e1bytkom\",\"isPartOf\":{\"@id\":\"https:\/\/www.ikuchyne.sk\/eshop\/#website\"},\"datePublished\":\"2020-05-08T15:45:25+00:00\",\"dateModified\":\"2020-10-21T12:20:02+00:00\",\"description\":\"Dekor\u00e1cie robia z domova to, \u010do naz\u00fdvame domovom. \u00datuln\u00fd priestor, kam sa v\u017edy radi vraciame. Ako na dekor\u00e1cie bez n\u00e1mahy?\",\"breadcrumb\":{\"@id\":\"https:\/\/www.ikuchyne.sk\/eshop\/dekoracie-bez-namahy-vieme-ako-na-to\/#breadcrumb\"},\"inLanguage\":\"sk-SK\",\"potentialAction\":[{\"@type\":\"ReadAction\",\"target\":[\"https:\/\/www.ikuchyne.sk\/eshop\/dekoracie-bez-namahy-vieme-ako-na-to\/\"]}]},{\"@type\":\"BreadcrumbList\",\"@id\":\"https:\/\/www.ikuchyne.sk\/eshop\/dekoracie-bez-namahy-vieme-ako-na-to\/#breadcrumb\",\"itemListElement\":[{\"@type\":\"ListItem\",\"position\":1,\"name\":\"Home\",\"item\":\"https:\/\/www.ikuchyne.sk\/eshop\/\"},{\"@type\":\"ListItem\",\"position\":2,\"name\":\"Dekor\u00e1cie bez n\u00e1mahy &#8211; Vieme ako na to\"}]},{\"@type\":\"WebSite\",\"@id\":\"https:\/\/www.ikuchyne.sk\/eshop\/#website\",\"url\":\"https:\/\/www.ikuchyne.sk\/eshop\/\",\"name\":\"iKuchyne iSHOP s n\u00e1bytkom\",\"description\":\"Jed\u00e1lensk\u00e9 stoly, stoli\u010dky, n\u00e1bytok, svietidl\u00e1...\",\"publisher\":{\"@id\":\"https:\/\/www.ikuchyne.sk\/eshop\/#organization\"},\"potentialAction\":[{\"@type\":\"SearchAction\",\"target\":{\"@type\":\"EntryPoint\",\"urlTemplate\":\"https:\/\/www.ikuchyne.sk\/eshop\/?s={search_term_string}\"},\"query-input\":\"required name=search_term_string\"}],\"inLanguage\":\"sk-SK\"},{\"@type\":\"Organization\",\"@id\":\"https:\/\/www.ikuchyne.sk\/eshop\/#organization\",\"name\":\"ikuchyne!\",\"url\":\"https:\/\/www.ikuchyne.sk\/eshop\/\",\"logo\":{\"@type\":\"ImageObject\",\"inLanguage\":\"sk-SK\",\"@id\":\"https:\/\/www.ikuchyne.sk\/eshop\/#\/schema\/logo\/image\/\",\"url\":\"https:\/\/www.ikuchyne.sk\/eshop\/wp-content\/uploads\/2017\/04\/ikuchyne-logo.jpg\",\"contentUrl\":\"https:\/\/www.ikuchyne.sk\/eshop\/wp-content\/uploads\/2017\/04\/ikuchyne-logo.jpg\",\"width\":200,\"height\":48,\"caption\":\"ikuchyne!\"},\"image\":{\"@id\":\"https:\/\/www.ikuchyne.sk\/eshop\/#\/schema\/logo\/image\/\"},\"sameAs\":[\"https:\/\/www.facebook.com\/ikuchyne\/\",\"https:\/\/www.instagram.com\/ikuchyne.sk\/\",\"https:\/\/sk.pinterest.com\/ikuchynesk\/\"]},{\"@type\":\"Person\",\"@id\":\"https:\/\/www.ikuchyne.sk\/eshop\/#\/schema\/person\/3349e410d26202204042fdac386431d3\",\"name\":\"Petra Poorov\u00e1\",\"image\":{\"@type\":\"ImageObject\",\"inLanguage\":\"sk-SK\",\"@id\":\"https:\/\/www.ikuchyne.sk\/eshop\/#\/schema\/person\/image\/\",\"url\":\"https:\/\/www.ikuchyne.sk\/eshop\/wp-content\/plugins\/wp-user-avatar\/deprecated\/wp-user-avatar\/images\/wpua-96x96.png\",\"contentUrl\":\"https:\/\/www.ikuchyne.sk\/eshop\/wp-content\/plugins\/wp-user-avatar\/deprecated\/wp-user-avatar\/images\/wpua-96x96.png\",\"caption\":\"Petra Poorov\u00e1\"},\"description\":\"Petra pracuje v\u00a0lok\u00e1lnej\u00a0pra\u017eiarni k\u00e1vy, kde sa okrem in\u00e9ho venuje aj marketingu. Moment\u00e1lne \u0161tuduje vysok\u00fa \u0161kolu. Popritom st\u00edha budova\u0165 povedomie o\u00a0lok\u00e1lnych zna\u010dk\u00e1ch, spravova\u0165 soci\u00e1lne siete klientov, a\u00a0ke\u010f m\u00e1 chv\u00ed\u013eku vo\u013en\u00e9ho \u010dasu, rada p\u00ed\u0161e o\u00a0interi\u00e9rovom dizajne. Miluje prech\u00e1dzky s\u00a0jej huskym, \u00fatun\u00e9 kaviarne a\u00a0crossfit.\\\"\",\"url\":\"https:\/\/www.ikuchyne.sk\/eshop\/author\/petra-poorova\/\"}]}<\/script>\n<!-- \/ Yoast SEO plugin. -->","yoast_head_json":{"title":"Dekor\u00e1cie bez n\u00e1mahy - Vieme ako na to &#187; iKuchyne iSHOP s n\u00e1bytkom","description":"Dekor\u00e1cie robia z domova to, \u010do naz\u00fdvame domovom. \u00datuln\u00fd priestor, kam sa v\u017edy radi vraciame. Ako na dekor\u00e1cie bez n\u00e1mahy?","robots":{"index":"index","follow":"follow","max-snippet":"max-snippet:-1","max-image-preview":"max-image-preview:large","max-video-preview":"max-video-preview:-1"},"canonical":"https:\/\/www.ikuchyne.sk\/eshop\/dekoracie-bez-namahy-vieme-ako-na-to\/","og_locale":"sk_SK","og_type":"article","og_title":"Dekor\u00e1cie bez n\u00e1mahy - Vieme ako na to &#187; iKuchyne iSHOP s n\u00e1bytkom","og_description":"Dekor\u00e1cie robia z domova to, \u010do naz\u00fdvame domovom. \u00datuln\u00fd priestor, kam sa v\u017edy radi vraciame. Ako na dekor\u00e1cie bez n\u00e1mahy?","og_url":"https:\/\/www.ikuchyne.sk\/eshop\/dekoracie-bez-namahy-vieme-ako-na-to\/","og_site_name":"iKuchyne iSHOP s n\u00e1bytkom","article_publisher":"https:\/\/www.facebook.com\/ikuchyne\/","article_published_time":"2020-05-08T15:45:25+00:00","article_modified_time":"2020-10-21T12:20:02+00:00","og_image":[{"width":564,"height":671,"url":"https:\/\/www.ikuchyne.sk\/eshop\/wp-content\/uploads\/2020\/05\/1.-r\u00fa\u017eov\u00e1-ob\u00fdva\u010dka.jpg","type":"image\/jpeg"}],"author":"Petra Poorov\u00e1","twitter_card":"summary_large_image","twitter_misc":{"Autor":"Petra Poorov\u00e1","Predpokladan\u00fd \u010das \u010d\u00edtania":"6 min\u00fat"},"schema":{"@context":"https:\/\/schema.org","@graph":[{"@type":"Article","@id":"https:\/\/www.ikuchyne.sk\/eshop\/dekoracie-bez-namahy-vieme-ako-na-to\/#article","isPartOf":{"@id":"https:\/\/www.ikuchyne.sk\/eshop\/dekoracie-bez-namahy-vieme-ako-na-to\/"},"author":{"name":"Petra Poorov\u00e1","@id":"https:\/\/www.ikuchyne.sk\/eshop\/#\/schema\/person\/3349e410d26202204042fdac386431d3"},"headline":"Dekor\u00e1cie bez n\u00e1mahy &#8211; Vieme ako na to","datePublished":"2020-05-08T15:45:25+00:00","dateModified":"2020-10-21T12:20:02+00:00","mainEntityOfPage":{"@id":"https:\/\/www.ikuchyne.sk\/eshop\/dekoracie-bez-namahy-vieme-ako-na-to\/"},"wordCount":1259,"publisher":{"@id":"https:\/\/www.ikuchyne.sk\/eshop\/#organization"},"articleSection":["Ob\u00fdva\u010dky"],"inLanguage":"sk-SK"},{"@type":"WebPage","@id":"https:\/\/www.ikuchyne.sk\/eshop\/dekoracie-bez-namahy-vieme-ako-na-to\/","url":"https:\/\/www.ikuchyne.sk\/eshop\/dekoracie-bez-namahy-vieme-ako-na-to\/","name":"Dekor\u00e1cie bez n\u00e1mahy - Vieme ako na to &#187; iKuchyne iSHOP s n\u00e1bytkom","isPartOf":{"@id":"https:\/\/www.ikuchyne.sk\/eshop\/#website"},"datePublished":"2020-05-08T15:45:25+00:00","dateModified":"2020-10-21T12:20:02+00:00","description":"Dekor\u00e1cie robia z domova to, \u010do naz\u00fdvame domovom. \u00datuln\u00fd priestor, kam sa v\u017edy radi vraciame. Ako na dekor\u00e1cie bez n\u00e1mahy?","breadcrumb":{"@id":"https:\/\/www.ikuchyne.sk\/eshop\/dekoracie-bez-namahy-vieme-ako-na-to\/#breadcrumb"},"inLanguage":"sk-SK","potentialAction":[{"@type":"ReadAction","target":["https:\/\/www.ikuchyne.sk\/eshop\/dekoracie-bez-namahy-vieme-ako-na-to\/"]}]},{"@type":"BreadcrumbList","@id":"https:\/\/www.ikuchyne.sk\/eshop\/dekoracie-bez-namahy-vieme-ako-na-to\/#breadcrumb","itemListElement":[{"@type":"ListItem","position":1,"name":"Home","item":"https:\/\/www.ikuchyne.sk\/eshop\/"},{"@type":"ListItem","position":2,"name":"Dekor\u00e1cie bez n\u00e1mahy &#8211; Vieme ako na to"}]},{"@type":"WebSite","@id":"https:\/\/www.ikuchyne.sk\/eshop\/#website","url":"https:\/\/www.ikuchyne.sk\/eshop\/","name":"iKuchyne iSHOP s n\u00e1bytkom","description":"Jed\u00e1lensk\u00e9 stoly, stoli\u010dky, n\u00e1bytok, svietidl\u00e1...","publisher":{"@id":"https:\/\/www.ikuchyne.sk\/eshop\/#organization"},"potentialAction":[{"@type":"SearchAction","target":{"@type":"EntryPoint","urlTemplate":"https:\/\/www.ikuchyne.sk\/eshop\/?s={search_term_string}"},"query-input":"required name=search_term_string"}],"inLanguage":"sk-SK"},{"@type":"Organization","@id":"https:\/\/www.ikuchyne.sk\/eshop\/#organization","name":"ikuchyne!","url":"https:\/\/www.ikuchyne.sk\/eshop\/","logo":{"@type":"ImageObject","inLanguage":"sk-SK","@id":"https:\/\/www.ikuchyne.sk\/eshop\/#\/schema\/logo\/image\/","url":"https:\/\/www.ikuchyne.sk\/eshop\/wp-content\/uploads\/2017\/04\/ikuchyne-logo.jpg","contentUrl":"https:\/\/www.ikuchyne.sk\/eshop\/wp-content\/uploads\/2017\/04\/ikuchyne-logo.jpg","width":200,"height":48,"caption":"ikuchyne!"},"image":{"@id":"https:\/\/www.ikuchyne.sk\/eshop\/#\/schema\/logo\/image\/"},"sameAs":["https:\/\/www.facebook.com\/ikuchyne\/","https:\/\/www.instagram.com\/ikuchyne.sk\/","https:\/\/sk.pinterest.com\/ikuchynesk\/"]},{"@type":"Person","@id":"https:\/\/www.ikuchyne.sk\/eshop\/#\/schema\/person\/3349e410d26202204042fdac386431d3","name":"Petra Poorov\u00e1","image":{"@type":"ImageObject","inLanguage":"sk-SK","@id":"https:\/\/www.ikuchyne.sk\/eshop\/#\/schema\/person\/image\/","url":"https:\/\/www.ikuchyne.sk\/eshop\/wp-content\/plugins\/wp-user-avatar\/deprecated\/wp-user-avatar\/images\/wpua-96x96.png","contentUrl":"https:\/\/www.ikuchyne.sk\/eshop\/wp-content\/plugins\/wp-user-avatar\/deprecated\/wp-user-avatar\/images\/wpua-96x96.png","caption":"Petra Poorov\u00e1"},"description":"Petra pracuje v\u00a0lok\u00e1lnej\u00a0pra\u017eiarni k\u00e1vy, kde sa okrem in\u00e9ho venuje aj marketingu. Moment\u00e1lne \u0161tuduje vysok\u00fa \u0161kolu. Popritom st\u00edha budova\u0165 povedomie o\u00a0lok\u00e1lnych zna\u010dk\u00e1ch, spravova\u0165 soci\u00e1lne siete klientov, a\u00a0ke\u010f m\u00e1 chv\u00ed\u013eku vo\u013en\u00e9ho \u010dasu, rada p\u00ed\u0161e o\u00a0interi\u00e9rovom dizajne. Miluje prech\u00e1dzky s\u00a0jej huskym, \u00fatun\u00e9 kaviarne a\u00a0crossfit.\"","url":"https:\/\/www.ikuchyne.sk\/eshop\/author\/petra-poorova\/"}]}},"_links":{"self":[{"href":"https:\/\/www.ikuchyne.sk\/eshop\/wp-json\/wp\/v2\/posts\/127870"}],"collection":[{"href":"https:\/\/www.ikuchyne.sk\/eshop\/wp-json\/wp\/v2\/posts"}],"about":[{"href":"https:\/\/www.ikuchyne.sk\/eshop\/wp-json\/wp\/v2\/types\/post"}],"author":[{"embeddable":true,"href":"https:\/\/www.ikuchyne.sk\/eshop\/wp-json\/wp\/v2\/users\/558"}],"replies":[{"embeddable":true,"href":"https:\/\/www.ikuchyne.sk\/eshop\/wp-json\/wp\/v2\/comments?post=127870"}],"version-history":[{"count":4,"href":"https:\/\/www.ikuchyne.sk\/eshop\/wp-json\/wp\/v2\/posts\/127870\/revisions"}],"predecessor-version":[{"id":147449,"href":"https:\/\/www.ikuchyne.sk\/eshop\/wp-json\/wp\/v2\/posts\/127870\/revisions\/147449"}],"wp:featuredmedia":[{"embeddable":true,"href":"https:\/\/www.ikuchyne.sk\/eshop\/wp-json\/wp\/v2\/media\/127943"}],"wp:attachment":[{"href":"https:\/\/www.ikuchyne.sk\/eshop\/wp-json\/wp\/v2\/media?parent=127870"}],"wp:term":[{"taxonomy":"category","embeddable":true,"href":"https:\/\/www.ikuchyne.sk\/eshop\/wp-json\/wp\/v2\/categories?post=127870"},{"taxonomy":"post_tag","embeddable":true,"href":"https:\/\/www.ikuchyne.sk\/eshop\/wp-json\/wp\/v2\/tags?post=127870"}],"curies":[{"name":"wp","href":"https:\/\/api.w.org\/{rel}","templated":true}]}}