{"id":127957,"date":"2020-05-08T17:55:26","date_gmt":"2020-05-08T15:55:26","guid":{"rendered":"https:\/\/www.ikuchyne.sk\/eshop\/?p=127957"},"modified":"2020-10-21T14:01:21","modified_gmt":"2020-10-21T12:01:21","slug":"hladate-funkcny-konferencny-stolik-s-uloznym-priestorom","status":"publish","type":"post","link":"https:\/\/www.ikuchyne.sk\/eshop\/hladate-funkcny-konferencny-stolik-s-uloznym-priestorom\/","title":{"rendered":"H\u013ead\u00e1te funk\u010dn\u00fd konferen\u010dn\u00fd stol\u00edk s \u00falo\u017en\u00fdm priestorom?"},"content":{"rendered":"<p>[vc_row][vc_column][vc_column_text]<span style=\"color: #000000;\"><b>Ur\u010dite budete so mnou s\u00fahlasi\u0165, ak poviem, \u017ee niet zariadenej ob\u00fdva\u010dky, v ktorej by ch\u00fdbal konferen\u010dn\u00fd stol\u00edk! Via\u017ee sa ku gau\u010du a spolu vytv\u00e1raj\u00fa funk\u010dn\u00fa a estetick\u00fa dvojicu. Zv\u00e4\u010d\u0161a b\u00fdva t\u00fdm posledn\u00fdm kusom n\u00e1bytku, ktor\u00fd n\u00e1m do ob\u00fdva\u010dky pribudne. Na mu\u0161ku sme si preto vzali konferen\u010dn\u00fd stol\u00edk s \u00falo\u017en\u00fdm priestorom. Uv\u00edtate ich, pre ich praktickos\u0165, ale z\u00e1rove\u0148 prepracovan\u00fd dizajn. In\u0161pirujte sa na\u0161\u00edm v\u00fdberom!<\/b><\/span><\/p>\n<h2><span style=\"color: #e3245e;\"><strong>Konferen\u010dn\u00fd stol\u00edk v industri\u00e1lnom \u0161t\u00fdle<\/strong><\/span><\/h2>\n<p><span style=\"font-weight: 400;\"><span style=\"color: #000000;\">Industri\u00e1lny \u0161t\u00fdl sa te\u0161\u00ed ve\u013ekej ob\u013eube v\u00a0s\u00fa\u010dasn\u00fdch interi\u00e9roch. Hlavne mlad\u0161\u00ed si tento \u0161t\u00fdl vyberaj\u00fa pre svoje interi\u00e9ry. In\u0161pirujte sa konferen\u010dn\u00fdm stol\u00edkom v\u00a0podobe prepravn\u00e9ho boxu. Jeho vn\u00fatorn\u00fd priestor v\u00e1m posl\u00fa\u017ei na odlo\u017eenie vec\u00ed, ktor\u00e9 maj\u00fa by\u0165 v\u017edy poruke, ale nemusia by\u0165 st\u00e1le na o\u010diach. V\u00a0na\u0161om eshope n\u00e1jdete zauj\u00edmav\u00e9<\/span><\/span> <span style=\"color: #e3245e;\"><a style=\"color: #e3245e;\" href=\"https:\/\/ikuchyne.sk\/eshop\/kategoria\/stoliky-industrialny-styl\/\">industri\u00e1lne konferen\u010dn\u00e9 stol\u00edky<\/a><\/span><b>,<\/b><span style=\"font-weight: 400; color: #000000;\"> ktor\u00e9 pon\u00fakaj\u00fa \u00falo\u017en\u00fd priestor a\u00a0s\u00fa ve\u013emi \u0161t\u00fdlov\u00e9. Interi\u00e9ru dodaj\u00fa t\u00fa spr\u00e1vnu \u0161\u0165avu! Stol\u00edky tohto typu patria k\u00a0t\u00fdm v\u00fdraznej\u0161\u00edm, hodia sa preto hlavne k\u00a0farebne a\u00a0tvarovo jednoduch\u0161\u00edm gau\u010dom.\u00a0 <\/span>[\/vc_column_text][vc_single_image image=&#8221;119524&#8243; img_size=&#8221;large&#8221; add_caption=&#8221;yes&#8221; alignment=&#8221;center&#8221; style=&#8221;vc_box_rounded&#8221;][\/vc_column][\/vc_row][vc_row][vc_column width=&#8221;1\/2&#8243;][vc_single_image image=&#8221;119528&#8243; img_size=&#8221;medium&#8221; add_caption=&#8221;yes&#8221; alignment=&#8221;center&#8221; style=&#8221;vc_box_rounded&#8221;][\/vc_column][vc_column width=&#8221;1\/2&#8243;][vc_single_image image=&#8221;119530&#8243; img_size=&#8221;medium&#8221; add_caption=&#8221;yes&#8221; alignment=&#8221;center&#8221; style=&#8221;vc_box_rounded&#8221;][\/vc_column][\/vc_row][vc_row][vc_column][vc_column_text]<\/p>\n<h2><span style=\"color: #e3245e;\"><strong>Okr\u00fahly konferen\u010dn\u00fd stol\u00edk<\/strong><\/span><\/h2>\n<p><span style=\"color: #000000;\"><strong>Konferen\u010dn\u00fd stol\u00edk tohoto tvaru<\/strong><\/span><span style=\"color: #000000;\"><span style=\"font-weight: 400;\">\u00a0<\/span><\/span><span style=\"color: #000000;\"><span style=\"font-weight: 400;\"><strong>zjemn\u00ed strohos\u0165<\/strong><\/span><\/span> <span style=\"color: #000000;\"><span style=\"font-weight: 400;\"><strong>ka\u017edej ob\u00fdva\u010dky<\/strong><\/span><\/span><span style=\"color: #000000;\"><span style=\"font-weight: 400;\">. Pri\u00a0takomto type stol\u00edka sa \u00falo\u017en\u00fd priestor skr\u00fdva pod stolovou doskou a\u00a0vhodne ho vyu\u017eijete napr\u00edklad na odlo\u017eenie deky, \u010di nedo\u010d\u00edtan\u00e9ho \u010dasopisu. <\/span><\/span><span style=\"font-weight: 400; color: #000000;\">Tvarovo je tak\u00fdto stol\u00edk jednoduch\u0161\u00ed, sk\u00faste ho kombinova\u0165 s\u00a0v\u00fdraznej\u0161\u00edm n\u00e1bytkom vo va\u0161ej ob\u00fdva\u010dke. V\u00fdsledn\u00fd efekt bude exkluz\u00edvny a\u00a0origin\u00e1lny.<\/span>[\/vc_column_text][vc_single_image image=&#8221;119518&#8243; img_size=&#8221;large&#8221; add_caption=&#8221;yes&#8221; alignment=&#8221;center&#8221; style=&#8221;vc_box_rounded&#8221;][vc_message icon_fontawesome=&#8221;fa fa-lightbulb-o&#8221;]<span style=\"font-weight: 400;\"><strong>Rada odborn\u00edka:<\/strong><\/span><span style=\"font-weight: 400;\"><br \/>\nV\u00fd\u0161ku konferen\u010dn\u00e9ho stol\u00edka prisp\u00f4sobte \u00farovni va\u0161ej seda\u010dky. Pre maxim\u00e1lny komfort a aj vizu\u00e1l, by stol\u00edk nemal prevy\u0161ova\u0165 va\u0161e kolen\u00e1 v sede. V centimetroch je toto rozp\u00e4tie niekde medzi 35-45 cm.<\/span>[\/vc_message][\/vc_column][\/vc_row][vc_row][vc_column][vc_column_text]<span style=\"font-weight: 400; color: #000000;\">Radi si vylo\u017e\u00edte nohy na st\u00f4l vo va\u0161ej ob\u00fdva\u010dke, alebo je to u\u00a0v\u00e1s pr\u00edsne zak\u00e1zan\u00e9? Proti gustu \u017eiaden di\u0161put\u00e1t, ako sa hovor\u00ed! Hlavne, aby to ten st\u00f4l ,,uniesol\u201c!\u00a0<\/span><\/p>\n<h2><span style=\"color: #e3245e;\"><strong>Kombinovan\u00fd konferen\u010dn\u00fd stol\u00edk<\/strong><\/span><\/h2>\n<p><strong><span style=\"color: #000000;\">Tento <\/span><\/strong><span style=\"color: #000000;\"><b>kombinovan\u00fd konferen\u010dn\u00fd stol\u00edk<\/b><\/span><span style=\"color: #000000;\"><span style=\"font-weight: 400;\"><strong> s kovov\u00fdm r\u00e1mom a\u00a0drevenou doskou bude neprehliadnute\u013en\u00fdm prvkom<\/strong><\/span><\/span><span style=\"color: #000000;\"><span style=\"font-weight: 400;\"> vo va\u0161ej ob\u00fdva\u010dke. M\u00e1 v\u00a0sebe zabudovan\u00fa aj nen\u00e1padn\u00fa, zato funk\u010dn\u00fa z\u00e1suvku. Dia\u013ekov\u00fd ovl\u00e1da\u010d bude ma\u0165 v\u00a0z\u00e1suvke svoje miesto!<\/span><\/span><span style=\"font-weight: 400; color: #000000;\"> Tak\u00fdto stol\u00edk p\u00f4sob\u00ed mas\u00edvne, ale z\u00e1rove\u0148 vzdu\u0161ne.<\/span>[\/vc_column_text][vc_single_image image=&#8221;119523&#8243; img_size=&#8221;large&#8221; add_caption=&#8221;yes&#8221; alignment=&#8221;center&#8221; style=&#8221;vc_box_rounded&#8221;][vc_single_image image=&#8221;119517&#8243; img_size=&#8221;large&#8221; add_caption=&#8221;yes&#8221; alignment=&#8221;center&#8221; style=&#8221;vc_box_rounded&#8221;][vc_message message_box_color=&#8221;alert-success&#8221; icon_fontawesome=&#8221;fa fa-lightbulb-o&#8221;]<b>VEDELI STE,<\/b><\/p>\n<p><span style=\"font-weight: 400;\">\u017ee primeran\u00e1 \u0161\u00edrka uli\u010dky medzi konferen\u010dn\u00fdm stol\u00edkom a seda\u010dkou je pr\u00e1ve 60 cm? A ak si chcete vybra\u0165 primerane ve\u013ek\u00fd konferen\u010dn\u00fd stol\u00edk, jeho d\u013a\u017eka by mala by\u0165 1\/3 \u2013 \u00bd d\u013a\u017eky v\u00e1\u0161ho gau\u010da. Proporcionalita bude vtedy dokonal\u00e1!<\/span>[\/vc_message][\/vc_column][\/vc_row][vc_row][vc_column][vc_column_text]<\/p>\n<h2><span style=\"color: #e3245e;\"><strong>Ko\u0161ov\u00e9 konferen\u010dn\u00e9 stol\u00edky<\/strong><\/span><\/h2>\n<p><span style=\"color: #000000;\"><strong>Chcete do svojej ob\u00fdva\u010dky vnies\u0165 trochu noblesy a\u00a0metalick\u00fdch odleskov?\u00a0Ko\u0161ov\u00e9 konferen\u010dn\u00e9 stol\u00edky<\/strong><\/span><strong><span style=\"color: #000000;\"> s\u00a0odn\u00edmate\u013enou vrchnou \u010das\u0165ou v\u00a0zlato \u2013 sivej kombin\u00e1cii to zvl\u00e1dnu hravo!<\/span><\/strong><span style=\"color: #000000;\"><span style=\"font-weight: 400;\"> Va\u0161u ob\u00fdva\u010dku vy\u0161perkujete, ak ku gau\u010du umiestnite tak\u00e9to stol\u00edky dva, a to v\u00a0r\u00f4znych ve\u013ekostiach. T\u00fdm, \u017ee s\u00fa s\u010dasti prieh\u013eadn\u00e9, ich \u00falo\u017en\u00fd priestor m\u00f4\u017eete vyu\u017ei\u0165 funk\u010dne, ale aj dekora\u010dne. Jednoduch\u00fd kvetin\u00e1\u010d so sukulentom umiestnen\u00fd vn\u00fatri stol\u00edka e\u0161te viac zv\u00fdrazn\u00ed jeho dr\u00f4ten\u00fa \u0161trukt\u00faru a\u00a0zlat\u00fa farbu. Z\u00e1rove\u0148 plocha stol\u00edka zostane vo\u013en\u00e1, pre \u0161\u00e1lku k\u00e1vy. <\/span><\/span>[\/vc_column_text][vc_single_image image=&#8221;119522&#8243; img_size=&#8221;large&#8221; add_caption=&#8221;yes&#8221; alignment=&#8221;center&#8221; style=&#8221;vc_box_rounded&#8221;][\/vc_column][\/vc_row][vc_row][vc_column width=&#8221;1\/2&#8243;][vc_single_image image=&#8221;119521&#8243; img_size=&#8221;medium&#8221; add_caption=&#8221;yes&#8221; alignment=&#8221;center&#8221; style=&#8221;vc_box_rounded&#8221;][\/vc_column][vc_column width=&#8221;1\/2&#8243;][vc_single_image image=&#8221;119520&#8243; img_size=&#8221;medium&#8221; add_caption=&#8221;yes&#8221; alignment=&#8221;center&#8221; style=&#8221;vc_box_rounded&#8221;][\/vc_column][\/vc_row][vc_row][vc_column][vc_column_text]<\/p>\n<h2><span style=\"color: #e3245e;\"><strong>Biely konferen\u010dn\u00fd stol\u00edk<\/strong><\/span><\/h2>\n<p><span style=\"color: #000000;\"><span style=\"font-weight: 400;\">\u017de je biela farba ,,out of date\u201c? <\/span><\/span><span style=\"color: #000000;\"><span style=\"font-weight: 400;\"><strong>V modernej ob\u00fdva\u010dke si ur\u010dite st\u00e1le n\u00e1jde svoje miesto.<\/strong><\/span><\/span><span style=\"color: #000000;\"><span style=\"font-weight: 400;\"> Aj v podobe<\/span><\/span> <span style=\"color: #000000;\">bieleho konferen\u010dn\u00e9ho stol\u00edka<\/span><span style=\"color: #000000;\"><span style=\"font-weight: 400;\">. Prepracovan\u00fd dizajn, jednoduch\u00e9 l\u00ednie, ale aj funk\u010dnos\u0165 s\u00fa vo\u013ebou pre t\u00fdch najn\u00e1ro\u010dnej\u0161\u00edch. Tablet, po\u010d\u00edta\u010d \u010di nab\u00edja\u010dka na mobil, bud\u00fa odteraz poruke, ale pekne skryt\u00e9 v\u00a0z\u00e1suvke stol\u00edka. Biela, leskl\u00e1 s\u00a0kvalitnou povrchovou \u00fapravou je nen\u00e1ro\u010dn\u00e1 na udr\u017eiavanie. Stol\u00edk v\u00a0takomto preveden\u00ed je \u013eahko kombinovate\u013en\u00fd, z\u00e1rove\u0148 zostane v\u00a0ob\u00fdva\u010dke neprehliadnute\u013en\u00fd.<\/span><\/span>[\/vc_column_text][vc_single_image image=&#8221;119516&#8243; img_size=&#8221;large&#8221; add_caption=&#8221;yes&#8221; alignment=&#8221;center&#8221; style=&#8221;vc_box_rounded&#8221;][\/vc_column][\/vc_row][vc_row][vc_column][vc_column_text]<\/p>\n<h2><span style=\"color: #e3245e;\"><strong>Pr\u00edru\u010dn\u00fd konferen\u010dn\u00fd stol\u00edk<\/strong><\/span><\/h2>\n<p><span style=\"color: #000000;\"><span style=\"font-weight: 400;\"><strong>St\u00e1le viac ob\u013e\u00faben\u00fdmi a\u00a0vyh\u013ead\u00e1van\u00fdmi sa stavaj\u00fa aj men\u0161ie,<\/strong><\/span><\/span> <span style=\"color: #000000;\"><b>pr\u00edru\u010dn\u00e9 stol\u00edky<\/b><\/span><span style=\"color: #000000;\"><span style=\"font-weight: 400;\">. Zapasuj\u00fa nielen ku kreslu, ale aj ku gau\u010du. Ich funkcia je jednoduch\u00e1 \u2013 ma\u0165 ,,poruke\u201c odkladaciu plochu na \u0161\u00e1lku s \u010dajom, knihu, resp. telef\u00f3n. Zoskupenie \u2013 kreslo, lampa, pr\u00edru\u010dn\u00fd stol\u00edk, vytv\u00e1raj\u00fa v ob\u00fdva\u010dke osobit\u00fd mikrosvet. Pr\u00edru\u010dn\u00fd konferen\u010dn\u00fd stol\u00edk s \u00falo\u017en\u00fdm priestorom v ob\u013e\u00fabenej bielo-drevenej kombin\u00e1cii sa hod\u00ed do ob\u00fdva\u010dky zariadenej v \u0161kandin\u00e1vskom \u0161t\u00fdle. Vn\u00fatorn\u00fd \u00falo\u017en\u00fd priestor ocen\u00edte na odlo\u017eenie roz\u010d\u00edtanej knihy \u010di \u010dasopisu.<\/span><\/span>[\/vc_column_text][vc_single_image image=&#8221;119519&#8243; img_size=&#8221;large&#8221; add_caption=&#8221;yes&#8221; alignment=&#8221;center&#8221; style=&#8221;vc_box_rounded&#8221;][\/vc_column][\/vc_row][vc_row][vc_column][vc_column_text]<span style=\"color: #000000;\"><strong>Funk\u010dnos\u0165, \u0161t\u00fdl a\u00a0kvalitn\u00fd materi\u00e1l<\/strong><\/span><span style=\"color: #000000;\">. <\/span><span style=\"color: #000000;\"><strong>Tieto tri prvky sa musia sn\u00fabi\u0165 vo va\u0161om konferen\u010dnom stol\u00edku.<\/strong><\/span><span style=\"color: #000000;\"> Venujte jeho v\u00fdberu pozornos\u0165, neupon\u00e1h\u013eajte sa! Ak ste si vybrali v\u00fdrazn\u00fa seda\u010dku, dopl\u0148te ju menej n\u00e1padn\u00fdm, jednoduch\u0161\u00edm konferen\u010dn\u00fdm stol\u00edkom. Na druhej strane, ak je v\u00e1\u0161 gau\u010d jednoduch\u00fd a farebne neutr\u00e1lny, m\u00f4\u017eete si dovoli\u0165 v\u00fdrazn\u00fd, extravagantnej\u0161\u00ed konferen\u010dn\u00fd stol\u00edk. <\/span><span style=\"color: #000000;\"><strong>Cie\u013eom je<\/strong><\/span> <span style=\"color: #000000;\"><strong>dosiahnu\u0165 vyv\u00e1\u017eenos\u0165<\/strong><\/span><strong><span style=\"color: #000000;\"> v kombin\u00e1cii t\u00fdchto dvoch kusov n\u00e1bytku.<\/span><\/strong>[\/vc_column_text][\/vc_column][\/vc_row]<\/p>\n","protected":false},"excerpt":{"rendered":"<p>[vc_row][vc_column][vc_column_text]Ur\u010dite budete so mnou s\u00fahlasi\u0165, ak poviem, \u017ee niet zariadenej ob\u00fdva\u010dky, v ktorej by ch\u00fdbal konferen\u010dn\u00fd stol\u00edk! Via\u017ee sa ku gau\u010du a spolu vytv\u00e1raj\u00fa funk\u010dn\u00fa a estetick\u00fa dvojicu. Zv\u00e4\u010d\u0161a b\u00fdva<\/p>\n","protected":false},"author":552,"featured_media":126855,"comment_status":"closed","ping_status":"open","sticky":false,"template":"","format":"standard","meta":{"footnotes":""},"categories":[1010,1012],"tags":[],"yoast_head":"<!-- This site is optimized with the Yoast SEO plugin v22.1 - https:\/\/yoast.com\/wordpress\/plugins\/seo\/ -->\n<title>H\u013ead\u00e1te funk\u010dn\u00fd konferen\u010dn\u00fd stol\u00edk s \u00falo\u017en\u00fdm priestorom? &#187; iKuchyne.sk<\/title>\n<meta name=\"description\" content=\"H\u013ead\u00e1te funk\u010dn\u00fd, kvalitn\u00fd a z\u00e1rove\u0148 vkus\u00fd konferen\u010dn\u00fd stol\u00edk s \u00falo\u017en\u00fdm priestorom? Ste na spr\u00e1vnej adrese! In\u0161pirujte sa na\u0161im v\u00fdberom.\" \/>\n<meta name=\"robots\" content=\"index, follow, max-snippet:-1, max-image-preview:large, max-video-preview:-1\" \/>\n<link rel=\"canonical\" href=\"https:\/\/www.ikuchyne.sk\/eshop\/hladate-funkcny-konferencny-stolik-s-uloznym-priestorom\/\" \/>\n<meta property=\"og:locale\" content=\"sk_SK\" \/>\n<meta property=\"og:type\" content=\"article\" \/>\n<meta property=\"og:title\" content=\"H\u013ead\u00e1te funk\u010dn\u00fd konferen\u010dn\u00fd stol\u00edk s \u00falo\u017en\u00fdm priestorom? &#187; iKuchyne.sk\" \/>\n<meta property=\"og:description\" content=\"H\u013ead\u00e1te funk\u010dn\u00fd, kvalitn\u00fd a z\u00e1rove\u0148 vkus\u00fd konferen\u010dn\u00fd stol\u00edk s \u00falo\u017en\u00fdm priestorom? Ste na spr\u00e1vnej adrese! In\u0161pirujte sa na\u0161im v\u00fdberom.\" \/>\n<meta property=\"og:url\" content=\"https:\/\/www.ikuchyne.sk\/eshop\/hladate-funkcny-konferencny-stolik-s-uloznym-priestorom\/\" \/>\n<meta property=\"og:site_name\" content=\"iKuchyne iSHOP s n\u00e1bytkom\" \/>\n<meta property=\"article:publisher\" content=\"https:\/\/www.facebook.com\/ikuchyne\/\" \/>\n<meta property=\"article:published_time\" content=\"2020-05-08T15:55:26+00:00\" \/>\n<meta property=\"article:modified_time\" content=\"2020-10-21T12:01:21+00:00\" \/>\n<meta property=\"og:image\" content=\"https:\/\/www.ikuchyne.sk\/eshop\/wp-content\/uploads\/2020\/04\/obyvacka-s-kvetom.jpg\" \/>\n\t<meta property=\"og:image:width\" content=\"564\" \/>\n\t<meta property=\"og:image:height\" content=\"705\" \/>\n\t<meta property=\"og:image:type\" content=\"image\/jpeg\" \/>\n<meta name=\"author\" content=\"Michaela \u0160ediv\u00e1\" \/>\n<meta name=\"twitter:card\" content=\"summary_large_image\" \/>\n<meta name=\"twitter:label1\" content=\"Autor\" \/>\n\t<meta name=\"twitter:data1\" content=\"Michaela \u0160ediv\u00e1\" \/>\n\t<meta name=\"twitter:label2\" content=\"Predpokladan\u00fd \u010das \u010d\u00edtania\" \/>\n\t<meta name=\"twitter:data2\" content=\"6 min\u00fat\" \/>\n<script type=\"application\/ld+json\" class=\"yoast-schema-graph\">{\"@context\":\"https:\/\/schema.org\",\"@graph\":[{\"@type\":\"Article\",\"@id\":\"https:\/\/www.ikuchyne.sk\/eshop\/hladate-funkcny-konferencny-stolik-s-uloznym-priestorom\/#article\",\"isPartOf\":{\"@id\":\"https:\/\/www.ikuchyne.sk\/eshop\/hladate-funkcny-konferencny-stolik-s-uloznym-priestorom\/\"},\"author\":{\"name\":\"Michaela \u0160ediv\u00e1\",\"@id\":\"https:\/\/www.ikuchyne.sk\/eshop\/#\/schema\/person\/9f339877269d8d0ccd7c452e8549848c\"},\"headline\":\"H\u013ead\u00e1te funk\u010dn\u00fd konferen\u010dn\u00fd stol\u00edk s \u00falo\u017en\u00fdm priestorom?\",\"datePublished\":\"2020-05-08T15:55:26+00:00\",\"dateModified\":\"2020-10-21T12:01:21+00:00\",\"mainEntityOfPage\":{\"@id\":\"https:\/\/www.ikuchyne.sk\/eshop\/hladate-funkcny-konferencny-stolik-s-uloznym-priestorom\/\"},\"wordCount\":1271,\"publisher\":{\"@id\":\"https:\/\/www.ikuchyne.sk\/eshop\/#organization\"},\"articleSection\":[\"N\u00c1BYTOK\",\"Ob\u00fdva\u010dky\"],\"inLanguage\":\"sk-SK\"},{\"@type\":\"WebPage\",\"@id\":\"https:\/\/www.ikuchyne.sk\/eshop\/hladate-funkcny-konferencny-stolik-s-uloznym-priestorom\/\",\"url\":\"https:\/\/www.ikuchyne.sk\/eshop\/hladate-funkcny-konferencny-stolik-s-uloznym-priestorom\/\",\"name\":\"H\u013ead\u00e1te funk\u010dn\u00fd konferen\u010dn\u00fd stol\u00edk s \u00falo\u017en\u00fdm priestorom? &#187; iKuchyne.sk\",\"isPartOf\":{\"@id\":\"https:\/\/www.ikuchyne.sk\/eshop\/#website\"},\"datePublished\":\"2020-05-08T15:55:26+00:00\",\"dateModified\":\"2020-10-21T12:01:21+00:00\",\"description\":\"H\u013ead\u00e1te funk\u010dn\u00fd, kvalitn\u00fd a z\u00e1rove\u0148 vkus\u00fd konferen\u010dn\u00fd stol\u00edk s \u00falo\u017en\u00fdm priestorom? Ste na spr\u00e1vnej adrese! In\u0161pirujte sa na\u0161im v\u00fdberom.\",\"breadcrumb\":{\"@id\":\"https:\/\/www.ikuchyne.sk\/eshop\/hladate-funkcny-konferencny-stolik-s-uloznym-priestorom\/#breadcrumb\"},\"inLanguage\":\"sk-SK\",\"potentialAction\":[{\"@type\":\"ReadAction\",\"target\":[\"https:\/\/www.ikuchyne.sk\/eshop\/hladate-funkcny-konferencny-stolik-s-uloznym-priestorom\/\"]}]},{\"@type\":\"BreadcrumbList\",\"@id\":\"https:\/\/www.ikuchyne.sk\/eshop\/hladate-funkcny-konferencny-stolik-s-uloznym-priestorom\/#breadcrumb\",\"itemListElement\":[{\"@type\":\"ListItem\",\"position\":1,\"name\":\"Home\",\"item\":\"https:\/\/www.ikuchyne.sk\/eshop\/\"},{\"@type\":\"ListItem\",\"position\":2,\"name\":\"H\u013ead\u00e1te funk\u010dn\u00fd konferen\u010dn\u00fd stol\u00edk s \u00falo\u017en\u00fdm priestorom?\"}]},{\"@type\":\"WebSite\",\"@id\":\"https:\/\/www.ikuchyne.sk\/eshop\/#website\",\"url\":\"https:\/\/www.ikuchyne.sk\/eshop\/\",\"name\":\"iKuchyne iSHOP s n\u00e1bytkom\",\"description\":\"Jed\u00e1lensk\u00e9 stoly, stoli\u010dky, n\u00e1bytok, svietidl\u00e1...\",\"publisher\":{\"@id\":\"https:\/\/www.ikuchyne.sk\/eshop\/#organization\"},\"potentialAction\":[{\"@type\":\"SearchAction\",\"target\":{\"@type\":\"EntryPoint\",\"urlTemplate\":\"https:\/\/www.ikuchyne.sk\/eshop\/?s={search_term_string}\"},\"query-input\":\"required name=search_term_string\"}],\"inLanguage\":\"sk-SK\"},{\"@type\":\"Organization\",\"@id\":\"https:\/\/www.ikuchyne.sk\/eshop\/#organization\",\"name\":\"ikuchyne!\",\"url\":\"https:\/\/www.ikuchyne.sk\/eshop\/\",\"logo\":{\"@type\":\"ImageObject\",\"inLanguage\":\"sk-SK\",\"@id\":\"https:\/\/www.ikuchyne.sk\/eshop\/#\/schema\/logo\/image\/\",\"url\":\"https:\/\/www.ikuchyne.sk\/eshop\/wp-content\/uploads\/2017\/04\/ikuchyne-logo.jpg\",\"contentUrl\":\"https:\/\/www.ikuchyne.sk\/eshop\/wp-content\/uploads\/2017\/04\/ikuchyne-logo.jpg\",\"width\":200,\"height\":48,\"caption\":\"ikuchyne!\"},\"image\":{\"@id\":\"https:\/\/www.ikuchyne.sk\/eshop\/#\/schema\/logo\/image\/\"},\"sameAs\":[\"https:\/\/www.facebook.com\/ikuchyne\/\",\"https:\/\/www.instagram.com\/ikuchyne.sk\/\",\"https:\/\/sk.pinterest.com\/ikuchynesk\/\"]},{\"@type\":\"Person\",\"@id\":\"https:\/\/www.ikuchyne.sk\/eshop\/#\/schema\/person\/9f339877269d8d0ccd7c452e8549848c\",\"name\":\"Michaela \u0160ediv\u00e1\",\"image\":{\"@type\":\"ImageObject\",\"inLanguage\":\"sk-SK\",\"@id\":\"https:\/\/www.ikuchyne.sk\/eshop\/#\/schema\/person\/image\/\",\"url\":\"https:\/\/www.ikuchyne.sk\/eshop\/wp-content\/plugins\/wp-user-avatar\/deprecated\/wp-user-avatar\/images\/wpua-96x96.png\",\"contentUrl\":\"https:\/\/www.ikuchyne.sk\/eshop\/wp-content\/plugins\/wp-user-avatar\/deprecated\/wp-user-avatar\/images\/wpua-96x96.png\",\"caption\":\"Michaela \u0160ediv\u00e1\"},\"description\":\"Michaela sa vo vo\u013enom \u010dase venuje copywritingu a interi\u00e9rov\u00e9mu dizajnu. Medzi jej z\u00e1\u013euby patr\u00ed dobr\u00e1 kniha a oddych v pr\u00edrode.\",\"url\":\"https:\/\/www.ikuchyne.sk\/eshop\/author\/michaela-sediva\/\"}]}<\/script>\n<!-- \/ Yoast SEO plugin. -->","yoast_head_json":{"title":"H\u013ead\u00e1te funk\u010dn\u00fd konferen\u010dn\u00fd stol\u00edk s \u00falo\u017en\u00fdm priestorom? &#187; iKuchyne.sk","description":"H\u013ead\u00e1te funk\u010dn\u00fd, kvalitn\u00fd a z\u00e1rove\u0148 vkus\u00fd konferen\u010dn\u00fd stol\u00edk s \u00falo\u017en\u00fdm priestorom? Ste na spr\u00e1vnej adrese! In\u0161pirujte sa na\u0161im v\u00fdberom.","robots":{"index":"index","follow":"follow","max-snippet":"max-snippet:-1","max-image-preview":"max-image-preview:large","max-video-preview":"max-video-preview:-1"},"canonical":"https:\/\/www.ikuchyne.sk\/eshop\/hladate-funkcny-konferencny-stolik-s-uloznym-priestorom\/","og_locale":"sk_SK","og_type":"article","og_title":"H\u013ead\u00e1te funk\u010dn\u00fd konferen\u010dn\u00fd stol\u00edk s \u00falo\u017en\u00fdm priestorom? &#187; iKuchyne.sk","og_description":"H\u013ead\u00e1te funk\u010dn\u00fd, kvalitn\u00fd a z\u00e1rove\u0148 vkus\u00fd konferen\u010dn\u00fd stol\u00edk s \u00falo\u017en\u00fdm priestorom? Ste na spr\u00e1vnej adrese! In\u0161pirujte sa na\u0161im v\u00fdberom.","og_url":"https:\/\/www.ikuchyne.sk\/eshop\/hladate-funkcny-konferencny-stolik-s-uloznym-priestorom\/","og_site_name":"iKuchyne iSHOP s n\u00e1bytkom","article_publisher":"https:\/\/www.facebook.com\/ikuchyne\/","article_published_time":"2020-05-08T15:55:26+00:00","article_modified_time":"2020-10-21T12:01:21+00:00","og_image":[{"width":564,"height":705,"url":"https:\/\/www.ikuchyne.sk\/eshop\/wp-content\/uploads\/2020\/04\/obyvacka-s-kvetom.jpg","type":"image\/jpeg"}],"author":"Michaela \u0160ediv\u00e1","twitter_card":"summary_large_image","twitter_misc":{"Autor":"Michaela \u0160ediv\u00e1","Predpokladan\u00fd \u010das \u010d\u00edtania":"6 min\u00fat"},"schema":{"@context":"https:\/\/schema.org","@graph":[{"@type":"Article","@id":"https:\/\/www.ikuchyne.sk\/eshop\/hladate-funkcny-konferencny-stolik-s-uloznym-priestorom\/#article","isPartOf":{"@id":"https:\/\/www.ikuchyne.sk\/eshop\/hladate-funkcny-konferencny-stolik-s-uloznym-priestorom\/"},"author":{"name":"Michaela \u0160ediv\u00e1","@id":"https:\/\/www.ikuchyne.sk\/eshop\/#\/schema\/person\/9f339877269d8d0ccd7c452e8549848c"},"headline":"H\u013ead\u00e1te funk\u010dn\u00fd konferen\u010dn\u00fd stol\u00edk s \u00falo\u017en\u00fdm priestorom?","datePublished":"2020-05-08T15:55:26+00:00","dateModified":"2020-10-21T12:01:21+00:00","mainEntityOfPage":{"@id":"https:\/\/www.ikuchyne.sk\/eshop\/hladate-funkcny-konferencny-stolik-s-uloznym-priestorom\/"},"wordCount":1271,"publisher":{"@id":"https:\/\/www.ikuchyne.sk\/eshop\/#organization"},"articleSection":["N\u00c1BYTOK","Ob\u00fdva\u010dky"],"inLanguage":"sk-SK"},{"@type":"WebPage","@id":"https:\/\/www.ikuchyne.sk\/eshop\/hladate-funkcny-konferencny-stolik-s-uloznym-priestorom\/","url":"https:\/\/www.ikuchyne.sk\/eshop\/hladate-funkcny-konferencny-stolik-s-uloznym-priestorom\/","name":"H\u013ead\u00e1te funk\u010dn\u00fd konferen\u010dn\u00fd stol\u00edk s \u00falo\u017en\u00fdm priestorom? &#187; iKuchyne.sk","isPartOf":{"@id":"https:\/\/www.ikuchyne.sk\/eshop\/#website"},"datePublished":"2020-05-08T15:55:26+00:00","dateModified":"2020-10-21T12:01:21+00:00","description":"H\u013ead\u00e1te funk\u010dn\u00fd, kvalitn\u00fd a z\u00e1rove\u0148 vkus\u00fd konferen\u010dn\u00fd stol\u00edk s \u00falo\u017en\u00fdm priestorom? Ste na spr\u00e1vnej adrese! In\u0161pirujte sa na\u0161im v\u00fdberom.","breadcrumb":{"@id":"https:\/\/www.ikuchyne.sk\/eshop\/hladate-funkcny-konferencny-stolik-s-uloznym-priestorom\/#breadcrumb"},"inLanguage":"sk-SK","potentialAction":[{"@type":"ReadAction","target":["https:\/\/www.ikuchyne.sk\/eshop\/hladate-funkcny-konferencny-stolik-s-uloznym-priestorom\/"]}]},{"@type":"BreadcrumbList","@id":"https:\/\/www.ikuchyne.sk\/eshop\/hladate-funkcny-konferencny-stolik-s-uloznym-priestorom\/#breadcrumb","itemListElement":[{"@type":"ListItem","position":1,"name":"Home","item":"https:\/\/www.ikuchyne.sk\/eshop\/"},{"@type":"ListItem","position":2,"name":"H\u013ead\u00e1te funk\u010dn\u00fd konferen\u010dn\u00fd stol\u00edk s \u00falo\u017en\u00fdm priestorom?"}]},{"@type":"WebSite","@id":"https:\/\/www.ikuchyne.sk\/eshop\/#website","url":"https:\/\/www.ikuchyne.sk\/eshop\/","name":"iKuchyne iSHOP s n\u00e1bytkom","description":"Jed\u00e1lensk\u00e9 stoly, stoli\u010dky, n\u00e1bytok, svietidl\u00e1...","publisher":{"@id":"https:\/\/www.ikuchyne.sk\/eshop\/#organization"},"potentialAction":[{"@type":"SearchAction","target":{"@type":"EntryPoint","urlTemplate":"https:\/\/www.ikuchyne.sk\/eshop\/?s={search_term_string}"},"query-input":"required name=search_term_string"}],"inLanguage":"sk-SK"},{"@type":"Organization","@id":"https:\/\/www.ikuchyne.sk\/eshop\/#organization","name":"ikuchyne!","url":"https:\/\/www.ikuchyne.sk\/eshop\/","logo":{"@type":"ImageObject","inLanguage":"sk-SK","@id":"https:\/\/www.ikuchyne.sk\/eshop\/#\/schema\/logo\/image\/","url":"https:\/\/www.ikuchyne.sk\/eshop\/wp-content\/uploads\/2017\/04\/ikuchyne-logo.jpg","contentUrl":"https:\/\/www.ikuchyne.sk\/eshop\/wp-content\/uploads\/2017\/04\/ikuchyne-logo.jpg","width":200,"height":48,"caption":"ikuchyne!"},"image":{"@id":"https:\/\/www.ikuchyne.sk\/eshop\/#\/schema\/logo\/image\/"},"sameAs":["https:\/\/www.facebook.com\/ikuchyne\/","https:\/\/www.instagram.com\/ikuchyne.sk\/","https:\/\/sk.pinterest.com\/ikuchynesk\/"]},{"@type":"Person","@id":"https:\/\/www.ikuchyne.sk\/eshop\/#\/schema\/person\/9f339877269d8d0ccd7c452e8549848c","name":"Michaela \u0160ediv\u00e1","image":{"@type":"ImageObject","inLanguage":"sk-SK","@id":"https:\/\/www.ikuchyne.sk\/eshop\/#\/schema\/person\/image\/","url":"https:\/\/www.ikuchyne.sk\/eshop\/wp-content\/plugins\/wp-user-avatar\/deprecated\/wp-user-avatar\/images\/wpua-96x96.png","contentUrl":"https:\/\/www.ikuchyne.sk\/eshop\/wp-content\/plugins\/wp-user-avatar\/deprecated\/wp-user-avatar\/images\/wpua-96x96.png","caption":"Michaela \u0160ediv\u00e1"},"description":"Michaela sa vo vo\u013enom \u010dase venuje copywritingu a interi\u00e9rov\u00e9mu dizajnu. Medzi jej z\u00e1\u013euby patr\u00ed dobr\u00e1 kniha a oddych v pr\u00edrode.","url":"https:\/\/www.ikuchyne.sk\/eshop\/author\/michaela-sediva\/"}]}},"_links":{"self":[{"href":"https:\/\/www.ikuchyne.sk\/eshop\/wp-json\/wp\/v2\/posts\/127957"}],"collection":[{"href":"https:\/\/www.ikuchyne.sk\/eshop\/wp-json\/wp\/v2\/posts"}],"about":[{"href":"https:\/\/www.ikuchyne.sk\/eshop\/wp-json\/wp\/v2\/types\/post"}],"author":[{"embeddable":true,"href":"https:\/\/www.ikuchyne.sk\/eshop\/wp-json\/wp\/v2\/users\/552"}],"replies":[{"embeddable":true,"href":"https:\/\/www.ikuchyne.sk\/eshop\/wp-json\/wp\/v2\/comments?post=127957"}],"version-history":[{"count":5,"href":"https:\/\/www.ikuchyne.sk\/eshop\/wp-json\/wp\/v2\/posts\/127957\/revisions"}],"predecessor-version":[{"id":147390,"href":"https:\/\/www.ikuchyne.sk\/eshop\/wp-json\/wp\/v2\/posts\/127957\/revisions\/147390"}],"wp:featuredmedia":[{"embeddable":true,"href":"https:\/\/www.ikuchyne.sk\/eshop\/wp-json\/wp\/v2\/media\/126855"}],"wp:attachment":[{"href":"https:\/\/www.ikuchyne.sk\/eshop\/wp-json\/wp\/v2\/media?parent=127957"}],"wp:term":[{"taxonomy":"category","embeddable":true,"href":"https:\/\/www.ikuchyne.sk\/eshop\/wp-json\/wp\/v2\/categories?post=127957"},{"taxonomy":"post_tag","embeddable":true,"href":"https:\/\/www.ikuchyne.sk\/eshop\/wp-json\/wp\/v2\/tags?post=127957"}],"curies":[{"name":"wp","href":"https:\/\/api.w.org\/{rel}","templated":true}]}}