{"id":128284,"date":"2020-05-12T16:44:49","date_gmt":"2020-05-12T14:44:49","guid":{"rendered":"https:\/\/www.ikuchyne.sk\/eshop\/?p=128284"},"modified":"2020-05-12T16:45:20","modified_gmt":"2020-05-12T14:45:20","slug":"kniznica-v-dome","status":"publish","type":"post","link":"https:\/\/www.ikuchyne.sk\/eshop\/kniznica-v-dome\/","title":{"rendered":"Kni\u017enica v dome"},"content":{"rendered":"<p>[vc_row][vc_column][vc_column_text]<span style=\"color: #000000;\"><b>\u017dijeme v dobe, v ktorej displeje a obrazovky pri\u0165ahuj\u00fa na\u0161u pozornos\u0165 takmer po\u010das cel\u00e9ho d\u0148a. Aj napriek tomu v\u00e4\u010d\u0161ina z n\u00e1s nepozn\u00e1 pr\u00edjemnej\u0161ie str\u00e1ven\u00fd \u010das, ako sch\u00fali\u0165 sa v pohodlmom kresle svojej ob\u00fdva\u010dky s ob\u013e\u00fabenou knihou. Knihy s\u00fa pre mnoh\u00fdch z n\u00e1s nielen hobby. S\u00fa na\u0161ou v\u00e1\u0161\u0148ou, zbierame ich po\u010das cel\u00e9ho \u017eivota a znamenaj\u00fa pre n\u00e1s viac ako len kni\u017enica pln\u00e1 papiera. Vytv\u00e1rame si k nim osobn\u00fd vz\u0165ah.<\/b><\/span><\/p>\n<p><span style=\"color: #000000;\"><b>Svojimi kni\u017en\u00fdmi titulmi sa chceme obklopova\u0165, ma\u0165 ich st\u00e1le na o\u010diach, m\u00f4c\u0165 po nich \u013eahko hocikedy siahnu\u0165. Ak pl\u00e1nujete do interi\u00e9ru zakomponova\u0165 kni\u017enicu, nechajte sa in\u0161pirova\u0165 nasleduj\u00facimi tipmi.<\/b><\/span><\/p>\n<p><span style=\"font-weight: 400; color: #000000;\">Pri jej v\u00fdbere by ste mali zohla\u013edni\u0165 viacero faktorov, aby do v\u00e1\u0161ho pr\u00edbytku \u0161t\u00fdlovo zapadla a fukn\u010dne vyhovovala va\u0161im potreb\u00e1m.\u00a0<\/span><\/p>\n<h2><span style=\"color: #e3245e;\"><b>Spr\u00e1vna ve\u013ekos\u0165 kni\u017enice\u00a0<\/b><\/span><\/h2>\n<p><span style=\"color: #000000;\"><b>T\u00e1 bude odv\u00edja\u0165 od ve\u013ekosti miestnosti<\/b><span style=\"font-weight: 400;\">, <strong>do ktorej ste sa rozhodli kni\u017enicu umiestni\u0165.<\/strong> Ak aj v\u00e1\u0161 obytn\u00fd priestor nie je ve\u013ekorys\u00fd, kni\u017enice sa vzda\u0165 nemus\u00edte.<strong> Mo\u017ee by\u0165 s\u00fa\u010das\u0165ou napr\u00edklad ob\u00fdva\u010dkovej zostavy.<\/strong> V<\/span><span style=\"font-weight: 400;\">e\u013ekos\u0165ou primeran\u00e1 kni\u017enica sa d\u00e1 ve\u013emi pr\u00edjemne zakomponova\u0165 do ob\u00fdva\u010dkovej steny. Vyhoviete tak dvom krit\u00e9ri\u00e1m s\u00fa\u010dasne. <\/span><\/span><\/p>\n<p><span style=\"color: #000000;\"><span style=\"font-weight: 400;\">Modern\u00e1 ob\u00fdva\u010dkov\u00e1 stena v spojen\u00ed s kni\u017enicou. Tak\u00fdto prvok odpor\u00fa\u010dame do men\u0161\u00edch ob\u00fdvac\u00edch izieb. <strong>Police neumsia by\u0165 zaplnen\u00e9 iba knihami, umiesnite do nich aj va\u0161e ob\u013e\u00faben\u00e9 predmety \u010di fotografie.<\/strong> V\u00fdsledn\u00fd efekt bude vzdu\u0161n\u00fd a zauj\u00edmav\u00fd. <\/span><\/span>[\/vc_column_text][vc_single_image image=&#8221;128297&#8243; img_size=&#8221;800&#215;533&#8243; add_caption=&#8221;yes&#8221; alignment=&#8221;center&#8221; style=&#8221;vc_box_rounded&#8221; onclick=&#8221;custom_link&#8221; img_link_target=&#8221;_blank&#8221; link=&#8221;https:\/\/ikuchyne.sk\/realizacia-male-krasnany\/&#8221;][\/vc_column][\/vc_row][vc_row][vc_column][vc_column_text]<span style=\"color: #000000;\"><strong>St\u00e1le ve\u013emi \u017eiadan\u00fdmi s\u00fa otovren\u00e9, prepojen\u00e9 priestory kuchyne a ob\u00fdva\u010dky.<\/strong> Prechod t\u00fdchto miestnost\u00ed je vhodn\u00e9 doplni\u0165 napr\u00edklad aj skri\u0148ou s integrovanou kni\u017enicou. <strong>Cie\u013eom je \u0161t\u00fdlov\u00e9 a z\u00e1rove\u0148 funk\u010dn\u00e9 prepojenie cel\u00e9ho kuchynsk\u00e9ho a ob\u00fdvacieho piestroru<\/strong>. Z\u00e1rove\u0148 sa st\u00e1le vyh\u00fdbame pocitu zapratan\u00e9ho miesta v celom priestore. Navy\u0161e jed\u00e1le\u0148 sa \u010dasto vyu\u017e\u00edva aj ako pracovn\u00fd priestor, kni\u017enica poruke bude nanajv\u00fd\u0161 v\u00edtan\u00e1.<\/span>[\/vc_column_text][vc_single_image image=&#8221;128296&#8243; img_size=&#8221;800&#215;533&#8243; add_caption=&#8221;yes&#8221; alignment=&#8221;center&#8221; style=&#8221;vc_box_rounded&#8221; onclick=&#8221;custom_link&#8221; img_link_target=&#8221;_blank&#8221; link=&#8221;https:\/\/ikuchyne.sk\/vzorovy-byt-v-malych-krasnanoch&#8221;][\/vc_column][\/vc_row][vc_row][vc_column][vc_column_text]<span style=\"color: #000000;\"><strong>Ak ste vyzn\u00e1va\u010di industri\u00e1lu, kni\u017eni\u010dn\u00fd reg\u00e1l<\/strong><span style=\"font-weight: 400;\"><strong> v\u00e1m ur\u010dite zapasuje.<\/strong> Kombin\u00e1cia dvoch materi\u00e1lov \u2013 drevo a\u00a0kov, je pre industri\u00e1l nosn\u00e1. Otvoren\u00e1 vzdu\u0161n\u00e1 kon\u0161trukcia, to si mo\u017eete dovoli\u0165 aj do skuto\u010dne mal\u00e9ho priestoru. Nilen knihy si n\u00e1jdu v\u00a0takejto kni\u017enici miesto. Tvarovo a\u00a0ve\u013ekostne vhodn\u00fd interi\u00e9rov\u00fd kvet o\u017eiv\u00ed kni\u017eni\u010dn\u00fd reg\u00e1l v\u00a0industri\u00e1lnom preveden\u00ed.<\/span><\/span>[\/vc_column_text][vc_single_image image=&#8221;128295&#8243; img_size=&#8221;large&#8221; add_caption=&#8221;yes&#8221; alignment=&#8221;center&#8221; style=&#8221;vc_box_rounded&#8221; onclick=&#8221;custom_link&#8221; img_link_target=&#8221;_blank&#8221; link=&#8221;https:\/\/ikuchyne.sk\/eshop\/produkt\/regal-barracuda-186cm\/&#8221;][vc_column_text]<span style=\"color: #000000;\"><strong>Ak m\u00e1te v\u0161ak pre kni\u017enicu priestor sk\u00f4r neobmedzen\u00fd, mo\u017enost\u00ed je takmer nekone\u010dne.<\/strong> Vstavanou kni\u017enicou na cel\u00fa stenu dod\u00e1te miestnosti h\u013abku, charakter, a presne \u0161pecifikovan\u00fd v\u00fdznam. Akoby nekone\u010dn\u00e1 zabudovan\u00e1 kni\u017enica, ohrani\u010den\u00e1 podlahou a plaf\u00f3nom vytv\u00e1ra priestor pre umiestnenie v\u0161etk\u00fdch va\u0161ich kni\u017en\u00fdch l\u00e1sok. <\/span><\/p>\n<p><span style=\"color: #000000;\"><strong>Typick\u00e9mu kni\u017eni\u010dn\u00e9mu knihoradiu sa vyhnete, ak d\u00f4myselne prestriedate v\u00fd\u0161ky a \u0161\u00edrky jednotliv\u00fdch pol\u00edc alebo budete kombinova\u0165 otvoren\u00e9 a zatvoren\u00e9 police.<\/strong> Z kni\u017enice sa tak vo va\u0161om obytnom priestore stane nosn\u00fd \u0161t\u00fdlotvorn\u00fd prvok so zachovanou prim\u00e1rnou funkciou. <\/span>[\/vc_column_text][vc_message icon_fontawesome=&#8221;fa fa-lightbulb-o&#8221;]<b>Rada odborn\u00edka:<\/b> Spolu s\u00a0knihami sa do kni\u017enice hodia aj in\u00e9 umeleck\u00e9 predmety. V\u00fdborne vizu\u00e1lne vyznej\u00fa men\u0161ie plastiky \u010di dekor\u00e1cie jednoduch\u00fdch tvarov, ale rozmanit\u00fdch ve\u013ekosti (napr. dve v\u00e1zy podobn\u00e9ho \u0161t\u00fdlu ale r\u00f4znych rozmerov). Farebnos\u0165 dekora\u010dn\u00fdch predmetov\u00a0 &#8211; t\u00f3n v\u00a0t\u00f3ne bude v\u00e1\u0161mu oku lahodiaca.\u00a0 Cel\u00e1 kni\u017enica bude\u00a0 p\u00f4sobi\u0165 komplexne<span style=\"font-weight: 400;\">.<\/span>[\/vc_message][vc_single_image image=&#8221;128294&#8243; img_size=&#8221;large&#8221; add_caption=&#8221;yes&#8221; alignment=&#8221;center&#8221; style=&#8221;vc_box_rounded&#8221;][vc_column_text]<\/p>\n<h2><span style=\"color: #e3245e;\"><b>Materi\u00e1lov\u00e9 prevedenie\u00a0<\/b><\/span><\/h2>\n<h3><span style=\"color: #e3245e;\">Najtypickej\u0161\u00edmi s\u00fa st\u00e1le dreven\u00e9 kni\u017enice. <\/span><\/h3>\n<p><span style=\"color: #000000;\"><span style=\"font-weight: 400;\"><strong>Drevo vn\u00e1\u0161a do interi\u00e9ru pocit tepla, pohodlia, \u010do k\u00a0ve\u010deru s\u00a0knihou neodmyslite\u013ene patr\u00ed.<\/strong> Asi tak \u013eahko sa dreven\u00e9 kni\u017enice nenahradia in\u00fdmi. S\u00fa praktick\u00e9 na \u00fadr\u017ebu, vzh\u013eadom origin\u00e1lne. M\u00f4\u017eu by\u0165 lakovan\u00e9 alebo olejovan\u00e9. Olejovan\u00e9 si vy\u017eaduj\u00fa v\u00e4\u010d\u0161iu pozornos\u0165 pri \u00fadr\u017ebe. <\/span><\/span><\/p>\n<p><span style=\"color: #000000;\"><b>Ve\u013ekou<\/b> <b>v\u00fdhodou dreven\u00fdch kni\u017en\u00edc je \u0161t\u00fdlov\u00e1 univerz\u00e1lnos\u0165, dobre sa kombinuj\u00fa s\u00a0klasick\u00fdm \u010di modren\u00fdm interi\u00e9rom<\/b><span style=\"font-weight: 400;\">. \u010co sa t\u00fdka farebnosti, spektrum je \u0161irok\u00e9. Pre zabudovan\u00fa kni\u017enicu, takpovediac ,,namieru\u201c je drevo vo\u013ebou \u010d\u00edslo jeden! Aj v na\u0161om eshope<\/span><span style=\"font-weight: 400;\"> n\u00e1jdete aj zauj\u00edmav\u00fa dreven\u00fa kni\u017enicu <span style=\"color: #e3245e;\"><a style=\"color: #e3245e;\" href=\"https:\/\/ikuchyne.sk\/eshop\/produkt\/regal-makassar-180cm-sheesham\/\" class=\"broken_link\">Makassar<\/a><\/span> s\u00a0v\u00fd\u0161kou 180cm. Tento reg\u00e1l je z\u00a0tvrd\u00e9ho indick\u00e9ho palisandru a\u00a0n\u00e1sledne lakovan\u00fd. Pon\u00fakame v\u00e1m aj in\u0161pir\u00e1ciu na jeho umiestnenie, na \u010fal\u0161om obr\u00e1zku.<\/span><\/span>[\/vc_column_text][vc_single_image image=&#8221;128300&#8243; img_size=&#8221;large&#8221; add_caption=&#8221;yes&#8221; alignment=&#8221;center&#8221; style=&#8221;vc_box_rounded&#8221; onclick=&#8221;custom_link&#8221; img_link_target=&#8221;_blank&#8221; link=&#8221;https:\/\/www.ikuchyne.sk\/eshop\/produkt\/regal-makassar-150cm-xl-sheesham\/&#8221;][vc_message icon_fontawesome=&#8221;fa fa-lightbulb-o&#8221;]<b>Rada odborn\u00edka:<\/b><\/p>\n<p>Ak m\u00e1te v\u00a0interi\u00e9ri kni\u017enicu z\u00a0dreva, sna\u017ete sa, aby teplota v\u00a0miestnosti bola okolo 20 stup\u0148ov a\u00a0vlhkos\u0165 okolo 40-60%. Drevo je st\u00e1le \u017eiv\u00fdm materi\u00e1lom a\u00a0neust\u00e1le reaguje na zmenu vlhkosti a\u00a0teploty v\u00a0miestnosti.<\/p>\n<p>Dajte si pozor, aby ste kni\u017enicu neumiestnili bl\u00edzko vykurovacieho zariadenia![\/vc_message][vc_column_text]<\/p>\n<h3><span style=\"color: #e3245e;\">Na druhej strane modern\u00fd \u0161t\u00fdl b\u00fdvania stavia na kombin\u00e1cii materi\u00e1lov drevo a\u00a0sklo.<\/span><\/h3>\n<p><span style=\"color: #000000;\"><span style=\"font-weight: 400;\">Vhodn\u00fdm a \u013eahko udr\u017eiavate\u013en\u00fdm je drevovl\u00e1knit\u00fd materi\u00e1l v lakovanom preveden\u00ed. \u010co sa t\u00fdka skla, dbajte o to, aby bolo odoln\u00e9, bezpe\u010dnostn\u00e9 (termovl\u00e1knit\u00e9). So sklom kombinovan\u00e1 kni\u017enica, sa bude hodi\u0165 aj na tmav\u0161ie miesto, vhodne ho presvetl\u00ed.<\/span><\/span>[\/vc_column_text][vc_single_image image=&#8221;128292&#8243; img_size=&#8221;large&#8221; add_caption=&#8221;yes&#8221; alignment=&#8221;center&#8221; style=&#8221;vc_box_rounded&#8221; onclick=&#8221;custom_link&#8221; img_link_target=&#8221;_blank&#8221; link=&#8221;https:\/\/ikuchyne.sk\/eshop\/produkt\/regal-onyx-180cm-biela-sklo-dub\/&#8221;][vc_column_text]<\/p>\n<h3><span style=\"color: #000000;\"><span style=\"color: #e3245e;\">Industri\u00e1lny \u0161t\u00fdl sa dr\u017e\u00ed svojho kovovo &#8211; dreven\u00e9ho prevedenia<\/span><span style=\"font-weight: 400;\"><span style=\"color: #e3245e;\">.<\/span> <\/span><\/span><\/h3>\n<p><span style=\"color: #000000;\"><span style=\"font-weight: 400;\">Kovov\u00e1 kon\u0161trukcia v tmavej farbe podporuje pevnos\u0165 a dominantnos\u0165 ka\u017ed\u00e9ho kusu n\u00e1bytku v industri\u00e1lnom \u0161t\u00fdle. Ide o stabiln\u00e9 a mas\u00edvne p\u00f4sobiace kusy v interi\u00e9ri. Pre maxim\u00e1lne zachovanie natur\u00e1lneho vzh\u013eadu b\u00fdva drevo nelakovan\u00e9. V takomto pr\u00edpade je potrebn\u00e9 o \u00fadr\u017ebu dreva dba\u0165 viac. Na o\u0161etrenie sa odpor\u00fa\u010daj\u00fa oleje a vosky, ktor\u00e9 zachovaj\u00fa hodv\u00e1bny vzh\u013ead dreva.\u00a0 \u017delezn\u00fa kon\u0161trukciu pova\u017eujeme takpovediac za bez\u00fadr\u017ebov\u00fa. <\/span><\/span>[\/vc_column_text][vc_single_image image=&#8221;128291&#8243; img_size=&#8221;large&#8221; add_caption=&#8221;yes&#8221; alignment=&#8221;center&#8221; style=&#8221;vc_box_rounded&#8221; onclick=&#8221;custom_link&#8221; img_link_target=&#8221;_blank&#8221; link=&#8221;https:\/\/ikuchyne.sk\/eshop\/produkt\/regal-factory-180cm-agat-vapneny\/&#8221;][vc_column_text]<\/p>\n<h2><span style=\"color: #e3245e;\"><strong>Umiestnenie kni\u017enice<\/strong><\/span><\/h2>\n<p><span style=\"color: #000000;\"><strong>Umiestnenie z\u00e1le\u017e\u00ed od va\u0161ich preferenci\u00ed, ale kni\u017enicu vo svojom pr\u00edbytku zle umiestni\u0165 nem\u00f4\u017eete!<\/strong> Za typick\u00e9 miesta pova\u017eujeme ob\u00fdva\u010dku, men\u0161ia kni\u017enica v sp\u00e1lni bude v\u017edy aktu\u00e1lna. Ak m\u00e1te v dome pracov\u0148u, v nej sa kni\u017enica takmer o\u010dak\u00e1va. Nebojte sa by\u0165 kreat\u00edvnej\u0161\u00ed a odv\u00e1\u017enej\u0161\u00ed. <\/span><\/p>\n<p><span style=\"color: #000000;\"><strong>Ak ob\u00fdvate men\u0161\u00ed dom \u010di byt, vyu\u017eite takpovediac ka\u017ed\u00fd roh \u010di k\u00fat.<\/strong> Prin\u00e1\u0161ame v\u00e1m tipy na kni\u017enice zabudovan\u00e9 v relaxa\u010dnom k\u00fate a kni\u017enicu vsaden\u00fa do sedenia pod oknom. Pr\u00e1zdne, nevyu\u017eit\u00e9 miesta tak z\u00edskaj\u00fa nov\u00fa funkciu.<\/span>[\/vc_column_text][vc_single_image image=&#8221;128290&#8243; img_size=&#8221;large&#8221; add_caption=&#8221;yes&#8221; alignment=&#8221;center&#8221; style=&#8221;vc_box_rounded&#8221;][\/vc_column][\/vc_row][vc_row][vc_column][vc_column_text]<span style=\"color: #000000;\"><b>Kni\u017enica ako deliaca stena medzi dvoma miestnos\u0165ami<\/b><span style=\"font-weight: 400;\"><span style=\"color: #000000;\">. Pova\u017eujeme ju za ve\u013emi \u0161t\u00fdlov\u00fd prvok, sp\u00e1jaj\u00faci v\u00a0sebe viacero funkci\u00ed. Pr\u00edstupnos\u0165 je mo\u017en\u00e1 z\u00a0oboch str\u00e1n, z\u00e1rove\u0148 prep\u00fa\u0161\u0165a aj dostatok svetla. Ak chcete, aby vynikla, zvo\u013ete kontrastn\u00e9 farebn\u00e9 prevedenie vo\u010di ostatn\u00e9mu zariadeniu vo va\u0161om byte. Ide o\u00a0trendov\u00fa, ale z\u00e1rove\u0148 nad\u010dasov\u00fa realiz\u00e1ciu.<\/span>\u00a0<\/span><\/span>[\/vc_column_text][vc_single_image image=&#8221;128289&#8243; img_size=&#8221;large&#8221; add_caption=&#8221;yes&#8221; alignment=&#8221;center&#8221; style=&#8221;vc_box_rounded&#8221;][vc_column_text]<span style=\"color: #000000;\"><b>Ak sa vo va\u0161om dome nach\u00e1dza st\u013ap, m\u00f4\u017eete ho vyu\u017ei\u0165 aj na netradi\u010dne p\u00f4sobiacu ale na 100% funk\u010dn\u00fa kni\u017enicu.<\/b><span style=\"font-weight: 400;\"> V\u00e1\u0161mu b\u00fdvaniu to d\u00e1 nov\u00fd rozmer a za tento n\u00e1pad budete \u017ea\u0165 slov\u00e1 chv\u00e1ly od ka\u017edej n\u00e1v\u0161tevy. Nutne statick\u00fd prvok zrazu pon\u00fakne interesantn\u00e9 vyu\u017eite. <\/span><\/span><\/p>\n<p><span style=\"color: #000000;\"><span style=\"font-weight: 400;\"><strong>Takto vytvoren\u00e1 kni\u017enica sa stane s\u00fa\u010das\u0165ou zmyslupln\u00e9ho, ale aj \u00faplne origin\u00e1lneho zariadenia<\/strong>. Kon\u0161truk\u010dne nejde o\u00a0zlo\u017eit\u00fa ani n\u00e1kladn\u00fa realiz\u00e1ciu, v\u00fdsledok bude v\u0161ak zaru\u010dene efektn\u00fd!\u00a0<\/span><\/span>[\/vc_column_text][vc_single_image image=&#8221;128288&#8243; img_size=&#8221;large&#8221; add_caption=&#8221;yes&#8221; alignment=&#8221;center&#8221; style=&#8221;vc_box_rounded&#8221;][vc_column_text]<span style=\"color: #000000;\">Ak zva\u017eujete, \u010di realizova\u0165 kni\u017enicu v\u00a0interi\u00e9ri, my sme ur\u010dite ZA! Vd\u00fdchnete priestoru nev\u0161edn\u00e9ho ducha. Kreat\u00edvne rozmiestnenie kn\u00edh bude p\u00f4sobi\u0165 hravo a\u00a0m\u00f4\u017eete ho kedyko\u013evek obmeni\u0165. <strong>Police m\u00f4\u017eete dekorova\u0165 aj in\u00fdmi predmetmi, ku ktor\u00fdm m\u00e1te rovnako osobn\u00fd vz\u0165ah ako ku knih\u00e1m.<\/strong> Vyhnete\u00a0 sa tak nudne p\u00f4sobiacej kni\u017enici.\u00a0<\/span><\/p>\n<p><span style=\"color: #000000;\">Kni\u017enicou ,,namieru\u201c vyjadr\u00edte svoju originalitu. <strong>Dr\u017ete sa v\u0161ak z\u00e1kladn\u00e9ho pravidla \u2013 ve\u013ekos\u0165 kni\u017enice by sa mala odv\u00edja\u0165 od ve\u013ekosti priestoru, v\u00a0ktorom bude kni\u017enica umiestnen\u00e1!<\/strong>\u00a0<\/span>[\/vc_column_text][\/vc_column][\/vc_row]<\/p>\n","protected":false},"excerpt":{"rendered":"<p>[vc_row][vc_column][vc_column_text]\u017dijeme v dobe, v ktorej displeje a obrazovky pri\u0165ahuj\u00fa na\u0161u pozornos\u0165 takmer po\u010das cel\u00e9ho d\u0148a. Aj napriek tomu v\u00e4\u010d\u0161ina z n\u00e1s nepozn\u00e1 pr\u00edjemnej\u0161ie str\u00e1ven\u00fd \u010das, ako sch\u00fali\u0165 sa v pohodlmom<\/p>\n","protected":false},"author":552,"featured_media":128297,"comment_status":"closed","ping_status":"open","sticky":false,"template":"","format":"standard","meta":{"footnotes":""},"categories":[1010,1012],"tags":[],"yoast_head":"<!-- This site is optimized with the Yoast SEO plugin v22.1 - https:\/\/yoast.com\/wordpress\/plugins\/seo\/ -->\n<title>Kni\u017enica v dome - ako sa s\u0148ou vysporiada\u0165? &#187; iKuchyne.sk<\/title>\n<meta name=\"description\" content=\"Knihy s\u00fa pre mnoh\u00fdch z n\u00e1s nielen hobby. Ako by mohla vyzera\u0165 va\u0161a nov\u00e1 kni\u017enica v dome? Pozrite sa s nami na tieto tipy!\" \/>\n<meta name=\"robots\" content=\"index, follow, max-snippet:-1, max-image-preview:large, max-video-preview:-1\" \/>\n<link rel=\"canonical\" href=\"https:\/\/www.ikuchyne.sk\/eshop\/kniznica-v-dome\/\" \/>\n<meta property=\"og:locale\" content=\"sk_SK\" \/>\n<meta property=\"og:type\" content=\"article\" \/>\n<meta property=\"og:title\" content=\"Kni\u017enica v dome - ako sa s\u0148ou vysporiada\u0165? &#187; iKuchyne.sk\" \/>\n<meta property=\"og:description\" content=\"Knihy s\u00fa pre mnoh\u00fdch z n\u00e1s nielen hobby. Ako by mohla vyzera\u0165 va\u0161a nov\u00e1 kni\u017enica v dome? Pozrite sa s nami na tieto tipy!\" \/>\n<meta property=\"og:url\" content=\"https:\/\/www.ikuchyne.sk\/eshop\/kniznica-v-dome\/\" \/>\n<meta property=\"og:site_name\" content=\"iKuchyne iSHOP s n\u00e1bytkom\" \/>\n<meta property=\"article:publisher\" content=\"https:\/\/www.facebook.com\/ikuchyne\/\" \/>\n<meta property=\"article:published_time\" content=\"2020-05-12T14:44:49+00:00\" \/>\n<meta property=\"article:modified_time\" content=\"2020-05-12T14:45:20+00:00\" \/>\n<meta property=\"og:image\" content=\"https:\/\/www.ikuchyne.sk\/eshop\/wp-content\/uploads\/2020\/05\/obyvacka.jpg\" \/>\n\t<meta property=\"og:image:width\" content=\"1280\" \/>\n\t<meta property=\"og:image:height\" content=\"853\" \/>\n\t<meta property=\"og:image:type\" content=\"image\/jpeg\" \/>\n<meta name=\"author\" content=\"Michaela \u0160ediv\u00e1\" \/>\n<meta name=\"twitter:card\" content=\"summary_large_image\" \/>\n<meta name=\"twitter:label1\" content=\"Autor\" \/>\n\t<meta name=\"twitter:data1\" content=\"Michaela \u0160ediv\u00e1\" \/>\n\t<meta name=\"twitter:label2\" content=\"Predpokladan\u00fd \u010das \u010d\u00edtania\" \/>\n\t<meta name=\"twitter:data2\" content=\"9 min\u00fat\" \/>\n<script type=\"application\/ld+json\" class=\"yoast-schema-graph\">{\"@context\":\"https:\/\/schema.org\",\"@graph\":[{\"@type\":\"Article\",\"@id\":\"https:\/\/www.ikuchyne.sk\/eshop\/kniznica-v-dome\/#article\",\"isPartOf\":{\"@id\":\"https:\/\/www.ikuchyne.sk\/eshop\/kniznica-v-dome\/\"},\"author\":{\"name\":\"Michaela \u0160ediv\u00e1\",\"@id\":\"https:\/\/www.ikuchyne.sk\/eshop\/#\/schema\/person\/9f339877269d8d0ccd7c452e8549848c\"},\"headline\":\"Kni\u017enica v dome\",\"datePublished\":\"2020-05-12T14:44:49+00:00\",\"dateModified\":\"2020-05-12T14:45:20+00:00\",\"mainEntityOfPage\":{\"@id\":\"https:\/\/www.ikuchyne.sk\/eshop\/kniznica-v-dome\/\"},\"wordCount\":1739,\"publisher\":{\"@id\":\"https:\/\/www.ikuchyne.sk\/eshop\/#organization\"},\"articleSection\":[\"N\u00c1BYTOK\",\"Ob\u00fdva\u010dky\"],\"inLanguage\":\"sk-SK\"},{\"@type\":\"WebPage\",\"@id\":\"https:\/\/www.ikuchyne.sk\/eshop\/kniznica-v-dome\/\",\"url\":\"https:\/\/www.ikuchyne.sk\/eshop\/kniznica-v-dome\/\",\"name\":\"Kni\u017enica v dome - ako sa s\u0148ou vysporiada\u0165? &#187; iKuchyne.sk\",\"isPartOf\":{\"@id\":\"https:\/\/www.ikuchyne.sk\/eshop\/#website\"},\"datePublished\":\"2020-05-12T14:44:49+00:00\",\"dateModified\":\"2020-05-12T14:45:20+00:00\",\"description\":\"Knihy s\u00fa pre mnoh\u00fdch z n\u00e1s nielen hobby. Ako by mohla vyzera\u0165 va\u0161a nov\u00e1 kni\u017enica v dome? Pozrite sa s nami na tieto tipy!\",\"breadcrumb\":{\"@id\":\"https:\/\/www.ikuchyne.sk\/eshop\/kniznica-v-dome\/#breadcrumb\"},\"inLanguage\":\"sk-SK\",\"potentialAction\":[{\"@type\":\"ReadAction\",\"target\":[\"https:\/\/www.ikuchyne.sk\/eshop\/kniznica-v-dome\/\"]}]},{\"@type\":\"BreadcrumbList\",\"@id\":\"https:\/\/www.ikuchyne.sk\/eshop\/kniznica-v-dome\/#breadcrumb\",\"itemListElement\":[{\"@type\":\"ListItem\",\"position\":1,\"name\":\"Home\",\"item\":\"https:\/\/www.ikuchyne.sk\/eshop\/\"},{\"@type\":\"ListItem\",\"position\":2,\"name\":\"Kni\u017enica v dome\"}]},{\"@type\":\"WebSite\",\"@id\":\"https:\/\/www.ikuchyne.sk\/eshop\/#website\",\"url\":\"https:\/\/www.ikuchyne.sk\/eshop\/\",\"name\":\"iKuchyne iSHOP s n\u00e1bytkom\",\"description\":\"Jed\u00e1lensk\u00e9 stoly, stoli\u010dky, n\u00e1bytok, svietidl\u00e1...\",\"publisher\":{\"@id\":\"https:\/\/www.ikuchyne.sk\/eshop\/#organization\"},\"potentialAction\":[{\"@type\":\"SearchAction\",\"target\":{\"@type\":\"EntryPoint\",\"urlTemplate\":\"https:\/\/www.ikuchyne.sk\/eshop\/?s={search_term_string}\"},\"query-input\":\"required name=search_term_string\"}],\"inLanguage\":\"sk-SK\"},{\"@type\":\"Organization\",\"@id\":\"https:\/\/www.ikuchyne.sk\/eshop\/#organization\",\"name\":\"ikuchyne!\",\"url\":\"https:\/\/www.ikuchyne.sk\/eshop\/\",\"logo\":{\"@type\":\"ImageObject\",\"inLanguage\":\"sk-SK\",\"@id\":\"https:\/\/www.ikuchyne.sk\/eshop\/#\/schema\/logo\/image\/\",\"url\":\"https:\/\/www.ikuchyne.sk\/eshop\/wp-content\/uploads\/2017\/04\/ikuchyne-logo.jpg\",\"contentUrl\":\"https:\/\/www.ikuchyne.sk\/eshop\/wp-content\/uploads\/2017\/04\/ikuchyne-logo.jpg\",\"width\":200,\"height\":48,\"caption\":\"ikuchyne!\"},\"image\":{\"@id\":\"https:\/\/www.ikuchyne.sk\/eshop\/#\/schema\/logo\/image\/\"},\"sameAs\":[\"https:\/\/www.facebook.com\/ikuchyne\/\",\"https:\/\/www.instagram.com\/ikuchyne.sk\/\",\"https:\/\/sk.pinterest.com\/ikuchynesk\/\"]},{\"@type\":\"Person\",\"@id\":\"https:\/\/www.ikuchyne.sk\/eshop\/#\/schema\/person\/9f339877269d8d0ccd7c452e8549848c\",\"name\":\"Michaela \u0160ediv\u00e1\",\"image\":{\"@type\":\"ImageObject\",\"inLanguage\":\"sk-SK\",\"@id\":\"https:\/\/www.ikuchyne.sk\/eshop\/#\/schema\/person\/image\/\",\"url\":\"https:\/\/www.ikuchyne.sk\/eshop\/wp-content\/plugins\/wp-user-avatar\/deprecated\/wp-user-avatar\/images\/wpua-96x96.png\",\"contentUrl\":\"https:\/\/www.ikuchyne.sk\/eshop\/wp-content\/plugins\/wp-user-avatar\/deprecated\/wp-user-avatar\/images\/wpua-96x96.png\",\"caption\":\"Michaela \u0160ediv\u00e1\"},\"description\":\"Michaela sa vo vo\u013enom \u010dase venuje copywritingu a interi\u00e9rov\u00e9mu dizajnu. Medzi jej z\u00e1\u013euby patr\u00ed dobr\u00e1 kniha a oddych v pr\u00edrode.\",\"url\":\"https:\/\/www.ikuchyne.sk\/eshop\/author\/michaela-sediva\/\"}]}<\/script>\n<!-- \/ Yoast SEO plugin. -->","yoast_head_json":{"title":"Kni\u017enica v dome - ako sa s\u0148ou vysporiada\u0165? &#187; iKuchyne.sk","description":"Knihy s\u00fa pre mnoh\u00fdch z n\u00e1s nielen hobby. Ako by mohla vyzera\u0165 va\u0161a nov\u00e1 kni\u017enica v dome? Pozrite sa s nami na tieto tipy!","robots":{"index":"index","follow":"follow","max-snippet":"max-snippet:-1","max-image-preview":"max-image-preview:large","max-video-preview":"max-video-preview:-1"},"canonical":"https:\/\/www.ikuchyne.sk\/eshop\/kniznica-v-dome\/","og_locale":"sk_SK","og_type":"article","og_title":"Kni\u017enica v dome - ako sa s\u0148ou vysporiada\u0165? &#187; iKuchyne.sk","og_description":"Knihy s\u00fa pre mnoh\u00fdch z n\u00e1s nielen hobby. Ako by mohla vyzera\u0165 va\u0161a nov\u00e1 kni\u017enica v dome? Pozrite sa s nami na tieto tipy!","og_url":"https:\/\/www.ikuchyne.sk\/eshop\/kniznica-v-dome\/","og_site_name":"iKuchyne iSHOP s n\u00e1bytkom","article_publisher":"https:\/\/www.facebook.com\/ikuchyne\/","article_published_time":"2020-05-12T14:44:49+00:00","article_modified_time":"2020-05-12T14:45:20+00:00","og_image":[{"width":1280,"height":853,"url":"https:\/\/www.ikuchyne.sk\/eshop\/wp-content\/uploads\/2020\/05\/obyvacka.jpg","type":"image\/jpeg"}],"author":"Michaela \u0160ediv\u00e1","twitter_card":"summary_large_image","twitter_misc":{"Autor":"Michaela \u0160ediv\u00e1","Predpokladan\u00fd \u010das \u010d\u00edtania":"9 min\u00fat"},"schema":{"@context":"https:\/\/schema.org","@graph":[{"@type":"Article","@id":"https:\/\/www.ikuchyne.sk\/eshop\/kniznica-v-dome\/#article","isPartOf":{"@id":"https:\/\/www.ikuchyne.sk\/eshop\/kniznica-v-dome\/"},"author":{"name":"Michaela \u0160ediv\u00e1","@id":"https:\/\/www.ikuchyne.sk\/eshop\/#\/schema\/person\/9f339877269d8d0ccd7c452e8549848c"},"headline":"Kni\u017enica v dome","datePublished":"2020-05-12T14:44:49+00:00","dateModified":"2020-05-12T14:45:20+00:00","mainEntityOfPage":{"@id":"https:\/\/www.ikuchyne.sk\/eshop\/kniznica-v-dome\/"},"wordCount":1739,"publisher":{"@id":"https:\/\/www.ikuchyne.sk\/eshop\/#organization"},"articleSection":["N\u00c1BYTOK","Ob\u00fdva\u010dky"],"inLanguage":"sk-SK"},{"@type":"WebPage","@id":"https:\/\/www.ikuchyne.sk\/eshop\/kniznica-v-dome\/","url":"https:\/\/www.ikuchyne.sk\/eshop\/kniznica-v-dome\/","name":"Kni\u017enica v dome - ako sa s\u0148ou vysporiada\u0165? &#187; iKuchyne.sk","isPartOf":{"@id":"https:\/\/www.ikuchyne.sk\/eshop\/#website"},"datePublished":"2020-05-12T14:44:49+00:00","dateModified":"2020-05-12T14:45:20+00:00","description":"Knihy s\u00fa pre mnoh\u00fdch z n\u00e1s nielen hobby. Ako by mohla vyzera\u0165 va\u0161a nov\u00e1 kni\u017enica v dome? Pozrite sa s nami na tieto tipy!","breadcrumb":{"@id":"https:\/\/www.ikuchyne.sk\/eshop\/kniznica-v-dome\/#breadcrumb"},"inLanguage":"sk-SK","potentialAction":[{"@type":"ReadAction","target":["https:\/\/www.ikuchyne.sk\/eshop\/kniznica-v-dome\/"]}]},{"@type":"BreadcrumbList","@id":"https:\/\/www.ikuchyne.sk\/eshop\/kniznica-v-dome\/#breadcrumb","itemListElement":[{"@type":"ListItem","position":1,"name":"Home","item":"https:\/\/www.ikuchyne.sk\/eshop\/"},{"@type":"ListItem","position":2,"name":"Kni\u017enica v dome"}]},{"@type":"WebSite","@id":"https:\/\/www.ikuchyne.sk\/eshop\/#website","url":"https:\/\/www.ikuchyne.sk\/eshop\/","name":"iKuchyne iSHOP s n\u00e1bytkom","description":"Jed\u00e1lensk\u00e9 stoly, stoli\u010dky, n\u00e1bytok, svietidl\u00e1...","publisher":{"@id":"https:\/\/www.ikuchyne.sk\/eshop\/#organization"},"potentialAction":[{"@type":"SearchAction","target":{"@type":"EntryPoint","urlTemplate":"https:\/\/www.ikuchyne.sk\/eshop\/?s={search_term_string}"},"query-input":"required name=search_term_string"}],"inLanguage":"sk-SK"},{"@type":"Organization","@id":"https:\/\/www.ikuchyne.sk\/eshop\/#organization","name":"ikuchyne!","url":"https:\/\/www.ikuchyne.sk\/eshop\/","logo":{"@type":"ImageObject","inLanguage":"sk-SK","@id":"https:\/\/www.ikuchyne.sk\/eshop\/#\/schema\/logo\/image\/","url":"https:\/\/www.ikuchyne.sk\/eshop\/wp-content\/uploads\/2017\/04\/ikuchyne-logo.jpg","contentUrl":"https:\/\/www.ikuchyne.sk\/eshop\/wp-content\/uploads\/2017\/04\/ikuchyne-logo.jpg","width":200,"height":48,"caption":"ikuchyne!"},"image":{"@id":"https:\/\/www.ikuchyne.sk\/eshop\/#\/schema\/logo\/image\/"},"sameAs":["https:\/\/www.facebook.com\/ikuchyne\/","https:\/\/www.instagram.com\/ikuchyne.sk\/","https:\/\/sk.pinterest.com\/ikuchynesk\/"]},{"@type":"Person","@id":"https:\/\/www.ikuchyne.sk\/eshop\/#\/schema\/person\/9f339877269d8d0ccd7c452e8549848c","name":"Michaela \u0160ediv\u00e1","image":{"@type":"ImageObject","inLanguage":"sk-SK","@id":"https:\/\/www.ikuchyne.sk\/eshop\/#\/schema\/person\/image\/","url":"https:\/\/www.ikuchyne.sk\/eshop\/wp-content\/plugins\/wp-user-avatar\/deprecated\/wp-user-avatar\/images\/wpua-96x96.png","contentUrl":"https:\/\/www.ikuchyne.sk\/eshop\/wp-content\/plugins\/wp-user-avatar\/deprecated\/wp-user-avatar\/images\/wpua-96x96.png","caption":"Michaela \u0160ediv\u00e1"},"description":"Michaela sa vo vo\u013enom \u010dase venuje copywritingu a interi\u00e9rov\u00e9mu dizajnu. Medzi jej z\u00e1\u013euby patr\u00ed dobr\u00e1 kniha a oddych v pr\u00edrode.","url":"https:\/\/www.ikuchyne.sk\/eshop\/author\/michaela-sediva\/"}]}},"_links":{"self":[{"href":"https:\/\/www.ikuchyne.sk\/eshop\/wp-json\/wp\/v2\/posts\/128284"}],"collection":[{"href":"https:\/\/www.ikuchyne.sk\/eshop\/wp-json\/wp\/v2\/posts"}],"about":[{"href":"https:\/\/www.ikuchyne.sk\/eshop\/wp-json\/wp\/v2\/types\/post"}],"author":[{"embeddable":true,"href":"https:\/\/www.ikuchyne.sk\/eshop\/wp-json\/wp\/v2\/users\/552"}],"replies":[{"embeddable":true,"href":"https:\/\/www.ikuchyne.sk\/eshop\/wp-json\/wp\/v2\/comments?post=128284"}],"version-history":[{"count":4,"href":"https:\/\/www.ikuchyne.sk\/eshop\/wp-json\/wp\/v2\/posts\/128284\/revisions"}],"predecessor-version":[{"id":128301,"href":"https:\/\/www.ikuchyne.sk\/eshop\/wp-json\/wp\/v2\/posts\/128284\/revisions\/128301"}],"wp:featuredmedia":[{"embeddable":true,"href":"https:\/\/www.ikuchyne.sk\/eshop\/wp-json\/wp\/v2\/media\/128297"}],"wp:attachment":[{"href":"https:\/\/www.ikuchyne.sk\/eshop\/wp-json\/wp\/v2\/media?parent=128284"}],"wp:term":[{"taxonomy":"category","embeddable":true,"href":"https:\/\/www.ikuchyne.sk\/eshop\/wp-json\/wp\/v2\/categories?post=128284"},{"taxonomy":"post_tag","embeddable":true,"href":"https:\/\/www.ikuchyne.sk\/eshop\/wp-json\/wp\/v2\/tags?post=128284"}],"curies":[{"name":"wp","href":"https:\/\/api.w.org\/{rel}","templated":true}]}}