{"id":128521,"date":"2020-05-15T15:41:32","date_gmt":"2020-05-15T13:41:32","guid":{"rendered":"https:\/\/www.ikuchyne.sk\/eshop\/?p=128521"},"modified":"2020-10-21T14:01:22","modified_gmt":"2020-10-21T12:01:22","slug":"industrialny-styl-byvania-inspirujte-sa","status":"publish","type":"post","link":"https:\/\/www.ikuchyne.sk\/eshop\/industrialny-styl-byvania-inspirujte-sa\/","title":{"rendered":"Industri\u00e1lny \u0161t\u00fdl b\u00fdvania: in\u0161pirujte sa!"},"content":{"rendered":"<p>[vc_row][vc_column][vc_column_text]<span style=\"color: #000000;\"><strong>Industri\u00e1lny, priemyseln\u00fd alebo loftov\u00fd. V\u0161etky tieto pomenovania ozna\u010duj\u00fa to ist\u00e9: \u0161t\u00fdl b\u00fdvania s charakteristick\u00fdmi prvkami vo vzh\u013eade star\u00fdch tov\u00e1rn\u00ed. Aj ke\u010f industri\u00e1lny \u0161t\u00fdl b\u00fdvania p\u00f4vodne vznikol ako n\u00fadzov\u00e9 rie\u0161enie, v s\u00fa\u010dasnosti je ve\u013emi modern\u00fd a popul\u00e1rny. Ob\u013eubuj\u00fa ho najm\u00e4 mlad\u00ed \u013eudia a umelecky zameran\u00e9 du\u0161e, ako napr\u00edklad architekti a dizajn\u00e9ri.<\/strong><\/span>[\/vc_column_text][vc_single_image image=&#8221;119247&#8243; img_size=&#8221;large&#8221; add_caption=&#8221;yes&#8221; alignment=&#8221;center&#8221; style=&#8221;vc_box_rounded&#8221;][\/vc_column][\/vc_row][vc_row][vc_column][vc_column_text]<\/p>\n<h2><span style=\"color: #e3245e;\"><b>O \u010do vlastne ide?\u00a0<\/b><\/span><\/h2>\n<p><span style=\"font-weight: 400; color: #000000;\"><strong>Industri\u00e1lny \u0161t\u00fdl vznikol v\u010faka snahe premeni\u0165 u\u017e nevyu\u017e\u00edvan\u00e9, kedysi<\/strong> <strong>priemyseln\u00e9 priestory na obytn\u00e9 objekty<\/strong>. Nesna\u017e\u00ed sa pritom o rekon\u0161trukciu alebo renov\u00e1ciu, pr\u00e1ve naopak &#8211; <strong>p\u00f4vodn\u00fd priemyseln\u00fd r\u00e1z sa zachov\u00e1va<\/strong>. Aby nep\u00f4sobil a\u017e pr\u00edli\u0161 stroho a neosobne, pou\u017e\u00edvaj\u00fa sa r\u00f4zne materi\u00e1ly a prvky na z\u00fatulnenie. <\/span>[\/vc_column_text][vc_single_image image=&#8221;119240&#8243; img_size=&#8221;large&#8221; add_caption=&#8221;yes&#8221; alignment=&#8221;center&#8221; style=&#8221;vc_box_rounded&#8221;][\/vc_column][\/vc_row][vc_row][vc_column][vc_column_text]<span style=\"font-weight: 400; color: #000000;\"><strong>Jeho \u010daro spo\u010d\u00edva v osobitosti, jednoduchosti a funk\u010dnosti.<\/strong> <strong>Na Slovensku je e\u0161te st\u00e1le pomerne zriedkav\u00fd,<\/strong> <strong>vyu\u017e\u00edva sa najm\u00e4 pre r\u00f4zne<\/strong> <strong>komer\u010dn\u00e9 priestory ako kancel\u00e1rie a kaviarne<\/strong>. Vo svete si z\u00edskava st\u00e1le viac priaznivcov a nezriedka natraf\u00edte aj na skuto\u010dne loftov\u00fd byt. Kedysi priestory fabriky, dnes byt\u00edk, ktor\u00fd si zachoval p\u00f4vodn\u00fd \u201cgenius loci\u201d.<\/span>[\/vc_column_text][\/vc_column][\/vc_row][vc_row][vc_column][vc_single_image image=&#8221;119241&#8243; img_size=&#8221;large&#8221; add_caption=&#8221;yes&#8221; alignment=&#8221;center&#8221; style=&#8221;vc_box_rounded&#8221;][vc_column_text]<\/p>\n<h2><span style=\"color: #e3245e;\"><b>Materi\u00e1ly a dominantn\u00e9 prvky<\/b><\/span><\/h2>\n<p><span style=\"font-weight: 400; color: #000000;\"><strong>Loftov\u00e9 byty<\/strong> (z angl. loft &#8211; povala, podkrovie), <strong>ako u\u017e samotn\u00fd n\u00e1zov napoved\u00e1, s\u00fa preva\u017ene podkrovn\u00e9 byty s vysok\u00fdmi stropmi<\/strong>. <strong>Pre tento \u0161t\u00fdl b\u00fdvania s\u00fa charakteristick\u00e9<\/strong> <strong>priznan\u00e9 steny &#8211; o\u0161\u00fachan\u00e1 tehla a surov\u00fd bet\u00f3n<\/strong> vyzeraj\u00fa v interi\u00e9ri fam\u00f3zne. To ist\u00e9 plat\u00ed aj pri stropoch, na ktor\u00fdch \u010dastokr\u00e1t vidno odhalen\u00e9 oce\u013eov\u00e9 kon\u0161trukcie a potrubia. Rozvody elektroin\u0161tal\u00e1cie a kon\u0161truk\u010dn\u00e9 prvky sa neskr\u00fdvaj\u00fa, tak ako sme na to be\u017ene zvyknut\u00ed. Naopak, nech\u00e1vaj\u00fa sa vidite\u013en\u00e9, \u010d\u00edm dotv\u00e1raj\u00fa povahu loftu. <\/span>[\/vc_column_text][vc_single_image image=&#8221;119243&#8243; img_size=&#8221;large&#8221; add_caption=&#8221;yes&#8221; alignment=&#8221;center&#8221; style=&#8221;vc_box_rounded&#8221;][\/vc_column][\/vc_row][vc_row][vc_column][vc_column_text]<span style=\"font-weight: 400; color: #000000;\"><strong>Kombin\u00e1cia nestarn\u00faceho pr\u00edrodn\u00e9ho dreva a modernej kovovej kon\u0161trukcie<\/strong> <strong>je jednou z ve\u013emi \u010dasto vyu\u017e\u00edvan\u00fdch pri n\u00e1bytkoch<\/strong>. <strong>Vyu\u017e\u00edva sa dubov\u00e1 dyha alebo mas\u00edv s vysokou hr\u00fabkou<\/strong>, ktor\u00fd m\u00e1 svoj typick\u00fd r\u00e1z. Dubov\u00e9 drevo je ve\u013emi vhodn\u00e9 aj do kuchyne, preto\u017ee v\u00fdborne odol\u00e1va striedaniu vlhka a sucha. <\/span><span style=\"font-weight: 400;\"><span style=\"color: #000000;\">Ob\u013e\u00faben\u00e9 je tie\u017e mangov\u00e9 alebo ag\u00e1tov\u00e9 mas\u00edvne drevo, ktor\u00e9 je lakovan\u00e9. <\/span><\/span><\/p>\n<p><span style=\"font-weight: 400;\"><span style=\"color: #000000;\"><strong>\u010eal\u0161\u00edmi materi\u00e1lmi s\u00fa<\/strong> <strong>ko\u017ea, kov, trubkov\u00e1 oce\u013e<\/strong>. Niektor\u00e9 k\u00fasky n\u00e1bytku, predov\u0161etk\u00fdm<\/span> <\/span><span style=\"color: #e3245e;\"><a style=\"color: #e3245e;\" href=\"https:\/\/ikuchyne.sk\/eshop\/kategoria\/stoliky-industrialny-styl\/\"><span style=\"font-weight: 400;\">konferen\u010dn\u00e9 stol\u00edky<\/span><\/a><\/span><span style=\"font-weight: 400;\">, <span style=\"color: #000000;\">s\u00fa na v\u00fdrazn\u00fdch kovov\u00fdch kolieskach. Inak sa pou\u017e\u00edvaj\u00fa v\u00e4\u010d\u0161inou jednoduch\u00e9 kovov\u00e9 nohy.<\/span><\/span>[\/vc_column_text][vc_single_image image=&#8221;119242&#8243; img_size=&#8221;large&#8221; add_caption=&#8221;yes&#8221; alignment=&#8221;center&#8221; style=&#8221;vc_box_rounded&#8221;][vc_message icon_fontawesome=&#8221;fa fa-lightbulb-o&#8221;]<span style=\"font-weight: 400;\"><strong>Rada odborn\u00edka:<\/strong> Pri zaria\u010fovan\u00ed v\u00e1\u0161ho pr\u00edbytku v priemyselnom \u0161t\u00fdle dbajte na to, aby ste sa v \u0148om c\u00edtili pr\u00edjemne a \u00fatulne. Ve\u013ea industri\u00e1lnych prvkov spolu m\u00f4\u017ee p\u00f4sobi\u0165 a\u017e pr\u00edli\u0161 stroho. Nechajte sa vies\u0165 svoj\u00edm pocitom a pokojne do interi\u00e9ru zakomponujte aj nie\u010do z in\u00fdch \u0161t\u00fdlov, napr\u00edklad retro alebo \u0161kandin\u00e1vskeho.<\/span><\/p>\n<p><span style=\"font-weight: 400;\"> Tie prines\u00fa do interi\u00e9ru \u201cteplo domova\u201d v\u010faka pr\u00edrodn\u00fdm prvkom, \u013eahkosti, hravosti a jednoduchosti. Alebo pou\u017eite zauj\u00edmav\u00fa farbu \u010di ob\u013e\u00faben\u00e9 dekor\u00e1cie. Vo v\u00fdsledku ide predsa o to, aby ste sa doma c\u00edtili naozaj ako doma, nie ako v priemyselnej fabrike.<\/span>[\/vc_message][vc_single_image image=&#8221;119245&#8243; img_size=&#8221;large&#8221; add_caption=&#8221;yes&#8221; alignment=&#8221;center&#8221; style=&#8221;vc_box_rounded&#8221;][vc_column_text]<\/p>\n<h2><span style=\"color: #e3245e;\"><b>Doplnky a farby<\/b><\/span><\/h2>\n<p><span style=\"font-weight: 400; color: #000000;\">Nesmieme zabudn\u00fa\u0165 ani na <\/span><span style=\"color: #e3245e;\"><a style=\"color: #e3245e;\" href=\"https:\/\/ikuchyne.sk\/eshop\/kategoria\/bytove-doplnky\/\"><span style=\"font-weight: 400;\">interi\u00e9rov\u00e9 doplnky<\/span><\/a><\/span><span style=\"font-weight: 400;\">, <span style=\"color: #000000;\">ktor\u00e9 dotv\u00e1raj\u00fa kolorit industrializmu. S\u00fa vyroben\u00e9 najm\u00e4 z medi a plechu. Zauj\u00edmavo p\u00f4sobia aj lan\u00e1, ktor\u00e9 sa vyu\u017e\u00edvaj\u00fa napr\u00edklad pri z\u00e1vesn\u00fdch dreven\u00fdch poli\u010dk\u00e1ch, truhliciach alebo <\/span><\/span><span style=\"color: #e3245e;\"><a style=\"color: #e3245e;\" href=\"https:\/\/ikuchyne.sk\/eshop\/kategoria\/lustre-industrialny-styl\/\"><span style=\"font-weight: 400;\">svietidl\u00e1ch<\/span><\/a><\/span><span style=\"font-weight: 400;\">. <span style=\"color: #000000;\"><strong>Ke\u010f sme u\u017e pri t\u00fdch lamp\u00e1ch &#8211; v industri\u00e1lnom \u0161t\u00fdle b\u00fdvania hraj\u00fa d\u00f4le\u017eit\u00fa rolu<\/strong>. <strong>S\u00fa typick\u00e9 svoj\u00edm dizajnom s prvkami ako kovov\u00fd vzh\u013ead, jednoduch\u00e9 tvary a ve\u013ek\u00e9 \u017eiarovky.<\/strong><\/span><\/span>[\/vc_column_text][vc_single_image image=&#8221;119248&#8243; img_size=&#8221;large&#8221; add_caption=&#8221;yes&#8221; alignment=&#8221;center&#8221; style=&#8221;vc_box_rounded&#8221;][vc_column_text]<span style=\"font-weight: 400; color: #000000;\"><strong>Z farieb tomuto \u0161t\u00fdlu dominuj\u00fa<\/strong> <strong>neutr\u00e1lne zemit\u00e9 odtiene ako siv\u00e1, hned\u00e1 a \u010dierna, ale tak isto aj biela<\/strong>. Na tehlov\u00fdch sten\u00e1ch sa objavuje terakotov\u00e1, ktor\u00e1 do prin\u00e1\u0161a zauj\u00edmav\u00fd ale z\u00e1rove\u0148 kr\u00e1sne ladiaci farebn\u00fd akcent.<\/span>[\/vc_column_text][vc_single_image image=&#8221;119246&#8243; img_size=&#8221;large&#8221; add_caption=&#8221;yes&#8221; alignment=&#8221;center&#8221; style=&#8221;vc_box_rounded&#8221;][vc_message icon_fontawesome=&#8221;fa fa-lightbulb-o&#8221;]<span style=\"font-weight: 400;\"><strong>Tip na z\u00e1ver:<\/strong> Ak b\u00fdvate napr\u00edklad v panel\u00e1ku a nem\u00e1te mo\u017enos\u0165 odkry\u0165 tehlov\u00fa stenu tak ako v loftovom byte, m\u00f4\u017eete to sk\u00fasi\u0165 inak. Napr\u00edklad tapetou s dez\u00e9nom tehlovej alebo o\u0161\u00fachanej steny, ide\u00e1lne aj s jemnou text\u00farou na povrchu. \u010eal\u0161ou mo\u017enos\u0165ou je ozdobn\u00fd tehlov\u00fd obklad. <\/span>[\/vc_message][vc_single_image image=&#8221;119244&#8243; img_size=&#8221;large&#8221; add_caption=&#8221;yes&#8221; alignment=&#8221;center&#8221; style=&#8221;vc_box_rounded&#8221;][\/vc_column][\/vc_row][vc_row][vc_column][vc_column_text]<span style=\"font-weight: 400; color: #000000;\"><strong>Industri\u00e1lny \u0161t\u00fdl b\u00fdvania je ob\u013e\u00faben\u00fd najm\u00e4 v\u010faka svojmu dizajnov\u00e9mu vzh\u013eadu a minimalizmu<\/strong> <strong>spojen\u00e9mu s funk\u010dnos\u0165ou.<\/strong> P\u00e1\u010di sa v\u00e1m, alebo by ste rad\u0161ej zvolili nie\u010do tradi\u010dnej\u0161ie? V ka\u017edom pr\u00edpade d\u00fafame, \u017ee sme v\u00e1s in\u0161pirovali a mo\u017eno si aj do pr\u00edbytku zariaden\u00e9ho v inom \u0161t\u00fdle prinesiete aspo\u0148 jeden k\u00fasok s typick\u00fdm \u201cpachom\u201d kovu a niekdaj\u0161\u00edch fabr\u00edk.\u00a0<\/span><\/p>\n<p><span style=\"font-weight: 400;\"><span style=\"color: #000000;\">Chcete sa hne\u010f pusti\u0165 do v\u00fdberu n\u00e1bytku?<\/span> <\/span><span style=\"color: #e3245e;\"><strong><a style=\"color: #e3245e;\" href=\"https:\/\/ikuchyne.sk\/eshop\/\">V na\u0161om eshope<\/a><\/strong><\/span><span style=\"font-weight: 400; color: #000000;\"><strong> n\u00e1jdete mno\u017estvo k\u00faskov<\/strong> <strong>n\u00e1bytku, svietidiel a doplnkov pre b\u00fdvanie v industri\u00e1lnom \u0161t\u00fdle.<\/strong><\/span>[\/vc_column_text][\/vc_column][\/vc_row]<\/p>\n","protected":false},"excerpt":{"rendered":"<p>[vc_row][vc_column][vc_column_text]Industri\u00e1lny, priemyseln\u00fd alebo loftov\u00fd. V\u0161etky tieto pomenovania ozna\u010duj\u00fa to ist\u00e9: \u0161t\u00fdl b\u00fdvania s charakteristick\u00fdmi prvkami vo vzh\u013eade star\u00fdch tov\u00e1rn\u00ed. Aj ke\u010f industri\u00e1lny \u0161t\u00fdl b\u00fdvania p\u00f4vodne vznikol ako n\u00fadzov\u00e9 rie\u0161enie, v<\/p>\n","protected":false},"author":568,"featured_media":121432,"comment_status":"closed","ping_status":"open","sticky":false,"template":"","format":"standard","meta":{"footnotes":""},"categories":[1008],"tags":[],"yoast_head":"<!-- This site is optimized with the Yoast SEO plugin v22.1 - https:\/\/yoast.com\/wordpress\/plugins\/seo\/ -->\n<title>Industri\u00e1lny \u0161t\u00fdl b\u00fdvania: in\u0161pirujte sa! &#187; iKuchyne iSHOP s n\u00e1bytkom<\/title>\n<meta name=\"description\" content=\"Industri\u00e1lny \u0161t\u00fdl b\u00fdvania je na v\u00fdsln\u00ed! Aj v\u00e1m sa v\u017edy p\u00e1\u010dil mas\u00edvny n\u00e1bytok, tmav\u00fd interi\u00e9r a priznan\u00e9 steny? In\u0161pirujte sa s nami aj vy!\" \/>\n<meta name=\"robots\" content=\"index, follow, max-snippet:-1, max-image-preview:large, max-video-preview:-1\" \/>\n<link rel=\"canonical\" href=\"https:\/\/www.ikuchyne.sk\/eshop\/industrialny-styl-byvania-inspirujte-sa\/\" \/>\n<meta property=\"og:locale\" content=\"sk_SK\" \/>\n<meta property=\"og:type\" content=\"article\" \/>\n<meta property=\"og:title\" content=\"Industri\u00e1lny \u0161t\u00fdl b\u00fdvania: in\u0161pirujte sa! &#187; iKuchyne iSHOP s n\u00e1bytkom\" \/>\n<meta property=\"og:description\" content=\"Industri\u00e1lny \u0161t\u00fdl b\u00fdvania je na v\u00fdsln\u00ed! Aj v\u00e1m sa v\u017edy p\u00e1\u010dil mas\u00edvny n\u00e1bytok, tmav\u00fd interi\u00e9r a priznan\u00e9 steny? In\u0161pirujte sa s nami aj vy!\" \/>\n<meta property=\"og:url\" content=\"https:\/\/www.ikuchyne.sk\/eshop\/industrialny-styl-byvania-inspirujte-sa\/\" \/>\n<meta property=\"og:site_name\" content=\"iKuchyne iSHOP s n\u00e1bytkom\" \/>\n<meta property=\"article:publisher\" content=\"https:\/\/www.facebook.com\/ikuchyne\/\" \/>\n<meta property=\"article:published_time\" content=\"2020-05-15T13:41:32+00:00\" \/>\n<meta property=\"article:modified_time\" content=\"2020-10-21T12:01:22+00:00\" \/>\n<meta property=\"og:image\" content=\"https:\/\/www.ikuchyne.sk\/eshop\/wp-content\/uploads\/2020\/01\/Jedalensky-stol-Mammut-Industrial-220cm-agat-siva-39756.jpg\" \/>\n\t<meta property=\"og:image:width\" content=\"800\" \/>\n\t<meta property=\"og:image:height\" content=\"533\" \/>\n\t<meta property=\"og:image:type\" content=\"image\/jpeg\" \/>\n<meta name=\"author\" content=\"Adri\u00e1na Plechov\u00e1\" \/>\n<meta name=\"twitter:card\" content=\"summary_large_image\" \/>\n<meta name=\"twitter:label1\" content=\"Autor\" \/>\n\t<meta name=\"twitter:data1\" content=\"Adri\u00e1na Plechov\u00e1\" \/>\n\t<meta name=\"twitter:label2\" content=\"Predpokladan\u00fd \u010das \u010d\u00edtania\" \/>\n\t<meta name=\"twitter:data2\" content=\"5 min\u00fat\" \/>\n<script type=\"application\/ld+json\" class=\"yoast-schema-graph\">{\"@context\":\"https:\/\/schema.org\",\"@graph\":[{\"@type\":\"Article\",\"@id\":\"https:\/\/www.ikuchyne.sk\/eshop\/industrialny-styl-byvania-inspirujte-sa\/#article\",\"isPartOf\":{\"@id\":\"https:\/\/www.ikuchyne.sk\/eshop\/industrialny-styl-byvania-inspirujte-sa\/\"},\"author\":{\"name\":\"Adri\u00e1na Plechov\u00e1\",\"@id\":\"https:\/\/www.ikuchyne.sk\/eshop\/#\/schema\/person\/0111a626c8b4290c5241f99c6d04f463\"},\"headline\":\"Industri\u00e1lny \u0161t\u00fdl b\u00fdvania: in\u0161pirujte sa!\",\"datePublished\":\"2020-05-15T13:41:32+00:00\",\"dateModified\":\"2020-10-21T12:01:22+00:00\",\"mainEntityOfPage\":{\"@id\":\"https:\/\/www.ikuchyne.sk\/eshop\/industrialny-styl-byvania-inspirujte-sa\/\"},\"wordCount\":1103,\"publisher\":{\"@id\":\"https:\/\/www.ikuchyne.sk\/eshop\/#organization\"},\"articleSection\":[\"IN\u0160PIR\u00c1CIE\"],\"inLanguage\":\"sk-SK\"},{\"@type\":\"WebPage\",\"@id\":\"https:\/\/www.ikuchyne.sk\/eshop\/industrialny-styl-byvania-inspirujte-sa\/\",\"url\":\"https:\/\/www.ikuchyne.sk\/eshop\/industrialny-styl-byvania-inspirujte-sa\/\",\"name\":\"Industri\u00e1lny \u0161t\u00fdl b\u00fdvania: in\u0161pirujte sa! &#187; iKuchyne iSHOP s n\u00e1bytkom\",\"isPartOf\":{\"@id\":\"https:\/\/www.ikuchyne.sk\/eshop\/#website\"},\"datePublished\":\"2020-05-15T13:41:32+00:00\",\"dateModified\":\"2020-10-21T12:01:22+00:00\",\"description\":\"Industri\u00e1lny \u0161t\u00fdl b\u00fdvania je na v\u00fdsln\u00ed! Aj v\u00e1m sa v\u017edy p\u00e1\u010dil mas\u00edvny n\u00e1bytok, tmav\u00fd interi\u00e9r a priznan\u00e9 steny? In\u0161pirujte sa s nami aj vy!\",\"breadcrumb\":{\"@id\":\"https:\/\/www.ikuchyne.sk\/eshop\/industrialny-styl-byvania-inspirujte-sa\/#breadcrumb\"},\"inLanguage\":\"sk-SK\",\"potentialAction\":[{\"@type\":\"ReadAction\",\"target\":[\"https:\/\/www.ikuchyne.sk\/eshop\/industrialny-styl-byvania-inspirujte-sa\/\"]}]},{\"@type\":\"BreadcrumbList\",\"@id\":\"https:\/\/www.ikuchyne.sk\/eshop\/industrialny-styl-byvania-inspirujte-sa\/#breadcrumb\",\"itemListElement\":[{\"@type\":\"ListItem\",\"position\":1,\"name\":\"Home\",\"item\":\"https:\/\/www.ikuchyne.sk\/eshop\/\"},{\"@type\":\"ListItem\",\"position\":2,\"name\":\"Industri\u00e1lny \u0161t\u00fdl b\u00fdvania: in\u0161pirujte sa!\"}]},{\"@type\":\"WebSite\",\"@id\":\"https:\/\/www.ikuchyne.sk\/eshop\/#website\",\"url\":\"https:\/\/www.ikuchyne.sk\/eshop\/\",\"name\":\"iKuchyne iSHOP s n\u00e1bytkom\",\"description\":\"Jed\u00e1lensk\u00e9 stoly, stoli\u010dky, n\u00e1bytok, svietidl\u00e1...\",\"publisher\":{\"@id\":\"https:\/\/www.ikuchyne.sk\/eshop\/#organization\"},\"potentialAction\":[{\"@type\":\"SearchAction\",\"target\":{\"@type\":\"EntryPoint\",\"urlTemplate\":\"https:\/\/www.ikuchyne.sk\/eshop\/?s={search_term_string}\"},\"query-input\":\"required name=search_term_string\"}],\"inLanguage\":\"sk-SK\"},{\"@type\":\"Organization\",\"@id\":\"https:\/\/www.ikuchyne.sk\/eshop\/#organization\",\"name\":\"ikuchyne!\",\"url\":\"https:\/\/www.ikuchyne.sk\/eshop\/\",\"logo\":{\"@type\":\"ImageObject\",\"inLanguage\":\"sk-SK\",\"@id\":\"https:\/\/www.ikuchyne.sk\/eshop\/#\/schema\/logo\/image\/\",\"url\":\"https:\/\/www.ikuchyne.sk\/eshop\/wp-content\/uploads\/2017\/04\/ikuchyne-logo.jpg\",\"contentUrl\":\"https:\/\/www.ikuchyne.sk\/eshop\/wp-content\/uploads\/2017\/04\/ikuchyne-logo.jpg\",\"width\":200,\"height\":48,\"caption\":\"ikuchyne!\"},\"image\":{\"@id\":\"https:\/\/www.ikuchyne.sk\/eshop\/#\/schema\/logo\/image\/\"},\"sameAs\":[\"https:\/\/www.facebook.com\/ikuchyne\/\",\"https:\/\/www.instagram.com\/ikuchyne.sk\/\",\"https:\/\/sk.pinterest.com\/ikuchynesk\/\"]},{\"@type\":\"Person\",\"@id\":\"https:\/\/www.ikuchyne.sk\/eshop\/#\/schema\/person\/0111a626c8b4290c5241f99c6d04f463\",\"name\":\"Adri\u00e1na Plechov\u00e1\",\"image\":{\"@type\":\"ImageObject\",\"inLanguage\":\"sk-SK\",\"@id\":\"https:\/\/www.ikuchyne.sk\/eshop\/#\/schema\/person\/image\/\",\"url\":\"https:\/\/www.ikuchyne.sk\/eshop\/wp-content\/plugins\/wp-user-avatar\/deprecated\/wp-user-avatar\/images\/wpua-96x96.png\",\"contentUrl\":\"https:\/\/www.ikuchyne.sk\/eshop\/wp-content\/plugins\/wp-user-avatar\/deprecated\/wp-user-avatar\/images\/wpua-96x96.png\",\"caption\":\"Adri\u00e1na Plechov\u00e1\"},\"description\":\"Adriana pracuje ako online market\u00e9rka, copywriterka a\u00a0redaktorka. Pri p\u00edsan\u00ed a\u00a0editovan\u00ed r\u00f4znych textov dost\u00e1va zelen\u00fa jej kreativita, ako aj\u00a0l\u00e1ska k\u00a0p\u00edsan\u00e9mu slovu a\u00a0materinsk\u00e9mu jazyku. Srdcovkou a\u00a0zdrojom in\u0161pir\u00e1cie s\u00fa pre \u0148u u\u017e od \u00fatleho detstva knihy. Ob\u013eubuje kult\u00farne podujatia, prech\u00e1dzky v pr\u00edrode a\u00a0spolo\u010dnos\u0165 \u013eud\u00ed, s\u00a0ktor\u00fdmi je na rovnakej vlnovej d\u013a\u017eke.\",\"url\":\"https:\/\/www.ikuchyne.sk\/eshop\/author\/adriana-plechova\/\"}]}<\/script>\n<!-- \/ Yoast SEO plugin. -->","yoast_head_json":{"title":"Industri\u00e1lny \u0161t\u00fdl b\u00fdvania: in\u0161pirujte sa! &#187; iKuchyne iSHOP s n\u00e1bytkom","description":"Industri\u00e1lny \u0161t\u00fdl b\u00fdvania je na v\u00fdsln\u00ed! Aj v\u00e1m sa v\u017edy p\u00e1\u010dil mas\u00edvny n\u00e1bytok, tmav\u00fd interi\u00e9r a priznan\u00e9 steny? In\u0161pirujte sa s nami aj vy!","robots":{"index":"index","follow":"follow","max-snippet":"max-snippet:-1","max-image-preview":"max-image-preview:large","max-video-preview":"max-video-preview:-1"},"canonical":"https:\/\/www.ikuchyne.sk\/eshop\/industrialny-styl-byvania-inspirujte-sa\/","og_locale":"sk_SK","og_type":"article","og_title":"Industri\u00e1lny \u0161t\u00fdl b\u00fdvania: in\u0161pirujte sa! &#187; iKuchyne iSHOP s n\u00e1bytkom","og_description":"Industri\u00e1lny \u0161t\u00fdl b\u00fdvania je na v\u00fdsln\u00ed! Aj v\u00e1m sa v\u017edy p\u00e1\u010dil mas\u00edvny n\u00e1bytok, tmav\u00fd interi\u00e9r a priznan\u00e9 steny? In\u0161pirujte sa s nami aj vy!","og_url":"https:\/\/www.ikuchyne.sk\/eshop\/industrialny-styl-byvania-inspirujte-sa\/","og_site_name":"iKuchyne iSHOP s n\u00e1bytkom","article_publisher":"https:\/\/www.facebook.com\/ikuchyne\/","article_published_time":"2020-05-15T13:41:32+00:00","article_modified_time":"2020-10-21T12:01:22+00:00","og_image":[{"width":800,"height":533,"url":"https:\/\/www.ikuchyne.sk\/eshop\/wp-content\/uploads\/2020\/01\/Jedalensky-stol-Mammut-Industrial-220cm-agat-siva-39756.jpg","type":"image\/jpeg"}],"author":"Adri\u00e1na Plechov\u00e1","twitter_card":"summary_large_image","twitter_misc":{"Autor":"Adri\u00e1na Plechov\u00e1","Predpokladan\u00fd \u010das \u010d\u00edtania":"5 min\u00fat"},"schema":{"@context":"https:\/\/schema.org","@graph":[{"@type":"Article","@id":"https:\/\/www.ikuchyne.sk\/eshop\/industrialny-styl-byvania-inspirujte-sa\/#article","isPartOf":{"@id":"https:\/\/www.ikuchyne.sk\/eshop\/industrialny-styl-byvania-inspirujte-sa\/"},"author":{"name":"Adri\u00e1na Plechov\u00e1","@id":"https:\/\/www.ikuchyne.sk\/eshop\/#\/schema\/person\/0111a626c8b4290c5241f99c6d04f463"},"headline":"Industri\u00e1lny \u0161t\u00fdl b\u00fdvania: in\u0161pirujte sa!","datePublished":"2020-05-15T13:41:32+00:00","dateModified":"2020-10-21T12:01:22+00:00","mainEntityOfPage":{"@id":"https:\/\/www.ikuchyne.sk\/eshop\/industrialny-styl-byvania-inspirujte-sa\/"},"wordCount":1103,"publisher":{"@id":"https:\/\/www.ikuchyne.sk\/eshop\/#organization"},"articleSection":["IN\u0160PIR\u00c1CIE"],"inLanguage":"sk-SK"},{"@type":"WebPage","@id":"https:\/\/www.ikuchyne.sk\/eshop\/industrialny-styl-byvania-inspirujte-sa\/","url":"https:\/\/www.ikuchyne.sk\/eshop\/industrialny-styl-byvania-inspirujte-sa\/","name":"Industri\u00e1lny \u0161t\u00fdl b\u00fdvania: in\u0161pirujte sa! &#187; iKuchyne iSHOP s n\u00e1bytkom","isPartOf":{"@id":"https:\/\/www.ikuchyne.sk\/eshop\/#website"},"datePublished":"2020-05-15T13:41:32+00:00","dateModified":"2020-10-21T12:01:22+00:00","description":"Industri\u00e1lny \u0161t\u00fdl b\u00fdvania je na v\u00fdsln\u00ed! Aj v\u00e1m sa v\u017edy p\u00e1\u010dil mas\u00edvny n\u00e1bytok, tmav\u00fd interi\u00e9r a priznan\u00e9 steny? In\u0161pirujte sa s nami aj vy!","breadcrumb":{"@id":"https:\/\/www.ikuchyne.sk\/eshop\/industrialny-styl-byvania-inspirujte-sa\/#breadcrumb"},"inLanguage":"sk-SK","potentialAction":[{"@type":"ReadAction","target":["https:\/\/www.ikuchyne.sk\/eshop\/industrialny-styl-byvania-inspirujte-sa\/"]}]},{"@type":"BreadcrumbList","@id":"https:\/\/www.ikuchyne.sk\/eshop\/industrialny-styl-byvania-inspirujte-sa\/#breadcrumb","itemListElement":[{"@type":"ListItem","position":1,"name":"Home","item":"https:\/\/www.ikuchyne.sk\/eshop\/"},{"@type":"ListItem","position":2,"name":"Industri\u00e1lny \u0161t\u00fdl b\u00fdvania: in\u0161pirujte sa!"}]},{"@type":"WebSite","@id":"https:\/\/www.ikuchyne.sk\/eshop\/#website","url":"https:\/\/www.ikuchyne.sk\/eshop\/","name":"iKuchyne iSHOP s n\u00e1bytkom","description":"Jed\u00e1lensk\u00e9 stoly, stoli\u010dky, n\u00e1bytok, svietidl\u00e1...","publisher":{"@id":"https:\/\/www.ikuchyne.sk\/eshop\/#organization"},"potentialAction":[{"@type":"SearchAction","target":{"@type":"EntryPoint","urlTemplate":"https:\/\/www.ikuchyne.sk\/eshop\/?s={search_term_string}"},"query-input":"required name=search_term_string"}],"inLanguage":"sk-SK"},{"@type":"Organization","@id":"https:\/\/www.ikuchyne.sk\/eshop\/#organization","name":"ikuchyne!","url":"https:\/\/www.ikuchyne.sk\/eshop\/","logo":{"@type":"ImageObject","inLanguage":"sk-SK","@id":"https:\/\/www.ikuchyne.sk\/eshop\/#\/schema\/logo\/image\/","url":"https:\/\/www.ikuchyne.sk\/eshop\/wp-content\/uploads\/2017\/04\/ikuchyne-logo.jpg","contentUrl":"https:\/\/www.ikuchyne.sk\/eshop\/wp-content\/uploads\/2017\/04\/ikuchyne-logo.jpg","width":200,"height":48,"caption":"ikuchyne!"},"image":{"@id":"https:\/\/www.ikuchyne.sk\/eshop\/#\/schema\/logo\/image\/"},"sameAs":["https:\/\/www.facebook.com\/ikuchyne\/","https:\/\/www.instagram.com\/ikuchyne.sk\/","https:\/\/sk.pinterest.com\/ikuchynesk\/"]},{"@type":"Person","@id":"https:\/\/www.ikuchyne.sk\/eshop\/#\/schema\/person\/0111a626c8b4290c5241f99c6d04f463","name":"Adri\u00e1na Plechov\u00e1","image":{"@type":"ImageObject","inLanguage":"sk-SK","@id":"https:\/\/www.ikuchyne.sk\/eshop\/#\/schema\/person\/image\/","url":"https:\/\/www.ikuchyne.sk\/eshop\/wp-content\/plugins\/wp-user-avatar\/deprecated\/wp-user-avatar\/images\/wpua-96x96.png","contentUrl":"https:\/\/www.ikuchyne.sk\/eshop\/wp-content\/plugins\/wp-user-avatar\/deprecated\/wp-user-avatar\/images\/wpua-96x96.png","caption":"Adri\u00e1na Plechov\u00e1"},"description":"Adriana pracuje ako online market\u00e9rka, copywriterka a\u00a0redaktorka. Pri p\u00edsan\u00ed a\u00a0editovan\u00ed r\u00f4znych textov dost\u00e1va zelen\u00fa jej kreativita, ako aj\u00a0l\u00e1ska k\u00a0p\u00edsan\u00e9mu slovu a\u00a0materinsk\u00e9mu jazyku. Srdcovkou a\u00a0zdrojom in\u0161pir\u00e1cie s\u00fa pre \u0148u u\u017e od \u00fatleho detstva knihy. Ob\u013eubuje kult\u00farne podujatia, prech\u00e1dzky v pr\u00edrode a\u00a0spolo\u010dnos\u0165 \u013eud\u00ed, s\u00a0ktor\u00fdmi je na rovnakej vlnovej d\u013a\u017eke.","url":"https:\/\/www.ikuchyne.sk\/eshop\/author\/adriana-plechova\/"}]}},"_links":{"self":[{"href":"https:\/\/www.ikuchyne.sk\/eshop\/wp-json\/wp\/v2\/posts\/128521"}],"collection":[{"href":"https:\/\/www.ikuchyne.sk\/eshop\/wp-json\/wp\/v2\/posts"}],"about":[{"href":"https:\/\/www.ikuchyne.sk\/eshop\/wp-json\/wp\/v2\/types\/post"}],"author":[{"embeddable":true,"href":"https:\/\/www.ikuchyne.sk\/eshop\/wp-json\/wp\/v2\/users\/568"}],"replies":[{"embeddable":true,"href":"https:\/\/www.ikuchyne.sk\/eshop\/wp-json\/wp\/v2\/comments?post=128521"}],"version-history":[{"count":6,"href":"https:\/\/www.ikuchyne.sk\/eshop\/wp-json\/wp\/v2\/posts\/128521\/revisions"}],"predecessor-version":[{"id":147393,"href":"https:\/\/www.ikuchyne.sk\/eshop\/wp-json\/wp\/v2\/posts\/128521\/revisions\/147393"}],"wp:featuredmedia":[{"embeddable":true,"href":"https:\/\/www.ikuchyne.sk\/eshop\/wp-json\/"}],"wp:attachment":[{"href":"https:\/\/www.ikuchyne.sk\/eshop\/wp-json\/wp\/v2\/media?parent=128521"}],"wp:term":[{"taxonomy":"category","embeddable":true,"href":"https:\/\/www.ikuchyne.sk\/eshop\/wp-json\/wp\/v2\/categories?post=128521"},{"taxonomy":"post_tag","embeddable":true,"href":"https:\/\/www.ikuchyne.sk\/eshop\/wp-json\/wp\/v2\/tags?post=128521"}],"curies":[{"name":"wp","href":"https:\/\/api.w.org\/{rel}","templated":true}]}}