{"id":128688,"date":"2020-05-19T12:50:16","date_gmt":"2020-05-19T10:50:16","guid":{"rendered":"https:\/\/www.ikuchyne.sk\/eshop\/?p=128688"},"modified":"2020-10-21T14:14:34","modified_gmt":"2020-10-21T12:14:34","slug":"napady-pre-prakticku-predsien","status":"publish","type":"post","link":"https:\/\/www.ikuchyne.sk\/eshop\/napady-pre-prakticku-predsien\/","title":{"rendered":"N\u00e1pady pre praktick\u00fa predsie\u0148"},"content":{"rendered":"<p>[vc_row][vc_column][vc_column_text]<b><span style=\"color: #000000;\">Pozn\u00e1te nejak\u00fa in\u00fa \u010das\u0165 bytu, ktor\u00e1 by nemusela ma\u0165 tak ve\u013ea n\u00e1bytku v malom priestore? Veru tak\u00fa nen\u00e1jdete. Praktick\u00e1 predsie\u0148 mus\u00ed ma\u0165 4 z\u00e1sady, a to organizovanos\u0165, \u00fa\u010delnos\u0165, estetiku a pohodlie. M\u00f4\u017eete da\u0165 do nej vstavan\u00e9 skrine, lavice, botn\u00edky, ve\u0161iaky, taburetky, zrkadl\u00e1, konzolov\u00e9 stol\u00edky a mnoho \u010fal\u0161ieho. Pr\u00e1ve predsie\u0148 je t\u00e1, ktor\u00e1 v\u00edta n\u00e1v\u0161tevy, ktor\u00fa zvedav\u00ed susedia od dver\u00ed obzeraj\u00fa, t\u00e1 ktor\u00e1 je \u010dastokr\u00e1t zanedban\u00e1. V predsieni nik netr\u00e1vi \u010das nazvy\u0161, je ur\u010den\u00e1 na r\u00fdchle pr\u00edchody a odchody. Zariadi\u0165 v\u0161ak praktick\u00fa predsie\u0148 nemus\u00ed by\u0165 a\u017e tak\u00e9 nam\u00e1hav\u00e9.<\/span> <\/b>[\/vc_column_text][vc_single_image image=&#8221;128748&#8243; img_size=&#8221;large&#8221; add_caption=&#8221;yes&#8221; alignment=&#8221;center&#8221; style=&#8221;vc_box_rounded&#8221;][\/vc_column][\/vc_row][vc_row][vc_column][vc_column_text]<span style=\"color: #000000;\">Ako v\u0161ak zariadi\u0165 priestor \u00fa\u010delne a pritom mu doda\u0165 \u0161mrnc? <strong>Ke\u010f\u017ee ka\u017ed\u00fd priestor je jedine\u010dn\u00fd, je vhodn\u00e9 si ho premera\u0165 a sp\u00edsa\u0165 svoje potreby.<\/strong> Ako si predstavujete nov\u00fa predsie\u0148 alebo \u010do v\u00e1m vad\u00ed na s\u00fa\u010dasnom stave?<\/span><\/p>\n<p><span style=\"color: #000000;\">Byty maj\u00fa \u010dastokr\u00e1t predsiene ve\u013emi skromn\u00e9 svojou rozlohou, kde je potrebn\u00e9 rozumne vyu\u017ei\u0165 ka\u017ed\u00fd k\u00fasok a naopak, napr\u00edklad pri rodinn\u00fdch domoch s\u00fa priestory tro\u0161ku \u0161tedrej\u0161ie a m\u00f4\u017eeme popusti\u0165 uzdu svojej fant\u00e1zii.<strong> Ak m\u00e1te mal\u00e9 deti, predsie\u0148 op\u00e4\u0165 vyzer\u00e1 inak, ke\u010f\u017ee sa prisp\u00f4sobuje aj mlad\u0161\u00edm \u010dlenom dom\u00e1cnost\u00ed.<\/strong><\/span>[\/vc_column_text][\/vc_column][\/vc_row][vc_row][vc_column][vc_single_image image=&#8221;127898&#8243; img_size=&#8221;large&#8221; add_caption=&#8221;yes&#8221; alignment=&#8221;center&#8221; style=&#8221;vc_box_rounded&#8221;][vc_column_text]<\/p>\n<h2><span style=\"color: #e3245e;\"><strong>Vysok\u00fd n\u00e1bytok = ve\u013ea \u00falo\u017en\u00e9ho priestoru pre predsie\u0148<\/strong><\/span><\/h2>\n<p><span style=\"color: #000000;\">N\u00e1bytok by mal by\u0165 tak umiestnen\u00fd, aby bol zaru\u010den\u00fd pohodln\u00fd priechod a tie\u017e, aby miestnos\u0165 nep\u00f4sobila preplnene. \u010castokr\u00e1t je potrebn\u00e9 umiestni\u0165 do predsiene ve\u013ek\u00fa skri\u0148u, ktor\u00e1 mus\u00ed zmesti\u0165 sez\u00f3nne, aj\u00a0 mimosez\u00f3nne oble\u010denie a obuv. Ke\u010f chceme vyu\u017ei\u0165 naozaj ka\u017ed\u00fd k\u00fasok, skri\u0148a by mala siaha\u0165 a\u017e po strop. <strong>Ak m\u00e1me d\u013a\u017eku chodby na to vhodn\u00fa, m\u00f4\u017eeme \u010das\u0165 skrine prisp\u00f4sobi\u0165 aj sedeniu.<\/strong> Pri pl\u00e1novan\u00ed n\u00e1bytku na mieru si prejdite ka\u017ed\u00fd detail s n\u00e1vrh\u00e1rom, aby ste efekt\u00edvne ulo\u017eili v\u0161etky potrebn\u00e9 veci.<\/span>[\/vc_column_text][vc_single_image image=&#8221;128751&#8243; img_size=&#8221;large&#8221; add_caption=&#8221;yes&#8221; alignment=&#8221;center&#8221; style=&#8221;vc_box_rounded&#8221;][vc_column_text]<\/p>\n<h2><span style=\"color: #e3245e;\"><strong>Ob\u00favanie v pohodl\u00ed<\/strong><\/span><\/h2>\n<p><span style=\"color: #000000;\">Na sedenie m\u00f4\u017eete zvoli\u0165 aj r\u00f4zne<a style=\"color: #000000;\" href=\"https:\/\/ikuchyne.sk\/eshop\/kategoria\/lavice\/\"> <span style=\"color: #e3245e;\">lavice<\/span><\/a> s odkladac\u00edm priestorom, pr\u00edpadne mal\u00e9 <span style=\"color: #e3245e;\"><a style=\"color: #e3245e;\" href=\"https:\/\/ikuchyne.sk\/eshop\/kategoria\/taburetky\/\">taburetky<\/a>,<\/span> ktor\u00e9 viete pres\u00fava\u0165 pod\u013ea potreby na r\u00f4zne miesta.<strong> Ak m\u00e1te nevyu\u017eit\u00fd roh, vhodne tam zapasuje mal\u00e9 <span style=\"color: #e3245e;\"><a style=\"color: #e3245e;\" href=\"https:\/\/ikuchyne.sk\/eshop\/kategoria\/relaxacne-kresla\/\">kreslo<\/a>.<\/span><\/strong> To dod\u00e1 predsieni ve\u013ek\u00fd \u0161mrnc a ur\u010dite zaru\u010d\u00ed aj pohodlie pri ob\u00favan\u00ed.<\/span>[\/vc_column_text][vc_single_image image=&#8221;128745&#8243; img_size=&#8221;large&#8221; add_caption=&#8221;yes&#8221; alignment=&#8221;center&#8221; style=&#8221;vc_box_rounded&#8221;][vc_single_image image=&#8221;128747&#8243; img_size=&#8221;large&#8221; add_caption=&#8221;yes&#8221; alignment=&#8221;center&#8221; style=&#8221;vc_box_rounded&#8221;][vc_column_text]<\/p>\n<h2><span style=\"color: #e3245e;\"><strong>Zrkadlo, zrkadielko\u2026<\/strong><\/span><\/h2>\n<p><span style=\"color: #000000;\"><strong>Pri vhodnom umiestnen\u00ed zrkadla, priestor vieme v predsieni zv\u00e4\u010d\u0161i\u0165, pred\u013a\u017ei\u0165 \u010di roz\u0161\u00edri\u0165 a zosvetli\u0165.<\/strong> Z\u00e1rove\u0148 zrkadlo sa v predsieni stalo be\u017enou s\u00fa\u010das\u0165ou vybavenia, sn\u00e1\u010f ka\u017ed\u00fd z n\u00e1s sa pri odchode z domu, aspo\u0148 o\u010dkom pozrie na seba do zrkadla. Dizajnov\u00e9 <a style=\"color: #000000;\" href=\"https:\/\/ikuchyne.sk\/eshop\/zrkadla\/page\/2\/\"><span style=\"color: #e3245e;\">zrkadl\u00e1<\/span> <\/a>dodaj\u00fa eleganciu do celej miestnosti a nezabudnite, \u017ee zrkadiel m\u00f4\u017eeme samozrejme umiestni\u0165 do predsiene viac.<\/span>[\/vc_column_text][vc_single_image image=&#8221;128752&#8243; img_size=&#8221;large&#8221; add_caption=&#8221;yes&#8221; alignment=&#8221;center&#8221; style=&#8221;vc_box_rounded&#8221;][vc_column_text]<\/p>\n<h2><span style=\"color: #e3245e;\"><strong>\u00dazky n\u00e1bytok\u00a0<\/strong><\/span><\/h2>\n<p><span style=\"color: #000000;\"><strong>Chodby a predsiene nezahlcujte pr\u00edli\u0161 hlbok\u00fdm n\u00e1bytkom, aby ste zaru\u010dili pohodln\u00fa priechodnos\u0165.<\/strong> Napr\u00edklad tak\u00e9 botn\u00edky s\u00fa v\u010fa\u010dn\u00fdm pomocn\u00edkom, nako\u013eko ich vykl\u00e1pacia funkcia, kr\u00e1sne schov\u00e1 aj dlh\u00e9 top\u00e1nky dnu a na povrch sa toho ve\u013ea zmest\u00ed. \u00dazke konzolov\u00e9 stol\u00edky su kr\u00e1snym doplnkom, vhodn\u00fdm do v\u00e4\u010d\u0161\u00edch vstupn\u00fdch priestorov. Nechaj\u00fa vynikn\u00fa\u0165 v\u0161etky dekor\u00e1cie a okrem vystavovania vec\u00ed, m\u00f4\u017eete stol\u00edk doplni\u0165 napr\u00edklad svietidlom alebo dekoracn\u00fdmi ko\u0161\u00edkmi pre \u010fal\u0161ie uschovanie potrebn\u00fdch vec\u00ed.<\/span>[\/vc_column_text][vc_single_image image=&#8221;128746&#8243; img_size=&#8221;large&#8221; add_caption=&#8221;yes&#8221; alignment=&#8221;center&#8221; style=&#8221;vc_box_rounded&#8221;][\/vc_column][\/vc_row][vc_row][vc_column][vc_column_text]<\/p>\n<h2><span style=\"color: #e3245e;\"><strong>Personalizujte svoju predsie\u0148<\/strong><\/span><\/h2>\n<p><span style=\"color: #000000;\">M\u00e1te radi \u0161pecifick\u00fa farbu? Chcete vystavi\u0165 svoje \u00falovky z ciest? Mo\u017eno m\u00e1te radi ve\u013ea bielej, alebo etno \u0161t\u00fdl, pr\u00edpadne sa chcete pochv\u00e1li\u0165 vlastnou tvorbou dekor\u00e1cii. To v\u0161etko m\u00f4\u017eete vtesna\u0165 aj do vstupnej \u010dasti a tak prenies\u0165 vlastn\u00fd \u0161t\u00fdl z bytu a\u017e do predsiene.<\/span>[\/vc_column_text][vc_single_image image=&#8221;128750&#8243; img_size=&#8221;large&#8221; add_caption=&#8221;yes&#8221; alignment=&#8221;center&#8221; style=&#8221;vc_box_rounded&#8221;][vc_column_text]<\/p>\n<h2><span style=\"color: #e3245e;\"><strong>Myslite vertik\u00e1lne aj horizont\u00e1lne<\/strong><\/span><\/h2>\n<p><span style=\"color: #000000;\">U\u017e ste zabrali ka\u017ed\u00fd centimeter a st\u00e1le v\u00e1m e\u0161te ch\u00fdba \u00falo\u017en\u00fd priestor? Sk\u00faste sa poobzera\u0165 a myslie\u0165 ako vyu\u017ei\u0165 aj k\u00fasok vo\u013enej steny. Ve\u0161iaky v\u00e1s v tomto v\u017edy zachr\u00e1nia a pre mlad\u0161\u00edch \u010dlenov dom\u00e1cnost\u00ed sa zmestia na stenu k\u00fasok ni\u017e\u0161ie &#8211; pod dospel\u00e1cke kab\u00e1ty. Takto bud\u00fa samostatnej\u0161\u00ed a bundi\u010dky sa nebud\u00fa nevhodne pova\u013eova\u0165. <strong>Pohra\u0165 sa d\u00e1 aj s priestorom nad hlavou, najm\u00e4 v bytoch a domoch so zv\u00fd\u0161en\u00fdm stropom.<\/strong> Uskladni\u0165 tak m\u00f4\u017eete aj to \u010do sa nezmesti do pivnice, tajn\u00e9 dar\u010deky a r\u00f4zne z\u00e1soby.\u00a0<\/span>[\/vc_column_text][vc_single_image image=&#8221;128754&#8243; img_size=&#8221;large&#8221; add_caption=&#8221;yes&#8221; alignment=&#8221;center&#8221; style=&#8221;vc_box_rounded&#8221;][vc_column_text]<span style=\"color: #000000;\">N\u00e1jdite spr\u00e1vne rie\u0161enie pre v\u00e1s a docielite jedine\u010dn\u00fd priestor, ktor\u00fd bude vyhovova\u0165 va\u0161im potreb\u00e1m. Ak sa st\u00e1le tr\u00e1pite nad mo\u017enostami nev\u00e1hajte a kontaktujte n\u00e1\u0161 team odborn\u00e9ho poradenstva, ktor\u00fd sa \u0161pecializuje na vstavan\u00e9 skrine a n\u00e1bytok.<\/span>[\/vc_column_text][vc_message icon_fontawesome=&#8221;fa fa-lightbulb-o&#8221;]<span style=\"font-weight: 400;\">Zauj\u00edmaj\u00fa V\u00e1s ceny na\u0161ich vstavan\u00fdch skr\u00ed\u0148?\u00a0 Kliknite na <\/span><span style=\"color: #e3245e;\"><a style=\"color: #e3245e;\" href=\"https:\/\/ikuchyne.sk\/vstavane-skrine\"><span style=\"font-weight: 400;\">vstavan\u00e9 skrine<\/span><\/a><\/span><span style=\"font-weight: 400;\"> a n\u00e1jdite skri\u0148u najpodobnej\u0161iu tej Va\u0161ej. V\u0161etky na\u0161e skrine vyr\u00e1bame na mieru. Pre viac inform\u00e1ci\u00ed n\u00e1s kontaktujte na 0908 50 90 91 alebo <\/span><span style=\"color: #e3245e;\"><a style=\"color: #e3245e;\" href=\"mailto:info@ikuchyne.sk\"><span style=\"font-weight: 400;\">info@ikuchyne.sk<\/span><\/a><\/span>[\/vc_message][\/vc_column][\/vc_row]<\/p>\n","protected":false},"excerpt":{"rendered":"<p>[vc_row][vc_column][vc_column_text]Pozn\u00e1te nejak\u00fa in\u00fa \u010das\u0165 bytu, ktor\u00e1 by nemusela ma\u0165 tak ve\u013ea n\u00e1bytku v malom priestore? Veru tak\u00fa nen\u00e1jdete. Praktick\u00e1 predsie\u0148 mus\u00ed ma\u0165 4 z\u00e1sady, a to organizovanos\u0165, \u00fa\u010delnos\u0165, estetiku a<\/p>\n","protected":false},"author":549,"featured_media":128750,"comment_status":"closed","ping_status":"open","sticky":false,"template":"","format":"standard","meta":{"footnotes":""},"categories":[1010],"tags":[],"yoast_head":"<!-- This site is optimized with the Yoast SEO plugin v22.1 - https:\/\/yoast.com\/wordpress\/plugins\/seo\/ -->\n<title>N\u00e1pady pre praktick\u00fa predsie\u0148 &#187; iKuchyne iSHOP s n\u00e1bytkom<\/title>\n<meta name=\"description\" content=\"Prin\u00e1\u0161ame v\u00e1m op\u00e4\u0165 skvel\u00e9 n\u00e1pady pre prktick\u00fa predsie\u0148 Pozrite sa s nami na to, \u010do by mala dobr\u00e1 a funk\u010dn\u00e1 predsie\u0148 obsahova\u0165!\" \/>\n<meta name=\"robots\" content=\"index, follow, max-snippet:-1, max-image-preview:large, max-video-preview:-1\" \/>\n<link rel=\"canonical\" href=\"https:\/\/www.ikuchyne.sk\/eshop\/napady-pre-prakticku-predsien\/\" \/>\n<meta property=\"og:locale\" content=\"sk_SK\" \/>\n<meta property=\"og:type\" content=\"article\" \/>\n<meta property=\"og:title\" content=\"N\u00e1pady pre praktick\u00fa predsie\u0148 &#187; iKuchyne iSHOP s n\u00e1bytkom\" \/>\n<meta property=\"og:description\" content=\"Prin\u00e1\u0161ame v\u00e1m op\u00e4\u0165 skvel\u00e9 n\u00e1pady pre prktick\u00fa predsie\u0148 Pozrite sa s nami na to, \u010do by mala dobr\u00e1 a funk\u010dn\u00e1 predsie\u0148 obsahova\u0165!\" \/>\n<meta property=\"og:url\" content=\"https:\/\/www.ikuchyne.sk\/eshop\/napady-pre-prakticku-predsien\/\" \/>\n<meta property=\"og:site_name\" content=\"iKuchyne iSHOP s n\u00e1bytkom\" \/>\n<meta property=\"article:publisher\" content=\"https:\/\/www.facebook.com\/ikuchyne\/\" \/>\n<meta property=\"article:published_time\" content=\"2020-05-19T10:50:16+00:00\" \/>\n<meta property=\"article:modified_time\" content=\"2020-10-21T12:14:34+00:00\" \/>\n<meta property=\"og:image\" content=\"https:\/\/www.ikuchyne.sk\/eshop\/wp-content\/uploads\/2020\/05\/Ve\u013ek\u00e1-predsie\u0148-v-rustik\u00e1lnom-\u0161t\u00fdle.jpg\" \/>\n\t<meta property=\"og:image:width\" content=\"564\" \/>\n\t<meta property=\"og:image:height\" content=\"701\" \/>\n\t<meta property=\"og:image:type\" content=\"image\/jpeg\" \/>\n<meta name=\"author\" content=\"Barbara Kinka\" \/>\n<meta name=\"twitter:card\" content=\"summary_large_image\" \/>\n<meta name=\"twitter:label1\" content=\"Autor\" \/>\n\t<meta name=\"twitter:data1\" content=\"Barbara Kinka\" \/>\n\t<meta name=\"twitter:label2\" content=\"Predpokladan\u00fd \u010das \u010d\u00edtania\" \/>\n\t<meta name=\"twitter:data2\" content=\"5 min\u00fat\" \/>\n<script type=\"application\/ld+json\" class=\"yoast-schema-graph\">{\"@context\":\"https:\/\/schema.org\",\"@graph\":[{\"@type\":\"Article\",\"@id\":\"https:\/\/www.ikuchyne.sk\/eshop\/napady-pre-prakticku-predsien\/#article\",\"isPartOf\":{\"@id\":\"https:\/\/www.ikuchyne.sk\/eshop\/napady-pre-prakticku-predsien\/\"},\"author\":{\"name\":\"Barbara Kinka\",\"@id\":\"https:\/\/www.ikuchyne.sk\/eshop\/#\/schema\/person\/272c9331855524c3844384c3ac9416e9\"},\"headline\":\"N\u00e1pady pre praktick\u00fa predsie\u0148\",\"datePublished\":\"2020-05-19T10:50:16+00:00\",\"dateModified\":\"2020-10-21T12:14:34+00:00\",\"mainEntityOfPage\":{\"@id\":\"https:\/\/www.ikuchyne.sk\/eshop\/napady-pre-prakticku-predsien\/\"},\"wordCount\":1063,\"publisher\":{\"@id\":\"https:\/\/www.ikuchyne.sk\/eshop\/#organization\"},\"articleSection\":[\"N\u00c1BYTOK\"],\"inLanguage\":\"sk-SK\"},{\"@type\":\"WebPage\",\"@id\":\"https:\/\/www.ikuchyne.sk\/eshop\/napady-pre-prakticku-predsien\/\",\"url\":\"https:\/\/www.ikuchyne.sk\/eshop\/napady-pre-prakticku-predsien\/\",\"name\":\"N\u00e1pady pre praktick\u00fa predsie\u0148 &#187; iKuchyne iSHOP s n\u00e1bytkom\",\"isPartOf\":{\"@id\":\"https:\/\/www.ikuchyne.sk\/eshop\/#website\"},\"datePublished\":\"2020-05-19T10:50:16+00:00\",\"dateModified\":\"2020-10-21T12:14:34+00:00\",\"description\":\"Prin\u00e1\u0161ame v\u00e1m op\u00e4\u0165 skvel\u00e9 n\u00e1pady pre prktick\u00fa predsie\u0148 Pozrite sa s nami na to, \u010do by mala dobr\u00e1 a funk\u010dn\u00e1 predsie\u0148 obsahova\u0165!\",\"breadcrumb\":{\"@id\":\"https:\/\/www.ikuchyne.sk\/eshop\/napady-pre-prakticku-predsien\/#breadcrumb\"},\"inLanguage\":\"sk-SK\",\"potentialAction\":[{\"@type\":\"ReadAction\",\"target\":[\"https:\/\/www.ikuchyne.sk\/eshop\/napady-pre-prakticku-predsien\/\"]}]},{\"@type\":\"BreadcrumbList\",\"@id\":\"https:\/\/www.ikuchyne.sk\/eshop\/napady-pre-prakticku-predsien\/#breadcrumb\",\"itemListElement\":[{\"@type\":\"ListItem\",\"position\":1,\"name\":\"Home\",\"item\":\"https:\/\/www.ikuchyne.sk\/eshop\/\"},{\"@type\":\"ListItem\",\"position\":2,\"name\":\"N\u00e1pady pre praktick\u00fa predsie\u0148\"}]},{\"@type\":\"WebSite\",\"@id\":\"https:\/\/www.ikuchyne.sk\/eshop\/#website\",\"url\":\"https:\/\/www.ikuchyne.sk\/eshop\/\",\"name\":\"iKuchyne iSHOP s n\u00e1bytkom\",\"description\":\"Jed\u00e1lensk\u00e9 stoly, stoli\u010dky, n\u00e1bytok, svietidl\u00e1...\",\"publisher\":{\"@id\":\"https:\/\/www.ikuchyne.sk\/eshop\/#organization\"},\"potentialAction\":[{\"@type\":\"SearchAction\",\"target\":{\"@type\":\"EntryPoint\",\"urlTemplate\":\"https:\/\/www.ikuchyne.sk\/eshop\/?s={search_term_string}\"},\"query-input\":\"required name=search_term_string\"}],\"inLanguage\":\"sk-SK\"},{\"@type\":\"Organization\",\"@id\":\"https:\/\/www.ikuchyne.sk\/eshop\/#organization\",\"name\":\"ikuchyne!\",\"url\":\"https:\/\/www.ikuchyne.sk\/eshop\/\",\"logo\":{\"@type\":\"ImageObject\",\"inLanguage\":\"sk-SK\",\"@id\":\"https:\/\/www.ikuchyne.sk\/eshop\/#\/schema\/logo\/image\/\",\"url\":\"https:\/\/www.ikuchyne.sk\/eshop\/wp-content\/uploads\/2017\/04\/ikuchyne-logo.jpg\",\"contentUrl\":\"https:\/\/www.ikuchyne.sk\/eshop\/wp-content\/uploads\/2017\/04\/ikuchyne-logo.jpg\",\"width\":200,\"height\":48,\"caption\":\"ikuchyne!\"},\"image\":{\"@id\":\"https:\/\/www.ikuchyne.sk\/eshop\/#\/schema\/logo\/image\/\"},\"sameAs\":[\"https:\/\/www.facebook.com\/ikuchyne\/\",\"https:\/\/www.instagram.com\/ikuchyne.sk\/\",\"https:\/\/sk.pinterest.com\/ikuchynesk\/\"]},{\"@type\":\"Person\",\"@id\":\"https:\/\/www.ikuchyne.sk\/eshop\/#\/schema\/person\/272c9331855524c3844384c3ac9416e9\",\"name\":\"Barbara Kinka\",\"image\":{\"@type\":\"ImageObject\",\"inLanguage\":\"sk-SK\",\"@id\":\"https:\/\/www.ikuchyne.sk\/eshop\/#\/schema\/person\/image\/\",\"url\":\"https:\/\/www.ikuchyne.sk\/eshop\/wp-content\/plugins\/wp-user-avatar\/deprecated\/wp-user-avatar\/images\/wpua-96x96.png\",\"contentUrl\":\"https:\/\/www.ikuchyne.sk\/eshop\/wp-content\/plugins\/wp-user-avatar\/deprecated\/wp-user-avatar\/images\/wpua-96x96.png\",\"caption\":\"Barbara Kinka\"},\"description\":\"Barbara sa po rokoch vo facility korpor\u00e1te, rozhodla zmeni\u0165 smer a venova\u0165 sa interi\u00e9rov\u00e9mu dizajnu. Najrad\u0161ej navrhuje kuchyne, ke\u010f\u017ee sp\u00e1jaj\u00fa praktickos\u0165 a estetiku z\u00e1rove\u0148. Vo vo\u013enom \u010dase sleduje trendy, p\u00ed\u0161e \u010dl\u00e1nky a st\u00e1le potrebuje nie\u010do meni\u0165, vylep\u0161ova\u0165 a recyklova\u0165. Okrem \u010dasu s de\u0165mi rada ma\u013euje, chod\u00ed na koncerty, venuje sa z\u00e1hradke a vareniu.\",\"url\":\"https:\/\/www.ikuchyne.sk\/eshop\/author\/barbara-kinka\/\"}]}<\/script>\n<!-- \/ Yoast SEO plugin. -->","yoast_head_json":{"title":"N\u00e1pady pre praktick\u00fa predsie\u0148 &#187; iKuchyne iSHOP s n\u00e1bytkom","description":"Prin\u00e1\u0161ame v\u00e1m op\u00e4\u0165 skvel\u00e9 n\u00e1pady pre prktick\u00fa predsie\u0148 Pozrite sa s nami na to, \u010do by mala dobr\u00e1 a funk\u010dn\u00e1 predsie\u0148 obsahova\u0165!","robots":{"index":"index","follow":"follow","max-snippet":"max-snippet:-1","max-image-preview":"max-image-preview:large","max-video-preview":"max-video-preview:-1"},"canonical":"https:\/\/www.ikuchyne.sk\/eshop\/napady-pre-prakticku-predsien\/","og_locale":"sk_SK","og_type":"article","og_title":"N\u00e1pady pre praktick\u00fa predsie\u0148 &#187; iKuchyne iSHOP s n\u00e1bytkom","og_description":"Prin\u00e1\u0161ame v\u00e1m op\u00e4\u0165 skvel\u00e9 n\u00e1pady pre prktick\u00fa predsie\u0148 Pozrite sa s nami na to, \u010do by mala dobr\u00e1 a funk\u010dn\u00e1 predsie\u0148 obsahova\u0165!","og_url":"https:\/\/www.ikuchyne.sk\/eshop\/napady-pre-prakticku-predsien\/","og_site_name":"iKuchyne iSHOP s n\u00e1bytkom","article_publisher":"https:\/\/www.facebook.com\/ikuchyne\/","article_published_time":"2020-05-19T10:50:16+00:00","article_modified_time":"2020-10-21T12:14:34+00:00","og_image":[{"width":564,"height":701,"url":"https:\/\/www.ikuchyne.sk\/eshop\/wp-content\/uploads\/2020\/05\/Ve\u013ek\u00e1-predsie\u0148-v-rustik\u00e1lnom-\u0161t\u00fdle.jpg","type":"image\/jpeg"}],"author":"Barbara Kinka","twitter_card":"summary_large_image","twitter_misc":{"Autor":"Barbara Kinka","Predpokladan\u00fd \u010das \u010d\u00edtania":"5 min\u00fat"},"schema":{"@context":"https:\/\/schema.org","@graph":[{"@type":"Article","@id":"https:\/\/www.ikuchyne.sk\/eshop\/napady-pre-prakticku-predsien\/#article","isPartOf":{"@id":"https:\/\/www.ikuchyne.sk\/eshop\/napady-pre-prakticku-predsien\/"},"author":{"name":"Barbara Kinka","@id":"https:\/\/www.ikuchyne.sk\/eshop\/#\/schema\/person\/272c9331855524c3844384c3ac9416e9"},"headline":"N\u00e1pady pre praktick\u00fa predsie\u0148","datePublished":"2020-05-19T10:50:16+00:00","dateModified":"2020-10-21T12:14:34+00:00","mainEntityOfPage":{"@id":"https:\/\/www.ikuchyne.sk\/eshop\/napady-pre-prakticku-predsien\/"},"wordCount":1063,"publisher":{"@id":"https:\/\/www.ikuchyne.sk\/eshop\/#organization"},"articleSection":["N\u00c1BYTOK"],"inLanguage":"sk-SK"},{"@type":"WebPage","@id":"https:\/\/www.ikuchyne.sk\/eshop\/napady-pre-prakticku-predsien\/","url":"https:\/\/www.ikuchyne.sk\/eshop\/napady-pre-prakticku-predsien\/","name":"N\u00e1pady pre praktick\u00fa predsie\u0148 &#187; iKuchyne iSHOP s n\u00e1bytkom","isPartOf":{"@id":"https:\/\/www.ikuchyne.sk\/eshop\/#website"},"datePublished":"2020-05-19T10:50:16+00:00","dateModified":"2020-10-21T12:14:34+00:00","description":"Prin\u00e1\u0161ame v\u00e1m op\u00e4\u0165 skvel\u00e9 n\u00e1pady pre prktick\u00fa predsie\u0148 Pozrite sa s nami na to, \u010do by mala dobr\u00e1 a funk\u010dn\u00e1 predsie\u0148 obsahova\u0165!","breadcrumb":{"@id":"https:\/\/www.ikuchyne.sk\/eshop\/napady-pre-prakticku-predsien\/#breadcrumb"},"inLanguage":"sk-SK","potentialAction":[{"@type":"ReadAction","target":["https:\/\/www.ikuchyne.sk\/eshop\/napady-pre-prakticku-predsien\/"]}]},{"@type":"BreadcrumbList","@id":"https:\/\/www.ikuchyne.sk\/eshop\/napady-pre-prakticku-predsien\/#breadcrumb","itemListElement":[{"@type":"ListItem","position":1,"name":"Home","item":"https:\/\/www.ikuchyne.sk\/eshop\/"},{"@type":"ListItem","position":2,"name":"N\u00e1pady pre praktick\u00fa predsie\u0148"}]},{"@type":"WebSite","@id":"https:\/\/www.ikuchyne.sk\/eshop\/#website","url":"https:\/\/www.ikuchyne.sk\/eshop\/","name":"iKuchyne iSHOP s n\u00e1bytkom","description":"Jed\u00e1lensk\u00e9 stoly, stoli\u010dky, n\u00e1bytok, svietidl\u00e1...","publisher":{"@id":"https:\/\/www.ikuchyne.sk\/eshop\/#organization"},"potentialAction":[{"@type":"SearchAction","target":{"@type":"EntryPoint","urlTemplate":"https:\/\/www.ikuchyne.sk\/eshop\/?s={search_term_string}"},"query-input":"required name=search_term_string"}],"inLanguage":"sk-SK"},{"@type":"Organization","@id":"https:\/\/www.ikuchyne.sk\/eshop\/#organization","name":"ikuchyne!","url":"https:\/\/www.ikuchyne.sk\/eshop\/","logo":{"@type":"ImageObject","inLanguage":"sk-SK","@id":"https:\/\/www.ikuchyne.sk\/eshop\/#\/schema\/logo\/image\/","url":"https:\/\/www.ikuchyne.sk\/eshop\/wp-content\/uploads\/2017\/04\/ikuchyne-logo.jpg","contentUrl":"https:\/\/www.ikuchyne.sk\/eshop\/wp-content\/uploads\/2017\/04\/ikuchyne-logo.jpg","width":200,"height":48,"caption":"ikuchyne!"},"image":{"@id":"https:\/\/www.ikuchyne.sk\/eshop\/#\/schema\/logo\/image\/"},"sameAs":["https:\/\/www.facebook.com\/ikuchyne\/","https:\/\/www.instagram.com\/ikuchyne.sk\/","https:\/\/sk.pinterest.com\/ikuchynesk\/"]},{"@type":"Person","@id":"https:\/\/www.ikuchyne.sk\/eshop\/#\/schema\/person\/272c9331855524c3844384c3ac9416e9","name":"Barbara Kinka","image":{"@type":"ImageObject","inLanguage":"sk-SK","@id":"https:\/\/www.ikuchyne.sk\/eshop\/#\/schema\/person\/image\/","url":"https:\/\/www.ikuchyne.sk\/eshop\/wp-content\/plugins\/wp-user-avatar\/deprecated\/wp-user-avatar\/images\/wpua-96x96.png","contentUrl":"https:\/\/www.ikuchyne.sk\/eshop\/wp-content\/plugins\/wp-user-avatar\/deprecated\/wp-user-avatar\/images\/wpua-96x96.png","caption":"Barbara Kinka"},"description":"Barbara sa po rokoch vo facility korpor\u00e1te, rozhodla zmeni\u0165 smer a venova\u0165 sa interi\u00e9rov\u00e9mu dizajnu. Najrad\u0161ej navrhuje kuchyne, ke\u010f\u017ee sp\u00e1jaj\u00fa praktickos\u0165 a estetiku z\u00e1rove\u0148. Vo vo\u013enom \u010dase sleduje trendy, p\u00ed\u0161e \u010dl\u00e1nky a st\u00e1le potrebuje nie\u010do meni\u0165, vylep\u0161ova\u0165 a recyklova\u0165. Okrem \u010dasu s de\u0165mi rada ma\u013euje, chod\u00ed na koncerty, venuje sa z\u00e1hradke a vareniu.","url":"https:\/\/www.ikuchyne.sk\/eshop\/author\/barbara-kinka\/"}]}},"_links":{"self":[{"href":"https:\/\/www.ikuchyne.sk\/eshop\/wp-json\/wp\/v2\/posts\/128688"}],"collection":[{"href":"https:\/\/www.ikuchyne.sk\/eshop\/wp-json\/wp\/v2\/posts"}],"about":[{"href":"https:\/\/www.ikuchyne.sk\/eshop\/wp-json\/wp\/v2\/types\/post"}],"author":[{"embeddable":true,"href":"https:\/\/www.ikuchyne.sk\/eshop\/wp-json\/wp\/v2\/users\/549"}],"replies":[{"embeddable":true,"href":"https:\/\/www.ikuchyne.sk\/eshop\/wp-json\/wp\/v2\/comments?post=128688"}],"version-history":[{"count":7,"href":"https:\/\/www.ikuchyne.sk\/eshop\/wp-json\/wp\/v2\/posts\/128688\/revisions"}],"predecessor-version":[{"id":147429,"href":"https:\/\/www.ikuchyne.sk\/eshop\/wp-json\/wp\/v2\/posts\/128688\/revisions\/147429"}],"wp:featuredmedia":[{"embeddable":true,"href":"https:\/\/www.ikuchyne.sk\/eshop\/wp-json\/wp\/v2\/media\/128750"}],"wp:attachment":[{"href":"https:\/\/www.ikuchyne.sk\/eshop\/wp-json\/wp\/v2\/media?parent=128688"}],"wp:term":[{"taxonomy":"category","embeddable":true,"href":"https:\/\/www.ikuchyne.sk\/eshop\/wp-json\/wp\/v2\/categories?post=128688"},{"taxonomy":"post_tag","embeddable":true,"href":"https:\/\/www.ikuchyne.sk\/eshop\/wp-json\/wp\/v2\/tags?post=128688"}],"curies":[{"name":"wp","href":"https:\/\/api.w.org\/{rel}","templated":true}]}}