{"id":129282,"date":"2020-05-28T18:30:13","date_gmt":"2020-05-28T16:30:13","guid":{"rendered":"https:\/\/www.ikuchyne.sk\/eshop\/?p=129282"},"modified":"2020-05-28T18:30:36","modified_gmt":"2020-05-28T16:30:36","slug":"zorientujte-sa-pri-vybere-vstavanych-skrin","status":"publish","type":"post","link":"https:\/\/www.ikuchyne.sk\/eshop\/zorientujte-sa-pri-vybere-vstavanych-skrin\/","title":{"rendered":"Zorientujte sa pri v\u00fdbere vstavan\u00fdch skr\u00ed\u0148"},"content":{"rendered":"<p>[vc_row][vc_column][vc_column_text]<span style=\"color: #000000;\"><strong>Vstavan\u00e9 skrine patria bezpochyby k najlep\u0161\u00edm \u0161etri\u010dom priestoru v dom\u00e1cnosti. Niet preto divu, \u017ee s\u00fa tak ob\u013e\u00faben\u00e9 u\u017e dlh\u00e9 roky. Pre\u010do m\u00f4\u017ee by\u0165 vstavan\u00e1 skri\u0148a vhodn\u00e1 pr\u00e1ve pre v\u00e1s a \u010do potrebujete vedie\u0165, aby ste \u010do najlep\u0161ie vyu\u017eili \u0161atn\u00edkov\u00fa skri\u0148u na mieru? Tu je nieko\u013eko r\u00e1d a tipov, ktor\u00e9 v\u00e1m pom\u00f4\u017eu zorientova\u0165 sa vo svete vstavan\u00fdch skr\u00ed\u0148.<\/strong><\/span>[\/vc_column_text][vc_single_image image=&#8221;125639&#8243; img_size=&#8221;large&#8221; add_caption=&#8221;yes&#8221; alignment=&#8221;center&#8221; style=&#8221;vc_box_rounded&#8221; onclick=&#8221;custom_link&#8221; link=&#8221;https:\/\/ikuchyne.sk\/skrine-do-spalne&#8221;][\/vc_column][\/vc_row][vc_row][vc_column][vc_column_text]<span style=\"color: #000000;\">Ak si k\u00fapite vo\u013ene stojaci a predmontovan\u00fd n\u00e1bytok, n\u00e1jdenie spr\u00e1vneho kusu m\u00f4\u017ee nejak\u00fd \u010das trva\u0165. Mus\u00ed ma\u0165 spr\u00e1vnu ve\u013ekos\u0165 a \u0161t\u00fdl a je potrebn\u00e9 zabezpe\u010di\u0165, aby vyhovoval rozmerom va\u0161ej izby, aby ste ho mohli nain\u0161talova\u0165. Ale s n\u00e1bytkom vyroben\u00fdm na mieru s\u00fa v\u0161etky tieto probl\u00e9my vyrie\u0161en\u00e9! <strong>M\u00f4\u017eete si tie\u017e vybra\u0165 zo \u0161irokej \u0161k\u00e1ly materi\u00e1lov dosiek a farieb skla a povrchu, tak\u017ee va\u0161e nov\u00e9 \u0161atn\u00edkov\u00e9 skrine bud\u00fa vyzera\u0165 presne tak, ako chcete.<\/strong> To pon\u00faka slobodu dizajnu bez oh\u013eadu na to, \u010di chcete skri\u0148u s posuvn\u00fdmi dverami, walk in \u0161atn\u00edk alebo skri\u0148u spl\u00fdvaj\u00facu so stenou, ktor\u00e1 nebude ru\u0161i\u0165 celistvos\u0165 interi\u00e9ru. V\u00fdber je len na v\u00e1s!<\/span>[\/vc_column_text][vc_single_image image=&#8221;125640&#8243; img_size=&#8221;large&#8221; add_caption=&#8221;yes&#8221; alignment=&#8221;center&#8221; style=&#8221;vc_box_rounded&#8221; onclick=&#8221;custom_link&#8221; img_link_target=&#8221;_blank&#8221; link=&#8221;https:\/\/ikuchyne.sk\/skrine-do-chodby&#8221;][\/vc_column][\/vc_row][vc_row][vc_column][vc_column_text]<\/p>\n<h2><strong><span style=\"color: #e3245e;\">V\u00fdhody profesion\u00e1lnej vstavanej skrine na mieru<\/span><\/strong><\/h2>\n<p>[\/vc_column_text][vc_column_text]<\/p>\n<ul>\n<li><span style=\"color: #000000;\"><strong>Vytv\u00e1ra otvorenej\u0161\u00ed vzh\u013ead ako vo\u013ene stojace skrine.<\/strong><\/span><\/li>\n<li><span style=\"color: #000000;\"><strong>Poskytuje viac miesta na ulo\u017eenie ako be\u017en\u00e1, vo\u013ene stojaca skri\u0148a.<\/strong><\/span><\/li>\n<li><span style=\"color: #000000;\"><strong>Vstavan\u00e1 skri\u0148a m\u00e1 k dispoz\u00edcii viac nastavite\u013en\u00fdch mo\u017enost\u00ed.<\/strong><\/span><\/li>\n<li><span style=\"color: #000000;\"><strong>Tak isto m\u00f4\u017eete pou\u017ei\u0165 vstavan\u00fa skri\u0148u namiesto prie\u010dky a<\/strong>\u00a0<strong>predeli\u0165 \u0148ou priestor.<\/strong><\/span><\/li>\n<\/ul>\n<p>[\/vc_column_text][\/vc_column][\/vc_row][vc_row][vc_column][vc_single_image image=&#8221;125641&#8243; img_size=&#8221;large&#8221; add_caption=&#8221;yes&#8221; alignment=&#8221;center&#8221; style=&#8221;vc_box_rounded&#8221; onclick=&#8221;custom_link&#8221; img_link_target=&#8221;_blank&#8221; link=&#8221;https:\/\/ikuchyne.sk\/eshop\/skrine\/&#8221;][vc_column_text]<strong><span style=\"color: #000000;\">Ak rozm\u00fd\u0161\u013eate nad v\u00fdberom vstavan\u00fdch skr\u00ed\u0148, polo\u017ete si tieto ot\u00e1zky:<\/span><\/strong><\/p>\n<ul>\n<li><span style=\"color: #000000;\">Potrebujem viac odkladacieho priestoru, z\u00e1vesn\u00e9ho priestoru alebo z\u00e1suviek?<\/span><\/li>\n<li><span style=\"color: #000000;\">\u010coho m\u00e1m v s\u00fa\u010dasnosti pr\u00edli\u0161 ve\u013ea? (priestor na police, priestor na zavesenie alebo z\u00e1suvky)<\/span><\/li>\n<li><span style=\"color: #000000;\">Je v\u00fd\u0161ka medzi policami dostato\u010dn\u00e1 alebo by som mohol vyu\u017ei\u0165 viac \u010di menej priestoru?<\/span><\/li>\n<\/ul>\n<p><span style=\"color: #000000;\">Pravdepodobne nikdy nebudete pr\u00edli\u0161 rozm\u00fd\u0161\u013ea\u0165 nad pozit\u00edvnymi vlastnos\u0165ami va\u0161ej s\u00fa\u010dasnej \u0161atn\u00edkovej skrine a sk\u00f4r si v\u0161imnete, \u010do sa v\u00e1m na nej nep\u00e1\u010di. Ak chcete spr\u00e1vne vyhodnoti\u0165 svoju skri\u0148u a z\u00edska\u0165 dobr\u00fa predstavu o tom, ako chcete nov\u00fa \u0161atn\u00edkov\u00fa skri\u0148u nakonfigurova\u0165, je d\u00f4le\u017eit\u00e9 vzia\u0165 na vedomie dobr\u00e9 aj zl\u00e9 vlastnosti, preto\u017ee pri navrhovan\u00ed nov\u00e9ho \u0161atn\u00edka s\u00fa rovnako d\u00f4le\u017eit\u00e9 obidve.<\/span>[\/vc_column_text][\/vc_column][\/vc_row][vc_row][vc_column][vc_single_image image=&#8221;125642&#8243; img_size=&#8221;large&#8221; add_caption=&#8221;yes&#8221; alignment=&#8221;center&#8221; style=&#8221;vc_box_rounded&#8221;][vc_message icon_fontawesome=&#8221;fa fa-lightbulb-o&#8221;]<strong><b>Vedeli ste, \u017ee<\/b><\/strong><\/p>\n<p><span style=\"color: #000000;\">prv\u00fdkr\u00e1t bol \u0161atn\u00edk ve\u013emi podobn\u00fd tomu, ak\u00fd pozn\u00e1me dnes, vyvinut\u00fd vo Franc\u00fazsku v 17. storo\u010d\u00ed a sl\u00fa\u017eil na uskladnenie brnenia a zbran\u00ed alebo remeseln\u00edckeho n\u00e1radia? Od 18. storo\u010dia sa tieto kusy n\u00e1bytku stali najbe\u017enej\u0161\u00edm sp\u00f4sobom, ako si bohat\u00ed mohli skladova\u0165 svoje \u0161aty, a spolu s policami a z\u00e1suvkami mali zvy\u010dajne z\u00e1vesn\u00fa \u010das\u0165 pre pl\u00e1\u0161te a in\u00e9 dlh\u00e9 odevy. Boli ob\u010das zabudovan\u00e9 do \u0161trukt\u00fary samotnej budovy a nevedomky tvorili skor\u00fdch predchodcov dne\u0161n\u00fdch n\u00e1stenn\u00fdch a vstavan\u00fdch skr\u00ed\u0148.<\/span>[\/vc_message][\/vc_column][\/vc_row][vc_row][vc_column][vc_column_text]<\/p>\n<h2><strong><span style=\"color: #e3245e;\">Rie\u0161enia \u0161it\u00e9 na mieru pre netradi\u010dn\u00e9 priestory<\/span><\/strong><\/h2>\n<p>[\/vc_column_text][vc_column_text]<span style=\"color: #000000;\">Aj ke\u010f \u0161tandardn\u00e9 rie\u0161enia \u00falo\u017en\u00e9ho priestoru poskytuj\u00fa v\u017edy dokonal\u00fd s\u00falad a \u0161t\u00fdl, <strong>n\u00e1bytok na mieru je<\/strong> <strong>navrhnut\u00fd pod\u013ea va\u0161ich<\/strong> <strong>presn\u00fdch po\u017eiadaviek<\/strong>, tak\u017ee m\u00f4\u017eete navrhn\u00fa\u0165 \u0161atn\u00edk tak, aby vyhovoval aj t\u00fdm najn\u00e1ro\u010dnej\u0161\u00edm predstav\u00e1m, \u010di netradi\u010dne rie\u0161en\u00fdm miestam. <strong>Ak m\u00e1te \u0161ikm\u00e9 stropy, v\u00fdklenky alebo rohov\u00fd priestor, m\u00f4\u017eete si vytvori\u0165 tak\u00e9 <span style=\"color: #e3245e;\"><a style=\"color: #e3245e;\" href=\"https:\/\/ikuchyne.sk\/vstavane-skrine\">vstavan\u00e9 skrine<\/a><\/span>, ktor\u00e9 sa v\u00e1m hodia.<\/strong> <\/span>[\/vc_column_text][\/vc_column][\/vc_row][vc_row][vc_column][vc_single_image image=&#8221;125644&#8243; img_size=&#8221;large&#8221; add_caption=&#8221;yes&#8221; alignment=&#8221;center&#8221; style=&#8221;vc_box_rounded&#8221;][vc_column_text]<\/p>\n<h2><strong><span style=\"color: #e3245e;\">Mo\u017enosti pr\u00e1ce s va\u0161\u00edm rozpo\u010dtom<\/span><\/strong><\/h2>\n<p>[\/vc_column_text][vc_column_text]<span style=\"color: #000000;\"><strong>Vlastn\u00fd dizajn je lacnej\u0161\u00ed, ako si mysl\u00edte.<\/strong> Kr\u00e1sa prisp\u00f4soben\u00e9ho dizajnu spo\u010d\u00edva v tom, \u017ee m\u00f4\u017eete prisp\u00f4sobi\u0165 n\u00e1klady s oh\u013eadom na materi\u00e1l a prevedenie, tak\u017ee sa m\u00f4\u017eete pri zostavovan\u00ed potrebn\u00e9ho \u00falo\u017en\u00e9ho priestoru dr\u017ea\u0165 svojho rozpo\u010dtu. Z\u00e1le\u017e\u00ed iba na v\u00e1s, ak\u00fd \u0161tandard vstavanej skrine si vyberiete. <strong>Moment\u00e1lne s\u00fa dostupn\u00e9 r\u00f4zne prevedenia, \u010di u\u017e povrchov, ale aj vzh\u013eadu, v\u00fdrezov \u010di in\u00fdch vylep\u0161en\u00ed.<\/strong><\/span>[\/vc_column_text][vc_single_image image=&#8221;125645&#8243; img_size=&#8221;large&#8221; add_caption=&#8221;yes&#8221; alignment=&#8221;center&#8221; style=&#8221;vc_box_rounded&#8221; onclick=&#8221;custom_link&#8221; img_link_target=&#8221;_blank&#8221; link=&#8221;https:\/\/ikuchyne.sk\/skrine-do-chodby&#8221;][\/vc_column][\/vc_row][vc_row][vc_column][vc_column_text]<\/p>\n<h2><strong><span style=\"color: #e3245e;\">Faktory, ktor\u00e9 je potrebn\u00e9 zoh\u013eadni\u0165 pri vstavan\u00fdch skriniach na mieru<\/span><\/strong><\/h2>\n<p>[\/vc_column_text][\/vc_column][\/vc_row][vc_row][vc_column][vc_single_image image=&#8221;125710&#8243; img_size=&#8221;large&#8221; add_caption=&#8221;yes&#8221; alignment=&#8221;center&#8221; style=&#8221;vc_box_rounded&#8221;][vc_column_text]<\/p>\n<h2><strong><span style=\"color: #e3245e;\">Dvere<\/span><\/strong><\/h2>\n<p>[\/vc_column_text][vc_column_text]<span style=\"color: #000000;\">Jedn\u00fdm z najd\u00f4le\u017eitej\u0161\u00edch rozhodnut\u00ed, ktor\u00e9 urob\u00edte pri v\u00fdbere vhodnej skrine je to, ak\u00fd druh dver\u00ed uprednostn\u00edte. <\/span><strong><span style=\"color: #000000;\">Vstavan\u00e9 skrine sa v\u00e4\u010d\u0161inou dod\u00e1vaj\u00fa s kr\u00eddlov\u00fdmi alebo posuvn\u00fdmi dverami.<\/span> <\/strong>[\/vc_column_text][\/vc_column][\/vc_row][vc_row][vc_column][vc_column_text]<\/p>\n<h2><strong><span style=\"color: #e3245e;\">Vo vn\u00fatri vstavanej skrine<\/span><\/strong><\/h2>\n<p>[\/vc_column_text][vc_column_text]<span style=\"color: #000000;\"><strong>Mali by ste zv\u00e1\u017ei\u0165 typ \u00falo\u017en\u00e9ho priestoru<\/strong>,\u00a0 <strong>ktor\u00fd sa m\u00e1 pou\u017ei\u0165.<\/strong> Potrebujete stojan na top\u00e1nky alebo priestor na odkladanie n\u00e1radia? Rad\u0161ej uprednostn\u00edte z\u00e1suvky, alebo potrebujete viac miesta pre police? <strong>Priestor v \u0161atn\u00edku si m\u00f4\u017eete rozvrhn\u00fa\u0165 presne pod\u013ea va\u0161ich preferenci\u00ed<\/strong>.<\/span>[\/vc_column_text][vc_single_image image=&#8221;125647&#8243; img_size=&#8221;large&#8221; add_caption=&#8221;yes&#8221; alignment=&#8221;center&#8221; style=&#8221;vc_box_rounded&#8221;][\/vc_column][\/vc_row][vc_row][vc_column][vc_column_text]<\/p>\n<h2><strong><span style=\"color: #e3245e;\">Zrkadl\u00e1 a vstavan\u00e9 skrine<\/span><\/strong><\/h2>\n<p>[\/vc_column_text][vc_column_text]<span style=\"color: #000000;\">\u010eal\u0161\u00edm faktorom, ktor\u00fd je potrebn\u00e9 vzia\u0165 do \u00favahy je, \u010di chcete, aby \u0161atn\u00edkov\u00e1 skri\u0148a obsahovala zrkadlo. Niektor\u00e9 vstavan\u00e9 skrine s\u00fa vybaven\u00e9 zrkadlov\u00fdmi vonkaj\u0161\u00edmi panelmi alebo zrkadlami na vn\u00fatornej strane dver\u00ed, ak chcete zrkadlo plnej d\u013a\u017eky. Vstavan\u00e9 skrine, ktor\u00e9 obsahuj\u00fa toaletn\u00fd stol\u00edk, maj\u00fa na \u00farovni o\u010d\u00ed mal\u00e9 zrkadl\u00e1, ktor\u00e9 s\u00fa ide\u00e1lne na nan\u00e1\u0161anie make-upu.<\/span>[\/vc_column_text][vc_single_image image=&#8221;125648&#8243; img_size=&#8221;large&#8221; add_caption=&#8221;yes&#8221; alignment=&#8221;center&#8221; style=&#8221;vc_box_rounded&#8221;][\/vc_column][\/vc_row][vc_row][vc_column][vc_column_text]<\/p>\n<h2><strong><span style=\"color: #e3245e;\">Prevedenie<\/span><\/strong><\/h2>\n<p>[\/vc_column_text][vc_column_text]<span style=\"color: #000000;\"><strong>Ide hlavne o zvolen\u00fd materi\u00e1l, povrchov\u00fa \u00fapravu a farbu<\/strong>. Najlep\u0161ia vo\u013eba bude t\u00e1, ktor\u00e1 bude ladi\u0165 so zvy\u0161kom interi\u00e9ru, m\u00f4\u017ee v\u0161ak aj interi\u00e9r o\u017eivi\u0165. Nemus\u00edte hne\u010f siahnu\u0165 po v\u00fdrazn\u00fdch farb\u00e1ch, ale m\u00f4\u017eete povedzme zvoli\u0165 neutr\u00e1lnu farbu, ktor\u00e1 sa s\u00edce nezhoduje s farbou steny, ale lad\u00ed s interi\u00e9rov\u00fdmi doplnkami.<\/span><\/p>\n<p>[\/vc_column_text][vc_single_image image=&#8221;125649&#8243; img_size=&#8221;large&#8221; add_caption=&#8221;yes&#8221; alignment=&#8221;center&#8221; style=&#8221;vc_box_rounded&#8221; onclick=&#8221;custom_link&#8221; link=&#8221;https:\/\/ikuchyne.sk\/eshop\/sedenie\/&#8221;][\/vc_column][\/vc_row][vc_row][vc_column][vc_column_text]<strong><span style=\"color: #000000;\">V\u00fdber vstavanej skrine je zodpovedn\u00fd proces a ver\u00edme, \u017ee<span style=\"color: #e3245e;\"> <a style=\"color: #e3245e;\" href=\"https:\/\/ikuchyne.sk\/realizacie-vstavanych-skrin\/\">in\u0161pir\u00e1ci\u00ed<\/a> <\/span>nikdy nie je dos\u0165. M\u00f4\u017eete sa tie\u017e in\u0161pirova\u0165 aj na na\u0161om webe v sekcii <span style=\"color: #e3245e;\"><a style=\"color: #e3245e;\" href=\"https:\/\/ikuchyne.sk\/vstavane-skrine\">vstavan\u00e9 skrine<\/a><\/span>.<\/span><\/strong>[\/vc_column_text][\/vc_column][\/vc_row]<\/p>\n","protected":false},"excerpt":{"rendered":"<p>[vc_row][vc_column][vc_column_text]Vstavan\u00e9 skrine patria bezpochyby k najlep\u0161\u00edm \u0161etri\u010dom priestoru v dom\u00e1cnosti. Niet preto divu, \u017ee s\u00fa tak ob\u013e\u00faben\u00e9 u\u017e dlh\u00e9 roky. Pre\u010do m\u00f4\u017ee by\u0165 vstavan\u00e1 skri\u0148a vhodn\u00e1 pr\u00e1ve pre v\u00e1s a<\/p>\n","protected":false},"author":548,"featured_media":128935,"comment_status":"closed","ping_status":"open","sticky":false,"template":"","format":"standard","meta":{"footnotes":""},"categories":[1010],"tags":[],"yoast_head":"<!-- This site is optimized with the Yoast SEO plugin v22.1 - https:\/\/yoast.com\/wordpress\/plugins\/seo\/ -->\n<title>Zorientujte sa pri v\u00fdbere vstavan\u00fdch skr\u00ed\u0148 &#187; iKuchyne iSHOP s n\u00e1bytkom<\/title>\n<meta name=\"description\" content=\"V\u00fdber vstavan\u00fdch skr\u00ed\u0148 m\u00f4\u017ee by\u0165 trochu n\u00e1ro\u010dnej\u0161\u00ed proces a tak v\u00e1m prin\u00e1\u0161ame \u010dl\u00e1nok s tipmi ako sa v \u0148om zorientova\u0165, aby ste si vybrali.\" \/>\n<meta name=\"robots\" content=\"index, follow, max-snippet:-1, max-image-preview:large, max-video-preview:-1\" \/>\n<link rel=\"canonical\" href=\"https:\/\/www.ikuchyne.sk\/eshop\/zorientujte-sa-pri-vybere-vstavanych-skrin\/\" \/>\n<meta property=\"og:locale\" content=\"sk_SK\" \/>\n<meta property=\"og:type\" content=\"article\" \/>\n<meta property=\"og:title\" content=\"Zorientujte sa pri v\u00fdbere vstavan\u00fdch skr\u00ed\u0148 &#187; iKuchyne iSHOP s n\u00e1bytkom\" \/>\n<meta property=\"og:description\" content=\"V\u00fdber vstavan\u00fdch skr\u00ed\u0148 m\u00f4\u017ee by\u0165 trochu n\u00e1ro\u010dnej\u0161\u00ed proces a tak v\u00e1m prin\u00e1\u0161ame \u010dl\u00e1nok s tipmi ako sa v \u0148om zorientova\u0165, aby ste si vybrali.\" \/>\n<meta property=\"og:url\" content=\"https:\/\/www.ikuchyne.sk\/eshop\/zorientujte-sa-pri-vybere-vstavanych-skrin\/\" \/>\n<meta property=\"og:site_name\" content=\"iKuchyne iSHOP s n\u00e1bytkom\" \/>\n<meta property=\"article:publisher\" content=\"https:\/\/www.facebook.com\/ikuchyne\/\" \/>\n<meta property=\"article:published_time\" content=\"2020-05-28T16:30:13+00:00\" \/>\n<meta property=\"article:modified_time\" content=\"2020-05-28T16:30:36+00:00\" \/>\n<meta property=\"og:image\" content=\"https:\/\/www.ikuchyne.sk\/eshop\/wp-content\/uploads\/2020\/05\/biela-vstavan\u00e1-skri\u0148a-2-1.jpg\" \/>\n\t<meta property=\"og:image:width\" content=\"1280\" \/>\n\t<meta property=\"og:image:height\" content=\"853\" \/>\n\t<meta property=\"og:image:type\" content=\"image\/jpeg\" \/>\n<meta name=\"author\" content=\"Katar\u00edna Matu\u0161kov\u00e1\" \/>\n<meta name=\"twitter:card\" content=\"summary_large_image\" \/>\n<meta name=\"twitter:label1\" content=\"Autor\" \/>\n\t<meta name=\"twitter:data1\" content=\"Katar\u00edna Matu\u0161kov\u00e1\" \/>\n\t<meta name=\"twitter:label2\" content=\"Predpokladan\u00fd \u010das \u010d\u00edtania\" \/>\n\t<meta name=\"twitter:data2\" content=\"7 min\u00fat\" \/>\n<script type=\"application\/ld+json\" class=\"yoast-schema-graph\">{\"@context\":\"https:\/\/schema.org\",\"@graph\":[{\"@type\":\"Article\",\"@id\":\"https:\/\/www.ikuchyne.sk\/eshop\/zorientujte-sa-pri-vybere-vstavanych-skrin\/#article\",\"isPartOf\":{\"@id\":\"https:\/\/www.ikuchyne.sk\/eshop\/zorientujte-sa-pri-vybere-vstavanych-skrin\/\"},\"author\":{\"name\":\"Katar\u00edna Matu\u0161kov\u00e1\",\"@id\":\"https:\/\/www.ikuchyne.sk\/eshop\/#\/schema\/person\/1b40e9ec998c56341b4b4fa70579250c\"},\"headline\":\"Zorientujte sa pri v\u00fdbere vstavan\u00fdch skr\u00ed\u0148\",\"datePublished\":\"2020-05-28T16:30:13+00:00\",\"dateModified\":\"2020-05-28T16:30:36+00:00\",\"mainEntityOfPage\":{\"@id\":\"https:\/\/www.ikuchyne.sk\/eshop\/zorientujte-sa-pri-vybere-vstavanych-skrin\/\"},\"wordCount\":1424,\"publisher\":{\"@id\":\"https:\/\/www.ikuchyne.sk\/eshop\/#organization\"},\"articleSection\":[\"N\u00c1BYTOK\"],\"inLanguage\":\"sk-SK\"},{\"@type\":\"WebPage\",\"@id\":\"https:\/\/www.ikuchyne.sk\/eshop\/zorientujte-sa-pri-vybere-vstavanych-skrin\/\",\"url\":\"https:\/\/www.ikuchyne.sk\/eshop\/zorientujte-sa-pri-vybere-vstavanych-skrin\/\",\"name\":\"Zorientujte sa pri v\u00fdbere vstavan\u00fdch skr\u00ed\u0148 &#187; iKuchyne iSHOP s n\u00e1bytkom\",\"isPartOf\":{\"@id\":\"https:\/\/www.ikuchyne.sk\/eshop\/#website\"},\"datePublished\":\"2020-05-28T16:30:13+00:00\",\"dateModified\":\"2020-05-28T16:30:36+00:00\",\"description\":\"V\u00fdber vstavan\u00fdch skr\u00ed\u0148 m\u00f4\u017ee by\u0165 trochu n\u00e1ro\u010dnej\u0161\u00ed proces a tak v\u00e1m prin\u00e1\u0161ame \u010dl\u00e1nok s tipmi ako sa v \u0148om zorientova\u0165, aby ste si vybrali.\",\"breadcrumb\":{\"@id\":\"https:\/\/www.ikuchyne.sk\/eshop\/zorientujte-sa-pri-vybere-vstavanych-skrin\/#breadcrumb\"},\"inLanguage\":\"sk-SK\",\"potentialAction\":[{\"@type\":\"ReadAction\",\"target\":[\"https:\/\/www.ikuchyne.sk\/eshop\/zorientujte-sa-pri-vybere-vstavanych-skrin\/\"]}]},{\"@type\":\"BreadcrumbList\",\"@id\":\"https:\/\/www.ikuchyne.sk\/eshop\/zorientujte-sa-pri-vybere-vstavanych-skrin\/#breadcrumb\",\"itemListElement\":[{\"@type\":\"ListItem\",\"position\":1,\"name\":\"Home\",\"item\":\"https:\/\/www.ikuchyne.sk\/eshop\/\"},{\"@type\":\"ListItem\",\"position\":2,\"name\":\"Zorientujte sa pri v\u00fdbere vstavan\u00fdch skr\u00ed\u0148\"}]},{\"@type\":\"WebSite\",\"@id\":\"https:\/\/www.ikuchyne.sk\/eshop\/#website\",\"url\":\"https:\/\/www.ikuchyne.sk\/eshop\/\",\"name\":\"iKuchyne iSHOP s n\u00e1bytkom\",\"description\":\"Jed\u00e1lensk\u00e9 stoly, stoli\u010dky, n\u00e1bytok, svietidl\u00e1...\",\"publisher\":{\"@id\":\"https:\/\/www.ikuchyne.sk\/eshop\/#organization\"},\"potentialAction\":[{\"@type\":\"SearchAction\",\"target\":{\"@type\":\"EntryPoint\",\"urlTemplate\":\"https:\/\/www.ikuchyne.sk\/eshop\/?s={search_term_string}\"},\"query-input\":\"required name=search_term_string\"}],\"inLanguage\":\"sk-SK\"},{\"@type\":\"Organization\",\"@id\":\"https:\/\/www.ikuchyne.sk\/eshop\/#organization\",\"name\":\"ikuchyne!\",\"url\":\"https:\/\/www.ikuchyne.sk\/eshop\/\",\"logo\":{\"@type\":\"ImageObject\",\"inLanguage\":\"sk-SK\",\"@id\":\"https:\/\/www.ikuchyne.sk\/eshop\/#\/schema\/logo\/image\/\",\"url\":\"https:\/\/www.ikuchyne.sk\/eshop\/wp-content\/uploads\/2017\/04\/ikuchyne-logo.jpg\",\"contentUrl\":\"https:\/\/www.ikuchyne.sk\/eshop\/wp-content\/uploads\/2017\/04\/ikuchyne-logo.jpg\",\"width\":200,\"height\":48,\"caption\":\"ikuchyne!\"},\"image\":{\"@id\":\"https:\/\/www.ikuchyne.sk\/eshop\/#\/schema\/logo\/image\/\"},\"sameAs\":[\"https:\/\/www.facebook.com\/ikuchyne\/\",\"https:\/\/www.instagram.com\/ikuchyne.sk\/\",\"https:\/\/sk.pinterest.com\/ikuchynesk\/\"]},{\"@type\":\"Person\",\"@id\":\"https:\/\/www.ikuchyne.sk\/eshop\/#\/schema\/person\/1b40e9ec998c56341b4b4fa70579250c\",\"name\":\"Katar\u00edna Matu\u0161kov\u00e1\",\"image\":{\"@type\":\"ImageObject\",\"inLanguage\":\"sk-SK\",\"@id\":\"https:\/\/www.ikuchyne.sk\/eshop\/#\/schema\/person\/image\/\",\"url\":\"https:\/\/www.ikuchyne.sk\/eshop\/wp-content\/plugins\/wp-user-avatar\/deprecated\/wp-user-avatar\/images\/wpua-96x96.png\",\"contentUrl\":\"https:\/\/www.ikuchyne.sk\/eshop\/wp-content\/plugins\/wp-user-avatar\/deprecated\/wp-user-avatar\/images\/wpua-96x96.png\",\"caption\":\"Katar\u00edna Matu\u0161kov\u00e1\"},\"description\":\"Katar\u00edna je marketingov\u00e1 \u0161pecialistka \u017eij\u00faca v Lond\u00fdne. Okrem soci\u00e1lnych siet\u00ed sa venuje fotografii a p\u00edsaniu \u010dl\u00e1nkov o m\u00f3de, cestovan\u00ed a interi\u00e9rovom dizajne, ktor\u00fd ju v\u017edy in\u0161piroval. Vo vo\u013enom \u010dase \u0161portuje a pracuje na seba-vzdel\u00e1van\u00ed.\",\"url\":\"https:\/\/www.ikuchyne.sk\/eshop\/author\/matuskova-katarina\/\"}]}<\/script>\n<!-- \/ Yoast SEO plugin. -->","yoast_head_json":{"title":"Zorientujte sa pri v\u00fdbere vstavan\u00fdch skr\u00ed\u0148 &#187; iKuchyne iSHOP s n\u00e1bytkom","description":"V\u00fdber vstavan\u00fdch skr\u00ed\u0148 m\u00f4\u017ee by\u0165 trochu n\u00e1ro\u010dnej\u0161\u00ed proces a tak v\u00e1m prin\u00e1\u0161ame \u010dl\u00e1nok s tipmi ako sa v \u0148om zorientova\u0165, aby ste si vybrali.","robots":{"index":"index","follow":"follow","max-snippet":"max-snippet:-1","max-image-preview":"max-image-preview:large","max-video-preview":"max-video-preview:-1"},"canonical":"https:\/\/www.ikuchyne.sk\/eshop\/zorientujte-sa-pri-vybere-vstavanych-skrin\/","og_locale":"sk_SK","og_type":"article","og_title":"Zorientujte sa pri v\u00fdbere vstavan\u00fdch skr\u00ed\u0148 &#187; iKuchyne iSHOP s n\u00e1bytkom","og_description":"V\u00fdber vstavan\u00fdch skr\u00ed\u0148 m\u00f4\u017ee by\u0165 trochu n\u00e1ro\u010dnej\u0161\u00ed proces a tak v\u00e1m prin\u00e1\u0161ame \u010dl\u00e1nok s tipmi ako sa v \u0148om zorientova\u0165, aby ste si vybrali.","og_url":"https:\/\/www.ikuchyne.sk\/eshop\/zorientujte-sa-pri-vybere-vstavanych-skrin\/","og_site_name":"iKuchyne iSHOP s n\u00e1bytkom","article_publisher":"https:\/\/www.facebook.com\/ikuchyne\/","article_published_time":"2020-05-28T16:30:13+00:00","article_modified_time":"2020-05-28T16:30:36+00:00","og_image":[{"width":1280,"height":853,"url":"https:\/\/www.ikuchyne.sk\/eshop\/wp-content\/uploads\/2020\/05\/biela-vstavan\u00e1-skri\u0148a-2-1.jpg","type":"image\/jpeg"}],"author":"Katar\u00edna Matu\u0161kov\u00e1","twitter_card":"summary_large_image","twitter_misc":{"Autor":"Katar\u00edna Matu\u0161kov\u00e1","Predpokladan\u00fd \u010das \u010d\u00edtania":"7 min\u00fat"},"schema":{"@context":"https:\/\/schema.org","@graph":[{"@type":"Article","@id":"https:\/\/www.ikuchyne.sk\/eshop\/zorientujte-sa-pri-vybere-vstavanych-skrin\/#article","isPartOf":{"@id":"https:\/\/www.ikuchyne.sk\/eshop\/zorientujte-sa-pri-vybere-vstavanych-skrin\/"},"author":{"name":"Katar\u00edna Matu\u0161kov\u00e1","@id":"https:\/\/www.ikuchyne.sk\/eshop\/#\/schema\/person\/1b40e9ec998c56341b4b4fa70579250c"},"headline":"Zorientujte sa pri v\u00fdbere vstavan\u00fdch skr\u00ed\u0148","datePublished":"2020-05-28T16:30:13+00:00","dateModified":"2020-05-28T16:30:36+00:00","mainEntityOfPage":{"@id":"https:\/\/www.ikuchyne.sk\/eshop\/zorientujte-sa-pri-vybere-vstavanych-skrin\/"},"wordCount":1424,"publisher":{"@id":"https:\/\/www.ikuchyne.sk\/eshop\/#organization"},"articleSection":["N\u00c1BYTOK"],"inLanguage":"sk-SK"},{"@type":"WebPage","@id":"https:\/\/www.ikuchyne.sk\/eshop\/zorientujte-sa-pri-vybere-vstavanych-skrin\/","url":"https:\/\/www.ikuchyne.sk\/eshop\/zorientujte-sa-pri-vybere-vstavanych-skrin\/","name":"Zorientujte sa pri v\u00fdbere vstavan\u00fdch skr\u00ed\u0148 &#187; iKuchyne iSHOP s n\u00e1bytkom","isPartOf":{"@id":"https:\/\/www.ikuchyne.sk\/eshop\/#website"},"datePublished":"2020-05-28T16:30:13+00:00","dateModified":"2020-05-28T16:30:36+00:00","description":"V\u00fdber vstavan\u00fdch skr\u00ed\u0148 m\u00f4\u017ee by\u0165 trochu n\u00e1ro\u010dnej\u0161\u00ed proces a tak v\u00e1m prin\u00e1\u0161ame \u010dl\u00e1nok s tipmi ako sa v \u0148om zorientova\u0165, aby ste si vybrali.","breadcrumb":{"@id":"https:\/\/www.ikuchyne.sk\/eshop\/zorientujte-sa-pri-vybere-vstavanych-skrin\/#breadcrumb"},"inLanguage":"sk-SK","potentialAction":[{"@type":"ReadAction","target":["https:\/\/www.ikuchyne.sk\/eshop\/zorientujte-sa-pri-vybere-vstavanych-skrin\/"]}]},{"@type":"BreadcrumbList","@id":"https:\/\/www.ikuchyne.sk\/eshop\/zorientujte-sa-pri-vybere-vstavanych-skrin\/#breadcrumb","itemListElement":[{"@type":"ListItem","position":1,"name":"Home","item":"https:\/\/www.ikuchyne.sk\/eshop\/"},{"@type":"ListItem","position":2,"name":"Zorientujte sa pri v\u00fdbere vstavan\u00fdch skr\u00ed\u0148"}]},{"@type":"WebSite","@id":"https:\/\/www.ikuchyne.sk\/eshop\/#website","url":"https:\/\/www.ikuchyne.sk\/eshop\/","name":"iKuchyne iSHOP s n\u00e1bytkom","description":"Jed\u00e1lensk\u00e9 stoly, stoli\u010dky, n\u00e1bytok, svietidl\u00e1...","publisher":{"@id":"https:\/\/www.ikuchyne.sk\/eshop\/#organization"},"potentialAction":[{"@type":"SearchAction","target":{"@type":"EntryPoint","urlTemplate":"https:\/\/www.ikuchyne.sk\/eshop\/?s={search_term_string}"},"query-input":"required name=search_term_string"}],"inLanguage":"sk-SK"},{"@type":"Organization","@id":"https:\/\/www.ikuchyne.sk\/eshop\/#organization","name":"ikuchyne!","url":"https:\/\/www.ikuchyne.sk\/eshop\/","logo":{"@type":"ImageObject","inLanguage":"sk-SK","@id":"https:\/\/www.ikuchyne.sk\/eshop\/#\/schema\/logo\/image\/","url":"https:\/\/www.ikuchyne.sk\/eshop\/wp-content\/uploads\/2017\/04\/ikuchyne-logo.jpg","contentUrl":"https:\/\/www.ikuchyne.sk\/eshop\/wp-content\/uploads\/2017\/04\/ikuchyne-logo.jpg","width":200,"height":48,"caption":"ikuchyne!"},"image":{"@id":"https:\/\/www.ikuchyne.sk\/eshop\/#\/schema\/logo\/image\/"},"sameAs":["https:\/\/www.facebook.com\/ikuchyne\/","https:\/\/www.instagram.com\/ikuchyne.sk\/","https:\/\/sk.pinterest.com\/ikuchynesk\/"]},{"@type":"Person","@id":"https:\/\/www.ikuchyne.sk\/eshop\/#\/schema\/person\/1b40e9ec998c56341b4b4fa70579250c","name":"Katar\u00edna Matu\u0161kov\u00e1","image":{"@type":"ImageObject","inLanguage":"sk-SK","@id":"https:\/\/www.ikuchyne.sk\/eshop\/#\/schema\/person\/image\/","url":"https:\/\/www.ikuchyne.sk\/eshop\/wp-content\/plugins\/wp-user-avatar\/deprecated\/wp-user-avatar\/images\/wpua-96x96.png","contentUrl":"https:\/\/www.ikuchyne.sk\/eshop\/wp-content\/plugins\/wp-user-avatar\/deprecated\/wp-user-avatar\/images\/wpua-96x96.png","caption":"Katar\u00edna Matu\u0161kov\u00e1"},"description":"Katar\u00edna je marketingov\u00e1 \u0161pecialistka \u017eij\u00faca v Lond\u00fdne. Okrem soci\u00e1lnych siet\u00ed sa venuje fotografii a p\u00edsaniu \u010dl\u00e1nkov o m\u00f3de, cestovan\u00ed a interi\u00e9rovom dizajne, ktor\u00fd ju v\u017edy in\u0161piroval. Vo vo\u013enom \u010dase \u0161portuje a pracuje na seba-vzdel\u00e1van\u00ed.","url":"https:\/\/www.ikuchyne.sk\/eshop\/author\/matuskova-katarina\/"}]}},"_links":{"self":[{"href":"https:\/\/www.ikuchyne.sk\/eshop\/wp-json\/wp\/v2\/posts\/129282"}],"collection":[{"href":"https:\/\/www.ikuchyne.sk\/eshop\/wp-json\/wp\/v2\/posts"}],"about":[{"href":"https:\/\/www.ikuchyne.sk\/eshop\/wp-json\/wp\/v2\/types\/post"}],"author":[{"embeddable":true,"href":"https:\/\/www.ikuchyne.sk\/eshop\/wp-json\/wp\/v2\/users\/548"}],"replies":[{"embeddable":true,"href":"https:\/\/www.ikuchyne.sk\/eshop\/wp-json\/wp\/v2\/comments?post=129282"}],"version-history":[{"count":2,"href":"https:\/\/www.ikuchyne.sk\/eshop\/wp-json\/wp\/v2\/posts\/129282\/revisions"}],"predecessor-version":[{"id":129368,"href":"https:\/\/www.ikuchyne.sk\/eshop\/wp-json\/wp\/v2\/posts\/129282\/revisions\/129368"}],"wp:featuredmedia":[{"embeddable":true,"href":"https:\/\/www.ikuchyne.sk\/eshop\/wp-json\/wp\/v2\/media\/128935"}],"wp:attachment":[{"href":"https:\/\/www.ikuchyne.sk\/eshop\/wp-json\/wp\/v2\/media?parent=129282"}],"wp:term":[{"taxonomy":"category","embeddable":true,"href":"https:\/\/www.ikuchyne.sk\/eshop\/wp-json\/wp\/v2\/categories?post=129282"},{"taxonomy":"post_tag","embeddable":true,"href":"https:\/\/www.ikuchyne.sk\/eshop\/wp-json\/wp\/v2\/tags?post=129282"}],"curies":[{"name":"wp","href":"https:\/\/api.w.org\/{rel}","templated":true}]}}