{"id":129426,"date":"2020-05-30T09:55:51","date_gmt":"2020-05-30T07:55:51","guid":{"rendered":"https:\/\/www.ikuchyne.sk\/eshop\/?p=129426"},"modified":"2020-10-21T04:19:25","modified_gmt":"2020-10-21T02:19:25","slug":"tieto-farby-prinesu-do-vasho-interieru-zivot","status":"publish","type":"post","link":"https:\/\/www.ikuchyne.sk\/eshop\/tieto-farby-prinesu-do-vasho-interieru-zivot\/","title":{"rendered":"Tieto farby prines\u00fa do v\u00e1\u0161ho interi\u00e9ru \u017eivot!"},"content":{"rendered":"<p>[vc_row][vc_column][vc_column_text]<span style=\"color: #000000;\"><strong>Mo\u017eno pozn\u00e1te ten pocit &#8211; pozer\u00e1te sa po miestnosti a m\u00e1te pocit, \u017ee by to chcelo trochu o\u017eivenia, rozveselenia, farieb. \u010ci u\u017e sa v\u00e1m zd\u00e1 f\u00e1dna izba, ktor\u00fa ste zaria\u010fovali kedysi d\u00e1vno, alebo tak rob\u00edte pr\u00e1ve teraz a prem\u00fd\u0161\u013eate, ako o\u017eivi\u0165 va\u0161e biele n\u00e1bytky a siv\u00fa stenu, nach\u00e1dzate sa na spr\u00e1vnom mieste. Tieto farby prines\u00fa \u017eivot aj do va\u0161ej dom\u00e1cnosti!<\/strong><\/span>[\/vc_column_text][vc_single_image image=&#8221;120123&#8243; img_size=&#8221;large&#8221; add_caption=&#8221;yes&#8221; alignment=&#8221;center&#8221; style=&#8221;vc_box_rounded&#8221; onclick=&#8221;custom_link&#8221; img_link_target=&#8221;_blank&#8221; link=&#8221;https:\/\/ikuchyne.sk\/eshop\/produkt\/jedalensky-stol-loft-160cm-beton-optik\/&#8221;][vc_column_text]<\/p>\n<h2><span style=\"color: #e3245e;\"><b>Jeden dominantn\u00fd prvok<\/b><\/span><\/h2>\n<p><span style=\"font-weight: 400; color: #000000;\">Ak\u00e1 je va\u0161a ob\u013e\u00faben\u00e1 farba? M\u00e1me na mysli tie naozaj pestr\u00e9, ako \u010derven\u00e1, tyrkysov\u00e1 \u010di \u017elt\u00e1. Ak t\u00e1to farba lad\u00ed aj so zvy\u0161kom n\u00e1bytku, doplnte ju do interi\u00e9ru! My sme si ako uk\u00e1\u017eku pre tento blog zvolili ve\u013emi trendy odtiene modrej a zelenej.<\/span>[\/vc_column_text][vc_single_image image=&#8221;120127&#8243; img_size=&#8221;large&#8221; add_caption=&#8221;yes&#8221; alignment=&#8221;center&#8221; style=&#8221;vc_box_rounded&#8221; onclick=&#8221;custom_link&#8221; img_link_target=&#8221;_blank&#8221; link=&#8221;https:\/\/ikuchyne.sk\/eshop\/produkt\/stolicka-scandinavia-modra\/&#8221;][vc_column_text]<span style=\"color: #000000;\"><span style=\"font-weight: 400;\">V ob\u00fdva\u010dke m\u00f4\u017ee by\u0165 v\u00fdrazn\u00fdm prvkom <\/span><span style=\"color: #e3245e;\"><a style=\"color: #e3245e;\" href=\"https:\/\/ikuchyne.sk\/eshop\/kategoria\/sedacky\/\"><span style=\"font-weight: 400;\">seda\u010dka<\/span><\/a><\/span><span style=\"font-weight: 400;\"> (alebo nov\u00fd po\u0165ah na seda\u010dku), v jed\u00e1lni <\/span><span style=\"color: #e3245e;\"><a style=\"color: #e3245e;\" href=\"https:\/\/ikuchyne.sk\/eshop\/jedalenske-stolicky\/\"><span style=\"font-weight: 400;\">jed\u00e1lensk\u00e9 stoli\u010dky<\/span><\/a><\/span><span style=\"font-weight: 400;\">, v \u0161tudentskej izbe <\/span><a style=\"color: #000000;\" href=\"https:\/\/ikuchyne.sk\/eshop\/kategoria\/kresla\/\"><span style=\"font-weight: 400;\"><span style=\"color: #e3245e;\">kreslo<\/span><\/span><\/a><span style=\"font-weight: 400;\"> alebo sedac\u00ed vak. V\u010faka farebn\u00e9mu akcentu sa v izbe stane dominantn\u00fdm a bude na seba p\u00fata\u0165 v\u0161etku pozornos\u0165. Prinesie o\u017eivenie, ale v\u00fdsledok bude p\u00f4sobi\u0165 moderne a decentne. <\/span><\/span>[\/vc_column_text][vc_single_image image=&#8221;120128&#8243; img_size=&#8221;large&#8221; add_caption=&#8221;yes&#8221; alignment=&#8221;center&#8221; style=&#8221;vc_box_rounded&#8221; onclick=&#8221;custom_link&#8221; img_link_target=&#8221;_blank&#8221; link=&#8221;https:\/\/ikuchyne.sk\/eshop\/produkt\/hojdacie-kreslo-scandinavia-swing-smaragdzelena\/&#8221;][vc_column_text]<\/p>\n<h2><span style=\"color: #e3245e;\"><b>Stena v hlavnej \u00falohe<\/b><\/span><\/h2>\n<p><span style=\"font-weight: 400; color: #000000;\">V s\u00fa\u010dasnosti s\u00fa farebn\u00e9 steny v interi\u00e9ri ve\u013emi ob\u013e\u00faben\u00e9. Aby v\u0161ak v\u00fdsledn\u00fd efekt nep\u00f4sobil prehnane a ru\u0161ivo, pr\u00edpadne, aby izba nep\u00f4sobila ako men\u0161ia a tmav\u0161ia, treba na to \u00eds\u0165 opatrne. <strong>Dizajn\u00e9ri radia s\u00fdtu farbu pou\u017ei\u0165 iba na jednu alebo dve steny a ostatn\u00e9 necha\u0165 biele.<\/strong> Zauj\u00edmavo p\u00f4sob\u00ed aj kombin\u00e1cia dvoch farieb, pri\u010dom ka\u017ed\u00e1 z nich je na jednej stene a zvy\u0161n\u00e9 dve s\u00fa op\u00e4\u0165 biele.\u00a0<\/span>[\/vc_column_text][vc_message icon_fontawesome=&#8221;fa fa-lightbulb-o&#8221;]<span style=\"font-weight: 400;\"><strong>Rada odborn\u00edka:<\/strong> Farebn\u00fd n\u00e1ter na stenu si v\u017edy dajte namie\u0161a\u0165 v \u0161pecializovanom obchode. Iba tak m\u00e1te istotu, \u017ee stena bude ma\u0165 odtie\u0148, ktor\u00fd ste si vybrali pod\u013ea vzorkovn\u00edka. Vyhnete sa tie\u017e ne\u017eelan\u00fdm f\u013eakom.<\/span>[\/vc_message][vc_single_image image=&#8221;120122&#8243; img_size=&#8221;large&#8221; add_caption=&#8221;yes&#8221; alignment=&#8221;center&#8221; style=&#8221;vc_box_rounded&#8221;][vc_column_text]<span style=\"font-weight: 400; color: #000000;\"><strong>Ak si nie ste ist\u00ed, ako by tak\u00fdto experiment dopadol, m\u00f4\u017eete siahnu\u0165 aj po tapete.<\/strong> Na v\u00fdber m\u00e1te z mno\u017estva farieb, vzorov a materi\u00e1lov. Ve\u013emi decentne a vkusne p\u00f4sob\u00ed, ak je tapeta pou\u017eit\u00e1 iba na k\u00fasku steny &#8211; napr\u00edklad na v\u00fdklenku, za ob\u00fdvacou stenou alebo iba ako zvisl\u00fd p\u00e1s. Pekne p\u00f4sobia aj ozdobn\u00e9 obklady, ktor\u00e9 tak isto n\u00e1jdete v nekone\u010dnom mno\u017estve dez\u00e9nov. <strong>Neexistuje univerz\u00e1lna rada &#8211; v\u0161etko z\u00e1le\u017e\u00ed od konkr\u00e9tnej miestnosti, n\u00e1bytku, ale aj od v\u00e1\u0161ho vkusu. <\/strong><\/span>[\/vc_column_text][vc_single_image image=&#8221;120125&#8243; img_size=&#8221;large&#8221; add_caption=&#8221;yes&#8221; alignment=&#8221;center&#8221; style=&#8221;vc_box_rounded&#8221; onclick=&#8221;custom_link&#8221; img_link_target=&#8221;_blank&#8221; link=&#8221;https:\/\/ikuchyne.sk\/eshop\/produkt\/konferencny-stolik-driftwood-naplavene-drevo-35cm-siva\/&#8221;][vc_column_text]<\/p>\n<h2><span style=\"color: #e3245e;\"><b>Farby na text\u00edli\u00e1ch<\/b><\/span><\/h2>\n<p><span style=\"font-weight: 400; color: #000000;\">Ak sa pr\u00e1ve nechyst\u00e1te kupova\u0165 nov\u00fd n\u00e1bytok, pon\u00fakame v\u00e1m in\u00e9 rie\u0161enie.<strong> Text\u00edlie ako deky, prehozy, vank\u00fa\u0161e, kober\u010deky a obrusy dok\u00e1\u017eu raz-dva zmeni\u0165 dojem z ak\u00e9hoko\u013evek interi\u00e9ru.<\/strong> Dodaj\u00fa \u0161mrnc, \u0161t\u00fdl a z\u00fatulnia. Nebojte sa farieb a ich kombin\u00e1ci\u00ed, ale ani vzorov.<\/span>[\/vc_column_text][vc_single_image image=&#8221;120126&#8243; img_size=&#8221;large&#8221; add_caption=&#8221;yes&#8221; alignment=&#8221;center&#8221; style=&#8221;vc_box_rounded&#8221; onclick=&#8221;custom_link&#8221; img_link_target=&#8221;_blank&#8221; link=&#8221;https:\/\/ikuchyne.sk\/eshop\/produkt\/dreveny-konferencny-stolik-mantis-50-x-50-cm\/&#8221;][vc_column_text]<span style=\"font-weight: 400; color: #000000;\">V\u00fdhodou je, \u017ee r\u00f4zne text\u00edlie s\u00fa cenovo dostupn\u00e9 a skladn\u00e9, tak\u017ee m\u00f4\u017eete ma\u0165 v z\u00e1sobe aj viacero variant a obmie\u0148a\u0165 ich pod\u013ea n\u00e1lady alebo ro\u010dn\u00e9ho obdobia. Nechajte va\u0161u fant\u00e1ziu a cit pre detail, aby sa prejavili &#8211; v\u00fdsledok mo\u017eno ohrom\u00ed nielen v\u00e1s, ale aj va\u0161ich bl\u00edzkych.\u00a0<\/span>[\/vc_column_text][vc_single_image image=&#8221;120124&#8243; img_size=&#8221;large&#8221; add_caption=&#8221;yes&#8221; alignment=&#8221;center&#8221; style=&#8221;vc_box_rounded&#8221; onclick=&#8221;custom_link&#8221; img_link_target=&#8221;_blank&#8221; link=&#8221;https:\/\/ikuchyne.sk\/eshop\/produkt\/koberec-levante-240x160cm-modr%C3%BD\/&#8221;][vc_column_text]<\/p>\n<h2><span style=\"color: #e3245e;\"><b>Vesel\u00e9 bytov\u00e9 doplnky\u00a0<\/b><\/span><\/h2>\n<p><span style=\"color: #000000;\"><span style=\"font-weight: 400;\">Podobne ako text\u00edlie, aj <\/span><span style=\"color: #e3245e;\"><a style=\"color: #e3245e;\" href=\"https:\/\/ikuchyne.sk\/eshop\/kategoria\/bytove-doplnky\/\"><span style=\"font-weight: 400;\">bytov\u00e9 doplnky<\/span><\/a><\/span><span style=\"font-weight: 400;\"> s\u00fa ve\u013emi v\u010fa\u010dn\u00fdmi pomocn\u00edkmi na roz\u017eiarenie interi\u00e9ru. <strong>Poobzerajte sa po obrazoch, fotor\u00e1mikoch, v\u00e1zach, svietnikoch, kvetin\u00e1\u010doch, lamp\u00e1ch, svetielkach, ko\u0161\u00edkoch\u2026<\/strong> Interi\u00e9rov\u00fdch doplnkov a dekor\u00e1ci\u00ed je naozaj ne\u00farekom. Ak skombinujte viacero odtie\u0148ov jednej farby, bude to p\u00f4sobi\u0165 perfektne. Napr\u00edklad v pr\u00edpade modrej je to paleta od neb\u00ed\u010dkovej cez petrolejov\u00fa a\u017e po kr\u00e1\u013eovsk\u00fa modr\u00fa.\u00a0<\/span><\/span>[\/vc_column_text][vc_single_image image=&#8221;120129&#8243; img_size=&#8221;large&#8221; add_caption=&#8221;yes&#8221; alignment=&#8221;center&#8221; style=&#8221;vc_box_rounded&#8221; onclick=&#8221;custom_link&#8221; img_link_target=&#8221;_blank&#8221; link=&#8221;https:\/\/ikuchyne.sk\/eshop\/produkt\/keramicky-konferencny-stolik-marrakesch-40-x-40-cm\/&#8221;][vc_column_text]<span style=\"font-weight: 400; color: #000000;\"><strong>V pr\u00edpade, \u017ee farebn\u00e9 s\u00fa v miestnosti iba doplnky, dbajte na to, aby sa farba opakovala aspo\u0148 2-3 kr\u00e1t.<\/strong> T\u00fdm docielite celkov\u00e9 zladenie miestnosti. Tak ako sme u\u017e spomenuli, m\u00f4\u017ee \u00eds\u0165 aj o r\u00f4zne odtiene jednej farby. Pozor v\u0161ak, aby ste to s po\u010dtom doplnkov v jednej farbe neprehnali. Mohlo by to p\u00f4sobi\u0165 ru\u0161ivo a\u017e g\u00fd\u010dovo, a to predsa nechcete.<\/span>[\/vc_column_text][vc_single_image image=&#8221;120121&#8243; img_size=&#8221;large&#8221; add_caption=&#8221;yes&#8221; alignment=&#8221;center&#8221; style=&#8221;vc_box_rounded&#8221; onclick=&#8221;custom_link&#8221; img_link_target=&#8221;_blank&#8221; link=&#8221;https:\/\/ikuchyne.sk\/eshop\/produkt\/ruzovozlata-stojanova-lampa-lucie-160cm\/&#8221;][vc_message icon_fontawesome=&#8221;fa fa-lightbulb-o&#8221;]<span style=\"font-weight: 400;\"><strong>Tip na z\u00e1ver:<\/strong> Neviete sa rozhodn\u00fa\u0165 pre farbu, ktorou spestr\u00edte miestnos\u0165? <strong>Farbou roka 2020 bude pastelovo zelen\u00e1, inak naz\u00fdvan\u00e1 aj neo mint.<\/strong> Ak ju prinesiete do svojho interi\u00e9ru, budete zaru\u010dene IN.<\/span>[\/vc_message][vc_column_text]<span style=\"font-weight: 400; color: #000000;\">Pevne ver\u00edme, \u017ee tieto farebn\u00e9 n\u00e1pady v\u00e1m pomohli a z v\u00e1\u0161ho domova sa stane nov\u00e9, radostnej\u0161ie miesto. Ve\u010f aj farby okolo n\u00e1s ovplyv\u0148uj\u00fa na\u0161u n\u00e1ladu a to, ako sa c\u00edtime. Jednoducho s\u00fa esenciou \u017eivota, vyjadren\u00edm r\u00f4znych pocitov a em\u00f3ci\u00ed. Doprajte si pr\u00edval pozit\u00edvnej energie ka\u017ed\u00fd de\u0148 &#8211; aj mal\u00e9 zmeny m\u00f4\u017eu prinies\u0165 ve\u013ek\u00fd efekt.<\/span><\/p>\n<p><span style=\"color: #000000;\"><strong>Chceli by ste \u010fal\u0161ie farebn\u00e9 n\u00e1pady? Pozrite si dizajnov\u00fd n\u00e1bytok a bytov\u00e9 doplnky v ponuke <span style=\"color: #e3245e;\"><a style=\"color: #e3245e;\" href=\"https:\/\/ikuchyne.sk\/eshop\/\">n\u00e1\u0161ho eshopu<\/a><\/span>.\u00a0<\/strong><\/span>[\/vc_column_text][\/vc_column][\/vc_row]<\/p>\n","protected":false},"excerpt":{"rendered":"<p>[vc_row][vc_column][vc_column_text]Mo\u017eno pozn\u00e1te ten pocit &#8211; pozer\u00e1te sa po miestnosti a m\u00e1te pocit, \u017ee by to chcelo trochu o\u017eivenia, rozveselenia, farieb. \u010ci u\u017e sa v\u00e1m zd\u00e1 f\u00e1dna izba, ktor\u00fa ste zaria\u010fovali<\/p>\n","protected":false},"author":568,"featured_media":129376,"comment_status":"closed","ping_status":"open","sticky":false,"template":"","format":"standard","meta":{"footnotes":""},"categories":[1008],"tags":[],"yoast_head":"<!-- This site is optimized with the Yoast SEO plugin v22.1 - https:\/\/yoast.com\/wordpress\/plugins\/seo\/ -->\n<title>Tieto farby prines\u00fa do v\u00e1\u0161ho interi\u00e9ru \u017eivot! &#187; iKuchyne iSHOP s n\u00e1bytkom<\/title>\n<meta name=\"description\" content=\"H\u013ead\u00e1te farby, ktor\u00e9 prines\u00fa \u017eivot f\u00e1dnej miestnosti? Pr\u00e1ve ste ich na\u0161li! Pre\u010d\u00edtajte si \u010dl\u00e1nok na blogu z dielne iKuchyne.sk!\" \/>\n<meta name=\"robots\" content=\"index, follow, max-snippet:-1, max-image-preview:large, max-video-preview:-1\" \/>\n<link rel=\"canonical\" href=\"https:\/\/www.ikuchyne.sk\/eshop\/tieto-farby-prinesu-do-vasho-interieru-zivot\/\" \/>\n<meta property=\"og:locale\" content=\"sk_SK\" \/>\n<meta property=\"og:type\" content=\"article\" \/>\n<meta property=\"og:title\" content=\"Tieto farby prines\u00fa do v\u00e1\u0161ho interi\u00e9ru \u017eivot! &#187; iKuchyne iSHOP s n\u00e1bytkom\" \/>\n<meta property=\"og:description\" content=\"H\u013ead\u00e1te farby, ktor\u00e9 prines\u00fa \u017eivot f\u00e1dnej miestnosti? Pr\u00e1ve ste ich na\u0161li! Pre\u010d\u00edtajte si \u010dl\u00e1nok na blogu z dielne iKuchyne.sk!\" \/>\n<meta property=\"og:url\" content=\"https:\/\/www.ikuchyne.sk\/eshop\/tieto-farby-prinesu-do-vasho-interieru-zivot\/\" \/>\n<meta property=\"og:site_name\" content=\"iKuchyne iSHOP s n\u00e1bytkom\" \/>\n<meta property=\"article:publisher\" content=\"https:\/\/www.facebook.com\/ikuchyne\/\" \/>\n<meta property=\"article:published_time\" content=\"2020-05-30T07:55:51+00:00\" \/>\n<meta property=\"article:modified_time\" content=\"2020-10-21T02:19:25+00:00\" \/>\n<meta property=\"og:image\" content=\"https:\/\/www.ikuchyne.sk\/eshop\/wp-content\/uploads\/2020\/05\/Sofa-Famous-II-210cm-strieborno\u0161ed\u00e1-zamat-40084.jpg\" \/>\n\t<meta property=\"og:image:width\" content=\"800\" \/>\n\t<meta property=\"og:image:height\" content=\"533\" \/>\n\t<meta property=\"og:image:type\" content=\"image\/jpeg\" \/>\n<meta name=\"author\" content=\"Adri\u00e1na Plechov\u00e1\" \/>\n<meta name=\"twitter:card\" content=\"summary_large_image\" \/>\n<meta name=\"twitter:label1\" content=\"Autor\" \/>\n\t<meta name=\"twitter:data1\" content=\"Adri\u00e1na Plechov\u00e1\" \/>\n\t<meta name=\"twitter:label2\" content=\"Predpokladan\u00fd \u010das \u010d\u00edtania\" \/>\n\t<meta name=\"twitter:data2\" content=\"6 min\u00fat\" \/>\n<script type=\"application\/ld+json\" class=\"yoast-schema-graph\">{\"@context\":\"https:\/\/schema.org\",\"@graph\":[{\"@type\":\"Article\",\"@id\":\"https:\/\/www.ikuchyne.sk\/eshop\/tieto-farby-prinesu-do-vasho-interieru-zivot\/#article\",\"isPartOf\":{\"@id\":\"https:\/\/www.ikuchyne.sk\/eshop\/tieto-farby-prinesu-do-vasho-interieru-zivot\/\"},\"author\":{\"name\":\"Adri\u00e1na Plechov\u00e1\",\"@id\":\"https:\/\/www.ikuchyne.sk\/eshop\/#\/schema\/person\/0111a626c8b4290c5241f99c6d04f463\"},\"headline\":\"Tieto farby prines\u00fa do v\u00e1\u0161ho interi\u00e9ru \u017eivot!\",\"datePublished\":\"2020-05-30T07:55:51+00:00\",\"dateModified\":\"2020-10-21T02:19:25+00:00\",\"mainEntityOfPage\":{\"@id\":\"https:\/\/www.ikuchyne.sk\/eshop\/tieto-farby-prinesu-do-vasho-interieru-zivot\/\"},\"wordCount\":1200,\"publisher\":{\"@id\":\"https:\/\/www.ikuchyne.sk\/eshop\/#organization\"},\"articleSection\":[\"IN\u0160PIR\u00c1CIE\"],\"inLanguage\":\"sk-SK\"},{\"@type\":\"WebPage\",\"@id\":\"https:\/\/www.ikuchyne.sk\/eshop\/tieto-farby-prinesu-do-vasho-interieru-zivot\/\",\"url\":\"https:\/\/www.ikuchyne.sk\/eshop\/tieto-farby-prinesu-do-vasho-interieru-zivot\/\",\"name\":\"Tieto farby prines\u00fa do v\u00e1\u0161ho interi\u00e9ru \u017eivot! &#187; iKuchyne iSHOP s n\u00e1bytkom\",\"isPartOf\":{\"@id\":\"https:\/\/www.ikuchyne.sk\/eshop\/#website\"},\"datePublished\":\"2020-05-30T07:55:51+00:00\",\"dateModified\":\"2020-10-21T02:19:25+00:00\",\"description\":\"H\u013ead\u00e1te farby, ktor\u00e9 prines\u00fa \u017eivot f\u00e1dnej miestnosti? Pr\u00e1ve ste ich na\u0161li! Pre\u010d\u00edtajte si \u010dl\u00e1nok na blogu z dielne iKuchyne.sk!\",\"breadcrumb\":{\"@id\":\"https:\/\/www.ikuchyne.sk\/eshop\/tieto-farby-prinesu-do-vasho-interieru-zivot\/#breadcrumb\"},\"inLanguage\":\"sk-SK\",\"potentialAction\":[{\"@type\":\"ReadAction\",\"target\":[\"https:\/\/www.ikuchyne.sk\/eshop\/tieto-farby-prinesu-do-vasho-interieru-zivot\/\"]}]},{\"@type\":\"BreadcrumbList\",\"@id\":\"https:\/\/www.ikuchyne.sk\/eshop\/tieto-farby-prinesu-do-vasho-interieru-zivot\/#breadcrumb\",\"itemListElement\":[{\"@type\":\"ListItem\",\"position\":1,\"name\":\"Home\",\"item\":\"https:\/\/www.ikuchyne.sk\/eshop\/\"},{\"@type\":\"ListItem\",\"position\":2,\"name\":\"Tieto farby prines\u00fa do v\u00e1\u0161ho interi\u00e9ru \u017eivot!\"}]},{\"@type\":\"WebSite\",\"@id\":\"https:\/\/www.ikuchyne.sk\/eshop\/#website\",\"url\":\"https:\/\/www.ikuchyne.sk\/eshop\/\",\"name\":\"iKuchyne iSHOP s n\u00e1bytkom\",\"description\":\"Jed\u00e1lensk\u00e9 stoly, stoli\u010dky, n\u00e1bytok, svietidl\u00e1...\",\"publisher\":{\"@id\":\"https:\/\/www.ikuchyne.sk\/eshop\/#organization\"},\"potentialAction\":[{\"@type\":\"SearchAction\",\"target\":{\"@type\":\"EntryPoint\",\"urlTemplate\":\"https:\/\/www.ikuchyne.sk\/eshop\/?s={search_term_string}\"},\"query-input\":\"required name=search_term_string\"}],\"inLanguage\":\"sk-SK\"},{\"@type\":\"Organization\",\"@id\":\"https:\/\/www.ikuchyne.sk\/eshop\/#organization\",\"name\":\"ikuchyne!\",\"url\":\"https:\/\/www.ikuchyne.sk\/eshop\/\",\"logo\":{\"@type\":\"ImageObject\",\"inLanguage\":\"sk-SK\",\"@id\":\"https:\/\/www.ikuchyne.sk\/eshop\/#\/schema\/logo\/image\/\",\"url\":\"https:\/\/www.ikuchyne.sk\/eshop\/wp-content\/uploads\/2017\/04\/ikuchyne-logo.jpg\",\"contentUrl\":\"https:\/\/www.ikuchyne.sk\/eshop\/wp-content\/uploads\/2017\/04\/ikuchyne-logo.jpg\",\"width\":200,\"height\":48,\"caption\":\"ikuchyne!\"},\"image\":{\"@id\":\"https:\/\/www.ikuchyne.sk\/eshop\/#\/schema\/logo\/image\/\"},\"sameAs\":[\"https:\/\/www.facebook.com\/ikuchyne\/\",\"https:\/\/www.instagram.com\/ikuchyne.sk\/\",\"https:\/\/sk.pinterest.com\/ikuchynesk\/\"]},{\"@type\":\"Person\",\"@id\":\"https:\/\/www.ikuchyne.sk\/eshop\/#\/schema\/person\/0111a626c8b4290c5241f99c6d04f463\",\"name\":\"Adri\u00e1na Plechov\u00e1\",\"image\":{\"@type\":\"ImageObject\",\"inLanguage\":\"sk-SK\",\"@id\":\"https:\/\/www.ikuchyne.sk\/eshop\/#\/schema\/person\/image\/\",\"url\":\"https:\/\/www.ikuchyne.sk\/eshop\/wp-content\/plugins\/wp-user-avatar\/deprecated\/wp-user-avatar\/images\/wpua-96x96.png\",\"contentUrl\":\"https:\/\/www.ikuchyne.sk\/eshop\/wp-content\/plugins\/wp-user-avatar\/deprecated\/wp-user-avatar\/images\/wpua-96x96.png\",\"caption\":\"Adri\u00e1na Plechov\u00e1\"},\"description\":\"Adriana pracuje ako online market\u00e9rka, copywriterka a\u00a0redaktorka. Pri p\u00edsan\u00ed a\u00a0editovan\u00ed r\u00f4znych textov dost\u00e1va zelen\u00fa jej kreativita, ako aj\u00a0l\u00e1ska k\u00a0p\u00edsan\u00e9mu slovu a\u00a0materinsk\u00e9mu jazyku. Srdcovkou a\u00a0zdrojom in\u0161pir\u00e1cie s\u00fa pre \u0148u u\u017e od \u00fatleho detstva knihy. Ob\u013eubuje kult\u00farne podujatia, prech\u00e1dzky v pr\u00edrode a\u00a0spolo\u010dnos\u0165 \u013eud\u00ed, s\u00a0ktor\u00fdmi je na rovnakej vlnovej d\u013a\u017eke.\",\"url\":\"https:\/\/www.ikuchyne.sk\/eshop\/author\/adriana-plechova\/\"}]}<\/script>\n<!-- \/ Yoast SEO plugin. -->","yoast_head_json":{"title":"Tieto farby prines\u00fa do v\u00e1\u0161ho interi\u00e9ru \u017eivot! &#187; iKuchyne iSHOP s n\u00e1bytkom","description":"H\u013ead\u00e1te farby, ktor\u00e9 prines\u00fa \u017eivot f\u00e1dnej miestnosti? Pr\u00e1ve ste ich na\u0161li! Pre\u010d\u00edtajte si \u010dl\u00e1nok na blogu z dielne iKuchyne.sk!","robots":{"index":"index","follow":"follow","max-snippet":"max-snippet:-1","max-image-preview":"max-image-preview:large","max-video-preview":"max-video-preview:-1"},"canonical":"https:\/\/www.ikuchyne.sk\/eshop\/tieto-farby-prinesu-do-vasho-interieru-zivot\/","og_locale":"sk_SK","og_type":"article","og_title":"Tieto farby prines\u00fa do v\u00e1\u0161ho interi\u00e9ru \u017eivot! &#187; iKuchyne iSHOP s n\u00e1bytkom","og_description":"H\u013ead\u00e1te farby, ktor\u00e9 prines\u00fa \u017eivot f\u00e1dnej miestnosti? Pr\u00e1ve ste ich na\u0161li! Pre\u010d\u00edtajte si \u010dl\u00e1nok na blogu z dielne iKuchyne.sk!","og_url":"https:\/\/www.ikuchyne.sk\/eshop\/tieto-farby-prinesu-do-vasho-interieru-zivot\/","og_site_name":"iKuchyne iSHOP s n\u00e1bytkom","article_publisher":"https:\/\/www.facebook.com\/ikuchyne\/","article_published_time":"2020-05-30T07:55:51+00:00","article_modified_time":"2020-10-21T02:19:25+00:00","og_image":[{"width":800,"height":533,"url":"https:\/\/www.ikuchyne.sk\/eshop\/wp-content\/uploads\/2020\/05\/Sofa-Famous-II-210cm-strieborno\u0161ed\u00e1-zamat-40084.jpg","type":"image\/jpeg"}],"author":"Adri\u00e1na Plechov\u00e1","twitter_card":"summary_large_image","twitter_misc":{"Autor":"Adri\u00e1na Plechov\u00e1","Predpokladan\u00fd \u010das \u010d\u00edtania":"6 min\u00fat"},"schema":{"@context":"https:\/\/schema.org","@graph":[{"@type":"Article","@id":"https:\/\/www.ikuchyne.sk\/eshop\/tieto-farby-prinesu-do-vasho-interieru-zivot\/#article","isPartOf":{"@id":"https:\/\/www.ikuchyne.sk\/eshop\/tieto-farby-prinesu-do-vasho-interieru-zivot\/"},"author":{"name":"Adri\u00e1na Plechov\u00e1","@id":"https:\/\/www.ikuchyne.sk\/eshop\/#\/schema\/person\/0111a626c8b4290c5241f99c6d04f463"},"headline":"Tieto farby prines\u00fa do v\u00e1\u0161ho interi\u00e9ru \u017eivot!","datePublished":"2020-05-30T07:55:51+00:00","dateModified":"2020-10-21T02:19:25+00:00","mainEntityOfPage":{"@id":"https:\/\/www.ikuchyne.sk\/eshop\/tieto-farby-prinesu-do-vasho-interieru-zivot\/"},"wordCount":1200,"publisher":{"@id":"https:\/\/www.ikuchyne.sk\/eshop\/#organization"},"articleSection":["IN\u0160PIR\u00c1CIE"],"inLanguage":"sk-SK"},{"@type":"WebPage","@id":"https:\/\/www.ikuchyne.sk\/eshop\/tieto-farby-prinesu-do-vasho-interieru-zivot\/","url":"https:\/\/www.ikuchyne.sk\/eshop\/tieto-farby-prinesu-do-vasho-interieru-zivot\/","name":"Tieto farby prines\u00fa do v\u00e1\u0161ho interi\u00e9ru \u017eivot! &#187; iKuchyne iSHOP s n\u00e1bytkom","isPartOf":{"@id":"https:\/\/www.ikuchyne.sk\/eshop\/#website"},"datePublished":"2020-05-30T07:55:51+00:00","dateModified":"2020-10-21T02:19:25+00:00","description":"H\u013ead\u00e1te farby, ktor\u00e9 prines\u00fa \u017eivot f\u00e1dnej miestnosti? Pr\u00e1ve ste ich na\u0161li! Pre\u010d\u00edtajte si \u010dl\u00e1nok na blogu z dielne iKuchyne.sk!","breadcrumb":{"@id":"https:\/\/www.ikuchyne.sk\/eshop\/tieto-farby-prinesu-do-vasho-interieru-zivot\/#breadcrumb"},"inLanguage":"sk-SK","potentialAction":[{"@type":"ReadAction","target":["https:\/\/www.ikuchyne.sk\/eshop\/tieto-farby-prinesu-do-vasho-interieru-zivot\/"]}]},{"@type":"BreadcrumbList","@id":"https:\/\/www.ikuchyne.sk\/eshop\/tieto-farby-prinesu-do-vasho-interieru-zivot\/#breadcrumb","itemListElement":[{"@type":"ListItem","position":1,"name":"Home","item":"https:\/\/www.ikuchyne.sk\/eshop\/"},{"@type":"ListItem","position":2,"name":"Tieto farby prines\u00fa do v\u00e1\u0161ho interi\u00e9ru \u017eivot!"}]},{"@type":"WebSite","@id":"https:\/\/www.ikuchyne.sk\/eshop\/#website","url":"https:\/\/www.ikuchyne.sk\/eshop\/","name":"iKuchyne iSHOP s n\u00e1bytkom","description":"Jed\u00e1lensk\u00e9 stoly, stoli\u010dky, n\u00e1bytok, svietidl\u00e1...","publisher":{"@id":"https:\/\/www.ikuchyne.sk\/eshop\/#organization"},"potentialAction":[{"@type":"SearchAction","target":{"@type":"EntryPoint","urlTemplate":"https:\/\/www.ikuchyne.sk\/eshop\/?s={search_term_string}"},"query-input":"required name=search_term_string"}],"inLanguage":"sk-SK"},{"@type":"Organization","@id":"https:\/\/www.ikuchyne.sk\/eshop\/#organization","name":"ikuchyne!","url":"https:\/\/www.ikuchyne.sk\/eshop\/","logo":{"@type":"ImageObject","inLanguage":"sk-SK","@id":"https:\/\/www.ikuchyne.sk\/eshop\/#\/schema\/logo\/image\/","url":"https:\/\/www.ikuchyne.sk\/eshop\/wp-content\/uploads\/2017\/04\/ikuchyne-logo.jpg","contentUrl":"https:\/\/www.ikuchyne.sk\/eshop\/wp-content\/uploads\/2017\/04\/ikuchyne-logo.jpg","width":200,"height":48,"caption":"ikuchyne!"},"image":{"@id":"https:\/\/www.ikuchyne.sk\/eshop\/#\/schema\/logo\/image\/"},"sameAs":["https:\/\/www.facebook.com\/ikuchyne\/","https:\/\/www.instagram.com\/ikuchyne.sk\/","https:\/\/sk.pinterest.com\/ikuchynesk\/"]},{"@type":"Person","@id":"https:\/\/www.ikuchyne.sk\/eshop\/#\/schema\/person\/0111a626c8b4290c5241f99c6d04f463","name":"Adri\u00e1na Plechov\u00e1","image":{"@type":"ImageObject","inLanguage":"sk-SK","@id":"https:\/\/www.ikuchyne.sk\/eshop\/#\/schema\/person\/image\/","url":"https:\/\/www.ikuchyne.sk\/eshop\/wp-content\/plugins\/wp-user-avatar\/deprecated\/wp-user-avatar\/images\/wpua-96x96.png","contentUrl":"https:\/\/www.ikuchyne.sk\/eshop\/wp-content\/plugins\/wp-user-avatar\/deprecated\/wp-user-avatar\/images\/wpua-96x96.png","caption":"Adri\u00e1na Plechov\u00e1"},"description":"Adriana pracuje ako online market\u00e9rka, copywriterka a\u00a0redaktorka. Pri p\u00edsan\u00ed a\u00a0editovan\u00ed r\u00f4znych textov dost\u00e1va zelen\u00fa jej kreativita, ako aj\u00a0l\u00e1ska k\u00a0p\u00edsan\u00e9mu slovu a\u00a0materinsk\u00e9mu jazyku. Srdcovkou a\u00a0zdrojom in\u0161pir\u00e1cie s\u00fa pre \u0148u u\u017e od \u00fatleho detstva knihy. Ob\u013eubuje kult\u00farne podujatia, prech\u00e1dzky v pr\u00edrode a\u00a0spolo\u010dnos\u0165 \u013eud\u00ed, s\u00a0ktor\u00fdmi je na rovnakej vlnovej d\u013a\u017eke.","url":"https:\/\/www.ikuchyne.sk\/eshop\/author\/adriana-plechova\/"}]}},"_links":{"self":[{"href":"https:\/\/www.ikuchyne.sk\/eshop\/wp-json\/wp\/v2\/posts\/129426"}],"collection":[{"href":"https:\/\/www.ikuchyne.sk\/eshop\/wp-json\/wp\/v2\/posts"}],"about":[{"href":"https:\/\/www.ikuchyne.sk\/eshop\/wp-json\/wp\/v2\/types\/post"}],"author":[{"embeddable":true,"href":"https:\/\/www.ikuchyne.sk\/eshop\/wp-json\/wp\/v2\/users\/568"}],"replies":[{"embeddable":true,"href":"https:\/\/www.ikuchyne.sk\/eshop\/wp-json\/wp\/v2\/comments?post=129426"}],"version-history":[{"count":5,"href":"https:\/\/www.ikuchyne.sk\/eshop\/wp-json\/wp\/v2\/posts\/129426\/revisions"}],"predecessor-version":[{"id":147222,"href":"https:\/\/www.ikuchyne.sk\/eshop\/wp-json\/wp\/v2\/posts\/129426\/revisions\/147222"}],"wp:featuredmedia":[{"embeddable":true,"href":"https:\/\/www.ikuchyne.sk\/eshop\/wp-json\/"}],"wp:attachment":[{"href":"https:\/\/www.ikuchyne.sk\/eshop\/wp-json\/wp\/v2\/media?parent=129426"}],"wp:term":[{"taxonomy":"category","embeddable":true,"href":"https:\/\/www.ikuchyne.sk\/eshop\/wp-json\/wp\/v2\/categories?post=129426"},{"taxonomy":"post_tag","embeddable":true,"href":"https:\/\/www.ikuchyne.sk\/eshop\/wp-json\/wp\/v2\/tags?post=129426"}],"curies":[{"name":"wp","href":"https:\/\/api.w.org\/{rel}","templated":true}]}}