{"id":129513,"date":"2020-06-01T17:28:17","date_gmt":"2020-06-01T15:28:17","guid":{"rendered":"https:\/\/www.ikuchyne.sk\/eshop\/?p=129513"},"modified":"2020-10-21T13:28:13","modified_gmt":"2020-10-21T11:28:13","slug":"prakticke-miesta-kde-potrebujete-svietidla","status":"publish","type":"post","link":"https:\/\/www.ikuchyne.sk\/eshop\/prakticke-miesta-kde-potrebujete-svietidla\/","title":{"rendered":"Praktick\u00e9 miesta, kde by ste mali po\u010d\u00edta\u0165 s osvetlen\u00edm"},"content":{"rendered":"<p>[vc_row][vc_column][vc_column_text]<span style=\"color: #000000;\"><strong>Svietidl\u00e1 s\u00fa v dom\u00e1cnosti ve\u013emi potrebn\u00e9. Poskytuj\u00fa umel\u00e9 svetlo, ktor\u00e9 je d\u00f4le\u017eit\u00e9 pri nedostatku svetla prirodzen\u00e9ho. Na niektor\u00fdch miestach je osvetlenie potrebn\u00e9 viac ako inde. S\u00fa to \u010dasto praktick\u00e9 miesta ako st\u00f4l \u010di kuchynsk\u00e1 linka. Pr\u00e1ve tu vykon\u00e1vame viacer\u00e9 \u010dinnosti a potrebujeme vidie\u0165 lep\u0161ie.\u00a0<\/strong><\/span>[\/vc_column_text][vc_single_image image=&#8221;129528&#8243; img_size=&#8221;large&#8221; add_caption=&#8221;yes&#8221; alignment=&#8221;center&#8221; style=&#8221;vc_box_rounded&#8221;][\/vc_column][\/vc_row][vc_row][vc_column][vc_column_text]<span style=\"color: #000000;\">Prirodzen\u00e9 svetlo je najd\u00f4le\u017eitej\u0161ie. Ak ho v\u0161ak nie je dostatok, mus\u00ed pom\u00f4c\u0165 umel\u00e9 svetlo. V niektor\u00fdch miestnostiach sta\u010d\u00ed jedno svetlo. V in\u00fdch je potrebn\u00e9 doplnkov\u00e9 osvetlenie. Pomocou neho si osvetl\u00edte pracovn\u00fa plochu v kuchyni \u010di pracovni.<strong> Ak\u00e9 praktick\u00e9 miesta e\u0161te existuj\u00fa, kde by ste mali po\u010d\u00edta\u0165 so <span style=\"color: #e3245e;\"><a style=\"color: #e3245e;\" href=\"https:\/\/ikuchyne.sk\/eshop\/svietidla\/\">svietidlami<\/a>?<\/span><\/strong><\/span><\/p>\n<h2><span style=\"color: #e3245e;\"><strong>Osvetlenie nad pracovn\u00fd st\u00f4l<\/strong><\/span><\/h2>\n<p><span style=\"color: #000000;\">Pri pracovnom stole p\u00ed\u0161eme, \u010d\u00edtame alebo pracujeme. Pr\u00e1ve preto je d\u00f4le\u017eit\u00e9, aby bola t\u00e1to plocha spr\u00e1vne osvetlen\u00e1. <strong>V pracovni alebo v izbe s pracovn\u00fdm stolom by sme mali zvoli\u0165 1 &#8211; 2 doplnkov\u00e9 svetidl\u00e1.<\/strong> Centr\u00e1lne svetlo toti\u017eto nesta\u010d\u00ed.\u00a0<\/span>[\/vc_column_text][\/vc_column][\/vc_row][vc_row][vc_column][vc_single_image image=&#8221;129526&#8243; img_size=&#8221;large&#8221; add_caption=&#8221;yes&#8221; alignment=&#8221;center&#8221; style=&#8221;vc_box_rounded&#8221;][vc_column_text]<span style=\"color: #000000;\">Doplnkov\u00e9 osvetlenie zvo\u013ete pokojne v podobe<span style=\"color: #e3245e;\"> <a style=\"color: #e3245e;\" href=\"https:\/\/ikuchyne.sk\/eshop\/kategoria\/stolove-lampy\/\">stolnej lampy<\/a><\/span>. Bez ob\u00e1v si m\u00f4\u017eete zvoli\u0165 nejak\u00fa dekora\u010dn\u00fa lampu.<strong> Treba v\u0161ak myslie\u0165 na silu \u017eiarovky, ktor\u00e1 by mala by\u0165 dostato\u010dne siln\u00e1, aby ste dobre videli na p\u00edsan\u00fd \u010di \u010d\u00edtan\u00fd text.\u00a0<\/strong><\/span><\/p>\n<h2><span style=\"color: #e3245e;\"><strong>D\u00f4le\u017eit\u00e9 s\u00fa svietidl\u00e1 nad kuchynsk\u00fa linku<\/strong><\/span><\/h2>\n<p><span style=\"color: #000000;\">Kuchynsk\u00e1 linka je taktie\u017e pracovn\u00fdm miestom, preto\u017ee na nej pripravujeme jedlo. Pre niektor\u00fdch je to dokonca miesto konzumovania pokrmov.<strong> Na jednotliv\u00e9 potraviny je potrebn\u00e9 dobre vidie\u0165.<\/strong> Preto je vhodn\u00e9, ak doplnkov\u00e9 svetlo zvol\u00edte aj nad kuchynsk\u00fa linku.<\/span>[\/vc_column_text][vc_single_image image=&#8221;129524&#8243; img_size=&#8221;large&#8221; add_caption=&#8221;yes&#8221; alignment=&#8221;center&#8221; style=&#8221;vc_box_rounded&#8221;][vc_column_text]<span style=\"color: #000000;\">Ke\u010f\u017ee sa v kuchyni ako centr\u00e1lne svetlo \u010dasto nach\u00e1dza <span style=\"color: #e3245e;\"><a style=\"color: #e3245e;\" href=\"https:\/\/ikuchyne.sk\/eshop\/lustre\/\">luster<\/a>,<\/span> nad linku zvo\u013ete nie\u010do men\u0161ie. Bodov\u00e9 svetl\u00e1 s\u00fa dnes ve\u013emi ob\u013e\u00faben\u00e9. Poskytuj\u00fa dostatok osvetlenia, s\u00fa minimalistick\u00e9 a \u0161t\u00fdlov\u00e9.\u00a0<\/span>[\/vc_column_text][vc_column_text]<\/p>\n<h2><span style=\"color: #e3245e;\"><strong>Ak m\u00e1te kuchynsk\u00fd ostrov\u010dek\u00a0<\/strong><\/span><\/h2>\n<p><span style=\"color: #000000;\">Nie ka\u017ed\u00e1 kuchy\u0148a m\u00e1 ostrov\u010dek. Ak ho v\u0161ak m\u00e1te, ur\u010dite potrebujete spr\u00e1vne osvetlenie nad toto miesto. Mnoh\u00ed \u010dasto zvolia visiace \u0161t\u00fdlov\u00e9 lampy, ktor\u00e9 pritiahnu pozornos\u0165 a spravia z ostrov\u010deka zauj\u00edmav\u00e9 miesto.\u00a0<\/span><\/p>\n<p><span style=\"color: #000000;\"><strong>Ak v kuchyni nie je luster, svetlo nad ostrov\u010dekom m\u00f4\u017ee by\u0165 vo forme lustra.<\/strong> Nemus\u00edte sa b\u00e1\u0165 ani bodov\u00fdch <span style=\"color: #e3245e;\"><a style=\"color: #e3245e;\" href=\"https:\/\/ikuchyne.sk\/eshop\/svietidla\/\">svietidiel<\/a>.<\/span> Vyzeraj\u00fa ve\u013emi dobre a dok\u00e1\u017eu miestnos\u0165 zv\u00e4\u010d\u0161i\u0165. <strong>Ostrov\u010dek by mal by\u0165 osvetlen\u00fd, preto\u017ee \u013eudia na \u0148om \u010dasto konzumuj\u00fa jedlo.<\/strong> Niekedy sa na \u0148om dokonca samotn\u00e9 jedlo pripravuje.\u00a0<\/span>[\/vc_column_text][vc_single_image image=&#8221;129527&#8243; img_size=&#8221;large&#8221; add_caption=&#8221;yes&#8221; alignment=&#8221;center&#8221; style=&#8221;vc_box_rounded&#8221;][vc_column_text]<\/p>\n<h2><span style=\"color: #e3245e;\"><strong>Nezabudnite na jed\u00e1lensk\u00fd st\u00f4l<\/strong><\/span><\/h2>\n<p><span style=\"color: #000000;\">\u010ci u\u017e sa jed\u00e1lensk\u00fd st\u00f4l nach\u00e1dza v jed\u00e1lni alebo v kuchyni, v\u017edy by mal by\u0165 osvetlen\u00fd. Tak ako pri ostrov\u010deku, aj pri stole konzumujete jedlo. <strong>Pri stole v\u0161ak nemus\u00edte zvoli\u0165 pr\u00edli\u0161 siln\u00fd typ. Mohol by v\u00e1m vadi\u0165.\u00a0<\/strong><\/span>[\/vc_column_text][vc_single_image image=&#8221;129523&#8243; img_size=&#8221;large&#8221; add_caption=&#8221;yes&#8221; alignment=&#8221;center&#8221; style=&#8221;vc_box_rounded&#8221;][\/vc_column][\/vc_row][vc_row][vc_column][vc_column_text]<\/p>\n<h2><span style=\"color: #e3245e;\"><strong>D\u00f4le\u017eit\u00e9 svietidl\u00e1 pri \u010d\u00edtan\u00ed<\/strong><\/span><\/h2>\n<p><span style=\"color: #000000;\">Radi \u010d\u00edtate v ob\u00fdva\u010dke? V tom pr\u00edpade by ste mali zvoli\u0165 doplnkov\u00e9 svetlo. <strong>Jeho umiestnenie prisp\u00f4sobte pod\u013ea toho, kde \u010d\u00edtate.<\/strong> Ak m\u00e1te \u0161peci\u00e1lne kreslo, umiestnite ho tam. Ak radi \u010d\u00edtate na seda\u010dke, svietidlo by malo by\u0165 pri nej.\u00a0<\/span><\/p>\n<p><span style=\"color: #000000;\">V ob\u00fdva\u010dke s\u00fa ve\u013emi ob\u013e\u00faben\u00e9 <span style=\"color: #e3245e;\"><a style=\"color: #e3245e;\" href=\"https:\/\/ikuchyne.sk\/eshop\/kategoria\/stojace-lampy\/\">stojace lampy<\/a><\/span>, ktor\u00e9 s\u00fa \u0161t\u00fdlov\u00e9 a p\u00f4sobia ako doplnok. Cel\u00fa ob\u00fdva\u010dku doplnia a ucelia. Ich v\u00fdhodou je taktie\u017e to, \u017ee si ich prisp\u00f4sob\u00edte.<br \/>\n<\/span><\/p>\n<p><strong><span style=\"color: #000000;\">Zauj\u00edmav\u00e9 m\u00f4\u017ee by\u0165 aj alternat\u00edvne rie\u0161enie &#8211; napr\u00edklad uchytenie na stene, kde \u010d\u00edtate.<\/span><\/strong>[\/vc_column_text][vc_single_image image=&#8221;129521&#8243; img_size=&#8221;large&#8221; add_caption=&#8221;yes&#8221; alignment=&#8221;center&#8221; style=&#8221;vc_box_rounded&#8221;][vc_column_text]<\/p>\n<h2><span style=\"color: #e3245e;\"><strong>V sp\u00e1lni na no\u010dn\u00fdch stol\u00edkoch<\/strong><\/span><\/h2>\n<p><span style=\"color: #000000;\">Sp\u00e1l\u0148a je tie\u017e miestom, kde mnoh\u00ed \u013eudia \u010d\u00edtaj\u00fa. Ak patr\u00edte do tejto skupiny \u013eud\u00ed, za\u010dnite prem\u00fd\u0161\u013ea\u0165 nad doplnkov\u00fdm svetlom.<strong> Na \u010d\u00edtanie v\u00e1m nebude sta\u010di\u0165 len centr\u00e1lne svetlo.<\/strong> Je s\u00edce vhodn\u00e9 na osvetlenie sp\u00e1lne, no nie je dostato\u010dne siln\u00e9 na \u010d\u00edtanie \u010di p\u00edsanie.\u00a0<\/span><\/p>\n<p><span style=\"color: #000000;\">Na no\u010dn\u00e9 stol\u00edky si vyberajte men\u0161ie lampy. Nemali by by\u0165 pr\u00edli\u0161 vysok\u00e9. Pri sp\u00e1nku by v\u00e1m mohli vadi\u0165. Myslite taktie\u017e na intenzitu svetla. Nemus\u00ed by\u0165 pr\u00edli\u0161 siln\u00e1. Okrem toho existuj\u00fa svietidl\u00e1 nad poste\u013eou. Ak n\u00e1hodou nem\u00e1te no\u010dn\u00fd stol\u00edk alebo na \u0148om nem\u00e1te miesto, je to skvel\u00e9 rie\u0161enie.<\/span>[\/vc_column_text][vc_single_image image=&#8221;129522&#8243; img_size=&#8221;large&#8221; add_caption=&#8221;yes&#8221; alignment=&#8221;center&#8221; style=&#8221;vc_box_rounded&#8221;][vc_column_text]<\/p>\n<h2><span style=\"color: #e3245e;\"><strong>Svietidl\u00e1 v k\u00fape\u013eni nad zrkadlom<\/strong><\/span><\/h2>\n<p><span style=\"color: #000000;\"><strong>Ve\u013emi d\u00f4le\u017eit\u00fdm miestom, kde by v\u00e1m nemalo ch\u00fdba\u0165 osvetlenie, je k\u00fape\u013e\u0148a.<\/strong> Pri zrkadle sa chyst\u00e1te do pr\u00e1ce, do \u0161koly alebo len tak na \u010fal\u0161\u00ed de\u0148. Potrebujete na seba dobre vidie\u0165. Svetlo, ktor\u00e9 vy\u017earuje z centr\u00e1lneho osvetlenia, si zatienite vlastn\u00fdm telom.\u00a0<\/span>[\/vc_column_text][vc_column_text]<span style=\"color: #000000;\">Z toho d\u00f4vodu je preto dobr\u00e9, ak si vyberiete dodato\u010dn\u00e9 svietidl\u00e1 nad zrkadlo. V tomto pr\u00edpade m\u00e1te nieko\u013eko mo\u017enost\u00ed. M\u00f4\u017eete stavi\u0165 na bodov\u00e9 svetl\u00e1 nad zrkadlom. Ve\u013emi ob\u013e\u00faben\u00e9 s\u00fa v\u0161ak aj dekora\u010dn\u00e9 svietidl\u00e1 po bokoch zrkadla, ktor\u00e9 s\u00fa tie\u017e dostato\u010dne siln\u00e9. Poskytuj\u00fa v\u00e1m svetlo z ka\u017edej strany.\u00a0<\/span><\/p>\n<p><span style=\"color: #000000;\"><strong>Spr\u00e1vne osvetlenie je d\u00f4le\u017eit\u00e9 najm\u00e4 pre zdrav\u00fd zrak.<\/strong> Na praktick\u00fdch miestach v\u00e1m preto nesmie ch\u00fdba\u0165. Pri vyberan\u00ed svietidiel myslite nielen na to, ako vyzeraj\u00fa, ale aj na silu ich \u017eiarenia.\u00a0<\/span>[\/vc_column_text][vc_single_image image=&#8221;129520&#8243; img_size=&#8221;large&#8221; add_caption=&#8221;yes&#8221; alignment=&#8221;center&#8221; style=&#8221;vc_box_rounded&#8221;][vc_column_text]<\/p>\n<h5 style=\"text-align: center;\"><span style=\"color: #000000;\">H\u013ead\u00e1te viac in\u0161pir\u00e1cie?\u00a0<\/span><\/h5>\n<h5 style=\"text-align: center;\"><span style=\"color: #000000;\">Pozrite si n\u00e1\u0161 e-shop<\/span><br \/>\n<span style=\"color: #e3245e;\"><a style=\"color: #e3245e;\" href=\"https:\/\/ikuchyne.sk\/eshop\/\">Do e-shopu<\/a><\/span><\/h5>\n<p>[\/vc_column_text][\/vc_column][\/vc_row]<\/p>\n","protected":false},"excerpt":{"rendered":"<p>[vc_row][vc_column][vc_column_text]Svietidl\u00e1 s\u00fa v dom\u00e1cnosti ve\u013emi potrebn\u00e9. Poskytuj\u00fa umel\u00e9 svetlo, ktor\u00e9 je d\u00f4le\u017eit\u00e9 pri nedostatku svetla prirodzen\u00e9ho. Na niektor\u00fdch miestach je osvetlenie potrebn\u00e9 viac ako inde. S\u00fa to \u010dasto praktick\u00e9 miesta<\/p>\n","protected":false},"author":560,"featured_media":129526,"comment_status":"closed","ping_status":"open","sticky":false,"template":"","format":"standard","meta":{"footnotes":""},"categories":[1016],"tags":[],"yoast_head":"<!-- This site is optimized with the Yoast SEO plugin v22.1 - https:\/\/yoast.com\/wordpress\/plugins\/seo\/ -->\n<title>Praktick\u00e9 miesta, kde potrebujete svietidl\u00e1 &#187; iKuchyne iSHOP s n\u00e1bytkom<\/title>\n<meta name=\"description\" content=\"Svietidl\u00e1 s\u00fa v dom\u00e1cnosti ve\u013emi potrebn\u00e9. Poskytuj\u00fa umel\u00e9 svetlo, ktor\u00e9 je d\u00f4le\u017eit\u00e9 pri nedostatku svetla prirodzen\u00e9ho. R\u00e1tajte s nimi!\" \/>\n<meta name=\"robots\" content=\"index, follow, max-snippet:-1, max-image-preview:large, max-video-preview:-1\" \/>\n<link rel=\"canonical\" href=\"https:\/\/www.ikuchyne.sk\/eshop\/prakticke-miesta-kde-potrebujete-svietidla\/\" \/>\n<meta property=\"og:locale\" content=\"sk_SK\" \/>\n<meta property=\"og:type\" content=\"article\" \/>\n<meta property=\"og:title\" content=\"Praktick\u00e9 miesta, kde potrebujete svietidl\u00e1 &#187; iKuchyne iSHOP s n\u00e1bytkom\" \/>\n<meta property=\"og:description\" content=\"Svietidl\u00e1 s\u00fa v dom\u00e1cnosti ve\u013emi potrebn\u00e9. Poskytuj\u00fa umel\u00e9 svetlo, ktor\u00e9 je d\u00f4le\u017eit\u00e9 pri nedostatku svetla prirodzen\u00e9ho. R\u00e1tajte s nimi!\" \/>\n<meta property=\"og:url\" content=\"https:\/\/www.ikuchyne.sk\/eshop\/prakticke-miesta-kde-potrebujete-svietidla\/\" \/>\n<meta property=\"og:site_name\" content=\"iKuchyne iSHOP s n\u00e1bytkom\" \/>\n<meta property=\"article:publisher\" content=\"https:\/\/www.facebook.com\/ikuchyne\/\" \/>\n<meta property=\"article:published_time\" content=\"2020-06-01T15:28:17+00:00\" \/>\n<meta property=\"article:modified_time\" content=\"2020-10-21T11:28:13+00:00\" \/>\n<meta property=\"og:image\" content=\"https:\/\/www.ikuchyne.sk\/eshop\/wp-content\/uploads\/2020\/06\/boho-pracovna.jpg\" \/>\n\t<meta property=\"og:image:width\" content=\"564\" \/>\n\t<meta property=\"og:image:height\" content=\"705\" \/>\n\t<meta property=\"og:image:type\" content=\"image\/jpeg\" \/>\n<meta name=\"author\" content=\"Na\u010fa \u010cern\u00e1\" \/>\n<meta name=\"twitter:card\" content=\"summary_large_image\" \/>\n<meta name=\"twitter:label1\" content=\"Autor\" \/>\n\t<meta name=\"twitter:data1\" content=\"Na\u010fa \u010cern\u00e1\" \/>\n\t<meta name=\"twitter:label2\" content=\"Predpokladan\u00fd \u010das \u010d\u00edtania\" \/>\n\t<meta name=\"twitter:data2\" content=\"5 min\u00fat\" \/>\n<script type=\"application\/ld+json\" class=\"yoast-schema-graph\">{\"@context\":\"https:\/\/schema.org\",\"@graph\":[{\"@type\":\"Article\",\"@id\":\"https:\/\/www.ikuchyne.sk\/eshop\/prakticke-miesta-kde-potrebujete-svietidla\/#article\",\"isPartOf\":{\"@id\":\"https:\/\/www.ikuchyne.sk\/eshop\/prakticke-miesta-kde-potrebujete-svietidla\/\"},\"author\":{\"name\":\"Na\u010fa \u010cern\u00e1\",\"@id\":\"https:\/\/www.ikuchyne.sk\/eshop\/#\/schema\/person\/4dabc1c3b4767baf98f7c971c0e602f1\"},\"headline\":\"Praktick\u00e9 miesta, kde by ste mali po\u010d\u00edta\u0165 s osvetlen\u00edm\",\"datePublished\":\"2020-06-01T15:28:17+00:00\",\"dateModified\":\"2020-10-21T11:28:13+00:00\",\"mainEntityOfPage\":{\"@id\":\"https:\/\/www.ikuchyne.sk\/eshop\/prakticke-miesta-kde-potrebujete-svietidla\/\"},\"wordCount\":1089,\"publisher\":{\"@id\":\"https:\/\/www.ikuchyne.sk\/eshop\/#organization\"},\"articleSection\":[\"Svietidl\u00e1\"],\"inLanguage\":\"sk-SK\"},{\"@type\":\"WebPage\",\"@id\":\"https:\/\/www.ikuchyne.sk\/eshop\/prakticke-miesta-kde-potrebujete-svietidla\/\",\"url\":\"https:\/\/www.ikuchyne.sk\/eshop\/prakticke-miesta-kde-potrebujete-svietidla\/\",\"name\":\"Praktick\u00e9 miesta, kde potrebujete svietidl\u00e1 &#187; iKuchyne iSHOP s n\u00e1bytkom\",\"isPartOf\":{\"@id\":\"https:\/\/www.ikuchyne.sk\/eshop\/#website\"},\"datePublished\":\"2020-06-01T15:28:17+00:00\",\"dateModified\":\"2020-10-21T11:28:13+00:00\",\"description\":\"Svietidl\u00e1 s\u00fa v dom\u00e1cnosti ve\u013emi potrebn\u00e9. Poskytuj\u00fa umel\u00e9 svetlo, ktor\u00e9 je d\u00f4le\u017eit\u00e9 pri nedostatku svetla prirodzen\u00e9ho. R\u00e1tajte s nimi!\",\"breadcrumb\":{\"@id\":\"https:\/\/www.ikuchyne.sk\/eshop\/prakticke-miesta-kde-potrebujete-svietidla\/#breadcrumb\"},\"inLanguage\":\"sk-SK\",\"potentialAction\":[{\"@type\":\"ReadAction\",\"target\":[\"https:\/\/www.ikuchyne.sk\/eshop\/prakticke-miesta-kde-potrebujete-svietidla\/\"]}]},{\"@type\":\"BreadcrumbList\",\"@id\":\"https:\/\/www.ikuchyne.sk\/eshop\/prakticke-miesta-kde-potrebujete-svietidla\/#breadcrumb\",\"itemListElement\":[{\"@type\":\"ListItem\",\"position\":1,\"name\":\"Home\",\"item\":\"https:\/\/www.ikuchyne.sk\/eshop\/\"},{\"@type\":\"ListItem\",\"position\":2,\"name\":\"Praktick\u00e9 miesta, kde by ste mali po\u010d\u00edta\u0165 s osvetlen\u00edm\"}]},{\"@type\":\"WebSite\",\"@id\":\"https:\/\/www.ikuchyne.sk\/eshop\/#website\",\"url\":\"https:\/\/www.ikuchyne.sk\/eshop\/\",\"name\":\"iKuchyne iSHOP s n\u00e1bytkom\",\"description\":\"Jed\u00e1lensk\u00e9 stoly, stoli\u010dky, n\u00e1bytok, svietidl\u00e1...\",\"publisher\":{\"@id\":\"https:\/\/www.ikuchyne.sk\/eshop\/#organization\"},\"potentialAction\":[{\"@type\":\"SearchAction\",\"target\":{\"@type\":\"EntryPoint\",\"urlTemplate\":\"https:\/\/www.ikuchyne.sk\/eshop\/?s={search_term_string}\"},\"query-input\":\"required name=search_term_string\"}],\"inLanguage\":\"sk-SK\"},{\"@type\":\"Organization\",\"@id\":\"https:\/\/www.ikuchyne.sk\/eshop\/#organization\",\"name\":\"ikuchyne!\",\"url\":\"https:\/\/www.ikuchyne.sk\/eshop\/\",\"logo\":{\"@type\":\"ImageObject\",\"inLanguage\":\"sk-SK\",\"@id\":\"https:\/\/www.ikuchyne.sk\/eshop\/#\/schema\/logo\/image\/\",\"url\":\"https:\/\/www.ikuchyne.sk\/eshop\/wp-content\/uploads\/2017\/04\/ikuchyne-logo.jpg\",\"contentUrl\":\"https:\/\/www.ikuchyne.sk\/eshop\/wp-content\/uploads\/2017\/04\/ikuchyne-logo.jpg\",\"width\":200,\"height\":48,\"caption\":\"ikuchyne!\"},\"image\":{\"@id\":\"https:\/\/www.ikuchyne.sk\/eshop\/#\/schema\/logo\/image\/\"},\"sameAs\":[\"https:\/\/www.facebook.com\/ikuchyne\/\",\"https:\/\/www.instagram.com\/ikuchyne.sk\/\",\"https:\/\/sk.pinterest.com\/ikuchynesk\/\"]},{\"@type\":\"Person\",\"@id\":\"https:\/\/www.ikuchyne.sk\/eshop\/#\/schema\/person\/4dabc1c3b4767baf98f7c971c0e602f1\",\"name\":\"Na\u010fa \u010cern\u00e1\",\"image\":{\"@type\":\"ImageObject\",\"inLanguage\":\"sk-SK\",\"@id\":\"https:\/\/www.ikuchyne.sk\/eshop\/#\/schema\/person\/image\/\",\"url\":\"https:\/\/secure.gravatar.com\/avatar\/1e0cd71452a9e8aaa44c199804481d30?s=96&d=wp_user_avatar&r=g\",\"contentUrl\":\"https:\/\/secure.gravatar.com\/avatar\/1e0cd71452a9e8aaa44c199804481d30?s=96&d=wp_user_avatar&r=g\",\"caption\":\"Na\u010fa \u010cern\u00e1\"},\"description\":\"Na\u010fa je \u0161tudentkou \u017eurnalistiky, ktor\u00e1 p\u00ed\u0161e r\u00f4zne typy \u010dl\u00e1nkov. P\u00edsaniu sa venuje u\u017e nieko\u013eko rokov. Okrem toho sa zauj\u00edma o gastron\u00f3miu a m\u00f3du. Je milovn\u00ed\u010dkou k\u00e1vy, dobr\u00fdch kn\u00edh a bojov\u00fdch \u0161portov.\",\"url\":\"https:\/\/www.ikuchyne.sk\/eshop\/author\/nada-cerna\/\"}]}<\/script>\n<!-- \/ Yoast SEO plugin. -->","yoast_head_json":{"title":"Praktick\u00e9 miesta, kde potrebujete svietidl\u00e1 &#187; iKuchyne iSHOP s n\u00e1bytkom","description":"Svietidl\u00e1 s\u00fa v dom\u00e1cnosti ve\u013emi potrebn\u00e9. Poskytuj\u00fa umel\u00e9 svetlo, ktor\u00e9 je d\u00f4le\u017eit\u00e9 pri nedostatku svetla prirodzen\u00e9ho. R\u00e1tajte s nimi!","robots":{"index":"index","follow":"follow","max-snippet":"max-snippet:-1","max-image-preview":"max-image-preview:large","max-video-preview":"max-video-preview:-1"},"canonical":"https:\/\/www.ikuchyne.sk\/eshop\/prakticke-miesta-kde-potrebujete-svietidla\/","og_locale":"sk_SK","og_type":"article","og_title":"Praktick\u00e9 miesta, kde potrebujete svietidl\u00e1 &#187; iKuchyne iSHOP s n\u00e1bytkom","og_description":"Svietidl\u00e1 s\u00fa v dom\u00e1cnosti ve\u013emi potrebn\u00e9. Poskytuj\u00fa umel\u00e9 svetlo, ktor\u00e9 je d\u00f4le\u017eit\u00e9 pri nedostatku svetla prirodzen\u00e9ho. R\u00e1tajte s nimi!","og_url":"https:\/\/www.ikuchyne.sk\/eshop\/prakticke-miesta-kde-potrebujete-svietidla\/","og_site_name":"iKuchyne iSHOP s n\u00e1bytkom","article_publisher":"https:\/\/www.facebook.com\/ikuchyne\/","article_published_time":"2020-06-01T15:28:17+00:00","article_modified_time":"2020-10-21T11:28:13+00:00","og_image":[{"width":564,"height":705,"url":"https:\/\/www.ikuchyne.sk\/eshop\/wp-content\/uploads\/2020\/06\/boho-pracovna.jpg","type":"image\/jpeg"}],"author":"Na\u010fa \u010cern\u00e1","twitter_card":"summary_large_image","twitter_misc":{"Autor":"Na\u010fa \u010cern\u00e1","Predpokladan\u00fd \u010das \u010d\u00edtania":"5 min\u00fat"},"schema":{"@context":"https:\/\/schema.org","@graph":[{"@type":"Article","@id":"https:\/\/www.ikuchyne.sk\/eshop\/prakticke-miesta-kde-potrebujete-svietidla\/#article","isPartOf":{"@id":"https:\/\/www.ikuchyne.sk\/eshop\/prakticke-miesta-kde-potrebujete-svietidla\/"},"author":{"name":"Na\u010fa \u010cern\u00e1","@id":"https:\/\/www.ikuchyne.sk\/eshop\/#\/schema\/person\/4dabc1c3b4767baf98f7c971c0e602f1"},"headline":"Praktick\u00e9 miesta, kde by ste mali po\u010d\u00edta\u0165 s osvetlen\u00edm","datePublished":"2020-06-01T15:28:17+00:00","dateModified":"2020-10-21T11:28:13+00:00","mainEntityOfPage":{"@id":"https:\/\/www.ikuchyne.sk\/eshop\/prakticke-miesta-kde-potrebujete-svietidla\/"},"wordCount":1089,"publisher":{"@id":"https:\/\/www.ikuchyne.sk\/eshop\/#organization"},"articleSection":["Svietidl\u00e1"],"inLanguage":"sk-SK"},{"@type":"WebPage","@id":"https:\/\/www.ikuchyne.sk\/eshop\/prakticke-miesta-kde-potrebujete-svietidla\/","url":"https:\/\/www.ikuchyne.sk\/eshop\/prakticke-miesta-kde-potrebujete-svietidla\/","name":"Praktick\u00e9 miesta, kde potrebujete svietidl\u00e1 &#187; iKuchyne iSHOP s n\u00e1bytkom","isPartOf":{"@id":"https:\/\/www.ikuchyne.sk\/eshop\/#website"},"datePublished":"2020-06-01T15:28:17+00:00","dateModified":"2020-10-21T11:28:13+00:00","description":"Svietidl\u00e1 s\u00fa v dom\u00e1cnosti ve\u013emi potrebn\u00e9. Poskytuj\u00fa umel\u00e9 svetlo, ktor\u00e9 je d\u00f4le\u017eit\u00e9 pri nedostatku svetla prirodzen\u00e9ho. R\u00e1tajte s nimi!","breadcrumb":{"@id":"https:\/\/www.ikuchyne.sk\/eshop\/prakticke-miesta-kde-potrebujete-svietidla\/#breadcrumb"},"inLanguage":"sk-SK","potentialAction":[{"@type":"ReadAction","target":["https:\/\/www.ikuchyne.sk\/eshop\/prakticke-miesta-kde-potrebujete-svietidla\/"]}]},{"@type":"BreadcrumbList","@id":"https:\/\/www.ikuchyne.sk\/eshop\/prakticke-miesta-kde-potrebujete-svietidla\/#breadcrumb","itemListElement":[{"@type":"ListItem","position":1,"name":"Home","item":"https:\/\/www.ikuchyne.sk\/eshop\/"},{"@type":"ListItem","position":2,"name":"Praktick\u00e9 miesta, kde by ste mali po\u010d\u00edta\u0165 s osvetlen\u00edm"}]},{"@type":"WebSite","@id":"https:\/\/www.ikuchyne.sk\/eshop\/#website","url":"https:\/\/www.ikuchyne.sk\/eshop\/","name":"iKuchyne iSHOP s n\u00e1bytkom","description":"Jed\u00e1lensk\u00e9 stoly, stoli\u010dky, n\u00e1bytok, svietidl\u00e1...","publisher":{"@id":"https:\/\/www.ikuchyne.sk\/eshop\/#organization"},"potentialAction":[{"@type":"SearchAction","target":{"@type":"EntryPoint","urlTemplate":"https:\/\/www.ikuchyne.sk\/eshop\/?s={search_term_string}"},"query-input":"required name=search_term_string"}],"inLanguage":"sk-SK"},{"@type":"Organization","@id":"https:\/\/www.ikuchyne.sk\/eshop\/#organization","name":"ikuchyne!","url":"https:\/\/www.ikuchyne.sk\/eshop\/","logo":{"@type":"ImageObject","inLanguage":"sk-SK","@id":"https:\/\/www.ikuchyne.sk\/eshop\/#\/schema\/logo\/image\/","url":"https:\/\/www.ikuchyne.sk\/eshop\/wp-content\/uploads\/2017\/04\/ikuchyne-logo.jpg","contentUrl":"https:\/\/www.ikuchyne.sk\/eshop\/wp-content\/uploads\/2017\/04\/ikuchyne-logo.jpg","width":200,"height":48,"caption":"ikuchyne!"},"image":{"@id":"https:\/\/www.ikuchyne.sk\/eshop\/#\/schema\/logo\/image\/"},"sameAs":["https:\/\/www.facebook.com\/ikuchyne\/","https:\/\/www.instagram.com\/ikuchyne.sk\/","https:\/\/sk.pinterest.com\/ikuchynesk\/"]},{"@type":"Person","@id":"https:\/\/www.ikuchyne.sk\/eshop\/#\/schema\/person\/4dabc1c3b4767baf98f7c971c0e602f1","name":"Na\u010fa \u010cern\u00e1","image":{"@type":"ImageObject","inLanguage":"sk-SK","@id":"https:\/\/www.ikuchyne.sk\/eshop\/#\/schema\/person\/image\/","url":"https:\/\/secure.gravatar.com\/avatar\/1e0cd71452a9e8aaa44c199804481d30?s=96&d=wp_user_avatar&r=g","contentUrl":"https:\/\/secure.gravatar.com\/avatar\/1e0cd71452a9e8aaa44c199804481d30?s=96&d=wp_user_avatar&r=g","caption":"Na\u010fa \u010cern\u00e1"},"description":"Na\u010fa je \u0161tudentkou \u017eurnalistiky, ktor\u00e1 p\u00ed\u0161e r\u00f4zne typy \u010dl\u00e1nkov. P\u00edsaniu sa venuje u\u017e nieko\u013eko rokov. Okrem toho sa zauj\u00edma o gastron\u00f3miu a m\u00f3du. Je milovn\u00ed\u010dkou k\u00e1vy, dobr\u00fdch kn\u00edh a bojov\u00fdch \u0161portov.","url":"https:\/\/www.ikuchyne.sk\/eshop\/author\/nada-cerna\/"}]}},"_links":{"self":[{"href":"https:\/\/www.ikuchyne.sk\/eshop\/wp-json\/wp\/v2\/posts\/129513"}],"collection":[{"href":"https:\/\/www.ikuchyne.sk\/eshop\/wp-json\/wp\/v2\/posts"}],"about":[{"href":"https:\/\/www.ikuchyne.sk\/eshop\/wp-json\/wp\/v2\/types\/post"}],"author":[{"embeddable":true,"href":"https:\/\/www.ikuchyne.sk\/eshop\/wp-json\/wp\/v2\/users\/560"}],"replies":[{"embeddable":true,"href":"https:\/\/www.ikuchyne.sk\/eshop\/wp-json\/wp\/v2\/comments?post=129513"}],"version-history":[{"count":4,"href":"https:\/\/www.ikuchyne.sk\/eshop\/wp-json\/wp\/v2\/posts\/129513\/revisions"}],"predecessor-version":[{"id":147336,"href":"https:\/\/www.ikuchyne.sk\/eshop\/wp-json\/wp\/v2\/posts\/129513\/revisions\/147336"}],"wp:featuredmedia":[{"embeddable":true,"href":"https:\/\/www.ikuchyne.sk\/eshop\/wp-json\/wp\/v2\/media\/129526"}],"wp:attachment":[{"href":"https:\/\/www.ikuchyne.sk\/eshop\/wp-json\/wp\/v2\/media?parent=129513"}],"wp:term":[{"taxonomy":"category","embeddable":true,"href":"https:\/\/www.ikuchyne.sk\/eshop\/wp-json\/wp\/v2\/categories?post=129513"},{"taxonomy":"post_tag","embeddable":true,"href":"https:\/\/www.ikuchyne.sk\/eshop\/wp-json\/wp\/v2\/tags?post=129513"}],"curies":[{"name":"wp","href":"https:\/\/api.w.org\/{rel}","templated":true}]}}