{"id":129552,"date":"2020-06-02T16:01:57","date_gmt":"2020-06-02T14:01:57","guid":{"rendered":"https:\/\/www.ikuchyne.sk\/eshop\/?p=129552"},"modified":"2020-06-02T16:03:13","modified_gmt":"2020-06-02T14:03:13","slug":"vytvorte-si-kuchynu-ktora-bude-respektovat-zivotne-prostredie","status":"publish","type":"post","link":"https:\/\/www.ikuchyne.sk\/eshop\/vytvorte-si-kuchynu-ktora-bude-respektovat-zivotne-prostredie\/","title":{"rendered":"Vytvorte si kuchy\u0148u, ktor\u00e1 bude \u0161etrn\u00e1 k \u017eivotn\u00e9mu prostrediu"},"content":{"rendered":"<p>[vc_row][vc_column][vc_column_text]<span style=\"color: #000000;\"><b>\u0160t\u00fdlov\u00e1, a predsa \u0161etrn\u00e1 k \u017eivotn\u00e9mu prostrediu. Presne tak\u00e1 m\u00f4\u017ee by\u0165 aj va\u0161a <span style=\"color: #e3245e;\"><a style=\"color: #e3245e;\" href=\"https:\/\/ikuchyne.sk\/kuchynske-linky\">kuchy\u0148a<\/a>,<\/span> v ktorej sa v\u00e1m bude nielen \u00fa\u017easne vari\u0165, ale napln\u00ed v\u00e1s tie\u017e pocitom, \u017ee ste pomohli na\u0161ej plan\u00e9te. Chceli by ste vedie\u0165 ako na to? Prezrad\u00edme v\u00e1m, ak\u00e9 jednoduch\u00e9 m\u00f4\u017ee by\u0165 vytvori\u0165 ekologick\u00fd priestor priamo v srdci va\u0161ej dom\u00e1cnosti. \u017divotn\u00e9 prostredie si treba chr\u00e1ni\u0165, preto sme sp\u00edsali t\u00fdchto p\u00e1r bodov.<\/b><\/span>[\/vc_column_text][\/vc_column][\/vc_row][vc_row][vc_column][vc_column_text]<\/p>\n<h2><strong><span style=\"color: #e3245e;\">Vo\u013eba je na ka\u017edom z n\u00e1s<br \/>\n<\/span><\/strong><\/h2>\n<p>[\/vc_column_text][vc_column_text]<span style=\"color: #000000;\"><span style=\"font-weight: 400;\">V obdob\u00ed posledn\u00fdch rokov \u010doraz viac vzrast\u00e1 potreba hovori\u0165 o tom ako chr\u00e1ni\u0165 \u017eivotn\u00e9 prostredie. To, \u017ee situ\u00e1cia je alarmuj\u00faca, si uvedomuje v\u00e4\u010d\u0161ina z n\u00e1s. Obchodn\u00e9 re\u0165azce ru\u0161ia pon\u00fakanie plastov\u00fdch ta\u0161iek zadarmo, separovanie prest\u00e1va by\u0165 medzi \u013eu\u010fmi cudz\u00edm pojmom, vyhlasuj\u00fa sa dni bez \u00e1ut. <\/span><b>Dobrou spr\u00e1vou je, \u017ee prispie\u0165 svojou tro\u0161kou m\u00f4\u017ee ka\u017ed\u00fd z n\u00e1s a nie je to v\u00f4bec\u00a0 zlo\u017eit\u00e9.<\/b><span style=\"font-weight: 400;\"> Priestory na\u0161ich domovov pon\u00fakaj\u00fa skvel\u00e9 pr\u00edle\u017eitosti, ako pom\u00f4c\u0165 matke pr\u00edrode.<\/span><\/span>[\/vc_column_text][\/vc_column][\/vc_row][vc_row][vc_column][vc_single_image image=&#8221;118725&#8243; img_size=&#8221;large&#8221; add_caption=&#8221;yes&#8221; alignment=&#8221;center&#8221; style=&#8221;vc_box_rounded&#8221;][\/vc_column][\/vc_row][vc_row][vc_column][vc_column_text]<span style=\"color: #000000;\"><span style=\"font-weight: 400;\"><strong>P\u00fdtate sa, kde za\u010da\u0165?<\/strong> Ak ste u\u017e vyhl\u00e1sili vojnu slamk\u00e1m a neplytv\u00e1te vodou pri um\u00fdvan\u00ed riadu, ste na v\u00fdbornej ceste. No je tu toho viac, \u010do mo\u017eno urobi\u0165. <strong>Sta\u010d\u00ed nazrie\u0165 do va\u0161ej kuchyne. <\/strong><\/span><b>Zelen\u00fdch mo\u017enost\u00ed, ktor\u00e9 pon\u00faka, je ne\u00farekom<\/b><span style=\"font-weight: 400;\"> &#8211; <strong>od prvotnej vo\u013eby materi\u00e1lov, a\u017e po spotrebi\u010de navrhnut\u00e9 tak, aby \u0161etrili energiu, vodu i peniaze.<\/strong> Prin\u00e1\u0161ame v\u00e1m nieko\u013eko tipov, ako na to.\u00a0<\/span><\/span>[\/vc_column_text][vc_column_text]<\/p>\n<h2><strong><span style=\"color: #e3245e;\">1. Zvo\u013ete si nad\u010dasov\u00fd dizajn kuchyne<\/span><\/strong><\/h2>\n<p>[\/vc_column_text][vc_column_text]<span style=\"color: #000000;\"><span style=\"font-weight: 400;\">\u010ci u\u017e pl\u00e1nujete nov\u00e9 b\u00fdvanie, alebo sa pripravujete na rekon\u0161trukciu, d\u00f4kladne sa zamyslite nad dizajnom svojej bud\u00facej kuchyne. <strong>Nem\u00e1 zmysel, aby v\u00e1m sl\u00fa\u017eila a robila rados\u0165 iba najbli\u017e\u0161\u00ed rok, \u010di dva.<\/strong> <\/span><b>Funk\u010dn\u00e1 a \u0161t\u00fdlov\u00e1 z\u00e1rove\u0148 by mala by\u0165 dlhodobo. <\/b><span style=\"font-weight: 400;\">\u010c\u00edm \u010dastej\u0161ie toti\u017e budete musie\u0165 prist\u00fapi\u0165 k v\u00fdmene zariadenia, t\u00fdm hor\u0161iu slu\u017ebu urob\u00edte matke pr\u00edrode. Energia spotrebovan\u00e1 na v\u00fdrobu n\u00e1bytkov, palivo minut\u00e9 na ich prevoz\u2026 to v\u0161etko a e\u0161te ove\u013ea viac je pre \u017eivotn\u00e9 prostredie \u0161kodliv\u00e9.<\/span><\/span>[\/vc_column_text][vc_single_image image=&#8221;118717&#8243; img_size=&#8221;large&#8221; add_caption=&#8221;yes&#8221; alignment=&#8221;center&#8221; style=&#8221;vc_box_rounded&#8221; onclick=&#8221;custom_link&#8221; img_link_target=&#8221;_blank&#8221; link=&#8221;https:\/\/ikuchyne.sk\/eshop\/produkt\/jedalensky-stol-makassar-200cm-prirodna\/&#8221;][vc_column_text]<span style=\"font-weight: 400; color: #000000;\">V kvalitnom <\/span><a href=\"https:\/\/ikuchyne.sk\/kuchynske-studio-bratislava\/\"><span style=\"font-weight: 400;\"><span style=\"color: #e3245e;\">kuchynskom \u0161t\u00fadiu<\/span><\/span><\/a><span style=\"color: #000000;\"><span style=\"font-weight: 400;\"> v\u00e1m pom\u00f4\u017eu navrhn\u00fa\u0165 presne to, \u010do potrebujete. <\/span><b>Pora\u010fte sa s odborn\u00edkmi o dizajne,<\/b><span style=\"font-weight: 400;\"> ktor\u00fd z dlhodob\u00e9ho h\u013eadiska nebude vy\u017eadova\u0165 radik\u00e1lne v\u00fdmeny zariadenia, ani z\u00e1sadnej\u0161ie pr\u00e1ce. <\/span><\/span>[\/vc_column_text][vc_message icon_fontawesome=&#8221;fa fa-lightbulb-o&#8221;]<b>Rada odborn\u00edka:<\/b><span style=\"font-weight: 400;\"> Pred n\u00e1v\u0161tevou kuchynsk\u00e9ho \u0161t\u00fadia si ujasnite va\u0161e v\u00edzie a po\u017eiadavky. Na prv\u00e9 stretnutie by ste si mali prinies\u0165 p\u00f4dorys kuchyne aj s pribli\u017en\u00fdmi rozmermi a, najm\u00e4, rozmyslie\u0165 si ot\u00e1zku v\u00e1\u0161ho rozpo\u010dtu<\/span><span style=\"font-weight: 400;\">. <\/span>[\/vc_message][vc_column_text]<\/p>\n<h2><strong><span style=\"color: #e3245e;\">2. Uprednost\u0148ujte pr\u00edrodn\u00e9 a udr\u017eate\u013en\u00e9 materi\u00e1ly<br \/>\n<\/span><\/strong><\/h2>\n<p>[\/vc_column_text][vc_column_text]<span style=\"font-weight: 400; color: #000000;\">Ak t\u00fa\u017eite po eco-friendly kuchyni, ur\u010dite siahnite po pr\u00edrodn\u00fdch materi\u00e1loch a prvkoch odkazuj\u00facich na ekol\u00f3giu. <\/span><strong><span style=\"color: #e3245e;\"><a style=\"color: #e3245e;\" href=\"https:\/\/ikuchyne.sk\/kuchynske-linky\">Kuchynsk\u00e9 linky<\/a><\/span><span style=\"color: #000000;\"> vyhotoven\u00e9 v celodrevennom preveden\u00ed <\/span><\/strong><span style=\"color: #000000;\"><b>maj\u00fa \u0161mrc a z\u00e1rove\u0148 prines\u00fa do domova v\u00f4\u0148u pr\u00edrody<\/b><span style=\"font-weight: 400;\">. Vyu\u017ei\u0165 m\u00f4\u017eete i kame\u0148, napr\u00edklad na v\u00fdrobu pracovnej dosky. <\/span><\/span>[\/vc_column_text][vc_single_image image=&#8221;118720&#8243; img_size=&#8221;large&#8221; add_caption=&#8221;yes&#8221; alignment=&#8221;center&#8221; style=&#8221;vc_box_rounded&#8221; onclick=&#8221;custom_link&#8221; img_link_target=&#8221;_blank&#8221; link=&#8221;https:\/\/ikuchyne.sk\/drevene-kuchyne\/&#8221;][vc_column_text]<span style=\"font-weight: 400; color: #000000;\">\u017dia\u013e, pr\u00edrodn\u00e9 neznamen\u00e1 v\u017edy ekologick\u00e9. Preto aj <\/span><span style=\"color: #e3245e;\"><a style=\"color: #e3245e;\" href=\"https:\/\/ikuchyne.sk\/materialy\/\"><span style=\"font-weight: 400;\">v\u00fdber materi\u00e1lov do kuchyne<\/span><\/a><\/span><span style=\"color: #000000;\"><span style=\"font-weight: 400;\"> je potrebn\u00e9 dobre zv\u00e1\u017ei\u0165. <\/span><b>V\u0161eobecnou radou je s\u00fastredi\u0165 sa na vo\u013ebu tak\u00fdch, ktor\u00e9 pristupuj\u00fa citlivo k ekosyst\u00e9mu. <\/b><span style=\"font-weight: 400;\">To znamen\u00e1, \u017ee ich povrchy by nemali by\u0165 o\u0161etren\u00e9 agres\u00edvnymi n\u00e1termi a ich pou\u017eitie nezanech\u00e1 \u0161kodliv\u00e9 n\u00e1sledky na \u017eivotnom prostred\u00ed.<\/span><\/span>[\/vc_column_text][\/vc_column][\/vc_row][vc_row][vc_column][vc_column_text]<\/p>\n<h2><strong><span style=\"color: #e3245e;\">3. Vytvorte si vlastn\u00fa z\u00e1hradku v byte<\/span><\/strong><\/h2>\n<p>[\/vc_column_text][vc_column_text]<span style=\"color: #000000;\"><strong>Zelen\u0161ie a zdrav\u0161ie b\u00fdvanie m\u00f4\u017eete ve\u013emi pekne dosiahnu\u0165 vlastnou <\/strong><b>dom\u00e1cou mini z\u00e1hradkou<\/b><\/span><span style=\"font-weight: 400;\"><span style=\"color: #000000;\">. Kuchy\u0148a je na to ide\u00e1lnym priestorom.<\/span> <\/span>[\/vc_column_text][\/vc_column][\/vc_row][vc_row][vc_column][vc_single_image image=&#8221;118718&#8243; img_size=&#8221;full&#8221; add_caption=&#8221;yes&#8221; alignment=&#8221;center&#8221; style=&#8221;vc_box_rounded&#8221;][vc_column_text]<span style=\"color: #000000;\"><span style=\"font-weight: 400;\"><strong>Existuj\u00fa nekone\u010dn\u00e9 mo\u017enosti na vytvorenie bylinkov\u00fdch stien, ktor\u00e9 v\u00e1\u0161 interi\u00e9r nielen<\/strong> <\/span><b>roz\u017eiaria kr\u00e1snou svie\u017eou farbou, ale aj n\u00e1dherne rozvo\u0148aj\u00fa<\/b><span style=\"font-weight: 400;\">. Sta\u010d\u00ed si odtrhn\u00fa\u0165! Jedlo, ktor\u00e9 vy\u010darujete z \u010derstv\u00fdch ingredienci\u00ed naberie \u00faplne nov\u00fd rozmer.<\/span><\/span>[\/vc_column_text][vc_column_text]<\/p>\n<h2><strong><span style=\"color: #e3245e;\">4. Recyklujte<br \/>\n<\/span><\/strong><\/h2>\n<p>[\/vc_column_text][vc_column_text]<span style=\"color: #000000;\"><span style=\"font-weight: 400;\">Aj ke\u010f existuje nespo\u010detne ve\u013ea vec\u00ed, ktor\u00e9 mo\u017eno robi\u0165 pre ekologizovanie, jednou z najjednoduch\u0161\u00edch a st\u00e1le naj\u00fa\u010dinnej\u0161\u00edch je recyklovanie. <\/span><b>Papier, plasty, sklo, hlin\u00edk a mnoh\u00e9 \u010fal\u0161ie materi\u00e1ly mo\u017eno separova\u0165 a n\u00e1sledne op\u00e4tovne spracova\u0165 do nov\u00fdch v\u00fdrobkov. <\/b><span style=\"font-weight: 400;\">V kone\u010dnom d\u00f4sledku to \u0161etr\u00ed suroviny aj energiu a zni\u017euje zne\u010distenie ovzdu\u0161ia i v\u00f4d.<\/span><\/span>[\/vc_column_text][vc_single_image image=&#8221;118722&#8243; img_size=&#8221;full&#8221; add_caption=&#8221;yes&#8221; alignment=&#8221;center&#8221; style=&#8221;vc_box_rounded&#8221;][vc_column_text]<span style=\"color: #000000;\"><strong>Recykl\u00e1cia je jednoduch\u00e1, efekt\u00edvna a<\/strong><b> m\u00f4\u017ee sa do nej zapoji\u0165 cel\u00e1 rodina<\/b><span style=\"font-weight: 400;\">. \u0160ikovn\u00fd dizajn\u00e9r hravo zakomponuje rie\u0161enia pre separovanie odpadu aj do va\u0161ej kuchyne.<\/span><\/span>[\/vc_column_text][\/vc_column][\/vc_row][vc_row][vc_column][vc_column_text]<\/p>\n<h2><strong><span style=\"color: #e3245e;\">5. Organizujte potraviny<\/span><\/strong><\/h2>\n<p>[\/vc_column_text][vc_column_text]<span style=\"color: #000000;\"><span style=\"font-weight: 400;\">M\u00f4\u017ee sa to zda\u0165 zvl\u00e1\u0161tne, ale ma\u0165 poriadok v z\u00e1sob\u00e1ch potrav\u00edn je ve\u013emi d\u00f4le\u017eit\u00e9. A to nielen pre punti\u010dk\u00e1rov, ale aj s oh\u013eadom na \u017eivotn\u00e9 prostredie. Pokia\u013e toti\u017e vl\u00e1dne vo va\u0161ej kuchyni chaos a jedlo d\u00e1vate do pol\u00edc ako pr\u00edde,<\/span><b> m\u00f4\u017ee sa sta\u0165, \u017ee prestanete ma\u0165 preh\u013ead o tom, \u010do sa skr\u00fdva v zadn\u00fdch reg\u00e1loch skriniek \u010di chladni\u010dky<\/b><span style=\"font-weight: 400;\">. To potom vedie k nezmyseln\u00fdm n\u00e1kupom a zbyto\u010dn\u00e9mu vyhadzovaniu potrav\u00edn.<\/span><\/span>[\/vc_column_text][\/vc_column][\/vc_row][vc_row][vc_column][vc_single_image image=&#8221;118721&#8243; img_size=&#8221;full&#8221; add_caption=&#8221;yes&#8221; alignment=&#8221;center&#8221; style=&#8221;vc_box_rounded&#8221;][vc_column_text]<span style=\"color: #000000;\"><span style=\"font-weight: 400;\"><strong><span style=\"color: #e3245e;\"><a style=\"color: #e3245e;\" href=\"https:\/\/ikuchyne.sk\/kuchynske-linky\">Ide\u00e1lna kuchy\u0148a<\/a><\/span> by mala by\u0165<\/strong> <\/span><b>navrhnut\u00e1 tak, aby po\u010d\u00edtala s dostatkom \u00falo\u017en\u00e9ho priestoru<\/b><span style=\"font-weight: 400;\">. Vy sami si organiz\u00e1ciu potrav\u00edn viete e\u0161te zefekt\u00edvni\u0165 prostredn\u00edctvom najr\u00f4znej\u0161\u00edch d\u00f3zi\u010diek a n\u00e1dob s ozna\u010den\u00edm.<\/span><\/span>[\/vc_column_text][vc_column_text]<\/p>\n<h2><strong><span style=\"color: #e3245e;\">6. Povedzte stop jednor\u00e1zov\u00fdm pr\u00edborom a plastov\u00fdm pom\u00f4ckam<br \/>\n<\/span><\/strong><\/h2>\n<p>[\/vc_column_text][vc_column_text]<span style=\"color: #000000;\"><span style=\"font-weight: 400;\">Nadi\u0161iel \u010das rozl\u00fa\u010di\u0165 sa s plastov\u00fdm kuchynsk\u00fdm n\u00e1\u010din\u00edm a vymeni\u0165 ho za ekologickej\u0161ie. V\u00fdborn\u00fa alternat\u00edvu pon\u00faka drevo. <\/span><b>Dreven\u00e9 v\u00fdrobky s\u00fa nielen \u0161etrn\u00e9 k pr\u00edrode, ale o\u010daria v\u00e1s aj svojou eleganciou.<\/b><span style=\"font-weight: 400;\"> A \u010do je najlep\u0161ie, vedia by\u0165 priate\u013esk\u00e9 i k v\u00e1\u0161mu bankov\u00e9mu kontu.<\/span><\/span>[\/vc_column_text][vc_single_image image=&#8221;118716&#8243; img_size=&#8221;full&#8221; add_caption=&#8221;yes&#8221; alignment=&#8221;center&#8221; style=&#8221;vc_box_rounded&#8221;][vc_column_text]<span style=\"color: #000000;\"><strong>Ak pre v\u00e1s drevo nie je to prav\u00e9-orechov\u00e9, je tu mo\u017enos\u0165 zadov\u00e1\u017ei\u0165 si, napr\u00edklad,\u00a0<\/strong><b>pom\u00f4cky z ekologicky udr\u017eate\u013en\u00e9ho bambusu<\/b><span style=\"font-weight: 400;\">. Ich ve\u013ek\u00fdm plusom je, \u017ee prirodzene zni\u017euj\u00fa rast \u0161kodliv\u00fdch mikr\u00f3bov.\u00a0<\/span><\/span>[\/vc_column_text][vc_single_image image=&#8221;118719&#8243; img_size=&#8221;full&#8221; add_caption=&#8221;yes&#8221; alignment=&#8221;center&#8221; style=&#8221;vc_box_rounded&#8221;][vc_message message_box_color=&#8221;alert-success&#8221; icon_fontawesome=&#8221;fa fa-lightbulb-o&#8221;]<b>Vedeli ste, \u017ee<\/b><span style=\"font-weight: 400;\">\u00a0<\/span><\/p>\n<p><span style=\"font-weight: 400;\">vplyvom n\u00e1\u0161ho \u017eivotn\u00e9ho \u0161t\u00fdlu ost\u00e1va a\u017e 79 % plastov robi\u0165 skazu v ekosyst\u00e9me zeme? Pod\u013ea <\/span><span style=\"font-weight: 400;\">spr\u00e1vy<\/span><span style=\"font-weight: 400;\"> americk\u00fdch vedcov z roku 2017 je recyklovan\u00fdch iba 9 % zo v\u0161etk\u00fdch plastov, 12 % podlieha sp\u00e1leniu, \u010do sp\u00f4sobuje zne\u010distenie ovzdu\u0161ia. Zvy\u0161n\u00fdch takmer 80 % ost\u00e1va v \u017eivotnom prostred\u00ed. Odborn\u00edci varuj\u00fa, \u017ee ak bude \u013eudstvo v tomto trende pokra\u010dova\u0165, do roku 2050 zaplav\u00ed na\u0161u plan\u00e9tu a\u017e 12 miliard ton plastov.<\/span>[\/vc_message][\/vc_column][\/vc_row][vc_row][vc_column][vc_column_text]<\/p>\n<h2><strong><span style=\"color: #e3245e;\">7. Dajte si z\u00e1le\u017ea\u0165 na v\u00fdbere spotrebi\u010dov<\/span><\/strong><\/h2>\n<p>[\/vc_column_text][vc_column_text]<span style=\"color: #000000;\"><span style=\"font-weight: 400;\">\u017dijeme v konzumnej dobe, kedy vymeni\u0165 star\u00e9 za nov\u00e9 nie je \u017eiaden probl\u00e9m. Ide to r\u00fdchlo, hladko a bez obrovsk\u00fdch n\u00e1kladov. <strong>Av\u0161ak pred t\u00fdm, ako sa rozhodnete zak\u00fapi\u0165 spotrebi\u010d, uistite sa, \u017ee oprava toho star\u00e9ho nem\u00e1 v\u00fdznam. Ak skuto\u010dne nastal \u010das rozl\u00fa\u010di\u0165 sa, dbajte na to, aby bol zlikvidovan\u00fd bezpe\u010dne. <\/strong><\/span>Mnoh\u00e9 spotrebi\u010de toti\u017e obsahuj\u00fa chemik\u00e1lie a nebezpe\u010dn\u00e9 l\u00e1tky,<span style=\"font-weight: 400;\"> ktor\u00fdch vypusten\u00edm do \u017eivotn\u00e9ho prostredia sp\u00f4sobuje ve\u013ea \u0161kody.<\/span><\/span>[\/vc_column_text][vc_single_image image=&#8221;118724&#8243; img_size=&#8221;full&#8221; add_caption=&#8221;yes&#8221; alignment=&#8221;center&#8221; style=&#8221;vc_box_rounded&#8221;][vc_column_text]<span style=\"font-weight: 400; color: #000000;\">Pri v\u00fdbere nov\u00e9ho spotrebi\u010du sa zamerajte na to, ak\u00fa m\u00e1 spotrebu. T\u00fato inform\u00e1ciu by ste mali vy\u010d\u00edta\u0165 z<\/span><a href=\"https:\/\/europa.eu\/youreurope\/business\/product-requirements\/labels-markings\/energy-labels\/index_sk.htm\"><span style=\"font-weight: 400;\"><span style=\"color: #e3245e;\"> energetick\u00e9ho \u0161t\u00edtku<\/span><\/span><\/a><span style=\"color: #000000;\"><span style=\"font-weight: 400;\"> uveden\u00e9ho na v\u00fdrobku. <\/span><b>Spr\u00e1vna vo\u013eba znamen\u00e1 \u00fasporu energi\u00ed v kuchyni,<\/b><span style=\"font-weight: 400;\"> a teda i pomoc \u017eivotn\u00e9mu prostrediu.\u00a0<\/span><\/span><\/p>\n<p><span style=\"color: #000000;\"><span style=\"font-weight: 400;\">Myslie\u0165 ekologicky pri zaria\u010fovan\u00ed interi\u00e9ru je dnes u\u017e nielen iba o akejsi reprezent\u00e1cii \u017eivotn\u00e9ho \u0161t\u00fdlu, ale o celospolo\u010denskej potrebe. To ako \u017eijeme tu a teraz, toti\u017e v\u00fdrazne ovplyv\u0148uje, ak\u00fdm smerom sa bude ubera\u0165 v\u00fdvoj na\u0161ich det\u00ed. <strong>Nezab\u00fadajte, \u017ee niekedy<\/strong><\/span><b> aj mal\u00e9 vylep\u0161enia dom\u00e1cnosti m\u00f4\u017eu pom\u00f4c\u0165 k ve\u013ekej zmene, <\/b><span style=\"font-weight: 400;\"><strong>a to plat\u00ed nielen o kuchyniach.<\/strong> In\u0161pirujte sa na na na\u0161om <span style=\"color: #e3245e;\"><a style=\"color: #e3245e;\" href=\"http:\/\/www.ikuchyne.sk\/eshop\">eshope<\/a><\/span>.<\/span><\/span><span style=\"font-weight: 400;\">\u00a0<\/span>[\/vc_column_text][\/vc_column][\/vc_row]<\/p>\n","protected":false},"excerpt":{"rendered":"<p>[vc_row][vc_column][vc_column_text]\u0160t\u00fdlov\u00e1, a predsa \u0161etrn\u00e1 k \u017eivotn\u00e9mu prostrediu. Presne tak\u00e1 m\u00f4\u017ee by\u0165 aj va\u0161a kuchy\u0148a, v ktorej sa v\u00e1m bude nielen \u00fa\u017easne vari\u0165, ale napln\u00ed v\u00e1s tie\u017e pocitom, \u017ee ste pomohli<\/p>\n","protected":false},"author":553,"featured_media":129420,"comment_status":"closed","ping_status":"open","sticky":false,"template":"","format":"standard","meta":{"footnotes":""},"categories":[1013],"tags":[],"yoast_head":"<!-- This site is optimized with the Yoast SEO plugin v22.1 - https:\/\/yoast.com\/wordpress\/plugins\/seo\/ -->\n<title>Vytvorte si kuchy\u0148u, ktor\u00e1 bude re\u0161pektova\u0165 \u017eivotn\u00e9 prostredie &#187; iKuchyne!<\/title>\n<meta name=\"description\" content=\"T\u00fa\u017eite po ekologickej\u0161om b\u00fdvan\u00ed? 7 tipov, ako si navrhn\u00fa\u0165 kuchy\u0148u re\u0161pektuj\u00facu \u017eivotn\u00e9 prostredie. \u010dl\u00e1nok na blogu iKuchyne.sk\" \/>\n<meta name=\"robots\" content=\"index, follow, max-snippet:-1, max-image-preview:large, max-video-preview:-1\" \/>\n<link rel=\"canonical\" href=\"https:\/\/www.ikuchyne.sk\/eshop\/vytvorte-si-kuchynu-ktora-bude-respektovat-zivotne-prostredie\/\" \/>\n<meta property=\"og:locale\" content=\"sk_SK\" \/>\n<meta property=\"og:type\" content=\"article\" \/>\n<meta property=\"og:title\" content=\"Vytvorte si kuchy\u0148u, ktor\u00e1 bude re\u0161pektova\u0165 \u017eivotn\u00e9 prostredie &#187; iKuchyne!\" \/>\n<meta property=\"og:description\" content=\"T\u00fa\u017eite po ekologickej\u0161om b\u00fdvan\u00ed? 7 tipov, ako si navrhn\u00fa\u0165 kuchy\u0148u re\u0161pektuj\u00facu \u017eivotn\u00e9 prostredie. \u010dl\u00e1nok na blogu iKuchyne.sk\" \/>\n<meta property=\"og:url\" content=\"https:\/\/www.ikuchyne.sk\/eshop\/vytvorte-si-kuchynu-ktora-bude-respektovat-zivotne-prostredie\/\" \/>\n<meta property=\"og:site_name\" content=\"iKuchyne iSHOP s n\u00e1bytkom\" \/>\n<meta property=\"article:publisher\" content=\"https:\/\/www.facebook.com\/ikuchyne\/\" \/>\n<meta property=\"article:published_time\" content=\"2020-06-02T14:01:57+00:00\" \/>\n<meta property=\"article:modified_time\" content=\"2020-06-02T14:03:13+00:00\" \/>\n<meta property=\"og:image\" content=\"https:\/\/www.ikuchyne.sk\/eshop\/wp-content\/uploads\/2020\/05\/moderna-biela-kuchyna-ikuchyne.jpg\" \/>\n\t<meta property=\"og:image:width\" content=\"1280\" \/>\n\t<meta property=\"og:image:height\" content=\"853\" \/>\n\t<meta property=\"og:image:type\" content=\"image\/jpeg\" \/>\n<meta name=\"author\" content=\"Michaela Domanov\u00e1\" \/>\n<meta name=\"twitter:card\" content=\"summary_large_image\" \/>\n<meta name=\"twitter:label1\" content=\"Autor\" \/>\n\t<meta name=\"twitter:data1\" content=\"Michaela Domanov\u00e1\" \/>\n\t<meta name=\"twitter:label2\" content=\"Predpokladan\u00fd \u010das \u010d\u00edtania\" \/>\n\t<meta name=\"twitter:data2\" content=\"9 min\u00fat\" \/>\n<script type=\"application\/ld+json\" class=\"yoast-schema-graph\">{\"@context\":\"https:\/\/schema.org\",\"@graph\":[{\"@type\":\"Article\",\"@id\":\"https:\/\/www.ikuchyne.sk\/eshop\/vytvorte-si-kuchynu-ktora-bude-respektovat-zivotne-prostredie\/#article\",\"isPartOf\":{\"@id\":\"https:\/\/www.ikuchyne.sk\/eshop\/vytvorte-si-kuchynu-ktora-bude-respektovat-zivotne-prostredie\/\"},\"author\":{\"name\":\"Michaela Domanov\u00e1\",\"@id\":\"https:\/\/www.ikuchyne.sk\/eshop\/#\/schema\/person\/72a8bd98eb5bc0d02ae901330ab30da7\"},\"headline\":\"Vytvorte si kuchy\u0148u, ktor\u00e1 bude \u0161etrn\u00e1 k \u017eivotn\u00e9mu prostrediu\",\"datePublished\":\"2020-06-02T14:01:57+00:00\",\"dateModified\":\"2020-06-02T14:03:13+00:00\",\"mainEntityOfPage\":{\"@id\":\"https:\/\/www.ikuchyne.sk\/eshop\/vytvorte-si-kuchynu-ktora-bude-respektovat-zivotne-prostredie\/\"},\"wordCount\":1755,\"publisher\":{\"@id\":\"https:\/\/www.ikuchyne.sk\/eshop\/#organization\"},\"articleSection\":[\"Jed\u00e1le\u0148 a kuchy\u0148a\"],\"inLanguage\":\"sk-SK\"},{\"@type\":\"WebPage\",\"@id\":\"https:\/\/www.ikuchyne.sk\/eshop\/vytvorte-si-kuchynu-ktora-bude-respektovat-zivotne-prostredie\/\",\"url\":\"https:\/\/www.ikuchyne.sk\/eshop\/vytvorte-si-kuchynu-ktora-bude-respektovat-zivotne-prostredie\/\",\"name\":\"Vytvorte si kuchy\u0148u, ktor\u00e1 bude re\u0161pektova\u0165 \u017eivotn\u00e9 prostredie &#187; iKuchyne!\",\"isPartOf\":{\"@id\":\"https:\/\/www.ikuchyne.sk\/eshop\/#website\"},\"datePublished\":\"2020-06-02T14:01:57+00:00\",\"dateModified\":\"2020-06-02T14:03:13+00:00\",\"description\":\"T\u00fa\u017eite po ekologickej\u0161om b\u00fdvan\u00ed? 7 tipov, ako si navrhn\u00fa\u0165 kuchy\u0148u re\u0161pektuj\u00facu \u017eivotn\u00e9 prostredie. \u010dl\u00e1nok na blogu iKuchyne.sk\",\"breadcrumb\":{\"@id\":\"https:\/\/www.ikuchyne.sk\/eshop\/vytvorte-si-kuchynu-ktora-bude-respektovat-zivotne-prostredie\/#breadcrumb\"},\"inLanguage\":\"sk-SK\",\"potentialAction\":[{\"@type\":\"ReadAction\",\"target\":[\"https:\/\/www.ikuchyne.sk\/eshop\/vytvorte-si-kuchynu-ktora-bude-respektovat-zivotne-prostredie\/\"]}]},{\"@type\":\"BreadcrumbList\",\"@id\":\"https:\/\/www.ikuchyne.sk\/eshop\/vytvorte-si-kuchynu-ktora-bude-respektovat-zivotne-prostredie\/#breadcrumb\",\"itemListElement\":[{\"@type\":\"ListItem\",\"position\":1,\"name\":\"Home\",\"item\":\"https:\/\/www.ikuchyne.sk\/eshop\/\"},{\"@type\":\"ListItem\",\"position\":2,\"name\":\"Vytvorte si kuchy\u0148u, ktor\u00e1 bude \u0161etrn\u00e1 k \u017eivotn\u00e9mu prostrediu\"}]},{\"@type\":\"WebSite\",\"@id\":\"https:\/\/www.ikuchyne.sk\/eshop\/#website\",\"url\":\"https:\/\/www.ikuchyne.sk\/eshop\/\",\"name\":\"iKuchyne iSHOP s n\u00e1bytkom\",\"description\":\"Jed\u00e1lensk\u00e9 stoly, stoli\u010dky, n\u00e1bytok, svietidl\u00e1...\",\"publisher\":{\"@id\":\"https:\/\/www.ikuchyne.sk\/eshop\/#organization\"},\"potentialAction\":[{\"@type\":\"SearchAction\",\"target\":{\"@type\":\"EntryPoint\",\"urlTemplate\":\"https:\/\/www.ikuchyne.sk\/eshop\/?s={search_term_string}\"},\"query-input\":\"required name=search_term_string\"}],\"inLanguage\":\"sk-SK\"},{\"@type\":\"Organization\",\"@id\":\"https:\/\/www.ikuchyne.sk\/eshop\/#organization\",\"name\":\"ikuchyne!\",\"url\":\"https:\/\/www.ikuchyne.sk\/eshop\/\",\"logo\":{\"@type\":\"ImageObject\",\"inLanguage\":\"sk-SK\",\"@id\":\"https:\/\/www.ikuchyne.sk\/eshop\/#\/schema\/logo\/image\/\",\"url\":\"https:\/\/www.ikuchyne.sk\/eshop\/wp-content\/uploads\/2017\/04\/ikuchyne-logo.jpg\",\"contentUrl\":\"https:\/\/www.ikuchyne.sk\/eshop\/wp-content\/uploads\/2017\/04\/ikuchyne-logo.jpg\",\"width\":200,\"height\":48,\"caption\":\"ikuchyne!\"},\"image\":{\"@id\":\"https:\/\/www.ikuchyne.sk\/eshop\/#\/schema\/logo\/image\/\"},\"sameAs\":[\"https:\/\/www.facebook.com\/ikuchyne\/\",\"https:\/\/www.instagram.com\/ikuchyne.sk\/\",\"https:\/\/sk.pinterest.com\/ikuchynesk\/\"]},{\"@type\":\"Person\",\"@id\":\"https:\/\/www.ikuchyne.sk\/eshop\/#\/schema\/person\/72a8bd98eb5bc0d02ae901330ab30da7\",\"name\":\"Michaela Domanov\u00e1\",\"image\":{\"@type\":\"ImageObject\",\"inLanguage\":\"sk-SK\",\"@id\":\"https:\/\/www.ikuchyne.sk\/eshop\/#\/schema\/person\/image\/\",\"url\":\"https:\/\/www.ikuchyne.sk\/eshop\/wp-content\/plugins\/wp-user-avatar\/deprecated\/wp-user-avatar\/images\/wpua-96x96.png\",\"contentUrl\":\"https:\/\/www.ikuchyne.sk\/eshop\/wp-content\/plugins\/wp-user-avatar\/deprecated\/wp-user-avatar\/images\/wpua-96x96.png\",\"caption\":\"Michaela Domanov\u00e1\"},\"description\":\"Michaela m\u00e1 za sebou nieko\u013eko rokov praxe v printov\u00fdch i online m\u00e9di\u00e1ch ako redaktorka a editorka. Aktu\u00e1lne je na \\\"vo\u013enej nohe\\\" a venuje sa tvorbe \u010dl\u00e1nkov, ktor\u00fdch t\u00e9my s\u00fa bl\u00edzke jej srdcu - rada p\u00ed\u0161e o kult\u00fare, umen\u00ed, interi\u00e9rovom dizajne, \u010di umeleck\u00fdch remesl\u00e1ch. Ako mami\u010dka sa tie\u017e venuje n\u00e1metom z oblasti \u017eensk\u00e9ho zdravia a sveta det\u00ed a zaober\u00e1 sa i prezent\u00e1ciou anglick\u00fdch kn\u00edh pre najmen\u0161\u00edch.\",\"url\":\"https:\/\/www.ikuchyne.sk\/eshop\/author\/michaela-domanova\/\"}]}<\/script>\n<!-- \/ Yoast SEO plugin. -->","yoast_head_json":{"title":"Vytvorte si kuchy\u0148u, ktor\u00e1 bude re\u0161pektova\u0165 \u017eivotn\u00e9 prostredie &#187; iKuchyne!","description":"T\u00fa\u017eite po ekologickej\u0161om b\u00fdvan\u00ed? 7 tipov, ako si navrhn\u00fa\u0165 kuchy\u0148u re\u0161pektuj\u00facu \u017eivotn\u00e9 prostredie. \u010dl\u00e1nok na blogu iKuchyne.sk","robots":{"index":"index","follow":"follow","max-snippet":"max-snippet:-1","max-image-preview":"max-image-preview:large","max-video-preview":"max-video-preview:-1"},"canonical":"https:\/\/www.ikuchyne.sk\/eshop\/vytvorte-si-kuchynu-ktora-bude-respektovat-zivotne-prostredie\/","og_locale":"sk_SK","og_type":"article","og_title":"Vytvorte si kuchy\u0148u, ktor\u00e1 bude re\u0161pektova\u0165 \u017eivotn\u00e9 prostredie &#187; iKuchyne!","og_description":"T\u00fa\u017eite po ekologickej\u0161om b\u00fdvan\u00ed? 7 tipov, ako si navrhn\u00fa\u0165 kuchy\u0148u re\u0161pektuj\u00facu \u017eivotn\u00e9 prostredie. \u010dl\u00e1nok na blogu iKuchyne.sk","og_url":"https:\/\/www.ikuchyne.sk\/eshop\/vytvorte-si-kuchynu-ktora-bude-respektovat-zivotne-prostredie\/","og_site_name":"iKuchyne iSHOP s n\u00e1bytkom","article_publisher":"https:\/\/www.facebook.com\/ikuchyne\/","article_published_time":"2020-06-02T14:01:57+00:00","article_modified_time":"2020-06-02T14:03:13+00:00","og_image":[{"width":1280,"height":853,"url":"https:\/\/www.ikuchyne.sk\/eshop\/wp-content\/uploads\/2020\/05\/moderna-biela-kuchyna-ikuchyne.jpg","type":"image\/jpeg"}],"author":"Michaela Domanov\u00e1","twitter_card":"summary_large_image","twitter_misc":{"Autor":"Michaela Domanov\u00e1","Predpokladan\u00fd \u010das \u010d\u00edtania":"9 min\u00fat"},"schema":{"@context":"https:\/\/schema.org","@graph":[{"@type":"Article","@id":"https:\/\/www.ikuchyne.sk\/eshop\/vytvorte-si-kuchynu-ktora-bude-respektovat-zivotne-prostredie\/#article","isPartOf":{"@id":"https:\/\/www.ikuchyne.sk\/eshop\/vytvorte-si-kuchynu-ktora-bude-respektovat-zivotne-prostredie\/"},"author":{"name":"Michaela Domanov\u00e1","@id":"https:\/\/www.ikuchyne.sk\/eshop\/#\/schema\/person\/72a8bd98eb5bc0d02ae901330ab30da7"},"headline":"Vytvorte si kuchy\u0148u, ktor\u00e1 bude \u0161etrn\u00e1 k \u017eivotn\u00e9mu prostrediu","datePublished":"2020-06-02T14:01:57+00:00","dateModified":"2020-06-02T14:03:13+00:00","mainEntityOfPage":{"@id":"https:\/\/www.ikuchyne.sk\/eshop\/vytvorte-si-kuchynu-ktora-bude-respektovat-zivotne-prostredie\/"},"wordCount":1755,"publisher":{"@id":"https:\/\/www.ikuchyne.sk\/eshop\/#organization"},"articleSection":["Jed\u00e1le\u0148 a kuchy\u0148a"],"inLanguage":"sk-SK"},{"@type":"WebPage","@id":"https:\/\/www.ikuchyne.sk\/eshop\/vytvorte-si-kuchynu-ktora-bude-respektovat-zivotne-prostredie\/","url":"https:\/\/www.ikuchyne.sk\/eshop\/vytvorte-si-kuchynu-ktora-bude-respektovat-zivotne-prostredie\/","name":"Vytvorte si kuchy\u0148u, ktor\u00e1 bude re\u0161pektova\u0165 \u017eivotn\u00e9 prostredie &#187; iKuchyne!","isPartOf":{"@id":"https:\/\/www.ikuchyne.sk\/eshop\/#website"},"datePublished":"2020-06-02T14:01:57+00:00","dateModified":"2020-06-02T14:03:13+00:00","description":"T\u00fa\u017eite po ekologickej\u0161om b\u00fdvan\u00ed? 7 tipov, ako si navrhn\u00fa\u0165 kuchy\u0148u re\u0161pektuj\u00facu \u017eivotn\u00e9 prostredie. \u010dl\u00e1nok na blogu iKuchyne.sk","breadcrumb":{"@id":"https:\/\/www.ikuchyne.sk\/eshop\/vytvorte-si-kuchynu-ktora-bude-respektovat-zivotne-prostredie\/#breadcrumb"},"inLanguage":"sk-SK","potentialAction":[{"@type":"ReadAction","target":["https:\/\/www.ikuchyne.sk\/eshop\/vytvorte-si-kuchynu-ktora-bude-respektovat-zivotne-prostredie\/"]}]},{"@type":"BreadcrumbList","@id":"https:\/\/www.ikuchyne.sk\/eshop\/vytvorte-si-kuchynu-ktora-bude-respektovat-zivotne-prostredie\/#breadcrumb","itemListElement":[{"@type":"ListItem","position":1,"name":"Home","item":"https:\/\/www.ikuchyne.sk\/eshop\/"},{"@type":"ListItem","position":2,"name":"Vytvorte si kuchy\u0148u, ktor\u00e1 bude \u0161etrn\u00e1 k \u017eivotn\u00e9mu prostrediu"}]},{"@type":"WebSite","@id":"https:\/\/www.ikuchyne.sk\/eshop\/#website","url":"https:\/\/www.ikuchyne.sk\/eshop\/","name":"iKuchyne iSHOP s n\u00e1bytkom","description":"Jed\u00e1lensk\u00e9 stoly, stoli\u010dky, n\u00e1bytok, svietidl\u00e1...","publisher":{"@id":"https:\/\/www.ikuchyne.sk\/eshop\/#organization"},"potentialAction":[{"@type":"SearchAction","target":{"@type":"EntryPoint","urlTemplate":"https:\/\/www.ikuchyne.sk\/eshop\/?s={search_term_string}"},"query-input":"required name=search_term_string"}],"inLanguage":"sk-SK"},{"@type":"Organization","@id":"https:\/\/www.ikuchyne.sk\/eshop\/#organization","name":"ikuchyne!","url":"https:\/\/www.ikuchyne.sk\/eshop\/","logo":{"@type":"ImageObject","inLanguage":"sk-SK","@id":"https:\/\/www.ikuchyne.sk\/eshop\/#\/schema\/logo\/image\/","url":"https:\/\/www.ikuchyne.sk\/eshop\/wp-content\/uploads\/2017\/04\/ikuchyne-logo.jpg","contentUrl":"https:\/\/www.ikuchyne.sk\/eshop\/wp-content\/uploads\/2017\/04\/ikuchyne-logo.jpg","width":200,"height":48,"caption":"ikuchyne!"},"image":{"@id":"https:\/\/www.ikuchyne.sk\/eshop\/#\/schema\/logo\/image\/"},"sameAs":["https:\/\/www.facebook.com\/ikuchyne\/","https:\/\/www.instagram.com\/ikuchyne.sk\/","https:\/\/sk.pinterest.com\/ikuchynesk\/"]},{"@type":"Person","@id":"https:\/\/www.ikuchyne.sk\/eshop\/#\/schema\/person\/72a8bd98eb5bc0d02ae901330ab30da7","name":"Michaela Domanov\u00e1","image":{"@type":"ImageObject","inLanguage":"sk-SK","@id":"https:\/\/www.ikuchyne.sk\/eshop\/#\/schema\/person\/image\/","url":"https:\/\/www.ikuchyne.sk\/eshop\/wp-content\/plugins\/wp-user-avatar\/deprecated\/wp-user-avatar\/images\/wpua-96x96.png","contentUrl":"https:\/\/www.ikuchyne.sk\/eshop\/wp-content\/plugins\/wp-user-avatar\/deprecated\/wp-user-avatar\/images\/wpua-96x96.png","caption":"Michaela Domanov\u00e1"},"description":"Michaela m\u00e1 za sebou nieko\u013eko rokov praxe v printov\u00fdch i online m\u00e9di\u00e1ch ako redaktorka a editorka. Aktu\u00e1lne je na \"vo\u013enej nohe\" a venuje sa tvorbe \u010dl\u00e1nkov, ktor\u00fdch t\u00e9my s\u00fa bl\u00edzke jej srdcu - rada p\u00ed\u0161e o kult\u00fare, umen\u00ed, interi\u00e9rovom dizajne, \u010di umeleck\u00fdch remesl\u00e1ch. Ako mami\u010dka sa tie\u017e venuje n\u00e1metom z oblasti \u017eensk\u00e9ho zdravia a sveta det\u00ed a zaober\u00e1 sa i prezent\u00e1ciou anglick\u00fdch kn\u00edh pre najmen\u0161\u00edch.","url":"https:\/\/www.ikuchyne.sk\/eshop\/author\/michaela-domanova\/"}]}},"_links":{"self":[{"href":"https:\/\/www.ikuchyne.sk\/eshop\/wp-json\/wp\/v2\/posts\/129552"}],"collection":[{"href":"https:\/\/www.ikuchyne.sk\/eshop\/wp-json\/wp\/v2\/posts"}],"about":[{"href":"https:\/\/www.ikuchyne.sk\/eshop\/wp-json\/wp\/v2\/types\/post"}],"author":[{"embeddable":true,"href":"https:\/\/www.ikuchyne.sk\/eshop\/wp-json\/wp\/v2\/users\/553"}],"replies":[{"embeddable":true,"href":"https:\/\/www.ikuchyne.sk\/eshop\/wp-json\/wp\/v2\/comments?post=129552"}],"version-history":[{"count":3,"href":"https:\/\/www.ikuchyne.sk\/eshop\/wp-json\/wp\/v2\/posts\/129552\/revisions"}],"predecessor-version":[{"id":129597,"href":"https:\/\/www.ikuchyne.sk\/eshop\/wp-json\/wp\/v2\/posts\/129552\/revisions\/129597"}],"wp:featuredmedia":[{"embeddable":true,"href":"https:\/\/www.ikuchyne.sk\/eshop\/wp-json\/wp\/v2\/media\/129420"}],"wp:attachment":[{"href":"https:\/\/www.ikuchyne.sk\/eshop\/wp-json\/wp\/v2\/media?parent=129552"}],"wp:term":[{"taxonomy":"category","embeddable":true,"href":"https:\/\/www.ikuchyne.sk\/eshop\/wp-json\/wp\/v2\/categories?post=129552"},{"taxonomy":"post_tag","embeddable":true,"href":"https:\/\/www.ikuchyne.sk\/eshop\/wp-json\/wp\/v2\/tags?post=129552"}],"curies":[{"name":"wp","href":"https:\/\/api.w.org\/{rel}","templated":true}]}}