{"id":129601,"date":"2020-06-03T17:28:09","date_gmt":"2020-06-03T15:28:09","guid":{"rendered":"https:\/\/www.ikuchyne.sk\/eshop\/?p=129601"},"modified":"2020-10-21T14:23:15","modified_gmt":"2020-10-21T12:23:15","slug":"kuchyna-v-podkrovi-nemusite-o-nej-len-snivat","status":"publish","type":"post","link":"https:\/\/www.ikuchyne.sk\/eshop\/kuchyna-v-podkrovi-nemusite-o-nej-len-snivat\/","title":{"rendered":"Kuchy\u0148a v podkrov\u00ed: nemus\u00edte o nej len sn\u00edva\u0165!"},"content":{"rendered":"<p>[vc_row][vc_column][vc_column_text]<span style=\"color: #000000;\"><b>Kuchy\u0148a v\u00a0podkrov\u00ed je \u010das\u0165 obydlia, o\u00a0ktorom sn\u00edvaj\u00fa mnoh\u00ed. A\u00a0niet sa, \u010do \u010dudova\u0165. Tak\u00e9to umiestnenie je relat\u00edvne neobvykl\u00e9, ba mo\u017eno preto je to raj pre dizajn\u00e9rov. Usporiadanie kuchynsk\u00e9ho priestoru v\u00a0r\u00e1mci podkrovia so sebou prin\u00e1\u0161a mno\u017estvo pr\u00edle\u017eitost\u00ed na kreativitu a fant\u00e1ziu. M\u00f4\u017ee za to pr\u00e1ve skosen\u00fd strop. <\/b><\/span><\/p>\n<p><span style=\"color: #000000;\"><b>Na prv\u00fd poh\u013ead by sa mohlo zda\u0165, \u017ee ide o\u00a0nev\u00fdhodu, ak\u00e9si obmedzenie, ale opak je pravdou. M\u00f4\u017eete vyk\u00fazli\u0165 ve\u013emi rozmanit\u00e9 kombin\u00e1cie a p\u00f4sobiv\u00e9\u00a0varianty. \u0160ikovn\u00fd architekt a\u00a0gazdinka vedia spolu vy\u010darova\u0165 vkusn\u00fa miestnos\u0165, ktor\u00e1 bude srdcom domova.<\/b><\/span>[\/vc_column_text][vc_single_image image=&#8221;118692&#8243; img_size=&#8221;large&#8221; add_caption=&#8221;yes&#8221; alignment=&#8221;center&#8221; style=&#8221;vc_box_rounded&#8221;][\/vc_column][\/vc_row][vc_row][vc_column][vc_column_text]<\/p>\n<h2><strong><span style=\"color: #e3245e;\">Kuchy\u0148a v podkrov\u00ed si vy\u017eaduje spolupr\u00e1cu s architektom<br \/>\n<\/span><\/strong><\/h2>\n<p>[\/vc_column_text][vc_column_text]<span style=\"color: #000000;\"><strong>Ak ste e\u0161te len v \u0161t\u00e1diu pl\u00e1novania podkrovnej kuchyne v projekte, je to ten spr\u00e1vny \u010das<\/strong><span style=\"font-weight: 400;\"><strong> na konzult\u00e1ciu s architektom.<\/strong> Spolo\u010dne by ste sa mali pozrie\u0165 na <\/span>stavebn\u00e9 skuto\u010dnosti<span style=\"font-weight: 400;\"> ak\u00fdmi s\u00fa:\u00a0<\/span><\/span><\/p>\n<ul>\n<li style=\"font-weight: 400;\"><span style=\"font-weight: 400; color: #000000;\">pr\u00edvod vody\u00a0<\/span><\/li>\n<li style=\"font-weight: 400;\"><span style=\"font-weight: 400; color: #000000;\">odvod odpadu<\/span><\/li>\n<li style=\"font-weight: 400;\"><span style=\"font-weight: 400; color: #000000;\">v\u00fd\u0161ka nadmurovky<\/span><\/li>\n<li style=\"font-weight: 400;\"><span style=\"font-weight: 400; color: #000000;\">umiestnenie stre\u0161n\u00e9ho okna resp. okien a podobne.<\/span><\/li>\n<\/ul>\n<p><span style=\"color: #000000;\"><span style=\"font-weight: 400;\">Podkrovie m\u00e1 ve\u013ek\u00fd potenci\u00e1l a bolo by priam hriechom ho patri\u010dne nevyu\u017ei\u0165. Kuchy\u0148a v podkrov\u00ed vie\u00a0 <\/span>vynikn\u00fa\u0165<span style=\"font-weight: 400;\"> a doda\u0165 cel\u00e9mu obytn\u00e9mu priestoru <\/span>unik\u00e1tny podpis<b>.<\/b><strong> Po\u010fme sa spolo\u010dne pozrie\u0165 na 3 pravidl\u00e1<\/strong><span style=\"font-weight: 400;\"><strong>, ktor\u00e9 treba dodr\u017eiava\u0165.<\/strong>Interi\u00e9r bude n\u00e1sledne nielen <\/span>funk\u010dn\u00fd a praktick\u00fd<span style=\"font-weight: 400;\">, ale aj <\/span>esteticky pr\u00ed\u0165a\u017eliv\u00fd<span style=\"font-weight: 400;\">.\u00a0<\/span><\/span>[\/vc_column_text][\/vc_column][\/vc_row][vc_row][vc_column][vc_single_image image=&#8221;118700&#8243; img_size=&#8221;large&#8221; add_caption=&#8221;yes&#8221; alignment=&#8221;center&#8221; style=&#8221;vc_box_rounded&#8221;][\/vc_column][\/vc_row][vc_row][vc_column][vc_column_text]<\/p>\n<h2><strong><span style=\"color: #e3245e;\">1. N\u00e1bytok na mieru<br \/>\n<\/span><\/strong><\/h2>\n<p>[\/vc_column_text][vc_column_text]<span style=\"color: #000000;\"><span style=\"font-weight: 400;\">N\u00e1bytok na mieru je v\u00a0pr\u00edpade podkrovnej kuchyne priam nevyhnutnos\u0165ou. <\/span><strong>Sklon strechy <\/strong><span style=\"font-weight: 400;\"><strong>so sebou nesie ist\u00e9 fakty. Jedn\u00fdm z nich je, \u017ee ak chcete ma\u0165 umiestnen\u00fa kuchynsk\u00fa linku na <\/strong><\/span><strong>\u0161ikmej strane <\/strong><span style=\"font-weight: 400;\"><strong>steny, nie je mo\u017en\u00e9 eventu\u00e1lne zavesenie horn\u00fdch skriniek.<\/strong> To v\u0161ak nie je \u017eiaden probl\u00e9m. M\u00f4\u017eete si da\u0165 roz\u0161\u00edri\u0165 spodn\u00e9 skrinky. Ide\u00e1lne je, ak s\u00fa <\/span>vstavan\u00e9<\/span><span style=\"font-weight: 400;\"><span style=\"color: #000000;\">.\u00a0 Alebo tam polo\u017ei\u0165 \u00falo\u017en\u00e9 boxy. Inou alternat\u00edvou je ich nahradenie<\/span> <\/span><span style=\"color: #e3245e;\"><a style=\"color: #e3245e;\" href=\"https:\/\/ikuchyne.sk\/eshop\/kategoria\/regaly\/\">policami<\/a>.<\/span><span style=\"font-weight: 400; color: #000000;\"> V ka\u017edom pr\u00edpade d\u00e1vajte len potrebn\u00fd n\u00e1bytok, ktor\u00fd budete aj vyu\u017e\u00edva\u0165. V podkrovnom priestore treba \u0161etri\u0165 skoro doslovne ka\u017ed\u00fdm centimetrom. Prebyto\u010dn\u00e9 kusy by len priestor zmen\u0161ovali a stali by sa hlta\u010dmi prachu.<\/span>[\/vc_column_text][vc_single_image image=&#8221;118696&#8243; img_size=&#8221;large&#8221; add_caption=&#8221;yes&#8221; alignment=&#8221;center&#8221; style=&#8221;vc_box_rounded&#8221; onclick=&#8221;custom_link&#8221; img_link_target=&#8221;_blank&#8221; link=&#8221;https:\/\/ikuchyne.sk\/eshop\/produkt\/regal-na-vino-hemingway-70cm-set-2ks\/&#8221;][vc_column_text]<span style=\"color: #000000;\"><span style=\"font-weight: 400;\"><strong>In\u00fdm<\/strong> <\/span><b>vhodn\u00fdm rie\u0161en\u00edm<\/b><strong> je <\/strong><b>roz\u0161\u00edrenie pracovnej dosky<\/b><span style=\"font-weight: 400;\">. T\u00e1 \u0161tandardn\u00e1 m\u00e1 60 cm. <strong>Ak si ju d\u00e1te zv\u00e4\u010d\u0161i\u0165, \u010do i len o\u00a0p\u00e1r centimetrov, uvid\u00edte <\/strong><\/span><b>signifikantn\u00fd rozdiel<\/b><span style=\"font-weight: 400;\">. Aj tak\u00fdmto mal\u00fdm detailom, viete z\u00edska\u0165 napr\u00edklad miesto na odkladanie vec\u00ed i <\/span>kuchynsk\u00fdch spotrebi\u010dov<span style=\"font-weight: 400;\">. V pr\u00edpade, \u017ee disponujete s dostato\u010dnou plochou, ot\u00e1zku odkladacieho priestoru rie\u0161te ve\u013emi popul\u00e1rnym <\/span>kuchynsk\u00fdm ostrov\u010dekom<span style=\"font-weight: 400;\">.<\/span><\/span>[\/vc_column_text][vc_message icon_fontawesome=&#8221;fa fa-lightbulb-o&#8221;]<strong><b>Rada odborn\u00edka<\/b><\/strong>: \u010c\u00edm je men\u0161\u00ed sklon strechy, t\u00fdm hlb\u0161ia je pracovn\u00e1 doska. Zo\u0161ikmenie s v\u00fd\u0161kou nadmurovky pod 110 cm sa neodpor\u00fa\u010da pre situovanie linky. V takomto pr\u00edpade, by ste si udreli hlavu.[\/vc_message][vc_single_image image=&#8221;118693&#8243; img_size=&#8221;large&#8221; add_caption=&#8221;yes&#8221; alignment=&#8221;center&#8221; style=&#8221;vc_box_rounded&#8221;][\/vc_column][\/vc_row][vc_row][vc_column][vc_column_text]<\/p>\n<h2><strong><span style=\"color: #e3245e;\">2. Osvetlenie<br \/>\n<\/span><\/strong><\/h2>\n<p>[\/vc_column_text][vc_column_text]<span style=\"color: #000000;\"><b>Dobr\u00e9 osvetlenie<\/b><span style=\"font-weight: 400;\"><strong> v kuchyni je priam k\u013e\u00fa\u010dov\u00e9<\/strong>. Podkrovie toti\u017eto nemus\u00ed v\u017edy prep\u00fa\u0161\u0165a\u0165 dostato\u010dn\u00e9 <\/span>svetlo zvonku<span style=\"font-weight: 400;\">. Preto je viac akovhodn\u00e9 strategick\u00e9 umiestnenie <\/span><a style=\"color: #000000;\" href=\"https:\/\/www.velux.sk\/vyrobky\/stresne-okna\">stre\u0161n\u00e9ho okna<\/a> resp. okien, pokia\u013e v\u00e1m to dovo\u013euje dispozi\u010dn\u00e9 rie\u0161enie. Zaist\u00edte tak nielen presvetlenie miestnosti, ale aj jednoduch\u00fa vetrate\u013enos\u0165. <strong>Na trhu je dostato\u010dne \u0161irok\u00e9 portf\u00f3lio<\/strong><span style=\"font-weight: 400;\"><strong>, a tak sa nebojte zapracova\u0165 i viacero okien.<\/strong> Najlep\u0161ie s r\u00f4znou ve\u013ekos\u0165ou. In\u00fdm faktorom, ktor\u00fd treba bra\u0165 do \u00favahy je <\/span>v\u00fd\u0161ka a okna a jeho sklon<span style=\"font-weight: 400;\">. Mali by ste vidie\u0165 nielen na <\/span>oblohu<span style=\"font-weight: 400;\">, ale i <\/span>okolie<span style=\"font-weight: 400;\">. Jeden z d\u00f4vodov, pre\u010do sa te\u0161i\u0165 na cel\u00e9 hodiny str\u00e1ven\u00e9 v kuchyni, je predsa <\/span>kr\u00e1sny v\u00fdh\u013ead<\/span><span style=\"font-weight: 400;\"><span style=\"color: #000000;\">. Zhruba vo v\u00fd\u0161ke 100-120 cm by mal by\u0165 spodn\u00fd parapet okna. V pr\u00edpade, \u017ee by bolo umiesten\u00e9 pr\u00edli\u0161 vysoko, c\u00edtili by ste sa nepr\u00edjemne, podobne ako v tmavej pivnici.<\/span> <\/span>[\/vc_column_text][\/vc_column][\/vc_row][vc_row][vc_column][vc_single_image image=&#8221;118697&#8243; img_size=&#8221;full&#8221; add_caption=&#8221;yes&#8221; alignment=&#8221;center&#8221; style=&#8221;vc_box_rounded&#8221;][\/vc_column][\/vc_row][vc_row][vc_column][vc_column_text]<span style=\"color: #000000;\"><span style=\"font-weight: 400;\"><strong>\u010co ak nem\u00e1te mo\u017enos\u0165 zvoli\u0165 si presn\u00fd po\u010det, ve\u013ekos\u0165 a umiestnenie okien?<\/strong> Jednoduch\u00fdm rie\u0161en\u00edm je <\/span>svetlovod<span style=\"font-weight: 400;\"> a in\u00e9 <\/span>bodov\u00e9 <\/span><span style=\"color: #e3245e;\"><a style=\"color: #e3245e;\" href=\"https:\/\/ikuchyne.sk\/eshop\/svietidla\/\">svetl\u00e1<\/a><\/span><span style=\"font-weight: 400;\"><span style=\"color: #e3245e;\">.<\/span> <span style=\"color: #000000;\">Tie vedia svoj\u00edm preveden\u00edm a dizajnom prida\u0165 na vzh\u013eade a celkom dojme kuchynsk\u00e9ho priestoru.<\/span><\/span>[\/vc_column_text][vc_message message_box_color=&#8221;alert-success&#8221; icon_fontawesome=&#8221;fa fa-lightbulb-o&#8221;]<strong>Vedeli ste, \u017ee\u2026<\/strong><\/p>\n<p><span style=\"font-weight: 400;\">Podmienkou pre dobr\u00e9 osvetlenia je zasklenie, ktor\u00e9ho ve\u013ekos\u0165 je\u00a0 pribli\u017ene 15% plochy miestnosti. Ak je to viac, o to lep\u0161ie. V pr\u00edpade ve\u013ekoplo\u0161n\u00e9ho zasklenia s\u00fa \u017eiaduce rolety alebo \u017eal\u00fazie. Miestnos\u0165 sa neprehrieva a chr\u00e1ni pred slne\u010dn\u00fdm \u017eiaren\u00edm. Nielen z tohto d\u00f4vodu by kuchynsk\u00e1 linka nemala by\u0165 orientovan\u00e1 na oslnen\u00fa stranu. <\/span>[\/vc_message][\/vc_column][\/vc_row][vc_row][vc_column][vc_single_image image=&#8221;118691&#8243; img_size=&#8221;full&#8221; add_caption=&#8221;yes&#8221; alignment=&#8221;center&#8221; style=&#8221;vc_box_rounded&#8221; onclick=&#8221;custom_link&#8221; img_link_target=&#8221;_blank&#8221; link=&#8221;https:\/\/ikuchyne.sk\/eshop\/produkt\/zavesna-lampa-studio-3-ciernozlata\/&#8221;][\/vc_column][\/vc_row][vc_row][vc_column][vc_column_text]<\/p>\n<h2><strong><span style=\"color: #e3245e;\">3. Komplexnos\u0165<br \/>\n<\/span><\/strong><\/h2>\n<p>[\/vc_column_text][vc_column_text]<span style=\"color: #000000;\"><span style=\"font-weight: 400;\">V\u00fdznamn\u00fdm elementom kuchynsk\u00e9ho podkrovia je jeho komplexnos\u0165. <strong>Jednotliv\u00e9 <\/strong><\/span><strong>kuchynsk\u00e9 z\u00f3ny by mali na seba nadv\u00e4zova\u0165 <\/strong><span style=\"font-weight: 400;\"><strong>a d\u00e1va\u0165 zmysel. Mali by umo\u017eni\u0165 <\/strong><\/span><strong>r\u00fdchlu a <\/strong><b>praktick\u00fa obsluhu<\/b><\/span><span style=\"font-weight: 400;\"><span style=\"color: #000000;\">. Ako pr\u00edklad m\u00f4\u017ee posl\u00fa\u017ei\u0165 umiestnenie pracovnej plochy pod okno. Takisto by sa tam mohla nach\u00e1dza\u0165 um\u00fdvacia z\u00f3na, pr\u00edpadne mal\u00fd<\/span> <\/span><span style=\"color: #e3245e;\"><a style=\"color: #e3245e;\" href=\"https:\/\/ikuchyne.sk\/eshop\/jedalenske-stoly\/\"><span style=\"font-weight: 400;\">jed\u00e1lensk\u00fd st\u00f4l<\/span><\/a><\/span><span style=\"font-weight: 400;\"><span style=\"color: #e3245e;\">.<\/span>\u00a0 <strong><span style=\"color: #000000;\">Varn\u00e1 z\u00f3na potrebuje <\/span><\/strong><\/span><span style=\"color: #000000;\"><b>digestor. <\/b><\/span>[\/vc_column_text][vc_single_image image=&#8221;118699&#8243; img_size=&#8221;full&#8221; add_caption=&#8221;yes&#8221; alignment=&#8221;center&#8221; style=&#8221;vc_box_rounded&#8221;][vc_column_text]<span style=\"color: #000000;\"><span style=\"font-weight: 400;\"><strong>\u010co sa t\u00fdka stolovania, tak<\/strong> <strong>v pr\u00edpade men\u0161ieho priestoru vyu\u017eite <\/strong><\/span><b>barov\u00fd pult.<\/b><span style=\"font-weight: 400;\"> Ak disponujete ve\u013ekou plochou vo\u013eba ve\u013ek\u00e9ho jed\u00e1lensk\u00e9ho stola v jed\u00e1lni je prirodzen\u00e1 vo\u013eba. Skvelou alternat\u00edvou je rozkladac\u00ed st\u00f4l v pr\u00edpade ve\u013ekej n\u00e1v\u0161tevy. D\u00f4le\u017eit\u00e9 je, aby k nemu mal ka\u017ed\u00fd <\/span>pohodln\u00fd pr\u00edstup<span style=\"font-weight: 400;\">. Ozvl\u00e1\u0161tni\u0165 u\u017e bez tak atypick\u00fa kuchy\u0148u sa d\u00e1 pomocou netradi\u010dn\u00fdch prvku v podobe serv\u00edrovacieho stol\u00edka na kolieskach. <strong>Prostredn\u00edctvom prie\u010dok dosiahnete<\/strong> <\/span><b>efekt optick\u00e9ho oddelenia<\/b><\/span><strong><span style=\"color: #000000;\"> jed\u00e1lensk\u00e9ho k\u00fata a samotnej kuchyne.<\/span> <\/strong>[\/vc_column_text][vc_single_image image=&#8221;118701&#8243; img_size=&#8221;full&#8221; add_caption=&#8221;yes&#8221; alignment=&#8221;center&#8221; style=&#8221;vc_box_rounded&#8221;][vc_column_text]<span style=\"color: #000000;\"><span style=\"font-weight: 400;\">Dosiahnite aj vy jedine\u010dn\u00fd vzh\u013ead a z\u00e1rove\u0148 \u00fatuln\u00e9 \u010daro podkrovnej kuchyne. <strong>Ver\u00edme, \u017ee pre v\u00e4\u010d\u0161inu z v\u00e1s je to mal\u00e1-ve\u013ek\u00e1 <\/strong><\/span><strong>v\u00fdzva, na ktorej dok\u00e1\u017eete uplatni\u0165 svoje dekora\u010dn\u00e9 schopnosti a zru\u010dnosti a va\u0161a kuchy\u0148a v podkrov\u00ed sa tak stane srdcom v\u00e1\u0161ho domova<\/strong><\/span><strong><span style=\"color: #000000;\">.<\/span> <\/strong>[\/vc_column_text][\/vc_column][\/vc_row]<\/p>\n","protected":false},"excerpt":{"rendered":"<p>[vc_row][vc_column][vc_column_text]Kuchy\u0148a v\u00a0podkrov\u00ed je \u010das\u0165 obydlia, o\u00a0ktorom sn\u00edvaj\u00fa mnoh\u00ed. A\u00a0niet sa, \u010do \u010dudova\u0165. Tak\u00e9to umiestnenie je relat\u00edvne neobvykl\u00e9, ba mo\u017eno preto je to raj pre dizajn\u00e9rov. Usporiadanie kuchynsk\u00e9ho priestoru v\u00a0r\u00e1mci podkrovia<\/p>\n","protected":false},"author":550,"featured_media":124268,"comment_status":"closed","ping_status":"open","sticky":false,"template":"","format":"standard","meta":{"footnotes":""},"categories":[1013],"tags":[],"yoast_head":"<!-- This site is optimized with the Yoast SEO plugin v22.1 - https:\/\/yoast.com\/wordpress\/plugins\/seo\/ -->\n<title>Kuchy\u0148a v podkrov\u00ed: nemus\u00edte o nej len sn\u00edva\u0165! &#187; iKuchyne.sk<\/title>\n<meta name=\"description\" content=\"Nezamenite\u013en\u00e9 \u010daro kuchyne v podkrov\u00ed. Staviate dom a tr\u00e1pi v\u00e1s kuchy\u0148a v podkrov\u00ed? Pre\u010d\u00edtajte si \u010dl\u00e1nok na blogu a pripravte sa na to!\" \/>\n<meta name=\"robots\" content=\"index, follow, max-snippet:-1, max-image-preview:large, max-video-preview:-1\" \/>\n<link rel=\"canonical\" href=\"https:\/\/www.ikuchyne.sk\/eshop\/kuchyna-v-podkrovi-nemusite-o-nej-len-snivat\/\" \/>\n<meta property=\"og:locale\" content=\"sk_SK\" \/>\n<meta property=\"og:type\" content=\"article\" \/>\n<meta property=\"og:title\" content=\"Kuchy\u0148a v podkrov\u00ed: nemus\u00edte o nej len sn\u00edva\u0165! &#187; iKuchyne.sk\" \/>\n<meta property=\"og:description\" content=\"Nezamenite\u013en\u00e9 \u010daro kuchyne v podkrov\u00ed. Staviate dom a tr\u00e1pi v\u00e1s kuchy\u0148a v podkrov\u00ed? Pre\u010d\u00edtajte si \u010dl\u00e1nok na blogu a pripravte sa na to!\" \/>\n<meta property=\"og:url\" content=\"https:\/\/www.ikuchyne.sk\/eshop\/kuchyna-v-podkrovi-nemusite-o-nej-len-snivat\/\" \/>\n<meta property=\"og:site_name\" content=\"iKuchyne iSHOP s n\u00e1bytkom\" \/>\n<meta property=\"article:publisher\" content=\"https:\/\/www.facebook.com\/ikuchyne\/\" \/>\n<meta property=\"article:published_time\" content=\"2020-06-03T15:28:09+00:00\" \/>\n<meta property=\"article:modified_time\" content=\"2020-10-21T12:23:15+00:00\" \/>\n<meta property=\"og:image\" content=\"https:\/\/www.ikuchyne.sk\/eshop\/wp-content\/uploads\/2020\/02\/modern\u00e1-podkrovn\u00e1-kuchy\u0144a.png\" \/>\n\t<meta property=\"og:image:width\" content=\"564\" \/>\n\t<meta property=\"og:image:height\" content=\"701\" \/>\n\t<meta property=\"og:image:type\" content=\"image\/png\" \/>\n<meta name=\"author\" content=\"Anna Denny\" \/>\n<meta name=\"twitter:card\" content=\"summary_large_image\" \/>\n<meta name=\"twitter:label1\" content=\"Autor\" \/>\n\t<meta name=\"twitter:data1\" content=\"Anna Denny\" \/>\n\t<meta name=\"twitter:label2\" content=\"Predpokladan\u00fd \u010das \u010d\u00edtania\" \/>\n\t<meta name=\"twitter:data2\" content=\"7 min\u00fat\" \/>\n<script type=\"application\/ld+json\" class=\"yoast-schema-graph\">{\"@context\":\"https:\/\/schema.org\",\"@graph\":[{\"@type\":\"Article\",\"@id\":\"https:\/\/www.ikuchyne.sk\/eshop\/kuchyna-v-podkrovi-nemusite-o-nej-len-snivat\/#article\",\"isPartOf\":{\"@id\":\"https:\/\/www.ikuchyne.sk\/eshop\/kuchyna-v-podkrovi-nemusite-o-nej-len-snivat\/\"},\"author\":{\"name\":\"Anna Denny\",\"@id\":\"https:\/\/www.ikuchyne.sk\/eshop\/#\/schema\/person\/6bb3282ef7366aa7e8c30003c3e21038\"},\"headline\":\"Kuchy\u0148a v podkrov\u00ed: nemus\u00edte o nej len sn\u00edva\u0165!\",\"datePublished\":\"2020-06-03T15:28:09+00:00\",\"dateModified\":\"2020-10-21T12:23:15+00:00\",\"mainEntityOfPage\":{\"@id\":\"https:\/\/www.ikuchyne.sk\/eshop\/kuchyna-v-podkrovi-nemusite-o-nej-len-snivat\/\"},\"wordCount\":1323,\"publisher\":{\"@id\":\"https:\/\/www.ikuchyne.sk\/eshop\/#organization\"},\"articleSection\":[\"Jed\u00e1le\u0148 a kuchy\u0148a\"],\"inLanguage\":\"sk-SK\"},{\"@type\":\"WebPage\",\"@id\":\"https:\/\/www.ikuchyne.sk\/eshop\/kuchyna-v-podkrovi-nemusite-o-nej-len-snivat\/\",\"url\":\"https:\/\/www.ikuchyne.sk\/eshop\/kuchyna-v-podkrovi-nemusite-o-nej-len-snivat\/\",\"name\":\"Kuchy\u0148a v podkrov\u00ed: nemus\u00edte o nej len sn\u00edva\u0165! &#187; iKuchyne.sk\",\"isPartOf\":{\"@id\":\"https:\/\/www.ikuchyne.sk\/eshop\/#website\"},\"datePublished\":\"2020-06-03T15:28:09+00:00\",\"dateModified\":\"2020-10-21T12:23:15+00:00\",\"description\":\"Nezamenite\u013en\u00e9 \u010daro kuchyne v podkrov\u00ed. Staviate dom a tr\u00e1pi v\u00e1s kuchy\u0148a v podkrov\u00ed? Pre\u010d\u00edtajte si \u010dl\u00e1nok na blogu a pripravte sa na to!\",\"breadcrumb\":{\"@id\":\"https:\/\/www.ikuchyne.sk\/eshop\/kuchyna-v-podkrovi-nemusite-o-nej-len-snivat\/#breadcrumb\"},\"inLanguage\":\"sk-SK\",\"potentialAction\":[{\"@type\":\"ReadAction\",\"target\":[\"https:\/\/www.ikuchyne.sk\/eshop\/kuchyna-v-podkrovi-nemusite-o-nej-len-snivat\/\"]}]},{\"@type\":\"BreadcrumbList\",\"@id\":\"https:\/\/www.ikuchyne.sk\/eshop\/kuchyna-v-podkrovi-nemusite-o-nej-len-snivat\/#breadcrumb\",\"itemListElement\":[{\"@type\":\"ListItem\",\"position\":1,\"name\":\"Home\",\"item\":\"https:\/\/www.ikuchyne.sk\/eshop\/\"},{\"@type\":\"ListItem\",\"position\":2,\"name\":\"Kuchy\u0148a v podkrov\u00ed: nemus\u00edte o nej len sn\u00edva\u0165!\"}]},{\"@type\":\"WebSite\",\"@id\":\"https:\/\/www.ikuchyne.sk\/eshop\/#website\",\"url\":\"https:\/\/www.ikuchyne.sk\/eshop\/\",\"name\":\"iKuchyne iSHOP s n\u00e1bytkom\",\"description\":\"Jed\u00e1lensk\u00e9 stoly, stoli\u010dky, n\u00e1bytok, svietidl\u00e1...\",\"publisher\":{\"@id\":\"https:\/\/www.ikuchyne.sk\/eshop\/#organization\"},\"potentialAction\":[{\"@type\":\"SearchAction\",\"target\":{\"@type\":\"EntryPoint\",\"urlTemplate\":\"https:\/\/www.ikuchyne.sk\/eshop\/?s={search_term_string}\"},\"query-input\":\"required name=search_term_string\"}],\"inLanguage\":\"sk-SK\"},{\"@type\":\"Organization\",\"@id\":\"https:\/\/www.ikuchyne.sk\/eshop\/#organization\",\"name\":\"ikuchyne!\",\"url\":\"https:\/\/www.ikuchyne.sk\/eshop\/\",\"logo\":{\"@type\":\"ImageObject\",\"inLanguage\":\"sk-SK\",\"@id\":\"https:\/\/www.ikuchyne.sk\/eshop\/#\/schema\/logo\/image\/\",\"url\":\"https:\/\/www.ikuchyne.sk\/eshop\/wp-content\/uploads\/2017\/04\/ikuchyne-logo.jpg\",\"contentUrl\":\"https:\/\/www.ikuchyne.sk\/eshop\/wp-content\/uploads\/2017\/04\/ikuchyne-logo.jpg\",\"width\":200,\"height\":48,\"caption\":\"ikuchyne!\"},\"image\":{\"@id\":\"https:\/\/www.ikuchyne.sk\/eshop\/#\/schema\/logo\/image\/\"},\"sameAs\":[\"https:\/\/www.facebook.com\/ikuchyne\/\",\"https:\/\/www.instagram.com\/ikuchyne.sk\/\",\"https:\/\/sk.pinterest.com\/ikuchynesk\/\"]},{\"@type\":\"Person\",\"@id\":\"https:\/\/www.ikuchyne.sk\/eshop\/#\/schema\/person\/6bb3282ef7366aa7e8c30003c3e21038\",\"name\":\"Anna Denny\",\"image\":{\"@type\":\"ImageObject\",\"inLanguage\":\"sk-SK\",\"@id\":\"https:\/\/www.ikuchyne.sk\/eshop\/#\/schema\/person\/image\/\",\"url\":\"https:\/\/www.ikuchyne.sk\/eshop\/wp-content\/plugins\/wp-user-avatar\/deprecated\/wp-user-avatar\/images\/wpua-96x96.png\",\"contentUrl\":\"https:\/\/www.ikuchyne.sk\/eshop\/wp-content\/plugins\/wp-user-avatar\/deprecated\/wp-user-avatar\/images\/wpua-96x96.png\",\"caption\":\"Anna Denny\"},\"description\":\"Anna pracuje v marketingovom t\u00edme, v jednej z americk\u00fdch spolo\u010dnost\u00ed. M\u00e1 na starosti predov\u0161etk\u00fdm online a offline komunik\u00e1ciu. Pou\u017e\u00edva pri tom r\u00f4zne zauj\u00edmav\u00e9 digit\u00e1lnen\u00e1stroje a aplik\u00e1cie. Pr\u00e1ca s jazykom a hra so slovami, to je to, \u010do ju bav\u00ed. Okrem toho rada sklad\u00e1 puzzle a po\u010d\u00fava pri tom dobr\u00fa hudbu.\",\"url\":\"https:\/\/www.ikuchyne.sk\/eshop\/author\/anna-martinkova\/\"}]}<\/script>\n<!-- \/ Yoast SEO plugin. -->","yoast_head_json":{"title":"Kuchy\u0148a v podkrov\u00ed: nemus\u00edte o nej len sn\u00edva\u0165! &#187; iKuchyne.sk","description":"Nezamenite\u013en\u00e9 \u010daro kuchyne v podkrov\u00ed. Staviate dom a tr\u00e1pi v\u00e1s kuchy\u0148a v podkrov\u00ed? Pre\u010d\u00edtajte si \u010dl\u00e1nok na blogu a pripravte sa na to!","robots":{"index":"index","follow":"follow","max-snippet":"max-snippet:-1","max-image-preview":"max-image-preview:large","max-video-preview":"max-video-preview:-1"},"canonical":"https:\/\/www.ikuchyne.sk\/eshop\/kuchyna-v-podkrovi-nemusite-o-nej-len-snivat\/","og_locale":"sk_SK","og_type":"article","og_title":"Kuchy\u0148a v podkrov\u00ed: nemus\u00edte o nej len sn\u00edva\u0165! &#187; iKuchyne.sk","og_description":"Nezamenite\u013en\u00e9 \u010daro kuchyne v podkrov\u00ed. Staviate dom a tr\u00e1pi v\u00e1s kuchy\u0148a v podkrov\u00ed? Pre\u010d\u00edtajte si \u010dl\u00e1nok na blogu a pripravte sa na to!","og_url":"https:\/\/www.ikuchyne.sk\/eshop\/kuchyna-v-podkrovi-nemusite-o-nej-len-snivat\/","og_site_name":"iKuchyne iSHOP s n\u00e1bytkom","article_publisher":"https:\/\/www.facebook.com\/ikuchyne\/","article_published_time":"2020-06-03T15:28:09+00:00","article_modified_time":"2020-10-21T12:23:15+00:00","og_image":[{"width":564,"height":701,"url":"https:\/\/www.ikuchyne.sk\/eshop\/wp-content\/uploads\/2020\/02\/modern\u00e1-podkrovn\u00e1-kuchy\u0144a.png","type":"image\/png"}],"author":"Anna Denny","twitter_card":"summary_large_image","twitter_misc":{"Autor":"Anna Denny","Predpokladan\u00fd \u010das \u010d\u00edtania":"7 min\u00fat"},"schema":{"@context":"https:\/\/schema.org","@graph":[{"@type":"Article","@id":"https:\/\/www.ikuchyne.sk\/eshop\/kuchyna-v-podkrovi-nemusite-o-nej-len-snivat\/#article","isPartOf":{"@id":"https:\/\/www.ikuchyne.sk\/eshop\/kuchyna-v-podkrovi-nemusite-o-nej-len-snivat\/"},"author":{"name":"Anna Denny","@id":"https:\/\/www.ikuchyne.sk\/eshop\/#\/schema\/person\/6bb3282ef7366aa7e8c30003c3e21038"},"headline":"Kuchy\u0148a v podkrov\u00ed: nemus\u00edte o nej len sn\u00edva\u0165!","datePublished":"2020-06-03T15:28:09+00:00","dateModified":"2020-10-21T12:23:15+00:00","mainEntityOfPage":{"@id":"https:\/\/www.ikuchyne.sk\/eshop\/kuchyna-v-podkrovi-nemusite-o-nej-len-snivat\/"},"wordCount":1323,"publisher":{"@id":"https:\/\/www.ikuchyne.sk\/eshop\/#organization"},"articleSection":["Jed\u00e1le\u0148 a kuchy\u0148a"],"inLanguage":"sk-SK"},{"@type":"WebPage","@id":"https:\/\/www.ikuchyne.sk\/eshop\/kuchyna-v-podkrovi-nemusite-o-nej-len-snivat\/","url":"https:\/\/www.ikuchyne.sk\/eshop\/kuchyna-v-podkrovi-nemusite-o-nej-len-snivat\/","name":"Kuchy\u0148a v podkrov\u00ed: nemus\u00edte o nej len sn\u00edva\u0165! &#187; iKuchyne.sk","isPartOf":{"@id":"https:\/\/www.ikuchyne.sk\/eshop\/#website"},"datePublished":"2020-06-03T15:28:09+00:00","dateModified":"2020-10-21T12:23:15+00:00","description":"Nezamenite\u013en\u00e9 \u010daro kuchyne v podkrov\u00ed. Staviate dom a tr\u00e1pi v\u00e1s kuchy\u0148a v podkrov\u00ed? Pre\u010d\u00edtajte si \u010dl\u00e1nok na blogu a pripravte sa na to!","breadcrumb":{"@id":"https:\/\/www.ikuchyne.sk\/eshop\/kuchyna-v-podkrovi-nemusite-o-nej-len-snivat\/#breadcrumb"},"inLanguage":"sk-SK","potentialAction":[{"@type":"ReadAction","target":["https:\/\/www.ikuchyne.sk\/eshop\/kuchyna-v-podkrovi-nemusite-o-nej-len-snivat\/"]}]},{"@type":"BreadcrumbList","@id":"https:\/\/www.ikuchyne.sk\/eshop\/kuchyna-v-podkrovi-nemusite-o-nej-len-snivat\/#breadcrumb","itemListElement":[{"@type":"ListItem","position":1,"name":"Home","item":"https:\/\/www.ikuchyne.sk\/eshop\/"},{"@type":"ListItem","position":2,"name":"Kuchy\u0148a v podkrov\u00ed: nemus\u00edte o nej len sn\u00edva\u0165!"}]},{"@type":"WebSite","@id":"https:\/\/www.ikuchyne.sk\/eshop\/#website","url":"https:\/\/www.ikuchyne.sk\/eshop\/","name":"iKuchyne iSHOP s n\u00e1bytkom","description":"Jed\u00e1lensk\u00e9 stoly, stoli\u010dky, n\u00e1bytok, svietidl\u00e1...","publisher":{"@id":"https:\/\/www.ikuchyne.sk\/eshop\/#organization"},"potentialAction":[{"@type":"SearchAction","target":{"@type":"EntryPoint","urlTemplate":"https:\/\/www.ikuchyne.sk\/eshop\/?s={search_term_string}"},"query-input":"required name=search_term_string"}],"inLanguage":"sk-SK"},{"@type":"Organization","@id":"https:\/\/www.ikuchyne.sk\/eshop\/#organization","name":"ikuchyne!","url":"https:\/\/www.ikuchyne.sk\/eshop\/","logo":{"@type":"ImageObject","inLanguage":"sk-SK","@id":"https:\/\/www.ikuchyne.sk\/eshop\/#\/schema\/logo\/image\/","url":"https:\/\/www.ikuchyne.sk\/eshop\/wp-content\/uploads\/2017\/04\/ikuchyne-logo.jpg","contentUrl":"https:\/\/www.ikuchyne.sk\/eshop\/wp-content\/uploads\/2017\/04\/ikuchyne-logo.jpg","width":200,"height":48,"caption":"ikuchyne!"},"image":{"@id":"https:\/\/www.ikuchyne.sk\/eshop\/#\/schema\/logo\/image\/"},"sameAs":["https:\/\/www.facebook.com\/ikuchyne\/","https:\/\/www.instagram.com\/ikuchyne.sk\/","https:\/\/sk.pinterest.com\/ikuchynesk\/"]},{"@type":"Person","@id":"https:\/\/www.ikuchyne.sk\/eshop\/#\/schema\/person\/6bb3282ef7366aa7e8c30003c3e21038","name":"Anna Denny","image":{"@type":"ImageObject","inLanguage":"sk-SK","@id":"https:\/\/www.ikuchyne.sk\/eshop\/#\/schema\/person\/image\/","url":"https:\/\/www.ikuchyne.sk\/eshop\/wp-content\/plugins\/wp-user-avatar\/deprecated\/wp-user-avatar\/images\/wpua-96x96.png","contentUrl":"https:\/\/www.ikuchyne.sk\/eshop\/wp-content\/plugins\/wp-user-avatar\/deprecated\/wp-user-avatar\/images\/wpua-96x96.png","caption":"Anna Denny"},"description":"Anna pracuje v marketingovom t\u00edme, v jednej z americk\u00fdch spolo\u010dnost\u00ed. M\u00e1 na starosti predov\u0161etk\u00fdm online a offline komunik\u00e1ciu. Pou\u017e\u00edva pri tom r\u00f4zne zauj\u00edmav\u00e9 digit\u00e1lnen\u00e1stroje a aplik\u00e1cie. Pr\u00e1ca s jazykom a hra so slovami, to je to, \u010do ju bav\u00ed. Okrem toho rada sklad\u00e1 puzzle a po\u010d\u00fava pri tom dobr\u00fa hudbu.","url":"https:\/\/www.ikuchyne.sk\/eshop\/author\/anna-martinkova\/"}]}},"_links":{"self":[{"href":"https:\/\/www.ikuchyne.sk\/eshop\/wp-json\/wp\/v2\/posts\/129601"}],"collection":[{"href":"https:\/\/www.ikuchyne.sk\/eshop\/wp-json\/wp\/v2\/posts"}],"about":[{"href":"https:\/\/www.ikuchyne.sk\/eshop\/wp-json\/wp\/v2\/types\/post"}],"author":[{"embeddable":true,"href":"https:\/\/www.ikuchyne.sk\/eshop\/wp-json\/wp\/v2\/users\/550"}],"replies":[{"embeddable":true,"href":"https:\/\/www.ikuchyne.sk\/eshop\/wp-json\/wp\/v2\/comments?post=129601"}],"version-history":[{"count":4,"href":"https:\/\/www.ikuchyne.sk\/eshop\/wp-json\/wp\/v2\/posts\/129601\/revisions"}],"predecessor-version":[{"id":147459,"href":"https:\/\/www.ikuchyne.sk\/eshop\/wp-json\/wp\/v2\/posts\/129601\/revisions\/147459"}],"wp:featuredmedia":[{"embeddable":true,"href":"https:\/\/www.ikuchyne.sk\/eshop\/wp-json\/wp\/v2\/media\/124268"}],"wp:attachment":[{"href":"https:\/\/www.ikuchyne.sk\/eshop\/wp-json\/wp\/v2\/media?parent=129601"}],"wp:term":[{"taxonomy":"category","embeddable":true,"href":"https:\/\/www.ikuchyne.sk\/eshop\/wp-json\/wp\/v2\/categories?post=129601"},{"taxonomy":"post_tag","embeddable":true,"href":"https:\/\/www.ikuchyne.sk\/eshop\/wp-json\/wp\/v2\/tags?post=129601"}],"curies":[{"name":"wp","href":"https:\/\/api.w.org\/{rel}","templated":true}]}}