{"id":129669,"date":"2020-06-04T17:21:36","date_gmt":"2020-06-04T15:21:36","guid":{"rendered":"https:\/\/www.ikuchyne.sk\/eshop\/?p=129669"},"modified":"2020-10-21T14:02:18","modified_gmt":"2020-10-21T12:02:18","slug":"ako-vybrat-konferencny-stolik-s-ohladom-na-bezpecie-deti","status":"publish","type":"post","link":"https:\/\/www.ikuchyne.sk\/eshop\/ako-vybrat-konferencny-stolik-s-ohladom-na-bezpecie-deti\/","title":{"rendered":"Ako vybra\u0165 konferen\u010dn\u00fd stol\u00edk s oh\u013eadom na bezpe\u010die det\u00ed?"},"content":{"rendered":"<p>[vc_row][vc_column][vc_column_text]<strong><span style=\"color: #000000;\">Konferen\u010dn\u00fd stol\u00edk je z\u00e1kladom ka\u017edej ob\u00fdva\u010dky. Dotv\u00e1ra seda\u010dku a poskytuje miesto na odkladanie vec\u00ed. Ak m\u00e1te v dom\u00e1cnosti deti, mali by ste myslie\u0165 na ich bezpe\u010die. Mal\u00e9 deti si vedia ubl\u00ed\u017ei\u0165 na ostr\u00fdch rohoch a hran\u00e1ch. Ako vybra\u0165 ten najlep\u0161\u00ed konferen\u010dn\u00fd stol\u00edk bezpe\u010dn\u00fd pre mal\u00e9 deti?<\/span> <\/strong>[\/vc_column_text][vc_single_image image=&#8221;129682&#8243; img_size=&#8221;large&#8221; add_caption=&#8221;yes&#8221; alignment=&#8221;center&#8221; style=&#8221;vc_box_rounded&#8221;][\/vc_column][\/vc_row][vc_row][vc_column][vc_column_text]<span style=\"color: #000000;\">Kusy n\u00e1bytku s hranat\u00fdmi a ostr\u00fdmi rohmi s\u00fa pre deti nebezpe\u010dn\u00e9. Medzi tak\u00fdto n\u00e1bytok sa neradia len skrinky \u010di police.<strong> Nebezpe\u010dn\u00fdmi m\u00f4\u017eu by\u0165 <span style=\"color: #e3245e;\"><a style=\"color: #e3245e;\" href=\"https:\/\/ikuchyne.sk\/eshop\/konferencne-stoliky\/\">konferen\u010dn\u00e9 stol\u00edky<\/a><\/span>.<\/strong> Ak m\u00e1te v dom\u00e1cnosti men\u0161ie die\u0165a, v\u00fdber stol\u00edka by mal podlieha\u0165 ur\u010dit\u00fdm norm\u00e1m.\u00a0<\/span><\/p>\n<h2><span style=\"color: #e3245e;\"><strong>Pl\u00e1nujte dopredu<\/strong><\/span><\/h2>\n<p><span style=\"color: #000000;\">Ak zaria\u010fujete ob\u00fdva\u010dku a nem\u00e1te e\u0161te deti, no pl\u00e1nujete ich, zahr\u0148te tento pl\u00e1n do zaria\u010fovania. \u010clovek men\u00ed svoju ob\u00fdva\u010dku 1 &#8211; 2 kr\u00e1t za svoj \u017eivot. Ak onedlho die\u0165a pr\u00edde, meni\u0165 cel\u00fa ob\u00fdva\u010dku alebo minim\u00e1lne konferen\u010dn\u00fd stol\u00edk je zbyto\u010dn\u00e9. Pr\u00e1ve preto by ste pri pl\u00e1novan\u00ed mali rozm\u00fd\u0161\u013ea\u0165 prakticky. <strong>Vyberajte k\u00fasky, ktor\u00e9 bud\u00fa vhodn\u00e9 ako pre v\u00e1s, tak aj pre mal\u00e9 die\u0165a.<\/strong>\u00a0<\/span>[\/vc_column_text][\/vc_column][\/vc_row][vc_row][vc_column][vc_single_image image=&#8221;129684&#8243; img_size=&#8221;large&#8221; add_caption=&#8221;yes&#8221; alignment=&#8221;center&#8221; style=&#8221;vc_box_rounded&#8221;][vc_column_text]<span style=\"color: #000000;\"><span style=\"color: #e3245e;\"><a style=\"color: #e3245e;\" href=\"https:\/\/ikuchyne.sk\/eshop\/konferencne-stoliky\/\">Konferen\u010dn\u00fd stol\u00edk<\/a><\/span> sa nach\u00e1dza v strede miestnosti. Die\u0165a bude okolo neho \u010dasto chodi\u0165, a preto pre\u0148 mus\u00ed by\u0165 bezpe\u010dn\u00fd. Myslite pri jeho v\u00fdbere na t\u00fato mali\u010dkos\u0165. <strong>Obl\u00e9 hrany \u010di m\u00e4kk\u00fd materi\u00e1l s\u00fa skvelou vo\u013ebou.\u00a0<\/strong><\/span>[\/vc_column_text][vc_message message_box_color=&#8221;alert-success&#8221; icon_fontawesome=&#8221;fa fa-lightbulb-o&#8221;]<strong>Vedeli ste, \u017ee \u2026\u00a0<\/strong><\/p>\n<p><span style=\"font-weight: 400;\">Ve\u013ea \u00farazov b\u00fdva kv\u00f4li tomu, \u017ee deti na seba nejak\u00fd n\u00e1bytok <\/span>prevrhn\u00fa<span style=\"font-weight: 400;\">. Pr\u00e1ve preto by ste mali ka\u017ed\u00fd kus n\u00e1bytku zaisti\u0165. <\/span>[\/vc_message][vc_column_text]<\/p>\n<h2><span style=\"color: #e3245e;\"><strong>Obl\u00e9 tvary nie s\u00fa jedin\u00fdm rie\u0161en\u00edm<\/strong><\/span><\/h2>\n<p><span style=\"color: #000000;\">V dne\u0161nej dobe n\u00e1jdete na trhu ve\u013ek\u00e9 mno\u017estvo r\u00f4znych druhov stol\u00edkov. Obl\u00e9 tvary s\u00fa\u00a0 trendy, a preto sa ich rozhodne netreba b\u00e1\u0165. Hodia sa ako do ve\u013ekej, tak aj do men\u0161ej ob\u00fdva\u010dky. Jednoducho sa kombinuj\u00fa a vyzeraj\u00fa zauj\u00edmavo. Pritiahnu pozornos\u0165, v\u010faka \u010domu dostane va\u0161a ob\u00fdva\u010dka \u00faplne in\u00fd rozmer.\u00a0<\/span><\/p>\n<p><span style=\"color: #000000;\">Obl\u00e9 tvary v\u0161ak nie s\u00fa jedin\u00fdm rie\u0161en\u00edm pre bezpe\u010die die\u0165a\u0165a. Existuje mnoho in\u00fdch kusov konferen\u010dn\u00fdch stol\u00edkov. <strong>Tvar je niekedy nepodstatn\u00fd, ak mysl\u00edte na spr\u00e1vny materi\u00e1l alebo spracovanie.<\/strong> Je d\u00f4le\u017eit\u00e9 vedie\u0165 nielen na \u010do stavi\u0165, ale taktie\u017e \u010domu sa vyh\u00fdba\u0165.\u00a0<\/span>[\/vc_column_text][vc_single_image image=&#8221;129683&#8243; img_size=&#8221;large&#8221; add_caption=&#8221;yes&#8221; alignment=&#8221;center&#8221; style=&#8221;vc_box_rounded&#8221;][vc_column_text]<\/p>\n<h2><span style=\"color: #e3245e;\"><strong>Materi\u00e1l konferen\u010dn\u00e9ho stol\u00edka je k\u013e\u00fa\u010dov\u00fd<\/strong><\/span><\/h2>\n<p><span style=\"color: #000000;\">Niektor\u00fdch to mo\u017eno prekvap\u00ed, no samotn\u00fd materi\u00e1l je k\u013e\u00fa\u010dov\u00fd. Drevo je s\u00edce tvrd\u00e9, no v\u017edy je lep\u0161ie ako chladn\u00fd tvrd\u00fd kov. <strong>Okrem kovu by ste sa v\u0161ak mali vyh\u00fdba\u0165 sklu, ktor\u00e9 je ve\u013emi nebezpe\u010dn\u00e9.<\/strong> Die\u0165a by sa nemuselo iba udrie\u0165. Mohlo by ma\u0165 omnoho v\u00e4\u010d\u0161ie zranenia, napr\u00edklad z rozbit\u00e9ho skla.\u00a0<\/span><\/p>\n<p><span style=\"color: #000000;\">Drevo, kov alebo sklo v\u0161ak nie s\u00fa jedin\u00e9 materi\u00e1ly. Konferen\u010dn\u00e9 stol\u00edky s\u00fa dnes vytvoren\u00e9 z plastu alebo kombin\u00e1cie viacer\u00fdch materi\u00e1lov. V\u00fdber je na v\u00e1s, no existuj\u00fa in\u00e9 varianty, ako napr\u00edklad m\u00e4k\u0161ie materi\u00e1ly, ktor\u00e9 s\u00fa do dom\u00e1cnosti s de\u0165mi vhodnej\u0161ie.\u00a0<\/span>[\/vc_column_text][vc_message icon_fontawesome=&#8221;fa fa-lightbulb-o&#8221;]<strong><span style=\"color: #000000;\">Rada odborn\u00edka<\/span><\/strong><\/p>\n<p><span style=\"color: #000000;\">Ak predsa chcete stol\u00edk zo skla, zvo\u013ete temperovan\u00e9 sklo, ktor\u00e9 je tvrd\u0161ie a len tak sa nerozbije. <\/span>[\/vc_message][vc_column_text]<\/p>\n<h2><span style=\"color: #e3245e;\"><strong>Vysk\u00fa\u0161ajte m\u00e4kk\u00fd konferen\u010dn\u00fd stol\u00edk<\/strong><\/span><\/h2>\n<p><span style=\"color: #000000;\">Ako sme u\u017e na\u010drtli, konferen\u010dn\u00fd stol\u00edk m\u00f4\u017ee by\u0165 z m\u00e4kk\u00fdch materi\u00e1lov. <strong>Pr\u00edkladom je konferen\u010dn\u00fd stol\u00edk potiahnut\u00fd m\u00e4kkou l\u00e1tkou.<\/strong> V tomto pr\u00edpade nejde ani tak o samotn\u00fd tvar. D\u00f4le\u017eit\u00e9 je, \u017ee n\u00e1bytok je m\u00e4kk\u00fd a die\u0165a\u0165u sa ni\u010d nestane.\u00a0<\/span>[\/vc_column_text][vc_single_image image=&#8221;129686&#8243; img_size=&#8221;large&#8221; add_caption=&#8221;yes&#8221; alignment=&#8221;center&#8221; style=&#8221;vc_box_rounded&#8221;][\/vc_column][\/vc_row][vc_row][vc_column][vc_column_text]<span style=\"color: #000000;\">Stol\u00edk m\u00f4\u017eete nahradi\u0165 zauj\u00edmav\u00fdm trendom. <strong>T\u00fdmto trendom s\u00fa m\u00e4kk\u00e9 pufy, ktor\u00e9 s\u00fa v dne\u0161nej dobe ve\u013emi ob\u013e\u00faben\u00e9.<\/strong> S\u00fa m\u00e4kk\u00e9 a v\u010faka r\u00f4znym farb\u00e1m sa bud\u00fa p\u00e1\u010di\u0165 v\u00e1\u0161mu die\u0165a\u0165u. Ak sa nechcete konferen\u010dn\u00e9ho stol\u00edka vzda\u0165, na nejak\u00fd \u010das ho nahra\u010fte pr\u00e1ve pufmi.<\/span><\/p>\n<h2><span style=\"color: #e3245e;\"><strong>Dostato\u010dn\u00e1 vzdialenos\u0165 medzi seda\u010dkou<\/strong><\/span><\/h2>\n<p><span style=\"color: #000000;\">Die\u0165a je potrebn\u00e9 chr\u00e1ni\u0165 spr\u00e1vnou vzdialenos\u0165ou. <span style=\"color: #e3245e;\"><a style=\"color: #e3245e;\" href=\"https:\/\/ikuchyne.sk\/eshop\/kategoria\/sedacky\/\">Seda\u010dka<\/a><\/span> je miesto, kde budete sedie\u0165 nielen vy, ale aj va\u0161e die\u0165a. Die\u0165a bude ur\u010dite nielen sedie\u0165, ale taktie\u017e \u010dasto odbehova\u0165 a chodi\u0165. <strong>Deti s\u00fa akt\u00edvne, a preto je d\u00f4le\u017eit\u00e9 necha\u0165 im dostato\u010dn\u00fd priestor.<\/strong> Konferen\u010dn\u00fd stol\u00edk by mal ma\u0165 preto dostato\u010dn\u00fa vzdialenos\u0165 od seda\u010dky.\u00a0<\/span>[\/vc_column_text][vc_column_text]<span style=\"color: #000000;\">Dostato\u010dn\u00e1 vzdialenos\u0165 by v\u0161ak nemala by\u0165 len od seda\u010dky, ale aj od in\u00fdch \u010dast\u00ed n\u00e1bytku. Prech\u00e1dza\u0165 sa bude lep\u0161ie v\u0161etk\u00fdm.\u00a0<\/span><\/p>\n<h2><span style=\"color: #e3245e;\"><strong>Penov\u00e1 ochrana rohov je dobrou alternat\u00edvou<\/strong><\/span><\/h2>\n<p><span style=\"color: #000000;\">M\u00e1te u\u017e nak\u00fapen\u00fd n\u00e1bytok a kv\u00f4li die\u0165a\u0165u ho nechcete meni\u0165? <strong>Dobr\u00fdm rie\u0161en\u00edm je ochrana rohov.<\/strong> Vo v\u00e4\u010d\u0161ine pr\u00edpadov je z penov\u00e9ho materi\u00e1lu a je m\u00e4kk\u00e1. Die\u0165a sa tak neudrie a nesp\u00f4sob\u00ed si \u017eiadne zranenia.\u00a0<\/span>[\/vc_column_text][vc_single_image image=&#8221;129678&#8243; img_size=&#8221;large&#8221; add_caption=&#8221;yes&#8221; alignment=&#8221;center&#8221; style=&#8221;vc_box_rounded&#8221;][vc_column_text]<span style=\"color: #000000;\">Men\u0161ou nev\u00fdhodou ochrany rohov je, \u017ee to nevyzer\u00e1 pr\u00e1ve najlep\u0161ie. Ochrana kaz\u00ed\u00a0 prv\u00fd dojem. Na druhej strane penov\u00e9 ochrany nebudete pou\u017e\u00edva\u0165 pr\u00edli\u0161 dlho. Preto to nemus\u00ed by\u0165 v\u00fdrazn\u00fd probl\u00e9m.\u00a0<\/span><\/p>\n<p><span style=\"color: #000000;\">Bezpe\u010dnos\u0165 die\u0165a\u0165a je pri zaria\u010fovan\u00ed d\u00f4le\u017eit\u00e1. <strong>Ot\u00e1zka bezpe\u010dnosti nie je len pri konferen\u010dnom stol\u00edku.<\/strong> Ve\u013emi d\u00f4le\u017eit\u00e9 je zamera\u0165 sa aj na <span style=\"color: #e3245e;\"><a style=\"color: #e3245e;\" href=\"https:\/\/ikuchyne.sk\/eshop\/kategoria\/skrine\/\">skrinky<\/a>,<\/span> police alebo in\u00e9 kusy n\u00e1bytku.<\/span>[\/vc_column_text][vc_single_image image=&#8221;129681&#8243; img_size=&#8221;large&#8221; add_caption=&#8221;yes&#8221; alignment=&#8221;center&#8221; style=&#8221;vc_box_rounded&#8221;][vc_column_text]<\/p>\n<h2><span style=\"color: #e3245e;\"><strong>Rada na z\u00e1ver<\/strong><\/span><\/h2>\n<p><span style=\"color: #000000;\">Konferen\u010dn\u00fd stol\u00edk by mal sl\u00fa\u017ei\u0165 nielen v\u00e1m, ale aj de\u0165om. Pr\u00e1ve preto by ste mali myslie\u0165 nielen na to, ako stol\u00edk vyzer\u00e1. Mal by by\u0165 taktie\u017e bezpe\u010dn\u00fd a dobre umiestnen\u00fd.\u00a0<\/span><\/p>\n<h5 style=\"text-align: center;\"><span style=\"color: #000000;\">H\u013ead\u00e1te viac in\u0161pir\u00e1cie?\u00a0<\/span><\/h5>\n<h5 style=\"text-align: center;\"><span style=\"color: #000000;\">Pozrite si n\u00e1\u0161 e-shop<\/span><br \/>\n<span style=\"color: #e3245e;\"><a style=\"color: #e3245e;\" href=\"https:\/\/ikuchyne.sk\/eshop\/\">Do e-shopu<\/a><\/span><\/h5>\n<p>[\/vc_column_text][\/vc_column][\/vc_row]<\/p>\n","protected":false},"excerpt":{"rendered":"<p>[vc_row][vc_column][vc_column_text]Konferen\u010dn\u00fd stol\u00edk je z\u00e1kladom ka\u017edej ob\u00fdva\u010dky. Dotv\u00e1ra seda\u010dku a poskytuje miesto na odkladanie vec\u00ed. Ak m\u00e1te v dom\u00e1cnosti deti, mali by ste myslie\u0165 na ich bezpe\u010die. Mal\u00e9 deti si vedia<\/p>\n","protected":false},"author":560,"featured_media":129682,"comment_status":"closed","ping_status":"open","sticky":false,"template":"","format":"standard","meta":{"footnotes":""},"categories":[1010,1012],"tags":[],"yoast_head":"<!-- This site is optimized with the Yoast SEO plugin v22.1 - https:\/\/yoast.com\/wordpress\/plugins\/seo\/ -->\n<title>Ako vybra\u0165 konferen\u010dn\u00fd stol\u00edk s oh\u013eadom na bezpe\u010die det\u00ed? &#187; iKuchyne!<\/title>\n<meta name=\"description\" content=\"Mal\u00e9 deti si vedia ubl\u00ed\u017ei\u0165 na ostr\u00fdch rohoch a hran\u00e1ch. Ako vybra\u0165 ten najlep\u0161\u00ed konferen\u010dn\u00fd stol\u00edk bezpe\u010dn\u00fd pre mal\u00e9 deti? \u010c\u00edtajte!\" \/>\n<meta name=\"robots\" content=\"index, follow, max-snippet:-1, max-image-preview:large, max-video-preview:-1\" \/>\n<link rel=\"canonical\" href=\"https:\/\/www.ikuchyne.sk\/eshop\/ako-vybrat-konferencny-stolik-s-ohladom-na-bezpecie-deti\/\" \/>\n<meta property=\"og:locale\" content=\"sk_SK\" \/>\n<meta property=\"og:type\" content=\"article\" \/>\n<meta property=\"og:title\" content=\"Ako vybra\u0165 konferen\u010dn\u00fd stol\u00edk s oh\u013eadom na bezpe\u010die det\u00ed? &#187; iKuchyne!\" \/>\n<meta property=\"og:description\" content=\"Mal\u00e9 deti si vedia ubl\u00ed\u017ei\u0165 na ostr\u00fdch rohoch a hran\u00e1ch. Ako vybra\u0165 ten najlep\u0161\u00ed konferen\u010dn\u00fd stol\u00edk bezpe\u010dn\u00fd pre mal\u00e9 deti? \u010c\u00edtajte!\" \/>\n<meta property=\"og:url\" content=\"https:\/\/www.ikuchyne.sk\/eshop\/ako-vybrat-konferencny-stolik-s-ohladom-na-bezpecie-deti\/\" \/>\n<meta property=\"og:site_name\" content=\"iKuchyne iSHOP s n\u00e1bytkom\" \/>\n<meta property=\"article:publisher\" content=\"https:\/\/www.facebook.com\/ikuchyne\/\" \/>\n<meta property=\"article:published_time\" content=\"2020-06-04T15:21:36+00:00\" \/>\n<meta property=\"article:modified_time\" content=\"2020-10-21T12:02:18+00:00\" \/>\n<meta property=\"og:image\" content=\"https:\/\/www.ikuchyne.sk\/eshop\/wp-content\/uploads\/2020\/06\/Konferencny-stolik-dreveny-2ks.jpg\" \/>\n\t<meta property=\"og:image:width\" content=\"800\" \/>\n\t<meta property=\"og:image:height\" content=\"533\" \/>\n\t<meta property=\"og:image:type\" content=\"image\/jpeg\" \/>\n<meta name=\"author\" content=\"Na\u010fa \u010cern\u00e1\" \/>\n<meta name=\"twitter:card\" content=\"summary_large_image\" \/>\n<meta name=\"twitter:label1\" content=\"Autor\" \/>\n\t<meta name=\"twitter:data1\" content=\"Na\u010fa \u010cern\u00e1\" \/>\n\t<meta name=\"twitter:label2\" content=\"Predpokladan\u00fd \u010das \u010d\u00edtania\" \/>\n\t<meta name=\"twitter:data2\" content=\"6 min\u00fat\" \/>\n<script type=\"application\/ld+json\" class=\"yoast-schema-graph\">{\"@context\":\"https:\/\/schema.org\",\"@graph\":[{\"@type\":\"Article\",\"@id\":\"https:\/\/www.ikuchyne.sk\/eshop\/ako-vybrat-konferencny-stolik-s-ohladom-na-bezpecie-deti\/#article\",\"isPartOf\":{\"@id\":\"https:\/\/www.ikuchyne.sk\/eshop\/ako-vybrat-konferencny-stolik-s-ohladom-na-bezpecie-deti\/\"},\"author\":{\"name\":\"Na\u010fa \u010cern\u00e1\",\"@id\":\"https:\/\/www.ikuchyne.sk\/eshop\/#\/schema\/person\/4dabc1c3b4767baf98f7c971c0e602f1\"},\"headline\":\"Ako vybra\u0165 konferen\u010dn\u00fd stol\u00edk s oh\u013eadom na bezpe\u010die det\u00ed?\",\"datePublished\":\"2020-06-04T15:21:36+00:00\",\"dateModified\":\"2020-10-21T12:02:18+00:00\",\"mainEntityOfPage\":{\"@id\":\"https:\/\/www.ikuchyne.sk\/eshop\/ako-vybrat-konferencny-stolik-s-ohladom-na-bezpecie-deti\/\"},\"wordCount\":1207,\"publisher\":{\"@id\":\"https:\/\/www.ikuchyne.sk\/eshop\/#organization\"},\"articleSection\":[\"N\u00c1BYTOK\",\"Ob\u00fdva\u010dky\"],\"inLanguage\":\"sk-SK\"},{\"@type\":\"WebPage\",\"@id\":\"https:\/\/www.ikuchyne.sk\/eshop\/ako-vybrat-konferencny-stolik-s-ohladom-na-bezpecie-deti\/\",\"url\":\"https:\/\/www.ikuchyne.sk\/eshop\/ako-vybrat-konferencny-stolik-s-ohladom-na-bezpecie-deti\/\",\"name\":\"Ako vybra\u0165 konferen\u010dn\u00fd stol\u00edk s oh\u013eadom na bezpe\u010die det\u00ed? &#187; iKuchyne!\",\"isPartOf\":{\"@id\":\"https:\/\/www.ikuchyne.sk\/eshop\/#website\"},\"datePublished\":\"2020-06-04T15:21:36+00:00\",\"dateModified\":\"2020-10-21T12:02:18+00:00\",\"description\":\"Mal\u00e9 deti si vedia ubl\u00ed\u017ei\u0165 na ostr\u00fdch rohoch a hran\u00e1ch. Ako vybra\u0165 ten najlep\u0161\u00ed konferen\u010dn\u00fd stol\u00edk bezpe\u010dn\u00fd pre mal\u00e9 deti? \u010c\u00edtajte!\",\"breadcrumb\":{\"@id\":\"https:\/\/www.ikuchyne.sk\/eshop\/ako-vybrat-konferencny-stolik-s-ohladom-na-bezpecie-deti\/#breadcrumb\"},\"inLanguage\":\"sk-SK\",\"potentialAction\":[{\"@type\":\"ReadAction\",\"target\":[\"https:\/\/www.ikuchyne.sk\/eshop\/ako-vybrat-konferencny-stolik-s-ohladom-na-bezpecie-deti\/\"]}]},{\"@type\":\"BreadcrumbList\",\"@id\":\"https:\/\/www.ikuchyne.sk\/eshop\/ako-vybrat-konferencny-stolik-s-ohladom-na-bezpecie-deti\/#breadcrumb\",\"itemListElement\":[{\"@type\":\"ListItem\",\"position\":1,\"name\":\"Home\",\"item\":\"https:\/\/www.ikuchyne.sk\/eshop\/\"},{\"@type\":\"ListItem\",\"position\":2,\"name\":\"Ako vybra\u0165 konferen\u010dn\u00fd stol\u00edk s oh\u013eadom na bezpe\u010die det\u00ed?\"}]},{\"@type\":\"WebSite\",\"@id\":\"https:\/\/www.ikuchyne.sk\/eshop\/#website\",\"url\":\"https:\/\/www.ikuchyne.sk\/eshop\/\",\"name\":\"iKuchyne iSHOP s n\u00e1bytkom\",\"description\":\"Jed\u00e1lensk\u00e9 stoly, stoli\u010dky, n\u00e1bytok, svietidl\u00e1...\",\"publisher\":{\"@id\":\"https:\/\/www.ikuchyne.sk\/eshop\/#organization\"},\"potentialAction\":[{\"@type\":\"SearchAction\",\"target\":{\"@type\":\"EntryPoint\",\"urlTemplate\":\"https:\/\/www.ikuchyne.sk\/eshop\/?s={search_term_string}\"},\"query-input\":\"required name=search_term_string\"}],\"inLanguage\":\"sk-SK\"},{\"@type\":\"Organization\",\"@id\":\"https:\/\/www.ikuchyne.sk\/eshop\/#organization\",\"name\":\"ikuchyne!\",\"url\":\"https:\/\/www.ikuchyne.sk\/eshop\/\",\"logo\":{\"@type\":\"ImageObject\",\"inLanguage\":\"sk-SK\",\"@id\":\"https:\/\/www.ikuchyne.sk\/eshop\/#\/schema\/logo\/image\/\",\"url\":\"https:\/\/www.ikuchyne.sk\/eshop\/wp-content\/uploads\/2017\/04\/ikuchyne-logo.jpg\",\"contentUrl\":\"https:\/\/www.ikuchyne.sk\/eshop\/wp-content\/uploads\/2017\/04\/ikuchyne-logo.jpg\",\"width\":200,\"height\":48,\"caption\":\"ikuchyne!\"},\"image\":{\"@id\":\"https:\/\/www.ikuchyne.sk\/eshop\/#\/schema\/logo\/image\/\"},\"sameAs\":[\"https:\/\/www.facebook.com\/ikuchyne\/\",\"https:\/\/www.instagram.com\/ikuchyne.sk\/\",\"https:\/\/sk.pinterest.com\/ikuchynesk\/\"]},{\"@type\":\"Person\",\"@id\":\"https:\/\/www.ikuchyne.sk\/eshop\/#\/schema\/person\/4dabc1c3b4767baf98f7c971c0e602f1\",\"name\":\"Na\u010fa \u010cern\u00e1\",\"image\":{\"@type\":\"ImageObject\",\"inLanguage\":\"sk-SK\",\"@id\":\"https:\/\/www.ikuchyne.sk\/eshop\/#\/schema\/person\/image\/\",\"url\":\"https:\/\/secure.gravatar.com\/avatar\/1e0cd71452a9e8aaa44c199804481d30?s=96&d=wp_user_avatar&r=g\",\"contentUrl\":\"https:\/\/secure.gravatar.com\/avatar\/1e0cd71452a9e8aaa44c199804481d30?s=96&d=wp_user_avatar&r=g\",\"caption\":\"Na\u010fa \u010cern\u00e1\"},\"description\":\"Na\u010fa je \u0161tudentkou \u017eurnalistiky, ktor\u00e1 p\u00ed\u0161e r\u00f4zne typy \u010dl\u00e1nkov. P\u00edsaniu sa venuje u\u017e nieko\u013eko rokov. Okrem toho sa zauj\u00edma o gastron\u00f3miu a m\u00f3du. Je milovn\u00ed\u010dkou k\u00e1vy, dobr\u00fdch kn\u00edh a bojov\u00fdch \u0161portov.\",\"url\":\"https:\/\/www.ikuchyne.sk\/eshop\/author\/nada-cerna\/\"}]}<\/script>\n<!-- \/ Yoast SEO plugin. -->","yoast_head_json":{"title":"Ako vybra\u0165 konferen\u010dn\u00fd stol\u00edk s oh\u013eadom na bezpe\u010die det\u00ed? &#187; iKuchyne!","description":"Mal\u00e9 deti si vedia ubl\u00ed\u017ei\u0165 na ostr\u00fdch rohoch a hran\u00e1ch. Ako vybra\u0165 ten najlep\u0161\u00ed konferen\u010dn\u00fd stol\u00edk bezpe\u010dn\u00fd pre mal\u00e9 deti? \u010c\u00edtajte!","robots":{"index":"index","follow":"follow","max-snippet":"max-snippet:-1","max-image-preview":"max-image-preview:large","max-video-preview":"max-video-preview:-1"},"canonical":"https:\/\/www.ikuchyne.sk\/eshop\/ako-vybrat-konferencny-stolik-s-ohladom-na-bezpecie-deti\/","og_locale":"sk_SK","og_type":"article","og_title":"Ako vybra\u0165 konferen\u010dn\u00fd stol\u00edk s oh\u013eadom na bezpe\u010die det\u00ed? &#187; iKuchyne!","og_description":"Mal\u00e9 deti si vedia ubl\u00ed\u017ei\u0165 na ostr\u00fdch rohoch a hran\u00e1ch. Ako vybra\u0165 ten najlep\u0161\u00ed konferen\u010dn\u00fd stol\u00edk bezpe\u010dn\u00fd pre mal\u00e9 deti? \u010c\u00edtajte!","og_url":"https:\/\/www.ikuchyne.sk\/eshop\/ako-vybrat-konferencny-stolik-s-ohladom-na-bezpecie-deti\/","og_site_name":"iKuchyne iSHOP s n\u00e1bytkom","article_publisher":"https:\/\/www.facebook.com\/ikuchyne\/","article_published_time":"2020-06-04T15:21:36+00:00","article_modified_time":"2020-10-21T12:02:18+00:00","og_image":[{"width":800,"height":533,"url":"https:\/\/www.ikuchyne.sk\/eshop\/wp-content\/uploads\/2020\/06\/Konferencny-stolik-dreveny-2ks.jpg","type":"image\/jpeg"}],"author":"Na\u010fa \u010cern\u00e1","twitter_card":"summary_large_image","twitter_misc":{"Autor":"Na\u010fa \u010cern\u00e1","Predpokladan\u00fd \u010das \u010d\u00edtania":"6 min\u00fat"},"schema":{"@context":"https:\/\/schema.org","@graph":[{"@type":"Article","@id":"https:\/\/www.ikuchyne.sk\/eshop\/ako-vybrat-konferencny-stolik-s-ohladom-na-bezpecie-deti\/#article","isPartOf":{"@id":"https:\/\/www.ikuchyne.sk\/eshop\/ako-vybrat-konferencny-stolik-s-ohladom-na-bezpecie-deti\/"},"author":{"name":"Na\u010fa \u010cern\u00e1","@id":"https:\/\/www.ikuchyne.sk\/eshop\/#\/schema\/person\/4dabc1c3b4767baf98f7c971c0e602f1"},"headline":"Ako vybra\u0165 konferen\u010dn\u00fd stol\u00edk s oh\u013eadom na bezpe\u010die det\u00ed?","datePublished":"2020-06-04T15:21:36+00:00","dateModified":"2020-10-21T12:02:18+00:00","mainEntityOfPage":{"@id":"https:\/\/www.ikuchyne.sk\/eshop\/ako-vybrat-konferencny-stolik-s-ohladom-na-bezpecie-deti\/"},"wordCount":1207,"publisher":{"@id":"https:\/\/www.ikuchyne.sk\/eshop\/#organization"},"articleSection":["N\u00c1BYTOK","Ob\u00fdva\u010dky"],"inLanguage":"sk-SK"},{"@type":"WebPage","@id":"https:\/\/www.ikuchyne.sk\/eshop\/ako-vybrat-konferencny-stolik-s-ohladom-na-bezpecie-deti\/","url":"https:\/\/www.ikuchyne.sk\/eshop\/ako-vybrat-konferencny-stolik-s-ohladom-na-bezpecie-deti\/","name":"Ako vybra\u0165 konferen\u010dn\u00fd stol\u00edk s oh\u013eadom na bezpe\u010die det\u00ed? &#187; iKuchyne!","isPartOf":{"@id":"https:\/\/www.ikuchyne.sk\/eshop\/#website"},"datePublished":"2020-06-04T15:21:36+00:00","dateModified":"2020-10-21T12:02:18+00:00","description":"Mal\u00e9 deti si vedia ubl\u00ed\u017ei\u0165 na ostr\u00fdch rohoch a hran\u00e1ch. Ako vybra\u0165 ten najlep\u0161\u00ed konferen\u010dn\u00fd stol\u00edk bezpe\u010dn\u00fd pre mal\u00e9 deti? \u010c\u00edtajte!","breadcrumb":{"@id":"https:\/\/www.ikuchyne.sk\/eshop\/ako-vybrat-konferencny-stolik-s-ohladom-na-bezpecie-deti\/#breadcrumb"},"inLanguage":"sk-SK","potentialAction":[{"@type":"ReadAction","target":["https:\/\/www.ikuchyne.sk\/eshop\/ako-vybrat-konferencny-stolik-s-ohladom-na-bezpecie-deti\/"]}]},{"@type":"BreadcrumbList","@id":"https:\/\/www.ikuchyne.sk\/eshop\/ako-vybrat-konferencny-stolik-s-ohladom-na-bezpecie-deti\/#breadcrumb","itemListElement":[{"@type":"ListItem","position":1,"name":"Home","item":"https:\/\/www.ikuchyne.sk\/eshop\/"},{"@type":"ListItem","position":2,"name":"Ako vybra\u0165 konferen\u010dn\u00fd stol\u00edk s oh\u013eadom na bezpe\u010die det\u00ed?"}]},{"@type":"WebSite","@id":"https:\/\/www.ikuchyne.sk\/eshop\/#website","url":"https:\/\/www.ikuchyne.sk\/eshop\/","name":"iKuchyne iSHOP s n\u00e1bytkom","description":"Jed\u00e1lensk\u00e9 stoly, stoli\u010dky, n\u00e1bytok, svietidl\u00e1...","publisher":{"@id":"https:\/\/www.ikuchyne.sk\/eshop\/#organization"},"potentialAction":[{"@type":"SearchAction","target":{"@type":"EntryPoint","urlTemplate":"https:\/\/www.ikuchyne.sk\/eshop\/?s={search_term_string}"},"query-input":"required name=search_term_string"}],"inLanguage":"sk-SK"},{"@type":"Organization","@id":"https:\/\/www.ikuchyne.sk\/eshop\/#organization","name":"ikuchyne!","url":"https:\/\/www.ikuchyne.sk\/eshop\/","logo":{"@type":"ImageObject","inLanguage":"sk-SK","@id":"https:\/\/www.ikuchyne.sk\/eshop\/#\/schema\/logo\/image\/","url":"https:\/\/www.ikuchyne.sk\/eshop\/wp-content\/uploads\/2017\/04\/ikuchyne-logo.jpg","contentUrl":"https:\/\/www.ikuchyne.sk\/eshop\/wp-content\/uploads\/2017\/04\/ikuchyne-logo.jpg","width":200,"height":48,"caption":"ikuchyne!"},"image":{"@id":"https:\/\/www.ikuchyne.sk\/eshop\/#\/schema\/logo\/image\/"},"sameAs":["https:\/\/www.facebook.com\/ikuchyne\/","https:\/\/www.instagram.com\/ikuchyne.sk\/","https:\/\/sk.pinterest.com\/ikuchynesk\/"]},{"@type":"Person","@id":"https:\/\/www.ikuchyne.sk\/eshop\/#\/schema\/person\/4dabc1c3b4767baf98f7c971c0e602f1","name":"Na\u010fa \u010cern\u00e1","image":{"@type":"ImageObject","inLanguage":"sk-SK","@id":"https:\/\/www.ikuchyne.sk\/eshop\/#\/schema\/person\/image\/","url":"https:\/\/secure.gravatar.com\/avatar\/1e0cd71452a9e8aaa44c199804481d30?s=96&d=wp_user_avatar&r=g","contentUrl":"https:\/\/secure.gravatar.com\/avatar\/1e0cd71452a9e8aaa44c199804481d30?s=96&d=wp_user_avatar&r=g","caption":"Na\u010fa \u010cern\u00e1"},"description":"Na\u010fa je \u0161tudentkou \u017eurnalistiky, ktor\u00e1 p\u00ed\u0161e r\u00f4zne typy \u010dl\u00e1nkov. P\u00edsaniu sa venuje u\u017e nieko\u013eko rokov. Okrem toho sa zauj\u00edma o gastron\u00f3miu a m\u00f3du. Je milovn\u00ed\u010dkou k\u00e1vy, dobr\u00fdch kn\u00edh a bojov\u00fdch \u0161portov.","url":"https:\/\/www.ikuchyne.sk\/eshop\/author\/nada-cerna\/"}]}},"_links":{"self":[{"href":"https:\/\/www.ikuchyne.sk\/eshop\/wp-json\/wp\/v2\/posts\/129669"}],"collection":[{"href":"https:\/\/www.ikuchyne.sk\/eshop\/wp-json\/wp\/v2\/posts"}],"about":[{"href":"https:\/\/www.ikuchyne.sk\/eshop\/wp-json\/wp\/v2\/types\/post"}],"author":[{"embeddable":true,"href":"https:\/\/www.ikuchyne.sk\/eshop\/wp-json\/wp\/v2\/users\/560"}],"replies":[{"embeddable":true,"href":"https:\/\/www.ikuchyne.sk\/eshop\/wp-json\/wp\/v2\/comments?post=129669"}],"version-history":[{"count":4,"href":"https:\/\/www.ikuchyne.sk\/eshop\/wp-json\/wp\/v2\/posts\/129669\/revisions"}],"predecessor-version":[{"id":147400,"href":"https:\/\/www.ikuchyne.sk\/eshop\/wp-json\/wp\/v2\/posts\/129669\/revisions\/147400"}],"wp:featuredmedia":[{"embeddable":true,"href":"https:\/\/www.ikuchyne.sk\/eshop\/wp-json\/wp\/v2\/media\/129682"}],"wp:attachment":[{"href":"https:\/\/www.ikuchyne.sk\/eshop\/wp-json\/wp\/v2\/media?parent=129669"}],"wp:term":[{"taxonomy":"category","embeddable":true,"href":"https:\/\/www.ikuchyne.sk\/eshop\/wp-json\/wp\/v2\/categories?post=129669"},{"taxonomy":"post_tag","embeddable":true,"href":"https:\/\/www.ikuchyne.sk\/eshop\/wp-json\/wp\/v2\/tags?post=129669"}],"curies":[{"name":"wp","href":"https:\/\/api.w.org\/{rel}","templated":true}]}}