{"id":129796,"date":"2020-06-11T18:36:18","date_gmt":"2020-06-11T16:36:18","guid":{"rendered":"https:\/\/www.ikuchyne.sk\/eshop\/?p=129796"},"modified":"2020-06-12T12:20:20","modified_gmt":"2020-06-12T10:20:20","slug":"objavte-tajomstvo-ciernej-kuchyne","status":"publish","type":"post","link":"https:\/\/www.ikuchyne.sk\/eshop\/objavte-tajomstvo-ciernej-kuchyne\/","title":{"rendered":"Objavte tajomstvo \u010diernej kuchyne!"},"content":{"rendered":"<p>[vc_row][vc_column][vc_column_text]<span style=\"color: #000000;\"><strong>\u010cierne kuchyne m\u00f4\u017eu by\u0165 absol\u00fatnym dizajn\u00e9rskym pre\u0161\u013eapom, ale aj ve\u013emi rafinovanou a\u00a0pr\u00edjemnou o\u00e1zou vo va\u0161ej dom\u00e1cnosti. \u010cierna je v\u00fdnimo\u010dn\u00e1, nad\u010dasov\u00e1, ale z\u00e1rove\u0148 sa \u0165a\u017e\u0161ie odhaduje hranica medzi elegantnos\u0165ou a\u017e vyz\u00fdvavos\u0165ou. Porad\u00edme v\u00e1m, ako na \u010dierny dizajn v\u00a0kuchyni, aby ste si vo fin\u00e1lnej f\u00e1ze za to vysl\u00fa\u017eili len sam\u00fa pochvalu!<\/strong><\/span>[\/vc_column_text][vc_single_image image=&#8221;129876&#8243; img_size=&#8221;large&#8221; add_caption=&#8221;yes&#8221; alignment=&#8221;center&#8221; style=&#8221;vc_box_rounded&#8221;][\/vc_column][\/vc_row][vc_row][vc_column][vc_column_text]<\/p>\n<h2><span style=\"color: #e3245e;\"><strong>\u010cierna dok\u00e1\u017ee zap\u00f4sobi\u0165 ve\u013emi pozit\u00edvne!<\/strong><\/span><\/h2>\n<p><span style=\"color: #000000;\">Je to kontrast nad kontrastmi. \u010cierna sa v\u017edy sp\u00e1jala so sm\u00fatkom, tajomstvom, m\u00e1giou a\u00a0nielen u\u00a0det\u00ed vzbudzovala strach. Na t\u00fato \u201efarbi\u010dku\u201c tak pripad\u00e1 viac negat\u00edvnych ako pozit\u00edvnych odtie\u0148ov, a\u00a0preto ju do svojich pr\u00edbytkov ve\u013emi neradi vp\u00fa\u0161\u0165ame. Aj vy tak c\u00edtite, \u017ee je ten prav\u00fd \u010das na zmenu? <strong>Rozhodli sme sa v\u00e1m na nieko\u013ek\u00fdch pr\u00edkladoch ilustrova\u0165, ak\u00e1 p\u00f4vabn\u00e1 dok\u00e1\u017ee by\u0165 \u010dierna kuchy\u0148a v\u00a0ka\u017edej dom\u00e1cnosti!<\/strong><\/span>[\/vc_column_text][\/vc_column][\/vc_row][vc_row][vc_column][vc_single_image image=&#8221;129877&#8243; img_size=&#8221;large&#8221; add_caption=&#8221;yes&#8221; alignment=&#8221;center&#8221; style=&#8221;vc_box_rounded&#8221;][vc_column_text]<span style=\"color: #000000;\"><span style=\"font-weight: 400;\">\u00a0Neodpor\u00fa\u010da sa umiestni\u0165 \u010dierny kuchynsk\u00fd n\u00e1bytok a\u00a0dekor\u00e1cie v\u00a0men\u0161\u00edch priestoroch. Miestnos\u0165 sa tak opticky e\u0161te viac z\u00fa\u017ei a\u00a0v\u00a0takej kuchyni sa ur\u010dite nebudete c\u00edti\u0165 komfortne.\u00a0<\/span><\/span>[\/vc_column_text][vc_message icon_fontawesome=&#8221;fa fa-lightbulb-o&#8221;]<span style=\"font-weight: 400;\"><strong>Rada odborn\u00edka<\/strong> v\u00a0s\u00favislosti s\u00a0\u010diernym dizajnom v\u00a0kuchyni sa vz\u0165ahuje na mo\u017en\u00e9 kombin\u00e1cie, ktor\u00fdmi sa priestor zv\u00e4\u010d\u0161\u00ed, respekt\u00edve \u201erozjasn\u00ed\u201c.<\/span> <span style=\"font-weight: 400;\">Pr\u00edjemn\u00fdm vizu\u00e1lnym rie\u0161en\u00edm je dreven\u00fd akcent, zrkadlenie, kombin\u00e1cia s\u00a0bielou, medenou a\u00a0k\u00faskom \u201ezelene\u201c.<\/span>[\/vc_message][vc_column_text]<span style=\"color: #000000;\">Ako vid\u00edte, zrkadlov\u00e1 z\u00e1stena za pracovnou doskou priestor opticky zv\u00e4\u010d\u0161uje, je pr\u00edjemn\u00fdm modern\u00fdm prvkom, ktor\u00fd v\u00a0celkovom dizajne podnecuje elegantn\u00fd n\u00e1dych v\u00a0kuchyni.\u00a0<\/span><\/p>\n<p><span style=\"color: #000000;\"><strong>V\u010faka zrkadleniu m\u00f4\u017eeme vidie\u0165, \u017ee v\u00a0kuchyni nech\u00fdba ani dostatok prirodzen\u00e9ho svetla a jednoduch\u00fdch bielych doplnkov.<\/strong> Tie sa v\u00a0detailoch objavuj\u00fa aj na kuchynskej linke. Aby vo v\u00e1s kuchy\u0148a nezanech\u00e1vala negat\u00edvne dojmy, e\u0161te lep\u0161\u00edm o\u017eiven\u00edm by mohla by\u0165 kombin\u00e1cia dreven\u00fdch doplnkov s\u00a0detailmi \u010dervenej alebo medenej.<\/span><\/p>\n<h2><span style=\"color: #e3245e;\"><strong>Luxusn\u00e1 \u010dierna len vo vysokom lesku?<\/strong><\/span><\/h2>\n<p><span style=\"color: #000000;\">Samozrejme, ak sa pri dizajne \u010diernej kuchyne zameriate na maxim\u00e1lne vysok\u00fd lesk, ste tak bli\u017e\u0161ie k jej dokonal\u00e9mu p\u00f4sobeniu. <strong>Faktom aj tak zost\u00e1va, \u017ee \u010dierne kuchyne p\u00f4sobia elegantne aj matn\u00e9.<\/strong><\/span>[\/vc_column_text][vc_single_image image=&#8221;129878&#8243; img_size=&#8221;large&#8221; add_caption=&#8221;yes&#8221; alignment=&#8221;center&#8221; style=&#8221;vc_box_rounded&#8221;][vc_column_text]<span style=\"font-weight: 400; color: #000000;\">T\u00e1to kuchy\u0148a je priam symbolom ucelenosti. Je v\u00a0nej dostatok bielej, ale aj \u010diernej, pri\u010dom sa celkov\u00e9 rie\u0161enie dizajnu menen\u00ed v\u00a0\u017eiadnu g\u00fd\u010dov\u00fa \u0161achovnicu. Pre vylep\u0161enie priestoru s\u00fa v\u00a0\u0148om zakomponovan\u00e9 zafr\u00e9zovan\u00e9 madl\u00e1 a\u00a0pre ucelenej\u0161\u00ed r\u00e1z pou\u017eit\u00e9 nevidite\u013en\u00e9 spoje na pracovnej doske.\u00a0<\/span><\/p>\n<p><span style=\"font-weight: 400; color: #000000;\">Mali by ste si v\u0161imn\u00fa\u0165 aj detail osvetlenia na hornej skrinke, \u010d\u00edm v priestore nevynik\u00e1 v\u00fdlu\u010dne len \u010dierny dizajn. Ten je v tomto pr\u00edpade tak\u00fdm jemn\u00fdm spestren\u00edm, zd\u00f4raznen\u00edm, \u017ee aj \u010diernej s bielou to dokonale pristane.<\/span><\/p>\n<h2><span style=\"color: #e3245e;\"><b>Zamerajte sa aj na doplnky a\u00a0r\u00f4zny jed\u00e1lensk\u00fd n\u00e1bytok!\u00a0<\/b><\/span><\/h2>\n<p><span style=\"font-weight: 400;\"><span style=\"color: #000000;\">\u010cierna v\u00a0danom prostred\u00ed nemus\u00ed pr\u00edli\u0161 kontrastova\u0165, aj tak dok\u00e1\u017ee svojr\u00e1zne vynika\u0165. <strong>Sta\u010d\u00ed p\u00e1r minoritn\u00fdch a\u00a0jeden v\u00fdraznej\u0161\u00ed prvok a kuchy\u0148u premen\u00edte v\u00a0ozajstn\u00e9 kr\u00e1\u013eovstvo!<\/strong><\/span> <\/span>[\/vc_column_text][vc_single_image image=&#8221;129873&#8243; img_size=&#8221;large&#8221; add_caption=&#8221;yes&#8221; alignment=&#8221;center&#8221; style=&#8221;vc_box_rounded&#8221;][vc_column_text]<span style=\"font-weight: 400; color: #000000;\">V\u00a0tejto kuchyni nechceme va\u0161u pozornos\u0165 ani tak zamera\u0165 na keramick\u00fa antracitov\u00fa pracovn\u00fa dosku \u010di ostrov\u010dek, ale sk\u00f4r na elegantn\u00e9 <a href=\"https:\/\/www.ikuchyne.sk\/eshop\/stolicky\/\"><span style=\"color: #e3245e;\">jed\u00e1lensk\u00e9 stoli\u010dky<\/span><\/a>, \u010dierne vstavan\u00e9 spotrebi\u010de a\u00a0men\u0161ie doplnky v\u00a0\u010diernej na pracovnej doske. \u201eZ\u00e1ti\u0161ie\u201c im vytv\u00e1ra vysok\u00fd lesk bielych kuchynsk\u00fdch dvierok, zrkadlenie nad pracovnou doskou, pri\u010dom to vo v\u00fdslednom celku vy\u0165a\u017e\u00ed maximum z\u00a0pr\u00ednosu ka\u017edej jednej farby.\u00a0<\/span><\/p>\n<h2><span style=\"color: #e3245e;\"><b>Pre\u010do \u00e1no, pre\u010do nie?<\/b><\/span><\/h2>\n<p><span style=\"font-weight: 400; color: #000000;\"><strong>Farby s\u00fa vecou vkusu a\u00a0ten je individu\u00e1lny pre ka\u017ed\u00e9ho z\u00a0n\u00e1s.<\/strong> Nemo\u017eno teda hovori\u0165 o\u00a0ani o\u00a0dokonalom \u010diernom dizajne v\u00a0kuchyniach. To, \u010do je pre niekoho hr\u00f4zou, m\u00f4\u017ee druh\u00fdch te\u0161i\u0165.<\/span><\/p>\n<p><span style=\"color: #000000;\"><strong>Tak ako? Objavili ste u\u017e \u010daro \u010diernej kuchyne?<\/strong><\/span>[\/vc_column_text][vc_single_image image=&#8221;129875&#8243; img_size=&#8221;large&#8221; add_caption=&#8221;yes&#8221; alignment=&#8221;center&#8221; style=&#8221;vc_box_rounded&#8221;][\/vc_column][\/vc_row]<\/p>\n","protected":false},"excerpt":{"rendered":"<p>[vc_row][vc_column][vc_column_text]\u010cierne kuchyne m\u00f4\u017eu by\u0165 absol\u00fatnym dizajn\u00e9rskym pre\u0161\u013eapom, ale aj ve\u013emi rafinovanou a\u00a0pr\u00edjemnou o\u00e1zou vo va\u0161ej dom\u00e1cnosti. \u010cierna je v\u00fdnimo\u010dn\u00e1, nad\u010dasov\u00e1, ale z\u00e1rove\u0148 sa \u0165a\u017e\u0161ie odhaduje hranica medzi elegantnos\u0165ou a\u017e vyz\u00fdvavos\u0165ou.<\/p>\n","protected":false},"author":583,"featured_media":129875,"comment_status":"closed","ping_status":"open","sticky":false,"template":"","format":"standard","meta":{"footnotes":""},"categories":[1013],"tags":[],"yoast_head":"<!-- This site is optimized with the Yoast SEO plugin v22.1 - https:\/\/yoast.com\/wordpress\/plugins\/seo\/ -->\n<title>Objavte tajomstvo \u010diernej kuchyne! &#187; iKuchyne iSHOP s n\u00e1bytkom<\/title>\n<meta name=\"robots\" content=\"index, follow, max-snippet:-1, max-image-preview:large, max-video-preview:-1\" \/>\n<link rel=\"canonical\" href=\"https:\/\/www.ikuchyne.sk\/eshop\/objavte-tajomstvo-ciernej-kuchyne\/\" \/>\n<meta property=\"og:locale\" content=\"sk_SK\" \/>\n<meta property=\"og:type\" content=\"article\" \/>\n<meta property=\"og:title\" content=\"Objavte tajomstvo \u010diernej kuchyne! &#187; iKuchyne iSHOP s n\u00e1bytkom\" \/>\n<meta property=\"og:description\" content=\"[vc_row][vc_column][vc_column_text]\u010cierne kuchyne m\u00f4\u017eu by\u0165 absol\u00fatnym dizajn\u00e9rskym pre\u0161\u013eapom, ale aj ve\u013emi rafinovanou a\u00a0pr\u00edjemnou o\u00e1zou vo va\u0161ej dom\u00e1cnosti. \u010cierna je v\u00fdnimo\u010dn\u00e1, nad\u010dasov\u00e1, ale z\u00e1rove\u0148 sa \u0165a\u017e\u0161ie odhaduje hranica medzi elegantnos\u0165ou a\u017e vyz\u00fdvavos\u0165ou.\" \/>\n<meta property=\"og:url\" content=\"https:\/\/www.ikuchyne.sk\/eshop\/objavte-tajomstvo-ciernej-kuchyne\/\" \/>\n<meta property=\"og:site_name\" content=\"iKuchyne iSHOP s n\u00e1bytkom\" \/>\n<meta property=\"article:publisher\" content=\"https:\/\/www.facebook.com\/ikuchyne\/\" \/>\n<meta property=\"article:published_time\" content=\"2020-06-11T16:36:18+00:00\" \/>\n<meta property=\"article:modified_time\" content=\"2020-06-12T10:20:20+00:00\" \/>\n<meta property=\"og:image\" content=\"https:\/\/www.ikuchyne.sk\/eshop\/wp-content\/uploads\/2020\/06\/antracitov\u00e1-kuchy\u0148a-so-zrkadlom.jpg\" \/>\n\t<meta property=\"og:image:width\" content=\"1280\" \/>\n\t<meta property=\"og:image:height\" content=\"853\" \/>\n\t<meta property=\"og:image:type\" content=\"image\/jpeg\" \/>\n<meta name=\"author\" content=\"Tatiana Janokov\u00e1\" \/>\n<meta name=\"twitter:card\" content=\"summary_large_image\" \/>\n<meta name=\"twitter:label1\" content=\"Autor\" \/>\n\t<meta name=\"twitter:data1\" content=\"Tatiana Janokov\u00e1\" \/>\n\t<meta name=\"twitter:label2\" content=\"Predpokladan\u00fd \u010das \u010d\u00edtania\" \/>\n\t<meta name=\"twitter:data2\" content=\"4 min\u00faty\" \/>\n<script type=\"application\/ld+json\" class=\"yoast-schema-graph\">{\"@context\":\"https:\/\/schema.org\",\"@graph\":[{\"@type\":\"Article\",\"@id\":\"https:\/\/www.ikuchyne.sk\/eshop\/objavte-tajomstvo-ciernej-kuchyne\/#article\",\"isPartOf\":{\"@id\":\"https:\/\/www.ikuchyne.sk\/eshop\/objavte-tajomstvo-ciernej-kuchyne\/\"},\"author\":{\"name\":\"Tatiana Janokov\u00e1\",\"@id\":\"https:\/\/www.ikuchyne.sk\/eshop\/#\/schema\/person\/e61d3f737f96014005fda6b9c26dbf31\"},\"headline\":\"Objavte tajomstvo \u010diernej kuchyne!\",\"datePublished\":\"2020-06-11T16:36:18+00:00\",\"dateModified\":\"2020-06-12T10:20:20+00:00\",\"mainEntityOfPage\":{\"@id\":\"https:\/\/www.ikuchyne.sk\/eshop\/objavte-tajomstvo-ciernej-kuchyne\/\"},\"wordCount\":810,\"publisher\":{\"@id\":\"https:\/\/www.ikuchyne.sk\/eshop\/#organization\"},\"articleSection\":[\"Jed\u00e1le\u0148 a kuchy\u0148a\"],\"inLanguage\":\"sk-SK\"},{\"@type\":\"WebPage\",\"@id\":\"https:\/\/www.ikuchyne.sk\/eshop\/objavte-tajomstvo-ciernej-kuchyne\/\",\"url\":\"https:\/\/www.ikuchyne.sk\/eshop\/objavte-tajomstvo-ciernej-kuchyne\/\",\"name\":\"Objavte tajomstvo \u010diernej kuchyne! &#187; iKuchyne iSHOP s n\u00e1bytkom\",\"isPartOf\":{\"@id\":\"https:\/\/www.ikuchyne.sk\/eshop\/#website\"},\"datePublished\":\"2020-06-11T16:36:18+00:00\",\"dateModified\":\"2020-06-12T10:20:20+00:00\",\"breadcrumb\":{\"@id\":\"https:\/\/www.ikuchyne.sk\/eshop\/objavte-tajomstvo-ciernej-kuchyne\/#breadcrumb\"},\"inLanguage\":\"sk-SK\",\"potentialAction\":[{\"@type\":\"ReadAction\",\"target\":[\"https:\/\/www.ikuchyne.sk\/eshop\/objavte-tajomstvo-ciernej-kuchyne\/\"]}]},{\"@type\":\"BreadcrumbList\",\"@id\":\"https:\/\/www.ikuchyne.sk\/eshop\/objavte-tajomstvo-ciernej-kuchyne\/#breadcrumb\",\"itemListElement\":[{\"@type\":\"ListItem\",\"position\":1,\"name\":\"Home\",\"item\":\"https:\/\/www.ikuchyne.sk\/eshop\/\"},{\"@type\":\"ListItem\",\"position\":2,\"name\":\"Objavte tajomstvo \u010diernej kuchyne!\"}]},{\"@type\":\"WebSite\",\"@id\":\"https:\/\/www.ikuchyne.sk\/eshop\/#website\",\"url\":\"https:\/\/www.ikuchyne.sk\/eshop\/\",\"name\":\"iKuchyne iSHOP s n\u00e1bytkom\",\"description\":\"Jed\u00e1lensk\u00e9 stoly, stoli\u010dky, n\u00e1bytok, svietidl\u00e1...\",\"publisher\":{\"@id\":\"https:\/\/www.ikuchyne.sk\/eshop\/#organization\"},\"potentialAction\":[{\"@type\":\"SearchAction\",\"target\":{\"@type\":\"EntryPoint\",\"urlTemplate\":\"https:\/\/www.ikuchyne.sk\/eshop\/?s={search_term_string}\"},\"query-input\":\"required name=search_term_string\"}],\"inLanguage\":\"sk-SK\"},{\"@type\":\"Organization\",\"@id\":\"https:\/\/www.ikuchyne.sk\/eshop\/#organization\",\"name\":\"ikuchyne!\",\"url\":\"https:\/\/www.ikuchyne.sk\/eshop\/\",\"logo\":{\"@type\":\"ImageObject\",\"inLanguage\":\"sk-SK\",\"@id\":\"https:\/\/www.ikuchyne.sk\/eshop\/#\/schema\/logo\/image\/\",\"url\":\"https:\/\/www.ikuchyne.sk\/eshop\/wp-content\/uploads\/2017\/04\/ikuchyne-logo.jpg\",\"contentUrl\":\"https:\/\/www.ikuchyne.sk\/eshop\/wp-content\/uploads\/2017\/04\/ikuchyne-logo.jpg\",\"width\":200,\"height\":48,\"caption\":\"ikuchyne!\"},\"image\":{\"@id\":\"https:\/\/www.ikuchyne.sk\/eshop\/#\/schema\/logo\/image\/\"},\"sameAs\":[\"https:\/\/www.facebook.com\/ikuchyne\/\",\"https:\/\/www.instagram.com\/ikuchyne.sk\/\",\"https:\/\/sk.pinterest.com\/ikuchynesk\/\"]},{\"@type\":\"Person\",\"@id\":\"https:\/\/www.ikuchyne.sk\/eshop\/#\/schema\/person\/e61d3f737f96014005fda6b9c26dbf31\",\"name\":\"Tatiana Janokov\u00e1\",\"image\":{\"@type\":\"ImageObject\",\"inLanguage\":\"sk-SK\",\"@id\":\"https:\/\/www.ikuchyne.sk\/eshop\/#\/schema\/person\/image\/\",\"url\":\"https:\/\/www.ikuchyne.sk\/eshop\/wp-content\/plugins\/wp-user-avatar\/deprecated\/wp-user-avatar\/images\/wpua-96x96.png\",\"contentUrl\":\"https:\/\/www.ikuchyne.sk\/eshop\/wp-content\/plugins\/wp-user-avatar\/deprecated\/wp-user-avatar\/images\/wpua-96x96.png\",\"caption\":\"Tatiana Janokov\u00e1\"},\"description\":\"Tatiana je absolventkou UPJ\u0160 v\u00a0Ko\u0161iciach v\u00a0odbore masmedi\u00e1lne \u0161t\u00fadi\u00e1. Moment\u00e1lne sa venuje svojim de\u0165om a\u00a0popri ka\u017edodenn\u00fdch povinnostiach si rada n\u00e1jde trochu \u010dasu na copywriting. Takto relaxuje a\u00a0p\u00edsanie je jej \u201evlastn\u00fdm svetom\u201c. Zauj\u00edma sa o\u00a0aktu\u00e1lne spolo\u010densk\u00e9 dianie, miluje m\u00f3du a, samozrejme, interi\u00e9rov\u00fd dizajn.\",\"url\":\"https:\/\/www.ikuchyne.sk\/eshop\/author\/tatiana-janokova\/\"}]}<\/script>\n<!-- \/ Yoast SEO plugin. -->","yoast_head_json":{"title":"Objavte tajomstvo \u010diernej kuchyne! &#187; iKuchyne iSHOP s n\u00e1bytkom","robots":{"index":"index","follow":"follow","max-snippet":"max-snippet:-1","max-image-preview":"max-image-preview:large","max-video-preview":"max-video-preview:-1"},"canonical":"https:\/\/www.ikuchyne.sk\/eshop\/objavte-tajomstvo-ciernej-kuchyne\/","og_locale":"sk_SK","og_type":"article","og_title":"Objavte tajomstvo \u010diernej kuchyne! &#187; iKuchyne iSHOP s n\u00e1bytkom","og_description":"[vc_row][vc_column][vc_column_text]\u010cierne kuchyne m\u00f4\u017eu by\u0165 absol\u00fatnym dizajn\u00e9rskym pre\u0161\u013eapom, ale aj ve\u013emi rafinovanou a\u00a0pr\u00edjemnou o\u00e1zou vo va\u0161ej dom\u00e1cnosti. \u010cierna je v\u00fdnimo\u010dn\u00e1, nad\u010dasov\u00e1, ale z\u00e1rove\u0148 sa \u0165a\u017e\u0161ie odhaduje hranica medzi elegantnos\u0165ou a\u017e vyz\u00fdvavos\u0165ou.","og_url":"https:\/\/www.ikuchyne.sk\/eshop\/objavte-tajomstvo-ciernej-kuchyne\/","og_site_name":"iKuchyne iSHOP s n\u00e1bytkom","article_publisher":"https:\/\/www.facebook.com\/ikuchyne\/","article_published_time":"2020-06-11T16:36:18+00:00","article_modified_time":"2020-06-12T10:20:20+00:00","og_image":[{"width":1280,"height":853,"url":"https:\/\/www.ikuchyne.sk\/eshop\/wp-content\/uploads\/2020\/06\/antracitov\u00e1-kuchy\u0148a-so-zrkadlom.jpg","type":"image\/jpeg"}],"author":"Tatiana Janokov\u00e1","twitter_card":"summary_large_image","twitter_misc":{"Autor":"Tatiana Janokov\u00e1","Predpokladan\u00fd \u010das \u010d\u00edtania":"4 min\u00faty"},"schema":{"@context":"https:\/\/schema.org","@graph":[{"@type":"Article","@id":"https:\/\/www.ikuchyne.sk\/eshop\/objavte-tajomstvo-ciernej-kuchyne\/#article","isPartOf":{"@id":"https:\/\/www.ikuchyne.sk\/eshop\/objavte-tajomstvo-ciernej-kuchyne\/"},"author":{"name":"Tatiana Janokov\u00e1","@id":"https:\/\/www.ikuchyne.sk\/eshop\/#\/schema\/person\/e61d3f737f96014005fda6b9c26dbf31"},"headline":"Objavte tajomstvo \u010diernej kuchyne!","datePublished":"2020-06-11T16:36:18+00:00","dateModified":"2020-06-12T10:20:20+00:00","mainEntityOfPage":{"@id":"https:\/\/www.ikuchyne.sk\/eshop\/objavte-tajomstvo-ciernej-kuchyne\/"},"wordCount":810,"publisher":{"@id":"https:\/\/www.ikuchyne.sk\/eshop\/#organization"},"articleSection":["Jed\u00e1le\u0148 a kuchy\u0148a"],"inLanguage":"sk-SK"},{"@type":"WebPage","@id":"https:\/\/www.ikuchyne.sk\/eshop\/objavte-tajomstvo-ciernej-kuchyne\/","url":"https:\/\/www.ikuchyne.sk\/eshop\/objavte-tajomstvo-ciernej-kuchyne\/","name":"Objavte tajomstvo \u010diernej kuchyne! &#187; iKuchyne iSHOP s n\u00e1bytkom","isPartOf":{"@id":"https:\/\/www.ikuchyne.sk\/eshop\/#website"},"datePublished":"2020-06-11T16:36:18+00:00","dateModified":"2020-06-12T10:20:20+00:00","breadcrumb":{"@id":"https:\/\/www.ikuchyne.sk\/eshop\/objavte-tajomstvo-ciernej-kuchyne\/#breadcrumb"},"inLanguage":"sk-SK","potentialAction":[{"@type":"ReadAction","target":["https:\/\/www.ikuchyne.sk\/eshop\/objavte-tajomstvo-ciernej-kuchyne\/"]}]},{"@type":"BreadcrumbList","@id":"https:\/\/www.ikuchyne.sk\/eshop\/objavte-tajomstvo-ciernej-kuchyne\/#breadcrumb","itemListElement":[{"@type":"ListItem","position":1,"name":"Home","item":"https:\/\/www.ikuchyne.sk\/eshop\/"},{"@type":"ListItem","position":2,"name":"Objavte tajomstvo \u010diernej kuchyne!"}]},{"@type":"WebSite","@id":"https:\/\/www.ikuchyne.sk\/eshop\/#website","url":"https:\/\/www.ikuchyne.sk\/eshop\/","name":"iKuchyne iSHOP s n\u00e1bytkom","description":"Jed\u00e1lensk\u00e9 stoly, stoli\u010dky, n\u00e1bytok, svietidl\u00e1...","publisher":{"@id":"https:\/\/www.ikuchyne.sk\/eshop\/#organization"},"potentialAction":[{"@type":"SearchAction","target":{"@type":"EntryPoint","urlTemplate":"https:\/\/www.ikuchyne.sk\/eshop\/?s={search_term_string}"},"query-input":"required name=search_term_string"}],"inLanguage":"sk-SK"},{"@type":"Organization","@id":"https:\/\/www.ikuchyne.sk\/eshop\/#organization","name":"ikuchyne!","url":"https:\/\/www.ikuchyne.sk\/eshop\/","logo":{"@type":"ImageObject","inLanguage":"sk-SK","@id":"https:\/\/www.ikuchyne.sk\/eshop\/#\/schema\/logo\/image\/","url":"https:\/\/www.ikuchyne.sk\/eshop\/wp-content\/uploads\/2017\/04\/ikuchyne-logo.jpg","contentUrl":"https:\/\/www.ikuchyne.sk\/eshop\/wp-content\/uploads\/2017\/04\/ikuchyne-logo.jpg","width":200,"height":48,"caption":"ikuchyne!"},"image":{"@id":"https:\/\/www.ikuchyne.sk\/eshop\/#\/schema\/logo\/image\/"},"sameAs":["https:\/\/www.facebook.com\/ikuchyne\/","https:\/\/www.instagram.com\/ikuchyne.sk\/","https:\/\/sk.pinterest.com\/ikuchynesk\/"]},{"@type":"Person","@id":"https:\/\/www.ikuchyne.sk\/eshop\/#\/schema\/person\/e61d3f737f96014005fda6b9c26dbf31","name":"Tatiana Janokov\u00e1","image":{"@type":"ImageObject","inLanguage":"sk-SK","@id":"https:\/\/www.ikuchyne.sk\/eshop\/#\/schema\/person\/image\/","url":"https:\/\/www.ikuchyne.sk\/eshop\/wp-content\/plugins\/wp-user-avatar\/deprecated\/wp-user-avatar\/images\/wpua-96x96.png","contentUrl":"https:\/\/www.ikuchyne.sk\/eshop\/wp-content\/plugins\/wp-user-avatar\/deprecated\/wp-user-avatar\/images\/wpua-96x96.png","caption":"Tatiana Janokov\u00e1"},"description":"Tatiana je absolventkou UPJ\u0160 v\u00a0Ko\u0161iciach v\u00a0odbore masmedi\u00e1lne \u0161t\u00fadi\u00e1. Moment\u00e1lne sa venuje svojim de\u0165om a\u00a0popri ka\u017edodenn\u00fdch povinnostiach si rada n\u00e1jde trochu \u010dasu na copywriting. Takto relaxuje a\u00a0p\u00edsanie je jej \u201evlastn\u00fdm svetom\u201c. Zauj\u00edma sa o\u00a0aktu\u00e1lne spolo\u010densk\u00e9 dianie, miluje m\u00f3du a, samozrejme, interi\u00e9rov\u00fd dizajn.","url":"https:\/\/www.ikuchyne.sk\/eshop\/author\/tatiana-janokova\/"}]}},"_links":{"self":[{"href":"https:\/\/www.ikuchyne.sk\/eshop\/wp-json\/wp\/v2\/posts\/129796"}],"collection":[{"href":"https:\/\/www.ikuchyne.sk\/eshop\/wp-json\/wp\/v2\/posts"}],"about":[{"href":"https:\/\/www.ikuchyne.sk\/eshop\/wp-json\/wp\/v2\/types\/post"}],"author":[{"embeddable":true,"href":"https:\/\/www.ikuchyne.sk\/eshop\/wp-json\/wp\/v2\/users\/583"}],"replies":[{"embeddable":true,"href":"https:\/\/www.ikuchyne.sk\/eshop\/wp-json\/wp\/v2\/comments?post=129796"}],"version-history":[{"count":3,"href":"https:\/\/www.ikuchyne.sk\/eshop\/wp-json\/wp\/v2\/posts\/129796\/revisions"}],"predecessor-version":[{"id":150085,"href":"https:\/\/www.ikuchyne.sk\/eshop\/wp-json\/wp\/v2\/posts\/129796\/revisions\/150085"}],"wp:featuredmedia":[{"embeddable":true,"href":"https:\/\/www.ikuchyne.sk\/eshop\/wp-json\/wp\/v2\/media\/129875"}],"wp:attachment":[{"href":"https:\/\/www.ikuchyne.sk\/eshop\/wp-json\/wp\/v2\/media?parent=129796"}],"wp:term":[{"taxonomy":"category","embeddable":true,"href":"https:\/\/www.ikuchyne.sk\/eshop\/wp-json\/wp\/v2\/categories?post=129796"},{"taxonomy":"post_tag","embeddable":true,"href":"https:\/\/www.ikuchyne.sk\/eshop\/wp-json\/wp\/v2\/tags?post=129796"}],"curies":[{"name":"wp","href":"https:\/\/api.w.org\/{rel}","templated":true}]}}