{"id":150825,"date":"2021-04-12T21:19:14","date_gmt":"2021-04-12T19:19:14","guid":{"rendered":"https:\/\/www.ikuchyne.sk\/eshop\/?p=150825"},"modified":"2021-04-15T14:15:09","modified_gmt":"2021-04-15T12:15:09","slug":"moderna-obyvacka-s-elegantnymi-prvkami","status":"publish","type":"post","link":"https:\/\/www.ikuchyne.sk\/eshop\/moderna-obyvacka-s-elegantnymi-prvkami\/","title":{"rendered":"Zaria\u010fte si modern\u00fa ob\u00fdva\u010dku s elegantn\u00fdmi prvkami"},"content":{"rendered":"<p>[vc_row][vc_column][vc_column_text]K\u00fapili ste si vysn\u00edvan\u00fd byt a pustili ste sa do zaria\u010fovania ob\u00fdva\u010dky alebo prer\u00e1bate star\u00fa ob\u00fdva\u010dku na jej modern\u00fa verziu? Nemus\u00edte ma\u0165 obavy, so zaria\u010fovan\u00edm a potrebn\u00fdm vybaven\u00edm v\u00e1m hravo pom\u00f4\u017eeme. Plus sme vybrali 8 prvkov, ktor\u00e9 v <strong>modernej ob\u00fdva\u010dke<\/strong> jednozna\u010dne nesm\u00fa ch\u00fdba\u0165.[\/vc_column_text][vc_single_image image=&#8221;150826&#8243; img_size=&#8221;large&#8221; add_caption=&#8221;yes&#8221; alignment=&#8221;center&#8221; style=&#8221;vc_box_rounded&#8221; onclick=&#8221;custom_link&#8221; img_link_target=&#8221;_blank&#8221; link=&#8221;https:\/\/ikuchyne.sk\/&#8221;][vc_column_text]Nez\u00e1le\u017e\u00ed na tom, \u010di m\u00e1te k dispoz\u00edcii men\u0161\u00ed alebo v\u00e4\u010d\u0161\u00ed priestor. <strong>Vhodn\u00fd pl\u00e1n a dohoda s partnerom<\/strong> na za\u010diatok bude sta\u010di\u0165. Podstatn\u00e9 je, aby ste sa so spolub\u00fdvaj\u00facim zhodli a vytvorili si primeran\u00e9 podmienky na zve\u013ea\u010fovanie. Obom predsa ide o<strong> premenu oby\u010dajn\u00e9ho priestoru na \u00fatuln\u00fd domov<\/strong>.[\/vc_column_text][vc_single_image image=&#8221;150827&#8243; img_size=&#8221;large&#8221; add_caption=&#8221;yes&#8221; alignment=&#8221;center&#8221; style=&#8221;vc_box_rounded&#8221; onclick=&#8221;custom_link&#8221; img_link_target=&#8221;_blank&#8221; link=&#8221;https:\/\/ikuchyne.sk\/&#8221;][\/vc_column][\/vc_row][vc_row][vc_column][vc_column_text]<\/p>\n<h2><span style=\"color: #e3245e;\"><b>Modern\u00e1 ob\u00fdva\u010dka u v\u00e1s doma &#8211; kde za\u010da\u0165?<\/b><\/span><\/h2>\n<p>Jedna z najv\u00e4\u010d\u0161\u00edch ch\u00fdb pri zaria\u010fovan\u00ed ak\u00e9hoko\u013evek interi\u00e9ru je nespr\u00e1vne vymeranie dispoz\u00edcie. N\u00e1sledne sa un\u00e1hlime a zaobstar\u00e1me si n\u00e1bytok, ktor\u00fd do miestnosti nepasuje.<\/p>\n<p>Tak\u017ee v prvom rade je d\u00f4le\u017eit\u00e9 spr\u00e1vne zmera\u0165 rozlohu ob\u00fdva\u010dky. Potom<strong> porozm\u00fd\u0161\u013ea\u0165 nad \u0161t\u00fdlom a<\/strong> <strong>napl\u00e1nova\u0165 k\u00fapu <\/strong><a href=\"https:\/\/www.ikuchyne.sk\/eshop\/kategoria\/nabytok\/\"><strong><span style=\"color: #e3245e;\">z\u00e1kladn\u00e9ho n\u00e1bytku<\/span><\/strong><\/a>, aby spolu v\u0161etko v novej modernej ob\u00fdva\u010dke ladilo.<\/p>\n<p>Rovnako si na za\u010diatku zvo\u013ete <strong>ohniskov\u00e9 miesto<\/strong>. Je to stredobod miestnosti, na ktor\u00fd sa s\u00fastred\u00ed cel\u00fd priestor a dod\u00e1va izbe teplo. V modernom ob\u00fdvacom priestore to je v\u00e4\u010d\u0161inou pohodln\u00e1 pohovka, pr\u00edpadne aj kozub \u010di ve\u013ek\u00e9 franc\u00fazske okn\u00e1.[\/vc_column_text][vc_single_image image=&#8221;150828&#8243; img_size=&#8221;large&#8221; add_caption=&#8221;yes&#8221; alignment=&#8221;center&#8221; style=&#8221;vc_box_rounded&#8221; onclick=&#8221;custom_link&#8221; img_link_target=&#8221;_blank&#8221; link=&#8221;https:\/\/ikuchyne.sk\/&#8221;][\/vc_column][\/vc_row][vc_row][vc_column][vc_column_text]<\/p>\n<h2><span style=\"color: #e3245e;\"><b>Modern\u00e1 ob\u00fdva\u010dka a 8 d\u00f4le\u017eit\u00fdch prvkov pri zaria\u010fovan\u00ed<br \/>\n<\/b><\/span><\/h2>\n<p><strong>Modern\u00e1 ob\u00fdva\u010dka by mala by\u0165 minimalistick\u00e1 a priestrann\u00e1<\/strong>. Z\u00e1rove\u0148 si ale priestor vy\u017eaduje ist\u00e9 prvky, ktor\u00e9 ju robia plnohodnotnou.<\/p>\n<p>Postupne sa bli\u017e\u0161ie pozrieme na ka\u017ed\u00fd jeden z nich. Na za\u010diatok v\u00e1m ich v skratke vymenujeme: pohovka, skri\u0148a, koberec, <a href=\"https:\/\/www.ikuchyne.sk\/eshop\/kategoria\/stoly\/konferencne-stoliky\/\"><span style=\"color: #e3245e;\">konferen\u010dn\u00fd stol\u00edk<\/span><\/a>, luster alebo stojanov\u00e1 lampa, obrazy \u010di r\u00e1miky s fotografiami, kvety a <a href=\"https:\/\/www.ikuchyne.sk\/eshop\/kategoria\/zrkadla\/\"><span style=\"color: #e3245e;\">zrkadlo<\/span><\/a>.<\/p>\n<p><strong>8 elegantn\u00fdch prvkov<\/strong> dok\u00e1\u017ee z oby\u010dajnej izby vytvori\u0165 kr\u00e1snu modern\u00fa ob\u00fdva\u010dku. Mimo toho dbajte na to, aby jednotliv\u00e9 doplnky boli podobn\u00e9ho materi\u00e1lu a \u0161t\u00fdlu. \u010co sa t\u00fdka farieb, <strong>d\u00e1vajte si pozor na pr\u00edli\u0161n\u00fa farebnos\u0165<\/strong>. Najlep\u0161\u00ed je kontrast tmav\u00fdch a svetl\u00fdch odtie\u0148ov.[\/vc_column_text][vc_single_image image=&#8221;150829&#8243; img_size=&#8221;large&#8221; add_caption=&#8221;yes&#8221; alignment=&#8221;center&#8221; style=&#8221;vc_box_rounded&#8221; onclick=&#8221;custom_link&#8221; img_link_target=&#8221;_blank&#8221; link=&#8221;https:\/\/ikuchyne.sk\/&#8221;][vc_column_text]<\/p>\n<h2><span style=\"color: #e3245e;\"><b>1. Z\u00e1kladn\u00fd prvok modernej ob\u00fdva\u010dky &#8211; pohovka<br \/>\n<\/b><\/span><\/h2>\n<p>M\u00e1me \u0161\u0165astie, \u017ee v dne\u0161nej dobe ide pohodlie a estetika ruka v ruke, a jedno nevylu\u010duje druh\u00e9. <a href=\"https:\/\/www.ikuchyne.sk\/eshop\/kategoria\/pohovky\/\"><strong><span style=\"color: #e3245e;\">Pohodln\u00e1 pohovka<\/span><\/strong><\/a><strong> by mala tvori\u0165 z\u00e1klad modernej ob\u00fdva\u010dky, z\u00e1rove\u0148 je ohniskov\u00fdm miestom.<\/strong> Je prvkom \u010d\u00edslo jeden, na ktor\u00fd by sme ur\u010dite nemali zabudn\u00fa\u0165.[\/vc_column_text][vc_single_image image=&#8221;150830&#8243; img_size=&#8221;large&#8221; add_caption=&#8221;yes&#8221; alignment=&#8221;center&#8221; style=&#8221;vc_box_rounded&#8221; onclick=&#8221;custom_link&#8221; img_link_target=&#8221;_blank&#8221; link=&#8221;https:\/\/www.ikuchyne.sk\/eshop\/produkt\/rozkladacia-pohovka-boutique-smaragdzelena-zamat\/&#8221;][vc_column_text]<\/p>\n<h2><span style=\"color: #e3245e;\"><b>2. Skri\u0148a &#8211; \u00falo\u017en\u00fd priestor<br \/>\n<\/b><\/span><\/h2>\n<p>Skri\u0148a je <strong>s\u00fa\u010das\u0165 miestnosti, ktor\u00e1 m\u00e1 viac-menej funk\u010dn\u00fd charakter<\/strong>. Sl\u00fa\u017ei ako \u00falo\u017en\u00fd priestor pre knihy, dokumenty, cennosti a podobne. Nedajte sa ale zmias\u0165, skrine m\u00f4\u017eu ulahodi\u0165 aj z estetickej str\u00e1nky. \u010ci u\u017e p\u00f4jde o hotov\u00fd kus n\u00e1bytku, alebo bude <a href=\"https:\/\/www.ikuchyne.sk\/vstavane-skrine\"><strong><span style=\"color: #e3245e;\">vyroben\u00e1 na mieru<\/span><\/strong><\/a> pod\u013ea konkr\u00e9tnych rozmerov.<\/p>\n<p><span style=\"color: #000000;\"><span style=\"font-weight: 400;\">\u00a0<\/span><\/span>[\/vc_column_text][vc_message icon_fontawesome=&#8221;&#8221;]<b>Rada odborn\u00edka:\u00a0<\/b>Ak si po\u010das procesu neviete s nie\u010d\u00edm rady, nev\u00e1hajte a kontaktujte zodpovedn\u00fa osobu.[\/vc_message][vc_column_text]<\/p>\n<h2><span style=\"color: #e3245e;\"><b>3. Koberec do modernej ob\u00fdva\u010dky patr\u00ed<br \/>\n<\/b><\/span><\/h2>\n<p>V modernej ob\u00fdva\u010dke by nemal ch\u00fdba\u0165 <strong>koberec. Dotv\u00e1ra v miestnosti \u00fatulnos\u0165 <\/strong>a pocit domova. Mal by efekt\u00edvne ladi\u0165 s pohovkou a skri\u0148ou.<\/p>\n<p><span style=\"color: #000000;\"><span style=\"font-weight: 400;\">\u00a0<\/span><\/span>[\/vc_column_text][vc_single_image image=&#8221;150831&#8243; img_size=&#8221;large&#8221; add_caption=&#8221;yes&#8221; alignment=&#8221;center&#8221; style=&#8221;vc_box_rounded&#8221; onclick=&#8221;custom_link&#8221; img_link_target=&#8221;_blank&#8221; link=&#8221;https:\/\/www.ikuchyne.sk\/eshop\/produkt\/bezovy-koberec-modernart-240x160cm\/&#8221;][vc_column_text]<\/p>\n<h2><span style=\"color: #e3245e;\"><b>4. Konferen\u010dn\u00fd stol\u00edk<br \/>\n<\/b><\/span><\/h2>\n<p>Mal\u00fd konferen\u010dn\u00fd stol\u00edk v ob\u00fdvacom priestore spolu s pohovkou tvor\u00ed <strong>ohniskov\u00e9 miesto<\/strong>. M\u00f4\u017eete ho doplni\u0165 dekor\u00e1ciami, ako s\u00fa svie\u010dky, <a href=\"https:\/\/www.ikuchyne.sk\/eshop\/kategoria\/stolove-lampy\/\"><span style=\"color: #e3245e;\">lampi\u010dka<\/span><\/a> \u010di kvety. Pri oddychovan\u00ed si na neho odlo\u017e\u00edte k\u00e1vu s knihou alebo ovl\u00e1da\u010d od telev\u00edzie.<\/p>\n<p><span style=\"color: #000000;\"><strong>\u00a0<\/strong><\/span>[\/vc_column_text][vc_single_image image=&#8221;150832&#8243; img_size=&#8221;large&#8221; add_caption=&#8221;yes&#8221; alignment=&#8221;center&#8221; style=&#8221;vc_box_rounded&#8221; onclick=&#8221;custom_link&#8221; img_link_target=&#8221;_blank&#8221; link=&#8221;https:\/\/www.ikuchyne.sk\/eshop\/produkt\/konferencny-stolik-elements-oriental-set-2ks-strieborny\/&#8221;][\/vc_column][\/vc_row][vc_row][vc_column][vc_column_text]<\/p>\n<h2><span style=\"color: #e3245e;\"><b>5. Svetlo ako z\u00e1klad pre modern\u00fa ob\u00fdva\u010dku<br \/>\n<\/b><\/span><\/h2>\n<p>D\u00e1nsky recept na \u0161\u0165astn\u00fd \u017eivot Hygge definuje <strong>svetlo ako z\u00e1klad relaxu a pokoja<\/strong>. Preto si do modernej ob\u00fdva\u010dky ur\u010dite zaobstarajte aj luster alebo <a href=\"https:\/\/www.ikuchyne.sk\/eshop\/kategoria\/stojace-lampy\/\"><span style=\"color: #e3245e;\"><strong>stojanov\u00fa lampu<\/strong><\/span><\/a>.[\/vc_column_text][vc_message message_box_color=&#8221;alert-success&#8221; icon_fontawesome=&#8221;&#8221;]<b>VEDELI STE, \u017dE: <\/b>Hygge si zaklad\u00e1 na hesle menej je niekedy viac? D\u00e1ni veria, \u017ee kvalita je d\u00f4le\u017eitej\u0161ia ako kvantita. To sa prejavuje aj v \u0161kandin\u00e1vskom sp\u00f4sobe zaria\u010fovania modern\u00fdch priestorov. In\u0161pirujte sa.[\/vc_message][vc_single_image image=&#8221;150833&#8243; img_size=&#8221;large&#8221; add_caption=&#8221;yes&#8221; alignment=&#8221;center&#8221; style=&#8221;vc_box_rounded&#8221; onclick=&#8221;custom_link&#8221; img_link_target=&#8221;_blank&#8221; link=&#8221;https:\/\/www.ikuchyne.sk\/eshop\/produkt\/zavesna-lampa-bamboo-60cm\/&#8221;][vc_column_text]<\/p>\n<h2><span style=\"color: #e3245e;\"><b>6. Obrazy, r\u00e1miky s fotografiami<br \/>\n<\/b><\/span><\/h2>\n<p>Z\u00e1kladn\u00e9 kusy n\u00e1bytku u\u017e s\u00fa na svojom mieste, a teraz e\u0161te ost\u00e1va zaplni\u0165 pr\u00e1zdnu stenu. Skvelo sa na \u0148u hodia <a href=\"https:\/\/www.ikuchyne.sk\/eshop\/kategoria\/obrazy\/\"><span style=\"color: #e3245e;\"><strong>obrazy<\/strong><\/span><\/a> alebo r\u00e1miky so spomienkov\u00fdmi fotografiami. Tu sa zamerajte na farby pohovky a koberca.<strong> Ak s\u00fa tmav\u00fdch farieb, <\/strong><a href=\"https:\/\/www.ikuchyne.sk\/eshop\/kategoria\/bytove-doplnky\/dekoracie-do-bytu\/\"><strong><span style=\"color: #e3245e;\">dekor\u00e1cia<\/span><\/strong><\/a><strong> by mala by\u0165 svetlej\u0161ia a naopak.<\/strong><\/p>\n<p><span style=\"color: #000000;\"><span style=\"font-weight: 400;\">\u00a0<\/span><\/span>[\/vc_column_text][vc_single_image image=&#8221;150834&#8243; img_size=&#8221;large&#8221; add_caption=&#8221;yes&#8221; alignment=&#8221;center&#8221; style=&#8221;vc_box_rounded&#8221; onclick=&#8221;custom_link&#8221; img_link_target=&#8221;_blank&#8221; link=&#8221;https:\/\/www.ikuchyne.sk\/&#8221;][vc_column_text]<\/p>\n<h2><span style=\"color: #e3245e;\"><b>7. Zelene nie je nikdy dos\u0165<br \/>\n<\/b><\/span><\/h2>\n<p>Va\u0161a modern\u00e1 ob\u00fdva\u010dka je u\u017e skoro dokonal\u00e1, no \u010dak\u00e1 v\u00e1s e\u0161te p\u00e1r posledn\u00fdch \u00faprav.<strong> Pri zaria\u010fovan\u00ed miestnosti nesmiete zabudn\u00fa\u0165 na kvety.<\/strong> Ony s\u00fa nielen kr\u00e1sne, ale aj pretv\u00e1raj\u00fa izbu na o\u00e1zu pokoja, \u010d\u00edm upokojuj\u00fa myse\u013e. Zelene nie je nikdy dos\u0165, av\u0161ak nezabudnite sa o kvietky patri\u010dne postara\u0165.<\/p>\n<p><span style=\"color: #000000;\"><span style=\"font-weight: 400;\">\u00a0<\/span><\/span>[\/vc_column_text][vc_single_image image=&#8221;150835&#8243; img_size=&#8221;large&#8221; add_caption=&#8221;yes&#8221; alignment=&#8221;center&#8221; style=&#8221;vc_box_rounded&#8221; onclick=&#8221;custom_link&#8221; img_link_target=&#8221;_blank&#8221; link=&#8221;https:\/\/www.ikuchyne.sk\/&#8221;][vc_column_text]<\/p>\n<h2><span style=\"color: #e3245e;\"><b>8. V\u00e4\u010d\u0161ia modern\u00e1 ob\u00fdva\u010dka &#8211; v\u010faka zrkadlu<br \/>\n<\/b><\/span><\/h2>\n<p>Posledn\u00fdm z 8 prvkov je <strong>zrkadlo. Ako bytov\u00fd doplnok zohr\u00e1va podstatn\u00fa \u00falohu. <\/strong>Pri mal\u00fdch priestoroch dokonca dok\u00e1\u017ee izbu opticky zv\u00e4\u010d\u0161i\u0165. V <a href=\"https:\/\/www.ikuchyne.sk\/eshop\/kategoria\/zrkadla\/\"><span style=\"color: #e3245e;\">ponuke<\/span><\/a> s\u00fa jednoduch\u00e9, ale aj \u0161pecifick\u00e9 zrkadl\u00e1 r\u00f4znych ve\u013ekost\u00ed a tvarov.<\/p>\n<p><span style=\"color: #000000;\"><strong>\u00a0<\/strong><\/span>[\/vc_column_text][vc_single_image image=&#8221;150836&#8243; img_size=&#8221;large&#8221; add_caption=&#8221;yes&#8221; alignment=&#8221;center&#8221; style=&#8221;vc_box_rounded&#8221; onclick=&#8221;custom_link&#8221; img_link_target=&#8221;_blank&#8221; link=&#8221;https:\/\/www.ikuchyne.sk\/eshop\/produkt\/nastenne-zrkadlo-elegancia-170cm-strieborne\/&#8221;][\/vc_column][\/vc_row][vc_row][vc_column][vc_message icon_fontawesome=&#8221;&#8221;]<b>TIP NA Z\u00c1VER: <\/b>Zve\u013ea\u010fovanie interi\u00e9ru modernej ob\u00fdva\u010dky m\u00f4\u017ee by\u0165 pre laika probl\u00e9m. No d\u00fafame, \u017ee ste sa in\u0161pirovali a s pomocou r\u00e1d<strong> premen\u00edte pr\u00e1zdny priestor na miestnos\u0165 hodn\u00fa oddychu<\/strong> a relaxu. Nezabudnite myslie\u0165 na 8 prvkov, ktor\u00e9 v\u00e1m s t\u00fdm \u013eahko pom\u00f4\u017eu.[\/vc_message][vc_column_text]<\/p>\n<p style=\"text-align: center;\"><strong>H\u013ead\u00e1te viac in\u0161pir\u00e1cie?\u00a0<\/strong><\/p>\n<p style=\"text-align: center;\">Pozrite si n\u00e1\u0161 e-shop<br \/>\n<strong><a href=\"https:\/\/ikuchyne.sk\/eshop\/\"><span style=\"color: #e3245e;\">Do e-shopu<\/span><\/a><\/strong><\/p>\n<p>[\/vc_column_text][\/vc_column][\/vc_row]<\/p>\n","protected":false},"excerpt":{"rendered":"<p>[vc_row][vc_column][vc_column_text]K\u00fapili ste si vysn\u00edvan\u00fd byt a pustili ste sa do zaria\u010fovania ob\u00fdva\u010dky alebo prer\u00e1bate star\u00fa ob\u00fdva\u010dku na jej modern\u00fa verziu? Nemus\u00edte ma\u0165 obavy, so zaria\u010fovan\u00edm a potrebn\u00fdm vybaven\u00edm v\u00e1m hravo<\/p>\n","protected":false},"author":2168,"featured_media":150826,"comment_status":"closed","ping_status":"open","sticky":false,"template":"","format":"standard","meta":{"footnotes":""},"categories":[1008,1010,1012,1129],"tags":[],"yoast_head":"<!-- This site is optimized with the Yoast SEO plugin v22.1 - https:\/\/yoast.com\/wordpress\/plugins\/seo\/ -->\n<title>Zaria\u010fte si svoju modern\u00fa ob\u00fdva\u010dku &#187; iKuchyne iSHOP s n\u00e1bytkom<\/title>\n<meta name=\"description\" content=\"Pustili ste sa do zaria\u010fovania ob\u00fdva\u010dky alebo prer\u00e1bate star\u00fa ob\u00fdva\u010dku na jej modern\u00fa verziu? Modern\u00e1 ob\u00fdva\u010dka a \u010do v nej nesmie ch\u00fdba\u0165.\" \/>\n<meta name=\"robots\" content=\"index, follow, max-snippet:-1, max-image-preview:large, max-video-preview:-1\" \/>\n<link rel=\"canonical\" href=\"https:\/\/www.ikuchyne.sk\/eshop\/moderna-obyvacka-s-elegantnymi-prvkami\/\" \/>\n<meta property=\"og:locale\" content=\"sk_SK\" \/>\n<meta property=\"og:type\" content=\"article\" \/>\n<meta property=\"og:title\" content=\"Zaria\u010fte si svoju modern\u00fa ob\u00fdva\u010dku &#187; iKuchyne iSHOP s n\u00e1bytkom\" \/>\n<meta property=\"og:description\" content=\"Pustili ste sa do zaria\u010fovania ob\u00fdva\u010dky alebo prer\u00e1bate star\u00fa ob\u00fdva\u010dku na jej modern\u00fa verziu? Modern\u00e1 ob\u00fdva\u010dka a \u010do v nej nesmie ch\u00fdba\u0165.\" \/>\n<meta property=\"og:url\" content=\"https:\/\/www.ikuchyne.sk\/eshop\/moderna-obyvacka-s-elegantnymi-prvkami\/\" \/>\n<meta property=\"og:site_name\" content=\"iKuchyne iSHOP s n\u00e1bytkom\" \/>\n<meta property=\"article:publisher\" content=\"https:\/\/www.facebook.com\/ikuchyne\/\" \/>\n<meta property=\"article:published_time\" content=\"2021-04-12T19:19:14+00:00\" \/>\n<meta property=\"article:modified_time\" content=\"2021-04-15T12:15:09+00:00\" \/>\n<meta property=\"og:image\" content=\"https:\/\/www.ikuchyne.sk\/eshop\/wp-content\/uploads\/2021\/04\/1-3.jpg\" \/>\n\t<meta property=\"og:image:width\" content=\"1280\" \/>\n\t<meta property=\"og:image:height\" content=\"853\" \/>\n\t<meta property=\"og:image:type\" content=\"image\/jpeg\" \/>\n<meta name=\"author\" content=\"Bibiana Hajdanyov\u00e1\" \/>\n<meta name=\"twitter:card\" content=\"summary_large_image\" \/>\n<meta name=\"twitter:label1\" content=\"Autor\" \/>\n\t<meta name=\"twitter:data1\" content=\"Bibiana Hajdanyov\u00e1\" \/>\n\t<meta name=\"twitter:label2\" content=\"Predpokladan\u00fd \u010das \u010d\u00edtania\" \/>\n\t<meta name=\"twitter:data2\" content=\"4 min\u00faty\" \/>\n<script type=\"application\/ld+json\" class=\"yoast-schema-graph\">{\"@context\":\"https:\/\/schema.org\",\"@graph\":[{\"@type\":\"Article\",\"@id\":\"https:\/\/www.ikuchyne.sk\/eshop\/moderna-obyvacka-s-elegantnymi-prvkami\/#article\",\"isPartOf\":{\"@id\":\"https:\/\/www.ikuchyne.sk\/eshop\/moderna-obyvacka-s-elegantnymi-prvkami\/\"},\"author\":{\"name\":\"Bibiana Hajdanyov\u00e1\",\"@id\":\"https:\/\/www.ikuchyne.sk\/eshop\/#\/schema\/person\/2d087365f1f2308a693a4b4a9c2ebf09\"},\"headline\":\"Zaria\u010fte si modern\u00fa ob\u00fdva\u010dku s elegantn\u00fdmi prvkami\",\"datePublished\":\"2021-04-12T19:19:14+00:00\",\"dateModified\":\"2021-04-15T12:15:09+00:00\",\"mainEntityOfPage\":{\"@id\":\"https:\/\/www.ikuchyne.sk\/eshop\/moderna-obyvacka-s-elegantnymi-prvkami\/\"},\"wordCount\":1410,\"publisher\":{\"@id\":\"https:\/\/www.ikuchyne.sk\/eshop\/#organization\"},\"articleSection\":[\"IN\u0160PIR\u00c1CIE\",\"N\u00c1BYTOK\",\"Ob\u00fdva\u010dky\",\"Produkty v realiz\u00e1ciach\"],\"inLanguage\":\"sk-SK\"},{\"@type\":\"WebPage\",\"@id\":\"https:\/\/www.ikuchyne.sk\/eshop\/moderna-obyvacka-s-elegantnymi-prvkami\/\",\"url\":\"https:\/\/www.ikuchyne.sk\/eshop\/moderna-obyvacka-s-elegantnymi-prvkami\/\",\"name\":\"Zaria\u010fte si svoju modern\u00fa ob\u00fdva\u010dku &#187; iKuchyne iSHOP s n\u00e1bytkom\",\"isPartOf\":{\"@id\":\"https:\/\/www.ikuchyne.sk\/eshop\/#website\"},\"datePublished\":\"2021-04-12T19:19:14+00:00\",\"dateModified\":\"2021-04-15T12:15:09+00:00\",\"description\":\"Pustili ste sa do zaria\u010fovania ob\u00fdva\u010dky alebo prer\u00e1bate star\u00fa ob\u00fdva\u010dku na jej modern\u00fa verziu? Modern\u00e1 ob\u00fdva\u010dka a \u010do v nej nesmie ch\u00fdba\u0165.\",\"breadcrumb\":{\"@id\":\"https:\/\/www.ikuchyne.sk\/eshop\/moderna-obyvacka-s-elegantnymi-prvkami\/#breadcrumb\"},\"inLanguage\":\"sk-SK\",\"potentialAction\":[{\"@type\":\"ReadAction\",\"target\":[\"https:\/\/www.ikuchyne.sk\/eshop\/moderna-obyvacka-s-elegantnymi-prvkami\/\"]}]},{\"@type\":\"BreadcrumbList\",\"@id\":\"https:\/\/www.ikuchyne.sk\/eshop\/moderna-obyvacka-s-elegantnymi-prvkami\/#breadcrumb\",\"itemListElement\":[{\"@type\":\"ListItem\",\"position\":1,\"name\":\"Home\",\"item\":\"https:\/\/www.ikuchyne.sk\/eshop\/\"},{\"@type\":\"ListItem\",\"position\":2,\"name\":\"Zaria\u010fte si modern\u00fa ob\u00fdva\u010dku s elegantn\u00fdmi prvkami\"}]},{\"@type\":\"WebSite\",\"@id\":\"https:\/\/www.ikuchyne.sk\/eshop\/#website\",\"url\":\"https:\/\/www.ikuchyne.sk\/eshop\/\",\"name\":\"iKuchyne iSHOP s n\u00e1bytkom\",\"description\":\"Jed\u00e1lensk\u00e9 stoly, stoli\u010dky, n\u00e1bytok, svietidl\u00e1...\",\"publisher\":{\"@id\":\"https:\/\/www.ikuchyne.sk\/eshop\/#organization\"},\"potentialAction\":[{\"@type\":\"SearchAction\",\"target\":{\"@type\":\"EntryPoint\",\"urlTemplate\":\"https:\/\/www.ikuchyne.sk\/eshop\/?s={search_term_string}\"},\"query-input\":\"required name=search_term_string\"}],\"inLanguage\":\"sk-SK\"},{\"@type\":\"Organization\",\"@id\":\"https:\/\/www.ikuchyne.sk\/eshop\/#organization\",\"name\":\"ikuchyne!\",\"url\":\"https:\/\/www.ikuchyne.sk\/eshop\/\",\"logo\":{\"@type\":\"ImageObject\",\"inLanguage\":\"sk-SK\",\"@id\":\"https:\/\/www.ikuchyne.sk\/eshop\/#\/schema\/logo\/image\/\",\"url\":\"https:\/\/www.ikuchyne.sk\/eshop\/wp-content\/uploads\/2017\/04\/ikuchyne-logo.jpg\",\"contentUrl\":\"https:\/\/www.ikuchyne.sk\/eshop\/wp-content\/uploads\/2017\/04\/ikuchyne-logo.jpg\",\"width\":200,\"height\":48,\"caption\":\"ikuchyne!\"},\"image\":{\"@id\":\"https:\/\/www.ikuchyne.sk\/eshop\/#\/schema\/logo\/image\/\"},\"sameAs\":[\"https:\/\/www.facebook.com\/ikuchyne\/\",\"https:\/\/www.instagram.com\/ikuchyne.sk\/\",\"https:\/\/sk.pinterest.com\/ikuchynesk\/\"]},{\"@type\":\"Person\",\"@id\":\"https:\/\/www.ikuchyne.sk\/eshop\/#\/schema\/person\/2d087365f1f2308a693a4b4a9c2ebf09\",\"name\":\"Bibiana Hajdanyov\u00e1\",\"image\":{\"@type\":\"ImageObject\",\"inLanguage\":\"sk-SK\",\"@id\":\"https:\/\/www.ikuchyne.sk\/eshop\/#\/schema\/person\/image\/\",\"url\":\"https:\/\/www.ikuchyne.sk\/eshop\/wp-content\/plugins\/wp-user-avatar\/deprecated\/wp-user-avatar\/images\/wpua-96x96.png\",\"contentUrl\":\"https:\/\/www.ikuchyne.sk\/eshop\/wp-content\/plugins\/wp-user-avatar\/deprecated\/wp-user-avatar\/images\/wpua-96x96.png\",\"caption\":\"Bibiana Hajdanyov\u00e1\"},\"description\":\"Vol\u00e1m sa Bibi\u00e1na, zbo\u017e\u0148ujem p\u00edsanie a som s\u00fa\u010das\u0165ou kreat\u00edvneho t\u00edmu Coolwriters. M\u00e1m rada proces, kedy zis\u0165ujem, objavujem a analyzujem. Najviac ma bav\u00ed dolova\u0165 inform\u00e1cie z umenia, dizajnu a cestovania.\",\"url\":\"https:\/\/www.ikuchyne.sk\/eshop\/author\/bibiana\/\"}]}<\/script>\n<!-- \/ Yoast SEO plugin. -->","yoast_head_json":{"title":"Zaria\u010fte si svoju modern\u00fa ob\u00fdva\u010dku &#187; iKuchyne iSHOP s n\u00e1bytkom","description":"Pustili ste sa do zaria\u010fovania ob\u00fdva\u010dky alebo prer\u00e1bate star\u00fa ob\u00fdva\u010dku na jej modern\u00fa verziu? Modern\u00e1 ob\u00fdva\u010dka a \u010do v nej nesmie ch\u00fdba\u0165.","robots":{"index":"index","follow":"follow","max-snippet":"max-snippet:-1","max-image-preview":"max-image-preview:large","max-video-preview":"max-video-preview:-1"},"canonical":"https:\/\/www.ikuchyne.sk\/eshop\/moderna-obyvacka-s-elegantnymi-prvkami\/","og_locale":"sk_SK","og_type":"article","og_title":"Zaria\u010fte si svoju modern\u00fa ob\u00fdva\u010dku &#187; iKuchyne iSHOP s n\u00e1bytkom","og_description":"Pustili ste sa do zaria\u010fovania ob\u00fdva\u010dky alebo prer\u00e1bate star\u00fa ob\u00fdva\u010dku na jej modern\u00fa verziu? Modern\u00e1 ob\u00fdva\u010dka a \u010do v nej nesmie ch\u00fdba\u0165.","og_url":"https:\/\/www.ikuchyne.sk\/eshop\/moderna-obyvacka-s-elegantnymi-prvkami\/","og_site_name":"iKuchyne iSHOP s n\u00e1bytkom","article_publisher":"https:\/\/www.facebook.com\/ikuchyne\/","article_published_time":"2021-04-12T19:19:14+00:00","article_modified_time":"2021-04-15T12:15:09+00:00","og_image":[{"width":1280,"height":853,"url":"https:\/\/www.ikuchyne.sk\/eshop\/wp-content\/uploads\/2021\/04\/1-3.jpg","type":"image\/jpeg"}],"author":"Bibiana Hajdanyov\u00e1","twitter_card":"summary_large_image","twitter_misc":{"Autor":"Bibiana Hajdanyov\u00e1","Predpokladan\u00fd \u010das \u010d\u00edtania":"4 min\u00faty"},"schema":{"@context":"https:\/\/schema.org","@graph":[{"@type":"Article","@id":"https:\/\/www.ikuchyne.sk\/eshop\/moderna-obyvacka-s-elegantnymi-prvkami\/#article","isPartOf":{"@id":"https:\/\/www.ikuchyne.sk\/eshop\/moderna-obyvacka-s-elegantnymi-prvkami\/"},"author":{"name":"Bibiana Hajdanyov\u00e1","@id":"https:\/\/www.ikuchyne.sk\/eshop\/#\/schema\/person\/2d087365f1f2308a693a4b4a9c2ebf09"},"headline":"Zaria\u010fte si modern\u00fa ob\u00fdva\u010dku s elegantn\u00fdmi prvkami","datePublished":"2021-04-12T19:19:14+00:00","dateModified":"2021-04-15T12:15:09+00:00","mainEntityOfPage":{"@id":"https:\/\/www.ikuchyne.sk\/eshop\/moderna-obyvacka-s-elegantnymi-prvkami\/"},"wordCount":1410,"publisher":{"@id":"https:\/\/www.ikuchyne.sk\/eshop\/#organization"},"articleSection":["IN\u0160PIR\u00c1CIE","N\u00c1BYTOK","Ob\u00fdva\u010dky","Produkty v realiz\u00e1ciach"],"inLanguage":"sk-SK"},{"@type":"WebPage","@id":"https:\/\/www.ikuchyne.sk\/eshop\/moderna-obyvacka-s-elegantnymi-prvkami\/","url":"https:\/\/www.ikuchyne.sk\/eshop\/moderna-obyvacka-s-elegantnymi-prvkami\/","name":"Zaria\u010fte si svoju modern\u00fa ob\u00fdva\u010dku &#187; iKuchyne iSHOP s n\u00e1bytkom","isPartOf":{"@id":"https:\/\/www.ikuchyne.sk\/eshop\/#website"},"datePublished":"2021-04-12T19:19:14+00:00","dateModified":"2021-04-15T12:15:09+00:00","description":"Pustili ste sa do zaria\u010fovania ob\u00fdva\u010dky alebo prer\u00e1bate star\u00fa ob\u00fdva\u010dku na jej modern\u00fa verziu? Modern\u00e1 ob\u00fdva\u010dka a \u010do v nej nesmie ch\u00fdba\u0165.","breadcrumb":{"@id":"https:\/\/www.ikuchyne.sk\/eshop\/moderna-obyvacka-s-elegantnymi-prvkami\/#breadcrumb"},"inLanguage":"sk-SK","potentialAction":[{"@type":"ReadAction","target":["https:\/\/www.ikuchyne.sk\/eshop\/moderna-obyvacka-s-elegantnymi-prvkami\/"]}]},{"@type":"BreadcrumbList","@id":"https:\/\/www.ikuchyne.sk\/eshop\/moderna-obyvacka-s-elegantnymi-prvkami\/#breadcrumb","itemListElement":[{"@type":"ListItem","position":1,"name":"Home","item":"https:\/\/www.ikuchyne.sk\/eshop\/"},{"@type":"ListItem","position":2,"name":"Zaria\u010fte si modern\u00fa ob\u00fdva\u010dku s elegantn\u00fdmi prvkami"}]},{"@type":"WebSite","@id":"https:\/\/www.ikuchyne.sk\/eshop\/#website","url":"https:\/\/www.ikuchyne.sk\/eshop\/","name":"iKuchyne iSHOP s n\u00e1bytkom","description":"Jed\u00e1lensk\u00e9 stoly, stoli\u010dky, n\u00e1bytok, svietidl\u00e1...","publisher":{"@id":"https:\/\/www.ikuchyne.sk\/eshop\/#organization"},"potentialAction":[{"@type":"SearchAction","target":{"@type":"EntryPoint","urlTemplate":"https:\/\/www.ikuchyne.sk\/eshop\/?s={search_term_string}"},"query-input":"required name=search_term_string"}],"inLanguage":"sk-SK"},{"@type":"Organization","@id":"https:\/\/www.ikuchyne.sk\/eshop\/#organization","name":"ikuchyne!","url":"https:\/\/www.ikuchyne.sk\/eshop\/","logo":{"@type":"ImageObject","inLanguage":"sk-SK","@id":"https:\/\/www.ikuchyne.sk\/eshop\/#\/schema\/logo\/image\/","url":"https:\/\/www.ikuchyne.sk\/eshop\/wp-content\/uploads\/2017\/04\/ikuchyne-logo.jpg","contentUrl":"https:\/\/www.ikuchyne.sk\/eshop\/wp-content\/uploads\/2017\/04\/ikuchyne-logo.jpg","width":200,"height":48,"caption":"ikuchyne!"},"image":{"@id":"https:\/\/www.ikuchyne.sk\/eshop\/#\/schema\/logo\/image\/"},"sameAs":["https:\/\/www.facebook.com\/ikuchyne\/","https:\/\/www.instagram.com\/ikuchyne.sk\/","https:\/\/sk.pinterest.com\/ikuchynesk\/"]},{"@type":"Person","@id":"https:\/\/www.ikuchyne.sk\/eshop\/#\/schema\/person\/2d087365f1f2308a693a4b4a9c2ebf09","name":"Bibiana Hajdanyov\u00e1","image":{"@type":"ImageObject","inLanguage":"sk-SK","@id":"https:\/\/www.ikuchyne.sk\/eshop\/#\/schema\/person\/image\/","url":"https:\/\/www.ikuchyne.sk\/eshop\/wp-content\/plugins\/wp-user-avatar\/deprecated\/wp-user-avatar\/images\/wpua-96x96.png","contentUrl":"https:\/\/www.ikuchyne.sk\/eshop\/wp-content\/plugins\/wp-user-avatar\/deprecated\/wp-user-avatar\/images\/wpua-96x96.png","caption":"Bibiana Hajdanyov\u00e1"},"description":"Vol\u00e1m sa Bibi\u00e1na, zbo\u017e\u0148ujem p\u00edsanie a som s\u00fa\u010das\u0165ou kreat\u00edvneho t\u00edmu Coolwriters. M\u00e1m rada proces, kedy zis\u0165ujem, objavujem a analyzujem. Najviac ma bav\u00ed dolova\u0165 inform\u00e1cie z umenia, dizajnu a cestovania.","url":"https:\/\/www.ikuchyne.sk\/eshop\/author\/bibiana\/"}]}},"_links":{"self":[{"href":"https:\/\/www.ikuchyne.sk\/eshop\/wp-json\/wp\/v2\/posts\/150825"}],"collection":[{"href":"https:\/\/www.ikuchyne.sk\/eshop\/wp-json\/wp\/v2\/posts"}],"about":[{"href":"https:\/\/www.ikuchyne.sk\/eshop\/wp-json\/wp\/v2\/types\/post"}],"author":[{"embeddable":true,"href":"https:\/\/www.ikuchyne.sk\/eshop\/wp-json\/wp\/v2\/users\/2168"}],"replies":[{"embeddable":true,"href":"https:\/\/www.ikuchyne.sk\/eshop\/wp-json\/wp\/v2\/comments?post=150825"}],"version-history":[{"count":1,"href":"https:\/\/www.ikuchyne.sk\/eshop\/wp-json\/wp\/v2\/posts\/150825\/revisions"}],"predecessor-version":[{"id":150838,"href":"https:\/\/www.ikuchyne.sk\/eshop\/wp-json\/wp\/v2\/posts\/150825\/revisions\/150838"}],"wp:featuredmedia":[{"embeddable":true,"href":"https:\/\/www.ikuchyne.sk\/eshop\/wp-json\/wp\/v2\/media\/150826"}],"wp:attachment":[{"href":"https:\/\/www.ikuchyne.sk\/eshop\/wp-json\/wp\/v2\/media?parent=150825"}],"wp:term":[{"taxonomy":"category","embeddable":true,"href":"https:\/\/www.ikuchyne.sk\/eshop\/wp-json\/wp\/v2\/categories?post=150825"},{"taxonomy":"post_tag","embeddable":true,"href":"https:\/\/www.ikuchyne.sk\/eshop\/wp-json\/wp\/v2\/tags?post=150825"}],"curies":[{"name":"wp","href":"https:\/\/api.w.org\/{rel}","templated":true}]}}