{"id":150902,"date":"2021-04-15T13:44:08","date_gmt":"2021-04-15T11:44:08","guid":{"rendered":"https:\/\/www.ikuchyne.sk\/eshop\/?p=150902"},"modified":"2021-04-15T14:10:46","modified_gmt":"2021-04-15T12:10:46","slug":"ako-sa-starat-o-dreveny-nabytok-aby-vam-vydrzal-naveky","status":"publish","type":"post","link":"https:\/\/www.ikuchyne.sk\/eshop\/ako-sa-starat-o-dreveny-nabytok-aby-vam-vydrzal-naveky\/","title":{"rendered":"Ako sa stara\u0165 o dreven\u00fd n\u00e1bytok, aby v\u00e1m vydr\u017eal naveky?"},"content":{"rendered":"<p>[vc_row][vc_column][vc_column_text]Hoci svet architekt\u00fary a dizajnu je v posledn\u00fdch rokoch takpovediac zaplavovan\u00fd mno\u017estvom umel\u00fdch materi\u00e1lov, <strong>dreven\u00fd n\u00e1bytok<\/strong> st\u00e1le zost\u00e1va v kurze. V\u00fdhodou je, \u017ee <strong>drevo <\/strong>perfektne zapasuje prakticky do ka\u017edej dom\u00e1cnosti. Nez\u00e1le\u017e\u00ed na tom, \u010di ju m\u00e1te laden\u00fa do modern\u00e9ho, alebo retro \u0161t\u00fdlu. Aby v\u00e1m v\u0161ak spo\u013eahlivo sl\u00fa\u017eil \u010do najdlh\u0161ie, mali by ste mu raz za \u010das venova\u0165 aspo\u0148 mal\u00fa pozornos\u0165.[\/vc_column_text][\/vc_column][\/vc_row][vc_row][vc_column][vc_column_text]<\/p>\n<h2><span style=\"color: #e3245e;\"><b>Dreven\u00fd mas\u00edv vs. drevotrieska<\/b><\/span><\/h2>\n<p>Ke\u010f sa povie <strong>dreven\u00fd n\u00e1bytok<\/strong>, v\u00e4\u010d\u0161ina \u013eud\u00ed si ihne\u010f predstav\u00ed r\u00f4zne poli\u010dky, skrinky, stoly \u010di man\u017eelsk\u00e9 postele. Tie s\u00fa skuto\u010dne \u010dasto vyroben\u00e9 z dreva, <strong>av\u0161ak nie z mas\u00edvu, ale z drevotriesky<\/strong>.[\/vc_column_text][vc_single_image image=&#8221;150903&#8243; img_size=&#8221;large&#8221; add_caption=&#8221;yes&#8221; alignment=&#8221;center&#8221; style=&#8221;vc_box_rounded&#8221; onclick=&#8221;custom_link&#8221; img_link_target=&#8221;_blank&#8221; link=&#8221;https:\/\/www.ikuchyne.sk\/&#8221;][\/vc_column][\/vc_row][vc_row][vc_column][vc_column_text]<\/p>\n<h2><span style=\"color: #e3245e;\"><b>Prav\u00fd dreven\u00fd n\u00e1bytok z mas\u00edvu<\/b><\/span><\/h2>\n<p>Pod pojmom dreven\u00fd mas\u00edv sa myslia <strong>ve\u013ek\u00e9 kusy kme\u0148ov stromov<\/strong>, ktor\u00e9 s\u00fa p\u00edlen\u00e9 na u\u017e\u0161ie dosky. Ich ve\u013ekos\u0165 a tvar sa prisp\u00f4sobuje pod\u013ea po\u017eiadaviek koncov\u00e9ho produktu. Po rozmerovej \u00faprave s\u00fa <strong>moren\u00e9 a lakovan\u00e9<\/strong>. Dreven\u00fd n\u00e1bytok si v\u0161ak st\u00e1le zachov\u00e1va svoj pr\u00edrodn\u00fd charakter. M\u00e1 <strong>origin\u00e1lnu v\u00f4\u0148u, vid\u00edte v \u0148om prirodzen\u00e9 letokruhy a jedine\u010dn\u00fa kresbu<\/strong>. Va\u0161ej dom\u00e1cnosti tak dod\u00e1 \u0161pecifick\u00fd pr\u00edrodn\u00fd n\u00e1dych.[\/vc_column_text][vc_single_image image=&#8221;150904&#8243; img_size=&#8221;large&#8221; add_caption=&#8221;yes&#8221; alignment=&#8221;center&#8221; style=&#8221;vc_box_rounded&#8221; onclick=&#8221;custom_link&#8221; img_link_target=&#8221;_blank&#8221; link=&#8221;https:\/\/www.ikuchyne.sk\/eshop\/produkt\/jedalensky-stol-amazonas-x-200-cm-prirodny-sheesham\/&#8221;][vc_column_text]Dreven\u00fd mas\u00edv sa \u010dasto vyu\u017e\u00edva v r\u00e1mci<strong><a href=\"https:\/\/www.ikuchyne.sk\/drevene-kuchyne\/\"><span style=\"color: #e3245e;\"> v\u00fdroby kvalitn\u00fdch kuchynsk\u00fdch liniek<\/span><\/a><\/strong>. Neraz je z neho vyroben\u00fd jed\u00e1lensk\u00fd st\u00f4l \u010di ostrov\u010dek. Stretn\u00fa\u0165 sa s n\u00edm m\u00f4\u017eete <strong>v pr\u00edpade poli\u010diek a skr\u00ed\u0148<\/strong>. A v neposlednom rade, ve\u013emi dobr\u00fdm rie\u0161en\u00edm je aj<strong><a href=\"https:\/\/www.ikuchyne.sk\/spalne\/\"><span style=\"color: #e3245e;\"> dreven\u00e1 man\u017eelsk\u00e1 poste\u013e<\/span><\/a><\/strong>. T\u00e1 ulahod\u00ed va\u0161im \u010duchov\u00fdm bunk\u00e1m svojou prirodzenou drevenou ar\u00f3mou.[\/vc_column_text][vc_column_text]<\/p>\n<h2><span style=\"color: #e3245e;\"><b>N\u00e1bytok z drevotriesky<\/b><\/span><\/h2>\n<p>Tento druh dreven\u00e9ho n\u00e1bytku je <strong>o nie\u010do lacnej\u0161\u00ed<\/strong>. Nevyr\u00e1ba sa priamo z kme\u0148ov stromov, ale z pil\u00edn a triesok. Tie s\u00fa pod vysok\u00fdm tlakom sprac\u00favan\u00e9 do dosiek, z ktor\u00fdch sa n\u00e1sledne vyr\u00e1ba n\u00e1bytok. V tomto pr\u00edpade nie je potrebn\u00e1 prakticky \u017eiadna \u0161pecifick\u00e1 starostlivos\u0165. Drevotrieska je o\u0161etrovan\u00e1 chemick\u00fdmi pr\u00edpravkami a <strong>pri v\u00fdrobe s\u00fa vykon\u00e1van\u00e9 rozli\u010dn\u00e9 povrchov\u00e9 \u00fapravy<\/strong>. Doslova je tak \u201ezakonzervovan\u00e1\u201c v chemick\u00fdch povlakoch. Jej \u017eivotnos\u0165 a pevnos\u0165 je o nie\u010do ni\u017e\u0161ia ako v pr\u00edpade dreven\u00e9ho mas\u00edvu. Taktie\u017e v\u00e1s <strong>neoh\u00fari pr\u00edrodnou v\u00f4\u0148ou<\/strong> a \u0161trukt\u00farou.[\/vc_column_text][vc_single_image image=&#8221;150905&#8243; img_size=&#8221;large&#8221; add_caption=&#8221;yes&#8221; alignment=&#8221;center&#8221; style=&#8221;vc_box_rounded&#8221; onclick=&#8221;custom_link&#8221; img_link_target=&#8221;_blank&#8221; link=&#8221;https:\/\/www.ikuchyne.sk\/eshop\/produkt\/komoda-straight-120cm\/&#8221;][vc_column_text]<\/p>\n<h2><span style=\"color: #e3245e;\"><b>Starostlivos\u0165 o dreven\u00fd n\u00e1bytok z mas\u00edvu<\/b><\/span><\/h2>\n<p>Aby bol zachovan\u00fd jeho prirodzen\u00fd charakter, <strong>dreven\u00fd n\u00e1bytok z mas\u00edvu pri v\u00fdrobe \u010dastokr\u00e1t nie je podroben\u00fd ve\u013ek\u00fdm chemick\u00fdm \u00faprav\u00e1m<\/strong>. Obvykle je napusten\u00fd l\u00e1tkami, ktor\u00e9 zabra\u0148uj\u00fa \u017eltnutiu \u010di blednutiu a jeho povrch je pokryt\u00fd ochrann\u00fdm lakom. Rokmi v\u0161ak tieto \u00fapravy str\u00e1caj\u00fa svoje vlastnosti a dreven\u00fd n\u00e1bytok je potrebn\u00e9 dodato\u010dne o\u0161etri\u0165.[\/vc_column_text][vc_single_image image=&#8221;150906&#8243; img_size=&#8221;large&#8221; add_caption=&#8221;yes&#8221; alignment=&#8221;center&#8221; style=&#8221;vc_box_rounded&#8221; onclick=&#8221;custom_link&#8221; img_link_target=&#8221;_blank&#8221; link=&#8221;https:\/\/www.ikuchyne.sk\/&#8221;][vc_column_text]<\/p>\n<h2><span style=\"color: #e3245e;\"><b>Pri um\u00fdvan\u00ed nepou\u017e\u00edvajte ch\u00e9miu<\/b><\/span><\/h2>\n<p>\u010castou chybou je um\u00fdvanie dreven\u00e9ho n\u00e1bytku chemick\u00fdmi \u010distiacimi a dezinfek\u010dn\u00fdmi pr\u00edpravkami. Tie v\u0161ak <strong>m\u00f4\u017eu po\u0161kodi\u0165 povrchov\u00fd lak<\/strong>, v d\u00f4sledku \u010doho sa do dreva dostane vlhkos\u0165. T\u00e1 dok\u00e1\u017ee naru\u0161i\u0165 jeho \u0161trukt\u00faru, sp\u00f4sobi\u0165 \u201enafukovanie\u201c a praskanie. <strong>Dreven\u00fd n\u00e1bytok preto \u010distite len vodou<\/strong>, resp. pr\u00edpravkami, ktor\u00e9 neobsahuj\u00fa agres\u00edvnu ch\u00e9miu.[\/vc_column_text][vc_single_image image=&#8221;150907&#8243; img_size=&#8221;large&#8221; add_caption=&#8221;yes&#8221; alignment=&#8221;center&#8221; style=&#8221;vc_box_rounded&#8221; onclick=&#8221;custom_link&#8221; img_link_target=&#8221;_blank&#8221; link=&#8221;https:\/\/www.ikuchyne.sk\/eshop\/produkt\/pribornik-thor-195cm-pinienholz-prirodna\/&#8221;][\/vc_column][\/vc_row][vc_row][vc_column][vc_message message_box_color=&#8221;alert-success&#8221; icon_fontawesome=&#8221;fa fa-lightbulb-o&#8221;]<b>VEDELI STE, \u017dE: <\/b>pri v\u00fdbere farieb v hos\u0165ovskej izbe s\u00fa ide\u00e1lnou vo\u013ebou neutr\u00e1lne farby? Nezab\u00fadajte toti\u017e na to, \u017ee to, \u010do sa m\u00f4\u017ee p\u00e1\u010di\u0165 v\u00e1m, sa zas nemus\u00ed p\u00e1\u010di\u0165 va\u0161im hos\u0165om. Siahnite preto sk\u00f4r po bielej, hnedej \u010di sivej a pred\u00eddete tak pr\u00edpadn\u00fdm nepr\u00edjemnostiam.[\/vc_message][\/vc_column][\/vc_row][vc_row][vc_column][vc_column_text]<\/p>\n<h2><span style=\"color: #e3245e;\"><b>Pozor na vlhkos\u0165<\/b><\/span><\/h2>\n<p>Dreven\u00fd n\u00e1bytok je citliv\u00fd na zv\u00fd\u0161en\u00fa vlhkos\u0165 v interi\u00e9ri. Ochrann\u00fd lak ho s\u00edce chr\u00e1ni pred prenikan\u00edm vody, no ak je dlhodobo vystaven\u00fd vy\u0161\u0161ej vlhkosti, <strong>m\u00f4\u017ee za\u010da\u0165 takzvane \u201epu\u010da\u0165\u201c<\/strong>, praska\u0165, \u010di dokonca zahn\u00edva\u0165 a plesnivie\u0165. Na tento probl\u00e9m pritom nie je n\u00e1chyln\u00fd len n\u00e1bytok z mas\u00edvu, ale aj z drevotriesky.[\/vc_column_text][vc_message icon_fontawesome=&#8221;&#8221;]<b>Rada odborn\u00edka: <\/b>Dbajte tak na to, aby vlhkos\u0165 vo va\u0161ej dom\u00e1cnosti dlhodobo nepresahovala 65 a\u017e 70 %. Tie\u017e sa sna\u017ete dreven\u00fd n\u00e1bytok chr\u00e1ni\u0165 pred rozliat\u00edm tekut\u00edn. Napr\u00edklad,<a href=\"https:\/\/www.ikuchyne.sk\/skrine-do-predsiene\"><span style=\"color: #e3245e;\"> dreven\u00e1 skri\u0148a do predsiene<\/span><\/a> nie je vhodn\u00e1 na ukladanie mokr\u00fdch top\u00e1nok.[\/vc_message][vc_single_image image=&#8221;150908&#8243; img_size=&#8221;large&#8221; add_caption=&#8221;yes&#8221; alignment=&#8221;center&#8221; style=&#8221;vc_box_rounded&#8221; onclick=&#8221;custom_link&#8221; img_link_target=&#8221;_blank&#8221; link=&#8221;https:\/\/www.freepik.com\/&#8221;][vc_column_text]<\/p>\n<h2><span style=\"color: #e3245e;\"><b>Dreven\u00fd n\u00e1bytok a prelakovanie<\/b><\/span><\/h2>\n<p>Po nieko\u013ek\u00fdch rokoch za\u010dne povrchov\u00fd lak na drevenom n\u00e1bytku postupne str\u00e1ca\u0165 svoje vlastnosti. Aby ste mu prinavr\u00e1tili p\u00f4vodn\u00fd lesk a ochrann\u00e9 funkcie, je dobr\u00e9 <strong>star\u00fd lak odstr\u00e1ni\u0165 br\u00fasnym papierom a drevo natrie\u0165 nanovo<\/strong>. Pou\u017eite \u0161peci\u00e1lne n\u00e1tery alebo vosky dedikovan\u00e9 na tento \u00fa\u010del. Tak\u00fato \u00fadr\u017ebu sta\u010d\u00ed vykona\u0165 pribli\u017ene raz za 5 a\u017e 8 rokov.[\/vc_column_text][vc_message icon_fontawesome=&#8221;&#8221;]<b>TIP NA Z\u00c1VER: <\/b>Dreven\u00fd n\u00e1bytok sa vyzna\u010duje dlhou \u017eivotnos\u0165ou. Venujte mu spom\u00ednan\u00fa z\u00e1kladn\u00fa \u00fadr\u017ebu a vydr\u017e\u00ed v\u00e1m sl\u00fa\u017ei\u0165 prakticky naveky bez v\u00fdraznej straty p\u00f4vodn\u00fdch vlastnost\u00ed.[\/vc_message][\/vc_column][\/vc_row]<\/p>\n","protected":false},"excerpt":{"rendered":"<p>[vc_row][vc_column][vc_column_text]Hoci svet architekt\u00fary a dizajnu je v posledn\u00fdch rokoch takpovediac zaplavovan\u00fd mno\u017estvom umel\u00fdch materi\u00e1lov, dreven\u00fd n\u00e1bytok st\u00e1le zost\u00e1va v kurze. V\u00fdhodou je, \u017ee drevo perfektne zapasuje prakticky do ka\u017edej dom\u00e1cnosti.<\/p>\n","protected":false},"author":2147,"featured_media":150908,"comment_status":"closed","ping_status":"open","sticky":false,"template":"","format":"standard","meta":{"footnotes":""},"categories":[1008,1010,1129],"tags":[],"yoast_head":"<!-- This site is optimized with the Yoast SEO plugin v22.1 - https:\/\/yoast.com\/wordpress\/plugins\/seo\/ -->\n<title>Ako sa stara\u0165 o dreven\u00fd n\u00e1bytok? &#187; iKuchyne iSHOP s n\u00e1bytkom<\/title>\n<meta name=\"description\" content=\"Drevo st\u00e1le zost\u00e1va v kurze. V\u00fdhodou je, \u017ee dreven\u00fd n\u00e1bytok sa hod\u00ed do ka\u017ed\u00e9ho \u0161t\u00fdlu. Ako sa v\u0161ak stara\u0165 o dreven\u00fd n\u00e1bytok, aby vydr\u017eal dlho?\" \/>\n<meta name=\"robots\" content=\"index, follow, max-snippet:-1, max-image-preview:large, max-video-preview:-1\" \/>\n<link rel=\"canonical\" href=\"https:\/\/www.ikuchyne.sk\/eshop\/ako-sa-starat-o-dreveny-nabytok-aby-vam-vydrzal-naveky\/\" \/>\n<meta property=\"og:locale\" content=\"sk_SK\" \/>\n<meta property=\"og:type\" content=\"article\" \/>\n<meta property=\"og:title\" content=\"Ako sa stara\u0165 o dreven\u00fd n\u00e1bytok? &#187; iKuchyne iSHOP s n\u00e1bytkom\" \/>\n<meta property=\"og:description\" content=\"Drevo st\u00e1le zost\u00e1va v kurze. V\u00fdhodou je, \u017ee dreven\u00fd n\u00e1bytok sa hod\u00ed do ka\u017ed\u00e9ho \u0161t\u00fdlu. Ako sa v\u0161ak stara\u0165 o dreven\u00fd n\u00e1bytok, aby vydr\u017eal dlho?\" \/>\n<meta property=\"og:url\" content=\"https:\/\/www.ikuchyne.sk\/eshop\/ako-sa-starat-o-dreveny-nabytok-aby-vam-vydrzal-naveky\/\" \/>\n<meta property=\"og:site_name\" content=\"iKuchyne iSHOP s n\u00e1bytkom\" \/>\n<meta property=\"article:publisher\" content=\"https:\/\/www.facebook.com\/ikuchyne\/\" \/>\n<meta property=\"article:published_time\" content=\"2021-04-15T11:44:08+00:00\" \/>\n<meta property=\"article:modified_time\" content=\"2021-04-15T12:10:46+00:00\" \/>\n<meta property=\"og:image\" content=\"https:\/\/www.ikuchyne.sk\/eshop\/wp-content\/uploads\/2021\/04\/6.png\" \/>\n\t<meta property=\"og:image:width\" content=\"626\" \/>\n\t<meta property=\"og:image:height\" content=\"417\" \/>\n\t<meta property=\"og:image:type\" content=\"image\/png\" \/>\n<meta name=\"author\" content=\"Dominik Parajka\" \/>\n<meta name=\"twitter:card\" content=\"summary_large_image\" \/>\n<meta name=\"twitter:label1\" content=\"Autor\" \/>\n\t<meta name=\"twitter:data1\" content=\"Dominik Parajka\" \/>\n\t<meta name=\"twitter:label2\" content=\"Predpokladan\u00fd \u010das \u010d\u00edtania\" \/>\n\t<meta name=\"twitter:data2\" content=\"3 min\u00faty\" \/>\n<script type=\"application\/ld+json\" class=\"yoast-schema-graph\">{\"@context\":\"https:\/\/schema.org\",\"@graph\":[{\"@type\":\"Article\",\"@id\":\"https:\/\/www.ikuchyne.sk\/eshop\/ako-sa-starat-o-dreveny-nabytok-aby-vam-vydrzal-naveky\/#article\",\"isPartOf\":{\"@id\":\"https:\/\/www.ikuchyne.sk\/eshop\/ako-sa-starat-o-dreveny-nabytok-aby-vam-vydrzal-naveky\/\"},\"author\":{\"name\":\"Dominik Parajka\",\"@id\":\"https:\/\/www.ikuchyne.sk\/eshop\/#\/schema\/person\/b1690e5d30dff94c1c5b4edc8c5a8657\"},\"headline\":\"Ako sa stara\u0165 o dreven\u00fd n\u00e1bytok, aby v\u00e1m vydr\u017eal naveky?\",\"datePublished\":\"2021-04-15T11:44:08+00:00\",\"dateModified\":\"2021-04-15T12:10:46+00:00\",\"mainEntityOfPage\":{\"@id\":\"https:\/\/www.ikuchyne.sk\/eshop\/ako-sa-starat-o-dreveny-nabytok-aby-vam-vydrzal-naveky\/\"},\"wordCount\":1143,\"publisher\":{\"@id\":\"https:\/\/www.ikuchyne.sk\/eshop\/#organization\"},\"articleSection\":[\"IN\u0160PIR\u00c1CIE\",\"N\u00c1BYTOK\",\"Produkty v realiz\u00e1ciach\"],\"inLanguage\":\"sk-SK\"},{\"@type\":\"WebPage\",\"@id\":\"https:\/\/www.ikuchyne.sk\/eshop\/ako-sa-starat-o-dreveny-nabytok-aby-vam-vydrzal-naveky\/\",\"url\":\"https:\/\/www.ikuchyne.sk\/eshop\/ako-sa-starat-o-dreveny-nabytok-aby-vam-vydrzal-naveky\/\",\"name\":\"Ako sa stara\u0165 o dreven\u00fd n\u00e1bytok? &#187; iKuchyne iSHOP s n\u00e1bytkom\",\"isPartOf\":{\"@id\":\"https:\/\/www.ikuchyne.sk\/eshop\/#website\"},\"datePublished\":\"2021-04-15T11:44:08+00:00\",\"dateModified\":\"2021-04-15T12:10:46+00:00\",\"description\":\"Drevo st\u00e1le zost\u00e1va v kurze. V\u00fdhodou je, \u017ee dreven\u00fd n\u00e1bytok sa hod\u00ed do ka\u017ed\u00e9ho \u0161t\u00fdlu. Ako sa v\u0161ak stara\u0165 o dreven\u00fd n\u00e1bytok, aby vydr\u017eal dlho?\",\"breadcrumb\":{\"@id\":\"https:\/\/www.ikuchyne.sk\/eshop\/ako-sa-starat-o-dreveny-nabytok-aby-vam-vydrzal-naveky\/#breadcrumb\"},\"inLanguage\":\"sk-SK\",\"potentialAction\":[{\"@type\":\"ReadAction\",\"target\":[\"https:\/\/www.ikuchyne.sk\/eshop\/ako-sa-starat-o-dreveny-nabytok-aby-vam-vydrzal-naveky\/\"]}]},{\"@type\":\"BreadcrumbList\",\"@id\":\"https:\/\/www.ikuchyne.sk\/eshop\/ako-sa-starat-o-dreveny-nabytok-aby-vam-vydrzal-naveky\/#breadcrumb\",\"itemListElement\":[{\"@type\":\"ListItem\",\"position\":1,\"name\":\"Home\",\"item\":\"https:\/\/www.ikuchyne.sk\/eshop\/\"},{\"@type\":\"ListItem\",\"position\":2,\"name\":\"Ako sa stara\u0165 o dreven\u00fd n\u00e1bytok, aby v\u00e1m vydr\u017eal naveky?\"}]},{\"@type\":\"WebSite\",\"@id\":\"https:\/\/www.ikuchyne.sk\/eshop\/#website\",\"url\":\"https:\/\/www.ikuchyne.sk\/eshop\/\",\"name\":\"iKuchyne iSHOP s n\u00e1bytkom\",\"description\":\"Jed\u00e1lensk\u00e9 stoly, stoli\u010dky, n\u00e1bytok, svietidl\u00e1...\",\"publisher\":{\"@id\":\"https:\/\/www.ikuchyne.sk\/eshop\/#organization\"},\"potentialAction\":[{\"@type\":\"SearchAction\",\"target\":{\"@type\":\"EntryPoint\",\"urlTemplate\":\"https:\/\/www.ikuchyne.sk\/eshop\/?s={search_term_string}\"},\"query-input\":\"required name=search_term_string\"}],\"inLanguage\":\"sk-SK\"},{\"@type\":\"Organization\",\"@id\":\"https:\/\/www.ikuchyne.sk\/eshop\/#organization\",\"name\":\"ikuchyne!\",\"url\":\"https:\/\/www.ikuchyne.sk\/eshop\/\",\"logo\":{\"@type\":\"ImageObject\",\"inLanguage\":\"sk-SK\",\"@id\":\"https:\/\/www.ikuchyne.sk\/eshop\/#\/schema\/logo\/image\/\",\"url\":\"https:\/\/www.ikuchyne.sk\/eshop\/wp-content\/uploads\/2017\/04\/ikuchyne-logo.jpg\",\"contentUrl\":\"https:\/\/www.ikuchyne.sk\/eshop\/wp-content\/uploads\/2017\/04\/ikuchyne-logo.jpg\",\"width\":200,\"height\":48,\"caption\":\"ikuchyne!\"},\"image\":{\"@id\":\"https:\/\/www.ikuchyne.sk\/eshop\/#\/schema\/logo\/image\/\"},\"sameAs\":[\"https:\/\/www.facebook.com\/ikuchyne\/\",\"https:\/\/www.instagram.com\/ikuchyne.sk\/\",\"https:\/\/sk.pinterest.com\/ikuchynesk\/\"]},{\"@type\":\"Person\",\"@id\":\"https:\/\/www.ikuchyne.sk\/eshop\/#\/schema\/person\/b1690e5d30dff94c1c5b4edc8c5a8657\",\"name\":\"Dominik Parajka\",\"image\":{\"@type\":\"ImageObject\",\"inLanguage\":\"sk-SK\",\"@id\":\"https:\/\/www.ikuchyne.sk\/eshop\/#\/schema\/person\/image\/\",\"url\":\"https:\/\/www.ikuchyne.sk\/eshop\/wp-content\/plugins\/wp-user-avatar\/deprecated\/wp-user-avatar\/images\/wpua-96x96.png\",\"contentUrl\":\"https:\/\/www.ikuchyne.sk\/eshop\/wp-content\/plugins\/wp-user-avatar\/deprecated\/wp-user-avatar\/images\/wpua-96x96.png\",\"caption\":\"Dominik Parajka\"},\"description\":\"Dominik za\u010dal s p\u00edsan\u00edm \u010dl\u00e1nkov u\u017e po\u010das strednej \u0161koly a akt\u00edvne v \u0148om pokra\u010duje dodnes. Venuje sa \u0161irok\u00e9mu spektru t\u00e9m, no najrad\u0161ej p\u00ed\u0161e o technike, \u0161porte, zdravom \u017eivotnom \u0161t\u00fdle, b\u00fdvan\u00ed a financi\u00e1ch. Ke\u010f pr\u00e1ve nesed\u00ed pri laptope, br\u00e1zdi horsk\u00e9 cyklotrasy, ly\u017euje a voz\u00ed sa v aut\u00e1ch, ktor\u00e9 s\u00fa odmali\u010dka jeho ve\u013ek\u00fdm hobby.\",\"url\":\"https:\/\/www.ikuchyne.sk\/eshop\/author\/lucka-reventongmail-com\/\"}]}<\/script>\n<!-- \/ Yoast SEO plugin. -->","yoast_head_json":{"title":"Ako sa stara\u0165 o dreven\u00fd n\u00e1bytok? &#187; iKuchyne iSHOP s n\u00e1bytkom","description":"Drevo st\u00e1le zost\u00e1va v kurze. V\u00fdhodou je, \u017ee dreven\u00fd n\u00e1bytok sa hod\u00ed do ka\u017ed\u00e9ho \u0161t\u00fdlu. Ako sa v\u0161ak stara\u0165 o dreven\u00fd n\u00e1bytok, aby vydr\u017eal dlho?","robots":{"index":"index","follow":"follow","max-snippet":"max-snippet:-1","max-image-preview":"max-image-preview:large","max-video-preview":"max-video-preview:-1"},"canonical":"https:\/\/www.ikuchyne.sk\/eshop\/ako-sa-starat-o-dreveny-nabytok-aby-vam-vydrzal-naveky\/","og_locale":"sk_SK","og_type":"article","og_title":"Ako sa stara\u0165 o dreven\u00fd n\u00e1bytok? &#187; iKuchyne iSHOP s n\u00e1bytkom","og_description":"Drevo st\u00e1le zost\u00e1va v kurze. V\u00fdhodou je, \u017ee dreven\u00fd n\u00e1bytok sa hod\u00ed do ka\u017ed\u00e9ho \u0161t\u00fdlu. Ako sa v\u0161ak stara\u0165 o dreven\u00fd n\u00e1bytok, aby vydr\u017eal dlho?","og_url":"https:\/\/www.ikuchyne.sk\/eshop\/ako-sa-starat-o-dreveny-nabytok-aby-vam-vydrzal-naveky\/","og_site_name":"iKuchyne iSHOP s n\u00e1bytkom","article_publisher":"https:\/\/www.facebook.com\/ikuchyne\/","article_published_time":"2021-04-15T11:44:08+00:00","article_modified_time":"2021-04-15T12:10:46+00:00","og_image":[{"width":626,"height":417,"url":"https:\/\/www.ikuchyne.sk\/eshop\/wp-content\/uploads\/2021\/04\/6.png","type":"image\/png"}],"author":"Dominik Parajka","twitter_card":"summary_large_image","twitter_misc":{"Autor":"Dominik Parajka","Predpokladan\u00fd \u010das \u010d\u00edtania":"3 min\u00faty"},"schema":{"@context":"https:\/\/schema.org","@graph":[{"@type":"Article","@id":"https:\/\/www.ikuchyne.sk\/eshop\/ako-sa-starat-o-dreveny-nabytok-aby-vam-vydrzal-naveky\/#article","isPartOf":{"@id":"https:\/\/www.ikuchyne.sk\/eshop\/ako-sa-starat-o-dreveny-nabytok-aby-vam-vydrzal-naveky\/"},"author":{"name":"Dominik Parajka","@id":"https:\/\/www.ikuchyne.sk\/eshop\/#\/schema\/person\/b1690e5d30dff94c1c5b4edc8c5a8657"},"headline":"Ako sa stara\u0165 o dreven\u00fd n\u00e1bytok, aby v\u00e1m vydr\u017eal naveky?","datePublished":"2021-04-15T11:44:08+00:00","dateModified":"2021-04-15T12:10:46+00:00","mainEntityOfPage":{"@id":"https:\/\/www.ikuchyne.sk\/eshop\/ako-sa-starat-o-dreveny-nabytok-aby-vam-vydrzal-naveky\/"},"wordCount":1143,"publisher":{"@id":"https:\/\/www.ikuchyne.sk\/eshop\/#organization"},"articleSection":["IN\u0160PIR\u00c1CIE","N\u00c1BYTOK","Produkty v realiz\u00e1ciach"],"inLanguage":"sk-SK"},{"@type":"WebPage","@id":"https:\/\/www.ikuchyne.sk\/eshop\/ako-sa-starat-o-dreveny-nabytok-aby-vam-vydrzal-naveky\/","url":"https:\/\/www.ikuchyne.sk\/eshop\/ako-sa-starat-o-dreveny-nabytok-aby-vam-vydrzal-naveky\/","name":"Ako sa stara\u0165 o dreven\u00fd n\u00e1bytok? &#187; iKuchyne iSHOP s n\u00e1bytkom","isPartOf":{"@id":"https:\/\/www.ikuchyne.sk\/eshop\/#website"},"datePublished":"2021-04-15T11:44:08+00:00","dateModified":"2021-04-15T12:10:46+00:00","description":"Drevo st\u00e1le zost\u00e1va v kurze. V\u00fdhodou je, \u017ee dreven\u00fd n\u00e1bytok sa hod\u00ed do ka\u017ed\u00e9ho \u0161t\u00fdlu. Ako sa v\u0161ak stara\u0165 o dreven\u00fd n\u00e1bytok, aby vydr\u017eal dlho?","breadcrumb":{"@id":"https:\/\/www.ikuchyne.sk\/eshop\/ako-sa-starat-o-dreveny-nabytok-aby-vam-vydrzal-naveky\/#breadcrumb"},"inLanguage":"sk-SK","potentialAction":[{"@type":"ReadAction","target":["https:\/\/www.ikuchyne.sk\/eshop\/ako-sa-starat-o-dreveny-nabytok-aby-vam-vydrzal-naveky\/"]}]},{"@type":"BreadcrumbList","@id":"https:\/\/www.ikuchyne.sk\/eshop\/ako-sa-starat-o-dreveny-nabytok-aby-vam-vydrzal-naveky\/#breadcrumb","itemListElement":[{"@type":"ListItem","position":1,"name":"Home","item":"https:\/\/www.ikuchyne.sk\/eshop\/"},{"@type":"ListItem","position":2,"name":"Ako sa stara\u0165 o dreven\u00fd n\u00e1bytok, aby v\u00e1m vydr\u017eal naveky?"}]},{"@type":"WebSite","@id":"https:\/\/www.ikuchyne.sk\/eshop\/#website","url":"https:\/\/www.ikuchyne.sk\/eshop\/","name":"iKuchyne iSHOP s n\u00e1bytkom","description":"Jed\u00e1lensk\u00e9 stoly, stoli\u010dky, n\u00e1bytok, svietidl\u00e1...","publisher":{"@id":"https:\/\/www.ikuchyne.sk\/eshop\/#organization"},"potentialAction":[{"@type":"SearchAction","target":{"@type":"EntryPoint","urlTemplate":"https:\/\/www.ikuchyne.sk\/eshop\/?s={search_term_string}"},"query-input":"required name=search_term_string"}],"inLanguage":"sk-SK"},{"@type":"Organization","@id":"https:\/\/www.ikuchyne.sk\/eshop\/#organization","name":"ikuchyne!","url":"https:\/\/www.ikuchyne.sk\/eshop\/","logo":{"@type":"ImageObject","inLanguage":"sk-SK","@id":"https:\/\/www.ikuchyne.sk\/eshop\/#\/schema\/logo\/image\/","url":"https:\/\/www.ikuchyne.sk\/eshop\/wp-content\/uploads\/2017\/04\/ikuchyne-logo.jpg","contentUrl":"https:\/\/www.ikuchyne.sk\/eshop\/wp-content\/uploads\/2017\/04\/ikuchyne-logo.jpg","width":200,"height":48,"caption":"ikuchyne!"},"image":{"@id":"https:\/\/www.ikuchyne.sk\/eshop\/#\/schema\/logo\/image\/"},"sameAs":["https:\/\/www.facebook.com\/ikuchyne\/","https:\/\/www.instagram.com\/ikuchyne.sk\/","https:\/\/sk.pinterest.com\/ikuchynesk\/"]},{"@type":"Person","@id":"https:\/\/www.ikuchyne.sk\/eshop\/#\/schema\/person\/b1690e5d30dff94c1c5b4edc8c5a8657","name":"Dominik Parajka","image":{"@type":"ImageObject","inLanguage":"sk-SK","@id":"https:\/\/www.ikuchyne.sk\/eshop\/#\/schema\/person\/image\/","url":"https:\/\/www.ikuchyne.sk\/eshop\/wp-content\/plugins\/wp-user-avatar\/deprecated\/wp-user-avatar\/images\/wpua-96x96.png","contentUrl":"https:\/\/www.ikuchyne.sk\/eshop\/wp-content\/plugins\/wp-user-avatar\/deprecated\/wp-user-avatar\/images\/wpua-96x96.png","caption":"Dominik Parajka"},"description":"Dominik za\u010dal s p\u00edsan\u00edm \u010dl\u00e1nkov u\u017e po\u010das strednej \u0161koly a akt\u00edvne v \u0148om pokra\u010duje dodnes. Venuje sa \u0161irok\u00e9mu spektru t\u00e9m, no najrad\u0161ej p\u00ed\u0161e o technike, \u0161porte, zdravom \u017eivotnom \u0161t\u00fdle, b\u00fdvan\u00ed a financi\u00e1ch. Ke\u010f pr\u00e1ve nesed\u00ed pri laptope, br\u00e1zdi horsk\u00e9 cyklotrasy, ly\u017euje a voz\u00ed sa v aut\u00e1ch, ktor\u00e9 s\u00fa odmali\u010dka jeho ve\u013ek\u00fdm hobby.","url":"https:\/\/www.ikuchyne.sk\/eshop\/author\/lucka-reventongmail-com\/"}]}},"_links":{"self":[{"href":"https:\/\/www.ikuchyne.sk\/eshop\/wp-json\/wp\/v2\/posts\/150902"}],"collection":[{"href":"https:\/\/www.ikuchyne.sk\/eshop\/wp-json\/wp\/v2\/posts"}],"about":[{"href":"https:\/\/www.ikuchyne.sk\/eshop\/wp-json\/wp\/v2\/types\/post"}],"author":[{"embeddable":true,"href":"https:\/\/www.ikuchyne.sk\/eshop\/wp-json\/wp\/v2\/users\/2147"}],"replies":[{"embeddable":true,"href":"https:\/\/www.ikuchyne.sk\/eshop\/wp-json\/wp\/v2\/comments?post=150902"}],"version-history":[{"count":2,"href":"https:\/\/www.ikuchyne.sk\/eshop\/wp-json\/wp\/v2\/posts\/150902\/revisions"}],"predecessor-version":[{"id":150995,"href":"https:\/\/www.ikuchyne.sk\/eshop\/wp-json\/wp\/v2\/posts\/150902\/revisions\/150995"}],"wp:featuredmedia":[{"embeddable":true,"href":"https:\/\/www.ikuchyne.sk\/eshop\/wp-json\/wp\/v2\/media\/150908"}],"wp:attachment":[{"href":"https:\/\/www.ikuchyne.sk\/eshop\/wp-json\/wp\/v2\/media?parent=150902"}],"wp:term":[{"taxonomy":"category","embeddable":true,"href":"https:\/\/www.ikuchyne.sk\/eshop\/wp-json\/wp\/v2\/categories?post=150902"},{"taxonomy":"post_tag","embeddable":true,"href":"https:\/\/www.ikuchyne.sk\/eshop\/wp-json\/wp\/v2\/tags?post=150902"}],"curies":[{"name":"wp","href":"https:\/\/api.w.org\/{rel}","templated":true}]}}