{"id":150929,"date":"2021-04-16T18:01:27","date_gmt":"2021-04-16T16:01:27","guid":{"rendered":"https:\/\/www.ikuchyne.sk\/eshop\/?p=150929"},"modified":"2021-04-16T18:01:27","modified_gmt":"2021-04-16T16:01:27","slug":"aj-mala-kuchyna-moze-mat-mnozstvo-priestoru","status":"publish","type":"post","link":"https:\/\/www.ikuchyne.sk\/eshop\/aj-mala-kuchyna-moze-mat-mnozstvo-priestoru\/","title":{"rendered":"Ako skry\u0165 mno\u017estvo priestoru do malej kuchyne?"},"content":{"rendered":"<p>[vc_row][vc_column][vc_column_text]Tr\u00e1pi v\u00e1s <strong>mal\u00e1 kuchy\u0148a<\/strong>? V mestskom byte na v\u00e4\u010d\u0161iu obvykle nie je priestor. Ako to urobi\u0165 tak, aby aj mal\u00e1 kuchy\u0148a p\u00f4sobila rozmernej\u0161ie? Porad\u00edme v\u00e1m, ako z\u00edska\u0165 dodato\u010dn\u00fd priestor a zu\u017eitkova\u0165 ka\u017ed\u00fd vo\u013en\u00fd centimeter.[\/vc_column_text][\/vc_column][\/vc_row][vc_row][vc_column][vc_column_text]<\/p>\n<h2><span style=\"color: #e3245e;\"><b>Jed\u00e1lensk\u00fd st\u00f4l do malej kuchyne?<br \/>\n<\/b><\/span><\/h2>\n<p>St\u00f4l v kuchyni nesmie ch\u00fdba\u0165. Zvy\u010dajne je v\u0161ak najv\u00e4\u010d\u0161\u00edm kusom n\u00e1bytku a zaber\u00e1 aj tie posledn\u00e9 zvy\u0161ky vo\u013en\u00e9ho miesta, ktor\u00e9 by ste radi vyu\u017eili na nie\u010do u\u017eito\u010dnej\u0161ie. Urob\u00edte najlep\u0161ie, ke\u010f si k\u00fapite <a href=\"https:\/\/www.ikuchyne.sk\/eshop\/produkt\/hnedy-jedalensky-stol-spider-80cm-2\/\" class=\"broken_link\"><span style=\"color: #e3245e;\">klasick\u00fd st\u00f4l<\/span><\/a>. H\u013eadajte \u010do<strong> najmen\u0161ie rozmery<\/strong>.<\/p>\n<p><span style=\"color: #000000;\"><span style=\"font-weight: 400;\">\u00a0<\/span><\/span>[\/vc_column_text][vc_single_image image=&#8221;150933&#8243; img_size=&#8221;large&#8221; add_caption=&#8221;yes&#8221; alignment=&#8221;center&#8221; style=&#8221;vc_box_rounded&#8221; onclick=&#8221;custom_link&#8221; img_link_target=&#8221;_blank&#8221; link=&#8221;https:\/\/www.ikuchyne.sk\/eshop\/produkt\/hnedy-jedalensky-stol-spider-80cm-2\/&#8221;][vc_column_text]M\u00f4\u017ee sa sta\u0165, \u017ee vyhovuj\u00faci st\u00f4l jednoducho nen\u00e1jdete. V takom pr\u00edpade vysk\u00fa\u0161ajte <strong>rozkladac\u00ed alebo sklopn\u00fd st\u00f4l<\/strong>. Ale to skuto\u010dne iba v krajnom pr\u00edpade. Rozkladac\u00ed st\u00f4l pr\u00edde vhod, ke\u010f sa u v\u00e1s zastav\u00ed kamar\u00e1t alebo rodina. Skvel\u00fd rie\u0161en\u00edm je kuchynsk\u00e1 linka do U, ktorej jednu stranu m\u00f4\u017eete vyu\u017ei\u0165 ako st\u00f4l.[\/vc_column_text][vc_single_image image=&#8221;150934&#8243; img_size=&#8221;large&#8221; add_caption=&#8221;yes&#8221; alignment=&#8221;center&#8221; style=&#8221;vc_box_rounded&#8221; onclick=&#8221;custom_link&#8221; img_link_target=&#8221;_blank&#8221; link=&#8221;https:\/\/www.ikuchyne.sk\/&#8221;][vc_column_text]V be\u017en\u00fdch podmienkach si bohato vysta\u010d\u00edte s <strong>men\u0161\u00edm stolom pre dvoch \u013eud\u00ed<\/strong>, ktor\u00ed opriete o stenu. Aby ste u\u0161etrili e\u0161te viac miesta, m\u00f4\u017eete vysk\u00fa\u0161a\u0165 <a href=\"https:\/\/www.ikuchyne.sk\/eshop\/produkt\/barovy-stol-magnus-dub-optik\/\" class=\"broken_link\"><span style=\"color: #e3245e;\">vysok\u00fa dosku<\/span><\/a> a <a href=\"https:\/\/www.ikuchyne.sk\/eshop\/produkt\/barova-stolicka-modena-90-115cm-siva-biela\/\" class=\"broken_link\"><span style=\"color: #e3245e;\">barov\u00e9 stoli\u010dky<\/span><\/a>, ktor\u00e9 elegantne zmizn\u00fa z priestoru, ke\u010f si to budete \u017eela\u0165.[\/vc_column_text][vc_single_image image=&#8221;150935&#8243; img_size=&#8221;large&#8221; add_caption=&#8221;yes&#8221; alignment=&#8221;center&#8221; style=&#8221;vc_box_rounded&#8221; onclick=&#8221;custom_link&#8221; img_link_target=&#8221;_blank&#8221; link=&#8221;https:\/\/www.ikuchyne.sk\/&#8221;][\/vc_column][\/vc_row][vc_row][vc_column][vc_column_text]Ako proviz\u00f3rny st\u00f4l posl\u00fa\u017ei <strong>vys\u00favacia kuchynsk\u00e1 doska<\/strong>. Rovnako ako v pr\u00edpade rozkladacieho stola, neodpor\u00fa\u010dame prim\u00e1rne pou\u017e\u00edva\u0165 t\u00fato mo\u017enos\u0165.[\/vc_column_text][vc_single_image image=&#8221;150936&#8243; img_size=&#8221;large&#8221; add_caption=&#8221;yes&#8221; alignment=&#8221;center&#8221; style=&#8221;vc_box_rounded&#8221; onclick=&#8221;custom_link&#8221; img_link_target=&#8221;_blank&#8221; link=&#8221;https:\/\/www.ikuchyne.sk\/&#8221;][vc_column_text]<\/p>\n<h2><span style=\"color: #e3245e;\"><b>Mal\u00e1 kuchy\u0148a &#8211; maximum mo\u017enost\u00ed<br \/>\n<\/b><\/span><\/h2>\n<p>K\u00fdm k tomu nie sme don\u00faten\u00ed krajnou n\u00fadzou, mno\u017estvo potenci\u00e1lneho \u00falo\u017en\u00e9ho priestoru non\u0161alantne ignorujeme. Pritom sa sta\u010d\u00ed trochu poobzera\u0165. Netreba hne\u010f prem\u00fd\u0161\u013ea\u0165 nad k\u00fapou gar\u00e1\u017ee, kam by sa dali zriedkavo pou\u017e\u00edvan\u00e9 predmety uskladni\u0165. \u00da\u010delu posl\u00fa\u017eia <strong>kuchynsk\u00e9 skrinky<\/strong>. Treba len vedie\u0165, ako z nich vy\u017em\u00fdka\u0165 maximum.[\/vc_column_text][vc_single_image image=&#8221;150937&#8243; img_size=&#8221;large&#8221; add_caption=&#8221;yes&#8221; alignment=&#8221;center&#8221; style=&#8221;vc_box_rounded&#8221; onclick=&#8221;custom_link&#8221; img_link_target=&#8221;_blank&#8221; link=&#8221;https:\/\/www.ikuchyne.sk\/&#8221;][vc_column_text]K organiz\u00e1cii riadu a ostatn\u00fdch kuchynsk\u00fdch predmetov v skrink\u00e1ch sl\u00fa\u017eia <strong>\u0161katu\u013eky<\/strong>, pletivov\u00e9 boxy \u010di ko\u0161\u00edky. Pom\u00f4\u017eu v\u00e1m efekt\u00edvne zu\u017eitkova\u0165 ka\u017ed\u00fd vo\u013en\u00fd centimeter. Z\u00e1rove\u0148 m\u00e1te vo veciach poriadok a presne viete, kde \u010do n\u00e1jdete.[\/vc_column_text][vc_single_image image=&#8221;150938&#8243; img_size=&#8221;large&#8221; add_caption=&#8221;yes&#8221; alignment=&#8221;center&#8221; style=&#8221;vc_box_rounded&#8221; onclick=&#8221;custom_link&#8221; img_link_target=&#8221;_blank&#8221; link=&#8221;https:\/\/www.ikuchyne.sk\/&#8221;][vc_column_text]Pozornos\u0165 si zasl\u00fa\u017eia aj <strong>vn\u00fatorn\u00e9 strany skrinkov\u00fdch dver\u00ed<\/strong>. Na h\u00e1\u010diky do nich m\u00f4\u017eete zavesi\u0165 nabera\u010dky alebo pokrievky z hrncov. Ak v\u00e1m v kuchynskej zostave zv\u00fd\u0161i p\u00e1r nevyu\u017eit\u00fdch centimetrov, zv\u00e1\u017ete pou\u017eitie vertik\u00e1lneho \u0161ufl\u00edka. Odbremen\u00ed v\u00e1s od koreni\u010diek a in\u00fdch vec\u00ed, ktor\u00e9 by v\u00e1m inak odkrajovali z cenn\u00e9ho miesta niekde inde.[\/vc_column_text][vc_single_image image=&#8221;150939&#8243; img_size=&#8221;large&#8221; add_caption=&#8221;yes&#8221; alignment=&#8221;center&#8221; style=&#8221;vc_box_rounded&#8221; onclick=&#8221;custom_link&#8221; img_link_target=&#8221;_blank&#8221; link=&#8221;https:\/\/www.ikuchyne.sk\/&#8221;][vc_message icon_fontawesome=&#8221;&#8221;]<b>Rada odborn\u00edka:\u00a0<\/b>V malej kuchyni sa oplatia plne v\u00fdsuvn\u00e9 \u0161ufl\u00edky. Dosiahnete tak a\u017e \u00faplne na koniec. Pri ich plnen\u00ed treba myslie\u0165 na nosnos\u0165. \u0164a\u017e\u0161ie predmety umiestnite dozadu.\u00a0Aby ste u\u0161etrili miesto, na otv\u00e1ranie <a href=\"https:\/\/www.ikuchyne.sk\/rohove-kuchyne\/\"><span style=\"color: #e3245e;\">rohov\u00fdch skriniek<\/span><\/a> pou\u017eite <strong>lomen\u00fd<\/strong> alebo <strong>oto\u010dn\u00fd syst\u00e9m<\/strong>.[\/vc_message][vc_column_text]<\/p>\n<h2><span style=\"color: #e3245e;\"><b>Nepodce\u0148ujte elektrospotrebi\u010de<br \/>\n<\/b><\/span><\/h2>\n<p>Kuchy\u0148u si bez elektrospotrebi\u010dov nevieme predstavi\u0165. <strong>Bez nich by toti\u017e nebola kuchy\u0148ou<\/strong>. Len \u0165a\u017eko si priprav\u00edte chutn\u00e9 rezne bez spor\u00e1ka a chladni\u010dky. Milovn\u00edci mrazenej pizze sa zas nezaob\u00eddu bez r\u00fary alebo mikrovlnky, o mrazni\u010dke nehovoriac.[\/vc_column_text][vc_single_image image=&#8221;150940&#8243; img_size=&#8221;large&#8221; add_caption=&#8221;yes&#8221; alignment=&#8221;center&#8221; style=&#8221;vc_box_rounded&#8221; onclick=&#8221;custom_link&#8221; img_link_target=&#8221;_blank&#8221; link=&#8221;https:\/\/www.ikuchyne.sk\/&#8221;][vc_column_text]Elektrospotrebi\u010de s\u00fa neoddelite\u013enou s\u00fa\u010das\u0165ou ka\u017edej kuchyne. To ale neznamen\u00e1, \u017ee jej musia vl\u00e1dnu\u0165. P\u00e1nom situ\u00e1cie mus\u00edte by\u0165 vy. \u201cUpracte\u201d elektrospotrebi\u010de tak, aby v\u00e1m pri pr\u00e1ci pom\u00e1hali, ale po nej <strong>nezavadzali<\/strong>.[\/vc_column_text][vc_single_image image=&#8221;150941&#8243; img_size=&#8221;large&#8221; add_caption=&#8221;yes&#8221; alignment=&#8221;center&#8221; style=&#8221;vc_box_rounded&#8221; onclick=&#8221;custom_link&#8221; img_link_target=&#8221;_blank&#8221; link=&#8221;https:\/\/www.ikuchyne.sk\/&#8221;][vc_column_text]<strong>Zv\u00e1\u017ete k\u00fapu men\u0161\u00edch elektrospotrebi\u010dov<\/strong> v z\u00e1vislosti od ve\u013ekosti va\u0161ej kuchyne. Z\u00edska\u0165 straten\u00fd priestor v\u00e1m pom\u00f4\u017eu vstavan\u00e9 elektrospotrebi\u010de, ktor\u00e9 elegantne splyn\u00fa s kuchynskou zostavou.[\/vc_column_text][vc_single_image image=&#8221;150942&#8243; img_size=&#8221;large&#8221; add_caption=&#8221;yes&#8221; alignment=&#8221;center&#8221; style=&#8221;vc_box_rounded&#8221; onclick=&#8221;custom_link&#8221; img_link_target=&#8221;_blank&#8221; link=&#8221;https:\/\/www.ikuchyne.sk\/&#8221;][\/vc_column][\/vc_row][vc_row][vc_column][vc_message message_box_color=&#8221;alert-success&#8221; icon_fontawesome=&#8221;&#8221;]<b>VEDELI STE, \u017dE: <\/b>Ve\u013ea miesta u\u0161etr\u00ed <strong>vstavan\u00fd digestor<\/strong>, nad ktor\u00fdm m\u00f4\u017eete ma\u0165 navy\u0161e funk\u010dn\u00fa poli\u010dku. Druhou mo\u017enos\u0165ou s\u00fa kombinovan\u00e9 elektrospotrebi\u010de. Napr\u00edklad r\u00fara kombinovan\u00e1 s mikrovlnkou je praktick\u00e1 a \u201cspratn\u00e1\u201d.[\/vc_message][\/vc_column][\/vc_row][vc_row][vc_column][vc_column_text]<\/p>\n<h2><span style=\"color: #e3245e;\"><b>Aj mal\u00e1 kuchy\u0148a si zasl\u00fa\u017ei ve\u013ea priestoru<br \/>\n<\/b><\/span><\/h2>\n<p>Aj z malej kuchyne sa d\u00e1 vyk\u00fazli\u0165 priestrann\u00fd kus dom\u00e1cnosti. Predt\u00fdm, ne\u017e za\u010dnete s reorganiz\u00e1ciou, sa na kuchy\u0148u pozrite jastrab\u00edm okom. Preniknite do ka\u017edej \u0161k\u00e1ry a <strong>odha\u013ete ka\u017ed\u00fd u\u017eito\u010dn\u00fd k\u00fasok miesta<\/strong>. A\u017e potom sa pustite do \u00faprav.[\/vc_column_text][vc_message icon_fontawesome=&#8221;&#8221;]<b>TIP NA Z\u00c1VER:\u00a0<\/b>Kupujte si len tak ve\u013ek\u00fd n\u00e1bytok, ktor\u00fd naozaj <strong>zu\u017eitkujete<\/strong>.[\/vc_message][vc_column_text]<\/p>\n<p style=\"text-align: center;\"><strong>H\u013ead\u00e1te viac in\u0161pir\u00e1cie?<\/strong><\/p>\n<p style=\"text-align: center;\">Pozrite si n\u00e1\u0161 e-shop<br \/>\n<a href=\"https:\/\/ikuchyne.sk\/eshop\/\"><span style=\"color: #e3245e;\"><strong>Do e-shopu<\/strong><\/span><\/a><\/p>\n<p>[\/vc_column_text][\/vc_column][\/vc_row]<\/p>\n","protected":false},"excerpt":{"rendered":"<p>[vc_row][vc_column][vc_column_text]Tr\u00e1pi v\u00e1s mal\u00e1 kuchy\u0148a? V mestskom byte na v\u00e4\u010d\u0161iu obvykle nie je priestor. Ako to urobi\u0165 tak, aby aj mal\u00e1 kuchy\u0148a p\u00f4sobila rozmernej\u0161ie? Porad\u00edme v\u00e1m, ako z\u00edska\u0165 dodato\u010dn\u00fd priestor a<\/p>\n","protected":false},"author":1177,"featured_media":150940,"comment_status":"closed","ping_status":"open","sticky":false,"template":"","format":"standard","meta":{"footnotes":""},"categories":[1011,1008,1013],"tags":[],"yoast_head":"<!-- This site is optimized with the Yoast SEO plugin v22.1 - https:\/\/yoast.com\/wordpress\/plugins\/seo\/ -->\n<title>Aj mal\u00e1 kuchy\u0148a m\u00f4\u017ee ma\u0165 mno\u017estvo priestoru &#187; iKuchyne iSHOP s n\u00e1bytkom<\/title>\n<meta name=\"description\" content=\"Tr\u00e1pi v\u00e1s mal\u00e1 kuchy\u0148a? V mestskom byte na v\u00e4\u010d\u0161iu obvykle nie je priestor. Ako to urobi\u0165 tak, aby aj mal\u00e1 kuchy\u0148a p\u00f4sobila rozmernej\u0161ie?\" \/>\n<meta name=\"robots\" content=\"index, follow, max-snippet:-1, max-image-preview:large, max-video-preview:-1\" \/>\n<link rel=\"canonical\" href=\"https:\/\/www.ikuchyne.sk\/eshop\/aj-mala-kuchyna-moze-mat-mnozstvo-priestoru\/\" \/>\n<meta property=\"og:locale\" content=\"sk_SK\" \/>\n<meta property=\"og:type\" content=\"article\" \/>\n<meta property=\"og:title\" content=\"Aj mal\u00e1 kuchy\u0148a m\u00f4\u017ee ma\u0165 mno\u017estvo priestoru &#187; iKuchyne iSHOP s n\u00e1bytkom\" \/>\n<meta property=\"og:description\" content=\"Tr\u00e1pi v\u00e1s mal\u00e1 kuchy\u0148a? V mestskom byte na v\u00e4\u010d\u0161iu obvykle nie je priestor. Ako to urobi\u0165 tak, aby aj mal\u00e1 kuchy\u0148a p\u00f4sobila rozmernej\u0161ie?\" \/>\n<meta property=\"og:url\" content=\"https:\/\/www.ikuchyne.sk\/eshop\/aj-mala-kuchyna-moze-mat-mnozstvo-priestoru\/\" \/>\n<meta property=\"og:site_name\" content=\"iKuchyne iSHOP s n\u00e1bytkom\" \/>\n<meta property=\"article:publisher\" content=\"https:\/\/www.facebook.com\/ikuchyne\/\" \/>\n<meta property=\"article:published_time\" content=\"2021-04-16T16:01:27+00:00\" \/>\n<meta property=\"og:image\" content=\"https:\/\/www.ikuchyne.sk\/eshop\/wp-content\/uploads\/2021\/04\/8-5.jpg\" \/>\n\t<meta property=\"og:image:width\" content=\"1600\" \/>\n\t<meta property=\"og:image:height\" content=\"960\" \/>\n\t<meta property=\"og:image:type\" content=\"image\/jpeg\" \/>\n<meta name=\"author\" content=\"Juraj Pavlik\" \/>\n<meta name=\"twitter:card\" content=\"summary_large_image\" \/>\n<meta name=\"twitter:label1\" content=\"Autor\" \/>\n\t<meta name=\"twitter:data1\" content=\"Juraj Pavlik\" \/>\n\t<meta name=\"twitter:label2\" content=\"Predpokladan\u00fd \u010das \u010d\u00edtania\" \/>\n\t<meta name=\"twitter:data2\" content=\"3 min\u00faty\" \/>\n<script type=\"application\/ld+json\" class=\"yoast-schema-graph\">{\"@context\":\"https:\/\/schema.org\",\"@graph\":[{\"@type\":\"Article\",\"@id\":\"https:\/\/www.ikuchyne.sk\/eshop\/aj-mala-kuchyna-moze-mat-mnozstvo-priestoru\/#article\",\"isPartOf\":{\"@id\":\"https:\/\/www.ikuchyne.sk\/eshop\/aj-mala-kuchyna-moze-mat-mnozstvo-priestoru\/\"},\"author\":{\"name\":\"Juraj Pavlik\",\"@id\":\"https:\/\/www.ikuchyne.sk\/eshop\/#\/schema\/person\/4d8ce08d014894018d3709d7d3cbbe1d\"},\"headline\":\"Ako skry\u0165 mno\u017estvo priestoru do malej kuchyne?\",\"datePublished\":\"2021-04-16T16:01:27+00:00\",\"dateModified\":\"2021-04-16T16:01:27+00:00\",\"mainEntityOfPage\":{\"@id\":\"https:\/\/www.ikuchyne.sk\/eshop\/aj-mala-kuchyna-moze-mat-mnozstvo-priestoru\/\"},\"wordCount\":1181,\"publisher\":{\"@id\":\"https:\/\/www.ikuchyne.sk\/eshop\/#organization\"},\"articleSection\":[\"ARCHITEKT\u00daRA A DIZAJN\",\"IN\u0160PIR\u00c1CIE\",\"Jed\u00e1le\u0148 a kuchy\u0148a\"],\"inLanguage\":\"sk-SK\"},{\"@type\":\"WebPage\",\"@id\":\"https:\/\/www.ikuchyne.sk\/eshop\/aj-mala-kuchyna-moze-mat-mnozstvo-priestoru\/\",\"url\":\"https:\/\/www.ikuchyne.sk\/eshop\/aj-mala-kuchyna-moze-mat-mnozstvo-priestoru\/\",\"name\":\"Aj mal\u00e1 kuchy\u0148a m\u00f4\u017ee ma\u0165 mno\u017estvo priestoru &#187; iKuchyne iSHOP s n\u00e1bytkom\",\"isPartOf\":{\"@id\":\"https:\/\/www.ikuchyne.sk\/eshop\/#website\"},\"datePublished\":\"2021-04-16T16:01:27+00:00\",\"dateModified\":\"2021-04-16T16:01:27+00:00\",\"description\":\"Tr\u00e1pi v\u00e1s mal\u00e1 kuchy\u0148a? V mestskom byte na v\u00e4\u010d\u0161iu obvykle nie je priestor. Ako to urobi\u0165 tak, aby aj mal\u00e1 kuchy\u0148a p\u00f4sobila rozmernej\u0161ie?\",\"breadcrumb\":{\"@id\":\"https:\/\/www.ikuchyne.sk\/eshop\/aj-mala-kuchyna-moze-mat-mnozstvo-priestoru\/#breadcrumb\"},\"inLanguage\":\"sk-SK\",\"potentialAction\":[{\"@type\":\"ReadAction\",\"target\":[\"https:\/\/www.ikuchyne.sk\/eshop\/aj-mala-kuchyna-moze-mat-mnozstvo-priestoru\/\"]}]},{\"@type\":\"BreadcrumbList\",\"@id\":\"https:\/\/www.ikuchyne.sk\/eshop\/aj-mala-kuchyna-moze-mat-mnozstvo-priestoru\/#breadcrumb\",\"itemListElement\":[{\"@type\":\"ListItem\",\"position\":1,\"name\":\"Home\",\"item\":\"https:\/\/www.ikuchyne.sk\/eshop\/\"},{\"@type\":\"ListItem\",\"position\":2,\"name\":\"Ako skry\u0165 mno\u017estvo priestoru do malej kuchyne?\"}]},{\"@type\":\"WebSite\",\"@id\":\"https:\/\/www.ikuchyne.sk\/eshop\/#website\",\"url\":\"https:\/\/www.ikuchyne.sk\/eshop\/\",\"name\":\"iKuchyne iSHOP s n\u00e1bytkom\",\"description\":\"Jed\u00e1lensk\u00e9 stoly, stoli\u010dky, n\u00e1bytok, svietidl\u00e1...\",\"publisher\":{\"@id\":\"https:\/\/www.ikuchyne.sk\/eshop\/#organization\"},\"potentialAction\":[{\"@type\":\"SearchAction\",\"target\":{\"@type\":\"EntryPoint\",\"urlTemplate\":\"https:\/\/www.ikuchyne.sk\/eshop\/?s={search_term_string}\"},\"query-input\":\"required name=search_term_string\"}],\"inLanguage\":\"sk-SK\"},{\"@type\":\"Organization\",\"@id\":\"https:\/\/www.ikuchyne.sk\/eshop\/#organization\",\"name\":\"ikuchyne!\",\"url\":\"https:\/\/www.ikuchyne.sk\/eshop\/\",\"logo\":{\"@type\":\"ImageObject\",\"inLanguage\":\"sk-SK\",\"@id\":\"https:\/\/www.ikuchyne.sk\/eshop\/#\/schema\/logo\/image\/\",\"url\":\"https:\/\/www.ikuchyne.sk\/eshop\/wp-content\/uploads\/2017\/04\/ikuchyne-logo.jpg\",\"contentUrl\":\"https:\/\/www.ikuchyne.sk\/eshop\/wp-content\/uploads\/2017\/04\/ikuchyne-logo.jpg\",\"width\":200,\"height\":48,\"caption\":\"ikuchyne!\"},\"image\":{\"@id\":\"https:\/\/www.ikuchyne.sk\/eshop\/#\/schema\/logo\/image\/\"},\"sameAs\":[\"https:\/\/www.facebook.com\/ikuchyne\/\",\"https:\/\/www.instagram.com\/ikuchyne.sk\/\",\"https:\/\/sk.pinterest.com\/ikuchynesk\/\"]},{\"@type\":\"Person\",\"@id\":\"https:\/\/www.ikuchyne.sk\/eshop\/#\/schema\/person\/4d8ce08d014894018d3709d7d3cbbe1d\",\"name\":\"Juraj Pavlik\",\"image\":{\"@type\":\"ImageObject\",\"inLanguage\":\"sk-SK\",\"@id\":\"https:\/\/www.ikuchyne.sk\/eshop\/#\/schema\/person\/image\/\",\"url\":\"https:\/\/secure.gravatar.com\/avatar\/dc257f408fb2c77b5ea45435006a5bae?s=96&d=wp_user_avatar&r=g\",\"contentUrl\":\"https:\/\/secure.gravatar.com\/avatar\/dc257f408fb2c77b5ea45435006a5bae?s=96&d=wp_user_avatar&r=g\",\"caption\":\"Juraj Pavlik\"},\"description\":\"Juraj sa popri \u0161t\u00fadiu psychol\u00f3gie naplno venuje p\u00edsaniu rozmanit\u00fdch \u010dl\u00e1nkov. Okrem p\u00edsania s\u00fa jeho v\u00e1\u0161\u0148ou knihy a digit\u00e1lna ma\u013eba. Vo\u013en\u00fd \u010das tr\u00e1vi vlastnou liter\u00e1rnou tvorbou, \u0161portom a po\u010d\u00favan\u00edm dobrej hudby.\",\"url\":\"https:\/\/www.ikuchyne.sk\/eshop\/author\/juraj-pavlik\/\"}]}<\/script>\n<!-- \/ Yoast SEO plugin. -->","yoast_head_json":{"title":"Aj mal\u00e1 kuchy\u0148a m\u00f4\u017ee ma\u0165 mno\u017estvo priestoru &#187; iKuchyne iSHOP s n\u00e1bytkom","description":"Tr\u00e1pi v\u00e1s mal\u00e1 kuchy\u0148a? V mestskom byte na v\u00e4\u010d\u0161iu obvykle nie je priestor. Ako to urobi\u0165 tak, aby aj mal\u00e1 kuchy\u0148a p\u00f4sobila rozmernej\u0161ie?","robots":{"index":"index","follow":"follow","max-snippet":"max-snippet:-1","max-image-preview":"max-image-preview:large","max-video-preview":"max-video-preview:-1"},"canonical":"https:\/\/www.ikuchyne.sk\/eshop\/aj-mala-kuchyna-moze-mat-mnozstvo-priestoru\/","og_locale":"sk_SK","og_type":"article","og_title":"Aj mal\u00e1 kuchy\u0148a m\u00f4\u017ee ma\u0165 mno\u017estvo priestoru &#187; iKuchyne iSHOP s n\u00e1bytkom","og_description":"Tr\u00e1pi v\u00e1s mal\u00e1 kuchy\u0148a? V mestskom byte na v\u00e4\u010d\u0161iu obvykle nie je priestor. Ako to urobi\u0165 tak, aby aj mal\u00e1 kuchy\u0148a p\u00f4sobila rozmernej\u0161ie?","og_url":"https:\/\/www.ikuchyne.sk\/eshop\/aj-mala-kuchyna-moze-mat-mnozstvo-priestoru\/","og_site_name":"iKuchyne iSHOP s n\u00e1bytkom","article_publisher":"https:\/\/www.facebook.com\/ikuchyne\/","article_published_time":"2021-04-16T16:01:27+00:00","og_image":[{"width":1600,"height":960,"url":"https:\/\/www.ikuchyne.sk\/eshop\/wp-content\/uploads\/2021\/04\/8-5.jpg","type":"image\/jpeg"}],"author":"Juraj Pavlik","twitter_card":"summary_large_image","twitter_misc":{"Autor":"Juraj Pavlik","Predpokladan\u00fd \u010das \u010d\u00edtania":"3 min\u00faty"},"schema":{"@context":"https:\/\/schema.org","@graph":[{"@type":"Article","@id":"https:\/\/www.ikuchyne.sk\/eshop\/aj-mala-kuchyna-moze-mat-mnozstvo-priestoru\/#article","isPartOf":{"@id":"https:\/\/www.ikuchyne.sk\/eshop\/aj-mala-kuchyna-moze-mat-mnozstvo-priestoru\/"},"author":{"name":"Juraj Pavlik","@id":"https:\/\/www.ikuchyne.sk\/eshop\/#\/schema\/person\/4d8ce08d014894018d3709d7d3cbbe1d"},"headline":"Ako skry\u0165 mno\u017estvo priestoru do malej kuchyne?","datePublished":"2021-04-16T16:01:27+00:00","dateModified":"2021-04-16T16:01:27+00:00","mainEntityOfPage":{"@id":"https:\/\/www.ikuchyne.sk\/eshop\/aj-mala-kuchyna-moze-mat-mnozstvo-priestoru\/"},"wordCount":1181,"publisher":{"@id":"https:\/\/www.ikuchyne.sk\/eshop\/#organization"},"articleSection":["ARCHITEKT\u00daRA A DIZAJN","IN\u0160PIR\u00c1CIE","Jed\u00e1le\u0148 a kuchy\u0148a"],"inLanguage":"sk-SK"},{"@type":"WebPage","@id":"https:\/\/www.ikuchyne.sk\/eshop\/aj-mala-kuchyna-moze-mat-mnozstvo-priestoru\/","url":"https:\/\/www.ikuchyne.sk\/eshop\/aj-mala-kuchyna-moze-mat-mnozstvo-priestoru\/","name":"Aj mal\u00e1 kuchy\u0148a m\u00f4\u017ee ma\u0165 mno\u017estvo priestoru &#187; iKuchyne iSHOP s n\u00e1bytkom","isPartOf":{"@id":"https:\/\/www.ikuchyne.sk\/eshop\/#website"},"datePublished":"2021-04-16T16:01:27+00:00","dateModified":"2021-04-16T16:01:27+00:00","description":"Tr\u00e1pi v\u00e1s mal\u00e1 kuchy\u0148a? V mestskom byte na v\u00e4\u010d\u0161iu obvykle nie je priestor. Ako to urobi\u0165 tak, aby aj mal\u00e1 kuchy\u0148a p\u00f4sobila rozmernej\u0161ie?","breadcrumb":{"@id":"https:\/\/www.ikuchyne.sk\/eshop\/aj-mala-kuchyna-moze-mat-mnozstvo-priestoru\/#breadcrumb"},"inLanguage":"sk-SK","potentialAction":[{"@type":"ReadAction","target":["https:\/\/www.ikuchyne.sk\/eshop\/aj-mala-kuchyna-moze-mat-mnozstvo-priestoru\/"]}]},{"@type":"BreadcrumbList","@id":"https:\/\/www.ikuchyne.sk\/eshop\/aj-mala-kuchyna-moze-mat-mnozstvo-priestoru\/#breadcrumb","itemListElement":[{"@type":"ListItem","position":1,"name":"Home","item":"https:\/\/www.ikuchyne.sk\/eshop\/"},{"@type":"ListItem","position":2,"name":"Ako skry\u0165 mno\u017estvo priestoru do malej kuchyne?"}]},{"@type":"WebSite","@id":"https:\/\/www.ikuchyne.sk\/eshop\/#website","url":"https:\/\/www.ikuchyne.sk\/eshop\/","name":"iKuchyne iSHOP s n\u00e1bytkom","description":"Jed\u00e1lensk\u00e9 stoly, stoli\u010dky, n\u00e1bytok, svietidl\u00e1...","publisher":{"@id":"https:\/\/www.ikuchyne.sk\/eshop\/#organization"},"potentialAction":[{"@type":"SearchAction","target":{"@type":"EntryPoint","urlTemplate":"https:\/\/www.ikuchyne.sk\/eshop\/?s={search_term_string}"},"query-input":"required name=search_term_string"}],"inLanguage":"sk-SK"},{"@type":"Organization","@id":"https:\/\/www.ikuchyne.sk\/eshop\/#organization","name":"ikuchyne!","url":"https:\/\/www.ikuchyne.sk\/eshop\/","logo":{"@type":"ImageObject","inLanguage":"sk-SK","@id":"https:\/\/www.ikuchyne.sk\/eshop\/#\/schema\/logo\/image\/","url":"https:\/\/www.ikuchyne.sk\/eshop\/wp-content\/uploads\/2017\/04\/ikuchyne-logo.jpg","contentUrl":"https:\/\/www.ikuchyne.sk\/eshop\/wp-content\/uploads\/2017\/04\/ikuchyne-logo.jpg","width":200,"height":48,"caption":"ikuchyne!"},"image":{"@id":"https:\/\/www.ikuchyne.sk\/eshop\/#\/schema\/logo\/image\/"},"sameAs":["https:\/\/www.facebook.com\/ikuchyne\/","https:\/\/www.instagram.com\/ikuchyne.sk\/","https:\/\/sk.pinterest.com\/ikuchynesk\/"]},{"@type":"Person","@id":"https:\/\/www.ikuchyne.sk\/eshop\/#\/schema\/person\/4d8ce08d014894018d3709d7d3cbbe1d","name":"Juraj Pavlik","image":{"@type":"ImageObject","inLanguage":"sk-SK","@id":"https:\/\/www.ikuchyne.sk\/eshop\/#\/schema\/person\/image\/","url":"https:\/\/secure.gravatar.com\/avatar\/dc257f408fb2c77b5ea45435006a5bae?s=96&d=wp_user_avatar&r=g","contentUrl":"https:\/\/secure.gravatar.com\/avatar\/dc257f408fb2c77b5ea45435006a5bae?s=96&d=wp_user_avatar&r=g","caption":"Juraj Pavlik"},"description":"Juraj sa popri \u0161t\u00fadiu psychol\u00f3gie naplno venuje p\u00edsaniu rozmanit\u00fdch \u010dl\u00e1nkov. Okrem p\u00edsania s\u00fa jeho v\u00e1\u0161\u0148ou knihy a digit\u00e1lna ma\u013eba. Vo\u013en\u00fd \u010das tr\u00e1vi vlastnou liter\u00e1rnou tvorbou, \u0161portom a po\u010d\u00favan\u00edm dobrej hudby.","url":"https:\/\/www.ikuchyne.sk\/eshop\/author\/juraj-pavlik\/"}]}},"_links":{"self":[{"href":"https:\/\/www.ikuchyne.sk\/eshop\/wp-json\/wp\/v2\/posts\/150929"}],"collection":[{"href":"https:\/\/www.ikuchyne.sk\/eshop\/wp-json\/wp\/v2\/posts"}],"about":[{"href":"https:\/\/www.ikuchyne.sk\/eshop\/wp-json\/wp\/v2\/types\/post"}],"author":[{"embeddable":true,"href":"https:\/\/www.ikuchyne.sk\/eshop\/wp-json\/wp\/v2\/users\/1177"}],"replies":[{"embeddable":true,"href":"https:\/\/www.ikuchyne.sk\/eshop\/wp-json\/wp\/v2\/comments?post=150929"}],"version-history":[{"count":1,"href":"https:\/\/www.ikuchyne.sk\/eshop\/wp-json\/wp\/v2\/posts\/150929\/revisions"}],"predecessor-version":[{"id":150943,"href":"https:\/\/www.ikuchyne.sk\/eshop\/wp-json\/wp\/v2\/posts\/150929\/revisions\/150943"}],"wp:featuredmedia":[{"embeddable":true,"href":"https:\/\/www.ikuchyne.sk\/eshop\/wp-json\/wp\/v2\/media\/150940"}],"wp:attachment":[{"href":"https:\/\/www.ikuchyne.sk\/eshop\/wp-json\/wp\/v2\/media?parent=150929"}],"wp:term":[{"taxonomy":"category","embeddable":true,"href":"https:\/\/www.ikuchyne.sk\/eshop\/wp-json\/wp\/v2\/categories?post=150929"},{"taxonomy":"post_tag","embeddable":true,"href":"https:\/\/www.ikuchyne.sk\/eshop\/wp-json\/wp\/v2\/tags?post=150929"}],"curies":[{"name":"wp","href":"https:\/\/api.w.org\/{rel}","templated":true}]}}