{"id":150944,"date":"2021-04-21T16:31:05","date_gmt":"2021-04-21T14:31:05","guid":{"rendered":"https:\/\/www.ikuchyne.sk\/eshop\/?p=150944"},"modified":"2021-04-21T16:31:05","modified_gmt":"2021-04-21T14:31:05","slug":"milovany-vintage-styl-do-maleho-bytu","status":"publish","type":"post","link":"https:\/\/www.ikuchyne.sk\/eshop\/milovany-vintage-styl-do-maleho-bytu\/","title":{"rendered":"Milovan\u00fd vintage \u0161t\u00fdl do mal\u00e9ho bytu"},"content":{"rendered":"<p>[vc_row][vc_column][vc_column_text]Za posledn\u00e9 obdobie je <strong>vintage \u0161t\u00fdl<\/strong> sn\u00e1\u010f asi najob\u013e\u00fabenej\u0161\u00edm. \u0160t\u00fdl, ktor\u00fd vyzer\u00e1 vkusne a dokonca st\u00e1le moderne. Nie je s\u00edce pre ka\u017ed\u00e9ho, a ani sa nehod\u00ed do ka\u017ed\u00e9ho priestoru, ale je tu p\u00e1r signifikantn\u00fdch znakov, ktor\u00e9 s\u00fa dobrou pom\u00f4ckou ako to nespacka\u0165, ak sa rozhodnete aj men\u0161\u00ed byt zariadi\u0165 do vintage \u0161t\u00fdlu.[\/vc_column_text][\/vc_column][\/vc_row][vc_row][vc_column][vc_column_text]<\/p>\n<h2><span style=\"color: #e3245e;\"><b>Nepodce\u0148ujte v\u00fdber n\u00e1bytku pre vintage \u0161t\u00fdl<\/b><\/span><\/h2>\n<p>V prvom rade je dobr\u00e9 urobi\u0165 si men\u0161\u00ed prieskum a zamera\u0165 na n\u00e1bytok, ktor\u00fd sa hod\u00ed do priestoru. Obzvl\u00e1\u0161\u0165 na to treba d\u00e1va\u0165 pozor, ak m\u00e1te men\u0161\u00ed byt. Preto\u017ee, v men\u0161om byte povedzme v jednoizbovom, je <strong>vintage n\u00e1bytok<\/strong> trochu v\u00fdzvou. A to hlavne preto, \u017ee mus\u00edte rozm\u00fd\u0161\u013ea\u0165, ako hospod\u00e1ri\u0165 s priestorom a dizajnom, aby to nep\u00f4sobilo nevkusne.[\/vc_column_text][vc_single_image image=&#8221;151016&#8243; img_size=&#8221;large&#8221; add_caption=&#8221;yes&#8221; alignment=&#8221;center&#8221; style=&#8221;vc_box_rounded&#8221; onclick=&#8221;custom_link&#8221; img_link_target=&#8221;_blank&#8221; link=&#8221;https:\/\/sk.pinterest.com\/&#8221;][vc_column_text]Zamerajte svoju pozornos\u0165 pri v\u00fdbere n\u00e1bytku na sk\u00f4r <strong>svetl\u00e9 ako tmav\u00e9 \u010dasti n\u00e1bytku<\/strong> a najm\u00e4 <strong>menej n\u00e1bytku ako viac<\/strong>.<\/p>\n<p>Pr\u00edpadne sa d\u00e1 kr\u00e1sne zrekon\u0161truova\u0165 a obr\u00fasi\u0165 aj ten star\u00fd n\u00e1bytok. Ke\u010f\u017ee vintage dos\u0165 pripom\u00edna n\u00e1bytok z 50 a\u017e 60 rokov, nezastavajte si cel\u00fd priestor ob\u00fdvacou stenou, \u010do \u00faplne vytesn\u00ed priestor. Miesto toho rad\u0161ej zvo\u013ete men\u0161iu komodu a poli\u010dky alebo reg\u00e1ly.[\/vc_column_text][\/vc_column][\/vc_row][vc_row][vc_column][vc_column_text]<\/p>\n<h2><span style=\"color: #e3245e;\"><b>Poli\u010dky ako extra priestor a aj ako dekor\u00e1cia<br \/>\n<\/b><\/span><\/h2>\n<p>Ide o to sa pripodobni\u0165 <strong>vintage \u0161t\u00fdlu<\/strong> a by\u0165 kreat\u00edvny, nie obsadi\u0165 cel\u00fd priestor b\u00fdvania. Dopom\u00f4c\u0165 \u00falo\u017en\u00e9mu priestoru m\u00f4\u017eete aj tak, \u017ee siahnete po zauj\u00edmav\u00fdch dreven\u00fdch poli\u010dk\u00e1ch na knihy, kvety alebo fotografie. Pr\u00edpadne reg\u00e1l, kde takisto m\u00f4\u017eete vyu\u017ei\u0165 \u00falo\u017en\u00fd priestor. Poli\u010dky s\u00fa naozaj super rie\u0161en\u00edm, ako nezastava\u0165 cel\u00fd priestor mal\u00e9ho priestoru a doladi\u0165 detaily.[\/vc_column_text][vc_single_image image=&#8221;151007&#8243; img_size=&#8221;large&#8221; add_caption=&#8221;yes&#8221; alignment=&#8221;center&#8221; style=&#8221;vc_box_rounded&#8221; onclick=&#8221;custom_link&#8221; img_link_target=&#8221;_blank&#8221; link=&#8221;https:\/\/sk.pinterest.com\/&#8221;][vc_column_text]<\/p>\n<h2><span style=\"color: #e3245e;\"><b>Vintage \u0161t\u00fdl s drevom aj kovom<br \/>\n<\/b><\/span><\/h2>\n<p>Pri v\u00fdbere stola, stol\u00edka \u010di stoli\u010diek je dobr\u00e9 sa obzera\u0165 po dreve a kove. Na plastov\u00e9 imit\u00e1cie rad\u0161ej zabudnite a to pri akomko\u013evek n\u00e1bytku, ktor\u00fd chcete situova\u0165 do vidieckeho \u0161t\u00fdlu. To ist\u00e9 plat\u00ed aj pri v\u00fdbere postele. Pokojne zvo\u013ete poste\u013e s kovovou kon\u0161trukciou, bude sa dokonale hodi\u0165. Celkovo kombin\u00e1cia kovu a dreva je nie\u010do, \u010d\u00edm naozaj nepokaz\u00edte \u017eiaden \u0161t\u00fdl, ani <strong>vintage<\/strong> nie je v\u00fdnimkou.[\/vc_column_text][vc_single_image image=&#8221;151013&#8243; img_size=&#8221;large&#8221; add_caption=&#8221;yes&#8221; alignment=&#8221;center&#8221; style=&#8221;vc_box_rounded&#8221; onclick=&#8221;custom_link&#8221; img_link_target=&#8221;_blank&#8221; link=&#8221;https:\/\/www.ikuchyne.sk\/eshop\/produkt\/konferencny-stolik-mystic-living-117cm-agat\/&#8221;][vc_message icon_fontawesome=&#8221;&#8221;]<b>Rada odborn\u00edka:\u00a0<\/b>Ak chcete u\u0161etri\u0165 peniaze aj \u010das a m\u00e1te star\u00fdch rodi\u010dov, ktor\u00ed e\u0161te st\u00e1le maj\u00fa ten svoj \u0161pecifick\u00fd n\u00e1bytok, sk\u00faste sa poobezera\u0165, \u010di by sa tak\u00fdto n\u00e1bytok hodil aj do v\u00e1\u0161ho men\u0161ieho bytu. Vintage \u0161t\u00fdl je naozaj jednoduch\u00fd a neuverite\u013ene nad\u010dasov\u00fd pri spr\u00e1vnej kombin\u00e1cii.[\/vc_message][vc_column_text]<\/p>\n<h2><span style=\"color: #e3245e;\"><b>Farby vintage \u0161t\u00fdlu<br \/>\n<\/b><\/span><\/h2>\n<p>V men\u0161\u00edch priestoroch je dobr\u00e9 ma\u0165 svetl\u00e9 pastelov\u00e9 alebo \u010disto biele farby. Priestor nebude nikdy p\u00f4sobi\u0165, \u017ee je udusen\u00fd n\u00e1bytkom alebo nebodaj smutnou atmosf\u00e9rou. Pri <strong>vintage \u0161t\u00fdle<\/strong> si m\u00f4\u017eete dovoli\u0165 pou\u017ei\u0165 aj tapety, ale <strong>pozor &#8211; neotapetujte si cel\u00fd priestor<\/strong>, v jednoduchosti je kr\u00e1sa. Takisto plat\u00ed, \u017ee m\u00f4\u017eete kombinova\u0165 aj viac ako 5 odtie\u0148ov farebnej \u0161k\u00e1ly, preto\u017ee <strong>vintage<\/strong> je hrav\u00fd a otvoren\u00fd.[\/vc_column_text][vc_single_image image=&#8221;151010&#8243; img_size=&#8221;large&#8221; add_caption=&#8221;yes&#8221; alignment=&#8221;center&#8221; style=&#8221;vc_box_rounded&#8221; onclick=&#8221;custom_link&#8221; img_link_target=&#8221;_blank&#8221; link=&#8221;https:\/\/sk.pinterest.com\/&#8221;][vc_column_text]<\/p>\n<h2><span style=\"color: #e3245e;\"><b>Nechajte vintage \u0161t\u00fdl za\u017eiari\u0165<br \/>\n<\/b><\/span><\/h2>\n<p>Zamerajte sa aj na osvetlenie. Pri vintage je \u00faplne jednoduch\u00e9 siahnu\u0165 po<strong> lamp\u00e1ch ak\u00fdchko\u013evek tvarov<\/strong>. \u010c\u00edm zvl\u00e1\u0161tnej\u0161ie t\u00fdm lep\u0161ie. In\u0161pirujte sa vyberom z n\u00e1\u0161ho e-shopu. Vybrali sme p\u00e1r svietidiel, ktor\u00e9 sa hodia do ka\u017ed\u00e9ho vintage \u0161t\u00fdlu. A pre\u010do? V\u0161iminite si ich unik\u00e1tnos\u0165 tvaru a farieb.[\/vc_column_text][vc_single_image image=&#8221;151018&#8243; img_size=&#8221;large&#8221; add_caption=&#8221;yes&#8221; alignment=&#8221;center&#8221; style=&#8221;vc_box_rounded&#8221; onclick=&#8221;custom_link&#8221; img_link_target=&#8221;_blank&#8221; link=&#8221;https:\/\/www.ikuchyne.sk\/eshop\/produkt\/zavesna-lampa-bamboo-60cm\/&#8221;][vc_single_image image=&#8221;151019&#8243; img_size=&#8221;large&#8221; add_caption=&#8221;yes&#8221; alignment=&#8221;center&#8221; style=&#8221;vc_box_rounded&#8221; onclick=&#8221;custom_link&#8221; img_link_target=&#8221;_blank&#8221; link=&#8221;https:\/\/www.ikuchyne.sk\/eshop\/produkt\/zavesna-lampa-levels-100cm\/&#8221;][\/vc_column][\/vc_row][vc_row][vc_column][vc_message message_box_color=&#8221;alert-success&#8221; icon_fontawesome=&#8221;fa fa-lightbulb-o&#8221;]<b>VEDELI STE, \u017dE: <\/b>pri v\u00fdbere farieb v hos\u0165ovskej izbe s\u00fa ide\u00e1lnou vo\u013ebou neutr\u00e1lne farby? Nezab\u00fadajte toti\u017e na to, \u017ee to, \u010do sa m\u00f4\u017ee p\u00e1\u010di\u0165 v\u00e1m, sa zas nemus\u00ed p\u00e1\u010di\u0165 va\u0161im hos\u0165om. Siahnite preto sk\u00f4r po bielej, hnedej \u010di sivej a pred\u00eddete tak pr\u00edpadn\u00fdm nepr\u00edjemnostiam.[\/vc_message][\/vc_column][\/vc_row][vc_row][vc_column][vc_column_text]<\/p>\n<h2><span style=\"color: #e3245e;\"><b>Vintage \u0161t\u00fdl a doplnky do domu<\/b><\/span><\/h2>\n<p>Hne\u010f po n\u00e1bytku s\u00fa doplnky asi sn\u00e1\u010f druh\u00fdm najv\u00e4\u010d\u0161\u00edm ukazovate\u013eom toho, \u017ee to s vintage \u0161t\u00fdlom m\u00e1te perfektne zvl\u00e1dnut\u00e9. <strong>Hod\u00ed sa tu v\u0161etko s n\u00e1dychom hist\u00f3rie<\/strong>. Vyhra\u0165 sa m\u00f4\u017eete s obrazmi, plag\u00e1tmi, v\u00e1zami, hodinami, kvetin\u00e1\u010dmi, oblie\u010dkami na periny, vank\u00fa\u0161mi, kobercami a dokonca aj reg\u00e1le a in\u00e9 men\u0161ie kusy n\u00e1bytku. Jednoducho to bude s t\u00fdmito doplnkami st\u00e1\u0165 za to. Pri men\u0161om byte o to viac.[\/vc_column_text][vc_single_image image=&#8221;151015&#8243; img_size=&#8221;large&#8221; add_caption=&#8221;yes&#8221; alignment=&#8221;center&#8221; style=&#8221;vc_box_rounded&#8221; onclick=&#8221;custom_link&#8221; img_link_target=&#8221;_blank&#8221; link=&#8221;https:\/\/www.ikuchyne.sk\/eshop\/produkt\/regal-na-vino-storage-100-cm-kov-cierny\/&#8221;][vc_single_image image=&#8221;151011&#8243; img_size=&#8221;large&#8221; add_caption=&#8221;yes&#8221; alignment=&#8221;center&#8221; style=&#8221;vc_box_rounded&#8221; onclick=&#8221;custom_link&#8221; img_link_target=&#8221;_blank&#8221; link=&#8221;https:\/\/www.ikuchyne.sk\/eshop\/produkt\/stolik-podnos-mango-44cm-hneda\/&#8221;][vc_message icon_fontawesome=&#8221;fa fa-lightbulb-o&#8221;]<b>TIP NA Z\u00c1VER: <\/b>Pozrite si n\u00e1\u0161 <a href=\"https:\/\/ikuchyne.sk\/eshop\/\">e-shop<\/a>, v ktorom n\u00e1jdete v\u0161etko potrebn\u00e9 na zariadenie dokonalej hos\u0165ovskej izby. Sta\u010d\u00ed si vybra\u0165 z ve\u013ek\u00e9ho mno\u017estva produktov tie ide\u00e1lne pre v\u00e1\u0161 domov.[\/vc_message][\/vc_column][\/vc_row][vc_row][vc_column][vc_column_text]<\/p>\n<h2><span style=\"color: #e3245e;\"><b>Je pre v\u00e1s vintage \u0161t\u00fdl to prav\u00e9?<br \/>\n<\/b><\/span><\/h2>\n<p>Ak sa rozhodnete pre zariadenie vo vintage \u0161t\u00fdle, bude to vy\u017eadova\u0165 naozaj p\u00e1r jasn\u00fdch ide\u00ed, \u010do sa hod\u00ed do priestoru, v ktorom chcete tento \u0161t\u00fdl zriadi\u0165. Gars\u00f3nky, jednoizbov\u00e9 byty, \u010di samotn\u00e1 izba si bude vy\u017eadova\u0165 v\u017edy svetl\u00e9 farby. Svetl\u00e9 farby pom\u00f4\u017eu nie len so samotn\u00fdm optick\u00fdm zv\u00e4\u010d\u0161en\u00edm, ale aj kombinovate\u013enos\u0165 in\u00fdch farieb bude jednoduch\u0161ia. Nemus\u00edte sa v\u0161ak striktne dr\u017ea\u0165 len svetl\u00fdch farieb. Na internete m\u00f4\u017eete n\u00e1js\u0165 aj \u010dierny vintage \u0161t\u00fdl izby, ale v\u0161imnite si, n\u00e1bytok a bytov\u00e9 dekor\u00e1cie s\u00fa doplnen\u00e9 \u00faplne striedmo a zv\u00e4\u010d\u0161a nejde o mal\u00e9 priestory.. Nad mo\u017enos\u0165ou vintage \u0161t\u00fdlu by mali ur\u010dite rozm\u00fd\u0161\u013ea\u0165 v\u0161etci t\u00ed, ktor\u00ed nepodliehaj\u00fa minimalizmu a r\u00fdchlemu prechodu do nov\u00fdch \u0161t\u00fdlov. Je sk\u00f4r vhodn\u00fd pre t\u00fdch, ktor\u00ed chc\u00fa c\u00edti\u0165 trochu vidieku aj v modernom meste. Vyberajte svetl\u00e9 drevo v kombin\u00e1cii s kovom, takisto reg\u00e1ly \u010di poli\u010dky z dreva. Pom\u00f4\u017eu dotvori\u0165 celkov\u00fd dojem a s\u00fa bodkou pri vintage. Stavte aj na doplnky. \u010ci u\u017e je to samotn\u00e9 vybavenie riadu v kuchyni alebo v k\u00fape\u013eni, ale aj po\u0165ahov na oblie\u010dky. No a nezabudnite tie\u017e na ve\u013ek\u00fa moc baz\u00e1rov.<\/p>\n<p><span style=\"font-weight: 400; color: #000000;\">\u00a0<\/span>[\/vc_column_text][\/vc_column][\/vc_row]<\/p>\n","protected":false},"excerpt":{"rendered":"<p>[vc_row][vc_column][vc_column_text]Za posledn\u00e9 obdobie je vintage \u0161t\u00fdl sn\u00e1\u010f asi najob\u013e\u00fabenej\u0161\u00edm. \u0160t\u00fdl, ktor\u00fd vyzer\u00e1 vkusne a dokonca st\u00e1le moderne. Nie je s\u00edce pre ka\u017ed\u00e9ho, a ani sa nehod\u00ed do ka\u017ed\u00e9ho priestoru, ale<\/p>\n","protected":false},"author":581,"featured_media":151016,"comment_status":"closed","ping_status":"open","sticky":false,"template":"","format":"standard","meta":{"footnotes":""},"categories":[1008,1129],"tags":[],"yoast_head":"<!-- This site is optimized with the Yoast SEO plugin v22.1 - https:\/\/yoast.com\/wordpress\/plugins\/seo\/ -->\n<title>Milovan\u00fd vintage \u0161t\u00fdl do mal\u00e9ho bytu &#187; iKuchyne iSHOP s n\u00e1bytkom<\/title>\n<meta name=\"description\" content=\"Za posledn\u00e9 obdobie je vintage \u0161t\u00fdl sn\u00e1\u010f asi najob\u013e\u00fabenej\u0161\u00edm. \u0160t\u00fdl, ktor\u00fd vyzer\u00e1 vkusne a dokonca st\u00e1le moderne. A vy m\u00e1te radi vintage \u0161t\u00fdl?\" \/>\n<meta name=\"robots\" content=\"index, follow, max-snippet:-1, max-image-preview:large, max-video-preview:-1\" \/>\n<link rel=\"canonical\" href=\"https:\/\/www.ikuchyne.sk\/eshop\/milovany-vintage-styl-do-maleho-bytu\/\" \/>\n<meta property=\"og:locale\" content=\"sk_SK\" \/>\n<meta property=\"og:type\" content=\"article\" \/>\n<meta property=\"og:title\" content=\"Milovan\u00fd vintage \u0161t\u00fdl do mal\u00e9ho bytu &#187; iKuchyne iSHOP s n\u00e1bytkom\" \/>\n<meta property=\"og:description\" content=\"Za posledn\u00e9 obdobie je vintage \u0161t\u00fdl sn\u00e1\u010f asi najob\u013e\u00fabenej\u0161\u00edm. \u0160t\u00fdl, ktor\u00fd vyzer\u00e1 vkusne a dokonca st\u00e1le moderne. A vy m\u00e1te radi vintage \u0161t\u00fdl?\" \/>\n<meta property=\"og:url\" content=\"https:\/\/www.ikuchyne.sk\/eshop\/milovany-vintage-styl-do-maleho-bytu\/\" \/>\n<meta property=\"og:site_name\" content=\"iKuchyne iSHOP s n\u00e1bytkom\" \/>\n<meta property=\"article:publisher\" content=\"https:\/\/www.facebook.com\/ikuchyne\/\" \/>\n<meta property=\"article:published_time\" content=\"2021-04-21T14:31:05+00:00\" \/>\n<meta property=\"og:image\" content=\"https:\/\/www.ikuchyne.sk\/eshop\/wp-content\/uploads\/2021\/04\/vintage.jpg\" \/>\n\t<meta property=\"og:image:width\" content=\"564\" \/>\n\t<meta property=\"og:image:height\" content=\"846\" \/>\n\t<meta property=\"og:image:type\" content=\"image\/jpeg\" \/>\n<meta name=\"author\" content=\"Zuzana Dadej\" \/>\n<meta name=\"twitter:card\" content=\"summary_large_image\" \/>\n<meta name=\"twitter:label1\" content=\"Autor\" \/>\n\t<meta name=\"twitter:data1\" content=\"Zuzana Dadej\" \/>\n\t<meta name=\"twitter:label2\" content=\"Predpokladan\u00fd \u010das \u010d\u00edtania\" \/>\n\t<meta name=\"twitter:data2\" content=\"4 min\u00faty\" \/>\n<script type=\"application\/ld+json\" class=\"yoast-schema-graph\">{\"@context\":\"https:\/\/schema.org\",\"@graph\":[{\"@type\":\"Article\",\"@id\":\"https:\/\/www.ikuchyne.sk\/eshop\/milovany-vintage-styl-do-maleho-bytu\/#article\",\"isPartOf\":{\"@id\":\"https:\/\/www.ikuchyne.sk\/eshop\/milovany-vintage-styl-do-maleho-bytu\/\"},\"author\":{\"name\":\"Zuzana Dadej\",\"@id\":\"https:\/\/www.ikuchyne.sk\/eshop\/#\/schema\/person\/df8c0cd4df07a5a18ed50756ced8c294\"},\"headline\":\"Milovan\u00fd vintage \u0161t\u00fdl do mal\u00e9ho bytu\",\"datePublished\":\"2021-04-21T14:31:05+00:00\",\"dateModified\":\"2021-04-21T14:31:05+00:00\",\"mainEntityOfPage\":{\"@id\":\"https:\/\/www.ikuchyne.sk\/eshop\/milovany-vintage-styl-do-maleho-bytu\/\"},\"wordCount\":1400,\"publisher\":{\"@id\":\"https:\/\/www.ikuchyne.sk\/eshop\/#organization\"},\"articleSection\":[\"IN\u0160PIR\u00c1CIE\",\"Produkty v realiz\u00e1ciach\"],\"inLanguage\":\"sk-SK\"},{\"@type\":\"WebPage\",\"@id\":\"https:\/\/www.ikuchyne.sk\/eshop\/milovany-vintage-styl-do-maleho-bytu\/\",\"url\":\"https:\/\/www.ikuchyne.sk\/eshop\/milovany-vintage-styl-do-maleho-bytu\/\",\"name\":\"Milovan\u00fd vintage \u0161t\u00fdl do mal\u00e9ho bytu &#187; iKuchyne iSHOP s n\u00e1bytkom\",\"isPartOf\":{\"@id\":\"https:\/\/www.ikuchyne.sk\/eshop\/#website\"},\"datePublished\":\"2021-04-21T14:31:05+00:00\",\"dateModified\":\"2021-04-21T14:31:05+00:00\",\"description\":\"Za posledn\u00e9 obdobie je vintage \u0161t\u00fdl sn\u00e1\u010f asi najob\u013e\u00fabenej\u0161\u00edm. \u0160t\u00fdl, ktor\u00fd vyzer\u00e1 vkusne a dokonca st\u00e1le moderne. A vy m\u00e1te radi vintage \u0161t\u00fdl?\",\"breadcrumb\":{\"@id\":\"https:\/\/www.ikuchyne.sk\/eshop\/milovany-vintage-styl-do-maleho-bytu\/#breadcrumb\"},\"inLanguage\":\"sk-SK\",\"potentialAction\":[{\"@type\":\"ReadAction\",\"target\":[\"https:\/\/www.ikuchyne.sk\/eshop\/milovany-vintage-styl-do-maleho-bytu\/\"]}]},{\"@type\":\"BreadcrumbList\",\"@id\":\"https:\/\/www.ikuchyne.sk\/eshop\/milovany-vintage-styl-do-maleho-bytu\/#breadcrumb\",\"itemListElement\":[{\"@type\":\"ListItem\",\"position\":1,\"name\":\"Home\",\"item\":\"https:\/\/www.ikuchyne.sk\/eshop\/\"},{\"@type\":\"ListItem\",\"position\":2,\"name\":\"Milovan\u00fd vintage \u0161t\u00fdl do mal\u00e9ho bytu\"}]},{\"@type\":\"WebSite\",\"@id\":\"https:\/\/www.ikuchyne.sk\/eshop\/#website\",\"url\":\"https:\/\/www.ikuchyne.sk\/eshop\/\",\"name\":\"iKuchyne iSHOP s n\u00e1bytkom\",\"description\":\"Jed\u00e1lensk\u00e9 stoly, stoli\u010dky, n\u00e1bytok, svietidl\u00e1...\",\"publisher\":{\"@id\":\"https:\/\/www.ikuchyne.sk\/eshop\/#organization\"},\"potentialAction\":[{\"@type\":\"SearchAction\",\"target\":{\"@type\":\"EntryPoint\",\"urlTemplate\":\"https:\/\/www.ikuchyne.sk\/eshop\/?s={search_term_string}\"},\"query-input\":\"required name=search_term_string\"}],\"inLanguage\":\"sk-SK\"},{\"@type\":\"Organization\",\"@id\":\"https:\/\/www.ikuchyne.sk\/eshop\/#organization\",\"name\":\"ikuchyne!\",\"url\":\"https:\/\/www.ikuchyne.sk\/eshop\/\",\"logo\":{\"@type\":\"ImageObject\",\"inLanguage\":\"sk-SK\",\"@id\":\"https:\/\/www.ikuchyne.sk\/eshop\/#\/schema\/logo\/image\/\",\"url\":\"https:\/\/www.ikuchyne.sk\/eshop\/wp-content\/uploads\/2017\/04\/ikuchyne-logo.jpg\",\"contentUrl\":\"https:\/\/www.ikuchyne.sk\/eshop\/wp-content\/uploads\/2017\/04\/ikuchyne-logo.jpg\",\"width\":200,\"height\":48,\"caption\":\"ikuchyne!\"},\"image\":{\"@id\":\"https:\/\/www.ikuchyne.sk\/eshop\/#\/schema\/logo\/image\/\"},\"sameAs\":[\"https:\/\/www.facebook.com\/ikuchyne\/\",\"https:\/\/www.instagram.com\/ikuchyne.sk\/\",\"https:\/\/sk.pinterest.com\/ikuchynesk\/\"]},{\"@type\":\"Person\",\"@id\":\"https:\/\/www.ikuchyne.sk\/eshop\/#\/schema\/person\/df8c0cd4df07a5a18ed50756ced8c294\",\"name\":\"Zuzana Dadej\",\"image\":{\"@type\":\"ImageObject\",\"inLanguage\":\"sk-SK\",\"@id\":\"https:\/\/www.ikuchyne.sk\/eshop\/#\/schema\/person\/image\/\",\"url\":\"https:\/\/www.ikuchyne.sk\/eshop\/wp-content\/plugins\/wp-user-avatar\/deprecated\/wp-user-avatar\/images\/wpua-96x96.png\",\"contentUrl\":\"https:\/\/www.ikuchyne.sk\/eshop\/wp-content\/plugins\/wp-user-avatar\/deprecated\/wp-user-avatar\/images\/wpua-96x96.png\",\"caption\":\"Zuzana Dadej\"},\"description\":\"Zuzku je \u0165a\u017ek\u00e9 zastihn\u00fa\u0165 na Slovensku. St\u00e1le lieta hore dole, ale v\u017edy sa rada vracia domov. Precestovala u\u017e Ameriku, \u00c1ziu, ale srdce je zostalo na Balk\u00e1ne. Zuzka vy\u0161tudovala marketing, miluje tancovanie a zmysel pre kr\u00e1sno vtl\u00e1\u010da do p\u00edsmenok na na\u0161om dizajn\u00e9rskom blogu.\",\"url\":\"https:\/\/www.ikuchyne.sk\/eshop\/author\/zuzana-dadej\/\"}]}<\/script>\n<!-- \/ Yoast SEO plugin. -->","yoast_head_json":{"title":"Milovan\u00fd vintage \u0161t\u00fdl do mal\u00e9ho bytu &#187; iKuchyne iSHOP s n\u00e1bytkom","description":"Za posledn\u00e9 obdobie je vintage \u0161t\u00fdl sn\u00e1\u010f asi najob\u013e\u00fabenej\u0161\u00edm. \u0160t\u00fdl, ktor\u00fd vyzer\u00e1 vkusne a dokonca st\u00e1le moderne. A vy m\u00e1te radi vintage \u0161t\u00fdl?","robots":{"index":"index","follow":"follow","max-snippet":"max-snippet:-1","max-image-preview":"max-image-preview:large","max-video-preview":"max-video-preview:-1"},"canonical":"https:\/\/www.ikuchyne.sk\/eshop\/milovany-vintage-styl-do-maleho-bytu\/","og_locale":"sk_SK","og_type":"article","og_title":"Milovan\u00fd vintage \u0161t\u00fdl do mal\u00e9ho bytu &#187; iKuchyne iSHOP s n\u00e1bytkom","og_description":"Za posledn\u00e9 obdobie je vintage \u0161t\u00fdl sn\u00e1\u010f asi najob\u013e\u00fabenej\u0161\u00edm. \u0160t\u00fdl, ktor\u00fd vyzer\u00e1 vkusne a dokonca st\u00e1le moderne. A vy m\u00e1te radi vintage \u0161t\u00fdl?","og_url":"https:\/\/www.ikuchyne.sk\/eshop\/milovany-vintage-styl-do-maleho-bytu\/","og_site_name":"iKuchyne iSHOP s n\u00e1bytkom","article_publisher":"https:\/\/www.facebook.com\/ikuchyne\/","article_published_time":"2021-04-21T14:31:05+00:00","og_image":[{"width":564,"height":846,"url":"https:\/\/www.ikuchyne.sk\/eshop\/wp-content\/uploads\/2021\/04\/vintage.jpg","type":"image\/jpeg"}],"author":"Zuzana Dadej","twitter_card":"summary_large_image","twitter_misc":{"Autor":"Zuzana Dadej","Predpokladan\u00fd \u010das \u010d\u00edtania":"4 min\u00faty"},"schema":{"@context":"https:\/\/schema.org","@graph":[{"@type":"Article","@id":"https:\/\/www.ikuchyne.sk\/eshop\/milovany-vintage-styl-do-maleho-bytu\/#article","isPartOf":{"@id":"https:\/\/www.ikuchyne.sk\/eshop\/milovany-vintage-styl-do-maleho-bytu\/"},"author":{"name":"Zuzana Dadej","@id":"https:\/\/www.ikuchyne.sk\/eshop\/#\/schema\/person\/df8c0cd4df07a5a18ed50756ced8c294"},"headline":"Milovan\u00fd vintage \u0161t\u00fdl do mal\u00e9ho bytu","datePublished":"2021-04-21T14:31:05+00:00","dateModified":"2021-04-21T14:31:05+00:00","mainEntityOfPage":{"@id":"https:\/\/www.ikuchyne.sk\/eshop\/milovany-vintage-styl-do-maleho-bytu\/"},"wordCount":1400,"publisher":{"@id":"https:\/\/www.ikuchyne.sk\/eshop\/#organization"},"articleSection":["IN\u0160PIR\u00c1CIE","Produkty v realiz\u00e1ciach"],"inLanguage":"sk-SK"},{"@type":"WebPage","@id":"https:\/\/www.ikuchyne.sk\/eshop\/milovany-vintage-styl-do-maleho-bytu\/","url":"https:\/\/www.ikuchyne.sk\/eshop\/milovany-vintage-styl-do-maleho-bytu\/","name":"Milovan\u00fd vintage \u0161t\u00fdl do mal\u00e9ho bytu &#187; iKuchyne iSHOP s n\u00e1bytkom","isPartOf":{"@id":"https:\/\/www.ikuchyne.sk\/eshop\/#website"},"datePublished":"2021-04-21T14:31:05+00:00","dateModified":"2021-04-21T14:31:05+00:00","description":"Za posledn\u00e9 obdobie je vintage \u0161t\u00fdl sn\u00e1\u010f asi najob\u013e\u00fabenej\u0161\u00edm. \u0160t\u00fdl, ktor\u00fd vyzer\u00e1 vkusne a dokonca st\u00e1le moderne. A vy m\u00e1te radi vintage \u0161t\u00fdl?","breadcrumb":{"@id":"https:\/\/www.ikuchyne.sk\/eshop\/milovany-vintage-styl-do-maleho-bytu\/#breadcrumb"},"inLanguage":"sk-SK","potentialAction":[{"@type":"ReadAction","target":["https:\/\/www.ikuchyne.sk\/eshop\/milovany-vintage-styl-do-maleho-bytu\/"]}]},{"@type":"BreadcrumbList","@id":"https:\/\/www.ikuchyne.sk\/eshop\/milovany-vintage-styl-do-maleho-bytu\/#breadcrumb","itemListElement":[{"@type":"ListItem","position":1,"name":"Home","item":"https:\/\/www.ikuchyne.sk\/eshop\/"},{"@type":"ListItem","position":2,"name":"Milovan\u00fd vintage \u0161t\u00fdl do mal\u00e9ho bytu"}]},{"@type":"WebSite","@id":"https:\/\/www.ikuchyne.sk\/eshop\/#website","url":"https:\/\/www.ikuchyne.sk\/eshop\/","name":"iKuchyne iSHOP s n\u00e1bytkom","description":"Jed\u00e1lensk\u00e9 stoly, stoli\u010dky, n\u00e1bytok, svietidl\u00e1...","publisher":{"@id":"https:\/\/www.ikuchyne.sk\/eshop\/#organization"},"potentialAction":[{"@type":"SearchAction","target":{"@type":"EntryPoint","urlTemplate":"https:\/\/www.ikuchyne.sk\/eshop\/?s={search_term_string}"},"query-input":"required name=search_term_string"}],"inLanguage":"sk-SK"},{"@type":"Organization","@id":"https:\/\/www.ikuchyne.sk\/eshop\/#organization","name":"ikuchyne!","url":"https:\/\/www.ikuchyne.sk\/eshop\/","logo":{"@type":"ImageObject","inLanguage":"sk-SK","@id":"https:\/\/www.ikuchyne.sk\/eshop\/#\/schema\/logo\/image\/","url":"https:\/\/www.ikuchyne.sk\/eshop\/wp-content\/uploads\/2017\/04\/ikuchyne-logo.jpg","contentUrl":"https:\/\/www.ikuchyne.sk\/eshop\/wp-content\/uploads\/2017\/04\/ikuchyne-logo.jpg","width":200,"height":48,"caption":"ikuchyne!"},"image":{"@id":"https:\/\/www.ikuchyne.sk\/eshop\/#\/schema\/logo\/image\/"},"sameAs":["https:\/\/www.facebook.com\/ikuchyne\/","https:\/\/www.instagram.com\/ikuchyne.sk\/","https:\/\/sk.pinterest.com\/ikuchynesk\/"]},{"@type":"Person","@id":"https:\/\/www.ikuchyne.sk\/eshop\/#\/schema\/person\/df8c0cd4df07a5a18ed50756ced8c294","name":"Zuzana Dadej","image":{"@type":"ImageObject","inLanguage":"sk-SK","@id":"https:\/\/www.ikuchyne.sk\/eshop\/#\/schema\/person\/image\/","url":"https:\/\/www.ikuchyne.sk\/eshop\/wp-content\/plugins\/wp-user-avatar\/deprecated\/wp-user-avatar\/images\/wpua-96x96.png","contentUrl":"https:\/\/www.ikuchyne.sk\/eshop\/wp-content\/plugins\/wp-user-avatar\/deprecated\/wp-user-avatar\/images\/wpua-96x96.png","caption":"Zuzana Dadej"},"description":"Zuzku je \u0165a\u017ek\u00e9 zastihn\u00fa\u0165 na Slovensku. St\u00e1le lieta hore dole, ale v\u017edy sa rada vracia domov. Precestovala u\u017e Ameriku, \u00c1ziu, ale srdce je zostalo na Balk\u00e1ne. Zuzka vy\u0161tudovala marketing, miluje tancovanie a zmysel pre kr\u00e1sno vtl\u00e1\u010da do p\u00edsmenok na na\u0161om dizajn\u00e9rskom blogu.","url":"https:\/\/www.ikuchyne.sk\/eshop\/author\/zuzana-dadej\/"}]}},"_links":{"self":[{"href":"https:\/\/www.ikuchyne.sk\/eshop\/wp-json\/wp\/v2\/posts\/150944"}],"collection":[{"href":"https:\/\/www.ikuchyne.sk\/eshop\/wp-json\/wp\/v2\/posts"}],"about":[{"href":"https:\/\/www.ikuchyne.sk\/eshop\/wp-json\/wp\/v2\/types\/post"}],"author":[{"embeddable":true,"href":"https:\/\/www.ikuchyne.sk\/eshop\/wp-json\/wp\/v2\/users\/581"}],"replies":[{"embeddable":true,"href":"https:\/\/www.ikuchyne.sk\/eshop\/wp-json\/wp\/v2\/comments?post=150944"}],"version-history":[{"count":1,"href":"https:\/\/www.ikuchyne.sk\/eshop\/wp-json\/wp\/v2\/posts\/150944\/revisions"}],"predecessor-version":[{"id":151020,"href":"https:\/\/www.ikuchyne.sk\/eshop\/wp-json\/wp\/v2\/posts\/150944\/revisions\/151020"}],"wp:featuredmedia":[{"embeddable":true,"href":"https:\/\/www.ikuchyne.sk\/eshop\/wp-json\/wp\/v2\/media\/151016"}],"wp:attachment":[{"href":"https:\/\/www.ikuchyne.sk\/eshop\/wp-json\/wp\/v2\/media?parent=150944"}],"wp:term":[{"taxonomy":"category","embeddable":true,"href":"https:\/\/www.ikuchyne.sk\/eshop\/wp-json\/wp\/v2\/categories?post=150944"},{"taxonomy":"post_tag","embeddable":true,"href":"https:\/\/www.ikuchyne.sk\/eshop\/wp-json\/wp\/v2\/tags?post=150944"}],"curies":[{"name":"wp","href":"https:\/\/api.w.org\/{rel}","templated":true}]}}