{"id":151037,"date":"2021-04-22T16:12:48","date_gmt":"2021-04-22T14:12:48","guid":{"rendered":"https:\/\/www.ikuchyne.sk\/eshop\/?p=151037"},"modified":"2021-04-22T18:06:54","modified_gmt":"2021-04-22T16:06:54","slug":"skandinavsky-styl-vo-vasej-jedalni-ako-na-to","status":"publish","type":"post","link":"https:\/\/www.ikuchyne.sk\/eshop\/skandinavsky-styl-vo-vasej-jedalni-ako-na-to\/","title":{"rendered":"\u0160kandin\u00e1vsky \u0161t\u00fdl vo va\u0161ej jed\u00e1lni. Ako na to?"},"content":{"rendered":"<p>[vc_row][vc_column][vc_column_text]<strong>\u0160kandin\u00e1vsky \u0161t\u00fdl<\/strong><strong> patr\u00ed medzi najpopul\u00e1rnej\u0161ie vo svete. Radi by ste dodali va\u0161ej jed\u00e1lni vzh\u013ead, ktor\u00fdm s\u00fa seversk<\/strong><strong>\u00e9 <\/strong><strong>krajiny tak<\/strong><strong>\u00e9 <\/strong><strong>zn\u00e1<\/strong><strong>me?<\/strong><strong> Pripravili sme si pre v\u00e1s \u010dl\u00e1nok, v ktorom v\u00e1m prezrad\u00edme ako na to.<\/strong>[\/vc_column_text][vc_column_text]Pokia\u013e ide o dom\u00e1ci dizajn, m\u00f4\u017eete si vybra\u0165 z mnoh\u00fdch \u0161t\u00fdlov, od eklektick\u00e9ho cez priemyseln\u00fd a\u017e po tradi\u010dn\u00fd. Napriek v\u0161etk\u00fdm t\u00fdmto mo\u017enostiam patr\u00ed k t\u00fdm najvyh\u013ead\u00e1vanej\u0161\u00edm pr\u00e1ve \u0161kandin\u00e1vsky \u0161t\u00fdl. \u0160kandin\u00e1vsky interi\u00e9rov\u00fd dizajn je minimalistick\u00fd \u0161t\u00fdl, ktor\u00fd vyu\u017e\u00edva kombin\u00e1ciu text\u00far a jemn\u00fdch odtie\u0148ov, aby elegantn\u00fd modern\u00fd dekor p\u00f4sobil pr\u00edjemne a pohodlne.[\/vc_column_text][vc_column_text]Zd\u00f4raz\u0148uje \u010dist\u00e9 l\u00ednie, u\u017eito\u010dnos\u0165 a jednoduch\u00e9 zariadenie, ktor\u00e9 je funk\u010dn\u00e9, kr\u00e1sne a z\u00e1rove\u0148 \u00fatuln\u00e9. Dizajny \u010dasto nar\u00e1baj\u00fa s prirodzen\u00fdm svetlom, ktor\u00e9 je v seversk\u00fdch krajin\u00e1ch vyh\u013ead\u00e1vanou komoditou. V na\u0161om <a href=\"https:\/\/www.ikuchyne.sk\/eshop\/\"><span style=\"color: #e3245e;\">e-shope<\/span><\/a> n\u00e1jdete ve\u013ea kusov n\u00e1bytku, ktor\u00e9 sa hodia pr\u00e1ve do tohto \u0161t\u00fdlu. Nev\u00e1hajte a pozrite si na\u0161u ponuku aj vy![\/vc_column_text][\/vc_column][\/vc_row][vc_row][vc_column][vc_message message_box_color=&#8221;alert-success&#8221; icon_fontawesome=&#8221;&#8221;]<b>VEDELI STE, \u017dE:\u00a0<\/b>V \u0161kandin\u00e1vskom interi\u00e9ri neuvid\u00edte \u017eiadne v\u00fdrazn\u00e9 steny s farebn\u00fdmi prvkami? Vhodn\u00e9 je dr\u017ea\u0165 sa neutr\u00e1lnej palety bielej a jemnej \u0161edej. Ak poklad\u00e1te nov\u00e9 podlahy, dr\u017ete sa svetl\u00fdch dreven\u00fdch dosiek z tvrd\u00e9ho dreva a ak chcete osvie\u017ei\u0165 existuj\u00face podlahy, bu\u010fte odv\u00e1\u017eni a nebojte sa ich natrie\u0165 napr\u00edklad bielou farbou.[\/vc_message][vc_column_text]<\/p>\n<h2><span style=\"color: #e3245e;\"><b>Ako si vytvori\u0165 jed\u00e1le\u0148 v \u0161kandin\u00e1vskom \u0161t\u00fdle?<br \/>\n<\/b><\/span><\/h2>\n<p>Jed\u00e1le\u0148 by mala by\u0165 s\u00fa\u010das\u0165ou ka\u017ed\u00e9ho spr\u00e1vneho domova. Poskytne v\u00e1m skvel\u00e9 miesto ur\u010den\u00e9 na hos\u0165ovanie pre va\u0161u rodinu alebo priate\u013eov. To je jeden z hlavn\u00fdch d\u00f4vodov, v\u010faka ktor\u00fdm sa z jed\u00e1lne st\u00e1va oblas\u0165 v\u00e1\u0161ho domova, do ktorej sa oplat\u00ed investova\u0165 \u010das a finan\u010dn\u00e9 zdroje. \u0160kandin\u00e1vska jed\u00e1le\u0148 je ide\u00e1lna do men\u0161\u00edch priestorov a pre t\u00fdch, ktor\u00ed vo svojom dome h\u013eadaj\u00fa neform\u00e1lne prostredie.[\/vc_column_text][vc_column_text]Ako v\u0161ak vytvori\u0165 \u0161kandin\u00e1vsku jed\u00e1le\u0148? Pou\u017eit\u00e9 farby a n\u00e1dhern\u00e9 dizajny \u017eiaroviek osvet\u013euj\u00fa prostredie a umo\u017e\u0148uj\u00fa vizualizova\u0165 \u0161ir\u0161ie prostredie, ako je v skuto\u010dnosti. Ke\u010f\u017ee v krajin\u00e1ch ako \u0160v\u00e9dsko a okolie maj\u00fa ve\u013emi tmav\u00e9 zimy, tento \u0161t\u00fdl maximalizuje vstup prirodzen\u00e9ho svetla.[\/vc_column_text][vc_single_image image=&#8221;151038&#8243; img_size=&#8221;large&#8221; add_caption=&#8221;yes&#8221; alignment=&#8221;center&#8221; style=&#8221;vc_box_rounded&#8221; onclick=&#8221;custom_link&#8221; img_link_target=&#8221;_blank&#8221; link=&#8221;https:\/\/www.ikuchyne.sk\/eshop\/produkt\/dreveny-jedalensky-stol-mosaico-100-x-200-cm\/&#8221;][\/vc_column][\/vc_row][vc_row][vc_column][vc_column_text]<\/p>\n<h2><span style=\"color: #e3245e;\"><b>Drevo ako hlavn\u00fd materi\u00e1l<br \/>\n<\/b><\/span><\/h2>\n<p>V r\u00e1mci tohto \u0161t\u00fdlu je jedn\u00fdm z charakteristick\u00fdch znakov aj drevo. Ide o preva\u017euj\u00faci materi\u00e1l, ktor\u00fd m\u00f4\u017eeme vidie\u0165 v r\u00f4znom n\u00e1bytku \u010di podlahe. Farba je zvy\u010dajne pr\u00edrodn\u00e1 alebo je podlaha natret\u00e1 bielou farbou, ako sme u\u017e spomenuli vy\u0161\u0161ie v tomto \u010dl\u00e1nku. Pri pokuse o vytvorenie dokonalej \u0161kandin\u00e1vskej jed\u00e1lne je potrebn\u00e9 zv\u00e1\u017ei\u0165 e\u0161te jednu z mo\u017enost\u00ed v\u00fdberu povrchovej \u00fapravy dreva. Nest\u00e1va sa \u010dasto, \u017ee by ste v \u0161kandin\u00e1vskom dizajne videli tmav\u00e9 dreviny, ktor\u00e9 s\u00fa zn\u00e1me t\u00fdm, \u017ee sa dr\u017eia t\u00f3nov svetl\u00e9ho dubu. Zv\u00e1\u017ete drevo svetlej\u0161ej farby na jed\u00e1lensk\u00fd st\u00f4l, police, podlahu alebo \u010doko\u013evek in\u00e9, \u010do m\u00e1te v miestnosti.[\/vc_column_text][vc_single_image image=&#8221;151039&#8243; img_size=&#8221;large&#8221; add_caption=&#8221;yes&#8221; alignment=&#8221;center&#8221; style=&#8221;vc_box_rounded&#8221; onclick=&#8221;custom_link&#8221; img_link_target=&#8221;_blank&#8221; link=&#8221;https:\/\/www.ikuchyne.sk\/eshop\/produkt\/jedalensky-stol-mystic-160cm\/&#8221;][vc_single_image image=&#8221;151040&#8243; img_size=&#8221;large&#8221; add_caption=&#8221;yes&#8221; alignment=&#8221;center&#8221; style=&#8221;vc_box_rounded&#8221; onclick=&#8221;custom_link&#8221; img_link_target=&#8221;_blank&#8221; link=&#8221;https:\/\/www.ikuchyne.sk\/eshop\/produkt\/jedalensky-stol-mystic-200cm\/&#8221;][vc_column_text]<\/p>\n<h2><span style=\"color: #e3245e;\"><b>Siahnite po funk\u010dnom n\u00e1bytku<br \/>\n<\/b><\/span><\/h2>\n<p>N\u00e1bytok tohto \u0161t\u00fdlu je rovn\u00fd a jednoduch\u00fd. M\u00f4\u017eu v\u0161ak by\u0165 s m\u00e4kk\u00fdmi krivkami kombinovan\u00fdmi s organick\u00fdmi l\u00edniami. Z\u00edskate \u010dist\u00fa a funk\u010dn\u00fa izbu bez zbyto\u010dn\u00fdch ozd\u00f4b. \u0160kandin\u00e1vsky dekor sa stal po celom svete mimoriadne ob\u013e\u00faben\u00fdm pre svoju praktick\u00fa kombin\u00e1ciu funk\u010dn\u00e9ho dizajnu a kr\u00e1snej formy. \u0160kandin\u00e1vske jed\u00e1lne maj\u00fa \u010dasto neutr\u00e1lne sfarben\u00e9 <a href=\"https:\/\/www.ikuchyne.sk\/eshop\/kategoria\/jedalenske-stoly\/\"><span style=\"color: #e3245e;\">jed\u00e1lensk\u00e9 stoly<\/span><\/a> v odtie\u0148och svetlohnedej, bielej alebo \u010diernej. Dizajn n\u00e1bytku je ve\u013emi jednoduch\u00fd a praktick\u00fd. Dr\u017ete sa stola z mas\u00edvneho dreva s \u010dist\u00fdmi, elegantn\u00fdmi l\u00edniami, ktor\u00fd sa dobre hod\u00ed do v\u00e1\u0161ho priestoru.[\/vc_column_text][vc_single_image image=&#8221;151041&#8243; img_size=&#8221;large&#8221; add_caption=&#8221;yes&#8221; alignment=&#8221;center&#8221; style=&#8221;vc_box_rounded&#8221; onclick=&#8221;custom_link&#8221; img_link_target=&#8221;_blank&#8221; link=&#8221;https:\/\/www.ikuchyne.sk\/eshop\/produkt\/jedalensky-stol-scandinavia-160cm-grafit\/&#8221;][vc_column_text]\u010co sa t\u00fdka <a href=\"https:\/\/www.ikuchyne.sk\/eshop\/kategoria\/jedalenske-stolicky\/\"><span style=\"color: #e3245e;\">jed\u00e1lensk\u00fdch stoli\u010diek<\/span><\/a>, vybra\u0165 si je mo\u017en\u00e9 z viacer\u00fdch mo\u017enost\u00ed, ktor\u00e9 sa hodia do \u0161kandin\u00e1vskeho \u0161t\u00fdlu. Ide\u00e1lne je samozrejme, aby stoli\u010dky ladili so stolom a vytv\u00e1rali tak spolo\u010dne jednotn\u00fd celok. Nebojte sa pri ich v\u00fdbere tro\u0161ku experimentova\u0165, uvid\u00edte, \u017ee kone\u010dn\u00fd v\u00fdsledok bude st\u00e1\u0165 za to a va\u0161a jed\u00e1le\u0148 bude naozaj jedine\u010dn\u00e1.[\/vc_column_text][vc_single_image image=&#8221;151047&#8243; img_size=&#8221;large&#8221; add_caption=&#8221;yes&#8221; alignment=&#8221;center&#8221; style=&#8221;vc_box_rounded&#8221; onclick=&#8221;custom_link&#8221; img_link_target=&#8221;_blank&#8221; link=&#8221;https:\/\/www.ikuchyne.sk\/eshop\/produkt\/stolicka-scandinavia-antik-antik-bezova\/&#8221;][vc_single_image image=&#8221;151048&#8243; img_size=&#8221;large&#8221; add_caption=&#8221;yes&#8221; alignment=&#8221;center&#8221; style=&#8221;vc_box_rounded&#8221; onclick=&#8221;custom_link&#8221; img_link_target=&#8221;_blank&#8221; link=&#8221;https:\/\/www.ikuchyne.sk\/eshop\/produkt\/stolicka-scandinavia-meisterstuck-zlta\/&#8221;][vc_single_image image=&#8221;151046&#8243; img_size=&#8221;large&#8221; add_caption=&#8221;yes&#8221; alignment=&#8221;center&#8221; style=&#8221;vc_box_rounded&#8221; onclick=&#8221;custom_link&#8221; img_link_target=&#8221;_blank&#8221; link=&#8221;https:\/\/www.ikuchyne.sk\/eshop\/produkt\/stolicka-pure-nature-sheesham-hneda\/&#8221;][vc_message icon_fontawesome=&#8221;&#8221;]<b>Rada odborn\u00edka:\u00a0<\/b>Jed\u00e1lne s\u00fa zvy\u010dajne spojen\u00e9 s ob\u00fdvacou izbou alebo kuchy\u0148ou, tak\u017ee je potrebn\u00e9 ich v t\u00fdchto priestoroch starostlivo premyslie\u0165. \u010ci u\u017e je v\u00e1\u0161 \u0161t\u00fdl modern\u00fd alebo tradi\u010dn\u00fd alebo trochu z oboch, vhodn\u00e1 vo\u013eba stoli\u010diek znamen\u00e1 skvel\u00fa jed\u00e1le\u0148.[\/vc_message][\/vc_column][\/vc_row][vc_row][vc_column][vc_column_text]<\/p>\n<h2><span style=\"color: #e3245e;\"><b>\u0160kandin\u00e1vsky \u0161t\u00fdl a svietidl\u00e1<br \/>\n<\/b><\/span><\/h2>\n<p>K\u013e\u00fa\u010dom k peknej a z\u00e1rove\u0148 funk\u010dnej jed\u00e1lni je bezpochyby aj skvel\u00e9 svetlo nad jed\u00e1lensk\u00fdm stolom. Z\u00e1vesn\u00e9 <a href=\"https:\/\/www.ikuchyne.sk\/eshop\/kategoria\/svietidla\/\"><span style=\"color: #e3245e;\">osvetlenie<\/span><\/a> dod\u00e1va miestnosti \u00fastredn\u00fd bod, dekorat\u00edvny dizajnov\u00fd prvok a pom\u00e1ha vymedzi\u0165 priestor. Vyberte si zavesenie jedn\u00e9ho samostatn\u00e9ho pr\u00edvesku alebo kolekcie v z\u00e1vislosti od ve\u013ekosti a v\u00fd\u0161ky stropu va\u0161ej jed\u00e1lne.[\/vc_column_text][vc_single_image image=&#8221;151044&#8243; img_size=&#8221;large&#8221; add_caption=&#8221;yes&#8221; alignment=&#8221;center&#8221; style=&#8221;vc_box_rounded&#8221; onclick=&#8221;custom_link&#8221; img_link_target=&#8221;_blank&#8221; link=&#8221;https:\/\/www.ikuchyne.sk\/eshop\/produkt\/zavesna-lampa-barracuda-152cm-recyklat\/&#8221;][vc_single_image image=&#8221;151049&#8243; img_size=&#8221;large&#8221; add_caption=&#8221;yes&#8221; alignment=&#8221;center&#8221; style=&#8221;vc_box_rounded&#8221; onclick=&#8221;custom_link&#8221; img_link_target=&#8221;_blank&#8221; link=&#8221;https:\/\/www.ikuchyne.sk\/eshop\/produkt\/zavesna-lampa-scandinavia-i-biela\/&#8221;][vc_column_text]<\/p>\n<h2><span style=\"color: #e3245e;\"><b>Bytov\u00e9 doplnky maj\u00fa svoje miesto v \u0161kandin\u00e1vskom \u0161t\u00fdle<br \/>\n<\/b><\/span><\/h2>\n<p>Vo v\u00e4\u010d\u0161ine \u0161kandin\u00e1vskych interi\u00e9rov n\u00e1jdete zdr\u017eanlivos\u0165, pokia\u013e ide o doplnky, a jed\u00e1le\u0148 nie je v\u00fdnimkou. Je to v\u0161etko o dobrom jedle a priate\u013eskej spolo\u010dnosti, nie o preplnenom stole zbyto\u010dnos\u0165ami. V\u00e4\u010d\u0161ina seversk\u00fdch jed\u00e1lensk\u00fdch stolov obmedz\u00ed svoje stolov\u00e9 doplnky na svie\u010dky, aby dodali priestoru t\u00fa spr\u00e1vnu atmosf\u00e9ru. Aj tu plat\u00ed zn\u00e1me pravidlo, \u017ee menej je niekedy viac![\/vc_column_text][vc_single_image image=&#8221;151050&#8243; img_size=&#8221;large&#8221; add_caption=&#8221;yes&#8221; alignment=&#8221;center&#8221; style=&#8221;vc_box_rounded&#8221; onclick=&#8221;custom_link&#8221; img_link_target=&#8221;_blank&#8221; link=&#8221;https:\/\/www.ikuchyne.sk\/eshop\/produkt\/sviecka-limotion-set-3-ks-teakove-drevo\/&#8221;][vc_message icon_fontawesome=&#8221;&#8221;]<b>TIP NA Z\u00c1VER:\u00a0<\/b>\u0160kandin\u00e1vske interi\u00e9ry \u010dasto obsahuj\u00fa kombin\u00e1ciu r\u00f4znych obdob\u00ed a \u0161t\u00fdlov, v\u010faka \u010domu p\u00f4sob\u00ed priestor vrstvene a \u00fatulne. Tak\u00fdto dizajn interi\u00e9ru m\u00e1 zauj\u00edmav\u00fd vzh\u013ead, preto\u017ee kombinuje star\u00e9 a nov\u00e9 trendy. Teraz m\u00e1te niektor\u00e9 zo z\u00e1kladn\u00fdch tipov na vytvorenie \u0161kandin\u00e1vskej jed\u00e1lne, no nezabudnite priestoru doda\u0165 aj svoj osobn\u00fd vkus.[\/vc_message][\/vc_column][\/vc_row]<\/p>\n","protected":false},"excerpt":{"rendered":"<p>[vc_row][vc_column][vc_column_text]\u0160kandin\u00e1vsky \u0161t\u00fdl patr\u00ed medzi najpopul\u00e1rnej\u0161ie vo svete. Radi by ste dodali va\u0161ej jed\u00e1lni vzh\u013ead, ktor\u00fdm s\u00fa seversk\u00e9 krajiny tak\u00e9 zn\u00e1me? Pripravili sme si pre v\u00e1s \u010dl\u00e1nok, v ktorom v\u00e1m prezrad\u00edme<\/p>\n","protected":false},"author":562,"featured_media":151053,"comment_status":"closed","ping_status":"open","sticky":false,"template":"","format":"standard","meta":{"footnotes":""},"categories":[1008,1013,1129],"tags":[],"yoast_head":"<!-- This site is optimized with the Yoast SEO plugin v22.1 - https:\/\/yoast.com\/wordpress\/plugins\/seo\/ -->\n<title>\u0160kandin\u00e1vsky \u0161t\u00fdl vo va\u0161ej jed\u00e1lni. &#187; iKuchyne iSHOP s n\u00e1bytkom<\/title>\n<meta name=\"description\" content=\"\u0160kandin\u00e1vsky \u0161t\u00fdl patr\u00ed medzi najpopul\u00e1rnej\u0161ie vo svete. Radi by ste dodali va\u0161ej jed\u00e1lni vzh\u013ead, ktor\u00fdm s\u00fa seversk\u00e9 krajiny tak\u00e9 zn\u00e1me?\" \/>\n<meta name=\"robots\" content=\"index, follow, max-snippet:-1, max-image-preview:large, max-video-preview:-1\" \/>\n<link rel=\"canonical\" href=\"https:\/\/www.ikuchyne.sk\/eshop\/skandinavsky-styl-vo-vasej-jedalni-ako-na-to\/\" \/>\n<meta property=\"og:locale\" content=\"sk_SK\" \/>\n<meta property=\"og:type\" content=\"article\" \/>\n<meta property=\"og:title\" content=\"\u0160kandin\u00e1vsky \u0161t\u00fdl vo va\u0161ej jed\u00e1lni. &#187; iKuchyne iSHOP s n\u00e1bytkom\" \/>\n<meta property=\"og:description\" content=\"\u0160kandin\u00e1vsky \u0161t\u00fdl patr\u00ed medzi najpopul\u00e1rnej\u0161ie vo svete. Radi by ste dodali va\u0161ej jed\u00e1lni vzh\u013ead, ktor\u00fdm s\u00fa seversk\u00e9 krajiny tak\u00e9 zn\u00e1me?\" \/>\n<meta property=\"og:url\" content=\"https:\/\/www.ikuchyne.sk\/eshop\/skandinavsky-styl-vo-vasej-jedalni-ako-na-to\/\" \/>\n<meta property=\"og:site_name\" content=\"iKuchyne iSHOP s n\u00e1bytkom\" \/>\n<meta property=\"article:publisher\" content=\"https:\/\/www.facebook.com\/ikuchyne\/\" \/>\n<meta property=\"article:published_time\" content=\"2021-04-22T14:12:48+00:00\" \/>\n<meta property=\"article:modified_time\" content=\"2021-04-22T16:06:54+00:00\" \/>\n<meta property=\"og:image\" content=\"https:\/\/www.ikuchyne.sk\/eshop\/wp-content\/uploads\/2021\/04\/WhatsApp-Image-2021-04-22-at-17.59.571.jpeg\" \/>\n\t<meta property=\"og:image:width\" content=\"749\" \/>\n\t<meta property=\"og:image:height\" content=\"999\" \/>\n\t<meta property=\"og:image:type\" content=\"image\/jpeg\" \/>\n<meta name=\"author\" content=\"Radoslav Hoppej\" \/>\n<meta name=\"twitter:card\" content=\"summary_large_image\" \/>\n<meta name=\"twitter:label1\" content=\"Autor\" \/>\n\t<meta name=\"twitter:data1\" content=\"Radoslav Hoppej\" \/>\n\t<meta name=\"twitter:label2\" content=\"Predpokladan\u00fd \u010das \u010d\u00edtania\" \/>\n\t<meta name=\"twitter:data2\" content=\"4 min\u00faty\" \/>\n<script type=\"application\/ld+json\" class=\"yoast-schema-graph\">{\"@context\":\"https:\/\/schema.org\",\"@graph\":[{\"@type\":\"Article\",\"@id\":\"https:\/\/www.ikuchyne.sk\/eshop\/skandinavsky-styl-vo-vasej-jedalni-ako-na-to\/#article\",\"isPartOf\":{\"@id\":\"https:\/\/www.ikuchyne.sk\/eshop\/skandinavsky-styl-vo-vasej-jedalni-ako-na-to\/\"},\"author\":{\"name\":\"Radoslav Hoppej\",\"@id\":\"https:\/\/www.ikuchyne.sk\/eshop\/#\/schema\/person\/faf508efa685ef3a6de82e8f89187f07\"},\"headline\":\"\u0160kandin\u00e1vsky \u0161t\u00fdl vo va\u0161ej jed\u00e1lni. Ako na to?\",\"datePublished\":\"2021-04-22T14:12:48+00:00\",\"dateModified\":\"2021-04-22T16:06:54+00:00\",\"mainEntityOfPage\":{\"@id\":\"https:\/\/www.ikuchyne.sk\/eshop\/skandinavsky-styl-vo-vasej-jedalni-ako-na-to\/\"},\"wordCount\":1457,\"publisher\":{\"@id\":\"https:\/\/www.ikuchyne.sk\/eshop\/#organization\"},\"articleSection\":[\"IN\u0160PIR\u00c1CIE\",\"Jed\u00e1le\u0148 a kuchy\u0148a\",\"Produkty v realiz\u00e1ciach\"],\"inLanguage\":\"sk-SK\"},{\"@type\":\"WebPage\",\"@id\":\"https:\/\/www.ikuchyne.sk\/eshop\/skandinavsky-styl-vo-vasej-jedalni-ako-na-to\/\",\"url\":\"https:\/\/www.ikuchyne.sk\/eshop\/skandinavsky-styl-vo-vasej-jedalni-ako-na-to\/\",\"name\":\"\u0160kandin\u00e1vsky \u0161t\u00fdl vo va\u0161ej jed\u00e1lni. &#187; iKuchyne iSHOP s n\u00e1bytkom\",\"isPartOf\":{\"@id\":\"https:\/\/www.ikuchyne.sk\/eshop\/#website\"},\"datePublished\":\"2021-04-22T14:12:48+00:00\",\"dateModified\":\"2021-04-22T16:06:54+00:00\",\"description\":\"\u0160kandin\u00e1vsky \u0161t\u00fdl patr\u00ed medzi najpopul\u00e1rnej\u0161ie vo svete. Radi by ste dodali va\u0161ej jed\u00e1lni vzh\u013ead, ktor\u00fdm s\u00fa seversk\u00e9 krajiny tak\u00e9 zn\u00e1me?\",\"breadcrumb\":{\"@id\":\"https:\/\/www.ikuchyne.sk\/eshop\/skandinavsky-styl-vo-vasej-jedalni-ako-na-to\/#breadcrumb\"},\"inLanguage\":\"sk-SK\",\"potentialAction\":[{\"@type\":\"ReadAction\",\"target\":[\"https:\/\/www.ikuchyne.sk\/eshop\/skandinavsky-styl-vo-vasej-jedalni-ako-na-to\/\"]}]},{\"@type\":\"BreadcrumbList\",\"@id\":\"https:\/\/www.ikuchyne.sk\/eshop\/skandinavsky-styl-vo-vasej-jedalni-ako-na-to\/#breadcrumb\",\"itemListElement\":[{\"@type\":\"ListItem\",\"position\":1,\"name\":\"Home\",\"item\":\"https:\/\/www.ikuchyne.sk\/eshop\/\"},{\"@type\":\"ListItem\",\"position\":2,\"name\":\"\u0160kandin\u00e1vsky \u0161t\u00fdl vo va\u0161ej jed\u00e1lni. Ako na to?\"}]},{\"@type\":\"WebSite\",\"@id\":\"https:\/\/www.ikuchyne.sk\/eshop\/#website\",\"url\":\"https:\/\/www.ikuchyne.sk\/eshop\/\",\"name\":\"iKuchyne iSHOP s n\u00e1bytkom\",\"description\":\"Jed\u00e1lensk\u00e9 stoly, stoli\u010dky, n\u00e1bytok, svietidl\u00e1...\",\"publisher\":{\"@id\":\"https:\/\/www.ikuchyne.sk\/eshop\/#organization\"},\"potentialAction\":[{\"@type\":\"SearchAction\",\"target\":{\"@type\":\"EntryPoint\",\"urlTemplate\":\"https:\/\/www.ikuchyne.sk\/eshop\/?s={search_term_string}\"},\"query-input\":\"required name=search_term_string\"}],\"inLanguage\":\"sk-SK\"},{\"@type\":\"Organization\",\"@id\":\"https:\/\/www.ikuchyne.sk\/eshop\/#organization\",\"name\":\"ikuchyne!\",\"url\":\"https:\/\/www.ikuchyne.sk\/eshop\/\",\"logo\":{\"@type\":\"ImageObject\",\"inLanguage\":\"sk-SK\",\"@id\":\"https:\/\/www.ikuchyne.sk\/eshop\/#\/schema\/logo\/image\/\",\"url\":\"https:\/\/www.ikuchyne.sk\/eshop\/wp-content\/uploads\/2017\/04\/ikuchyne-logo.jpg\",\"contentUrl\":\"https:\/\/www.ikuchyne.sk\/eshop\/wp-content\/uploads\/2017\/04\/ikuchyne-logo.jpg\",\"width\":200,\"height\":48,\"caption\":\"ikuchyne!\"},\"image\":{\"@id\":\"https:\/\/www.ikuchyne.sk\/eshop\/#\/schema\/logo\/image\/\"},\"sameAs\":[\"https:\/\/www.facebook.com\/ikuchyne\/\",\"https:\/\/www.instagram.com\/ikuchyne.sk\/\",\"https:\/\/sk.pinterest.com\/ikuchynesk\/\"]},{\"@type\":\"Person\",\"@id\":\"https:\/\/www.ikuchyne.sk\/eshop\/#\/schema\/person\/faf508efa685ef3a6de82e8f89187f07\",\"name\":\"Radoslav Hoppej\",\"image\":{\"@type\":\"ImageObject\",\"inLanguage\":\"sk-SK\",\"@id\":\"https:\/\/www.ikuchyne.sk\/eshop\/#\/schema\/person\/image\/\",\"url\":\"https:\/\/secure.gravatar.com\/avatar\/4c9ab993193882c5d96a1b7b8857464b?s=96&d=wp_user_avatar&r=g\",\"contentUrl\":\"https:\/\/secure.gravatar.com\/avatar\/4c9ab993193882c5d96a1b7b8857464b?s=96&d=wp_user_avatar&r=g\",\"caption\":\"Radoslav Hoppej\"},\"description\":\"Rado sa u\u017e nieko\u013eko rokov venuje p\u00edsaniu a copywritingu na rozli\u010dn\u00e9 t\u00e9my ako je interi\u00e9rov\u00fd dizajn, cestovanie \u010di marketing. Okrem p\u00edsania sa zauj\u00edma aj o spravovanie soci\u00e1lnych siet\u00ed. Spom\u00ednan\u00e9 pracovn\u00e9 aktivity s\u00fa jeho v\u00e1\u0161\u0148ou a splnen\u00fdm snom, a preto ver\u00ed, \u017ee je to vidie\u0165 aj na samotn\u00fdch v\u00fdsledkoch jeho pr\u00e1ce. Ak pr\u00e1ve nepracuje, tak si r\u00e1d za\u0161portuje \u010di pre\u010d\u00edta dobr\u00fa knihu.\",\"url\":\"https:\/\/www.ikuchyne.sk\/eshop\/author\/radoslav-hoppej\/\"}]}<\/script>\n<!-- \/ Yoast SEO plugin. -->","yoast_head_json":{"title":"\u0160kandin\u00e1vsky \u0161t\u00fdl vo va\u0161ej jed\u00e1lni. &#187; iKuchyne iSHOP s n\u00e1bytkom","description":"\u0160kandin\u00e1vsky \u0161t\u00fdl patr\u00ed medzi najpopul\u00e1rnej\u0161ie vo svete. Radi by ste dodali va\u0161ej jed\u00e1lni vzh\u013ead, ktor\u00fdm s\u00fa seversk\u00e9 krajiny tak\u00e9 zn\u00e1me?","robots":{"index":"index","follow":"follow","max-snippet":"max-snippet:-1","max-image-preview":"max-image-preview:large","max-video-preview":"max-video-preview:-1"},"canonical":"https:\/\/www.ikuchyne.sk\/eshop\/skandinavsky-styl-vo-vasej-jedalni-ako-na-to\/","og_locale":"sk_SK","og_type":"article","og_title":"\u0160kandin\u00e1vsky \u0161t\u00fdl vo va\u0161ej jed\u00e1lni. &#187; iKuchyne iSHOP s n\u00e1bytkom","og_description":"\u0160kandin\u00e1vsky \u0161t\u00fdl patr\u00ed medzi najpopul\u00e1rnej\u0161ie vo svete. Radi by ste dodali va\u0161ej jed\u00e1lni vzh\u013ead, ktor\u00fdm s\u00fa seversk\u00e9 krajiny tak\u00e9 zn\u00e1me?","og_url":"https:\/\/www.ikuchyne.sk\/eshop\/skandinavsky-styl-vo-vasej-jedalni-ako-na-to\/","og_site_name":"iKuchyne iSHOP s n\u00e1bytkom","article_publisher":"https:\/\/www.facebook.com\/ikuchyne\/","article_published_time":"2021-04-22T14:12:48+00:00","article_modified_time":"2021-04-22T16:06:54+00:00","og_image":[{"width":749,"height":999,"url":"https:\/\/www.ikuchyne.sk\/eshop\/wp-content\/uploads\/2021\/04\/WhatsApp-Image-2021-04-22-at-17.59.571.jpeg","type":"image\/jpeg"}],"author":"Radoslav Hoppej","twitter_card":"summary_large_image","twitter_misc":{"Autor":"Radoslav Hoppej","Predpokladan\u00fd \u010das \u010d\u00edtania":"4 min\u00faty"},"schema":{"@context":"https:\/\/schema.org","@graph":[{"@type":"Article","@id":"https:\/\/www.ikuchyne.sk\/eshop\/skandinavsky-styl-vo-vasej-jedalni-ako-na-to\/#article","isPartOf":{"@id":"https:\/\/www.ikuchyne.sk\/eshop\/skandinavsky-styl-vo-vasej-jedalni-ako-na-to\/"},"author":{"name":"Radoslav Hoppej","@id":"https:\/\/www.ikuchyne.sk\/eshop\/#\/schema\/person\/faf508efa685ef3a6de82e8f89187f07"},"headline":"\u0160kandin\u00e1vsky \u0161t\u00fdl vo va\u0161ej jed\u00e1lni. Ako na to?","datePublished":"2021-04-22T14:12:48+00:00","dateModified":"2021-04-22T16:06:54+00:00","mainEntityOfPage":{"@id":"https:\/\/www.ikuchyne.sk\/eshop\/skandinavsky-styl-vo-vasej-jedalni-ako-na-to\/"},"wordCount":1457,"publisher":{"@id":"https:\/\/www.ikuchyne.sk\/eshop\/#organization"},"articleSection":["IN\u0160PIR\u00c1CIE","Jed\u00e1le\u0148 a kuchy\u0148a","Produkty v realiz\u00e1ciach"],"inLanguage":"sk-SK"},{"@type":"WebPage","@id":"https:\/\/www.ikuchyne.sk\/eshop\/skandinavsky-styl-vo-vasej-jedalni-ako-na-to\/","url":"https:\/\/www.ikuchyne.sk\/eshop\/skandinavsky-styl-vo-vasej-jedalni-ako-na-to\/","name":"\u0160kandin\u00e1vsky \u0161t\u00fdl vo va\u0161ej jed\u00e1lni. &#187; iKuchyne iSHOP s n\u00e1bytkom","isPartOf":{"@id":"https:\/\/www.ikuchyne.sk\/eshop\/#website"},"datePublished":"2021-04-22T14:12:48+00:00","dateModified":"2021-04-22T16:06:54+00:00","description":"\u0160kandin\u00e1vsky \u0161t\u00fdl patr\u00ed medzi najpopul\u00e1rnej\u0161ie vo svete. Radi by ste dodali va\u0161ej jed\u00e1lni vzh\u013ead, ktor\u00fdm s\u00fa seversk\u00e9 krajiny tak\u00e9 zn\u00e1me?","breadcrumb":{"@id":"https:\/\/www.ikuchyne.sk\/eshop\/skandinavsky-styl-vo-vasej-jedalni-ako-na-to\/#breadcrumb"},"inLanguage":"sk-SK","potentialAction":[{"@type":"ReadAction","target":["https:\/\/www.ikuchyne.sk\/eshop\/skandinavsky-styl-vo-vasej-jedalni-ako-na-to\/"]}]},{"@type":"BreadcrumbList","@id":"https:\/\/www.ikuchyne.sk\/eshop\/skandinavsky-styl-vo-vasej-jedalni-ako-na-to\/#breadcrumb","itemListElement":[{"@type":"ListItem","position":1,"name":"Home","item":"https:\/\/www.ikuchyne.sk\/eshop\/"},{"@type":"ListItem","position":2,"name":"\u0160kandin\u00e1vsky \u0161t\u00fdl vo va\u0161ej jed\u00e1lni. Ako na to?"}]},{"@type":"WebSite","@id":"https:\/\/www.ikuchyne.sk\/eshop\/#website","url":"https:\/\/www.ikuchyne.sk\/eshop\/","name":"iKuchyne iSHOP s n\u00e1bytkom","description":"Jed\u00e1lensk\u00e9 stoly, stoli\u010dky, n\u00e1bytok, svietidl\u00e1...","publisher":{"@id":"https:\/\/www.ikuchyne.sk\/eshop\/#organization"},"potentialAction":[{"@type":"SearchAction","target":{"@type":"EntryPoint","urlTemplate":"https:\/\/www.ikuchyne.sk\/eshop\/?s={search_term_string}"},"query-input":"required name=search_term_string"}],"inLanguage":"sk-SK"},{"@type":"Organization","@id":"https:\/\/www.ikuchyne.sk\/eshop\/#organization","name":"ikuchyne!","url":"https:\/\/www.ikuchyne.sk\/eshop\/","logo":{"@type":"ImageObject","inLanguage":"sk-SK","@id":"https:\/\/www.ikuchyne.sk\/eshop\/#\/schema\/logo\/image\/","url":"https:\/\/www.ikuchyne.sk\/eshop\/wp-content\/uploads\/2017\/04\/ikuchyne-logo.jpg","contentUrl":"https:\/\/www.ikuchyne.sk\/eshop\/wp-content\/uploads\/2017\/04\/ikuchyne-logo.jpg","width":200,"height":48,"caption":"ikuchyne!"},"image":{"@id":"https:\/\/www.ikuchyne.sk\/eshop\/#\/schema\/logo\/image\/"},"sameAs":["https:\/\/www.facebook.com\/ikuchyne\/","https:\/\/www.instagram.com\/ikuchyne.sk\/","https:\/\/sk.pinterest.com\/ikuchynesk\/"]},{"@type":"Person","@id":"https:\/\/www.ikuchyne.sk\/eshop\/#\/schema\/person\/faf508efa685ef3a6de82e8f89187f07","name":"Radoslav Hoppej","image":{"@type":"ImageObject","inLanguage":"sk-SK","@id":"https:\/\/www.ikuchyne.sk\/eshop\/#\/schema\/person\/image\/","url":"https:\/\/secure.gravatar.com\/avatar\/4c9ab993193882c5d96a1b7b8857464b?s=96&d=wp_user_avatar&r=g","contentUrl":"https:\/\/secure.gravatar.com\/avatar\/4c9ab993193882c5d96a1b7b8857464b?s=96&d=wp_user_avatar&r=g","caption":"Radoslav Hoppej"},"description":"Rado sa u\u017e nieko\u013eko rokov venuje p\u00edsaniu a copywritingu na rozli\u010dn\u00e9 t\u00e9my ako je interi\u00e9rov\u00fd dizajn, cestovanie \u010di marketing. Okrem p\u00edsania sa zauj\u00edma aj o spravovanie soci\u00e1lnych siet\u00ed. Spom\u00ednan\u00e9 pracovn\u00e9 aktivity s\u00fa jeho v\u00e1\u0161\u0148ou a splnen\u00fdm snom, a preto ver\u00ed, \u017ee je to vidie\u0165 aj na samotn\u00fdch v\u00fdsledkoch jeho pr\u00e1ce. Ak pr\u00e1ve nepracuje, tak si r\u00e1d za\u0161portuje \u010di pre\u010d\u00edta dobr\u00fa knihu.","url":"https:\/\/www.ikuchyne.sk\/eshop\/author\/radoslav-hoppej\/"}]}},"_links":{"self":[{"href":"https:\/\/www.ikuchyne.sk\/eshop\/wp-json\/wp\/v2\/posts\/151037"}],"collection":[{"href":"https:\/\/www.ikuchyne.sk\/eshop\/wp-json\/wp\/v2\/posts"}],"about":[{"href":"https:\/\/www.ikuchyne.sk\/eshop\/wp-json\/wp\/v2\/types\/post"}],"author":[{"embeddable":true,"href":"https:\/\/www.ikuchyne.sk\/eshop\/wp-json\/wp\/v2\/users\/562"}],"replies":[{"embeddable":true,"href":"https:\/\/www.ikuchyne.sk\/eshop\/wp-json\/wp\/v2\/comments?post=151037"}],"version-history":[{"count":1,"href":"https:\/\/www.ikuchyne.sk\/eshop\/wp-json\/wp\/v2\/posts\/151037\/revisions"}],"predecessor-version":[{"id":151051,"href":"https:\/\/www.ikuchyne.sk\/eshop\/wp-json\/wp\/v2\/posts\/151037\/revisions\/151051"}],"wp:featuredmedia":[{"embeddable":true,"href":"https:\/\/www.ikuchyne.sk\/eshop\/wp-json\/wp\/v2\/media\/151053"}],"wp:attachment":[{"href":"https:\/\/www.ikuchyne.sk\/eshop\/wp-json\/wp\/v2\/media?parent=151037"}],"wp:term":[{"taxonomy":"category","embeddable":true,"href":"https:\/\/www.ikuchyne.sk\/eshop\/wp-json\/wp\/v2\/categories?post=151037"},{"taxonomy":"post_tag","embeddable":true,"href":"https:\/\/www.ikuchyne.sk\/eshop\/wp-json\/wp\/v2\/tags?post=151037"}],"curies":[{"name":"wp","href":"https:\/\/api.w.org\/{rel}","templated":true}]}}