{"id":151163,"date":"2021-04-27T12:07:50","date_gmt":"2021-04-27T10:07:50","guid":{"rendered":"https:\/\/www.ikuchyne.sk\/eshop\/?p=151163"},"modified":"2021-04-27T12:07:50","modified_gmt":"2021-04-27T10:07:50","slug":"7-pravidiel-biela-kuchyna-a-ako-ju-zariadit","status":"publish","type":"post","link":"https:\/\/www.ikuchyne.sk\/eshop\/7-pravidiel-biela-kuchyna-a-ako-ju-zariadit\/","title":{"rendered":"7 pravidiel pri zaria\u010fovan\u00ed bielej kuchyne"},"content":{"rendered":"<p>[vc_row][vc_column][vc_column_text]Ak sa v\u00e1m<strong> biela kuchy\u0148a<\/strong> p\u00e1\u010di a rozhodli ste sa ju ma\u0165 aj u v\u00e1s doma, prin\u00e1\u0161ame 7 d\u00f4le\u017eit\u00fdch pravidiel pri jej zaria\u010fovan\u00ed. Biela je \u013eahko kombinovate\u013en\u00e1 a dizajnov\u00e1 farba, ktor\u00e1 sa skvele hod\u00ed na kuchynsk\u00fa linku \u010di jed\u00e1lensk\u00fd st\u00f4l. Pom\u00f4\u017eeme vytvori\u0165 harmonick\u00e9 spojenie farieb, \u0161t\u00fdlu a spr\u00e1vne zvolen\u00fdch materi\u00e1lov. Budete sa vo svojej kuchyni c\u00edti\u0165 komfortne a pokojne.<\/p>\n<p>Ak\u00e9 materi\u00e1ly je vhodn\u00e9 v bielej kuchyni kombinova\u0165? Pri ak\u00fdch farb\u00e1ch biela najlep\u0161ie vynikne a na \u010do pri pl\u00e1novan\u00ed kuchyne nezabudn\u00fa\u0165?[\/vc_column_text][vc_single_image image=&#8221;151164&#8243; img_size=&#8221;large&#8221; add_caption=&#8221;yes&#8221; alignment=&#8221;center&#8221; style=&#8221;vc_box_rounded&#8221; onclick=&#8221;custom_link&#8221; img_link_target=&#8221;_blank&#8221; link=&#8221;https:\/\/www.ikuchyne.sk\/&#8221;][\/vc_column][\/vc_row][vc_row][vc_column][vc_column_text]<\/p>\n<h2><span style=\"color: #e3245e;\"><b>1. Vyberte si \u0161t\u00fdl bielej kuchyne<br \/>\n<\/b><\/span><\/h2>\n<p>Biela farba pou\u017eit\u00e1 v kuchyni nie je \u017eiadnou novinkou. Je <strong>nad\u010dasov\u00e1 a \u013eahko kombinovate\u013en\u00e1 do ak\u00e9hoko\u013evek \u0161t\u00fdlu<\/strong>. Vieme, \u017ee z\u00e1kladom kuchyne je biela farba. Spolu s \u0148ou <strong>je potrebn\u00e9 si na za\u010diatku ur\u010di\u0165 jej \u0161t\u00fdl<\/strong>, pod\u013ea ktor\u00e9ho sa napl\u00e1nuje k\u00fapa n\u00e1bytku, kuchynsk\u00fdch spotrebi\u010dov a doplnkov.[\/vc_column_text][vc_single_image image=&#8221;151165&#8243; img_size=&#8221;large&#8221; add_caption=&#8221;yes&#8221; alignment=&#8221;center&#8221; style=&#8221;vc_box_rounded&#8221; onclick=&#8221;custom_link&#8221; img_link_target=&#8221;_blank&#8221; link=&#8221;https:\/\/www.ikuchyne.sk\/&#8221;][vc_column_text]<strong>Zariadi\u0165 sa m\u00f4\u017eete pod\u013ea osobn\u00fdch preferenci\u00ed. <\/strong>Chcete chladnej\u0161iu seversk\u00fa kuchy\u0148u s minimom v\u00fdraznej\u0161\u00edch farieb? Alebo v\u00e1m viac vyhovuje rustik\u00e1lnej\u0161\u00ed \u0161t\u00fdl s drevom? Biela kuchy\u0148a znesie \u0161irok\u00fa \u0161k\u00e1lu \u0161t\u00fdlov.<strong> Podstatn\u00e9 je, aby sa \u0161t\u00fdly vz\u00e1jomne nebili a priestor nep\u00f4sobil chaoticky.<\/strong>[\/vc_column_text][vc_single_image image=&#8221;151166&#8243; img_size=&#8221;large&#8221; add_caption=&#8221;yes&#8221; alignment=&#8221;center&#8221; style=&#8221;vc_box_rounded&#8221; onclick=&#8221;custom_link&#8221; img_link_target=&#8221;_blank&#8221; link=&#8221;https:\/\/www.ikuchyne.sk\/&#8221;][\/vc_column][\/vc_row][vc_row][vc_column][vc_column_text]<\/p>\n<h2><span style=\"color: #e3245e;\"><b>2. Biela kuchy\u0148a v kombin\u00e1cii s v\u00fdraznou farbou<br \/>\n<\/b><\/span><\/h2>\n<p>Biela farba p\u00f4sob\u00ed \u010disto a vyv\u00e1\u017eene. Urob\u00edte dobre, ak si zvol\u00edte <strong>kombin\u00e1ciu bielej s inou v\u00fdraznej\u0161ou farbou<\/strong>, napr\u00edklad bordovou alebo \u010diernou. Bielu m\u00f4\u017eete pou\u017ei\u0165 na kuchynsk\u00e9 skrinky a druh\u00fa farbu si nechajte na elektrospotrebi\u010de, pracovn\u00fa dosku a pozadie <a href=\"https:\/\/www.ikuchyne.sk\/kuchynske-linky\"><span style=\"color: #e3245e;\">kuchynskej linky<\/span><\/a>.[\/vc_column_text][vc_single_image image=&#8221;151167&#8243; img_size=&#8221;large&#8221; add_caption=&#8221;yes&#8221; alignment=&#8221;center&#8221; style=&#8221;vc_box_rounded&#8221; onclick=&#8221;custom_link&#8221; img_link_target=&#8221;_blank&#8221; link=&#8221;https:\/\/www.ikuchyne.sk\/&#8221;][vc_column_text]<strong>Bordov\u00e1 je tepl\u00e1 a ohniv\u00e1 farba<\/strong>, \u010do m\u00f4\u017ee doda\u0165 kuchyni \u00fatuln\u00fd pocit domova. Z\u00e1rove\u0148 priestor o\u017eiv\u00ed a nakopne energiou. <strong>\u010cierna s bielou je klasika v kombin\u00e1ci\u00e1ch<\/strong>, nem\u00f4\u017eete \u0148ou ni\u010d pokazi\u0165. Miestnos\u0165 bude p\u00f4sobi\u0165 elegantne, uhladene a ve\u013emi harmonicky.<\/p>\n<p>Ak t\u00fa\u017eite ma\u0165 bielu farbu na celej linke, pracovnej doske a <a href=\"https:\/\/www.ikuchyne.sk\/eshop\/kategoria\/nabytok\/\"><span style=\"color: #e3245e;\">n\u00e1bytku<\/span><\/a>, sk\u00faste druh\u00fa farbu pou\u017ei\u0165 aspo\u0148 na <a href=\"https:\/\/www.ikuchyne.sk\/eshop\/kategoria\/dekoracie-do-bytu\/\"><span style=\"color: #e3245e;\">dekor\u00e1ci\u00e1ch<\/span><\/a>, utierkach \u010di kuchynsk\u00fdch pom\u00f4ckach.[\/vc_column_text][vc_single_image image=&#8221;151168&#8243; img_size=&#8221;large&#8221; add_caption=&#8221;yes&#8221; alignment=&#8221;center&#8221; style=&#8221;vc_box_rounded&#8221; onclick=&#8221;custom_link&#8221; img_link_target=&#8221;_blank&#8221; link=&#8221;https:\/\/www.ikuchyne.sk\/&#8221;][vc_message message_box_color=&#8221;alert-success&#8221; icon_fontawesome=&#8221;&#8221;]<b>VEDELI STE, \u017dE:\u00a0<\/b>\u2026 biela farba presvet\u013euje a zv\u00e4\u010d\u0161uje priestor?[\/vc_message][vc_column_text]<\/p>\n<h2><span style=\"color: #e3245e;\"><b>3. Zvo\u013ete kamenn\u00fa alebo dreven\u00fa pracovn\u00fa dosku<br \/>\n<\/b><\/span><\/h2>\n<p><span style=\"color: #000000;\"><span style=\"font-weight: 400;\">\u010cist\u00e9 a pr\u00edjemne p\u00f4sobiace<strong> biele skrinky dopl\u0148te kamennou alebo drevenou pracovnou doskou<\/strong>. Vytvor\u00edte t\u00fdm po\u017eadovan\u00fd kontrast materi\u00e1lov a \u0161t\u00fdlov.<\/span><\/span>[\/vc_column_text][vc_single_image image=&#8221;151169&#8243; img_size=&#8221;large&#8221; add_caption=&#8221;yes&#8221; alignment=&#8221;center&#8221; style=&#8221;vc_box_rounded&#8221; onclick=&#8221;custom_link&#8221; img_link_target=&#8221;_blank&#8221; link=&#8221;https:\/\/www.ikuchyne.sk\/&#8221;][vc_column_text]<\/p>\n<h2><span style=\"color: #e3245e;\"><b>4. V bielej kuchyni nesmie ch\u00fdba\u0165 drevo<br \/>\n<\/b><\/span><\/h2>\n<p>Drevo sa najviac hod\u00ed na pracovn\u00fa dosku, no samozrejme ho m\u00f4\u017eete pou\u017ei\u0165 aj pri v\u00fdbere <a href=\"https:\/\/www.ikuchyne.sk\/eshop\/kategoria\/jedalenske-stoly\/\"><span style=\"color: #e3245e;\">jed\u00e1lensk\u00e9ho stola<\/span><\/a> a stoli\u010diek. Studen\u0161ia <strong>biela farba si doslova \u017eiada materi\u00e1l ako je drevo<\/strong>, ktor\u00e9 p\u00f4sob\u00ed teplo a upokojuj\u00faco.[\/vc_column_text][vc_single_image image=&#8221;151170&#8243; img_size=&#8221;large&#8221; add_caption=&#8221;yes&#8221; alignment=&#8221;center&#8221; style=&#8221;vc_box_rounded&#8221; onclick=&#8221;custom_link&#8221; img_link_target=&#8221;_blank&#8221; link=&#8221;https:\/\/www.ikuchyne.sk\/&#8221;][vc_column_text]<\/p>\n<h2><span style=\"color: #e3245e;\"><b>5. Biela kuchy\u0148a s tmavou podlahou<br \/>\n<\/b><\/span><\/h2>\n<p>Do bielej kuchyne sa najviac hodia lamin\u00e1tov\u00e9 parkety, dreven\u00e9 podlahy alebo kamenn\u00e1 dla\u017eba. D\u00f4le\u017eit\u00e9 je, aby bol v preva\u017ene <strong>bielej kuchyni pou\u017eit\u00fd tmav\u0161\u00ed odtie\u0148 podlahy<\/strong>.[\/vc_column_text][vc_single_image image=&#8221;151171&#8243; img_size=&#8221;large&#8221; add_caption=&#8221;yes&#8221; alignment=&#8221;center&#8221; style=&#8221;vc_box_rounded&#8221; onclick=&#8221;custom_link&#8221; img_link_target=&#8221;_blank&#8221; link=&#8221;https:\/\/www.ikuchyne.sk\/&#8221;][vc_message icon_fontawesome=&#8221;&#8221;]<b>Rada odborn\u00edka: <\/b>V miestnosti ako je kuchy\u0148a sa vyhnite pou\u017e\u00edvaniu textiln\u00e9ho materi\u00e1lu na podlahu, ako je napr\u00edklad v\u00e4\u010d\u0161\u00ed koberec.[\/vc_message][\/vc_column][\/vc_row][vc_row][vc_column][vc_column_text]<\/p>\n<h2><span style=\"color: #e3245e;\"><b>6. Ozdobte kuchy\u0148u v\u00fdrazn\u00fdmi doplnkami<br \/>\n<\/b><\/span><\/h2>\n<p>Okrasy maj\u00fa za \u00falohu premeni\u0165 priestor na dom\u00e1cke prostredie. Pod dekor\u00e1ciami a <a href=\"https:\/\/www.ikuchyne.sk\/eshop\/kategoria\/bytove-doplnky\/\"><span style=\"color: #e3245e;\">bytov\u00fdmi doplnkami<\/span><\/a> si m\u00f4\u017eete predstavi\u0165 aj fotky va\u0161ich det\u00ed pripevnen\u00e9 na chladni\u010dke magnetom.<\/p>\n<p><strong>Biela kuchy\u0148a ale potrebuje, aby ste trochu experimentovali s v\u00fdraznej\u0161\u00edmi farbami<\/strong> alebo aspo\u0148 \u0161t\u00fdlom. Vysk\u00fa\u0161ajte extravagantnej\u0161\u00ed luster alebo farebn\u00e9 <a href=\"https:\/\/www.ikuchyne.sk\/eshop\/kategoria\/vazy\/\"><span style=\"color: #e3245e;\">v\u00e1zy<\/span><\/a>. Kreativite sa medze neklad\u00fa.[\/vc_column_text][vc_single_image image=&#8221;151172&#8243; img_size=&#8221;large&#8221; add_caption=&#8221;yes&#8221; alignment=&#8221;center&#8221; style=&#8221;vc_box_rounded&#8221; onclick=&#8221;custom_link&#8221; img_link_target=&#8221;_blank&#8221; link=&#8221;https:\/\/www.ikuchyne.sk\/eshop\/produkt\/zavesna-lampa-infinity-cierna-zlata\/&#8221;][vc_column_text]<\/p>\n<h2><span style=\"color: #e3245e;\"><b>7. Zaobstarajte si kvety do bielej kuchyne<br \/>\n<\/b><\/span><\/h2>\n<p>Zele\u0148 patr\u00ed do ka\u017edej miestnosti, v\u00fdnimkou nie je ani modern\u00e1 biela kuchy\u0148a. Biela so zelenou je v z\u00e1sade kontrastn\u00e1 kombin\u00e1cia. <strong>Vyberte si hocijak\u00fd druh ob\u013e\u00fabenej rastlinky<\/strong> a dopl\u0148te \u0148ou u\u017e tak dokonal\u00fa miestnos\u0165.[\/vc_column_text][vc_single_image image=&#8221;151173&#8243; img_size=&#8221;large&#8221; add_caption=&#8221;yes&#8221; alignment=&#8221;center&#8221; style=&#8221;vc_box_rounded&#8221; onclick=&#8221;custom_link&#8221; img_link_target=&#8221;_blank&#8221; link=&#8221;https:\/\/www.ikuchyne.sk\/&#8221;][\/vc_column][\/vc_row][vc_row][vc_column][vc_message icon_fontawesome=&#8221;&#8221;]<b>TIP NA Z\u00c1VER:\u00a0<\/b>Nie je podstatn\u00e9, ak\u00fd \u0161t\u00fdl preferujete,<strong> biela farba v kuchyni bude v\u017edy \u0161t\u00fdlov\u00e1<\/strong>, nad\u010dasov\u00e1 a elegantne p\u00f4sobiaca. Kombin\u00e1cia s v\u00fdraznej\u0161\u00edmi farbami a materi\u00e1lmi sa postaraj\u00fa o \u00fatuln\u00fa miestnos\u0165. D\u00fafame, \u017ee v\u010faka na\u0161im rad\u00e1m sa v\u00e1m vo va\u0161ej bielej kuchyni bude dobre vari\u0165 a tr\u00e1vi\u0165 \u010das.[\/vc_message][vc_column_text]<\/p>\n<p style=\"text-align: center;\"><strong>H\u013ead\u00e1te viac in\u0161pir\u00e1cie? <\/strong><\/p>\n<p style=\"text-align: center;\">Pozrite si n\u00e1\u0161 e-shop<br \/>\n<a href=\"https:\/\/ikuchyne.sk\/eshop\/\"><span style=\"color: #e3245e;\">Do e-shopu<\/span><\/a><\/p>\n<p>[\/vc_column_text][\/vc_column][\/vc_row]<\/p>\n","protected":false},"excerpt":{"rendered":"<p>[vc_row][vc_column][vc_column_text]Ak sa v\u00e1m biela kuchy\u0148a p\u00e1\u010di a rozhodli ste sa ju ma\u0165 aj u v\u00e1s doma, prin\u00e1\u0161ame 7 d\u00f4le\u017eit\u00fdch pravidiel pri jej zaria\u010fovan\u00ed. Biela je \u013eahko kombinovate\u013en\u00e1 a dizajnov\u00e1 farba,<\/p>\n","protected":false},"author":2168,"featured_media":151164,"comment_status":"closed","ping_status":"open","sticky":false,"template":"","format":"standard","meta":{"footnotes":""},"categories":[1013,1010,1009],"tags":[],"yoast_head":"<!-- This site is optimized with the Yoast SEO plugin v22.1 - https:\/\/yoast.com\/wordpress\/plugins\/seo\/ -->\n<title>7 pravidiel pri zaria\u010fovan\u00ed bielej kuchyne &#187; iKuchyne iSHOP s n\u00e1bytkom<\/title>\n<meta name=\"description\" content=\"Ak sa v\u00e1m biela kuchy\u0148a p\u00e1\u010di, prin\u00e1\u0161ame 7 d\u00f4le\u017eit\u00fdch pravidiel pri jej zaria\u010fovan\u00ed. Biela je \u013eahko kombinovate\u013en\u00e1 a dizajnov\u00e1 farba\" \/>\n<meta name=\"robots\" content=\"index, follow, max-snippet:-1, max-image-preview:large, max-video-preview:-1\" \/>\n<link rel=\"canonical\" href=\"https:\/\/www.ikuchyne.sk\/eshop\/7-pravidiel-biela-kuchyna-a-ako-ju-zariadit\/\" \/>\n<meta property=\"og:locale\" content=\"sk_SK\" \/>\n<meta property=\"og:type\" content=\"article\" \/>\n<meta property=\"og:title\" content=\"7 pravidiel pri zaria\u010fovan\u00ed bielej kuchyne &#187; iKuchyne iSHOP s n\u00e1bytkom\" \/>\n<meta property=\"og:description\" content=\"Ak sa v\u00e1m biela kuchy\u0148a p\u00e1\u010di, prin\u00e1\u0161ame 7 d\u00f4le\u017eit\u00fdch pravidiel pri jej zaria\u010fovan\u00ed. Biela je \u013eahko kombinovate\u013en\u00e1 a dizajnov\u00e1 farba\" \/>\n<meta property=\"og:url\" content=\"https:\/\/www.ikuchyne.sk\/eshop\/7-pravidiel-biela-kuchyna-a-ako-ju-zariadit\/\" \/>\n<meta property=\"og:site_name\" content=\"iKuchyne iSHOP s n\u00e1bytkom\" \/>\n<meta property=\"article:publisher\" content=\"https:\/\/www.facebook.com\/ikuchyne\/\" \/>\n<meta property=\"article:published_time\" content=\"2021-04-27T10:07:50+00:00\" \/>\n<meta property=\"og:image\" content=\"https:\/\/www.ikuchyne.sk\/eshop\/wp-content\/uploads\/2021\/04\/1-11.jpg\" \/>\n\t<meta property=\"og:image:width\" content=\"2048\" \/>\n\t<meta property=\"og:image:height\" content=\"1229\" \/>\n\t<meta property=\"og:image:type\" content=\"image\/jpeg\" \/>\n<meta name=\"author\" content=\"Bibiana Hajdanyov\u00e1\" \/>\n<meta name=\"twitter:card\" content=\"summary_large_image\" \/>\n<meta name=\"twitter:label1\" content=\"Autor\" \/>\n\t<meta name=\"twitter:data1\" content=\"Bibiana Hajdanyov\u00e1\" \/>\n\t<meta name=\"twitter:label2\" content=\"Predpokladan\u00fd \u010das \u010d\u00edtania\" \/>\n\t<meta name=\"twitter:data2\" content=\"3 min\u00faty\" \/>\n<script type=\"application\/ld+json\" class=\"yoast-schema-graph\">{\"@context\":\"https:\/\/schema.org\",\"@graph\":[{\"@type\":\"Article\",\"@id\":\"https:\/\/www.ikuchyne.sk\/eshop\/7-pravidiel-biela-kuchyna-a-ako-ju-zariadit\/#article\",\"isPartOf\":{\"@id\":\"https:\/\/www.ikuchyne.sk\/eshop\/7-pravidiel-biela-kuchyna-a-ako-ju-zariadit\/\"},\"author\":{\"name\":\"Bibiana Hajdanyov\u00e1\",\"@id\":\"https:\/\/www.ikuchyne.sk\/eshop\/#\/schema\/person\/2d087365f1f2308a693a4b4a9c2ebf09\"},\"headline\":\"7 pravidiel pri zaria\u010fovan\u00ed bielej kuchyne\",\"datePublished\":\"2021-04-27T10:07:50+00:00\",\"dateModified\":\"2021-04-27T10:07:50+00:00\",\"mainEntityOfPage\":{\"@id\":\"https:\/\/www.ikuchyne.sk\/eshop\/7-pravidiel-biela-kuchyna-a-ako-ju-zariadit\/\"},\"wordCount\":1130,\"publisher\":{\"@id\":\"https:\/\/www.ikuchyne.sk\/eshop\/#organization\"},\"articleSection\":[\"Jed\u00e1le\u0148 a kuchy\u0148a\",\"N\u00c1BYTOK\",\"PORAD\u0147A\"],\"inLanguage\":\"sk-SK\"},{\"@type\":\"WebPage\",\"@id\":\"https:\/\/www.ikuchyne.sk\/eshop\/7-pravidiel-biela-kuchyna-a-ako-ju-zariadit\/\",\"url\":\"https:\/\/www.ikuchyne.sk\/eshop\/7-pravidiel-biela-kuchyna-a-ako-ju-zariadit\/\",\"name\":\"7 pravidiel pri zaria\u010fovan\u00ed bielej kuchyne &#187; iKuchyne iSHOP s n\u00e1bytkom\",\"isPartOf\":{\"@id\":\"https:\/\/www.ikuchyne.sk\/eshop\/#website\"},\"datePublished\":\"2021-04-27T10:07:50+00:00\",\"dateModified\":\"2021-04-27T10:07:50+00:00\",\"description\":\"Ak sa v\u00e1m biela kuchy\u0148a p\u00e1\u010di, prin\u00e1\u0161ame 7 d\u00f4le\u017eit\u00fdch pravidiel pri jej zaria\u010fovan\u00ed. Biela je \u013eahko kombinovate\u013en\u00e1 a dizajnov\u00e1 farba\",\"breadcrumb\":{\"@id\":\"https:\/\/www.ikuchyne.sk\/eshop\/7-pravidiel-biela-kuchyna-a-ako-ju-zariadit\/#breadcrumb\"},\"inLanguage\":\"sk-SK\",\"potentialAction\":[{\"@type\":\"ReadAction\",\"target\":[\"https:\/\/www.ikuchyne.sk\/eshop\/7-pravidiel-biela-kuchyna-a-ako-ju-zariadit\/\"]}]},{\"@type\":\"BreadcrumbList\",\"@id\":\"https:\/\/www.ikuchyne.sk\/eshop\/7-pravidiel-biela-kuchyna-a-ako-ju-zariadit\/#breadcrumb\",\"itemListElement\":[{\"@type\":\"ListItem\",\"position\":1,\"name\":\"Home\",\"item\":\"https:\/\/www.ikuchyne.sk\/eshop\/\"},{\"@type\":\"ListItem\",\"position\":2,\"name\":\"7 pravidiel pri zaria\u010fovan\u00ed bielej kuchyne\"}]},{\"@type\":\"WebSite\",\"@id\":\"https:\/\/www.ikuchyne.sk\/eshop\/#website\",\"url\":\"https:\/\/www.ikuchyne.sk\/eshop\/\",\"name\":\"iKuchyne iSHOP s n\u00e1bytkom\",\"description\":\"Jed\u00e1lensk\u00e9 stoly, stoli\u010dky, n\u00e1bytok, svietidl\u00e1...\",\"publisher\":{\"@id\":\"https:\/\/www.ikuchyne.sk\/eshop\/#organization\"},\"potentialAction\":[{\"@type\":\"SearchAction\",\"target\":{\"@type\":\"EntryPoint\",\"urlTemplate\":\"https:\/\/www.ikuchyne.sk\/eshop\/?s={search_term_string}\"},\"query-input\":\"required name=search_term_string\"}],\"inLanguage\":\"sk-SK\"},{\"@type\":\"Organization\",\"@id\":\"https:\/\/www.ikuchyne.sk\/eshop\/#organization\",\"name\":\"ikuchyne!\",\"url\":\"https:\/\/www.ikuchyne.sk\/eshop\/\",\"logo\":{\"@type\":\"ImageObject\",\"inLanguage\":\"sk-SK\",\"@id\":\"https:\/\/www.ikuchyne.sk\/eshop\/#\/schema\/logo\/image\/\",\"url\":\"https:\/\/www.ikuchyne.sk\/eshop\/wp-content\/uploads\/2017\/04\/ikuchyne-logo.jpg\",\"contentUrl\":\"https:\/\/www.ikuchyne.sk\/eshop\/wp-content\/uploads\/2017\/04\/ikuchyne-logo.jpg\",\"width\":200,\"height\":48,\"caption\":\"ikuchyne!\"},\"image\":{\"@id\":\"https:\/\/www.ikuchyne.sk\/eshop\/#\/schema\/logo\/image\/\"},\"sameAs\":[\"https:\/\/www.facebook.com\/ikuchyne\/\",\"https:\/\/www.instagram.com\/ikuchyne.sk\/\",\"https:\/\/sk.pinterest.com\/ikuchynesk\/\"]},{\"@type\":\"Person\",\"@id\":\"https:\/\/www.ikuchyne.sk\/eshop\/#\/schema\/person\/2d087365f1f2308a693a4b4a9c2ebf09\",\"name\":\"Bibiana Hajdanyov\u00e1\",\"image\":{\"@type\":\"ImageObject\",\"inLanguage\":\"sk-SK\",\"@id\":\"https:\/\/www.ikuchyne.sk\/eshop\/#\/schema\/person\/image\/\",\"url\":\"https:\/\/www.ikuchyne.sk\/eshop\/wp-content\/plugins\/wp-user-avatar\/deprecated\/wp-user-avatar\/images\/wpua-96x96.png\",\"contentUrl\":\"https:\/\/www.ikuchyne.sk\/eshop\/wp-content\/plugins\/wp-user-avatar\/deprecated\/wp-user-avatar\/images\/wpua-96x96.png\",\"caption\":\"Bibiana Hajdanyov\u00e1\"},\"description\":\"Vol\u00e1m sa Bibi\u00e1na, zbo\u017e\u0148ujem p\u00edsanie a som s\u00fa\u010das\u0165ou kreat\u00edvneho t\u00edmu Coolwriters. M\u00e1m rada proces, kedy zis\u0165ujem, objavujem a analyzujem. Najviac ma bav\u00ed dolova\u0165 inform\u00e1cie z umenia, dizajnu a cestovania.\",\"url\":\"https:\/\/www.ikuchyne.sk\/eshop\/author\/bibiana\/\"}]}<\/script>\n<!-- \/ Yoast SEO plugin. -->","yoast_head_json":{"title":"7 pravidiel pri zaria\u010fovan\u00ed bielej kuchyne &#187; iKuchyne iSHOP s n\u00e1bytkom","description":"Ak sa v\u00e1m biela kuchy\u0148a p\u00e1\u010di, prin\u00e1\u0161ame 7 d\u00f4le\u017eit\u00fdch pravidiel pri jej zaria\u010fovan\u00ed. Biela je \u013eahko kombinovate\u013en\u00e1 a dizajnov\u00e1 farba","robots":{"index":"index","follow":"follow","max-snippet":"max-snippet:-1","max-image-preview":"max-image-preview:large","max-video-preview":"max-video-preview:-1"},"canonical":"https:\/\/www.ikuchyne.sk\/eshop\/7-pravidiel-biela-kuchyna-a-ako-ju-zariadit\/","og_locale":"sk_SK","og_type":"article","og_title":"7 pravidiel pri zaria\u010fovan\u00ed bielej kuchyne &#187; iKuchyne iSHOP s n\u00e1bytkom","og_description":"Ak sa v\u00e1m biela kuchy\u0148a p\u00e1\u010di, prin\u00e1\u0161ame 7 d\u00f4le\u017eit\u00fdch pravidiel pri jej zaria\u010fovan\u00ed. Biela je \u013eahko kombinovate\u013en\u00e1 a dizajnov\u00e1 farba","og_url":"https:\/\/www.ikuchyne.sk\/eshop\/7-pravidiel-biela-kuchyna-a-ako-ju-zariadit\/","og_site_name":"iKuchyne iSHOP s n\u00e1bytkom","article_publisher":"https:\/\/www.facebook.com\/ikuchyne\/","article_published_time":"2021-04-27T10:07:50+00:00","og_image":[{"width":2048,"height":1229,"url":"https:\/\/www.ikuchyne.sk\/eshop\/wp-content\/uploads\/2021\/04\/1-11.jpg","type":"image\/jpeg"}],"author":"Bibiana Hajdanyov\u00e1","twitter_card":"summary_large_image","twitter_misc":{"Autor":"Bibiana Hajdanyov\u00e1","Predpokladan\u00fd \u010das \u010d\u00edtania":"3 min\u00faty"},"schema":{"@context":"https:\/\/schema.org","@graph":[{"@type":"Article","@id":"https:\/\/www.ikuchyne.sk\/eshop\/7-pravidiel-biela-kuchyna-a-ako-ju-zariadit\/#article","isPartOf":{"@id":"https:\/\/www.ikuchyne.sk\/eshop\/7-pravidiel-biela-kuchyna-a-ako-ju-zariadit\/"},"author":{"name":"Bibiana Hajdanyov\u00e1","@id":"https:\/\/www.ikuchyne.sk\/eshop\/#\/schema\/person\/2d087365f1f2308a693a4b4a9c2ebf09"},"headline":"7 pravidiel pri zaria\u010fovan\u00ed bielej kuchyne","datePublished":"2021-04-27T10:07:50+00:00","dateModified":"2021-04-27T10:07:50+00:00","mainEntityOfPage":{"@id":"https:\/\/www.ikuchyne.sk\/eshop\/7-pravidiel-biela-kuchyna-a-ako-ju-zariadit\/"},"wordCount":1130,"publisher":{"@id":"https:\/\/www.ikuchyne.sk\/eshop\/#organization"},"articleSection":["Jed\u00e1le\u0148 a kuchy\u0148a","N\u00c1BYTOK","PORAD\u0147A"],"inLanguage":"sk-SK"},{"@type":"WebPage","@id":"https:\/\/www.ikuchyne.sk\/eshop\/7-pravidiel-biela-kuchyna-a-ako-ju-zariadit\/","url":"https:\/\/www.ikuchyne.sk\/eshop\/7-pravidiel-biela-kuchyna-a-ako-ju-zariadit\/","name":"7 pravidiel pri zaria\u010fovan\u00ed bielej kuchyne &#187; iKuchyne iSHOP s n\u00e1bytkom","isPartOf":{"@id":"https:\/\/www.ikuchyne.sk\/eshop\/#website"},"datePublished":"2021-04-27T10:07:50+00:00","dateModified":"2021-04-27T10:07:50+00:00","description":"Ak sa v\u00e1m biela kuchy\u0148a p\u00e1\u010di, prin\u00e1\u0161ame 7 d\u00f4le\u017eit\u00fdch pravidiel pri jej zaria\u010fovan\u00ed. Biela je \u013eahko kombinovate\u013en\u00e1 a dizajnov\u00e1 farba","breadcrumb":{"@id":"https:\/\/www.ikuchyne.sk\/eshop\/7-pravidiel-biela-kuchyna-a-ako-ju-zariadit\/#breadcrumb"},"inLanguage":"sk-SK","potentialAction":[{"@type":"ReadAction","target":["https:\/\/www.ikuchyne.sk\/eshop\/7-pravidiel-biela-kuchyna-a-ako-ju-zariadit\/"]}]},{"@type":"BreadcrumbList","@id":"https:\/\/www.ikuchyne.sk\/eshop\/7-pravidiel-biela-kuchyna-a-ako-ju-zariadit\/#breadcrumb","itemListElement":[{"@type":"ListItem","position":1,"name":"Home","item":"https:\/\/www.ikuchyne.sk\/eshop\/"},{"@type":"ListItem","position":2,"name":"7 pravidiel pri zaria\u010fovan\u00ed bielej kuchyne"}]},{"@type":"WebSite","@id":"https:\/\/www.ikuchyne.sk\/eshop\/#website","url":"https:\/\/www.ikuchyne.sk\/eshop\/","name":"iKuchyne iSHOP s n\u00e1bytkom","description":"Jed\u00e1lensk\u00e9 stoly, stoli\u010dky, n\u00e1bytok, svietidl\u00e1...","publisher":{"@id":"https:\/\/www.ikuchyne.sk\/eshop\/#organization"},"potentialAction":[{"@type":"SearchAction","target":{"@type":"EntryPoint","urlTemplate":"https:\/\/www.ikuchyne.sk\/eshop\/?s={search_term_string}"},"query-input":"required name=search_term_string"}],"inLanguage":"sk-SK"},{"@type":"Organization","@id":"https:\/\/www.ikuchyne.sk\/eshop\/#organization","name":"ikuchyne!","url":"https:\/\/www.ikuchyne.sk\/eshop\/","logo":{"@type":"ImageObject","inLanguage":"sk-SK","@id":"https:\/\/www.ikuchyne.sk\/eshop\/#\/schema\/logo\/image\/","url":"https:\/\/www.ikuchyne.sk\/eshop\/wp-content\/uploads\/2017\/04\/ikuchyne-logo.jpg","contentUrl":"https:\/\/www.ikuchyne.sk\/eshop\/wp-content\/uploads\/2017\/04\/ikuchyne-logo.jpg","width":200,"height":48,"caption":"ikuchyne!"},"image":{"@id":"https:\/\/www.ikuchyne.sk\/eshop\/#\/schema\/logo\/image\/"},"sameAs":["https:\/\/www.facebook.com\/ikuchyne\/","https:\/\/www.instagram.com\/ikuchyne.sk\/","https:\/\/sk.pinterest.com\/ikuchynesk\/"]},{"@type":"Person","@id":"https:\/\/www.ikuchyne.sk\/eshop\/#\/schema\/person\/2d087365f1f2308a693a4b4a9c2ebf09","name":"Bibiana Hajdanyov\u00e1","image":{"@type":"ImageObject","inLanguage":"sk-SK","@id":"https:\/\/www.ikuchyne.sk\/eshop\/#\/schema\/person\/image\/","url":"https:\/\/www.ikuchyne.sk\/eshop\/wp-content\/plugins\/wp-user-avatar\/deprecated\/wp-user-avatar\/images\/wpua-96x96.png","contentUrl":"https:\/\/www.ikuchyne.sk\/eshop\/wp-content\/plugins\/wp-user-avatar\/deprecated\/wp-user-avatar\/images\/wpua-96x96.png","caption":"Bibiana Hajdanyov\u00e1"},"description":"Vol\u00e1m sa Bibi\u00e1na, zbo\u017e\u0148ujem p\u00edsanie a som s\u00fa\u010das\u0165ou kreat\u00edvneho t\u00edmu Coolwriters. M\u00e1m rada proces, kedy zis\u0165ujem, objavujem a analyzujem. Najviac ma bav\u00ed dolova\u0165 inform\u00e1cie z umenia, dizajnu a cestovania.","url":"https:\/\/www.ikuchyne.sk\/eshop\/author\/bibiana\/"}]}},"_links":{"self":[{"href":"https:\/\/www.ikuchyne.sk\/eshop\/wp-json\/wp\/v2\/posts\/151163"}],"collection":[{"href":"https:\/\/www.ikuchyne.sk\/eshop\/wp-json\/wp\/v2\/posts"}],"about":[{"href":"https:\/\/www.ikuchyne.sk\/eshop\/wp-json\/wp\/v2\/types\/post"}],"author":[{"embeddable":true,"href":"https:\/\/www.ikuchyne.sk\/eshop\/wp-json\/wp\/v2\/users\/2168"}],"replies":[{"embeddable":true,"href":"https:\/\/www.ikuchyne.sk\/eshop\/wp-json\/wp\/v2\/comments?post=151163"}],"version-history":[{"count":1,"href":"https:\/\/www.ikuchyne.sk\/eshop\/wp-json\/wp\/v2\/posts\/151163\/revisions"}],"predecessor-version":[{"id":151174,"href":"https:\/\/www.ikuchyne.sk\/eshop\/wp-json\/wp\/v2\/posts\/151163\/revisions\/151174"}],"wp:featuredmedia":[{"embeddable":true,"href":"https:\/\/www.ikuchyne.sk\/eshop\/wp-json\/wp\/v2\/media\/151164"}],"wp:attachment":[{"href":"https:\/\/www.ikuchyne.sk\/eshop\/wp-json\/wp\/v2\/media?parent=151163"}],"wp:term":[{"taxonomy":"category","embeddable":true,"href":"https:\/\/www.ikuchyne.sk\/eshop\/wp-json\/wp\/v2\/categories?post=151163"},{"taxonomy":"post_tag","embeddable":true,"href":"https:\/\/www.ikuchyne.sk\/eshop\/wp-json\/wp\/v2\/tags?post=151163"}],"curies":[{"name":"wp","href":"https:\/\/api.w.org\/{rel}","templated":true}]}}