{"id":151175,"date":"2021-04-27T12:38:31","date_gmt":"2021-04-27T10:38:31","guid":{"rendered":"https:\/\/www.ikuchyne.sk\/eshop\/?p=151175"},"modified":"2021-04-27T13:38:15","modified_gmt":"2021-04-27T11:38:15","slug":"konferencne-stoliky-ktore-vas-dostanu-svojou-univerzalnostou","status":"publish","type":"post","link":"https:\/\/www.ikuchyne.sk\/eshop\/konferencne-stoliky-ktore-vas-dostanu-svojou-univerzalnostou\/","title":{"rendered":"Konferen\u010dn\u00e9 stol\u00edky, ktor\u00e9 v\u00e1s dostan\u00fa svojou univerz\u00e1lnos\u0165ou"},"content":{"rendered":"<p>[vc_row][vc_column][vc_column_text]H\u013ead\u00e1te n\u00e1bytok, ktor\u00fd by bol praktick\u00fd a z\u00e1rove\u0148 v\u00e1s dobre reprezentoval pred ka\u017edou n\u00e1v\u0161tevou? Konferen\u010dn\u00e9 stol\u00edky s\u00fa nie\u010d\u00edm, \u010do nesmie v dom\u00e1cnosti ch\u00fdba\u0165. Na trhu ich n\u00e1jdete v ka\u017edom \u0161t\u00fdle, ve\u013ekosti, tvare aj farbe, ale&#8230; ako si vybra\u0165 ten najlep\u0161\u00ed? Pozrite sa s nami, ak\u00e9 vymo\u017eenosti v\u00e1m m\u00f4\u017ee tak\u00fd st\u00f4l pon\u00faknu\u0165.[\/vc_column_text][vc_single_image image=&#8221;151176&#8243; img_size=&#8221;large&#8221; add_caption=&#8221;yes&#8221; alignment=&#8221;center&#8221; style=&#8221;vc_box_rounded&#8221; onclick=&#8221;custom_link&#8221; img_link_target=&#8221;_blank&#8221; link=&#8221;https:\/\/www.ikuchyne.sk\/eshop\/produkt\/konferencny-stolik-makassar-function-110cm\/&#8221;][vc_column_text]<a href=\"https:\/\/www.ikuchyne.sk\/eshop\/kategoria\/stoly\/konferencne-stoliky\/\"><span style=\"color: #e3245e;\">Konferen\u010dn\u00e9 stol\u00edky<\/span><\/a> s\u00fa d\u00f4le\u017eitou s\u00fa\u010das\u0165ou ka\u017ed\u00e9ho priestoru, v ktorom sa \u017eije. <strong>Vedia by\u0165 ve\u013emi u\u017eito\u010dn\u00e9 a pri spr\u00e1vnom v\u00fdbere dod\u00e1vaj\u00fa interi\u00e9ru na kr\u00e1se i origin\u00e1lnosti.<\/strong> O to viac, ak zvol\u00edte praktick\u00fd k\u00fasok, ktor\u00fd bude nielen stol\u00edkom, ale, napr\u00edklad, aj poli\u010dkou, reg\u00e1lom, \u010di <a href=\"https:\/\/www.ikuchyne.sk\/eshop\/kategoria\/taburetky\/\"><span style=\"color: #e3245e;\">taburetkou<\/span><\/a>.[\/vc_column_text][vc_message message_box_color=&#8221;alert-success&#8221; icon_fontawesome=&#8221;&#8221;]<b>VEDELI STE, \u017dE: <\/b>Po spr\u00e1vnosti (a z anglick\u00e9ho prekladu) by mali by\u0165 konferen\u010dn\u00e9 stol\u00edky vlastne mohutn\u00e9 <a href=\"https:\/\/www.ikuchyne.sk\/eshop\/kategoria\/stoly\/\"><span style=\"color: #e3245e;\">stoly<\/span><\/a>, za ktor\u00e9 sa zmest\u00ed v\u00e4\u010d\u0161ia skupina \u013eud\u00ed, aby mohla spolo\u010dne diskutova\u0165? V na\u0161ich podmienkach sa v\u0161ak pojmom \u201ckonferen\u010dn\u00fd stol\u00edk\u201d ozna\u010duje sk\u00f4r men\u0161\u00ed kus n\u00e1bytku, vhodn\u00fd, predov\u0161etk\u00fdm, do ob\u00fdva\u010dky k telev\u00edzoru. Posl\u00fa\u017ei v\u00e1m na drobn\u00e9 pohostenie va\u0161ej n\u00e1v\u0161tevy, pohotovostn\u00e9 odlo\u017eenie nov\u00edn, k\u013e\u00fa\u010dov, n\u00e1pojov, \u010di po\u010d\u00edta\u010d.[\/vc_message][\/vc_column][\/vc_row][vc_row][vc_column][vc_column_text]<\/p>\n<h2><span style=\"color: #e3245e;\"><b>\u010co zv\u00e1\u017ei\u0165 pri v\u00fdbere konferen\u010dn\u00e9ho stol\u00edka<br \/>\n<\/b><\/span><\/h2>\n<p>Prv, ne\u017e sa pust\u00edte do rozsiahleho prieskumu v\u0161etk\u00fdch dostupn\u00fdch v\u00fdrobcov n\u00e1bytku, mali by ste sa zhlboka nad\u00fdchnu\u0165 a ujasni\u0165 si nieko\u013eko z\u00e1kladn\u00fdch parametrov:<\/p>\n<ol>\n<li><strong>funkcia<\/strong> &#8211; ak u\u017e m\u00e1te predstavu, na \u010do v\u00e1\u0161 stol\u00edk pou\u017eijete a kde ho umiestnite, budete ma\u0165 na \u010dom stava\u0165. Je dobr\u00e9 dopredu si zv\u00e1\u017ei\u0165, \u010di sa v\u00e1m do interi\u00e9ru hod\u00ed nie\u010do minimalistick\u00e9 na odkladanie \u010dasopisov, \u010di r\u00f4znych drobnost\u00ed, alebo sa v\u00e1m sk\u00f4r z\u00edde stol\u00edk s multifunk\u010dnej\u0161\u00edm vyu\u017eit\u00edm.<\/li>\n<li><strong>rozmery<\/strong> &#8211; v z\u00e1vislosti od miesta umiestnenia stol\u00edka by ste mali zv\u00e1\u017ei\u0165 aj jeho ve\u013ekos\u0165. H\u013ead\u00e1te mal\u00fd a skladn\u00fd n\u00e1bytok, alebo sk\u00f4r nie\u010do robustnej\u0161ie, \u010do v\u00e1m posl\u00fa\u017ei aj na pohostenie v\u00e4\u010d\u0161ej skupinky va\u0161ich priate\u013eov?<\/li>\n<li><strong>farba<\/strong> &#8211; konferen\u010dn\u00e9 a pr\u00edru\u010dn\u00e9 stol\u00edky s\u00fa dostupn\u00e9 v rozli\u010dn\u00fdch farebn\u00fdch prevedeniach. Od pr\u00edrodn\u00fdch odtie\u0148ov dreva, cez neutr\u00e1lne biele a \u010dierne povrchov\u00e9 \u00fapravy, a\u017e po orient\u00e1lne zlat\u00e9, meden\u00e9, \u010di strieborn\u00e9 stoly.<\/li>\n<li><strong>tvar<\/strong> &#8211; preferujete obl\u00e9 tvary stol\u00edkov, alebo sa v\u00e1m do bytu hodia sk\u00f4r hranat\u00e9 k\u00fasky? Ak v\u00e1m po dom\u00e1cnosti pobehuj\u00fa \u017eiv\u00e9, zvedav\u00e9 ratolesti, zamyslite sa nad v\u00fdberom tvaru konferen\u010dn\u00e9ho stol\u00edka dvakr\u00e1t. Pre\u010d\u00edtajte si aj n\u00e1\u0161 \u010dl\u00e1nok <a href=\"https:\/\/www.ikuchyne.sk\/eshop\/ako-vybrat-konferencny-stolik-s-ohladom-na-bezpecie-deti\/\"><span style=\"color: #e3245e;\">Ako vybra\u0165 konferen\u010dn\u00fd stol\u00edk s oh\u013eadom na bezpe\u010dnos\u0165 det\u00ed<\/span><\/a>.<\/li>\n<li><strong>materi\u00e1l<\/strong> &#8211; na trhu n\u00e1jdete <a href=\"https:\/\/www.ikuchyne.sk\/eshop\/kategoria\/drevene-konferencne-stoliky\/\"><span style=\"color: #e3245e;\">dreven\u00e9 stol\u00edky<\/span><\/a>, <a href=\"https:\/\/www.ikuchyne.sk\/eshop\/kategoria\/sklenene-konferencne-stoliky\/\"><span style=\"color: #e3245e;\">sklenen\u00e9 stol\u00edky<\/span><\/a>, kovov\u00e9 stol\u00edky,&#8230; ale m\u00f4\u017eu v\u00e1s oslovi\u0165 aj v najr\u00f4znej\u0161\u00edch kombin\u00e1ci\u00e1ch materi\u00e1lov, preto v\u00fdber rozhodne nepodce\u0148te.<span style=\"color: #000000;\"><span style=\"font-weight: 400;\"><br \/>\n<\/span><\/span><\/li>\n<\/ol>\n<p>[\/vc_column_text][vc_single_image image=&#8221;151178&#8243; img_size=&#8221;large&#8221; add_caption=&#8221;yes&#8221; alignment=&#8221;center&#8221; style=&#8221;vc_box_rounded&#8221; onclick=&#8221;custom_link&#8221; img_link_target=&#8221;_blank&#8221; link=&#8221;https:\/\/www.ikuchyne.sk\/eshop\/produkt\/konferencny-stolik-art-deco-3-strieborna\/&#8221;][vc_message icon_fontawesome=&#8221;&#8221;]<b>Rada odborn\u00edka:\u00a0<\/b>Konferen\u010dn\u00fd stol\u00edk <strong>nemus\u00ed za ka\u017ed\u00fa cenu \u201cladi\u0165\u201d s ostatn\u00fdm zariadenim va\u0161ej dom\u00e1cnosti. <\/strong>Pr\u00e1ve naopak! Vo\u013ebou zauj\u00edmav\u00e9ho k\u00fasku dok\u00e1\u017eete vyk\u00fazli\u0165 jedine\u010dn\u00fd kontrast, ktor\u00fd prid\u00e1 v\u00e1\u0161mu domovu na origin\u00e1lnosti. Ak vyberiete spr\u00e1vne doplnky, m\u00e1te vyhrat\u00e9. <a href=\"https:\/\/www.ikuchyne.sk\/eshop\/naucime-vas-dekorovat-vas-konferencny-stolik\/\"><span style=\"color: #e3245e;\">Nau\u010dte sa dekorova\u0165 v\u00e1\u0161 konferen\u010dn\u00fd stol\u00edk<\/span><\/a> a m\u00f4\u017eete sa te\u0161i\u0165 na pritiahnut\u00e9 poh\u013eady.[\/vc_message][\/vc_column][\/vc_row][vc_row][vc_column][vc_column_text]<\/p>\n<h2><span style=\"color: #e3245e;\"><b>Konferen\u010dn\u00e9 stol\u00edky a ich ve\u013ekos\u0165<\/b><\/span><\/h2>\n<p>Pri v\u00fdbere konferen\u010dn\u00e9ho stol\u00edka by ste sa hne\u010f v \u00favode mali <strong>zamyslie\u0165 nad t\u00fdm, kde ho umiestnite.<\/strong> Ak v dom\u00e1cnosti disponujete dostatkom metrov \u0161tvorcov\u00fdch, va\u0161e mo\u017enosti\u00a0 vo\u013eby ide\u00e1lneho stol\u00edka s\u00fa otvoren\u00e9 a vy sa m\u00f4\u017eete rozhodova\u0165, ktor\u00fd materi\u00e1l lahod\u00ed najviac v\u00e1\u0161mu oku, \u010di rozpo\u010dtu. Ak v\u0161ak m\u00e1te obmedzen\u00e9 priestorov\u00e9 mo\u017enosti, v\u00fdber stol\u00edka m\u00f4\u017ee by\u0165 tak tro\u0161ku v\u00fdzva.<\/p>\n<p>Na\u0161\u0165astie, s\u00fa\u010dasn\u00ed n\u00e1bytkov\u00ed dizajn\u00e9ri myslia aj na t\u00fdch, ktor\u00ed potrebuj\u00fa <strong>vyu\u017ei\u0165 ka\u017ed\u00fd centimeter v dom\u00e1cnosti<\/strong>. Ich rie\u0161enia \u010dastokr\u00e1t udivuj\u00fa nielen svojim rafinovan\u00fdm vzh\u013eadom, ale, najm\u00e4, multifunk\u010dn\u00fdm vyu\u017eit\u00edm.[\/vc_column_text][vc_single_image image=&#8221;151179&#8243; img_size=&#8221;large&#8221; add_caption=&#8221;yes&#8221; alignment=&#8221;center&#8221; style=&#8221;vc_box_rounded&#8221; onclick=&#8221;custom_link&#8221; img_link_target=&#8221;_blank&#8221; link=&#8221;https:\/\/www.ikuchyne.sk\/eshop\/produkt\/konferencny-stolik-root-40cm-teakove-drevo\/&#8221;][vc_column_text]<\/p>\n<h2><span style=\"color: #e3245e;\"><b>Stol\u00edk alebo poli\u010dka&#8230; \u010co tak oboje?<br \/>\n<\/b><\/span><\/h2>\n<p><span style=\"color: #000000;\"><span style=\"font-weight: 400;\">Pr\u00e1ve pre men\u0161ie interi\u00e9ry existuj\u00fa <strong>\u0161pi\u010dkov\u00e9 rie\u0161enia,<\/strong> na ktor\u00e9 by ste e\u0161te pred p\u00e1r rokmi mo\u017eno ani nepomysleli. A pritom je to tak\u00e9 jednoduch\u00e9! Stol\u00edk, predsa m\u00f4\u017ee by\u0165 stol\u00edkom a z\u00e1rove\u0148 ma\u0165 to\u013eko \u010fal\u0161\u00edch vyu\u017eit\u00ed&#8230; <\/span><\/span>[\/vc_column_text][\/vc_column][\/vc_row][vc_row][vc_column width=&#8221;1\/2&#8243;][vc_single_image image=&#8221;151180&#8243; img_size=&#8221;large&#8221; add_caption=&#8221;yes&#8221; alignment=&#8221;center&#8221; style=&#8221;vc_box_rounded&#8221; onclick=&#8221;custom_link&#8221; img_link_target=&#8221;_blank&#8221; link=&#8221;https:\/\/www.ikuchyne.sk\/eshop\/produkt\/konferencny-stolik-s-60cm-mango-prirodny\/&#8221;][\/vc_column][vc_column width=&#8221;1\/2&#8243;][vc_single_image image=&#8221;151181&#8243; img_size=&#8221;large&#8221; add_caption=&#8221;yes&#8221; alignment=&#8221;center&#8221; style=&#8221;vc_box_rounded&#8221; onclick=&#8221;custom_link&#8221; img_link_target=&#8221;_blank&#8221; link=&#8221;https:\/\/www.ikuchyne.sk\/eshop\/produkt\/konferencny-stolik-s-60cm-mango-prirodny\/&#8221;][\/vc_column][\/vc_row][vc_row][vc_column][vc_single_image image=&#8221;151182&#8243; img_size=&#8221;large&#8221; add_caption=&#8221;yes&#8221; alignment=&#8221;center&#8221; style=&#8221;vc_box_rounded&#8221; onclick=&#8221;custom_link&#8221; img_link_target=&#8221;_blank&#8221; link=&#8221;https:\/\/www.ikuchyne.sk\/eshop\/produkt\/konferencny-stolik-makassar-43cm-mango\/&#8221;][vc_column_text]<\/p>\n<h2><span style=\"color: #e3245e;\"><b>Z\u00edskajte \u00falo\u017en\u00fd priestor navy\u0161e<br \/>\n<\/b><\/span><\/h2>\n<p>Po n\u00e1bytku, ktor\u00fd disponuje extra \u00falo\u017en\u00fdm priestorom, je dnes ve\u013ek\u00fd dopyt. Mno\u017estvo vec\u00ed, ktor\u00e9 potrebujeme, treba aj niekde uskladni\u0165, a to ide\u00e1lne tak, aby boli \u010do najviac po ruke. <strong>Konferen\u010dn\u00fd stol\u00edk s dut\u00fdm vn\u00fatrom<\/strong> je na tieto \u00fa\u010dely perfektn\u00fd. Skryjete do\u0148 deky, vank\u00fa\u0161e, \u010di najrozli\u010dnej\u0161ie mali\u010dkosti.[\/vc_column_text][\/vc_column][\/vc_row][vc_row][vc_column width=&#8221;1\/2&#8243;][vc_single_image image=&#8221;151183&#8243; img_size=&#8221;large&#8221; add_caption=&#8221;yes&#8221; alignment=&#8221;center&#8221; style=&#8221;vc_box_rounded&#8221; onclick=&#8221;custom_link&#8221; img_link_target=&#8221;_blank&#8221; link=&#8221;https:\/\/www.ikuchyne.sk\/eshop\/produkt\/bielz-konferencny-stolik-jakarta-70cm\/&#8221;][\/vc_column][vc_column width=&#8221;1\/2&#8243;][vc_single_image image=&#8221;151184&#8243; img_size=&#8221;large&#8221; add_caption=&#8221;yes&#8221; alignment=&#8221;center&#8221; style=&#8221;vc_box_rounded&#8221; onclick=&#8221;custom_link&#8221; img_link_target=&#8221;_blank&#8221; link=&#8221;https:\/\/www.ikuchyne.sk\/eshop\/produkt\/bielz-konferencny-stolik-jakarta-70cm\/&#8221;][\/vc_column][\/vc_row][vc_row][vc_column][vc_column_text]Pre n\u00e1ro\u010dnej\u0161\u00edch konzumentov a fajn\u0161mekrov s\u00fa tu tie\u017e stol\u00edky, do ktor\u00fdch je mo\u017en\u00e9 ukry\u0165 aj vz\u00e1cnosti in\u00e9ho rangu. Niektor\u00e9 konferen\u010dn\u00e9 stoly <strong>sa p\u00fd\u0161ia \u0161peci\u00e1lnym roz\u010dlenen\u00edm vn\u00fatorn\u00e9ho priestoru,<\/strong> v\u010faka \u010domu sa nemus\u00edte b\u00e1\u0165 odlo\u017ei\u0165 si do ich \u00fatrob ani f\u013ea\u0161u, \u010di krehk\u00e9 poh\u00e1re pre n\u00e1v\u0161tevy. Ma\u0165 komplet bar rovno pri pohovke, to je u\u017e nie\u010do![\/vc_column_text][\/vc_column][\/vc_row][vc_row][vc_column width=&#8221;1\/2&#8243;][vc_single_image image=&#8221;151186&#8243; img_size=&#8221;large&#8221; add_caption=&#8221;yes&#8221; alignment=&#8221;center&#8221; style=&#8221;vc_box_rounded&#8221; onclick=&#8221;custom_link&#8221; img_link_target=&#8221;_blank&#8221; link=&#8221;https:\/\/www.ikuchyne.sk\/eshop\/produkt\/konferencny-stolik-bodega-100cm\/&#8221;][\/vc_column][vc_column width=&#8221;1\/2&#8243;][vc_single_image image=&#8221;151187&#8243; img_size=&#8221;large&#8221; add_caption=&#8221;yes&#8221; alignment=&#8221;center&#8221; style=&#8221;vc_box_rounded&#8221; onclick=&#8221;custom_link&#8221; img_link_target=&#8221;_blank&#8221; link=&#8221;https:\/\/www.ikuchyne.sk\/eshop\/produkt\/konferencny-stolik-bodega-100cm\/&#8221;][\/vc_column][\/vc_row][vc_row][vc_column][vc_column_text]<\/p>\n<h2><span style=\"color: #e3245e;\"><b>Konferen\u010dn\u00e9 stol\u00edky v sete na ka\u017ed\u00fa pr\u00edle\u017eitos\u0165<br \/>\n<\/b><\/span><\/h2>\n<p>Ak si nie ste ist\u00ed, ak\u00fd ve\u013ek\u00fd st\u00f4l potrebujete, univerz\u00e1lne rie\u0161enie pon\u00fakaj\u00fa s\u00fapravy 2-, \u010di 3-konferen\u010dn\u00fdch stol\u00edkov, ktor\u00e9 ocen\u00edte pri r\u00f4znych pr\u00edle\u017eitostiach. <strong>V\u010faka praktick\u00e9mu dizajnu ich hravo zasuniete jeden pod druh\u00fd, <\/strong>a tak v\u00e1m u\u0161etria nielen miesto, ale aj nervy pri s\u0165ahovan\u00ed n\u00e1bytku z izby do izby.[\/vc_column_text][vc_single_image image=&#8221;151189&#8243; img_size=&#8221;large&#8221; add_caption=&#8221;yes&#8221; alignment=&#8221;center&#8221; style=&#8221;vc_box_rounded&#8221; onclick=&#8221;custom_link&#8221; img_link_target=&#8221;_blank&#8221; link=&#8221;https:\/\/www.ikuchyne.sk\/eshop\/produkt\/konferencny-stolik-ghost-set-3ks-sklo\/&#8221;][vc_single_image image=&#8221;151191&#8243; img_size=&#8221;large&#8221; add_caption=&#8221;yes&#8221; alignment=&#8221;center&#8221; style=&#8221;vc_box_rounded&#8221; onclick=&#8221;custom_link&#8221; img_link_target=&#8221;_blank&#8221; link=&#8221;https:\/\/www.ikuchyne.sk\/eshop\/produkt\/konferencny-stolik-abstract-set-2ks\/&#8221;][\/vc_column][\/vc_row][vc_row][vc_column][vc_column_text]<\/p>\n<h2><span style=\"color: #e3245e;\"><b>Ke\u010f ide dizajn s praktickos\u0165ou ruka v ruke<br \/>\n<\/b><\/span><\/h2>\n<p>\u0160ikovn\u00e9 n\u00e1pady vl\u00e1dnu svetom, a inak to nie je ani v oblasti interi\u00e9rov\u00e9ho dizajnu. Stol\u00edky, ktor\u00e9 prin\u00e1\u0161aj\u00fa do dom\u00e1cnosti \u201cslu\u017ebi\u010dku navy\u0161e\u201d <strong>si v\u00e1s z\u00edskaj\u00fa hne\u010f na prv\u00fd poh\u013ead<\/strong>. Ve\u010f uznajte sami, nepote\u0161ili by v\u00e1s pri polud\u0148aj\u0161ej k\u00e1vi\u010dke noviny po ruke, alebo tak\u00fd odn\u00edmate\u013en\u00fd podnos, v\u010faka ktor\u00e9mu vy\u010dar\u00edte \u00fasmev na tv\u00e1ri svojej pracovne vy\u0165a\u017eenej polovi\u010dke?[\/vc_column_text][\/vc_column][\/vc_row][vc_row][vc_column width=&#8221;1\/2&#8243;][vc_single_image image=&#8221;151192&#8243; img_size=&#8221;large&#8221; add_caption=&#8221;yes&#8221; alignment=&#8221;center&#8221; style=&#8221;vc_box_rounded&#8221; onclick=&#8221;custom_link&#8221; img_link_target=&#8221;_blank&#8221; link=&#8221;https:\/\/www.ikuchyne.sk\/eshop\/produkt\/konferencny-stolik-scandinavia-2-stolik-podnoss-biela\/&#8221;][\/vc_column][vc_column width=&#8221;1\/2&#8243;][vc_single_image image=&#8221;151193&#8243; img_size=&#8221;large&#8221; add_caption=&#8221;yes&#8221; alignment=&#8221;center&#8221; style=&#8221;vc_box_rounded&#8221; onclick=&#8221;custom_link&#8221; img_link_target=&#8221;_blank&#8221; link=&#8221;https:\/\/www.ikuchyne.sk\/eshop\/produkt\/konferencny-stolik-scandinavia-2-stolik-podnoss-biela\/&#8221;][\/vc_column][\/vc_row][vc_row][vc_column][vc_message icon_fontawesome=&#8221;&#8221;]<b>TIP NA Z\u00c1VER:\u00a0<\/b>Ak v\u00e1m padli do oka niektor\u00e9 tipy stolov, no neviete si celkom predstavi\u0165, ako m\u00f4\u017eu \u201czapadn\u00fa\u0165\u201d do re\u00e1lneho interi\u00e9ru, pozrite si tie\u017e \u010dl\u00e1nok <a href=\"https:\/\/www.ikuchyne.sk\/eshop\/konferencne-stoly-v-nasich-realizaciach\/\"><span style=\"color: #e3245e;\">Konferen\u010dn\u00e9 stoly v na\u0161ich realiz\u00e1ci\u00e1ch<\/span><\/a>, kde n\u00e1jdete mno\u017estvo zauj\u00edmav\u00fdch in\u0161pir\u00e1ci\u00ed. Pestr\u00fa \u0161k\u00e1lu stol\u00edkov najr\u00f4znej\u0161\u00edch ve\u013ekost\u00ed, tvarov, farieb a materi\u00e1lov n\u00e1jdete aj na na\u0161om <a href=\"https:\/\/www.ikuchyne.sk\/eshop\/\"><span style=\"color: #e3245e;\">eshope<\/span><\/a>.[\/vc_message][\/vc_column][\/vc_row]<\/p>\n","protected":false},"excerpt":{"rendered":"<p>[vc_row][vc_column][vc_column_text]H\u013ead\u00e1te n\u00e1bytok, ktor\u00fd by bol praktick\u00fd a z\u00e1rove\u0148 v\u00e1s dobre reprezentoval pred ka\u017edou n\u00e1v\u0161tevou? Konferen\u010dn\u00e9 stol\u00edky s\u00fa nie\u010d\u00edm, \u010do nesmie v dom\u00e1cnosti ch\u00fdba\u0165. Na trhu ich n\u00e1jdete v ka\u017edom \u0161t\u00fdle,<\/p>\n","protected":false},"author":553,"featured_media":151177,"comment_status":"closed","ping_status":"open","sticky":false,"template":"","format":"standard","meta":{"footnotes":""},"categories":[1008,1010,1012,1129],"tags":[],"yoast_head":"<!-- This site is optimized with the Yoast SEO plugin v22.1 - https:\/\/yoast.com\/wordpress\/plugins\/seo\/ -->\n<title>\u0160t\u00fdlov\u00e9 a praktick\u00e9 konferen\u010dn\u00e9 stol\u00edky &#187; iKuchyne iSHOP s n\u00e1bytkom<\/title>\n<meta name=\"description\" content=\"Konferen\u010dn\u00e9 stol\u00edky s\u00fa nie\u010d\u00edm, \u010do nesmie v dom\u00e1cnosti ch\u00fdba\u0165. S\u00fa v r\u00f4znom \u0161t\u00fdle, ve\u013ekosti, tvare aj farbe, ale... ako vybra\u0165 ten najlep\u0161\u00ed?\" \/>\n<meta name=\"robots\" content=\"index, follow, max-snippet:-1, max-image-preview:large, max-video-preview:-1\" \/>\n<link rel=\"canonical\" href=\"https:\/\/www.ikuchyne.sk\/eshop\/konferencne-stoliky-ktore-vas-dostanu-svojou-univerzalnostou\/\" \/>\n<meta property=\"og:locale\" content=\"sk_SK\" \/>\n<meta property=\"og:type\" content=\"article\" \/>\n<meta property=\"og:title\" content=\"\u0160t\u00fdlov\u00e9 a praktick\u00e9 konferen\u010dn\u00e9 stol\u00edky &#187; iKuchyne iSHOP s n\u00e1bytkom\" \/>\n<meta property=\"og:description\" content=\"Konferen\u010dn\u00e9 stol\u00edky s\u00fa nie\u010d\u00edm, \u010do nesmie v dom\u00e1cnosti ch\u00fdba\u0165. S\u00fa v r\u00f4znom \u0161t\u00fdle, ve\u013ekosti, tvare aj farbe, ale... ako vybra\u0165 ten najlep\u0161\u00ed?\" \/>\n<meta property=\"og:url\" content=\"https:\/\/www.ikuchyne.sk\/eshop\/konferencne-stoliky-ktore-vas-dostanu-svojou-univerzalnostou\/\" \/>\n<meta property=\"og:site_name\" content=\"iKuchyne iSHOP s n\u00e1bytkom\" \/>\n<meta property=\"article:publisher\" content=\"https:\/\/www.facebook.com\/ikuchyne\/\" \/>\n<meta property=\"article:published_time\" content=\"2021-04-27T10:38:31+00:00\" \/>\n<meta property=\"article:modified_time\" content=\"2021-04-27T11:38:15+00:00\" \/>\n<meta property=\"og:image\" content=\"https:\/\/www.ikuchyne.sk\/eshop\/wp-content\/uploads\/2021\/04\/2-15.jpg\" \/>\n\t<meta property=\"og:image:width\" content=\"800\" \/>\n\t<meta property=\"og:image:height\" content=\"533\" \/>\n\t<meta property=\"og:image:type\" content=\"image\/jpeg\" \/>\n<meta name=\"author\" content=\"Michaela Domanov\u00e1\" \/>\n<meta name=\"twitter:card\" content=\"summary_large_image\" \/>\n<meta name=\"twitter:label1\" content=\"Autor\" \/>\n\t<meta name=\"twitter:data1\" content=\"Michaela Domanov\u00e1\" \/>\n\t<meta name=\"twitter:label2\" content=\"Predpokladan\u00fd \u010das \u010d\u00edtania\" \/>\n\t<meta name=\"twitter:data2\" content=\"5 min\u00fat\" \/>\n<script type=\"application\/ld+json\" class=\"yoast-schema-graph\">{\"@context\":\"https:\/\/schema.org\",\"@graph\":[{\"@type\":\"Article\",\"@id\":\"https:\/\/www.ikuchyne.sk\/eshop\/konferencne-stoliky-ktore-vas-dostanu-svojou-univerzalnostou\/#article\",\"isPartOf\":{\"@id\":\"https:\/\/www.ikuchyne.sk\/eshop\/konferencne-stoliky-ktore-vas-dostanu-svojou-univerzalnostou\/\"},\"author\":{\"name\":\"Michaela Domanov\u00e1\",\"@id\":\"https:\/\/www.ikuchyne.sk\/eshop\/#\/schema\/person\/72a8bd98eb5bc0d02ae901330ab30da7\"},\"headline\":\"Konferen\u010dn\u00e9 stol\u00edky, ktor\u00e9 v\u00e1s dostan\u00fa svojou univerz\u00e1lnos\u0165ou\",\"datePublished\":\"2021-04-27T10:38:31+00:00\",\"dateModified\":\"2021-04-27T11:38:15+00:00\",\"mainEntityOfPage\":{\"@id\":\"https:\/\/www.ikuchyne.sk\/eshop\/konferencne-stoliky-ktore-vas-dostanu-svojou-univerzalnostou\/\"},\"wordCount\":1837,\"publisher\":{\"@id\":\"https:\/\/www.ikuchyne.sk\/eshop\/#organization\"},\"articleSection\":[\"IN\u0160PIR\u00c1CIE\",\"N\u00c1BYTOK\",\"Ob\u00fdva\u010dky\",\"Produkty v realiz\u00e1ciach\"],\"inLanguage\":\"sk-SK\"},{\"@type\":\"WebPage\",\"@id\":\"https:\/\/www.ikuchyne.sk\/eshop\/konferencne-stoliky-ktore-vas-dostanu-svojou-univerzalnostou\/\",\"url\":\"https:\/\/www.ikuchyne.sk\/eshop\/konferencne-stoliky-ktore-vas-dostanu-svojou-univerzalnostou\/\",\"name\":\"\u0160t\u00fdlov\u00e9 a praktick\u00e9 konferen\u010dn\u00e9 stol\u00edky &#187; iKuchyne iSHOP s n\u00e1bytkom\",\"isPartOf\":{\"@id\":\"https:\/\/www.ikuchyne.sk\/eshop\/#website\"},\"datePublished\":\"2021-04-27T10:38:31+00:00\",\"dateModified\":\"2021-04-27T11:38:15+00:00\",\"description\":\"Konferen\u010dn\u00e9 stol\u00edky s\u00fa nie\u010d\u00edm, \u010do nesmie v dom\u00e1cnosti ch\u00fdba\u0165. S\u00fa v r\u00f4znom \u0161t\u00fdle, ve\u013ekosti, tvare aj farbe, ale... ako vybra\u0165 ten najlep\u0161\u00ed?\",\"breadcrumb\":{\"@id\":\"https:\/\/www.ikuchyne.sk\/eshop\/konferencne-stoliky-ktore-vas-dostanu-svojou-univerzalnostou\/#breadcrumb\"},\"inLanguage\":\"sk-SK\",\"potentialAction\":[{\"@type\":\"ReadAction\",\"target\":[\"https:\/\/www.ikuchyne.sk\/eshop\/konferencne-stoliky-ktore-vas-dostanu-svojou-univerzalnostou\/\"]}]},{\"@type\":\"BreadcrumbList\",\"@id\":\"https:\/\/www.ikuchyne.sk\/eshop\/konferencne-stoliky-ktore-vas-dostanu-svojou-univerzalnostou\/#breadcrumb\",\"itemListElement\":[{\"@type\":\"ListItem\",\"position\":1,\"name\":\"Home\",\"item\":\"https:\/\/www.ikuchyne.sk\/eshop\/\"},{\"@type\":\"ListItem\",\"position\":2,\"name\":\"Konferen\u010dn\u00e9 stol\u00edky, ktor\u00e9 v\u00e1s dostan\u00fa svojou univerz\u00e1lnos\u0165ou\"}]},{\"@type\":\"WebSite\",\"@id\":\"https:\/\/www.ikuchyne.sk\/eshop\/#website\",\"url\":\"https:\/\/www.ikuchyne.sk\/eshop\/\",\"name\":\"iKuchyne iSHOP s n\u00e1bytkom\",\"description\":\"Jed\u00e1lensk\u00e9 stoly, stoli\u010dky, n\u00e1bytok, svietidl\u00e1...\",\"publisher\":{\"@id\":\"https:\/\/www.ikuchyne.sk\/eshop\/#organization\"},\"potentialAction\":[{\"@type\":\"SearchAction\",\"target\":{\"@type\":\"EntryPoint\",\"urlTemplate\":\"https:\/\/www.ikuchyne.sk\/eshop\/?s={search_term_string}\"},\"query-input\":\"required name=search_term_string\"}],\"inLanguage\":\"sk-SK\"},{\"@type\":\"Organization\",\"@id\":\"https:\/\/www.ikuchyne.sk\/eshop\/#organization\",\"name\":\"ikuchyne!\",\"url\":\"https:\/\/www.ikuchyne.sk\/eshop\/\",\"logo\":{\"@type\":\"ImageObject\",\"inLanguage\":\"sk-SK\",\"@id\":\"https:\/\/www.ikuchyne.sk\/eshop\/#\/schema\/logo\/image\/\",\"url\":\"https:\/\/www.ikuchyne.sk\/eshop\/wp-content\/uploads\/2017\/04\/ikuchyne-logo.jpg\",\"contentUrl\":\"https:\/\/www.ikuchyne.sk\/eshop\/wp-content\/uploads\/2017\/04\/ikuchyne-logo.jpg\",\"width\":200,\"height\":48,\"caption\":\"ikuchyne!\"},\"image\":{\"@id\":\"https:\/\/www.ikuchyne.sk\/eshop\/#\/schema\/logo\/image\/\"},\"sameAs\":[\"https:\/\/www.facebook.com\/ikuchyne\/\",\"https:\/\/www.instagram.com\/ikuchyne.sk\/\",\"https:\/\/sk.pinterest.com\/ikuchynesk\/\"]},{\"@type\":\"Person\",\"@id\":\"https:\/\/www.ikuchyne.sk\/eshop\/#\/schema\/person\/72a8bd98eb5bc0d02ae901330ab30da7\",\"name\":\"Michaela Domanov\u00e1\",\"image\":{\"@type\":\"ImageObject\",\"inLanguage\":\"sk-SK\",\"@id\":\"https:\/\/www.ikuchyne.sk\/eshop\/#\/schema\/person\/image\/\",\"url\":\"https:\/\/www.ikuchyne.sk\/eshop\/wp-content\/plugins\/wp-user-avatar\/deprecated\/wp-user-avatar\/images\/wpua-96x96.png\",\"contentUrl\":\"https:\/\/www.ikuchyne.sk\/eshop\/wp-content\/plugins\/wp-user-avatar\/deprecated\/wp-user-avatar\/images\/wpua-96x96.png\",\"caption\":\"Michaela Domanov\u00e1\"},\"description\":\"Michaela m\u00e1 za sebou nieko\u013eko rokov praxe v printov\u00fdch i online m\u00e9di\u00e1ch ako redaktorka a editorka. Aktu\u00e1lne je na \\\"vo\u013enej nohe\\\" a venuje sa tvorbe \u010dl\u00e1nkov, ktor\u00fdch t\u00e9my s\u00fa bl\u00edzke jej srdcu - rada p\u00ed\u0161e o kult\u00fare, umen\u00ed, interi\u00e9rovom dizajne, \u010di umeleck\u00fdch remesl\u00e1ch. Ako mami\u010dka sa tie\u017e venuje n\u00e1metom z oblasti \u017eensk\u00e9ho zdravia a sveta det\u00ed a zaober\u00e1 sa i prezent\u00e1ciou anglick\u00fdch kn\u00edh pre najmen\u0161\u00edch.\",\"url\":\"https:\/\/www.ikuchyne.sk\/eshop\/author\/michaela-domanova\/\"}]}<\/script>\n<!-- \/ Yoast SEO plugin. -->","yoast_head_json":{"title":"\u0160t\u00fdlov\u00e9 a praktick\u00e9 konferen\u010dn\u00e9 stol\u00edky &#187; iKuchyne iSHOP s n\u00e1bytkom","description":"Konferen\u010dn\u00e9 stol\u00edky s\u00fa nie\u010d\u00edm, \u010do nesmie v dom\u00e1cnosti ch\u00fdba\u0165. S\u00fa v r\u00f4znom \u0161t\u00fdle, ve\u013ekosti, tvare aj farbe, ale... ako vybra\u0165 ten najlep\u0161\u00ed?","robots":{"index":"index","follow":"follow","max-snippet":"max-snippet:-1","max-image-preview":"max-image-preview:large","max-video-preview":"max-video-preview:-1"},"canonical":"https:\/\/www.ikuchyne.sk\/eshop\/konferencne-stoliky-ktore-vas-dostanu-svojou-univerzalnostou\/","og_locale":"sk_SK","og_type":"article","og_title":"\u0160t\u00fdlov\u00e9 a praktick\u00e9 konferen\u010dn\u00e9 stol\u00edky &#187; iKuchyne iSHOP s n\u00e1bytkom","og_description":"Konferen\u010dn\u00e9 stol\u00edky s\u00fa nie\u010d\u00edm, \u010do nesmie v dom\u00e1cnosti ch\u00fdba\u0165. S\u00fa v r\u00f4znom \u0161t\u00fdle, ve\u013ekosti, tvare aj farbe, ale... ako vybra\u0165 ten najlep\u0161\u00ed?","og_url":"https:\/\/www.ikuchyne.sk\/eshop\/konferencne-stoliky-ktore-vas-dostanu-svojou-univerzalnostou\/","og_site_name":"iKuchyne iSHOP s n\u00e1bytkom","article_publisher":"https:\/\/www.facebook.com\/ikuchyne\/","article_published_time":"2021-04-27T10:38:31+00:00","article_modified_time":"2021-04-27T11:38:15+00:00","og_image":[{"width":800,"height":533,"url":"https:\/\/www.ikuchyne.sk\/eshop\/wp-content\/uploads\/2021\/04\/2-15.jpg","type":"image\/jpeg"}],"author":"Michaela Domanov\u00e1","twitter_card":"summary_large_image","twitter_misc":{"Autor":"Michaela Domanov\u00e1","Predpokladan\u00fd \u010das \u010d\u00edtania":"5 min\u00fat"},"schema":{"@context":"https:\/\/schema.org","@graph":[{"@type":"Article","@id":"https:\/\/www.ikuchyne.sk\/eshop\/konferencne-stoliky-ktore-vas-dostanu-svojou-univerzalnostou\/#article","isPartOf":{"@id":"https:\/\/www.ikuchyne.sk\/eshop\/konferencne-stoliky-ktore-vas-dostanu-svojou-univerzalnostou\/"},"author":{"name":"Michaela Domanov\u00e1","@id":"https:\/\/www.ikuchyne.sk\/eshop\/#\/schema\/person\/72a8bd98eb5bc0d02ae901330ab30da7"},"headline":"Konferen\u010dn\u00e9 stol\u00edky, ktor\u00e9 v\u00e1s dostan\u00fa svojou univerz\u00e1lnos\u0165ou","datePublished":"2021-04-27T10:38:31+00:00","dateModified":"2021-04-27T11:38:15+00:00","mainEntityOfPage":{"@id":"https:\/\/www.ikuchyne.sk\/eshop\/konferencne-stoliky-ktore-vas-dostanu-svojou-univerzalnostou\/"},"wordCount":1837,"publisher":{"@id":"https:\/\/www.ikuchyne.sk\/eshop\/#organization"},"articleSection":["IN\u0160PIR\u00c1CIE","N\u00c1BYTOK","Ob\u00fdva\u010dky","Produkty v realiz\u00e1ciach"],"inLanguage":"sk-SK"},{"@type":"WebPage","@id":"https:\/\/www.ikuchyne.sk\/eshop\/konferencne-stoliky-ktore-vas-dostanu-svojou-univerzalnostou\/","url":"https:\/\/www.ikuchyne.sk\/eshop\/konferencne-stoliky-ktore-vas-dostanu-svojou-univerzalnostou\/","name":"\u0160t\u00fdlov\u00e9 a praktick\u00e9 konferen\u010dn\u00e9 stol\u00edky &#187; iKuchyne iSHOP s n\u00e1bytkom","isPartOf":{"@id":"https:\/\/www.ikuchyne.sk\/eshop\/#website"},"datePublished":"2021-04-27T10:38:31+00:00","dateModified":"2021-04-27T11:38:15+00:00","description":"Konferen\u010dn\u00e9 stol\u00edky s\u00fa nie\u010d\u00edm, \u010do nesmie v dom\u00e1cnosti ch\u00fdba\u0165. S\u00fa v r\u00f4znom \u0161t\u00fdle, ve\u013ekosti, tvare aj farbe, ale... ako vybra\u0165 ten najlep\u0161\u00ed?","breadcrumb":{"@id":"https:\/\/www.ikuchyne.sk\/eshop\/konferencne-stoliky-ktore-vas-dostanu-svojou-univerzalnostou\/#breadcrumb"},"inLanguage":"sk-SK","potentialAction":[{"@type":"ReadAction","target":["https:\/\/www.ikuchyne.sk\/eshop\/konferencne-stoliky-ktore-vas-dostanu-svojou-univerzalnostou\/"]}]},{"@type":"BreadcrumbList","@id":"https:\/\/www.ikuchyne.sk\/eshop\/konferencne-stoliky-ktore-vas-dostanu-svojou-univerzalnostou\/#breadcrumb","itemListElement":[{"@type":"ListItem","position":1,"name":"Home","item":"https:\/\/www.ikuchyne.sk\/eshop\/"},{"@type":"ListItem","position":2,"name":"Konferen\u010dn\u00e9 stol\u00edky, ktor\u00e9 v\u00e1s dostan\u00fa svojou univerz\u00e1lnos\u0165ou"}]},{"@type":"WebSite","@id":"https:\/\/www.ikuchyne.sk\/eshop\/#website","url":"https:\/\/www.ikuchyne.sk\/eshop\/","name":"iKuchyne iSHOP s n\u00e1bytkom","description":"Jed\u00e1lensk\u00e9 stoly, stoli\u010dky, n\u00e1bytok, svietidl\u00e1...","publisher":{"@id":"https:\/\/www.ikuchyne.sk\/eshop\/#organization"},"potentialAction":[{"@type":"SearchAction","target":{"@type":"EntryPoint","urlTemplate":"https:\/\/www.ikuchyne.sk\/eshop\/?s={search_term_string}"},"query-input":"required name=search_term_string"}],"inLanguage":"sk-SK"},{"@type":"Organization","@id":"https:\/\/www.ikuchyne.sk\/eshop\/#organization","name":"ikuchyne!","url":"https:\/\/www.ikuchyne.sk\/eshop\/","logo":{"@type":"ImageObject","inLanguage":"sk-SK","@id":"https:\/\/www.ikuchyne.sk\/eshop\/#\/schema\/logo\/image\/","url":"https:\/\/www.ikuchyne.sk\/eshop\/wp-content\/uploads\/2017\/04\/ikuchyne-logo.jpg","contentUrl":"https:\/\/www.ikuchyne.sk\/eshop\/wp-content\/uploads\/2017\/04\/ikuchyne-logo.jpg","width":200,"height":48,"caption":"ikuchyne!"},"image":{"@id":"https:\/\/www.ikuchyne.sk\/eshop\/#\/schema\/logo\/image\/"},"sameAs":["https:\/\/www.facebook.com\/ikuchyne\/","https:\/\/www.instagram.com\/ikuchyne.sk\/","https:\/\/sk.pinterest.com\/ikuchynesk\/"]},{"@type":"Person","@id":"https:\/\/www.ikuchyne.sk\/eshop\/#\/schema\/person\/72a8bd98eb5bc0d02ae901330ab30da7","name":"Michaela Domanov\u00e1","image":{"@type":"ImageObject","inLanguage":"sk-SK","@id":"https:\/\/www.ikuchyne.sk\/eshop\/#\/schema\/person\/image\/","url":"https:\/\/www.ikuchyne.sk\/eshop\/wp-content\/plugins\/wp-user-avatar\/deprecated\/wp-user-avatar\/images\/wpua-96x96.png","contentUrl":"https:\/\/www.ikuchyne.sk\/eshop\/wp-content\/plugins\/wp-user-avatar\/deprecated\/wp-user-avatar\/images\/wpua-96x96.png","caption":"Michaela Domanov\u00e1"},"description":"Michaela m\u00e1 za sebou nieko\u013eko rokov praxe v printov\u00fdch i online m\u00e9di\u00e1ch ako redaktorka a editorka. Aktu\u00e1lne je na \"vo\u013enej nohe\" a venuje sa tvorbe \u010dl\u00e1nkov, ktor\u00fdch t\u00e9my s\u00fa bl\u00edzke jej srdcu - rada p\u00ed\u0161e o kult\u00fare, umen\u00ed, interi\u00e9rovom dizajne, \u010di umeleck\u00fdch remesl\u00e1ch. Ako mami\u010dka sa tie\u017e venuje n\u00e1metom z oblasti \u017eensk\u00e9ho zdravia a sveta det\u00ed a zaober\u00e1 sa i prezent\u00e1ciou anglick\u00fdch kn\u00edh pre najmen\u0161\u00edch.","url":"https:\/\/www.ikuchyne.sk\/eshop\/author\/michaela-domanova\/"}]}},"_links":{"self":[{"href":"https:\/\/www.ikuchyne.sk\/eshop\/wp-json\/wp\/v2\/posts\/151175"}],"collection":[{"href":"https:\/\/www.ikuchyne.sk\/eshop\/wp-json\/wp\/v2\/posts"}],"about":[{"href":"https:\/\/www.ikuchyne.sk\/eshop\/wp-json\/wp\/v2\/types\/post"}],"author":[{"embeddable":true,"href":"https:\/\/www.ikuchyne.sk\/eshop\/wp-json\/wp\/v2\/users\/553"}],"replies":[{"embeddable":true,"href":"https:\/\/www.ikuchyne.sk\/eshop\/wp-json\/wp\/v2\/comments?post=151175"}],"version-history":[{"count":4,"href":"https:\/\/www.ikuchyne.sk\/eshop\/wp-json\/wp\/v2\/posts\/151175\/revisions"}],"predecessor-version":[{"id":151200,"href":"https:\/\/www.ikuchyne.sk\/eshop\/wp-json\/wp\/v2\/posts\/151175\/revisions\/151200"}],"wp:featuredmedia":[{"embeddable":true,"href":"https:\/\/www.ikuchyne.sk\/eshop\/wp-json\/wp\/v2\/media\/151177"}],"wp:attachment":[{"href":"https:\/\/www.ikuchyne.sk\/eshop\/wp-json\/wp\/v2\/media?parent=151175"}],"wp:term":[{"taxonomy":"category","embeddable":true,"href":"https:\/\/www.ikuchyne.sk\/eshop\/wp-json\/wp\/v2\/categories?post=151175"},{"taxonomy":"post_tag","embeddable":true,"href":"https:\/\/www.ikuchyne.sk\/eshop\/wp-json\/wp\/v2\/tags?post=151175"}],"curies":[{"name":"wp","href":"https:\/\/api.w.org\/{rel}","templated":true}]}}