{"id":151702,"date":"2021-04-29T16:13:20","date_gmt":"2021-04-29T14:13:20","guid":{"rendered":"https:\/\/www.ikuchyne.sk\/eshop\/?p=151702"},"modified":"2021-04-29T16:13:20","modified_gmt":"2021-04-29T14:13:20","slug":"6-tipov-na-dizajnove-doplnky-pre-milovnikov-prirodneho-stylu","status":"publish","type":"post","link":"https:\/\/www.ikuchyne.sk\/eshop\/6-tipov-na-dizajnove-doplnky-pre-milovnikov-prirodneho-stylu\/","title":{"rendered":"6 tipov na dizajnov\u00e9 doplnky pre milovn\u00edkov pr\u00edrodn\u00e9ho \u0161t\u00fdlu"},"content":{"rendered":"<p>[vc_row][vc_column][vc_column_text]Prineste si do svojho domova <strong>dizajnov\u00e9 doplnky<\/strong> z na\u0161ej mati\u010dky zeme. Nem\u00e1me teraz na mysli iba vetvi\u010dky alebo kvety, ktor\u00e9 n\u00e1jdete po\u010das prech\u00e1dzky. Objavte bytov\u00e9 doplnky a dekor\u00e1cie, z ktor\u00fdch d\u00fdcha pr\u00edroda sama. Pozrite si na\u0161ich <strong>6 tipov na nev\u0161edn\u00e9 k\u00fasky<\/strong>, v ktor\u00fdch n\u00e1jdete spojenie pr\u00edjemn\u00e9ho s u\u017eito\u010dn\u00fdm, teda okrem kr\u00e1sneho natur\u00e1lneho dizajnu aj v\u00edtan\u00fa funk\u010dnos\u0165.[\/vc_column_text][\/vc_column][\/vc_row][vc_row][vc_column][vc_column_text]<\/p>\n<h2><span style=\"color: #e3245e;\"><b>Dizajnov\u00e9 doplnky v rustik\u00e1lnom stredomorskom n\u00e1dychu<br \/>\n<\/b><\/span><\/h2>\n<p>Tieto ozdobn\u00e9 st\u013apy z mas\u00edvneho mangov\u00e9ho dreva sa stan\u00fa skvostom ka\u017ed\u00e9ho interi\u00e9ru. Posl\u00fa\u017eia ako dekor\u00e1cia, kde kr\u00e1sne vynikn\u00fa len tak postaven\u00e9 v priestore \u010di pri stene. S\u00fa v\u0161ak aj ve\u013emi praktick\u00e9 a vyu\u017ei\u0165 ich m\u00f4\u017eete napr\u00edklad ako podstavce pre kvetin\u00e1\u010de alebo r\u00f4zne so\u0161ky a suven\u00edry z ciest, \u010di ako \u0161ikovn\u00e9 pr\u00edru\u010dn\u00e9 stol\u00edky. Nev\u0161edn\u00e9 st\u013apiky s\u00fa z <a href=\"https:\/\/www.ikuchyne.sk\/eshop\/kategoria\/serie-kategoria\/seria-makassar\/\"><strong><span style=\"color: #e3245e;\">dizajnovej s\u00e9rie n\u00e1bytku MAKASSAR<\/span><\/strong><\/a>, ktor\u00fa n\u00e1jdete v eshope iKuchyne. Vyzna\u010duje sa neutr\u00e1lnym a minimalistick\u00fdm preveden\u00edm, ako aj ru\u010dn\u00fdm opracovan\u00edm ka\u017ed\u00e9ho jedn\u00e9ho kusu n\u00e1bytku.[\/vc_column_text][vc_single_image image=&#8221;151703&#8243; img_size=&#8221;large&#8221; add_caption=&#8221;yes&#8221; alignment=&#8221;center&#8221; style=&#8221;vc_box_rounded&#8221; onclick=&#8221;custom_link&#8221; img_link_target=&#8221;_blank&#8221; link=&#8221;https:\/\/www.ikuchyne.sk\/eshop\/produkt\/dekoracne-stlpy-makassar-set-3ks-mango\/&#8221;][\/vc_column][\/vc_row][vc_row][vc_column][vc_column_text]<\/p>\n<h2><span style=\"color: #e3245e;\"><b>Lampa v pr\u00edrodnom \u0161t\u00fdle 2v1<\/b><\/span><\/h2>\n<p>T\u00e1to lampa je p\u00f4vabn\u00fdm spojen\u00edm <strong>naplaven\u00e9ho dreva, mas\u00edvu a pl\u00e1tna<\/strong>. Patr\u00ed pod s\u00e9riu Naplaven\u00e9 drevo, pre ktor\u00fa je charakteristick\u00fdm znakom to, \u017ee ka\u017ed\u00fd jeden kus je jedine\u010dn\u00fd unik\u00e1t. Lampa disponuje okrem dekora\u010dnej funkcie a m\u00e4kk\u00e9ho rozpt\u00fdlen\u00e9ho svetla aj jednou \u010fal\u0161ou funkciou &#8211; <strong>stredn\u00fa \u010das\u0165 stojana obkolesuje dreven\u00e1 doska, ktor\u00e1 sl\u00fa\u017ei ako mal\u00fd odkladac\u00ed stol\u00edk<\/strong>. Postr\u00e1\u017ei v\u00e1m okuliare aj k\u00e1vi\u010dku a vy sa m\u00f4\u017eete venova\u0165 svojmu ob\u013e\u00faben\u00e9mu \u010dasopisu alebo knihe. Jednoducho ide\u00e1lny spolo\u010dn\u00edk pre pr\u00edjemne str\u00e1ven\u00e9 ve\u010dery v pohodl\u00ed domova![\/vc_column_text][vc_single_image image=&#8221;151704&#8243; img_size=&#8221;large&#8221; add_caption=&#8221;yes&#8221; alignment=&#8221;center&#8221; style=&#8221;vc_box_rounded&#8221; onclick=&#8221;custom_link&#8221; img_link_target=&#8221;_blank&#8221; link=&#8221;https:\/\/www.ikuchyne.sk\/eshop\/produkt\/stojanova-lampa-z-naplaveneho-dreva-servant-153cm\/&#8221;][vc_column_text]<\/p>\n<h2><span style=\"color: #e3245e;\"><b>Dizajnov\u00e9 doplnky v n\u00e1morn\u00edckom \u0161t\u00fdle<br \/>\n<\/b><\/span><\/h2>\n<p>Ste pripraven\u00ed vyrazi\u0165 na plavbu? Toto zrkadlo v\u00e1s prenesie do dia\u013eav, kde po\u010du\u0165 len \u010dajky a \u0161um mora. Zaveste si ho do predsiene, sp\u00e1lne \u010di k\u00fape\u013ene a dajte vynikn\u00fa\u0165 text\u00fare a farbe jeho r\u00e1mu. Ten je vytvoren\u00fd z materi\u00e1lu abaca, \u010do je vlastne ban\u00e1novn\u00edk textiln\u00fd. R\u00e1m tvoren\u00fd <strong>dvoma radmi sto\u010den\u00e9ho lana<\/strong> dop\u013a\u0148a <strong>z\u00e1vesn\u00fd syst\u00e9m z mas\u00edvu<\/strong>. V\u010faka ov\u00e1lnemu tvaru a vhodne zvolen\u00fdm rozmerom zrkadlo na stene nep\u00f4sob\u00ed mohutne, ale ani pr\u00edli\u0161 nen\u00e1padne. Jednoducho, je presne tak\u00e9, ak\u00e9 m\u00e1 by\u0165![\/vc_column_text][vc_single_image image=&#8221;151705&#8243; img_size=&#8221;large&#8221; add_caption=&#8221;yes&#8221; alignment=&#8221;center&#8221; style=&#8221;vc_box_rounded&#8221; onclick=&#8221;custom_link&#8221; img_link_target=&#8221;_blank&#8221; link=&#8221;https:\/\/www.ikuchyne.sk\/eshop\/produkt\/zrkadlo-seven-seas-56cm-tau-prirodna\/&#8221;][vc_column_text]<\/p>\n<h2><span style=\"color: #e3245e;\"><b>Origin\u00e1lne pr\u00edrodn\u00e9 misy<\/b><\/span><\/h2>\n<p>T\u00e1to miska, ktor\u00fa by sme mohli ozna\u010di\u0165 aj ako podnos, sa bude kr\u00e1sne vyn\u00edma\u0165 na kuchynskej linke aj na v\u00e4\u010d\u0161om konferen\u010dnom stol\u00edku. V\u010faka svoj\u00edm rozmerom poskytuje <strong>ve\u013ekorys\u00fd priestor pre ovocie a in\u00e9 ob\u010derstvenie<\/strong>, ktor\u00e9 do nej m\u00f4\u017eete pekne naaran\u017eova\u0165. Miska z teakov\u00e9ho mas\u00edvu je dotvoren\u00e1 praktick\u00fdm prvkom &#8211; dr\u017eiakom v hornej \u010dasti. Zauj\u00edmavou ju rob\u00ed nielen \u0161trukt\u00fara a kresba dreva, ale aj jeho nedokonalosti, ktor\u00e9 s\u00fa na ka\u017edej miske in\u00e9. Jednoducho &#8211; dokonalo nedokonal\u00e1\u2026[\/vc_column_text][vc_single_image image=&#8221;151706&#8243; img_size=&#8221;large&#8221; add_caption=&#8221;yes&#8221; alignment=&#8221;center&#8221; style=&#8221;vc_box_rounded&#8221; onclick=&#8221;custom_link&#8221; img_link_target=&#8221;_blank&#8221; link=&#8221;https:\/\/www.ikuchyne.sk\/eshop\/produkt\/drevena-miska\/&#8221;][vc_message icon_fontawesome=&#8221;&#8221;]<b>RADA ODBORN\u00cdKA:\u00a0<\/b>Misku m\u00f4\u017eete pou\u017ei\u0165 aj na ikebany z pr\u00edrodn\u00fdch materi\u00e1lov, napr\u00edklad ihli\u010dia, vetvi\u010diek, kon\u00e1rov a \u0161i\u0161iek. Doplnen\u00e9 farebn\u00fdmi prvkami sa bud\u00fa na pr\u00edrodnom dreve kr\u00e1sne vyn\u00edma\u0165. V jarnom a letnom obdob\u00ed m\u00f4\u017eete sk\u00fasi\u0165 aran\u017em\u00e1ny z rozkvitnut\u00fdch vetiev, kvetov a zelen\u00fdch listov.[\/vc_message][vc_column_text]<\/p>\n<h2><span style=\"color: #e3245e;\"><b>Taburet z viacfarebn\u00e9ho mas\u00edvu<\/b><\/span><\/h2>\n<p>Interi\u00e9ry vo vidieckom a rustik\u00e1lnom \u0161t\u00fdle kr\u00e1sne dopln\u00ed tento dreven\u00fd taburet. Je vyroben\u00fd z <strong>recyklovan\u00e9ho viacfarebn\u00e9ho mas\u00edvu<\/strong>, \u010do mu prid\u00e1va na jedine\u010dnosti. V\u0161imnite si nev\u0161edn\u00fa kombin\u00e1ciu farieb, ktor\u00e1 ale perfektne lad\u00ed do jedn\u00e9ho harmonick\u00e9ho celku. Postavte tento taburet kdeko\u013evek, kde v\u00e1m bude u\u017eito\u010dn\u00fd. Jeho kon\u0161trukcia je <strong>pevn\u00e1<\/strong> a<strong> stabiln\u00e1<\/strong>, a to aj v\u010faka \u0161tyrom noh\u00e1m, ktor\u00e9 s\u00fa v dolnej \u010dasti navz\u00e1jom prepojen\u00e9. Okrem praktickej funkcie do interi\u00e9ru zaru\u010dene prinesie v\u00edtan\u00e9 ozvl\u00e1\u0161tnenie.[\/vc_column_text][vc_single_image image=&#8221;151707&#8243; img_size=&#8221;large&#8221; add_caption=&#8221;yes&#8221; alignment=&#8221;center&#8221; style=&#8221;vc_box_rounded&#8221; onclick=&#8221;custom_link&#8221; img_link_target=&#8221;_blank&#8221; link=&#8221;https:\/\/www.ikuchyne.sk\/eshop\/produkt\/taburet-jakarta-45cm-prirodna-recyklovane-drevo\/&#8221;][\/vc_column][\/vc_row][vc_row][vc_column][vc_column_text]<\/p>\n<h2><span style=\"color: #e3245e;\"><b>Ko\u017eu\u0161inov\u00e1 ta\u0161ka na noviny<br \/>\n<\/b><\/span><\/h2>\n<p>Milujeme \u0161ikovn\u00e9 bytov\u00e9 vychyt\u00e1vky, ktor\u00e9 s\u00fa z\u00e1rove\u0148 aj \u0161t\u00fdlovou dekor\u00e1ciou. To ur\u010dite plat\u00ed aj o tomto stojane na noviny, ktor\u00fd zahviezdi kdeko\u013evek, kam ho umiestnite. Je vyroben\u00fd z pravej kozej ko\u017eu\u0161iny, dotvoren\u00fd tmav\u00fdm ko\u017een\u00fdm p\u00fatkom. Toto p\u00fatko sa d\u00e1 nastavi\u0165 na v\u00e4\u010d\u0161ie alebo men\u0161ie pod\u013ea toho, ko\u013eko nov\u00edn do ta\u0161ky ulo\u017e\u00edte a taktie\u017e ho ocen\u00edte pri pren\u00e1\u0161an\u00ed. Ka\u017ed\u00fd <strong>vyroben\u00fd stojan je unik\u00e1t<\/strong> a ka\u017ed\u00fd vyzer\u00e1 trochu inak v\u010faka pravej ko\u017eu\u0161ine. Va\u0161e noviny a \u010dasopisy e\u0161te nemali kraj\u0161ie miesto na uskladnenie![\/vc_column_text][vc_single_image image=&#8221;151708&#8243; img_size=&#8221;large&#8221; add_caption=&#8221;yes&#8221; alignment=&#8221;center&#8221; style=&#8221;vc_box_rounded&#8221; onclick=&#8221;custom_link&#8221; img_link_target=&#8221;_blank&#8221; link=&#8221;https:\/\/www.ikuchyne.sk\/eshop\/produkt\/stojan-na-noviny-hide-kozusina\/&#8221;][vc_message icon_fontawesome=&#8221;&#8221;]<b>TIP NA Z\u00c1VER:\u00a0<\/b>Prav\u00e9 zvieracie ko\u017eu\u0161iny a r\u00f4zne interi\u00e9rov\u00e9 doplnky z nich vyroben\u00e9 dodaj\u00fa interi\u00e9ru punc elegancie a nen\u00fatenej noblesy. Vysk\u00fa\u0161ajte napr\u00edklad ko\u017eu\u0161inov\u00fd prehoz na seda\u010dku. Ste ochrancami pr\u00edrody a z\u00e1stancami umel\u00fdch ko\u017eu\u0161\u00edn? \u017diadny probl\u00e9m! V s\u00fa\u010dasnosti sa toti\u017e vyr\u00e1baj\u00fa v \u0161irokej \u0161k\u00e1le dez\u00e9nov a farieb a tie\u017e pre r\u00f4zne sp\u00f4soby vyu\u017eitia. Mnoh\u00e9 z nich s\u00fa dokonca vernou k\u00f3piou pravej ko\u017eu\u0161iny, tak\u017ee sa nemus\u00edte ob\u00e1va\u0165, \u017ee by v\u00fdsledn\u00fd efekt p\u00f4sobil lacno alebo neprirodzene.[\/vc_message][\/vc_column][\/vc_row]<\/p>\n","protected":false},"excerpt":{"rendered":"<p>[vc_row][vc_column][vc_column_text]Prineste si do svojho domova dizajnov\u00e9 doplnky z na\u0161ej mati\u010dky zeme. Nem\u00e1me teraz na mysli iba vetvi\u010dky alebo kvety, ktor\u00e9 n\u00e1jdete po\u010das prech\u00e1dzky. Objavte bytov\u00e9 doplnky a dekor\u00e1cie, z ktor\u00fdch<\/p>\n","protected":false},"author":568,"featured_media":151706,"comment_status":"closed","ping_status":"open","sticky":false,"template":"","format":"standard","meta":{"footnotes":""},"categories":[1008,1129],"tags":[],"yoast_head":"<!-- This site is optimized with the Yoast SEO plugin v22.1 - https:\/\/yoast.com\/wordpress\/plugins\/seo\/ -->\n<title>6 tipov na pr\u00edrodn\u00e9 dizajnov\u00e9 doplnky &#187; iKuchyne iSHOP s n\u00e1bytkom<\/title>\n<meta name=\"description\" content=\"Prineste si do svojho domova dizajnov\u00e9 doplnky z na\u0161ej mati\u010dky zeme. Objavte bytov\u00e9 doplnky a dekor\u00e1cie, z ktor\u00fdch d\u00fdcha pr\u00edroda sama.\" \/>\n<meta name=\"robots\" content=\"index, follow, max-snippet:-1, max-image-preview:large, max-video-preview:-1\" \/>\n<link rel=\"canonical\" href=\"https:\/\/www.ikuchyne.sk\/eshop\/6-tipov-na-dizajnove-doplnky-pre-milovnikov-prirodneho-stylu\/\" \/>\n<meta property=\"og:locale\" content=\"sk_SK\" \/>\n<meta property=\"og:type\" content=\"article\" \/>\n<meta property=\"og:title\" content=\"6 tipov na pr\u00edrodn\u00e9 dizajnov\u00e9 doplnky &#187; iKuchyne iSHOP s n\u00e1bytkom\" \/>\n<meta property=\"og:description\" content=\"Prineste si do svojho domova dizajnov\u00e9 doplnky z na\u0161ej mati\u010dky zeme. Objavte bytov\u00e9 doplnky a dekor\u00e1cie, z ktor\u00fdch d\u00fdcha pr\u00edroda sama.\" \/>\n<meta property=\"og:url\" content=\"https:\/\/www.ikuchyne.sk\/eshop\/6-tipov-na-dizajnove-doplnky-pre-milovnikov-prirodneho-stylu\/\" \/>\n<meta property=\"og:site_name\" content=\"iKuchyne iSHOP s n\u00e1bytkom\" \/>\n<meta property=\"article:publisher\" content=\"https:\/\/www.facebook.com\/ikuchyne\/\" \/>\n<meta property=\"article:published_time\" content=\"2021-04-29T14:13:20+00:00\" \/>\n<meta property=\"og:image\" content=\"https:\/\/www.ikuchyne.sk\/eshop\/wp-content\/uploads\/2021\/04\/4-16.jpg\" \/>\n\t<meta property=\"og:image:width\" content=\"840\" \/>\n\t<meta property=\"og:image:height\" content=\"559\" \/>\n\t<meta property=\"og:image:type\" content=\"image\/jpeg\" \/>\n<meta name=\"author\" content=\"Adri\u00e1na Plechov\u00e1\" \/>\n<meta name=\"twitter:card\" content=\"summary_large_image\" \/>\n<meta name=\"twitter:label1\" content=\"Autor\" \/>\n\t<meta name=\"twitter:data1\" content=\"Adri\u00e1na Plechov\u00e1\" \/>\n\t<meta name=\"twitter:label2\" content=\"Predpokladan\u00fd \u010das \u010d\u00edtania\" \/>\n\t<meta name=\"twitter:data2\" content=\"4 min\u00faty\" \/>\n<script type=\"application\/ld+json\" class=\"yoast-schema-graph\">{\"@context\":\"https:\/\/schema.org\",\"@graph\":[{\"@type\":\"Article\",\"@id\":\"https:\/\/www.ikuchyne.sk\/eshop\/6-tipov-na-dizajnove-doplnky-pre-milovnikov-prirodneho-stylu\/#article\",\"isPartOf\":{\"@id\":\"https:\/\/www.ikuchyne.sk\/eshop\/6-tipov-na-dizajnove-doplnky-pre-milovnikov-prirodneho-stylu\/\"},\"author\":{\"name\":\"Adri\u00e1na Plechov\u00e1\",\"@id\":\"https:\/\/www.ikuchyne.sk\/eshop\/#\/schema\/person\/0111a626c8b4290c5241f99c6d04f463\"},\"headline\":\"6 tipov na dizajnov\u00e9 doplnky pre milovn\u00edkov pr\u00edrodn\u00e9ho \u0161t\u00fdlu\",\"datePublished\":\"2021-04-29T14:13:20+00:00\",\"dateModified\":\"2021-04-29T14:13:20+00:00\",\"mainEntityOfPage\":{\"@id\":\"https:\/\/www.ikuchyne.sk\/eshop\/6-tipov-na-dizajnove-doplnky-pre-milovnikov-prirodneho-stylu\/\"},\"wordCount\":1211,\"publisher\":{\"@id\":\"https:\/\/www.ikuchyne.sk\/eshop\/#organization\"},\"articleSection\":[\"IN\u0160PIR\u00c1CIE\",\"Produkty v realiz\u00e1ciach\"],\"inLanguage\":\"sk-SK\"},{\"@type\":\"WebPage\",\"@id\":\"https:\/\/www.ikuchyne.sk\/eshop\/6-tipov-na-dizajnove-doplnky-pre-milovnikov-prirodneho-stylu\/\",\"url\":\"https:\/\/www.ikuchyne.sk\/eshop\/6-tipov-na-dizajnove-doplnky-pre-milovnikov-prirodneho-stylu\/\",\"name\":\"6 tipov na pr\u00edrodn\u00e9 dizajnov\u00e9 doplnky &#187; iKuchyne iSHOP s n\u00e1bytkom\",\"isPartOf\":{\"@id\":\"https:\/\/www.ikuchyne.sk\/eshop\/#website\"},\"datePublished\":\"2021-04-29T14:13:20+00:00\",\"dateModified\":\"2021-04-29T14:13:20+00:00\",\"description\":\"Prineste si do svojho domova dizajnov\u00e9 doplnky z na\u0161ej mati\u010dky zeme. Objavte bytov\u00e9 doplnky a dekor\u00e1cie, z ktor\u00fdch d\u00fdcha pr\u00edroda sama.\",\"breadcrumb\":{\"@id\":\"https:\/\/www.ikuchyne.sk\/eshop\/6-tipov-na-dizajnove-doplnky-pre-milovnikov-prirodneho-stylu\/#breadcrumb\"},\"inLanguage\":\"sk-SK\",\"potentialAction\":[{\"@type\":\"ReadAction\",\"target\":[\"https:\/\/www.ikuchyne.sk\/eshop\/6-tipov-na-dizajnove-doplnky-pre-milovnikov-prirodneho-stylu\/\"]}]},{\"@type\":\"BreadcrumbList\",\"@id\":\"https:\/\/www.ikuchyne.sk\/eshop\/6-tipov-na-dizajnove-doplnky-pre-milovnikov-prirodneho-stylu\/#breadcrumb\",\"itemListElement\":[{\"@type\":\"ListItem\",\"position\":1,\"name\":\"Home\",\"item\":\"https:\/\/www.ikuchyne.sk\/eshop\/\"},{\"@type\":\"ListItem\",\"position\":2,\"name\":\"6 tipov na dizajnov\u00e9 doplnky pre milovn\u00edkov pr\u00edrodn\u00e9ho \u0161t\u00fdlu\"}]},{\"@type\":\"WebSite\",\"@id\":\"https:\/\/www.ikuchyne.sk\/eshop\/#website\",\"url\":\"https:\/\/www.ikuchyne.sk\/eshop\/\",\"name\":\"iKuchyne iSHOP s n\u00e1bytkom\",\"description\":\"Jed\u00e1lensk\u00e9 stoly, stoli\u010dky, n\u00e1bytok, svietidl\u00e1...\",\"publisher\":{\"@id\":\"https:\/\/www.ikuchyne.sk\/eshop\/#organization\"},\"potentialAction\":[{\"@type\":\"SearchAction\",\"target\":{\"@type\":\"EntryPoint\",\"urlTemplate\":\"https:\/\/www.ikuchyne.sk\/eshop\/?s={search_term_string}\"},\"query-input\":\"required name=search_term_string\"}],\"inLanguage\":\"sk-SK\"},{\"@type\":\"Organization\",\"@id\":\"https:\/\/www.ikuchyne.sk\/eshop\/#organization\",\"name\":\"ikuchyne!\",\"url\":\"https:\/\/www.ikuchyne.sk\/eshop\/\",\"logo\":{\"@type\":\"ImageObject\",\"inLanguage\":\"sk-SK\",\"@id\":\"https:\/\/www.ikuchyne.sk\/eshop\/#\/schema\/logo\/image\/\",\"url\":\"https:\/\/www.ikuchyne.sk\/eshop\/wp-content\/uploads\/2017\/04\/ikuchyne-logo.jpg\",\"contentUrl\":\"https:\/\/www.ikuchyne.sk\/eshop\/wp-content\/uploads\/2017\/04\/ikuchyne-logo.jpg\",\"width\":200,\"height\":48,\"caption\":\"ikuchyne!\"},\"image\":{\"@id\":\"https:\/\/www.ikuchyne.sk\/eshop\/#\/schema\/logo\/image\/\"},\"sameAs\":[\"https:\/\/www.facebook.com\/ikuchyne\/\",\"https:\/\/www.instagram.com\/ikuchyne.sk\/\",\"https:\/\/sk.pinterest.com\/ikuchynesk\/\"]},{\"@type\":\"Person\",\"@id\":\"https:\/\/www.ikuchyne.sk\/eshop\/#\/schema\/person\/0111a626c8b4290c5241f99c6d04f463\",\"name\":\"Adri\u00e1na Plechov\u00e1\",\"image\":{\"@type\":\"ImageObject\",\"inLanguage\":\"sk-SK\",\"@id\":\"https:\/\/www.ikuchyne.sk\/eshop\/#\/schema\/person\/image\/\",\"url\":\"https:\/\/www.ikuchyne.sk\/eshop\/wp-content\/plugins\/wp-user-avatar\/deprecated\/wp-user-avatar\/images\/wpua-96x96.png\",\"contentUrl\":\"https:\/\/www.ikuchyne.sk\/eshop\/wp-content\/plugins\/wp-user-avatar\/deprecated\/wp-user-avatar\/images\/wpua-96x96.png\",\"caption\":\"Adri\u00e1na Plechov\u00e1\"},\"description\":\"Adriana pracuje ako online market\u00e9rka, copywriterka a\u00a0redaktorka. Pri p\u00edsan\u00ed a\u00a0editovan\u00ed r\u00f4znych textov dost\u00e1va zelen\u00fa jej kreativita, ako aj\u00a0l\u00e1ska k\u00a0p\u00edsan\u00e9mu slovu a\u00a0materinsk\u00e9mu jazyku. Srdcovkou a\u00a0zdrojom in\u0161pir\u00e1cie s\u00fa pre \u0148u u\u017e od \u00fatleho detstva knihy. Ob\u013eubuje kult\u00farne podujatia, prech\u00e1dzky v pr\u00edrode a\u00a0spolo\u010dnos\u0165 \u013eud\u00ed, s\u00a0ktor\u00fdmi je na rovnakej vlnovej d\u013a\u017eke.\",\"url\":\"https:\/\/www.ikuchyne.sk\/eshop\/author\/adriana-plechova\/\"}]}<\/script>\n<!-- \/ Yoast SEO plugin. -->","yoast_head_json":{"title":"6 tipov na pr\u00edrodn\u00e9 dizajnov\u00e9 doplnky &#187; iKuchyne iSHOP s n\u00e1bytkom","description":"Prineste si do svojho domova dizajnov\u00e9 doplnky z na\u0161ej mati\u010dky zeme. Objavte bytov\u00e9 doplnky a dekor\u00e1cie, z ktor\u00fdch d\u00fdcha pr\u00edroda sama.","robots":{"index":"index","follow":"follow","max-snippet":"max-snippet:-1","max-image-preview":"max-image-preview:large","max-video-preview":"max-video-preview:-1"},"canonical":"https:\/\/www.ikuchyne.sk\/eshop\/6-tipov-na-dizajnove-doplnky-pre-milovnikov-prirodneho-stylu\/","og_locale":"sk_SK","og_type":"article","og_title":"6 tipov na pr\u00edrodn\u00e9 dizajnov\u00e9 doplnky &#187; iKuchyne iSHOP s n\u00e1bytkom","og_description":"Prineste si do svojho domova dizajnov\u00e9 doplnky z na\u0161ej mati\u010dky zeme. Objavte bytov\u00e9 doplnky a dekor\u00e1cie, z ktor\u00fdch d\u00fdcha pr\u00edroda sama.","og_url":"https:\/\/www.ikuchyne.sk\/eshop\/6-tipov-na-dizajnove-doplnky-pre-milovnikov-prirodneho-stylu\/","og_site_name":"iKuchyne iSHOP s n\u00e1bytkom","article_publisher":"https:\/\/www.facebook.com\/ikuchyne\/","article_published_time":"2021-04-29T14:13:20+00:00","og_image":[{"width":840,"height":559,"url":"https:\/\/www.ikuchyne.sk\/eshop\/wp-content\/uploads\/2021\/04\/4-16.jpg","type":"image\/jpeg"}],"author":"Adri\u00e1na Plechov\u00e1","twitter_card":"summary_large_image","twitter_misc":{"Autor":"Adri\u00e1na Plechov\u00e1","Predpokladan\u00fd \u010das \u010d\u00edtania":"4 min\u00faty"},"schema":{"@context":"https:\/\/schema.org","@graph":[{"@type":"Article","@id":"https:\/\/www.ikuchyne.sk\/eshop\/6-tipov-na-dizajnove-doplnky-pre-milovnikov-prirodneho-stylu\/#article","isPartOf":{"@id":"https:\/\/www.ikuchyne.sk\/eshop\/6-tipov-na-dizajnove-doplnky-pre-milovnikov-prirodneho-stylu\/"},"author":{"name":"Adri\u00e1na Plechov\u00e1","@id":"https:\/\/www.ikuchyne.sk\/eshop\/#\/schema\/person\/0111a626c8b4290c5241f99c6d04f463"},"headline":"6 tipov na dizajnov\u00e9 doplnky pre milovn\u00edkov pr\u00edrodn\u00e9ho \u0161t\u00fdlu","datePublished":"2021-04-29T14:13:20+00:00","dateModified":"2021-04-29T14:13:20+00:00","mainEntityOfPage":{"@id":"https:\/\/www.ikuchyne.sk\/eshop\/6-tipov-na-dizajnove-doplnky-pre-milovnikov-prirodneho-stylu\/"},"wordCount":1211,"publisher":{"@id":"https:\/\/www.ikuchyne.sk\/eshop\/#organization"},"articleSection":["IN\u0160PIR\u00c1CIE","Produkty v realiz\u00e1ciach"],"inLanguage":"sk-SK"},{"@type":"WebPage","@id":"https:\/\/www.ikuchyne.sk\/eshop\/6-tipov-na-dizajnove-doplnky-pre-milovnikov-prirodneho-stylu\/","url":"https:\/\/www.ikuchyne.sk\/eshop\/6-tipov-na-dizajnove-doplnky-pre-milovnikov-prirodneho-stylu\/","name":"6 tipov na pr\u00edrodn\u00e9 dizajnov\u00e9 doplnky &#187; iKuchyne iSHOP s n\u00e1bytkom","isPartOf":{"@id":"https:\/\/www.ikuchyne.sk\/eshop\/#website"},"datePublished":"2021-04-29T14:13:20+00:00","dateModified":"2021-04-29T14:13:20+00:00","description":"Prineste si do svojho domova dizajnov\u00e9 doplnky z na\u0161ej mati\u010dky zeme. Objavte bytov\u00e9 doplnky a dekor\u00e1cie, z ktor\u00fdch d\u00fdcha pr\u00edroda sama.","breadcrumb":{"@id":"https:\/\/www.ikuchyne.sk\/eshop\/6-tipov-na-dizajnove-doplnky-pre-milovnikov-prirodneho-stylu\/#breadcrumb"},"inLanguage":"sk-SK","potentialAction":[{"@type":"ReadAction","target":["https:\/\/www.ikuchyne.sk\/eshop\/6-tipov-na-dizajnove-doplnky-pre-milovnikov-prirodneho-stylu\/"]}]},{"@type":"BreadcrumbList","@id":"https:\/\/www.ikuchyne.sk\/eshop\/6-tipov-na-dizajnove-doplnky-pre-milovnikov-prirodneho-stylu\/#breadcrumb","itemListElement":[{"@type":"ListItem","position":1,"name":"Home","item":"https:\/\/www.ikuchyne.sk\/eshop\/"},{"@type":"ListItem","position":2,"name":"6 tipov na dizajnov\u00e9 doplnky pre milovn\u00edkov pr\u00edrodn\u00e9ho \u0161t\u00fdlu"}]},{"@type":"WebSite","@id":"https:\/\/www.ikuchyne.sk\/eshop\/#website","url":"https:\/\/www.ikuchyne.sk\/eshop\/","name":"iKuchyne iSHOP s n\u00e1bytkom","description":"Jed\u00e1lensk\u00e9 stoly, stoli\u010dky, n\u00e1bytok, svietidl\u00e1...","publisher":{"@id":"https:\/\/www.ikuchyne.sk\/eshop\/#organization"},"potentialAction":[{"@type":"SearchAction","target":{"@type":"EntryPoint","urlTemplate":"https:\/\/www.ikuchyne.sk\/eshop\/?s={search_term_string}"},"query-input":"required name=search_term_string"}],"inLanguage":"sk-SK"},{"@type":"Organization","@id":"https:\/\/www.ikuchyne.sk\/eshop\/#organization","name":"ikuchyne!","url":"https:\/\/www.ikuchyne.sk\/eshop\/","logo":{"@type":"ImageObject","inLanguage":"sk-SK","@id":"https:\/\/www.ikuchyne.sk\/eshop\/#\/schema\/logo\/image\/","url":"https:\/\/www.ikuchyne.sk\/eshop\/wp-content\/uploads\/2017\/04\/ikuchyne-logo.jpg","contentUrl":"https:\/\/www.ikuchyne.sk\/eshop\/wp-content\/uploads\/2017\/04\/ikuchyne-logo.jpg","width":200,"height":48,"caption":"ikuchyne!"},"image":{"@id":"https:\/\/www.ikuchyne.sk\/eshop\/#\/schema\/logo\/image\/"},"sameAs":["https:\/\/www.facebook.com\/ikuchyne\/","https:\/\/www.instagram.com\/ikuchyne.sk\/","https:\/\/sk.pinterest.com\/ikuchynesk\/"]},{"@type":"Person","@id":"https:\/\/www.ikuchyne.sk\/eshop\/#\/schema\/person\/0111a626c8b4290c5241f99c6d04f463","name":"Adri\u00e1na Plechov\u00e1","image":{"@type":"ImageObject","inLanguage":"sk-SK","@id":"https:\/\/www.ikuchyne.sk\/eshop\/#\/schema\/person\/image\/","url":"https:\/\/www.ikuchyne.sk\/eshop\/wp-content\/plugins\/wp-user-avatar\/deprecated\/wp-user-avatar\/images\/wpua-96x96.png","contentUrl":"https:\/\/www.ikuchyne.sk\/eshop\/wp-content\/plugins\/wp-user-avatar\/deprecated\/wp-user-avatar\/images\/wpua-96x96.png","caption":"Adri\u00e1na Plechov\u00e1"},"description":"Adriana pracuje ako online market\u00e9rka, copywriterka a\u00a0redaktorka. Pri p\u00edsan\u00ed a\u00a0editovan\u00ed r\u00f4znych textov dost\u00e1va zelen\u00fa jej kreativita, ako aj\u00a0l\u00e1ska k\u00a0p\u00edsan\u00e9mu slovu a\u00a0materinsk\u00e9mu jazyku. Srdcovkou a\u00a0zdrojom in\u0161pir\u00e1cie s\u00fa pre \u0148u u\u017e od \u00fatleho detstva knihy. Ob\u013eubuje kult\u00farne podujatia, prech\u00e1dzky v pr\u00edrode a\u00a0spolo\u010dnos\u0165 \u013eud\u00ed, s\u00a0ktor\u00fdmi je na rovnakej vlnovej d\u013a\u017eke.","url":"https:\/\/www.ikuchyne.sk\/eshop\/author\/adriana-plechova\/"}]}},"_links":{"self":[{"href":"https:\/\/www.ikuchyne.sk\/eshop\/wp-json\/wp\/v2\/posts\/151702"}],"collection":[{"href":"https:\/\/www.ikuchyne.sk\/eshop\/wp-json\/wp\/v2\/posts"}],"about":[{"href":"https:\/\/www.ikuchyne.sk\/eshop\/wp-json\/wp\/v2\/types\/post"}],"author":[{"embeddable":true,"href":"https:\/\/www.ikuchyne.sk\/eshop\/wp-json\/wp\/v2\/users\/568"}],"replies":[{"embeddable":true,"href":"https:\/\/www.ikuchyne.sk\/eshop\/wp-json\/wp\/v2\/comments?post=151702"}],"version-history":[{"count":1,"href":"https:\/\/www.ikuchyne.sk\/eshop\/wp-json\/wp\/v2\/posts\/151702\/revisions"}],"predecessor-version":[{"id":151709,"href":"https:\/\/www.ikuchyne.sk\/eshop\/wp-json\/wp\/v2\/posts\/151702\/revisions\/151709"}],"wp:featuredmedia":[{"embeddable":true,"href":"https:\/\/www.ikuchyne.sk\/eshop\/wp-json\/wp\/v2\/media\/151706"}],"wp:attachment":[{"href":"https:\/\/www.ikuchyne.sk\/eshop\/wp-json\/wp\/v2\/media?parent=151702"}],"wp:term":[{"taxonomy":"category","embeddable":true,"href":"https:\/\/www.ikuchyne.sk\/eshop\/wp-json\/wp\/v2\/categories?post=151702"},{"taxonomy":"post_tag","embeddable":true,"href":"https:\/\/www.ikuchyne.sk\/eshop\/wp-json\/wp\/v2\/tags?post=151702"}],"curies":[{"name":"wp","href":"https:\/\/api.w.org\/{rel}","templated":true}]}}