{"id":151721,"date":"2021-04-30T20:47:49","date_gmt":"2021-04-30T18:47:49","guid":{"rendered":"https:\/\/www.ikuchyne.sk\/eshop\/?p=151721"},"modified":"2021-04-30T20:47:49","modified_gmt":"2021-04-30T18:47:49","slug":"vyuzite-geometricke-tvary-v-interieri","status":"publish","type":"post","link":"https:\/\/www.ikuchyne.sk\/eshop\/vyuzite-geometricke-tvary-v-interieri\/","title":{"rendered":"Vyu\u017eite geometrick\u00e9 tvary v interi\u00e9ri"},"content":{"rendered":"<p>[vc_row][vc_column][vc_column_text]S pojmami <strong>geometria<\/strong> a <strong>geometrick\u00e9 tvary<\/strong> sme sa stretli u\u017e na z\u00e1kladnej \u0161kole a v poslednom obdob\u00ed sa v\u0161ak nevyskytuj\u00fa iba ako s\u00fa\u010das\u0165 u\u010diva matematiky, ale za\u010dali prenika\u0165 aj do interi\u00e9ru. Modern\u00fd dizajn je pln\u00fd t\u00fdchto prvkov \u2013 vyjadruje nielen eleganciu, ale aj nad\u010dasovos\u0165 a m\u00e1 \u0161irok\u00e9 vyu\u017eitie.<strong> L\u00ednie, symetria a tvary<\/strong> \u2013 \u010di u\u017e s\u00fa to kruhy, ov\u00e1ly alebo \u0161tvorce, v tomto \u010dl\u00e1nku uvid\u00edte, ako dok\u00e1\u017eu premeni\u0165 priestor a prida\u0165 mu na zauj\u00edmavosti.[\/vc_column_text][vc_single_image image=&#8221;151739&#8243; img_size=&#8221;large&#8221; add_caption=&#8221;yes&#8221; alignment=&#8221;center&#8221; style=&#8221;vc_box_rounded&#8221; onclick=&#8221;custom_link&#8221; img_link_target=&#8221;_blank&#8221; link=&#8221;https:\/\/www.pexels.com\/sk-sk\/&#8221;][vc_message icon_fontawesome=&#8221;&#8221;]<b>Rada odborn\u00edka:\u00a0<\/b>Predt\u00fdm, ne\u017e sa pust\u00edte do zaria\u010fovania svojho domova s n\u00e1bytkom a doplnkami r\u00f4znych tvarov, premyslite si, \u010do chcete nov\u00fdm dizajnom poveda\u0165. Vyberte si preto jeden hlavn\u00fd geometrick\u00fd tvar, ktor\u00fd sa v\u00e1m p\u00e1\u010di a viete, \u017ee v\u00e1s po \u010dase neomrz\u00ed.[\/vc_message][vc_single_image image=&#8221;151724&#8243; img_size=&#8221;large&#8221; add_caption=&#8221;yes&#8221; alignment=&#8221;center&#8221; style=&#8221;vc_box_rounded&#8221; onclick=&#8221;custom_link&#8221; img_link_target=&#8221;_blank&#8221; link=&#8221;https:\/\/www.ikuchyne.sk\/eshop\/produkt\/stolova-lampa-cement-collection-35cm\/&#8221;][vc_message message_box_color=&#8221;alert-success&#8221; icon_fontawesome=&#8221;&#8221;]<b>VEDELI STE, \u017dE:\u00a0<\/b>Geometriu m\u00f4\u017eete vyu\u017ei\u0165 v kuchyni, ob\u00fdvacej izbe, detskej izbe aj k\u00fape\u013eni \u2013 mo\u017enosti s\u00fa nekone\u010dn\u00e9.[\/vc_message][\/vc_column][\/vc_row][vc_row][vc_column][vc_column_text]<\/p>\n<h2><span style=\"color: #e3245e;\"><b>Geometrick\u00e9 tvary v interi\u00e9ri &#8211; ako za\u010da\u0165?<br \/>\n<\/b><\/span><\/h2>\n<p><span style=\"color: #000000;\"><span style=\"font-weight: 400;\">Aj tu plat\u00ed \u2013 <strong>v\u0161etko s mierou<\/strong>. Geometrick\u00e9 tvary s\u00fa u\u017e sami osebe pr\u00edzna\u010dn\u00e9 \u2013 kombin\u00e1ciou podobn\u00fdch tvarov v\u0161ak ni\u010d nepokaz\u00edte. Ak sa v\u00e1m zd\u00e1 tento dizajn pr\u00edli\u0161 schematick\u00fd, mo\u017eno v\u00e1m posta\u010d\u00ed na o\u017eivenie priestoru jeden kus n\u00e1bytku, ktor\u00fd osad\u00edte v strede \u2013 napr\u00edklad konferen\u010dn\u00fd stol\u00edk. Je potrebn\u00e9 dba\u0165 aj na tzv. psychol\u00f3giu geometrick\u00fdch tvarov, a rozhodova\u0165 sa pod\u013ea nej. Chcete vytvori\u0165 pokojn\u00fa a harmonick\u00fa miestnos\u0165 alebo m\u00e1te rad\u0161ej hravos\u0165 a odvahu? V prvom pr\u00edpade zvo\u013ete n\u00e1bytok obl\u00fdch tvarov, v druhom sk\u00f4r ostr\u00e9 l\u00ednie a uhly. <strong>Pr\u00edli\u0161 ve\u013ea r\u00f4znych farieb, vzorov a tvarov v\u00e1m pri dizajnovan\u00ed nepom\u00f4\u017ee<\/strong>, sk\u00f4r naopak, m\u00f4\u017ee u\u0161kodi\u0165 <\/span><\/span>[\/vc_column_text][vc_single_image image=&#8221;151725&#8243; img_size=&#8221;large&#8221; add_caption=&#8221;yes&#8221; alignment=&#8221;center&#8221; style=&#8221;vc_box_rounded&#8221; onclick=&#8221;custom_link&#8221; img_link_target=&#8221;_blank&#8221; link=&#8221;https:\/\/www.ikuchyne.sk\/eshop\/produkt\/konferencny-stolik-orient-storage-mango-biely\/&#8221;][\/vc_column][\/vc_row][vc_row][vc_column][vc_column_text]<\/p>\n<h2><span style=\"color: #e3245e;\"><b>Vybran\u00e9 typy geometrick\u00fdch tvarov:<br \/>\n<\/b><\/span><\/h2>\n<h4><span style=\"color: #e3245e;\">1. \u0160tvorec\/kocka<\/span><\/h4>\n<p><span style=\"color: #000000;\"><span style=\"font-weight: 400;\">Hranat\u00fd tvar, ako je tomu v pr\u00edpade \u0161tvorca, m\u00f4\u017eeme vyu\u017ei\u0165 v kuchyni, ob\u00fdvacej izbe alebo aj v tzv. home-office. Evokuje <strong>stabilitu, rovnov\u00e1hu aj profesionalitu<\/strong>, preto sa hod\u00ed do miestnost\u00ed, kde usilovne pracujete. Vo \u0161tvorcovom tvare n\u00e1jdeme nielen konferen\u010dn\u00e9 \u010di p\u00edsacie stol\u00edky, pracovn\u00e9 dosky a podnosy, ale aj koberce, zrkadl\u00e1 a vank\u00fa\u0161e, teda bytov\u00e9 doplnky. Ak ste nov\u00e1\u010dik v bytovom dizajne, siahnite pr\u00e1ve po \u0161tvorci \u2013 neobanujete.<\/span><\/span>[\/vc_column_text][vc_single_image image=&#8221;151726&#8243; img_size=&#8221;large&#8221; add_caption=&#8221;yes&#8221; alignment=&#8221;center&#8221; style=&#8221;vc_box_rounded&#8221; onclick=&#8221;custom_link&#8221; img_link_target=&#8221;_blank&#8221; link=&#8221;https:\/\/www.ikuchyne.sk\/eshop\/produkt\/konferencny-stolik-square-40cm-teakove-drevo\/&#8221;][vc_single_image image=&#8221;151727&#8243; img_size=&#8221;large&#8221; add_caption=&#8221;yes&#8221; alignment=&#8221;center&#8221; style=&#8221;vc_box_rounded&#8221; onclick=&#8221;custom_link&#8221; img_link_target=&#8221;_blank&#8221; link=&#8221;https:\/\/www.ikuchyne.sk\/eshop\/produkt\/telefonny-stolik-hemingway-antik-biela\/&#8221;][vc_column_text]<\/p>\n<h4><span style=\"color: #e3245e;\"><b>2. Trojuholn\u00edk<br \/>\n<\/b><\/span><\/h4>\n<p><span style=\"color: #000000;\"><span style=\"font-weight: 400;\">Podobne ako pri \u0161tvorci, aj s trojuholn\u00edkov\u00fdmi tvarmi sa stret\u00e1vame pri pr\u00e1ci a oddychu. Pom\u00e1haj\u00fa n\u00e1m realizova\u0165 na\u0161e ciele, upev\u0148ova\u0165 si vlastn\u00e9 sebavedomie a umo\u017e\u0148uj\u00fa n\u00e1m profesijne r\u00e1s\u0165. <\/span><\/span>[\/vc_column_text][vc_column_text]<\/p>\n<h4><span style=\"color: #e3245e;\"><b>3. Kruh a ov\u00e1l<br \/>\n<\/b><\/span><\/h4>\n<p><span style=\"color: #000000;\"><span style=\"font-weight: 400;\">Ak chcete v priestore ubra\u0165 z pr\u00edsnosti a naopak, doda\u0165 mu viac harm\u00f3nie a pokoja, siahnite po obl\u00fdch tvaroch \u2013 <strong>kruhu \u010di ov\u00e1le<\/strong>. V dome pom\u00e1haj\u00fa budova\u0165 pozit\u00edvnu n\u00e1ladu a stabilitu, pri\u010dom nep\u00f4sobia ru\u0161ivo a neobmedzuj\u00fa v\u00e1s ani pri vykon\u00e1van\u00ed va\u0161ich be\u017en\u00fdch \u010dinnost\u00ed. Tieto geometrick\u00e9 tvary sa hodia najm\u00e4 do ob\u00fdvacej izby a sp\u00e1lne \u2013 umo\u017e\u0148uj\u00fa v\u00e1m naplno zrelaxova\u0165 a na\u010derpa\u0165 sily. V\u00fdborne sa v nich vyn\u00edmaj\u00fa napr\u00edklad konferen\u010dn\u00e9 stol\u00edky.<\/span><\/span>[\/vc_column_text][vc_single_image image=&#8221;151728&#8243; img_size=&#8221;large&#8221; add_caption=&#8221;yes&#8221; alignment=&#8221;center&#8221; style=&#8221;vc_box_rounded&#8221; onclick=&#8221;custom_link&#8221; img_link_target=&#8221;_blank&#8221; link=&#8221;https:\/\/www.ikuchyne.sk\/eshop\/produkt\/konferencny-stolik-stone-mosaic-set-2ks-65cm-sivy\/&#8221;][vc_single_image image=&#8221;151729&#8243; img_size=&#8221;large&#8221; add_caption=&#8221;yes&#8221; alignment=&#8221;center&#8221; style=&#8221;vc_box_rounded&#8221; onclick=&#8221;custom_link&#8221; img_link_target=&#8221;_blank&#8221; link=&#8221;https:\/\/www.ikuchyne.sk\/eshop\/produkt\/nastenne-zrkadlo-circle-100cm-kruh-zlate\/&#8221;][vc_message icon_fontawesome=&#8221;&#8221;]<b>Rada odborn\u00edka:\u00a0<\/b>Polyg\u00f3n (mnohouholn\u00edk) je vhodnou alternat\u00edvou k spom\u00ednan\u00fdm geometrick\u00fdm tvarom a tie\u017e je aktu\u00e1lny. \u0160es\u0165uholn\u00edk n\u00e1m pripom\u00edna pevn\u00e9 v\u010delie pl\u00e1sty \u2013 dotvor\u00ed prirodzen\u00fd vzh\u013ead miestnosti, ale p\u00f4sob\u00ed aj futuristicky, ak chcete v interi\u00e9ri docieli\u0165 estetiku podobn\u00fa vedecko-fantastick\u00fdm filmom.[\/vc_message][vc_single_image image=&#8221;151731&#8243; img_size=&#8221;large&#8221; add_caption=&#8221;yes&#8221; alignment=&#8221;center&#8221; style=&#8221;vc_box_rounded&#8221; onclick=&#8221;custom_link&#8221; img_link_target=&#8221;_blank&#8221; link=&#8221;https:\/\/www.ikuchyne.sk\/eshop\/produkt\/regal-hexagon-set-2ks-sheesham\/&#8221;][vc_column_text]<\/p>\n<h2><span style=\"color: #e3245e;\"><b>Ako kombinova\u0165 geometrick\u00e9 tvary v interi\u00e9ri?<br \/>\n<\/b><\/span><\/h2>\n<p>Jeden kus n\u00e1bytku \u2013 menej je viav a kombinova\u0165, ale neprekombinova\u0165. Ak chcete docieli\u0165 kr\u00e1sny a svie\u017ei priestor, vyberte si oby\u010dajne jeden kus v\u00e4\u010d\u0161ieho n\u00e1bytku tak, aby ur\u010doval nastolen\u00fd \u2013 v na\u0161om pr\u00edpade geometrick\u00fd trend. M\u00f4\u017ee \u00eds\u0165 o sedaciu s\u00fapravu, jed\u00e1lensky st\u00f4l alebo konferen\u010dn\u00fd stol\u00edk \u2013 stred miestnosti im bude najviac sved\u010da\u0165. Mo\u017eno sa v\u00e1m to bude zda\u0165 m\u00e1lo \u2013 vyu\u017eite zrkadlenie. Pou\u017eite rovnak\u00fd tvar napr\u00edklad na vank\u00fa\u0161och alebo inom bytovom textile. Takto v izbe docielite harm\u00f3niu bez zbyto\u010dn\u00fdch ru\u0161iv\u00fdch prvkov.[\/vc_column_text][vc_single_image image=&#8221;151732&#8243; img_size=&#8221;large&#8221; add_caption=&#8221;yes&#8221; alignment=&#8221;center&#8221; style=&#8221;vc_box_rounded&#8221; onclick=&#8221;custom_link&#8221; img_link_target=&#8221;_blank&#8221; link=&#8221;https:\/\/www.ikuchyne.sk\/eshop\/produkt\/zlato-sivy-konferencny-stolik-storage-o-42-cm\/&#8221;][vc_message message_box_color=&#8221;alert-success&#8221; icon_fontawesome=&#8221;&#8221;]<b>VEDELI STE, \u017dE:\u00a0<\/b>Rozhodli ste sa pre geometrick\u00e9 tvary umiestnen\u00e9 na stene \u2013 napr\u00edklad vo forme tapety? Ak tento vzor pokr\u00fdva ve\u013ek\u00fa plochu stien, st\u00e1va sa pre izbu dominantn\u00fdm, a tak v\u00e1m sta\u010d\u00ed n\u00e1bytok ladi\u0165 v neutr\u00e1lnych farb\u00e1ch alebo opakova\u0165 pou\u017eit\u00fd vzor na men\u0161\u00edch kusoch n\u00e1bytku alebo doplnkoch.[\/vc_message][vc_column_text]<\/p>\n<h2><span style=\"color: #e3245e;\"><b>D\u00f4le\u017eit\u00e9 s\u00fa detaily<br \/>\n<\/b><\/span><\/h2>\n<p><span style=\"color: #000000;\">Ak sme si vybrali n\u00e1bytok, sta\u010d\u00ed si poradi\u0165 s detailmi. Pr\u00e1ve na nich stoj\u00ed a pad\u00e1 n\u00e1\u0161 dizajn pln\u00fd geometrie. Spomenuli sme u\u017e vank\u00fa\u0161e a bytov\u00fd textil \u2013 \u010do v\u0161ak pridan\u00e9 miesta na sedenie (taburetky a podno\u017eky)? Tie n\u00e1jdeme zv\u00e4\u010d\u0161a v obl\u00fdch tvaroch \u2013 pristan\u00fa im ov\u00e1ly aj kruhy, ako napr\u00edklad tejto \u0161trikovanej podno\u017eke. \u010co na \u0148u poviete?<\/span>[\/vc_column_text][vc_single_image image=&#8221;151734&#8243; img_size=&#8221;large&#8221; add_caption=&#8221;yes&#8221; alignment=&#8221;center&#8221; style=&#8221;vc_box_rounded&#8221; onclick=&#8221;custom_link&#8221; img_link_target=&#8221;_blank&#8221; link=&#8221;https:\/\/www.ikuchyne.sk\/eshop\/produkt\/podnozka-50cm-strikovana-mint\/&#8221;][vc_column_text]\u010eal\u0161\u00edm prvkom, ktor\u00fd nesmie v \u017eiadnom pr\u00edpade v dome ch\u00fdba\u0165, je zrkadlo. Nepln\u00ed len praktick\u00fa funkciu, ale pekn\u00e9 zrkadlo je z\u00e1rove\u0148 estetick\u00fdm doplnkom, ktor\u00fd izbu roz\u017eiari. Ak ho navy\u0161e spr\u00e1vne zaves\u00edte na stenu, pom\u00f4\u017ee v\u00e1m ju opticky zv\u00e4\u010d\u0161i\u0165 (malo by odr\u00e1\u017ea\u0165 prirodzen\u00e9 svetlo poch\u00e1dzaj\u00face z okien \u2013 umiestnite ho oproti). Zrkadlo si m\u00f4\u017eeme vybra\u0165 v r\u00f4znych tvaroch \u2013 naj\u010dastej\u0161ie v\u0161ak ide o ov\u00e1l a obd\u013a\u017enik. V <a href=\"https:\/\/www.ikuchyne.sk\/eshop\/kategoria\/bytove-doplnky\/zrkadla\/\"><span style=\"color: #e3245e;\">e-shope <\/span><\/a>n\u00e1jdete cel\u00fa na\u0161u ponuku.[\/vc_column_text][vc_single_image image=&#8221;151735&#8243; img_size=&#8221;large&#8221; add_caption=&#8221;yes&#8221; alignment=&#8221;center&#8221; style=&#8221;vc_box_rounded&#8221; onclick=&#8221;custom_link&#8221; img_link_target=&#8221;_blank&#8221; link=&#8221;https:\/\/www.ikuchyne.sk\/eshop\/produkt\/nastenne-zrkadlo-elegancia-170cm-strieborne\/&#8221;][vc_message icon_fontawesome=&#8221;&#8221;]<b>Rada odborn\u00edka:\u00a0<\/b>R\u00f4zne tvary n\u00e1jdeme aj na kobercoch v \u0161t\u00fdle vintage. Ak pokr\u00fdva ve\u013ek\u00fa \u010das\u0165 podlahy, op\u00e4\u0165 dbajme na to, aby sme n\u00e1bytok a doplnky volili v neutr\u00e1lnych vzoroch.[\/vc_message][vc_single_image image=&#8221;151736&#8243; img_size=&#8221;large&#8221; add_caption=&#8221;yes&#8221; alignment=&#8221;center&#8221; style=&#8221;vc_box_rounded&#8221; onclick=&#8221;custom_link&#8221; img_link_target=&#8221;_blank&#8221; link=&#8221;https:\/\/www.ikuchyne.sk\/eshop\/produkt\/hnedy-koberec-pure-unique-350x240cm\/&#8221;][vc_column_text]<\/p>\n<h2><span style=\"color: #e3245e;\"><b>D\u00f4le\u017eit\u00e9 s\u00fa detaily<br \/>\n<\/b><\/span><\/h2>\n<p><span style=\"color: #000000;\"><strong>Geometrick\u00e9 tvary v interi\u00e9ri vedia priestor ozvl\u00e1\u0161ni\u0165<\/strong> \u2013 napriek tomu je potrebn\u00e9 s nimi spr\u00e1vne zaobch\u00e1dza\u0165. Bu\u010f si zvol\u00edte jeden dominantn\u00fd kus n\u00e1bytku v tomto tvare a doplnky budete voli\u0165 jemnej\u0161ie alebo stav\u00edte na nieko\u013eko zauj\u00edmav\u00fdch doplnkov, pri\u010dom zachov\u00e1te podobnos\u0165 tvarov. Ak chcete vytvori\u0165 harmonick\u00fa miestnos\u0165 (napr\u00edklad ob\u00fdvaciu izbu), vyu\u017eite kruhy a ov\u00e1ly, ak db\u00e1te na pr\u00edsnos\u0165 a perfekcionizmus pri pr\u00e1ci, pom\u00f4\u017eu v\u00e1m uhly a pr\u00edsne l\u00ednie, \u010di\u017ee trojuholn\u00edky, \u0161tvorce a mnohouholn\u00edky.<\/span>[\/vc_column_text][vc_single_image image=&#8221;151737&#8243; img_size=&#8221;large&#8221; add_caption=&#8221;yes&#8221; alignment=&#8221;center&#8221; style=&#8221;vc_box_rounded&#8221; onclick=&#8221;custom_link&#8221; img_link_target=&#8221;_blank&#8221; link=&#8221;https:\/\/www.ikuchyne.sk\/eshop\/produkt\/konferencny-stolik-makassar-43cm-mango\/&#8221;][vc_column_text]Dbajte na to, aby pou\u017eit\u00e9 tvary v interi\u00e9ri odr\u00e1\u017eali hravos\u0165 a modernos\u0165 \u2013 inak nebud\u00fa v priestore dobre fungova\u0165. Pri mie\u0161an\u00ed vzorov zachovajte rovnak\u00fa farebn\u00fa sch\u00e9mu.[\/vc_column_text][vc_single_image image=&#8221;151738&#8243; img_size=&#8221;large&#8221; add_caption=&#8221;yes&#8221; alignment=&#8221;center&#8221; style=&#8221;vc_box_rounded&#8221; onclick=&#8221;custom_link&#8221; img_link_target=&#8221;_blank&#8221; link=&#8221;https:\/\/www.ikuchyne.sk\/eshop\/produkt\/konferencny-stolik-division-set-2ks-biela-vysokoleskla\/&#8221;][\/vc_column][\/vc_row][vc_row][vc_column][vc_message icon_fontawesome=&#8221;&#8221;]<b>TIP NA Z\u00c1VER:\u00a0<\/b>\u00a0Ak ste maximalisti, \u010do sa t\u00fdka bytov\u00e9ho dizajnu, pokojne si cel\u00fd byt alebo dom zaria\u010fte pln\u00fd n\u00e1bytku v geometrick\u00fdch tvarov. V s\u00fa\u010dasnosti je tento trend na v\u00fdsln\u00ed a bude pokra\u010dova\u0165 aj na\u010falej.[\/vc_message][\/vc_column][\/vc_row]<\/p>\n","protected":false},"excerpt":{"rendered":"<p>[vc_row][vc_column][vc_column_text]S pojmami geometria a geometrick\u00e9 tvary sme sa stretli u\u017e na z\u00e1kladnej \u0161kole a v poslednom obdob\u00ed sa v\u0161ak nevyskytuj\u00fa iba ako s\u00fa\u010das\u0165 u\u010diva matematiky, ale za\u010dali prenika\u0165 aj do<\/p>\n","protected":false},"author":563,"featured_media":151740,"comment_status":"closed","ping_status":"open","sticky":false,"template":"","format":"standard","meta":{"footnotes":""},"categories":[1008,1129],"tags":[],"yoast_head":"<!-- This site is optimized with the Yoast SEO plugin v22.1 - https:\/\/yoast.com\/wordpress\/plugins\/seo\/ -->\n<title>Vyu\u017eite geometrick\u00e9 tvary v interi\u00e9ri &#187; iKuchyne iSHOP s n\u00e1bytkom<\/title>\n<meta name=\"description\" content=\"Geometrick\u00e9 tvary v interi\u00e9ri s\u00fa s\u00fa\u010das\u0165ou modern\u00e9ho dizajnu \u2013 vyjadruj\u00fa nielen eleganciu, ale aj nad\u010dasovos\u0165 a m\u00e1 \u0161irok\u00e9 vyu\u017eitie.\" \/>\n<meta name=\"robots\" content=\"index, follow, max-snippet:-1, max-image-preview:large, max-video-preview:-1\" \/>\n<link rel=\"canonical\" href=\"https:\/\/www.ikuchyne.sk\/eshop\/vyuzite-geometricke-tvary-v-interieri\/\" \/>\n<meta property=\"og:locale\" content=\"sk_SK\" \/>\n<meta property=\"og:type\" content=\"article\" \/>\n<meta property=\"og:title\" content=\"Vyu\u017eite geometrick\u00e9 tvary v interi\u00e9ri &#187; iKuchyne iSHOP s n\u00e1bytkom\" \/>\n<meta property=\"og:description\" content=\"Geometrick\u00e9 tvary v interi\u00e9ri s\u00fa s\u00fa\u010das\u0165ou modern\u00e9ho dizajnu \u2013 vyjadruj\u00fa nielen eleganciu, ale aj nad\u010dasovos\u0165 a m\u00e1 \u0161irok\u00e9 vyu\u017eitie.\" \/>\n<meta property=\"og:url\" content=\"https:\/\/www.ikuchyne.sk\/eshop\/vyuzite-geometricke-tvary-v-interieri\/\" \/>\n<meta property=\"og:site_name\" content=\"iKuchyne iSHOP s n\u00e1bytkom\" \/>\n<meta property=\"article:publisher\" content=\"https:\/\/www.facebook.com\/ikuchyne\/\" \/>\n<meta property=\"article:published_time\" content=\"2021-04-30T18:47:49+00:00\" \/>\n<meta property=\"og:image\" content=\"https:\/\/www.ikuchyne.sk\/eshop\/wp-content\/uploads\/2021\/04\/titulna-foto_geometria_1-scaled.jpg\" \/>\n\t<meta property=\"og:image:width\" content=\"2560\" \/>\n\t<meta property=\"og:image:height\" content=\"1704\" \/>\n\t<meta property=\"og:image:type\" content=\"image\/jpeg\" \/>\n<meta name=\"author\" content=\"Nat\u00e1lia Turcovsk\u00e1\" \/>\n<meta name=\"twitter:card\" content=\"summary_large_image\" \/>\n<meta name=\"twitter:label1\" content=\"Autor\" \/>\n\t<meta name=\"twitter:data1\" content=\"Nat\u00e1lia Turcovsk\u00e1\" \/>\n\t<meta name=\"twitter:label2\" content=\"Predpokladan\u00fd \u010das \u010d\u00edtania\" \/>\n\t<meta name=\"twitter:data2\" content=\"5 min\u00fat\" \/>\n<script type=\"application\/ld+json\" class=\"yoast-schema-graph\">{\"@context\":\"https:\/\/schema.org\",\"@graph\":[{\"@type\":\"Article\",\"@id\":\"https:\/\/www.ikuchyne.sk\/eshop\/vyuzite-geometricke-tvary-v-interieri\/#article\",\"isPartOf\":{\"@id\":\"https:\/\/www.ikuchyne.sk\/eshop\/vyuzite-geometricke-tvary-v-interieri\/\"},\"author\":{\"name\":\"Nat\u00e1lia Turcovsk\u00e1\",\"@id\":\"https:\/\/www.ikuchyne.sk\/eshop\/#\/schema\/person\/e8664b1235509dd37b8daafa688d7679\"},\"headline\":\"Vyu\u017eite geometrick\u00e9 tvary v interi\u00e9ri\",\"datePublished\":\"2021-04-30T18:47:49+00:00\",\"dateModified\":\"2021-04-30T18:47:49+00:00\",\"mainEntityOfPage\":{\"@id\":\"https:\/\/www.ikuchyne.sk\/eshop\/vyuzite-geometricke-tvary-v-interieri\/\"},\"wordCount\":1722,\"publisher\":{\"@id\":\"https:\/\/www.ikuchyne.sk\/eshop\/#organization\"},\"articleSection\":[\"IN\u0160PIR\u00c1CIE\",\"Produkty v realiz\u00e1ciach\"],\"inLanguage\":\"sk-SK\"},{\"@type\":\"WebPage\",\"@id\":\"https:\/\/www.ikuchyne.sk\/eshop\/vyuzite-geometricke-tvary-v-interieri\/\",\"url\":\"https:\/\/www.ikuchyne.sk\/eshop\/vyuzite-geometricke-tvary-v-interieri\/\",\"name\":\"Vyu\u017eite geometrick\u00e9 tvary v interi\u00e9ri &#187; iKuchyne iSHOP s n\u00e1bytkom\",\"isPartOf\":{\"@id\":\"https:\/\/www.ikuchyne.sk\/eshop\/#website\"},\"datePublished\":\"2021-04-30T18:47:49+00:00\",\"dateModified\":\"2021-04-30T18:47:49+00:00\",\"description\":\"Geometrick\u00e9 tvary v interi\u00e9ri s\u00fa s\u00fa\u010das\u0165ou modern\u00e9ho dizajnu \u2013 vyjadruj\u00fa nielen eleganciu, ale aj nad\u010dasovos\u0165 a m\u00e1 \u0161irok\u00e9 vyu\u017eitie.\",\"breadcrumb\":{\"@id\":\"https:\/\/www.ikuchyne.sk\/eshop\/vyuzite-geometricke-tvary-v-interieri\/#breadcrumb\"},\"inLanguage\":\"sk-SK\",\"potentialAction\":[{\"@type\":\"ReadAction\",\"target\":[\"https:\/\/www.ikuchyne.sk\/eshop\/vyuzite-geometricke-tvary-v-interieri\/\"]}]},{\"@type\":\"BreadcrumbList\",\"@id\":\"https:\/\/www.ikuchyne.sk\/eshop\/vyuzite-geometricke-tvary-v-interieri\/#breadcrumb\",\"itemListElement\":[{\"@type\":\"ListItem\",\"position\":1,\"name\":\"Home\",\"item\":\"https:\/\/www.ikuchyne.sk\/eshop\/\"},{\"@type\":\"ListItem\",\"position\":2,\"name\":\"Vyu\u017eite geometrick\u00e9 tvary v interi\u00e9ri\"}]},{\"@type\":\"WebSite\",\"@id\":\"https:\/\/www.ikuchyne.sk\/eshop\/#website\",\"url\":\"https:\/\/www.ikuchyne.sk\/eshop\/\",\"name\":\"iKuchyne iSHOP s n\u00e1bytkom\",\"description\":\"Jed\u00e1lensk\u00e9 stoly, stoli\u010dky, n\u00e1bytok, svietidl\u00e1...\",\"publisher\":{\"@id\":\"https:\/\/www.ikuchyne.sk\/eshop\/#organization\"},\"potentialAction\":[{\"@type\":\"SearchAction\",\"target\":{\"@type\":\"EntryPoint\",\"urlTemplate\":\"https:\/\/www.ikuchyne.sk\/eshop\/?s={search_term_string}\"},\"query-input\":\"required name=search_term_string\"}],\"inLanguage\":\"sk-SK\"},{\"@type\":\"Organization\",\"@id\":\"https:\/\/www.ikuchyne.sk\/eshop\/#organization\",\"name\":\"ikuchyne!\",\"url\":\"https:\/\/www.ikuchyne.sk\/eshop\/\",\"logo\":{\"@type\":\"ImageObject\",\"inLanguage\":\"sk-SK\",\"@id\":\"https:\/\/www.ikuchyne.sk\/eshop\/#\/schema\/logo\/image\/\",\"url\":\"https:\/\/www.ikuchyne.sk\/eshop\/wp-content\/uploads\/2017\/04\/ikuchyne-logo.jpg\",\"contentUrl\":\"https:\/\/www.ikuchyne.sk\/eshop\/wp-content\/uploads\/2017\/04\/ikuchyne-logo.jpg\",\"width\":200,\"height\":48,\"caption\":\"ikuchyne!\"},\"image\":{\"@id\":\"https:\/\/www.ikuchyne.sk\/eshop\/#\/schema\/logo\/image\/\"},\"sameAs\":[\"https:\/\/www.facebook.com\/ikuchyne\/\",\"https:\/\/www.instagram.com\/ikuchyne.sk\/\",\"https:\/\/sk.pinterest.com\/ikuchynesk\/\"]},{\"@type\":\"Person\",\"@id\":\"https:\/\/www.ikuchyne.sk\/eshop\/#\/schema\/person\/e8664b1235509dd37b8daafa688d7679\",\"name\":\"Nat\u00e1lia Turcovsk\u00e1\",\"image\":{\"@type\":\"ImageObject\",\"inLanguage\":\"sk-SK\",\"@id\":\"https:\/\/www.ikuchyne.sk\/eshop\/#\/schema\/person\/image\/\",\"url\":\"https:\/\/secure.gravatar.com\/avatar\/91b21b1a8821459a69190b70a6110ba4?s=96&d=wp_user_avatar&r=g\",\"contentUrl\":\"https:\/\/secure.gravatar.com\/avatar\/91b21b1a8821459a69190b70a6110ba4?s=96&d=wp_user_avatar&r=g\",\"caption\":\"Nat\u00e1lia Turcovsk\u00e1\"},\"description\":\"Nat\u00e1lia je absolventka medi\u00e1lnych \u0161t\u00fadi\u00ed na Pre\u0161ovskej univerzite v Pre\u0161ove. P\u00edsaniu sa venuje u\u017e od strednej \u0161koly. Vo vo\u013enom \u010dase najrad\u0161ej sadne do kresla a \u010d\u00edta knihy. Ob\u013eubuje zelen\u00fd \u010daj a pohodlie domova.\",\"url\":\"https:\/\/www.ikuchyne.sk\/eshop\/author\/natalia-turcovska\/\"}]}<\/script>\n<!-- \/ Yoast SEO plugin. -->","yoast_head_json":{"title":"Vyu\u017eite geometrick\u00e9 tvary v interi\u00e9ri &#187; iKuchyne iSHOP s n\u00e1bytkom","description":"Geometrick\u00e9 tvary v interi\u00e9ri s\u00fa s\u00fa\u010das\u0165ou modern\u00e9ho dizajnu \u2013 vyjadruj\u00fa nielen eleganciu, ale aj nad\u010dasovos\u0165 a m\u00e1 \u0161irok\u00e9 vyu\u017eitie.","robots":{"index":"index","follow":"follow","max-snippet":"max-snippet:-1","max-image-preview":"max-image-preview:large","max-video-preview":"max-video-preview:-1"},"canonical":"https:\/\/www.ikuchyne.sk\/eshop\/vyuzite-geometricke-tvary-v-interieri\/","og_locale":"sk_SK","og_type":"article","og_title":"Vyu\u017eite geometrick\u00e9 tvary v interi\u00e9ri &#187; iKuchyne iSHOP s n\u00e1bytkom","og_description":"Geometrick\u00e9 tvary v interi\u00e9ri s\u00fa s\u00fa\u010das\u0165ou modern\u00e9ho dizajnu \u2013 vyjadruj\u00fa nielen eleganciu, ale aj nad\u010dasovos\u0165 a m\u00e1 \u0161irok\u00e9 vyu\u017eitie.","og_url":"https:\/\/www.ikuchyne.sk\/eshop\/vyuzite-geometricke-tvary-v-interieri\/","og_site_name":"iKuchyne iSHOP s n\u00e1bytkom","article_publisher":"https:\/\/www.facebook.com\/ikuchyne\/","article_published_time":"2021-04-30T18:47:49+00:00","og_image":[{"width":2560,"height":1704,"url":"https:\/\/www.ikuchyne.sk\/eshop\/wp-content\/uploads\/2021\/04\/titulna-foto_geometria_1-scaled.jpg","type":"image\/jpeg"}],"author":"Nat\u00e1lia Turcovsk\u00e1","twitter_card":"summary_large_image","twitter_misc":{"Autor":"Nat\u00e1lia Turcovsk\u00e1","Predpokladan\u00fd \u010das \u010d\u00edtania":"5 min\u00fat"},"schema":{"@context":"https:\/\/schema.org","@graph":[{"@type":"Article","@id":"https:\/\/www.ikuchyne.sk\/eshop\/vyuzite-geometricke-tvary-v-interieri\/#article","isPartOf":{"@id":"https:\/\/www.ikuchyne.sk\/eshop\/vyuzite-geometricke-tvary-v-interieri\/"},"author":{"name":"Nat\u00e1lia Turcovsk\u00e1","@id":"https:\/\/www.ikuchyne.sk\/eshop\/#\/schema\/person\/e8664b1235509dd37b8daafa688d7679"},"headline":"Vyu\u017eite geometrick\u00e9 tvary v interi\u00e9ri","datePublished":"2021-04-30T18:47:49+00:00","dateModified":"2021-04-30T18:47:49+00:00","mainEntityOfPage":{"@id":"https:\/\/www.ikuchyne.sk\/eshop\/vyuzite-geometricke-tvary-v-interieri\/"},"wordCount":1722,"publisher":{"@id":"https:\/\/www.ikuchyne.sk\/eshop\/#organization"},"articleSection":["IN\u0160PIR\u00c1CIE","Produkty v realiz\u00e1ciach"],"inLanguage":"sk-SK"},{"@type":"WebPage","@id":"https:\/\/www.ikuchyne.sk\/eshop\/vyuzite-geometricke-tvary-v-interieri\/","url":"https:\/\/www.ikuchyne.sk\/eshop\/vyuzite-geometricke-tvary-v-interieri\/","name":"Vyu\u017eite geometrick\u00e9 tvary v interi\u00e9ri &#187; iKuchyne iSHOP s n\u00e1bytkom","isPartOf":{"@id":"https:\/\/www.ikuchyne.sk\/eshop\/#website"},"datePublished":"2021-04-30T18:47:49+00:00","dateModified":"2021-04-30T18:47:49+00:00","description":"Geometrick\u00e9 tvary v interi\u00e9ri s\u00fa s\u00fa\u010das\u0165ou modern\u00e9ho dizajnu \u2013 vyjadruj\u00fa nielen eleganciu, ale aj nad\u010dasovos\u0165 a m\u00e1 \u0161irok\u00e9 vyu\u017eitie.","breadcrumb":{"@id":"https:\/\/www.ikuchyne.sk\/eshop\/vyuzite-geometricke-tvary-v-interieri\/#breadcrumb"},"inLanguage":"sk-SK","potentialAction":[{"@type":"ReadAction","target":["https:\/\/www.ikuchyne.sk\/eshop\/vyuzite-geometricke-tvary-v-interieri\/"]}]},{"@type":"BreadcrumbList","@id":"https:\/\/www.ikuchyne.sk\/eshop\/vyuzite-geometricke-tvary-v-interieri\/#breadcrumb","itemListElement":[{"@type":"ListItem","position":1,"name":"Home","item":"https:\/\/www.ikuchyne.sk\/eshop\/"},{"@type":"ListItem","position":2,"name":"Vyu\u017eite geometrick\u00e9 tvary v interi\u00e9ri"}]},{"@type":"WebSite","@id":"https:\/\/www.ikuchyne.sk\/eshop\/#website","url":"https:\/\/www.ikuchyne.sk\/eshop\/","name":"iKuchyne iSHOP s n\u00e1bytkom","description":"Jed\u00e1lensk\u00e9 stoly, stoli\u010dky, n\u00e1bytok, svietidl\u00e1...","publisher":{"@id":"https:\/\/www.ikuchyne.sk\/eshop\/#organization"},"potentialAction":[{"@type":"SearchAction","target":{"@type":"EntryPoint","urlTemplate":"https:\/\/www.ikuchyne.sk\/eshop\/?s={search_term_string}"},"query-input":"required name=search_term_string"}],"inLanguage":"sk-SK"},{"@type":"Organization","@id":"https:\/\/www.ikuchyne.sk\/eshop\/#organization","name":"ikuchyne!","url":"https:\/\/www.ikuchyne.sk\/eshop\/","logo":{"@type":"ImageObject","inLanguage":"sk-SK","@id":"https:\/\/www.ikuchyne.sk\/eshop\/#\/schema\/logo\/image\/","url":"https:\/\/www.ikuchyne.sk\/eshop\/wp-content\/uploads\/2017\/04\/ikuchyne-logo.jpg","contentUrl":"https:\/\/www.ikuchyne.sk\/eshop\/wp-content\/uploads\/2017\/04\/ikuchyne-logo.jpg","width":200,"height":48,"caption":"ikuchyne!"},"image":{"@id":"https:\/\/www.ikuchyne.sk\/eshop\/#\/schema\/logo\/image\/"},"sameAs":["https:\/\/www.facebook.com\/ikuchyne\/","https:\/\/www.instagram.com\/ikuchyne.sk\/","https:\/\/sk.pinterest.com\/ikuchynesk\/"]},{"@type":"Person","@id":"https:\/\/www.ikuchyne.sk\/eshop\/#\/schema\/person\/e8664b1235509dd37b8daafa688d7679","name":"Nat\u00e1lia Turcovsk\u00e1","image":{"@type":"ImageObject","inLanguage":"sk-SK","@id":"https:\/\/www.ikuchyne.sk\/eshop\/#\/schema\/person\/image\/","url":"https:\/\/secure.gravatar.com\/avatar\/91b21b1a8821459a69190b70a6110ba4?s=96&d=wp_user_avatar&r=g","contentUrl":"https:\/\/secure.gravatar.com\/avatar\/91b21b1a8821459a69190b70a6110ba4?s=96&d=wp_user_avatar&r=g","caption":"Nat\u00e1lia Turcovsk\u00e1"},"description":"Nat\u00e1lia je absolventka medi\u00e1lnych \u0161t\u00fadi\u00ed na Pre\u0161ovskej univerzite v Pre\u0161ove. P\u00edsaniu sa venuje u\u017e od strednej \u0161koly. Vo vo\u013enom \u010dase najrad\u0161ej sadne do kresla a \u010d\u00edta knihy. Ob\u013eubuje zelen\u00fd \u010daj a pohodlie domova.","url":"https:\/\/www.ikuchyne.sk\/eshop\/author\/natalia-turcovska\/"}]}},"_links":{"self":[{"href":"https:\/\/www.ikuchyne.sk\/eshop\/wp-json\/wp\/v2\/posts\/151721"}],"collection":[{"href":"https:\/\/www.ikuchyne.sk\/eshop\/wp-json\/wp\/v2\/posts"}],"about":[{"href":"https:\/\/www.ikuchyne.sk\/eshop\/wp-json\/wp\/v2\/types\/post"}],"author":[{"embeddable":true,"href":"https:\/\/www.ikuchyne.sk\/eshop\/wp-json\/wp\/v2\/users\/563"}],"replies":[{"embeddable":true,"href":"https:\/\/www.ikuchyne.sk\/eshop\/wp-json\/wp\/v2\/comments?post=151721"}],"version-history":[{"count":1,"href":"https:\/\/www.ikuchyne.sk\/eshop\/wp-json\/wp\/v2\/posts\/151721\/revisions"}],"predecessor-version":[{"id":151741,"href":"https:\/\/www.ikuchyne.sk\/eshop\/wp-json\/wp\/v2\/posts\/151721\/revisions\/151741"}],"wp:featuredmedia":[{"embeddable":true,"href":"https:\/\/www.ikuchyne.sk\/eshop\/wp-json\/wp\/v2\/media\/151740"}],"wp:attachment":[{"href":"https:\/\/www.ikuchyne.sk\/eshop\/wp-json\/wp\/v2\/media?parent=151721"}],"wp:term":[{"taxonomy":"category","embeddable":true,"href":"https:\/\/www.ikuchyne.sk\/eshop\/wp-json\/wp\/v2\/categories?post=151721"},{"taxonomy":"post_tag","embeddable":true,"href":"https:\/\/www.ikuchyne.sk\/eshop\/wp-json\/wp\/v2\/tags?post=151721"}],"curies":[{"name":"wp","href":"https:\/\/api.w.org\/{rel}","templated":true}]}}