{"id":151918,"date":"2021-05-05T16:29:41","date_gmt":"2021-05-05T14:29:41","guid":{"rendered":"https:\/\/www.ikuchyne.sk\/eshop\/?p=151918"},"modified":"2021-05-05T16:29:41","modified_gmt":"2021-05-05T14:29:41","slug":"aka-podlaha-patri-do-kuchyne","status":"publish","type":"post","link":"https:\/\/www.ikuchyne.sk\/eshop\/aka-podlaha-patri-do-kuchyne\/","title":{"rendered":"Ak\u00e1 podlaha patr\u00ed do kuchyne?"},"content":{"rendered":"<p>[vc_row][vc_column][vc_column_text]Podlaha do kuchyne mus\u00ed zn\u00e1\u0161a\u0165 <strong>ve\u013ek\u00fa z\u00e1\u0165a\u017e<\/strong> a mala by by\u0165 <strong>odoln\u00e1 vo\u010di oderu<\/strong>. Kuchynsk\u00e1 podlaha by mala by\u0165 v prvom rade funk\u010dn\u00e1, a\u017e potom estetick\u00e1. S\u00fa\u010dasn\u00e9 n\u00e1roky na interi\u00e9rov\u00fd dizajn hierarchiu d\u00f4le\u017eitosti trochu zamie\u0161ali. Je n\u00e1ro\u010dn\u00e9 n\u00e1js\u0165 podlahu, ktor\u00e1 lad\u00ed s n\u00e1bytkom a dobre zn\u00e1\u0161a z\u00e1\u0165a\u017e aj \u010dast\u00e9 po\u0161kodenia.[\/vc_column_text][\/vc_column][\/vc_row][vc_row][vc_column][vc_column_text]<\/p>\n<h2><span style=\"color: #e3245e;\"><b>Dla\u017eba<\/b><\/span><\/h2>\n<p>Dla\u017eba patr\u00ed v s\u00fa\u010dasnosti k najroz\u0161\u00edrenej\u0161\u00edm kuchynsk\u00fdm podlah\u00e1m. Okrem toho, \u017ee <strong>dobre zn\u00e1\u0161a vlhkos\u0165 a agres\u00edvne l\u00e1tky<\/strong>, ako napr\u00edklad vriacu polievku alebo chemick\u00fd prostriedok, m\u00e1 v\u0161ak aj zop\u00e1r nev\u00fdhod.<\/p>\n<p><strong>Na dotyk je studen\u00e1<\/strong>, \u010do ur\u010dite odrad\u00ed mlad\u00fdch rodi\u010dov, ktor\u00fdch deti rady behaj\u00fa bez pap\u00fa\u010d. Od chladnej podlahy sa d\u00e1 naj\u013eah\u0161ie prechladn\u00fa\u0165. V zime je pobyt v kuchyni s kamennou dla\u017ebou bez tepl\u00fdch pap\u00fa\u010d neznesite\u013en\u00fd. Pokia\u013e m\u00e1te podlahov\u00e9 vykurovanie, tento probl\u00e9m sa v\u00e1s net\u00fdka.[\/vc_column_text][vc_single_image image=&#8221;151921&#8243; img_size=&#8221;large&#8221; add_caption=&#8221;yes&#8221; alignment=&#8221;center&#8221; style=&#8221;vc_box_rounded&#8221; onclick=&#8221;custom_link&#8221; img_link_target=&#8221;_blank&#8221; link=&#8221;https:\/\/www.ikuchyne.sk\/&#8221;][vc_column_text]Ak chcete ma\u0165 <strong>kuchy\u0148u dokonale zladen\u00fa<\/strong>, keramick\u00e1 podlaha je ide\u00e1lna. K va\u0161ej kuchyni zaru\u010dene k\u00fapite obklad aj dla\u017ebu, aby vytvoril pr\u00edjemn\u00fa atmosf\u00e9ru.<\/p>\n<p>Druhou nev\u00fdhodou je to, \u017ee <strong>pri p\u00e1de sa ka\u017ed\u00fd kus riadu s ur\u010ditos\u0165ou rozbije<\/strong>. V pr\u00edpade \u0165a\u017e\u0161\u00edch predmetov m\u00f4\u017ee d\u00f4js\u0165 k po\u0161kodeniu samotnej dla\u017eby. M\u00f4\u017eu na nej vznikn\u00fa\u0165 praskliny, ktor\u00e9 v\u00fdsledn\u00fd efekt z novej kuchyne cite\u013ene oslabia.[\/vc_column_text][\/vc_column][\/vc_row][vc_row][vc_column][vc_column_text]<\/p>\n<h2><span style=\"color: #e3245e;\"><b>Dreven\u00e1 podlaha do kuchyne<br \/>\n<\/b><\/span><\/h2>\n<p><strong>Cena drevenej podlahy je zvy\u010dajne vy\u0161\u0161ia<\/strong> ne\u017e pri ostatn\u00fdch typoch kuchynskej dl\u00e1\u017eky, no napriek tomu po nej mnoho Slov\u00e1kov vytrvalo t\u00fa\u017ei. Spojenie dreva a kuchyne vych\u00e1dza najm\u00e4 z hist\u00f3rie.[\/vc_column_text][vc_single_image image=&#8221;151922&#8243; img_size=&#8221;large&#8221; add_caption=&#8221;yes&#8221; alignment=&#8221;center&#8221; style=&#8221;vc_box_rounded&#8221; onclick=&#8221;custom_link&#8221; img_link_target=&#8221;_blank&#8221; link=&#8221;https:\/\/www.ikuchyne.sk\/&#8221;][vc_column_text]Je pravda, \u017ee dreven\u00fa podlahu mo\u017eno udr\u017eiava\u0165 v relat\u00edvne novej podobe pomerne dlho, a to v\u010faka<strong> lakovaniu<\/strong> a <strong>br\u00faseniu<\/strong>. Tie zahladia \u0161krabance, ryhy a prelia\u010diny, na ktor\u00e9 je dreven\u00e1 podlaha n\u00e1chyln\u00e1. Aj preto nie je najvhodnej\u0161ou podlahou do kuchyne. <strong>Zle zn\u00e1\u0161a kontakt s vodou<\/strong> a agres\u00edvnymi l\u00e1tkami.[\/vc_column_text][vc_single_image image=&#8221;151924&#8243; img_size=&#8221;large&#8221; add_caption=&#8221;yes&#8221; alignment=&#8221;center&#8221; style=&#8221;vc_box_rounded&#8221; onclick=&#8221;custom_link&#8221; img_link_target=&#8221;_blank&#8221; link=&#8221;https:\/\/www.ikuchyne.sk\/&#8221;][vc_message icon_fontawesome=&#8221;&#8221;]<b>RADA ODBORN\u00cdKA:\u00a0<\/b>Dreven\u00fa podlahu by ste si mali da\u0165 zhotovi\u0165 z tvrd\u00e9ho dreva. Odpor\u00fa\u010dame pou\u017ei\u0165 bambus, buk \u010di dub.[\/vc_message][vc_column_text]<\/p>\n<h2><span style=\"color: #e3245e;\"><b>Lamin\u00e1t<\/b><\/span><\/h2>\n<p>Lamin\u00e1t je<strong> lacnej\u0161\u00ed ako drevo<\/strong>, to ale nezaru\u010duje, \u017ee je v kuchyni praktickej\u0161\u00ed. Treba si vybra\u0165 typ, ktor\u00fd je odoln\u00fd vo\u010di po\u0161kriabaniu a m\u00e1 primerane hust\u00fa HDF. Ak tak nesprav\u00edte, riskujete, \u017ee sa podlaha po\u0161kod\u00ed a bude nutn\u00e9 cel\u00fa ju vymeni\u0165. Lamin\u00e1t <strong>zle zn\u00e1\u0161a vlhkos\u0165<\/strong>, preto ho treba v\u017edy do sucha utrie\u0165, aby nenapu\u010dal.[\/vc_column_text][vc_single_image image=&#8221;151925&#8243; img_size=&#8221;large&#8221; add_caption=&#8221;yes&#8221; alignment=&#8221;center&#8221; style=&#8221;vc_box_rounded&#8221; onclick=&#8221;custom_link&#8221; img_link_target=&#8221;_blank&#8221; link=&#8221;https:\/\/www.ikuchyne.sk\/&#8221;][vc_column_text]<\/p>\n<h2><span style=\"color: #e3245e;\"><b>Vinyl<\/b><\/span><\/h2>\n<p>Vinyl je aj napriek mierne vy\u0161\u0161ej cene<strong> najvhodnej\u0161ou kuchynskou podlahou<\/strong> a stretneme sa s n\u00edm v mnoh\u00fdch slovensk\u00fdch kuchyniach. Sklad\u00e1 sa zo syntetick\u00fdch materi\u00e1lov, v\u010faka \u010domu je vysoko odoln\u00fd vo\u010di v\u00e4\u010d\u0161ine druhov po\u0161kodenia a vode. Uplat\u0148uje sa preto nielen v kuchyni, ale aj v k\u00fape\u013eni.[\/vc_column_text][vc_single_image image=&#8221;151926&#8243; img_size=&#8221;large&#8221; add_caption=&#8221;yes&#8221; alignment=&#8221;center&#8221; style=&#8221;vc_box_rounded&#8221; onclick=&#8221;custom_link&#8221; img_link_target=&#8221;_blank&#8221; link=&#8221;https:\/\/www.ikuchyne.sk\/&#8221;][vc_column_text]Svoju farbu a tvar si udr\u017e\u00ed po mnoho rokov. Nevy\u017eaduje pritom takmer \u017eiadnu starostlivos\u0165. Variabilitou dizajnov a text\u00far <strong>konkuruje lamin\u00e1tu<\/strong>. Dnes nie je probl\u00e9m skombinova\u0165 vinylov\u00fa podlahu s ak\u00fdmko\u013evek druhom n\u00e1bytku.<\/p>\n<p>\u010eal\u0161ou z v\u00fdhod vinylu je jeho teplota, ktor\u00e1 je vy\u0161\u0161ia ako pri lamin\u00e1te \u010di kamennej dla\u017ebe. Aj v\u010faka sa zd\u00e1 <strong>spojenie vinylovej podlahy a kuchyne ide\u00e1lne<\/strong>.[\/vc_column_text][vc_single_image image=&#8221;151928&#8243; img_size=&#8221;large&#8221; add_caption=&#8221;yes&#8221; alignment=&#8221;center&#8221; style=&#8221;vc_box_rounded&#8221; onclick=&#8221;custom_link&#8221; img_link_target=&#8221;_blank&#8221; link=&#8221;https:\/\/www.ikuchyne.sk\/&#8221;][\/vc_column][\/vc_row][vc_row][vc_column][vc_column_text]Ako ste mali mo\u017enos\u0165 sa dozvedie\u0165, existuje nieko\u013eko sp\u00f4sobov, ako sa s v\u00fdberom kuchynskej podlahy popasova\u0165. V niektor\u00fdch pr\u00edpadoch sa do popredia dost\u00e1va dizajn, v in\u00fdch <strong>funk\u010dnos\u0165<\/strong>. Mali by ste dobre zv\u00e1\u017ei\u0165, ak\u00fd typ potrebujete a re\u00e1lne vyu\u017eijete, aby ste zbyto\u010dne neinvestovali do podlahy, ktor\u00e1 bude vystavovan\u00e1 len minimu z\u00e1\u0165a\u017ee.[\/vc_column_text][vc_message icon_fontawesome=&#8221;&#8221;]<b>TIP NA Z\u00c1VER: <\/b>Najosved\u010denej\u0161ou kuchynskou podlahou je <strong>vinylov\u00e1<\/strong>. Je cenovo dostupn\u00e1, trvanliv\u00e1, estetick\u00e1 a ve\u013emi odoln\u00e1.[\/vc_message][vc_column_text]<\/p>\n<p style=\"text-align: center;\"><strong>H\u013ead\u00e1te viac in\u0161pir\u00e1cie?\u00a0<\/strong><\/p>\n<p style=\"text-align: center;\">Pozrite si n\u00e1\u0161 e-shop<br \/>\n<a href=\"https:\/\/ikuchyne.sk\/eshop\/\"><span style=\"color: #e3245e;\">Do e-shopu<\/span><\/a><\/p>\n<p>[\/vc_column_text][\/vc_column][\/vc_row]<\/p>\n","protected":false},"excerpt":{"rendered":"<p>[vc_row][vc_column][vc_column_text]Podlaha do kuchyne mus\u00ed zn\u00e1\u0161a\u0165 ve\u013ek\u00fa z\u00e1\u0165a\u017e a mala by by\u0165 odoln\u00e1 vo\u010di oderu. Kuchynsk\u00e1 podlaha by mala by\u0165 v prvom rade funk\u010dn\u00e1, a\u017e potom estetick\u00e1. S\u00fa\u010dasn\u00e9 n\u00e1roky na interi\u00e9rov\u00fd<\/p>\n","protected":false},"author":1177,"featured_media":151927,"comment_status":"closed","ping_status":"open","sticky":false,"template":"","format":"standard","meta":{"footnotes":""},"categories":[1009],"tags":[],"yoast_head":"<!-- This site is optimized with the Yoast SEO plugin v22.1 - https:\/\/yoast.com\/wordpress\/plugins\/seo\/ -->\n<title>Ak\u00e1 podlaha patr\u00ed do kuchyne? &#187; iKuchyne iSHOP s n\u00e1bytkom<\/title>\n<meta name=\"description\" content=\"Podlaha do kuchyne mus\u00ed zn\u00e1\u0161a\u0165 ve\u013ek\u00fa z\u00e1\u0165a\u017e a mala by by\u0165 odoln\u00e1 vo\u010di oderu. Kuchynsk\u00e1 podlaha by mala by\u0165 funk\u010dn\u00e1, a\u017e potom estetick\u00e1.\" \/>\n<meta name=\"robots\" content=\"index, follow, max-snippet:-1, max-image-preview:large, max-video-preview:-1\" \/>\n<link rel=\"canonical\" href=\"https:\/\/www.ikuchyne.sk\/eshop\/aka-podlaha-patri-do-kuchyne\/\" \/>\n<meta property=\"og:locale\" content=\"sk_SK\" \/>\n<meta property=\"og:type\" content=\"article\" \/>\n<meta property=\"og:title\" content=\"Ak\u00e1 podlaha patr\u00ed do kuchyne? &#187; iKuchyne iSHOP s n\u00e1bytkom\" \/>\n<meta property=\"og:description\" content=\"Podlaha do kuchyne mus\u00ed zn\u00e1\u0161a\u0165 ve\u013ek\u00fa z\u00e1\u0165a\u017e a mala by by\u0165 odoln\u00e1 vo\u010di oderu. Kuchynsk\u00e1 podlaha by mala by\u0165 funk\u010dn\u00e1, a\u017e potom estetick\u00e1.\" \/>\n<meta property=\"og:url\" content=\"https:\/\/www.ikuchyne.sk\/eshop\/aka-podlaha-patri-do-kuchyne\/\" \/>\n<meta property=\"og:site_name\" content=\"iKuchyne iSHOP s n\u00e1bytkom\" \/>\n<meta property=\"article:publisher\" content=\"https:\/\/www.facebook.com\/ikuchyne\/\" \/>\n<meta property=\"article:published_time\" content=\"2021-05-05T14:29:41+00:00\" \/>\n<meta property=\"og:image\" content=\"https:\/\/www.ikuchyne.sk\/eshop\/wp-content\/uploads\/2021\/05\/9-1.jpg\" \/>\n\t<meta property=\"og:image:width\" content=\"1280\" \/>\n\t<meta property=\"og:image:height\" content=\"853\" \/>\n\t<meta property=\"og:image:type\" content=\"image\/jpeg\" \/>\n<meta name=\"author\" content=\"Juraj Pavlik\" \/>\n<meta name=\"twitter:card\" content=\"summary_large_image\" \/>\n<meta name=\"twitter:label1\" content=\"Autor\" \/>\n\t<meta name=\"twitter:data1\" content=\"Juraj Pavlik\" \/>\n\t<meta name=\"twitter:label2\" content=\"Predpokladan\u00fd \u010das \u010d\u00edtania\" \/>\n\t<meta name=\"twitter:data2\" content=\"3 min\u00faty\" \/>\n<script type=\"application\/ld+json\" class=\"yoast-schema-graph\">{\"@context\":\"https:\/\/schema.org\",\"@graph\":[{\"@type\":\"Article\",\"@id\":\"https:\/\/www.ikuchyne.sk\/eshop\/aka-podlaha-patri-do-kuchyne\/#article\",\"isPartOf\":{\"@id\":\"https:\/\/www.ikuchyne.sk\/eshop\/aka-podlaha-patri-do-kuchyne\/\"},\"author\":{\"name\":\"Juraj Pavlik\",\"@id\":\"https:\/\/www.ikuchyne.sk\/eshop\/#\/schema\/person\/4d8ce08d014894018d3709d7d3cbbe1d\"},\"headline\":\"Ak\u00e1 podlaha patr\u00ed do kuchyne?\",\"datePublished\":\"2021-05-05T14:29:41+00:00\",\"dateModified\":\"2021-05-05T14:29:41+00:00\",\"mainEntityOfPage\":{\"@id\":\"https:\/\/www.ikuchyne.sk\/eshop\/aka-podlaha-patri-do-kuchyne\/\"},\"wordCount\":944,\"publisher\":{\"@id\":\"https:\/\/www.ikuchyne.sk\/eshop\/#organization\"},\"articleSection\":[\"PORAD\u0147A\"],\"inLanguage\":\"sk-SK\"},{\"@type\":\"WebPage\",\"@id\":\"https:\/\/www.ikuchyne.sk\/eshop\/aka-podlaha-patri-do-kuchyne\/\",\"url\":\"https:\/\/www.ikuchyne.sk\/eshop\/aka-podlaha-patri-do-kuchyne\/\",\"name\":\"Ak\u00e1 podlaha patr\u00ed do kuchyne? &#187; iKuchyne iSHOP s n\u00e1bytkom\",\"isPartOf\":{\"@id\":\"https:\/\/www.ikuchyne.sk\/eshop\/#website\"},\"datePublished\":\"2021-05-05T14:29:41+00:00\",\"dateModified\":\"2021-05-05T14:29:41+00:00\",\"description\":\"Podlaha do kuchyne mus\u00ed zn\u00e1\u0161a\u0165 ve\u013ek\u00fa z\u00e1\u0165a\u017e a mala by by\u0165 odoln\u00e1 vo\u010di oderu. Kuchynsk\u00e1 podlaha by mala by\u0165 funk\u010dn\u00e1, a\u017e potom estetick\u00e1.\",\"breadcrumb\":{\"@id\":\"https:\/\/www.ikuchyne.sk\/eshop\/aka-podlaha-patri-do-kuchyne\/#breadcrumb\"},\"inLanguage\":\"sk-SK\",\"potentialAction\":[{\"@type\":\"ReadAction\",\"target\":[\"https:\/\/www.ikuchyne.sk\/eshop\/aka-podlaha-patri-do-kuchyne\/\"]}]},{\"@type\":\"BreadcrumbList\",\"@id\":\"https:\/\/www.ikuchyne.sk\/eshop\/aka-podlaha-patri-do-kuchyne\/#breadcrumb\",\"itemListElement\":[{\"@type\":\"ListItem\",\"position\":1,\"name\":\"Home\",\"item\":\"https:\/\/www.ikuchyne.sk\/eshop\/\"},{\"@type\":\"ListItem\",\"position\":2,\"name\":\"Ak\u00e1 podlaha patr\u00ed do kuchyne?\"}]},{\"@type\":\"WebSite\",\"@id\":\"https:\/\/www.ikuchyne.sk\/eshop\/#website\",\"url\":\"https:\/\/www.ikuchyne.sk\/eshop\/\",\"name\":\"iKuchyne iSHOP s n\u00e1bytkom\",\"description\":\"Jed\u00e1lensk\u00e9 stoly, stoli\u010dky, n\u00e1bytok, svietidl\u00e1...\",\"publisher\":{\"@id\":\"https:\/\/www.ikuchyne.sk\/eshop\/#organization\"},\"potentialAction\":[{\"@type\":\"SearchAction\",\"target\":{\"@type\":\"EntryPoint\",\"urlTemplate\":\"https:\/\/www.ikuchyne.sk\/eshop\/?s={search_term_string}\"},\"query-input\":\"required name=search_term_string\"}],\"inLanguage\":\"sk-SK\"},{\"@type\":\"Organization\",\"@id\":\"https:\/\/www.ikuchyne.sk\/eshop\/#organization\",\"name\":\"ikuchyne!\",\"url\":\"https:\/\/www.ikuchyne.sk\/eshop\/\",\"logo\":{\"@type\":\"ImageObject\",\"inLanguage\":\"sk-SK\",\"@id\":\"https:\/\/www.ikuchyne.sk\/eshop\/#\/schema\/logo\/image\/\",\"url\":\"https:\/\/www.ikuchyne.sk\/eshop\/wp-content\/uploads\/2017\/04\/ikuchyne-logo.jpg\",\"contentUrl\":\"https:\/\/www.ikuchyne.sk\/eshop\/wp-content\/uploads\/2017\/04\/ikuchyne-logo.jpg\",\"width\":200,\"height\":48,\"caption\":\"ikuchyne!\"},\"image\":{\"@id\":\"https:\/\/www.ikuchyne.sk\/eshop\/#\/schema\/logo\/image\/\"},\"sameAs\":[\"https:\/\/www.facebook.com\/ikuchyne\/\",\"https:\/\/www.instagram.com\/ikuchyne.sk\/\",\"https:\/\/sk.pinterest.com\/ikuchynesk\/\"]},{\"@type\":\"Person\",\"@id\":\"https:\/\/www.ikuchyne.sk\/eshop\/#\/schema\/person\/4d8ce08d014894018d3709d7d3cbbe1d\",\"name\":\"Juraj Pavlik\",\"image\":{\"@type\":\"ImageObject\",\"inLanguage\":\"sk-SK\",\"@id\":\"https:\/\/www.ikuchyne.sk\/eshop\/#\/schema\/person\/image\/\",\"url\":\"https:\/\/secure.gravatar.com\/avatar\/dc257f408fb2c77b5ea45435006a5bae?s=96&d=wp_user_avatar&r=g\",\"contentUrl\":\"https:\/\/secure.gravatar.com\/avatar\/dc257f408fb2c77b5ea45435006a5bae?s=96&d=wp_user_avatar&r=g\",\"caption\":\"Juraj Pavlik\"},\"description\":\"Juraj sa popri \u0161t\u00fadiu psychol\u00f3gie naplno venuje p\u00edsaniu rozmanit\u00fdch \u010dl\u00e1nkov. Okrem p\u00edsania s\u00fa jeho v\u00e1\u0161\u0148ou knihy a digit\u00e1lna ma\u013eba. Vo\u013en\u00fd \u010das tr\u00e1vi vlastnou liter\u00e1rnou tvorbou, \u0161portom a po\u010d\u00favan\u00edm dobrej hudby.\",\"url\":\"https:\/\/www.ikuchyne.sk\/eshop\/author\/juraj-pavlik\/\"}]}<\/script>\n<!-- \/ Yoast SEO plugin. -->","yoast_head_json":{"title":"Ak\u00e1 podlaha patr\u00ed do kuchyne? &#187; iKuchyne iSHOP s n\u00e1bytkom","description":"Podlaha do kuchyne mus\u00ed zn\u00e1\u0161a\u0165 ve\u013ek\u00fa z\u00e1\u0165a\u017e a mala by by\u0165 odoln\u00e1 vo\u010di oderu. Kuchynsk\u00e1 podlaha by mala by\u0165 funk\u010dn\u00e1, a\u017e potom estetick\u00e1.","robots":{"index":"index","follow":"follow","max-snippet":"max-snippet:-1","max-image-preview":"max-image-preview:large","max-video-preview":"max-video-preview:-1"},"canonical":"https:\/\/www.ikuchyne.sk\/eshop\/aka-podlaha-patri-do-kuchyne\/","og_locale":"sk_SK","og_type":"article","og_title":"Ak\u00e1 podlaha patr\u00ed do kuchyne? &#187; iKuchyne iSHOP s n\u00e1bytkom","og_description":"Podlaha do kuchyne mus\u00ed zn\u00e1\u0161a\u0165 ve\u013ek\u00fa z\u00e1\u0165a\u017e a mala by by\u0165 odoln\u00e1 vo\u010di oderu. Kuchynsk\u00e1 podlaha by mala by\u0165 funk\u010dn\u00e1, a\u017e potom estetick\u00e1.","og_url":"https:\/\/www.ikuchyne.sk\/eshop\/aka-podlaha-patri-do-kuchyne\/","og_site_name":"iKuchyne iSHOP s n\u00e1bytkom","article_publisher":"https:\/\/www.facebook.com\/ikuchyne\/","article_published_time":"2021-05-05T14:29:41+00:00","og_image":[{"width":1280,"height":853,"url":"https:\/\/www.ikuchyne.sk\/eshop\/wp-content\/uploads\/2021\/05\/9-1.jpg","type":"image\/jpeg"}],"author":"Juraj Pavlik","twitter_card":"summary_large_image","twitter_misc":{"Autor":"Juraj Pavlik","Predpokladan\u00fd \u010das \u010d\u00edtania":"3 min\u00faty"},"schema":{"@context":"https:\/\/schema.org","@graph":[{"@type":"Article","@id":"https:\/\/www.ikuchyne.sk\/eshop\/aka-podlaha-patri-do-kuchyne\/#article","isPartOf":{"@id":"https:\/\/www.ikuchyne.sk\/eshop\/aka-podlaha-patri-do-kuchyne\/"},"author":{"name":"Juraj Pavlik","@id":"https:\/\/www.ikuchyne.sk\/eshop\/#\/schema\/person\/4d8ce08d014894018d3709d7d3cbbe1d"},"headline":"Ak\u00e1 podlaha patr\u00ed do kuchyne?","datePublished":"2021-05-05T14:29:41+00:00","dateModified":"2021-05-05T14:29:41+00:00","mainEntityOfPage":{"@id":"https:\/\/www.ikuchyne.sk\/eshop\/aka-podlaha-patri-do-kuchyne\/"},"wordCount":944,"publisher":{"@id":"https:\/\/www.ikuchyne.sk\/eshop\/#organization"},"articleSection":["PORAD\u0147A"],"inLanguage":"sk-SK"},{"@type":"WebPage","@id":"https:\/\/www.ikuchyne.sk\/eshop\/aka-podlaha-patri-do-kuchyne\/","url":"https:\/\/www.ikuchyne.sk\/eshop\/aka-podlaha-patri-do-kuchyne\/","name":"Ak\u00e1 podlaha patr\u00ed do kuchyne? &#187; iKuchyne iSHOP s n\u00e1bytkom","isPartOf":{"@id":"https:\/\/www.ikuchyne.sk\/eshop\/#website"},"datePublished":"2021-05-05T14:29:41+00:00","dateModified":"2021-05-05T14:29:41+00:00","description":"Podlaha do kuchyne mus\u00ed zn\u00e1\u0161a\u0165 ve\u013ek\u00fa z\u00e1\u0165a\u017e a mala by by\u0165 odoln\u00e1 vo\u010di oderu. Kuchynsk\u00e1 podlaha by mala by\u0165 funk\u010dn\u00e1, a\u017e potom estetick\u00e1.","breadcrumb":{"@id":"https:\/\/www.ikuchyne.sk\/eshop\/aka-podlaha-patri-do-kuchyne\/#breadcrumb"},"inLanguage":"sk-SK","potentialAction":[{"@type":"ReadAction","target":["https:\/\/www.ikuchyne.sk\/eshop\/aka-podlaha-patri-do-kuchyne\/"]}]},{"@type":"BreadcrumbList","@id":"https:\/\/www.ikuchyne.sk\/eshop\/aka-podlaha-patri-do-kuchyne\/#breadcrumb","itemListElement":[{"@type":"ListItem","position":1,"name":"Home","item":"https:\/\/www.ikuchyne.sk\/eshop\/"},{"@type":"ListItem","position":2,"name":"Ak\u00e1 podlaha patr\u00ed do kuchyne?"}]},{"@type":"WebSite","@id":"https:\/\/www.ikuchyne.sk\/eshop\/#website","url":"https:\/\/www.ikuchyne.sk\/eshop\/","name":"iKuchyne iSHOP s n\u00e1bytkom","description":"Jed\u00e1lensk\u00e9 stoly, stoli\u010dky, n\u00e1bytok, svietidl\u00e1...","publisher":{"@id":"https:\/\/www.ikuchyne.sk\/eshop\/#organization"},"potentialAction":[{"@type":"SearchAction","target":{"@type":"EntryPoint","urlTemplate":"https:\/\/www.ikuchyne.sk\/eshop\/?s={search_term_string}"},"query-input":"required name=search_term_string"}],"inLanguage":"sk-SK"},{"@type":"Organization","@id":"https:\/\/www.ikuchyne.sk\/eshop\/#organization","name":"ikuchyne!","url":"https:\/\/www.ikuchyne.sk\/eshop\/","logo":{"@type":"ImageObject","inLanguage":"sk-SK","@id":"https:\/\/www.ikuchyne.sk\/eshop\/#\/schema\/logo\/image\/","url":"https:\/\/www.ikuchyne.sk\/eshop\/wp-content\/uploads\/2017\/04\/ikuchyne-logo.jpg","contentUrl":"https:\/\/www.ikuchyne.sk\/eshop\/wp-content\/uploads\/2017\/04\/ikuchyne-logo.jpg","width":200,"height":48,"caption":"ikuchyne!"},"image":{"@id":"https:\/\/www.ikuchyne.sk\/eshop\/#\/schema\/logo\/image\/"},"sameAs":["https:\/\/www.facebook.com\/ikuchyne\/","https:\/\/www.instagram.com\/ikuchyne.sk\/","https:\/\/sk.pinterest.com\/ikuchynesk\/"]},{"@type":"Person","@id":"https:\/\/www.ikuchyne.sk\/eshop\/#\/schema\/person\/4d8ce08d014894018d3709d7d3cbbe1d","name":"Juraj Pavlik","image":{"@type":"ImageObject","inLanguage":"sk-SK","@id":"https:\/\/www.ikuchyne.sk\/eshop\/#\/schema\/person\/image\/","url":"https:\/\/secure.gravatar.com\/avatar\/dc257f408fb2c77b5ea45435006a5bae?s=96&d=wp_user_avatar&r=g","contentUrl":"https:\/\/secure.gravatar.com\/avatar\/dc257f408fb2c77b5ea45435006a5bae?s=96&d=wp_user_avatar&r=g","caption":"Juraj Pavlik"},"description":"Juraj sa popri \u0161t\u00fadiu psychol\u00f3gie naplno venuje p\u00edsaniu rozmanit\u00fdch \u010dl\u00e1nkov. Okrem p\u00edsania s\u00fa jeho v\u00e1\u0161\u0148ou knihy a digit\u00e1lna ma\u013eba. Vo\u013en\u00fd \u010das tr\u00e1vi vlastnou liter\u00e1rnou tvorbou, \u0161portom a po\u010d\u00favan\u00edm dobrej hudby.","url":"https:\/\/www.ikuchyne.sk\/eshop\/author\/juraj-pavlik\/"}]}},"_links":{"self":[{"href":"https:\/\/www.ikuchyne.sk\/eshop\/wp-json\/wp\/v2\/posts\/151918"}],"collection":[{"href":"https:\/\/www.ikuchyne.sk\/eshop\/wp-json\/wp\/v2\/posts"}],"about":[{"href":"https:\/\/www.ikuchyne.sk\/eshop\/wp-json\/wp\/v2\/types\/post"}],"author":[{"embeddable":true,"href":"https:\/\/www.ikuchyne.sk\/eshop\/wp-json\/wp\/v2\/users\/1177"}],"replies":[{"embeddable":true,"href":"https:\/\/www.ikuchyne.sk\/eshop\/wp-json\/wp\/v2\/comments?post=151918"}],"version-history":[{"count":1,"href":"https:\/\/www.ikuchyne.sk\/eshop\/wp-json\/wp\/v2\/posts\/151918\/revisions"}],"predecessor-version":[{"id":151929,"href":"https:\/\/www.ikuchyne.sk\/eshop\/wp-json\/wp\/v2\/posts\/151918\/revisions\/151929"}],"wp:featuredmedia":[{"embeddable":true,"href":"https:\/\/www.ikuchyne.sk\/eshop\/wp-json\/wp\/v2\/media\/151927"}],"wp:attachment":[{"href":"https:\/\/www.ikuchyne.sk\/eshop\/wp-json\/wp\/v2\/media?parent=151918"}],"wp:term":[{"taxonomy":"category","embeddable":true,"href":"https:\/\/www.ikuchyne.sk\/eshop\/wp-json\/wp\/v2\/categories?post=151918"},{"taxonomy":"post_tag","embeddable":true,"href":"https:\/\/www.ikuchyne.sk\/eshop\/wp-json\/wp\/v2\/tags?post=151918"}],"curies":[{"name":"wp","href":"https:\/\/api.w.org\/{rel}","templated":true}]}}