{"id":152053,"date":"2021-05-11T11:50:08","date_gmt":"2021-05-11T09:50:08","guid":{"rendered":"https:\/\/www.ikuchyne.sk\/eshop\/?p=152053"},"modified":"2021-05-11T11:50:08","modified_gmt":"2021-05-11T09:50:08","slug":"skandinavsky-styl-kde-v-jednoduchosti-je-krasa","status":"publish","type":"post","link":"https:\/\/www.ikuchyne.sk\/eshop\/skandinavsky-styl-kde-v-jednoduchosti-je-krasa\/","title":{"rendered":"\u0160kandin\u00e1vsky \u0161t\u00fdl, kde v jednoduchosti je kr\u00e1sa"},"content":{"rendered":"<p>[vc_row][vc_column][vc_column_text]<strong>Minimalizmus m\u00f4\u017ee by\u0165 trendy, ale existuje \u010dist\u00fd dizajn, ktor\u00fd nikdy nevyjde z m\u00f3dy \u2013 \u0161kandin\u00e1vsky \u0161t\u00fdl. Dekor\u00e1cie m\u00f4\u017eu p\u00f4sobi\u0165 zdr\u017eanlivo ale pritom st\u00e1le \u00fatulne. Tento dizajn je popul\u00e1rny, preto\u017ee hovor\u00ed o na\u0161ej t\u00fa\u017ebe \u017ei\u0165 v pr\u00edjemnom a pohodlnom prostred\u00ed. Biele steny, dreven\u00e9 podlahy, modern\u00fd n\u00e1bytok a minimalistick\u00fd dekor s\u00fa charakteristick\u00e9 znaky \u0161kandin\u00e1vskej estetiky.<\/strong><\/p>\n<p>Aj ke\u010f \u0161kandin\u00e1vsky dizajn existuje u\u017e od 50. rokov 20.storo\u010dia, st\u00e1le je tento \u0161t\u00fdl popul\u00e1rnym trendom v\u00a0interi\u00e9rovom dizajne. \u0160kandin\u00e1vsky \u0161t\u00fdl je dizajn\u00e9rske hnutie, ktor\u00e9 je charakterizovan\u00e9 zameran\u00edm na funkcionalizmus a\u00a0jednoduchos\u0165. Zah\u0155\u0148a pou\u017eitie pr\u00edrodn\u00fdch materi\u00e1lov ako je ko\u017ea a\u00a0drevo. \u0160kandin\u00e1vsky interi\u00e9rov\u00fd dizajn je \u010dasto prepojen\u00fd s\u00a0pr\u00edrodou, ktor\u00fd kombinuje pr\u00edrodn\u00e9 tvary a\u00a0abstrakciu.[\/vc_column_text][vc_message message_box_color=&#8221;alert-success&#8221; icon_fontawesome=&#8221;&#8221;]<b>VEDELI STE, \u017dE:\u00a0<\/b>\u0160kandin\u00e1vsky interi\u00e9rov\u00fd dizajn je minimalistick\u00fd \u0161t\u00fdl, ktor\u00fd vyu\u017e\u00edva kombin\u00e1ciu text\u00far a jemn\u00fdch odtie\u0148ov, aby elegantn\u00fd modern\u00fd dekor p\u00f4sobil jemne a pr\u00edjemne.\u00a0Zd\u00f4raz\u0148uje \u010dist\u00e9 l\u00ednie, u\u017eito\u010dnos\u0165 a jednoduch\u00e9 zariadenie, ktor\u00e9 je funk\u010dn\u00e9, kr\u00e1sne a \u00fatuln\u00e9.[\/vc_message][vc_single_image image=&#8221;152054&#8243; img_size=&#8221;large&#8221; add_caption=&#8221;yes&#8221; alignment=&#8221;center&#8221; style=&#8221;vc_box_rounded&#8221; onclick=&#8221;custom_link&#8221; img_link_target=&#8221;_blank&#8221; link=&#8221;https:\/\/www.ikuchyne.sk\/&#8221;][\/vc_column][\/vc_row][vc_row][vc_column][vc_column_text]<\/p>\n<h2><span style=\"color: #e3245e;\"><b>\u0160kandin\u00e1vsky \u0161t\u00fdl &#8211; jednoduch\u00e1 kr\u00e1sa<\/b><\/span><\/h2>\n<p>V\u00a0\u0161kandin\u00e1vskom \u0161t\u00fdle sa kladie d\u00f4raz na \u010dist\u00e9 l\u00ednie a\u00a0vyv\u00e1\u017eenos\u0165 medzi praktickou a\u00a0estetickou str\u00e1nkou. <strong>Kombinovate\u013en\u00fd n\u00e1bytok<\/strong>, jednoduch\u00e9 a\u00a0\u010dist\u00e9 rie\u0161enia, ktor\u00fdm nech\u00fdba funk\u010dnos\u0165 a\u00a0\u0161t\u00fdl, s\u00fa pre domov najd\u00f4le\u017eitej\u0161ie. Hromadenie predmetov nem\u00e1 u\u00a0severanov miesto, d\u00f4le\u017eit\u00e9 je zbavi\u0165 sa prebyto\u010dn\u00fdch vec\u00ed hne\u010f a\u00a0tak docieli\u0165 minimalizmus vo svojej dom\u00e1cnosti. <strong>Tepl\u00e9 t\u00f3ny dreva a s\u00e9piov\u00e9 odtiene<\/strong> s\u00fa popul\u00e1rne v \u0161kandin\u00e1vskom interi\u00e9rovom dizajne, preto\u017ee v\u010faka nim sa miestnos\u0165 c\u00edti slne\u010dn\u00e1 a svetl\u00e1 bez pou\u017eitia ohromuj\u00facich jasn\u00fdch farieb.[\/vc_column_text][vc_single_image image=&#8221;152055&#8243; img_size=&#8221;large&#8221; add_caption=&#8221;yes&#8221; alignment=&#8221;center&#8221; style=&#8221;vc_box_rounded&#8221; onclick=&#8221;custom_link&#8221; img_link_target=&#8221;_blank&#8221; link=&#8221;https:\/\/www.ikuchyne.sk\/eshop\/produkt\/lavica-scandinavia-s-podrucou-svetloseda-buk\/&#8221;][vc_column_text]Izby navrhnut\u00e9 v\u00a0<a href=\"https:\/\/www.thespruce.com\/swedish-exteriors-4160257\" class=\"broken_link\"><span style=\"color: #e3245e;\">\u0161kandin\u00e1vskom \u0161t\u00fdle<\/span><\/a>\u00a0sa zvy\u010dajne m\u00f4\u017eu pochv\u00e1li\u0165 bielymi stenami zd\u00f4raz\u0148uj\u00facimi svetlo, neutr\u00e1lnou paletou farebn\u00fdch odtie\u0148ov, pr\u00edrodn\u00fdmi text\u00farami ako drevo a kame\u0148, nedostatkom povrchov\u00fdch \u00faprav okien a kobercov a jednoduch\u00fdm rozlo\u017een\u00edm n\u00e1bytku, ktor\u00e9 elegantne zd\u00f4raz\u0148uje minimalizmus. V\u00a0na\u0161ej <a href=\"https:\/\/www.ikuchyne.sk\/eshop\/kategoria\/serie-kategoria\/seria-scandic\/\"><span style=\"color: #e3245e;\">ponuke<\/span><\/a> m\u00f4\u017eete n\u00e1js\u0165 r\u00f4zne doplnky v\u00a0\u0161kandin\u00e1vskom \u0161t\u00fdle. V miestnosti zariadenej v\u00a0<a href=\"https:\/\/www.thespruce.com\/scandinavian-style-bathrooms-4149691\" class=\"broken_link\"><span style=\"color: #e3245e;\">\u0161kandin\u00e1vskom<\/span><\/a> \u0161t\u00fdle\u00a0m\u00f4\u017eete tie\u017e o\u010dak\u00e1va\u0165 podlahy z hol\u00e9ho dreva a biele natret\u00e9 tehlov\u00e9 steny, ktor\u00e9 dodaj\u00fa drsn\u00fa text\u00faru a maximalizuj\u00fa svetlo, ktor\u00e9 pr\u00fadi dovn\u00fatra cez ve\u013ek\u00e9 okn\u00e1.[\/vc_column_text][\/vc_column][\/vc_row][vc_row][vc_column][vc_column_text]<\/p>\n<h2><span style=\"color: #e3245e;\"><b>Myslite na formu a funk\u010dnos\u0165<br \/>\n<\/b><\/span><\/h2>\n<p>Pokia\u013e ide o pou\u017eitie n\u00e1bytku v \u0161kandin\u00e1vskom dizajne, mali by by\u0165 zrejm\u00e9 \u010dist\u00e9 l\u00ednie.\u00a0Stoly, stoli\u010dky, pohovky a zvy\u0161ok \u0161kandin\u00e1vskeho dekoru by mali ma\u0165 <strong>modern\u00fd n\u00e1dych s hladk\u00fdmi a zaoblen\u00fdmi hranami<\/strong>.\u00a0\u0160kandin\u00e1vsky dizajn sa vyzna\u010duje aj inovat\u00edvnym a funk\u010dn\u00fdm vyu\u017eit\u00edm priestoru, preto je v \u0161kandin\u00e1vskej ob\u00fdvacej izbe be\u017en\u00e9 vidie\u0165 viac\u00farov\u0148ov\u00e9 n\u00e1stenn\u00e9 police.\u00a0Tieto \u00falo\u017en\u00e9 priestory s\u00fa inovat\u00edvne a nen\u00e1ro\u010dn\u00e9 na priestor a dod\u00e1vaj\u00fa priestoru vizu\u00e1lnu zauj\u00edmavos\u0165.[\/vc_column_text][vc_single_image image=&#8221;152056&#8243; img_size=&#8221;large&#8221; add_caption=&#8221;yes&#8221; alignment=&#8221;center&#8221; style=&#8221;vc_box_rounded&#8221; onclick=&#8221;custom_link&#8221; img_link_target=&#8221;_blank&#8221; link=&#8221;https:\/\/www.ikuchyne.sk\/eshop\/produkt\/konferencny-stolik-s-podnosom-scandinavia-set-2ks\/&#8221;][vc_column_text]<\/p>\n<h2><span style=\"color: #e3245e;\"><b>Doplnenie interi\u00e9ru text\u00edliami<br \/>\n<\/b><\/span><\/h2>\n<p>V\u00e4\u010d\u0161ina kraj\u00edn v\u00a0\u0161kandin\u00e1vskom regi\u00f3ne m\u00e1 podnebie s\u00a0mimoriadne n\u00edzkymi teplotami. Pou\u017e\u00edvanie tepl\u00e9ho<strong> textilu je teda be\u017en\u00e9 pre \u0161kandin\u00e1vsky dom\u00e1ci dekor<\/strong>. Tieto text\u00edlie m\u00f4\u017eu ma\u0165 formu kobercov, r\u00f4znych dekora\u010dn\u00fdch vank\u00fa\u0161ikov, deky prehoden\u00e9 cez seda\u010dku. Doplnenie tepl\u00fdmi text\u00edliami je skvel\u00fd sp\u00f4sob, ako urobi\u0165 \u0161kandin\u00e1vsku ob\u00fdvaciu izbu \u00fatulnou a\u00a0teplou, a\u00a0to najm\u00e4 v\u00a0zime.[\/vc_column_text][vc_single_image image=&#8221;152057&#8243; img_size=&#8221;large&#8221; add_caption=&#8221;yes&#8221; alignment=&#8221;center&#8221; style=&#8221;vc_box_rounded&#8221; onclick=&#8221;custom_link&#8221; img_link_target=&#8221;_blank&#8221; link=&#8221;https:\/\/www.ikuchyne.sk\/eshop\/produkt\/koberec-abstrakt-350x240cm-sivy-modry\/&#8221;][vc_column_text]<\/p>\n<h2><span style=\"color: #e3245e;\"><b>Pr\u00edrodn\u00e9 doplnky a \u0161kandin\u00e1vsky \u0161t\u00fdl<br \/>\n<\/b><\/span><\/h2>\n<p>Do \u0161kandin\u00e1vskeho interi\u00e9ru sa odpor\u00fa\u010da prida\u0165 pr\u00edrodn\u00e9 prvky, aby vo va\u0161om interi\u00e9ri zostal \u017eiv\u00fd farebn\u00fd a\u00a0kr\u00e1sny prvok. Pokia\u013e ide o\u00a0to, zv\u00e1\u017ete ozdobenie svojej \u0161kandin\u00e1vskej miestnosti izbov\u00fdmi rastlinami a\u00a0\u010derstv\u00fdmi kvetmi. <strong>\u010cerstv\u00e9 kvety s\u00fa nevyhnutnos\u0165ou v\u00a0ka\u017edom \u0161kandin\u00e1vskom dome<\/strong>. V\u00a0\u0161kandin\u00e1vskom regi\u00f3ne s\u00fa ulice \u010dasto lemovan\u00e9 chodn\u00ed\u010dkami, ktor\u00e9 pred\u00e1vaj\u00fa \u010derstv\u00e9 kvety a\u00a0tulip\u00e1ny v\u00a0ka\u017edej farbe. Preto by mal \u0161kandin\u00e1vsky interi\u00e9r obsahova\u0165 aj rastliny.[\/vc_column_text][vc_single_image image=&#8221;152058&#8243; img_size=&#8221;large&#8221; add_caption=&#8221;yes&#8221; alignment=&#8221;center&#8221; style=&#8221;vc_box_rounded&#8221; onclick=&#8221;custom_link&#8221; img_link_target=&#8221;_blank&#8221; link=&#8221;https:\/\/sk.pinterest.com\/&#8221;][vc_column_text]<\/p>\n<h2><span style=\"color: #e3245e;\"><b>Zamerajte sa na neutr\u00e1lne farby<br \/>\n<\/b><\/span><\/h2>\n<p>So \u0161kandin\u00e1vskym dekorom s\u00favis\u00ed aj osobitn\u00e1 paleta farieb, ktor\u00e1 zah\u0155\u0148a odtiene \u0161edej, bielej, hnedej a\u00a0\u010diernej. Pri zaria\u010fovan\u00ed \u0161kandin\u00e1vskeho interi\u00e9ru <strong>sa preto zamerajte na pou\u017e\u00edvanie neutr\u00e1lnych farieb<\/strong>, aby bol v\u00e1\u0161 dizajn domu \u010dist\u00fd a\u00a0upokojuj\u00faci. V\u00a0typickom \u0161kandin\u00e1vskom interi\u00e9ri s\u00fa steny \u010dasto natret\u00e9 bielou farbou, aby vynikol n\u00e1bytok a\u00a0dekorat\u00edvne k\u00fasky.[\/vc_column_text][vc_single_image image=&#8221;152059&#8243; img_size=&#8221;large&#8221; add_caption=&#8221;yes&#8221; alignment=&#8221;center&#8221; style=&#8221;vc_box_rounded&#8221; onclick=&#8221;custom_link&#8221; img_link_target=&#8221;_blank&#8221; link=&#8221;https:\/\/www.ikuchyne.sk\/eshop\/produkt\/stolicka-scandinavia-biela-drevo-masiv\/&#8221;][vc_column_text]<\/p>\n<h2><span style=\"color: #e3245e;\"><b>Spr\u00e1vne osvetlenie je pre \u0161kandin\u00e1vsky \u0161t\u00fdl k\u013e\u00fa\u010dov\u00e9<br \/>\n<\/b><\/span><\/h2>\n<p>V\u00e4\u010d\u0161ina \u0161kandin\u00e1vskych domov si u\u017e\u00edva denn\u00e9 svetlo. Sp\u00f4sob, ak\u00fdm sa pou\u017e\u00edva osvetlenie, je teda v\u00a0\u0161kandin\u00e1vskom dizajne interi\u00e9ru ve\u013emi d\u00f4le\u017eit\u00fd. <strong>Osvetlenie sa pova\u017euje za zdroj \u017eivota<\/strong> a\u00a0\u0161kandin\u00e1vsky dekor by mal ma\u0165 r\u00f4zne formy osvetlenia, aby zabezpe\u010dil dostato\u010dn\u00e9 osvetlenie cel\u00e9ho priestoru. Odpor\u00fa\u010da sa pou\u017e\u00edva\u0165 modern\u00e9 osvetlenie s\u00a0priemyseln\u00fdm dizajnom a\u00a0z\u00e1vesn\u00fdmi \u017eiarovkami. Svetlo svie\u010dok a\u00a0svietniky m\u00f4\u017eu sp\u00f4sobi\u0165, \u017ee v\u00a0\u0161kandin\u00e1vskej ob\u00fdvacej izbe bude teplo, \u00fatulnos\u0165 a\u00a0romantika.[\/vc_column_text][vc_single_image image=&#8221;152060&#8243; img_size=&#8221;large&#8221; add_caption=&#8221;yes&#8221; alignment=&#8221;center&#8221; style=&#8221;vc_box_rounded&#8221; onclick=&#8221;custom_link&#8221; img_link_target=&#8221;_blank&#8221; link=&#8221;https:\/\/www.ikuchyne.sk\/eshop\/produkt\/zavesna-lampa-scandinavia-i-biela\/&#8221;][\/vc_column][\/vc_row][vc_row][vc_column][vc_column_text]S\u00a0na\u0161imi radami by ste mohli by\u0165 schopn\u00ed vytvori\u0165 ohromuj\u00faci priestor, ktor\u00fd v\u00a0sebe sp\u00e1ja jednoduchos\u0165, kr\u00e1su a\u00a0funk\u010dnos\u0165 \u0161kandin\u00e1vskeho interi\u00e9rov\u00e9ho dizajnu. Nesmrte\u013en\u00e1 kombin\u00e1cia bielej, sivej a\u00a0hnedej farby, ktor\u00fa tento \u0161kandin\u00e1vsky \u0161t\u00fdl pon\u00faka, \u00fa\u017easne zapadne do ka\u017ed\u00e9ho interi\u00e9ru.[\/vc_column_text][vc_message icon_fontawesome=&#8221;&#8221;]<b>TIP NA Z\u00c1VER:\u00a0<\/b>Jednou z najd\u00f4le\u017eitej\u0161\u00edch vlastnost\u00ed \u0161kandin\u00e1vskeho dizajnov\u00e9ho interi\u00e9ru je zaistenie toho, aby bol priestor nepreh\u013eadn\u00fd. Mali by ste sa preto vyhn\u00fa\u0165 zbyto\u010dn\u00e9mu neporiadku a \u00falo\u017en\u00e9 priestory musia by\u0165 inteligentne usporiadan\u00e9. Pokia\u013e ide o \u0161kandin\u00e1vsky \u0161t\u00fdl pri dekor\u00e1ci\u00e1ch, mus\u00ed sa dodr\u017ea\u0165 veta \u201emenej je niekedy viac\u201c, aby priestor p\u00f4sobil menej nepreh\u013eadne a vizu\u00e1lne relaxa\u010dne.[\/vc_message][\/vc_column][\/vc_row]<\/p>\n","protected":false},"excerpt":{"rendered":"<p>[vc_row][vc_column][vc_column_text]Minimalizmus m\u00f4\u017ee by\u0165 trendy, ale existuje \u010dist\u00fd dizajn, ktor\u00fd nikdy nevyjde z m\u00f3dy \u2013 \u0161kandin\u00e1vsky \u0161t\u00fdl. Dekor\u00e1cie m\u00f4\u017eu p\u00f4sobi\u0165 zdr\u017eanlivo ale pritom st\u00e1le \u00fatulne. Tento dizajn je popul\u00e1rny, preto\u017ee hovor\u00ed<\/p>\n","protected":false},"author":541,"featured_media":152061,"comment_status":"closed","ping_status":"open","sticky":false,"template":"","format":"standard","meta":{"footnotes":""},"categories":[1008,1129],"tags":[],"yoast_head":"<!-- This site is optimized with the Yoast SEO plugin v22.1 - https:\/\/yoast.com\/wordpress\/plugins\/seo\/ -->\n<title>\u0160kandin\u00e1vsky \u0161t\u00fdl, kde v jednoduchosti je kr\u00e1sa &#187; iKuchyne iSHOP s n\u00e1bytkom<\/title>\n<meta name=\"description\" content=\"\u0160kandin\u00e1vsky \u0161t\u00fdl je popul\u00e1rny, preto\u017ee hovor\u00ed o na\u0161ej t\u00fa\u017ebe \u017ei\u0165 v pr\u00edjemnom a pohodlnom prostred\u00ed. Biele steny, dreven\u00e9 podlahy, modern\u00fd n\u00e1bytok a minimalistick\u00fd dekor.\" \/>\n<meta name=\"robots\" content=\"index, follow, max-snippet:-1, max-image-preview:large, max-video-preview:-1\" \/>\n<link rel=\"canonical\" href=\"https:\/\/www.ikuchyne.sk\/eshop\/skandinavsky-styl-kde-v-jednoduchosti-je-krasa\/\" \/>\n<meta property=\"og:locale\" content=\"sk_SK\" \/>\n<meta property=\"og:type\" content=\"article\" \/>\n<meta property=\"og:title\" content=\"\u0160kandin\u00e1vsky \u0161t\u00fdl, kde v jednoduchosti je kr\u00e1sa &#187; iKuchyne iSHOP s n\u00e1bytkom\" \/>\n<meta property=\"og:description\" content=\"\u0160kandin\u00e1vsky \u0161t\u00fdl je popul\u00e1rny, preto\u017ee hovor\u00ed o na\u0161ej t\u00fa\u017ebe \u017ei\u0165 v pr\u00edjemnom a pohodlnom prostred\u00ed. Biele steny, dreven\u00e9 podlahy, modern\u00fd n\u00e1bytok a minimalistick\u00fd dekor.\" \/>\n<meta property=\"og:url\" content=\"https:\/\/www.ikuchyne.sk\/eshop\/skandinavsky-styl-kde-v-jednoduchosti-je-krasa\/\" \/>\n<meta property=\"og:site_name\" content=\"iKuchyne iSHOP s n\u00e1bytkom\" \/>\n<meta property=\"article:publisher\" content=\"https:\/\/www.facebook.com\/ikuchyne\/\" \/>\n<meta property=\"article:published_time\" content=\"2021-05-11T09:50:08+00:00\" \/>\n<meta property=\"og:image\" content=\"https:\/\/www.ikuchyne.sk\/eshop\/wp-content\/uploads\/2021\/05\/9aac066e9eeb4e657d902dc4f31688b4.jpg\" \/>\n\t<meta property=\"og:image:width\" content=\"564\" \/>\n\t<meta property=\"og:image:height\" content=\"705\" \/>\n\t<meta property=\"og:image:type\" content=\"image\/jpeg\" \/>\n<meta name=\"author\" content=\"Iveta Vr\u00e1b\u013eov\u00e1\" \/>\n<meta name=\"twitter:card\" content=\"summary_large_image\" \/>\n<meta name=\"twitter:label1\" content=\"Autor\" \/>\n\t<meta name=\"twitter:data1\" content=\"Iveta Vr\u00e1b\u013eov\u00e1\" \/>\n\t<meta name=\"twitter:label2\" content=\"Predpokladan\u00fd \u010das \u010d\u00edtania\" \/>\n\t<meta name=\"twitter:data2\" content=\"4 min\u00faty\" \/>\n<script type=\"application\/ld+json\" class=\"yoast-schema-graph\">{\"@context\":\"https:\/\/schema.org\",\"@graph\":[{\"@type\":\"Article\",\"@id\":\"https:\/\/www.ikuchyne.sk\/eshop\/skandinavsky-styl-kde-v-jednoduchosti-je-krasa\/#article\",\"isPartOf\":{\"@id\":\"https:\/\/www.ikuchyne.sk\/eshop\/skandinavsky-styl-kde-v-jednoduchosti-je-krasa\/\"},\"author\":{\"name\":\"Iveta Vr\u00e1b\u013eov\u00e1\",\"@id\":\"https:\/\/www.ikuchyne.sk\/eshop\/#\/schema\/person\/6b70cfc09dbb39ebfc4f2feb68a06bb7\"},\"headline\":\"\u0160kandin\u00e1vsky \u0161t\u00fdl, kde v jednoduchosti je kr\u00e1sa\",\"datePublished\":\"2021-05-11T09:50:08+00:00\",\"dateModified\":\"2021-05-11T09:50:08+00:00\",\"mainEntityOfPage\":{\"@id\":\"https:\/\/www.ikuchyne.sk\/eshop\/skandinavsky-styl-kde-v-jednoduchosti-je-krasa\/\"},\"wordCount\":1339,\"publisher\":{\"@id\":\"https:\/\/www.ikuchyne.sk\/eshop\/#organization\"},\"articleSection\":[\"IN\u0160PIR\u00c1CIE\",\"Produkty v realiz\u00e1ciach\"],\"inLanguage\":\"sk-SK\"},{\"@type\":\"WebPage\",\"@id\":\"https:\/\/www.ikuchyne.sk\/eshop\/skandinavsky-styl-kde-v-jednoduchosti-je-krasa\/\",\"url\":\"https:\/\/www.ikuchyne.sk\/eshop\/skandinavsky-styl-kde-v-jednoduchosti-je-krasa\/\",\"name\":\"\u0160kandin\u00e1vsky \u0161t\u00fdl, kde v jednoduchosti je kr\u00e1sa &#187; iKuchyne iSHOP s n\u00e1bytkom\",\"isPartOf\":{\"@id\":\"https:\/\/www.ikuchyne.sk\/eshop\/#website\"},\"datePublished\":\"2021-05-11T09:50:08+00:00\",\"dateModified\":\"2021-05-11T09:50:08+00:00\",\"description\":\"\u0160kandin\u00e1vsky \u0161t\u00fdl je popul\u00e1rny, preto\u017ee hovor\u00ed o na\u0161ej t\u00fa\u017ebe \u017ei\u0165 v pr\u00edjemnom a pohodlnom prostred\u00ed. Biele steny, dreven\u00e9 podlahy, modern\u00fd n\u00e1bytok a minimalistick\u00fd dekor.\",\"breadcrumb\":{\"@id\":\"https:\/\/www.ikuchyne.sk\/eshop\/skandinavsky-styl-kde-v-jednoduchosti-je-krasa\/#breadcrumb\"},\"inLanguage\":\"sk-SK\",\"potentialAction\":[{\"@type\":\"ReadAction\",\"target\":[\"https:\/\/www.ikuchyne.sk\/eshop\/skandinavsky-styl-kde-v-jednoduchosti-je-krasa\/\"]}]},{\"@type\":\"BreadcrumbList\",\"@id\":\"https:\/\/www.ikuchyne.sk\/eshop\/skandinavsky-styl-kde-v-jednoduchosti-je-krasa\/#breadcrumb\",\"itemListElement\":[{\"@type\":\"ListItem\",\"position\":1,\"name\":\"Home\",\"item\":\"https:\/\/www.ikuchyne.sk\/eshop\/\"},{\"@type\":\"ListItem\",\"position\":2,\"name\":\"\u0160kandin\u00e1vsky \u0161t\u00fdl, kde v jednoduchosti je kr\u00e1sa\"}]},{\"@type\":\"WebSite\",\"@id\":\"https:\/\/www.ikuchyne.sk\/eshop\/#website\",\"url\":\"https:\/\/www.ikuchyne.sk\/eshop\/\",\"name\":\"iKuchyne iSHOP s n\u00e1bytkom\",\"description\":\"Jed\u00e1lensk\u00e9 stoly, stoli\u010dky, n\u00e1bytok, svietidl\u00e1...\",\"publisher\":{\"@id\":\"https:\/\/www.ikuchyne.sk\/eshop\/#organization\"},\"potentialAction\":[{\"@type\":\"SearchAction\",\"target\":{\"@type\":\"EntryPoint\",\"urlTemplate\":\"https:\/\/www.ikuchyne.sk\/eshop\/?s={search_term_string}\"},\"query-input\":\"required name=search_term_string\"}],\"inLanguage\":\"sk-SK\"},{\"@type\":\"Organization\",\"@id\":\"https:\/\/www.ikuchyne.sk\/eshop\/#organization\",\"name\":\"ikuchyne!\",\"url\":\"https:\/\/www.ikuchyne.sk\/eshop\/\",\"logo\":{\"@type\":\"ImageObject\",\"inLanguage\":\"sk-SK\",\"@id\":\"https:\/\/www.ikuchyne.sk\/eshop\/#\/schema\/logo\/image\/\",\"url\":\"https:\/\/www.ikuchyne.sk\/eshop\/wp-content\/uploads\/2017\/04\/ikuchyne-logo.jpg\",\"contentUrl\":\"https:\/\/www.ikuchyne.sk\/eshop\/wp-content\/uploads\/2017\/04\/ikuchyne-logo.jpg\",\"width\":200,\"height\":48,\"caption\":\"ikuchyne!\"},\"image\":{\"@id\":\"https:\/\/www.ikuchyne.sk\/eshop\/#\/schema\/logo\/image\/\"},\"sameAs\":[\"https:\/\/www.facebook.com\/ikuchyne\/\",\"https:\/\/www.instagram.com\/ikuchyne.sk\/\",\"https:\/\/sk.pinterest.com\/ikuchynesk\/\"]},{\"@type\":\"Person\",\"@id\":\"https:\/\/www.ikuchyne.sk\/eshop\/#\/schema\/person\/6b70cfc09dbb39ebfc4f2feb68a06bb7\",\"name\":\"Iveta Vr\u00e1b\u013eov\u00e1\",\"image\":{\"@type\":\"ImageObject\",\"inLanguage\":\"sk-SK\",\"@id\":\"https:\/\/www.ikuchyne.sk\/eshop\/#\/schema\/person\/image\/\",\"url\":\"https:\/\/www.ikuchyne.sk\/eshop\/wp-content\/plugins\/wp-user-avatar\/deprecated\/wp-user-avatar\/images\/wpua-96x96.png\",\"contentUrl\":\"https:\/\/www.ikuchyne.sk\/eshop\/wp-content\/plugins\/wp-user-avatar\/deprecated\/wp-user-avatar\/images\/wpua-96x96.png\",\"caption\":\"Iveta Vr\u00e1b\u013eov\u00e1\"},\"description\":\"Iveta je mami\u010dka na materskej dovolenke. Cez de\u0148 sa venuje hlavne svoj\u00edm dvom de\u0165om a\u00a0ke\u010f si n\u00e1jde vo\u013en\u00fd \u010das, tak \u010d\u00edta knihy a\u00a0var\u00ed. Od kedy sa sna\u017e\u00ed zariadi\u0165 svoj nov\u00fd domov, tak na internete sleduje novinky vo svete n\u00e1bytkov a\u00a0doplnkov do dom\u00e1cnosti. Aj preto za\u010dala p\u00edsa\u0165 \u010dl\u00e1nky o\u00a0interi\u00e9rovom dizajne, aby tak pomohla sebe aj druh\u00fdm pri vyberan\u00ed toho spr\u00e1vneho n\u00e1bytku.\",\"url\":\"https:\/\/www.ikuchyne.sk\/eshop\/author\/iveta-vrablova\/\"}]}<\/script>\n<!-- \/ Yoast SEO plugin. -->","yoast_head_json":{"title":"\u0160kandin\u00e1vsky \u0161t\u00fdl, kde v jednoduchosti je kr\u00e1sa &#187; iKuchyne iSHOP s n\u00e1bytkom","description":"\u0160kandin\u00e1vsky \u0161t\u00fdl je popul\u00e1rny, preto\u017ee hovor\u00ed o na\u0161ej t\u00fa\u017ebe \u017ei\u0165 v pr\u00edjemnom a pohodlnom prostred\u00ed. Biele steny, dreven\u00e9 podlahy, modern\u00fd n\u00e1bytok a minimalistick\u00fd dekor.","robots":{"index":"index","follow":"follow","max-snippet":"max-snippet:-1","max-image-preview":"max-image-preview:large","max-video-preview":"max-video-preview:-1"},"canonical":"https:\/\/www.ikuchyne.sk\/eshop\/skandinavsky-styl-kde-v-jednoduchosti-je-krasa\/","og_locale":"sk_SK","og_type":"article","og_title":"\u0160kandin\u00e1vsky \u0161t\u00fdl, kde v jednoduchosti je kr\u00e1sa &#187; iKuchyne iSHOP s n\u00e1bytkom","og_description":"\u0160kandin\u00e1vsky \u0161t\u00fdl je popul\u00e1rny, preto\u017ee hovor\u00ed o na\u0161ej t\u00fa\u017ebe \u017ei\u0165 v pr\u00edjemnom a pohodlnom prostred\u00ed. Biele steny, dreven\u00e9 podlahy, modern\u00fd n\u00e1bytok a minimalistick\u00fd dekor.","og_url":"https:\/\/www.ikuchyne.sk\/eshop\/skandinavsky-styl-kde-v-jednoduchosti-je-krasa\/","og_site_name":"iKuchyne iSHOP s n\u00e1bytkom","article_publisher":"https:\/\/www.facebook.com\/ikuchyne\/","article_published_time":"2021-05-11T09:50:08+00:00","og_image":[{"width":564,"height":705,"url":"https:\/\/www.ikuchyne.sk\/eshop\/wp-content\/uploads\/2021\/05\/9aac066e9eeb4e657d902dc4f31688b4.jpg","type":"image\/jpeg"}],"author":"Iveta Vr\u00e1b\u013eov\u00e1","twitter_card":"summary_large_image","twitter_misc":{"Autor":"Iveta Vr\u00e1b\u013eov\u00e1","Predpokladan\u00fd \u010das \u010d\u00edtania":"4 min\u00faty"},"schema":{"@context":"https:\/\/schema.org","@graph":[{"@type":"Article","@id":"https:\/\/www.ikuchyne.sk\/eshop\/skandinavsky-styl-kde-v-jednoduchosti-je-krasa\/#article","isPartOf":{"@id":"https:\/\/www.ikuchyne.sk\/eshop\/skandinavsky-styl-kde-v-jednoduchosti-je-krasa\/"},"author":{"name":"Iveta Vr\u00e1b\u013eov\u00e1","@id":"https:\/\/www.ikuchyne.sk\/eshop\/#\/schema\/person\/6b70cfc09dbb39ebfc4f2feb68a06bb7"},"headline":"\u0160kandin\u00e1vsky \u0161t\u00fdl, kde v jednoduchosti je kr\u00e1sa","datePublished":"2021-05-11T09:50:08+00:00","dateModified":"2021-05-11T09:50:08+00:00","mainEntityOfPage":{"@id":"https:\/\/www.ikuchyne.sk\/eshop\/skandinavsky-styl-kde-v-jednoduchosti-je-krasa\/"},"wordCount":1339,"publisher":{"@id":"https:\/\/www.ikuchyne.sk\/eshop\/#organization"},"articleSection":["IN\u0160PIR\u00c1CIE","Produkty v realiz\u00e1ciach"],"inLanguage":"sk-SK"},{"@type":"WebPage","@id":"https:\/\/www.ikuchyne.sk\/eshop\/skandinavsky-styl-kde-v-jednoduchosti-je-krasa\/","url":"https:\/\/www.ikuchyne.sk\/eshop\/skandinavsky-styl-kde-v-jednoduchosti-je-krasa\/","name":"\u0160kandin\u00e1vsky \u0161t\u00fdl, kde v jednoduchosti je kr\u00e1sa &#187; iKuchyne iSHOP s n\u00e1bytkom","isPartOf":{"@id":"https:\/\/www.ikuchyne.sk\/eshop\/#website"},"datePublished":"2021-05-11T09:50:08+00:00","dateModified":"2021-05-11T09:50:08+00:00","description":"\u0160kandin\u00e1vsky \u0161t\u00fdl je popul\u00e1rny, preto\u017ee hovor\u00ed o na\u0161ej t\u00fa\u017ebe \u017ei\u0165 v pr\u00edjemnom a pohodlnom prostred\u00ed. Biele steny, dreven\u00e9 podlahy, modern\u00fd n\u00e1bytok a minimalistick\u00fd dekor.","breadcrumb":{"@id":"https:\/\/www.ikuchyne.sk\/eshop\/skandinavsky-styl-kde-v-jednoduchosti-je-krasa\/#breadcrumb"},"inLanguage":"sk-SK","potentialAction":[{"@type":"ReadAction","target":["https:\/\/www.ikuchyne.sk\/eshop\/skandinavsky-styl-kde-v-jednoduchosti-je-krasa\/"]}]},{"@type":"BreadcrumbList","@id":"https:\/\/www.ikuchyne.sk\/eshop\/skandinavsky-styl-kde-v-jednoduchosti-je-krasa\/#breadcrumb","itemListElement":[{"@type":"ListItem","position":1,"name":"Home","item":"https:\/\/www.ikuchyne.sk\/eshop\/"},{"@type":"ListItem","position":2,"name":"\u0160kandin\u00e1vsky \u0161t\u00fdl, kde v jednoduchosti je kr\u00e1sa"}]},{"@type":"WebSite","@id":"https:\/\/www.ikuchyne.sk\/eshop\/#website","url":"https:\/\/www.ikuchyne.sk\/eshop\/","name":"iKuchyne iSHOP s n\u00e1bytkom","description":"Jed\u00e1lensk\u00e9 stoly, stoli\u010dky, n\u00e1bytok, svietidl\u00e1...","publisher":{"@id":"https:\/\/www.ikuchyne.sk\/eshop\/#organization"},"potentialAction":[{"@type":"SearchAction","target":{"@type":"EntryPoint","urlTemplate":"https:\/\/www.ikuchyne.sk\/eshop\/?s={search_term_string}"},"query-input":"required name=search_term_string"}],"inLanguage":"sk-SK"},{"@type":"Organization","@id":"https:\/\/www.ikuchyne.sk\/eshop\/#organization","name":"ikuchyne!","url":"https:\/\/www.ikuchyne.sk\/eshop\/","logo":{"@type":"ImageObject","inLanguage":"sk-SK","@id":"https:\/\/www.ikuchyne.sk\/eshop\/#\/schema\/logo\/image\/","url":"https:\/\/www.ikuchyne.sk\/eshop\/wp-content\/uploads\/2017\/04\/ikuchyne-logo.jpg","contentUrl":"https:\/\/www.ikuchyne.sk\/eshop\/wp-content\/uploads\/2017\/04\/ikuchyne-logo.jpg","width":200,"height":48,"caption":"ikuchyne!"},"image":{"@id":"https:\/\/www.ikuchyne.sk\/eshop\/#\/schema\/logo\/image\/"},"sameAs":["https:\/\/www.facebook.com\/ikuchyne\/","https:\/\/www.instagram.com\/ikuchyne.sk\/","https:\/\/sk.pinterest.com\/ikuchynesk\/"]},{"@type":"Person","@id":"https:\/\/www.ikuchyne.sk\/eshop\/#\/schema\/person\/6b70cfc09dbb39ebfc4f2feb68a06bb7","name":"Iveta Vr\u00e1b\u013eov\u00e1","image":{"@type":"ImageObject","inLanguage":"sk-SK","@id":"https:\/\/www.ikuchyne.sk\/eshop\/#\/schema\/person\/image\/","url":"https:\/\/www.ikuchyne.sk\/eshop\/wp-content\/plugins\/wp-user-avatar\/deprecated\/wp-user-avatar\/images\/wpua-96x96.png","contentUrl":"https:\/\/www.ikuchyne.sk\/eshop\/wp-content\/plugins\/wp-user-avatar\/deprecated\/wp-user-avatar\/images\/wpua-96x96.png","caption":"Iveta Vr\u00e1b\u013eov\u00e1"},"description":"Iveta je mami\u010dka na materskej dovolenke. Cez de\u0148 sa venuje hlavne svoj\u00edm dvom de\u0165om a\u00a0ke\u010f si n\u00e1jde vo\u013en\u00fd \u010das, tak \u010d\u00edta knihy a\u00a0var\u00ed. Od kedy sa sna\u017e\u00ed zariadi\u0165 svoj nov\u00fd domov, tak na internete sleduje novinky vo svete n\u00e1bytkov a\u00a0doplnkov do dom\u00e1cnosti. Aj preto za\u010dala p\u00edsa\u0165 \u010dl\u00e1nky o\u00a0interi\u00e9rovom dizajne, aby tak pomohla sebe aj druh\u00fdm pri vyberan\u00ed toho spr\u00e1vneho n\u00e1bytku.","url":"https:\/\/www.ikuchyne.sk\/eshop\/author\/iveta-vrablova\/"}]}},"_links":{"self":[{"href":"https:\/\/www.ikuchyne.sk\/eshop\/wp-json\/wp\/v2\/posts\/152053"}],"collection":[{"href":"https:\/\/www.ikuchyne.sk\/eshop\/wp-json\/wp\/v2\/posts"}],"about":[{"href":"https:\/\/www.ikuchyne.sk\/eshop\/wp-json\/wp\/v2\/types\/post"}],"author":[{"embeddable":true,"href":"https:\/\/www.ikuchyne.sk\/eshop\/wp-json\/wp\/v2\/users\/541"}],"replies":[{"embeddable":true,"href":"https:\/\/www.ikuchyne.sk\/eshop\/wp-json\/wp\/v2\/comments?post=152053"}],"version-history":[{"count":1,"href":"https:\/\/www.ikuchyne.sk\/eshop\/wp-json\/wp\/v2\/posts\/152053\/revisions"}],"predecessor-version":[{"id":152062,"href":"https:\/\/www.ikuchyne.sk\/eshop\/wp-json\/wp\/v2\/posts\/152053\/revisions\/152062"}],"wp:featuredmedia":[{"embeddable":true,"href":"https:\/\/www.ikuchyne.sk\/eshop\/wp-json\/wp\/v2\/media\/152061"}],"wp:attachment":[{"href":"https:\/\/www.ikuchyne.sk\/eshop\/wp-json\/wp\/v2\/media?parent=152053"}],"wp:term":[{"taxonomy":"category","embeddable":true,"href":"https:\/\/www.ikuchyne.sk\/eshop\/wp-json\/wp\/v2\/categories?post=152053"},{"taxonomy":"post_tag","embeddable":true,"href":"https:\/\/www.ikuchyne.sk\/eshop\/wp-json\/wp\/v2\/tags?post=152053"}],"curies":[{"name":"wp","href":"https:\/\/api.w.org\/{rel}","templated":true}]}}