{"id":152119,"date":"2021-05-13T23:59:20","date_gmt":"2021-05-13T21:59:20","guid":{"rendered":"https:\/\/www.ikuchyne.sk\/eshop\/?p=152119"},"modified":"2021-05-14T00:00:05","modified_gmt":"2021-05-13T22:00:05","slug":"aky-konferencny-stolik-je-ne-vhodny","status":"publish","type":"post","link":"https:\/\/www.ikuchyne.sk\/eshop\/aky-konferencny-stolik-je-ne-vhodny\/","title":{"rendered":"Ak\u00fdm konferen\u010dn\u00fdm stol\u00edkom sa (ne)vyh\u00fdba\u0165"},"content":{"rendered":"<p>[vc_row][vc_column][vc_column_text]<strong>Konferen\u010dn\u00fd stol\u00edk<\/strong> je skvel\u00fdm dekora\u010dn\u00fdm doplnkom v <strong>ob\u00fdva\u010dke<\/strong>, praktick\u00fdm \u00falo\u017eiskom a \u010do je najd\u00f4le\u017eitej\u0161ie, je to miesto, kde m\u00f4\u017eete polo\u017ei\u0165 \u0161\u00e1lku, knihu alebo ob\u010derstvenie. \u00c1no, konferen\u010dn\u00fd stol\u00edk je nepochybne jedn\u00fdm z najd\u00f4le\u017eitej\u0161\u00edch bodov ob\u00fdva\u010dky. \u013dudia na\u0148 upriamuj\u00fa zrak hne\u010f ako vst\u00fapia do ob\u00fdva\u010dky, a preto jeho umiestnenie ovplyvn\u00ed \u0161t\u00fdl celej miestnosti. Pri jeho v\u00fdbere je d\u00f4le\u017eit\u00e9 n\u00e1js\u0165 rovnov\u00e1hu a <strong>harm\u00f3niu<\/strong>. Ke\u010f\u017ee vieme, \u017ee v\u00fdber konferen\u010dn\u00e9ho stol\u00edka nie je v\u017edy \u013eahk\u00fd, rozhodli sme sa zdie\u013ea\u0165 naj\u010dastej\u0161ie chyby pri k\u00fape konferen\u010dn\u00e9ho stol\u00edka, aby ste sa im vy mohli vyhn\u00fa\u0165.[\/vc_column_text][\/vc_column][\/vc_row][vc_row][vc_column][vc_column_text]<\/p>\n<h2><span style=\"color: #e3245e;\"><b>Nespr\u00e1vna ve\u013ekos\u0165, tvar \u010di rozmiestnenie<\/b><\/span><\/h2>\n<p>Konferen\u010dn\u00fd stol\u00edk by mal upriami\u0165 pozornos\u0165, no nie ju odp\u00fata\u0165 od celkov\u00e9ho \u201cfeelingu\u201d bytov\u00e9ho dizajnu. Obd\u013a\u017enikov\u00e9 stoly sa hodia do v\u00e4\u010d\u0161iny priestorov, zatia\u013e \u010do okr\u00fahle stoly navodzuj\u00fa pocit v\u00e4\u010d\u0161ieho a vzdu\u0161nej\u0161ieho priestoru.[\/vc_column_text][vc_single_image image=&#8221;152121&#8243; img_size=&#8221;large&#8221; add_caption=&#8221;yes&#8221; alignment=&#8221;center&#8221; style=&#8221;vc_box_rounded&#8221; onclick=&#8221;custom_link&#8221; img_link_target=&#8221;_blank&#8221; link=&#8221;http:\/\/www.myparadissi.com\/&#8221;][\/vc_column][\/vc_row][vc_row][vc_column][vc_column_text]<\/p>\n<h2><span style=\"color: #e3245e;\"><b>Konferen\u010dn\u00fd stol\u00edk a jeho v\u00fd\u0161ka<\/b><\/span><\/h2>\n<p><strong>V\u00fd\u0161ka konferen\u010dn\u00e9ho stol\u00edka<\/strong> je d\u00f4le\u017eit\u00e1. Nie je ni\u010d hor\u0161ie ako konferen\u010dn\u00fd stol\u00edk, ktor\u00fd je bu\u010f pr\u00edli\u0161 vysok\u00fd alebo n\u00edzky. Aby ste sa uistili, \u017ee sa vo va\u0161ej ob\u00fdvacej miestnosti budete c\u00edti\u0165 pr\u00edjemne, vyberajte tak\u00fd stol\u00edk, ktor\u00fd m\u00e1 tak\u00fa ist\u00fa v\u00fd\u0161ku ako sedenie na va\u0161ej seda\u010dke, alebo o cca 5 cm ni\u017e\u0161\u00ed. Vyhnete sa tak zvl\u00e1\u0161tnemu prv\u00e9mu dojmu. V\u0161eobecne v\u0161ak plat\u00ed, \u017ee v\u00e1\u0161 konferen\u010dn\u00fd stol\u00edk by mal ma\u0165 <strong>rovnak\u00fa v\u00fd\u0161ku ako okolit\u00e9 sedenie<\/strong>.[\/vc_column_text][vc_column_text]<\/p>\n<h2><span style=\"color: #e3245e;\"><b>Tvar stol\u00edka a jeho umiestnenie<\/b><\/span><\/h2>\n<p>Po tom, \u010do ste vyrie\u0161ili ot\u00e1zku v\u00fd\u0161ky stol\u00edka, je \u010das vybra\u0165 ten <strong>spr\u00e1vny tvar<\/strong>. V\u00fdber medzi \u0161tvorcov\u00fdm, obd\u013a\u017enikov\u00fdm, okr\u00fahlym alebo ov\u00e1lnym konferen\u010dn\u00fdm stol\u00edkom sa \u010dasto zmen\u0161uje na po\u017eadovan\u00fa d\u013a\u017eku a <strong>kapacitu priestoru<\/strong>. Zvy\u010dajne by v\u00e1\u0161 stol\u00edk mal by\u0165 cca <strong>40 cm od seda\u010dky<\/strong> &#8211; ak\u00e1ko\u013evek in\u00e1 vzdialenos\u0165 bude p\u00f4sobi\u0165 <strong>neprimerane bl\u00edzko alebo \u010faleko<\/strong>.<\/p>\n<p><strong>Medzi<\/strong> va\u0161im <strong>konferen\u010dn\u00fdm stol\u00edkom<\/strong> a <strong>telev\u00edzorom<\/strong> \u010di krbom by ste mali r\u00e1ta\u0165 s minim\u00e1lne 50-70 cm, aby ste mali dos\u0165 miesta a aby priestor d\u00fdchal a nebol zahlten\u00fd ve\u013ek\u00fdm mno\u017estvom n\u00e1bytku.<\/p>\n<p>Ak chcete zisti\u0165 <strong>ide\u00e1lnu \u0161\u00edrku<\/strong> konferen\u010dn\u00e9ho stol\u00edka, <strong>zmerajte vzdialenos\u0165<\/strong> medzi pohovkou a telev\u00edzorom a od\u010d\u00edtajte cca <strong>1 meter<\/strong>.[\/vc_column_text][vc_single_image image=&#8221;152122&#8243; img_size=&#8221;large&#8221; add_caption=&#8221;yes&#8221; alignment=&#8221;center&#8221; style=&#8221;vc_box_rounded&#8221; onclick=&#8221;custom_link&#8221; img_link_target=&#8221;_blank&#8221; link=&#8221;https:\/\/www.etsy.com\/&#8221;][vc_column_text]<\/p>\n<h2><span style=\"color: #e3245e;\"><b>Balans<\/b><\/span><\/h2>\n<p>\u010eal\u0161ou u\u017eito\u010dnou radou, ktorou sa treba riadi\u0165 pri v\u00fdbere <strong>konferen\u010dn\u00e9ho stol\u00edka<\/strong>, je jeho \u201ev\u00e1ha\u201c. In\u00fdmi slovami, mal by dop\u013a\u0148a\u0165 ostatn\u00fd n\u00e1bytok v miestnosti, aby p\u00f4sobil v miestnosti propor\u010dne a vyv\u00e1\u017eene. \u010co to vlastne presne znamen\u00e1? Ak m\u00e1 va\u0161a pohovka <strong>vysok\u00e9 chud\u00e9 nohy<\/strong>, vyberajte st\u00f4l, ktor\u00fd je <strong>pevn\u00fd a\u017e po zem<\/strong> alebo m\u00e1 krat\u0161ie robustnej\u0161ie nohy. V opa\u010dnom pr\u00edpade, ak va\u0161a pohovka nem\u00e1 vidite\u013en\u00e9 nohy, vyberte si konferen\u010dn\u00fd stol\u00edk, ktor\u00fd m\u00e1 vy\u0161\u0161ie chud\u0161ie nohy. Jeden interi\u00e9rov\u00fd dizajn\u00e9r raz povedal, \u017ee ke\u010f m\u00e1 izba pr\u00edli\u0161 ve\u013ea \u201en\u00f4h\u201c, nevytv\u00e1ra to pr\u00edjemn\u00fd uzemnen\u00fd pocit.[\/vc_column_text][vc_single_image image=&#8221;152123&#8243; img_size=&#8221;large&#8221; add_caption=&#8221;yes&#8221; alignment=&#8221;center&#8221; style=&#8221;vc_box_rounded&#8221; onclick=&#8221;custom_link&#8221; img_link_target=&#8221;_blank&#8221; link=&#8221;https:\/\/sk.pinterest.com\/&#8221;][vc_column_text]<\/p>\n<h2><span style=\"color: #e3245e;\"><b>Zv\u00e1\u017ete va\u0161e vlastn\u00e9 potreby<\/b><\/span><\/h2>\n<p>Dobr\u00fd konferen\u010dn\u00fd stol\u00edk mus\u00ed by\u0165 <strong>stabiln\u00fd<\/strong> a vhodn\u00fd na tak\u00fd \u00fa\u010del, pre ak\u00fd si ho chcete k\u00fapi\u0165 do va\u0161ej dom\u00e1cnosti. Pri v\u00fdbere spr\u00e1vneho konferen\u010dn\u00e9ho stol\u00edka pre v\u00e1s a va\u0161u rodinu by ste samozrejme mali bra\u0165 do \u00favahy v\u00e1\u0161 \u017eivotn\u00fd \u0161t\u00fdl. Potrebujete k\u00fasok, do ktor\u00e9ho sa zmest\u00ed ve\u013ea vec\u00ed? Zv\u00e1\u017ete tak\u00fd stol\u00edk, ktor\u00fd m\u00e1 aj <strong>z\u00e1suvku, <\/strong>do ktorej v\u0161etky veci m\u00f4\u017eete skry\u0165. Patr\u00edte k t\u00fdm, ktor\u00ed neust\u00e1le hr\u00e1vaj\u00fa <strong>spolo\u010densk\u00e9 hry<\/strong> v ob\u00fdvacej izbe? Uistite sa, \u017ee je to pohodln\u00fd k\u00fasok, pri ktorom sa m\u00f4\u017ee zhroma\u017edi\u0165 viacero \u013eud\u00ed. M\u00e1te pri pozeran\u00ed telev\u00edzie tendenciu <strong>vylo\u017ei\u0165 si nohy<\/strong> na konferen\u010dn\u00fd stol\u00edk? Mo\u017eno je pre v\u00e1s lep\u0161ou vo\u013ebou ako samotn\u00fd stol\u00edk pr\u00e1ve <strong>otoman<\/strong>. Ak ste <strong>milovn\u00edkom kn\u00edh \u010di \u010dasopisov<\/strong>, budete siaha\u0165 po stol\u00edkoch, ktor\u00e9 maj\u00fa aj odkladac\u00ed priestor pre tento \u00fa\u010del.<\/p>\n<p>Pokia\u013e ide o konferen\u010dn\u00e9 stol\u00edky, ktor\u00e9 s\u00fa <strong>vhodn\u00e9 pri de\u0165och<\/strong>, vyberajte si k\u00fasok, ktor\u00fd nem\u00e1 ostr\u00e9 hrany a <strong>nie je vyroben\u00fd zo skla<\/strong>. Po\u010duli sme u\u017e dos\u0165 hororov\u00fdch pr\u00edbehov det\u00ed, ktor\u00e9 rozbili skl\u00e1 na konferen\u010dn\u00fdch stol\u00edkoch. Nie je to dobr\u00fd n\u00e1pad.[\/vc_column_text][vc_single_image image=&#8221;152125&#8243; img_size=&#8221;large&#8221; add_caption=&#8221;yes&#8221; alignment=&#8221;center&#8221; style=&#8221;vc_box_rounded&#8221; onclick=&#8221;custom_link&#8221; img_link_target=&#8221;_blank&#8221; link=&#8221;https:\/\/www.ikuchyne.sk\/eshop\/produkt\/konferencny-stolik-straight-110cm\/&#8221;][vc_single_image image=&#8221;152126&#8243; img_size=&#8221;large&#8221; add_caption=&#8221;yes&#8221; alignment=&#8221;center&#8221; style=&#8221;vc_box_rounded&#8221; onclick=&#8221;custom_link&#8221; img_link_target=&#8221;_blank&#8221; link=&#8221;https:\/\/www.ikuchyne.sk\/eshop\/produkt\/konferencny-stolik-monobloc-set-2ks-biela\/&#8221;][vc_column_text]<\/p>\n<h2><span style=\"color: #e3245e;\"><b>Materi\u00e1l si vyberajte opatrne<\/b><\/span><\/h2>\n<p>Ke\u010f u\u017e hovor\u00edme o materi\u00e1loch, <strong>konferen\u010dn\u00e9 stol\u00edky<\/strong> m\u00f4\u017eu by\u0165 ve\u013emi <strong>rozmanit\u00e9<\/strong>. Existuj\u00fa <strong>priemyseln\u00e9 z kovu<\/strong>, sofistikovanej\u0161\u00ed vzh\u013ead pon\u00fakaj\u00fa materi\u00e1ly ako sklo kombinovan\u00e9 s mosadzou alebo oce\u013eou. Pred n\u00e1kupom dokonal\u00e9ho konferen\u010dn\u00e9ho stol\u00edka si vyberte nieko\u013eko materi\u00e1lov, ktor\u00e9 by mohli vyhovovali v\u00e1\u0161mu \u017eivotn\u00e9mu \u0161t\u00fdlu a mohli by zapada\u0165 do v\u00e1\u0161ho priestoru perfektne. Nezameriavajte sa iba na drevo &#8211; v ponuke je <strong>to\u013eko mo\u017enost\u00ed<\/strong>.<\/p>\n<p>Ak m\u00e1te deti a mal\u00fd priestor, <strong>akrylov\u00fd (nerozbitn\u00fd)<\/strong> konferen\u010dn\u00fd stol\u00edk by mohol by\u0165 dobrou vo\u013ebou ako miestnos\u0165 opticky nepreplni\u0165 &#8211; stol\u00edk bude pl\u00e1va\u0165 a p\u00f4sobi\u0165 <strong>modernej\u0161ie<\/strong>. Ak m\u00e1te dreven\u00e9 parkety v stredn\u00fdch t\u00f3noch, pok\u00faste sa dr\u017ea\u0165 \u010falej od dreva a vybra\u0165 si nie\u010do doplnkov\u00e9, ako napr\u00edklad mramor alebo travert\u00edn. Poprem\u00fd\u0161\u013eajte tie\u017e, \u010di by ste rad\u0161ej preferovali <strong>\u013eahk\u00fa manipul\u00e1ciu<\/strong> so stol\u00edkom, alebo priestor natrvalo ukotvili s \u0165a\u017e\u0161\u00edm a <strong>pevnej\u0161\u00edm<\/strong> konferen\u010dn\u00fdm stol\u00edkom.[\/vc_column_text][vc_single_image image=&#8221;152128&#8243; img_size=&#8221;large&#8221; add_caption=&#8221;yes&#8221; alignment=&#8221;center&#8221; style=&#8221;vc_box_rounded&#8221; onclick=&#8221;custom_link&#8221; img_link_target=&#8221;_blank&#8221; link=&#8221;https:\/\/www.ikuchyne.sk\/eshop\/produkt\/konferencny-stolik-ghost-sklo-110cm\/&#8221;][vc_column_text]<\/p>\n<h2><span style=\"color: #e3245e;\"><b>Konferen\u010dn\u00fd stol\u00edk a jeho alternat\u00edvy<\/b><\/span><\/h2>\n<p>Niekedy tak\u00e9 nekonven\u010dn\u00e9 prem\u00fd\u0161\u013eanie pom\u00f4\u017ee n\u00e1js\u0165 dokonal\u00fd konferen\u010dn\u00fd stol\u00edk, ktor\u00fd mo\u017eno <strong>v\u00f4bec nie je stol\u00edkom<\/strong>. Star\u00e9 kufre, c\u00e9drov\u00e9 truhly a otomany s\u00fa skvelou alternat\u00edvou k typick\u00e9mu konferen\u010dn\u00e9mu stol\u00edku. Ka\u017ed\u00e1 mo\u017enos\u0165 pon\u00faka svoje vlastn\u00e9 estetick\u00e9 v\u00fdhody. Napr\u00edklad u\u017e spom\u00ednan\u00e9 <strong>otomany \u010di taburety<\/strong> m\u00f4\u017eu by\u0165 vyroben\u00e9 z ko\u017ee alebo kr\u00e1snych l\u00e1tok, ktor\u00e9 dodaj\u00fa miestnosti \u010fal\u0161\u00ed vizu\u00e1lny z\u00e1\u017eitok a <strong>netradi\u010dn\u00fa text\u00faru<\/strong>. M\u00f4\u017eu tie\u017e sl\u00fa\u017ei\u0165 ako miesto <strong>na vylo\u017eenie n\u00f4h<\/strong> bez starost\u00ed o dosku stola. Bud\u00fa dobre fungova\u0165 v ka\u017edej rodinnej miestnosti s \u201chustou\u201d prem\u00e1vkou.[\/vc_column_text][vc_single_image image=&#8221;152130&#8243; img_size=&#8221;large&#8221; add_caption=&#8221;yes&#8221; alignment=&#8221;center&#8221; style=&#8221;vc_box_rounded&#8221; onclick=&#8221;custom_link&#8221; img_link_target=&#8221;_blank&#8221; link=&#8221;https:\/\/www.ikuchyne.sk\/eshop\/produkt\/taburet-modern-barock-storage-50cm-zamat-strieborny\/&#8221;][vc_single_image image=&#8221;152131&#8243; img_size=&#8221;large&#8221; add_caption=&#8221;yes&#8221; alignment=&#8221;center&#8221; style=&#8221;vc_box_rounded&#8221; onclick=&#8221;custom_link&#8221; img_link_target=&#8221;_blank&#8221; link=&#8221;https:\/\/sk.pinterest.com\/&#8221;][\/vc_column][\/vc_row][vc_row][vc_column][vc_column_text]<\/p>\n<h2><span style=\"color: #e3245e;\"><b>Ako m\u00f4\u017eete dekorova\u0165 konferen\u010dn\u00fd stol\u00edk<\/b><\/span><\/h2>\n<p>Teraz, ke\u010f pozn\u00e1te naj\u010dastej\u0161ie chyby pri v\u00fdbere konferen\u010dn\u00e9ho stol\u00edka, podel\u00edme sa s vami o p\u00e1r z\u00e1kladn\u00fdch r\u00e1d, ktor\u00e9 v\u00e1m pom\u00f4\u017eu zdobi\u0165 ho tak\u00fdm sp\u00f4sobom, aby ste dosiahli <strong>kr\u00e1sny a \u0161t\u00fdlov\u00fd v\u00fdsledok<\/strong>.<\/p>\n<ul>\n<li>Pou\u017eite nieko\u013eko kn\u00edh a umiestnite ich na st\u00f4l ako dekor\u00e1ciu v r\u00f4znych v\u00fd\u0161kach<\/li>\n<li>Naaran\u017eujte misky bu\u010f \u010do najbli\u017e\u0161ie k sebe alebo pravidelne od seba vzdialen\u00e9<\/li>\n<li>Vystavte svoje kvety alebo rastliny. Sukulentn\u00e9 rastliny s\u00fa ide\u00e1lne, preto\u017ee okrem toho, \u017ee s\u00fa kr\u00e1sne, je \u013eahk\u00e9 sa o ne stara\u0165 a udr\u017ea\u0165 ich pri \u017eivote<\/li>\n<\/ul>\n<p>[\/vc_column_text][vc_single_image image=&#8221;152133&#8243; img_size=&#8221;large&#8221; add_caption=&#8221;yes&#8221; alignment=&#8221;center&#8221; style=&#8221;vc_box_rounded&#8221; onclick=&#8221;custom_link&#8221; img_link_target=&#8221;_blank&#8221; link=&#8221;https:\/\/www.urbancompany.com\/blog\/interiors\/11-pinterest-worthy-ideas-for-styling-your-coffee-table\/&#8221;][vc_message icon_fontawesome=&#8221;&#8221;]<b>TIP NA Z\u00c1VER:\u00a0<\/b>Nielen dobre vedie\u0165 nak\u00fapi\u0165, ale aj spr\u00e1vne sa rozhodn\u00fa\u0165 a pozna\u0165 rizik\u00e1. Toto pravidlo m\u00f4\u017eete vyu\u017ei\u0165 naozaj pri \u010domko\u013evek, nielen pri n\u00e1kupe konferen\u010dn\u00e9ho stol\u00edka. Pr\u00edpadn\u00e9 rady a tipy n\u00e1jdete na na\u0161om <a href=\"https:\/\/www.ikuchyne.sk\/eshop\/\"><span style=\"color: #e3245e;\">e-shope a na online podpore Live Chat<\/span><\/a>.[\/vc_message][\/vc_column][\/vc_row]<\/p>\n","protected":false},"excerpt":{"rendered":"<p>[vc_row][vc_column][vc_column_text]Konferen\u010dn\u00fd stol\u00edk je skvel\u00fdm dekora\u010dn\u00fdm doplnkom v ob\u00fdva\u010dke, praktick\u00fdm \u00falo\u017eiskom a \u010do je najd\u00f4le\u017eitej\u0161ie, je to miesto, kde m\u00f4\u017eete polo\u017ei\u0165 \u0161\u00e1lku, knihu alebo ob\u010derstvenie. \u00c1no, konferen\u010dn\u00fd stol\u00edk je nepochybne jedn\u00fdm<\/p>\n","protected":false},"author":456,"featured_media":152124,"comment_status":"closed","ping_status":"open","sticky":false,"template":"","format":"standard","meta":{"footnotes":""},"categories":[1008,1129],"tags":[],"yoast_head":"<!-- This site is optimized with the Yoast SEO plugin v22.1 - https:\/\/yoast.com\/wordpress\/plugins\/seo\/ -->\n<title>Ak\u00fd konferen\u010dn\u00fd stol\u00edk je (ne)vhodn\u00fd? &#187; iKuchyne iSHOP s n\u00e1bytkom<\/title>\n<meta name=\"description\" content=\"Konferen\u010dn\u00fd stol\u00edk je skvel\u00fdm dekora\u010dn\u00fdm doplnkom v ob\u00fdva\u010dke, praktick\u00fdm \u00falo\u017eiskom a \u010do je najd\u00f4le\u017eitej\u0161ie, je to \u00falo\u017en\u00e9 miesto poruke.\" \/>\n<meta name=\"robots\" content=\"index, follow, max-snippet:-1, max-image-preview:large, max-video-preview:-1\" \/>\n<link rel=\"canonical\" href=\"https:\/\/www.ikuchyne.sk\/eshop\/aky-konferencny-stolik-je-ne-vhodny\/\" \/>\n<meta property=\"og:locale\" content=\"sk_SK\" \/>\n<meta property=\"og:type\" content=\"article\" \/>\n<meta property=\"og:title\" content=\"Ak\u00fd konferen\u010dn\u00fd stol\u00edk je (ne)vhodn\u00fd? &#187; iKuchyne iSHOP s n\u00e1bytkom\" \/>\n<meta property=\"og:description\" content=\"Konferen\u010dn\u00fd stol\u00edk je skvel\u00fdm dekora\u010dn\u00fdm doplnkom v ob\u00fdva\u010dke, praktick\u00fdm \u00falo\u017eiskom a \u010do je najd\u00f4le\u017eitej\u0161ie, je to \u00falo\u017en\u00e9 miesto poruke.\" \/>\n<meta property=\"og:url\" content=\"https:\/\/www.ikuchyne.sk\/eshop\/aky-konferencny-stolik-je-ne-vhodny\/\" \/>\n<meta property=\"og:site_name\" content=\"iKuchyne iSHOP s n\u00e1bytkom\" \/>\n<meta property=\"article:publisher\" content=\"https:\/\/www.facebook.com\/ikuchyne\/\" \/>\n<meta property=\"article:published_time\" content=\"2021-05-13T21:59:20+00:00\" \/>\n<meta property=\"article:modified_time\" content=\"2021-05-13T22:00:05+00:00\" \/>\n<meta property=\"og:image\" content=\"https:\/\/www.ikuchyne.sk\/eshop\/wp-content\/uploads\/2021\/05\/5-10.jpg\" \/>\n\t<meta property=\"og:image:width\" content=\"1000\" \/>\n\t<meta property=\"og:image:height\" content=\"1500\" \/>\n\t<meta property=\"og:image:type\" content=\"image\/jpeg\" \/>\n<meta name=\"author\" content=\"Dominika Hozl\u00e1rov\u00e1\" \/>\n<meta name=\"twitter:card\" content=\"summary_large_image\" \/>\n<meta name=\"twitter:label1\" content=\"Autor\" \/>\n\t<meta name=\"twitter:data1\" content=\"Dominika Hozl\u00e1rov\u00e1\" \/>\n\t<meta name=\"twitter:label2\" content=\"Predpokladan\u00fd \u010das \u010d\u00edtania\" \/>\n\t<meta name=\"twitter:data2\" content=\"5 min\u00fat\" \/>\n<script type=\"application\/ld+json\" class=\"yoast-schema-graph\">{\"@context\":\"https:\/\/schema.org\",\"@graph\":[{\"@type\":\"Article\",\"@id\":\"https:\/\/www.ikuchyne.sk\/eshop\/aky-konferencny-stolik-je-ne-vhodny\/#article\",\"isPartOf\":{\"@id\":\"https:\/\/www.ikuchyne.sk\/eshop\/aky-konferencny-stolik-je-ne-vhodny\/\"},\"author\":{\"name\":\"Dominika Hozl\u00e1rov\u00e1\",\"@id\":\"https:\/\/www.ikuchyne.sk\/eshop\/#\/schema\/person\/3dd55775496710f6438fe9cb4029a9dd\"},\"headline\":\"Ak\u00fdm konferen\u010dn\u00fdm stol\u00edkom sa (ne)vyh\u00fdba\u0165\",\"datePublished\":\"2021-05-13T21:59:20+00:00\",\"dateModified\":\"2021-05-13T22:00:05+00:00\",\"mainEntityOfPage\":{\"@id\":\"https:\/\/www.ikuchyne.sk\/eshop\/aky-konferencny-stolik-je-ne-vhodny\/\"},\"wordCount\":1646,\"publisher\":{\"@id\":\"https:\/\/www.ikuchyne.sk\/eshop\/#organization\"},\"articleSection\":[\"IN\u0160PIR\u00c1CIE\",\"Produkty v realiz\u00e1ciach\"],\"inLanguage\":\"sk-SK\"},{\"@type\":\"WebPage\",\"@id\":\"https:\/\/www.ikuchyne.sk\/eshop\/aky-konferencny-stolik-je-ne-vhodny\/\",\"url\":\"https:\/\/www.ikuchyne.sk\/eshop\/aky-konferencny-stolik-je-ne-vhodny\/\",\"name\":\"Ak\u00fd konferen\u010dn\u00fd stol\u00edk je (ne)vhodn\u00fd? &#187; iKuchyne iSHOP s n\u00e1bytkom\",\"isPartOf\":{\"@id\":\"https:\/\/www.ikuchyne.sk\/eshop\/#website\"},\"datePublished\":\"2021-05-13T21:59:20+00:00\",\"dateModified\":\"2021-05-13T22:00:05+00:00\",\"description\":\"Konferen\u010dn\u00fd stol\u00edk je skvel\u00fdm dekora\u010dn\u00fdm doplnkom v ob\u00fdva\u010dke, praktick\u00fdm \u00falo\u017eiskom a \u010do je najd\u00f4le\u017eitej\u0161ie, je to \u00falo\u017en\u00e9 miesto poruke.\",\"breadcrumb\":{\"@id\":\"https:\/\/www.ikuchyne.sk\/eshop\/aky-konferencny-stolik-je-ne-vhodny\/#breadcrumb\"},\"inLanguage\":\"sk-SK\",\"potentialAction\":[{\"@type\":\"ReadAction\",\"target\":[\"https:\/\/www.ikuchyne.sk\/eshop\/aky-konferencny-stolik-je-ne-vhodny\/\"]}]},{\"@type\":\"BreadcrumbList\",\"@id\":\"https:\/\/www.ikuchyne.sk\/eshop\/aky-konferencny-stolik-je-ne-vhodny\/#breadcrumb\",\"itemListElement\":[{\"@type\":\"ListItem\",\"position\":1,\"name\":\"Home\",\"item\":\"https:\/\/www.ikuchyne.sk\/eshop\/\"},{\"@type\":\"ListItem\",\"position\":2,\"name\":\"Ak\u00fdm konferen\u010dn\u00fdm stol\u00edkom sa (ne)vyh\u00fdba\u0165\"}]},{\"@type\":\"WebSite\",\"@id\":\"https:\/\/www.ikuchyne.sk\/eshop\/#website\",\"url\":\"https:\/\/www.ikuchyne.sk\/eshop\/\",\"name\":\"iKuchyne iSHOP s n\u00e1bytkom\",\"description\":\"Jed\u00e1lensk\u00e9 stoly, stoli\u010dky, n\u00e1bytok, svietidl\u00e1...\",\"publisher\":{\"@id\":\"https:\/\/www.ikuchyne.sk\/eshop\/#organization\"},\"potentialAction\":[{\"@type\":\"SearchAction\",\"target\":{\"@type\":\"EntryPoint\",\"urlTemplate\":\"https:\/\/www.ikuchyne.sk\/eshop\/?s={search_term_string}\"},\"query-input\":\"required name=search_term_string\"}],\"inLanguage\":\"sk-SK\"},{\"@type\":\"Organization\",\"@id\":\"https:\/\/www.ikuchyne.sk\/eshop\/#organization\",\"name\":\"ikuchyne!\",\"url\":\"https:\/\/www.ikuchyne.sk\/eshop\/\",\"logo\":{\"@type\":\"ImageObject\",\"inLanguage\":\"sk-SK\",\"@id\":\"https:\/\/www.ikuchyne.sk\/eshop\/#\/schema\/logo\/image\/\",\"url\":\"https:\/\/www.ikuchyne.sk\/eshop\/wp-content\/uploads\/2017\/04\/ikuchyne-logo.jpg\",\"contentUrl\":\"https:\/\/www.ikuchyne.sk\/eshop\/wp-content\/uploads\/2017\/04\/ikuchyne-logo.jpg\",\"width\":200,\"height\":48,\"caption\":\"ikuchyne!\"},\"image\":{\"@id\":\"https:\/\/www.ikuchyne.sk\/eshop\/#\/schema\/logo\/image\/\"},\"sameAs\":[\"https:\/\/www.facebook.com\/ikuchyne\/\",\"https:\/\/www.instagram.com\/ikuchyne.sk\/\",\"https:\/\/sk.pinterest.com\/ikuchynesk\/\"]},{\"@type\":\"Person\",\"@id\":\"https:\/\/www.ikuchyne.sk\/eshop\/#\/schema\/person\/3dd55775496710f6438fe9cb4029a9dd\",\"name\":\"Dominika Hozl\u00e1rov\u00e1\",\"image\":{\"@type\":\"ImageObject\",\"inLanguage\":\"sk-SK\",\"@id\":\"https:\/\/www.ikuchyne.sk\/eshop\/#\/schema\/person\/image\/\",\"url\":\"https:\/\/www.ikuchyne.sk\/eshop\/wp-content\/plugins\/wp-user-avatar\/deprecated\/wp-user-avatar\/images\/wpua-96x96.png\",\"contentUrl\":\"https:\/\/www.ikuchyne.sk\/eshop\/wp-content\/plugins\/wp-user-avatar\/deprecated\/wp-user-avatar\/images\/wpua-96x96.png\",\"caption\":\"Dominika Hozl\u00e1rov\u00e1\"},\"description\":\"Dominika pracuje v oblasti PR a marketingu a vo svojom vo\u013enom \u010dase sa venuje najm\u00e4 cestovaniu, j\u00f3ge a keramike. N\u00e1v\u0161teva gal\u00e9ri\u00ed po celom svete a p\u00edsanie \u010dl\u00e1nkov o interi\u00e9rovom dizajne ju in\u0161piruje aj pri v\u00fdrobe origin\u00e1lnych bytov\u00fdch dekor\u00e1ci\u00ed z keramiky.\",\"url\":\"https:\/\/www.ikuchyne.sk\/eshop\/author\/technikikuchyne-sk\/\"}]}<\/script>\n<!-- \/ Yoast SEO plugin. -->","yoast_head_json":{"title":"Ak\u00fd konferen\u010dn\u00fd stol\u00edk je (ne)vhodn\u00fd? &#187; iKuchyne iSHOP s n\u00e1bytkom","description":"Konferen\u010dn\u00fd stol\u00edk je skvel\u00fdm dekora\u010dn\u00fdm doplnkom v ob\u00fdva\u010dke, praktick\u00fdm \u00falo\u017eiskom a \u010do je najd\u00f4le\u017eitej\u0161ie, je to \u00falo\u017en\u00e9 miesto poruke.","robots":{"index":"index","follow":"follow","max-snippet":"max-snippet:-1","max-image-preview":"max-image-preview:large","max-video-preview":"max-video-preview:-1"},"canonical":"https:\/\/www.ikuchyne.sk\/eshop\/aky-konferencny-stolik-je-ne-vhodny\/","og_locale":"sk_SK","og_type":"article","og_title":"Ak\u00fd konferen\u010dn\u00fd stol\u00edk je (ne)vhodn\u00fd? &#187; iKuchyne iSHOP s n\u00e1bytkom","og_description":"Konferen\u010dn\u00fd stol\u00edk je skvel\u00fdm dekora\u010dn\u00fdm doplnkom v ob\u00fdva\u010dke, praktick\u00fdm \u00falo\u017eiskom a \u010do je najd\u00f4le\u017eitej\u0161ie, je to \u00falo\u017en\u00e9 miesto poruke.","og_url":"https:\/\/www.ikuchyne.sk\/eshop\/aky-konferencny-stolik-je-ne-vhodny\/","og_site_name":"iKuchyne iSHOP s n\u00e1bytkom","article_publisher":"https:\/\/www.facebook.com\/ikuchyne\/","article_published_time":"2021-05-13T21:59:20+00:00","article_modified_time":"2021-05-13T22:00:05+00:00","og_image":[{"width":1000,"height":1500,"url":"https:\/\/www.ikuchyne.sk\/eshop\/wp-content\/uploads\/2021\/05\/5-10.jpg","type":"image\/jpeg"}],"author":"Dominika Hozl\u00e1rov\u00e1","twitter_card":"summary_large_image","twitter_misc":{"Autor":"Dominika Hozl\u00e1rov\u00e1","Predpokladan\u00fd \u010das \u010d\u00edtania":"5 min\u00fat"},"schema":{"@context":"https:\/\/schema.org","@graph":[{"@type":"Article","@id":"https:\/\/www.ikuchyne.sk\/eshop\/aky-konferencny-stolik-je-ne-vhodny\/#article","isPartOf":{"@id":"https:\/\/www.ikuchyne.sk\/eshop\/aky-konferencny-stolik-je-ne-vhodny\/"},"author":{"name":"Dominika Hozl\u00e1rov\u00e1","@id":"https:\/\/www.ikuchyne.sk\/eshop\/#\/schema\/person\/3dd55775496710f6438fe9cb4029a9dd"},"headline":"Ak\u00fdm konferen\u010dn\u00fdm stol\u00edkom sa (ne)vyh\u00fdba\u0165","datePublished":"2021-05-13T21:59:20+00:00","dateModified":"2021-05-13T22:00:05+00:00","mainEntityOfPage":{"@id":"https:\/\/www.ikuchyne.sk\/eshop\/aky-konferencny-stolik-je-ne-vhodny\/"},"wordCount":1646,"publisher":{"@id":"https:\/\/www.ikuchyne.sk\/eshop\/#organization"},"articleSection":["IN\u0160PIR\u00c1CIE","Produkty v realiz\u00e1ciach"],"inLanguage":"sk-SK"},{"@type":"WebPage","@id":"https:\/\/www.ikuchyne.sk\/eshop\/aky-konferencny-stolik-je-ne-vhodny\/","url":"https:\/\/www.ikuchyne.sk\/eshop\/aky-konferencny-stolik-je-ne-vhodny\/","name":"Ak\u00fd konferen\u010dn\u00fd stol\u00edk je (ne)vhodn\u00fd? &#187; iKuchyne iSHOP s n\u00e1bytkom","isPartOf":{"@id":"https:\/\/www.ikuchyne.sk\/eshop\/#website"},"datePublished":"2021-05-13T21:59:20+00:00","dateModified":"2021-05-13T22:00:05+00:00","description":"Konferen\u010dn\u00fd stol\u00edk je skvel\u00fdm dekora\u010dn\u00fdm doplnkom v ob\u00fdva\u010dke, praktick\u00fdm \u00falo\u017eiskom a \u010do je najd\u00f4le\u017eitej\u0161ie, je to \u00falo\u017en\u00e9 miesto poruke.","breadcrumb":{"@id":"https:\/\/www.ikuchyne.sk\/eshop\/aky-konferencny-stolik-je-ne-vhodny\/#breadcrumb"},"inLanguage":"sk-SK","potentialAction":[{"@type":"ReadAction","target":["https:\/\/www.ikuchyne.sk\/eshop\/aky-konferencny-stolik-je-ne-vhodny\/"]}]},{"@type":"BreadcrumbList","@id":"https:\/\/www.ikuchyne.sk\/eshop\/aky-konferencny-stolik-je-ne-vhodny\/#breadcrumb","itemListElement":[{"@type":"ListItem","position":1,"name":"Home","item":"https:\/\/www.ikuchyne.sk\/eshop\/"},{"@type":"ListItem","position":2,"name":"Ak\u00fdm konferen\u010dn\u00fdm stol\u00edkom sa (ne)vyh\u00fdba\u0165"}]},{"@type":"WebSite","@id":"https:\/\/www.ikuchyne.sk\/eshop\/#website","url":"https:\/\/www.ikuchyne.sk\/eshop\/","name":"iKuchyne iSHOP s n\u00e1bytkom","description":"Jed\u00e1lensk\u00e9 stoly, stoli\u010dky, n\u00e1bytok, svietidl\u00e1...","publisher":{"@id":"https:\/\/www.ikuchyne.sk\/eshop\/#organization"},"potentialAction":[{"@type":"SearchAction","target":{"@type":"EntryPoint","urlTemplate":"https:\/\/www.ikuchyne.sk\/eshop\/?s={search_term_string}"},"query-input":"required name=search_term_string"}],"inLanguage":"sk-SK"},{"@type":"Organization","@id":"https:\/\/www.ikuchyne.sk\/eshop\/#organization","name":"ikuchyne!","url":"https:\/\/www.ikuchyne.sk\/eshop\/","logo":{"@type":"ImageObject","inLanguage":"sk-SK","@id":"https:\/\/www.ikuchyne.sk\/eshop\/#\/schema\/logo\/image\/","url":"https:\/\/www.ikuchyne.sk\/eshop\/wp-content\/uploads\/2017\/04\/ikuchyne-logo.jpg","contentUrl":"https:\/\/www.ikuchyne.sk\/eshop\/wp-content\/uploads\/2017\/04\/ikuchyne-logo.jpg","width":200,"height":48,"caption":"ikuchyne!"},"image":{"@id":"https:\/\/www.ikuchyne.sk\/eshop\/#\/schema\/logo\/image\/"},"sameAs":["https:\/\/www.facebook.com\/ikuchyne\/","https:\/\/www.instagram.com\/ikuchyne.sk\/","https:\/\/sk.pinterest.com\/ikuchynesk\/"]},{"@type":"Person","@id":"https:\/\/www.ikuchyne.sk\/eshop\/#\/schema\/person\/3dd55775496710f6438fe9cb4029a9dd","name":"Dominika Hozl\u00e1rov\u00e1","image":{"@type":"ImageObject","inLanguage":"sk-SK","@id":"https:\/\/www.ikuchyne.sk\/eshop\/#\/schema\/person\/image\/","url":"https:\/\/www.ikuchyne.sk\/eshop\/wp-content\/plugins\/wp-user-avatar\/deprecated\/wp-user-avatar\/images\/wpua-96x96.png","contentUrl":"https:\/\/www.ikuchyne.sk\/eshop\/wp-content\/plugins\/wp-user-avatar\/deprecated\/wp-user-avatar\/images\/wpua-96x96.png","caption":"Dominika Hozl\u00e1rov\u00e1"},"description":"Dominika pracuje v oblasti PR a marketingu a vo svojom vo\u013enom \u010dase sa venuje najm\u00e4 cestovaniu, j\u00f3ge a keramike. N\u00e1v\u0161teva gal\u00e9ri\u00ed po celom svete a p\u00edsanie \u010dl\u00e1nkov o interi\u00e9rovom dizajne ju in\u0161piruje aj pri v\u00fdrobe origin\u00e1lnych bytov\u00fdch dekor\u00e1ci\u00ed z keramiky.","url":"https:\/\/www.ikuchyne.sk\/eshop\/author\/technikikuchyne-sk\/"}]}},"_links":{"self":[{"href":"https:\/\/www.ikuchyne.sk\/eshop\/wp-json\/wp\/v2\/posts\/152119"}],"collection":[{"href":"https:\/\/www.ikuchyne.sk\/eshop\/wp-json\/wp\/v2\/posts"}],"about":[{"href":"https:\/\/www.ikuchyne.sk\/eshop\/wp-json\/wp\/v2\/types\/post"}],"author":[{"embeddable":true,"href":"https:\/\/www.ikuchyne.sk\/eshop\/wp-json\/wp\/v2\/users\/456"}],"replies":[{"embeddable":true,"href":"https:\/\/www.ikuchyne.sk\/eshop\/wp-json\/wp\/v2\/comments?post=152119"}],"version-history":[{"count":1,"href":"https:\/\/www.ikuchyne.sk\/eshop\/wp-json\/wp\/v2\/posts\/152119\/revisions"}],"predecessor-version":[{"id":152134,"href":"https:\/\/www.ikuchyne.sk\/eshop\/wp-json\/wp\/v2\/posts\/152119\/revisions\/152134"}],"wp:featuredmedia":[{"embeddable":true,"href":"https:\/\/www.ikuchyne.sk\/eshop\/wp-json\/wp\/v2\/media\/152124"}],"wp:attachment":[{"href":"https:\/\/www.ikuchyne.sk\/eshop\/wp-json\/wp\/v2\/media?parent=152119"}],"wp:term":[{"taxonomy":"category","embeddable":true,"href":"https:\/\/www.ikuchyne.sk\/eshop\/wp-json\/wp\/v2\/categories?post=152119"},{"taxonomy":"post_tag","embeddable":true,"href":"https:\/\/www.ikuchyne.sk\/eshop\/wp-json\/wp\/v2\/tags?post=152119"}],"curies":[{"name":"wp","href":"https:\/\/api.w.org\/{rel}","templated":true}]}}