{"id":152135,"date":"2021-05-14T23:48:35","date_gmt":"2021-05-14T21:48:35","guid":{"rendered":"https:\/\/www.ikuchyne.sk\/eshop\/?p=152135"},"modified":"2021-05-14T23:48:35","modified_gmt":"2021-05-14T21:48:35","slug":"regal-na-vino-ako-a-kam-ho-umiestnit","status":"publish","type":"post","link":"https:\/\/www.ikuchyne.sk\/eshop\/regal-na-vino-ako-a-kam-ho-umiestnit\/","title":{"rendered":"Reg\u00e1l na v\u00edno: ako a kam ho umiestni\u0165?"},"content":{"rendered":"<p>[vc_row][vc_column][vc_column_text]<strong>Reg\u00e1ly na v\u00edno s\u00fa preto n\u00e1padit\u00fdmi dizajn\u00e9rskymi k\u00faskami, ktor\u00e9 ulahodia v\u00e1\u0161mu oku. V\u00ednov\u00e9 f\u013ea\u0161e sa toti\u017e u\u017e d\u00e1vno neskladuj\u00fa v podzemn\u00fdch sklepoch a zapratan\u00fdch skriniach. Dnes ich chceme ma\u0165 pekne na o\u010diach, aby sme z v\u00edna okrem jeho legend\u00e1rnej chuti mali aj estetick\u00fd p\u00f4\u017eitok. T\u00fato praktick\u00fa dekor\u00e1ciu jednozna\u010dne neschov\u00e1vajte, pr\u00e1ve naopak. Odpovieme v\u00e1m na ot\u00e1zku: ako a kde reg\u00e1l na v\u00edno spr\u00e1vne umiestni\u0165?<\/strong><\/p>\n<p>N\u00e1padit\u00e9 reg\u00e1ly z r\u00f4znych materi\u00e1lov sa stali u\u017eito\u010dnou dekor\u00e1ciou, ktorou dok\u00e1\u017eete doladi\u0165 priestor. Milovn\u00edci v\u00edna a mal\u00fdch p\u00f4\u017eitkov jasaj\u00fa. Ak sa te\u0161\u00edte aj vy, \u010falej v \u010dl\u00e1nku n\u00e1jdete tipy a rady, ako si poradi\u0165 s umiestnen\u00edm <a href=\"https:\/\/www.ikuchyne.sk\/eshop\/kategoria\/regaly\/\"><span style=\"color: #e3245e;\">reg\u00e1lu na v\u00edno<\/span><\/a>.[\/vc_column_text][vc_single_image image=&#8221;152140&#8243; img_size=&#8221;large&#8221; add_caption=&#8221;yes&#8221; alignment=&#8221;center&#8221; style=&#8221;vc_box_rounded&#8221; onclick=&#8221;custom_link&#8221; img_link_target=&#8221;_blank&#8221; link=&#8221;https:\/\/www.ikuchyne.sk\/eshop\/produkt\/regal-na-vino-bodega-145cm\/&#8221;][\/vc_column][\/vc_row][vc_row][vc_column][vc_column_text]<\/p>\n<h2><span style=\"color: #e3245e;\"><b>1. Reg\u00e1l na v\u00edno v pivnici<br \/>\n<\/b><\/span><\/h2>\n<p>Na skladovanie reg\u00e1lu s v\u00ednom je pivnica ako stvoren\u00e1 vzh\u013eadom na <strong>chladn\u00e9 a vlhk\u00e9 prostredie<\/strong>. V\u00edno je prakticky st\u00e1le vychladen\u00e9, tak\u017ee ho nemus\u00edte d\u00e1va\u0165 pred jeho otvoren\u00edm do chladni\u010dky.<\/p>\n<p><strong>Do pivnice sa zvykn\u00fa skladova\u0165 reg\u00e1ly, ktor\u00e9 dok\u00e1\u017eu poja\u0165 v\u00e4\u010d\u0161\u00ed objem flia\u0161.<\/strong> P\u00e1r z nich sa potom v\u017edy vezme a dr\u017e\u00ed v obytnej \u010dasti domu.[\/vc_column_text][vc_single_image image=&#8221;152141&#8243; img_size=&#8221;large&#8221; add_caption=&#8221;yes&#8221; alignment=&#8221;center&#8221; style=&#8221;vc_box_rounded&#8221; onclick=&#8221;custom_link&#8221; img_link_target=&#8221;_blank&#8221; link=&#8221;https:\/\/www.ikuchyne.sk\/eshop\/produkt\/regal-na-vino-bodega-97cm-hnedy\/&#8221;][vc_column_text]V princ\u00edpe sa do tohto prostredia hodia sk\u00f4r<strong> kovov\u00e9 reg\u00e1ly alebo stojany v mas\u00edvnom dreve<\/strong> so siln\u00fdm lakovan\u00edm. Tieto reg\u00e1ly s\u00fa nad\u010dasov\u00fdmi k\u00faskami, invest\u00edcia do nich sa ur\u010dite vyplat\u00ed. Reg\u00e1l umiestnite na osamoten\u00e9 vo\u013en\u00e9 miesto v pivnici, pr\u00edpadne do radu reg\u00e1lov s \u010fal\u0161\u00edmi potravinami.[\/vc_column_text][vc_single_image image=&#8221;152142&#8243; img_size=&#8221;large&#8221; add_caption=&#8221;yes&#8221; alignment=&#8221;center&#8221; style=&#8221;vc_box_rounded&#8221; onclick=&#8221;custom_link&#8221; img_link_target=&#8221;_blank&#8221; link=&#8221;https:\/\/www.ikuchyne.sk\/eshop\/produkt\/regal-na-vino-storage-180-cm-kov-cierny\/&#8221;][\/vc_column][\/vc_row][vc_row][vc_column][vc_column_text]<\/p>\n<h2><span style=\"color: #e3245e;\"><b>2. A \u010do tak do ob\u00fdva\u010dky?<br \/>\n<\/b><\/span><\/h2>\n<p>Reg\u00e1l na v\u00edno v ob\u00fdva\u010dke je praktick\u00e1 verzia jeho umiestnenia. V\u00edno sa pije v\u00e4\u010d\u0161inou pr\u00e1ve v ob\u00fdva\u010dke, preto <strong>ho budete ma\u0165 v\u017edy po ruke<\/strong>. Ur\u010dite sa v\u00e1m nechce chodi\u0165 po f\u013ea\u0161u \u010faleko, ke\u010f ste pohodlne usaden\u00fd v kresle alebo na <a href=\"https:\/\/www.ikuchyne.sk\/eshop\/kategoria\/sedacky\/\"><span style=\"color: #e3245e;\">seda\u010dke<\/span><\/a>.[\/vc_column_text][vc_single_image image=&#8221;152143&#8243; img_size=&#8221;large&#8221; add_caption=&#8221;yes&#8221; alignment=&#8221;center&#8221; style=&#8221;vc_box_rounded&#8221; onclick=&#8221;custom_link&#8221; img_link_target=&#8221;_blank&#8221; link=&#8221;https:\/\/www.ikuchyne.sk\/eshop\/produkt\/regal-na-vino-long-island-196cm\/&#8221;][vc_column_text]K reg\u00e1lu sa v pr\u00edpade ob\u00fdvacieho priestoru treba chova\u0165 rovnako ako k hocijak\u00e9mu in\u00e9mu kusu n\u00e1bytku.<strong> Mus\u00ed so zariaden\u00edm patri\u010dne ladi\u0165<\/strong> a neru\u0161i\u0165 ho svoj\u00edm preveden\u00edm. Reg\u00e1l na v\u00edno ur\u010dite neodpor\u00fa\u010dame postavi\u0165 do stredu ob\u00fdva\u010dky.<strong> Umiestnite ho napr\u00edklad pod okno alebo n\u00edm dekorujte roh miestnosti.<\/strong>[\/vc_column_text][vc_single_image image=&#8221;152144&#8243; img_size=&#8221;large&#8221; add_caption=&#8221;yes&#8221; alignment=&#8221;center&#8221; style=&#8221;vc_box_rounded&#8221; onclick=&#8221;custom_link&#8221; img_link_target=&#8221;_blank&#8221; link=&#8221;https:\/\/www.ikuchyne.sk\/eshop\/produkt\/regal-na-vino-bodega-91cm-prirodna\/&#8221;][vc_message icon_fontawesome=&#8221;&#8221;]<b>Rada odborn\u00edka:\u00a0<\/b>Ak nem\u00e1te v ob\u00fdva\u010dke priestoru nazvy\u0161, zaobstarajte si jednoduch\u00fd, \u0161ikovn\u00fd a rozmermi men\u0161\u00ed stojan.[\/vc_message][vc_single_image image=&#8221;152145&#8243; img_size=&#8221;large&#8221; add_caption=&#8221;yes&#8221; alignment=&#8221;center&#8221; style=&#8221;vc_box_rounded&#8221; onclick=&#8221;custom_link&#8221; img_link_target=&#8221;_blank&#8221; link=&#8221;https:\/\/www.ikuchyne.sk\/eshop\/produkt\/alu-regal-na-vino-flammen-l\/&#8221;][vc_column_text]<\/p>\n<h2><span style=\"color: #e3245e;\"><b>3. M\u00f4\u017ee \u00eds\u0165 aj do chodby?<br \/>\n<\/b><\/span><\/h2>\n<p>\u00da\u010delov\u00e1 dekor\u00e1cia, akou je reg\u00e1l na v\u00edno, sa hod\u00ed dokonca aj do chodby bytu \u010di domu. Je to hlavne v pr\u00edpade, ak je chodba dlhou miestnos\u0165ou. <strong>Reg\u00e1l lokalizujte \u010falej od vchodov\u00fdch dver\u00ed<\/strong>, napr\u00edklad do rohu izby, namiesto nepotrebnej so\u0161ky, na ktor\u00fa len sad\u00e1 prach.[\/vc_column_text][vc_single_image image=&#8221;152146&#8243; img_size=&#8221;large&#8221; add_caption=&#8221;yes&#8221; alignment=&#8221;center&#8221; style=&#8221;vc_box_rounded&#8221; onclick=&#8221;custom_link&#8221; img_link_target=&#8221;_blank&#8221; link=&#8221;https:\/\/www.ikuchyne.sk\/eshop\/produkt\/regal-na-vino-bodega-79cm-polovica-suda\/&#8221;][vc_message message_box_color=&#8221;alert-success&#8221; icon_fontawesome=&#8221;&#8221;]<b>VEDELI STE, \u017dE:\u00a0<\/b>\u2026 reg\u00e1l na v\u00edno je vynaliezav\u00fd sp\u00f4sob, ako si zanieten\u00fd v\u00ednkar m\u00f4\u017ee vytvori\u0165 zbierku ob\u013e\u00faben\u00fdch v\u00edn vo svojom interi\u00e9ri?[\/vc_message][vc_column_text]<strong>Reg\u00e1l v\u00e1m tie\u017e poskytne \u00falo\u017en\u00fd priestor<\/strong>. F\u013ea\u0161e v \u0148om bud\u00fa vyzera\u0165 organizovane a usporiadane. Rados\u0165 vytvor\u00edte navy\u0161e aj u n\u00e1v\u0161tevn\u00edkov, ktor\u00ed hne\u010f uvidia, na \u010do sa m\u00f4\u017eu po\u010das ve\u010dera u v\u00e1s te\u0161i\u0165.[\/vc_column_text][vc_column_text]<\/p>\n<h2><span style=\"color: #e3245e;\"><b>4. Reg\u00e1l na v\u00edno v kuchyni<br \/>\n<\/b><\/span><\/h2>\n<p><a href=\"https:\/\/www.ikuchyne.sk\/kuchynske-linky\"><span style=\"color: #e3245e;\">Kuchy\u0148a<\/span><\/a> nie je najtypickej\u0161\u00edm miestom, kde reg\u00e1l situova\u0165. Napriek tomu existuj\u00fa k\u00fasky, ktor\u00e9 si svoj\u00edm zhotoven\u00edm doslova p\u00fdtaj\u00fa, aby ste si tam miesto pre reg\u00e1l na\u0161li.[\/vc_column_text][vc_single_image image=&#8221;152147&#8243; img_size=&#8221;large&#8221; add_caption=&#8221;yes&#8221; alignment=&#8221;center&#8221; style=&#8221;vc_box_rounded&#8221; onclick=&#8221;custom_link&#8221; img_link_target=&#8221;_blank&#8221; link=&#8221;https:\/\/www.ikuchyne.sk\/eshop\/produkt\/pribornik-thor-195cm-pinienholz-prirodna\/&#8221;][vc_column_text]Ak v\u00e1m pri zaria\u010fovan\u00ed kuchyne ostalo miesto na stene, <strong>skvelo ho vypln\u00edte n\u00e1stenn\u00fdm reg\u00e1lom na v\u00edno<\/strong>. Spolu s poli\u010dkami na koreniny vytvor\u00ed dekor\u00e1ciu a \u00fa\u017eitkov\u00fd predmet v jednom.[\/vc_column_text][vc_single_image image=&#8221;152148&#8243; img_size=&#8221;large&#8221; add_caption=&#8221;yes&#8221; alignment=&#8221;center&#8221; style=&#8221;vc_box_rounded&#8221; onclick=&#8221;custom_link&#8221; img_link_target=&#8221;_blank&#8221; link=&#8221;https:\/\/www.ikuchyne.sk\/eshop\/produkt\/regal-na-vino-makassar-70cm\/&#8221;][\/vc_column][\/vc_row][vc_row][vc_column][vc_message icon_fontawesome=&#8221;&#8221;]<b>TIP NA Z\u00c1VER:\u00a0<\/b>Reg\u00e1l na v\u00edno u\u017e d\u00e1vno nie je pre\u017eitok. \u0160ikovn\u00fd a \u0161t\u00fdlov\u00fd k\u00fasok mo\u017eno rob\u00ed rados\u0165 aj v\u00e1m. D\u00fafame, \u017ee sme podali dostato\u010dn\u00fa odpove\u010f na to, ako a kam stojan situova\u0165. \u010ci u\u017e ste si vybrali pivnicu, ob\u00fdva\u010dku alebo kuchy\u0148u, hlavn\u00e9 je, aby ste si chv\u00edle s poh\u00e1rom v\u00ednka v ruke n\u00e1le\u017eite u\u017eili.[\/vc_message][vc_column_text]<\/p>\n<p style=\"text-align: center;\"><strong>H\u013ead\u00e1te viac in\u0161pir\u00e1cie? <\/strong><\/p>\n<p style=\"text-align: center;\">Pozrite si n\u00e1\u0161 e-shop<br \/>\n<a href=\"https:\/\/ikuchyne.sk\/eshop\/\"><span style=\"color: #e3245e;\">Do e-shopu<\/span><\/a><\/p>\n<p>[\/vc_column_text][\/vc_column][\/vc_row]<\/p>\n","protected":false},"excerpt":{"rendered":"<p>[vc_row][vc_column][vc_column_text]Reg\u00e1ly na v\u00edno s\u00fa preto n\u00e1padit\u00fdmi dizajn\u00e9rskymi k\u00faskami, ktor\u00e9 ulahodia v\u00e1\u0161mu oku. V\u00ednov\u00e9 f\u013ea\u0161e sa toti\u017e u\u017e d\u00e1vno neskladuj\u00fa v podzemn\u00fdch sklepoch a zapratan\u00fdch skriniach. Dnes ich chceme ma\u0165 pekne<\/p>\n","protected":false},"author":2168,"featured_media":152139,"comment_status":"closed","ping_status":"open","sticky":false,"template":"","format":"standard","meta":{"footnotes":""},"categories":[1008,1129],"tags":[],"yoast_head":"<!-- This site is optimized with the Yoast SEO plugin v22.1 - https:\/\/yoast.com\/wordpress\/plugins\/seo\/ -->\n<title>Reg\u00e1l na v\u00edno: ako a kam ho umiestni\u0165? &#187; iKuchyne iSHOP s n\u00e1bytkom<\/title>\n<meta name=\"description\" content=\"Reg\u00e1l na v\u00edno je n\u00e1padit\u00fdm dizajn\u00e9rskym k\u00faskom, ktor\u00fd ulahod\u00ed v\u00e1\u0161mu oku. Majte okrem legend\u00e1rnej chuti v\u00edna aj estetick\u00fd p\u00f4\u017eitok.\" \/>\n<meta name=\"robots\" content=\"index, follow, max-snippet:-1, max-image-preview:large, max-video-preview:-1\" \/>\n<link rel=\"canonical\" href=\"https:\/\/www.ikuchyne.sk\/eshop\/regal-na-vino-ako-a-kam-ho-umiestnit\/\" \/>\n<meta property=\"og:locale\" content=\"sk_SK\" \/>\n<meta property=\"og:type\" content=\"article\" \/>\n<meta property=\"og:title\" content=\"Reg\u00e1l na v\u00edno: ako a kam ho umiestni\u0165? &#187; iKuchyne iSHOP s n\u00e1bytkom\" \/>\n<meta property=\"og:description\" content=\"Reg\u00e1l na v\u00edno je n\u00e1padit\u00fdm dizajn\u00e9rskym k\u00faskom, ktor\u00fd ulahod\u00ed v\u00e1\u0161mu oku. Majte okrem legend\u00e1rnej chuti v\u00edna aj estetick\u00fd p\u00f4\u017eitok.\" \/>\n<meta property=\"og:url\" content=\"https:\/\/www.ikuchyne.sk\/eshop\/regal-na-vino-ako-a-kam-ho-umiestnit\/\" \/>\n<meta property=\"og:site_name\" content=\"iKuchyne iSHOP s n\u00e1bytkom\" \/>\n<meta property=\"article:publisher\" content=\"https:\/\/www.facebook.com\/ikuchyne\/\" \/>\n<meta property=\"article:published_time\" content=\"2021-05-14T21:48:35+00:00\" \/>\n<meta property=\"og:image\" content=\"https:\/\/www.ikuchyne.sk\/eshop\/wp-content\/uploads\/2021\/05\/1-11.jpg\" \/>\n\t<meta property=\"og:image:width\" content=\"800\" \/>\n\t<meta property=\"og:image:height\" content=\"533\" \/>\n\t<meta property=\"og:image:type\" content=\"image\/jpeg\" \/>\n<meta name=\"author\" content=\"Bibiana Hajdanyov\u00e1\" \/>\n<meta name=\"twitter:card\" content=\"summary_large_image\" \/>\n<meta name=\"twitter:label1\" content=\"Autor\" \/>\n\t<meta name=\"twitter:data1\" content=\"Bibiana Hajdanyov\u00e1\" \/>\n\t<meta name=\"twitter:label2\" content=\"Predpokladan\u00fd \u010das \u010d\u00edtania\" \/>\n\t<meta name=\"twitter:data2\" content=\"3 min\u00faty\" \/>\n<script type=\"application\/ld+json\" class=\"yoast-schema-graph\">{\"@context\":\"https:\/\/schema.org\",\"@graph\":[{\"@type\":\"Article\",\"@id\":\"https:\/\/www.ikuchyne.sk\/eshop\/regal-na-vino-ako-a-kam-ho-umiestnit\/#article\",\"isPartOf\":{\"@id\":\"https:\/\/www.ikuchyne.sk\/eshop\/regal-na-vino-ako-a-kam-ho-umiestnit\/\"},\"author\":{\"name\":\"Bibiana Hajdanyov\u00e1\",\"@id\":\"https:\/\/www.ikuchyne.sk\/eshop\/#\/schema\/person\/2d087365f1f2308a693a4b4a9c2ebf09\"},\"headline\":\"Reg\u00e1l na v\u00edno: ako a kam ho umiestni\u0165?\",\"datePublished\":\"2021-05-14T21:48:35+00:00\",\"dateModified\":\"2021-05-14T21:48:35+00:00\",\"mainEntityOfPage\":{\"@id\":\"https:\/\/www.ikuchyne.sk\/eshop\/regal-na-vino-ako-a-kam-ho-umiestnit\/\"},\"wordCount\":1144,\"publisher\":{\"@id\":\"https:\/\/www.ikuchyne.sk\/eshop\/#organization\"},\"articleSection\":[\"IN\u0160PIR\u00c1CIE\",\"Produkty v realiz\u00e1ciach\"],\"inLanguage\":\"sk-SK\"},{\"@type\":\"WebPage\",\"@id\":\"https:\/\/www.ikuchyne.sk\/eshop\/regal-na-vino-ako-a-kam-ho-umiestnit\/\",\"url\":\"https:\/\/www.ikuchyne.sk\/eshop\/regal-na-vino-ako-a-kam-ho-umiestnit\/\",\"name\":\"Reg\u00e1l na v\u00edno: ako a kam ho umiestni\u0165? &#187; iKuchyne iSHOP s n\u00e1bytkom\",\"isPartOf\":{\"@id\":\"https:\/\/www.ikuchyne.sk\/eshop\/#website\"},\"datePublished\":\"2021-05-14T21:48:35+00:00\",\"dateModified\":\"2021-05-14T21:48:35+00:00\",\"description\":\"Reg\u00e1l na v\u00edno je n\u00e1padit\u00fdm dizajn\u00e9rskym k\u00faskom, ktor\u00fd ulahod\u00ed v\u00e1\u0161mu oku. Majte okrem legend\u00e1rnej chuti v\u00edna aj estetick\u00fd p\u00f4\u017eitok.\",\"breadcrumb\":{\"@id\":\"https:\/\/www.ikuchyne.sk\/eshop\/regal-na-vino-ako-a-kam-ho-umiestnit\/#breadcrumb\"},\"inLanguage\":\"sk-SK\",\"potentialAction\":[{\"@type\":\"ReadAction\",\"target\":[\"https:\/\/www.ikuchyne.sk\/eshop\/regal-na-vino-ako-a-kam-ho-umiestnit\/\"]}]},{\"@type\":\"BreadcrumbList\",\"@id\":\"https:\/\/www.ikuchyne.sk\/eshop\/regal-na-vino-ako-a-kam-ho-umiestnit\/#breadcrumb\",\"itemListElement\":[{\"@type\":\"ListItem\",\"position\":1,\"name\":\"Home\",\"item\":\"https:\/\/www.ikuchyne.sk\/eshop\/\"},{\"@type\":\"ListItem\",\"position\":2,\"name\":\"Reg\u00e1l na v\u00edno: ako a kam ho umiestni\u0165?\"}]},{\"@type\":\"WebSite\",\"@id\":\"https:\/\/www.ikuchyne.sk\/eshop\/#website\",\"url\":\"https:\/\/www.ikuchyne.sk\/eshop\/\",\"name\":\"iKuchyne iSHOP s n\u00e1bytkom\",\"description\":\"Jed\u00e1lensk\u00e9 stoly, stoli\u010dky, n\u00e1bytok, svietidl\u00e1...\",\"publisher\":{\"@id\":\"https:\/\/www.ikuchyne.sk\/eshop\/#organization\"},\"potentialAction\":[{\"@type\":\"SearchAction\",\"target\":{\"@type\":\"EntryPoint\",\"urlTemplate\":\"https:\/\/www.ikuchyne.sk\/eshop\/?s={search_term_string}\"},\"query-input\":\"required name=search_term_string\"}],\"inLanguage\":\"sk-SK\"},{\"@type\":\"Organization\",\"@id\":\"https:\/\/www.ikuchyne.sk\/eshop\/#organization\",\"name\":\"ikuchyne!\",\"url\":\"https:\/\/www.ikuchyne.sk\/eshop\/\",\"logo\":{\"@type\":\"ImageObject\",\"inLanguage\":\"sk-SK\",\"@id\":\"https:\/\/www.ikuchyne.sk\/eshop\/#\/schema\/logo\/image\/\",\"url\":\"https:\/\/www.ikuchyne.sk\/eshop\/wp-content\/uploads\/2017\/04\/ikuchyne-logo.jpg\",\"contentUrl\":\"https:\/\/www.ikuchyne.sk\/eshop\/wp-content\/uploads\/2017\/04\/ikuchyne-logo.jpg\",\"width\":200,\"height\":48,\"caption\":\"ikuchyne!\"},\"image\":{\"@id\":\"https:\/\/www.ikuchyne.sk\/eshop\/#\/schema\/logo\/image\/\"},\"sameAs\":[\"https:\/\/www.facebook.com\/ikuchyne\/\",\"https:\/\/www.instagram.com\/ikuchyne.sk\/\",\"https:\/\/sk.pinterest.com\/ikuchynesk\/\"]},{\"@type\":\"Person\",\"@id\":\"https:\/\/www.ikuchyne.sk\/eshop\/#\/schema\/person\/2d087365f1f2308a693a4b4a9c2ebf09\",\"name\":\"Bibiana Hajdanyov\u00e1\",\"image\":{\"@type\":\"ImageObject\",\"inLanguage\":\"sk-SK\",\"@id\":\"https:\/\/www.ikuchyne.sk\/eshop\/#\/schema\/person\/image\/\",\"url\":\"https:\/\/www.ikuchyne.sk\/eshop\/wp-content\/plugins\/wp-user-avatar\/deprecated\/wp-user-avatar\/images\/wpua-96x96.png\",\"contentUrl\":\"https:\/\/www.ikuchyne.sk\/eshop\/wp-content\/plugins\/wp-user-avatar\/deprecated\/wp-user-avatar\/images\/wpua-96x96.png\",\"caption\":\"Bibiana Hajdanyov\u00e1\"},\"description\":\"Vol\u00e1m sa Bibi\u00e1na, zbo\u017e\u0148ujem p\u00edsanie a som s\u00fa\u010das\u0165ou kreat\u00edvneho t\u00edmu Coolwriters. M\u00e1m rada proces, kedy zis\u0165ujem, objavujem a analyzujem. Najviac ma bav\u00ed dolova\u0165 inform\u00e1cie z umenia, dizajnu a cestovania.\",\"url\":\"https:\/\/www.ikuchyne.sk\/eshop\/author\/bibiana\/\"}]}<\/script>\n<!-- \/ Yoast SEO plugin. -->","yoast_head_json":{"title":"Reg\u00e1l na v\u00edno: ako a kam ho umiestni\u0165? &#187; iKuchyne iSHOP s n\u00e1bytkom","description":"Reg\u00e1l na v\u00edno je n\u00e1padit\u00fdm dizajn\u00e9rskym k\u00faskom, ktor\u00fd ulahod\u00ed v\u00e1\u0161mu oku. Majte okrem legend\u00e1rnej chuti v\u00edna aj estetick\u00fd p\u00f4\u017eitok.","robots":{"index":"index","follow":"follow","max-snippet":"max-snippet:-1","max-image-preview":"max-image-preview:large","max-video-preview":"max-video-preview:-1"},"canonical":"https:\/\/www.ikuchyne.sk\/eshop\/regal-na-vino-ako-a-kam-ho-umiestnit\/","og_locale":"sk_SK","og_type":"article","og_title":"Reg\u00e1l na v\u00edno: ako a kam ho umiestni\u0165? &#187; iKuchyne iSHOP s n\u00e1bytkom","og_description":"Reg\u00e1l na v\u00edno je n\u00e1padit\u00fdm dizajn\u00e9rskym k\u00faskom, ktor\u00fd ulahod\u00ed v\u00e1\u0161mu oku. Majte okrem legend\u00e1rnej chuti v\u00edna aj estetick\u00fd p\u00f4\u017eitok.","og_url":"https:\/\/www.ikuchyne.sk\/eshop\/regal-na-vino-ako-a-kam-ho-umiestnit\/","og_site_name":"iKuchyne iSHOP s n\u00e1bytkom","article_publisher":"https:\/\/www.facebook.com\/ikuchyne\/","article_published_time":"2021-05-14T21:48:35+00:00","og_image":[{"width":800,"height":533,"url":"https:\/\/www.ikuchyne.sk\/eshop\/wp-content\/uploads\/2021\/05\/1-11.jpg","type":"image\/jpeg"}],"author":"Bibiana Hajdanyov\u00e1","twitter_card":"summary_large_image","twitter_misc":{"Autor":"Bibiana Hajdanyov\u00e1","Predpokladan\u00fd \u010das \u010d\u00edtania":"3 min\u00faty"},"schema":{"@context":"https:\/\/schema.org","@graph":[{"@type":"Article","@id":"https:\/\/www.ikuchyne.sk\/eshop\/regal-na-vino-ako-a-kam-ho-umiestnit\/#article","isPartOf":{"@id":"https:\/\/www.ikuchyne.sk\/eshop\/regal-na-vino-ako-a-kam-ho-umiestnit\/"},"author":{"name":"Bibiana Hajdanyov\u00e1","@id":"https:\/\/www.ikuchyne.sk\/eshop\/#\/schema\/person\/2d087365f1f2308a693a4b4a9c2ebf09"},"headline":"Reg\u00e1l na v\u00edno: ako a kam ho umiestni\u0165?","datePublished":"2021-05-14T21:48:35+00:00","dateModified":"2021-05-14T21:48:35+00:00","mainEntityOfPage":{"@id":"https:\/\/www.ikuchyne.sk\/eshop\/regal-na-vino-ako-a-kam-ho-umiestnit\/"},"wordCount":1144,"publisher":{"@id":"https:\/\/www.ikuchyne.sk\/eshop\/#organization"},"articleSection":["IN\u0160PIR\u00c1CIE","Produkty v realiz\u00e1ciach"],"inLanguage":"sk-SK"},{"@type":"WebPage","@id":"https:\/\/www.ikuchyne.sk\/eshop\/regal-na-vino-ako-a-kam-ho-umiestnit\/","url":"https:\/\/www.ikuchyne.sk\/eshop\/regal-na-vino-ako-a-kam-ho-umiestnit\/","name":"Reg\u00e1l na v\u00edno: ako a kam ho umiestni\u0165? &#187; iKuchyne iSHOP s n\u00e1bytkom","isPartOf":{"@id":"https:\/\/www.ikuchyne.sk\/eshop\/#website"},"datePublished":"2021-05-14T21:48:35+00:00","dateModified":"2021-05-14T21:48:35+00:00","description":"Reg\u00e1l na v\u00edno je n\u00e1padit\u00fdm dizajn\u00e9rskym k\u00faskom, ktor\u00fd ulahod\u00ed v\u00e1\u0161mu oku. Majte okrem legend\u00e1rnej chuti v\u00edna aj estetick\u00fd p\u00f4\u017eitok.","breadcrumb":{"@id":"https:\/\/www.ikuchyne.sk\/eshop\/regal-na-vino-ako-a-kam-ho-umiestnit\/#breadcrumb"},"inLanguage":"sk-SK","potentialAction":[{"@type":"ReadAction","target":["https:\/\/www.ikuchyne.sk\/eshop\/regal-na-vino-ako-a-kam-ho-umiestnit\/"]}]},{"@type":"BreadcrumbList","@id":"https:\/\/www.ikuchyne.sk\/eshop\/regal-na-vino-ako-a-kam-ho-umiestnit\/#breadcrumb","itemListElement":[{"@type":"ListItem","position":1,"name":"Home","item":"https:\/\/www.ikuchyne.sk\/eshop\/"},{"@type":"ListItem","position":2,"name":"Reg\u00e1l na v\u00edno: ako a kam ho umiestni\u0165?"}]},{"@type":"WebSite","@id":"https:\/\/www.ikuchyne.sk\/eshop\/#website","url":"https:\/\/www.ikuchyne.sk\/eshop\/","name":"iKuchyne iSHOP s n\u00e1bytkom","description":"Jed\u00e1lensk\u00e9 stoly, stoli\u010dky, n\u00e1bytok, svietidl\u00e1...","publisher":{"@id":"https:\/\/www.ikuchyne.sk\/eshop\/#organization"},"potentialAction":[{"@type":"SearchAction","target":{"@type":"EntryPoint","urlTemplate":"https:\/\/www.ikuchyne.sk\/eshop\/?s={search_term_string}"},"query-input":"required name=search_term_string"}],"inLanguage":"sk-SK"},{"@type":"Organization","@id":"https:\/\/www.ikuchyne.sk\/eshop\/#organization","name":"ikuchyne!","url":"https:\/\/www.ikuchyne.sk\/eshop\/","logo":{"@type":"ImageObject","inLanguage":"sk-SK","@id":"https:\/\/www.ikuchyne.sk\/eshop\/#\/schema\/logo\/image\/","url":"https:\/\/www.ikuchyne.sk\/eshop\/wp-content\/uploads\/2017\/04\/ikuchyne-logo.jpg","contentUrl":"https:\/\/www.ikuchyne.sk\/eshop\/wp-content\/uploads\/2017\/04\/ikuchyne-logo.jpg","width":200,"height":48,"caption":"ikuchyne!"},"image":{"@id":"https:\/\/www.ikuchyne.sk\/eshop\/#\/schema\/logo\/image\/"},"sameAs":["https:\/\/www.facebook.com\/ikuchyne\/","https:\/\/www.instagram.com\/ikuchyne.sk\/","https:\/\/sk.pinterest.com\/ikuchynesk\/"]},{"@type":"Person","@id":"https:\/\/www.ikuchyne.sk\/eshop\/#\/schema\/person\/2d087365f1f2308a693a4b4a9c2ebf09","name":"Bibiana Hajdanyov\u00e1","image":{"@type":"ImageObject","inLanguage":"sk-SK","@id":"https:\/\/www.ikuchyne.sk\/eshop\/#\/schema\/person\/image\/","url":"https:\/\/www.ikuchyne.sk\/eshop\/wp-content\/plugins\/wp-user-avatar\/deprecated\/wp-user-avatar\/images\/wpua-96x96.png","contentUrl":"https:\/\/www.ikuchyne.sk\/eshop\/wp-content\/plugins\/wp-user-avatar\/deprecated\/wp-user-avatar\/images\/wpua-96x96.png","caption":"Bibiana Hajdanyov\u00e1"},"description":"Vol\u00e1m sa Bibi\u00e1na, zbo\u017e\u0148ujem p\u00edsanie a som s\u00fa\u010das\u0165ou kreat\u00edvneho t\u00edmu Coolwriters. M\u00e1m rada proces, kedy zis\u0165ujem, objavujem a analyzujem. Najviac ma bav\u00ed dolova\u0165 inform\u00e1cie z umenia, dizajnu a cestovania.","url":"https:\/\/www.ikuchyne.sk\/eshop\/author\/bibiana\/"}]}},"_links":{"self":[{"href":"https:\/\/www.ikuchyne.sk\/eshop\/wp-json\/wp\/v2\/posts\/152135"}],"collection":[{"href":"https:\/\/www.ikuchyne.sk\/eshop\/wp-json\/wp\/v2\/posts"}],"about":[{"href":"https:\/\/www.ikuchyne.sk\/eshop\/wp-json\/wp\/v2\/types\/post"}],"author":[{"embeddable":true,"href":"https:\/\/www.ikuchyne.sk\/eshop\/wp-json\/wp\/v2\/users\/2168"}],"replies":[{"embeddable":true,"href":"https:\/\/www.ikuchyne.sk\/eshop\/wp-json\/wp\/v2\/comments?post=152135"}],"version-history":[{"count":1,"href":"https:\/\/www.ikuchyne.sk\/eshop\/wp-json\/wp\/v2\/posts\/152135\/revisions"}],"predecessor-version":[{"id":152149,"href":"https:\/\/www.ikuchyne.sk\/eshop\/wp-json\/wp\/v2\/posts\/152135\/revisions\/152149"}],"wp:featuredmedia":[{"embeddable":true,"href":"https:\/\/www.ikuchyne.sk\/eshop\/wp-json\/wp\/v2\/media\/152139"}],"wp:attachment":[{"href":"https:\/\/www.ikuchyne.sk\/eshop\/wp-json\/wp\/v2\/media?parent=152135"}],"wp:term":[{"taxonomy":"category","embeddable":true,"href":"https:\/\/www.ikuchyne.sk\/eshop\/wp-json\/wp\/v2\/categories?post=152135"},{"taxonomy":"post_tag","embeddable":true,"href":"https:\/\/www.ikuchyne.sk\/eshop\/wp-json\/wp\/v2\/tags?post=152135"}],"curies":[{"name":"wp","href":"https:\/\/api.w.org\/{rel}","templated":true}]}}