{"id":152529,"date":"2021-05-21T14:07:43","date_gmt":"2021-05-21T12:07:43","guid":{"rendered":"https:\/\/www.ikuchyne.sk\/eshop\/?p=152529"},"modified":"2021-05-21T14:07:43","modified_gmt":"2021-05-21T12:07:43","slug":"z-kralovskeho-dvora-do-modernej-obyvacky-lenoska-kedysi-a-dnes","status":"publish","type":"post","link":"https:\/\/www.ikuchyne.sk\/eshop\/z-kralovskeho-dvora-do-modernej-obyvacky-lenoska-kedysi-a-dnes\/","title":{"rendered":"Z kr\u00e1\u013eovsk\u00e9ho dvora do modernej ob\u00fdva\u010dky: Le\u0148o\u0161ka kedysi a dnes"},"content":{"rendered":"<p>[vc_row][vc_column][vc_column_text]<strong>Po\u010duli ste u\u017e o gau\u010di na omdlievanie? Aj takto sa kedysi ozna\u010dovali le\u0148o\u0161ky &#8211; n\u00e1bytok, ktor\u00fd do ve\u013ekej miery d\u00fdcha hist\u00f3riou, no z\u00e1rove\u0148 je ve\u013emi s\u00fa\u010dasn\u00fd a do modern\u00fdch interi\u00e9rov sa svoj\u00edm elegantn\u00fdm \u0161t\u00fdlom neuverite\u013ene hod\u00ed.<br \/>\n<\/strong><\/p>\n<p>Le\u0148o\u0161ky sa zrodili e\u0161te v \u010dasoch, o ktor\u00fdch dnes \u010d\u00edtame v dejepisn\u00fdch knih\u00e1ch. Dodnes nie je celkom jasn\u00e9, kedy presne a odkia\u013e sa tu vlastne vzali. Ist\u00e9 v\u0161ak je, \u017ee <strong>si v priebehu hist\u00f3rie z\u00edskali n\u00e1klonnos\u0165<\/strong> a stali sa pohodln\u00fdm spolo\u010dn\u00edkom mnoh\u00fdch spokojn\u00fdch u\u017e\u00edvate\u013eov.[\/vc_column_text][vc_column_text]Tento jedine\u010dn\u00fd kus n\u00e1bytku je dlh\u00e9 storo\u010dia oce\u0148ovan\u00fd pre svoj ide\u00e1lny tvar.<strong> Prisp\u00f4sobuje sa proporci\u00e1m \u013eudsk\u00e9ho tela<\/strong> a pre pohodlie, ktor\u00e9 mu poskytuje. Ak k tomu pripo\u010d\u00edtame pr\u00ed\u0165a\u017eliv\u00fd dizajn, m\u00e1me pred o\u010dami perfektn\u00fd k\u00fasok, ktor\u00fd nem\u00f4\u017ee ch\u00fdba\u0165 v \u017eiadnom modernom b\u00fdvan\u00ed. Pre\u010d\u00edtajte si n\u00e1\u0161 prierez hist\u00f3riou a le\u0148o\u0161ky si zamilujete aj vy![\/vc_column_text][\/vc_column][\/vc_row][vc_row][vc_column][vc_message icon_fontawesome=&#8221;&#8221;]<b>Rada odborn\u00edka:\u00a0<\/b>Ak c\u00edtite \u010dast\u00fa \u00fanavu tela, \u010di mysle, le\u0148o\u0161ka bude pre v\u00e1s ide\u00e1lny spolo\u010dn\u00edk. Jej prim\u00e1rnym poslan\u00edm je toti\u017e umo\u017eni\u0165 u\u017e\u00edvate\u013eovi<strong> zdvihn\u00fa\u0165 nohy do vodorovnej polohy a relaxova\u0165<\/strong>. V\u010faka premyslenej ergon\u00f3mii si v\u0161ak neodd\u00fdchnu len va\u0161e nohy, ale ulahod\u00edte aj chrb\u00e1tu, panve a hlave.[\/vc_message][vc_single_image image=&#8221;152531&#8243; img_size=&#8221;large&#8221; add_caption=&#8221;yes&#8221; alignment=&#8221;center&#8221; style=&#8221;vc_box_rounded&#8221; onclick=&#8221;custom_link&#8221; img_link_target=&#8221;_blank&#8221; link=&#8221;https:\/\/www.ikuchyne.sk\/eshop\/kategoria\/lenosky\/&#8221;][\/vc_column][\/vc_row][vc_row][vc_column][vc_column_text]<\/p>\n<h2><span style=\"color: #e3245e;\"><b>Odkia\u013e sa vzala le\u0148o\u0161ka?<br \/>\n<\/b><\/span><\/h2>\n<p>Le\u0148o\u0161ka je vlastne formou dennej <a href=\"https:\/\/www.ikuchyne.sk\/eshop\/kategoria\/postele\/\"><span style=\"color: #e3245e;\">postele<\/span><\/a>, ktor\u00e1 bola p\u00f4vodne ur\u010den\u00e1 v\u00fdhradne pre jedn\u00e9ho \u010dloveka. <strong>Charakterizuje ju operadlo iba na jednom konci <\/strong>a opierka kon\u010diaca pribli\u017ene v strede n\u00e1bytku. Dodnes sa \u0161pekuluje o tom, kde maj\u00fa le\u0148o\u0161ky p\u00f4vod, kto ich vlastne vyna\u0161iel a ak\u00e1 bola ich prvotn\u00e1 funkcia.[\/vc_column_text][vc_column_text]Pod\u013ea historikov by sme prv\u00fdch predchodcov le\u0148o\u0161iek mohli h\u013eada\u0165 u\u017e niekde v obdob\u00ed starovek\u00e9ho Egyptu. Alebo o tro\u0161ku nesk\u00f4r, v antickom Gr\u00e9cku. Seda\u010dky podobn\u00e9ho charakteru, ktor\u00e9 boli n\u00e1jden\u00e9 <strong>vo vykop\u00e1vkach staroegyptsk\u00fdch hrobiek<\/strong>, sa datuj\u00fa u\u017e okolo roku 3000 pred Kristom.[\/vc_column_text][vc_single_image image=&#8221;152532&#8243; img_size=&#8221;large&#8221; add_caption=&#8221;yes&#8221; alignment=&#8221;center&#8221; style=&#8221;vc_box_rounded&#8221; onclick=&#8221;custom_link&#8221; img_link_target=&#8221;_blank&#8221; link=&#8221;https:\/\/www.bible-history.com\/ibh\/Egyptian+Furniture\/Chairs\/Couch&#8221;][vc_column_text]<\/p>\n<h2><span style=\"color: #e3245e;\"><b>Bez le\u0148o\u0161ky sa nezaobi\u0161la \u017eiadna vzne\u0161en\u00e1 d\u00e1ma<br \/>\n<\/b><\/span><\/h2>\n<p>Svoj najv\u00e4\u010d\u0161\u00ed \u201cboom\u201d v\u0161ak le\u0148o\u0161ky za\u017eili pribli\u017ene v obdob\u00ed 16. &#8211; 17. storo\u010dia a v tzv. viktori\u00e1nskej \u00e9re. O ich ob\u013e\u00fabenosti sved\u010d\u00ed mno\u017estvo dobov\u00fdch vyobrazen\u00ed<strong> z prostredia pal\u00e1cov a z\u00e1mkov. Tam sl\u00fa\u017eili z\u00e1mo\u017en\u00fdm<\/strong> vrstv\u00e1m obyvate\u013estva.[\/vc_column_text][vc_column_text]Jedna z najroz\u0161\u00edrenej\u0161\u00edch te\u00f3ri\u00ed hovor\u00ed o tom, \u017ee za rozmachom le\u0148o\u0161iek vo viktori\u00e1nskom obdob\u00ed m\u00f4\u017eu pr\u00edsne pravidl\u00e1 m\u00f3dy.<strong> N\u00e1sledkom neust\u00e1leho nosenia \u0165a\u017ek\u00fdch parochn\u00ed a tesn\u00fdch korzetov<\/strong> mali \u017eeny toho obdobia trpie\u0165 \u010dastou \u00fanavou a, dokonca, omdlievan\u00edm.\u00a0 Pr\u00e1ve le\u0148o\u0161ky mali by\u0165 ak\u00fdmsi z\u00e1chrann\u00fdm kolesom pre d\u00e1my vo vyp\u00e4t\u00fdch chv\u00ed\u013each.[\/vc_column_text][vc_single_image image=&#8221;152534&#8243; img_size=&#8221;large&#8221; add_caption=&#8221;yes&#8221; alignment=&#8221;center&#8221; style=&#8221;vc_box_rounded&#8221; onclick=&#8221;custom_link&#8221; img_link_target=&#8221;_blank&#8221; link=&#8221;https:\/\/sk.pinterest.com\/&#8221;][vc_column_text]In\u00e1 te\u00f3ria vrav\u00ed o tom, \u017ee le\u0148o\u0161ka sl\u00fa\u017eila ako o<strong>dpo\u010d\u00edvadlo pre vzne\u0161en\u00e9 d\u00e1my, k\u00fdm im slu\u017eobn\u00edctvo ustlalo v sp\u00e1lni<\/strong>. Ak sa panovn\u00ed\u010dka vr\u00e1tila do izby sk\u00f4r, ako bola jej poste\u013e pripraven\u00e1, le\u0148o\u0161ka jej v\u00fdborne posl\u00fa\u017eila na \u010d\u00edtanie, \u010di kr\u00e1tke zdriemnutie.[\/vc_column_text][vc_column_text]<\/p>\n<h2><span style=\"color: #e3245e;\"><b>Na \u010do v\u0161etko e\u0161te le\u0148o\u0161ka v minulosti sl\u00fa\u017eila<br \/>\n<\/b><\/span><\/h2>\n<p>V s\u00favislosti s p\u00f4vodom le\u0148o\u0161iek, \u010di minim\u00e1lne s ich ve\u013ekou populariz\u00e1ciou, sa \u010dasto <strong>sp\u00e1ja aj meno Sigmunda Freuda. <\/strong>Ten je je zn\u00e1my aj ako zakladate\u013e psychoanal\u00fdzy.\u00a0 Pacienti absolvuj\u00faci dlh\u00e9 sedenia v jeho ambulancii mali oddychova\u0165 pr\u00e1ve na le\u0148o\u0161ke, aby sa c\u00edtili viac uvo\u013enene a vzdialene od svojich probl\u00e9mov.[\/vc_column_text][vc_single_image image=&#8221;152535&#8243; img_size=&#8221;large&#8221; add_caption=&#8221;yes&#8221; alignment=&#8221;center&#8221; style=&#8221;vc_box_rounded&#8221; onclick=&#8221;custom_link&#8221; img_link_target=&#8221;_blank&#8221; link=&#8221;https:\/\/www.bbc.com\/news\/magazine-33079041&#8243;][vc_message message_box_color=&#8221;alert-success&#8221; icon_fontawesome=&#8221;&#8221;]<b>VEDELI STE, \u017dE:<\/b> &#8230; presl\u00e1ven\u00e1 le\u0148o\u0161ka Freuda bola viktori\u00e1nska poste\u013e, ktor\u00fa mal okolo roku 1890 dosta\u0165 ako dar od v\u010fa\u010dnej pacientky Madame Benvenisti? <strong>My\u0161lienka terapeutick\u00e9ho gau\u010da pre psychoanalytika sa ujala nato\u013eko, \u017ee dodnes je neoddelite\u013en\u00fdm symbolom psychol\u00f3gie<\/strong> a prv\u00fdm v\u00fdjavom, ktor\u00fd sa zjav\u00ed azda ka\u017ed\u00e9mu pred o\u010dami v s\u00favislosti s t\u00fdmto povolan\u00edm.[\/vc_message][vc_column_text]V minulosti si le\u0148o\u0161ky na\u0161li aj \u010fal\u0161ie uplatnenia. V\u00fdborne posl\u00fa\u017eili, napr\u00edklad, v \u00e9re, ke\u010f sa e\u0161te len za\u010d\u00ednala rozv\u00edja\u0165 my\u0161lienka umel\u00e9ho opa\u013eovania. Koncom 19. storo\u010dia toti\u017e do\u0161lo k objavu obl\u00fakovej uhl\u00edkovej lampy, ktor\u00e1 dok\u00e1zala imitova\u0165 slne\u010dn\u00e9 \u017eiarenie. \u010coskoro na to uzreli svetlo sveta <strong>prv\u00e9 \u201csol\u00e1ria\u201d, do ktor\u00fdch sa le\u0148o\u0161ky v\u00fdborne hodili. <\/strong>Sta\u010dilo sa oprie\u0165 a necha\u0165 sa hladka\u0165 umel\u00fdmi slne\u010dn\u00fdmi l\u00fa\u010dmi.[\/vc_column_text][vc_column_text]Zvl\u00e1\u0161tne postavenie mali <strong>le\u0148o\u0161ky aj vo svete umenia<\/strong>. Kreat\u00edvne oko maliarov, soch\u00e1rov i fotografov si nenechalo ujs\u0165 pr\u00edle\u017eitos\u0165 vyu\u017ei\u0165 t\u00fato kr\u00e1snu rekvizitu, aby na nej nechali vynikn\u00fa\u0165 e\u0161te kraj\u0161ie \u017eensk\u00e9 krivky.[\/vc_column_text][vc_single_image image=&#8221;152537&#8243; img_size=&#8221;large&#8221; add_caption=&#8221;yes&#8221; alignment=&#8221;center&#8221; style=&#8221;vc_box_rounded&#8221; onclick=&#8221;custom_link&#8221; img_link_target=&#8221;_blank&#8221; link=&#8221;https:\/\/www.trexfurniture.com\/blog\/2016\/04\/27\/chaise-long-history\/&#8221;][vc_column_text]Le\u0148o\u0161ky mali v\u017edy pestr\u00e9 vyu\u017eitie pri fotografovan\u00ed. Nie je \u017eiadnou v\u00fdnimkou, \u017ee sa objavovali (a st\u00e1le objavuj\u00fa) <strong>vo foto sc\u00e9nach na ob\u00e1lkach prest\u00ed\u017enych \u010dasopisov<\/strong>. V\u00fdborne sa v\u0161ak vyn\u00edmaj\u00fa aj na rodinn\u00fdch z\u00e1beroch, \u010di svadobn\u00fdch fotk\u00e1ch. To, koniec koncov, plat\u00ed a\u017e do dne\u0161n\u00fdch \u010dias.[\/vc_column_text][vc_single_image image=&#8221;152538&#8243; img_size=&#8221;large&#8221; add_caption=&#8221;yes&#8221; alignment=&#8221;center&#8221; style=&#8221;vc_box_rounded&#8221; onclick=&#8221;custom_link&#8221; img_link_target=&#8221;_blank&#8221; link=&#8221;https:\/\/www.trexfurniture.com\/blog\/2016\/04\/27\/chaise-long-history\/&#8221;][vc_column_text]<\/p>\n<h2><span style=\"color: #e3245e;\"><b>Le\u0148o\u0161ka modernej doby<br \/>\n<\/b><\/span><\/h2>\n<p>A ak\u00fd je \u00fa\u010del le\u0148o\u0161iek v s\u00fa\u010dasnej dobe? Naj\u010dastej\u0161ie ich mo\u017eno n\u00e1js\u0165 v interi\u00e9roch, kde s\u00fa pripraven\u00e9 svojim majite\u013eom poskytn\u00fa\u0165 t\u00fa spr\u00e1vnu d\u00e1vku komfortu. <strong>Zaru\u010duj\u00fa pr\u00edjemn\u00fd relax<\/strong> a z\u00e1rove\u0148 s\u00fa estetickou bodkou ka\u017edej dom\u00e1cnosti.[\/vc_column_text][vc_message icon_fontawesome=&#8221;&#8221;]<b>Rada odborn\u00edka:\u00a0<\/b>Le\u0148o\u0161ku je mo\u017en\u00e9 pova\u017eova\u0165 aj za finan\u010dne menej n\u00e1ro\u010dn\u00fa alternat\u00edvu <a href=\"https:\/\/ikuchyne.sk\/eshop\/kategoria\/relaxacne-kresla\"><span style=\"color: #e3245e;\">relaxa\u010dn\u00e9ho kresla<\/span><\/a>, preto\u017ee oba kusa n\u00e1bytku sa vyu\u017e\u00edvaj\u00fa na ten ist\u00fd \u00fa\u010del[\/vc_message][vc_single_image image=&#8221;152539&#8243; img_size=&#8221;large&#8221; add_caption=&#8221;yes&#8221; alignment=&#8221;center&#8221; style=&#8221;vc_box_rounded&#8221; onclick=&#8221;custom_link&#8221; img_link_target=&#8221;_blank&#8221; link=&#8221;https:\/\/www.ikuchyne.sk\/eshop\/produkt\/pohovka-diva-196cm-zamat-smaragd-zelena\/&#8221;][vc_column_text]Le\u0148o\u0161ky maj\u00fa skvel\u00e9 vyu\u017eitie nielen v interi\u00e9roch, ale <strong>aj v exteri\u00e9roch<\/strong>. Ak si zvol\u00edte spr\u00e1vny materi\u00e1l, napr\u00edklad tak\u00fd ratan, m\u00f4\u017eete si u\u017ei\u0165 pohodl\u00ed\u010dko na slnie\u010dku, \u010di, naopak, v pr\u00edjemnom chl\u00e1dku letnej terasy.[\/vc_column_text][vc_single_image image=&#8221;152540&#8243; img_size=&#8221;large&#8221; add_caption=&#8221;yes&#8221; alignment=&#8221;center&#8221; style=&#8221;vc_box_rounded&#8221; onclick=&#8221;custom_link&#8221; img_link_target=&#8221;_blank&#8221; link=&#8221;https:\/\/sk.pinterest.com\/&#8221;][\/vc_column][\/vc_row][vc_row][vc_column][vc_column_text]Le\u0148o\u0161ku v podobe z\u00e1hradnej lavice vyu\u017eijete na medit\u00e1ciu, \u010d\u00edtanie kn\u00edh, opa\u013eovanie sa, baz\u00e9nov\u00fa p\u00e1rty s priate\u013emi, alebo len na tak\u00fd oby\u010dajn\u00fd v\u00edkendov\u00fd oddych. <strong>U\u017e d\u00e1vno pritom neplat\u00ed, \u017ee relaxovanie si m\u00f4\u017eete u\u017e\u00edva\u0165 len ako jednotlivec. <\/strong>Ak, navy\u0161e, dozdob\u00edte svoju le\u0148o\u0161ku umelou ko\u017eu\u0161inou, alebo hodv\u00e1bnou l\u00e1tkou, bude p\u00f4sobi\u0165 e\u0161te aj elegantne.[\/vc_column_text][vc_message icon_fontawesome=&#8221;&#8221;]<b>TIP NA Z\u00c1VER:\u00a0<\/b>Le\u0148o\u0161ky dnes dostanete k\u00fapi\u0165 <strong>v najr\u00f4znej\u0161\u00edch ve\u013ekostiach, tvaroch, \u0161t\u00fdloch, \u010di materi\u00e1lov\u00fdch vyhotoveniach<\/strong>. Ak sa rozhodujete, ako ide\u00e1lne zladi\u0165 va\u0161u dom\u00e1cnos\u0165, In\u0161pirujte sa aj na na\u0161om <a href=\"https:\/\/www.ikuchyne.sk\/eshop\/\"><span style=\"color: #e3245e;\">eshope<\/span><\/a>.[\/vc_message][\/vc_column][\/vc_row]<\/p>\n","protected":false},"excerpt":{"rendered":"<p>[vc_row][vc_column][vc_column_text]Po\u010duli ste u\u017e o gau\u010di na omdlievanie? Aj takto sa kedysi ozna\u010dovali le\u0148o\u0161ky &#8211; n\u00e1bytok, ktor\u00fd do ve\u013ekej miery d\u00fdcha hist\u00f3riou, no z\u00e1rove\u0148 je ve\u013emi s\u00fa\u010dasn\u00fd a do modern\u00fdch interi\u00e9rov<\/p>\n","protected":false},"author":553,"featured_media":152530,"comment_status":"closed","ping_status":"open","sticky":false,"template":"","format":"standard","meta":{"footnotes":""},"categories":[1008,1129],"tags":[],"yoast_head":"<!-- This site is optimized with the Yoast SEO plugin v22.1 - https:\/\/yoast.com\/wordpress\/plugins\/seo\/ -->\n<title>Le\u0148o\u0161ka kedysi a dnes: Z hist\u00f3rie do bud\u00facnosti &#187; iKuchyne iSHOP s n\u00e1bytkom<\/title>\n<meta name=\"description\" content=\"Po\u010duli ste u\u017e o gau\u010di na omdlievanie? Aj takto sa kedysi ozna\u010dovala le\u0148o\u0161ka - n\u00e1bytok, ktor\u00e1 sa do modern\u00fdch interi\u00e9rov hod\u00ed.\" \/>\n<meta name=\"robots\" content=\"index, follow, max-snippet:-1, max-image-preview:large, max-video-preview:-1\" \/>\n<link rel=\"canonical\" href=\"https:\/\/www.ikuchyne.sk\/eshop\/z-kralovskeho-dvora-do-modernej-obyvacky-lenoska-kedysi-a-dnes\/\" \/>\n<meta property=\"og:locale\" content=\"sk_SK\" \/>\n<meta property=\"og:type\" content=\"article\" \/>\n<meta property=\"og:title\" content=\"Le\u0148o\u0161ka kedysi a dnes: Z hist\u00f3rie do bud\u00facnosti &#187; iKuchyne iSHOP s n\u00e1bytkom\" \/>\n<meta property=\"og:description\" content=\"Po\u010duli ste u\u017e o gau\u010di na omdlievanie? Aj takto sa kedysi ozna\u010dovala le\u0148o\u0161ka - n\u00e1bytok, ktor\u00e1 sa do modern\u00fdch interi\u00e9rov hod\u00ed.\" \/>\n<meta property=\"og:url\" content=\"https:\/\/www.ikuchyne.sk\/eshop\/z-kralovskeho-dvora-do-modernej-obyvacky-lenoska-kedysi-a-dnes\/\" \/>\n<meta property=\"og:site_name\" content=\"iKuchyne iSHOP s n\u00e1bytkom\" \/>\n<meta property=\"article:publisher\" content=\"https:\/\/www.facebook.com\/ikuchyne\/\" \/>\n<meta property=\"article:published_time\" content=\"2021-05-21T12:07:43+00:00\" \/>\n<meta property=\"og:image\" content=\"https:\/\/www.ikuchyne.sk\/eshop\/wp-content\/uploads\/2021\/05\/1-19.jpg\" \/>\n\t<meta property=\"og:image:width\" content=\"800\" \/>\n\t<meta property=\"og:image:height\" content=\"533\" \/>\n\t<meta property=\"og:image:type\" content=\"image\/jpeg\" \/>\n<meta name=\"author\" content=\"Michaela Domanov\u00e1\" \/>\n<meta name=\"twitter:card\" content=\"summary_large_image\" \/>\n<meta name=\"twitter:label1\" content=\"Autor\" \/>\n\t<meta name=\"twitter:data1\" content=\"Michaela Domanov\u00e1\" \/>\n\t<meta name=\"twitter:label2\" content=\"Predpokladan\u00fd \u010das \u010d\u00edtania\" \/>\n\t<meta name=\"twitter:data2\" content=\"4 min\u00faty\" \/>\n<script type=\"application\/ld+json\" class=\"yoast-schema-graph\">{\"@context\":\"https:\/\/schema.org\",\"@graph\":[{\"@type\":\"Article\",\"@id\":\"https:\/\/www.ikuchyne.sk\/eshop\/z-kralovskeho-dvora-do-modernej-obyvacky-lenoska-kedysi-a-dnes\/#article\",\"isPartOf\":{\"@id\":\"https:\/\/www.ikuchyne.sk\/eshop\/z-kralovskeho-dvora-do-modernej-obyvacky-lenoska-kedysi-a-dnes\/\"},\"author\":{\"name\":\"Michaela Domanov\u00e1\",\"@id\":\"https:\/\/www.ikuchyne.sk\/eshop\/#\/schema\/person\/72a8bd98eb5bc0d02ae901330ab30da7\"},\"headline\":\"Z kr\u00e1\u013eovsk\u00e9ho dvora do modernej ob\u00fdva\u010dky: Le\u0148o\u0161ka kedysi a dnes\",\"datePublished\":\"2021-05-21T12:07:43+00:00\",\"dateModified\":\"2021-05-21T12:07:43+00:00\",\"mainEntityOfPage\":{\"@id\":\"https:\/\/www.ikuchyne.sk\/eshop\/z-kralovskeho-dvora-do-modernej-obyvacky-lenoska-kedysi-a-dnes\/\"},\"wordCount\":1570,\"publisher\":{\"@id\":\"https:\/\/www.ikuchyne.sk\/eshop\/#organization\"},\"articleSection\":[\"IN\u0160PIR\u00c1CIE\",\"Produkty v realiz\u00e1ciach\"],\"inLanguage\":\"sk-SK\"},{\"@type\":\"WebPage\",\"@id\":\"https:\/\/www.ikuchyne.sk\/eshop\/z-kralovskeho-dvora-do-modernej-obyvacky-lenoska-kedysi-a-dnes\/\",\"url\":\"https:\/\/www.ikuchyne.sk\/eshop\/z-kralovskeho-dvora-do-modernej-obyvacky-lenoska-kedysi-a-dnes\/\",\"name\":\"Le\u0148o\u0161ka kedysi a dnes: Z hist\u00f3rie do bud\u00facnosti &#187; iKuchyne iSHOP s n\u00e1bytkom\",\"isPartOf\":{\"@id\":\"https:\/\/www.ikuchyne.sk\/eshop\/#website\"},\"datePublished\":\"2021-05-21T12:07:43+00:00\",\"dateModified\":\"2021-05-21T12:07:43+00:00\",\"description\":\"Po\u010duli ste u\u017e o gau\u010di na omdlievanie? Aj takto sa kedysi ozna\u010dovala le\u0148o\u0161ka - n\u00e1bytok, ktor\u00e1 sa do modern\u00fdch interi\u00e9rov hod\u00ed.\",\"breadcrumb\":{\"@id\":\"https:\/\/www.ikuchyne.sk\/eshop\/z-kralovskeho-dvora-do-modernej-obyvacky-lenoska-kedysi-a-dnes\/#breadcrumb\"},\"inLanguage\":\"sk-SK\",\"potentialAction\":[{\"@type\":\"ReadAction\",\"target\":[\"https:\/\/www.ikuchyne.sk\/eshop\/z-kralovskeho-dvora-do-modernej-obyvacky-lenoska-kedysi-a-dnes\/\"]}]},{\"@type\":\"BreadcrumbList\",\"@id\":\"https:\/\/www.ikuchyne.sk\/eshop\/z-kralovskeho-dvora-do-modernej-obyvacky-lenoska-kedysi-a-dnes\/#breadcrumb\",\"itemListElement\":[{\"@type\":\"ListItem\",\"position\":1,\"name\":\"Home\",\"item\":\"https:\/\/www.ikuchyne.sk\/eshop\/\"},{\"@type\":\"ListItem\",\"position\":2,\"name\":\"Z kr\u00e1\u013eovsk\u00e9ho dvora do modernej ob\u00fdva\u010dky: Le\u0148o\u0161ka kedysi a dnes\"}]},{\"@type\":\"WebSite\",\"@id\":\"https:\/\/www.ikuchyne.sk\/eshop\/#website\",\"url\":\"https:\/\/www.ikuchyne.sk\/eshop\/\",\"name\":\"iKuchyne iSHOP s n\u00e1bytkom\",\"description\":\"Jed\u00e1lensk\u00e9 stoly, stoli\u010dky, n\u00e1bytok, svietidl\u00e1...\",\"publisher\":{\"@id\":\"https:\/\/www.ikuchyne.sk\/eshop\/#organization\"},\"potentialAction\":[{\"@type\":\"SearchAction\",\"target\":{\"@type\":\"EntryPoint\",\"urlTemplate\":\"https:\/\/www.ikuchyne.sk\/eshop\/?s={search_term_string}\"},\"query-input\":\"required name=search_term_string\"}],\"inLanguage\":\"sk-SK\"},{\"@type\":\"Organization\",\"@id\":\"https:\/\/www.ikuchyne.sk\/eshop\/#organization\",\"name\":\"ikuchyne!\",\"url\":\"https:\/\/www.ikuchyne.sk\/eshop\/\",\"logo\":{\"@type\":\"ImageObject\",\"inLanguage\":\"sk-SK\",\"@id\":\"https:\/\/www.ikuchyne.sk\/eshop\/#\/schema\/logo\/image\/\",\"url\":\"https:\/\/www.ikuchyne.sk\/eshop\/wp-content\/uploads\/2017\/04\/ikuchyne-logo.jpg\",\"contentUrl\":\"https:\/\/www.ikuchyne.sk\/eshop\/wp-content\/uploads\/2017\/04\/ikuchyne-logo.jpg\",\"width\":200,\"height\":48,\"caption\":\"ikuchyne!\"},\"image\":{\"@id\":\"https:\/\/www.ikuchyne.sk\/eshop\/#\/schema\/logo\/image\/\"},\"sameAs\":[\"https:\/\/www.facebook.com\/ikuchyne\/\",\"https:\/\/www.instagram.com\/ikuchyne.sk\/\",\"https:\/\/sk.pinterest.com\/ikuchynesk\/\"]},{\"@type\":\"Person\",\"@id\":\"https:\/\/www.ikuchyne.sk\/eshop\/#\/schema\/person\/72a8bd98eb5bc0d02ae901330ab30da7\",\"name\":\"Michaela Domanov\u00e1\",\"image\":{\"@type\":\"ImageObject\",\"inLanguage\":\"sk-SK\",\"@id\":\"https:\/\/www.ikuchyne.sk\/eshop\/#\/schema\/person\/image\/\",\"url\":\"https:\/\/www.ikuchyne.sk\/eshop\/wp-content\/plugins\/wp-user-avatar\/deprecated\/wp-user-avatar\/images\/wpua-96x96.png\",\"contentUrl\":\"https:\/\/www.ikuchyne.sk\/eshop\/wp-content\/plugins\/wp-user-avatar\/deprecated\/wp-user-avatar\/images\/wpua-96x96.png\",\"caption\":\"Michaela Domanov\u00e1\"},\"description\":\"Michaela m\u00e1 za sebou nieko\u013eko rokov praxe v printov\u00fdch i online m\u00e9di\u00e1ch ako redaktorka a editorka. Aktu\u00e1lne je na \\\"vo\u013enej nohe\\\" a venuje sa tvorbe \u010dl\u00e1nkov, ktor\u00fdch t\u00e9my s\u00fa bl\u00edzke jej srdcu - rada p\u00ed\u0161e o kult\u00fare, umen\u00ed, interi\u00e9rovom dizajne, \u010di umeleck\u00fdch remesl\u00e1ch. Ako mami\u010dka sa tie\u017e venuje n\u00e1metom z oblasti \u017eensk\u00e9ho zdravia a sveta det\u00ed a zaober\u00e1 sa i prezent\u00e1ciou anglick\u00fdch kn\u00edh pre najmen\u0161\u00edch.\",\"url\":\"https:\/\/www.ikuchyne.sk\/eshop\/author\/michaela-domanova\/\"}]}<\/script>\n<!-- \/ Yoast SEO plugin. -->","yoast_head_json":{"title":"Le\u0148o\u0161ka kedysi a dnes: Z hist\u00f3rie do bud\u00facnosti &#187; iKuchyne iSHOP s n\u00e1bytkom","description":"Po\u010duli ste u\u017e o gau\u010di na omdlievanie? Aj takto sa kedysi ozna\u010dovala le\u0148o\u0161ka - n\u00e1bytok, ktor\u00e1 sa do modern\u00fdch interi\u00e9rov hod\u00ed.","robots":{"index":"index","follow":"follow","max-snippet":"max-snippet:-1","max-image-preview":"max-image-preview:large","max-video-preview":"max-video-preview:-1"},"canonical":"https:\/\/www.ikuchyne.sk\/eshop\/z-kralovskeho-dvora-do-modernej-obyvacky-lenoska-kedysi-a-dnes\/","og_locale":"sk_SK","og_type":"article","og_title":"Le\u0148o\u0161ka kedysi a dnes: Z hist\u00f3rie do bud\u00facnosti &#187; iKuchyne iSHOP s n\u00e1bytkom","og_description":"Po\u010duli ste u\u017e o gau\u010di na omdlievanie? Aj takto sa kedysi ozna\u010dovala le\u0148o\u0161ka - n\u00e1bytok, ktor\u00e1 sa do modern\u00fdch interi\u00e9rov hod\u00ed.","og_url":"https:\/\/www.ikuchyne.sk\/eshop\/z-kralovskeho-dvora-do-modernej-obyvacky-lenoska-kedysi-a-dnes\/","og_site_name":"iKuchyne iSHOP s n\u00e1bytkom","article_publisher":"https:\/\/www.facebook.com\/ikuchyne\/","article_published_time":"2021-05-21T12:07:43+00:00","og_image":[{"width":800,"height":533,"url":"https:\/\/www.ikuchyne.sk\/eshop\/wp-content\/uploads\/2021\/05\/1-19.jpg","type":"image\/jpeg"}],"author":"Michaela Domanov\u00e1","twitter_card":"summary_large_image","twitter_misc":{"Autor":"Michaela Domanov\u00e1","Predpokladan\u00fd \u010das \u010d\u00edtania":"4 min\u00faty"},"schema":{"@context":"https:\/\/schema.org","@graph":[{"@type":"Article","@id":"https:\/\/www.ikuchyne.sk\/eshop\/z-kralovskeho-dvora-do-modernej-obyvacky-lenoska-kedysi-a-dnes\/#article","isPartOf":{"@id":"https:\/\/www.ikuchyne.sk\/eshop\/z-kralovskeho-dvora-do-modernej-obyvacky-lenoska-kedysi-a-dnes\/"},"author":{"name":"Michaela Domanov\u00e1","@id":"https:\/\/www.ikuchyne.sk\/eshop\/#\/schema\/person\/72a8bd98eb5bc0d02ae901330ab30da7"},"headline":"Z kr\u00e1\u013eovsk\u00e9ho dvora do modernej ob\u00fdva\u010dky: Le\u0148o\u0161ka kedysi a dnes","datePublished":"2021-05-21T12:07:43+00:00","dateModified":"2021-05-21T12:07:43+00:00","mainEntityOfPage":{"@id":"https:\/\/www.ikuchyne.sk\/eshop\/z-kralovskeho-dvora-do-modernej-obyvacky-lenoska-kedysi-a-dnes\/"},"wordCount":1570,"publisher":{"@id":"https:\/\/www.ikuchyne.sk\/eshop\/#organization"},"articleSection":["IN\u0160PIR\u00c1CIE","Produkty v realiz\u00e1ciach"],"inLanguage":"sk-SK"},{"@type":"WebPage","@id":"https:\/\/www.ikuchyne.sk\/eshop\/z-kralovskeho-dvora-do-modernej-obyvacky-lenoska-kedysi-a-dnes\/","url":"https:\/\/www.ikuchyne.sk\/eshop\/z-kralovskeho-dvora-do-modernej-obyvacky-lenoska-kedysi-a-dnes\/","name":"Le\u0148o\u0161ka kedysi a dnes: Z hist\u00f3rie do bud\u00facnosti &#187; iKuchyne iSHOP s n\u00e1bytkom","isPartOf":{"@id":"https:\/\/www.ikuchyne.sk\/eshop\/#website"},"datePublished":"2021-05-21T12:07:43+00:00","dateModified":"2021-05-21T12:07:43+00:00","description":"Po\u010duli ste u\u017e o gau\u010di na omdlievanie? Aj takto sa kedysi ozna\u010dovala le\u0148o\u0161ka - n\u00e1bytok, ktor\u00e1 sa do modern\u00fdch interi\u00e9rov hod\u00ed.","breadcrumb":{"@id":"https:\/\/www.ikuchyne.sk\/eshop\/z-kralovskeho-dvora-do-modernej-obyvacky-lenoska-kedysi-a-dnes\/#breadcrumb"},"inLanguage":"sk-SK","potentialAction":[{"@type":"ReadAction","target":["https:\/\/www.ikuchyne.sk\/eshop\/z-kralovskeho-dvora-do-modernej-obyvacky-lenoska-kedysi-a-dnes\/"]}]},{"@type":"BreadcrumbList","@id":"https:\/\/www.ikuchyne.sk\/eshop\/z-kralovskeho-dvora-do-modernej-obyvacky-lenoska-kedysi-a-dnes\/#breadcrumb","itemListElement":[{"@type":"ListItem","position":1,"name":"Home","item":"https:\/\/www.ikuchyne.sk\/eshop\/"},{"@type":"ListItem","position":2,"name":"Z kr\u00e1\u013eovsk\u00e9ho dvora do modernej ob\u00fdva\u010dky: Le\u0148o\u0161ka kedysi a dnes"}]},{"@type":"WebSite","@id":"https:\/\/www.ikuchyne.sk\/eshop\/#website","url":"https:\/\/www.ikuchyne.sk\/eshop\/","name":"iKuchyne iSHOP s n\u00e1bytkom","description":"Jed\u00e1lensk\u00e9 stoly, stoli\u010dky, n\u00e1bytok, svietidl\u00e1...","publisher":{"@id":"https:\/\/www.ikuchyne.sk\/eshop\/#organization"},"potentialAction":[{"@type":"SearchAction","target":{"@type":"EntryPoint","urlTemplate":"https:\/\/www.ikuchyne.sk\/eshop\/?s={search_term_string}"},"query-input":"required name=search_term_string"}],"inLanguage":"sk-SK"},{"@type":"Organization","@id":"https:\/\/www.ikuchyne.sk\/eshop\/#organization","name":"ikuchyne!","url":"https:\/\/www.ikuchyne.sk\/eshop\/","logo":{"@type":"ImageObject","inLanguage":"sk-SK","@id":"https:\/\/www.ikuchyne.sk\/eshop\/#\/schema\/logo\/image\/","url":"https:\/\/www.ikuchyne.sk\/eshop\/wp-content\/uploads\/2017\/04\/ikuchyne-logo.jpg","contentUrl":"https:\/\/www.ikuchyne.sk\/eshop\/wp-content\/uploads\/2017\/04\/ikuchyne-logo.jpg","width":200,"height":48,"caption":"ikuchyne!"},"image":{"@id":"https:\/\/www.ikuchyne.sk\/eshop\/#\/schema\/logo\/image\/"},"sameAs":["https:\/\/www.facebook.com\/ikuchyne\/","https:\/\/www.instagram.com\/ikuchyne.sk\/","https:\/\/sk.pinterest.com\/ikuchynesk\/"]},{"@type":"Person","@id":"https:\/\/www.ikuchyne.sk\/eshop\/#\/schema\/person\/72a8bd98eb5bc0d02ae901330ab30da7","name":"Michaela Domanov\u00e1","image":{"@type":"ImageObject","inLanguage":"sk-SK","@id":"https:\/\/www.ikuchyne.sk\/eshop\/#\/schema\/person\/image\/","url":"https:\/\/www.ikuchyne.sk\/eshop\/wp-content\/plugins\/wp-user-avatar\/deprecated\/wp-user-avatar\/images\/wpua-96x96.png","contentUrl":"https:\/\/www.ikuchyne.sk\/eshop\/wp-content\/plugins\/wp-user-avatar\/deprecated\/wp-user-avatar\/images\/wpua-96x96.png","caption":"Michaela Domanov\u00e1"},"description":"Michaela m\u00e1 za sebou nieko\u013eko rokov praxe v printov\u00fdch i online m\u00e9di\u00e1ch ako redaktorka a editorka. Aktu\u00e1lne je na \"vo\u013enej nohe\" a venuje sa tvorbe \u010dl\u00e1nkov, ktor\u00fdch t\u00e9my s\u00fa bl\u00edzke jej srdcu - rada p\u00ed\u0161e o kult\u00fare, umen\u00ed, interi\u00e9rovom dizajne, \u010di umeleck\u00fdch remesl\u00e1ch. Ako mami\u010dka sa tie\u017e venuje n\u00e1metom z oblasti \u017eensk\u00e9ho zdravia a sveta det\u00ed a zaober\u00e1 sa i prezent\u00e1ciou anglick\u00fdch kn\u00edh pre najmen\u0161\u00edch.","url":"https:\/\/www.ikuchyne.sk\/eshop\/author\/michaela-domanova\/"}]}},"_links":{"self":[{"href":"https:\/\/www.ikuchyne.sk\/eshop\/wp-json\/wp\/v2\/posts\/152529"}],"collection":[{"href":"https:\/\/www.ikuchyne.sk\/eshop\/wp-json\/wp\/v2\/posts"}],"about":[{"href":"https:\/\/www.ikuchyne.sk\/eshop\/wp-json\/wp\/v2\/types\/post"}],"author":[{"embeddable":true,"href":"https:\/\/www.ikuchyne.sk\/eshop\/wp-json\/wp\/v2\/users\/553"}],"replies":[{"embeddable":true,"href":"https:\/\/www.ikuchyne.sk\/eshop\/wp-json\/wp\/v2\/comments?post=152529"}],"version-history":[{"count":1,"href":"https:\/\/www.ikuchyne.sk\/eshop\/wp-json\/wp\/v2\/posts\/152529\/revisions"}],"predecessor-version":[{"id":152543,"href":"https:\/\/www.ikuchyne.sk\/eshop\/wp-json\/wp\/v2\/posts\/152529\/revisions\/152543"}],"wp:featuredmedia":[{"embeddable":true,"href":"https:\/\/www.ikuchyne.sk\/eshop\/wp-json\/wp\/v2\/media\/152530"}],"wp:attachment":[{"href":"https:\/\/www.ikuchyne.sk\/eshop\/wp-json\/wp\/v2\/media?parent=152529"}],"wp:term":[{"taxonomy":"category","embeddable":true,"href":"https:\/\/www.ikuchyne.sk\/eshop\/wp-json\/wp\/v2\/categories?post=152529"},{"taxonomy":"post_tag","embeddable":true,"href":"https:\/\/www.ikuchyne.sk\/eshop\/wp-json\/wp\/v2\/tags?post=152529"}],"curies":[{"name":"wp","href":"https:\/\/api.w.org\/{rel}","templated":true}]}}