{"id":152576,"date":"2021-05-24T11:00:25","date_gmt":"2021-05-24T09:00:25","guid":{"rendered":"https:\/\/www.ikuchyne.sk\/eshop\/?p=152576"},"modified":"2021-05-23T18:01:13","modified_gmt":"2021-05-23T16:01:13","slug":"7-rad-ako-dekorovat-biely-interier","status":"publish","type":"post","link":"https:\/\/www.ikuchyne.sk\/eshop\/7-rad-ako-dekorovat-biely-interier\/","title":{"rendered":"7 r\u00e1d ako dekorova\u0165 biely interi\u00e9r"},"content":{"rendered":"<p>[vc_row][vc_column][vc_column_text]Hoci sa trendy v b\u00fdvan\u00ed menia ka\u017ed\u00fdm rokom \u2013 jeden z nich bude v m\u00f3de nav\u017edy.<strong> Klasick\u00fd a nad\u010dasov\u00fd biely interi\u00e9r<\/strong>. U\u017e ste videli niekedy bielu izbu, ktor\u00e1 by sa v\u00e1m nep\u00e1\u010dila? Zatia\u013e \u010do v te\u00f3rii prevl\u00e1da n\u00e1zor, \u017ee klasicky vybielen\u00fd priestor je chladn\u00fd a ostr\u00fd, vizu\u00e1lna realita hovor\u00ed o opaku. Mlie\u010dnobiely z\u00e1klad p\u00f4sob\u00ed ako pl\u00e1tno, na ktor\u00e9 sa d\u00e1 ma\u013eova\u0165 \u2013 v na\u0161om pr\u00edpade ide teda o prostriedok na vytvorenie pozoruhodn\u00e9ho miesta, ktor\u00e9 nezostarne. Biela je univerz\u00e1lna, preto bude aj biela izba st\u00e1le vyzera\u0165 moderne a \u0161t\u00fdlovo.[\/vc_column_text][vc_single_image image=&#8221;152587&#8243; img_size=&#8221;large&#8221; add_caption=&#8221;yes&#8221; alignment=&#8221;center&#8221; style=&#8221;vc_box_rounded&#8221; onclick=&#8221;custom_link&#8221; img_link_target=&#8221;_blank&#8221; link=&#8221;https:\/\/www.pexels.com\/sk-sk\/&#8221;][\/vc_column][\/vc_row][vc_row][vc_column][vc_column_text]<\/p>\n<h2><span style=\"color: #e3245e;\"><b>\u010co vy\u017earuje biely interi\u00e9r?<\/b><\/span><\/h2>\n<p><span style=\"color: #000000;\"><span style=\"font-weight: 400;\">Ako ka\u017ed\u00e1 jedna farba, aj biela m\u00e1 svoju vlastn\u00fa symboliku vych\u00e1dzaj\u00facu zo psychol\u00f3gie a \u010diasto\u010dne aj z na\u0161ej kult\u00fary. V z\u00e1padn\u00fdch krajin\u00e1ch sa \u010dasto sp\u00e1ja so svadbou, anjelmi \u010di nemocnicou \u2013 <strong>pou\u017e\u00edva sa na vyjadrenie \u010distoty, nevinnosti, pokoja, ale aj sterility<\/strong>. Evokuje <strong>svie\u017eos\u0165 a jednoduchos\u0165<\/strong>, ale aj jemnos\u0165, vieru a duchovno; symbolizuje nov\u00fd a \u00faspe\u0161n\u00fd za\u010diatok, a vytv\u00e1ra pocit poriadku, organizovanosti a \u00fah\u013eadnosti. Biela je ob\u013e\u00fabenou farbou v bytovom dizajne a hod\u00ed sa do ob\u00fdvac\u00edch izieb, sp\u00e1ln\u00ed, kancel\u00e1ri\u00ed \u010di konferen\u010dn\u00fdch miestnost\u00ed.<\/span><\/span>[\/vc_column_text][vc_column_text]<span style=\"color: #000000;\"><span style=\"font-weight: 400;\">Niekedy v\u0161ak m\u00f4\u017ee p\u00f4sobi\u0165 chladne a budi\u0165 dojem ve\u013ekej dokonalosti \u010di umelosti. Mus\u00edme sa preto vyvarova\u0165 ch\u00fdb pri jeho zaria\u010fovan\u00ed a dekorovan\u00ed. Pom\u00f4\u017eu v\u00e1m nasleduj\u00face tipy:<\/span><\/span>[\/vc_column_text][\/vc_column][\/vc_row][vc_row][vc_column][vc_message message_box_color=&#8221;alert-success&#8221; icon_fontawesome=&#8221;&#8221;]<b>VEDELI STE, \u017dE: <\/b>V priebehu hist\u00f3rie sa vyu\u017e\u00edvala biela od dobov\u00fdch interi\u00e9rov a leskl\u00fdch modern\u00fdch architektonick\u00fdch priestorov a\u017e po \u0161kandin\u00e1vsky minimalistick\u00fd dizajn? Pred pribli\u017ene sto rokmi bola v b\u00fdvan\u00ed pova\u017eovan\u00e1 za revolu\u010dn\u00fd prvok, ten v\u0161ak \u010dasom zov\u0161ednel a dnes sa stal nato\u013eko oby\u010dajn\u00fdm, \u017ee je potrebn\u00e9 ho znovuobjavi\u0165.[\/vc_message][vc_column_text]<\/p>\n<h4><span style=\"color: #e3245e;\"><b>1. Striedajte vzory aj materi\u00e1ly<br \/>\n<\/b><\/span><\/h4>\n<p><span style=\"color: #000000;\"><span style=\"font-weight: 400;\">Pokia\u013e ide o zdobenie bieleho interi\u00e9ru, existuje jedno pravidlo, a to text\u00fara. Ak chcete vytvori\u0165 na prv\u00fd poh\u013ead pr\u00edjemn\u00fd priestor, vyberte si doplnky z r\u00f4znych materi\u00e1lov<\/span><\/span><\/p>\n<p>M\u00f4\u017ee \u00eds\u0165 o \u010doko\u013evek \u2013 <strong>drevo, tehlu, dla\u017edice, li\u0161tu, mramor, ko\u017eu\u0161iny, bavlnu, hodv\u00e1b \u010di vlnu<\/strong>. Sk\u00faste si vybra\u0165 nieko\u013eko z nich a ozvl\u00e1\u0161tnite t\u00fdm bielu miestnos\u0165. Napr\u00edklad t\u00fdm, \u017ee dopln\u00edte elegantn\u00fd ko\u017een\u00fd gau\u010d vlnen\u00fdmi prikr\u00fdvkami alebo vank\u00fa\u0161mi z umelej ko\u017eu\u0161iny. Je to na va\u0161om vkuse a uv\u00e1\u017een\u00ed. Pokia\u013e ide o vrstvenie, nehanbite sa strieda\u0165 jednotliv\u00e9 vzory a tvary \u2013 biela paleta zabezpe\u010d\u00ed ich jednotn\u00fd vzh\u013ead.[\/vc_column_text][vc_single_image image=&#8221;152578&#8243; img_size=&#8221;large&#8221; add_caption=&#8221;yes&#8221; alignment=&#8221;center&#8221; style=&#8221;vc_box_rounded&#8221; onclick=&#8221;custom_link&#8221; img_link_target=&#8221;_blank&#8221; link=&#8221;https:\/\/www.ikuchyne.sk\/eshop\/produkt\/konferencny-stolik-noble-62-cm-mramor-biely-strieborny\/&#8221;][vc_column_text]<\/p>\n<h4><span style=\"color: #e3245e;\"><b>2. Zmie\u0161ajte \u0161t\u00fdly<br \/>\n<\/b><\/span><\/h4>\n<p>Ak zaria\u010fujete biely interi\u00e9r v jednom \u0161t\u00fdle, m\u00f4\u017ee p\u00f4sobi\u0165 plocho a pr\u00edsne. Ak sa v\u0161ak budete dr\u017ea\u0165 jej odtie\u0148ov, bez n\u00e1mahy mie\u0161ajte r\u00f4zne obdobia \u2013 od s\u00fa\u010dasn\u00fdch k\u00faskov a\u017e po modern\u00e9 klasiky \u010di staro\u017eitnosti.<\/p>\n<p>V t\u00f3noch bielej farby m\u00f4\u017ee vynikn\u00fa\u0165 napr\u00edklad <strong>star\u00e9 hojdacie kreslo<\/strong> z polovice minul\u00e9ho storo\u010dia, <strong>s\u00fa\u010dasn\u00e9 biele z\u00e1vesn\u00e9 svietidlo a kovov\u00e9 stoli\u010dky<\/strong>. Poobzerajte sa po vybaven\u00ed odlo\u017eenom u babi\u010dky na povale a trochu ho upravte. Va\u0161a miestnos\u0165 tak nadobudne maxim\u00e1lne nad\u010dasov\u00fd vzh\u013ead s n\u00e1dychom hist\u00f3rie.[\/vc_column_text][vc_single_image image=&#8221;152579&#8243; img_size=&#8221;large&#8221; add_caption=&#8221;yes&#8221; alignment=&#8221;center&#8221; style=&#8221;vc_box_rounded&#8221; onclick=&#8221;custom_link&#8221; img_link_target=&#8221;_blank&#8221; link=&#8221;https:\/\/www.ikuchyne.sk\/eshop\/produkt\/zavesna-lampa-scandinavia-ii-biela-2\/&#8221;][vc_column_text]<\/p>\n<h4><span style=\"color: #e3245e;\"><b>3. Pou\u017eite drevo<\/b><\/span><\/h4>\n<p><span style=\"color: #000000;\"><span style=\"font-weight: 400;\">V tomto pr\u00edpade nemus\u00ed \u00eds\u0165 o nevyhnutne star\u00e9 k\u00fasky, ako sme to nazna\u010dili v predch\u00e1dzaj\u00facom tipe. Drevo ako pr\u00edrodn\u00fd materi\u00e1l dok\u00e1\u017ee bielu izbu v\u00fdborne doplni\u0165. Navy\u0161e okrem jeho estetickej a praktickej funkcie obsahuje aj nostalgiu \u2013 evokuje domov, detstvo, pr\u00e1zdniny u star\u00fdch rodi\u010dov, t\u00e1borov\u00fd ohe\u0148 \u010di oby\u010dajn\u00fd les. Je p\u00f4vodn\u00fdm dizajnov\u00fdm prvkom, ktor\u00fd sa z interi\u00e9ru nestratil ani po rokoch. Najlep\u0161ie bude v bielom priestore p\u00f4sobi\u0165 mas\u00edvny <strong>n\u00e1bytok<\/strong> (napr. st\u00f4l) <strong>z tmav\u00e9ho dreva<\/strong>, no vyu\u017ei\u0165 m\u00f4\u017eete aj <strong>dreven\u00e9 lampy s tienidlom<\/strong> \u010di \u010fal\u0161ie doplnky.<\/span><\/span>[\/vc_column_text][vc_single_image image=&#8221;152580&#8243; img_size=&#8221;large&#8221; add_caption=&#8221;yes&#8221; alignment=&#8221;center&#8221; style=&#8221;vc_box_rounded&#8221; onclick=&#8221;custom_link&#8221; img_link_target=&#8221;_blank&#8221; link=&#8221;https:\/\/www.ikuchyne.sk\/eshop\/produkt\/konferencny-stolik-goa-80cm-agat-prirodny\/&#8221;][vc_single_image image=&#8221;152581&#8243; img_size=&#8221;large&#8221; add_caption=&#8221;yes&#8221; alignment=&#8221;center&#8221; style=&#8221;vc_box_rounded&#8221; onclick=&#8221;custom_link&#8221; img_link_target=&#8221;_blank&#8221; link=&#8221;https:\/\/www.ikuchyne.sk\/eshop\/produkt\/stolova-lampa-organic-artwork-80cm-bezova\/&#8221;][vc_column_text]<\/p>\n<h4><span style=\"color: #e3245e;\"><b>4. Pridajte lesk<br \/>\n<\/b><\/span><\/h4>\n<p><span style=\"color: #000000;\"><span style=\"font-weight: 400;\">Ak chcete ma\u0165 bielu izbu skuto\u010dne \u017eiariv\u00fa a osl\u0148uj\u00facu, pom\u00f4\u017ete si pri jej dekorovan\u00ed <strong>doplnkami z kovu<\/strong>. Tie v tepl\u00fdch odtie\u0148och (me\u010f, bronz a zlato) svetlo zachytia, no namiesto toho, aby ho zbyto\u010dne pohltili, ho odrazia do miestnosti. Rovnak\u00fa slu\u017ebu vie spravi\u0165 aj <strong>zrkadlo<\/strong>. Umiest\u0148ujte ho oproti okn\u00e1m \u2013 sved\u010dia mu rohy \u010di m\u0155tve priestory. Spolo\u010dne s odrazen\u00fdm svetlom vytvor\u00ed pocit h\u013abky a novej perspekt\u00edvy, a tak izbu skvelo o\u017eiv\u00ed. <\/span><\/span>[\/vc_column_text][vc_single_image image=&#8221;152582&#8243; img_size=&#8221;large&#8221; add_caption=&#8221;yes&#8221; alignment=&#8221;center&#8221; style=&#8221;vc_box_rounded&#8221; onclick=&#8221;custom_link&#8221; img_link_target=&#8221;_blank&#8221; link=&#8221;https:\/\/www.ikuchyne.sk\/eshop\/produkt\/dekoracia-na-stenu-kotva-90cm-strieborna\/&#8221;][vc_single_image image=&#8221;152583&#8243; img_size=&#8221;large&#8221; add_caption=&#8221;yes&#8221; alignment=&#8221;center&#8221; style=&#8221;vc_box_rounded&#8221; onclick=&#8221;custom_link&#8221; img_link_target=&#8221;_blank&#8221; link=&#8221;https:\/\/www.ikuchyne.sk\/eshop\/produkt\/nastenne-zrkadlo-elegancia-100cm-oval-zlate\/&#8221;][vc_column_text]<\/p>\n<h4><span style=\"color: #e3245e;\"><b>5. Nevynechajte pr\u00edrodu &#8211; skuto\u010dn\u00fa aj ,,ako\u017ee&#8221;<br \/>\n<\/b><\/span><\/h4>\n<p>Pre izbov\u00e9 rastliny, mini bylinkov\u00e9 z\u00e1hradky \u010di sez\u00f3nne kvety neexistuje lep\u0161ie pozadie, na ktorom by vynikli. Ak va\u0161e doteraj\u0161ie pokusy o pestovanie \u010dohoko\u013evek zlyhali, vysk\u00fa\u0161ajte nie\u010do menej n\u00e1ro\u010dn\u00e9, a to <strong>doplnky s pr\u00edrodn\u00fdmi vzormi<\/strong>.<\/p>\n<p>M\u00f4\u017ee \u00eds\u0165 o vank\u00fa\u0161e, poste\u013en\u00fa bielize\u0148 a \u010fal\u0161\u00ed <strong>textil zdoben\u00fd listami papradia<\/strong> \u010di kvetmi alebo <strong>o obrazy so sc\u00e9nami z africkej d\u017eungle<\/strong>. Ekologicky zalo\u017een\u00ed \u013eudia sa m\u00f4\u017eu rozhodn\u00fa\u0165 pre umenie z machu alebo rast\u00faci trend su\u0161en\u00fdch kvetov pripom\u00ednaj\u00faci starom\u00f3dne aran\u017em\u00e1ny z minul\u00fdch \u010dias.[\/vc_column_text][vc_single_image image=&#8221;152584&#8243; img_size=&#8221;large&#8221; add_caption=&#8221;yes&#8221; alignment=&#8221;center&#8221; style=&#8221;vc_box_rounded&#8221; onclick=&#8221;custom_link&#8221; img_link_target=&#8221;_blank&#8221; link=&#8221;https:\/\/www.ikuchyne.sk\/eshop\/produkt\/tmavomodry-zamatovy-vankusik-so-zlatou-potlacou-paprad\/&#8221;][vc_column_text]<\/p>\n<h4><span style=\"color: #e3245e;\"><b>6. Vyu\u017eite geometrick\u00e9 tvary<br \/>\n<\/b><\/span><\/h4>\n<p>Okrem preveden\u00fdch povrchov\u00fdch \u00faprav a zv\u00e1\u017eenia materi\u00e1lov a text\u00far, myslite pri zaria\u010fovan\u00ed bielej izby aj na pou\u017eitie r\u00f4znych tvarov n\u00e1bytku a doplnkov. Mie\u0161ajte <strong>kruhy, \u0161tvorce, obd\u013a\u017eniky, trojuholn\u00edky, \u0161es\u0165uholn\u00edky, ov\u00e1ly<\/strong> a vytvorte <strong>umeleck\u00fa kvalitu<\/strong>. Pam\u00e4tajte si, \u017ee biela izba je v podstate maliarskym pl\u00e1tnom, a je na v\u00e1s, ako sa s t\u00fdm popasujete.[\/vc_column_text][vc_column_text]<\/p>\n<h4><span style=\"color: #e3245e;\"><b>7. Biely interi\u00e9r sa neboj\u00ed farebnosti<br \/>\n<\/b><\/span><\/h4>\n<p>Nako\u013eko je biela spojen\u00edm v\u0161etk\u00fdch farieb \u2013 najviac vynikne pr\u00e1ve v kombin\u00e1cii s nimi. Ktor\u00e9 odtiene je potrebn\u00e9 zv\u00e1\u017ei\u0165?[\/vc_column_text][vc_column_text]T\u00f3ny <strong>modrej farby<\/strong> (od az\u00farovej a\u017e po tmavomodr\u00fa) v\u00e1m navodia pocit dovolenky pri mori. Hodia sa najm\u00e4 do sp\u00e1lne.[\/vc_column_text][vc_single_image image=&#8221;152590&#8243; img_size=&#8221;large&#8221; add_caption=&#8221;yes&#8221; alignment=&#8221;center&#8221; style=&#8221;vc_box_rounded&#8221; onclick=&#8221;custom_link&#8221; img_link_target=&#8221;_blank&#8221; link=&#8221;https:\/\/www.ikuchyne.sk\/eshop\/produkt\/modra-rozkladacia-pohovka-divani\/&#8221;][vc_column_text]\u017diariv\u00e9 <strong>odtiene citrusov\u00fdch plodov<\/strong> zv\u00fdraznia jas bielej a vytvoria vesel\u00fa slne\u010dn\u00fa izbu.<\/p>\n<p>Kombinovanie<strong> bielej a \u010diernej<\/strong> zas zabezpe\u010d\u00ed vysoko kontrastn\u00fd vzh\u013ead. Pre dramatick\u00fd efekt zvo\u013ete jeden v\u00fdrazn\u00fd \u010dierny kus n\u00e1bytku alebo sa rozhodnite pre men\u0161ie akcenty vo forme \u010diernych priemyseln\u00fdch svietidiel alebo vzorovan\u00fdch dla\u017ed\u00edc. Ak je pre v\u00e1s \u010diernej v interi\u00e9ri ve\u013ea, nahra\u010fte ju <strong>tmavo \u0161edou<\/strong>. Bude p\u00f4sobi\u0165 m\u00e4k\u0161ie.[\/vc_column_text][vc_single_image image=&#8221;152585&#8243; img_size=&#8221;large&#8221; add_caption=&#8221;yes&#8221; alignment=&#8221;center&#8221; style=&#8221;vc_box_rounded&#8221; onclick=&#8221;custom_link&#8221; img_link_target=&#8221;_blank&#8221; link=&#8221;https:\/\/www.ikuchyne.sk\/eshop\/produkt\/zavesna-lampa-barracuda-73cm-recyklat\/&#8221;][\/vc_column][\/vc_row][vc_row][vc_column][vc_column_text]<\/p>\n<h2><span style=\"color: #e3245e;\"><b>Uter\u00e1ky a z\u00e1kladn\u00e9 toaletn\u00e9 potreby<\/b><\/span><\/h2>\n<p><span style=\"font-weight: 400; color: #000000;\">V\u00e4\u010d\u0161ina \u013eud\u00ed si prin\u00e1\u0161a svoje vlastn\u00e9 veci, ale ob\u010das na nie\u010do zabudn\u00fa. <strong>Myslite aj na z\u00e1kladn\u00e9 hygienick\u00e9 potreby v podobe \u0161amp\u00f3nu, sprchovacieho g\u00e9lu \u010di zubnej pasty.<\/strong> Rovnako by mali by\u0165 uter\u00e1ky pripraven\u00e9 v k\u00fape\u013eni. Ak je k\u00fape\u013e\u0148a spolo\u010dn\u00e1, je dobr\u00e9 da\u0165 uter\u00e1ky priamo do hos\u0165ovskej izby, aby sa predi\u0161lo nejasnostiam v bud\u00facnosti.\u00a0<\/span>[\/vc_column_text][vc_single_image image=&#8221;123328&#8243; img_size=&#8221;large&#8221; add_caption=&#8221;yes&#8221; alignment=&#8221;center&#8221; style=&#8221;vc_box_rounded&#8221; onclick=&#8221;custom_link&#8221; img_link_target=&#8221;_blank&#8221; link=&#8221;https:\/\/ikuchyne.sk\/eshop\/produkt\/postel-alice-svetlozelena\/&#8221;][vc_message icon_fontawesome=&#8221;fa fa-lightbulb-o&#8221;]<b>TIP NA Z\u00c1VER: <\/b>Pozrite si n\u00e1\u0161 <a href=\"https:\/\/ikuchyne.sk\/eshop\/\">e-shop<\/a>, v ktorom n\u00e1jdete v\u0161etko potrebn\u00e9 na zariadenie dokonalej hos\u0165ovskej izby. Sta\u010d\u00ed si vybra\u0165 z ve\u013ek\u00e9ho mno\u017estva produktov tie ide\u00e1lne pre v\u00e1\u0161 domov.[\/vc_message][\/vc_column][\/vc_row]<\/p>\n","protected":false},"excerpt":{"rendered":"<p>[vc_row][vc_column][vc_column_text]Hoci sa trendy v b\u00fdvan\u00ed menia ka\u017ed\u00fdm rokom \u2013 jeden z nich bude v m\u00f3de nav\u017edy. Klasick\u00fd a nad\u010dasov\u00fd biely interi\u00e9r. U\u017e ste videli niekedy bielu izbu, ktor\u00e1 by sa<\/p>\n","protected":false},"author":563,"featured_media":152588,"comment_status":"closed","ping_status":"open","sticky":false,"template":"","format":"standard","meta":{"footnotes":""},"categories":[1008,1009,1129],"tags":[],"yoast_head":"<!-- This site is optimized with the Yoast SEO plugin v22.1 - https:\/\/yoast.com\/wordpress\/plugins\/seo\/ -->\n<title>7 r\u00e1d ako dekorova\u0165 biely interi\u00e9r &#187; iKuchyne iSHOP s n\u00e1bytkom<\/title>\n<meta name=\"description\" content=\"Klasick\u00fd a nad\u010dasov\u00fd biely interi\u00e9r. U\u017e ste videli niekedy bielu izbu, ktor\u00e1 by sa v\u00e1m nep\u00e1\u010dila? Biela bude v\u017edy vyzera\u0165 moderne a \u0161t\u00fdlovo.\" \/>\n<meta name=\"robots\" content=\"index, follow, max-snippet:-1, max-image-preview:large, max-video-preview:-1\" \/>\n<link rel=\"canonical\" href=\"https:\/\/www.ikuchyne.sk\/eshop\/7-rad-ako-dekorovat-biely-interier\/\" \/>\n<meta property=\"og:locale\" content=\"sk_SK\" \/>\n<meta property=\"og:type\" content=\"article\" \/>\n<meta property=\"og:title\" content=\"7 r\u00e1d ako dekorova\u0165 biely interi\u00e9r &#187; iKuchyne iSHOP s n\u00e1bytkom\" \/>\n<meta property=\"og:description\" content=\"Klasick\u00fd a nad\u010dasov\u00fd biely interi\u00e9r. U\u017e ste videli niekedy bielu izbu, ktor\u00e1 by sa v\u00e1m nep\u00e1\u010dila? Biela bude v\u017edy vyzera\u0165 moderne a \u0161t\u00fdlovo.\" \/>\n<meta property=\"og:url\" content=\"https:\/\/www.ikuchyne.sk\/eshop\/7-rad-ako-dekorovat-biely-interier\/\" \/>\n<meta property=\"og:site_name\" content=\"iKuchyne iSHOP s n\u00e1bytkom\" \/>\n<meta property=\"article:publisher\" content=\"https:\/\/www.facebook.com\/ikuchyne\/\" \/>\n<meta property=\"article:published_time\" content=\"2021-05-24T09:00:25+00:00\" \/>\n<meta property=\"article:modified_time\" content=\"2021-05-23T16:01:13+00:00\" \/>\n<meta property=\"og:image\" content=\"https:\/\/www.ikuchyne.sk\/eshop\/wp-content\/uploads\/2021\/05\/14-1.jpg\" \/>\n\t<meta property=\"og:image:width\" content=\"800\" \/>\n\t<meta property=\"og:image:height\" content=\"600\" \/>\n\t<meta property=\"og:image:type\" content=\"image\/jpeg\" \/>\n<meta name=\"author\" content=\"Nat\u00e1lia Turcovsk\u00e1\" \/>\n<meta name=\"twitter:card\" content=\"summary_large_image\" \/>\n<meta name=\"twitter:label1\" content=\"Autor\" \/>\n\t<meta name=\"twitter:data1\" content=\"Nat\u00e1lia Turcovsk\u00e1\" \/>\n\t<meta name=\"twitter:label2\" content=\"Predpokladan\u00fd \u010das \u010d\u00edtania\" \/>\n\t<meta name=\"twitter:data2\" content=\"5 min\u00fat\" \/>\n<script type=\"application\/ld+json\" class=\"yoast-schema-graph\">{\"@context\":\"https:\/\/schema.org\",\"@graph\":[{\"@type\":\"Article\",\"@id\":\"https:\/\/www.ikuchyne.sk\/eshop\/7-rad-ako-dekorovat-biely-interier\/#article\",\"isPartOf\":{\"@id\":\"https:\/\/www.ikuchyne.sk\/eshop\/7-rad-ako-dekorovat-biely-interier\/\"},\"author\":{\"name\":\"Nat\u00e1lia Turcovsk\u00e1\",\"@id\":\"https:\/\/www.ikuchyne.sk\/eshop\/#\/schema\/person\/e8664b1235509dd37b8daafa688d7679\"},\"headline\":\"7 r\u00e1d ako dekorova\u0165 biely interi\u00e9r\",\"datePublished\":\"2021-05-24T09:00:25+00:00\",\"dateModified\":\"2021-05-23T16:01:13+00:00\",\"mainEntityOfPage\":{\"@id\":\"https:\/\/www.ikuchyne.sk\/eshop\/7-rad-ako-dekorovat-biely-interier\/\"},\"wordCount\":1672,\"publisher\":{\"@id\":\"https:\/\/www.ikuchyne.sk\/eshop\/#organization\"},\"articleSection\":[\"IN\u0160PIR\u00c1CIE\",\"PORAD\u0147A\",\"Produkty v realiz\u00e1ciach\"],\"inLanguage\":\"sk-SK\"},{\"@type\":\"WebPage\",\"@id\":\"https:\/\/www.ikuchyne.sk\/eshop\/7-rad-ako-dekorovat-biely-interier\/\",\"url\":\"https:\/\/www.ikuchyne.sk\/eshop\/7-rad-ako-dekorovat-biely-interier\/\",\"name\":\"7 r\u00e1d ako dekorova\u0165 biely interi\u00e9r &#187; iKuchyne iSHOP s n\u00e1bytkom\",\"isPartOf\":{\"@id\":\"https:\/\/www.ikuchyne.sk\/eshop\/#website\"},\"datePublished\":\"2021-05-24T09:00:25+00:00\",\"dateModified\":\"2021-05-23T16:01:13+00:00\",\"description\":\"Klasick\u00fd a nad\u010dasov\u00fd biely interi\u00e9r. U\u017e ste videli niekedy bielu izbu, ktor\u00e1 by sa v\u00e1m nep\u00e1\u010dila? Biela bude v\u017edy vyzera\u0165 moderne a \u0161t\u00fdlovo.\",\"breadcrumb\":{\"@id\":\"https:\/\/www.ikuchyne.sk\/eshop\/7-rad-ako-dekorovat-biely-interier\/#breadcrumb\"},\"inLanguage\":\"sk-SK\",\"potentialAction\":[{\"@type\":\"ReadAction\",\"target\":[\"https:\/\/www.ikuchyne.sk\/eshop\/7-rad-ako-dekorovat-biely-interier\/\"]}]},{\"@type\":\"BreadcrumbList\",\"@id\":\"https:\/\/www.ikuchyne.sk\/eshop\/7-rad-ako-dekorovat-biely-interier\/#breadcrumb\",\"itemListElement\":[{\"@type\":\"ListItem\",\"position\":1,\"name\":\"Home\",\"item\":\"https:\/\/www.ikuchyne.sk\/eshop\/\"},{\"@type\":\"ListItem\",\"position\":2,\"name\":\"7 r\u00e1d ako dekorova\u0165 biely interi\u00e9r\"}]},{\"@type\":\"WebSite\",\"@id\":\"https:\/\/www.ikuchyne.sk\/eshop\/#website\",\"url\":\"https:\/\/www.ikuchyne.sk\/eshop\/\",\"name\":\"iKuchyne iSHOP s n\u00e1bytkom\",\"description\":\"Jed\u00e1lensk\u00e9 stoly, stoli\u010dky, n\u00e1bytok, svietidl\u00e1...\",\"publisher\":{\"@id\":\"https:\/\/www.ikuchyne.sk\/eshop\/#organization\"},\"potentialAction\":[{\"@type\":\"SearchAction\",\"target\":{\"@type\":\"EntryPoint\",\"urlTemplate\":\"https:\/\/www.ikuchyne.sk\/eshop\/?s={search_term_string}\"},\"query-input\":\"required name=search_term_string\"}],\"inLanguage\":\"sk-SK\"},{\"@type\":\"Organization\",\"@id\":\"https:\/\/www.ikuchyne.sk\/eshop\/#organization\",\"name\":\"ikuchyne!\",\"url\":\"https:\/\/www.ikuchyne.sk\/eshop\/\",\"logo\":{\"@type\":\"ImageObject\",\"inLanguage\":\"sk-SK\",\"@id\":\"https:\/\/www.ikuchyne.sk\/eshop\/#\/schema\/logo\/image\/\",\"url\":\"https:\/\/www.ikuchyne.sk\/eshop\/wp-content\/uploads\/2017\/04\/ikuchyne-logo.jpg\",\"contentUrl\":\"https:\/\/www.ikuchyne.sk\/eshop\/wp-content\/uploads\/2017\/04\/ikuchyne-logo.jpg\",\"width\":200,\"height\":48,\"caption\":\"ikuchyne!\"},\"image\":{\"@id\":\"https:\/\/www.ikuchyne.sk\/eshop\/#\/schema\/logo\/image\/\"},\"sameAs\":[\"https:\/\/www.facebook.com\/ikuchyne\/\",\"https:\/\/www.instagram.com\/ikuchyne.sk\/\",\"https:\/\/sk.pinterest.com\/ikuchynesk\/\"]},{\"@type\":\"Person\",\"@id\":\"https:\/\/www.ikuchyne.sk\/eshop\/#\/schema\/person\/e8664b1235509dd37b8daafa688d7679\",\"name\":\"Nat\u00e1lia Turcovsk\u00e1\",\"image\":{\"@type\":\"ImageObject\",\"inLanguage\":\"sk-SK\",\"@id\":\"https:\/\/www.ikuchyne.sk\/eshop\/#\/schema\/person\/image\/\",\"url\":\"https:\/\/secure.gravatar.com\/avatar\/91b21b1a8821459a69190b70a6110ba4?s=96&d=wp_user_avatar&r=g\",\"contentUrl\":\"https:\/\/secure.gravatar.com\/avatar\/91b21b1a8821459a69190b70a6110ba4?s=96&d=wp_user_avatar&r=g\",\"caption\":\"Nat\u00e1lia Turcovsk\u00e1\"},\"description\":\"Nat\u00e1lia je absolventka medi\u00e1lnych \u0161t\u00fadi\u00ed na Pre\u0161ovskej univerzite v Pre\u0161ove. P\u00edsaniu sa venuje u\u017e od strednej \u0161koly. Vo vo\u013enom \u010dase najrad\u0161ej sadne do kresla a \u010d\u00edta knihy. Ob\u013eubuje zelen\u00fd \u010daj a pohodlie domova.\",\"url\":\"https:\/\/www.ikuchyne.sk\/eshop\/author\/natalia-turcovska\/\"}]}<\/script>\n<!-- \/ Yoast SEO plugin. -->","yoast_head_json":{"title":"7 r\u00e1d ako dekorova\u0165 biely interi\u00e9r &#187; iKuchyne iSHOP s n\u00e1bytkom","description":"Klasick\u00fd a nad\u010dasov\u00fd biely interi\u00e9r. U\u017e ste videli niekedy bielu izbu, ktor\u00e1 by sa v\u00e1m nep\u00e1\u010dila? Biela bude v\u017edy vyzera\u0165 moderne a \u0161t\u00fdlovo.","robots":{"index":"index","follow":"follow","max-snippet":"max-snippet:-1","max-image-preview":"max-image-preview:large","max-video-preview":"max-video-preview:-1"},"canonical":"https:\/\/www.ikuchyne.sk\/eshop\/7-rad-ako-dekorovat-biely-interier\/","og_locale":"sk_SK","og_type":"article","og_title":"7 r\u00e1d ako dekorova\u0165 biely interi\u00e9r &#187; iKuchyne iSHOP s n\u00e1bytkom","og_description":"Klasick\u00fd a nad\u010dasov\u00fd biely interi\u00e9r. U\u017e ste videli niekedy bielu izbu, ktor\u00e1 by sa v\u00e1m nep\u00e1\u010dila? Biela bude v\u017edy vyzera\u0165 moderne a \u0161t\u00fdlovo.","og_url":"https:\/\/www.ikuchyne.sk\/eshop\/7-rad-ako-dekorovat-biely-interier\/","og_site_name":"iKuchyne iSHOP s n\u00e1bytkom","article_publisher":"https:\/\/www.facebook.com\/ikuchyne\/","article_published_time":"2021-05-24T09:00:25+00:00","article_modified_time":"2021-05-23T16:01:13+00:00","og_image":[{"width":800,"height":600,"url":"https:\/\/www.ikuchyne.sk\/eshop\/wp-content\/uploads\/2021\/05\/14-1.jpg","type":"image\/jpeg"}],"author":"Nat\u00e1lia Turcovsk\u00e1","twitter_card":"summary_large_image","twitter_misc":{"Autor":"Nat\u00e1lia Turcovsk\u00e1","Predpokladan\u00fd \u010das \u010d\u00edtania":"5 min\u00fat"},"schema":{"@context":"https:\/\/schema.org","@graph":[{"@type":"Article","@id":"https:\/\/www.ikuchyne.sk\/eshop\/7-rad-ako-dekorovat-biely-interier\/#article","isPartOf":{"@id":"https:\/\/www.ikuchyne.sk\/eshop\/7-rad-ako-dekorovat-biely-interier\/"},"author":{"name":"Nat\u00e1lia Turcovsk\u00e1","@id":"https:\/\/www.ikuchyne.sk\/eshop\/#\/schema\/person\/e8664b1235509dd37b8daafa688d7679"},"headline":"7 r\u00e1d ako dekorova\u0165 biely interi\u00e9r","datePublished":"2021-05-24T09:00:25+00:00","dateModified":"2021-05-23T16:01:13+00:00","mainEntityOfPage":{"@id":"https:\/\/www.ikuchyne.sk\/eshop\/7-rad-ako-dekorovat-biely-interier\/"},"wordCount":1672,"publisher":{"@id":"https:\/\/www.ikuchyne.sk\/eshop\/#organization"},"articleSection":["IN\u0160PIR\u00c1CIE","PORAD\u0147A","Produkty v realiz\u00e1ciach"],"inLanguage":"sk-SK"},{"@type":"WebPage","@id":"https:\/\/www.ikuchyne.sk\/eshop\/7-rad-ako-dekorovat-biely-interier\/","url":"https:\/\/www.ikuchyne.sk\/eshop\/7-rad-ako-dekorovat-biely-interier\/","name":"7 r\u00e1d ako dekorova\u0165 biely interi\u00e9r &#187; iKuchyne iSHOP s n\u00e1bytkom","isPartOf":{"@id":"https:\/\/www.ikuchyne.sk\/eshop\/#website"},"datePublished":"2021-05-24T09:00:25+00:00","dateModified":"2021-05-23T16:01:13+00:00","description":"Klasick\u00fd a nad\u010dasov\u00fd biely interi\u00e9r. U\u017e ste videli niekedy bielu izbu, ktor\u00e1 by sa v\u00e1m nep\u00e1\u010dila? Biela bude v\u017edy vyzera\u0165 moderne a \u0161t\u00fdlovo.","breadcrumb":{"@id":"https:\/\/www.ikuchyne.sk\/eshop\/7-rad-ako-dekorovat-biely-interier\/#breadcrumb"},"inLanguage":"sk-SK","potentialAction":[{"@type":"ReadAction","target":["https:\/\/www.ikuchyne.sk\/eshop\/7-rad-ako-dekorovat-biely-interier\/"]}]},{"@type":"BreadcrumbList","@id":"https:\/\/www.ikuchyne.sk\/eshop\/7-rad-ako-dekorovat-biely-interier\/#breadcrumb","itemListElement":[{"@type":"ListItem","position":1,"name":"Home","item":"https:\/\/www.ikuchyne.sk\/eshop\/"},{"@type":"ListItem","position":2,"name":"7 r\u00e1d ako dekorova\u0165 biely interi\u00e9r"}]},{"@type":"WebSite","@id":"https:\/\/www.ikuchyne.sk\/eshop\/#website","url":"https:\/\/www.ikuchyne.sk\/eshop\/","name":"iKuchyne iSHOP s n\u00e1bytkom","description":"Jed\u00e1lensk\u00e9 stoly, stoli\u010dky, n\u00e1bytok, svietidl\u00e1...","publisher":{"@id":"https:\/\/www.ikuchyne.sk\/eshop\/#organization"},"potentialAction":[{"@type":"SearchAction","target":{"@type":"EntryPoint","urlTemplate":"https:\/\/www.ikuchyne.sk\/eshop\/?s={search_term_string}"},"query-input":"required name=search_term_string"}],"inLanguage":"sk-SK"},{"@type":"Organization","@id":"https:\/\/www.ikuchyne.sk\/eshop\/#organization","name":"ikuchyne!","url":"https:\/\/www.ikuchyne.sk\/eshop\/","logo":{"@type":"ImageObject","inLanguage":"sk-SK","@id":"https:\/\/www.ikuchyne.sk\/eshop\/#\/schema\/logo\/image\/","url":"https:\/\/www.ikuchyne.sk\/eshop\/wp-content\/uploads\/2017\/04\/ikuchyne-logo.jpg","contentUrl":"https:\/\/www.ikuchyne.sk\/eshop\/wp-content\/uploads\/2017\/04\/ikuchyne-logo.jpg","width":200,"height":48,"caption":"ikuchyne!"},"image":{"@id":"https:\/\/www.ikuchyne.sk\/eshop\/#\/schema\/logo\/image\/"},"sameAs":["https:\/\/www.facebook.com\/ikuchyne\/","https:\/\/www.instagram.com\/ikuchyne.sk\/","https:\/\/sk.pinterest.com\/ikuchynesk\/"]},{"@type":"Person","@id":"https:\/\/www.ikuchyne.sk\/eshop\/#\/schema\/person\/e8664b1235509dd37b8daafa688d7679","name":"Nat\u00e1lia Turcovsk\u00e1","image":{"@type":"ImageObject","inLanguage":"sk-SK","@id":"https:\/\/www.ikuchyne.sk\/eshop\/#\/schema\/person\/image\/","url":"https:\/\/secure.gravatar.com\/avatar\/91b21b1a8821459a69190b70a6110ba4?s=96&d=wp_user_avatar&r=g","contentUrl":"https:\/\/secure.gravatar.com\/avatar\/91b21b1a8821459a69190b70a6110ba4?s=96&d=wp_user_avatar&r=g","caption":"Nat\u00e1lia Turcovsk\u00e1"},"description":"Nat\u00e1lia je absolventka medi\u00e1lnych \u0161t\u00fadi\u00ed na Pre\u0161ovskej univerzite v Pre\u0161ove. P\u00edsaniu sa venuje u\u017e od strednej \u0161koly. Vo vo\u013enom \u010dase najrad\u0161ej sadne do kresla a \u010d\u00edta knihy. Ob\u013eubuje zelen\u00fd \u010daj a pohodlie domova.","url":"https:\/\/www.ikuchyne.sk\/eshop\/author\/natalia-turcovska\/"}]}},"_links":{"self":[{"href":"https:\/\/www.ikuchyne.sk\/eshop\/wp-json\/wp\/v2\/posts\/152576"}],"collection":[{"href":"https:\/\/www.ikuchyne.sk\/eshop\/wp-json\/wp\/v2\/posts"}],"about":[{"href":"https:\/\/www.ikuchyne.sk\/eshop\/wp-json\/wp\/v2\/types\/post"}],"author":[{"embeddable":true,"href":"https:\/\/www.ikuchyne.sk\/eshop\/wp-json\/wp\/v2\/users\/563"}],"replies":[{"embeddable":true,"href":"https:\/\/www.ikuchyne.sk\/eshop\/wp-json\/wp\/v2\/comments?post=152576"}],"version-history":[{"count":3,"href":"https:\/\/www.ikuchyne.sk\/eshop\/wp-json\/wp\/v2\/posts\/152576\/revisions"}],"predecessor-version":[{"id":152593,"href":"https:\/\/www.ikuchyne.sk\/eshop\/wp-json\/wp\/v2\/posts\/152576\/revisions\/152593"}],"wp:featuredmedia":[{"embeddable":true,"href":"https:\/\/www.ikuchyne.sk\/eshop\/wp-json\/wp\/v2\/media\/152588"}],"wp:attachment":[{"href":"https:\/\/www.ikuchyne.sk\/eshop\/wp-json\/wp\/v2\/media?parent=152576"}],"wp:term":[{"taxonomy":"category","embeddable":true,"href":"https:\/\/www.ikuchyne.sk\/eshop\/wp-json\/wp\/v2\/categories?post=152576"},{"taxonomy":"post_tag","embeddable":true,"href":"https:\/\/www.ikuchyne.sk\/eshop\/wp-json\/wp\/v2\/tags?post=152576"}],"curies":[{"name":"wp","href":"https:\/\/api.w.org\/{rel}","templated":true}]}}